{"id":95896,"date":"2024-08-27T16:36:55","date_gmt":"2024-08-27T13:36:55","guid":{"rendered":"https:\/\/buletin.de\/bucuresti\/?p=95896"},"modified":"2024-08-28T09:37:46","modified_gmt":"2024-08-28T06:37:46","slug":"mama-strivita-in-parcare-de-masina-care-ar-fi-fost-manevrata-de-copilul-ei-de-6-ani-expert-copilul-si-masina-nu-sunt-din-acelasi-film","status":"publish","type":"post","link":"https:\/\/buletin.de\/bucuresti\/mama-strivita-in-parcare-de-masina-care-ar-fi-fost-manevrata-de-copilul-ei-de-6-ani-expert-copilul-si-masina-nu-sunt-din-acelasi-film\/","title":{"rendered":"Mam\u0103 strivit\u0103 \u00een parcare de ma\u015fina care ar fi fost manevrat\u0103 de copilul ei de 6 ani. Expert: \u201eCopilul \u0219i ma\u0219ina nu sunt din acela\u0219i film\u201d"},"content":{"rendered":"\n<p><strong>O mam\u0103 a fost strivit\u0103 de propria ei ma\u0219in\u0103, care ar fi fost manevrat\u0103 de copilul ei de \u015fase ani. Accidentul a avut loc \u00een Sectorul 3 al Capitalei, ast\u0103zi, 27 august, \u00een jurul orei 13:00, \u00een parcarea Ikea de pe Bulevardul Theodor Pallady.<\/strong><\/p>\n\n\n\n<p>Brigada Rutier\u0103 a fost alertat\u0103 printr-un apel la 112 cu privire la un accident rutier petrecut \u00een parcarea Ikea de pe Bulevardul Theodor Pallady, din Sectorul 3.<\/p>\n\n\n\n<p>Femeia de 41 de ani a fost grav accidentat\u0103 de propria ma\u0219in\u0103 \u00een timp ce \u00ee\u0219i \u00eenc\u0103rca cump\u0103r\u0103turile \u00een portbagaj, conform Brig\u0103zii Rutiere.<\/p>\n\n\n\n<p>Un martor <a href=\"https:\/\/www.facebook.com\/groups\/InfoTraficBucuresti?locale=ro_RO\">a relatat pe Facebook<\/a> c\u0103 ma\u0219ina, care era sta\u021bionat\u0103 cu motorul pornit, a fost pus\u0103 accidental \u00een mar\u0219arier de c\u0103tre unul dintre cei doi copii minori afla\u021bi \u00een vehicul, cu v\u00e2rste de 2 \u0219i 6 ani.<\/p>\n\n\n\n<p>Femeia ar fi fost prins\u0103 sub autovehicul \u0219i t\u00e2r\u00e2t\u0103 c\u00e2\u021biva metri.<\/p>\n\n\n\n<p>Victima a fost preluat\u0103 con\u0219tient\u0103 de c\u0103tre echipajul SMURD, dar a suferit r\u0103ni serioase \u0219i a fost transportat\u0103 la spital pentru \u00eengrijiri medicale, mai spune martorul.<\/p>\n\n\n\n<p>Poli\u021bia continu\u0103 cercet\u0103rile pentru a stabili cu exactitate cauzele producerii accidentului.<\/p>\n\n\n\n<figure class=\"wp-block-image size-large\"><a href=\"https:\/\/buletin.de\/bucuresti\/wp-content\/uploads\/accident-palady-1.jpeg\"><img fetchpriority=\"high\" decoding=\"async\" width=\"900\" height=\"676\" src=\"data:image\/gif;base64,R0lGODlhAQABAAAAACH5BAEKAAEALAAAAAABAAEAAAICTAEAOw==\" data-src=\"https:\/\/buletin.de\/bucuresti\/wp-content\/uploads\/accident-palady-1-900x676.jpeg\" alt=\"mam\u0103 strivit\u0103\" class=\"wp-image-95898 lazyload\" data-sizes=\"auto\" data-srcset=\"https:\/\/buletin.de\/bucuresti\/wp-content\/uploads\/accident-palady-1-900x676.jpeg 900w, https:\/\/buletin.de\/bucuresti\/wp-content\/uploads\/accident-palady-1-300x225.jpeg 300w, https:\/\/buletin.de\/bucuresti\/wp-content\/uploads\/accident-palady-1-768x577.jpeg 768w, https:\/\/buletin.de\/bucuresti\/wp-content\/uploads\/accident-palady-1-1100x826.jpeg 1100w, https:\/\/buletin.de\/bucuresti\/wp-content\/uploads\/accident-palady-1-600x451.jpeg 600w, https:\/\/buletin.de\/bucuresti\/wp-content\/uploads\/accident-palady-1-20x15.jpeg 20w, https:\/\/buletin.de\/bucuresti\/wp-content\/uploads\/accident-palady-1.jpeg 1170w\" sizes=\"(max-width: 900px) 100vw, 900px\" \/><\/a><figcaption class=\"wp-element-caption\">FOTO: Facebook \/ Info Trafic Bucuresti si Ilfov<\/figcaption><\/figure>\n\n\n\n<p>CITE\u0218TE \u0218I: <a href=\"https:\/\/buletin.de\/bucuresti\/incident-in-pasajul-unirii-trafic-ingreunat-soferul-unei-autoutilitare-a-daramat-un-ventilator-de-mari-dimensiuni\/\"><strong>Incident \u00een Pasajul Unirii, trafic \u00eengreunat. \u015eoferul unei autoutilitare a d\u0103r\u00e2mat un ventilator de mari dimensiuni<\/strong><\/a><\/p>\n\n\n\n<h2 class=\"wp-block-heading\" id=\"h-mama-strivita-de-copilul-ei-minor-expert-copilul-\u0219i-ma\u0219ina-nu-sunt-din-acela\u0219i-film\">Mam\u0103 strivit\u0103 de copilul ei minor. Expert: <strong>\u201eCopilul \u0219i ma\u0219ina nu sunt din acela\u0219i film\u201d<\/strong><\/h2>\n\n\n\n<p>Expertul \u00een siguran\u021b\u0103 auto, Emil G\u00e2tej, spune c\u0103 este important s\u0103 nu l\u0103s\u0103m niciodat\u0103 ma\u0219ina pornit\u0103 dac\u0103 \u00een interior se afl\u0103 copii f\u0103r\u0103 supraveghere.<\/p>\n\n\n\n<blockquote class=\"wp-block-quote is-layout-flow wp-block-quote-is-layout-flow\">\n<p class=\"has-medium-font-size\"><strong>\u00cen principiu, ma\u0219ina trebuie s\u0103 stea oprit\u0103, \u00een vitez\u0103 \u0219i cu fr\u00e2na de m\u00e2na tras\u0103.<\/strong><\/p>\n<cite>Emil G\u00e2tej, expert \u00een siguran\u021b\u0103 auto<\/cite><\/blockquote>\n\n\n\n<p>De asemenea, l\u0103sarea ma\u0219inii pornit\u0103 cu copii \u00een\u0103untrul ei poate duce la alte incidente grave.<\/p>\n\n\n\n<p>Eventuale defec\u021biuni tehnice pot provoca acumularea de gaze toxice \u00een interior, iar expunerea prelungit\u0103 la temperaturi ridicate poate duce la supra\u00eenc\u0103lzirea vehiculului, cu riscuri grave pentru copii, dac\u0103 ace\u0219tia sunt uita\u021bi \u00een\u0103untru.<\/p>\n\n\n\n<p>Expertul men\u021bioneaz\u0103 c\u0103, \u00een cazul \u00een care un copil reu\u0219e\u0219te s\u0103 pun\u0103 ma\u0219ina \u00een mi\u0219care, este extrem de dificil s\u0103 opre\u0219ti vehiculul din afara lui.<\/p>\n\n\n\n<p>\u201ePe c\u00e2t posibil trebuie&nbsp;p\u0103truns \u00een interiorul ma\u0219inii \u0219i oprit\u0103.&nbsp;Din afar\u0103&nbsp;mare lucru nu prea putem s\u0103 facem\u201d, explic\u0103 specialistul.<\/p>\n\n\n\n<p>El subliniaz\u0103 c\u0103, de\u0219i astfel de incidente sunt rare, ele pot avea consecin\u021be grave atunci c\u00e2nd se \u00eent\u00e2mpl\u0103.<\/p>\n\n\n\n<p>\u201eStatisticile arat\u0103 c\u0103 ele sunt foarte rare, dar \u0219i c\u00e2nd se \u00eent\u00e2mpl\u0103, de obicei se \u00eent\u00e2mpl\u0103 nenorociri mari de tot\u201d, a concluzionat G\u00e2tej.<\/p>\n","protected":false},"excerpt":{"rendered":"<p>O mam\u0103 a fost strivit\u0103 de propria ei ma\u0219in\u0103, care ar fi fost manevrat\u0103 de copilul ei de \u015fase ani. Accidentul a avut loc \u00een Sectorul 3 al Capitalei, ast\u0103zi, 27 august, \u00een jurul orei 13:00, \u00een parcarea Ikea de pe Bulevardul Theodor Pallady. Brigada Rutier\u0103 a fost alertat\u0103 printr-un apel la 112 cu privire [&hellip;]<\/p>\n","protected":false},"author":59,"featured_media":95897,"comment_status":"closed","ping_status":"open","sticky":false,"template":"","format":"standard","meta":{"_acf_changed":false,"inline_featured_image":false,"ngg_post_thumbnail":0,"footnotes":""},"categories":[6994,9026,62],"tags":[14553,5722,440,14554],"ppma_author":[22572],"class_list":["post-95896","post","type-post","status-publish","format-standard","has-post-thumbnail","hentry","category-stiri-2","category-eveniment","category-stiri","tag-accident-grav","tag-brigada-rutiera-2","tag-sector-3","tag-siguranta-auto"],"acf":[],"yoast_head":"<!-- This site is optimized with the Yoast SEO Premium plugin v25.3 (Yoast SEO v27.4) - https:\/\/yoast.com\/product\/yoast-seo-premium-wordpress\/ -->\n<title>Mam\u0103 strivit\u0103 \u00een parcare de ma\u015fina care ar fi fost manevrat\u0103 de copilul ei de 6 ani. Expert: \u201eCopilul \u0219i ma\u0219ina nu sunt din acela\u0219i film\u201d - Buletin de Bucure\u0219ti<\/title>\n<meta name=\"description\" content=\"O mam\u0103 a fost strivit\u0103 de propria ei ma\u0219in\u0103, care ar fi fost manevrat\u0103 de copilul ei minor. Accidentul a avut loc \u00een Sectorul 3.\" \/>\n<meta name=\"robots\" content=\"index, follow, max-snippet:-1, max-image-preview:large, max-video-preview:-1\" \/>\n<link rel=\"canonical\" href=\"https:\/\/buletin.de\/bucuresti\/mama-strivita-in-parcare-de-masina-care-ar-fi-fost-manevrata-de-copilul-ei-de-6-ani-expert-copilul-si-masina-nu-sunt-din-acelasi-film\/\" \/>\n<meta property=\"og:locale\" content=\"en_GB\" \/>\n<meta property=\"og:type\" content=\"article\" \/>\n<meta property=\"og:title\" content=\"Mam\u0103 strivit\u0103 \u00een parcare de ma\u015fina care ar fi fost manevrat\u0103 de copilul ei de 6 ani. Expert: \u201eCopilul \u0219i ma\u0219ina nu sunt din acela\u0219i film\u201d\" \/>\n<meta property=\"og:description\" content=\"O mam\u0103 a fost strivit\u0103 de propria ei ma\u0219in\u0103, care ar fi fost manevrat\u0103 de copilul ei minor. Accidentul a avut loc \u00een Sectorul 3.\" \/>\n<meta property=\"og:url\" content=\"https:\/\/buletin.de\/bucuresti\/mama-strivita-in-parcare-de-masina-care-ar-fi-fost-manevrata-de-copilul-ei-de-6-ani-expert-copilul-si-masina-nu-sunt-din-acelasi-film\/\" \/>\n<meta property=\"og:site_name\" content=\"Buletin de Bucure\u0219ti\" \/>\n<meta property=\"article:publisher\" content=\"https:\/\/www.facebook.com\/buletin.de.buc\" \/>\n<meta property=\"article:published_time\" content=\"2024-08-27T13:36:55+00:00\" \/>\n<meta property=\"article:modified_time\" content=\"2024-08-28T06:37:46+00:00\" \/>\n<meta property=\"og:image\" content=\"https:\/\/buletin.de\/bucuresti\/wp-content\/uploads\/accident-pallady-2-rotated.jpeg\" \/>\n\t<meta property=\"og:image:width\" content=\"1600\" \/>\n\t<meta property=\"og:image:height\" content=\"900\" \/>\n\t<meta property=\"og:image:type\" content=\"image\/jpeg\" \/>\n<meta name=\"author\" content=\"C\u0103t\u0103lin Anghel-Dimache\" \/>\n<meta name=\"twitter:card\" content=\"summary_large_image\" \/>\n<meta name=\"twitter:label1\" content=\"Written by\" \/>\n\t<meta name=\"twitter:data1\" content=\"C\u0103t\u0103lin Anghel-Dimache\" \/>\n\t<meta name=\"twitter:label2\" content=\"Estimated reading time\" \/>\n\t<meta name=\"twitter:data2\" content=\"3 minutes\" \/>\n<script type=\"application\/ld+json\" class=\"yoast-schema-graph\">{\"@context\":\"https:\\\/\\\/schema.org\",\"@graph\":[{\"@type\":\"Article\",\"@id\":\"https:\\\/\\\/buletin.de\\\/bucuresti\\\/mama-strivita-in-parcare-de-masina-care-ar-fi-fost-manevrata-de-copilul-ei-de-6-ani-expert-copilul-si-masina-nu-sunt-din-acelasi-film\\\/#article\",\"isPartOf\":{\"@id\":\"https:\\\/\\\/buletin.de\\\/bucuresti\\\/mama-strivita-in-parcare-de-masina-care-ar-fi-fost-manevrata-de-copilul-ei-de-6-ani-expert-copilul-si-masina-nu-sunt-din-acelasi-film\\\/\"},\"author\":{\"name\":\"C\u0103t\u0103lin Anghel-Dimache\",\"@id\":\"https:\\\/\\\/buletin.de\\\/bucuresti\\\/#\\\/schema\\\/person\\\/0ac9db30080482be87c7386a30f98796\"},\"headline\":\"Mam\u0103 strivit\u0103 \u00een parcare de ma\u015fina care ar fi fost manevrat\u0103 de copilul ei de 6 ani. Expert: \u201eCopilul \u0219i ma\u0219ina nu sunt din acela\u0219i film\u201d\",\"datePublished\":\"2024-08-27T13:36:55+00:00\",\"dateModified\":\"2024-08-28T06:37:46+00:00\",\"mainEntityOfPage\":{\"@id\":\"https:\\\/\\\/buletin.de\\\/bucuresti\\\/mama-strivita-in-parcare-de-masina-care-ar-fi-fost-manevrata-de-copilul-ei-de-6-ani-expert-copilul-si-masina-nu-sunt-din-acelasi-film\\\/\"},\"wordCount\":483,\"publisher\":{\"@id\":\"https:\\\/\\\/buletin.de\\\/bucuresti\\\/#organization\"},\"image\":{\"@id\":\"https:\\\/\\\/buletin.de\\\/bucuresti\\\/mama-strivita-in-parcare-de-masina-care-ar-fi-fost-manevrata-de-copilul-ei-de-6-ani-expert-copilul-si-masina-nu-sunt-din-acelasi-film\\\/#primaryimage\"},\"thumbnailUrl\":\"https:\\\/\\\/buletin.de\\\/bucuresti\\\/wp-content\\\/uploads\\\/accident-pallady-2-rotated.jpeg\",\"keywords\":[\"accident grav\",\"brigada rutiera\",\"Sector 3\",\"siguranta auto\"],\"articleSection\":[\"Articole\",\"Eveniment\",\"\u0218tiri\"],\"inLanguage\":\"en-GB\",\"copyrightYear\":\"2024\",\"copyrightHolder\":{\"@id\":\"https:\\\/\\\/buletin.de\\\/bucuresti\\\/#organization\"}},{\"@type\":\"WebPage\",\"@id\":\"https:\\\/\\\/buletin.de\\\/bucuresti\\\/mama-strivita-in-parcare-de-masina-care-ar-fi-fost-manevrata-de-copilul-ei-de-6-ani-expert-copilul-si-masina-nu-sunt-din-acelasi-film\\\/\",\"url\":\"https:\\\/\\\/buletin.de\\\/bucuresti\\\/mama-strivita-in-parcare-de-masina-care-ar-fi-fost-manevrata-de-copilul-ei-de-6-ani-expert-copilul-si-masina-nu-sunt-din-acelasi-film\\\/\",\"name\":\"Mam\u0103 strivit\u0103 \u00een parcare de ma\u015fina care ar fi fost manevrat\u0103 de copilul ei de 6 ani. Expert: \u201eCopilul \u0219i ma\u0219ina nu sunt din acela\u0219i film\u201d - Buletin de Bucure\u0219ti\",\"isPartOf\":{\"@id\":\"https:\\\/\\\/buletin.de\\\/bucuresti\\\/#website\"},\"primaryImageOfPage\":{\"@id\":\"https:\\\/\\\/buletin.de\\\/bucuresti\\\/mama-strivita-in-parcare-de-masina-care-ar-fi-fost-manevrata-de-copilul-ei-de-6-ani-expert-copilul-si-masina-nu-sunt-din-acelasi-film\\\/#primaryimage\"},\"image\":{\"@id\":\"https:\\\/\\\/buletin.de\\\/bucuresti\\\/mama-strivita-in-parcare-de-masina-care-ar-fi-fost-manevrata-de-copilul-ei-de-6-ani-expert-copilul-si-masina-nu-sunt-din-acelasi-film\\\/#primaryimage\"},\"thumbnailUrl\":\"https:\\\/\\\/buletin.de\\\/bucuresti\\\/wp-content\\\/uploads\\\/accident-pallady-2-rotated.jpeg\",\"datePublished\":\"2024-08-27T13:36:55+00:00\",\"dateModified\":\"2024-08-28T06:37:46+00:00\",\"description\":\"O mam\u0103 a fost strivit\u0103 de propria ei ma\u0219in\u0103, care ar fi fost manevrat\u0103 de copilul ei minor. Accidentul a avut loc \u00een Sectorul 3.\",\"breadcrumb\":{\"@id\":\"https:\\\/\\\/buletin.de\\\/bucuresti\\\/mama-strivita-in-parcare-de-masina-care-ar-fi-fost-manevrata-de-copilul-ei-de-6-ani-expert-copilul-si-masina-nu-sunt-din-acelasi-film\\\/#breadcrumb\"},\"inLanguage\":\"en-GB\",\"potentialAction\":[{\"@type\":\"ReadAction\",\"target\":[\"https:\\\/\\\/buletin.de\\\/bucuresti\\\/mama-strivita-in-parcare-de-masina-care-ar-fi-fost-manevrata-de-copilul-ei-de-6-ani-expert-copilul-si-masina-nu-sunt-din-acelasi-film\\\/\"]}]},{\"@type\":\"ImageObject\",\"inLanguage\":\"en-GB\",\"@id\":\"https:\\\/\\\/buletin.de\\\/bucuresti\\\/mama-strivita-in-parcare-de-masina-care-ar-fi-fost-manevrata-de-copilul-ei-de-6-ani-expert-copilul-si-masina-nu-sunt-din-acelasi-film\\\/#primaryimage\",\"url\":\"https:\\\/\\\/buletin.de\\\/bucuresti\\\/wp-content\\\/uploads\\\/accident-pallady-2-rotated.jpeg\",\"contentUrl\":\"https:\\\/\\\/buletin.de\\\/bucuresti\\\/wp-content\\\/uploads\\\/accident-pallady-2-rotated.jpeg\",\"width\":1600,\"height\":900,\"caption\":\"Accident grav \u00een Sectorul 3. FOTO: Facebook \\\/ Info Trafic Bucuresti si Ilfov\"},{\"@type\":\"BreadcrumbList\",\"@id\":\"https:\\\/\\\/buletin.de\\\/bucuresti\\\/mama-strivita-in-parcare-de-masina-care-ar-fi-fost-manevrata-de-copilul-ei-de-6-ani-expert-copilul-si-masina-nu-sunt-din-acelasi-film\\\/#breadcrumb\",\"itemListElement\":[{\"@type\":\"ListItem\",\"position\":1,\"name\":\"Acas\u0103\",\"item\":\"https:\\\/\\\/buletin.de\\\/bucuresti\\\/\"},{\"@type\":\"ListItem\",\"position\":2,\"name\":\"Mam\u0103 strivit\u0103 \u00een parcare de ma\u015fina care ar fi fost manevrat\u0103 de copilul ei de 6 ani. Expert: \u201eCopilul \u0219i ma\u0219ina nu sunt din acela\u0219i film\u201d\"}]},{\"@type\":\"WebSite\",\"@id\":\"https:\\\/\\\/buletin.de\\\/bucuresti\\\/#website\",\"url\":\"https:\\\/\\\/buletin.de\\\/bucuresti\\\/\",\"name\":\"Buletin de Bucure\u0219ti\",\"description\":\"\u0218tiri \u0219i investiga\u021bii esen\u021biale din capital\u0103\",\"publisher\":{\"@id\":\"https:\\\/\\\/buletin.de\\\/bucuresti\\\/#organization\"},\"potentialAction\":[{\"@type\":\"SearchAction\",\"target\":{\"@type\":\"EntryPoint\",\"urlTemplate\":\"https:\\\/\\\/buletin.de\\\/bucuresti\\\/?s={search_term_string}\"},\"query-input\":{\"@type\":\"PropertyValueSpecification\",\"valueRequired\":true,\"valueName\":\"search_term_string\"}}],\"inLanguage\":\"en-GB\"},{\"@type\":\"Organization\",\"@id\":\"https:\\\/\\\/buletin.de\\\/bucuresti\\\/#organization\",\"name\":\"Buletin de Bucure\u0219ti\",\"url\":\"https:\\\/\\\/buletin.de\\\/bucuresti\\\/\",\"logo\":{\"@type\":\"ImageObject\",\"inLanguage\":\"en-GB\",\"@id\":\"https:\\\/\\\/buletin.de\\\/bucuresti\\\/#\\\/schema\\\/logo\\\/image\\\/\",\"url\":\"https:\\\/\\\/buletin.de\\\/bucuresti\\\/wp-content\\\/uploads\\\/logo-bdb-full-wide-vernil-transparent.png\",\"contentUrl\":\"https:\\\/\\\/buletin.de\\\/bucuresti\\\/wp-content\\\/uploads\\\/logo-bdb-full-wide-vernil-transparent.png\",\"width\":1782,\"height\":626,\"caption\":\"Buletin de Bucure\u0219ti\"},\"image\":{\"@id\":\"https:\\\/\\\/buletin.de\\\/bucuresti\\\/#\\\/schema\\\/logo\\\/image\\\/\"},\"sameAs\":[\"https:\\\/\\\/www.facebook.com\\\/buletin.de.buc\",\"https:\\\/\\\/www.instagram.com\\\/buletinde.bucuresti\\\/\"]},{\"@type\":\"Person\",\"@id\":\"https:\\\/\\\/buletin.de\\\/bucuresti\\\/#\\\/schema\\\/person\\\/0ac9db30080482be87c7386a30f98796\",\"name\":\"C\u0103t\u0103lin Anghel-Dimache\",\"image\":{\"@type\":\"ImageObject\",\"inLanguage\":\"en-GB\",\"@id\":\"https:\\\/\\\/buletin.de\\\/bucuresti\\\/wp-content\\\/uploads\\\/Catalin-Anghel-Dimache-96x96.jpgbd9e43c5b25186d5b8e917ac61ad86c4\",\"url\":\"https:\\\/\\\/buletin.de\\\/bucuresti\\\/wp-content\\\/uploads\\\/Catalin-Anghel-Dimache-96x96.jpg\",\"contentUrl\":\"https:\\\/\\\/buletin.de\\\/bucuresti\\\/wp-content\\\/uploads\\\/Catalin-Anghel-Dimache-96x96.jpg\",\"caption\":\"C\u0103t\u0103lin Anghel-Dimache\"},\"description\":\"A absolvit Facultatea de Jurnalism \u0219i \u0218tiin\u021bele Comunic\u0103rii a Universit\u0103\u021bii din Bucure\u0219ti \u00een 2024. Scrie despre mediu \u0219i teme sociale, dar \u0219i despre cum se reflect\u0103 ele \u00een via\u021ba cotidian\u0103 a bucure\u0219tenilor, cu un ochi atent la pove\u0219tile personale din spatele titlurilor. N\u0103scut \u0219i crescut \u00een Bucure\u0219ti, a f\u0103cut un pas c\u0103tre presa local\u0103, din pasiune pentru ora\u0219ul s\u0103u \u0219i oamenii din el.\",\"url\":\"https:\\\/\\\/buletin.de\\\/bucuresti\\\/author\\\/catalin-anghel-dimache\\\/\"}]}<\/script>\n<!-- \/ Yoast SEO Premium plugin. -->","yoast_head_json":{"title":"Mam\u0103 strivit\u0103 \u00een parcare de ma\u015fina care ar fi fost manevrat\u0103 de copilul ei de 6 ani. Expert: \u201eCopilul \u0219i ma\u0219ina nu sunt din acela\u0219i film\u201d - Buletin de Bucure\u0219ti","description":"O mam\u0103 a fost strivit\u0103 de propria ei ma\u0219in\u0103, care ar fi fost manevrat\u0103 de copilul ei minor. Accidentul a avut loc \u00een Sectorul 3.","robots":{"index":"index","follow":"follow","max-snippet":"max-snippet:-1","max-image-preview":"max-image-preview:large","max-video-preview":"max-video-preview:-1"},"canonical":"https:\/\/buletin.de\/bucuresti\/mama-strivita-in-parcare-de-masina-care-ar-fi-fost-manevrata-de-copilul-ei-de-6-ani-expert-copilul-si-masina-nu-sunt-din-acelasi-film\/","og_locale":"en_GB","og_type":"article","og_title":"Mam\u0103 strivit\u0103 \u00een parcare de ma\u015fina care ar fi fost manevrat\u0103 de copilul ei de 6 ani. Expert: \u201eCopilul \u0219i ma\u0219ina nu sunt din acela\u0219i film\u201d","og_description":"O mam\u0103 a fost strivit\u0103 de propria ei ma\u0219in\u0103, care ar fi fost manevrat\u0103 de copilul ei minor. Accidentul a avut loc \u00een Sectorul 3.","og_url":"https:\/\/buletin.de\/bucuresti\/mama-strivita-in-parcare-de-masina-care-ar-fi-fost-manevrata-de-copilul-ei-de-6-ani-expert-copilul-si-masina-nu-sunt-din-acelasi-film\/","og_site_name":"Buletin de Bucure\u0219ti","article_publisher":"https:\/\/www.facebook.com\/buletin.de.buc","article_published_time":"2024-08-27T13:36:55+00:00","article_modified_time":"2024-08-28T06:37:46+00:00","og_image":[{"width":1600,"height":900,"url":"https:\/\/buletin.de\/bucuresti\/wp-content\/uploads\/accident-pallady-2-rotated.jpeg","type":"image\/jpeg"}],"author":"C\u0103t\u0103lin Anghel-Dimache","twitter_card":"summary_large_image","twitter_misc":{"Written by":"C\u0103t\u0103lin Anghel-Dimache","Estimated reading time":"3 minutes"},"schema":{"@context":"https:\/\/schema.org","@graph":[{"@type":"Article","@id":"https:\/\/buletin.de\/bucuresti\/mama-strivita-in-parcare-de-masina-care-ar-fi-fost-manevrata-de-copilul-ei-de-6-ani-expert-copilul-si-masina-nu-sunt-din-acelasi-film\/#article","isPartOf":{"@id":"https:\/\/buletin.de\/bucuresti\/mama-strivita-in-parcare-de-masina-care-ar-fi-fost-manevrata-de-copilul-ei-de-6-ani-expert-copilul-si-masina-nu-sunt-din-acelasi-film\/"},"author":{"name":"C\u0103t\u0103lin Anghel-Dimache","@id":"https:\/\/buletin.de\/bucuresti\/#\/schema\/person\/0ac9db30080482be87c7386a30f98796"},"headline":"Mam\u0103 strivit\u0103 \u00een parcare de ma\u015fina care ar fi fost manevrat\u0103 de copilul ei de 6 ani. Expert: \u201eCopilul \u0219i ma\u0219ina nu sunt din acela\u0219i film\u201d","datePublished":"2024-08-27T13:36:55+00:00","dateModified":"2024-08-28T06:37:46+00:00","mainEntityOfPage":{"@id":"https:\/\/buletin.de\/bucuresti\/mama-strivita-in-parcare-de-masina-care-ar-fi-fost-manevrata-de-copilul-ei-de-6-ani-expert-copilul-si-masina-nu-sunt-din-acelasi-film\/"},"wordCount":483,"publisher":{"@id":"https:\/\/buletin.de\/bucuresti\/#organization"},"image":{"@id":"https:\/\/buletin.de\/bucuresti\/mama-strivita-in-parcare-de-masina-care-ar-fi-fost-manevrata-de-copilul-ei-de-6-ani-expert-copilul-si-masina-nu-sunt-din-acelasi-film\/#primaryimage"},"thumbnailUrl":"https:\/\/buletin.de\/bucuresti\/wp-content\/uploads\/accident-pallady-2-rotated.jpeg","keywords":["accident grav","brigada rutiera","Sector 3","siguranta auto"],"articleSection":["Articole","Eveniment","\u0218tiri"],"inLanguage":"en-GB","copyrightYear":"2024","copyrightHolder":{"@id":"https:\/\/buletin.de\/bucuresti\/#organization"}},{"@type":"WebPage","@id":"https:\/\/buletin.de\/bucuresti\/mama-strivita-in-parcare-de-masina-care-ar-fi-fost-manevrata-de-copilul-ei-de-6-ani-expert-copilul-si-masina-nu-sunt-din-acelasi-film\/","url":"https:\/\/buletin.de\/bucuresti\/mama-strivita-in-parcare-de-masina-care-ar-fi-fost-manevrata-de-copilul-ei-de-6-ani-expert-copilul-si-masina-nu-sunt-din-acelasi-film\/","name":"Mam\u0103 strivit\u0103 \u00een parcare de ma\u015fina care ar fi fost manevrat\u0103 de copilul ei de 6 ani. Expert: \u201eCopilul \u0219i ma\u0219ina nu sunt din acela\u0219i film\u201d - Buletin de Bucure\u0219ti","isPartOf":{"@id":"https:\/\/buletin.de\/bucuresti\/#website"},"primaryImageOfPage":{"@id":"https:\/\/buletin.de\/bucuresti\/mama-strivita-in-parcare-de-masina-care-ar-fi-fost-manevrata-de-copilul-ei-de-6-ani-expert-copilul-si-masina-nu-sunt-din-acelasi-film\/#primaryimage"},"image":{"@id":"https:\/\/buletin.de\/bucuresti\/mama-strivita-in-parcare-de-masina-care-ar-fi-fost-manevrata-de-copilul-ei-de-6-ani-expert-copilul-si-masina-nu-sunt-din-acelasi-film\/#primaryimage"},"thumbnailUrl":"https:\/\/buletin.de\/bucuresti\/wp-content\/uploads\/accident-pallady-2-rotated.jpeg","datePublished":"2024-08-27T13:36:55+00:00","dateModified":"2024-08-28T06:37:46+00:00","description":"O mam\u0103 a fost strivit\u0103 de propria ei ma\u0219in\u0103, care ar fi fost manevrat\u0103 de copilul ei minor. Accidentul a avut loc \u00een Sectorul 3.","breadcrumb":{"@id":"https:\/\/buletin.de\/bucuresti\/mama-strivita-in-parcare-de-masina-care-ar-fi-fost-manevrata-de-copilul-ei-de-6-ani-expert-copilul-si-masina-nu-sunt-din-acelasi-film\/#breadcrumb"},"inLanguage":"en-GB","potentialAction":[{"@type":"ReadAction","target":["https:\/\/buletin.de\/bucuresti\/mama-strivita-in-parcare-de-masina-care-ar-fi-fost-manevrata-de-copilul-ei-de-6-ani-expert-copilul-si-masina-nu-sunt-din-acelasi-film\/"]}]},{"@type":"ImageObject","inLanguage":"en-GB","@id":"https:\/\/buletin.de\/bucuresti\/mama-strivita-in-parcare-de-masina-care-ar-fi-fost-manevrata-de-copilul-ei-de-6-ani-expert-copilul-si-masina-nu-sunt-din-acelasi-film\/#primaryimage","url":"https:\/\/buletin.de\/bucuresti\/wp-content\/uploads\/accident-pallady-2-rotated.jpeg","contentUrl":"https:\/\/buletin.de\/bucuresti\/wp-content\/uploads\/accident-pallady-2-rotated.jpeg","width":1600,"height":900,"caption":"Accident grav \u00een Sectorul 3. FOTO: Facebook \/ Info Trafic Bucuresti si Ilfov"},{"@type":"BreadcrumbList","@id":"https:\/\/buletin.de\/bucuresti\/mama-strivita-in-parcare-de-masina-care-ar-fi-fost-manevrata-de-copilul-ei-de-6-ani-expert-copilul-si-masina-nu-sunt-din-acelasi-film\/#breadcrumb","itemListElement":[{"@type":"ListItem","position":1,"name":"Acas\u0103","item":"https:\/\/buletin.de\/bucuresti\/"},{"@type":"ListItem","position":2,"name":"Mam\u0103 strivit\u0103 \u00een parcare de ma\u015fina care ar fi fost manevrat\u0103 de copilul ei de 6 ani. Expert: \u201eCopilul \u0219i ma\u0219ina nu sunt din acela\u0219i film\u201d"}]},{"@type":"WebSite","@id":"https:\/\/buletin.de\/bucuresti\/#website","url":"https:\/\/buletin.de\/bucuresti\/","name":"Buletin de Bucure\u0219ti","description":"\u0218tiri \u0219i investiga\u021bii esen\u021biale din capital\u0103","publisher":{"@id":"https:\/\/buletin.de\/bucuresti\/#organization"},"potentialAction":[{"@type":"SearchAction","target":{"@type":"EntryPoint","urlTemplate":"https:\/\/buletin.de\/bucuresti\/?s={search_term_string}"},"query-input":{"@type":"PropertyValueSpecification","valueRequired":true,"valueName":"search_term_string"}}],"inLanguage":"en-GB"},{"@type":"Organization","@id":"https:\/\/buletin.de\/bucuresti\/#organization","name":"Buletin de Bucure\u0219ti","url":"https:\/\/buletin.de\/bucuresti\/","logo":{"@type":"ImageObject","inLanguage":"en-GB","@id":"https:\/\/buletin.de\/bucuresti\/#\/schema\/logo\/image\/","url":"https:\/\/buletin.de\/bucuresti\/wp-content\/uploads\/logo-bdb-full-wide-vernil-transparent.png","contentUrl":"https:\/\/buletin.de\/bucuresti\/wp-content\/uploads\/logo-bdb-full-wide-vernil-transparent.png","width":1782,"height":626,"caption":"Buletin de Bucure\u0219ti"},"image":{"@id":"https:\/\/buletin.de\/bucuresti\/#\/schema\/logo\/image\/"},"sameAs":["https:\/\/www.facebook.com\/buletin.de.buc","https:\/\/www.instagram.com\/buletinde.bucuresti\/"]},{"@type":"Person","@id":"https:\/\/buletin.de\/bucuresti\/#\/schema\/person\/0ac9db30080482be87c7386a30f98796","name":"C\u0103t\u0103lin Anghel-Dimache","image":{"@type":"ImageObject","inLanguage":"en-GB","@id":"https:\/\/buletin.de\/bucuresti\/wp-content\/uploads\/Catalin-Anghel-Dimache-96x96.jpgbd9e43c5b25186d5b8e917ac61ad86c4","url":"https:\/\/buletin.de\/bucuresti\/wp-content\/uploads\/Catalin-Anghel-Dimache-96x96.jpg","contentUrl":"https:\/\/buletin.de\/bucuresti\/wp-content\/uploads\/Catalin-Anghel-Dimache-96x96.jpg","caption":"C\u0103t\u0103lin Anghel-Dimache"},"description":"A absolvit Facultatea de Jurnalism \u0219i \u0218tiin\u021bele Comunic\u0103rii a Universit\u0103\u021bii din Bucure\u0219ti \u00een 2024. Scrie despre mediu \u0219i teme sociale, dar \u0219i despre cum se reflect\u0103 ele \u00een via\u021ba cotidian\u0103 a bucure\u0219tenilor, cu un ochi atent la pove\u0219tile personale din spatele titlurilor. N\u0103scut \u0219i crescut \u00een Bucure\u0219ti, a f\u0103cut un pas c\u0103tre presa local\u0103, din pasiune pentru ora\u0219ul s\u0103u \u0219i oamenii din el.","url":"https:\/\/buletin.de\/bucuresti\/author\/catalin-anghel-dimache\/"}]}},"authors":[{"term_id":22572,"user_id":59,"is_guest":0,"slug":"catalin-anghel-dimache","display_name":"C\u0103t\u0103lin Anghel-Dimache","avatar_url":"https:\/\/buletin.de\/bucuresti\/wp-content\/uploads\/Catalin-Anghel-Dimache-96x96.jpg","0":null,"1":"","2":"","3":"","4":"","5":"","6":"","7":"","8":""}],"_links":{"self":[{"href":"https:\/\/buletin.de\/bucuresti\/wp-json\/wp\/v2\/posts\/95896","targetHints":{"allow":["GET"]}}],"collection":[{"href":"https:\/\/buletin.de\/bucuresti\/wp-json\/wp\/v2\/posts"}],"about":[{"href":"https:\/\/buletin.de\/bucuresti\/wp-json\/wp\/v2\/types\/post"}],"author":[{"embeddable":true,"href":"https:\/\/buletin.de\/bucuresti\/wp-json\/wp\/v2\/users\/59"}],"replies":[{"embeddable":true,"href":"https:\/\/buletin.de\/bucuresti\/wp-json\/wp\/v2\/comments?post=95896"}],"version-history":[{"count":2,"href":"https:\/\/buletin.de\/bucuresti\/wp-json\/wp\/v2\/posts\/95896\/revisions"}],"predecessor-version":[{"id":95906,"href":"https:\/\/buletin.de\/bucuresti\/wp-json\/wp\/v2\/posts\/95896\/revisions\/95906"}],"wp:featuredmedia":[{"embeddable":true,"href":"https:\/\/buletin.de\/bucuresti\/wp-json\/wp\/v2\/media\/95897"}],"wp:attachment":[{"href":"https:\/\/buletin.de\/bucuresti\/wp-json\/wp\/v2\/media?parent=95896"}],"wp:term":[{"taxonomy":"category","embeddable":true,"href":"https:\/\/buletin.de\/bucuresti\/wp-json\/wp\/v2\/categories?post=95896"},{"taxonomy":"post_tag","embeddable":true,"href":"https:\/\/buletin.de\/bucuresti\/wp-json\/wp\/v2\/tags?post=95896"},{"taxonomy":"author","embeddable":true,"href":"https:\/\/buletin.de\/bucuresti\/wp-json\/wp\/v2\/ppma_author?post=95896"}],"curies":[{"name":"wp","href":"https:\/\/api.w.org\/{rel}","templated":true}]}}