{"id":9579,"date":"2020-07-24T18:06:25","date_gmt":"2020-07-24T15:06:25","guid":{"rendered":"https:\/\/buletin.de\/bucuresti\/?p=9579"},"modified":"2020-07-24T18:33:14","modified_gmt":"2020-07-24T15:33:14","slug":"gabriela-firea-si-a-lansat-sloganul-de-campanie-cum-au-reactionat-intarnautii-si-oamenii-politici","status":"publish","type":"post","link":"https:\/\/buletin.de\/bucuresti\/gabriela-firea-si-a-lansat-sloganul-de-campanie-cum-au-reactionat-intarnautii-si-oamenii-politici\/","title":{"rendered":"Gabriela Firea \u0219i-a lansat sloganul de campanie, cum au reac\u021bionat intarnau\u021bii \u0219i oamenii politici"},"content":{"rendered":"\n<p><strong>Candidatul PSD la Prim\u0103ria Capitalei, Gabriela Firea \u0219i-a lansat ieri, cu o postare pe Facebook, noul slogan electoral, FIREA OAMENILOR. Este vorba, de fapt, de un acrostih al numelui primului so\u021b al actualului primar, pe care \u00eenc\u0103 \u00eel poart\u0103, de\u0219i este c\u0103s\u0103torit\u0103 cu Florentin Pandele . <\/strong><\/p>\n\n\n\n<p>Firea Oamenilor\u201d \u00eenseamn\u0103:\n&#8220;For\u021b\u0103, Iubire, Realitate, Eficien\u021b\u0103, Adev\u0103r Oamenilor (FIREA)\nOamenilor&#8221;<\/p>\n\n\n\n<figure class=\"wp-block-embed-facebook wp-block-embed is-type-rich is-provider-facebook\"><div class=\"wp-block-embed__wrapper\">\nhttps:\/\/www.facebook.com\/427656597297153\/posts\/3387927077936742\/?d=n\n<\/div><\/figure>\n\n\n\n<p>\u00cen postare, primarul\ncapitalei explic\u0103 \u0219i de ce a ales ca \u00een slogan s\u0103 foloseasc\u0103 cuv\u00e2ntul OAMENI.<\/p>\n\n\n\n<p>\u201eIn aceste zile se fac si se\ndesfac aliante politice electorale. De dreapta, de stanga, de oricare. Se\nintalnesc politicieni si negociaza. Diverse : posturi, calendare de alegeri,\nstrategii. Este uitat esentialul! Esentialul il reprezinta OAMENII. Viata lor.\nTrairile lor. Nevoile lor. Problemele si ingrijorarile lor. Ce ii bucura, ce\nspera, ce asteapta. Ce iubesc, ce nu.\u201d, a scris Gabriela Firea.<\/p>\n\n\n\n<p>Imediat dup\u0103 publicarea post\u0103rii au ap\u0103rut \u0219i reac\u021biile. De la aleg\u0103torii s\u0103i, la membrii PSD de peste tot din \u021bar\u0103 to\u021bi au aplaudat ideea de slogan a primarului general. Cu cuvinte sau cu GIF-uri, cel cu Leonardo di Caprio fiind favorit. \u0218i foarte pu\u021bini critici. Majoritatea sup\u0103ra\u021bi ca nu ap\u0103 cald\u0103.<\/p>\n\n\n\n<figure class=\"wp-block-gallery columns-3 is-cropped wp-block-gallery-1 is-layout-flex wp-block-gallery-is-layout-flex\"><ul class=\"blocks-gallery-grid\"><li class=\"blocks-gallery-item\"><figure><img fetchpriority=\"high\" decoding=\"async\" width=\"506\" height=\"900\" src=\"data:image\/gif;base64,R0lGODlhAQABAAAAACH5BAEKAAEALAAAAAABAAEAAAICTAEAOw==\" data-src=\"https:\/\/buletin.de\/bucuresti\/wp-content\/uploads\/114485529_1561313947380602_1517389408918046931_n-506x900.jpg\" alt=\"\" data-id=\"9588\" data-link=\"https:\/\/buletin.de\/bucuresti\/?attachment_id=9588\" class=\"wp-image-9588 lazyload\" data-sizes=\"auto\" data-srcset=\"https:\/\/buletin.de\/bucuresti\/wp-content\/uploads\/114485529_1561313947380602_1517389408918046931_n-506x900.jpg 506w, https:\/\/buletin.de\/bucuresti\/wp-content\/uploads\/114485529_1561313947380602_1517389408918046931_n-600x1067.jpg 600w, https:\/\/buletin.de\/bucuresti\/wp-content\/uploads\/114485529_1561313947380602_1517389408918046931_n-169x300.jpg 169w, https:\/\/buletin.de\/bucuresti\/wp-content\/uploads\/114485529_1561313947380602_1517389408918046931_n-768x1366.jpg 768w, https:\/\/buletin.de\/bucuresti\/wp-content\/uploads\/114485529_1561313947380602_1517389408918046931_n-864x1536.jpg 864w, https:\/\/buletin.de\/bucuresti\/wp-content\/uploads\/114485529_1561313947380602_1517389408918046931_n-1060x1885.jpg 1060w, https:\/\/buletin.de\/bucuresti\/wp-content\/uploads\/114485529_1561313947380602_1517389408918046931_n-550x978.jpg 550w, https:\/\/buletin.de\/bucuresti\/wp-content\/uploads\/114485529_1561313947380602_1517389408918046931_n-281x500.jpg 281w, https:\/\/buletin.de\/bucuresti\/wp-content\/uploads\/114485529_1561313947380602_1517389408918046931_n-607x1080.jpg 607w, https:\/\/buletin.de\/bucuresti\/wp-content\/uploads\/114485529_1561313947380602_1517389408918046931_n.jpg 1125w\" sizes=\"(max-width: 506px) 100vw, 506px\" \/><\/figure><\/li><li class=\"blocks-gallery-item\"><figure><img decoding=\"async\" width=\"506\" height=\"900\" src=\"data:image\/gif;base64,R0lGODlhAQABAAAAACH5BAEKAAEALAAAAAABAAEAAAICTAEAOw==\" data-src=\"https:\/\/buletin.de\/bucuresti\/wp-content\/uploads\/115806677_2343818932590859_5744419658890001612_n-506x900.jpg\" alt=\"\" data-id=\"9591\" data-full-url=\"https:\/\/buletin.de\/bucuresti\/wp-content\/uploads\/115806677_2343818932590859_5744419658890001612_n.jpg\" data-link=\"https:\/\/buletin.de\/bucuresti\/?attachment_id=9591\" class=\"wp-image-9591 lazyload\" data-sizes=\"auto\" data-srcset=\"https:\/\/buletin.de\/bucuresti\/wp-content\/uploads\/115806677_2343818932590859_5744419658890001612_n-506x900.jpg 506w, https:\/\/buletin.de\/bucuresti\/wp-content\/uploads\/115806677_2343818932590859_5744419658890001612_n-600x1067.jpg 600w, https:\/\/buletin.de\/bucuresti\/wp-content\/uploads\/115806677_2343818932590859_5744419658890001612_n-169x300.jpg 169w, https:\/\/buletin.de\/bucuresti\/wp-content\/uploads\/115806677_2343818932590859_5744419658890001612_n-768x1366.jpg 768w, https:\/\/buletin.de\/bucuresti\/wp-content\/uploads\/115806677_2343818932590859_5744419658890001612_n-864x1536.jpg 864w, https:\/\/buletin.de\/bucuresti\/wp-content\/uploads\/115806677_2343818932590859_5744419658890001612_n-1060x1885.jpg 1060w, https:\/\/buletin.de\/bucuresti\/wp-content\/uploads\/115806677_2343818932590859_5744419658890001612_n-550x978.jpg 550w, https:\/\/buletin.de\/bucuresti\/wp-content\/uploads\/115806677_2343818932590859_5744419658890001612_n-281x500.jpg 281w, https:\/\/buletin.de\/bucuresti\/wp-content\/uploads\/115806677_2343818932590859_5744419658890001612_n-607x1080.jpg 607w, https:\/\/buletin.de\/bucuresti\/wp-content\/uploads\/115806677_2343818932590859_5744419658890001612_n.jpg 1125w\" sizes=\"(max-width: 506px) 100vw, 506px\" \/><\/figure><\/li><li class=\"blocks-gallery-item\"><figure><img decoding=\"async\" width=\"506\" height=\"900\" src=\"data:image\/gif;base64,R0lGODlhAQABAAAAACH5BAEKAAEALAAAAAABAAEAAAICTAEAOw==\" data-src=\"https:\/\/buletin.de\/bucuresti\/wp-content\/uploads\/116217110_704117706805135_3477460013240028749_n-506x900.jpg\" alt=\"\" data-id=\"9592\" data-full-url=\"https:\/\/buletin.de\/bucuresti\/wp-content\/uploads\/116217110_704117706805135_3477460013240028749_n.jpg\" data-link=\"https:\/\/buletin.de\/bucuresti\/?attachment_id=9592\" class=\"wp-image-9592 lazyload\" data-sizes=\"auto\" data-srcset=\"https:\/\/buletin.de\/bucuresti\/wp-content\/uploads\/116217110_704117706805135_3477460013240028749_n-506x900.jpg 506w, https:\/\/buletin.de\/bucuresti\/wp-content\/uploads\/116217110_704117706805135_3477460013240028749_n-600x1067.jpg 600w, https:\/\/buletin.de\/bucuresti\/wp-content\/uploads\/116217110_704117706805135_3477460013240028749_n-169x300.jpg 169w, https:\/\/buletin.de\/bucuresti\/wp-content\/uploads\/116217110_704117706805135_3477460013240028749_n-768x1366.jpg 768w, https:\/\/buletin.de\/bucuresti\/wp-content\/uploads\/116217110_704117706805135_3477460013240028749_n-864x1536.jpg 864w, https:\/\/buletin.de\/bucuresti\/wp-content\/uploads\/116217110_704117706805135_3477460013240028749_n-1060x1885.jpg 1060w, https:\/\/buletin.de\/bucuresti\/wp-content\/uploads\/116217110_704117706805135_3477460013240028749_n-550x978.jpg 550w, https:\/\/buletin.de\/bucuresti\/wp-content\/uploads\/116217110_704117706805135_3477460013240028749_n-281x500.jpg 281w, https:\/\/buletin.de\/bucuresti\/wp-content\/uploads\/116217110_704117706805135_3477460013240028749_n-607x1080.jpg 607w, https:\/\/buletin.de\/bucuresti\/wp-content\/uploads\/116217110_704117706805135_3477460013240028749_n.jpg 1125w\" sizes=\"(max-width: 506px) 100vw, 506px\" \/><\/figure><\/li><\/ul><\/figure>\n\n\n\n\n\n<p>Contracandita\u021bii doamnei Firea nu au avut reac\u021bii directe la lansarea sloganului. Ana Birchall a\ncomentat pe pagina sa de FB, folosind tot un joc de cuvinte. \u201cFIREA sau FII REA?\u201d \u0218i a m\u0103rturisit c\u0103 sloganul a f\u0103cut-o\ns\u0103 r\u00e2d\u0103. <\/p>\n\n\n\n<figure class=\"wp-block-embed-facebook wp-block-embed is-type-rich is-provider-facebook\"><div class=\"wp-block-embed__wrapper\">\nhttps:\/\/www.facebook.com\/167163410062102\/posts\/2885332231578526\/?d=n\n<\/div><\/figure>\n\n\n\n<p>Ovidiu Raetchi de la PNL sus\u021bine, tot \u00eentr-o postare pe Facebook, c\u0103 de fapt Gabriela Firea se fere\u0219te de \u00eent\u0103lnirile cu oamenii simplii, aceia din sloganul s\u0103u. \u0218i c\u0103 toate ie\u0219irile sale publice sunt regizate, \u0219i au asisten\u021b\u0103 adus\u0103 din regiile prim\u0103riei.<\/p>\n\n\n\n<figure class=\"wp-block-embed-facebook wp-block-embed is-type-rich is-provider-facebook\"><div class=\"wp-block-embed__wrapper\">\nhttps:\/\/www.facebook.com\/AlexandruOvidiuRaetchi\/posts\/1665439956951806\n<\/div><\/figure>\n\n\n\n<p>La fel de tran\u0219ant\neste \u0219i jurnalistul Florin Negru\u021biu care calific\u0103 noul slogan ca o \u00eent\u0103lnirea \u00eentre\n\u201cinteligen\u021ba asimptompatic\u0103 a doamnei Firea &#8230;\u0219i talentul\nliterar subtil de clasa a II-a B al domnului Pandele\u201d<\/p>\n\n\n\n<figure class=\"wp-block-image size-large\"><img loading=\"lazy\" decoding=\"async\" width=\"506\" height=\"900\" src=\"data:image\/gif;base64,R0lGODlhAQABAAAAACH5BAEKAAEALAAAAAABAAEAAAICTAEAOw==\" data-src=\"https:\/\/buletin.de\/bucuresti\/wp-content\/uploads\/116265003_282042752887379_493439249186907510_n-1-506x900.jpg\" alt=\"\" class=\"wp-image-9593 lazyload\" data-sizes=\"auto\" data-srcset=\"https:\/\/buletin.de\/bucuresti\/wp-content\/uploads\/116265003_282042752887379_493439249186907510_n-1-506x900.jpg 506w, https:\/\/buletin.de\/bucuresti\/wp-content\/uploads\/116265003_282042752887379_493439249186907510_n-1-600x1067.jpg 600w, https:\/\/buletin.de\/bucuresti\/wp-content\/uploads\/116265003_282042752887379_493439249186907510_n-1-169x300.jpg 169w, https:\/\/buletin.de\/bucuresti\/wp-content\/uploads\/116265003_282042752887379_493439249186907510_n-1-768x1366.jpg 768w, https:\/\/buletin.de\/bucuresti\/wp-content\/uploads\/116265003_282042752887379_493439249186907510_n-1-864x1536.jpg 864w, https:\/\/buletin.de\/bucuresti\/wp-content\/uploads\/116265003_282042752887379_493439249186907510_n-1-1060x1885.jpg 1060w, https:\/\/buletin.de\/bucuresti\/wp-content\/uploads\/116265003_282042752887379_493439249186907510_n-1-550x978.jpg 550w, https:\/\/buletin.de\/bucuresti\/wp-content\/uploads\/116265003_282042752887379_493439249186907510_n-1-281x500.jpg 281w, https:\/\/buletin.de\/bucuresti\/wp-content\/uploads\/116265003_282042752887379_493439249186907510_n-1-607x1080.jpg 607w, https:\/\/buletin.de\/bucuresti\/wp-content\/uploads\/116265003_282042752887379_493439249186907510_n-1.jpg 1125w\" sizes=\"(max-width: 506px) 100vw, 506px\" \/><\/figure>\n\n\n\n<p>Gabriela Firea este candidatul cu care PSD \u00eencearc\u0103 s\u0103 c\u00e2\u0219tige pentru a doua oar\u0103, un bastion interzis p\u00e2n\u0103 \u00een 2016, Prim\u0103ria Capitalei. Atunci doamna Firea a avut ca slogan sintagma \u201dRezultate pentru bucure\u0219teni\u201d<\/p>\n\n\n\n<p>\u201c<\/p>\n","protected":false},"excerpt":{"rendered":"<p>Candidatul PSD la Prim\u0103ria Capitalei, Gabriela Firea \u0219i-a lansat ieri, cu o postare pe Facebook, noul slogan electoral, FIREA OAMENILOR. Este vorba, de fapt, de un acrostih al numelui primului so\u021b al actualului primar, pe care \u00eenc\u0103 \u00eel poart\u0103, de\u0219i este c\u0103s\u0103torit\u0103 cu Florentin Pandele . Firea Oamenilor\u201d \u00eenseamn\u0103: &#8220;For\u021b\u0103, Iubire, Realitate, Eficien\u021b\u0103, Adev\u0103r Oamenilor [&hellip;]<\/p>\n","protected":false},"author":18,"featured_media":403,"comment_status":"closed","ping_status":"open","sticky":false,"template":"","format":"standard","meta":{"_acf_changed":false,"inline_featured_image":false,"ngg_post_thumbnail":0,"footnotes":""},"categories":[1,1113],"tags":[],"ppma_author":[22579],"class_list":["post-9579","post","type-post","status-publish","format-standard","has-post-thumbnail","hentry","category-diverse","category-locale-2020"],"acf":[],"yoast_head":"<!-- This site is optimized with the Yoast SEO Premium plugin v25.3 (Yoast SEO v27.4) - https:\/\/yoast.com\/product\/yoast-seo-premium-wordpress\/ -->\n<title>Gabriela Firea \u0219i-a lansat sloganul de campanie, cum au reac\u021bionat intarnau\u021bii \u0219i oamenii politici - Buletin de Bucure\u0219ti<\/title>\n<meta name=\"robots\" content=\"index, follow, max-snippet:-1, max-image-preview:large, max-video-preview:-1\" \/>\n<link rel=\"canonical\" href=\"https:\/\/buletin.de\/bucuresti\/gabriela-firea-si-a-lansat-sloganul-de-campanie-cum-au-reactionat-intarnautii-si-oamenii-politici\/\" \/>\n<meta property=\"og:locale\" content=\"en_GB\" \/>\n<meta property=\"og:type\" content=\"article\" \/>\n<meta property=\"og:title\" content=\"Gabriela Firea \u0219i-a lansat sloganul de campanie, cum au reac\u021bionat intarnau\u021bii \u0219i oamenii politici\" \/>\n<meta property=\"og:description\" content=\"Candidatul PSD la Prim\u0103ria Capitalei, Gabriela Firea \u0219i-a lansat ieri, cu o postare pe Facebook, noul slogan electoral, FIREA OAMENILOR. Este vorba, de fapt, de un acrostih al numelui primului so\u021b al actualului primar, pe care \u00eenc\u0103 \u00eel poart\u0103, de\u0219i este c\u0103s\u0103torit\u0103 cu Florentin Pandele . Firea Oamenilor\u201d \u00eenseamn\u0103: &#8220;For\u021b\u0103, Iubire, Realitate, Eficien\u021b\u0103, Adev\u0103r Oamenilor [&hellip;]\" \/>\n<meta property=\"og:url\" content=\"https:\/\/buletin.de\/bucuresti\/gabriela-firea-si-a-lansat-sloganul-de-campanie-cum-au-reactionat-intarnautii-si-oamenii-politici\/\" \/>\n<meta property=\"og:site_name\" content=\"Buletin de Bucure\u0219ti\" \/>\n<meta property=\"article:publisher\" content=\"https:\/\/www.facebook.com\/buletin.de.buc\" \/>\n<meta property=\"article:published_time\" content=\"2020-07-24T15:06:25+00:00\" \/>\n<meta property=\"article:modified_time\" content=\"2020-07-24T15:33:14+00:00\" \/>\n<meta property=\"og:image\" content=\"https:\/\/buletin.de\/bucuresti\/wp-content\/uploads\/cmm-firea-2-cover-scaled.jpg\" \/>\n\t<meta property=\"og:image:width\" content=\"2560\" \/>\n\t<meta property=\"og:image:height\" content=\"1499\" \/>\n\t<meta property=\"og:image:type\" content=\"image\/jpeg\" \/>\n<meta name=\"author\" content=\"Teodora Stroe\" \/>\n<meta name=\"twitter:card\" content=\"summary_large_image\" \/>\n<meta name=\"twitter:label1\" content=\"Written by\" \/>\n\t<meta name=\"twitter:data1\" content=\"Teodora Stroe\" \/>\n\t<meta name=\"twitter:label2\" content=\"Estimated reading time\" \/>\n\t<meta name=\"twitter:data2\" content=\"2 minutes\" \/>\n<script type=\"application\/ld+json\" class=\"yoast-schema-graph\">{\"@context\":\"https:\\\/\\\/schema.org\",\"@graph\":[{\"@type\":\"Article\",\"@id\":\"https:\\\/\\\/buletin.de\\\/bucuresti\\\/gabriela-firea-si-a-lansat-sloganul-de-campanie-cum-au-reactionat-intarnautii-si-oamenii-politici\\\/#article\",\"isPartOf\":{\"@id\":\"https:\\\/\\\/buletin.de\\\/bucuresti\\\/gabriela-firea-si-a-lansat-sloganul-de-campanie-cum-au-reactionat-intarnautii-si-oamenii-politici\\\/\"},\"author\":{\"name\":\"Teodora Stroe\",\"@id\":\"https:\\\/\\\/buletin.de\\\/bucuresti\\\/#\\\/schema\\\/person\\\/d369d7ddc775abece205795e0b804614\"},\"headline\":\"Gabriela Firea \u0219i-a lansat sloganul de campanie, cum au reac\u021bionat intarnau\u021bii \u0219i oamenii politici\",\"datePublished\":\"2020-07-24T15:06:25+00:00\",\"dateModified\":\"2020-07-24T15:33:14+00:00\",\"mainEntityOfPage\":{\"@id\":\"https:\\\/\\\/buletin.de\\\/bucuresti\\\/gabriela-firea-si-a-lansat-sloganul-de-campanie-cum-au-reactionat-intarnautii-si-oamenii-politici\\\/\"},\"wordCount\":401,\"publisher\":{\"@id\":\"https:\\\/\\\/buletin.de\\\/bucuresti\\\/#organization\"},\"image\":{\"@id\":\"https:\\\/\\\/buletin.de\\\/bucuresti\\\/gabriela-firea-si-a-lansat-sloganul-de-campanie-cum-au-reactionat-intarnautii-si-oamenii-politici\\\/#primaryimage\"},\"thumbnailUrl\":\"https:\\\/\\\/buletin.de\\\/bucuresti\\\/wp-content\\\/uploads\\\/cmm-firea-2-cover-scaled.jpg\",\"articleSection\":[\"Diverse\",\"Locale 2020\"],\"inLanguage\":\"en-GB\",\"copyrightYear\":\"2020\",\"copyrightHolder\":{\"@id\":\"https:\\\/\\\/buletin.de\\\/bucuresti\\\/#organization\"}},{\"@type\":\"WebPage\",\"@id\":\"https:\\\/\\\/buletin.de\\\/bucuresti\\\/gabriela-firea-si-a-lansat-sloganul-de-campanie-cum-au-reactionat-intarnautii-si-oamenii-politici\\\/\",\"url\":\"https:\\\/\\\/buletin.de\\\/bucuresti\\\/gabriela-firea-si-a-lansat-sloganul-de-campanie-cum-au-reactionat-intarnautii-si-oamenii-politici\\\/\",\"name\":\"Gabriela Firea \u0219i-a lansat sloganul de campanie, cum au reac\u021bionat intarnau\u021bii \u0219i oamenii politici - Buletin de Bucure\u0219ti\",\"isPartOf\":{\"@id\":\"https:\\\/\\\/buletin.de\\\/bucuresti\\\/#website\"},\"primaryImageOfPage\":{\"@id\":\"https:\\\/\\\/buletin.de\\\/bucuresti\\\/gabriela-firea-si-a-lansat-sloganul-de-campanie-cum-au-reactionat-intarnautii-si-oamenii-politici\\\/#primaryimage\"},\"image\":{\"@id\":\"https:\\\/\\\/buletin.de\\\/bucuresti\\\/gabriela-firea-si-a-lansat-sloganul-de-campanie-cum-au-reactionat-intarnautii-si-oamenii-politici\\\/#primaryimage\"},\"thumbnailUrl\":\"https:\\\/\\\/buletin.de\\\/bucuresti\\\/wp-content\\\/uploads\\\/cmm-firea-2-cover-scaled.jpg\",\"datePublished\":\"2020-07-24T15:06:25+00:00\",\"dateModified\":\"2020-07-24T15:33:14+00:00\",\"breadcrumb\":{\"@id\":\"https:\\\/\\\/buletin.de\\\/bucuresti\\\/gabriela-firea-si-a-lansat-sloganul-de-campanie-cum-au-reactionat-intarnautii-si-oamenii-politici\\\/#breadcrumb\"},\"inLanguage\":\"en-GB\",\"potentialAction\":[{\"@type\":\"ReadAction\",\"target\":[\"https:\\\/\\\/buletin.de\\\/bucuresti\\\/gabriela-firea-si-a-lansat-sloganul-de-campanie-cum-au-reactionat-intarnautii-si-oamenii-politici\\\/\"]}]},{\"@type\":\"ImageObject\",\"inLanguage\":\"en-GB\",\"@id\":\"https:\\\/\\\/buletin.de\\\/bucuresti\\\/gabriela-firea-si-a-lansat-sloganul-de-campanie-cum-au-reactionat-intarnautii-si-oamenii-politici\\\/#primaryimage\",\"url\":\"https:\\\/\\\/buletin.de\\\/bucuresti\\\/wp-content\\\/uploads\\\/cmm-firea-2-cover-scaled.jpg\",\"contentUrl\":\"https:\\\/\\\/buletin.de\\\/bucuresti\\\/wp-content\\\/uploads\\\/cmm-firea-2-cover-scaled.jpg\",\"width\":2560,\"height\":1499,\"caption\":\"Gabriela Firea si Emanuel-Gabriel Botnariu participa la prima Conferinta de Oncofertilitate din Romania, organizata de Primaria Capitalei, prin Administratia Spitalelor si Serviciilor Medicale Bucuresti, in cadrul Proiectului 'Newborn - Oncofertilitate', vineri, 16 noiembrie 2018. Inquam Photos \\\/ George Calin\"},{\"@type\":\"BreadcrumbList\",\"@id\":\"https:\\\/\\\/buletin.de\\\/bucuresti\\\/gabriela-firea-si-a-lansat-sloganul-de-campanie-cum-au-reactionat-intarnautii-si-oamenii-politici\\\/#breadcrumb\",\"itemListElement\":[{\"@type\":\"ListItem\",\"position\":1,\"name\":\"Acas\u0103\",\"item\":\"https:\\\/\\\/buletin.de\\\/bucuresti\\\/\"},{\"@type\":\"ListItem\",\"position\":2,\"name\":\"Gabriela Firea \u0219i-a lansat sloganul de campanie, cum au reac\u021bionat intarnau\u021bii \u0219i oamenii politici\"}]},{\"@type\":\"WebSite\",\"@id\":\"https:\\\/\\\/buletin.de\\\/bucuresti\\\/#website\",\"url\":\"https:\\\/\\\/buletin.de\\\/bucuresti\\\/\",\"name\":\"Buletin de Bucure\u0219ti\",\"description\":\"\u0218tiri \u0219i investiga\u021bii esen\u021biale din capital\u0103\",\"publisher\":{\"@id\":\"https:\\\/\\\/buletin.de\\\/bucuresti\\\/#organization\"},\"potentialAction\":[{\"@type\":\"SearchAction\",\"target\":{\"@type\":\"EntryPoint\",\"urlTemplate\":\"https:\\\/\\\/buletin.de\\\/bucuresti\\\/?s={search_term_string}\"},\"query-input\":{\"@type\":\"PropertyValueSpecification\",\"valueRequired\":true,\"valueName\":\"search_term_string\"}}],\"inLanguage\":\"en-GB\"},{\"@type\":\"Organization\",\"@id\":\"https:\\\/\\\/buletin.de\\\/bucuresti\\\/#organization\",\"name\":\"Buletin de Bucure\u0219ti\",\"url\":\"https:\\\/\\\/buletin.de\\\/bucuresti\\\/\",\"logo\":{\"@type\":\"ImageObject\",\"inLanguage\":\"en-GB\",\"@id\":\"https:\\\/\\\/buletin.de\\\/bucuresti\\\/#\\\/schema\\\/logo\\\/image\\\/\",\"url\":\"https:\\\/\\\/buletin.de\\\/bucuresti\\\/wp-content\\\/uploads\\\/logo-bdb-full-wide-vernil-transparent.png\",\"contentUrl\":\"https:\\\/\\\/buletin.de\\\/bucuresti\\\/wp-content\\\/uploads\\\/logo-bdb-full-wide-vernil-transparent.png\",\"width\":1782,\"height\":626,\"caption\":\"Buletin de Bucure\u0219ti\"},\"image\":{\"@id\":\"https:\\\/\\\/buletin.de\\\/bucuresti\\\/#\\\/schema\\\/logo\\\/image\\\/\"},\"sameAs\":[\"https:\\\/\\\/www.facebook.com\\\/buletin.de.buc\",\"https:\\\/\\\/www.instagram.com\\\/buletinde.bucuresti\\\/\"]},{\"@type\":\"Person\",\"@id\":\"https:\\\/\\\/buletin.de\\\/bucuresti\\\/#\\\/schema\\\/person\\\/d369d7ddc775abece205795e0b804614\",\"name\":\"Teodora Stroe\",\"image\":{\"@type\":\"ImageObject\",\"inLanguage\":\"en-GB\",\"@id\":\"https:\\\/\\\/secure.gravatar.com\\\/avatar\\\/2560b4cd9f5f1bc100b123158e657d75584bd1c3e1d9c69285720b9457c1b78d?s=96&d=monsterid&r=gc104800242ba5f2d78dd5d7dc4df08b6\",\"url\":\"https:\\\/\\\/secure.gravatar.com\\\/avatar\\\/2560b4cd9f5f1bc100b123158e657d75584bd1c3e1d9c69285720b9457c1b78d?s=96&d=monsterid&r=g\",\"contentUrl\":\"https:\\\/\\\/secure.gravatar.com\\\/avatar\\\/2560b4cd9f5f1bc100b123158e657d75584bd1c3e1d9c69285720b9457c1b78d?s=96&d=monsterid&r=g\",\"caption\":\"Teodora Stroe\"},\"url\":\"https:\\\/\\\/buletin.de\\\/bucuresti\\\/author\\\/simonacarlugea\\\/\"}]}<\/script>\n<!-- \/ Yoast SEO Premium plugin. -->","yoast_head_json":{"title":"Gabriela Firea \u0219i-a lansat sloganul de campanie, cum au reac\u021bionat intarnau\u021bii \u0219i oamenii politici - Buletin de Bucure\u0219ti","robots":{"index":"index","follow":"follow","max-snippet":"max-snippet:-1","max-image-preview":"max-image-preview:large","max-video-preview":"max-video-preview:-1"},"canonical":"https:\/\/buletin.de\/bucuresti\/gabriela-firea-si-a-lansat-sloganul-de-campanie-cum-au-reactionat-intarnautii-si-oamenii-politici\/","og_locale":"en_GB","og_type":"article","og_title":"Gabriela Firea \u0219i-a lansat sloganul de campanie, cum au reac\u021bionat intarnau\u021bii \u0219i oamenii politici","og_description":"Candidatul PSD la Prim\u0103ria Capitalei, Gabriela Firea \u0219i-a lansat ieri, cu o postare pe Facebook, noul slogan electoral, FIREA OAMENILOR. Este vorba, de fapt, de un acrostih al numelui primului so\u021b al actualului primar, pe care \u00eenc\u0103 \u00eel poart\u0103, de\u0219i este c\u0103s\u0103torit\u0103 cu Florentin Pandele . Firea Oamenilor\u201d \u00eenseamn\u0103: &#8220;For\u021b\u0103, Iubire, Realitate, Eficien\u021b\u0103, Adev\u0103r Oamenilor [&hellip;]","og_url":"https:\/\/buletin.de\/bucuresti\/gabriela-firea-si-a-lansat-sloganul-de-campanie-cum-au-reactionat-intarnautii-si-oamenii-politici\/","og_site_name":"Buletin de Bucure\u0219ti","article_publisher":"https:\/\/www.facebook.com\/buletin.de.buc","article_published_time":"2020-07-24T15:06:25+00:00","article_modified_time":"2020-07-24T15:33:14+00:00","og_image":[{"width":2560,"height":1499,"url":"https:\/\/buletin.de\/bucuresti\/wp-content\/uploads\/cmm-firea-2-cover-scaled.jpg","type":"image\/jpeg"}],"author":"Teodora Stroe","twitter_card":"summary_large_image","twitter_misc":{"Written by":"Teodora Stroe","Estimated reading time":"2 minutes"},"schema":{"@context":"https:\/\/schema.org","@graph":[{"@type":"Article","@id":"https:\/\/buletin.de\/bucuresti\/gabriela-firea-si-a-lansat-sloganul-de-campanie-cum-au-reactionat-intarnautii-si-oamenii-politici\/#article","isPartOf":{"@id":"https:\/\/buletin.de\/bucuresti\/gabriela-firea-si-a-lansat-sloganul-de-campanie-cum-au-reactionat-intarnautii-si-oamenii-politici\/"},"author":{"name":"Teodora Stroe","@id":"https:\/\/buletin.de\/bucuresti\/#\/schema\/person\/d369d7ddc775abece205795e0b804614"},"headline":"Gabriela Firea \u0219i-a lansat sloganul de campanie, cum au reac\u021bionat intarnau\u021bii \u0219i oamenii politici","datePublished":"2020-07-24T15:06:25+00:00","dateModified":"2020-07-24T15:33:14+00:00","mainEntityOfPage":{"@id":"https:\/\/buletin.de\/bucuresti\/gabriela-firea-si-a-lansat-sloganul-de-campanie-cum-au-reactionat-intarnautii-si-oamenii-politici\/"},"wordCount":401,"publisher":{"@id":"https:\/\/buletin.de\/bucuresti\/#organization"},"image":{"@id":"https:\/\/buletin.de\/bucuresti\/gabriela-firea-si-a-lansat-sloganul-de-campanie-cum-au-reactionat-intarnautii-si-oamenii-politici\/#primaryimage"},"thumbnailUrl":"https:\/\/buletin.de\/bucuresti\/wp-content\/uploads\/cmm-firea-2-cover-scaled.jpg","articleSection":["Diverse","Locale 2020"],"inLanguage":"en-GB","copyrightYear":"2020","copyrightHolder":{"@id":"https:\/\/buletin.de\/bucuresti\/#organization"}},{"@type":"WebPage","@id":"https:\/\/buletin.de\/bucuresti\/gabriela-firea-si-a-lansat-sloganul-de-campanie-cum-au-reactionat-intarnautii-si-oamenii-politici\/","url":"https:\/\/buletin.de\/bucuresti\/gabriela-firea-si-a-lansat-sloganul-de-campanie-cum-au-reactionat-intarnautii-si-oamenii-politici\/","name":"Gabriela Firea \u0219i-a lansat sloganul de campanie, cum au reac\u021bionat intarnau\u021bii \u0219i oamenii politici - Buletin de Bucure\u0219ti","isPartOf":{"@id":"https:\/\/buletin.de\/bucuresti\/#website"},"primaryImageOfPage":{"@id":"https:\/\/buletin.de\/bucuresti\/gabriela-firea-si-a-lansat-sloganul-de-campanie-cum-au-reactionat-intarnautii-si-oamenii-politici\/#primaryimage"},"image":{"@id":"https:\/\/buletin.de\/bucuresti\/gabriela-firea-si-a-lansat-sloganul-de-campanie-cum-au-reactionat-intarnautii-si-oamenii-politici\/#primaryimage"},"thumbnailUrl":"https:\/\/buletin.de\/bucuresti\/wp-content\/uploads\/cmm-firea-2-cover-scaled.jpg","datePublished":"2020-07-24T15:06:25+00:00","dateModified":"2020-07-24T15:33:14+00:00","breadcrumb":{"@id":"https:\/\/buletin.de\/bucuresti\/gabriela-firea-si-a-lansat-sloganul-de-campanie-cum-au-reactionat-intarnautii-si-oamenii-politici\/#breadcrumb"},"inLanguage":"en-GB","potentialAction":[{"@type":"ReadAction","target":["https:\/\/buletin.de\/bucuresti\/gabriela-firea-si-a-lansat-sloganul-de-campanie-cum-au-reactionat-intarnautii-si-oamenii-politici\/"]}]},{"@type":"ImageObject","inLanguage":"en-GB","@id":"https:\/\/buletin.de\/bucuresti\/gabriela-firea-si-a-lansat-sloganul-de-campanie-cum-au-reactionat-intarnautii-si-oamenii-politici\/#primaryimage","url":"https:\/\/buletin.de\/bucuresti\/wp-content\/uploads\/cmm-firea-2-cover-scaled.jpg","contentUrl":"https:\/\/buletin.de\/bucuresti\/wp-content\/uploads\/cmm-firea-2-cover-scaled.jpg","width":2560,"height":1499,"caption":"Gabriela Firea si Emanuel-Gabriel Botnariu participa la prima Conferinta de Oncofertilitate din Romania, organizata de Primaria Capitalei, prin Administratia Spitalelor si Serviciilor Medicale Bucuresti, in cadrul Proiectului 'Newborn - Oncofertilitate', vineri, 16 noiembrie 2018. Inquam Photos \/ George Calin"},{"@type":"BreadcrumbList","@id":"https:\/\/buletin.de\/bucuresti\/gabriela-firea-si-a-lansat-sloganul-de-campanie-cum-au-reactionat-intarnautii-si-oamenii-politici\/#breadcrumb","itemListElement":[{"@type":"ListItem","position":1,"name":"Acas\u0103","item":"https:\/\/buletin.de\/bucuresti\/"},{"@type":"ListItem","position":2,"name":"Gabriela Firea \u0219i-a lansat sloganul de campanie, cum au reac\u021bionat intarnau\u021bii \u0219i oamenii politici"}]},{"@type":"WebSite","@id":"https:\/\/buletin.de\/bucuresti\/#website","url":"https:\/\/buletin.de\/bucuresti\/","name":"Buletin de Bucure\u0219ti","description":"\u0218tiri \u0219i investiga\u021bii esen\u021biale din capital\u0103","publisher":{"@id":"https:\/\/buletin.de\/bucuresti\/#organization"},"potentialAction":[{"@type":"SearchAction","target":{"@type":"EntryPoint","urlTemplate":"https:\/\/buletin.de\/bucuresti\/?s={search_term_string}"},"query-input":{"@type":"PropertyValueSpecification","valueRequired":true,"valueName":"search_term_string"}}],"inLanguage":"en-GB"},{"@type":"Organization","@id":"https:\/\/buletin.de\/bucuresti\/#organization","name":"Buletin de Bucure\u0219ti","url":"https:\/\/buletin.de\/bucuresti\/","logo":{"@type":"ImageObject","inLanguage":"en-GB","@id":"https:\/\/buletin.de\/bucuresti\/#\/schema\/logo\/image\/","url":"https:\/\/buletin.de\/bucuresti\/wp-content\/uploads\/logo-bdb-full-wide-vernil-transparent.png","contentUrl":"https:\/\/buletin.de\/bucuresti\/wp-content\/uploads\/logo-bdb-full-wide-vernil-transparent.png","width":1782,"height":626,"caption":"Buletin de Bucure\u0219ti"},"image":{"@id":"https:\/\/buletin.de\/bucuresti\/#\/schema\/logo\/image\/"},"sameAs":["https:\/\/www.facebook.com\/buletin.de.buc","https:\/\/www.instagram.com\/buletinde.bucuresti\/"]},{"@type":"Person","@id":"https:\/\/buletin.de\/bucuresti\/#\/schema\/person\/d369d7ddc775abece205795e0b804614","name":"Teodora Stroe","image":{"@type":"ImageObject","inLanguage":"en-GB","@id":"https:\/\/secure.gravatar.com\/avatar\/2560b4cd9f5f1bc100b123158e657d75584bd1c3e1d9c69285720b9457c1b78d?s=96&d=monsterid&r=gc104800242ba5f2d78dd5d7dc4df08b6","url":"https:\/\/secure.gravatar.com\/avatar\/2560b4cd9f5f1bc100b123158e657d75584bd1c3e1d9c69285720b9457c1b78d?s=96&d=monsterid&r=g","contentUrl":"https:\/\/secure.gravatar.com\/avatar\/2560b4cd9f5f1bc100b123158e657d75584bd1c3e1d9c69285720b9457c1b78d?s=96&d=monsterid&r=g","caption":"Teodora Stroe"},"url":"https:\/\/buletin.de\/bucuresti\/author\/simonacarlugea\/"}]}},"authors":[{"term_id":22579,"user_id":18,"is_guest":0,"slug":"simonacarlugea","display_name":"Teodora Stroe","avatar_url":"https:\/\/secure.gravatar.com\/avatar\/2560b4cd9f5f1bc100b123158e657d75584bd1c3e1d9c69285720b9457c1b78d?s=96&d=monsterid&r=g","0":null,"1":"","2":"","3":"","4":"","5":"","6":"","7":"","8":""}],"_links":{"self":[{"href":"https:\/\/buletin.de\/bucuresti\/wp-json\/wp\/v2\/posts\/9579","targetHints":{"allow":["GET"]}}],"collection":[{"href":"https:\/\/buletin.de\/bucuresti\/wp-json\/wp\/v2\/posts"}],"about":[{"href":"https:\/\/buletin.de\/bucuresti\/wp-json\/wp\/v2\/types\/post"}],"author":[{"embeddable":true,"href":"https:\/\/buletin.de\/bucuresti\/wp-json\/wp\/v2\/users\/18"}],"replies":[{"embeddable":true,"href":"https:\/\/buletin.de\/bucuresti\/wp-json\/wp\/v2\/comments?post=9579"}],"version-history":[{"count":5,"href":"https:\/\/buletin.de\/bucuresti\/wp-json\/wp\/v2\/posts\/9579\/revisions"}],"predecessor-version":[{"id":9596,"href":"https:\/\/buletin.de\/bucuresti\/wp-json\/wp\/v2\/posts\/9579\/revisions\/9596"}],"wp:featuredmedia":[{"embeddable":true,"href":"https:\/\/buletin.de\/bucuresti\/wp-json\/wp\/v2\/media\/403"}],"wp:attachment":[{"href":"https:\/\/buletin.de\/bucuresti\/wp-json\/wp\/v2\/media?parent=9579"}],"wp:term":[{"taxonomy":"category","embeddable":true,"href":"https:\/\/buletin.de\/bucuresti\/wp-json\/wp\/v2\/categories?post=9579"},{"taxonomy":"post_tag","embeddable":true,"href":"https:\/\/buletin.de\/bucuresti\/wp-json\/wp\/v2\/tags?post=9579"},{"taxonomy":"author","embeddable":true,"href":"https:\/\/buletin.de\/bucuresti\/wp-json\/wp\/v2\/ppma_author?post=9579"}],"curies":[{"name":"wp","href":"https:\/\/api.w.org\/{rel}","templated":true}]}}