{"id":95749,"date":"2024-08-26T15:37:40","date_gmt":"2024-08-26T12:37:40","guid":{"rendered":"https:\/\/buletin.de\/bucuresti\/?p=95749"},"modified":"2024-08-26T17:32:43","modified_gmt":"2024-08-26T14:32:43","slug":"programul-cinema-sub-stele-din-saptamana-26-august-1-septembrie-in-parcul-crangasi","status":"publish","type":"post","link":"https:\/\/buletin.de\/bucuresti\/programul-cinema-sub-stele-din-saptamana-26-august-1-septembrie-in-parcul-crangasi\/","title":{"rendered":"Programul \u201eCinema sub Stele\u201d din s\u0103pt\u0103m\u00e2na 26 august &#8211; 1 septembrie, \u00een Parcul Cr\u00e2nga\u0219i"},"content":{"rendered":"\n<p><strong>Programul \u201eCinema sub Stele\u201d \u00een perioada 26 august &#8211; 1 septembrie. \u00cen aceast\u0103 s\u0103pt\u0103m\u00e2n\u0103, Parcul Cr\u00e2nga\u0219i se va transforma \u00een cinematograf \u00een aer liber \u0219i va g\u0103zdui \u0219apte proiec\u021bii de film. Accesul este gratuit.<\/strong><\/p>\n\n\n\n<p>Se va difuza c\u00e2te un film pe sear\u0103, \u00eencep\u00e2nd de la ora 20:30. Proiec\u021biile vor avea loc \u00een Parcul Cr\u00e2nga\u0219i, pe platoul dinspre Lacul Morii.<\/p>\n\n\n\n<p>Vor fi amenajate pufuri, scaune \u0219i b\u0103ncu\u021be, \u00eens\u0103 spectatorii \u00ee\u0219i pot aduce \u0219i propriile p\u0103turi de acas\u0103, transmite <a href=\"https:\/\/www.facebook.com\/PrimariaSectorului6\/posts\/pfbid0iv728HqfZ8dwjjq9g26eR2VSdPUku4bUnxUzq32qz88saCJ9wXHACJuM2Xz1Xqmul?__cft__[0]=AZVycKBTQAojTFL2HXnXss8U4PrV2Tpx3f8Qfvm3pr0qacxU9BhP-Y3YLHzp3Zxaeubci3jZdxycZib7Na0X-5OidMBuMW6MOkur_AxAmBSap8aQJAhhD52MWOgk-wu9BNgMooZzHrWAj3py_mYOdPFqw1UPivuW0Qhpml6P8zjV0JdnXQUdcXi7Mcy4y6ZZylFQ4WqMEa9qpz5JOkB1sA3U&amp;__tn__=%2CO%2CP-R\">Prim\u0103ria Sectorului 6<\/a>.<\/p>\n\n\n\n<h2 class=\"wp-block-heading\" id=\"h-programul-cinema-sub-stele-in-parcul-cranga\u0219i\"><strong>Programul \u201eCinema sub Stele\u201d<\/strong> \u00een Parcul Cr\u00e2nga\u0219i<\/h2>\n\n\n\n<ul class=\"wp-block-list\">\n<li><strong>Luni, 26 august<\/strong> \u2013 Alibi.com 2 (2023, comedie, 88 min, regia Philippe Lacheau, cu Philippe Lacheau, Tarek Boudali) AP-12<\/li>\n\n\n\n<li><strong>Mar\u021bi, 27 august <\/strong>\u2013 Cartea cu solu\u021bii \/ The Book of Solutions (2023, comedie, 102 min, regia Michel Gondry, cu Pierre Niney, Blanche Gardin) AP-12<\/li>\n\n\n\n<li><strong>Miercuri, 28 august<\/strong> \u2013 Forrest Gump (1994, comedie, dram\u0103, 142 min, Regia Robert Zemeckis, cu Tom Hanks) AP-12<\/li>\n\n\n\n<li><strong>Joi, 29 august <\/strong>\u2013 Super Mario Bros: Filmul \/ The Super Mario Bros. Movie (2023, anima\u021bie, 92 min, regia Aaron Horvath, voi Chris Pratt, Jack Black) AG<\/li>\n\n\n\n<li><strong>Vineri, 30 august<\/strong> \u2013 \u00cenchisoarea \u00eengerilor \/ The Shawshank Redemption (1994, dram\u0103, 142 min, regia Frank Darabont, cu Tim Robbins, Morgan Freeman) AP-12<\/li>\n\n\n\n<li><strong>S\u00e2mb\u0103t\u0103, 31 august <\/strong>\u2013 Furios \u0219i Iute X \/ Fast X (2023, ac\u021biune, 140 min, regia Louis Letterier, cu Vin Diesel, Jason Momoa, Jason Statham) AP-12<\/li>\n\n\n\n<li><strong>Duminic\u0103, 1 septembrie <\/strong>\u2013 Argylle: Superspionul \/ Argylle (2024, ac\u021biune, 138 min, regia Matthew Vaughn, cu Henry Cavill, Dua Lipa) AP-12 <\/li>\n<\/ul>\n\n\n\n<p>\u00cen plus, cei prezen\u021bi pot aduce rechizite \u0219i juc\u0103rii pentru copiii defavoriza\u021bi din Sectorul 6.\u00a0<a href=\"https:\/\/www.socialxchange.ro\/\">Magazinul caritabil SocialXchange<\/a>\u00a0va amenaja un punct de colectare \u00een fiecare sear\u0103 a evenimentului. <\/p>\n\n\n\n<p>Aici se vor str\u00e2nge caiete, ghiozdane, instrumente de scris, dispozitive electronice \u0219i orice fel de articole \u0219colare nefolosite sau r\u0103mase din anii trecu\u021bi. Dona\u021biile vor fi distribuite copiilor \u00eenainte de \u00eenceperea \u0219colii.<\/p>\n\n\n\n<p>Evenimentul a \u00eenceput pe 8 august \u0219i se va termina pe 8 septembrie. P\u00e2n\u0103 la acest moment, \u00een cele 18 seri, au participat aproximativ 20.000 de persoane, transmit organizatorii.<\/p>\n\n\n\n<p>Ulterior, proiec\u021biile de film vor ajunge \u00een Parcul Marin Preda, ultima destina\u021bie a evenimentului. Programul \u201eCinema sub Stele\u201d pentru s\u0103pt\u0103m\u00e2na 2-8 septembrie poate fi citit <a href=\"https:\/\/buletin.de\/bucuresti\/cinematografe-in-aer-liber-in-piateta-favorit-si-in-patru-parcuri-din-sectorul-6\/\">aici<\/a>.<\/p>\n\n\n\n<h2 class=\"wp-block-heading\" id=\"h-cinema-in-aer-liber-in-parcul-titan\">\u201eCinema \u00een aer liber\u201d \u00een Parcul Titan<\/h2>\n\n\n\n<p>Un eveniment similar are loc \u0219i \u00een Parcul Titan din Sectorul 3, a\u0219a cum a scris Buletin de Bucure\u0219ti\u00a0<a href=\"https:\/\/buletin.de\/bucuresti\/transportul-public-reorganizat\/\">aici<\/a>. Acesta a \u00eenceput \u00een data de 13 august \u0219i se va termina pe 8 septembrie. \u00cen total, 24 de filme se vor difuza pe Insula Artelor. \u0218i \u00een acest caz, accesul este gratuit.<\/p>\n\n\n\n<p><strong>CITE\u0218TE \u0218I:<a href=\"https:\/\/buletin.de\/bucuresti\/capitala-pe-celuloid-dupa-proiectii-de-film-in-sectorul-6-reapar-si-cele-de-pe-insula-artelor-din-parcul-titan\/\">\u00a0Capitala pe celuloid. Dup\u0103 proiec\u021bii de film \u00een Sectorul 6, reapar \u015fi cele de pe Insula Artelor, din parcul Titan<\/a><\/strong><\/p>\n","protected":false},"excerpt":{"rendered":"<p>Programul \u201eCinema sub Stele\u201d \u00een perioada 26 august &#8211; 1 septembrie. \u00cen aceast\u0103 s\u0103pt\u0103m\u00e2n\u0103, Parcul Cr\u00e2nga\u0219i se va transforma \u00een cinematograf \u00een aer liber \u0219i va g\u0103zdui \u0219apte proiec\u021bii de film. Accesul este gratuit. Se va difuza c\u00e2te un film pe sear\u0103, \u00eencep\u00e2nd de la ora 20:30. Proiec\u021biile vor avea loc \u00een Parcul Cr\u00e2nga\u0219i, pe [&hellip;]<\/p>\n","protected":false},"author":55,"featured_media":95760,"comment_status":"closed","ping_status":"open","sticky":false,"template":"","format":"standard","meta":{"_acf_changed":false,"inline_featured_image":false,"ngg_post_thumbnail":0,"footnotes":""},"categories":[6994,81,62],"tags":[6652,6668,14015,6670,14515,13233,523],"ppma_author":[22573],"class_list":["post-95749","post","type-post","status-publish","format-standard","has-post-thumbnail","hentry","category-stiri-2","category-cultura","category-stiri","tag-cinema-in-aer-liber","tag-cinema-sub-stele","tag-filme-gratis","tag-parcul-crangasi","tag-programul-cinema-sub-stele","tag-proiectii-de-film","tag-sector-6"],"acf":[],"yoast_head":"<!-- This site is optimized with the Yoast SEO Premium plugin v25.3 (Yoast SEO v27.5) - https:\/\/yoast.com\/product\/yoast-seo-premium-wordpress\/ -->\n<title>Programul \u201eCinema sub Stele\u201d din s\u0103pt\u0103m\u00e2na 26 august - 1 septembrie, \u00een Parcul Cr\u00e2nga\u0219i - Buletin de Bucure\u0219ti<\/title>\n<meta name=\"description\" content=\"Programul \u201eCinema sub Stele\u201d \u00een perioada 26 august - 1 septembrie. Parcul Cr\u00e2nga\u0219i se va transforma \u00een cinematograf \u00een aer liber.\" \/>\n<meta name=\"robots\" content=\"index, follow, max-snippet:-1, max-image-preview:large, max-video-preview:-1\" \/>\n<link rel=\"canonical\" href=\"https:\/\/buletin.de\/bucuresti\/programul-cinema-sub-stele-din-saptamana-26-august-1-septembrie-in-parcul-crangasi\/\" \/>\n<meta property=\"og:locale\" content=\"en_GB\" \/>\n<meta property=\"og:type\" content=\"article\" \/>\n<meta property=\"og:title\" content=\"Programul \u201eCinema sub Stele\u201d din s\u0103pt\u0103m\u00e2na 26 august - 1 septembrie, \u00een Parcul Cr\u00e2nga\u0219i\" \/>\n<meta property=\"og:description\" content=\"Programul \u201eCinema sub Stele\u201d \u00een perioada 26 august - 1 septembrie. Parcul Cr\u00e2nga\u0219i se va transforma \u00een cinematograf \u00een aer liber.\" \/>\n<meta property=\"og:url\" content=\"https:\/\/buletin.de\/bucuresti\/programul-cinema-sub-stele-din-saptamana-26-august-1-septembrie-in-parcul-crangasi\/\" \/>\n<meta property=\"og:site_name\" content=\"Buletin de Bucure\u0219ti\" \/>\n<meta property=\"article:publisher\" content=\"https:\/\/www.facebook.com\/buletin.de.buc\" \/>\n<meta property=\"article:published_time\" content=\"2024-08-26T12:37:40+00:00\" \/>\n<meta property=\"article:modified_time\" content=\"2024-08-26T14:32:43+00:00\" \/>\n<meta property=\"og:image\" content=\"https:\/\/buletin.de\/bucuresti\/wp-content\/uploads\/456966653_913177214173550_6234498449655033692_n.jpg\" \/>\n\t<meta property=\"og:image:width\" content=\"2000\" \/>\n\t<meta property=\"og:image:height\" content=\"1333\" \/>\n\t<meta property=\"og:image:type\" content=\"image\/jpeg\" \/>\n<meta name=\"author\" content=\"Andreea Tudor\" \/>\n<meta name=\"twitter:card\" content=\"summary_large_image\" \/>\n<meta name=\"twitter:label1\" content=\"Written by\" \/>\n\t<meta name=\"twitter:data1\" content=\"Andreea Tudor\" \/>\n\t<meta name=\"twitter:label2\" content=\"Estimated reading time\" \/>\n\t<meta name=\"twitter:data2\" content=\"3 minutes\" \/>\n<script type=\"application\/ld+json\" class=\"yoast-schema-graph\">{\"@context\":\"https:\\\/\\\/schema.org\",\"@graph\":[{\"@type\":\"Article\",\"@id\":\"https:\\\/\\\/buletin.de\\\/bucuresti\\\/programul-cinema-sub-stele-din-saptamana-26-august-1-septembrie-in-parcul-crangasi\\\/#article\",\"isPartOf\":{\"@id\":\"https:\\\/\\\/buletin.de\\\/bucuresti\\\/programul-cinema-sub-stele-din-saptamana-26-august-1-septembrie-in-parcul-crangasi\\\/\"},\"author\":{\"name\":\"Andreea Tudor\",\"@id\":\"https:\\\/\\\/buletin.de\\\/bucuresti\\\/#\\\/schema\\\/person\\\/150590659efde715459d159da012f501\"},\"headline\":\"Programul \u201eCinema sub Stele\u201d din s\u0103pt\u0103m\u00e2na 26 august &#8211; 1 septembrie, \u00een Parcul Cr\u00e2nga\u0219i\",\"datePublished\":\"2024-08-26T12:37:40+00:00\",\"dateModified\":\"2024-08-26T14:32:43+00:00\",\"mainEntityOfPage\":{\"@id\":\"https:\\\/\\\/buletin.de\\\/bucuresti\\\/programul-cinema-sub-stele-din-saptamana-26-august-1-septembrie-in-parcul-crangasi\\\/\"},\"wordCount\":456,\"publisher\":{\"@id\":\"https:\\\/\\\/buletin.de\\\/bucuresti\\\/#organization\"},\"image\":{\"@id\":\"https:\\\/\\\/buletin.de\\\/bucuresti\\\/programul-cinema-sub-stele-din-saptamana-26-august-1-septembrie-in-parcul-crangasi\\\/#primaryimage\"},\"thumbnailUrl\":\"https:\\\/\\\/buletin.de\\\/bucuresti\\\/wp-content\\\/uploads\\\/456966653_913177214173550_6234498449655033692_n.jpg\",\"keywords\":[\"cinema in aer liber\",\"cinema sub stele\",\"filme gratis\",\"parcul crangasi\",\"programul cinema sub stele\",\"proiectii de film\",\"Sector 6\"],\"articleSection\":[\"Articole\",\"Cultur\u0103\",\"\u0218tiri\"],\"inLanguage\":\"en-GB\",\"copyrightYear\":\"2024\",\"copyrightHolder\":{\"@id\":\"https:\\\/\\\/buletin.de\\\/bucuresti\\\/#organization\"}},{\"@type\":\"WebPage\",\"@id\":\"https:\\\/\\\/buletin.de\\\/bucuresti\\\/programul-cinema-sub-stele-din-saptamana-26-august-1-septembrie-in-parcul-crangasi\\\/\",\"url\":\"https:\\\/\\\/buletin.de\\\/bucuresti\\\/programul-cinema-sub-stele-din-saptamana-26-august-1-septembrie-in-parcul-crangasi\\\/\",\"name\":\"Programul \u201eCinema sub Stele\u201d din s\u0103pt\u0103m\u00e2na 26 august - 1 septembrie, \u00een Parcul Cr\u00e2nga\u0219i - Buletin de Bucure\u0219ti\",\"isPartOf\":{\"@id\":\"https:\\\/\\\/buletin.de\\\/bucuresti\\\/#website\"},\"primaryImageOfPage\":{\"@id\":\"https:\\\/\\\/buletin.de\\\/bucuresti\\\/programul-cinema-sub-stele-din-saptamana-26-august-1-septembrie-in-parcul-crangasi\\\/#primaryimage\"},\"image\":{\"@id\":\"https:\\\/\\\/buletin.de\\\/bucuresti\\\/programul-cinema-sub-stele-din-saptamana-26-august-1-septembrie-in-parcul-crangasi\\\/#primaryimage\"},\"thumbnailUrl\":\"https:\\\/\\\/buletin.de\\\/bucuresti\\\/wp-content\\\/uploads\\\/456966653_913177214173550_6234498449655033692_n.jpg\",\"datePublished\":\"2024-08-26T12:37:40+00:00\",\"dateModified\":\"2024-08-26T14:32:43+00:00\",\"description\":\"Programul \u201eCinema sub Stele\u201d \u00een perioada 26 august - 1 septembrie. Parcul Cr\u00e2nga\u0219i se va transforma \u00een cinematograf \u00een aer liber.\",\"breadcrumb\":{\"@id\":\"https:\\\/\\\/buletin.de\\\/bucuresti\\\/programul-cinema-sub-stele-din-saptamana-26-august-1-septembrie-in-parcul-crangasi\\\/#breadcrumb\"},\"inLanguage\":\"en-GB\",\"potentialAction\":[{\"@type\":\"ReadAction\",\"target\":[\"https:\\\/\\\/buletin.de\\\/bucuresti\\\/programul-cinema-sub-stele-din-saptamana-26-august-1-septembrie-in-parcul-crangasi\\\/\"]}]},{\"@type\":\"ImageObject\",\"inLanguage\":\"en-GB\",\"@id\":\"https:\\\/\\\/buletin.de\\\/bucuresti\\\/programul-cinema-sub-stele-din-saptamana-26-august-1-septembrie-in-parcul-crangasi\\\/#primaryimage\",\"url\":\"https:\\\/\\\/buletin.de\\\/bucuresti\\\/wp-content\\\/uploads\\\/456966653_913177214173550_6234498449655033692_n.jpg\",\"contentUrl\":\"https:\\\/\\\/buletin.de\\\/bucuresti\\\/wp-content\\\/uploads\\\/456966653_913177214173550_6234498449655033692_n.jpg\",\"width\":2000,\"height\":1333,\"caption\":\"Programul \u201eCinema sub Stele\u201d din aceast\u0103 s\u0103pt\u0103m\u00e2n\u0103. Evenimentul ajunge \u00een Parcul Cr\u00e2nga\u0219i. Foto: FB\\\/ PS6\"},{\"@type\":\"BreadcrumbList\",\"@id\":\"https:\\\/\\\/buletin.de\\\/bucuresti\\\/programul-cinema-sub-stele-din-saptamana-26-august-1-septembrie-in-parcul-crangasi\\\/#breadcrumb\",\"itemListElement\":[{\"@type\":\"ListItem\",\"position\":1,\"name\":\"Acas\u0103\",\"item\":\"https:\\\/\\\/buletin.de\\\/bucuresti\\\/\"},{\"@type\":\"ListItem\",\"position\":2,\"name\":\"Programul \u201eCinema sub Stele\u201d din s\u0103pt\u0103m\u00e2na 26 august &#8211; 1 septembrie, \u00een Parcul Cr\u00e2nga\u0219i\"}]},{\"@type\":\"WebSite\",\"@id\":\"https:\\\/\\\/buletin.de\\\/bucuresti\\\/#website\",\"url\":\"https:\\\/\\\/buletin.de\\\/bucuresti\\\/\",\"name\":\"Buletin de Bucure\u0219ti\",\"description\":\"\u0218tiri \u0219i investiga\u021bii esen\u021biale din capital\u0103\",\"publisher\":{\"@id\":\"https:\\\/\\\/buletin.de\\\/bucuresti\\\/#organization\"},\"potentialAction\":[{\"@type\":\"SearchAction\",\"target\":{\"@type\":\"EntryPoint\",\"urlTemplate\":\"https:\\\/\\\/buletin.de\\\/bucuresti\\\/?s={search_term_string}\"},\"query-input\":{\"@type\":\"PropertyValueSpecification\",\"valueRequired\":true,\"valueName\":\"search_term_string\"}}],\"inLanguage\":\"en-GB\"},{\"@type\":\"Organization\",\"@id\":\"https:\\\/\\\/buletin.de\\\/bucuresti\\\/#organization\",\"name\":\"Buletin de Bucure\u0219ti\",\"url\":\"https:\\\/\\\/buletin.de\\\/bucuresti\\\/\",\"logo\":{\"@type\":\"ImageObject\",\"inLanguage\":\"en-GB\",\"@id\":\"https:\\\/\\\/buletin.de\\\/bucuresti\\\/#\\\/schema\\\/logo\\\/image\\\/\",\"url\":\"https:\\\/\\\/buletin.de\\\/bucuresti\\\/wp-content\\\/uploads\\\/logo-bdb-full-wide-vernil-transparent.png\",\"contentUrl\":\"https:\\\/\\\/buletin.de\\\/bucuresti\\\/wp-content\\\/uploads\\\/logo-bdb-full-wide-vernil-transparent.png\",\"width\":1782,\"height\":626,\"caption\":\"Buletin de Bucure\u0219ti\"},\"image\":{\"@id\":\"https:\\\/\\\/buletin.de\\\/bucuresti\\\/#\\\/schema\\\/logo\\\/image\\\/\"},\"sameAs\":[\"https:\\\/\\\/www.facebook.com\\\/buletin.de.buc\",\"https:\\\/\\\/www.instagram.com\\\/buletinde.bucuresti\\\/\"]},{\"@type\":\"Person\",\"@id\":\"https:\\\/\\\/buletin.de\\\/bucuresti\\\/#\\\/schema\\\/person\\\/150590659efde715459d159da012f501\",\"name\":\"Andreea Tudor\",\"image\":{\"@type\":\"ImageObject\",\"inLanguage\":\"en-GB\",\"@id\":\"https:\\\/\\\/secure.gravatar.com\\\/avatar\\\/a88705a186ab0b67f3349bcbced506c09e37256fbaad0e7f3bd1a79b4599f589?s=96&d=monsterid&r=g79290610aa1a65c2b86eebc2ca5aee8f\",\"url\":\"https:\\\/\\\/secure.gravatar.com\\\/avatar\\\/a88705a186ab0b67f3349bcbced506c09e37256fbaad0e7f3bd1a79b4599f589?s=96&d=monsterid&r=g\",\"contentUrl\":\"https:\\\/\\\/secure.gravatar.com\\\/avatar\\\/a88705a186ab0b67f3349bcbced506c09e37256fbaad0e7f3bd1a79b4599f589?s=96&d=monsterid&r=g\",\"caption\":\"Andreea Tudor\"},\"description\":\"N\u0103scut\u0103 \u0219i crescut\u0103 \u00een Bucure\u0219ti, sus\u021bin\u0103toare a presei independente. A\u0219a am ajuns redactor la Buletin de Bucure\u0219ti. Fiind eu, \u00eens\u0103mi, parte a sistemului de \u00eenv\u0103\u021b\u0103m\u00e2nt rom\u00e2nesc \u0219i pasionat\u0103 de domeniul social, pun sub lup\u0103 tot ceea ce se \u00eent\u00e2mpl\u0103 \u00een sfera educa\u021biei. Cred cu t\u0103rie c\u0103 presa \u201epentru cet\u0103\u021beni\u201d este presa independent\u0103. Oamenii au nevoie de o informare corect\u0103 pentru a \u00een\u021belege pe deplin ce se \u00eent\u00e2mpl\u0103 \u00een jurul lor \u0219i pentru a lua ac\u021biune \u00eempotriva nedrept\u0103\u021bilor.\",\"url\":\"https:\\\/\\\/buletin.de\\\/bucuresti\\\/author\\\/andreeatudor\\\/\"}]}<\/script>\n<!-- \/ Yoast SEO Premium plugin. -->","yoast_head_json":{"title":"Programul \u201eCinema sub Stele\u201d din s\u0103pt\u0103m\u00e2na 26 august - 1 septembrie, \u00een Parcul Cr\u00e2nga\u0219i - Buletin de Bucure\u0219ti","description":"Programul \u201eCinema sub Stele\u201d \u00een perioada 26 august - 1 septembrie. Parcul Cr\u00e2nga\u0219i se va transforma \u00een cinematograf \u00een aer liber.","robots":{"index":"index","follow":"follow","max-snippet":"max-snippet:-1","max-image-preview":"max-image-preview:large","max-video-preview":"max-video-preview:-1"},"canonical":"https:\/\/buletin.de\/bucuresti\/programul-cinema-sub-stele-din-saptamana-26-august-1-septembrie-in-parcul-crangasi\/","og_locale":"en_GB","og_type":"article","og_title":"Programul \u201eCinema sub Stele\u201d din s\u0103pt\u0103m\u00e2na 26 august - 1 septembrie, \u00een Parcul Cr\u00e2nga\u0219i","og_description":"Programul \u201eCinema sub Stele\u201d \u00een perioada 26 august - 1 septembrie. Parcul Cr\u00e2nga\u0219i se va transforma \u00een cinematograf \u00een aer liber.","og_url":"https:\/\/buletin.de\/bucuresti\/programul-cinema-sub-stele-din-saptamana-26-august-1-septembrie-in-parcul-crangasi\/","og_site_name":"Buletin de Bucure\u0219ti","article_publisher":"https:\/\/www.facebook.com\/buletin.de.buc","article_published_time":"2024-08-26T12:37:40+00:00","article_modified_time":"2024-08-26T14:32:43+00:00","og_image":[{"width":2000,"height":1333,"url":"https:\/\/buletin.de\/bucuresti\/wp-content\/uploads\/456966653_913177214173550_6234498449655033692_n.jpg","type":"image\/jpeg"}],"author":"Andreea Tudor","twitter_card":"summary_large_image","twitter_misc":{"Written by":"Andreea Tudor","Estimated reading time":"3 minutes"},"schema":{"@context":"https:\/\/schema.org","@graph":[{"@type":"Article","@id":"https:\/\/buletin.de\/bucuresti\/programul-cinema-sub-stele-din-saptamana-26-august-1-septembrie-in-parcul-crangasi\/#article","isPartOf":{"@id":"https:\/\/buletin.de\/bucuresti\/programul-cinema-sub-stele-din-saptamana-26-august-1-septembrie-in-parcul-crangasi\/"},"author":{"name":"Andreea Tudor","@id":"https:\/\/buletin.de\/bucuresti\/#\/schema\/person\/150590659efde715459d159da012f501"},"headline":"Programul \u201eCinema sub Stele\u201d din s\u0103pt\u0103m\u00e2na 26 august &#8211; 1 septembrie, \u00een Parcul Cr\u00e2nga\u0219i","datePublished":"2024-08-26T12:37:40+00:00","dateModified":"2024-08-26T14:32:43+00:00","mainEntityOfPage":{"@id":"https:\/\/buletin.de\/bucuresti\/programul-cinema-sub-stele-din-saptamana-26-august-1-septembrie-in-parcul-crangasi\/"},"wordCount":456,"publisher":{"@id":"https:\/\/buletin.de\/bucuresti\/#organization"},"image":{"@id":"https:\/\/buletin.de\/bucuresti\/programul-cinema-sub-stele-din-saptamana-26-august-1-septembrie-in-parcul-crangasi\/#primaryimage"},"thumbnailUrl":"https:\/\/buletin.de\/bucuresti\/wp-content\/uploads\/456966653_913177214173550_6234498449655033692_n.jpg","keywords":["cinema in aer liber","cinema sub stele","filme gratis","parcul crangasi","programul cinema sub stele","proiectii de film","Sector 6"],"articleSection":["Articole","Cultur\u0103","\u0218tiri"],"inLanguage":"en-GB","copyrightYear":"2024","copyrightHolder":{"@id":"https:\/\/buletin.de\/bucuresti\/#organization"}},{"@type":"WebPage","@id":"https:\/\/buletin.de\/bucuresti\/programul-cinema-sub-stele-din-saptamana-26-august-1-septembrie-in-parcul-crangasi\/","url":"https:\/\/buletin.de\/bucuresti\/programul-cinema-sub-stele-din-saptamana-26-august-1-septembrie-in-parcul-crangasi\/","name":"Programul \u201eCinema sub Stele\u201d din s\u0103pt\u0103m\u00e2na 26 august - 1 septembrie, \u00een Parcul Cr\u00e2nga\u0219i - Buletin de Bucure\u0219ti","isPartOf":{"@id":"https:\/\/buletin.de\/bucuresti\/#website"},"primaryImageOfPage":{"@id":"https:\/\/buletin.de\/bucuresti\/programul-cinema-sub-stele-din-saptamana-26-august-1-septembrie-in-parcul-crangasi\/#primaryimage"},"image":{"@id":"https:\/\/buletin.de\/bucuresti\/programul-cinema-sub-stele-din-saptamana-26-august-1-septembrie-in-parcul-crangasi\/#primaryimage"},"thumbnailUrl":"https:\/\/buletin.de\/bucuresti\/wp-content\/uploads\/456966653_913177214173550_6234498449655033692_n.jpg","datePublished":"2024-08-26T12:37:40+00:00","dateModified":"2024-08-26T14:32:43+00:00","description":"Programul \u201eCinema sub Stele\u201d \u00een perioada 26 august - 1 septembrie. Parcul Cr\u00e2nga\u0219i se va transforma \u00een cinematograf \u00een aer liber.","breadcrumb":{"@id":"https:\/\/buletin.de\/bucuresti\/programul-cinema-sub-stele-din-saptamana-26-august-1-septembrie-in-parcul-crangasi\/#breadcrumb"},"inLanguage":"en-GB","potentialAction":[{"@type":"ReadAction","target":["https:\/\/buletin.de\/bucuresti\/programul-cinema-sub-stele-din-saptamana-26-august-1-septembrie-in-parcul-crangasi\/"]}]},{"@type":"ImageObject","inLanguage":"en-GB","@id":"https:\/\/buletin.de\/bucuresti\/programul-cinema-sub-stele-din-saptamana-26-august-1-septembrie-in-parcul-crangasi\/#primaryimage","url":"https:\/\/buletin.de\/bucuresti\/wp-content\/uploads\/456966653_913177214173550_6234498449655033692_n.jpg","contentUrl":"https:\/\/buletin.de\/bucuresti\/wp-content\/uploads\/456966653_913177214173550_6234498449655033692_n.jpg","width":2000,"height":1333,"caption":"Programul \u201eCinema sub Stele\u201d din aceast\u0103 s\u0103pt\u0103m\u00e2n\u0103. Evenimentul ajunge \u00een Parcul Cr\u00e2nga\u0219i. Foto: FB\/ PS6"},{"@type":"BreadcrumbList","@id":"https:\/\/buletin.de\/bucuresti\/programul-cinema-sub-stele-din-saptamana-26-august-1-septembrie-in-parcul-crangasi\/#breadcrumb","itemListElement":[{"@type":"ListItem","position":1,"name":"Acas\u0103","item":"https:\/\/buletin.de\/bucuresti\/"},{"@type":"ListItem","position":2,"name":"Programul \u201eCinema sub Stele\u201d din s\u0103pt\u0103m\u00e2na 26 august &#8211; 1 septembrie, \u00een Parcul Cr\u00e2nga\u0219i"}]},{"@type":"WebSite","@id":"https:\/\/buletin.de\/bucuresti\/#website","url":"https:\/\/buletin.de\/bucuresti\/","name":"Buletin de Bucure\u0219ti","description":"\u0218tiri \u0219i investiga\u021bii esen\u021biale din capital\u0103","publisher":{"@id":"https:\/\/buletin.de\/bucuresti\/#organization"},"potentialAction":[{"@type":"SearchAction","target":{"@type":"EntryPoint","urlTemplate":"https:\/\/buletin.de\/bucuresti\/?s={search_term_string}"},"query-input":{"@type":"PropertyValueSpecification","valueRequired":true,"valueName":"search_term_string"}}],"inLanguage":"en-GB"},{"@type":"Organization","@id":"https:\/\/buletin.de\/bucuresti\/#organization","name":"Buletin de Bucure\u0219ti","url":"https:\/\/buletin.de\/bucuresti\/","logo":{"@type":"ImageObject","inLanguage":"en-GB","@id":"https:\/\/buletin.de\/bucuresti\/#\/schema\/logo\/image\/","url":"https:\/\/buletin.de\/bucuresti\/wp-content\/uploads\/logo-bdb-full-wide-vernil-transparent.png","contentUrl":"https:\/\/buletin.de\/bucuresti\/wp-content\/uploads\/logo-bdb-full-wide-vernil-transparent.png","width":1782,"height":626,"caption":"Buletin de Bucure\u0219ti"},"image":{"@id":"https:\/\/buletin.de\/bucuresti\/#\/schema\/logo\/image\/"},"sameAs":["https:\/\/www.facebook.com\/buletin.de.buc","https:\/\/www.instagram.com\/buletinde.bucuresti\/"]},{"@type":"Person","@id":"https:\/\/buletin.de\/bucuresti\/#\/schema\/person\/150590659efde715459d159da012f501","name":"Andreea Tudor","image":{"@type":"ImageObject","inLanguage":"en-GB","@id":"https:\/\/secure.gravatar.com\/avatar\/a88705a186ab0b67f3349bcbced506c09e37256fbaad0e7f3bd1a79b4599f589?s=96&d=monsterid&r=g79290610aa1a65c2b86eebc2ca5aee8f","url":"https:\/\/secure.gravatar.com\/avatar\/a88705a186ab0b67f3349bcbced506c09e37256fbaad0e7f3bd1a79b4599f589?s=96&d=monsterid&r=g","contentUrl":"https:\/\/secure.gravatar.com\/avatar\/a88705a186ab0b67f3349bcbced506c09e37256fbaad0e7f3bd1a79b4599f589?s=96&d=monsterid&r=g","caption":"Andreea Tudor"},"description":"N\u0103scut\u0103 \u0219i crescut\u0103 \u00een Bucure\u0219ti, sus\u021bin\u0103toare a presei independente. A\u0219a am ajuns redactor la Buletin de Bucure\u0219ti. Fiind eu, \u00eens\u0103mi, parte a sistemului de \u00eenv\u0103\u021b\u0103m\u00e2nt rom\u00e2nesc \u0219i pasionat\u0103 de domeniul social, pun sub lup\u0103 tot ceea ce se \u00eent\u00e2mpl\u0103 \u00een sfera educa\u021biei. Cred cu t\u0103rie c\u0103 presa \u201epentru cet\u0103\u021beni\u201d este presa independent\u0103. Oamenii au nevoie de o informare corect\u0103 pentru a \u00een\u021belege pe deplin ce se \u00eent\u00e2mpl\u0103 \u00een jurul lor \u0219i pentru a lua ac\u021biune \u00eempotriva nedrept\u0103\u021bilor.","url":"https:\/\/buletin.de\/bucuresti\/author\/andreeatudor\/"}]}},"authors":[{"term_id":22573,"user_id":55,"is_guest":0,"slug":"andreeatudor","display_name":"Andreea Tudor","avatar_url":"https:\/\/secure.gravatar.com\/avatar\/a88705a186ab0b67f3349bcbced506c09e37256fbaad0e7f3bd1a79b4599f589?s=96&d=monsterid&r=g","0":null,"1":"","2":"","3":"","4":"","5":"","6":"","7":"","8":""}],"_links":{"self":[{"href":"https:\/\/buletin.de\/bucuresti\/wp-json\/wp\/v2\/posts\/95749","targetHints":{"allow":["GET"]}}],"collection":[{"href":"https:\/\/buletin.de\/bucuresti\/wp-json\/wp\/v2\/posts"}],"about":[{"href":"https:\/\/buletin.de\/bucuresti\/wp-json\/wp\/v2\/types\/post"}],"author":[{"embeddable":true,"href":"https:\/\/buletin.de\/bucuresti\/wp-json\/wp\/v2\/users\/55"}],"replies":[{"embeddable":true,"href":"https:\/\/buletin.de\/bucuresti\/wp-json\/wp\/v2\/comments?post=95749"}],"version-history":[{"count":4,"href":"https:\/\/buletin.de\/bucuresti\/wp-json\/wp\/v2\/posts\/95749\/revisions"}],"predecessor-version":[{"id":95764,"href":"https:\/\/buletin.de\/bucuresti\/wp-json\/wp\/v2\/posts\/95749\/revisions\/95764"}],"wp:featuredmedia":[{"embeddable":true,"href":"https:\/\/buletin.de\/bucuresti\/wp-json\/wp\/v2\/media\/95760"}],"wp:attachment":[{"href":"https:\/\/buletin.de\/bucuresti\/wp-json\/wp\/v2\/media?parent=95749"}],"wp:term":[{"taxonomy":"category","embeddable":true,"href":"https:\/\/buletin.de\/bucuresti\/wp-json\/wp\/v2\/categories?post=95749"},{"taxonomy":"post_tag","embeddable":true,"href":"https:\/\/buletin.de\/bucuresti\/wp-json\/wp\/v2\/tags?post=95749"},{"taxonomy":"author","embeddable":true,"href":"https:\/\/buletin.de\/bucuresti\/wp-json\/wp\/v2\/ppma_author?post=95749"}],"curies":[{"name":"wp","href":"https:\/\/api.w.org\/{rel}","templated":true}]}}