{"id":95729,"date":"2024-08-26T12:11:11","date_gmt":"2024-08-26T09:11:11","guid":{"rendered":"https:\/\/buletin.de\/bucuresti\/?p=95729"},"modified":"2024-08-26T14:15:37","modified_gmt":"2024-08-26T11:15:37","slug":"expozitia-universul-lui-dali-se-inchide-pe-1-septembrie-ultimele-zile-pentru-vizitare","status":"publish","type":"post","link":"https:\/\/buletin.de\/bucuresti\/expozitia-universul-lui-dali-se-inchide-pe-1-septembrie-ultimele-zile-pentru-vizitare\/","title":{"rendered":"Expozi\u021bia \u201eUniversul lui Dali\u201d se \u00eenchide pe 1 septembrie. Ultimele zile pentru vizitare"},"content":{"rendered":"\n<p><strong>Expozi\u021bia \u201eUniversul lui Dali\u201d  se \u00eenchide pe 1 septembrie, prin urmare aceasta este ultima s\u0103pt\u0103m\u00e2n\u0103 \u00een care mai poate fi viziat\u0103. <\/strong><\/p>\n\n\n\n<p>Vizitatorii pot admira, la ARCUB \u2013 Hanul Gabroveni, peste 170 de lucr\u0103ri semnate de Salvador Dal\u00ed, incluz\u00e2nd sculpturi, ilustra\u021bii, gravuri, bijuterii pre\u021bioase, litografii \u0219i multe altele.<\/p>\n\n\n\n<p>Deschis\u0103 pe 13 decembrie 2023, expozi\u021bia \u201eUniversul lui Salvador Dal\u00ed\u201d, organizat\u0103 de Prim\u0103ria Capitalei, prin ARCUB \u2013 Centrul Cultural al Municipiului Bucure\u0219ti, \u00een parteneriat cu HADRAN Events, a atras p\u00e2n\u0103 acum peste 100.000 de vizitatori rom\u00e2ni \u0219i turi\u0219ti. <\/p>\n\n\n\n<h2 class=\"wp-block-heading\" id=\"h-expozi\u021bia-universul-lui-dali-la-120-de-ani-de-la-na\u0219terea-artistului\">Expozi\u021bia \u201eUniversul lui Dali\u201d, la 120 de ani de la na\u0219terea artistului<\/h2>\n\n\n\n<p>Expozi\u021bia \u201eUniversul lui Dali\u201d marcheaz\u0103 at\u00e2t 120 de ani de la na\u0219terea lui Salvador Dal\u00ed, c\u00e2t \u0219i centenarul Manifestului suprarealist, publicat de Andr\u00e9 Breton \u00een 1924, un moment esen\u021bial \u00een istoria curentului artistic ce promoveaz\u0103 libertatea total\u0103 de expresie \u0219i abandonul ra\u021biunii \u00een favoarea imagina\u021biei, viselor \u0219i fanteziei.\u00a0<\/p>\n\n\n\n<p>\u201eFidel\u0103 preceptelor suprarealiste, expozi\u021bia \u201eUniversul lui Salvador Dal\u00ed\u201d introduce vizitatorul \u00eentr-o lume dominat\u0103 de subcon\u0219tient \u2013 o evadare total\u0103 din cotidian prin obiecte de art\u0103 care contrazic regulile realit\u0103\u021bii. <\/p>\n\n\n\n<p>Lucr\u0103rile expuse la ARCUB \u2013 Hanul Gabroveni \u2013 de la sculpturi din bronz de mari dimensiuni, mobilier suprarealist, sculpturi realizate \u00een sticl\u0103 Daum, bijuterii, miniaturi din aur \u00eencrustate cu pietre pre\u021bioase p\u00e2n\u0103 la gravuri \u0219i litografii \u2013 dizolv\u0103 barierele dintre real \u0219i imaginar \u0219i ofer\u0103 un parcurs exhaustiv prin temele predilecte abordate de Dal\u00ed \u00een crea\u021biile sale, coroborat cu informa\u021bii despre via\u021ba artistului\u201d, transmite ARCUB, \u00eentr-un comunicat de pres\u0103.<\/p>\n\n\n\n<p>CITE\u0218TE \u0218I: <a href=\"https:\/\/buletin.de\/bucuresti\/cum-se-racoreau-bucurestenii-in-1937-cu-gramofon-sau-lautari\/\" target=\"_blank\" rel=\"noreferrer noopener\">Cum se r\u0103coreau bucure\u0219tenii \u00een 1937. Cu gramofon sau l\u0103utari<\/a><\/p>\n\n\n\n<h2 class=\"wp-block-heading\" id=\"h-ce-se-poate-vedea-\u0219i-la-ce-pre\u021b\">Ce se poate vedea \u0219i la ce pre\u021b<\/h2>\n\n\n\n<p> De la sculpturi \u00een bronz precum \u201ePremoni\u021bia sertarelor\u201d, care abordeaz\u0103 misterele feminine \u00een contextul efemerit\u0103\u021bii timpului, la medita\u021bii asupra purit\u0103\u021bii \u0219i divinit\u0103\u021bii, materializate \u00een lucr\u0103ri precum \u201e\u00cenger suprarealist\u201d, sau interpret\u0103ri suprarealiste ale canonului biblic, operele de art\u0103 Dal\u00ed expuse la ARCUB exploreaz\u0103 ad\u00e2ncimile sufletului uman \u0219i ofer\u0103 privitorului o perspectiv\u0103 inedit\u0103 asupra lumii.\u00a0<\/p>\n\n\n\n<p>\u00cen plus, expozi\u021bia \u201eUniversul lui Salvador Dal\u00ed\u201d ofer\u0103 vizionarea operelor artistului \u0219i \u00een realitatea virtual\u0103 (VR).<\/p>\n\n\n\n<p>Expozi\u021bia \u201eUniversul lui Salvador Dal\u00ed\u201d de la ARCUB \u2013 Hanul Gabroveni poate fi vizitat\u0103 p\u00e2n\u0103 la 1 septembrie 2024, de luni p\u00e2n\u0103 duminic\u0103, \u00eentre orele 10.00-20.00.<\/p>\n\n\n\n<p>Accesul \u00een spa\u021biul expozi\u021bional se face din Str. Gabroveni nr. 50-53.<\/p>\n\n\n\n<p>Biletele pot fi achizi\u021bionate, la pre\u021buri \u00eentre 60 \u0219i 95 de lei pentru un adult \u0219i 40-70 de lei pentru copii, de pe arcub.ro, <a href=\"https:\/\/universuldali.ro\/\" target=\"_blank\" rel=\"noreferrer noopener\">universuldali.ro<\/a>, entertix.ro dar \u0219i direct de la casa de bilete ARCUB (Strada Gabroveni nr. 50-53). Copiii cu v\u00e2rsta sub 6 ani, \u00eenso\u021bi\u021bi de un adult, beneficiaz\u0103 de acces gratuit.<\/p>\n\n\n\n<p>Studen\u021bii (cu v\u00e2rsta de p\u00e2n\u0103 \u00een 26 de ani) \u0219i pensionarii beneficiaz\u0103 de tarif redus. Vizitatorii pot beneficia de ghid audio, ce con\u021bine explica\u021bii detaliate referitoare la obiectele expuse, \u0219i experien\u021ba VR, o plimbare virtual\u0103 printre personaje \u0219i simboluri desprinse din picturile Daliniene.<\/p>\n\n\n\n<p>CITE\u0218TE \u0218I:\u00a0<strong><a href=\"https:\/\/buletin.de\/bucuresti\/pitoresc-mediteraneean-in-arhitectura-bucurestiului-interbelic-expozitie-la-palatul-sutu\/\" target=\"_blank\" rel=\"noreferrer noopener\">Pitoresc mediteraneean \u00een arhitectura Bucure\u0219tiului interbelic, expozi\u021bie la Palatul \u0218u\u021bu<\/a><\/strong><\/p>\n","protected":false},"excerpt":{"rendered":"<p>Expozi\u021bia \u201eUniversul lui Dali\u201d se \u00eenchide pe 1 septembrie, prin urmare aceasta este ultima s\u0103pt\u0103m\u00e2n\u0103 \u00een care mai poate fi viziat\u0103. Vizitatorii pot admira, la ARCUB \u2013 Hanul Gabroveni, peste 170 de lucr\u0103ri semnate de Salvador Dal\u00ed, incluz\u00e2nd sculpturi, ilustra\u021bii, gravuri, bijuterii pre\u021bioase, litografii \u0219i multe altele. Deschis\u0103 pe 13 decembrie 2023, expozi\u021bia \u201eUniversul lui [&hellip;]<\/p>\n","protected":false},"author":1,"featured_media":95730,"comment_status":"closed","ping_status":"open","sticky":false,"template":"","format":"standard","meta":{"_acf_changed":false,"inline_featured_image":false,"ngg_post_thumbnail":0,"footnotes":""},"categories":[6994,81,62],"tags":[14505,14506,14504,14503],"ppma_author":[22583],"class_list":["post-95729","post","type-post","status-publish","format-standard","has-post-thumbnail","hentry","category-stiri-2","category-cultura","category-stiri","tag-dali-arcub","tag-expozitie-arcub","tag-expozitie-dali","tag-universul-lui-dali"],"acf":[],"yoast_head":"<!-- This site is optimized with the Yoast SEO Premium plugin v25.3 (Yoast SEO v27.4) - https:\/\/yoast.com\/product\/yoast-seo-premium-wordpress\/ -->\n<title>Expozi\u021bia \u201eUniversul lui Dali\u201d se \u00eenchide pe 1 septembrie<\/title>\n<meta name=\"description\" content=\"Expozi\u021bia \u201eUniversul lui Dali\u201d se \u00eenchide pe 1 septembrie, prin urmare aceasta este ultima s\u0103pt\u0103m\u00e2n\u0103 \u00een care mai poate fi viziat\u0103.\" \/>\n<meta name=\"robots\" content=\"index, follow, max-snippet:-1, max-image-preview:large, max-video-preview:-1\" \/>\n<link rel=\"canonical\" href=\"https:\/\/buletin.de\/bucuresti\/expozitia-universul-lui-dali-se-inchide-pe-1-septembrie-ultimele-zile-pentru-vizitare\/\" \/>\n<meta property=\"og:locale\" content=\"en_GB\" \/>\n<meta property=\"og:type\" content=\"article\" \/>\n<meta property=\"og:title\" content=\"Expozi\u021bia \u201eUniversul lui Dali\u201d se \u00eenchide pe 1 septembrie. Ultimele zile pentru vizitare\" \/>\n<meta property=\"og:description\" content=\"Expozi\u021bia \u201eUniversul lui Dali\u201d se \u00eenchide pe 1 septembrie, prin urmare aceasta este ultima s\u0103pt\u0103m\u00e2n\u0103 \u00een care mai poate fi viziat\u0103.\" \/>\n<meta property=\"og:url\" content=\"https:\/\/buletin.de\/bucuresti\/expozitia-universul-lui-dali-se-inchide-pe-1-septembrie-ultimele-zile-pentru-vizitare\/\" \/>\n<meta property=\"og:site_name\" content=\"Buletin de Bucure\u0219ti\" \/>\n<meta property=\"article:publisher\" content=\"https:\/\/www.facebook.com\/buletin.de.buc\" \/>\n<meta property=\"article:published_time\" content=\"2024-08-26T09:11:11+00:00\" \/>\n<meta property=\"article:modified_time\" content=\"2024-08-26T11:15:37+00:00\" \/>\n<meta property=\"og:image\" content=\"https:\/\/buletin.de\/bucuresti\/wp-content\/uploads\/expozitiauniversulluidali.jpeg\" \/>\n\t<meta property=\"og:image:width\" content=\"1600\" \/>\n\t<meta property=\"og:image:height\" content=\"1182\" \/>\n\t<meta property=\"og:image:type\" content=\"image\/jpeg\" \/>\n<meta name=\"author\" content=\"Redac\u021bia Buletin de Bucure\u0219ti\" \/>\n<meta name=\"twitter:card\" content=\"summary_large_image\" \/>\n<meta name=\"twitter:label1\" content=\"Written by\" \/>\n\t<meta name=\"twitter:data1\" content=\"Redac\u021bia Buletin de Bucure\u0219ti\" \/>\n\t<meta name=\"twitter:label2\" content=\"Estimated reading time\" \/>\n\t<meta name=\"twitter:data2\" content=\"3 minutes\" \/>\n<script type=\"application\/ld+json\" class=\"yoast-schema-graph\">{\"@context\":\"https:\\\/\\\/schema.org\",\"@graph\":[{\"@type\":\"Article\",\"@id\":\"https:\\\/\\\/buletin.de\\\/bucuresti\\\/expozitia-universul-lui-dali-se-inchide-pe-1-septembrie-ultimele-zile-pentru-vizitare\\\/#article\",\"isPartOf\":{\"@id\":\"https:\\\/\\\/buletin.de\\\/bucuresti\\\/expozitia-universul-lui-dali-se-inchide-pe-1-septembrie-ultimele-zile-pentru-vizitare\\\/\"},\"author\":{\"name\":\"Redac\u021bia Buletin de Bucure\u0219ti\",\"@id\":\"https:\\\/\\\/buletin.de\\\/bucuresti\\\/#\\\/schema\\\/person\\\/2bbcf854e5f2419a13804af574d06ab1\"},\"headline\":\"Expozi\u021bia \u201eUniversul lui Dali\u201d se \u00eenchide pe 1 septembrie. Ultimele zile pentru vizitare\",\"datePublished\":\"2024-08-26T09:11:11+00:00\",\"dateModified\":\"2024-08-26T11:15:37+00:00\",\"mainEntityOfPage\":{\"@id\":\"https:\\\/\\\/buletin.de\\\/bucuresti\\\/expozitia-universul-lui-dali-se-inchide-pe-1-septembrie-ultimele-zile-pentru-vizitare\\\/\"},\"wordCount\":536,\"publisher\":{\"@id\":\"https:\\\/\\\/buletin.de\\\/bucuresti\\\/#organization\"},\"image\":{\"@id\":\"https:\\\/\\\/buletin.de\\\/bucuresti\\\/expozitia-universul-lui-dali-se-inchide-pe-1-septembrie-ultimele-zile-pentru-vizitare\\\/#primaryimage\"},\"thumbnailUrl\":\"https:\\\/\\\/buletin.de\\\/bucuresti\\\/wp-content\\\/uploads\\\/expozitiauniversulluidali.jpeg\",\"keywords\":[\"dali arcub\",\"expozitie arcub\",\"expozitie dali\",\"universul lui dali\"],\"articleSection\":[\"Articole\",\"Cultur\u0103\",\"\u0218tiri\"],\"inLanguage\":\"en-GB\",\"copyrightYear\":\"2024\",\"copyrightHolder\":{\"@id\":\"https:\\\/\\\/buletin.de\\\/bucuresti\\\/#organization\"}},{\"@type\":\"WebPage\",\"@id\":\"https:\\\/\\\/buletin.de\\\/bucuresti\\\/expozitia-universul-lui-dali-se-inchide-pe-1-septembrie-ultimele-zile-pentru-vizitare\\\/\",\"url\":\"https:\\\/\\\/buletin.de\\\/bucuresti\\\/expozitia-universul-lui-dali-se-inchide-pe-1-septembrie-ultimele-zile-pentru-vizitare\\\/\",\"name\":\"Expozi\u021bia \u201eUniversul lui Dali\u201d se \u00eenchide pe 1 septembrie\",\"isPartOf\":{\"@id\":\"https:\\\/\\\/buletin.de\\\/bucuresti\\\/#website\"},\"primaryImageOfPage\":{\"@id\":\"https:\\\/\\\/buletin.de\\\/bucuresti\\\/expozitia-universul-lui-dali-se-inchide-pe-1-septembrie-ultimele-zile-pentru-vizitare\\\/#primaryimage\"},\"image\":{\"@id\":\"https:\\\/\\\/buletin.de\\\/bucuresti\\\/expozitia-universul-lui-dali-se-inchide-pe-1-septembrie-ultimele-zile-pentru-vizitare\\\/#primaryimage\"},\"thumbnailUrl\":\"https:\\\/\\\/buletin.de\\\/bucuresti\\\/wp-content\\\/uploads\\\/expozitiauniversulluidali.jpeg\",\"datePublished\":\"2024-08-26T09:11:11+00:00\",\"dateModified\":\"2024-08-26T11:15:37+00:00\",\"description\":\"Expozi\u021bia \u201eUniversul lui Dali\u201d se \u00eenchide pe 1 septembrie, prin urmare aceasta este ultima s\u0103pt\u0103m\u00e2n\u0103 \u00een care mai poate fi viziat\u0103.\",\"breadcrumb\":{\"@id\":\"https:\\\/\\\/buletin.de\\\/bucuresti\\\/expozitia-universul-lui-dali-se-inchide-pe-1-septembrie-ultimele-zile-pentru-vizitare\\\/#breadcrumb\"},\"inLanguage\":\"en-GB\",\"potentialAction\":[{\"@type\":\"ReadAction\",\"target\":[\"https:\\\/\\\/buletin.de\\\/bucuresti\\\/expozitia-universul-lui-dali-se-inchide-pe-1-septembrie-ultimele-zile-pentru-vizitare\\\/\"]}]},{\"@type\":\"ImageObject\",\"inLanguage\":\"en-GB\",\"@id\":\"https:\\\/\\\/buletin.de\\\/bucuresti\\\/expozitia-universul-lui-dali-se-inchide-pe-1-septembrie-ultimele-zile-pentru-vizitare\\\/#primaryimage\",\"url\":\"https:\\\/\\\/buletin.de\\\/bucuresti\\\/wp-content\\\/uploads\\\/expozitiauniversulluidali.jpeg\",\"contentUrl\":\"https:\\\/\\\/buletin.de\\\/bucuresti\\\/wp-content\\\/uploads\\\/expozitiauniversulluidali.jpeg\",\"width\":1600,\"height\":1182,\"caption\":\"Expozi\u021bia \u201eUniversul lui Dali\u201d se \u00eenchide pe 1 septembrie\"},{\"@type\":\"BreadcrumbList\",\"@id\":\"https:\\\/\\\/buletin.de\\\/bucuresti\\\/expozitia-universul-lui-dali-se-inchide-pe-1-septembrie-ultimele-zile-pentru-vizitare\\\/#breadcrumb\",\"itemListElement\":[{\"@type\":\"ListItem\",\"position\":1,\"name\":\"Acas\u0103\",\"item\":\"https:\\\/\\\/buletin.de\\\/bucuresti\\\/\"},{\"@type\":\"ListItem\",\"position\":2,\"name\":\"Expozi\u021bia \u201eUniversul lui Dali\u201d se \u00eenchide pe 1 septembrie. Ultimele zile pentru vizitare\"}]},{\"@type\":\"WebSite\",\"@id\":\"https:\\\/\\\/buletin.de\\\/bucuresti\\\/#website\",\"url\":\"https:\\\/\\\/buletin.de\\\/bucuresti\\\/\",\"name\":\"Buletin de Bucure\u0219ti\",\"description\":\"\u0218tiri \u0219i investiga\u021bii esen\u021biale din capital\u0103\",\"publisher\":{\"@id\":\"https:\\\/\\\/buletin.de\\\/bucuresti\\\/#organization\"},\"potentialAction\":[{\"@type\":\"SearchAction\",\"target\":{\"@type\":\"EntryPoint\",\"urlTemplate\":\"https:\\\/\\\/buletin.de\\\/bucuresti\\\/?s={search_term_string}\"},\"query-input\":{\"@type\":\"PropertyValueSpecification\",\"valueRequired\":true,\"valueName\":\"search_term_string\"}}],\"inLanguage\":\"en-GB\"},{\"@type\":\"Organization\",\"@id\":\"https:\\\/\\\/buletin.de\\\/bucuresti\\\/#organization\",\"name\":\"Buletin de Bucure\u0219ti\",\"url\":\"https:\\\/\\\/buletin.de\\\/bucuresti\\\/\",\"logo\":{\"@type\":\"ImageObject\",\"inLanguage\":\"en-GB\",\"@id\":\"https:\\\/\\\/buletin.de\\\/bucuresti\\\/#\\\/schema\\\/logo\\\/image\\\/\",\"url\":\"https:\\\/\\\/buletin.de\\\/bucuresti\\\/wp-content\\\/uploads\\\/logo-bdb-full-wide-vernil-transparent.png\",\"contentUrl\":\"https:\\\/\\\/buletin.de\\\/bucuresti\\\/wp-content\\\/uploads\\\/logo-bdb-full-wide-vernil-transparent.png\",\"width\":1782,\"height\":626,\"caption\":\"Buletin de Bucure\u0219ti\"},\"image\":{\"@id\":\"https:\\\/\\\/buletin.de\\\/bucuresti\\\/#\\\/schema\\\/logo\\\/image\\\/\"},\"sameAs\":[\"https:\\\/\\\/www.facebook.com\\\/buletin.de.buc\",\"https:\\\/\\\/www.instagram.com\\\/buletinde.bucuresti\\\/\"]},{\"@type\":\"Person\",\"@id\":\"https:\\\/\\\/buletin.de\\\/bucuresti\\\/#\\\/schema\\\/person\\\/2bbcf854e5f2419a13804af574d06ab1\",\"name\":\"Redac\u021bia Buletin de Bucure\u0219ti\",\"image\":{\"@type\":\"ImageObject\",\"inLanguage\":\"en-GB\",\"@id\":\"https:\\\/\\\/secure.gravatar.com\\\/avatar\\\/18c5342381ed1a08620e6280424e3e5efc958618f5d67c522c9e44c1bc6f9226?s=96&d=monsterid&r=g60c7cd0ad92c68c049fcd4bb3504d609\",\"url\":\"https:\\\/\\\/secure.gravatar.com\\\/avatar\\\/18c5342381ed1a08620e6280424e3e5efc958618f5d67c522c9e44c1bc6f9226?s=96&d=monsterid&r=g\",\"contentUrl\":\"https:\\\/\\\/secure.gravatar.com\\\/avatar\\\/18c5342381ed1a08620e6280424e3e5efc958618f5d67c522c9e44c1bc6f9226?s=96&d=monsterid&r=g\",\"caption\":\"Redac\u021bia Buletin de Bucure\u0219ti\"},\"description\":\"Buletin de Bucure\u0219ti exist\u0103 din vara anului 2019.\",\"url\":\"https:\\\/\\\/buletin.de\\\/bucuresti\\\/author\\\/adminbuletin\\\/\"}]}<\/script>\n<!-- \/ Yoast SEO Premium plugin. -->","yoast_head_json":{"title":"Expozi\u021bia \u201eUniversul lui Dali\u201d se \u00eenchide pe 1 septembrie","description":"Expozi\u021bia \u201eUniversul lui Dali\u201d se \u00eenchide pe 1 septembrie, prin urmare aceasta este ultima s\u0103pt\u0103m\u00e2n\u0103 \u00een care mai poate fi viziat\u0103.","robots":{"index":"index","follow":"follow","max-snippet":"max-snippet:-1","max-image-preview":"max-image-preview:large","max-video-preview":"max-video-preview:-1"},"canonical":"https:\/\/buletin.de\/bucuresti\/expozitia-universul-lui-dali-se-inchide-pe-1-septembrie-ultimele-zile-pentru-vizitare\/","og_locale":"en_GB","og_type":"article","og_title":"Expozi\u021bia \u201eUniversul lui Dali\u201d se \u00eenchide pe 1 septembrie. Ultimele zile pentru vizitare","og_description":"Expozi\u021bia \u201eUniversul lui Dali\u201d se \u00eenchide pe 1 septembrie, prin urmare aceasta este ultima s\u0103pt\u0103m\u00e2n\u0103 \u00een care mai poate fi viziat\u0103.","og_url":"https:\/\/buletin.de\/bucuresti\/expozitia-universul-lui-dali-se-inchide-pe-1-septembrie-ultimele-zile-pentru-vizitare\/","og_site_name":"Buletin de Bucure\u0219ti","article_publisher":"https:\/\/www.facebook.com\/buletin.de.buc","article_published_time":"2024-08-26T09:11:11+00:00","article_modified_time":"2024-08-26T11:15:37+00:00","og_image":[{"width":1600,"height":1182,"url":"https:\/\/buletin.de\/bucuresti\/wp-content\/uploads\/expozitiauniversulluidali.jpeg","type":"image\/jpeg"}],"author":"Redac\u021bia Buletin de Bucure\u0219ti","twitter_card":"summary_large_image","twitter_misc":{"Written by":"Redac\u021bia Buletin de Bucure\u0219ti","Estimated reading time":"3 minutes"},"schema":{"@context":"https:\/\/schema.org","@graph":[{"@type":"Article","@id":"https:\/\/buletin.de\/bucuresti\/expozitia-universul-lui-dali-se-inchide-pe-1-septembrie-ultimele-zile-pentru-vizitare\/#article","isPartOf":{"@id":"https:\/\/buletin.de\/bucuresti\/expozitia-universul-lui-dali-se-inchide-pe-1-septembrie-ultimele-zile-pentru-vizitare\/"},"author":{"name":"Redac\u021bia Buletin de Bucure\u0219ti","@id":"https:\/\/buletin.de\/bucuresti\/#\/schema\/person\/2bbcf854e5f2419a13804af574d06ab1"},"headline":"Expozi\u021bia \u201eUniversul lui Dali\u201d se \u00eenchide pe 1 septembrie. Ultimele zile pentru vizitare","datePublished":"2024-08-26T09:11:11+00:00","dateModified":"2024-08-26T11:15:37+00:00","mainEntityOfPage":{"@id":"https:\/\/buletin.de\/bucuresti\/expozitia-universul-lui-dali-se-inchide-pe-1-septembrie-ultimele-zile-pentru-vizitare\/"},"wordCount":536,"publisher":{"@id":"https:\/\/buletin.de\/bucuresti\/#organization"},"image":{"@id":"https:\/\/buletin.de\/bucuresti\/expozitia-universul-lui-dali-se-inchide-pe-1-septembrie-ultimele-zile-pentru-vizitare\/#primaryimage"},"thumbnailUrl":"https:\/\/buletin.de\/bucuresti\/wp-content\/uploads\/expozitiauniversulluidali.jpeg","keywords":["dali arcub","expozitie arcub","expozitie dali","universul lui dali"],"articleSection":["Articole","Cultur\u0103","\u0218tiri"],"inLanguage":"en-GB","copyrightYear":"2024","copyrightHolder":{"@id":"https:\/\/buletin.de\/bucuresti\/#organization"}},{"@type":"WebPage","@id":"https:\/\/buletin.de\/bucuresti\/expozitia-universul-lui-dali-se-inchide-pe-1-septembrie-ultimele-zile-pentru-vizitare\/","url":"https:\/\/buletin.de\/bucuresti\/expozitia-universul-lui-dali-se-inchide-pe-1-septembrie-ultimele-zile-pentru-vizitare\/","name":"Expozi\u021bia \u201eUniversul lui Dali\u201d se \u00eenchide pe 1 septembrie","isPartOf":{"@id":"https:\/\/buletin.de\/bucuresti\/#website"},"primaryImageOfPage":{"@id":"https:\/\/buletin.de\/bucuresti\/expozitia-universul-lui-dali-se-inchide-pe-1-septembrie-ultimele-zile-pentru-vizitare\/#primaryimage"},"image":{"@id":"https:\/\/buletin.de\/bucuresti\/expozitia-universul-lui-dali-se-inchide-pe-1-septembrie-ultimele-zile-pentru-vizitare\/#primaryimage"},"thumbnailUrl":"https:\/\/buletin.de\/bucuresti\/wp-content\/uploads\/expozitiauniversulluidali.jpeg","datePublished":"2024-08-26T09:11:11+00:00","dateModified":"2024-08-26T11:15:37+00:00","description":"Expozi\u021bia \u201eUniversul lui Dali\u201d se \u00eenchide pe 1 septembrie, prin urmare aceasta este ultima s\u0103pt\u0103m\u00e2n\u0103 \u00een care mai poate fi viziat\u0103.","breadcrumb":{"@id":"https:\/\/buletin.de\/bucuresti\/expozitia-universul-lui-dali-se-inchide-pe-1-septembrie-ultimele-zile-pentru-vizitare\/#breadcrumb"},"inLanguage":"en-GB","potentialAction":[{"@type":"ReadAction","target":["https:\/\/buletin.de\/bucuresti\/expozitia-universul-lui-dali-se-inchide-pe-1-septembrie-ultimele-zile-pentru-vizitare\/"]}]},{"@type":"ImageObject","inLanguage":"en-GB","@id":"https:\/\/buletin.de\/bucuresti\/expozitia-universul-lui-dali-se-inchide-pe-1-septembrie-ultimele-zile-pentru-vizitare\/#primaryimage","url":"https:\/\/buletin.de\/bucuresti\/wp-content\/uploads\/expozitiauniversulluidali.jpeg","contentUrl":"https:\/\/buletin.de\/bucuresti\/wp-content\/uploads\/expozitiauniversulluidali.jpeg","width":1600,"height":1182,"caption":"Expozi\u021bia \u201eUniversul lui Dali\u201d se \u00eenchide pe 1 septembrie"},{"@type":"BreadcrumbList","@id":"https:\/\/buletin.de\/bucuresti\/expozitia-universul-lui-dali-se-inchide-pe-1-septembrie-ultimele-zile-pentru-vizitare\/#breadcrumb","itemListElement":[{"@type":"ListItem","position":1,"name":"Acas\u0103","item":"https:\/\/buletin.de\/bucuresti\/"},{"@type":"ListItem","position":2,"name":"Expozi\u021bia \u201eUniversul lui Dali\u201d se \u00eenchide pe 1 septembrie. Ultimele zile pentru vizitare"}]},{"@type":"WebSite","@id":"https:\/\/buletin.de\/bucuresti\/#website","url":"https:\/\/buletin.de\/bucuresti\/","name":"Buletin de Bucure\u0219ti","description":"\u0218tiri \u0219i investiga\u021bii esen\u021biale din capital\u0103","publisher":{"@id":"https:\/\/buletin.de\/bucuresti\/#organization"},"potentialAction":[{"@type":"SearchAction","target":{"@type":"EntryPoint","urlTemplate":"https:\/\/buletin.de\/bucuresti\/?s={search_term_string}"},"query-input":{"@type":"PropertyValueSpecification","valueRequired":true,"valueName":"search_term_string"}}],"inLanguage":"en-GB"},{"@type":"Organization","@id":"https:\/\/buletin.de\/bucuresti\/#organization","name":"Buletin de Bucure\u0219ti","url":"https:\/\/buletin.de\/bucuresti\/","logo":{"@type":"ImageObject","inLanguage":"en-GB","@id":"https:\/\/buletin.de\/bucuresti\/#\/schema\/logo\/image\/","url":"https:\/\/buletin.de\/bucuresti\/wp-content\/uploads\/logo-bdb-full-wide-vernil-transparent.png","contentUrl":"https:\/\/buletin.de\/bucuresti\/wp-content\/uploads\/logo-bdb-full-wide-vernil-transparent.png","width":1782,"height":626,"caption":"Buletin de Bucure\u0219ti"},"image":{"@id":"https:\/\/buletin.de\/bucuresti\/#\/schema\/logo\/image\/"},"sameAs":["https:\/\/www.facebook.com\/buletin.de.buc","https:\/\/www.instagram.com\/buletinde.bucuresti\/"]},{"@type":"Person","@id":"https:\/\/buletin.de\/bucuresti\/#\/schema\/person\/2bbcf854e5f2419a13804af574d06ab1","name":"Redac\u021bia Buletin de Bucure\u0219ti","image":{"@type":"ImageObject","inLanguage":"en-GB","@id":"https:\/\/secure.gravatar.com\/avatar\/18c5342381ed1a08620e6280424e3e5efc958618f5d67c522c9e44c1bc6f9226?s=96&d=monsterid&r=g60c7cd0ad92c68c049fcd4bb3504d609","url":"https:\/\/secure.gravatar.com\/avatar\/18c5342381ed1a08620e6280424e3e5efc958618f5d67c522c9e44c1bc6f9226?s=96&d=monsterid&r=g","contentUrl":"https:\/\/secure.gravatar.com\/avatar\/18c5342381ed1a08620e6280424e3e5efc958618f5d67c522c9e44c1bc6f9226?s=96&d=monsterid&r=g","caption":"Redac\u021bia Buletin de Bucure\u0219ti"},"description":"Buletin de Bucure\u0219ti exist\u0103 din vara anului 2019.","url":"https:\/\/buletin.de\/bucuresti\/author\/adminbuletin\/"}]}},"authors":[{"term_id":22583,"user_id":1,"is_guest":0,"slug":"adminbuletin","display_name":"Redac\u021bia Buletin de Bucure\u0219ti","avatar_url":"https:\/\/secure.gravatar.com\/avatar\/18c5342381ed1a08620e6280424e3e5efc958618f5d67c522c9e44c1bc6f9226?s=96&d=monsterid&r=g","0":null,"1":"","2":"","3":"","4":"","5":"","6":"","7":"","8":""}],"_links":{"self":[{"href":"https:\/\/buletin.de\/bucuresti\/wp-json\/wp\/v2\/posts\/95729","targetHints":{"allow":["GET"]}}],"collection":[{"href":"https:\/\/buletin.de\/bucuresti\/wp-json\/wp\/v2\/posts"}],"about":[{"href":"https:\/\/buletin.de\/bucuresti\/wp-json\/wp\/v2\/types\/post"}],"author":[{"embeddable":true,"href":"https:\/\/buletin.de\/bucuresti\/wp-json\/wp\/v2\/users\/1"}],"replies":[{"embeddable":true,"href":"https:\/\/buletin.de\/bucuresti\/wp-json\/wp\/v2\/comments?post=95729"}],"version-history":[{"count":2,"href":"https:\/\/buletin.de\/bucuresti\/wp-json\/wp\/v2\/posts\/95729\/revisions"}],"predecessor-version":[{"id":95733,"href":"https:\/\/buletin.de\/bucuresti\/wp-json\/wp\/v2\/posts\/95729\/revisions\/95733"}],"wp:featuredmedia":[{"embeddable":true,"href":"https:\/\/buletin.de\/bucuresti\/wp-json\/wp\/v2\/media\/95730"}],"wp:attachment":[{"href":"https:\/\/buletin.de\/bucuresti\/wp-json\/wp\/v2\/media?parent=95729"}],"wp:term":[{"taxonomy":"category","embeddable":true,"href":"https:\/\/buletin.de\/bucuresti\/wp-json\/wp\/v2\/categories?post=95729"},{"taxonomy":"post_tag","embeddable":true,"href":"https:\/\/buletin.de\/bucuresti\/wp-json\/wp\/v2\/tags?post=95729"},{"taxonomy":"author","embeddable":true,"href":"https:\/\/buletin.de\/bucuresti\/wp-json\/wp\/v2\/ppma_author?post=95729"}],"curies":[{"name":"wp","href":"https:\/\/api.w.org\/{rel}","templated":true}]}}