{"id":9554,"date":"2020-07-24T16:22:17","date_gmt":"2020-07-24T13:22:17","guid":{"rendered":"https:\/\/buletin.de\/bucuresti\/?p=9554"},"modified":"2020-07-24T16:22:18","modified_gmt":"2020-07-24T13:22:18","slug":"societatea-romana-de-anestezie-si-terapie-intensiva-protesteaza-impotriva-prof-streinu-cercel-in-scurte-cuvinte-esti-de-netolerat","status":"publish","type":"post","link":"https:\/\/buletin.de\/bucuresti\/societatea-romana-de-anestezie-si-terapie-intensiva-protesteaza-impotriva-prof-streinu-cercel-in-scurte-cuvinte-esti-de-netolerat\/","title":{"rendered":"Societatea Rom\u00e2n\u0103 de Anestezie \u0219i Terapie Intensiv\u0103 protesteaz\u0103 \u00eempotriva prof. Streinu-Cercel: \u201e\u00cen scurte cuvinte, e\u0219ti de netolerat!\u201d"},"content":{"rendered":"\n<p>Societatea Rom\u00e2n\u0103\nde Anestezie \u0219i Terapie Intensiv\u0103 (SRATI) protesteaz\u0103 \u00eempotriva det\u0103\u0219\u0103rii\npersonalului de specialitate ATI \u00een sec\u021bia ATI a Institutului de Boli\nInfec\u021bioase Matei Bal\u0219 pe motiv c\u0103 sec\u021bia este condus\u0103 ilegal de dr. Doina Iov\u0103nescu,\nmedic primar de boli infec\u021bioase care nu are expertiz\u0103 \u00een specialitatea ATI.\nProtestul a ap\u0103rut \u00een urma solicit\u0103rii transmise de c\u0103tre Institutul Bal\u0219\nSociet\u0103\u021bii Rom\u00e2ne ATI prin care cerea sprijinul SRATI pentru organizarea Registrului\nNa\u021bional al Voluntarilor \u00een vederea transferului personalului medical pe\nperioada pandemiei COVID-19 \u00een spitalele cu deficit de personal.<\/p>\n\n\n\n<p>Reprezentan\u021bii\nSRATI cer trimiterea unei echipe de control la Institutul Matei Bal\u0219 care s\u0103\ninvestigheze motivul pentru care Profesorul Streinu-Cercel, managerul\ninstitutului, nu s-a conformat dispozi\u021biilor legale care \u00eel oblig\u0103 s\u0103 atribuie\nconducerea sec\u021biei ATI unui medic de specialitate ATI. <\/p>\n\n\n\n<blockquote class=\"wp-block-quote is-layout-flow wp-block-quote-is-layout-flow\"><p>\u201eMen\u021bion\u0103m c\u0103 \u00een peste 11 ani conducerea Institutului Matei Bal\u0219 nu a organizat nici un astfel de concurs, nici nu a dat delega\u021bie de \u0219ef de sec\u021bie unui medic ATI, sec\u021bia ATI fiind condus\u0103 \u0219i acum de un medic \u0219ef de sec\u021bie infec\u021bionist (Dr. Doina Iov\u0103nescu) care \u00eencaseaz\u0103 \u0219i sporul de ATI \u0219i pe cel de \u0219ef de sec\u021bie, ilegal de peste 10 ani !!!!!\u201d<\/p><cite>protest SRATI<\/cite><\/blockquote>\n\n\n\n<p>Tototdat\u0103, reprezentan\u021bii Societ\u0103\u021bii Rom\u00e2ne de Anestezie \u0219i Terapie Intensiv\u0103 au indicat c\u0103 au semnale cum c\u0103 exist\u0103 pacien\u021bi care au decedat pe sec\u021biile ATI cu boal\u0103 COVID-19 \u0219i nu au primit niciun fel de medica\u021bie antiviral\u0103. Ei cer echipei de control s\u0103 controleze modul \u00een care s-a gestionat aprovizionarea cu medicamente.<\/p>\n\n\n\n<p style=\"   margin: 12px auto 6px auto;   font-family: Helvetica,Arial,Sans-serif;   font-style: normal;   font-variant: normal;   font-weight: normal;   font-size: 14px;   line-height: normal;   font-size-adjust: none;   font-stretch: normal;   -x-system-font: none;   display: block;\"><a title=\"View Protest Detasari Bals 2020 on Scribd\" href=\"https:\/\/www.scribd.com\/document\/470128143\/Protest-Detasari-Bals-2020#from_embed\" style=\"text-decoration: underline;\">Protest Detasari Bals 2020<\/a> by <a title=\"View Bianca's profile on Scribd\" href=\"https:\/\/www.scribd.com\/user\/310806142\/Bianca#from_embed\" style=\"text-decoration: underline;\">Bianca<\/a> on Scribd<\/p><iframe class=\"scribd_iframe_embed\" title=\"Protest Detasari Bals 2020\" src=\"https:\/\/www.scribd.com\/embeds\/470128143\/content?start_page=1&amp;view_mode=scroll&amp;access_key=key-BJ7K2WX9vXpdRiZeVZiA\" data-auto-height=\"true\" data-aspect-ratio=\"0.7729220222793488\" scrolling=\"no\" width=\"100%\" height=\"600\" frameborder=\"0\"><\/iframe>\n\n\n\n<p>Surs\u0103 foto cover: Document protest SRATI<\/p>\n","protected":false},"excerpt":{"rendered":"<p>Societatea Rom\u00e2n\u0103 de Anestezie \u0219i Terapie Intensiv\u0103 (SRATI) protesteaz\u0103 \u00eempotriva det\u0103\u0219\u0103rii personalului de specialitate ATI \u00een sec\u021bia ATI a Institutului de Boli Infec\u021bioase Matei Bal\u0219 pe motiv c\u0103 sec\u021bia este condus\u0103 ilegal de dr. Doina Iov\u0103nescu, medic primar de boli infec\u021bioase care nu are expertiz\u0103 \u00een specialitatea ATI. Protestul a ap\u0103rut \u00een urma solicit\u0103rii transmise [&hellip;]<\/p>\n","protected":false},"author":6,"featured_media":9555,"comment_status":"closed","ping_status":"open","sticky":false,"template":"","format":"standard","meta":{"_acf_changed":false,"inline_featured_image":false,"ngg_post_thumbnail":0,"footnotes":""},"categories":[996,4,62],"tags":[1373,924,114,1371,725],"ppma_author":[22588],"class_list":["post-9554","post","type-post","status-publish","format-standard","has-post-thumbnail","hentry","category-covid-19","category-sanatate","category-stiri","tag-detasare-ati","tag-institutul-matei-bals","tag-protest","tag-srati","tag-streinu-cercel"],"acf":[],"yoast_head":"<!-- This site is optimized with the Yoast SEO Premium plugin v25.3 (Yoast SEO v27.4) - https:\/\/yoast.com\/product\/yoast-seo-premium-wordpress\/ -->\n<title>Societatea Rom\u00e2n\u0103 de Anestezie \u0219i Terapie Intensiv\u0103 protesteaz\u0103 \u00eempotriva prof. Streinu-Cercel: \u201e\u00cen scurte cuvinte, e\u0219ti de netolerat!\u201d - Buletin de Bucure\u0219ti<\/title>\n<meta name=\"robots\" content=\"index, follow, max-snippet:-1, max-image-preview:large, max-video-preview:-1\" \/>\n<link rel=\"canonical\" href=\"https:\/\/buletin.de\/bucuresti\/societatea-romana-de-anestezie-si-terapie-intensiva-protesteaza-impotriva-prof-streinu-cercel-in-scurte-cuvinte-esti-de-netolerat\/\" \/>\n<meta property=\"og:locale\" content=\"en_GB\" \/>\n<meta property=\"og:type\" content=\"article\" \/>\n<meta property=\"og:title\" content=\"Societatea Rom\u00e2n\u0103 de Anestezie \u0219i Terapie Intensiv\u0103 protesteaz\u0103 \u00eempotriva prof. Streinu-Cercel: \u201e\u00cen scurte cuvinte, e\u0219ti de netolerat!\u201d\" \/>\n<meta property=\"og:description\" content=\"Societatea Rom\u00e2n\u0103 de Anestezie \u0219i Terapie Intensiv\u0103 (SRATI) protesteaz\u0103 \u00eempotriva det\u0103\u0219\u0103rii personalului de specialitate ATI \u00een sec\u021bia ATI a Institutului de Boli Infec\u021bioase Matei Bal\u0219 pe motiv c\u0103 sec\u021bia este condus\u0103 ilegal de dr. Doina Iov\u0103nescu, medic primar de boli infec\u021bioase care nu are expertiz\u0103 \u00een specialitatea ATI. Protestul a ap\u0103rut \u00een urma solicit\u0103rii transmise [&hellip;]\" \/>\n<meta property=\"og:url\" content=\"https:\/\/buletin.de\/bucuresti\/societatea-romana-de-anestezie-si-terapie-intensiva-protesteaza-impotriva-prof-streinu-cercel-in-scurte-cuvinte-esti-de-netolerat\/\" \/>\n<meta property=\"og:site_name\" content=\"Buletin de Bucure\u0219ti\" \/>\n<meta property=\"article:publisher\" content=\"https:\/\/www.facebook.com\/buletin.de.buc\" \/>\n<meta property=\"article:published_time\" content=\"2020-07-24T13:22:17+00:00\" \/>\n<meta property=\"article:modified_time\" content=\"2020-07-24T13:22:18+00:00\" \/>\n<meta property=\"og:image\" content=\"https:\/\/buletin.de\/bucuresti\/wp-content\/uploads\/Screenshot_2h.png\" \/>\n\t<meta property=\"og:image:width\" content=\"1732\" \/>\n\t<meta property=\"og:image:height\" content=\"555\" \/>\n\t<meta property=\"og:image:type\" content=\"image\/png\" \/>\n<meta name=\"author\" content=\"Bianca Albu\" \/>\n<meta name=\"twitter:card\" content=\"summary_large_image\" \/>\n<meta name=\"twitter:label1\" content=\"Written by\" \/>\n\t<meta name=\"twitter:data1\" content=\"Bianca Albu\" \/>\n\t<meta name=\"twitter:label2\" content=\"Estimated reading time\" \/>\n\t<meta name=\"twitter:data2\" content=\"1 minute\" \/>\n<script type=\"application\/ld+json\" class=\"yoast-schema-graph\">{\"@context\":\"https:\\\/\\\/schema.org\",\"@graph\":[{\"@type\":\"Article\",\"@id\":\"https:\\\/\\\/buletin.de\\\/bucuresti\\\/societatea-romana-de-anestezie-si-terapie-intensiva-protesteaza-impotriva-prof-streinu-cercel-in-scurte-cuvinte-esti-de-netolerat\\\/#article\",\"isPartOf\":{\"@id\":\"https:\\\/\\\/buletin.de\\\/bucuresti\\\/societatea-romana-de-anestezie-si-terapie-intensiva-protesteaza-impotriva-prof-streinu-cercel-in-scurte-cuvinte-esti-de-netolerat\\\/\"},\"author\":{\"name\":\"Bianca Albu\",\"@id\":\"https:\\\/\\\/buletin.de\\\/bucuresti\\\/#\\\/schema\\\/person\\\/295dc2228d2dc79294d636619468dc7f\"},\"headline\":\"Societatea Rom\u00e2n\u0103 de Anestezie \u0219i Terapie Intensiv\u0103 protesteaz\u0103 \u00eempotriva prof. Streinu-Cercel: \u201e\u00cen scurte cuvinte, e\u0219ti de netolerat!\u201d\",\"datePublished\":\"2020-07-24T13:22:17+00:00\",\"dateModified\":\"2020-07-24T13:22:18+00:00\",\"mainEntityOfPage\":{\"@id\":\"https:\\\/\\\/buletin.de\\\/bucuresti\\\/societatea-romana-de-anestezie-si-terapie-intensiva-protesteaza-impotriva-prof-streinu-cercel-in-scurte-cuvinte-esti-de-netolerat\\\/\"},\"wordCount\":306,\"publisher\":{\"@id\":\"https:\\\/\\\/buletin.de\\\/bucuresti\\\/#organization\"},\"image\":{\"@id\":\"https:\\\/\\\/buletin.de\\\/bucuresti\\\/societatea-romana-de-anestezie-si-terapie-intensiva-protesteaza-impotriva-prof-streinu-cercel-in-scurte-cuvinte-esti-de-netolerat\\\/#primaryimage\"},\"thumbnailUrl\":\"https:\\\/\\\/buletin.de\\\/bucuresti\\\/wp-content\\\/uploads\\\/Screenshot_2h.png\",\"keywords\":[\"detasare ati\",\"institutul matei bals\",\"protest\",\"srati\",\"streinu cercel\"],\"articleSection\":[\"Covid-19\",\"S\u0103n\u0103tate\",\"\u0218tiri\"],\"inLanguage\":\"en-GB\",\"copyrightYear\":\"2020\",\"copyrightHolder\":{\"@id\":\"https:\\\/\\\/buletin.de\\\/bucuresti\\\/#organization\"}},{\"@type\":\"WebPage\",\"@id\":\"https:\\\/\\\/buletin.de\\\/bucuresti\\\/societatea-romana-de-anestezie-si-terapie-intensiva-protesteaza-impotriva-prof-streinu-cercel-in-scurte-cuvinte-esti-de-netolerat\\\/\",\"url\":\"https:\\\/\\\/buletin.de\\\/bucuresti\\\/societatea-romana-de-anestezie-si-terapie-intensiva-protesteaza-impotriva-prof-streinu-cercel-in-scurte-cuvinte-esti-de-netolerat\\\/\",\"name\":\"Societatea Rom\u00e2n\u0103 de Anestezie \u0219i Terapie Intensiv\u0103 protesteaz\u0103 \u00eempotriva prof. Streinu-Cercel: \u201e\u00cen scurte cuvinte, e\u0219ti de netolerat!\u201d - Buletin de Bucure\u0219ti\",\"isPartOf\":{\"@id\":\"https:\\\/\\\/buletin.de\\\/bucuresti\\\/#website\"},\"primaryImageOfPage\":{\"@id\":\"https:\\\/\\\/buletin.de\\\/bucuresti\\\/societatea-romana-de-anestezie-si-terapie-intensiva-protesteaza-impotriva-prof-streinu-cercel-in-scurte-cuvinte-esti-de-netolerat\\\/#primaryimage\"},\"image\":{\"@id\":\"https:\\\/\\\/buletin.de\\\/bucuresti\\\/societatea-romana-de-anestezie-si-terapie-intensiva-protesteaza-impotriva-prof-streinu-cercel-in-scurte-cuvinte-esti-de-netolerat\\\/#primaryimage\"},\"thumbnailUrl\":\"https:\\\/\\\/buletin.de\\\/bucuresti\\\/wp-content\\\/uploads\\\/Screenshot_2h.png\",\"datePublished\":\"2020-07-24T13:22:17+00:00\",\"dateModified\":\"2020-07-24T13:22:18+00:00\",\"breadcrumb\":{\"@id\":\"https:\\\/\\\/buletin.de\\\/bucuresti\\\/societatea-romana-de-anestezie-si-terapie-intensiva-protesteaza-impotriva-prof-streinu-cercel-in-scurte-cuvinte-esti-de-netolerat\\\/#breadcrumb\"},\"inLanguage\":\"en-GB\",\"potentialAction\":[{\"@type\":\"ReadAction\",\"target\":[\"https:\\\/\\\/buletin.de\\\/bucuresti\\\/societatea-romana-de-anestezie-si-terapie-intensiva-protesteaza-impotriva-prof-streinu-cercel-in-scurte-cuvinte-esti-de-netolerat\\\/\"]}]},{\"@type\":\"ImageObject\",\"inLanguage\":\"en-GB\",\"@id\":\"https:\\\/\\\/buletin.de\\\/bucuresti\\\/societatea-romana-de-anestezie-si-terapie-intensiva-protesteaza-impotriva-prof-streinu-cercel-in-scurte-cuvinte-esti-de-netolerat\\\/#primaryimage\",\"url\":\"https:\\\/\\\/buletin.de\\\/bucuresti\\\/wp-content\\\/uploads\\\/Screenshot_2h.png\",\"contentUrl\":\"https:\\\/\\\/buletin.de\\\/bucuresti\\\/wp-content\\\/uploads\\\/Screenshot_2h.png\",\"width\":1732,\"height\":555},{\"@type\":\"BreadcrumbList\",\"@id\":\"https:\\\/\\\/buletin.de\\\/bucuresti\\\/societatea-romana-de-anestezie-si-terapie-intensiva-protesteaza-impotriva-prof-streinu-cercel-in-scurte-cuvinte-esti-de-netolerat\\\/#breadcrumb\",\"itemListElement\":[{\"@type\":\"ListItem\",\"position\":1,\"name\":\"Acas\u0103\",\"item\":\"https:\\\/\\\/buletin.de\\\/bucuresti\\\/\"},{\"@type\":\"ListItem\",\"position\":2,\"name\":\"Societatea Rom\u00e2n\u0103 de Anestezie \u0219i Terapie Intensiv\u0103 protesteaz\u0103 \u00eempotriva prof. Streinu-Cercel: \u201e\u00cen scurte cuvinte, e\u0219ti de netolerat!\u201d\"}]},{\"@type\":\"WebSite\",\"@id\":\"https:\\\/\\\/buletin.de\\\/bucuresti\\\/#website\",\"url\":\"https:\\\/\\\/buletin.de\\\/bucuresti\\\/\",\"name\":\"Buletin de Bucure\u0219ti\",\"description\":\"\u0218tiri \u0219i investiga\u021bii esen\u021biale din capital\u0103\",\"publisher\":{\"@id\":\"https:\\\/\\\/buletin.de\\\/bucuresti\\\/#organization\"},\"potentialAction\":[{\"@type\":\"SearchAction\",\"target\":{\"@type\":\"EntryPoint\",\"urlTemplate\":\"https:\\\/\\\/buletin.de\\\/bucuresti\\\/?s={search_term_string}\"},\"query-input\":{\"@type\":\"PropertyValueSpecification\",\"valueRequired\":true,\"valueName\":\"search_term_string\"}}],\"inLanguage\":\"en-GB\"},{\"@type\":\"Organization\",\"@id\":\"https:\\\/\\\/buletin.de\\\/bucuresti\\\/#organization\",\"name\":\"Buletin de Bucure\u0219ti\",\"url\":\"https:\\\/\\\/buletin.de\\\/bucuresti\\\/\",\"logo\":{\"@type\":\"ImageObject\",\"inLanguage\":\"en-GB\",\"@id\":\"https:\\\/\\\/buletin.de\\\/bucuresti\\\/#\\\/schema\\\/logo\\\/image\\\/\",\"url\":\"https:\\\/\\\/buletin.de\\\/bucuresti\\\/wp-content\\\/uploads\\\/logo-bdb-full-wide-vernil-transparent.png\",\"contentUrl\":\"https:\\\/\\\/buletin.de\\\/bucuresti\\\/wp-content\\\/uploads\\\/logo-bdb-full-wide-vernil-transparent.png\",\"width\":1782,\"height\":626,\"caption\":\"Buletin de Bucure\u0219ti\"},\"image\":{\"@id\":\"https:\\\/\\\/buletin.de\\\/bucuresti\\\/#\\\/schema\\\/logo\\\/image\\\/\"},\"sameAs\":[\"https:\\\/\\\/www.facebook.com\\\/buletin.de.buc\",\"https:\\\/\\\/www.instagram.com\\\/buletinde.bucuresti\\\/\"]},{\"@type\":\"Person\",\"@id\":\"https:\\\/\\\/buletin.de\\\/bucuresti\\\/#\\\/schema\\\/person\\\/295dc2228d2dc79294d636619468dc7f\",\"name\":\"Bianca Albu\",\"image\":{\"@type\":\"ImageObject\",\"inLanguage\":\"en-GB\",\"@id\":\"https:\\\/\\\/secure.gravatar.com\\\/avatar\\\/3df2e34e20f529e6fd7be4311ee1f7c4ec4aa886971590baf6fa214b15743516?s=96&d=monsterid&r=gf541c715eeec409ce8101252a3c0d8a7\",\"url\":\"https:\\\/\\\/secure.gravatar.com\\\/avatar\\\/3df2e34e20f529e6fd7be4311ee1f7c4ec4aa886971590baf6fa214b15743516?s=96&d=monsterid&r=g\",\"contentUrl\":\"https:\\\/\\\/secure.gravatar.com\\\/avatar\\\/3df2e34e20f529e6fd7be4311ee1f7c4ec4aa886971590baf6fa214b15743516?s=96&d=monsterid&r=g\",\"caption\":\"Bianca Albu\"},\"description\":\"Reporter\",\"url\":\"https:\\\/\\\/buletin.de\\\/bucuresti\\\/author\\\/biancaalbu\\\/\"}]}<\/script>\n<!-- \/ Yoast SEO Premium plugin. -->","yoast_head_json":{"title":"Societatea Rom\u00e2n\u0103 de Anestezie \u0219i Terapie Intensiv\u0103 protesteaz\u0103 \u00eempotriva prof. Streinu-Cercel: \u201e\u00cen scurte cuvinte, e\u0219ti de netolerat!\u201d - Buletin de Bucure\u0219ti","robots":{"index":"index","follow":"follow","max-snippet":"max-snippet:-1","max-image-preview":"max-image-preview:large","max-video-preview":"max-video-preview:-1"},"canonical":"https:\/\/buletin.de\/bucuresti\/societatea-romana-de-anestezie-si-terapie-intensiva-protesteaza-impotriva-prof-streinu-cercel-in-scurte-cuvinte-esti-de-netolerat\/","og_locale":"en_GB","og_type":"article","og_title":"Societatea Rom\u00e2n\u0103 de Anestezie \u0219i Terapie Intensiv\u0103 protesteaz\u0103 \u00eempotriva prof. Streinu-Cercel: \u201e\u00cen scurte cuvinte, e\u0219ti de netolerat!\u201d","og_description":"Societatea Rom\u00e2n\u0103 de Anestezie \u0219i Terapie Intensiv\u0103 (SRATI) protesteaz\u0103 \u00eempotriva det\u0103\u0219\u0103rii personalului de specialitate ATI \u00een sec\u021bia ATI a Institutului de Boli Infec\u021bioase Matei Bal\u0219 pe motiv c\u0103 sec\u021bia este condus\u0103 ilegal de dr. Doina Iov\u0103nescu, medic primar de boli infec\u021bioase care nu are expertiz\u0103 \u00een specialitatea ATI. Protestul a ap\u0103rut \u00een urma solicit\u0103rii transmise [&hellip;]","og_url":"https:\/\/buletin.de\/bucuresti\/societatea-romana-de-anestezie-si-terapie-intensiva-protesteaza-impotriva-prof-streinu-cercel-in-scurte-cuvinte-esti-de-netolerat\/","og_site_name":"Buletin de Bucure\u0219ti","article_publisher":"https:\/\/www.facebook.com\/buletin.de.buc","article_published_time":"2020-07-24T13:22:17+00:00","article_modified_time":"2020-07-24T13:22:18+00:00","og_image":[{"width":1732,"height":555,"url":"https:\/\/buletin.de\/bucuresti\/wp-content\/uploads\/Screenshot_2h.png","type":"image\/png"}],"author":"Bianca Albu","twitter_card":"summary_large_image","twitter_misc":{"Written by":"Bianca Albu","Estimated reading time":"1 minute"},"schema":{"@context":"https:\/\/schema.org","@graph":[{"@type":"Article","@id":"https:\/\/buletin.de\/bucuresti\/societatea-romana-de-anestezie-si-terapie-intensiva-protesteaza-impotriva-prof-streinu-cercel-in-scurte-cuvinte-esti-de-netolerat\/#article","isPartOf":{"@id":"https:\/\/buletin.de\/bucuresti\/societatea-romana-de-anestezie-si-terapie-intensiva-protesteaza-impotriva-prof-streinu-cercel-in-scurte-cuvinte-esti-de-netolerat\/"},"author":{"name":"Bianca Albu","@id":"https:\/\/buletin.de\/bucuresti\/#\/schema\/person\/295dc2228d2dc79294d636619468dc7f"},"headline":"Societatea Rom\u00e2n\u0103 de Anestezie \u0219i Terapie Intensiv\u0103 protesteaz\u0103 \u00eempotriva prof. Streinu-Cercel: \u201e\u00cen scurte cuvinte, e\u0219ti de netolerat!\u201d","datePublished":"2020-07-24T13:22:17+00:00","dateModified":"2020-07-24T13:22:18+00:00","mainEntityOfPage":{"@id":"https:\/\/buletin.de\/bucuresti\/societatea-romana-de-anestezie-si-terapie-intensiva-protesteaza-impotriva-prof-streinu-cercel-in-scurte-cuvinte-esti-de-netolerat\/"},"wordCount":306,"publisher":{"@id":"https:\/\/buletin.de\/bucuresti\/#organization"},"image":{"@id":"https:\/\/buletin.de\/bucuresti\/societatea-romana-de-anestezie-si-terapie-intensiva-protesteaza-impotriva-prof-streinu-cercel-in-scurte-cuvinte-esti-de-netolerat\/#primaryimage"},"thumbnailUrl":"https:\/\/buletin.de\/bucuresti\/wp-content\/uploads\/Screenshot_2h.png","keywords":["detasare ati","institutul matei bals","protest","srati","streinu cercel"],"articleSection":["Covid-19","S\u0103n\u0103tate","\u0218tiri"],"inLanguage":"en-GB","copyrightYear":"2020","copyrightHolder":{"@id":"https:\/\/buletin.de\/bucuresti\/#organization"}},{"@type":"WebPage","@id":"https:\/\/buletin.de\/bucuresti\/societatea-romana-de-anestezie-si-terapie-intensiva-protesteaza-impotriva-prof-streinu-cercel-in-scurte-cuvinte-esti-de-netolerat\/","url":"https:\/\/buletin.de\/bucuresti\/societatea-romana-de-anestezie-si-terapie-intensiva-protesteaza-impotriva-prof-streinu-cercel-in-scurte-cuvinte-esti-de-netolerat\/","name":"Societatea Rom\u00e2n\u0103 de Anestezie \u0219i Terapie Intensiv\u0103 protesteaz\u0103 \u00eempotriva prof. Streinu-Cercel: \u201e\u00cen scurte cuvinte, e\u0219ti de netolerat!\u201d - Buletin de Bucure\u0219ti","isPartOf":{"@id":"https:\/\/buletin.de\/bucuresti\/#website"},"primaryImageOfPage":{"@id":"https:\/\/buletin.de\/bucuresti\/societatea-romana-de-anestezie-si-terapie-intensiva-protesteaza-impotriva-prof-streinu-cercel-in-scurte-cuvinte-esti-de-netolerat\/#primaryimage"},"image":{"@id":"https:\/\/buletin.de\/bucuresti\/societatea-romana-de-anestezie-si-terapie-intensiva-protesteaza-impotriva-prof-streinu-cercel-in-scurte-cuvinte-esti-de-netolerat\/#primaryimage"},"thumbnailUrl":"https:\/\/buletin.de\/bucuresti\/wp-content\/uploads\/Screenshot_2h.png","datePublished":"2020-07-24T13:22:17+00:00","dateModified":"2020-07-24T13:22:18+00:00","breadcrumb":{"@id":"https:\/\/buletin.de\/bucuresti\/societatea-romana-de-anestezie-si-terapie-intensiva-protesteaza-impotriva-prof-streinu-cercel-in-scurte-cuvinte-esti-de-netolerat\/#breadcrumb"},"inLanguage":"en-GB","potentialAction":[{"@type":"ReadAction","target":["https:\/\/buletin.de\/bucuresti\/societatea-romana-de-anestezie-si-terapie-intensiva-protesteaza-impotriva-prof-streinu-cercel-in-scurte-cuvinte-esti-de-netolerat\/"]}]},{"@type":"ImageObject","inLanguage":"en-GB","@id":"https:\/\/buletin.de\/bucuresti\/societatea-romana-de-anestezie-si-terapie-intensiva-protesteaza-impotriva-prof-streinu-cercel-in-scurte-cuvinte-esti-de-netolerat\/#primaryimage","url":"https:\/\/buletin.de\/bucuresti\/wp-content\/uploads\/Screenshot_2h.png","contentUrl":"https:\/\/buletin.de\/bucuresti\/wp-content\/uploads\/Screenshot_2h.png","width":1732,"height":555},{"@type":"BreadcrumbList","@id":"https:\/\/buletin.de\/bucuresti\/societatea-romana-de-anestezie-si-terapie-intensiva-protesteaza-impotriva-prof-streinu-cercel-in-scurte-cuvinte-esti-de-netolerat\/#breadcrumb","itemListElement":[{"@type":"ListItem","position":1,"name":"Acas\u0103","item":"https:\/\/buletin.de\/bucuresti\/"},{"@type":"ListItem","position":2,"name":"Societatea Rom\u00e2n\u0103 de Anestezie \u0219i Terapie Intensiv\u0103 protesteaz\u0103 \u00eempotriva prof. Streinu-Cercel: \u201e\u00cen scurte cuvinte, e\u0219ti de netolerat!\u201d"}]},{"@type":"WebSite","@id":"https:\/\/buletin.de\/bucuresti\/#website","url":"https:\/\/buletin.de\/bucuresti\/","name":"Buletin de Bucure\u0219ti","description":"\u0218tiri \u0219i investiga\u021bii esen\u021biale din capital\u0103","publisher":{"@id":"https:\/\/buletin.de\/bucuresti\/#organization"},"potentialAction":[{"@type":"SearchAction","target":{"@type":"EntryPoint","urlTemplate":"https:\/\/buletin.de\/bucuresti\/?s={search_term_string}"},"query-input":{"@type":"PropertyValueSpecification","valueRequired":true,"valueName":"search_term_string"}}],"inLanguage":"en-GB"},{"@type":"Organization","@id":"https:\/\/buletin.de\/bucuresti\/#organization","name":"Buletin de Bucure\u0219ti","url":"https:\/\/buletin.de\/bucuresti\/","logo":{"@type":"ImageObject","inLanguage":"en-GB","@id":"https:\/\/buletin.de\/bucuresti\/#\/schema\/logo\/image\/","url":"https:\/\/buletin.de\/bucuresti\/wp-content\/uploads\/logo-bdb-full-wide-vernil-transparent.png","contentUrl":"https:\/\/buletin.de\/bucuresti\/wp-content\/uploads\/logo-bdb-full-wide-vernil-transparent.png","width":1782,"height":626,"caption":"Buletin de Bucure\u0219ti"},"image":{"@id":"https:\/\/buletin.de\/bucuresti\/#\/schema\/logo\/image\/"},"sameAs":["https:\/\/www.facebook.com\/buletin.de.buc","https:\/\/www.instagram.com\/buletinde.bucuresti\/"]},{"@type":"Person","@id":"https:\/\/buletin.de\/bucuresti\/#\/schema\/person\/295dc2228d2dc79294d636619468dc7f","name":"Bianca Albu","image":{"@type":"ImageObject","inLanguage":"en-GB","@id":"https:\/\/secure.gravatar.com\/avatar\/3df2e34e20f529e6fd7be4311ee1f7c4ec4aa886971590baf6fa214b15743516?s=96&d=monsterid&r=gf541c715eeec409ce8101252a3c0d8a7","url":"https:\/\/secure.gravatar.com\/avatar\/3df2e34e20f529e6fd7be4311ee1f7c4ec4aa886971590baf6fa214b15743516?s=96&d=monsterid&r=g","contentUrl":"https:\/\/secure.gravatar.com\/avatar\/3df2e34e20f529e6fd7be4311ee1f7c4ec4aa886971590baf6fa214b15743516?s=96&d=monsterid&r=g","caption":"Bianca Albu"},"description":"Reporter","url":"https:\/\/buletin.de\/bucuresti\/author\/biancaalbu\/"}]}},"authors":[{"term_id":22588,"user_id":6,"is_guest":0,"slug":"biancaalbu","display_name":"Bianca Albu","avatar_url":"https:\/\/secure.gravatar.com\/avatar\/3df2e34e20f529e6fd7be4311ee1f7c4ec4aa886971590baf6fa214b15743516?s=96&d=monsterid&r=g","0":null,"1":"","2":"","3":"","4":"","5":"","6":"","7":"","8":""}],"_links":{"self":[{"href":"https:\/\/buletin.de\/bucuresti\/wp-json\/wp\/v2\/posts\/9554","targetHints":{"allow":["GET"]}}],"collection":[{"href":"https:\/\/buletin.de\/bucuresti\/wp-json\/wp\/v2\/posts"}],"about":[{"href":"https:\/\/buletin.de\/bucuresti\/wp-json\/wp\/v2\/types\/post"}],"author":[{"embeddable":true,"href":"https:\/\/buletin.de\/bucuresti\/wp-json\/wp\/v2\/users\/6"}],"replies":[{"embeddable":true,"href":"https:\/\/buletin.de\/bucuresti\/wp-json\/wp\/v2\/comments?post=9554"}],"version-history":[{"count":2,"href":"https:\/\/buletin.de\/bucuresti\/wp-json\/wp\/v2\/posts\/9554\/revisions"}],"predecessor-version":[{"id":9584,"href":"https:\/\/buletin.de\/bucuresti\/wp-json\/wp\/v2\/posts\/9554\/revisions\/9584"}],"wp:featuredmedia":[{"embeddable":true,"href":"https:\/\/buletin.de\/bucuresti\/wp-json\/wp\/v2\/media\/9555"}],"wp:attachment":[{"href":"https:\/\/buletin.de\/bucuresti\/wp-json\/wp\/v2\/media?parent=9554"}],"wp:term":[{"taxonomy":"category","embeddable":true,"href":"https:\/\/buletin.de\/bucuresti\/wp-json\/wp\/v2\/categories?post=9554"},{"taxonomy":"post_tag","embeddable":true,"href":"https:\/\/buletin.de\/bucuresti\/wp-json\/wp\/v2\/tags?post=9554"},{"taxonomy":"author","embeddable":true,"href":"https:\/\/buletin.de\/bucuresti\/wp-json\/wp\/v2\/ppma_author?post=9554"}],"curies":[{"name":"wp","href":"https:\/\/api.w.org\/{rel}","templated":true}]}}