{"id":9523,"date":"2020-07-22T14:35:06","date_gmt":"2020-07-22T11:35:06","guid":{"rendered":"https:\/\/buletin.de\/bucuresti\/?p=9523"},"modified":"2020-07-22T14:40:08","modified_gmt":"2020-07-22T11:40:08","slug":"satul-cartojani-din-judetul-giurgiu-prima-loclitate-cu-carantina-impusa-dupa-iesirea-din-starea-de-urgenta","status":"publish","type":"post","link":"https:\/\/buletin.de\/bucuresti\/satul-cartojani-din-judetul-giurgiu-prima-loclitate-cu-carantina-impusa-dupa-iesirea-din-starea-de-urgenta\/","title":{"rendered":"Satul C\u00e2rtojani din jude\u021bul Giurgiu, prima localitate cu carantin\u0103 impus\u0103, dup\u0103 ie\u0219irea din starea de urgen\u021b\u0103"},"content":{"rendered":"\n<p><\/p>\n\n\n\n<p>Autorit\u0103\u021bile au decis intrarea \u00een carantin\u0103, \u00eencep\u00e2nd din 22 iulie, ora 17, a satului Cartojani, comuna Roata de Jos, jude\u021bul Giurgiu. A fost publicat deja ordinul DSU iar for\u021bele de ordine care vor asigura c\u0103 nimeni nu intr\u0103 \u0219i nu iese din localitate sunt deja \u00een zon\u0103.<\/p>\n\n\n\n<p>Decizia vine dup\u0103 ce 37 dintre cei 3600 de locuitori ai satului au fost diagnostica\u021bi cu COVID \u0219i este prima localitate carantinat\u0103, dup\u0103 intrarea \u00een vigoare a noii legii a carantinei.<\/p>\n\n\n\n<p>\u00cen Cartojani va fi permis\u0103 intrarea sau ie\u0219irea persoanelor care nu locuiesc \u00een interiorul zonei doar pentru activit\u0103\u021bi din domeniul economic, al ordinii publice, securit\u0103\u021bii na\u021bionale, sanitare, farmaceutice, administra\u021bie local\u0103, sanitar veterinare, judiciar sau de servicii de utilitate public\u0103.<\/p>\n\n\n\n<p>Oamenii din sat pot p\u0103r\u0103si zona carantinat\u0103 doar pentru activit\u0103\u021bi agricole.<\/p>\n\n\n\n<p>Ordinul de carantinare se aplic\u0103 \u00eencep\u0103nd de ast\u0103zi, 22.07.2020, ora 17.00 pentru o perioad\u0103 de 14 zile. <\/p>\n\n\n\n<p><\/p>\n\n\n\n<p>Foto cover: Virgil Simionescu, Inquam Photo<\/p>\n\n\n\n<p><\/p>\n\n\n\n<p><\/p>\n\n\n\n<p><\/p>\n","protected":false},"excerpt":{"rendered":"<p>Autorit\u0103\u021bile au decis intrarea \u00een carantin\u0103, \u00eencep\u00e2nd din 22 iulie, ora 17, a satului Cartojani, comuna Roata de Jos, jude\u021bul Giurgiu. A fost publicat deja ordinul DSU iar for\u021bele de ordine care vor asigura c\u0103 nimeni nu intr\u0103 \u0219i nu iese din localitate sunt deja \u00een zon\u0103. Decizia vine dup\u0103 ce 37 dintre cei 3600 [&hellip;]<\/p>\n","protected":false},"author":18,"featured_media":7276,"comment_status":"closed","ping_status":"open","sticky":false,"template":"","format":"standard","meta":{"_acf_changed":false,"inline_featured_image":false,"ngg_post_thumbnail":0,"footnotes":""},"categories":[1],"tags":[],"ppma_author":[22579],"class_list":["post-9523","post","type-post","status-publish","format-standard","has-post-thumbnail","hentry","category-diverse"],"acf":[],"yoast_head":"<!-- This site is optimized with the Yoast SEO Premium plugin v25.3 (Yoast SEO v27.4) - https:\/\/yoast.com\/product\/yoast-seo-premium-wordpress\/ -->\n<title>Satul C\u00e2rtojani din jude\u021bul Giurgiu, prima localitate cu carantin\u0103 impus\u0103, dup\u0103 ie\u0219irea din starea de urgen\u021b\u0103 - Buletin de Bucure\u0219ti<\/title>\n<meta name=\"robots\" content=\"index, follow, max-snippet:-1, max-image-preview:large, max-video-preview:-1\" \/>\n<link rel=\"canonical\" href=\"https:\/\/buletin.de\/bucuresti\/satul-cartojani-din-judetul-giurgiu-prima-loclitate-cu-carantina-impusa-dupa-iesirea-din-starea-de-urgenta\/\" \/>\n<meta property=\"og:locale\" content=\"en_GB\" \/>\n<meta property=\"og:type\" content=\"article\" \/>\n<meta property=\"og:title\" content=\"Satul C\u00e2rtojani din jude\u021bul Giurgiu, prima localitate cu carantin\u0103 impus\u0103, dup\u0103 ie\u0219irea din starea de urgen\u021b\u0103\" \/>\n<meta property=\"og:description\" content=\"Autorit\u0103\u021bile au decis intrarea \u00een carantin\u0103, \u00eencep\u00e2nd din 22 iulie, ora 17, a satului Cartojani, comuna Roata de Jos, jude\u021bul Giurgiu. A fost publicat deja ordinul DSU iar for\u021bele de ordine care vor asigura c\u0103 nimeni nu intr\u0103 \u0219i nu iese din localitate sunt deja \u00een zon\u0103. Decizia vine dup\u0103 ce 37 dintre cei 3600 [&hellip;]\" \/>\n<meta property=\"og:url\" content=\"https:\/\/buletin.de\/bucuresti\/satul-cartojani-din-judetul-giurgiu-prima-loclitate-cu-carantina-impusa-dupa-iesirea-din-starea-de-urgenta\/\" \/>\n<meta property=\"og:site_name\" content=\"Buletin de Bucure\u0219ti\" \/>\n<meta property=\"article:publisher\" content=\"https:\/\/www.facebook.com\/buletin.de.buc\" \/>\n<meta property=\"article:published_time\" content=\"2020-07-22T11:35:06+00:00\" \/>\n<meta property=\"article:modified_time\" content=\"2020-07-22T11:40:08+00:00\" \/>\n<meta property=\"og:image\" content=\"https:\/\/buletin.de\/bucuresti\/wp-content\/uploads\/ID134281_INQUAM_Photos_Virgil_Simonescu-1-scaled.jpg\" \/>\n\t<meta property=\"og:image:width\" content=\"2560\" \/>\n\t<meta property=\"og:image:height\" content=\"1707\" \/>\n\t<meta property=\"og:image:type\" content=\"image\/jpeg\" \/>\n<meta name=\"author\" content=\"Teodora Stroe\" \/>\n<meta name=\"twitter:card\" content=\"summary_large_image\" \/>\n<meta name=\"twitter:label1\" content=\"Written by\" \/>\n\t<meta name=\"twitter:data1\" content=\"Teodora Stroe\" \/>\n\t<meta name=\"twitter:label2\" content=\"Estimated reading time\" \/>\n\t<meta name=\"twitter:data2\" content=\"1 minute\" \/>\n<script type=\"application\/ld+json\" class=\"yoast-schema-graph\">{\"@context\":\"https:\\\/\\\/schema.org\",\"@graph\":[{\"@type\":\"Article\",\"@id\":\"https:\\\/\\\/buletin.de\\\/bucuresti\\\/satul-cartojani-din-judetul-giurgiu-prima-loclitate-cu-carantina-impusa-dupa-iesirea-din-starea-de-urgenta\\\/#article\",\"isPartOf\":{\"@id\":\"https:\\\/\\\/buletin.de\\\/bucuresti\\\/satul-cartojani-din-judetul-giurgiu-prima-loclitate-cu-carantina-impusa-dupa-iesirea-din-starea-de-urgenta\\\/\"},\"author\":{\"name\":\"Teodora Stroe\",\"@id\":\"https:\\\/\\\/buletin.de\\\/bucuresti\\\/#\\\/schema\\\/person\\\/d369d7ddc775abece205795e0b804614\"},\"headline\":\"Satul C\u00e2rtojani din jude\u021bul Giurgiu, prima localitate cu carantin\u0103 impus\u0103, dup\u0103 ie\u0219irea din starea de urgen\u021b\u0103\",\"datePublished\":\"2020-07-22T11:35:06+00:00\",\"dateModified\":\"2020-07-22T11:40:08+00:00\",\"mainEntityOfPage\":{\"@id\":\"https:\\\/\\\/buletin.de\\\/bucuresti\\\/satul-cartojani-din-judetul-giurgiu-prima-loclitate-cu-carantina-impusa-dupa-iesirea-din-starea-de-urgenta\\\/\"},\"wordCount\":178,\"publisher\":{\"@id\":\"https:\\\/\\\/buletin.de\\\/bucuresti\\\/#organization\"},\"image\":{\"@id\":\"https:\\\/\\\/buletin.de\\\/bucuresti\\\/satul-cartojani-din-judetul-giurgiu-prima-loclitate-cu-carantina-impusa-dupa-iesirea-din-starea-de-urgenta\\\/#primaryimage\"},\"thumbnailUrl\":\"https:\\\/\\\/buletin.de\\\/bucuresti\\\/wp-content\\\/uploads\\\/ID134281_INQUAM_Photos_Virgil_Simonescu-1-scaled.jpg\",\"articleSection\":[\"Diverse\"],\"inLanguage\":\"en-GB\",\"copyrightYear\":\"2020\",\"copyrightHolder\":{\"@id\":\"https:\\\/\\\/buletin.de\\\/bucuresti\\\/#organization\"}},{\"@type\":\"WebPage\",\"@id\":\"https:\\\/\\\/buletin.de\\\/bucuresti\\\/satul-cartojani-din-judetul-giurgiu-prima-loclitate-cu-carantina-impusa-dupa-iesirea-din-starea-de-urgenta\\\/\",\"url\":\"https:\\\/\\\/buletin.de\\\/bucuresti\\\/satul-cartojani-din-judetul-giurgiu-prima-loclitate-cu-carantina-impusa-dupa-iesirea-din-starea-de-urgenta\\\/\",\"name\":\"Satul C\u00e2rtojani din jude\u021bul Giurgiu, prima localitate cu carantin\u0103 impus\u0103, dup\u0103 ie\u0219irea din starea de urgen\u021b\u0103 - Buletin de Bucure\u0219ti\",\"isPartOf\":{\"@id\":\"https:\\\/\\\/buletin.de\\\/bucuresti\\\/#website\"},\"primaryImageOfPage\":{\"@id\":\"https:\\\/\\\/buletin.de\\\/bucuresti\\\/satul-cartojani-din-judetul-giurgiu-prima-loclitate-cu-carantina-impusa-dupa-iesirea-din-starea-de-urgenta\\\/#primaryimage\"},\"image\":{\"@id\":\"https:\\\/\\\/buletin.de\\\/bucuresti\\\/satul-cartojani-din-judetul-giurgiu-prima-loclitate-cu-carantina-impusa-dupa-iesirea-din-starea-de-urgenta\\\/#primaryimage\"},\"thumbnailUrl\":\"https:\\\/\\\/buletin.de\\\/bucuresti\\\/wp-content\\\/uploads\\\/ID134281_INQUAM_Photos_Virgil_Simonescu-1-scaled.jpg\",\"datePublished\":\"2020-07-22T11:35:06+00:00\",\"dateModified\":\"2020-07-22T11:40:08+00:00\",\"breadcrumb\":{\"@id\":\"https:\\\/\\\/buletin.de\\\/bucuresti\\\/satul-cartojani-din-judetul-giurgiu-prima-loclitate-cu-carantina-impusa-dupa-iesirea-din-starea-de-urgenta\\\/#breadcrumb\"},\"inLanguage\":\"en-GB\",\"potentialAction\":[{\"@type\":\"ReadAction\",\"target\":[\"https:\\\/\\\/buletin.de\\\/bucuresti\\\/satul-cartojani-din-judetul-giurgiu-prima-loclitate-cu-carantina-impusa-dupa-iesirea-din-starea-de-urgenta\\\/\"]}]},{\"@type\":\"ImageObject\",\"inLanguage\":\"en-GB\",\"@id\":\"https:\\\/\\\/buletin.de\\\/bucuresti\\\/satul-cartojani-din-judetul-giurgiu-prima-loclitate-cu-carantina-impusa-dupa-iesirea-din-starea-de-urgenta\\\/#primaryimage\",\"url\":\"https:\\\/\\\/buletin.de\\\/bucuresti\\\/wp-content\\\/uploads\\\/ID134281_INQUAM_Photos_Virgil_Simonescu-1-scaled.jpg\",\"contentUrl\":\"https:\\\/\\\/buletin.de\\\/bucuresti\\\/wp-content\\\/uploads\\\/ID134281_INQUAM_Photos_Virgil_Simonescu-1-scaled.jpg\",\"width\":2560,\"height\":1707,\"caption\":\"Un pacient din Caransebes care a fost confirmat ca fiind infectat cu coronavirus este transportat si internat in carantina la Spitalul de Boli Infectioase Victor Babes din Timisoara, marti 10 martie 2020.\"},{\"@type\":\"BreadcrumbList\",\"@id\":\"https:\\\/\\\/buletin.de\\\/bucuresti\\\/satul-cartojani-din-judetul-giurgiu-prima-loclitate-cu-carantina-impusa-dupa-iesirea-din-starea-de-urgenta\\\/#breadcrumb\",\"itemListElement\":[{\"@type\":\"ListItem\",\"position\":1,\"name\":\"Acas\u0103\",\"item\":\"https:\\\/\\\/buletin.de\\\/bucuresti\\\/\"},{\"@type\":\"ListItem\",\"position\":2,\"name\":\"Satul C\u00e2rtojani din jude\u021bul Giurgiu, prima localitate cu carantin\u0103 impus\u0103, dup\u0103 ie\u0219irea din starea de urgen\u021b\u0103\"}]},{\"@type\":\"WebSite\",\"@id\":\"https:\\\/\\\/buletin.de\\\/bucuresti\\\/#website\",\"url\":\"https:\\\/\\\/buletin.de\\\/bucuresti\\\/\",\"name\":\"Buletin de Bucure\u0219ti\",\"description\":\"\u0218tiri \u0219i investiga\u021bii esen\u021biale din capital\u0103\",\"publisher\":{\"@id\":\"https:\\\/\\\/buletin.de\\\/bucuresti\\\/#organization\"},\"potentialAction\":[{\"@type\":\"SearchAction\",\"target\":{\"@type\":\"EntryPoint\",\"urlTemplate\":\"https:\\\/\\\/buletin.de\\\/bucuresti\\\/?s={search_term_string}\"},\"query-input\":{\"@type\":\"PropertyValueSpecification\",\"valueRequired\":true,\"valueName\":\"search_term_string\"}}],\"inLanguage\":\"en-GB\"},{\"@type\":\"Organization\",\"@id\":\"https:\\\/\\\/buletin.de\\\/bucuresti\\\/#organization\",\"name\":\"Buletin de Bucure\u0219ti\",\"url\":\"https:\\\/\\\/buletin.de\\\/bucuresti\\\/\",\"logo\":{\"@type\":\"ImageObject\",\"inLanguage\":\"en-GB\",\"@id\":\"https:\\\/\\\/buletin.de\\\/bucuresti\\\/#\\\/schema\\\/logo\\\/image\\\/\",\"url\":\"https:\\\/\\\/buletin.de\\\/bucuresti\\\/wp-content\\\/uploads\\\/logo-bdb-full-wide-vernil-transparent.png\",\"contentUrl\":\"https:\\\/\\\/buletin.de\\\/bucuresti\\\/wp-content\\\/uploads\\\/logo-bdb-full-wide-vernil-transparent.png\",\"width\":1782,\"height\":626,\"caption\":\"Buletin de Bucure\u0219ti\"},\"image\":{\"@id\":\"https:\\\/\\\/buletin.de\\\/bucuresti\\\/#\\\/schema\\\/logo\\\/image\\\/\"},\"sameAs\":[\"https:\\\/\\\/www.facebook.com\\\/buletin.de.buc\",\"https:\\\/\\\/www.instagram.com\\\/buletinde.bucuresti\\\/\"]},{\"@type\":\"Person\",\"@id\":\"https:\\\/\\\/buletin.de\\\/bucuresti\\\/#\\\/schema\\\/person\\\/d369d7ddc775abece205795e0b804614\",\"name\":\"Teodora Stroe\",\"image\":{\"@type\":\"ImageObject\",\"inLanguage\":\"en-GB\",\"@id\":\"https:\\\/\\\/secure.gravatar.com\\\/avatar\\\/2560b4cd9f5f1bc100b123158e657d75584bd1c3e1d9c69285720b9457c1b78d?s=96&d=monsterid&r=gc104800242ba5f2d78dd5d7dc4df08b6\",\"url\":\"https:\\\/\\\/secure.gravatar.com\\\/avatar\\\/2560b4cd9f5f1bc100b123158e657d75584bd1c3e1d9c69285720b9457c1b78d?s=96&d=monsterid&r=g\",\"contentUrl\":\"https:\\\/\\\/secure.gravatar.com\\\/avatar\\\/2560b4cd9f5f1bc100b123158e657d75584bd1c3e1d9c69285720b9457c1b78d?s=96&d=monsterid&r=g\",\"caption\":\"Teodora Stroe\"},\"url\":\"https:\\\/\\\/buletin.de\\\/bucuresti\\\/author\\\/simonacarlugea\\\/\"}]}<\/script>\n<!-- \/ Yoast SEO Premium plugin. -->","yoast_head_json":{"title":"Satul C\u00e2rtojani din jude\u021bul Giurgiu, prima localitate cu carantin\u0103 impus\u0103, dup\u0103 ie\u0219irea din starea de urgen\u021b\u0103 - Buletin de Bucure\u0219ti","robots":{"index":"index","follow":"follow","max-snippet":"max-snippet:-1","max-image-preview":"max-image-preview:large","max-video-preview":"max-video-preview:-1"},"canonical":"https:\/\/buletin.de\/bucuresti\/satul-cartojani-din-judetul-giurgiu-prima-loclitate-cu-carantina-impusa-dupa-iesirea-din-starea-de-urgenta\/","og_locale":"en_GB","og_type":"article","og_title":"Satul C\u00e2rtojani din jude\u021bul Giurgiu, prima localitate cu carantin\u0103 impus\u0103, dup\u0103 ie\u0219irea din starea de urgen\u021b\u0103","og_description":"Autorit\u0103\u021bile au decis intrarea \u00een carantin\u0103, \u00eencep\u00e2nd din 22 iulie, ora 17, a satului Cartojani, comuna Roata de Jos, jude\u021bul Giurgiu. A fost publicat deja ordinul DSU iar for\u021bele de ordine care vor asigura c\u0103 nimeni nu intr\u0103 \u0219i nu iese din localitate sunt deja \u00een zon\u0103. Decizia vine dup\u0103 ce 37 dintre cei 3600 [&hellip;]","og_url":"https:\/\/buletin.de\/bucuresti\/satul-cartojani-din-judetul-giurgiu-prima-loclitate-cu-carantina-impusa-dupa-iesirea-din-starea-de-urgenta\/","og_site_name":"Buletin de Bucure\u0219ti","article_publisher":"https:\/\/www.facebook.com\/buletin.de.buc","article_published_time":"2020-07-22T11:35:06+00:00","article_modified_time":"2020-07-22T11:40:08+00:00","og_image":[{"width":2560,"height":1707,"url":"https:\/\/buletin.de\/bucuresti\/wp-content\/uploads\/ID134281_INQUAM_Photos_Virgil_Simonescu-1-scaled.jpg","type":"image\/jpeg"}],"author":"Teodora Stroe","twitter_card":"summary_large_image","twitter_misc":{"Written by":"Teodora Stroe","Estimated reading time":"1 minute"},"schema":{"@context":"https:\/\/schema.org","@graph":[{"@type":"Article","@id":"https:\/\/buletin.de\/bucuresti\/satul-cartojani-din-judetul-giurgiu-prima-loclitate-cu-carantina-impusa-dupa-iesirea-din-starea-de-urgenta\/#article","isPartOf":{"@id":"https:\/\/buletin.de\/bucuresti\/satul-cartojani-din-judetul-giurgiu-prima-loclitate-cu-carantina-impusa-dupa-iesirea-din-starea-de-urgenta\/"},"author":{"name":"Teodora Stroe","@id":"https:\/\/buletin.de\/bucuresti\/#\/schema\/person\/d369d7ddc775abece205795e0b804614"},"headline":"Satul C\u00e2rtojani din jude\u021bul Giurgiu, prima localitate cu carantin\u0103 impus\u0103, dup\u0103 ie\u0219irea din starea de urgen\u021b\u0103","datePublished":"2020-07-22T11:35:06+00:00","dateModified":"2020-07-22T11:40:08+00:00","mainEntityOfPage":{"@id":"https:\/\/buletin.de\/bucuresti\/satul-cartojani-din-judetul-giurgiu-prima-loclitate-cu-carantina-impusa-dupa-iesirea-din-starea-de-urgenta\/"},"wordCount":178,"publisher":{"@id":"https:\/\/buletin.de\/bucuresti\/#organization"},"image":{"@id":"https:\/\/buletin.de\/bucuresti\/satul-cartojani-din-judetul-giurgiu-prima-loclitate-cu-carantina-impusa-dupa-iesirea-din-starea-de-urgenta\/#primaryimage"},"thumbnailUrl":"https:\/\/buletin.de\/bucuresti\/wp-content\/uploads\/ID134281_INQUAM_Photos_Virgil_Simonescu-1-scaled.jpg","articleSection":["Diverse"],"inLanguage":"en-GB","copyrightYear":"2020","copyrightHolder":{"@id":"https:\/\/buletin.de\/bucuresti\/#organization"}},{"@type":"WebPage","@id":"https:\/\/buletin.de\/bucuresti\/satul-cartojani-din-judetul-giurgiu-prima-loclitate-cu-carantina-impusa-dupa-iesirea-din-starea-de-urgenta\/","url":"https:\/\/buletin.de\/bucuresti\/satul-cartojani-din-judetul-giurgiu-prima-loclitate-cu-carantina-impusa-dupa-iesirea-din-starea-de-urgenta\/","name":"Satul C\u00e2rtojani din jude\u021bul Giurgiu, prima localitate cu carantin\u0103 impus\u0103, dup\u0103 ie\u0219irea din starea de urgen\u021b\u0103 - Buletin de Bucure\u0219ti","isPartOf":{"@id":"https:\/\/buletin.de\/bucuresti\/#website"},"primaryImageOfPage":{"@id":"https:\/\/buletin.de\/bucuresti\/satul-cartojani-din-judetul-giurgiu-prima-loclitate-cu-carantina-impusa-dupa-iesirea-din-starea-de-urgenta\/#primaryimage"},"image":{"@id":"https:\/\/buletin.de\/bucuresti\/satul-cartojani-din-judetul-giurgiu-prima-loclitate-cu-carantina-impusa-dupa-iesirea-din-starea-de-urgenta\/#primaryimage"},"thumbnailUrl":"https:\/\/buletin.de\/bucuresti\/wp-content\/uploads\/ID134281_INQUAM_Photos_Virgil_Simonescu-1-scaled.jpg","datePublished":"2020-07-22T11:35:06+00:00","dateModified":"2020-07-22T11:40:08+00:00","breadcrumb":{"@id":"https:\/\/buletin.de\/bucuresti\/satul-cartojani-din-judetul-giurgiu-prima-loclitate-cu-carantina-impusa-dupa-iesirea-din-starea-de-urgenta\/#breadcrumb"},"inLanguage":"en-GB","potentialAction":[{"@type":"ReadAction","target":["https:\/\/buletin.de\/bucuresti\/satul-cartojani-din-judetul-giurgiu-prima-loclitate-cu-carantina-impusa-dupa-iesirea-din-starea-de-urgenta\/"]}]},{"@type":"ImageObject","inLanguage":"en-GB","@id":"https:\/\/buletin.de\/bucuresti\/satul-cartojani-din-judetul-giurgiu-prima-loclitate-cu-carantina-impusa-dupa-iesirea-din-starea-de-urgenta\/#primaryimage","url":"https:\/\/buletin.de\/bucuresti\/wp-content\/uploads\/ID134281_INQUAM_Photos_Virgil_Simonescu-1-scaled.jpg","contentUrl":"https:\/\/buletin.de\/bucuresti\/wp-content\/uploads\/ID134281_INQUAM_Photos_Virgil_Simonescu-1-scaled.jpg","width":2560,"height":1707,"caption":"Un pacient din Caransebes care a fost confirmat ca fiind infectat cu coronavirus este transportat si internat in carantina la Spitalul de Boli Infectioase Victor Babes din Timisoara, marti 10 martie 2020."},{"@type":"BreadcrumbList","@id":"https:\/\/buletin.de\/bucuresti\/satul-cartojani-din-judetul-giurgiu-prima-loclitate-cu-carantina-impusa-dupa-iesirea-din-starea-de-urgenta\/#breadcrumb","itemListElement":[{"@type":"ListItem","position":1,"name":"Acas\u0103","item":"https:\/\/buletin.de\/bucuresti\/"},{"@type":"ListItem","position":2,"name":"Satul C\u00e2rtojani din jude\u021bul Giurgiu, prima localitate cu carantin\u0103 impus\u0103, dup\u0103 ie\u0219irea din starea de urgen\u021b\u0103"}]},{"@type":"WebSite","@id":"https:\/\/buletin.de\/bucuresti\/#website","url":"https:\/\/buletin.de\/bucuresti\/","name":"Buletin de Bucure\u0219ti","description":"\u0218tiri \u0219i investiga\u021bii esen\u021biale din capital\u0103","publisher":{"@id":"https:\/\/buletin.de\/bucuresti\/#organization"},"potentialAction":[{"@type":"SearchAction","target":{"@type":"EntryPoint","urlTemplate":"https:\/\/buletin.de\/bucuresti\/?s={search_term_string}"},"query-input":{"@type":"PropertyValueSpecification","valueRequired":true,"valueName":"search_term_string"}}],"inLanguage":"en-GB"},{"@type":"Organization","@id":"https:\/\/buletin.de\/bucuresti\/#organization","name":"Buletin de Bucure\u0219ti","url":"https:\/\/buletin.de\/bucuresti\/","logo":{"@type":"ImageObject","inLanguage":"en-GB","@id":"https:\/\/buletin.de\/bucuresti\/#\/schema\/logo\/image\/","url":"https:\/\/buletin.de\/bucuresti\/wp-content\/uploads\/logo-bdb-full-wide-vernil-transparent.png","contentUrl":"https:\/\/buletin.de\/bucuresti\/wp-content\/uploads\/logo-bdb-full-wide-vernil-transparent.png","width":1782,"height":626,"caption":"Buletin de Bucure\u0219ti"},"image":{"@id":"https:\/\/buletin.de\/bucuresti\/#\/schema\/logo\/image\/"},"sameAs":["https:\/\/www.facebook.com\/buletin.de.buc","https:\/\/www.instagram.com\/buletinde.bucuresti\/"]},{"@type":"Person","@id":"https:\/\/buletin.de\/bucuresti\/#\/schema\/person\/d369d7ddc775abece205795e0b804614","name":"Teodora Stroe","image":{"@type":"ImageObject","inLanguage":"en-GB","@id":"https:\/\/secure.gravatar.com\/avatar\/2560b4cd9f5f1bc100b123158e657d75584bd1c3e1d9c69285720b9457c1b78d?s=96&d=monsterid&r=gc104800242ba5f2d78dd5d7dc4df08b6","url":"https:\/\/secure.gravatar.com\/avatar\/2560b4cd9f5f1bc100b123158e657d75584bd1c3e1d9c69285720b9457c1b78d?s=96&d=monsterid&r=g","contentUrl":"https:\/\/secure.gravatar.com\/avatar\/2560b4cd9f5f1bc100b123158e657d75584bd1c3e1d9c69285720b9457c1b78d?s=96&d=monsterid&r=g","caption":"Teodora Stroe"},"url":"https:\/\/buletin.de\/bucuresti\/author\/simonacarlugea\/"}]}},"authors":[{"term_id":22579,"user_id":18,"is_guest":0,"slug":"simonacarlugea","display_name":"Teodora Stroe","avatar_url":"https:\/\/secure.gravatar.com\/avatar\/2560b4cd9f5f1bc100b123158e657d75584bd1c3e1d9c69285720b9457c1b78d?s=96&d=monsterid&r=g","0":null,"1":"","2":"","3":"","4":"","5":"","6":"","7":"","8":""}],"_links":{"self":[{"href":"https:\/\/buletin.de\/bucuresti\/wp-json\/wp\/v2\/posts\/9523","targetHints":{"allow":["GET"]}}],"collection":[{"href":"https:\/\/buletin.de\/bucuresti\/wp-json\/wp\/v2\/posts"}],"about":[{"href":"https:\/\/buletin.de\/bucuresti\/wp-json\/wp\/v2\/types\/post"}],"author":[{"embeddable":true,"href":"https:\/\/buletin.de\/bucuresti\/wp-json\/wp\/v2\/users\/18"}],"replies":[{"embeddable":true,"href":"https:\/\/buletin.de\/bucuresti\/wp-json\/wp\/v2\/comments?post=9523"}],"version-history":[{"count":5,"href":"https:\/\/buletin.de\/bucuresti\/wp-json\/wp\/v2\/posts\/9523\/revisions"}],"predecessor-version":[{"id":9529,"href":"https:\/\/buletin.de\/bucuresti\/wp-json\/wp\/v2\/posts\/9523\/revisions\/9529"}],"wp:featuredmedia":[{"embeddable":true,"href":"https:\/\/buletin.de\/bucuresti\/wp-json\/wp\/v2\/media\/7276"}],"wp:attachment":[{"href":"https:\/\/buletin.de\/bucuresti\/wp-json\/wp\/v2\/media?parent=9523"}],"wp:term":[{"taxonomy":"category","embeddable":true,"href":"https:\/\/buletin.de\/bucuresti\/wp-json\/wp\/v2\/categories?post=9523"},{"taxonomy":"post_tag","embeddable":true,"href":"https:\/\/buletin.de\/bucuresti\/wp-json\/wp\/v2\/tags?post=9523"},{"taxonomy":"author","embeddable":true,"href":"https:\/\/buletin.de\/bucuresti\/wp-json\/wp\/v2\/ppma_author?post=9523"}],"curies":[{"name":"wp","href":"https:\/\/api.w.org\/{rel}","templated":true}]}}