{"id":95064,"date":"2024-08-19T17:31:36","date_gmt":"2024-08-19T14:31:36","guid":{"rendered":"https:\/\/buletin.de\/bucuresti\/?p=95064"},"modified":"2024-08-19T17:31:36","modified_gmt":"2024-08-19T14:31:36","slug":"colegiul-medicilor-critica-expertiza-legistilor-in-cazul-de-la-spitalul-sf-pantelimon-sefa-sectiei-ati-si-a-dat-demisia","status":"publish","type":"post","link":"https:\/\/buletin.de\/bucuresti\/colegiul-medicilor-critica-expertiza-legistilor-in-cazul-de-la-spitalul-sf-pantelimon-sefa-sectiei-ati-si-a-dat-demisia\/","title":{"rendered":"Colegiul Medicilor critic\u0103 expertiza legi\u0219tilor \u00een cazul de la Spitalul Sf. Pantelimon. \u0218efa sec\u021biei ATI \u0219i-a dat demisia"},"content":{"rendered":"\n<p><strong>Colegiul Medicilor critic\u0103 expertiza legi\u0219tilor \u00een cazul de la Spitalul Sf. Pantelimon, printr-un comunicat semnat de pre\u0219edintele institu\u021biei, Daniel Coriu, \u0219i pre\u0219edintele Societ\u0103\u021bii Rom\u00e2ne de Anestezie \u0219i Terapie Intensiv\u0103 (ATI) \u0218erban Bubenek, scrie <\/strong><a href=\"https:\/\/hotnews.ro\/sefii-colegiului-medicilor-si-societatii-de-ati-un-nou-atac-la-medicii-legisti-in-cazul-pantelimon-au-incalcat-grav-drepturile-medicilor-inculpati-la-un-proces-echitabil-1773801\"><strong>HotNews.ro<\/strong><\/a><strong>.<\/strong><\/p>\n\n\n\n<p>\u00cen paralel, \u0219efa sec\u021biei ATI a spitalului vizat de ancheta procurorilor, Florina Pompilian, a demisionat luni, \u201edin motive personale\u201d, conform managerului interimar Constantin Jitianu. Pompilian va r\u0103m\u00e2ne \u00eens\u0103 \u00een cadrul unit\u0103\u021bii, ca medic ATI.<\/p>\n\n\n\n<p>CITE\u0218TE \u0218I: <a href=\"https:\/\/buletin.de\/bucuresti\/dosarul-de-la-spitalul-sf-pantelimon-il-loveste-pe-rafila-plangere-penala-si-chemat-la-ordin-de-ciolacu\/\"><strong>Dosarul de la Spitalul \u201eSf\u00e2ntul Pantelimon\u201d \u00eel love\u0219te pe Rafila. Pl\u00e2ngere penal\u0103 \u0219i chemat la ordin de Ciolacu<\/strong><\/a><\/p>\n\n\n\n<h2 class=\"wp-block-heading\" id=\"h-colegiul-medicilor-critica-medicii-legi\u0219ti-nu-au-competen\u021bele-necesare-pentru-a-se-pronun\u021ba-asupra-tuturor-aspectelor-medicale\"><strong><strong>Colegiul Medicilor critic\u0103<\/strong><\/strong>: \u201e<strong>Medicii legi\u0219ti nu au competen\u021bele necesare pentru a se pronun\u021ba asupra tuturor aspectelor medicale<\/strong>\u201d<\/h2>\n\n\n\n<p>Colegiul Medicilor consider\u0103 c\u0103 legi\u0219tii care au transmis punctul lor de vedere procurorilor care investigheaz\u0103 acest caz \u201e<em>au \u00eenc\u0103lcat \u00een mod grav drepturile medicilor inculpa\u021bi la un proces echitabil, nerespect\u00e2nd prezum\u021bia de nevinov\u0103\u021bie<\/em>\u201d, conform comunicatului.<\/p>\n\n\n\n<p>\u00cen cadrul anchetei, Parchetul Tribunalului Bucure\u0219ti a inclus \u00een referatul de arestare concluziile exper\u021bilor INML, care afirm\u0103 c\u0103 <em>\u201eexist\u0103 o leg\u0103tur\u0103 de cauzalitate \u00eentre deficien\u021bele \u00een acordarea \u00eengrijirilor medicale (sc\u0103derea brusc\u0103 a dozei de noradrenalin\u0103) \u0219i decesul pacientului\u201d<\/em>.<\/p>\n\n\n\n<p>Colegiul Medicilor \u0219i Societatea Rom\u00e2n\u0103 de ATI contest\u0103 aceast\u0103 evaluare, <strong>argument\u00e2nd c\u0103 medicii legi\u0219ti nu au competen\u021bele necesare pentru a se pronun\u021ba asupra tuturor aspectelor medicale \u00een evaluarea unui caz de malpraxis.<\/strong><\/p>\n\n\n\n<p>Colegiul Medicilor critic\u0103 \u0219i solicit\u0103 din nou modificarea Legii malpraxisului, propun\u00e2nd ca expertizele medicale s\u0103 includ\u0103 \u0219i opiniile unor exper\u021bi din r\u00e2ndul medicilor, nu doar ale medicilor legi\u0219ti.<\/p>\n\n\n\n<p>Unul dintre argumentele invocate este c\u0103 <em>\u201eCEDO a criticat modul \u00een care sunt reglementate expertizele medicale \u00een Rom\u00e2nia\u201d<\/em>, eviden\u021biind <em>\u201elipsa posibilit\u0103\u021bii de a ob\u021bine o nou\u0103 expertiz\u0103 medical\u0103 \u00een cazul \u00een care exist\u0103 deja un aviz al Comisiei superioare medico-legale\u201d<\/em>.<\/p>\n\n\n\n<p>CITE\u0218TE \u0218I: <a href=\"https:\/\/buletin.de\/bucuresti\/inca-o-moarte-suspecta-la-spitalul-sf-pantelimon-un-injectomat-ar-fi-fost-scos-din-priza-in-timp-ce-pacientul-era-inca-conectat\/\"><strong>\u00cenc\u0103 o moarte suspect\u0103 la Spitalul Sf. Pantelimon. Un injectomat ar fi fost scos din priz\u0103 \u00een timp ce pacientul era \u00eenc\u0103 conectat<\/strong><\/a><\/p>\n\n\n\n<h2 class=\"wp-block-heading\" id=\"h-\u0219efa-sec\u021biei-ati-\u0219i-a-dat-demisia\"><strong>\u0218efa sec\u021biei ATI \u0219i-a dat demisia<\/strong><\/h2>\n\n\n\n<p><strong>\u0218efa sec\u021biei ATI a Spitalului, Florina Pompilian, a demisionat luni, <em>\u201edin motive personale\u201d<\/em>, conform managerului interimar Constantin Jitianu.<\/strong><\/p>\n\n\n\n<p>Managerul a precizat c\u0103 demisia a fost acceptat\u0103 imediat \u0219i intr\u0103 \u00een vigoare \u00eencep\u00e2nd de luni, urm\u00e2nd s\u0103 fie numit un \u0219ef interimar al sec\u021biei ATI. Florina Pompilian ocupa aceast\u0103 func\u021bie de la finalul anului trecut.<br><br>S\u0103pt\u0103m\u00e2na trecut\u0103, Pompilian a fost audiat\u0103 timp de aproape \u0219ase ore, \u00een calitate de martor, la Serviciul Omoruri.<\/p>\n\n\n\n<p><strong>Dup\u0103 arestarea celor dou\u0103 doctori\u021be, medicul a anun\u021bat o posibil\u0103 grev\u0103 a \u00eentregului personal medical din sec\u021bia ATI, acuz\u00e2nd presiunea mediatic\u0103.<\/strong><\/p>\n\n\n\n<p><em>\u201ePresiunea vine de la dumneavoastr\u0103. Suntem denigra\u0163i, suntem denigra\u0163i ca \u015fi specialitate medical\u0103 \u015fi ca \u015fi colectiv, suntem denumi\u0163i gunoaie umane\u201d<\/em>, le-a spus Pompilian jurnali\u015ftilor, potrivit <a href=\"https:\/\/hotnews.ro\/sefa-sectiei-ati-de-la-spitalul-sf-pantelimon-a-demisionat-din-motive-personale-1773952\">HotNews.ro<\/a>.<\/p>\n\n\n\n<p>CITE\u0218TE \u0218I:<a href=\"https:\/\/buletin.de\/bucuresti\/consiliul-medicilor-legisti-decesul-pacientului-de-la-sf-pantelimon-legat-99-de-scaderea-brusca-a-dozei-de-noradrenalina\/\">\u00a0<strong>Consiliul Medicilor Legi\u015fti: Decesul pacientului de la Sf. Pantelimon, legat 99% de sc\u0103derea brusc\u0103 a dozei de noradrenalin\u0103<\/strong><\/a><\/p>\n\n\n\n<h2 class=\"wp-block-heading\" id=\"h-optzeci-de-medici-romani-din-franta-mesaj-de-solidarizare-cu-doctoritele-de-la-pantelimon\"><strong>Optzeci de medici rom\u00e2ni din Fran\u0163a, mesaj de solidarizare cu doctori\u0163ele de la Pantelimon<\/strong><\/h2>\n\n\n\n<p>Optzeci \u015fi trei de medici rom\u00e2ni care lucreaz\u0103 \u00een sistemul de Terapie Intensiv\u0103 din Fran\u0163a au semnat o scrisoare deschis\u0103, citat\u0103 de G4Media, prin care se solidarizeaz\u0103 cu doctori\u0163ele de la Sf\u00e2ntul Pantelimon, care sunt acuzate de omor calificat cu premeditare.<\/p>\n\n\n\n<p>Doctorii care lucreaz\u0103 \u00een Hexagon au scris c\u0103 <em>\u201eeste un fel de \u00ab\u015fah mat\u00bb \u00een medicin\u0103, c\u00e2nd orice ai face nu mai exist\u0103 o solu\u0163ie bun\u0103\u201d<\/em>.<\/p>\n\n\n\n<p>Cheia \u00een\u0163elegerii acestei situa\u0163ii nu se reg\u0103se\u015fte \u00een doza de noradrenalin\u0103, spun doctorii cita\u0163i. Ei vorbesc de un \u201eimpas terapeutic\u201d.<\/p>\n\n\n\n<blockquote class=\"wp-block-quote is-layout-flow wp-block-quote-is-layout-flow\">\n<p>Vidul legislativ a f\u0103cut posibil\u0103 tragedia de la Spitalul \u201eSf. Pantelimon\u201d. \u015ei c\u00e2nd spunem tragedie, \u00een\u0163elegem \u015fi durerea familiilor care au r\u0103mas cu impresia c\u0103 nu s-a f\u0103cut tot posibilul pentru apropia\u0163ii lor, dar \u015fi cea a medicilor implica\u0163i, care, de\u015fi au avut sentimentul c\u0103 procedeaz\u0103 corect \u015fi c\u0103 au ac\u0163ionat \u00een interesul pacien\u0163ilor, acum sunt ostraciza\u0163i \u015fi trata\u0163i precum criminali de drept comun.<\/p>\n<cite>mesajul medicilor rom\u00e2ni din Fran\u021ba<\/cite><\/blockquote>\n\n\n\n<p>Semnatarii scrisorii afirm\u0103 c\u0103 nu au <em>\u201epreten\u0163ia de a face lumin\u0103 \u00een acest caz\u201d<\/em>, dar prezint\u0103 elemente care s\u0103 contribuie la o mai bun\u0103 \u00een\u0163elegere a ceea ce presupune reanimarea \u015fi cadrul legal \u00een care se desf\u0103\u015foar\u0103 \u00eengrijirile din faza terminal\u0103 \u00een reanim\u0103rile din Fran\u0163a, a relatat Buletin de Bucure\u0219ti duminic\u0103.<\/p>\n\n\n\n<p>CITE\u0218TE \u0218I: <a href=\"https:\/\/buletin.de\/bucuresti\/optzeci-de-medici-romani-din-franta-mesaj-de-solidarizare-cu-doctoritele-de-la-pantelimon-vorbesc-de-un-impas-terapeutic\/\"><strong>Optzeci de medici rom\u00e2ni din Fran\u0163a, mesaj de solidarizare cu doctori\u0163ele de la Pantelimon. Vorbesc de un \u201eimpas terapeutic\u201d<\/strong><\/a><\/p>\n\n\n\n<h2 class=\"wp-block-heading\" id=\"h-dosarul-morti-la-pantelimon\"><strong>Dosarul \u201eMor\u0163i la Pantelimon\u201d<\/strong><\/h2>\n\n\n\n<p>Doi medici au fost re\u0163inu\u0163i \u00een urma perchezi\u0163iilor efectuate de procurorii Parchetului de pe l\u00e2ng\u0103 Tribunalul Bucure\u015fti miercuri, 7 august, \u00een cazul mor\u0163ilor de la Sf\u00e2ntul Pantelimon Bucure\u0219ti.<\/p>\n\n\n\n<p>Conform anchetatorilor, ace\u015fti medici decideau cine tr\u0103ie\u015fte \u015fi cine moare dintre pacien\u0163ii interna\u0163i la Terapie Intensiv\u0103.<\/p>\n\n\n\n<p>Mai exact, dup\u0103 propria evaluare, sc\u0103deau doza de noradrenalin\u0103 \u015fi pacien\u0163ilor intuba\u0163i le sc\u0103deau exponen\u0163ial \u015fansele de supravie\u0163uire.<\/p>\n\n\n\n<p><strong>Totul s-ar fi \u00eent\u00e2mplat \u00een perioada 4-7 aprilie.<\/strong><\/p>\n\n\n\n<p>Patru anchete, ale Parchetului, Colegiului Medicilor, Ministerului S\u0103n\u0103t\u0103\u0163ii \u015fi cea intern\u0103 a spitalului au fost pornite \u00een aprilie, dup\u0103 ce acuza\u0163iile au explodat \u00een spa\u0163iul public.<\/p>\n\n\n\n<p>La acea vreme, ministrul S\u0103n\u0103t\u0103\u0163ii, Alexandru Rafila, spunea c\u0103 nu exist\u0103 indicii c\u0103 acuza\u0163iile au o baz\u0103 solid\u0103, ci credea mai degrab\u0103 \u00een varianta unor r\u0103fuieli interne \u00eentre cadre medicale rivale.<\/p>\n\n\n\n<p>Medicii de la Sec\u021bia de Terapie Intensiv\u0103 au decis s\u0103 intre \u00een grev\u0103, \u00een semn de protest fa\u021b\u0103 de re\u021binerea celor dou\u0103 doctori\u021be de c\u0103tre procurori.<\/p>\n\n\n\n<p><\/p>\n","protected":false},"excerpt":{"rendered":"<p>Colegiul Medicilor critic\u0103 expertiza legi\u0219tilor \u00een cazul de la Spitalul Sf. Pantelimon, printr-un comunicat semnat de pre\u0219edintele institu\u021biei, Daniel Coriu, \u0219i pre\u0219edintele Societ\u0103\u021bii Rom\u00e2ne de Anestezie \u0219i Terapie Intensiv\u0103 (ATI) \u0218erban Bubenek, scrie HotNews.ro. \u00cen paralel, \u0219efa sec\u021biei ATI a spitalului vizat de ancheta procurorilor, Florina Pompilian, a demisionat luni, \u201edin motive personale\u201d, conform managerului [&hellip;]<\/p>\n","protected":false},"author":59,"featured_media":95067,"comment_status":"closed","ping_status":"open","sticky":false,"template":"","format":"standard","meta":{"_acf_changed":false,"inline_featured_image":false,"ngg_post_thumbnail":0,"footnotes":""},"categories":[6994,62],"tags":[1864,9,14361,806,1545,18],"ppma_author":[22572],"class_list":["post-95064","post","type-post","status-publish","format-standard","has-post-thumbnail","hentry","category-stiri-2","category-stiri","tag-ati","tag-bucuresti","tag-colegiul-medicilor","tag-medici","tag-pantelimon","tag-spital"],"acf":[],"yoast_head":"<!-- This site is optimized with the Yoast SEO Premium plugin v25.3 (Yoast SEO v27.4) - https:\/\/yoast.com\/product\/yoast-seo-premium-wordpress\/ -->\n<title>Colegiul Medicilor critic\u0103 expertiza legi\u0219tilor \u00een cazul de la Spitalul Sf. Pantelimon<\/title>\n<meta name=\"description\" content=\"Colegiul Medicilor critic\u0103 expertiza legi\u0219tilor \u00een cazul de la Spitalul Sf. Pantelimon, despre care spune c\u0103 nu au competen\u021bele necesare.\" \/>\n<meta name=\"robots\" content=\"index, follow, max-snippet:-1, max-image-preview:large, max-video-preview:-1\" \/>\n<link rel=\"canonical\" href=\"https:\/\/buletin.de\/bucuresti\/colegiul-medicilor-critica-expertiza-legistilor-in-cazul-de-la-spitalul-sf-pantelimon-sefa-sectiei-ati-si-a-dat-demisia\/\" \/>\n<meta property=\"og:locale\" content=\"en_GB\" \/>\n<meta property=\"og:type\" content=\"article\" \/>\n<meta property=\"og:title\" content=\"Colegiul Medicilor critic\u0103 expertiza legi\u0219tilor \u00een cazul de la Spitalul Sf. Pantelimon. \u0218efa sec\u021biei ATI \u0219i-a dat demisia\" \/>\n<meta property=\"og:description\" content=\"Colegiul Medicilor critic\u0103 expertiza legi\u0219tilor \u00een cazul de la Spitalul Sf. Pantelimon, despre care spune c\u0103 nu au competen\u021bele necesare.\" \/>\n<meta property=\"og:url\" content=\"https:\/\/buletin.de\/bucuresti\/colegiul-medicilor-critica-expertiza-legistilor-in-cazul-de-la-spitalul-sf-pantelimon-sefa-sectiei-ati-si-a-dat-demisia\/\" \/>\n<meta property=\"og:site_name\" content=\"Buletin de Bucure\u0219ti\" \/>\n<meta property=\"article:publisher\" content=\"https:\/\/www.facebook.com\/buletin.de.buc\" \/>\n<meta property=\"article:published_time\" content=\"2024-08-19T14:31:36+00:00\" \/>\n<meta property=\"og:image\" content=\"https:\/\/buletin.de\/bucuresti\/wp-content\/uploads\/Spital-Pantelimon.jpg\" \/>\n\t<meta property=\"og:image:width\" content=\"2000\" \/>\n\t<meta property=\"og:image:height\" content=\"1334\" \/>\n\t<meta property=\"og:image:type\" content=\"image\/jpeg\" \/>\n<meta name=\"author\" content=\"C\u0103t\u0103lin Anghel-Dimache\" \/>\n<meta name=\"twitter:card\" content=\"summary_large_image\" \/>\n<meta name=\"twitter:label1\" content=\"Written by\" \/>\n\t<meta name=\"twitter:data1\" content=\"C\u0103t\u0103lin Anghel-Dimache\" \/>\n\t<meta name=\"twitter:label2\" content=\"Estimated reading time\" \/>\n\t<meta name=\"twitter:data2\" content=\"4 minutes\" \/>\n<script type=\"application\/ld+json\" class=\"yoast-schema-graph\">{\"@context\":\"https:\\\/\\\/schema.org\",\"@graph\":[{\"@type\":\"Article\",\"@id\":\"https:\\\/\\\/buletin.de\\\/bucuresti\\\/colegiul-medicilor-critica-expertiza-legistilor-in-cazul-de-la-spitalul-sf-pantelimon-sefa-sectiei-ati-si-a-dat-demisia\\\/#article\",\"isPartOf\":{\"@id\":\"https:\\\/\\\/buletin.de\\\/bucuresti\\\/colegiul-medicilor-critica-expertiza-legistilor-in-cazul-de-la-spitalul-sf-pantelimon-sefa-sectiei-ati-si-a-dat-demisia\\\/\"},\"author\":{\"name\":\"C\u0103t\u0103lin Anghel-Dimache\",\"@id\":\"https:\\\/\\\/buletin.de\\\/bucuresti\\\/#\\\/schema\\\/person\\\/0ac9db30080482be87c7386a30f98796\"},\"headline\":\"Colegiul Medicilor critic\u0103 expertiza legi\u0219tilor \u00een cazul de la Spitalul Sf. Pantelimon. \u0218efa sec\u021biei ATI \u0219i-a dat demisia\",\"datePublished\":\"2024-08-19T14:31:36+00:00\",\"mainEntityOfPage\":{\"@id\":\"https:\\\/\\\/buletin.de\\\/bucuresti\\\/colegiul-medicilor-critica-expertiza-legistilor-in-cazul-de-la-spitalul-sf-pantelimon-sefa-sectiei-ati-si-a-dat-demisia\\\/\"},\"wordCount\":1004,\"publisher\":{\"@id\":\"https:\\\/\\\/buletin.de\\\/bucuresti\\\/#organization\"},\"image\":{\"@id\":\"https:\\\/\\\/buletin.de\\\/bucuresti\\\/colegiul-medicilor-critica-expertiza-legistilor-in-cazul-de-la-spitalul-sf-pantelimon-sefa-sectiei-ati-si-a-dat-demisia\\\/#primaryimage\"},\"thumbnailUrl\":\"https:\\\/\\\/buletin.de\\\/bucuresti\\\/wp-content\\\/uploads\\\/Spital-Pantelimon.jpg\",\"keywords\":[\"ati\",\"bucuresti\",\"colegiul medicilor\",\"medici\",\"Pantelimon\",\"spital\"],\"articleSection\":[\"Articole\",\"\u0218tiri\"],\"inLanguage\":\"en-GB\",\"copyrightYear\":\"2024\",\"copyrightHolder\":{\"@id\":\"https:\\\/\\\/buletin.de\\\/bucuresti\\\/#organization\"}},{\"@type\":\"WebPage\",\"@id\":\"https:\\\/\\\/buletin.de\\\/bucuresti\\\/colegiul-medicilor-critica-expertiza-legistilor-in-cazul-de-la-spitalul-sf-pantelimon-sefa-sectiei-ati-si-a-dat-demisia\\\/\",\"url\":\"https:\\\/\\\/buletin.de\\\/bucuresti\\\/colegiul-medicilor-critica-expertiza-legistilor-in-cazul-de-la-spitalul-sf-pantelimon-sefa-sectiei-ati-si-a-dat-demisia\\\/\",\"name\":\"Colegiul Medicilor critic\u0103 expertiza legi\u0219tilor \u00een cazul de la Spitalul Sf. Pantelimon\",\"isPartOf\":{\"@id\":\"https:\\\/\\\/buletin.de\\\/bucuresti\\\/#website\"},\"primaryImageOfPage\":{\"@id\":\"https:\\\/\\\/buletin.de\\\/bucuresti\\\/colegiul-medicilor-critica-expertiza-legistilor-in-cazul-de-la-spitalul-sf-pantelimon-sefa-sectiei-ati-si-a-dat-demisia\\\/#primaryimage\"},\"image\":{\"@id\":\"https:\\\/\\\/buletin.de\\\/bucuresti\\\/colegiul-medicilor-critica-expertiza-legistilor-in-cazul-de-la-spitalul-sf-pantelimon-sefa-sectiei-ati-si-a-dat-demisia\\\/#primaryimage\"},\"thumbnailUrl\":\"https:\\\/\\\/buletin.de\\\/bucuresti\\\/wp-content\\\/uploads\\\/Spital-Pantelimon.jpg\",\"datePublished\":\"2024-08-19T14:31:36+00:00\",\"description\":\"Colegiul Medicilor critic\u0103 expertiza legi\u0219tilor \u00een cazul de la Spitalul Sf. Pantelimon, despre care spune c\u0103 nu au competen\u021bele necesare.\",\"breadcrumb\":{\"@id\":\"https:\\\/\\\/buletin.de\\\/bucuresti\\\/colegiul-medicilor-critica-expertiza-legistilor-in-cazul-de-la-spitalul-sf-pantelimon-sefa-sectiei-ati-si-a-dat-demisia\\\/#breadcrumb\"},\"inLanguage\":\"en-GB\",\"potentialAction\":[{\"@type\":\"ReadAction\",\"target\":[\"https:\\\/\\\/buletin.de\\\/bucuresti\\\/colegiul-medicilor-critica-expertiza-legistilor-in-cazul-de-la-spitalul-sf-pantelimon-sefa-sectiei-ati-si-a-dat-demisia\\\/\"]}]},{\"@type\":\"ImageObject\",\"inLanguage\":\"en-GB\",\"@id\":\"https:\\\/\\\/buletin.de\\\/bucuresti\\\/colegiul-medicilor-critica-expertiza-legistilor-in-cazul-de-la-spitalul-sf-pantelimon-sefa-sectiei-ati-si-a-dat-demisia\\\/#primaryimage\",\"url\":\"https:\\\/\\\/buletin.de\\\/bucuresti\\\/wp-content\\\/uploads\\\/Spital-Pantelimon.jpg\",\"contentUrl\":\"https:\\\/\\\/buletin.de\\\/bucuresti\\\/wp-content\\\/uploads\\\/Spital-Pantelimon.jpg\",\"width\":2000,\"height\":1334,\"caption\":\"Colegiul Medicilor critic\u0103 expertiza legi\u0219tilor \u00een cazul de la Spitalul Sf. Pantelimon. FOTO: Inquam Photos \\\/ George C\u0103lin\"},{\"@type\":\"BreadcrumbList\",\"@id\":\"https:\\\/\\\/buletin.de\\\/bucuresti\\\/colegiul-medicilor-critica-expertiza-legistilor-in-cazul-de-la-spitalul-sf-pantelimon-sefa-sectiei-ati-si-a-dat-demisia\\\/#breadcrumb\",\"itemListElement\":[{\"@type\":\"ListItem\",\"position\":1,\"name\":\"Acas\u0103\",\"item\":\"https:\\\/\\\/buletin.de\\\/bucuresti\\\/\"},{\"@type\":\"ListItem\",\"position\":2,\"name\":\"Colegiul Medicilor critic\u0103 expertiza legi\u0219tilor \u00een cazul de la Spitalul Sf. Pantelimon. \u0218efa sec\u021biei ATI \u0219i-a dat demisia\"}]},{\"@type\":\"WebSite\",\"@id\":\"https:\\\/\\\/buletin.de\\\/bucuresti\\\/#website\",\"url\":\"https:\\\/\\\/buletin.de\\\/bucuresti\\\/\",\"name\":\"Buletin de Bucure\u0219ti\",\"description\":\"\u0218tiri \u0219i investiga\u021bii esen\u021biale din capital\u0103\",\"publisher\":{\"@id\":\"https:\\\/\\\/buletin.de\\\/bucuresti\\\/#organization\"},\"potentialAction\":[{\"@type\":\"SearchAction\",\"target\":{\"@type\":\"EntryPoint\",\"urlTemplate\":\"https:\\\/\\\/buletin.de\\\/bucuresti\\\/?s={search_term_string}\"},\"query-input\":{\"@type\":\"PropertyValueSpecification\",\"valueRequired\":true,\"valueName\":\"search_term_string\"}}],\"inLanguage\":\"en-GB\"},{\"@type\":\"Organization\",\"@id\":\"https:\\\/\\\/buletin.de\\\/bucuresti\\\/#organization\",\"name\":\"Buletin de Bucure\u0219ti\",\"url\":\"https:\\\/\\\/buletin.de\\\/bucuresti\\\/\",\"logo\":{\"@type\":\"ImageObject\",\"inLanguage\":\"en-GB\",\"@id\":\"https:\\\/\\\/buletin.de\\\/bucuresti\\\/#\\\/schema\\\/logo\\\/image\\\/\",\"url\":\"https:\\\/\\\/buletin.de\\\/bucuresti\\\/wp-content\\\/uploads\\\/logo-bdb-full-wide-vernil-transparent.png\",\"contentUrl\":\"https:\\\/\\\/buletin.de\\\/bucuresti\\\/wp-content\\\/uploads\\\/logo-bdb-full-wide-vernil-transparent.png\",\"width\":1782,\"height\":626,\"caption\":\"Buletin de Bucure\u0219ti\"},\"image\":{\"@id\":\"https:\\\/\\\/buletin.de\\\/bucuresti\\\/#\\\/schema\\\/logo\\\/image\\\/\"},\"sameAs\":[\"https:\\\/\\\/www.facebook.com\\\/buletin.de.buc\",\"https:\\\/\\\/www.instagram.com\\\/buletinde.bucuresti\\\/\"]},{\"@type\":\"Person\",\"@id\":\"https:\\\/\\\/buletin.de\\\/bucuresti\\\/#\\\/schema\\\/person\\\/0ac9db30080482be87c7386a30f98796\",\"name\":\"C\u0103t\u0103lin Anghel-Dimache\",\"image\":{\"@type\":\"ImageObject\",\"inLanguage\":\"en-GB\",\"@id\":\"https:\\\/\\\/buletin.de\\\/bucuresti\\\/wp-content\\\/uploads\\\/Catalin-Anghel-Dimache-96x96.jpgbd9e43c5b25186d5b8e917ac61ad86c4\",\"url\":\"https:\\\/\\\/buletin.de\\\/bucuresti\\\/wp-content\\\/uploads\\\/Catalin-Anghel-Dimache-96x96.jpg\",\"contentUrl\":\"https:\\\/\\\/buletin.de\\\/bucuresti\\\/wp-content\\\/uploads\\\/Catalin-Anghel-Dimache-96x96.jpg\",\"caption\":\"C\u0103t\u0103lin Anghel-Dimache\"},\"description\":\"A absolvit Facultatea de Jurnalism \u0219i \u0218tiin\u021bele Comunic\u0103rii a Universit\u0103\u021bii din Bucure\u0219ti \u00een 2024. Scrie despre mediu \u0219i teme sociale, dar \u0219i despre cum se reflect\u0103 ele \u00een via\u021ba cotidian\u0103 a bucure\u0219tenilor, cu un ochi atent la pove\u0219tile personale din spatele titlurilor. N\u0103scut \u0219i crescut \u00een Bucure\u0219ti, a f\u0103cut un pas c\u0103tre presa local\u0103, din pasiune pentru ora\u0219ul s\u0103u \u0219i oamenii din el.\",\"url\":\"https:\\\/\\\/buletin.de\\\/bucuresti\\\/author\\\/catalin-anghel-dimache\\\/\"}]}<\/script>\n<!-- \/ Yoast SEO Premium plugin. -->","yoast_head_json":{"title":"Colegiul Medicilor critic\u0103 expertiza legi\u0219tilor \u00een cazul de la Spitalul Sf. Pantelimon","description":"Colegiul Medicilor critic\u0103 expertiza legi\u0219tilor \u00een cazul de la Spitalul Sf. Pantelimon, despre care spune c\u0103 nu au competen\u021bele necesare.","robots":{"index":"index","follow":"follow","max-snippet":"max-snippet:-1","max-image-preview":"max-image-preview:large","max-video-preview":"max-video-preview:-1"},"canonical":"https:\/\/buletin.de\/bucuresti\/colegiul-medicilor-critica-expertiza-legistilor-in-cazul-de-la-spitalul-sf-pantelimon-sefa-sectiei-ati-si-a-dat-demisia\/","og_locale":"en_GB","og_type":"article","og_title":"Colegiul Medicilor critic\u0103 expertiza legi\u0219tilor \u00een cazul de la Spitalul Sf. Pantelimon. \u0218efa sec\u021biei ATI \u0219i-a dat demisia","og_description":"Colegiul Medicilor critic\u0103 expertiza legi\u0219tilor \u00een cazul de la Spitalul Sf. Pantelimon, despre care spune c\u0103 nu au competen\u021bele necesare.","og_url":"https:\/\/buletin.de\/bucuresti\/colegiul-medicilor-critica-expertiza-legistilor-in-cazul-de-la-spitalul-sf-pantelimon-sefa-sectiei-ati-si-a-dat-demisia\/","og_site_name":"Buletin de Bucure\u0219ti","article_publisher":"https:\/\/www.facebook.com\/buletin.de.buc","article_published_time":"2024-08-19T14:31:36+00:00","og_image":[{"width":2000,"height":1334,"url":"https:\/\/buletin.de\/bucuresti\/wp-content\/uploads\/Spital-Pantelimon.jpg","type":"image\/jpeg"}],"author":"C\u0103t\u0103lin Anghel-Dimache","twitter_card":"summary_large_image","twitter_misc":{"Written by":"C\u0103t\u0103lin Anghel-Dimache","Estimated reading time":"4 minutes"},"schema":{"@context":"https:\/\/schema.org","@graph":[{"@type":"Article","@id":"https:\/\/buletin.de\/bucuresti\/colegiul-medicilor-critica-expertiza-legistilor-in-cazul-de-la-spitalul-sf-pantelimon-sefa-sectiei-ati-si-a-dat-demisia\/#article","isPartOf":{"@id":"https:\/\/buletin.de\/bucuresti\/colegiul-medicilor-critica-expertiza-legistilor-in-cazul-de-la-spitalul-sf-pantelimon-sefa-sectiei-ati-si-a-dat-demisia\/"},"author":{"name":"C\u0103t\u0103lin Anghel-Dimache","@id":"https:\/\/buletin.de\/bucuresti\/#\/schema\/person\/0ac9db30080482be87c7386a30f98796"},"headline":"Colegiul Medicilor critic\u0103 expertiza legi\u0219tilor \u00een cazul de la Spitalul Sf. Pantelimon. \u0218efa sec\u021biei ATI \u0219i-a dat demisia","datePublished":"2024-08-19T14:31:36+00:00","mainEntityOfPage":{"@id":"https:\/\/buletin.de\/bucuresti\/colegiul-medicilor-critica-expertiza-legistilor-in-cazul-de-la-spitalul-sf-pantelimon-sefa-sectiei-ati-si-a-dat-demisia\/"},"wordCount":1004,"publisher":{"@id":"https:\/\/buletin.de\/bucuresti\/#organization"},"image":{"@id":"https:\/\/buletin.de\/bucuresti\/colegiul-medicilor-critica-expertiza-legistilor-in-cazul-de-la-spitalul-sf-pantelimon-sefa-sectiei-ati-si-a-dat-demisia\/#primaryimage"},"thumbnailUrl":"https:\/\/buletin.de\/bucuresti\/wp-content\/uploads\/Spital-Pantelimon.jpg","keywords":["ati","bucuresti","colegiul medicilor","medici","Pantelimon","spital"],"articleSection":["Articole","\u0218tiri"],"inLanguage":"en-GB","copyrightYear":"2024","copyrightHolder":{"@id":"https:\/\/buletin.de\/bucuresti\/#organization"}},{"@type":"WebPage","@id":"https:\/\/buletin.de\/bucuresti\/colegiul-medicilor-critica-expertiza-legistilor-in-cazul-de-la-spitalul-sf-pantelimon-sefa-sectiei-ati-si-a-dat-demisia\/","url":"https:\/\/buletin.de\/bucuresti\/colegiul-medicilor-critica-expertiza-legistilor-in-cazul-de-la-spitalul-sf-pantelimon-sefa-sectiei-ati-si-a-dat-demisia\/","name":"Colegiul Medicilor critic\u0103 expertiza legi\u0219tilor \u00een cazul de la Spitalul Sf. Pantelimon","isPartOf":{"@id":"https:\/\/buletin.de\/bucuresti\/#website"},"primaryImageOfPage":{"@id":"https:\/\/buletin.de\/bucuresti\/colegiul-medicilor-critica-expertiza-legistilor-in-cazul-de-la-spitalul-sf-pantelimon-sefa-sectiei-ati-si-a-dat-demisia\/#primaryimage"},"image":{"@id":"https:\/\/buletin.de\/bucuresti\/colegiul-medicilor-critica-expertiza-legistilor-in-cazul-de-la-spitalul-sf-pantelimon-sefa-sectiei-ati-si-a-dat-demisia\/#primaryimage"},"thumbnailUrl":"https:\/\/buletin.de\/bucuresti\/wp-content\/uploads\/Spital-Pantelimon.jpg","datePublished":"2024-08-19T14:31:36+00:00","description":"Colegiul Medicilor critic\u0103 expertiza legi\u0219tilor \u00een cazul de la Spitalul Sf. Pantelimon, despre care spune c\u0103 nu au competen\u021bele necesare.","breadcrumb":{"@id":"https:\/\/buletin.de\/bucuresti\/colegiul-medicilor-critica-expertiza-legistilor-in-cazul-de-la-spitalul-sf-pantelimon-sefa-sectiei-ati-si-a-dat-demisia\/#breadcrumb"},"inLanguage":"en-GB","potentialAction":[{"@type":"ReadAction","target":["https:\/\/buletin.de\/bucuresti\/colegiul-medicilor-critica-expertiza-legistilor-in-cazul-de-la-spitalul-sf-pantelimon-sefa-sectiei-ati-si-a-dat-demisia\/"]}]},{"@type":"ImageObject","inLanguage":"en-GB","@id":"https:\/\/buletin.de\/bucuresti\/colegiul-medicilor-critica-expertiza-legistilor-in-cazul-de-la-spitalul-sf-pantelimon-sefa-sectiei-ati-si-a-dat-demisia\/#primaryimage","url":"https:\/\/buletin.de\/bucuresti\/wp-content\/uploads\/Spital-Pantelimon.jpg","contentUrl":"https:\/\/buletin.de\/bucuresti\/wp-content\/uploads\/Spital-Pantelimon.jpg","width":2000,"height":1334,"caption":"Colegiul Medicilor critic\u0103 expertiza legi\u0219tilor \u00een cazul de la Spitalul Sf. Pantelimon. FOTO: Inquam Photos \/ George C\u0103lin"},{"@type":"BreadcrumbList","@id":"https:\/\/buletin.de\/bucuresti\/colegiul-medicilor-critica-expertiza-legistilor-in-cazul-de-la-spitalul-sf-pantelimon-sefa-sectiei-ati-si-a-dat-demisia\/#breadcrumb","itemListElement":[{"@type":"ListItem","position":1,"name":"Acas\u0103","item":"https:\/\/buletin.de\/bucuresti\/"},{"@type":"ListItem","position":2,"name":"Colegiul Medicilor critic\u0103 expertiza legi\u0219tilor \u00een cazul de la Spitalul Sf. Pantelimon. \u0218efa sec\u021biei ATI \u0219i-a dat demisia"}]},{"@type":"WebSite","@id":"https:\/\/buletin.de\/bucuresti\/#website","url":"https:\/\/buletin.de\/bucuresti\/","name":"Buletin de Bucure\u0219ti","description":"\u0218tiri \u0219i investiga\u021bii esen\u021biale din capital\u0103","publisher":{"@id":"https:\/\/buletin.de\/bucuresti\/#organization"},"potentialAction":[{"@type":"SearchAction","target":{"@type":"EntryPoint","urlTemplate":"https:\/\/buletin.de\/bucuresti\/?s={search_term_string}"},"query-input":{"@type":"PropertyValueSpecification","valueRequired":true,"valueName":"search_term_string"}}],"inLanguage":"en-GB"},{"@type":"Organization","@id":"https:\/\/buletin.de\/bucuresti\/#organization","name":"Buletin de Bucure\u0219ti","url":"https:\/\/buletin.de\/bucuresti\/","logo":{"@type":"ImageObject","inLanguage":"en-GB","@id":"https:\/\/buletin.de\/bucuresti\/#\/schema\/logo\/image\/","url":"https:\/\/buletin.de\/bucuresti\/wp-content\/uploads\/logo-bdb-full-wide-vernil-transparent.png","contentUrl":"https:\/\/buletin.de\/bucuresti\/wp-content\/uploads\/logo-bdb-full-wide-vernil-transparent.png","width":1782,"height":626,"caption":"Buletin de Bucure\u0219ti"},"image":{"@id":"https:\/\/buletin.de\/bucuresti\/#\/schema\/logo\/image\/"},"sameAs":["https:\/\/www.facebook.com\/buletin.de.buc","https:\/\/www.instagram.com\/buletinde.bucuresti\/"]},{"@type":"Person","@id":"https:\/\/buletin.de\/bucuresti\/#\/schema\/person\/0ac9db30080482be87c7386a30f98796","name":"C\u0103t\u0103lin Anghel-Dimache","image":{"@type":"ImageObject","inLanguage":"en-GB","@id":"https:\/\/buletin.de\/bucuresti\/wp-content\/uploads\/Catalin-Anghel-Dimache-96x96.jpgbd9e43c5b25186d5b8e917ac61ad86c4","url":"https:\/\/buletin.de\/bucuresti\/wp-content\/uploads\/Catalin-Anghel-Dimache-96x96.jpg","contentUrl":"https:\/\/buletin.de\/bucuresti\/wp-content\/uploads\/Catalin-Anghel-Dimache-96x96.jpg","caption":"C\u0103t\u0103lin Anghel-Dimache"},"description":"A absolvit Facultatea de Jurnalism \u0219i \u0218tiin\u021bele Comunic\u0103rii a Universit\u0103\u021bii din Bucure\u0219ti \u00een 2024. Scrie despre mediu \u0219i teme sociale, dar \u0219i despre cum se reflect\u0103 ele \u00een via\u021ba cotidian\u0103 a bucure\u0219tenilor, cu un ochi atent la pove\u0219tile personale din spatele titlurilor. N\u0103scut \u0219i crescut \u00een Bucure\u0219ti, a f\u0103cut un pas c\u0103tre presa local\u0103, din pasiune pentru ora\u0219ul s\u0103u \u0219i oamenii din el.","url":"https:\/\/buletin.de\/bucuresti\/author\/catalin-anghel-dimache\/"}]}},"authors":[{"term_id":22572,"user_id":59,"is_guest":0,"slug":"catalin-anghel-dimache","display_name":"C\u0103t\u0103lin Anghel-Dimache","avatar_url":"https:\/\/buletin.de\/bucuresti\/wp-content\/uploads\/Catalin-Anghel-Dimache-96x96.jpg","0":null,"1":"","2":"","3":"","4":"","5":"","6":"","7":"","8":""}],"_links":{"self":[{"href":"https:\/\/buletin.de\/bucuresti\/wp-json\/wp\/v2\/posts\/95064","targetHints":{"allow":["GET"]}}],"collection":[{"href":"https:\/\/buletin.de\/bucuresti\/wp-json\/wp\/v2\/posts"}],"about":[{"href":"https:\/\/buletin.de\/bucuresti\/wp-json\/wp\/v2\/types\/post"}],"author":[{"embeddable":true,"href":"https:\/\/buletin.de\/bucuresti\/wp-json\/wp\/v2\/users\/59"}],"replies":[{"embeddable":true,"href":"https:\/\/buletin.de\/bucuresti\/wp-json\/wp\/v2\/comments?post=95064"}],"version-history":[{"count":3,"href":"https:\/\/buletin.de\/bucuresti\/wp-json\/wp\/v2\/posts\/95064\/revisions"}],"predecessor-version":[{"id":95072,"href":"https:\/\/buletin.de\/bucuresti\/wp-json\/wp\/v2\/posts\/95064\/revisions\/95072"}],"wp:featuredmedia":[{"embeddable":true,"href":"https:\/\/buletin.de\/bucuresti\/wp-json\/wp\/v2\/media\/95067"}],"wp:attachment":[{"href":"https:\/\/buletin.de\/bucuresti\/wp-json\/wp\/v2\/media?parent=95064"}],"wp:term":[{"taxonomy":"category","embeddable":true,"href":"https:\/\/buletin.de\/bucuresti\/wp-json\/wp\/v2\/categories?post=95064"},{"taxonomy":"post_tag","embeddable":true,"href":"https:\/\/buletin.de\/bucuresti\/wp-json\/wp\/v2\/tags?post=95064"},{"taxonomy":"author","embeddable":true,"href":"https:\/\/buletin.de\/bucuresti\/wp-json\/wp\/v2\/ppma_author?post=95064"}],"curies":[{"name":"wp","href":"https:\/\/api.w.org\/{rel}","templated":true}]}}