{"id":94981,"date":"2024-08-19T13:14:13","date_gmt":"2024-08-19T10:14:13","guid":{"rendered":"https:\/\/buletin.de\/bucuresti\/?p=94981"},"modified":"2024-08-19T16:31:02","modified_gmt":"2024-08-19T13:31:02","slug":"5-minute-si-40-de-secunde-a-durat-sedinta-consiliului-local-sector-3-proiectele-amanate","status":"publish","type":"post","link":"https:\/\/buletin.de\/bucuresti\/5-minute-si-40-de-secunde-a-durat-sedinta-consiliului-local-sector-3-proiectele-amanate\/","title":{"rendered":"5 minute \u0219i 40 de secunde a durat \u0219edin\u021ba Consiliului Local Sector 3. Proiectele, am\u00e2nate"},"content":{"rendered":"\n<p><strong>\u0218edin\u021ba Consiliului Local Sector 3 de luni s-a \u00eencheiat \u00eentr-un timp record, de doar 5 minute \u0219i 40 de secunde.&nbsp;Proiectele de pe <a href=\"https:\/\/www.primarie3.ro\/images\/uploads\/consiliu_local\/Convocatorul_sedintei_ordinare_din_19.08.2024.pdf\">ordinea de zi<\/a> nu au mai fost votate din lipsa consilierilor locali.&nbsp;<\/strong><\/p>\n\n\n\n<p>\u00cen sal\u0103 au fost prezen\u021bi doar trei consilieri, iar al\u021bi 11 au participat online. Pentru ca o \u0219edin\u021b\u0103 s\u0103 se poat\u0103 desf\u0103\u0219ura este nevoie de prezen\u021ba a minimum 16 consilieri locali.&nbsp;<\/p>\n\n\n\n<p>\u00cen cele <a href=\"https:\/\/www.youtube.com\/watch?v=mxRIqZ4DShY&amp;t=132s\" target=\"_blank\" rel=\"noreferrer noopener\">5 minute \u0219i 40 de secunde<\/a>, secretarul general Eduard Marian Corhana a reu\u0219it doar s\u0103 fac\u0103 prezen\u021ba. Cum nu s-a \u00eendeplinit cvorumul, sesiunea a fost \u00eencheiat\u0103.<\/p>\n\n\n\n<p>CITE\u0218TE \u0218I: <a href=\"https:\/\/buletin.de\/bucuresti\/bucurestiul-a-crescut-oficial-cu-doar-2-000-de-locuitori-in-ultimul-deceniu\/\"><strong>Bucure\u0219tiul a crescut, oficial, cu doar 2.000 de locuitori \u00een ultimul deceniu<\/strong><\/a><\/p>\n\n\n\n<h2 class=\"wp-block-heading\" id=\"h-proiecte-care-a\u0219teptau-votul-in-\u0219edin\u021ba-consiliului-local-sector-3\"><strong>Proiecte care a\u0219teptau votul \u00een \u0219edin\u021ba Consiliului Local Sector 3<\/strong><\/h2>\n\n\n\n<p>Un proiect care se afla a treia oar\u0103 pe ordinea de zi viza mutarea Prim\u0103riei Sectorului 3, DGASPC S3 \u0219i Eviden\u021ba Popula\u0163iei S3 \u00een Hala Laminor, cu sediul \u00een Bulevardul Basarabia nr. 256.&nbsp;<\/p>\n\n\n\n<p>Ini\u021bial, proiectul a fost votat \u00een \u0219edin\u021ba din 25 iulie, dar a ob\u0163inut numai 15 voturi. Consilierii de Opozi\u0163ie au ridicat atunci mai multe semne de \u00eentrebare, de la oportunitatea mut\u0103rii, p\u00e2n\u0103 la securitatea la incendiu, dup\u0103 cum a scris Buletin de Bucure\u0219ti. <\/p>\n\n\n\n<p>CITE\u0218TE \u0218I: <a href=\"https:\/\/buletin.de\/bucuresti\/sector-3-mutarea-primariei-a-picat-la-vot-controversele-care-i-au-nemultumit-pe-consilierii-de-opozitie\/\" target=\"_blank\" rel=\"noreferrer noopener\">Sector 3 | Mutarea Prim\u0103riei la Hala Laminor a picat la vot. Controversele care i-au nemul\u0163umit pe consilierii de Opozi\u0163ie<\/a><\/p>\n\n\n\n<h2 class=\"wp-block-heading\" id=\"h-terenuri-pentru-umfcd-langa-hala-laminor\"><strong>Terenuri pentru UMFCD l\u00e2ng\u0103 Hala Laminor<\/strong><\/h2>\n\n\n\n<p><a href=\"https:\/\/buletin.de\/bucuresti\/sector-3-universitatea-de-medicina-ar-putea-primi-doua-loturi-de-teren-de-1-000-de-metri-patrati-fiecare-langa-hala-laminor\/\">Universitatea de Medicin\u0103 \u0219i Farmacia \u201eCarol Davila\u201d (UMFCD) ar putea primi, de la Prim\u0103ria Sectorului 3, dou\u0103 loturi de teren<\/a>, de 1.000 de metri p\u0103tra\u021bi fiecare, pe Bulevardul Basarabia nr. 256, l\u00e2ng\u0103 Hala Laminor.&nbsp;<\/p>\n\n\n\n<p>Proiectul urma s\u0103 fie votat \u00een \u0219edin\u021ba din 13 august, dar \u0219i acea \u0219edin\u021b\u0103 a fost suspendat\u0103 din lips\u0103 de cvorum \u00eenainte ca acesta s\u0103 intre la vot.&nbsp;<\/p>\n\n\n\n<p>Nici \u00een \u0219edin\u021ba de ast\u0103zi, 19 august, proiectul nu a fost supus la vot.&nbsp;<\/p>\n\n\n\n<h2 class=\"wp-block-heading\" id=\"h-ridicarea-unei-biserici-in-pallady\"><strong>Ridicarea unei biserici \u00een Pallady<\/strong><\/h2>\n\n\n\n<p>Un alt proiect care a revenit pe ordinea de zi din 19 august vizeaz\u0103 <a href=\"https:\/\/buletin.de\/bucuresti\/sector-3-biserica-noua-in-zona-pallady-si-bani-pentru-alte-doua-parohii\/\">construirea unei noi biserici pe strada Gura Cali\u021bei nr. 40-42<\/a>, \u00een locul unui mic paraclis deja existent.&nbsp;&nbsp;<\/p>\n\n\n\n<p>Ini\u021bial, \u00een 25 iulie, proiectul trebuia s\u0103 fie supus votului, dar \u0219edin\u021ba a r\u0103mas f\u0103r\u0103 cvorum \u00eenainte ca o decizie s\u0103 fie luat\u0103.&nbsp;<\/p>\n\n\n\n<p>Proiectul nu a fost votat nici ast\u0103zi, din lipsa unui cvorum. <\/p>\n\n\n\n<p>CITE\u0218TE \u0218I: <a href=\"https:\/\/buletin.de\/bucuresti\/lucrarile-la-planseul-de-la-piata-unirii-incep-in-maxim-trei-saptamani\/\"><strong>Lucr\u0103rile la plan\u0219eul de la Pia\u021ba Unirii \u00eencep \u00een maxim trei s\u0103pt\u0103m\u00e2ni<\/strong><\/a><\/p>\n","protected":false},"excerpt":{"rendered":"<p>\u0218edin\u021ba Consiliului Local Sector 3 de luni s-a \u00eencheiat \u00eentr-un timp record, de doar 5 minute \u0219i 40 de secunde.&nbsp;Proiectele de pe ordinea de zi nu au mai fost votate din lipsa consilierilor locali.&nbsp; \u00cen sal\u0103 au fost prezen\u021bi doar trei consilieri, iar al\u021bi 11 au participat online. Pentru ca o \u0219edin\u021b\u0103 s\u0103 se poat\u0103 [&hellip;]<\/p>\n","protected":false},"author":58,"featured_media":94984,"comment_status":"closed","ping_status":"open","sticky":false,"template":"","format":"standard","meta":{"_acf_changed":false,"inline_featured_image":false,"ngg_post_thumbnail":0,"footnotes":""},"categories":[6994,24,62],"tags":[13567,2063,14289,14343,3396,440,14342,14209],"ppma_author":[22581],"class_list":["post-94981","post","type-post","status-publish","format-standard","has-post-thumbnail","hentry","category-stiri-2","category-primarie","category-stiri","tag-biserica-drumul-gura-calitei","tag-bucuresti-2","tag-consiliu-local-sector-3","tag-cvorum","tag-hala-laminor","tag-sector-3","tag-sedinta-anulata","tag-umfcd"],"acf":[],"yoast_head":"<!-- This site is optimized with the Yoast SEO Premium plugin v25.3 (Yoast SEO v27.4) - https:\/\/yoast.com\/product\/yoast-seo-premium-wordpress\/ -->\n<title>5 minute \u0219i 40 de secunde a durat \u0219edin\u021ba Consiliului Local Sector 3<\/title>\n<meta name=\"description\" content=\"\u0218edin\u021ba Consiliului Local Sector 3 de luni s-a \u00eencheiat \u00eentr-un timp record, de doar 6 minute \u0219i 33 de secunde.\u00a0\" \/>\n<meta name=\"robots\" content=\"index, follow, max-snippet:-1, max-image-preview:large, max-video-preview:-1\" \/>\n<link rel=\"canonical\" href=\"https:\/\/buletin.de\/bucuresti\/5-minute-si-40-de-secunde-a-durat-sedinta-consiliului-local-sector-3-proiectele-amanate\/\" \/>\n<meta property=\"og:locale\" content=\"en_GB\" \/>\n<meta property=\"og:type\" content=\"article\" \/>\n<meta property=\"og:title\" content=\"5 minute \u0219i 40 de secunde a durat \u0219edin\u021ba Consiliului Local Sector 3. Proiectele, am\u00e2nate\" \/>\n<meta property=\"og:description\" content=\"\u0218edin\u021ba Consiliului Local Sector 3 de luni s-a \u00eencheiat \u00eentr-un timp record, de doar 6 minute \u0219i 33 de secunde.\u00a0\" \/>\n<meta property=\"og:url\" content=\"https:\/\/buletin.de\/bucuresti\/5-minute-si-40-de-secunde-a-durat-sedinta-consiliului-local-sector-3-proiectele-amanate\/\" \/>\n<meta property=\"og:site_name\" content=\"Buletin de Bucure\u0219ti\" \/>\n<meta property=\"article:publisher\" content=\"https:\/\/www.facebook.com\/buletin.de.buc\" \/>\n<meta property=\"article:published_time\" content=\"2024-08-19T10:14:13+00:00\" \/>\n<meta property=\"article:modified_time\" content=\"2024-08-19T13:31:02+00:00\" \/>\n<meta property=\"og:image\" content=\"https:\/\/buletin.de\/bucuresti\/wp-content\/uploads\/dylan-gillis-KdeqA3aTnBY-unsplash.jpg\" \/>\n\t<meta property=\"og:image:width\" content=\"2000\" \/>\n\t<meta property=\"og:image:height\" content=\"1333\" \/>\n\t<meta property=\"og:image:type\" content=\"image\/jpeg\" \/>\n<meta name=\"author\" content=\"Ana Anghel-Dimache\" \/>\n<meta name=\"twitter:card\" content=\"summary_large_image\" \/>\n<meta name=\"twitter:label1\" content=\"Written by\" \/>\n\t<meta name=\"twitter:data1\" content=\"Ana Anghel-Dimache\" \/>\n\t<meta name=\"twitter:label2\" content=\"Estimated reading time\" \/>\n\t<meta name=\"twitter:data2\" content=\"2 minutes\" \/>\n<script type=\"application\/ld+json\" class=\"yoast-schema-graph\">{\"@context\":\"https:\\\/\\\/schema.org\",\"@graph\":[{\"@type\":\"Article\",\"@id\":\"https:\\\/\\\/buletin.de\\\/bucuresti\\\/5-minute-si-40-de-secunde-a-durat-sedinta-consiliului-local-sector-3-proiectele-amanate\\\/#article\",\"isPartOf\":{\"@id\":\"https:\\\/\\\/buletin.de\\\/bucuresti\\\/5-minute-si-40-de-secunde-a-durat-sedinta-consiliului-local-sector-3-proiectele-amanate\\\/\"},\"author\":{\"name\":\"Ana Anghel-Dimache\",\"@id\":\"https:\\\/\\\/buletin.de\\\/bucuresti\\\/#\\\/schema\\\/person\\\/359459245996e200ed7c807f71f0551a\"},\"headline\":\"5 minute \u0219i 40 de secunde a durat \u0219edin\u021ba Consiliului Local Sector 3. Proiectele, am\u00e2nate\",\"datePublished\":\"2024-08-19T10:14:13+00:00\",\"dateModified\":\"2024-08-19T13:31:02+00:00\",\"mainEntityOfPage\":{\"@id\":\"https:\\\/\\\/buletin.de\\\/bucuresti\\\/5-minute-si-40-de-secunde-a-durat-sedinta-consiliului-local-sector-3-proiectele-amanate\\\/\"},\"wordCount\":430,\"publisher\":{\"@id\":\"https:\\\/\\\/buletin.de\\\/bucuresti\\\/#organization\"},\"image\":{\"@id\":\"https:\\\/\\\/buletin.de\\\/bucuresti\\\/5-minute-si-40-de-secunde-a-durat-sedinta-consiliului-local-sector-3-proiectele-amanate\\\/#primaryimage\"},\"thumbnailUrl\":\"https:\\\/\\\/buletin.de\\\/bucuresti\\\/wp-content\\\/uploads\\\/dylan-gillis-KdeqA3aTnBY-unsplash.jpg\",\"keywords\":[\"biserica drumul gura calitei\",\"Bucure\u0219ti\",\"consiliu local sector 3\",\"cvorum\",\"Hala Laminor\",\"Sector 3\",\"\u0219edin\u021b\u0103 anulat\u0103\",\"UMFCD\"],\"articleSection\":[\"Articole\",\"Prim\u0103rie\",\"\u0218tiri\"],\"inLanguage\":\"en-GB\",\"copyrightYear\":\"2024\",\"copyrightHolder\":{\"@id\":\"https:\\\/\\\/buletin.de\\\/bucuresti\\\/#organization\"}},{\"@type\":\"WebPage\",\"@id\":\"https:\\\/\\\/buletin.de\\\/bucuresti\\\/5-minute-si-40-de-secunde-a-durat-sedinta-consiliului-local-sector-3-proiectele-amanate\\\/\",\"url\":\"https:\\\/\\\/buletin.de\\\/bucuresti\\\/5-minute-si-40-de-secunde-a-durat-sedinta-consiliului-local-sector-3-proiectele-amanate\\\/\",\"name\":\"5 minute \u0219i 40 de secunde a durat \u0219edin\u021ba Consiliului Local Sector 3\",\"isPartOf\":{\"@id\":\"https:\\\/\\\/buletin.de\\\/bucuresti\\\/#website\"},\"primaryImageOfPage\":{\"@id\":\"https:\\\/\\\/buletin.de\\\/bucuresti\\\/5-minute-si-40-de-secunde-a-durat-sedinta-consiliului-local-sector-3-proiectele-amanate\\\/#primaryimage\"},\"image\":{\"@id\":\"https:\\\/\\\/buletin.de\\\/bucuresti\\\/5-minute-si-40-de-secunde-a-durat-sedinta-consiliului-local-sector-3-proiectele-amanate\\\/#primaryimage\"},\"thumbnailUrl\":\"https:\\\/\\\/buletin.de\\\/bucuresti\\\/wp-content\\\/uploads\\\/dylan-gillis-KdeqA3aTnBY-unsplash.jpg\",\"datePublished\":\"2024-08-19T10:14:13+00:00\",\"dateModified\":\"2024-08-19T13:31:02+00:00\",\"description\":\"\u0218edin\u021ba Consiliului Local Sector 3 de luni s-a \u00eencheiat \u00eentr-un timp record, de doar 6 minute \u0219i 33 de secunde.\u00a0\",\"breadcrumb\":{\"@id\":\"https:\\\/\\\/buletin.de\\\/bucuresti\\\/5-minute-si-40-de-secunde-a-durat-sedinta-consiliului-local-sector-3-proiectele-amanate\\\/#breadcrumb\"},\"inLanguage\":\"en-GB\",\"potentialAction\":[{\"@type\":\"ReadAction\",\"target\":[\"https:\\\/\\\/buletin.de\\\/bucuresti\\\/5-minute-si-40-de-secunde-a-durat-sedinta-consiliului-local-sector-3-proiectele-amanate\\\/\"]}]},{\"@type\":\"ImageObject\",\"inLanguage\":\"en-GB\",\"@id\":\"https:\\\/\\\/buletin.de\\\/bucuresti\\\/5-minute-si-40-de-secunde-a-durat-sedinta-consiliului-local-sector-3-proiectele-amanate\\\/#primaryimage\",\"url\":\"https:\\\/\\\/buletin.de\\\/bucuresti\\\/wp-content\\\/uploads\\\/dylan-gillis-KdeqA3aTnBY-unsplash.jpg\",\"contentUrl\":\"https:\\\/\\\/buletin.de\\\/bucuresti\\\/wp-content\\\/uploads\\\/dylan-gillis-KdeqA3aTnBY-unsplash.jpg\",\"width\":2000,\"height\":1333,\"caption\":\"\u0218edin\u021ba Consiliului Local Sector 3 \u00een timp record. FOTO: unsplash.com\"},{\"@type\":\"BreadcrumbList\",\"@id\":\"https:\\\/\\\/buletin.de\\\/bucuresti\\\/5-minute-si-40-de-secunde-a-durat-sedinta-consiliului-local-sector-3-proiectele-amanate\\\/#breadcrumb\",\"itemListElement\":[{\"@type\":\"ListItem\",\"position\":1,\"name\":\"Acas\u0103\",\"item\":\"https:\\\/\\\/buletin.de\\\/bucuresti\\\/\"},{\"@type\":\"ListItem\",\"position\":2,\"name\":\"5 minute \u0219i 40 de secunde a durat \u0219edin\u021ba Consiliului Local Sector 3. Proiectele, am\u00e2nate\"}]},{\"@type\":\"WebSite\",\"@id\":\"https:\\\/\\\/buletin.de\\\/bucuresti\\\/#website\",\"url\":\"https:\\\/\\\/buletin.de\\\/bucuresti\\\/\",\"name\":\"Buletin de Bucure\u0219ti\",\"description\":\"\u0218tiri \u0219i investiga\u021bii esen\u021biale din capital\u0103\",\"publisher\":{\"@id\":\"https:\\\/\\\/buletin.de\\\/bucuresti\\\/#organization\"},\"potentialAction\":[{\"@type\":\"SearchAction\",\"target\":{\"@type\":\"EntryPoint\",\"urlTemplate\":\"https:\\\/\\\/buletin.de\\\/bucuresti\\\/?s={search_term_string}\"},\"query-input\":{\"@type\":\"PropertyValueSpecification\",\"valueRequired\":true,\"valueName\":\"search_term_string\"}}],\"inLanguage\":\"en-GB\"},{\"@type\":\"Organization\",\"@id\":\"https:\\\/\\\/buletin.de\\\/bucuresti\\\/#organization\",\"name\":\"Buletin de Bucure\u0219ti\",\"url\":\"https:\\\/\\\/buletin.de\\\/bucuresti\\\/\",\"logo\":{\"@type\":\"ImageObject\",\"inLanguage\":\"en-GB\",\"@id\":\"https:\\\/\\\/buletin.de\\\/bucuresti\\\/#\\\/schema\\\/logo\\\/image\\\/\",\"url\":\"https:\\\/\\\/buletin.de\\\/bucuresti\\\/wp-content\\\/uploads\\\/logo-bdb-full-wide-vernil-transparent.png\",\"contentUrl\":\"https:\\\/\\\/buletin.de\\\/bucuresti\\\/wp-content\\\/uploads\\\/logo-bdb-full-wide-vernil-transparent.png\",\"width\":1782,\"height\":626,\"caption\":\"Buletin de Bucure\u0219ti\"},\"image\":{\"@id\":\"https:\\\/\\\/buletin.de\\\/bucuresti\\\/#\\\/schema\\\/logo\\\/image\\\/\"},\"sameAs\":[\"https:\\\/\\\/www.facebook.com\\\/buletin.de.buc\",\"https:\\\/\\\/www.instagram.com\\\/buletinde.bucuresti\\\/\"]},{\"@type\":\"Person\",\"@id\":\"https:\\\/\\\/buletin.de\\\/bucuresti\\\/#\\\/schema\\\/person\\\/359459245996e200ed7c807f71f0551a\",\"name\":\"Ana Anghel-Dimache\",\"image\":{\"@type\":\"ImageObject\",\"inLanguage\":\"en-GB\",\"@id\":\"https:\\\/\\\/buletin.de\\\/bucuresti\\\/wp-content\\\/uploads\\\/Ana-Anghel-Dimache-96x96.jpg861145fc2c4f1fe57dc81b59a6cfb674\",\"url\":\"https:\\\/\\\/buletin.de\\\/bucuresti\\\/wp-content\\\/uploads\\\/Ana-Anghel-Dimache-96x96.jpg\",\"contentUrl\":\"https:\\\/\\\/buletin.de\\\/bucuresti\\\/wp-content\\\/uploads\\\/Ana-Anghel-Dimache-96x96.jpg\",\"caption\":\"Ana Anghel-Dimache\"},\"description\":\"Sunt student\u0103 la jurnalism \u0219i m-am n\u0103scut \u00een Bucure\u0219ti, ora\u0219 plin de pove\u0219ti care merit\u0103 explorate. \u00cemi place s\u0103 scriu despre subiecte politice, de mediu \u0219i legate de transportul din Capital\u0103. \u00cencerc s\u0103 pictez o imagine c\u00e2t mai sincer\u0103 a realit\u0103\u021bii \u0219i sus\u021bin presa independent\u0103 pentru c\u0103 este esen\u021bial s\u0103 pot reda faptele \u00een formele lor adev\u0103rate.\",\"url\":\"https:\\\/\\\/buletin.de\\\/bucuresti\\\/author\\\/ana-dimache\\\/\"}]}<\/script>\n<!-- \/ Yoast SEO Premium plugin. -->","yoast_head_json":{"title":"5 minute \u0219i 40 de secunde a durat \u0219edin\u021ba Consiliului Local Sector 3","description":"\u0218edin\u021ba Consiliului Local Sector 3 de luni s-a \u00eencheiat \u00eentr-un timp record, de doar 6 minute \u0219i 33 de secunde.\u00a0","robots":{"index":"index","follow":"follow","max-snippet":"max-snippet:-1","max-image-preview":"max-image-preview:large","max-video-preview":"max-video-preview:-1"},"canonical":"https:\/\/buletin.de\/bucuresti\/5-minute-si-40-de-secunde-a-durat-sedinta-consiliului-local-sector-3-proiectele-amanate\/","og_locale":"en_GB","og_type":"article","og_title":"5 minute \u0219i 40 de secunde a durat \u0219edin\u021ba Consiliului Local Sector 3. Proiectele, am\u00e2nate","og_description":"\u0218edin\u021ba Consiliului Local Sector 3 de luni s-a \u00eencheiat \u00eentr-un timp record, de doar 6 minute \u0219i 33 de secunde.\u00a0","og_url":"https:\/\/buletin.de\/bucuresti\/5-minute-si-40-de-secunde-a-durat-sedinta-consiliului-local-sector-3-proiectele-amanate\/","og_site_name":"Buletin de Bucure\u0219ti","article_publisher":"https:\/\/www.facebook.com\/buletin.de.buc","article_published_time":"2024-08-19T10:14:13+00:00","article_modified_time":"2024-08-19T13:31:02+00:00","og_image":[{"width":2000,"height":1333,"url":"https:\/\/buletin.de\/bucuresti\/wp-content\/uploads\/dylan-gillis-KdeqA3aTnBY-unsplash.jpg","type":"image\/jpeg"}],"author":"Ana Anghel-Dimache","twitter_card":"summary_large_image","twitter_misc":{"Written by":"Ana Anghel-Dimache","Estimated reading time":"2 minutes"},"schema":{"@context":"https:\/\/schema.org","@graph":[{"@type":"Article","@id":"https:\/\/buletin.de\/bucuresti\/5-minute-si-40-de-secunde-a-durat-sedinta-consiliului-local-sector-3-proiectele-amanate\/#article","isPartOf":{"@id":"https:\/\/buletin.de\/bucuresti\/5-minute-si-40-de-secunde-a-durat-sedinta-consiliului-local-sector-3-proiectele-amanate\/"},"author":{"name":"Ana Anghel-Dimache","@id":"https:\/\/buletin.de\/bucuresti\/#\/schema\/person\/359459245996e200ed7c807f71f0551a"},"headline":"5 minute \u0219i 40 de secunde a durat \u0219edin\u021ba Consiliului Local Sector 3. Proiectele, am\u00e2nate","datePublished":"2024-08-19T10:14:13+00:00","dateModified":"2024-08-19T13:31:02+00:00","mainEntityOfPage":{"@id":"https:\/\/buletin.de\/bucuresti\/5-minute-si-40-de-secunde-a-durat-sedinta-consiliului-local-sector-3-proiectele-amanate\/"},"wordCount":430,"publisher":{"@id":"https:\/\/buletin.de\/bucuresti\/#organization"},"image":{"@id":"https:\/\/buletin.de\/bucuresti\/5-minute-si-40-de-secunde-a-durat-sedinta-consiliului-local-sector-3-proiectele-amanate\/#primaryimage"},"thumbnailUrl":"https:\/\/buletin.de\/bucuresti\/wp-content\/uploads\/dylan-gillis-KdeqA3aTnBY-unsplash.jpg","keywords":["biserica drumul gura calitei","Bucure\u0219ti","consiliu local sector 3","cvorum","Hala Laminor","Sector 3","\u0219edin\u021b\u0103 anulat\u0103","UMFCD"],"articleSection":["Articole","Prim\u0103rie","\u0218tiri"],"inLanguage":"en-GB","copyrightYear":"2024","copyrightHolder":{"@id":"https:\/\/buletin.de\/bucuresti\/#organization"}},{"@type":"WebPage","@id":"https:\/\/buletin.de\/bucuresti\/5-minute-si-40-de-secunde-a-durat-sedinta-consiliului-local-sector-3-proiectele-amanate\/","url":"https:\/\/buletin.de\/bucuresti\/5-minute-si-40-de-secunde-a-durat-sedinta-consiliului-local-sector-3-proiectele-amanate\/","name":"5 minute \u0219i 40 de secunde a durat \u0219edin\u021ba Consiliului Local Sector 3","isPartOf":{"@id":"https:\/\/buletin.de\/bucuresti\/#website"},"primaryImageOfPage":{"@id":"https:\/\/buletin.de\/bucuresti\/5-minute-si-40-de-secunde-a-durat-sedinta-consiliului-local-sector-3-proiectele-amanate\/#primaryimage"},"image":{"@id":"https:\/\/buletin.de\/bucuresti\/5-minute-si-40-de-secunde-a-durat-sedinta-consiliului-local-sector-3-proiectele-amanate\/#primaryimage"},"thumbnailUrl":"https:\/\/buletin.de\/bucuresti\/wp-content\/uploads\/dylan-gillis-KdeqA3aTnBY-unsplash.jpg","datePublished":"2024-08-19T10:14:13+00:00","dateModified":"2024-08-19T13:31:02+00:00","description":"\u0218edin\u021ba Consiliului Local Sector 3 de luni s-a \u00eencheiat \u00eentr-un timp record, de doar 6 minute \u0219i 33 de secunde.\u00a0","breadcrumb":{"@id":"https:\/\/buletin.de\/bucuresti\/5-minute-si-40-de-secunde-a-durat-sedinta-consiliului-local-sector-3-proiectele-amanate\/#breadcrumb"},"inLanguage":"en-GB","potentialAction":[{"@type":"ReadAction","target":["https:\/\/buletin.de\/bucuresti\/5-minute-si-40-de-secunde-a-durat-sedinta-consiliului-local-sector-3-proiectele-amanate\/"]}]},{"@type":"ImageObject","inLanguage":"en-GB","@id":"https:\/\/buletin.de\/bucuresti\/5-minute-si-40-de-secunde-a-durat-sedinta-consiliului-local-sector-3-proiectele-amanate\/#primaryimage","url":"https:\/\/buletin.de\/bucuresti\/wp-content\/uploads\/dylan-gillis-KdeqA3aTnBY-unsplash.jpg","contentUrl":"https:\/\/buletin.de\/bucuresti\/wp-content\/uploads\/dylan-gillis-KdeqA3aTnBY-unsplash.jpg","width":2000,"height":1333,"caption":"\u0218edin\u021ba Consiliului Local Sector 3 \u00een timp record. FOTO: unsplash.com"},{"@type":"BreadcrumbList","@id":"https:\/\/buletin.de\/bucuresti\/5-minute-si-40-de-secunde-a-durat-sedinta-consiliului-local-sector-3-proiectele-amanate\/#breadcrumb","itemListElement":[{"@type":"ListItem","position":1,"name":"Acas\u0103","item":"https:\/\/buletin.de\/bucuresti\/"},{"@type":"ListItem","position":2,"name":"5 minute \u0219i 40 de secunde a durat \u0219edin\u021ba Consiliului Local Sector 3. Proiectele, am\u00e2nate"}]},{"@type":"WebSite","@id":"https:\/\/buletin.de\/bucuresti\/#website","url":"https:\/\/buletin.de\/bucuresti\/","name":"Buletin de Bucure\u0219ti","description":"\u0218tiri \u0219i investiga\u021bii esen\u021biale din capital\u0103","publisher":{"@id":"https:\/\/buletin.de\/bucuresti\/#organization"},"potentialAction":[{"@type":"SearchAction","target":{"@type":"EntryPoint","urlTemplate":"https:\/\/buletin.de\/bucuresti\/?s={search_term_string}"},"query-input":{"@type":"PropertyValueSpecification","valueRequired":true,"valueName":"search_term_string"}}],"inLanguage":"en-GB"},{"@type":"Organization","@id":"https:\/\/buletin.de\/bucuresti\/#organization","name":"Buletin de Bucure\u0219ti","url":"https:\/\/buletin.de\/bucuresti\/","logo":{"@type":"ImageObject","inLanguage":"en-GB","@id":"https:\/\/buletin.de\/bucuresti\/#\/schema\/logo\/image\/","url":"https:\/\/buletin.de\/bucuresti\/wp-content\/uploads\/logo-bdb-full-wide-vernil-transparent.png","contentUrl":"https:\/\/buletin.de\/bucuresti\/wp-content\/uploads\/logo-bdb-full-wide-vernil-transparent.png","width":1782,"height":626,"caption":"Buletin de Bucure\u0219ti"},"image":{"@id":"https:\/\/buletin.de\/bucuresti\/#\/schema\/logo\/image\/"},"sameAs":["https:\/\/www.facebook.com\/buletin.de.buc","https:\/\/www.instagram.com\/buletinde.bucuresti\/"]},{"@type":"Person","@id":"https:\/\/buletin.de\/bucuresti\/#\/schema\/person\/359459245996e200ed7c807f71f0551a","name":"Ana Anghel-Dimache","image":{"@type":"ImageObject","inLanguage":"en-GB","@id":"https:\/\/buletin.de\/bucuresti\/wp-content\/uploads\/Ana-Anghel-Dimache-96x96.jpg861145fc2c4f1fe57dc81b59a6cfb674","url":"https:\/\/buletin.de\/bucuresti\/wp-content\/uploads\/Ana-Anghel-Dimache-96x96.jpg","contentUrl":"https:\/\/buletin.de\/bucuresti\/wp-content\/uploads\/Ana-Anghel-Dimache-96x96.jpg","caption":"Ana Anghel-Dimache"},"description":"Sunt student\u0103 la jurnalism \u0219i m-am n\u0103scut \u00een Bucure\u0219ti, ora\u0219 plin de pove\u0219ti care merit\u0103 explorate. \u00cemi place s\u0103 scriu despre subiecte politice, de mediu \u0219i legate de transportul din Capital\u0103. \u00cencerc s\u0103 pictez o imagine c\u00e2t mai sincer\u0103 a realit\u0103\u021bii \u0219i sus\u021bin presa independent\u0103 pentru c\u0103 este esen\u021bial s\u0103 pot reda faptele \u00een formele lor adev\u0103rate.","url":"https:\/\/buletin.de\/bucuresti\/author\/ana-dimache\/"}]}},"authors":[{"term_id":22581,"user_id":58,"is_guest":0,"slug":"ana-dimache","display_name":"Ana Anghel-Dimache","avatar_url":"https:\/\/buletin.de\/bucuresti\/wp-content\/uploads\/Ana-Anghel-Dimache-96x96.jpg","0":null,"1":"","2":"","3":"","4":"","5":"","6":"","7":"","8":""}],"_links":{"self":[{"href":"https:\/\/buletin.de\/bucuresti\/wp-json\/wp\/v2\/posts\/94981","targetHints":{"allow":["GET"]}}],"collection":[{"href":"https:\/\/buletin.de\/bucuresti\/wp-json\/wp\/v2\/posts"}],"about":[{"href":"https:\/\/buletin.de\/bucuresti\/wp-json\/wp\/v2\/types\/post"}],"author":[{"embeddable":true,"href":"https:\/\/buletin.de\/bucuresti\/wp-json\/wp\/v2\/users\/58"}],"replies":[{"embeddable":true,"href":"https:\/\/buletin.de\/bucuresti\/wp-json\/wp\/v2\/comments?post=94981"}],"version-history":[{"count":4,"href":"https:\/\/buletin.de\/bucuresti\/wp-json\/wp\/v2\/posts\/94981\/revisions"}],"predecessor-version":[{"id":95043,"href":"https:\/\/buletin.de\/bucuresti\/wp-json\/wp\/v2\/posts\/94981\/revisions\/95043"}],"wp:featuredmedia":[{"embeddable":true,"href":"https:\/\/buletin.de\/bucuresti\/wp-json\/wp\/v2\/media\/94984"}],"wp:attachment":[{"href":"https:\/\/buletin.de\/bucuresti\/wp-json\/wp\/v2\/media?parent=94981"}],"wp:term":[{"taxonomy":"category","embeddable":true,"href":"https:\/\/buletin.de\/bucuresti\/wp-json\/wp\/v2\/categories?post=94981"},{"taxonomy":"post_tag","embeddable":true,"href":"https:\/\/buletin.de\/bucuresti\/wp-json\/wp\/v2\/tags?post=94981"},{"taxonomy":"author","embeddable":true,"href":"https:\/\/buletin.de\/bucuresti\/wp-json\/wp\/v2\/ppma_author?post=94981"}],"curies":[{"name":"wp","href":"https:\/\/api.w.org\/{rel}","templated":true}]}}