{"id":94799,"date":"2024-08-16T11:13:51","date_gmt":"2024-08-16T08:13:51","guid":{"rendered":"https:\/\/buletin.de\/bucuresti\/?p=94799"},"modified":"2024-08-16T11:13:52","modified_gmt":"2024-08-16T08:13:52","slug":"spitalul-sri-preia-chirurgia-vasculara-de-la-sf-pantelimon-din-septembrie","status":"publish","type":"post","link":"https:\/\/buletin.de\/bucuresti\/spitalul-sri-preia-chirurgia-vasculara-de-la-sf-pantelimon-din-septembrie\/","title":{"rendered":"Spitalul SRI preia chirurgia vascular\u0103 de la \u201eSf. Pantelimon\u201d, din septembrie"},"content":{"rendered":"\n<p><strong>Programul de chirurgie vascular\u0103 de gard\u0103 de la Spitalul \u201eSf. Pantelimon\u201d va fi preluat de Spitalul SRI de la 1 septembrie, relateaz\u0103 <\/strong><a href=\"http:\/\/europafm.ro\"><strong>europafm.ro<\/strong><\/a><strong>.<\/strong><\/p>\n\n\n\n<p>Dac\u0103 la Spitalul Sf\u00e2ntul Pantelimon garda de chirurgie vascular\u0103 func\u021biona doar o singur\u0103 zi pe s\u0103pt\u0103m\u00e2n\u0103, adic\u0103 s\u00e2mb\u0103ta, c\u00e2nd era acoperit tot Bucure\u0219tiul, \u00een prezent nu mai sunt medici disponibili pentru a asigura acest serviciu.<\/p>\n\n\n\n<p>\u00cen schimb, de la data de 1 septembrie, pacien\u021bii vor fi du\u0219i la Spitalul Clinic de Urgen\u021b\u0103 Prof. Dr. Agrippa Ionescu. Institutul mai este cunoscut \u0219i sub numele de \u201eSpitalul SRI\u201d.\u00a0<\/p>\n\n\n\n<p>Decizia apare \u00eentr-un ordin de ministru emis de Ministerul S\u0103n\u0103t\u0103\u021bii.&nbsp;<\/p>\n\n\n\n<p>Ac\u021biunea vine dup\u0103 ce doi medici au fost re\u021binu\u021bi pentru 30 de zile, sub acuza\u021bia de ucidere din culp\u0103 \u0219i omor cu premeditare. Scandalul a adus dup\u0103 sine un num\u0103r mult mai sc\u0103zut de pacien\u021bi care apeleaz\u0103 la serviciile Spitalului Pantelimon.&nbsp;&nbsp;&nbsp;<\/p>\n\n\n\n<p>\u00cen situa\u021bia \u00een care activitatea va r\u0103m\u00e2ne redus\u0103 \u00een luna august la Sf. Pantelimon, Casa Na\u021bional\u0103 de Asigur\u0103ri de S\u0103n\u0103tate va reduce pe m\u0103sur\u0103 suma fondurilor decontate.\u00a0<\/p>\n\n\n\n<p>CITE\u0218TE \u0218I: <strong><a href=\"https:\/\/buletin.de\/bucuresti\/o-noua-sedinta-a-consiliului-local-sector-3-de-data-asta-fara-proiectul-controversat-de-schimbari-urbanistice\/\">O nou\u0103 \u015fedin\u0163\u0103 a Consiliului Local Sector 3, de data asta f\u0103r\u0103 proiectul controversat de schimb\u0103ri urbanistice<\/a><\/strong><\/p>\n\n\n\n<h2 class=\"wp-block-heading\" id=\"h-programul-de-chirurgie-vasculara-de-garda-se-muta-la-spitalul-sri-nu-la-floreasca\">Programul de chirurgie vascular\u0103 de gard\u0103 se mut\u0103 la Spitalul SRI, nu la Floreasca<\/h2>\n\n\n\n<p>Ini\u021bial se anticipa c\u0103 toate cazurile vor fi preluate de Spitalul Floreasca, dar un comunicat de pres\u0103 a anun\u021bat c\u0103 Spitalul de Urgen\u021b\u0103 Prof. Dr. Agrippa Ionescu a fost desemnat s\u0103 gestioneze preluarea acestor pacien\u021bi.&nbsp;<\/p>\n\n\n\n<p>\u201d<em>\u00cen urma ordinului emis de Ministrul S\u0103n\u0103t\u0103\u021bii, \u00een 2.08.2024, Spitalul Clinic de Urgen\u021b\u0103 Bucure\u0219ti (Floreasca) dore\u0219te s\u0103 clarifice situa\u021bia prelu\u0103rii pacien\u021bilor care, \u00een regim de urgen\u021b\u0103, ar fi fost redirec\u021biona\u021bi de c\u0103tre Spitalul &#8220;Sf\u00e2ntul Pantelimon&#8221;.<\/em><\/p>\n\n\n\n<p><em>\u00cen\u021belegem preocup\u0103rile legate de preluarea pacien\u021bilor Spitalului Sf\u00e2ntul Pantelimon, \u00eens\u0103, conform ordinului emis de Ministrul S\u0103n\u0103t\u0103\u021bii, aceast\u0103 sarcin\u0103 revine Spitalului SRI, care a fost desemnat s\u0103 gestioneze preluarea acestor pacien\u021bi.<\/em><\/p>\n\n\n\n<p><em>Dorim s\u0103 asigur\u0103m opinia public\u0103 \u015fi pacien\u0163ii c\u0103 r\u0103m\u00e2nem dedica\u0163i misiunii noastre \u015fi c\u0103 ne desf\u0103\u015fur\u0103m activitatea \u00eentr-un cadru organizat \u015fi bine coordonat, respect\u00e2nd directivele Ministerului S\u0103n\u0103t\u0103\u0163ii \u015fi colabor\u00e2nd \u00eendeaproape cu toate unit\u0103\u0163ile sanitare\u201d<\/em> se arat\u0103 \u00een comunicatul Spitalului Clinic de Urgen\u021b\u0103 Bucure\u0219ti (Floreasca), citat de <a href=\"http:\/\/agerpres.ro\">Agerpres.ro<\/a>.<\/p>\n\n\n\n<h2 class=\"wp-block-heading\" id=\"h-dosarul-morti-la-pantelimon\">Dosarul \u201eMor\u0163i la Pantelimon\u201d<\/h2>\n\n\n\n<p>Doi medici au fost re\u0163inu\u0163i \u00een urma perchezi\u0163iilor efectuate de procurorii Parchetului de pe l\u00e2ng\u0103 Tribunalul Bucure\u015fti miercuri, 7 august, \u00een cazul mor\u0163ilor de la Sf\u00e2ntul Pantelimon Bucure\u0219ti.<\/p>\n\n\n\n<p>Conform anchetatorilor, ace\u015fti medici decideau cine tr\u0103ie\u015fte \u015fi cine moare dintre pacien\u0163ii interna\u0163i la Terapie Intensiv\u0103.<\/p>\n\n\n\n<p>Mai exact, dup\u0103 propria evaluare, sc\u0103deau doza de noradrenalin\u0103 \u015fi pacien\u0163ilor intuba\u0163i le sc\u0103deau exponen\u0163ial \u015fansele de supravie\u0163uire.<\/p>\n\n\n\n<p>Totul s-ar fi \u00eent\u00e2mplat \u00een perioada 4-7 aprilie.<\/p>\n\n\n\n<p>\u00cen plus, din decizia instan\u021bei reiese c\u0103 Miron Maria Alexandra \u015fi P\u0103iu\u0219 Mirela au ar\u0103tat \u201eun profund dispre\u021b al inculpatelor fa\u021b\u0103 de via\u021ba persoanelor prin ignorarea tuturor dispozi\u021biile legale care reglementeaz\u0103 exercitarea profesiei lor, dar \u0219i a jur\u0103m\u00e2ntului depus la terminarea facult\u0103\u021bii de medicin\u0103\u201d.<\/p>\n\n\n\n<p>Ambele cadre medicale au refuzat s\u0103 fac\u0103 orice declara\u021bii \u00een fa\u021ba instan\u021bei.&nbsp;<\/p>\n\n\n\n<p>CITE\u0218TE \u0218I: <strong><a href=\"https:\/\/buletin.de\/bucuresti\/a-plouat-cu-amenzi-in-bucuresti-pentru-soferii-care-au-baut-la-petrecerile-de-sfanta-maria\/\">A plouat cu amenzi \u00een Bucure\u015fti, pentru \u015foferii care au b\u0103ut la petrecerile de Sf\u00e2nta Maria<\/a><\/strong><\/p>\n","protected":false},"excerpt":{"rendered":"<p>Programul de chirurgie vascular\u0103 de gard\u0103 de la Spitalul \u201eSf. Pantelimon\u201d va fi preluat de Spitalul SRI de la 1 septembrie, relateaz\u0103 europafm.ro. Dac\u0103 la Spitalul Sf\u00e2ntul Pantelimon garda de chirurgie vascular\u0103 func\u021biona doar o singur\u0103 zi pe s\u0103pt\u0103m\u00e2n\u0103, adic\u0103 s\u00e2mb\u0103ta, c\u00e2nd era acoperit tot Bucure\u0219tiul, \u00een prezent nu mai sunt medici disponibili pentru a [&hellip;]<\/p>\n","protected":false},"author":58,"featured_media":94801,"comment_status":"closed","ping_status":"open","sticky":false,"template":"","format":"standard","meta":{"_acf_changed":false,"inline_featured_image":false,"ngg_post_thumbnail":0,"footnotes":""},"categories":[6994,5762,4],"tags":[14292,2063,14295,14294,14250,14293],"ppma_author":[22581],"class_list":["post-94799","post","type-post","status-publish","format-standard","has-post-thumbnail","hentry","category-stiri-2","category-main","category-sanatate","tag-spitalul-mortii","tag-bucuresti-2","tag-garda-de-chirurgie-vasculara","tag-spitalul-clinic-de-urgenta-prof-dr-agrippa-ionescu","tag-spitalul-sf-pantelimon","tag-spitalul-sri"],"acf":[],"yoast_head":"<!-- This site is optimized with the Yoast SEO Premium plugin v25.3 (Yoast SEO v27.4) - https:\/\/yoast.com\/product\/yoast-seo-premium-wordpress\/ -->\n<title>Spitalul SRI preia chirurgia vascular\u0103 de la \u201eSf. Pantelimon\u201d, din septembrie - Buletin de Bucure\u0219ti<\/title>\n<meta name=\"description\" content=\"Programul de chirurgie vascular\u0103 de gard\u0103 de la Spitalul \u201eSf. Pantelimon\u201d va fi preluat de Spitalul SRI de la 1 septembrie.\" \/>\n<meta name=\"robots\" content=\"index, follow, max-snippet:-1, max-image-preview:large, max-video-preview:-1\" \/>\n<link rel=\"canonical\" href=\"https:\/\/buletin.de\/bucuresti\/spitalul-sri-preia-chirurgia-vasculara-de-la-sf-pantelimon-din-septembrie\/\" \/>\n<meta property=\"og:locale\" content=\"en_GB\" \/>\n<meta property=\"og:type\" content=\"article\" \/>\n<meta property=\"og:title\" content=\"Spitalul SRI preia chirurgia vascular\u0103 de la \u201eSf. Pantelimon\u201d, din septembrie\" \/>\n<meta property=\"og:description\" content=\"Programul de chirurgie vascular\u0103 de gard\u0103 de la Spitalul \u201eSf. Pantelimon\u201d va fi preluat de Spitalul SRI de la 1 septembrie.\" \/>\n<meta property=\"og:url\" content=\"https:\/\/buletin.de\/bucuresti\/spitalul-sri-preia-chirurgia-vasculara-de-la-sf-pantelimon-din-septembrie\/\" \/>\n<meta property=\"og:site_name\" content=\"Buletin de Bucure\u0219ti\" \/>\n<meta property=\"article:publisher\" content=\"https:\/\/www.facebook.com\/buletin.de.buc\" \/>\n<meta property=\"article:published_time\" content=\"2024-08-16T08:13:51+00:00\" \/>\n<meta property=\"article:modified_time\" content=\"2024-08-16T08:13:52+00:00\" \/>\n<meta property=\"og:image\" content=\"https:\/\/buletin.de\/bucuresti\/wp-content\/uploads\/Programul-de-chirurgie-vasculara-de-garda-va-fi-preluat-de-Spitalul-SRI.jpg\" \/>\n\t<meta property=\"og:image:width\" content=\"1600\" \/>\n\t<meta property=\"og:image:height\" content=\"1067\" \/>\n\t<meta property=\"og:image:type\" content=\"image\/jpeg\" \/>\n<meta name=\"author\" content=\"Ana Anghel-Dimache\" \/>\n<meta name=\"twitter:card\" content=\"summary_large_image\" \/>\n<meta name=\"twitter:label1\" content=\"Written by\" \/>\n\t<meta name=\"twitter:data1\" content=\"Ana Anghel-Dimache\" \/>\n\t<meta name=\"twitter:label2\" content=\"Estimated reading time\" \/>\n\t<meta name=\"twitter:data2\" content=\"3 minutes\" \/>\n<script type=\"application\/ld+json\" class=\"yoast-schema-graph\">{\"@context\":\"https:\\\/\\\/schema.org\",\"@graph\":[{\"@type\":\"Article\",\"@id\":\"https:\\\/\\\/buletin.de\\\/bucuresti\\\/spitalul-sri-preia-chirurgia-vasculara-de-la-sf-pantelimon-din-septembrie\\\/#article\",\"isPartOf\":{\"@id\":\"https:\\\/\\\/buletin.de\\\/bucuresti\\\/spitalul-sri-preia-chirurgia-vasculara-de-la-sf-pantelimon-din-septembrie\\\/\"},\"author\":{\"name\":\"Ana Anghel-Dimache\",\"@id\":\"https:\\\/\\\/buletin.de\\\/bucuresti\\\/#\\\/schema\\\/person\\\/359459245996e200ed7c807f71f0551a\"},\"headline\":\"Spitalul SRI preia chirurgia vascular\u0103 de la \u201eSf. Pantelimon\u201d, din septembrie\",\"datePublished\":\"2024-08-16T08:13:51+00:00\",\"dateModified\":\"2024-08-16T08:13:52+00:00\",\"mainEntityOfPage\":{\"@id\":\"https:\\\/\\\/buletin.de\\\/bucuresti\\\/spitalul-sri-preia-chirurgia-vasculara-de-la-sf-pantelimon-din-septembrie\\\/\"},\"wordCount\":613,\"publisher\":{\"@id\":\"https:\\\/\\\/buletin.de\\\/bucuresti\\\/#organization\"},\"image\":{\"@id\":\"https:\\\/\\\/buletin.de\\\/bucuresti\\\/spitalul-sri-preia-chirurgia-vasculara-de-la-sf-pantelimon-din-septembrie\\\/#primaryimage\"},\"thumbnailUrl\":\"https:\\\/\\\/buletin.de\\\/bucuresti\\\/wp-content\\\/uploads\\\/Programul-de-chirurgie-vasculara-de-garda-va-fi-preluat-de-Spitalul-SRI.jpg\",\"keywords\":[\"\u201dSpitalul Mor\u021bii\u201d\",\"Bucure\u0219ti\",\"garda de chirurgie vascular\u0103\",\"Spitalul Clinic de Urgen\u021b\u0103 Prof. Dr. Agrippa Ionescu\",\"Spitalul Sf. Pantelimon\",\"Spitalul SRI\"],\"articleSection\":[\"Articole\",\"Main\",\"S\u0103n\u0103tate\"],\"inLanguage\":\"en-GB\",\"copyrightYear\":\"2024\",\"copyrightHolder\":{\"@id\":\"https:\\\/\\\/buletin.de\\\/bucuresti\\\/#organization\"}},{\"@type\":\"WebPage\",\"@id\":\"https:\\\/\\\/buletin.de\\\/bucuresti\\\/spitalul-sri-preia-chirurgia-vasculara-de-la-sf-pantelimon-din-septembrie\\\/\",\"url\":\"https:\\\/\\\/buletin.de\\\/bucuresti\\\/spitalul-sri-preia-chirurgia-vasculara-de-la-sf-pantelimon-din-septembrie\\\/\",\"name\":\"Spitalul SRI preia chirurgia vascular\u0103 de la \u201eSf. Pantelimon\u201d, din septembrie - Buletin de Bucure\u0219ti\",\"isPartOf\":{\"@id\":\"https:\\\/\\\/buletin.de\\\/bucuresti\\\/#website\"},\"primaryImageOfPage\":{\"@id\":\"https:\\\/\\\/buletin.de\\\/bucuresti\\\/spitalul-sri-preia-chirurgia-vasculara-de-la-sf-pantelimon-din-septembrie\\\/#primaryimage\"},\"image\":{\"@id\":\"https:\\\/\\\/buletin.de\\\/bucuresti\\\/spitalul-sri-preia-chirurgia-vasculara-de-la-sf-pantelimon-din-septembrie\\\/#primaryimage\"},\"thumbnailUrl\":\"https:\\\/\\\/buletin.de\\\/bucuresti\\\/wp-content\\\/uploads\\\/Programul-de-chirurgie-vasculara-de-garda-va-fi-preluat-de-Spitalul-SRI.jpg\",\"datePublished\":\"2024-08-16T08:13:51+00:00\",\"dateModified\":\"2024-08-16T08:13:52+00:00\",\"description\":\"Programul de chirurgie vascular\u0103 de gard\u0103 de la Spitalul \u201eSf. Pantelimon\u201d va fi preluat de Spitalul SRI de la 1 septembrie.\",\"breadcrumb\":{\"@id\":\"https:\\\/\\\/buletin.de\\\/bucuresti\\\/spitalul-sri-preia-chirurgia-vasculara-de-la-sf-pantelimon-din-septembrie\\\/#breadcrumb\"},\"inLanguage\":\"en-GB\",\"potentialAction\":[{\"@type\":\"ReadAction\",\"target\":[\"https:\\\/\\\/buletin.de\\\/bucuresti\\\/spitalul-sri-preia-chirurgia-vasculara-de-la-sf-pantelimon-din-septembrie\\\/\"]}]},{\"@type\":\"ImageObject\",\"inLanguage\":\"en-GB\",\"@id\":\"https:\\\/\\\/buletin.de\\\/bucuresti\\\/spitalul-sri-preia-chirurgia-vasculara-de-la-sf-pantelimon-din-septembrie\\\/#primaryimage\",\"url\":\"https:\\\/\\\/buletin.de\\\/bucuresti\\\/wp-content\\\/uploads\\\/Programul-de-chirurgie-vasculara-de-garda-va-fi-preluat-de-Spitalul-SRI.jpg\",\"contentUrl\":\"https:\\\/\\\/buletin.de\\\/bucuresti\\\/wp-content\\\/uploads\\\/Programul-de-chirurgie-vasculara-de-garda-va-fi-preluat-de-Spitalul-SRI.jpg\",\"width\":1600,\"height\":1067,\"caption\":\"Programul de chirurgie vasculara de garda va fi preluat de Spitalul SRI. FOTO: Inquam Photos\\\/George C\u0103lin\"},{\"@type\":\"BreadcrumbList\",\"@id\":\"https:\\\/\\\/buletin.de\\\/bucuresti\\\/spitalul-sri-preia-chirurgia-vasculara-de-la-sf-pantelimon-din-septembrie\\\/#breadcrumb\",\"itemListElement\":[{\"@type\":\"ListItem\",\"position\":1,\"name\":\"Acas\u0103\",\"item\":\"https:\\\/\\\/buletin.de\\\/bucuresti\\\/\"},{\"@type\":\"ListItem\",\"position\":2,\"name\":\"Spitalul SRI preia chirurgia vascular\u0103 de la \u201eSf. Pantelimon\u201d, din septembrie\"}]},{\"@type\":\"WebSite\",\"@id\":\"https:\\\/\\\/buletin.de\\\/bucuresti\\\/#website\",\"url\":\"https:\\\/\\\/buletin.de\\\/bucuresti\\\/\",\"name\":\"Buletin de Bucure\u0219ti\",\"description\":\"\u0218tiri \u0219i investiga\u021bii esen\u021biale din capital\u0103\",\"publisher\":{\"@id\":\"https:\\\/\\\/buletin.de\\\/bucuresti\\\/#organization\"},\"potentialAction\":[{\"@type\":\"SearchAction\",\"target\":{\"@type\":\"EntryPoint\",\"urlTemplate\":\"https:\\\/\\\/buletin.de\\\/bucuresti\\\/?s={search_term_string}\"},\"query-input\":{\"@type\":\"PropertyValueSpecification\",\"valueRequired\":true,\"valueName\":\"search_term_string\"}}],\"inLanguage\":\"en-GB\"},{\"@type\":\"Organization\",\"@id\":\"https:\\\/\\\/buletin.de\\\/bucuresti\\\/#organization\",\"name\":\"Buletin de Bucure\u0219ti\",\"url\":\"https:\\\/\\\/buletin.de\\\/bucuresti\\\/\",\"logo\":{\"@type\":\"ImageObject\",\"inLanguage\":\"en-GB\",\"@id\":\"https:\\\/\\\/buletin.de\\\/bucuresti\\\/#\\\/schema\\\/logo\\\/image\\\/\",\"url\":\"https:\\\/\\\/buletin.de\\\/bucuresti\\\/wp-content\\\/uploads\\\/logo-bdb-full-wide-vernil-transparent.png\",\"contentUrl\":\"https:\\\/\\\/buletin.de\\\/bucuresti\\\/wp-content\\\/uploads\\\/logo-bdb-full-wide-vernil-transparent.png\",\"width\":1782,\"height\":626,\"caption\":\"Buletin de Bucure\u0219ti\"},\"image\":{\"@id\":\"https:\\\/\\\/buletin.de\\\/bucuresti\\\/#\\\/schema\\\/logo\\\/image\\\/\"},\"sameAs\":[\"https:\\\/\\\/www.facebook.com\\\/buletin.de.buc\",\"https:\\\/\\\/www.instagram.com\\\/buletinde.bucuresti\\\/\"]},{\"@type\":\"Person\",\"@id\":\"https:\\\/\\\/buletin.de\\\/bucuresti\\\/#\\\/schema\\\/person\\\/359459245996e200ed7c807f71f0551a\",\"name\":\"Ana Anghel-Dimache\",\"image\":{\"@type\":\"ImageObject\",\"inLanguage\":\"en-GB\",\"@id\":\"https:\\\/\\\/buletin.de\\\/bucuresti\\\/wp-content\\\/uploads\\\/Ana-Anghel-Dimache-96x96.jpg861145fc2c4f1fe57dc81b59a6cfb674\",\"url\":\"https:\\\/\\\/buletin.de\\\/bucuresti\\\/wp-content\\\/uploads\\\/Ana-Anghel-Dimache-96x96.jpg\",\"contentUrl\":\"https:\\\/\\\/buletin.de\\\/bucuresti\\\/wp-content\\\/uploads\\\/Ana-Anghel-Dimache-96x96.jpg\",\"caption\":\"Ana Anghel-Dimache\"},\"description\":\"Sunt student\u0103 la jurnalism \u0219i m-am n\u0103scut \u00een Bucure\u0219ti, ora\u0219 plin de pove\u0219ti care merit\u0103 explorate. \u00cemi place s\u0103 scriu despre subiecte politice, de mediu \u0219i legate de transportul din Capital\u0103. \u00cencerc s\u0103 pictez o imagine c\u00e2t mai sincer\u0103 a realit\u0103\u021bii \u0219i sus\u021bin presa independent\u0103 pentru c\u0103 este esen\u021bial s\u0103 pot reda faptele \u00een formele lor adev\u0103rate.\",\"url\":\"https:\\\/\\\/buletin.de\\\/bucuresti\\\/author\\\/ana-dimache\\\/\"}]}<\/script>\n<!-- \/ Yoast SEO Premium plugin. -->","yoast_head_json":{"title":"Spitalul SRI preia chirurgia vascular\u0103 de la \u201eSf. Pantelimon\u201d, din septembrie - Buletin de Bucure\u0219ti","description":"Programul de chirurgie vascular\u0103 de gard\u0103 de la Spitalul \u201eSf. Pantelimon\u201d va fi preluat de Spitalul SRI de la 1 septembrie.","robots":{"index":"index","follow":"follow","max-snippet":"max-snippet:-1","max-image-preview":"max-image-preview:large","max-video-preview":"max-video-preview:-1"},"canonical":"https:\/\/buletin.de\/bucuresti\/spitalul-sri-preia-chirurgia-vasculara-de-la-sf-pantelimon-din-septembrie\/","og_locale":"en_GB","og_type":"article","og_title":"Spitalul SRI preia chirurgia vascular\u0103 de la \u201eSf. Pantelimon\u201d, din septembrie","og_description":"Programul de chirurgie vascular\u0103 de gard\u0103 de la Spitalul \u201eSf. Pantelimon\u201d va fi preluat de Spitalul SRI de la 1 septembrie.","og_url":"https:\/\/buletin.de\/bucuresti\/spitalul-sri-preia-chirurgia-vasculara-de-la-sf-pantelimon-din-septembrie\/","og_site_name":"Buletin de Bucure\u0219ti","article_publisher":"https:\/\/www.facebook.com\/buletin.de.buc","article_published_time":"2024-08-16T08:13:51+00:00","article_modified_time":"2024-08-16T08:13:52+00:00","og_image":[{"width":1600,"height":1067,"url":"https:\/\/buletin.de\/bucuresti\/wp-content\/uploads\/Programul-de-chirurgie-vasculara-de-garda-va-fi-preluat-de-Spitalul-SRI.jpg","type":"image\/jpeg"}],"author":"Ana Anghel-Dimache","twitter_card":"summary_large_image","twitter_misc":{"Written by":"Ana Anghel-Dimache","Estimated reading time":"3 minutes"},"schema":{"@context":"https:\/\/schema.org","@graph":[{"@type":"Article","@id":"https:\/\/buletin.de\/bucuresti\/spitalul-sri-preia-chirurgia-vasculara-de-la-sf-pantelimon-din-septembrie\/#article","isPartOf":{"@id":"https:\/\/buletin.de\/bucuresti\/spitalul-sri-preia-chirurgia-vasculara-de-la-sf-pantelimon-din-septembrie\/"},"author":{"name":"Ana Anghel-Dimache","@id":"https:\/\/buletin.de\/bucuresti\/#\/schema\/person\/359459245996e200ed7c807f71f0551a"},"headline":"Spitalul SRI preia chirurgia vascular\u0103 de la \u201eSf. Pantelimon\u201d, din septembrie","datePublished":"2024-08-16T08:13:51+00:00","dateModified":"2024-08-16T08:13:52+00:00","mainEntityOfPage":{"@id":"https:\/\/buletin.de\/bucuresti\/spitalul-sri-preia-chirurgia-vasculara-de-la-sf-pantelimon-din-septembrie\/"},"wordCount":613,"publisher":{"@id":"https:\/\/buletin.de\/bucuresti\/#organization"},"image":{"@id":"https:\/\/buletin.de\/bucuresti\/spitalul-sri-preia-chirurgia-vasculara-de-la-sf-pantelimon-din-septembrie\/#primaryimage"},"thumbnailUrl":"https:\/\/buletin.de\/bucuresti\/wp-content\/uploads\/Programul-de-chirurgie-vasculara-de-garda-va-fi-preluat-de-Spitalul-SRI.jpg","keywords":["\u201dSpitalul Mor\u021bii\u201d","Bucure\u0219ti","garda de chirurgie vascular\u0103","Spitalul Clinic de Urgen\u021b\u0103 Prof. Dr. Agrippa Ionescu","Spitalul Sf. Pantelimon","Spitalul SRI"],"articleSection":["Articole","Main","S\u0103n\u0103tate"],"inLanguage":"en-GB","copyrightYear":"2024","copyrightHolder":{"@id":"https:\/\/buletin.de\/bucuresti\/#organization"}},{"@type":"WebPage","@id":"https:\/\/buletin.de\/bucuresti\/spitalul-sri-preia-chirurgia-vasculara-de-la-sf-pantelimon-din-septembrie\/","url":"https:\/\/buletin.de\/bucuresti\/spitalul-sri-preia-chirurgia-vasculara-de-la-sf-pantelimon-din-septembrie\/","name":"Spitalul SRI preia chirurgia vascular\u0103 de la \u201eSf. Pantelimon\u201d, din septembrie - Buletin de Bucure\u0219ti","isPartOf":{"@id":"https:\/\/buletin.de\/bucuresti\/#website"},"primaryImageOfPage":{"@id":"https:\/\/buletin.de\/bucuresti\/spitalul-sri-preia-chirurgia-vasculara-de-la-sf-pantelimon-din-septembrie\/#primaryimage"},"image":{"@id":"https:\/\/buletin.de\/bucuresti\/spitalul-sri-preia-chirurgia-vasculara-de-la-sf-pantelimon-din-septembrie\/#primaryimage"},"thumbnailUrl":"https:\/\/buletin.de\/bucuresti\/wp-content\/uploads\/Programul-de-chirurgie-vasculara-de-garda-va-fi-preluat-de-Spitalul-SRI.jpg","datePublished":"2024-08-16T08:13:51+00:00","dateModified":"2024-08-16T08:13:52+00:00","description":"Programul de chirurgie vascular\u0103 de gard\u0103 de la Spitalul \u201eSf. Pantelimon\u201d va fi preluat de Spitalul SRI de la 1 septembrie.","breadcrumb":{"@id":"https:\/\/buletin.de\/bucuresti\/spitalul-sri-preia-chirurgia-vasculara-de-la-sf-pantelimon-din-septembrie\/#breadcrumb"},"inLanguage":"en-GB","potentialAction":[{"@type":"ReadAction","target":["https:\/\/buletin.de\/bucuresti\/spitalul-sri-preia-chirurgia-vasculara-de-la-sf-pantelimon-din-septembrie\/"]}]},{"@type":"ImageObject","inLanguage":"en-GB","@id":"https:\/\/buletin.de\/bucuresti\/spitalul-sri-preia-chirurgia-vasculara-de-la-sf-pantelimon-din-septembrie\/#primaryimage","url":"https:\/\/buletin.de\/bucuresti\/wp-content\/uploads\/Programul-de-chirurgie-vasculara-de-garda-va-fi-preluat-de-Spitalul-SRI.jpg","contentUrl":"https:\/\/buletin.de\/bucuresti\/wp-content\/uploads\/Programul-de-chirurgie-vasculara-de-garda-va-fi-preluat-de-Spitalul-SRI.jpg","width":1600,"height":1067,"caption":"Programul de chirurgie vasculara de garda va fi preluat de Spitalul SRI. FOTO: Inquam Photos\/George C\u0103lin"},{"@type":"BreadcrumbList","@id":"https:\/\/buletin.de\/bucuresti\/spitalul-sri-preia-chirurgia-vasculara-de-la-sf-pantelimon-din-septembrie\/#breadcrumb","itemListElement":[{"@type":"ListItem","position":1,"name":"Acas\u0103","item":"https:\/\/buletin.de\/bucuresti\/"},{"@type":"ListItem","position":2,"name":"Spitalul SRI preia chirurgia vascular\u0103 de la \u201eSf. Pantelimon\u201d, din septembrie"}]},{"@type":"WebSite","@id":"https:\/\/buletin.de\/bucuresti\/#website","url":"https:\/\/buletin.de\/bucuresti\/","name":"Buletin de Bucure\u0219ti","description":"\u0218tiri \u0219i investiga\u021bii esen\u021biale din capital\u0103","publisher":{"@id":"https:\/\/buletin.de\/bucuresti\/#organization"},"potentialAction":[{"@type":"SearchAction","target":{"@type":"EntryPoint","urlTemplate":"https:\/\/buletin.de\/bucuresti\/?s={search_term_string}"},"query-input":{"@type":"PropertyValueSpecification","valueRequired":true,"valueName":"search_term_string"}}],"inLanguage":"en-GB"},{"@type":"Organization","@id":"https:\/\/buletin.de\/bucuresti\/#organization","name":"Buletin de Bucure\u0219ti","url":"https:\/\/buletin.de\/bucuresti\/","logo":{"@type":"ImageObject","inLanguage":"en-GB","@id":"https:\/\/buletin.de\/bucuresti\/#\/schema\/logo\/image\/","url":"https:\/\/buletin.de\/bucuresti\/wp-content\/uploads\/logo-bdb-full-wide-vernil-transparent.png","contentUrl":"https:\/\/buletin.de\/bucuresti\/wp-content\/uploads\/logo-bdb-full-wide-vernil-transparent.png","width":1782,"height":626,"caption":"Buletin de Bucure\u0219ti"},"image":{"@id":"https:\/\/buletin.de\/bucuresti\/#\/schema\/logo\/image\/"},"sameAs":["https:\/\/www.facebook.com\/buletin.de.buc","https:\/\/www.instagram.com\/buletinde.bucuresti\/"]},{"@type":"Person","@id":"https:\/\/buletin.de\/bucuresti\/#\/schema\/person\/359459245996e200ed7c807f71f0551a","name":"Ana Anghel-Dimache","image":{"@type":"ImageObject","inLanguage":"en-GB","@id":"https:\/\/buletin.de\/bucuresti\/wp-content\/uploads\/Ana-Anghel-Dimache-96x96.jpg861145fc2c4f1fe57dc81b59a6cfb674","url":"https:\/\/buletin.de\/bucuresti\/wp-content\/uploads\/Ana-Anghel-Dimache-96x96.jpg","contentUrl":"https:\/\/buletin.de\/bucuresti\/wp-content\/uploads\/Ana-Anghel-Dimache-96x96.jpg","caption":"Ana Anghel-Dimache"},"description":"Sunt student\u0103 la jurnalism \u0219i m-am n\u0103scut \u00een Bucure\u0219ti, ora\u0219 plin de pove\u0219ti care merit\u0103 explorate. \u00cemi place s\u0103 scriu despre subiecte politice, de mediu \u0219i legate de transportul din Capital\u0103. \u00cencerc s\u0103 pictez o imagine c\u00e2t mai sincer\u0103 a realit\u0103\u021bii \u0219i sus\u021bin presa independent\u0103 pentru c\u0103 este esen\u021bial s\u0103 pot reda faptele \u00een formele lor adev\u0103rate.","url":"https:\/\/buletin.de\/bucuresti\/author\/ana-dimache\/"}]}},"authors":[{"term_id":22581,"user_id":58,"is_guest":0,"slug":"ana-dimache","display_name":"Ana Anghel-Dimache","avatar_url":"https:\/\/buletin.de\/bucuresti\/wp-content\/uploads\/Ana-Anghel-Dimache-96x96.jpg","0":null,"1":"","2":"","3":"","4":"","5":"","6":"","7":"","8":""}],"_links":{"self":[{"href":"https:\/\/buletin.de\/bucuresti\/wp-json\/wp\/v2\/posts\/94799","targetHints":{"allow":["GET"]}}],"collection":[{"href":"https:\/\/buletin.de\/bucuresti\/wp-json\/wp\/v2\/posts"}],"about":[{"href":"https:\/\/buletin.de\/bucuresti\/wp-json\/wp\/v2\/types\/post"}],"author":[{"embeddable":true,"href":"https:\/\/buletin.de\/bucuresti\/wp-json\/wp\/v2\/users\/58"}],"replies":[{"embeddable":true,"href":"https:\/\/buletin.de\/bucuresti\/wp-json\/wp\/v2\/comments?post=94799"}],"version-history":[{"count":3,"href":"https:\/\/buletin.de\/bucuresti\/wp-json\/wp\/v2\/posts\/94799\/revisions"}],"predecessor-version":[{"id":94803,"href":"https:\/\/buletin.de\/bucuresti\/wp-json\/wp\/v2\/posts\/94799\/revisions\/94803"}],"wp:featuredmedia":[{"embeddable":true,"href":"https:\/\/buletin.de\/bucuresti\/wp-json\/wp\/v2\/media\/94801"}],"wp:attachment":[{"href":"https:\/\/buletin.de\/bucuresti\/wp-json\/wp\/v2\/media?parent=94799"}],"wp:term":[{"taxonomy":"category","embeddable":true,"href":"https:\/\/buletin.de\/bucuresti\/wp-json\/wp\/v2\/categories?post=94799"},{"taxonomy":"post_tag","embeddable":true,"href":"https:\/\/buletin.de\/bucuresti\/wp-json\/wp\/v2\/tags?post=94799"},{"taxonomy":"author","embeddable":true,"href":"https:\/\/buletin.de\/bucuresti\/wp-json\/wp\/v2\/ppma_author?post=94799"}],"curies":[{"name":"wp","href":"https:\/\/api.w.org\/{rel}","templated":true}]}}