{"id":94739,"date":"2024-08-15T10:00:15","date_gmt":"2024-08-15T07:00:15","guid":{"rendered":"https:\/\/buletin.de\/bucuresti\/?p=94739"},"modified":"2024-08-15T10:02:15","modified_gmt":"2024-08-15T07:02:15","slug":"plimbari-gratuite-cu-vaporasul-in-parcul-herastrau-de-ziua-marinei","status":"publish","type":"post","link":"https:\/\/buletin.de\/bucuresti\/plimbari-gratuite-cu-vaporasul-in-parcul-herastrau-de-ziua-marinei\/","title":{"rendered":"Plimb\u0103ri gratuite cu vapora\u0219ul \u00een Parcul Her\u0103str\u0103u, de Ziua Marinei"},"content":{"rendered":"\n<p><strong>Plimb\u0103ri gratuite cu vapora\u0219ul \u00een Parcul Her\u0103str\u0103u, pe 15 august, de Ziua Marinei \u0219i s\u0103rb\u0103toarea Sfintei Maria, \u201eocrotitoarea marinarilor de pretutindeni\u201d.<\/strong><\/p>\n\n\n\n<p><strong>Statul Major al For\u021belor Navale \u0219i ALPAB au organizat un eveniment militar-religios \u00een Parcul \u201eRegele Mihai I\u201d.<\/strong><\/p>\n\n\n\n<p>Evenimentul a avut loc la Monumentul Eroilor Marinari, zona Debarcader Central.<\/p>\n\n\n\n<p>\u00centre orele 11:00 \u0219i 13:00, cei prezen\u021bi \u00een Parcul Her\u0103str\u0103u vor putea face plimb\u0103ri gratuite pe lac cu vapora\u0219ul, <a href=\"https:\/\/www.facebook.com\/share\/p\/eAmYFWo5YsdsV6dJ\/\">anun\u021b\u0103 Nicu\u0219or Dan pe Facebook<\/a>,.<\/p>\n\n\n\n<p>CITE\u0218TE \u0218I: <strong><a href=\"https:\/\/buletin.de\/bucuresti\/inscrieri-la-cupa-sectorului-3\/\">\u00censcrieri la \u201eCupa Sectorului 3\u201d. Competi\u021bia se desf\u0103\u0219oar\u0103 \u00een septembrie<\/a><\/strong><\/p>\n\n\n\n<h2 class=\"wp-block-heading\" id=\"h-evenimente-in-bucure\u0219ti-in-weekend-strazi-deschise\"><strong>Evenimente \u00een Bucure\u0219ti \u00een weekend. Str\u0103zi deschise<\/strong><\/h2>\n\n\n\n<p>Str\u0103zi deschise \u2013 Promenad\u0103 urban\u0103 urban\u0103 revine, \u00een weekendul 17-18 august, cu noi evenimente cultural-artistice, ateliere creative pentru copii \u0219i expozi\u021bii de art\u0103 contemporan\u0103.<\/p>\n\n\n\n<p>S\u00e2mb\u0103t\u0103, 17 august, oamenii sunt a\u0219tepta\u021bi \u00eentre orele 10:00 \u0219i 17:30 la Muzeul Municipiului Bucure\u0219ti \u2013 Casa Filipescu-Cesianu, situat pe Calea Victoriei nr. 110, pentru a vizita expozi\u021biile permanente \u201eMuzeul V\u00e2rstelor \u2013 de la copil\u0103rie la senectute\u201d \u0219i \u201e\u00cen apropierea sfin\u021bilor. Frescele M\u0103n\u0103stirii V\u0103c\u0103re\u0219ti dup\u0103 40 de ani\u201d.&nbsp;<\/p>\n\n\n\n<p>La ora 11:00, \u00een zona magazinului Max Mara, va avea loc atelierul creativ \u201eLa pove\u0219ti pe Calea Victoriei\u201d, coordonat de Iulia Iordan \u0219i Monica Bumbe\u0219.&nbsp;<\/p>\n\n\n\n<p>De asemenea, \u00eentre orele 17:00 \u0219i 21:00, \u00een aceea\u0219i zon\u0103, caricaturistul Vasile Catrina va realiza caricaturi.<\/p>\n\n\n\n<p>Duminic\u0103, 18 august, vizitatorii sunt a\u0219tepta\u021bi \u00eentre orele 10:00 \u0219i 17:30 la Muzeul Municipiului Bucure\u0219ti \u2013 Casa Filipescu-Cesianu pentru a vizita acelea\u0219i expozi\u021bii.&nbsp;<\/p>\n\n\n\n<p>\u00cen plus, \u00eentre orele 10:00 \u0219i 16:00, Vasile Catrina va realiza din nou caricaturi \u00een zona magazinului Max Mara.<\/p>\n\n\n\n<p>Proiectul \u201eStr\u0103zi deschise, Bucure\u0219ti \u2013 Promenad\u0103 urban\u0103\u201d este organizat de Prim\u0103ria Capitalei, prin Direc\u021bia Cultur\u0103, \u00cenv\u0103\u021b\u0103m\u00e2nt, Turism, al\u0103turi de ARCUB \u2013 Centrul Cultural al Municipiului Bucure\u0219ti \u0219i PROEDUS \u2013 Centrul de Proiecte Educa\u021bionale \u0219i Sportive al Municipiului Bucure\u0219ti.<\/p>\n\n\n\n<p>CITE\u0218TE \u0218I: <strong><a href=\"https:\/\/buletin.de\/bucuresti\/zece-linii-stb-modificate\/\">10 linii STB modificate pentru evenimentul sportiv \u201eTurul Rom\u00e2niei 2024 \u2013 etapa 5\u201d<\/a><\/strong><\/p>\n\n\n\n<h2 class=\"wp-block-heading\" id=\"h-evenimente-in-bucure\u0219ti-50-cent-la-summer-in-the-city\"><strong>Evenimente \u00een Bucure\u0219ti. 50 Cent la \u201eSummer in the City\u201d<\/strong><\/h2>\n\n\n\n<p>50 Cent, vedet\u0103 a hip-hop-ului interna\u0163ional, este capul de afi\u0219 al evenimentului.<\/p>\n\n\n\n<p>\u201eSummer in the City\u201c va avea loc pe 18 august \u00een Bucure\u015fti, la Romaero iar 50 Cent va interpreta live c\u00e2teva dintre cele mai faimoase hit-uri ale sale: \u201eIn Da Club\u201d, \u201eCandy Shop\u201d, \u201eJust a Lil Bit\u201d. Al\u0103turi de 50 Cent, vor c\u00e2nta arti\u0219ti din hip-hop-ul local, primul confirmat fiind Puya.<\/p>\n\n\n\n<p>Spectacolul de la Bucure\u015fti face parte din turneul global \u201eThe Final Lap Tour\u201d al 50 Cent, care cuprinde peste 103 spectacole \u00een 35 de \u0163\u0103ri. Turneul a \u00eenceput \u00een America de Nord apoi a continuat \u00een Europa \u015fi Australia, \u00eenregistr\u00e2nd peste un milion de bilete v\u00e2ndute, fiind sold-out \u00een majoritatea \u0163\u0103rilor.<\/p>\n\n\n\n<p>CITE\u0218TE \u0218I: <strong><a href=\"https:\/\/buletin.de\/bucuresti\/sector-2-130-000-de-pubele-distribuite-la-blocuri-si-case\/\">Sector 2 | 130.000 de pubele distribuite la blocuri \u0219i case<\/a><\/strong><\/p>\n","protected":false},"excerpt":{"rendered":"<p>Plimb\u0103ri gratuite cu vapora\u0219ul \u00een Parcul Her\u0103str\u0103u, pe 15 august, de Ziua Marinei \u0219i s\u0103rb\u0103toarea Sfintei Maria, \u201eocrotitoarea marinarilor de pretutindeni\u201d. Statul Major al For\u021belor Navale \u0219i ALPAB au organizat un eveniment militar-religios \u00een Parcul \u201eRegele Mihai I\u201d. Evenimentul a avut loc la Monumentul Eroilor Marinari, zona Debarcader Central. \u00centre orele 11:00 \u0219i 13:00, cei [&hellip;]<\/p>\n","protected":false},"author":58,"featured_media":94741,"comment_status":"closed","ping_status":"open","sticky":false,"template":"","format":"standard","meta":{"_acf_changed":false,"inline_featured_image":false,"ngg_post_thumbnail":0,"footnotes":""},"categories":[6994,9026,62],"tags":[2063,14269,7540,14268,225,14270,14271],"ppma_author":[22581],"class_list":["post-94739","post","type-post","status-publish","format-standard","has-post-thumbnail","hentry","category-stiri-2","category-eveniment","category-stiri","tag-bucuresti-2","tag-parcul-regele-mihai-i-2","tag-parcul-herastrau-2","tag-plimbari-cu-vaporasul-2","tag-primar","tag-sfanta-maria-2","tag-ziua-marinei"],"acf":[],"yoast_head":"<!-- This site is optimized with the Yoast SEO Premium plugin v25.3 (Yoast SEO v27.4) - https:\/\/yoast.com\/product\/yoast-seo-premium-wordpress\/ -->\n<title>Plimb\u0103ri gratuite cu vapora\u0219ul \u00een Parcul Her\u0103str\u0103u, de Ziua Marinei - Buletin de Bucure\u0219ti<\/title>\n<meta name=\"description\" content=\"Plimb\u0103ri gratuite cu vapora\u0219ul \u00een Parcul Her\u0103str\u0103u, pe 15 august, de Ziua Marinei \u0219i s\u0103rb\u0103toarea Sfintei Maria.\" \/>\n<meta name=\"robots\" content=\"index, follow, max-snippet:-1, max-image-preview:large, max-video-preview:-1\" \/>\n<link rel=\"canonical\" href=\"https:\/\/buletin.de\/bucuresti\/plimbari-gratuite-cu-vaporasul-in-parcul-herastrau-de-ziua-marinei\/\" \/>\n<meta property=\"og:locale\" content=\"en_GB\" \/>\n<meta property=\"og:type\" content=\"article\" \/>\n<meta property=\"og:title\" content=\"Plimb\u0103ri gratuite cu vapora\u0219ul \u00een Parcul Her\u0103str\u0103u, de Ziua Marinei\" \/>\n<meta property=\"og:description\" content=\"Plimb\u0103ri gratuite cu vapora\u0219ul \u00een Parcul Her\u0103str\u0103u, pe 15 august, de Ziua Marinei \u0219i s\u0103rb\u0103toarea Sfintei Maria.\" \/>\n<meta property=\"og:url\" content=\"https:\/\/buletin.de\/bucuresti\/plimbari-gratuite-cu-vaporasul-in-parcul-herastrau-de-ziua-marinei\/\" \/>\n<meta property=\"og:site_name\" content=\"Buletin de Bucure\u0219ti\" \/>\n<meta property=\"article:publisher\" content=\"https:\/\/www.facebook.com\/buletin.de.buc\" \/>\n<meta property=\"article:published_time\" content=\"2024-08-15T07:00:15+00:00\" \/>\n<meta property=\"article:modified_time\" content=\"2024-08-15T07:02:15+00:00\" \/>\n<meta property=\"og:image\" content=\"https:\/\/buletin.de\/bucuresti\/wp-content\/uploads\/Plimbari-pe-Lacul-Herastrau.jpg\" \/>\n\t<meta property=\"og:image:width\" content=\"900\" \/>\n\t<meta property=\"og:image:height\" content=\"506\" \/>\n\t<meta property=\"og:image:type\" content=\"image\/jpeg\" \/>\n<meta name=\"author\" content=\"Ana Anghel-Dimache\" \/>\n<meta name=\"twitter:card\" content=\"summary_large_image\" \/>\n<meta name=\"twitter:label1\" content=\"Written by\" \/>\n\t<meta name=\"twitter:data1\" content=\"Ana Anghel-Dimache\" \/>\n\t<meta name=\"twitter:label2\" content=\"Estimated reading time\" \/>\n\t<meta name=\"twitter:data2\" content=\"3 minutes\" \/>\n<script type=\"application\/ld+json\" class=\"yoast-schema-graph\">{\"@context\":\"https:\\\/\\\/schema.org\",\"@graph\":[{\"@type\":\"Article\",\"@id\":\"https:\\\/\\\/buletin.de\\\/bucuresti\\\/plimbari-gratuite-cu-vaporasul-in-parcul-herastrau-de-ziua-marinei\\\/#article\",\"isPartOf\":{\"@id\":\"https:\\\/\\\/buletin.de\\\/bucuresti\\\/plimbari-gratuite-cu-vaporasul-in-parcul-herastrau-de-ziua-marinei\\\/\"},\"author\":{\"name\":\"Ana Anghel-Dimache\",\"@id\":\"https:\\\/\\\/buletin.de\\\/bucuresti\\\/#\\\/schema\\\/person\\\/359459245996e200ed7c807f71f0551a\"},\"headline\":\"Plimb\u0103ri gratuite cu vapora\u0219ul \u00een Parcul Her\u0103str\u0103u, de Ziua Marinei\",\"datePublished\":\"2024-08-15T07:00:15+00:00\",\"dateModified\":\"2024-08-15T07:02:15+00:00\",\"mainEntityOfPage\":{\"@id\":\"https:\\\/\\\/buletin.de\\\/bucuresti\\\/plimbari-gratuite-cu-vaporasul-in-parcul-herastrau-de-ziua-marinei\\\/\"},\"wordCount\":479,\"publisher\":{\"@id\":\"https:\\\/\\\/buletin.de\\\/bucuresti\\\/#organization\"},\"image\":{\"@id\":\"https:\\\/\\\/buletin.de\\\/bucuresti\\\/plimbari-gratuite-cu-vaporasul-in-parcul-herastrau-de-ziua-marinei\\\/#primaryimage\"},\"thumbnailUrl\":\"https:\\\/\\\/buletin.de\\\/bucuresti\\\/wp-content\\\/uploads\\\/Plimbari-pe-Lacul-Herastrau.jpg\",\"keywords\":[\"Bucure\u0219ti\",\"Parcul \u201eRegele Mihai I\u201d\",\"Parcul Her\u0103str\u0103u\",\"plimb\u0103ri cu vapora\u0219ul\",\"primar\",\"Sf\u00e2nta MAria\",\"Ziua Marinei\"],\"articleSection\":[\"Articole\",\"Eveniment\",\"\u0218tiri\"],\"inLanguage\":\"en-GB\",\"copyrightYear\":\"2024\",\"copyrightHolder\":{\"@id\":\"https:\\\/\\\/buletin.de\\\/bucuresti\\\/#organization\"}},{\"@type\":\"WebPage\",\"@id\":\"https:\\\/\\\/buletin.de\\\/bucuresti\\\/plimbari-gratuite-cu-vaporasul-in-parcul-herastrau-de-ziua-marinei\\\/\",\"url\":\"https:\\\/\\\/buletin.de\\\/bucuresti\\\/plimbari-gratuite-cu-vaporasul-in-parcul-herastrau-de-ziua-marinei\\\/\",\"name\":\"Plimb\u0103ri gratuite cu vapora\u0219ul \u00een Parcul Her\u0103str\u0103u, de Ziua Marinei - Buletin de Bucure\u0219ti\",\"isPartOf\":{\"@id\":\"https:\\\/\\\/buletin.de\\\/bucuresti\\\/#website\"},\"primaryImageOfPage\":{\"@id\":\"https:\\\/\\\/buletin.de\\\/bucuresti\\\/plimbari-gratuite-cu-vaporasul-in-parcul-herastrau-de-ziua-marinei\\\/#primaryimage\"},\"image\":{\"@id\":\"https:\\\/\\\/buletin.de\\\/bucuresti\\\/plimbari-gratuite-cu-vaporasul-in-parcul-herastrau-de-ziua-marinei\\\/#primaryimage\"},\"thumbnailUrl\":\"https:\\\/\\\/buletin.de\\\/bucuresti\\\/wp-content\\\/uploads\\\/Plimbari-pe-Lacul-Herastrau.jpg\",\"datePublished\":\"2024-08-15T07:00:15+00:00\",\"dateModified\":\"2024-08-15T07:02:15+00:00\",\"description\":\"Plimb\u0103ri gratuite cu vapora\u0219ul \u00een Parcul Her\u0103str\u0103u, pe 15 august, de Ziua Marinei \u0219i s\u0103rb\u0103toarea Sfintei Maria.\",\"breadcrumb\":{\"@id\":\"https:\\\/\\\/buletin.de\\\/bucuresti\\\/plimbari-gratuite-cu-vaporasul-in-parcul-herastrau-de-ziua-marinei\\\/#breadcrumb\"},\"inLanguage\":\"en-GB\",\"potentialAction\":[{\"@type\":\"ReadAction\",\"target\":[\"https:\\\/\\\/buletin.de\\\/bucuresti\\\/plimbari-gratuite-cu-vaporasul-in-parcul-herastrau-de-ziua-marinei\\\/\"]}]},{\"@type\":\"ImageObject\",\"inLanguage\":\"en-GB\",\"@id\":\"https:\\\/\\\/buletin.de\\\/bucuresti\\\/plimbari-gratuite-cu-vaporasul-in-parcul-herastrau-de-ziua-marinei\\\/#primaryimage\",\"url\":\"https:\\\/\\\/buletin.de\\\/bucuresti\\\/wp-content\\\/uploads\\\/Plimbari-pe-Lacul-Herastrau.jpg\",\"contentUrl\":\"https:\\\/\\\/buletin.de\\\/bucuresti\\\/wp-content\\\/uploads\\\/Plimbari-pe-Lacul-Herastrau.jpg\",\"width\":900,\"height\":506,\"caption\":\"Plimb\u0103ri gratuite cu vapora\u0219ul \u00een Parcul Her\u0103str\u0103u. FOTO: FB \\\/ Nicu\u0219or Dan\"},{\"@type\":\"BreadcrumbList\",\"@id\":\"https:\\\/\\\/buletin.de\\\/bucuresti\\\/plimbari-gratuite-cu-vaporasul-in-parcul-herastrau-de-ziua-marinei\\\/#breadcrumb\",\"itemListElement\":[{\"@type\":\"ListItem\",\"position\":1,\"name\":\"Acas\u0103\",\"item\":\"https:\\\/\\\/buletin.de\\\/bucuresti\\\/\"},{\"@type\":\"ListItem\",\"position\":2,\"name\":\"Plimb\u0103ri gratuite cu vapora\u0219ul \u00een Parcul Her\u0103str\u0103u, de Ziua Marinei\"}]},{\"@type\":\"WebSite\",\"@id\":\"https:\\\/\\\/buletin.de\\\/bucuresti\\\/#website\",\"url\":\"https:\\\/\\\/buletin.de\\\/bucuresti\\\/\",\"name\":\"Buletin de Bucure\u0219ti\",\"description\":\"\u0218tiri \u0219i investiga\u021bii esen\u021biale din capital\u0103\",\"publisher\":{\"@id\":\"https:\\\/\\\/buletin.de\\\/bucuresti\\\/#organization\"},\"potentialAction\":[{\"@type\":\"SearchAction\",\"target\":{\"@type\":\"EntryPoint\",\"urlTemplate\":\"https:\\\/\\\/buletin.de\\\/bucuresti\\\/?s={search_term_string}\"},\"query-input\":{\"@type\":\"PropertyValueSpecification\",\"valueRequired\":true,\"valueName\":\"search_term_string\"}}],\"inLanguage\":\"en-GB\"},{\"@type\":\"Organization\",\"@id\":\"https:\\\/\\\/buletin.de\\\/bucuresti\\\/#organization\",\"name\":\"Buletin de Bucure\u0219ti\",\"url\":\"https:\\\/\\\/buletin.de\\\/bucuresti\\\/\",\"logo\":{\"@type\":\"ImageObject\",\"inLanguage\":\"en-GB\",\"@id\":\"https:\\\/\\\/buletin.de\\\/bucuresti\\\/#\\\/schema\\\/logo\\\/image\\\/\",\"url\":\"https:\\\/\\\/buletin.de\\\/bucuresti\\\/wp-content\\\/uploads\\\/logo-bdb-full-wide-vernil-transparent.png\",\"contentUrl\":\"https:\\\/\\\/buletin.de\\\/bucuresti\\\/wp-content\\\/uploads\\\/logo-bdb-full-wide-vernil-transparent.png\",\"width\":1782,\"height\":626,\"caption\":\"Buletin de Bucure\u0219ti\"},\"image\":{\"@id\":\"https:\\\/\\\/buletin.de\\\/bucuresti\\\/#\\\/schema\\\/logo\\\/image\\\/\"},\"sameAs\":[\"https:\\\/\\\/www.facebook.com\\\/buletin.de.buc\",\"https:\\\/\\\/www.instagram.com\\\/buletinde.bucuresti\\\/\"]},{\"@type\":\"Person\",\"@id\":\"https:\\\/\\\/buletin.de\\\/bucuresti\\\/#\\\/schema\\\/person\\\/359459245996e200ed7c807f71f0551a\",\"name\":\"Ana Anghel-Dimache\",\"image\":{\"@type\":\"ImageObject\",\"inLanguage\":\"en-GB\",\"@id\":\"https:\\\/\\\/buletin.de\\\/bucuresti\\\/wp-content\\\/uploads\\\/Ana-Anghel-Dimache-96x96.jpg861145fc2c4f1fe57dc81b59a6cfb674\",\"url\":\"https:\\\/\\\/buletin.de\\\/bucuresti\\\/wp-content\\\/uploads\\\/Ana-Anghel-Dimache-96x96.jpg\",\"contentUrl\":\"https:\\\/\\\/buletin.de\\\/bucuresti\\\/wp-content\\\/uploads\\\/Ana-Anghel-Dimache-96x96.jpg\",\"caption\":\"Ana Anghel-Dimache\"},\"description\":\"Sunt student\u0103 la jurnalism \u0219i m-am n\u0103scut \u00een Bucure\u0219ti, ora\u0219 plin de pove\u0219ti care merit\u0103 explorate. \u00cemi place s\u0103 scriu despre subiecte politice, de mediu \u0219i legate de transportul din Capital\u0103. \u00cencerc s\u0103 pictez o imagine c\u00e2t mai sincer\u0103 a realit\u0103\u021bii \u0219i sus\u021bin presa independent\u0103 pentru c\u0103 este esen\u021bial s\u0103 pot reda faptele \u00een formele lor adev\u0103rate.\",\"url\":\"https:\\\/\\\/buletin.de\\\/bucuresti\\\/author\\\/ana-dimache\\\/\"}]}<\/script>\n<!-- \/ Yoast SEO Premium plugin. -->","yoast_head_json":{"title":"Plimb\u0103ri gratuite cu vapora\u0219ul \u00een Parcul Her\u0103str\u0103u, de Ziua Marinei - Buletin de Bucure\u0219ti","description":"Plimb\u0103ri gratuite cu vapora\u0219ul \u00een Parcul Her\u0103str\u0103u, pe 15 august, de Ziua Marinei \u0219i s\u0103rb\u0103toarea Sfintei Maria.","robots":{"index":"index","follow":"follow","max-snippet":"max-snippet:-1","max-image-preview":"max-image-preview:large","max-video-preview":"max-video-preview:-1"},"canonical":"https:\/\/buletin.de\/bucuresti\/plimbari-gratuite-cu-vaporasul-in-parcul-herastrau-de-ziua-marinei\/","og_locale":"en_GB","og_type":"article","og_title":"Plimb\u0103ri gratuite cu vapora\u0219ul \u00een Parcul Her\u0103str\u0103u, de Ziua Marinei","og_description":"Plimb\u0103ri gratuite cu vapora\u0219ul \u00een Parcul Her\u0103str\u0103u, pe 15 august, de Ziua Marinei \u0219i s\u0103rb\u0103toarea Sfintei Maria.","og_url":"https:\/\/buletin.de\/bucuresti\/plimbari-gratuite-cu-vaporasul-in-parcul-herastrau-de-ziua-marinei\/","og_site_name":"Buletin de Bucure\u0219ti","article_publisher":"https:\/\/www.facebook.com\/buletin.de.buc","article_published_time":"2024-08-15T07:00:15+00:00","article_modified_time":"2024-08-15T07:02:15+00:00","og_image":[{"width":900,"height":506,"url":"https:\/\/buletin.de\/bucuresti\/wp-content\/uploads\/Plimbari-pe-Lacul-Herastrau.jpg","type":"image\/jpeg"}],"author":"Ana Anghel-Dimache","twitter_card":"summary_large_image","twitter_misc":{"Written by":"Ana Anghel-Dimache","Estimated reading time":"3 minutes"},"schema":{"@context":"https:\/\/schema.org","@graph":[{"@type":"Article","@id":"https:\/\/buletin.de\/bucuresti\/plimbari-gratuite-cu-vaporasul-in-parcul-herastrau-de-ziua-marinei\/#article","isPartOf":{"@id":"https:\/\/buletin.de\/bucuresti\/plimbari-gratuite-cu-vaporasul-in-parcul-herastrau-de-ziua-marinei\/"},"author":{"name":"Ana Anghel-Dimache","@id":"https:\/\/buletin.de\/bucuresti\/#\/schema\/person\/359459245996e200ed7c807f71f0551a"},"headline":"Plimb\u0103ri gratuite cu vapora\u0219ul \u00een Parcul Her\u0103str\u0103u, de Ziua Marinei","datePublished":"2024-08-15T07:00:15+00:00","dateModified":"2024-08-15T07:02:15+00:00","mainEntityOfPage":{"@id":"https:\/\/buletin.de\/bucuresti\/plimbari-gratuite-cu-vaporasul-in-parcul-herastrau-de-ziua-marinei\/"},"wordCount":479,"publisher":{"@id":"https:\/\/buletin.de\/bucuresti\/#organization"},"image":{"@id":"https:\/\/buletin.de\/bucuresti\/plimbari-gratuite-cu-vaporasul-in-parcul-herastrau-de-ziua-marinei\/#primaryimage"},"thumbnailUrl":"https:\/\/buletin.de\/bucuresti\/wp-content\/uploads\/Plimbari-pe-Lacul-Herastrau.jpg","keywords":["Bucure\u0219ti","Parcul \u201eRegele Mihai I\u201d","Parcul Her\u0103str\u0103u","plimb\u0103ri cu vapora\u0219ul","primar","Sf\u00e2nta MAria","Ziua Marinei"],"articleSection":["Articole","Eveniment","\u0218tiri"],"inLanguage":"en-GB","copyrightYear":"2024","copyrightHolder":{"@id":"https:\/\/buletin.de\/bucuresti\/#organization"}},{"@type":"WebPage","@id":"https:\/\/buletin.de\/bucuresti\/plimbari-gratuite-cu-vaporasul-in-parcul-herastrau-de-ziua-marinei\/","url":"https:\/\/buletin.de\/bucuresti\/plimbari-gratuite-cu-vaporasul-in-parcul-herastrau-de-ziua-marinei\/","name":"Plimb\u0103ri gratuite cu vapora\u0219ul \u00een Parcul Her\u0103str\u0103u, de Ziua Marinei - Buletin de Bucure\u0219ti","isPartOf":{"@id":"https:\/\/buletin.de\/bucuresti\/#website"},"primaryImageOfPage":{"@id":"https:\/\/buletin.de\/bucuresti\/plimbari-gratuite-cu-vaporasul-in-parcul-herastrau-de-ziua-marinei\/#primaryimage"},"image":{"@id":"https:\/\/buletin.de\/bucuresti\/plimbari-gratuite-cu-vaporasul-in-parcul-herastrau-de-ziua-marinei\/#primaryimage"},"thumbnailUrl":"https:\/\/buletin.de\/bucuresti\/wp-content\/uploads\/Plimbari-pe-Lacul-Herastrau.jpg","datePublished":"2024-08-15T07:00:15+00:00","dateModified":"2024-08-15T07:02:15+00:00","description":"Plimb\u0103ri gratuite cu vapora\u0219ul \u00een Parcul Her\u0103str\u0103u, pe 15 august, de Ziua Marinei \u0219i s\u0103rb\u0103toarea Sfintei Maria.","breadcrumb":{"@id":"https:\/\/buletin.de\/bucuresti\/plimbari-gratuite-cu-vaporasul-in-parcul-herastrau-de-ziua-marinei\/#breadcrumb"},"inLanguage":"en-GB","potentialAction":[{"@type":"ReadAction","target":["https:\/\/buletin.de\/bucuresti\/plimbari-gratuite-cu-vaporasul-in-parcul-herastrau-de-ziua-marinei\/"]}]},{"@type":"ImageObject","inLanguage":"en-GB","@id":"https:\/\/buletin.de\/bucuresti\/plimbari-gratuite-cu-vaporasul-in-parcul-herastrau-de-ziua-marinei\/#primaryimage","url":"https:\/\/buletin.de\/bucuresti\/wp-content\/uploads\/Plimbari-pe-Lacul-Herastrau.jpg","contentUrl":"https:\/\/buletin.de\/bucuresti\/wp-content\/uploads\/Plimbari-pe-Lacul-Herastrau.jpg","width":900,"height":506,"caption":"Plimb\u0103ri gratuite cu vapora\u0219ul \u00een Parcul Her\u0103str\u0103u. FOTO: FB \/ Nicu\u0219or Dan"},{"@type":"BreadcrumbList","@id":"https:\/\/buletin.de\/bucuresti\/plimbari-gratuite-cu-vaporasul-in-parcul-herastrau-de-ziua-marinei\/#breadcrumb","itemListElement":[{"@type":"ListItem","position":1,"name":"Acas\u0103","item":"https:\/\/buletin.de\/bucuresti\/"},{"@type":"ListItem","position":2,"name":"Plimb\u0103ri gratuite cu vapora\u0219ul \u00een Parcul Her\u0103str\u0103u, de Ziua Marinei"}]},{"@type":"WebSite","@id":"https:\/\/buletin.de\/bucuresti\/#website","url":"https:\/\/buletin.de\/bucuresti\/","name":"Buletin de Bucure\u0219ti","description":"\u0218tiri \u0219i investiga\u021bii esen\u021biale din capital\u0103","publisher":{"@id":"https:\/\/buletin.de\/bucuresti\/#organization"},"potentialAction":[{"@type":"SearchAction","target":{"@type":"EntryPoint","urlTemplate":"https:\/\/buletin.de\/bucuresti\/?s={search_term_string}"},"query-input":{"@type":"PropertyValueSpecification","valueRequired":true,"valueName":"search_term_string"}}],"inLanguage":"en-GB"},{"@type":"Organization","@id":"https:\/\/buletin.de\/bucuresti\/#organization","name":"Buletin de Bucure\u0219ti","url":"https:\/\/buletin.de\/bucuresti\/","logo":{"@type":"ImageObject","inLanguage":"en-GB","@id":"https:\/\/buletin.de\/bucuresti\/#\/schema\/logo\/image\/","url":"https:\/\/buletin.de\/bucuresti\/wp-content\/uploads\/logo-bdb-full-wide-vernil-transparent.png","contentUrl":"https:\/\/buletin.de\/bucuresti\/wp-content\/uploads\/logo-bdb-full-wide-vernil-transparent.png","width":1782,"height":626,"caption":"Buletin de Bucure\u0219ti"},"image":{"@id":"https:\/\/buletin.de\/bucuresti\/#\/schema\/logo\/image\/"},"sameAs":["https:\/\/www.facebook.com\/buletin.de.buc","https:\/\/www.instagram.com\/buletinde.bucuresti\/"]},{"@type":"Person","@id":"https:\/\/buletin.de\/bucuresti\/#\/schema\/person\/359459245996e200ed7c807f71f0551a","name":"Ana Anghel-Dimache","image":{"@type":"ImageObject","inLanguage":"en-GB","@id":"https:\/\/buletin.de\/bucuresti\/wp-content\/uploads\/Ana-Anghel-Dimache-96x96.jpg861145fc2c4f1fe57dc81b59a6cfb674","url":"https:\/\/buletin.de\/bucuresti\/wp-content\/uploads\/Ana-Anghel-Dimache-96x96.jpg","contentUrl":"https:\/\/buletin.de\/bucuresti\/wp-content\/uploads\/Ana-Anghel-Dimache-96x96.jpg","caption":"Ana Anghel-Dimache"},"description":"Sunt student\u0103 la jurnalism \u0219i m-am n\u0103scut \u00een Bucure\u0219ti, ora\u0219 plin de pove\u0219ti care merit\u0103 explorate. \u00cemi place s\u0103 scriu despre subiecte politice, de mediu \u0219i legate de transportul din Capital\u0103. \u00cencerc s\u0103 pictez o imagine c\u00e2t mai sincer\u0103 a realit\u0103\u021bii \u0219i sus\u021bin presa independent\u0103 pentru c\u0103 este esen\u021bial s\u0103 pot reda faptele \u00een formele lor adev\u0103rate.","url":"https:\/\/buletin.de\/bucuresti\/author\/ana-dimache\/"}]}},"authors":[{"term_id":22581,"user_id":58,"is_guest":0,"slug":"ana-dimache","display_name":"Ana Anghel-Dimache","avatar_url":"https:\/\/buletin.de\/bucuresti\/wp-content\/uploads\/Ana-Anghel-Dimache-96x96.jpg","0":null,"1":"","2":"","3":"","4":"","5":"","6":"","7":"","8":""}],"_links":{"self":[{"href":"https:\/\/buletin.de\/bucuresti\/wp-json\/wp\/v2\/posts\/94739","targetHints":{"allow":["GET"]}}],"collection":[{"href":"https:\/\/buletin.de\/bucuresti\/wp-json\/wp\/v2\/posts"}],"about":[{"href":"https:\/\/buletin.de\/bucuresti\/wp-json\/wp\/v2\/types\/post"}],"author":[{"embeddable":true,"href":"https:\/\/buletin.de\/bucuresti\/wp-json\/wp\/v2\/users\/58"}],"replies":[{"embeddable":true,"href":"https:\/\/buletin.de\/bucuresti\/wp-json\/wp\/v2\/comments?post=94739"}],"version-history":[{"count":3,"href":"https:\/\/buletin.de\/bucuresti\/wp-json\/wp\/v2\/posts\/94739\/revisions"}],"predecessor-version":[{"id":94746,"href":"https:\/\/buletin.de\/bucuresti\/wp-json\/wp\/v2\/posts\/94739\/revisions\/94746"}],"wp:featuredmedia":[{"embeddable":true,"href":"https:\/\/buletin.de\/bucuresti\/wp-json\/wp\/v2\/media\/94741"}],"wp:attachment":[{"href":"https:\/\/buletin.de\/bucuresti\/wp-json\/wp\/v2\/media?parent=94739"}],"wp:term":[{"taxonomy":"category","embeddable":true,"href":"https:\/\/buletin.de\/bucuresti\/wp-json\/wp\/v2\/categories?post=94739"},{"taxonomy":"post_tag","embeddable":true,"href":"https:\/\/buletin.de\/bucuresti\/wp-json\/wp\/v2\/tags?post=94739"},{"taxonomy":"author","embeddable":true,"href":"https:\/\/buletin.de\/bucuresti\/wp-json\/wp\/v2\/ppma_author?post=94739"}],"curies":[{"name":"wp","href":"https:\/\/api.w.org\/{rel}","templated":true}]}}