{"id":94716,"date":"2024-08-14T20:52:06","date_gmt":"2024-08-14T17:52:06","guid":{"rendered":"https:\/\/buletin.de\/bucuresti\/?p=94716"},"modified":"2024-08-14T20:53:37","modified_gmt":"2024-08-14T17:53:37","slug":"meciul-de-fotbal-rapid-dinamo","status":"publish","type":"post","link":"https:\/\/buletin.de\/bucuresti\/meciul-de-fotbal-rapid-dinamo\/","title":{"rendered":"Meciul de fotbal Rapid \u2013 Dinamo prelunge\u0219te programul pentru cinci linii STB"},"content":{"rendered":"\n<p><strong>Meciul de fotbal Rapid \u2013 Dinamo prelunge\u0219te programul pentru cinci linii STB. Liniile 11, 41, 44, 163 \u0219i 178\u00a0vor circula \u00een plus, duminic\u0103, 18 august, anun\u021b\u0103 <a href=\"https:\/\/tpbi.ro\/tpbi-prelungeste-programul-liniilor-11-41-44-163-si-178-pentru-meciul-de-fotbal-rapid-dinamo\/\">TPBI<\/a>.<\/strong><\/p>\n\n\n\n<p>Meciul de fotbal Rapid \u2013 Dinamo este programat de la ora 21:30, pe stadionul \u201eGiule\u0219ti\u201d.<\/p>\n\n\n\n<p>Potrivit Asocia\u021biei de Dezvoltare Intercomunitar\u0103 pentru Transport Public Bucure\u0219ti \u2013 Ilfov (TPBI), vehiculele celor cinci linii vor circula p\u00e2n\u0103 la urm\u0103toarele ore:<\/p>\n\n\n\n<ul class=\"wp-block-list\">\n<li>ultimul tramvai al&nbsp;<strong>liniei 11<\/strong>&nbsp;va pleca la&nbsp;<strong>ora 23.40<\/strong>&nbsp;de la cap\u0103tul \u201e16 Februarie\u201d c\u0103tre \u201eZe\u021barilor\u201d;<\/li>\n\n\n\n<li>ultimul tramvai al&nbsp;<strong>liniei 41<\/strong>&nbsp;va pleca la&nbsp;<strong>ora 23.40<\/strong>&nbsp;de la cap\u0103tul \u201ePia\u021ba Presei\u201d c\u0103tre \u201eGhencea\u201d;<\/li>\n\n\n\n<li>ultimul tramvai al&nbsp;<strong>liniei 44<\/strong>&nbsp;va pleca la&nbsp;<strong>ora 23.35<\/strong>&nbsp;de la cap\u0103tul \u201e16 Februarie\u201d c\u0103tre \u201eVasile P\u00e2rvan\u201d;<\/li>\n\n\n\n<li>ultimul autobuz al&nbsp;<strong>liniei 163<\/strong>&nbsp;va pleca la&nbsp;<strong>ora 23.30<\/strong>&nbsp;de la cap\u0103tul \u201eGiule\u0219ti S\u00e2rbi\u201d c\u0103tre \u201ePia\u021ba Operei\u201d;<\/li>\n\n\n\n<li>ultimul autobuz al&nbsp;<strong>liniei 178<\/strong>&nbsp;va pleca la&nbsp;<strong>ora 23.25<\/strong>&nbsp;de la cap\u0103tul \u201eSala Palatului\u201d c\u0103tre \u201eApusului\u201d.<\/li>\n<\/ul>\n\n\n\n<p><strong>CITE\u0218TE \u0218I:<\/strong> <a href=\"https:\/\/buletin.de\/bucuresti\/strazi-deschise-bucuresti-promenada-urbana\/\"><strong>Str\u0103zi deschise \u2013 Promenad\u0103 urban\u0103, spectacole \u0219i expozi\u021bii, \u00een centrul Capitalei<\/strong><\/a><\/p>\n\n\n\n<h2 class=\"wp-block-heading\" id=\"h-stb-ia-masuri-anticanicula-in-weekend\">STB ia m\u0103suri anticanicul\u0103, \u00een weekend<\/h2>\n\n\n\n<p><strong>STB cre\u0219te condi\u021biile de c\u0103l\u0103torie pe majoritatea traseelor din Bucure\u0219ti.<\/strong><\/p>\n\n\n\n<p>Potrivit companiei, \u00een perioada 15 \u2013 18 august, STB va scoate pe trasee preponderent mijloace de transport dotate cu aer condi\u021bionat. M\u0103sura este luat\u0103 \u00een condi\u021biile \u00een care sunt anun\u021bate, \u00een continuare temperaturi maxime mai mari de 35 de grade. <\/p>\n\n\n\n<p>De asemenea, vor circula mijloacele de transport noi: 98 troleibuze Solaris, 55 de autobuze electrice \u0219i 95 de tramvaie Imperio.<\/p>\n\n\n\n<p>STB precizeaz\u0103 c\u0103, acest interval de timp coincide cu perioada liberelor, date de s\u0103rb\u0103toarea legal\u0103 de Sf. Maria. \u00cen aceste condi\u021bii, se va circula cu un parc redus, specific zilelor de weekend.<\/p>\n\n\n\n<p>Vor circula 1278 vehicule, dintre care 884 sunt dotate cu instala\u021bii de AC func\u021bionale, respectiv:<\/p>\n\n\n\n<ul class=\"wp-block-list\">\n<li>236 tramvaie: din care 95 tramvaie Imperio, 17 tramvaie modernizate;<\/li>\n\n\n\n<li>178 troleibuze: 98 troleibuze Solaris \u0219i 11 troleibuze Astra Irisbus;<\/li>\n\n\n\n<li>864 autobuze: 55 de autobuze electrice, 130 Mercedes Hybrid.<\/li>\n<\/ul>\n\n\n\n<p>Vor circula 55 autobuze electrice, 130 de de autobuze Mercedes Hybrid. Mai mult, restul parcului auto va fi alc\u0103tuit din autobuze Otokar \u0219i Mercedes Euro 4, dotate cu sisteme de climatizare.<\/p>\n\n\n\n<p><strong>CITE\u0218TE \u0218I:<\/strong> <a href=\"https:\/\/buletin.de\/bucuresti\/in-minivacanta-de-sfanta-maria-mare-transportul-in-comun-va-functiona-pe-program-de-weekend\/\">\u00cen minivacan\u021ba de Sf\u00e2nta Maria Mare, transportul \u00een comun va func\u021biona pe program de weekend<\/a><\/p>\n","protected":false},"excerpt":{"rendered":"<p>Meciul de fotbal Rapid \u2013 Dinamo prelunge\u0219te programul pentru cinci linii STB. Liniile 11, 41, 44, 163 \u0219i 178\u00a0vor circula \u00een plus, duminic\u0103, 18 august, anun\u021b\u0103 TPBI. Meciul de fotbal Rapid \u2013 Dinamo este programat de la ora 21:30, pe stadionul \u201eGiule\u0219ti\u201d. Potrivit Asocia\u021biei de Dezvoltare Intercomunitar\u0103 pentru Transport Public Bucure\u0219ti \u2013 Ilfov (TPBI), vehiculele [&hellip;]<\/p>\n","protected":false},"author":49,"featured_media":94723,"comment_status":"closed","ping_status":"open","sticky":false,"template":"","format":"standard","meta":{"_acf_changed":false,"inline_featured_image":false,"ngg_post_thumbnail":0,"footnotes":""},"categories":[6994,62,650],"tags":[10157,1494,6026,14105,14259,2842],"ppma_author":[22574],"class_list":["post-94716","post","type-post","status-publish","format-standard","has-post-thumbnail","hentry","category-stiri-2","category-stiri","category-transport","tag-linia-178","tag-linia-41","tag-linia-44","tag-program-prelungit-stb","tag-rapid-dinamo","tag-tpbi"],"acf":[],"yoast_head":"<!-- This site is optimized with the Yoast SEO Premium plugin v25.3 (Yoast SEO v27.4) - https:\/\/yoast.com\/product\/yoast-seo-premium-wordpress\/ -->\n<title>Meciul de fotbal Rapid \u2013 Dinamo prelunge\u0219te programul pentru cinci linii STB - Buletin de Bucure\u0219ti<\/title>\n<meta name=\"description\" content=\"Meciul de fotbal Rapid \u2013 Dinamo prelunge\u0219te programul pentru cinci linii STB. Liniile 11, 41, 44, 163 \u0219i 178 vor circula \u00een plus, duminic\u0103\/\" \/>\n<meta name=\"robots\" content=\"index, follow, max-snippet:-1, max-image-preview:large, max-video-preview:-1\" \/>\n<link rel=\"canonical\" href=\"https:\/\/buletin.de\/bucuresti\/meciul-de-fotbal-rapid-dinamo\/\" \/>\n<meta property=\"og:locale\" content=\"en_GB\" \/>\n<meta property=\"og:type\" content=\"article\" \/>\n<meta property=\"og:title\" content=\"Meciul de fotbal Rapid \u2013 Dinamo prelunge\u0219te programul pentru cinci linii STB\" \/>\n<meta property=\"og:description\" content=\"Meciul de fotbal Rapid \u2013 Dinamo prelunge\u0219te programul pentru cinci linii STB. Liniile 11, 41, 44, 163 \u0219i 178 vor circula \u00een plus, duminic\u0103\/\" \/>\n<meta property=\"og:url\" content=\"https:\/\/buletin.de\/bucuresti\/meciul-de-fotbal-rapid-dinamo\/\" \/>\n<meta property=\"og:site_name\" content=\"Buletin de Bucure\u0219ti\" \/>\n<meta property=\"article:publisher\" content=\"https:\/\/www.facebook.com\/buletin.de.buc\" \/>\n<meta property=\"article:published_time\" content=\"2024-08-14T17:52:06+00:00\" \/>\n<meta property=\"article:modified_time\" content=\"2024-08-14T17:53:37+00:00\" \/>\n<meta property=\"og:image\" content=\"https:\/\/buletin.de\/bucuresti\/wp-content\/uploads\/stadion-giulesti-900x569.png\" \/>\n\t<meta property=\"og:image:width\" content=\"900\" \/>\n\t<meta property=\"og:image:height\" content=\"569\" \/>\n\t<meta property=\"og:image:type\" content=\"image\/png\" \/>\n<meta name=\"author\" content=\"Diana Matei\" \/>\n<meta name=\"twitter:card\" content=\"summary_large_image\" \/>\n<meta name=\"twitter:label1\" content=\"Written by\" \/>\n\t<meta name=\"twitter:data1\" content=\"Diana Matei\" \/>\n\t<meta name=\"twitter:label2\" content=\"Estimated reading time\" \/>\n\t<meta name=\"twitter:data2\" content=\"2 minutes\" \/>\n<script type=\"application\/ld+json\" class=\"yoast-schema-graph\">{\"@context\":\"https:\\\/\\\/schema.org\",\"@graph\":[{\"@type\":\"Article\",\"@id\":\"https:\\\/\\\/buletin.de\\\/bucuresti\\\/meciul-de-fotbal-rapid-dinamo\\\/#article\",\"isPartOf\":{\"@id\":\"https:\\\/\\\/buletin.de\\\/bucuresti\\\/meciul-de-fotbal-rapid-dinamo\\\/\"},\"author\":{\"name\":\"Diana Matei\",\"@id\":\"https:\\\/\\\/buletin.de\\\/bucuresti\\\/#\\\/schema\\\/person\\\/7e46040573290777280a0835d81ea4ea\"},\"headline\":\"Meciul de fotbal Rapid \u2013 Dinamo prelunge\u0219te programul pentru cinci linii STB\",\"datePublished\":\"2024-08-14T17:52:06+00:00\",\"dateModified\":\"2024-08-14T17:53:37+00:00\",\"mainEntityOfPage\":{\"@id\":\"https:\\\/\\\/buletin.de\\\/bucuresti\\\/meciul-de-fotbal-rapid-dinamo\\\/\"},\"wordCount\":398,\"publisher\":{\"@id\":\"https:\\\/\\\/buletin.de\\\/bucuresti\\\/#organization\"},\"image\":{\"@id\":\"https:\\\/\\\/buletin.de\\\/bucuresti\\\/meciul-de-fotbal-rapid-dinamo\\\/#primaryimage\"},\"thumbnailUrl\":\"https:\\\/\\\/buletin.de\\\/bucuresti\\\/wp-content\\\/uploads\\\/stadion-giulesti.png\",\"keywords\":[\"linia 178\",\"linia 41\",\"linia 44\",\"Program prelungit STB\",\"Rapid-Dinamo\",\"tpbi\"],\"articleSection\":[\"Articole\",\"\u0218tiri\",\"Transport\"],\"inLanguage\":\"en-GB\",\"copyrightYear\":\"2024\",\"copyrightHolder\":{\"@id\":\"https:\\\/\\\/buletin.de\\\/bucuresti\\\/#organization\"}},{\"@type\":\"WebPage\",\"@id\":\"https:\\\/\\\/buletin.de\\\/bucuresti\\\/meciul-de-fotbal-rapid-dinamo\\\/\",\"url\":\"https:\\\/\\\/buletin.de\\\/bucuresti\\\/meciul-de-fotbal-rapid-dinamo\\\/\",\"name\":\"Meciul de fotbal Rapid \u2013 Dinamo prelunge\u0219te programul pentru cinci linii STB - Buletin de Bucure\u0219ti\",\"isPartOf\":{\"@id\":\"https:\\\/\\\/buletin.de\\\/bucuresti\\\/#website\"},\"primaryImageOfPage\":{\"@id\":\"https:\\\/\\\/buletin.de\\\/bucuresti\\\/meciul-de-fotbal-rapid-dinamo\\\/#primaryimage\"},\"image\":{\"@id\":\"https:\\\/\\\/buletin.de\\\/bucuresti\\\/meciul-de-fotbal-rapid-dinamo\\\/#primaryimage\"},\"thumbnailUrl\":\"https:\\\/\\\/buletin.de\\\/bucuresti\\\/wp-content\\\/uploads\\\/stadion-giulesti.png\",\"datePublished\":\"2024-08-14T17:52:06+00:00\",\"dateModified\":\"2024-08-14T17:53:37+00:00\",\"description\":\"Meciul de fotbal Rapid \u2013 Dinamo prelunge\u0219te programul pentru cinci linii STB. Liniile 11, 41, 44, 163 \u0219i 178 vor circula \u00een plus, duminic\u0103\\\/\",\"breadcrumb\":{\"@id\":\"https:\\\/\\\/buletin.de\\\/bucuresti\\\/meciul-de-fotbal-rapid-dinamo\\\/#breadcrumb\"},\"inLanguage\":\"en-GB\",\"potentialAction\":[{\"@type\":\"ReadAction\",\"target\":[\"https:\\\/\\\/buletin.de\\\/bucuresti\\\/meciul-de-fotbal-rapid-dinamo\\\/\"]}]},{\"@type\":\"ImageObject\",\"inLanguage\":\"en-GB\",\"@id\":\"https:\\\/\\\/buletin.de\\\/bucuresti\\\/meciul-de-fotbal-rapid-dinamo\\\/#primaryimage\",\"url\":\"https:\\\/\\\/buletin.de\\\/bucuresti\\\/wp-content\\\/uploads\\\/stadion-giulesti.png\",\"contentUrl\":\"https:\\\/\\\/buletin.de\\\/bucuresti\\\/wp-content\\\/uploads\\\/stadion-giulesti.png\",\"width\":2000,\"height\":1265,\"caption\":\"Meciul de fotbal Rapid \u2013 Dinamo prelunge\u0219te programul pentru cinci linii STB. FOTO: TPBI\"},{\"@type\":\"BreadcrumbList\",\"@id\":\"https:\\\/\\\/buletin.de\\\/bucuresti\\\/meciul-de-fotbal-rapid-dinamo\\\/#breadcrumb\",\"itemListElement\":[{\"@type\":\"ListItem\",\"position\":1,\"name\":\"Acas\u0103\",\"item\":\"https:\\\/\\\/buletin.de\\\/bucuresti\\\/\"},{\"@type\":\"ListItem\",\"position\":2,\"name\":\"Meciul de fotbal Rapid \u2013 Dinamo prelunge\u0219te programul pentru cinci linii STB\"}]},{\"@type\":\"WebSite\",\"@id\":\"https:\\\/\\\/buletin.de\\\/bucuresti\\\/#website\",\"url\":\"https:\\\/\\\/buletin.de\\\/bucuresti\\\/\",\"name\":\"Buletin de Bucure\u0219ti\",\"description\":\"\u0218tiri \u0219i investiga\u021bii esen\u021biale din capital\u0103\",\"publisher\":{\"@id\":\"https:\\\/\\\/buletin.de\\\/bucuresti\\\/#organization\"},\"potentialAction\":[{\"@type\":\"SearchAction\",\"target\":{\"@type\":\"EntryPoint\",\"urlTemplate\":\"https:\\\/\\\/buletin.de\\\/bucuresti\\\/?s={search_term_string}\"},\"query-input\":{\"@type\":\"PropertyValueSpecification\",\"valueRequired\":true,\"valueName\":\"search_term_string\"}}],\"inLanguage\":\"en-GB\"},{\"@type\":\"Organization\",\"@id\":\"https:\\\/\\\/buletin.de\\\/bucuresti\\\/#organization\",\"name\":\"Buletin de Bucure\u0219ti\",\"url\":\"https:\\\/\\\/buletin.de\\\/bucuresti\\\/\",\"logo\":{\"@type\":\"ImageObject\",\"inLanguage\":\"en-GB\",\"@id\":\"https:\\\/\\\/buletin.de\\\/bucuresti\\\/#\\\/schema\\\/logo\\\/image\\\/\",\"url\":\"https:\\\/\\\/buletin.de\\\/bucuresti\\\/wp-content\\\/uploads\\\/logo-bdb-full-wide-vernil-transparent.png\",\"contentUrl\":\"https:\\\/\\\/buletin.de\\\/bucuresti\\\/wp-content\\\/uploads\\\/logo-bdb-full-wide-vernil-transparent.png\",\"width\":1782,\"height\":626,\"caption\":\"Buletin de Bucure\u0219ti\"},\"image\":{\"@id\":\"https:\\\/\\\/buletin.de\\\/bucuresti\\\/#\\\/schema\\\/logo\\\/image\\\/\"},\"sameAs\":[\"https:\\\/\\\/www.facebook.com\\\/buletin.de.buc\",\"https:\\\/\\\/www.instagram.com\\\/buletinde.bucuresti\\\/\"]},{\"@type\":\"Person\",\"@id\":\"https:\\\/\\\/buletin.de\\\/bucuresti\\\/#\\\/schema\\\/person\\\/7e46040573290777280a0835d81ea4ea\",\"name\":\"Diana Matei\",\"image\":{\"@type\":\"ImageObject\",\"inLanguage\":\"en-GB\",\"@id\":\"https:\\\/\\\/buletin.de\\\/bucuresti\\\/wp-content\\\/uploads\\\/9-2-96x96.jpg1e8590b30871d70e62ebcdaf2eff570c\",\"url\":\"https:\\\/\\\/buletin.de\\\/bucuresti\\\/wp-content\\\/uploads\\\/9-2-96x96.jpg\",\"contentUrl\":\"https:\\\/\\\/buletin.de\\\/bucuresti\\\/wp-content\\\/uploads\\\/9-2-96x96.jpg\",\"caption\":\"Diana Matei\"},\"url\":\"https:\\\/\\\/buletin.de\\\/bucuresti\\\/author\\\/dianamatei\\\/\"}]}<\/script>\n<!-- \/ Yoast SEO Premium plugin. -->","yoast_head_json":{"title":"Meciul de fotbal Rapid \u2013 Dinamo prelunge\u0219te programul pentru cinci linii STB - Buletin de Bucure\u0219ti","description":"Meciul de fotbal Rapid \u2013 Dinamo prelunge\u0219te programul pentru cinci linii STB. Liniile 11, 41, 44, 163 \u0219i 178 vor circula \u00een plus, duminic\u0103\/","robots":{"index":"index","follow":"follow","max-snippet":"max-snippet:-1","max-image-preview":"max-image-preview:large","max-video-preview":"max-video-preview:-1"},"canonical":"https:\/\/buletin.de\/bucuresti\/meciul-de-fotbal-rapid-dinamo\/","og_locale":"en_GB","og_type":"article","og_title":"Meciul de fotbal Rapid \u2013 Dinamo prelunge\u0219te programul pentru cinci linii STB","og_description":"Meciul de fotbal Rapid \u2013 Dinamo prelunge\u0219te programul pentru cinci linii STB. Liniile 11, 41, 44, 163 \u0219i 178 vor circula \u00een plus, duminic\u0103\/","og_url":"https:\/\/buletin.de\/bucuresti\/meciul-de-fotbal-rapid-dinamo\/","og_site_name":"Buletin de Bucure\u0219ti","article_publisher":"https:\/\/www.facebook.com\/buletin.de.buc","article_published_time":"2024-08-14T17:52:06+00:00","article_modified_time":"2024-08-14T17:53:37+00:00","og_image":[{"width":900,"height":569,"url":"https:\/\/buletin.de\/bucuresti\/wp-content\/uploads\/stadion-giulesti-900x569.png","type":"image\/png"}],"author":"Diana Matei","twitter_card":"summary_large_image","twitter_misc":{"Written by":"Diana Matei","Estimated reading time":"2 minutes"},"schema":{"@context":"https:\/\/schema.org","@graph":[{"@type":"Article","@id":"https:\/\/buletin.de\/bucuresti\/meciul-de-fotbal-rapid-dinamo\/#article","isPartOf":{"@id":"https:\/\/buletin.de\/bucuresti\/meciul-de-fotbal-rapid-dinamo\/"},"author":{"name":"Diana Matei","@id":"https:\/\/buletin.de\/bucuresti\/#\/schema\/person\/7e46040573290777280a0835d81ea4ea"},"headline":"Meciul de fotbal Rapid \u2013 Dinamo prelunge\u0219te programul pentru cinci linii STB","datePublished":"2024-08-14T17:52:06+00:00","dateModified":"2024-08-14T17:53:37+00:00","mainEntityOfPage":{"@id":"https:\/\/buletin.de\/bucuresti\/meciul-de-fotbal-rapid-dinamo\/"},"wordCount":398,"publisher":{"@id":"https:\/\/buletin.de\/bucuresti\/#organization"},"image":{"@id":"https:\/\/buletin.de\/bucuresti\/meciul-de-fotbal-rapid-dinamo\/#primaryimage"},"thumbnailUrl":"https:\/\/buletin.de\/bucuresti\/wp-content\/uploads\/stadion-giulesti.png","keywords":["linia 178","linia 41","linia 44","Program prelungit STB","Rapid-Dinamo","tpbi"],"articleSection":["Articole","\u0218tiri","Transport"],"inLanguage":"en-GB","copyrightYear":"2024","copyrightHolder":{"@id":"https:\/\/buletin.de\/bucuresti\/#organization"}},{"@type":"WebPage","@id":"https:\/\/buletin.de\/bucuresti\/meciul-de-fotbal-rapid-dinamo\/","url":"https:\/\/buletin.de\/bucuresti\/meciul-de-fotbal-rapid-dinamo\/","name":"Meciul de fotbal Rapid \u2013 Dinamo prelunge\u0219te programul pentru cinci linii STB - Buletin de Bucure\u0219ti","isPartOf":{"@id":"https:\/\/buletin.de\/bucuresti\/#website"},"primaryImageOfPage":{"@id":"https:\/\/buletin.de\/bucuresti\/meciul-de-fotbal-rapid-dinamo\/#primaryimage"},"image":{"@id":"https:\/\/buletin.de\/bucuresti\/meciul-de-fotbal-rapid-dinamo\/#primaryimage"},"thumbnailUrl":"https:\/\/buletin.de\/bucuresti\/wp-content\/uploads\/stadion-giulesti.png","datePublished":"2024-08-14T17:52:06+00:00","dateModified":"2024-08-14T17:53:37+00:00","description":"Meciul de fotbal Rapid \u2013 Dinamo prelunge\u0219te programul pentru cinci linii STB. Liniile 11, 41, 44, 163 \u0219i 178 vor circula \u00een plus, duminic\u0103\/","breadcrumb":{"@id":"https:\/\/buletin.de\/bucuresti\/meciul-de-fotbal-rapid-dinamo\/#breadcrumb"},"inLanguage":"en-GB","potentialAction":[{"@type":"ReadAction","target":["https:\/\/buletin.de\/bucuresti\/meciul-de-fotbal-rapid-dinamo\/"]}]},{"@type":"ImageObject","inLanguage":"en-GB","@id":"https:\/\/buletin.de\/bucuresti\/meciul-de-fotbal-rapid-dinamo\/#primaryimage","url":"https:\/\/buletin.de\/bucuresti\/wp-content\/uploads\/stadion-giulesti.png","contentUrl":"https:\/\/buletin.de\/bucuresti\/wp-content\/uploads\/stadion-giulesti.png","width":2000,"height":1265,"caption":"Meciul de fotbal Rapid \u2013 Dinamo prelunge\u0219te programul pentru cinci linii STB. FOTO: TPBI"},{"@type":"BreadcrumbList","@id":"https:\/\/buletin.de\/bucuresti\/meciul-de-fotbal-rapid-dinamo\/#breadcrumb","itemListElement":[{"@type":"ListItem","position":1,"name":"Acas\u0103","item":"https:\/\/buletin.de\/bucuresti\/"},{"@type":"ListItem","position":2,"name":"Meciul de fotbal Rapid \u2013 Dinamo prelunge\u0219te programul pentru cinci linii STB"}]},{"@type":"WebSite","@id":"https:\/\/buletin.de\/bucuresti\/#website","url":"https:\/\/buletin.de\/bucuresti\/","name":"Buletin de Bucure\u0219ti","description":"\u0218tiri \u0219i investiga\u021bii esen\u021biale din capital\u0103","publisher":{"@id":"https:\/\/buletin.de\/bucuresti\/#organization"},"potentialAction":[{"@type":"SearchAction","target":{"@type":"EntryPoint","urlTemplate":"https:\/\/buletin.de\/bucuresti\/?s={search_term_string}"},"query-input":{"@type":"PropertyValueSpecification","valueRequired":true,"valueName":"search_term_string"}}],"inLanguage":"en-GB"},{"@type":"Organization","@id":"https:\/\/buletin.de\/bucuresti\/#organization","name":"Buletin de Bucure\u0219ti","url":"https:\/\/buletin.de\/bucuresti\/","logo":{"@type":"ImageObject","inLanguage":"en-GB","@id":"https:\/\/buletin.de\/bucuresti\/#\/schema\/logo\/image\/","url":"https:\/\/buletin.de\/bucuresti\/wp-content\/uploads\/logo-bdb-full-wide-vernil-transparent.png","contentUrl":"https:\/\/buletin.de\/bucuresti\/wp-content\/uploads\/logo-bdb-full-wide-vernil-transparent.png","width":1782,"height":626,"caption":"Buletin de Bucure\u0219ti"},"image":{"@id":"https:\/\/buletin.de\/bucuresti\/#\/schema\/logo\/image\/"},"sameAs":["https:\/\/www.facebook.com\/buletin.de.buc","https:\/\/www.instagram.com\/buletinde.bucuresti\/"]},{"@type":"Person","@id":"https:\/\/buletin.de\/bucuresti\/#\/schema\/person\/7e46040573290777280a0835d81ea4ea","name":"Diana Matei","image":{"@type":"ImageObject","inLanguage":"en-GB","@id":"https:\/\/buletin.de\/bucuresti\/wp-content\/uploads\/9-2-96x96.jpg1e8590b30871d70e62ebcdaf2eff570c","url":"https:\/\/buletin.de\/bucuresti\/wp-content\/uploads\/9-2-96x96.jpg","contentUrl":"https:\/\/buletin.de\/bucuresti\/wp-content\/uploads\/9-2-96x96.jpg","caption":"Diana Matei"},"url":"https:\/\/buletin.de\/bucuresti\/author\/dianamatei\/"}]}},"authors":[{"term_id":22574,"user_id":49,"is_guest":0,"slug":"dianamatei","display_name":"Diana Matei","avatar_url":"https:\/\/buletin.de\/bucuresti\/wp-content\/uploads\/9-2-96x96.jpg","0":null,"1":"","2":"","3":"","4":"","5":"","6":"","7":"","8":""}],"_links":{"self":[{"href":"https:\/\/buletin.de\/bucuresti\/wp-json\/wp\/v2\/posts\/94716","targetHints":{"allow":["GET"]}}],"collection":[{"href":"https:\/\/buletin.de\/bucuresti\/wp-json\/wp\/v2\/posts"}],"about":[{"href":"https:\/\/buletin.de\/bucuresti\/wp-json\/wp\/v2\/types\/post"}],"author":[{"embeddable":true,"href":"https:\/\/buletin.de\/bucuresti\/wp-json\/wp\/v2\/users\/49"}],"replies":[{"embeddable":true,"href":"https:\/\/buletin.de\/bucuresti\/wp-json\/wp\/v2\/comments?post=94716"}],"version-history":[{"count":3,"href":"https:\/\/buletin.de\/bucuresti\/wp-json\/wp\/v2\/posts\/94716\/revisions"}],"predecessor-version":[{"id":94734,"href":"https:\/\/buletin.de\/bucuresti\/wp-json\/wp\/v2\/posts\/94716\/revisions\/94734"}],"wp:featuredmedia":[{"embeddable":true,"href":"https:\/\/buletin.de\/bucuresti\/wp-json\/wp\/v2\/media\/94723"}],"wp:attachment":[{"href":"https:\/\/buletin.de\/bucuresti\/wp-json\/wp\/v2\/media?parent=94716"}],"wp:term":[{"taxonomy":"category","embeddable":true,"href":"https:\/\/buletin.de\/bucuresti\/wp-json\/wp\/v2\/categories?post=94716"},{"taxonomy":"post_tag","embeddable":true,"href":"https:\/\/buletin.de\/bucuresti\/wp-json\/wp\/v2\/tags?post=94716"},{"taxonomy":"author","embeddable":true,"href":"https:\/\/buletin.de\/bucuresti\/wp-json\/wp\/v2\/ppma_author?post=94716"}],"curies":[{"name":"wp","href":"https:\/\/api.w.org\/{rel}","templated":true}]}}