{"id":94715,"date":"2024-08-14T18:05:38","date_gmt":"2024-08-14T15:05:38","guid":{"rendered":"https:\/\/buletin.de\/bucuresti\/?p=94715"},"modified":"2024-08-16T07:14:43","modified_gmt":"2024-08-16T04:14:43","slug":"trei-politisti-anchetati-pentru-luare-de-mita-ca-sa-i-ierte-pe-soferi-este-cercetat-si-un-agent-pensionat","status":"publish","type":"post","link":"https:\/\/buletin.de\/bucuresti\/trei-politisti-anchetati-pentru-luare-de-mita-ca-sa-i-ierte-pe-soferi-este-cercetat-si-un-agent-pensionat\/","title":{"rendered":"Trei poli\u021bi\u0219ti ancheta\u021bi pentru luare de mit\u0103, ca s\u0103-i ierte pe \u0219oferi. Este cercetat \u0219i un agent pensionat"},"content":{"rendered":"\n<p><strong>Trei poli\u021bi\u0219ti sunt acheta\u021bi pentru luare de mit\u0103, instigare la fals \u0219i \u00een\u0219el\u0103ciune, dup\u0103 ce au fost prin\u0219i de procurori c\u0103 au primit bani de la \u0219oferi pentru a-i ierta. Ancheta \u00eel vizeaz\u0103 \u0219i pe un al patrulea agent, acum pensionar.<\/strong><\/p>\n\n\n\n<p>Faptele s-au petrecut \u00een urm\u0103 cu doi ani.<\/p>\n\n\n\n<h2 class=\"wp-block-heading\" id=\"h-trei-poli\u021bi\u0219ti-ancheta\u021bi-pentru-luare-de-mita-ce-au-facut\">Trei poli\u021bi\u0219ti ancheta\u021bi pentru luare de mit\u0103. Ce au f\u0103cut<\/h2>\n\n\n\n<p>B.V.D., agent de poli\u021bie \u00een cadrul Direc\u021biei Generale de Poli\u021bie a Municipiului Bucure\u0219ti \u2013 Brigada Rutier\u0103, este anchetat pentru s\u0103v\u00e2r\u015firea a patru infrac\u021biuni de luare de mit\u0103, dou\u0103 infrac\u021biuni de instigare la fals \u00een \u00eenscrisuri sub semn\u0103tur\u0103 privat\u0103 \u0219i dou\u0103 infrac\u021biuni de \u00een\u0219el\u0103ciune.<\/p>\n\n\n\n<p>\u201e\u00cen sarcina acestuia s-a re\u021binut c\u0103 la datele de 25.06.2022, 29.07.2022, 05.08.2022 \u0219i 19.12.2022, \u00een timp ce se afla \u00een exercitarea atribu\u021biilor de serviciu (&#8230;) <strong>a pretins \u0219i primit sume de bani cuprinse \u00eentre 200 \u0219i 1.300 de lei de la conduc\u0103torii auto care \u00eenc\u0103lcau dispozi\u021biile privitoare la regimul circula\u021biei pe drumurile publice, pentru a nu-\u0219i \u00eendeplini atribu\u021biile de serviciu \u0219i pentru a nu le aplica sanc\u021biunile prev\u0103zute de lege.<\/strong><\/p>\n\n\n\n<p>De asemenea la datele de 29.10.2022 \u0219i 07.02.2023, \u00een dou\u0103 ocazii diferite, a determinat reprezentantul legal al unei societ\u0103\u021bi comerciale cu obiect de activitate prestare de servicii turistice s\u0103 emit\u0103 o factur\u0103 fals\u0103, pe care ulterior a folosit-o pentru a induce \u00een eroare angajatorul DGPMB \u0219i a ob\u021bine un folos patrimonial necuvenit const\u00e2nd \u00een suma de 1.450 de lei (voucherul de vacan\u021b\u0103)\u201d, se arat\u0103 \u00eentr-un comunicat al Parchetului de pe l\u00e2ng\u0103 Tribunalul Bucure\u0219ti.<\/p>\n\n\n\n<p>CITE\u0218TE \u0218I: <strong><a href=\"https:\/\/buletin.de\/bucuresti\/proiect-controversat-de-schimbari-urbanistice\/\" target=\"_blank\" rel=\"noreferrer noopener\">Sector 3 | Proiect controversat de schimb\u0103ri urbanistice, blocat \u00een \u015fedin\u0163a de Consiliu Local. N. Dan \u00eel nume\u015fte un \u201edelir\u201d<\/a><\/strong><\/p>\n\n\n\n<h2 class=\"wp-block-heading\" id=\"h-unul-mai-scump-altul-mai-ieftin\">Unul mai scump, altul mai ieftin<\/h2>\n\n\n\n<p><strong>Agentul de poli\u021bie D.D.M., tot de la Brigada Rutier\u0103 Bucure\u0219ti, este anchetat pentru c\u0103 pe 19 decembrie 2022, a pretins \u0219i primit suma de 1.300 de lei de la un conduc\u0103tor auto care a \u00eenc\u0103lcat dispozi\u021biile privitoare la regimul circula\u021biei pe drumurile publice.<\/strong><\/p>\n\n\n\n<p>Colegul s\u0103u, B.P.I., pe 5 august 022, a pretins \u0219i primit suma de 200 de lei de la un conduc\u0103tor auto, de asemenea pentru a-l ierta. <\/p>\n\n\n\n<p>To\u021bi trei sunt ancheta\u021bi sub control judiciar pentru o perioad\u0103 de 60 de zile.<\/p>\n\n\n\n<p>CITE\u0218TE \u0218I: <a href=\"https:\/\/buletin.de\/bucuresti\/politistul-care-a-ucis-o-fetita-pe-trecerea-de-pietoni-condamnat-la-3-ani-de-inchisoare-dosarul-raisa-la-final\/\" target=\"_blank\" rel=\"noreferrer noopener\"><strong>Poli\u021bistul care a ucis o feti\u021b\u0103 pe trecerea de pietoni, condamnat la 3 ani de \u00eenchisoare. Dosarul Raisa, la final<\/strong><\/a><\/p>\n\n\n\n<h2 class=\"wp-block-heading\" id=\"h-trei-poli\u021bi\u0219ti-ancheta\u021bi-\u0219i-un-pensionar\">Trei poli\u021bi\u0219ti ancheta\u021bi. \u0218i un pensionar<\/h2>\n\n\n\n<p><strong>Pentru fapte similare mai este anchetat \u0219i N.M., \u00een prezent pensionat, dar activ la data s\u0103v\u00e2r\u0219irii faptelor, pentru cinci infrac\u021biuni de luare de mit\u0103 \u0219i a dou\u0103 infrac\u021biuni de luare de mit\u0103 \u00een form\u0103 continuat\u0103.<\/strong><\/p>\n\n\n\n<p>\u201e\u00cen sarcina acestuia s-a re\u021binut c\u0103 \u00een datele de 22.06.2022, 25.06.2022, 20.07.2022, 23.07.2022, 24.07.2022, 08.08.2022, 09.08.2022, 19.10.2022 \u0219i 20.10.2022, \u00een timp ce se afla \u00een exercitarea atribu\u021biilor de serviciu, \u00een calitate de lucr\u0103tor de poli\u021bie rutier\u0103 \u00een cadrul DGPMB-Brigada Rutier\u0103, a pretins \u0219i primit sume de bani cuprinse \u00eentre 200 \u0219i 800 de lei de la conduc\u0103torii auto care \u00eenc\u0103lcau dispozi\u021biile privitoare la regimul circula\u021biei pe drumurile publice, pentru a nu-\u0219i \u00eendeplini atribu\u021biile de serviciu \u0219i pentru a nu le aplica sanc\u021biunile prev\u0103zute de lege\u201d, men\u021bioneaz\u0103 procurorii de la Parchetului de pe l\u00e2ng\u0103 Tribunalul Bucure\u0219ti.<\/p>\n\n\n\n<p>Cei trei poli\u021bi\u0219ti activi au fost suspenda\u021bi, pe perioada desf\u0103\u0219ur\u0103rii anchetei, a anun\u021bat \u0219i <a href=\"https:\/\/b.politiaromana.ro\/\" target=\"_blank\" rel=\"noreferrer noopener\">Poli\u021bia Capitalei<\/a>.<\/p>\n","protected":false},"excerpt":{"rendered":"<p>Trei poli\u021bi\u0219ti sunt acheta\u021bi pentru luare de mit\u0103, instigare la fals \u0219i \u00een\u0219el\u0103ciune, dup\u0103 ce au fost prin\u0219i de procurori c\u0103 au primit bani de la \u0219oferi pentru a-i ierta. Ancheta \u00eel vizeaz\u0103 \u0219i pe un al patrulea agent, acum pensionar. Faptele s-au petrecut \u00een urm\u0103 cu doi ani. Trei poli\u021bi\u0219ti ancheta\u021bi pentru luare de [&hellip;]<\/p>\n","protected":false},"author":60,"featured_media":87966,"comment_status":"closed","ping_status":"open","sticky":false,"template":"","format":"standard","meta":{"_acf_changed":false,"inline_featured_image":false,"ngg_post_thumbnail":0,"footnotes":""},"categories":[6994,9026,3419],"tags":[7503,14262,14261,14260],"ppma_author":[22582],"class_list":["post-94715","post","type-post","status-publish","format-standard","has-post-thumbnail","hentry","category-stiri-2","category-eveniment","category-featured","tag-luare-de-mita-2","tag-luare-de-mita-politisti","tag-politisti-anchetati","tag-trei-politisti"],"acf":[],"yoast_head":"<!-- This site is optimized with the Yoast SEO Premium plugin v25.3 (Yoast SEO v27.4) - https:\/\/yoast.com\/product\/yoast-seo-premium-wordpress\/ -->\n<title>Trei poli\u021bi\u0219ti ancheta\u021bi pentru luare de mit\u0103, ca s\u0103-i ierte pe \u0219oferi<\/title>\n<meta name=\"description\" content=\"Trei poli\u021bi\u0219ti ancheta\u021bi pentru luare de mit\u0103, instigare la fals \u0219i \u00een\u0219el\u0103ciune , dup\u0103 ce au fost prin\u0219i de procurori.\" \/>\n<meta name=\"robots\" content=\"index, follow, max-snippet:-1, max-image-preview:large, max-video-preview:-1\" \/>\n<link rel=\"canonical\" href=\"https:\/\/buletin.de\/bucuresti\/trei-politisti-anchetati-pentru-luare-de-mita-ca-sa-i-ierte-pe-soferi-este-cercetat-si-un-agent-pensionat\/\" \/>\n<meta property=\"og:locale\" content=\"en_GB\" \/>\n<meta property=\"og:type\" content=\"article\" \/>\n<meta property=\"og:title\" content=\"Trei poli\u021bi\u0219ti ancheta\u021bi pentru luare de mit\u0103, ca s\u0103-i ierte pe \u0219oferi. Este cercetat \u0219i un agent pensionat\" \/>\n<meta property=\"og:description\" content=\"Trei poli\u021bi\u0219ti ancheta\u021bi pentru luare de mit\u0103, instigare la fals \u0219i \u00een\u0219el\u0103ciune , dup\u0103 ce au fost prin\u0219i de procurori.\" \/>\n<meta property=\"og:url\" content=\"https:\/\/buletin.de\/bucuresti\/trei-politisti-anchetati-pentru-luare-de-mita-ca-sa-i-ierte-pe-soferi-este-cercetat-si-un-agent-pensionat\/\" \/>\n<meta property=\"og:site_name\" content=\"Buletin de Bucure\u0219ti\" \/>\n<meta property=\"article:publisher\" content=\"https:\/\/www.facebook.com\/buletin.de.buc\" \/>\n<meta property=\"article:published_time\" content=\"2024-08-14T15:05:38+00:00\" \/>\n<meta property=\"article:modified_time\" content=\"2024-08-16T04:14:43+00:00\" \/>\n<meta property=\"og:image\" content=\"https:\/\/buletin.de\/bucuresti\/wp-content\/uploads\/Politie.jpg\" \/>\n\t<meta property=\"og:image:width\" content=\"900\" \/>\n\t<meta property=\"og:image:height\" content=\"600\" \/>\n\t<meta property=\"og:image:type\" content=\"image\/jpeg\" \/>\n<meta name=\"author\" content=\"R\u0103zvan Chiru\u021b\u0103\" \/>\n<meta name=\"twitter:card\" content=\"summary_large_image\" \/>\n<meta name=\"twitter:label1\" content=\"Written by\" \/>\n\t<meta name=\"twitter:data1\" content=\"R\u0103zvan Chiru\u021b\u0103\" \/>\n\t<meta name=\"twitter:label2\" content=\"Estimated reading time\" \/>\n\t<meta name=\"twitter:data2\" content=\"3 minutes\" \/>\n<script type=\"application\/ld+json\" class=\"yoast-schema-graph\">{\"@context\":\"https:\\\/\\\/schema.org\",\"@graph\":[{\"@type\":\"Article\",\"@id\":\"https:\\\/\\\/buletin.de\\\/bucuresti\\\/trei-politisti-anchetati-pentru-luare-de-mita-ca-sa-i-ierte-pe-soferi-este-cercetat-si-un-agent-pensionat\\\/#article\",\"isPartOf\":{\"@id\":\"https:\\\/\\\/buletin.de\\\/bucuresti\\\/trei-politisti-anchetati-pentru-luare-de-mita-ca-sa-i-ierte-pe-soferi-este-cercetat-si-un-agent-pensionat\\\/\"},\"author\":{\"name\":\"R\u0103zvan Chiru\u021b\u0103\",\"@id\":\"https:\\\/\\\/buletin.de\\\/bucuresti\\\/#\\\/schema\\\/person\\\/a76df728dfc913795a9d90e346b253bb\"},\"headline\":\"Trei poli\u021bi\u0219ti ancheta\u021bi pentru luare de mit\u0103, ca s\u0103-i ierte pe \u0219oferi. Este cercetat \u0219i un agent pensionat\",\"datePublished\":\"2024-08-14T15:05:38+00:00\",\"dateModified\":\"2024-08-16T04:14:43+00:00\",\"mainEntityOfPage\":{\"@id\":\"https:\\\/\\\/buletin.de\\\/bucuresti\\\/trei-politisti-anchetati-pentru-luare-de-mita-ca-sa-i-ierte-pe-soferi-este-cercetat-si-un-agent-pensionat\\\/\"},\"wordCount\":611,\"publisher\":{\"@id\":\"https:\\\/\\\/buletin.de\\\/bucuresti\\\/#organization\"},\"image\":{\"@id\":\"https:\\\/\\\/buletin.de\\\/bucuresti\\\/trei-politisti-anchetati-pentru-luare-de-mita-ca-sa-i-ierte-pe-soferi-este-cercetat-si-un-agent-pensionat\\\/#primaryimage\"},\"thumbnailUrl\":\"https:\\\/\\\/buletin.de\\\/bucuresti\\\/wp-content\\\/uploads\\\/Politie.jpg\",\"keywords\":[\"luare de mita\",\"luare de mita politisti\",\"politisti anchetati\",\"trei politisti\"],\"articleSection\":[\"Articole\",\"Eveniment\",\"Featured\"],\"inLanguage\":\"en-GB\",\"copyrightYear\":\"2024\",\"copyrightHolder\":{\"@id\":\"https:\\\/\\\/buletin.de\\\/bucuresti\\\/#organization\"}},{\"@type\":\"WebPage\",\"@id\":\"https:\\\/\\\/buletin.de\\\/bucuresti\\\/trei-politisti-anchetati-pentru-luare-de-mita-ca-sa-i-ierte-pe-soferi-este-cercetat-si-un-agent-pensionat\\\/\",\"url\":\"https:\\\/\\\/buletin.de\\\/bucuresti\\\/trei-politisti-anchetati-pentru-luare-de-mita-ca-sa-i-ierte-pe-soferi-este-cercetat-si-un-agent-pensionat\\\/\",\"name\":\"Trei poli\u021bi\u0219ti ancheta\u021bi pentru luare de mit\u0103, ca s\u0103-i ierte pe \u0219oferi\",\"isPartOf\":{\"@id\":\"https:\\\/\\\/buletin.de\\\/bucuresti\\\/#website\"},\"primaryImageOfPage\":{\"@id\":\"https:\\\/\\\/buletin.de\\\/bucuresti\\\/trei-politisti-anchetati-pentru-luare-de-mita-ca-sa-i-ierte-pe-soferi-este-cercetat-si-un-agent-pensionat\\\/#primaryimage\"},\"image\":{\"@id\":\"https:\\\/\\\/buletin.de\\\/bucuresti\\\/trei-politisti-anchetati-pentru-luare-de-mita-ca-sa-i-ierte-pe-soferi-este-cercetat-si-un-agent-pensionat\\\/#primaryimage\"},\"thumbnailUrl\":\"https:\\\/\\\/buletin.de\\\/bucuresti\\\/wp-content\\\/uploads\\\/Politie.jpg\",\"datePublished\":\"2024-08-14T15:05:38+00:00\",\"dateModified\":\"2024-08-16T04:14:43+00:00\",\"description\":\"Trei poli\u021bi\u0219ti ancheta\u021bi pentru luare de mit\u0103, instigare la fals \u0219i \u00een\u0219el\u0103ciune , dup\u0103 ce au fost prin\u0219i de procurori.\",\"breadcrumb\":{\"@id\":\"https:\\\/\\\/buletin.de\\\/bucuresti\\\/trei-politisti-anchetati-pentru-luare-de-mita-ca-sa-i-ierte-pe-soferi-este-cercetat-si-un-agent-pensionat\\\/#breadcrumb\"},\"inLanguage\":\"en-GB\",\"potentialAction\":[{\"@type\":\"ReadAction\",\"target\":[\"https:\\\/\\\/buletin.de\\\/bucuresti\\\/trei-politisti-anchetati-pentru-luare-de-mita-ca-sa-i-ierte-pe-soferi-este-cercetat-si-un-agent-pensionat\\\/\"]}]},{\"@type\":\"ImageObject\",\"inLanguage\":\"en-GB\",\"@id\":\"https:\\\/\\\/buletin.de\\\/bucuresti\\\/trei-politisti-anchetati-pentru-luare-de-mita-ca-sa-i-ierte-pe-soferi-este-cercetat-si-un-agent-pensionat\\\/#primaryimage\",\"url\":\"https:\\\/\\\/buletin.de\\\/bucuresti\\\/wp-content\\\/uploads\\\/Politie.jpg\",\"contentUrl\":\"https:\\\/\\\/buletin.de\\\/bucuresti\\\/wp-content\\\/uploads\\\/Politie.jpg\",\"width\":900,\"height\":600,\"caption\":\"Trei poli\u021bi\u0219ti ancheta\u021bi pentru luare de mit\u0103, instigare la fals \u0219i \u00een\u0219el\u0103ciune\"},{\"@type\":\"BreadcrumbList\",\"@id\":\"https:\\\/\\\/buletin.de\\\/bucuresti\\\/trei-politisti-anchetati-pentru-luare-de-mita-ca-sa-i-ierte-pe-soferi-este-cercetat-si-un-agent-pensionat\\\/#breadcrumb\",\"itemListElement\":[{\"@type\":\"ListItem\",\"position\":1,\"name\":\"Acas\u0103\",\"item\":\"https:\\\/\\\/buletin.de\\\/bucuresti\\\/\"},{\"@type\":\"ListItem\",\"position\":2,\"name\":\"Trei poli\u021bi\u0219ti ancheta\u021bi pentru luare de mit\u0103, ca s\u0103-i ierte pe \u0219oferi. Este cercetat \u0219i un agent pensionat\"}]},{\"@type\":\"WebSite\",\"@id\":\"https:\\\/\\\/buletin.de\\\/bucuresti\\\/#website\",\"url\":\"https:\\\/\\\/buletin.de\\\/bucuresti\\\/\",\"name\":\"Buletin de Bucure\u0219ti\",\"description\":\"\u0218tiri \u0219i investiga\u021bii esen\u021biale din capital\u0103\",\"publisher\":{\"@id\":\"https:\\\/\\\/buletin.de\\\/bucuresti\\\/#organization\"},\"potentialAction\":[{\"@type\":\"SearchAction\",\"target\":{\"@type\":\"EntryPoint\",\"urlTemplate\":\"https:\\\/\\\/buletin.de\\\/bucuresti\\\/?s={search_term_string}\"},\"query-input\":{\"@type\":\"PropertyValueSpecification\",\"valueRequired\":true,\"valueName\":\"search_term_string\"}}],\"inLanguage\":\"en-GB\"},{\"@type\":\"Organization\",\"@id\":\"https:\\\/\\\/buletin.de\\\/bucuresti\\\/#organization\",\"name\":\"Buletin de Bucure\u0219ti\",\"url\":\"https:\\\/\\\/buletin.de\\\/bucuresti\\\/\",\"logo\":{\"@type\":\"ImageObject\",\"inLanguage\":\"en-GB\",\"@id\":\"https:\\\/\\\/buletin.de\\\/bucuresti\\\/#\\\/schema\\\/logo\\\/image\\\/\",\"url\":\"https:\\\/\\\/buletin.de\\\/bucuresti\\\/wp-content\\\/uploads\\\/logo-bdb-full-wide-vernil-transparent.png\",\"contentUrl\":\"https:\\\/\\\/buletin.de\\\/bucuresti\\\/wp-content\\\/uploads\\\/logo-bdb-full-wide-vernil-transparent.png\",\"width\":1782,\"height\":626,\"caption\":\"Buletin de Bucure\u0219ti\"},\"image\":{\"@id\":\"https:\\\/\\\/buletin.de\\\/bucuresti\\\/#\\\/schema\\\/logo\\\/image\\\/\"},\"sameAs\":[\"https:\\\/\\\/www.facebook.com\\\/buletin.de.buc\",\"https:\\\/\\\/www.instagram.com\\\/buletinde.bucuresti\\\/\"]},{\"@type\":\"Person\",\"@id\":\"https:\\\/\\\/buletin.de\\\/bucuresti\\\/#\\\/schema\\\/person\\\/a76df728dfc913795a9d90e346b253bb\",\"name\":\"R\u0103zvan Chiru\u021b\u0103\",\"image\":{\"@type\":\"ImageObject\",\"inLanguage\":\"en-GB\",\"@id\":\"https:\\\/\\\/buletin.de\\\/bucuresti\\\/wp-content\\\/uploads\\\/Razvan-Chiruta-96x96.jpge7143b996fd4241fbd6ee1f6b6b7b267\",\"url\":\"https:\\\/\\\/buletin.de\\\/bucuresti\\\/wp-content\\\/uploads\\\/Razvan-Chiruta-96x96.jpg\",\"contentUrl\":\"https:\\\/\\\/buletin.de\\\/bucuresti\\\/wp-content\\\/uploads\\\/Razvan-Chiruta-96x96.jpg\",\"caption\":\"R\u0103zvan Chiru\u021b\u0103\"},\"description\":\"R\u0103zvan Chiru\u021b\u0103 este redactor-\u0219ef adjunct din iulie 2024. A fost redactor-\u0219ef al PRESShub \u00eentre 2022 \u0219i iunie 2024. Anterior, a fost redactor-\u0219ef al Newsweek Rom\u00e2nia, din 2018 p\u00e2n\u0103 \u00een 2021, \u0219i al cotidianului Rom\u00e2nia liber\u0103, \u00eentre 2015 \u0219i 2017. Este absolvent de Jurnalism, \u00een cadrul Universit\u0103\u021bii \u201eAl.I.Cuza\u201d din Ia\u0219i, \u0219i a urmat un master \u00een Managementul institu\u021biilor mass-media (f\u0103r\u0103 diserta\u021bie) la Facultatea de Jurnalism \u0219i \u0218tiin\u021bele Comunic\u0103rii din cadrul Universit\u0103\u021bii din Bucure\u0219ti. \u0218i-a \u00eenceput cariera la Opinia studen\u021beasc\u0103, cunoscuta \u0219coal\u0103 de pres\u0103 din Ia\u0219i. A lucrat \u00een presa local\u0103, apoi a devenit corespondent pentru Ia\u0219i al cotidianului Evenimentul Zilei. Din 2004, a coordonat pentru \u0219ase luni sec\u021bia de coresponden\u021bi a Evenimentului Zilei. A mai lucrat la s\u0103pt\u0103m\u00e2nalul Prezent \u0219i a colaborat cu revistele Dilema Veche \u0219i Suplimentul de Cultur\u0103. Este co-autor \u00een volumele \u201eMass-media \u0219i democra\u021bia \u00een Rom\u00e2nia post-comunist\u0103\u201d (ed. a II-a), Ed. Institutul European, Ia\u0219i, 2013, \u0219i \u201eCOVID - 19. Dimensiuni ale gestionarii pandemiei\u201d, Editura Junimea, Ia\u0219i, 2020.\",\"url\":\"https:\\\/\\\/buletin.de\\\/bucuresti\\\/author\\\/razvan-chiruta\\\/\"}]}<\/script>\n<!-- \/ Yoast SEO Premium plugin. -->","yoast_head_json":{"title":"Trei poli\u021bi\u0219ti ancheta\u021bi pentru luare de mit\u0103, ca s\u0103-i ierte pe \u0219oferi","description":"Trei poli\u021bi\u0219ti ancheta\u021bi pentru luare de mit\u0103, instigare la fals \u0219i \u00een\u0219el\u0103ciune , dup\u0103 ce au fost prin\u0219i de procurori.","robots":{"index":"index","follow":"follow","max-snippet":"max-snippet:-1","max-image-preview":"max-image-preview:large","max-video-preview":"max-video-preview:-1"},"canonical":"https:\/\/buletin.de\/bucuresti\/trei-politisti-anchetati-pentru-luare-de-mita-ca-sa-i-ierte-pe-soferi-este-cercetat-si-un-agent-pensionat\/","og_locale":"en_GB","og_type":"article","og_title":"Trei poli\u021bi\u0219ti ancheta\u021bi pentru luare de mit\u0103, ca s\u0103-i ierte pe \u0219oferi. Este cercetat \u0219i un agent pensionat","og_description":"Trei poli\u021bi\u0219ti ancheta\u021bi pentru luare de mit\u0103, instigare la fals \u0219i \u00een\u0219el\u0103ciune , dup\u0103 ce au fost prin\u0219i de procurori.","og_url":"https:\/\/buletin.de\/bucuresti\/trei-politisti-anchetati-pentru-luare-de-mita-ca-sa-i-ierte-pe-soferi-este-cercetat-si-un-agent-pensionat\/","og_site_name":"Buletin de Bucure\u0219ti","article_publisher":"https:\/\/www.facebook.com\/buletin.de.buc","article_published_time":"2024-08-14T15:05:38+00:00","article_modified_time":"2024-08-16T04:14:43+00:00","og_image":[{"width":900,"height":600,"url":"https:\/\/buletin.de\/bucuresti\/wp-content\/uploads\/Politie.jpg","type":"image\/jpeg"}],"author":"R\u0103zvan Chiru\u021b\u0103","twitter_card":"summary_large_image","twitter_misc":{"Written by":"R\u0103zvan Chiru\u021b\u0103","Estimated reading time":"3 minutes"},"schema":{"@context":"https:\/\/schema.org","@graph":[{"@type":"Article","@id":"https:\/\/buletin.de\/bucuresti\/trei-politisti-anchetati-pentru-luare-de-mita-ca-sa-i-ierte-pe-soferi-este-cercetat-si-un-agent-pensionat\/#article","isPartOf":{"@id":"https:\/\/buletin.de\/bucuresti\/trei-politisti-anchetati-pentru-luare-de-mita-ca-sa-i-ierte-pe-soferi-este-cercetat-si-un-agent-pensionat\/"},"author":{"name":"R\u0103zvan Chiru\u021b\u0103","@id":"https:\/\/buletin.de\/bucuresti\/#\/schema\/person\/a76df728dfc913795a9d90e346b253bb"},"headline":"Trei poli\u021bi\u0219ti ancheta\u021bi pentru luare de mit\u0103, ca s\u0103-i ierte pe \u0219oferi. Este cercetat \u0219i un agent pensionat","datePublished":"2024-08-14T15:05:38+00:00","dateModified":"2024-08-16T04:14:43+00:00","mainEntityOfPage":{"@id":"https:\/\/buletin.de\/bucuresti\/trei-politisti-anchetati-pentru-luare-de-mita-ca-sa-i-ierte-pe-soferi-este-cercetat-si-un-agent-pensionat\/"},"wordCount":611,"publisher":{"@id":"https:\/\/buletin.de\/bucuresti\/#organization"},"image":{"@id":"https:\/\/buletin.de\/bucuresti\/trei-politisti-anchetati-pentru-luare-de-mita-ca-sa-i-ierte-pe-soferi-este-cercetat-si-un-agent-pensionat\/#primaryimage"},"thumbnailUrl":"https:\/\/buletin.de\/bucuresti\/wp-content\/uploads\/Politie.jpg","keywords":["luare de mita","luare de mita politisti","politisti anchetati","trei politisti"],"articleSection":["Articole","Eveniment","Featured"],"inLanguage":"en-GB","copyrightYear":"2024","copyrightHolder":{"@id":"https:\/\/buletin.de\/bucuresti\/#organization"}},{"@type":"WebPage","@id":"https:\/\/buletin.de\/bucuresti\/trei-politisti-anchetati-pentru-luare-de-mita-ca-sa-i-ierte-pe-soferi-este-cercetat-si-un-agent-pensionat\/","url":"https:\/\/buletin.de\/bucuresti\/trei-politisti-anchetati-pentru-luare-de-mita-ca-sa-i-ierte-pe-soferi-este-cercetat-si-un-agent-pensionat\/","name":"Trei poli\u021bi\u0219ti ancheta\u021bi pentru luare de mit\u0103, ca s\u0103-i ierte pe \u0219oferi","isPartOf":{"@id":"https:\/\/buletin.de\/bucuresti\/#website"},"primaryImageOfPage":{"@id":"https:\/\/buletin.de\/bucuresti\/trei-politisti-anchetati-pentru-luare-de-mita-ca-sa-i-ierte-pe-soferi-este-cercetat-si-un-agent-pensionat\/#primaryimage"},"image":{"@id":"https:\/\/buletin.de\/bucuresti\/trei-politisti-anchetati-pentru-luare-de-mita-ca-sa-i-ierte-pe-soferi-este-cercetat-si-un-agent-pensionat\/#primaryimage"},"thumbnailUrl":"https:\/\/buletin.de\/bucuresti\/wp-content\/uploads\/Politie.jpg","datePublished":"2024-08-14T15:05:38+00:00","dateModified":"2024-08-16T04:14:43+00:00","description":"Trei poli\u021bi\u0219ti ancheta\u021bi pentru luare de mit\u0103, instigare la fals \u0219i \u00een\u0219el\u0103ciune , dup\u0103 ce au fost prin\u0219i de procurori.","breadcrumb":{"@id":"https:\/\/buletin.de\/bucuresti\/trei-politisti-anchetati-pentru-luare-de-mita-ca-sa-i-ierte-pe-soferi-este-cercetat-si-un-agent-pensionat\/#breadcrumb"},"inLanguage":"en-GB","potentialAction":[{"@type":"ReadAction","target":["https:\/\/buletin.de\/bucuresti\/trei-politisti-anchetati-pentru-luare-de-mita-ca-sa-i-ierte-pe-soferi-este-cercetat-si-un-agent-pensionat\/"]}]},{"@type":"ImageObject","inLanguage":"en-GB","@id":"https:\/\/buletin.de\/bucuresti\/trei-politisti-anchetati-pentru-luare-de-mita-ca-sa-i-ierte-pe-soferi-este-cercetat-si-un-agent-pensionat\/#primaryimage","url":"https:\/\/buletin.de\/bucuresti\/wp-content\/uploads\/Politie.jpg","contentUrl":"https:\/\/buletin.de\/bucuresti\/wp-content\/uploads\/Politie.jpg","width":900,"height":600,"caption":"Trei poli\u021bi\u0219ti ancheta\u021bi pentru luare de mit\u0103, instigare la fals \u0219i \u00een\u0219el\u0103ciune"},{"@type":"BreadcrumbList","@id":"https:\/\/buletin.de\/bucuresti\/trei-politisti-anchetati-pentru-luare-de-mita-ca-sa-i-ierte-pe-soferi-este-cercetat-si-un-agent-pensionat\/#breadcrumb","itemListElement":[{"@type":"ListItem","position":1,"name":"Acas\u0103","item":"https:\/\/buletin.de\/bucuresti\/"},{"@type":"ListItem","position":2,"name":"Trei poli\u021bi\u0219ti ancheta\u021bi pentru luare de mit\u0103, ca s\u0103-i ierte pe \u0219oferi. Este cercetat \u0219i un agent pensionat"}]},{"@type":"WebSite","@id":"https:\/\/buletin.de\/bucuresti\/#website","url":"https:\/\/buletin.de\/bucuresti\/","name":"Buletin de Bucure\u0219ti","description":"\u0218tiri \u0219i investiga\u021bii esen\u021biale din capital\u0103","publisher":{"@id":"https:\/\/buletin.de\/bucuresti\/#organization"},"potentialAction":[{"@type":"SearchAction","target":{"@type":"EntryPoint","urlTemplate":"https:\/\/buletin.de\/bucuresti\/?s={search_term_string}"},"query-input":{"@type":"PropertyValueSpecification","valueRequired":true,"valueName":"search_term_string"}}],"inLanguage":"en-GB"},{"@type":"Organization","@id":"https:\/\/buletin.de\/bucuresti\/#organization","name":"Buletin de Bucure\u0219ti","url":"https:\/\/buletin.de\/bucuresti\/","logo":{"@type":"ImageObject","inLanguage":"en-GB","@id":"https:\/\/buletin.de\/bucuresti\/#\/schema\/logo\/image\/","url":"https:\/\/buletin.de\/bucuresti\/wp-content\/uploads\/logo-bdb-full-wide-vernil-transparent.png","contentUrl":"https:\/\/buletin.de\/bucuresti\/wp-content\/uploads\/logo-bdb-full-wide-vernil-transparent.png","width":1782,"height":626,"caption":"Buletin de Bucure\u0219ti"},"image":{"@id":"https:\/\/buletin.de\/bucuresti\/#\/schema\/logo\/image\/"},"sameAs":["https:\/\/www.facebook.com\/buletin.de.buc","https:\/\/www.instagram.com\/buletinde.bucuresti\/"]},{"@type":"Person","@id":"https:\/\/buletin.de\/bucuresti\/#\/schema\/person\/a76df728dfc913795a9d90e346b253bb","name":"R\u0103zvan Chiru\u021b\u0103","image":{"@type":"ImageObject","inLanguage":"en-GB","@id":"https:\/\/buletin.de\/bucuresti\/wp-content\/uploads\/Razvan-Chiruta-96x96.jpge7143b996fd4241fbd6ee1f6b6b7b267","url":"https:\/\/buletin.de\/bucuresti\/wp-content\/uploads\/Razvan-Chiruta-96x96.jpg","contentUrl":"https:\/\/buletin.de\/bucuresti\/wp-content\/uploads\/Razvan-Chiruta-96x96.jpg","caption":"R\u0103zvan Chiru\u021b\u0103"},"description":"R\u0103zvan Chiru\u021b\u0103 este redactor-\u0219ef adjunct din iulie 2024. A fost redactor-\u0219ef al PRESShub \u00eentre 2022 \u0219i iunie 2024. Anterior, a fost redactor-\u0219ef al Newsweek Rom\u00e2nia, din 2018 p\u00e2n\u0103 \u00een 2021, \u0219i al cotidianului Rom\u00e2nia liber\u0103, \u00eentre 2015 \u0219i 2017. Este absolvent de Jurnalism, \u00een cadrul Universit\u0103\u021bii \u201eAl.I.Cuza\u201d din Ia\u0219i, \u0219i a urmat un master \u00een Managementul institu\u021biilor mass-media (f\u0103r\u0103 diserta\u021bie) la Facultatea de Jurnalism \u0219i \u0218tiin\u021bele Comunic\u0103rii din cadrul Universit\u0103\u021bii din Bucure\u0219ti. \u0218i-a \u00eenceput cariera la Opinia studen\u021beasc\u0103, cunoscuta \u0219coal\u0103 de pres\u0103 din Ia\u0219i. A lucrat \u00een presa local\u0103, apoi a devenit corespondent pentru Ia\u0219i al cotidianului Evenimentul Zilei. Din 2004, a coordonat pentru \u0219ase luni sec\u021bia de coresponden\u021bi a Evenimentului Zilei. A mai lucrat la s\u0103pt\u0103m\u00e2nalul Prezent \u0219i a colaborat cu revistele Dilema Veche \u0219i Suplimentul de Cultur\u0103. Este co-autor \u00een volumele \u201eMass-media \u0219i democra\u021bia \u00een Rom\u00e2nia post-comunist\u0103\u201d (ed. a II-a), Ed. Institutul European, Ia\u0219i, 2013, \u0219i \u201eCOVID - 19. Dimensiuni ale gestionarii pandemiei\u201d, Editura Junimea, Ia\u0219i, 2020.","url":"https:\/\/buletin.de\/bucuresti\/author\/razvan-chiruta\/"}]}},"authors":[{"term_id":22582,"user_id":60,"is_guest":0,"slug":"razvan-chiruta","display_name":"R\u0103zvan Chiru\u021b\u0103","avatar_url":"https:\/\/buletin.de\/bucuresti\/wp-content\/uploads\/Razvan-Chiruta-96x96.jpg","0":null,"1":"","2":"","3":"","4":"","5":"","6":"","7":"","8":""}],"_links":{"self":[{"href":"https:\/\/buletin.de\/bucuresti\/wp-json\/wp\/v2\/posts\/94715","targetHints":{"allow":["GET"]}}],"collection":[{"href":"https:\/\/buletin.de\/bucuresti\/wp-json\/wp\/v2\/posts"}],"about":[{"href":"https:\/\/buletin.de\/bucuresti\/wp-json\/wp\/v2\/types\/post"}],"author":[{"embeddable":true,"href":"https:\/\/buletin.de\/bucuresti\/wp-json\/wp\/v2\/users\/60"}],"replies":[{"embeddable":true,"href":"https:\/\/buletin.de\/bucuresti\/wp-json\/wp\/v2\/comments?post=94715"}],"version-history":[{"count":6,"href":"https:\/\/buletin.de\/bucuresti\/wp-json\/wp\/v2\/posts\/94715\/revisions"}],"predecessor-version":[{"id":94791,"href":"https:\/\/buletin.de\/bucuresti\/wp-json\/wp\/v2\/posts\/94715\/revisions\/94791"}],"wp:featuredmedia":[{"embeddable":true,"href":"https:\/\/buletin.de\/bucuresti\/wp-json\/wp\/v2\/media\/87966"}],"wp:attachment":[{"href":"https:\/\/buletin.de\/bucuresti\/wp-json\/wp\/v2\/media?parent=94715"}],"wp:term":[{"taxonomy":"category","embeddable":true,"href":"https:\/\/buletin.de\/bucuresti\/wp-json\/wp\/v2\/categories?post=94715"},{"taxonomy":"post_tag","embeddable":true,"href":"https:\/\/buletin.de\/bucuresti\/wp-json\/wp\/v2\/tags?post=94715"},{"taxonomy":"author","embeddable":true,"href":"https:\/\/buletin.de\/bucuresti\/wp-json\/wp\/v2\/ppma_author?post=94715"}],"curies":[{"name":"wp","href":"https:\/\/api.w.org\/{rel}","templated":true}]}}