{"id":94586,"date":"2024-08-13T18:21:17","date_gmt":"2024-08-13T15:21:17","guid":{"rendered":"https:\/\/buletin.de\/bucuresti\/?p=94586"},"modified":"2024-08-13T18:42:29","modified_gmt":"2024-08-13T15:42:29","slug":"politistul-care-a-ucis-o-fetita-pe-trecerea-de-pietoni-condamnat-la-3-ani-de-inchisoare-dosarul-raisa-la-final","status":"publish","type":"post","link":"https:\/\/buletin.de\/bucuresti\/politistul-care-a-ucis-o-fetita-pe-trecerea-de-pietoni-condamnat-la-3-ani-de-inchisoare-dosarul-raisa-la-final\/","title":{"rendered":"Poli\u021bistul care a ucis o feti\u021b\u0103 pe trecerea de pietoni, condamnat la 3 ani de \u00eenchisoare. Dosarul Raisa, la final"},"content":{"rendered":"\n<p><strong>Poli\u021bistul care a ucis o feti\u021b\u0103 pe trecerea de pietoni \u0219i a r\u0103nit-o pe a doua, \u00een Bucure\u0219ti, a fost condamnat la 3 ani de \u00eenchisoare, cu executare. <\/strong><\/p>\n\n\n\n<p>De asemenea, societatea de asigur\u0103ri la care era asigurat RCA autovehicul de Poli\u021bie implicat \u00een accident a fost obligat\u0103 s\u0103 pl\u0103teasc\u0103 desp\u0103gubiri morale totale de 700.000 de euro. Decizie definitiv\u0103 \u00een dosarul Raisa.<\/p>\n\n\n\n<p>Sentin\u021ba de condamnare a fost dat\u0103 de Curtea de Apel Bucure\u0219ti, care a m\u0103rit pedeapsa pentru Constantin Popescu. Judec\u0103toria Sectorului 1 hot\u0103r\u00e2se \u00een ianuarie o pedeaps\u0103 de trei ani de \u00eenchisoare, dar cu suspendare, \u0219i plata a doar 250.000 de euro desp\u0103gubiri, dup\u0103 cum Buletin de Bucure\u0219ti a scris <a href=\"https:\/\/buletin.de\/bucuresti\/inchisoare-cu-suspendare-pentru-politistul-care-a-omorat-o-pe-raisa-pe-trecerea-de-pietoni\/\" target=\"_blank\" rel=\"noreferrer noopener\">aici<\/a>.<\/p>\n\n\n\n<p>CITE\u0218TE \u0218I:<strong> <a href=\"https:\/\/buletin.de\/bucuresti\/inchisoare-cu-suspendare-pentru-politistul-care-a-omorat-o-pe-raisa-pe-trecerea-de-pietoni\/\" target=\"_blank\" rel=\"noreferrer noopener\">\u00cenchisoare cu suspendare pentru poli\u021bistul care a omor\u00e2t-o pe Raisa, pe trecerea de pietoni<\/a><\/strong><\/p>\n\n\n\n<h2 class=\"wp-block-heading\" id=\"h-poli\u021bistul-care-a-ucis-o-feti\u021ba-pe-trecerea-de-pietoni-cercetat-in-libertate\">Poli\u021bistul care a ucis o feti\u021b\u0103 pe trecerea de pietoni, cercetat \u00een libertate<\/h2>\n\n\n\n<p>Pe 13 ianuarie 2022, poli\u021bistul Constantin Popescu, aflat \u00een timpul serviciului, a lovit dou\u0103 feti\u021be aflate pe trecerea de pietoni de pe bulevardul Laminorului din Sectorul 1. \u00cen urma impactului, Raisa (12 ani) a murit, iar prietena ei, Marina, a fost r\u0103nit\u0103 grav.<\/p>\n\n\n\n<p>Dup\u0103 accident, poli\u021bistul de la Sec\u021bia 5 a fost plasat sub control judiciar pentru 60 de zile. M\u0103sura a expirat la \u00eenceputul lunii martie 2022, c\u00e2nd Parchetul urma s\u0103 decid\u0103 dac\u0103 prelunge\u0219te sau nu starea de control judiciar. <\/p>\n\n\n\n<p>Agentul de poli\u021bie a fost scos de sub control judiciar, conform unei hot\u0103r\u00e2ri a instan\u021bei, dup\u0103 ce a depus o cerere prin care solicita ca cercetarea s\u0103 fie f\u0103cut\u0103 \u00een stare de libertate.<\/p>\n\n\n\n<p>La \u00eenceputul anului 2023, fostul poli\u021bist a fost trimis \u00een judecat\u0103, pentru ucidere din culp\u0103 \u0219i v\u0103t\u0103mare corporal\u0103.\u00a0<\/p>\n\n\n\n<h2 class=\"wp-block-heading\" id=\"h-pedeapsa-marita-de-curtea-de-apel\">Pedeapsa, m\u0103rit\u0103 de Curtea de Apel<\/h2>\n\n\n\n<p>\u00cempotriva sentin\u021bei mai bl\u00e2nde de la Judec\u0103toria Sector 1 au f\u0103cut apel rudele celor dou\u0103 feti\u021be, dar \u0219i procurorii care s-au ocupat de dosarul Raisa. Nici poli\u021bistul nu a fost mul\u021bumit de pedeaps\u0103 \u0219i a contestat-o, la r\u00e2ndul s\u0103u, la Curtea de Apel Bucure\u0219ti, \u00een speran\u021ba c\u0103 va fi mic\u0219orat\u0103. <\/p>\n\n\n\n<p>Judec\u0103torii au decis, \u00een schimb, c\u0103 poli\u021bistul de la Sec\u021bia 5 merit\u0103 o pedeaps\u0103 mai dur\u0103, prin urmare au eliminat suspendarea \u0219i au decis c\u0103 agentul trebuie s\u0103 execute cei trei ani de \u00eenchisoare la care a fost condamnat. <\/p>\n\n\n\n<p>\u201eRespinge, ca nefondat, apelul declarat de c\u0103tre apelantul inculpat Popescu Constantin, \u00eempotriva sentin\u021bei penale nr. 51 din data de 31.01.2024 a Judec\u0103toriei Sectorului 1. (&#8230;) Admite apelurile declarate de c\u0103tre Parchetul de pe l\u00e2ng\u0103 Judec\u0103toria Sectorului 1 Bucure\u0219ti \u015fi de c\u0103tre p\u0103r\u0163ile civile: Gherghescu Marina Elena, Barbu Liliana \u015fi Barbu Claudiu Iulian (&#8230;). <\/p>\n\n\n\n<p>(&#8230;) \u00cenl\u0103tur\u0103 dispozi\u021biile privind suspendarea execut\u0103rii pedepsei sub supraveghere aplicate inculpatului Popescu Constantin. <\/p>\n\n\n\n<p>Pedeapsa rezultant\u0103 de 3 ani \u00eenchisoare aplicat\u0103 inculpatului Popescu Constantin se va executa \u00een regim de deten\u021bie\u201d, se arat\u0103 \u00een minuta sentin\u021bei dat\u0103 de Curtea de Apel Bucure\u0219ti.<\/p>\n\n\n\n<h2 class=\"wp-block-heading\" id=\"h-700-000-de-euro-despagubiri-in-dosarul-care-l-vizeaza-pe-poli\u021bistul-care-a-ucis-o-feti\u021ba-pe-trecerea-de-pietoni\">700.000 de euro desp\u0103gubiri \u00een dosarul care-l vizeaz\u0103 pe poli\u021bistul care a ucis o feti\u021b\u0103 pe trecerea de pietoni<\/h2>\n\n\n\n<p>Judec\u0103torii au mai decis ca societatea de asigurare City Insurance s\u0103 pl\u0103teasc\u0103 celor dou\u0103 familii ale victimelor c\u0103tre 250.000 de euro sub forma de desp\u0103gubiri morale. <\/p>\n\n\n\n<p>\u00cen plus, mama Raiseim Gherghescu Marina Elena, va mai primi \u00eenc\u0103 200.000 de euro daune morale, de la aceea\u0219i companie unde era asigurat RCA autoturismul de poli\u021bie. <\/p>\n\n\n\n<p>Cum \u00eens\u0103 compania City Insurance nu mai exist\u0103, d\u00e2nd faliment \u00een 2022, plata desp\u0103gubirilor va fi preluat\u0103 de c\u0103tre statul rom\u00e2n, prin <a href=\"https:\/\/www.fgaromania.ro\/\" target=\"_blank\" rel=\"noreferrer noopener\">Fondul de Garantare a Asigura\u021bilor<\/a>.<\/p>\n\n\n\n<p>CITE\u0218TE \u0218I: <strong><a href=\"https:\/\/buletin.de\/bucuresti\/investigatie-robert-negoita-marcheaza-din-nou-in-conturile-sotiei-lui-daniel-pancu-firma-cu-un-singur-angajat-primeste-aproape-4-000-de-euro-pentru-o-ora-de-concert-in-ior\/\" target=\"_blank\" rel=\"noreferrer noopener\">INVESTIGA\u021aIE | Robert Negoi\u021b\u0103 \u201emarcheaz\u0103\u201d din nou \u00een conturile so\u021biei lui Daniel Pancu. Firma cu un singur angajat prime\u0219te aproape 4.000 de euro pentru o or\u0103 de concert \u00een IOR<\/a><\/strong><\/p>\n","protected":false},"excerpt":{"rendered":"<p>Poli\u021bistul care a ucis o feti\u021b\u0103 pe trecerea de pietoni \u0219i a r\u0103nit-o pe a doua, \u00een Bucure\u0219ti, a fost condamnat la 3 ani de \u00eenchisoare, cu executare. De asemenea, societatea de asigur\u0103ri la care era asigurat RCA autovehicul de Poli\u021bie implicat \u00een accident a fost obligat\u0103 s\u0103 pl\u0103teasc\u0103 desp\u0103gubiri morale totale de 700.000 de [&hellip;]<\/p>\n","protected":false},"author":1,"featured_media":94587,"comment_status":"closed","ping_status":"open","sticky":false,"template":"","format":"standard","meta":{"_acf_changed":false,"inline_featured_image":false,"ngg_post_thumbnail":0,"footnotes":""},"categories":[6994,9026,5762],"tags":[14233,14232,14234,5100,7760],"ppma_author":[22583],"class_list":["post-94586","post","type-post","status-publish","format-standard","has-post-thumbnail","hentry","category-stiri-2","category-eveniment","category-main","tag-accident-trecere-de-pietoni","tag-dosarul-raisa","tag-politist-accident-raisa","tag-raisa","tag-trecere-de-pietoni"],"acf":[],"yoast_head":"<!-- This site is optimized with the Yoast SEO Premium plugin v25.3 (Yoast SEO v27.5) - https:\/\/yoast.com\/product\/yoast-seo-premium-wordpress\/ -->\n<title>Poli\u021bistul care a ucis o feti\u021b\u0103 pe trecerea de pietoni, condamnat la 3 ani de \u00eenchisoare. Dosarul Raisa, la final - Buletin de Bucure\u0219ti<\/title>\n<meta name=\"description\" content=\"Poli\u021bistul care a ucis o feti\u021b\u0103 pe trecerea de pietoni \u0219i a r\u0103nit-o pe a doua a fost condamnat la 3 ani de \u00eenchisoare, cu executare.\" \/>\n<meta name=\"robots\" content=\"index, follow, max-snippet:-1, max-image-preview:large, max-video-preview:-1\" \/>\n<link rel=\"canonical\" href=\"https:\/\/buletin.de\/bucuresti\/politistul-care-a-ucis-o-fetita-pe-trecerea-de-pietoni-condamnat-la-3-ani-de-inchisoare-dosarul-raisa-la-final\/\" \/>\n<meta property=\"og:locale\" content=\"en_GB\" \/>\n<meta property=\"og:type\" content=\"article\" \/>\n<meta property=\"og:title\" content=\"Poli\u021bistul care a ucis o feti\u021b\u0103 pe trecerea de pietoni, condamnat la 3 ani de \u00eenchisoare. Dosarul Raisa, la final\" \/>\n<meta property=\"og:description\" content=\"Poli\u021bistul care a ucis o feti\u021b\u0103 pe trecerea de pietoni \u0219i a r\u0103nit-o pe a doua a fost condamnat la 3 ani de \u00eenchisoare, cu executare.\" \/>\n<meta property=\"og:url\" content=\"https:\/\/buletin.de\/bucuresti\/politistul-care-a-ucis-o-fetita-pe-trecerea-de-pietoni-condamnat-la-3-ani-de-inchisoare-dosarul-raisa-la-final\/\" \/>\n<meta property=\"og:site_name\" content=\"Buletin de Bucure\u0219ti\" \/>\n<meta property=\"article:publisher\" content=\"https:\/\/www.facebook.com\/buletin.de.buc\" \/>\n<meta property=\"article:published_time\" content=\"2024-08-13T15:21:17+00:00\" \/>\n<meta property=\"article:modified_time\" content=\"2024-08-13T15:42:29+00:00\" \/>\n<meta property=\"og:image\" content=\"https:\/\/buletin.de\/bucuresti\/wp-content\/uploads\/politistulcareaucisofetita.jpg\" \/>\n\t<meta property=\"og:image:width\" content=\"670\" \/>\n\t<meta property=\"og:image:height\" content=\"384\" \/>\n\t<meta property=\"og:image:type\" content=\"image\/jpeg\" \/>\n<meta name=\"author\" content=\"Redac\u021bia Buletin de Bucure\u0219ti\" \/>\n<meta name=\"twitter:card\" content=\"summary_large_image\" \/>\n<meta name=\"twitter:label1\" content=\"Written by\" \/>\n\t<meta name=\"twitter:data1\" content=\"Redac\u021bia Buletin de Bucure\u0219ti\" \/>\n\t<meta name=\"twitter:label2\" content=\"Estimated reading time\" \/>\n\t<meta name=\"twitter:data2\" content=\"3 minutes\" \/>\n<script type=\"application\/ld+json\" class=\"yoast-schema-graph\">{\"@context\":\"https:\\\/\\\/schema.org\",\"@graph\":[{\"@type\":\"Article\",\"@id\":\"https:\\\/\\\/buletin.de\\\/bucuresti\\\/politistul-care-a-ucis-o-fetita-pe-trecerea-de-pietoni-condamnat-la-3-ani-de-inchisoare-dosarul-raisa-la-final\\\/#article\",\"isPartOf\":{\"@id\":\"https:\\\/\\\/buletin.de\\\/bucuresti\\\/politistul-care-a-ucis-o-fetita-pe-trecerea-de-pietoni-condamnat-la-3-ani-de-inchisoare-dosarul-raisa-la-final\\\/\"},\"author\":{\"name\":\"Redac\u021bia Buletin de Bucure\u0219ti\",\"@id\":\"https:\\\/\\\/buletin.de\\\/bucuresti\\\/#\\\/schema\\\/person\\\/2bbcf854e5f2419a13804af574d06ab1\"},\"headline\":\"Poli\u021bistul care a ucis o feti\u021b\u0103 pe trecerea de pietoni, condamnat la 3 ani de \u00eenchisoare. Dosarul Raisa, la final\",\"datePublished\":\"2024-08-13T15:21:17+00:00\",\"dateModified\":\"2024-08-13T15:42:29+00:00\",\"mainEntityOfPage\":{\"@id\":\"https:\\\/\\\/buletin.de\\\/bucuresti\\\/politistul-care-a-ucis-o-fetita-pe-trecerea-de-pietoni-condamnat-la-3-ani-de-inchisoare-dosarul-raisa-la-final\\\/\"},\"wordCount\":668,\"publisher\":{\"@id\":\"https:\\\/\\\/buletin.de\\\/bucuresti\\\/#organization\"},\"image\":{\"@id\":\"https:\\\/\\\/buletin.de\\\/bucuresti\\\/politistul-care-a-ucis-o-fetita-pe-trecerea-de-pietoni-condamnat-la-3-ani-de-inchisoare-dosarul-raisa-la-final\\\/#primaryimage\"},\"thumbnailUrl\":\"https:\\\/\\\/buletin.de\\\/bucuresti\\\/wp-content\\\/uploads\\\/politistulcareaucisofetita.jpg\",\"keywords\":[\"accident trecere de pietoni\",\"dosarul raisa\",\"politist accident raisa\",\"Raisa\",\"trecere de pietoni\"],\"articleSection\":[\"Articole\",\"Eveniment\",\"Main\"],\"inLanguage\":\"en-GB\",\"copyrightYear\":\"2024\",\"copyrightHolder\":{\"@id\":\"https:\\\/\\\/buletin.de\\\/bucuresti\\\/#organization\"}},{\"@type\":\"WebPage\",\"@id\":\"https:\\\/\\\/buletin.de\\\/bucuresti\\\/politistul-care-a-ucis-o-fetita-pe-trecerea-de-pietoni-condamnat-la-3-ani-de-inchisoare-dosarul-raisa-la-final\\\/\",\"url\":\"https:\\\/\\\/buletin.de\\\/bucuresti\\\/politistul-care-a-ucis-o-fetita-pe-trecerea-de-pietoni-condamnat-la-3-ani-de-inchisoare-dosarul-raisa-la-final\\\/\",\"name\":\"Poli\u021bistul care a ucis o feti\u021b\u0103 pe trecerea de pietoni, condamnat la 3 ani de \u00eenchisoare. Dosarul Raisa, la final - Buletin de Bucure\u0219ti\",\"isPartOf\":{\"@id\":\"https:\\\/\\\/buletin.de\\\/bucuresti\\\/#website\"},\"primaryImageOfPage\":{\"@id\":\"https:\\\/\\\/buletin.de\\\/bucuresti\\\/politistul-care-a-ucis-o-fetita-pe-trecerea-de-pietoni-condamnat-la-3-ani-de-inchisoare-dosarul-raisa-la-final\\\/#primaryimage\"},\"image\":{\"@id\":\"https:\\\/\\\/buletin.de\\\/bucuresti\\\/politistul-care-a-ucis-o-fetita-pe-trecerea-de-pietoni-condamnat-la-3-ani-de-inchisoare-dosarul-raisa-la-final\\\/#primaryimage\"},\"thumbnailUrl\":\"https:\\\/\\\/buletin.de\\\/bucuresti\\\/wp-content\\\/uploads\\\/politistulcareaucisofetita.jpg\",\"datePublished\":\"2024-08-13T15:21:17+00:00\",\"dateModified\":\"2024-08-13T15:42:29+00:00\",\"description\":\"Poli\u021bistul care a ucis o feti\u021b\u0103 pe trecerea de pietoni \u0219i a r\u0103nit-o pe a doua a fost condamnat la 3 ani de \u00eenchisoare, cu executare.\",\"breadcrumb\":{\"@id\":\"https:\\\/\\\/buletin.de\\\/bucuresti\\\/politistul-care-a-ucis-o-fetita-pe-trecerea-de-pietoni-condamnat-la-3-ani-de-inchisoare-dosarul-raisa-la-final\\\/#breadcrumb\"},\"inLanguage\":\"en-GB\",\"potentialAction\":[{\"@type\":\"ReadAction\",\"target\":[\"https:\\\/\\\/buletin.de\\\/bucuresti\\\/politistul-care-a-ucis-o-fetita-pe-trecerea-de-pietoni-condamnat-la-3-ani-de-inchisoare-dosarul-raisa-la-final\\\/\"]}]},{\"@type\":\"ImageObject\",\"inLanguage\":\"en-GB\",\"@id\":\"https:\\\/\\\/buletin.de\\\/bucuresti\\\/politistul-care-a-ucis-o-fetita-pe-trecerea-de-pietoni-condamnat-la-3-ani-de-inchisoare-dosarul-raisa-la-final\\\/#primaryimage\",\"url\":\"https:\\\/\\\/buletin.de\\\/bucuresti\\\/wp-content\\\/uploads\\\/politistulcareaucisofetita.jpg\",\"contentUrl\":\"https:\\\/\\\/buletin.de\\\/bucuresti\\\/wp-content\\\/uploads\\\/politistulcareaucisofetita.jpg\",\"width\":670,\"height\":384,\"caption\":\"Poli\u021bistul care a ucis o feti\u021b\u0103 pe trecerea de pietoni, condamnat la 3 ani de \u00eenchisoare\"},{\"@type\":\"BreadcrumbList\",\"@id\":\"https:\\\/\\\/buletin.de\\\/bucuresti\\\/politistul-care-a-ucis-o-fetita-pe-trecerea-de-pietoni-condamnat-la-3-ani-de-inchisoare-dosarul-raisa-la-final\\\/#breadcrumb\",\"itemListElement\":[{\"@type\":\"ListItem\",\"position\":1,\"name\":\"Acas\u0103\",\"item\":\"https:\\\/\\\/buletin.de\\\/bucuresti\\\/\"},{\"@type\":\"ListItem\",\"position\":2,\"name\":\"Poli\u021bistul care a ucis o feti\u021b\u0103 pe trecerea de pietoni, condamnat la 3 ani de \u00eenchisoare. Dosarul Raisa, la final\"}]},{\"@type\":\"WebSite\",\"@id\":\"https:\\\/\\\/buletin.de\\\/bucuresti\\\/#website\",\"url\":\"https:\\\/\\\/buletin.de\\\/bucuresti\\\/\",\"name\":\"Buletin de Bucure\u0219ti\",\"description\":\"\u0218tiri \u0219i investiga\u021bii esen\u021biale din capital\u0103\",\"publisher\":{\"@id\":\"https:\\\/\\\/buletin.de\\\/bucuresti\\\/#organization\"},\"potentialAction\":[{\"@type\":\"SearchAction\",\"target\":{\"@type\":\"EntryPoint\",\"urlTemplate\":\"https:\\\/\\\/buletin.de\\\/bucuresti\\\/?s={search_term_string}\"},\"query-input\":{\"@type\":\"PropertyValueSpecification\",\"valueRequired\":true,\"valueName\":\"search_term_string\"}}],\"inLanguage\":\"en-GB\"},{\"@type\":\"Organization\",\"@id\":\"https:\\\/\\\/buletin.de\\\/bucuresti\\\/#organization\",\"name\":\"Buletin de Bucure\u0219ti\",\"url\":\"https:\\\/\\\/buletin.de\\\/bucuresti\\\/\",\"logo\":{\"@type\":\"ImageObject\",\"inLanguage\":\"en-GB\",\"@id\":\"https:\\\/\\\/buletin.de\\\/bucuresti\\\/#\\\/schema\\\/logo\\\/image\\\/\",\"url\":\"https:\\\/\\\/buletin.de\\\/bucuresti\\\/wp-content\\\/uploads\\\/logo-bdb-full-wide-vernil-transparent.png\",\"contentUrl\":\"https:\\\/\\\/buletin.de\\\/bucuresti\\\/wp-content\\\/uploads\\\/logo-bdb-full-wide-vernil-transparent.png\",\"width\":1782,\"height\":626,\"caption\":\"Buletin de Bucure\u0219ti\"},\"image\":{\"@id\":\"https:\\\/\\\/buletin.de\\\/bucuresti\\\/#\\\/schema\\\/logo\\\/image\\\/\"},\"sameAs\":[\"https:\\\/\\\/www.facebook.com\\\/buletin.de.buc\",\"https:\\\/\\\/www.instagram.com\\\/buletinde.bucuresti\\\/\"]},{\"@type\":\"Person\",\"@id\":\"https:\\\/\\\/buletin.de\\\/bucuresti\\\/#\\\/schema\\\/person\\\/2bbcf854e5f2419a13804af574d06ab1\",\"name\":\"Redac\u021bia Buletin de Bucure\u0219ti\",\"image\":{\"@type\":\"ImageObject\",\"inLanguage\":\"en-GB\",\"@id\":\"https:\\\/\\\/secure.gravatar.com\\\/avatar\\\/18c5342381ed1a08620e6280424e3e5efc958618f5d67c522c9e44c1bc6f9226?s=96&d=monsterid&r=g60c7cd0ad92c68c049fcd4bb3504d609\",\"url\":\"https:\\\/\\\/secure.gravatar.com\\\/avatar\\\/18c5342381ed1a08620e6280424e3e5efc958618f5d67c522c9e44c1bc6f9226?s=96&d=monsterid&r=g\",\"contentUrl\":\"https:\\\/\\\/secure.gravatar.com\\\/avatar\\\/18c5342381ed1a08620e6280424e3e5efc958618f5d67c522c9e44c1bc6f9226?s=96&d=monsterid&r=g\",\"caption\":\"Redac\u021bia Buletin de Bucure\u0219ti\"},\"description\":\"Buletin de Bucure\u0219ti exist\u0103 din vara anului 2019.\",\"url\":\"https:\\\/\\\/buletin.de\\\/bucuresti\\\/author\\\/adminbuletin\\\/\"}]}<\/script>\n<!-- \/ Yoast SEO Premium plugin. -->","yoast_head_json":{"title":"Poli\u021bistul care a ucis o feti\u021b\u0103 pe trecerea de pietoni, condamnat la 3 ani de \u00eenchisoare. Dosarul Raisa, la final - Buletin de Bucure\u0219ti","description":"Poli\u021bistul care a ucis o feti\u021b\u0103 pe trecerea de pietoni \u0219i a r\u0103nit-o pe a doua a fost condamnat la 3 ani de \u00eenchisoare, cu executare.","robots":{"index":"index","follow":"follow","max-snippet":"max-snippet:-1","max-image-preview":"max-image-preview:large","max-video-preview":"max-video-preview:-1"},"canonical":"https:\/\/buletin.de\/bucuresti\/politistul-care-a-ucis-o-fetita-pe-trecerea-de-pietoni-condamnat-la-3-ani-de-inchisoare-dosarul-raisa-la-final\/","og_locale":"en_GB","og_type":"article","og_title":"Poli\u021bistul care a ucis o feti\u021b\u0103 pe trecerea de pietoni, condamnat la 3 ani de \u00eenchisoare. Dosarul Raisa, la final","og_description":"Poli\u021bistul care a ucis o feti\u021b\u0103 pe trecerea de pietoni \u0219i a r\u0103nit-o pe a doua a fost condamnat la 3 ani de \u00eenchisoare, cu executare.","og_url":"https:\/\/buletin.de\/bucuresti\/politistul-care-a-ucis-o-fetita-pe-trecerea-de-pietoni-condamnat-la-3-ani-de-inchisoare-dosarul-raisa-la-final\/","og_site_name":"Buletin de Bucure\u0219ti","article_publisher":"https:\/\/www.facebook.com\/buletin.de.buc","article_published_time":"2024-08-13T15:21:17+00:00","article_modified_time":"2024-08-13T15:42:29+00:00","og_image":[{"width":670,"height":384,"url":"https:\/\/buletin.de\/bucuresti\/wp-content\/uploads\/politistulcareaucisofetita.jpg","type":"image\/jpeg"}],"author":"Redac\u021bia Buletin de Bucure\u0219ti","twitter_card":"summary_large_image","twitter_misc":{"Written by":"Redac\u021bia Buletin de Bucure\u0219ti","Estimated reading time":"3 minutes"},"schema":{"@context":"https:\/\/schema.org","@graph":[{"@type":"Article","@id":"https:\/\/buletin.de\/bucuresti\/politistul-care-a-ucis-o-fetita-pe-trecerea-de-pietoni-condamnat-la-3-ani-de-inchisoare-dosarul-raisa-la-final\/#article","isPartOf":{"@id":"https:\/\/buletin.de\/bucuresti\/politistul-care-a-ucis-o-fetita-pe-trecerea-de-pietoni-condamnat-la-3-ani-de-inchisoare-dosarul-raisa-la-final\/"},"author":{"name":"Redac\u021bia Buletin de Bucure\u0219ti","@id":"https:\/\/buletin.de\/bucuresti\/#\/schema\/person\/2bbcf854e5f2419a13804af574d06ab1"},"headline":"Poli\u021bistul care a ucis o feti\u021b\u0103 pe trecerea de pietoni, condamnat la 3 ani de \u00eenchisoare. Dosarul Raisa, la final","datePublished":"2024-08-13T15:21:17+00:00","dateModified":"2024-08-13T15:42:29+00:00","mainEntityOfPage":{"@id":"https:\/\/buletin.de\/bucuresti\/politistul-care-a-ucis-o-fetita-pe-trecerea-de-pietoni-condamnat-la-3-ani-de-inchisoare-dosarul-raisa-la-final\/"},"wordCount":668,"publisher":{"@id":"https:\/\/buletin.de\/bucuresti\/#organization"},"image":{"@id":"https:\/\/buletin.de\/bucuresti\/politistul-care-a-ucis-o-fetita-pe-trecerea-de-pietoni-condamnat-la-3-ani-de-inchisoare-dosarul-raisa-la-final\/#primaryimage"},"thumbnailUrl":"https:\/\/buletin.de\/bucuresti\/wp-content\/uploads\/politistulcareaucisofetita.jpg","keywords":["accident trecere de pietoni","dosarul raisa","politist accident raisa","Raisa","trecere de pietoni"],"articleSection":["Articole","Eveniment","Main"],"inLanguage":"en-GB","copyrightYear":"2024","copyrightHolder":{"@id":"https:\/\/buletin.de\/bucuresti\/#organization"}},{"@type":"WebPage","@id":"https:\/\/buletin.de\/bucuresti\/politistul-care-a-ucis-o-fetita-pe-trecerea-de-pietoni-condamnat-la-3-ani-de-inchisoare-dosarul-raisa-la-final\/","url":"https:\/\/buletin.de\/bucuresti\/politistul-care-a-ucis-o-fetita-pe-trecerea-de-pietoni-condamnat-la-3-ani-de-inchisoare-dosarul-raisa-la-final\/","name":"Poli\u021bistul care a ucis o feti\u021b\u0103 pe trecerea de pietoni, condamnat la 3 ani de \u00eenchisoare. Dosarul Raisa, la final - Buletin de Bucure\u0219ti","isPartOf":{"@id":"https:\/\/buletin.de\/bucuresti\/#website"},"primaryImageOfPage":{"@id":"https:\/\/buletin.de\/bucuresti\/politistul-care-a-ucis-o-fetita-pe-trecerea-de-pietoni-condamnat-la-3-ani-de-inchisoare-dosarul-raisa-la-final\/#primaryimage"},"image":{"@id":"https:\/\/buletin.de\/bucuresti\/politistul-care-a-ucis-o-fetita-pe-trecerea-de-pietoni-condamnat-la-3-ani-de-inchisoare-dosarul-raisa-la-final\/#primaryimage"},"thumbnailUrl":"https:\/\/buletin.de\/bucuresti\/wp-content\/uploads\/politistulcareaucisofetita.jpg","datePublished":"2024-08-13T15:21:17+00:00","dateModified":"2024-08-13T15:42:29+00:00","description":"Poli\u021bistul care a ucis o feti\u021b\u0103 pe trecerea de pietoni \u0219i a r\u0103nit-o pe a doua a fost condamnat la 3 ani de \u00eenchisoare, cu executare.","breadcrumb":{"@id":"https:\/\/buletin.de\/bucuresti\/politistul-care-a-ucis-o-fetita-pe-trecerea-de-pietoni-condamnat-la-3-ani-de-inchisoare-dosarul-raisa-la-final\/#breadcrumb"},"inLanguage":"en-GB","potentialAction":[{"@type":"ReadAction","target":["https:\/\/buletin.de\/bucuresti\/politistul-care-a-ucis-o-fetita-pe-trecerea-de-pietoni-condamnat-la-3-ani-de-inchisoare-dosarul-raisa-la-final\/"]}]},{"@type":"ImageObject","inLanguage":"en-GB","@id":"https:\/\/buletin.de\/bucuresti\/politistul-care-a-ucis-o-fetita-pe-trecerea-de-pietoni-condamnat-la-3-ani-de-inchisoare-dosarul-raisa-la-final\/#primaryimage","url":"https:\/\/buletin.de\/bucuresti\/wp-content\/uploads\/politistulcareaucisofetita.jpg","contentUrl":"https:\/\/buletin.de\/bucuresti\/wp-content\/uploads\/politistulcareaucisofetita.jpg","width":670,"height":384,"caption":"Poli\u021bistul care a ucis o feti\u021b\u0103 pe trecerea de pietoni, condamnat la 3 ani de \u00eenchisoare"},{"@type":"BreadcrumbList","@id":"https:\/\/buletin.de\/bucuresti\/politistul-care-a-ucis-o-fetita-pe-trecerea-de-pietoni-condamnat-la-3-ani-de-inchisoare-dosarul-raisa-la-final\/#breadcrumb","itemListElement":[{"@type":"ListItem","position":1,"name":"Acas\u0103","item":"https:\/\/buletin.de\/bucuresti\/"},{"@type":"ListItem","position":2,"name":"Poli\u021bistul care a ucis o feti\u021b\u0103 pe trecerea de pietoni, condamnat la 3 ani de \u00eenchisoare. Dosarul Raisa, la final"}]},{"@type":"WebSite","@id":"https:\/\/buletin.de\/bucuresti\/#website","url":"https:\/\/buletin.de\/bucuresti\/","name":"Buletin de Bucure\u0219ti","description":"\u0218tiri \u0219i investiga\u021bii esen\u021biale din capital\u0103","publisher":{"@id":"https:\/\/buletin.de\/bucuresti\/#organization"},"potentialAction":[{"@type":"SearchAction","target":{"@type":"EntryPoint","urlTemplate":"https:\/\/buletin.de\/bucuresti\/?s={search_term_string}"},"query-input":{"@type":"PropertyValueSpecification","valueRequired":true,"valueName":"search_term_string"}}],"inLanguage":"en-GB"},{"@type":"Organization","@id":"https:\/\/buletin.de\/bucuresti\/#organization","name":"Buletin de Bucure\u0219ti","url":"https:\/\/buletin.de\/bucuresti\/","logo":{"@type":"ImageObject","inLanguage":"en-GB","@id":"https:\/\/buletin.de\/bucuresti\/#\/schema\/logo\/image\/","url":"https:\/\/buletin.de\/bucuresti\/wp-content\/uploads\/logo-bdb-full-wide-vernil-transparent.png","contentUrl":"https:\/\/buletin.de\/bucuresti\/wp-content\/uploads\/logo-bdb-full-wide-vernil-transparent.png","width":1782,"height":626,"caption":"Buletin de Bucure\u0219ti"},"image":{"@id":"https:\/\/buletin.de\/bucuresti\/#\/schema\/logo\/image\/"},"sameAs":["https:\/\/www.facebook.com\/buletin.de.buc","https:\/\/www.instagram.com\/buletinde.bucuresti\/"]},{"@type":"Person","@id":"https:\/\/buletin.de\/bucuresti\/#\/schema\/person\/2bbcf854e5f2419a13804af574d06ab1","name":"Redac\u021bia Buletin de Bucure\u0219ti","image":{"@type":"ImageObject","inLanguage":"en-GB","@id":"https:\/\/secure.gravatar.com\/avatar\/18c5342381ed1a08620e6280424e3e5efc958618f5d67c522c9e44c1bc6f9226?s=96&d=monsterid&r=g60c7cd0ad92c68c049fcd4bb3504d609","url":"https:\/\/secure.gravatar.com\/avatar\/18c5342381ed1a08620e6280424e3e5efc958618f5d67c522c9e44c1bc6f9226?s=96&d=monsterid&r=g","contentUrl":"https:\/\/secure.gravatar.com\/avatar\/18c5342381ed1a08620e6280424e3e5efc958618f5d67c522c9e44c1bc6f9226?s=96&d=monsterid&r=g","caption":"Redac\u021bia Buletin de Bucure\u0219ti"},"description":"Buletin de Bucure\u0219ti exist\u0103 din vara anului 2019.","url":"https:\/\/buletin.de\/bucuresti\/author\/adminbuletin\/"}]}},"authors":[{"term_id":22583,"user_id":1,"is_guest":0,"slug":"adminbuletin","display_name":"Redac\u021bia Buletin de Bucure\u0219ti","avatar_url":"https:\/\/secure.gravatar.com\/avatar\/18c5342381ed1a08620e6280424e3e5efc958618f5d67c522c9e44c1bc6f9226?s=96&d=monsterid&r=g","0":null,"1":"","2":"","3":"","4":"","5":"","6":"","7":"","8":""}],"_links":{"self":[{"href":"https:\/\/buletin.de\/bucuresti\/wp-json\/wp\/v2\/posts\/94586","targetHints":{"allow":["GET"]}}],"collection":[{"href":"https:\/\/buletin.de\/bucuresti\/wp-json\/wp\/v2\/posts"}],"about":[{"href":"https:\/\/buletin.de\/bucuresti\/wp-json\/wp\/v2\/types\/post"}],"author":[{"embeddable":true,"href":"https:\/\/buletin.de\/bucuresti\/wp-json\/wp\/v2\/users\/1"}],"replies":[{"embeddable":true,"href":"https:\/\/buletin.de\/bucuresti\/wp-json\/wp\/v2\/comments?post=94586"}],"version-history":[{"count":6,"href":"https:\/\/buletin.de\/bucuresti\/wp-json\/wp\/v2\/posts\/94586\/revisions"}],"predecessor-version":[{"id":94598,"href":"https:\/\/buletin.de\/bucuresti\/wp-json\/wp\/v2\/posts\/94586\/revisions\/94598"}],"wp:featuredmedia":[{"embeddable":true,"href":"https:\/\/buletin.de\/bucuresti\/wp-json\/wp\/v2\/media\/94587"}],"wp:attachment":[{"href":"https:\/\/buletin.de\/bucuresti\/wp-json\/wp\/v2\/media?parent=94586"}],"wp:term":[{"taxonomy":"category","embeddable":true,"href":"https:\/\/buletin.de\/bucuresti\/wp-json\/wp\/v2\/categories?post=94586"},{"taxonomy":"post_tag","embeddable":true,"href":"https:\/\/buletin.de\/bucuresti\/wp-json\/wp\/v2\/tags?post=94586"},{"taxonomy":"author","embeddable":true,"href":"https:\/\/buletin.de\/bucuresti\/wp-json\/wp\/v2\/ppma_author?post=94586"}],"curies":[{"name":"wp","href":"https:\/\/api.w.org\/{rel}","templated":true}]}}