{"id":94442,"date":"2024-08-13T07:00:00","date_gmt":"2024-08-13T04:00:00","guid":{"rendered":"https:\/\/buletin.de\/bucuresti\/?p=94442"},"modified":"2024-08-14T06:57:13","modified_gmt":"2024-08-14T03:57:13","slug":"investigatie-robert-negoita-marcheaza-din-nou-in-conturile-sotiei-lui-daniel-pancu-firma-cu-un-singur-angajat-primeste-aproape-4-000-de-euro-pentru-o-ora-de-concert-in-ior","status":"publish","type":"post","link":"https:\/\/buletin.de\/bucuresti\/investigatie-robert-negoita-marcheaza-din-nou-in-conturile-sotiei-lui-daniel-pancu-firma-cu-un-singur-angajat-primeste-aproape-4-000-de-euro-pentru-o-ora-de-concert-in-ior\/","title":{"rendered":"INVESTIGA\u021aIE | Robert Negoi\u021b\u0103 \u201emarcheaz\u0103\u201d din nou \u00een conturile so\u021biei lui Daniel Pancu. Firma cu un singur angajat prime\u0219te aproape 4.000 de euro pentru o or\u0103 de concert \u00een IOR"},"content":{"rendered":"\n<ul class=\"wp-block-list\">\n<li><strong>\u201eStagiunea Estival\u0103 de Muzic\u0103\u201d din Parcul IOR, \u00eenceput\u0103 \u00eenc\u0103 din 19 iulie, a fost anun\u021bat\u0103 de prim\u0103ria condus\u0103 de Robert Negoi\u021b\u0103 printr-un afi\u0219 pe care scria cu majuscule: \u201eintrare liber\u0103\u201d. Astfel, autoritatea local\u0103 le promitea locuitorilor Sectorului 3 concerte <strong>\u201e<\/strong>gratuite\u201d la foi\u0219orul de piatr\u0103 din parc, \u00een fiecare weekend, p\u00e2n\u0103 pe 8 septembrie.&nbsp;<\/strong><\/li>\n\n\n\n<li><strong>Afi\u0219ul distribuit de Prim\u0103ria Sectorului 3 are \u00een spate un contract ajuns \u00een posesia reporterilor Buletin de Bucure\u0219ti, care arat\u0103 c\u0103 institu\u021bia a pl\u0103tit din banii cet\u0103\u021benilor peste 90.000 de euro pentru aceste evenimente.&nbsp;<\/strong><\/li>\n\n\n\n<li><strong>Banii au intrat \u00een conturile Making Music Butique, firma cu un singur angajat, patronat\u0103 de Andra Pancu, so\u021bia fostului fotbalist \u0219i candidat pe listele Gabrielei Firea \u00een 2020 la Consiliul General din partea PSD.<\/strong><\/li>\n\n\n\n<li><strong>Buletin de Bucure\u0219ti <\/strong><a href=\"https:\/\/buletin.de\/bucuresti\/robert-negoita-a-platit-peste-100-000-de-euro-pentru-petrecerea-de-ziua-nationala-de-la-hala-laminor-banii-au-ajuns-la-un-srl-cu-un-singur-angajat-patronat-de-sotia-fostului-fotbalist-daniel-pancu\/\"><strong>a dezv\u0103luit \u00een urm\u0103 cu c\u00e2teva luni c\u0103 prim\u0103ria condus\u0103 de edilul Robert Negoi\u021b\u0103 a mai pl\u0103tit c\u0103tre firma Andrei Pancu<\/strong><\/a><strong>, din bugetul local, aproximativ 100.000 de euro, pentru spectacolul de la Hala Laminor organizat cu ocazia Zilei Na\u021bionale a Rom\u00e2niei.\u00a0<\/strong><\/li>\n\n\n\n<li><strong>\u0218i atunci, la fel ca acum<\/strong><strong>, contractul a fost atribuit printr-o procedur\u0103 simplificat\u0103 proprie a Prim\u0103riei Sectorului 3. De\u0219i anun\u0163ul a fost publicat \u00een Sistemul Electronic de Achizi\u021bii Publice (SEAP), atribuirea contractului a ap\u0103rut dup\u0103 mai multe s\u0103pt\u0103m\u00e2ni doar pe site-ul Prim\u0103riei Sector 3.&nbsp;<\/strong><\/li>\n\n\n\n<li><strong>Reporterii Buletin de Bucure\u0219ti au verificat \u00een teren \u201eserviciile\u201d prestate cet\u0103\u021benilor din Sectorul 3. La unul dintre aceste concerte a urcat pe scen\u0103 o forma\u021bie care c\u00e2nt\u0103 de obicei la nun\u021bi. Majoritatea locuitorilor prezen\u021bi la concert cu care reporterii au discutat sus\u021bin c\u0103 nu cunosc arti\u0219tii de pe scen\u0103 \u0219i c\u0103 sumele pl\u0103tite pentru eveniment sunt prea mari. Totu\u0219i, asta nu i-a \u00eempiedicat pe mul\u021bi dintre ace\u0219tia s\u0103 se prind\u0103 \u00eentr-o hor\u0103 \u00een fa\u021ba scenei.<\/strong><\/li>\n<\/ul>\n\n\n<div class=\"wp-block-image\">\n<figure class=\"aligncenter size-large\"><img fetchpriority=\"high\" decoding=\"async\" width=\"900\" height=\"506\" src=\"data:image\/gif;base64,R0lGODlhAQABAAAAACH5BAEKAAEALAAAAAABAAEAAAICTAEAOw==\" data-src=\"https:\/\/buletin.de\/bucuresti\/wp-content\/uploads\/BdB-grafica-investigatii-2-1-1600x900-1-900x506.png\" alt=\"\" class=\"wp-image-94444 lazyload\" data-sizes=\"auto\" data-srcset=\"https:\/\/buletin.de\/bucuresti\/wp-content\/uploads\/BdB-grafica-investigatii-2-1-1600x900-1-900x506.png 900w, https:\/\/buletin.de\/bucuresti\/wp-content\/uploads\/BdB-grafica-investigatii-2-1-1600x900-1-300x169.png 300w, https:\/\/buletin.de\/bucuresti\/wp-content\/uploads\/BdB-grafica-investigatii-2-1-1600x900-1-768x432.png 768w, https:\/\/buletin.de\/bucuresti\/wp-content\/uploads\/BdB-grafica-investigatii-2-1-1600x900-1-1536x864.png 1536w, https:\/\/buletin.de\/bucuresti\/wp-content\/uploads\/BdB-grafica-investigatii-2-1-1600x900-1-1100x619.png 1100w, https:\/\/buletin.de\/bucuresti\/wp-content\/uploads\/BdB-grafica-investigatii-2-1-1600x900-1-600x338.png 600w, https:\/\/buletin.de\/bucuresti\/wp-content\/uploads\/BdB-grafica-investigatii-2-1-1600x900-1-20x11.png 20w, https:\/\/buletin.de\/bucuresti\/wp-content\/uploads\/BdB-grafica-investigatii-2-1-1600x900-1.png 1600w\" sizes=\"(max-width: 900px) 100vw, 900px\" \/><figcaption class=\"wp-element-caption\">Leg\u0103turile dintre familia Pancu \u0219i PSD. Grafic publicat prima dat\u0103 pe \u00eentr-o <a href=\"https:\/\/buletin.de\/bucuresti\/robert-negoita-a-platit-peste-100-000-de-euro-pentru-petrecerea-de-ziua-nationala-de-la-hala-laminor-banii-au-ajuns-la-un-srl-cu-un-singur-angajat-patronat-de-sotia-fostului-fotbalist-daniel-pancu\/\">investiga\u021bie de la \u00eenceputul anului<\/a>.<\/figcaption><\/figure>\n<\/div>\n\n\n<h2 class=\"wp-block-heading has-text-align-center\" id=\"h-concerte-gratis-din-banii-ceta\u021benilor-3-700-de-euro-pentru-o-ora-de-muzica\"><strong>Concerte gratis din banii cet\u0103\u021benilor. 3.700 de euro pentru o or\u0103 de muzic\u0103<\/strong><\/h2>\n\n\n\n<p><em>\u201eAccesul publicului la concertele din cadrul Stagiunii Muzicale Estivale din Sectorul 3 este liber\u201d<\/em>, este doar unul dintre mesajele \u00een care prim\u0103ria condus\u0103 de Robert Negoi\u021b\u0103 anun\u021b\u0103 locuitorii c\u0103 organizeaz\u0103 pentru ei concerte f\u0103r\u0103 tax\u0103 de acces, adic\u0103 gratuite.\u00a0\u00a0<\/p>\n\n\n<div class=\"wp-block-image\">\n<figure class=\"aligncenter size-full\"><a href=\"https:\/\/buletin.de\/bucuresti\/wp-content\/uploads\/451520247_1046516406829951_3689529320401692283_n.jpg\"><img decoding=\"async\" width=\"851\" height=\"315\" src=\"data:image\/gif;base64,R0lGODlhAQABAAAAACH5BAEKAAEALAAAAAABAAEAAAICTAEAOw==\" data-src=\"https:\/\/buletin.de\/bucuresti\/wp-content\/uploads\/451520247_1046516406829951_3689529320401692283_n.jpg\" alt=\"\" class=\"wp-image-94445 lazyload\" data-sizes=\"auto\" data-srcset=\"https:\/\/buletin.de\/bucuresti\/wp-content\/uploads\/451520247_1046516406829951_3689529320401692283_n.jpg 851w, https:\/\/buletin.de\/bucuresti\/wp-content\/uploads\/451520247_1046516406829951_3689529320401692283_n-300x111.jpg 300w, https:\/\/buletin.de\/bucuresti\/wp-content\/uploads\/451520247_1046516406829951_3689529320401692283_n-768x284.jpg 768w, https:\/\/buletin.de\/bucuresti\/wp-content\/uploads\/451520247_1046516406829951_3689529320401692283_n-600x222.jpg 600w, https:\/\/buletin.de\/bucuresti\/wp-content\/uploads\/451520247_1046516406829951_3689529320401692283_n-20x7.jpg 20w\" sizes=\"(max-width: 851px) 100vw, 851px\" \/><\/a><figcaption class=\"wp-element-caption\">Afi\u0219ul despre \u201eStagiunea Muzical\u0103 Estival\u0103\u201d din IOR. Surs\u0103 foto: Facebook \/ Robert Negoi\u021b\u0103. <\/figcaption><\/figure>\n<\/div>\n\n\n<p>\u00cen realitate, cele 24 de concerte ale evenimentului care se \u00eentinde de pe 19 iulie p\u00e2n\u0103 pe 8 septembrie sunt pl\u0103tite cu bani din bugetul local, adic\u0103 din taxele \u0219i impozitele locuitorilor din Sectorul 3.&nbsp;<\/p>\n\n\n\n<p>Un contract ajuns \u00een posesia reporterilor Buletin de Bucure\u0219ti arat\u0103 c\u0103 \u00eentregul eveniment a costat nu mai pu\u021bin de 90.000 de euro. Un calcul simplu ne arat\u0103 c\u0103 pentru fiecare or\u0103 de concert 3.700 de euro pleac\u0103 din conturile institu\u021biei.\u00a0<\/p>\n\n\n\n<p>Concertele dureaz\u0103 o or\u0103 \u0219i au loc \u00een fiecare sear\u0103 de vineri, s\u00e2mb\u0103t\u0103 \u0219i duminic\u0103 de la 20:30 la 21:30. Conform programului anun\u021bat de Prim\u0103ria Sectorului 3. <\/p>\n\n\n\n<p>Capetele de afi\u0219 sunt Proconsul, Mihai M\u0103rgineanu \u0219i Nicu Alifantis, urma\u021bi de arti\u0219ti precum: Fanfara Angely`s, dirijor Marius Firca, White Mahala, Marius Mihalache &amp; Band sau\u00a0 Alina Manole Trio.<\/p>\n\n\n\n<h2 class=\"wp-block-heading has-text-align-center\" id=\"h-atribuire-speciala-pentru-making-music-butique-firma-so\u021biei-fostului-candidat-psd-la-cgmb\"><strong>Atribuire special\u0103 pentru Making Music Butique<\/strong>, <strong>firma so\u021biei fostului candidat PSD la CGMB\u00a0<\/strong><\/h2>\n\n\n\n<p>Contractul pentru organizarea evenimentului a fost atribuit cu doar trei zile \u00eenainte ca primul artist s\u0103 urce pe scen\u0103, printr-o procedur\u0103 special\u0103. \u00cen contract, Prim\u0103ria Sectorului 3 a specificat c\u0103 noua platform\u0103 de achizi\u021bii publice nu permite postarea anun\u021bului de atribuire acolo, motiv pentru care va fi pus doar pe pagina web a institu\u021biei.&nbsp;<\/p>\n\n\n\n<p><em>\u201eProcedura\u201c<\/em> adoptat\u0103 de Prim\u0103ria Sectorului 3 este folosit\u0103 \u00eens\u0103 \u00een mod curent pentru servicii de cazare \u0219i organizare de evenimente \u00een sume mici, <a href=\"https:\/\/buletin.de\/bucuresti\/robert-negoita-a-platit-peste-100-000-de-euro-pentru-petrecerea-de-ziua-nationala-de-la-hala-laminor-banii-au-ajuns-la-un-srl-cu-un-singur-angajat-patronat-de-sotia-fostului-fotbalist-daniel-pancu\/\">au explicat speciali\u0219tii \u00een achizi\u021bii publice consulta\u021bi de Buletin de Bucure\u0219ti.&nbsp;<\/a><\/p>\n\n\n\n<p>Making Music Butique a fost \u00eens\u0103rcinat\u0103 de Prim\u0103ria Sectorului 3 s\u0103 organizeze Stagiunea Estival\u0103 de Muzic\u0103 din aceast\u0103 var\u0103, de\u0219i ultimul bilan\u021b contabil depus la Ministerul de Finan\u021be ar\u0103ta c\u0103 are un singur angajat, iar anul 2023 a fost \u00eencheiat pe pierdere de aproape <strong>40.000 de eur<\/strong>o.<\/p>\n\n\n\n<p>SRL-ul, cu sediul \u00eentr-un apartament dintr-un bloc din Sectorul 2, este de\u021binut \u0219i administrat de Andra Florina Pancu, fost model interna\u021bional \u0219i actuala so\u021bie a fostului fotbalist de la FC Rapid, Daniel Pancu. <\/p>\n\n\n\n<p>Acum, fostul atacant este selec\u021bioner al na\u021bionalei de tineret a Rom\u00e2niei.\u00a0<\/p>\n\n\n<div class=\"wp-block-image\">\n<figure class=\"aligncenter size-large is-resized\"><a href=\"https:\/\/buletin.de\/bucuresti\/wp-content\/uploads\/244571137_261135336020579_8189051144694608114_n-1.jpeg\"><img decoding=\"async\" width=\"900\" height=\"817\" src=\"data:image\/gif;base64,R0lGODlhAQABAAAAACH5BAEKAAEALAAAAAABAAEAAAICTAEAOw==\" data-src=\"https:\/\/buletin.de\/bucuresti\/wp-content\/uploads\/244571137_261135336020579_8189051144694608114_n-1-900x817.jpeg\" alt=\"Andra Pancu (fost\u0103 Teodorescu), patroana Making Music Butique, \u0219i Daniel Pancu. Surs\u0103 Foto: Facebook \/ Daniel Pancu\" class=\"wp-image-94446 lazyload\" style=\"width:840px;height:auto\" data-sizes=\"auto\" data-srcset=\"https:\/\/buletin.de\/bucuresti\/wp-content\/uploads\/244571137_261135336020579_8189051144694608114_n-1-900x817.jpeg 900w, https:\/\/buletin.de\/bucuresti\/wp-content\/uploads\/244571137_261135336020579_8189051144694608114_n-1-300x272.jpeg 300w, https:\/\/buletin.de\/bucuresti\/wp-content\/uploads\/244571137_261135336020579_8189051144694608114_n-1-768x697.jpeg 768w, https:\/\/buletin.de\/bucuresti\/wp-content\/uploads\/244571137_261135336020579_8189051144694608114_n-1-1100x998.jpeg 1100w, https:\/\/buletin.de\/bucuresti\/wp-content\/uploads\/244571137_261135336020579_8189051144694608114_n-1-600x545.jpeg 600w, https:\/\/buletin.de\/bucuresti\/wp-content\/uploads\/244571137_261135336020579_8189051144694608114_n-1-20x18.jpeg 20w, https:\/\/buletin.de\/bucuresti\/wp-content\/uploads\/244571137_261135336020579_8189051144694608114_n-1.jpeg 1169w\" sizes=\"(max-width: 900px) 100vw, 900px\" \/><\/a><figcaption class=\"wp-element-caption\">Andra Pancu (fost\u0103 Teodorescu), patroana Making Music Butique, \u0219i Daniel Pancu. Surs\u0103 Foto: Facebook \/ Daniel Pancu<\/figcaption><\/figure>\n<\/div>\n\n\n<h2 class=\"wp-block-heading has-text-align-center\" id=\"h-familia-pancu-\u0219i-psd-nbsp\"><strong>Familia Pancu \u0219i PSD&nbsp;<\/strong><\/h2>\n\n\n\n<p><em>\u201eEa (n.r. Andra Pancu) e ocupat\u0103 de diminea\u021ba p\u00e2n\u0103 seara, are un program at\u00e2t de \u00eenc\u0103rcat\u2026 Organizeaz\u0103 evenimente\u201d<\/em>, spunea Daniel Pancu despre so\u021bia lui, patroana Making Music Butique, \u00een urm\u0103 cu opt luni, la podcastul <a href=\"https:\/\/www.youtube.com\/watch?v=sPzl4gpnwQY\"><em>\u201eTare de Tot\u201c<\/em><\/a>.&nbsp;<\/p>\n\n\n\n<p>De altfel, familia Pancu nu este str\u0103in\u0103 de politica rom\u00e2neasc\u0103. Dup\u0103 ce \u0219i-a \u00eencheiat cariera de fotbalist, Daniel Pancu a candidat pe listele de consilieri generali ai PSD la alegerile locale din septembrie 2020.&nbsp;&nbsp;<\/p>\n\n\n\n<p>Fostul sportiv a c\u00e2\u0219tigat un loc \u00een Consiliul General al Municipiului Bucure\u0219ti, \u00eens\u0103 a renun\u021bat la acesta chiar dup\u0103 scrutinul din 2020.&nbsp; <a href=\"https:\/\/orangesport.ro\/exclusiv-prima-reactie-a-lui-daniel-pancu-dupa-ce-a-prins-un-loc-in-consiliul-general-al-capitalei-pleaca-de-la-iasi-cum-a-raspuns-pancone-19494811\"><em>\u201eFotbalul este via\u021ba mea \u0219i r\u0103m\u00e2n antrenor\u201c<\/em><\/a><em>, <\/em>spunea Daniel Pancu atunci, conform Orange Sport.&nbsp;&nbsp;<\/p>\n\n\n\n<p>Contactat \u00een urm\u0103 cu c\u00e2teva luni de Buletin de Bucure\u0219ti \u0219i \u00eentrebat de ce a renun\u021bat la postul de consilier general, fostul interna\u021bional a oferit \u00eens\u0103 un alt r\u0103spuns. Dac\u0103 \u00een 2020 sus\u021binea c\u0103 fotbalul este o prioritate, \u00een 2024 a explicat c\u0103 a renun\u021bat pentru c\u0103 <em>\u201enu a ie\u0219it doamna Firea primar.\u201c<\/em>&nbsp;<\/p>\n\n\n\n<p>De altfel, so\u021bul Andrei Pancu a sus\u021binut-o public pe Gabriela Firea \u00een cursa pentru fotoliul de primar general al Capitalei. Acesta a ap\u0103rut \u00eentr-o fotografie pe contul de Facebook al fostului primar general al Capitalei \u021bin\u00e2nd un tricou imprimat cu imaginea Gabrielei Firea, al\u0103turi de un joc de cuvinte.<\/p>\n\n\n<div class=\"wp-block-image\">\n<figure class=\"aligncenter size-full\"><a href=\"https:\/\/buletin.de\/bucuresti\/wp-content\/uploads\/Screen-Shot-2024-01-23-at-4.49.39-PM-1.png\"><img loading=\"lazy\" decoding=\"async\" width=\"453\" height=\"614\" src=\"data:image\/gif;base64,R0lGODlhAQABAAAAACH5BAEKAAEALAAAAAABAAEAAAICTAEAOw==\" data-src=\"https:\/\/buletin.de\/bucuresti\/wp-content\/uploads\/Screen-Shot-2024-01-23-at-4.49.39-PM-1.png\" alt=\"\" class=\"wp-image-94447 lazyload\" data-sizes=\"auto\" data-srcset=\"https:\/\/buletin.de\/bucuresti\/wp-content\/uploads\/Screen-Shot-2024-01-23-at-4.49.39-PM-1.png 453w, https:\/\/buletin.de\/bucuresti\/wp-content\/uploads\/Screen-Shot-2024-01-23-at-4.49.39-PM-1-221x300.png 221w, https:\/\/buletin.de\/bucuresti\/wp-content\/uploads\/Screen-Shot-2024-01-23-at-4.49.39-PM-1-20x27.png 20w\" sizes=\"(max-width: 453px) 100vw, 453px\" \/><\/a><figcaption class=\"wp-element-caption\">Daniel Pancu, \u00een timpul campaniei electorale din 2020 pentru alegerile electorale.<\/figcaption><\/figure>\n<\/div>\n\n\n<h2 class=\"wp-block-heading has-text-align-center\" id=\"h-ce-spun-contribuabilii-din-sectorul-3-despre-concertele-organizate-de-primaria-sectorului-3-\u0219i-making-music-butique\"><strong>Ce spun contribuabilii din Sectorul 3\u00a0<\/strong>despre concertele organizate de Prim\u0103ria Sectorului 3 \u0219i Making Music Butique<\/h2>\n\n\n\n<p>Reporterii Buletin de Bucure\u0219ti au participat ca spectatori la unul dintre concertele organizate din bani publici. Vineri, 9 august, pe scena din parcul IOR a urcat forma\u021bia Alesis, care se promoveaz\u0103 pe re\u021belele sociale, dar \u0219i pe site-ul oficial, drept o forma\u021bie pentru nun\u021bi.&nbsp;<\/p>\n\n\n<div class=\"wp-block-image\">\n<figure class=\"aligncenter size-large\"><img loading=\"lazy\" decoding=\"async\" width=\"900\" height=\"438\" src=\"data:image\/gif;base64,R0lGODlhAQABAAAAACH5BAEKAAEALAAAAAABAAEAAAICTAEAOw==\" data-src=\"https:\/\/buletin.de\/bucuresti\/wp-content\/uploads\/Screenshot-2024-08-12-at-13.38.40-900x438.png\" alt=\"\" class=\"wp-image-94456 lazyload\" data-sizes=\"auto\" data-srcset=\"https:\/\/buletin.de\/bucuresti\/wp-content\/uploads\/Screenshot-2024-08-12-at-13.38.40-900x438.png 900w, https:\/\/buletin.de\/bucuresti\/wp-content\/uploads\/Screenshot-2024-08-12-at-13.38.40-300x146.png 300w, https:\/\/buletin.de\/bucuresti\/wp-content\/uploads\/Screenshot-2024-08-12-at-13.38.40-768x374.png 768w, https:\/\/buletin.de\/bucuresti\/wp-content\/uploads\/Screenshot-2024-08-12-at-13.38.40-1536x748.png 1536w, https:\/\/buletin.de\/bucuresti\/wp-content\/uploads\/Screenshot-2024-08-12-at-13.38.40-1600x779.png 1600w, https:\/\/buletin.de\/bucuresti\/wp-content\/uploads\/Screenshot-2024-08-12-at-13.38.40-1100x536.png 1100w, https:\/\/buletin.de\/bucuresti\/wp-content\/uploads\/Screenshot-2024-08-12-at-13.38.40-600x292.png 600w, https:\/\/buletin.de\/bucuresti\/wp-content\/uploads\/Screenshot-2024-08-12-at-13.38.40-20x10.png 20w, https:\/\/buletin.de\/bucuresti\/wp-content\/uploads\/Screenshot-2024-08-12-at-13.38.40.png 2000w\" sizes=\"(max-width: 900px) 100vw, 900px\" \/><figcaption class=\"wp-element-caption\">Captur\u0103 de ecran de pe site-ul web al forma\u021biei <a href=\"https:\/\/www.alesis.ro\/formatia-nunta-alesis.html\">Alesis<\/a>. <\/figcaption><\/figure>\n<\/div>\n\n\n<p>Despre repertoriul \u0219i numele arti\u0219tilor cu greu am putut afla informa\u021bii de la cet\u0103\u021benii prezen\u021bi. <\/p>\n\n\n\n<p>\u201e<strong>Nu \u0219tiu invita\u021bii care vor c\u00e2nta pe scen\u0103. Nici nu am dat importan\u021b\u0103 acestui lucru<\/strong>.\u201d, spune Ioana, o t\u00e2n\u0103r\u0103 de 31 de ani, care lua parte la concertul de vineri seara.<\/p>\n\n\n\n<p>Majoritatea locuitorilor din Sectorul 3 cu care am vorbit au fost surprin\u0219i de suma pl\u0103tit\u0103 de prim\u0103ria condus\u0103 de edilul Negoi\u021b\u0103 pentru o or\u0103 de concert.&nbsp;<\/p>\n\n\n\n<p><em>\u201eNu merit\u0103 banii \u0103\u0219tia pentru c\u0103 e un foi\u0219or cu o forma\u021bie necunoscut\u0103 care c\u00e2nt\u0103 ni\u0219te hore. Nu cunoa\u0219tem pe nimeni. Nici de eveniment nu \u0219tiam, doar am trecut prin parc \u0219i am v\u0103zut c\u0103 este \u0219i am zis s\u0103 ne oprim. La pre\u021burile astea zici c\u0103-i nunt\u0103\u201d,<\/em> ne-au spus Florina,\u00a0 22 de ani \u0219i Darie, 23 de ani.<\/p>\n\n\n<div class=\"wp-block-image\">\n<figure class=\"aligncenter size-large\"><a href=\"https:\/\/buletin.de\/bucuresti\/wp-content\/uploads\/image00013-4.jpeg\"><img loading=\"lazy\" decoding=\"async\" width=\"900\" height=\"675\" src=\"data:image\/gif;base64,R0lGODlhAQABAAAAACH5BAEKAAEALAAAAAABAAEAAAICTAEAOw==\" data-src=\"https:\/\/buletin.de\/bucuresti\/wp-content\/uploads\/image00013-4-900x675.jpeg\" alt=\"Imagini de la concertul forma\u021biei Alesis \u00een cadrul \u201eStagiunii Muzicale Estivale\u201d din Parcul IOR, organizat de Making Music Butique. Foto: C\u0103t\u0103lin Anghel-Dimache.\" class=\"wp-image-94459 lazyload\" data-sizes=\"auto\" data-srcset=\"https:\/\/buletin.de\/bucuresti\/wp-content\/uploads\/image00013-4-900x675.jpeg 900w, https:\/\/buletin.de\/bucuresti\/wp-content\/uploads\/image00013-4-300x225.jpeg 300w, https:\/\/buletin.de\/bucuresti\/wp-content\/uploads\/image00013-4-768x576.jpeg 768w, https:\/\/buletin.de\/bucuresti\/wp-content\/uploads\/image00013-4-1536x1152.jpeg 1536w, https:\/\/buletin.de\/bucuresti\/wp-content\/uploads\/image00013-4-1600x1200.jpeg 1600w, https:\/\/buletin.de\/bucuresti\/wp-content\/uploads\/image00013-4-1100x825.jpeg 1100w, https:\/\/buletin.de\/bucuresti\/wp-content\/uploads\/image00013-4-600x450.jpeg 600w, https:\/\/buletin.de\/bucuresti\/wp-content\/uploads\/image00013-4-20x15.jpeg 20w, https:\/\/buletin.de\/bucuresti\/wp-content\/uploads\/image00013-4.jpeg 2000w\" sizes=\"(max-width: 900px) 100vw, 900px\" \/><\/a><figcaption class=\"wp-element-caption\">Imagini de la concertul forma\u021biei Alesis \u00een cadrul \u201eStagiunii Muzicale Estivale\u201d din Parcul IOR, organizat de Making Music Butique. Foto: C\u0103t\u0103lin Anghel-Dimache.<\/figcaption><\/figure>\n<\/div>\n\n\n<p>De aceea\u0219i p\u0103rere a fost \u0219i Sorina, o locuitoare a sectorului \u00een v\u00e2rst\u0103 de 45 de ani, care a fost surprins\u0103 c\u00e2nd a auzit sumele pl\u0103tite de Prim\u0103ria Sectorului 3 pentru acest eveniment.&nbsp;<\/p>\n\n\n\n<p><em>\u201eMi se pare destul de mare suma cheltuit\u0103 pentru acest eveniment, dar probabil c\u0103 nimeni nu \u0219tie. Dac\u0103 nu mi-a\u021bi fi zis, probabil c\u0103 nici eu n-a\u0219 fi \u0219tiut. Noi nu \u0219tim dec\u00e2t ce auzim. N\u0103d\u0103jduim s\u0103 se \u00eent\u00e2mple \u0219i lucruri bune \u00een Sectorul 3, n\u0103d\u0103jduim\u201d<\/em>, a mai spus Sorina.<\/p>\n\n\n\n<p>Un alt cet\u0103\u021bean ne-a spus c\u0103 suma pl\u0103tit\u0103 de prim\u0103rie pentru o or\u0103 de concert nu este mare, compar\u00e2nd pre\u021bul pl\u0103tit de institu\u021bie cu cel pl\u0103tit \u00een cazul nun\u021bilor.&nbsp;<\/p>\n\n\n\n<p><em>\u201eEu vin cu asta mic\u0103 aici \u0219i dac\u0103 e ceva aici mereu vine \u0219i eu m\u0103 bucur c\u0103 danseaz\u0103 \u0219i c\u00e2nt\u0103. Am fost \u0219i anii trecu\u021bi cu feti\u021ba aici \u0219i i-a pl\u0103cut. M\u0103 bucur c\u0103 s-a \u021binut \u0219i anul \u0103sta. Nu mi se pare o sum\u0103 at\u00e2t de mare, consider\u00e2nd c\u0103 face \u0219i alte lucruri, tot din banii cet\u0103\u021benilor. \u021ain\u00e2nd cont c\u0103 \u0219i pentru nun\u021bi se cere 1.500 de euro, nu mi se pare mult\u201d<\/em>, a declarat Filip un p\u0103rinte de 36 de ani.<\/p>\n\n\n\n<p>Scena a fost amenajat\u0103 \u00een interiorul foi\u0219orului de piatr\u0103 din Parcul IOR, \u00een jurul c\u0103ruia au fost puse scaune albe de plastic pe care s-au a\u0219ezat cei aproape 100 de oameni veni\u021bi la concert.&nbsp;<\/p>\n\n\n<div class=\"wp-block-image\">\n<figure class=\"aligncenter size-large\"><a href=\"https:\/\/buletin.de\/bucuresti\/wp-content\/uploads\/image00001-7.jpeg\"><img loading=\"lazy\" decoding=\"async\" width=\"900\" height=\"675\" src=\"data:image\/gif;base64,R0lGODlhAQABAAAAACH5BAEKAAEALAAAAAABAAEAAAICTAEAOw==\" data-src=\"https:\/\/buletin.de\/bucuresti\/wp-content\/uploads\/image00001-7-900x675.jpeg\" alt=\"Oameni a\u0219eza\u021bi pe scaun la concertul sus\u021binut de forma\u021bia Alesis, adus\u0103 la \u201eStagiunea Muzical\u0103 Estival\u0103\u201d de Making Music Butique, \u00een Parcul IOR. Foto: C\u0103t\u0103lin Anghel-Dimache.\" class=\"wp-image-94460 lazyload\" data-sizes=\"auto\" data-srcset=\"https:\/\/buletin.de\/bucuresti\/wp-content\/uploads\/image00001-7-900x675.jpeg 900w, https:\/\/buletin.de\/bucuresti\/wp-content\/uploads\/image00001-7-300x225.jpeg 300w, https:\/\/buletin.de\/bucuresti\/wp-content\/uploads\/image00001-7-768x576.jpeg 768w, https:\/\/buletin.de\/bucuresti\/wp-content\/uploads\/image00001-7-1536x1152.jpeg 1536w, https:\/\/buletin.de\/bucuresti\/wp-content\/uploads\/image00001-7-1600x1200.jpeg 1600w, https:\/\/buletin.de\/bucuresti\/wp-content\/uploads\/image00001-7-1100x825.jpeg 1100w, https:\/\/buletin.de\/bucuresti\/wp-content\/uploads\/image00001-7-600x450.jpeg 600w, https:\/\/buletin.de\/bucuresti\/wp-content\/uploads\/image00001-7-20x15.jpeg 20w, https:\/\/buletin.de\/bucuresti\/wp-content\/uploads\/image00001-7.jpeg 2000w\" sizes=\"(max-width: 900px) 100vw, 900px\" \/><\/a><figcaption class=\"wp-element-caption\">Oameni a\u0219eza\u021bi pe scaun la concertul sus\u021binut de forma\u021bia Alesis, adus\u0103 la \u201eStagiunea Muzical\u0103 Estival\u0103\u201d de Making Music Butique, \u00een Parcul IOR. Foto: C\u0103t\u0103lin Anghel-Dimache.<\/figcaption><\/figure>\n<\/div>\n\n\n<p>\u00cen toiul concertului, o parte dintre participan\u021bi au dansat c\u00e2teva hore, iar membrii forma\u021biei au cobor\u00e2t \u00een mijlocul lor.&nbsp;<\/p>\n\n\n\n<figure class=\"wp-block-embed is-type-video is-provider-youtube wp-block-embed-youtube wp-embed-aspect-16-9 wp-has-aspect-ratio\"><div class=\"wp-block-embed__wrapper\">\n<iframe title=\"Una dintre horele de la concertul pl\u0103tit din bani publici cu 3.700 de euro pe or\u0103\" width=\"1200\" height=\"675\" src=\"https:\/\/www.youtube.com\/embed\/Czf-yQIXO78?feature=oembed\" frameborder=\"0\" allow=\"accelerometer; autoplay; clipboard-write; encrypted-media; gyroscope; picture-in-picture; web-share\" referrerpolicy=\"strict-origin-when-cross-origin\" allowfullscreen><\/iframe>\n<\/div><figcaption class=\"wp-element-caption\">Una dintre horele de la concertul de vineri seara sus\u021binut de forma\u021bia Alesis \u00een cadrul \u201eStagiunii Muzicale Estivale\u201d din Parcul IOR. Video: Ana Anghel-Dimache.<\/figcaption><\/figure>\n\n\n\n<p>Reporterii Buletin de Bucure\u0219ti au solicitat un punct de vedere, \u00een scris, at\u00e2t de la Prim\u0103ria Sectorului 3, c\u00e2t \u0219i de la Making Music Butique \u00een leg\u0103tur\u0103 cu banii cheltui\u021bi pentru cele 24 de concerte de o or\u0103. P\u00e2n\u0103 la publicarea acestui articol nu am primit niciun r\u0103spuns.&nbsp;<\/p>\n\n\n\n<p><strong><em>Au contribuit: C\u0103t\u0103lin Anghel-Dimache \u0219i Ana Anghel-Dimache <br>Editor: C\u0103t\u0103lin Dosca\u0219<\/em><\/strong><\/p>\n\n\n\n<p><a href=\"https:\/\/buletin.de\/bucuresti\/robert-negoita-a-platit-peste-100-000-de-euro-pentru-petrecerea-de-ziua-nationala-de-la-hala-laminor-banii-au-ajuns-la-un-srl-cu-un-singur-angajat-patronat-de-sotia-fostului-fotbalist-daniel-pancu\/\">CITE\u0218TE \u0218I: <strong>Robert Negoi\u021b\u0103 a pl\u0103tit peste 100.000 de euro pentru petrecerea de Ziua Na\u021bional\u0103 de la Hala Laminor. Banii au ajuns la un SRL cu un singur angajat, patronat de so\u021bia fostului fotbalist Daniel Pancu\u00a0<\/strong><\/a><\/p>\n","protected":false},"excerpt":{"rendered":"<p>Concerte gratis din banii cet\u0103\u021benilor. 3.700 de euro pentru o or\u0103 de muzic\u0103 \u201eAccesul publicului la concertele din cadrul Stagiunii Muzicale Estivale din Sectorul 3 este liber\u201d, este doar unul dintre mesajele \u00een care prim\u0103ria condus\u0103 de Robert Negoi\u021b\u0103 anun\u021b\u0103 locuitorii c\u0103 organizeaz\u0103 pentru ei concerte f\u0103r\u0103 tax\u0103 de acces, adic\u0103 gratuite.\u00a0\u00a0 \u00cen realitate, cele [&hellip;]<\/p>\n","protected":false},"author":17,"featured_media":94478,"comment_status":"closed","ping_status":"open","sticky":false,"template":"","format":"standard","meta":{"_acf_changed":false,"inline_featured_image":false,"ngg_post_thumbnail":0,"footnotes":""},"categories":[6994,6213,5762],"tags":[14213,9308,3532,4847,9309,5726,13044,5354,6842,5014,3397,2694],"ppma_author":[22576],"class_list":["post-94442","post","type-post","status-publish","format-standard","has-post-thumbnail","hentry","category-stiri-2","category-investigatii","category-main","tag-4-000-de-euro","tag-andra-pancu","tag-bucuresteni","tag-concerte","tag-daniel-pancu","tag-ior","tag-muzica-2","tag-negoita-2","tag-parcul-ior","tag-primaria-sectorului-3-2","tag-robert-negoita-2","tag-sectorul-3"],"acf":[],"yoast_head":"<!-- This site is optimized with the Yoast SEO Premium plugin v25.3 (Yoast SEO v27.4) - https:\/\/yoast.com\/product\/yoast-seo-premium-wordpress\/ -->\n<title>INVESTIGA\u021aIE | Robert Negoi\u021b\u0103 \u201emarcheaz\u0103\u201d din nou \u00een conturile so\u021biei lui Daniel Pancu. Firma cu un singur angajat prime\u0219te aproape 4.000 de euro pentru o or\u0103 de concert \u00een IOR - Buletin de Bucure\u0219ti<\/title>\n<meta name=\"description\" content=\"So\u0163ia lui Daniel Pancu, patroana Making Music Butique, a primit aproape 4000 de euro pe or\u0103 de la Prim\u0103ria Sectorului 3.\" \/>\n<meta name=\"robots\" content=\"index, follow, max-snippet:-1, max-image-preview:large, max-video-preview:-1\" \/>\n<link rel=\"canonical\" href=\"https:\/\/buletin.de\/bucuresti\/investigatie-robert-negoita-marcheaza-din-nou-in-conturile-sotiei-lui-daniel-pancu-firma-cu-un-singur-angajat-primeste-aproape-4-000-de-euro-pentru-o-ora-de-concert-in-ior\/\" \/>\n<meta property=\"og:locale\" content=\"en_GB\" \/>\n<meta property=\"og:type\" content=\"article\" \/>\n<meta property=\"og:title\" content=\"INVESTIGA\u021aIE | Robert Negoi\u021b\u0103 \u201emarcheaz\u0103\u201d din nou \u00een conturile so\u021biei lui Daniel Pancu. Firma cu un singur angajat prime\u0219te aproape 4.000 de euro pentru o or\u0103 de concert \u00een IOR\" \/>\n<meta property=\"og:description\" content=\"So\u0163ia lui Daniel Pancu, patroana Making Music Butique, a primit aproape 4000 de euro pe or\u0103 de la Prim\u0103ria Sectorului 3.\" \/>\n<meta property=\"og:url\" content=\"https:\/\/buletin.de\/bucuresti\/investigatie-robert-negoita-marcheaza-din-nou-in-conturile-sotiei-lui-daniel-pancu-firma-cu-un-singur-angajat-primeste-aproape-4-000-de-euro-pentru-o-ora-de-concert-in-ior\/\" \/>\n<meta property=\"og:site_name\" content=\"Buletin de Bucure\u0219ti\" \/>\n<meta property=\"article:publisher\" content=\"https:\/\/www.facebook.com\/buletin.de.buc\" \/>\n<meta property=\"article:published_time\" content=\"2024-08-13T04:00:00+00:00\" \/>\n<meta property=\"article:modified_time\" content=\"2024-08-14T03:57:13+00:00\" \/>\n<meta property=\"og:image\" content=\"https:\/\/buletin.de\/bucuresti\/wp-content\/uploads\/Covers-BdB-3-2-900x506.png\" \/>\n\t<meta property=\"og:image:width\" content=\"900\" \/>\n\t<meta property=\"og:image:height\" content=\"506\" \/>\n\t<meta property=\"og:image:type\" content=\"image\/png\" \/>\n<meta name=\"author\" content=\"Florin R\u00e2\u0219teiu\" \/>\n<meta name=\"twitter:card\" content=\"summary_large_image\" \/>\n<meta name=\"twitter:label1\" content=\"Written by\" \/>\n\t<meta name=\"twitter:data1\" content=\"Florin R\u00e2\u0219teiu\" \/>\n\t<meta name=\"twitter:label2\" content=\"Estimated reading time\" \/>\n\t<meta name=\"twitter:data2\" content=\"9 minutes\" \/>\n<script type=\"application\/ld+json\" class=\"yoast-schema-graph\">{\"@context\":\"https:\\\/\\\/schema.org\",\"@graph\":[{\"@type\":\"Article\",\"@id\":\"https:\\\/\\\/buletin.de\\\/bucuresti\\\/investigatie-robert-negoita-marcheaza-din-nou-in-conturile-sotiei-lui-daniel-pancu-firma-cu-un-singur-angajat-primeste-aproape-4-000-de-euro-pentru-o-ora-de-concert-in-ior\\\/#article\",\"isPartOf\":{\"@id\":\"https:\\\/\\\/buletin.de\\\/bucuresti\\\/investigatie-robert-negoita-marcheaza-din-nou-in-conturile-sotiei-lui-daniel-pancu-firma-cu-un-singur-angajat-primeste-aproape-4-000-de-euro-pentru-o-ora-de-concert-in-ior\\\/\"},\"author\":{\"name\":\"Florin R\u00e2\u0219teiu\",\"@id\":\"https:\\\/\\\/buletin.de\\\/bucuresti\\\/#\\\/schema\\\/person\\\/b0686d7a8b666c6afc78239777fd8a89\"},\"headline\":\"INVESTIGA\u021aIE | Robert Negoi\u021b\u0103 \u201emarcheaz\u0103\u201d din nou \u00een conturile so\u021biei lui Daniel Pancu. Firma cu un singur angajat prime\u0219te aproape 4.000 de euro pentru o or\u0103 de concert \u00een IOR\",\"datePublished\":\"2024-08-13T04:00:00+00:00\",\"dateModified\":\"2024-08-14T03:57:13+00:00\",\"mainEntityOfPage\":{\"@id\":\"https:\\\/\\\/buletin.de\\\/bucuresti\\\/investigatie-robert-negoita-marcheaza-din-nou-in-conturile-sotiei-lui-daniel-pancu-firma-cu-un-singur-angajat-primeste-aproape-4-000-de-euro-pentru-o-ora-de-concert-in-ior\\\/\"},\"wordCount\":1754,\"publisher\":{\"@id\":\"https:\\\/\\\/buletin.de\\\/bucuresti\\\/#organization\"},\"image\":{\"@id\":\"https:\\\/\\\/buletin.de\\\/bucuresti\\\/investigatie-robert-negoita-marcheaza-din-nou-in-conturile-sotiei-lui-daniel-pancu-firma-cu-un-singur-angajat-primeste-aproape-4-000-de-euro-pentru-o-ora-de-concert-in-ior\\\/#primaryimage\"},\"thumbnailUrl\":\"https:\\\/\\\/buletin.de\\\/bucuresti\\\/wp-content\\\/uploads\\\/Covers-BdB-3-2.png\",\"keywords\":[\"4.000 de euro\",\"Andra Pancu\",\"bucure\u0219teni\",\"Concerte\",\"Daniel Pancu\",\"IOR\",\"muzic\u0103\",\"Negoi\u021b\u0103\",\"parcul IOR\",\"Prim\u0103ria Sectorului 3\",\"Robert Negoi\u021b\u0103\",\"sectorul 3\"],\"articleSection\":[\"Articole\",\"Investiga\u021bii\",\"Main\"],\"inLanguage\":\"en-GB\",\"copyrightYear\":\"2024\",\"copyrightHolder\":{\"@id\":\"https:\\\/\\\/buletin.de\\\/bucuresti\\\/#organization\"}},{\"@type\":\"WebPage\",\"@id\":\"https:\\\/\\\/buletin.de\\\/bucuresti\\\/investigatie-robert-negoita-marcheaza-din-nou-in-conturile-sotiei-lui-daniel-pancu-firma-cu-un-singur-angajat-primeste-aproape-4-000-de-euro-pentru-o-ora-de-concert-in-ior\\\/\",\"url\":\"https:\\\/\\\/buletin.de\\\/bucuresti\\\/investigatie-robert-negoita-marcheaza-din-nou-in-conturile-sotiei-lui-daniel-pancu-firma-cu-un-singur-angajat-primeste-aproape-4-000-de-euro-pentru-o-ora-de-concert-in-ior\\\/\",\"name\":\"INVESTIGA\u021aIE | Robert Negoi\u021b\u0103 \u201emarcheaz\u0103\u201d din nou \u00een conturile so\u021biei lui Daniel Pancu. Firma cu un singur angajat prime\u0219te aproape 4.000 de euro pentru o or\u0103 de concert \u00een IOR - Buletin de Bucure\u0219ti\",\"isPartOf\":{\"@id\":\"https:\\\/\\\/buletin.de\\\/bucuresti\\\/#website\"},\"primaryImageOfPage\":{\"@id\":\"https:\\\/\\\/buletin.de\\\/bucuresti\\\/investigatie-robert-negoita-marcheaza-din-nou-in-conturile-sotiei-lui-daniel-pancu-firma-cu-un-singur-angajat-primeste-aproape-4-000-de-euro-pentru-o-ora-de-concert-in-ior\\\/#primaryimage\"},\"image\":{\"@id\":\"https:\\\/\\\/buletin.de\\\/bucuresti\\\/investigatie-robert-negoita-marcheaza-din-nou-in-conturile-sotiei-lui-daniel-pancu-firma-cu-un-singur-angajat-primeste-aproape-4-000-de-euro-pentru-o-ora-de-concert-in-ior\\\/#primaryimage\"},\"thumbnailUrl\":\"https:\\\/\\\/buletin.de\\\/bucuresti\\\/wp-content\\\/uploads\\\/Covers-BdB-3-2.png\",\"datePublished\":\"2024-08-13T04:00:00+00:00\",\"dateModified\":\"2024-08-14T03:57:13+00:00\",\"description\":\"So\u0163ia lui Daniel Pancu, patroana Making Music Butique, a primit aproape 4000 de euro pe or\u0103 de la Prim\u0103ria Sectorului 3.\",\"breadcrumb\":{\"@id\":\"https:\\\/\\\/buletin.de\\\/bucuresti\\\/investigatie-robert-negoita-marcheaza-din-nou-in-conturile-sotiei-lui-daniel-pancu-firma-cu-un-singur-angajat-primeste-aproape-4-000-de-euro-pentru-o-ora-de-concert-in-ior\\\/#breadcrumb\"},\"inLanguage\":\"en-GB\",\"potentialAction\":[{\"@type\":\"ReadAction\",\"target\":[\"https:\\\/\\\/buletin.de\\\/bucuresti\\\/investigatie-robert-negoita-marcheaza-din-nou-in-conturile-sotiei-lui-daniel-pancu-firma-cu-un-singur-angajat-primeste-aproape-4-000-de-euro-pentru-o-ora-de-concert-in-ior\\\/\"]}]},{\"@type\":\"ImageObject\",\"inLanguage\":\"en-GB\",\"@id\":\"https:\\\/\\\/buletin.de\\\/bucuresti\\\/investigatie-robert-negoita-marcheaza-din-nou-in-conturile-sotiei-lui-daniel-pancu-firma-cu-un-singur-angajat-primeste-aproape-4-000-de-euro-pentru-o-ora-de-concert-in-ior\\\/#primaryimage\",\"url\":\"https:\\\/\\\/buletin.de\\\/bucuresti\\\/wp-content\\\/uploads\\\/Covers-BdB-3-2.png\",\"contentUrl\":\"https:\\\/\\\/buletin.de\\\/bucuresti\\\/wp-content\\\/uploads\\\/Covers-BdB-3-2.png\",\"width\":1920,\"height\":1080,\"caption\":\"Colaj Foto: Facebook \\\/ Robert Negoi\u021b\u0103 \u0219i C\u0103t\u0103lin Anghel-Dimache\"},{\"@type\":\"BreadcrumbList\",\"@id\":\"https:\\\/\\\/buletin.de\\\/bucuresti\\\/investigatie-robert-negoita-marcheaza-din-nou-in-conturile-sotiei-lui-daniel-pancu-firma-cu-un-singur-angajat-primeste-aproape-4-000-de-euro-pentru-o-ora-de-concert-in-ior\\\/#breadcrumb\",\"itemListElement\":[{\"@type\":\"ListItem\",\"position\":1,\"name\":\"Acas\u0103\",\"item\":\"https:\\\/\\\/buletin.de\\\/bucuresti\\\/\"},{\"@type\":\"ListItem\",\"position\":2,\"name\":\"INVESTIGA\u021aIE | Robert Negoi\u021b\u0103 \u201emarcheaz\u0103\u201d din nou \u00een conturile so\u021biei lui Daniel Pancu. Firma cu un singur angajat prime\u0219te aproape 4.000 de euro pentru o or\u0103 de concert \u00een IOR\"}]},{\"@type\":\"WebSite\",\"@id\":\"https:\\\/\\\/buletin.de\\\/bucuresti\\\/#website\",\"url\":\"https:\\\/\\\/buletin.de\\\/bucuresti\\\/\",\"name\":\"Buletin de Bucure\u0219ti\",\"description\":\"\u0218tiri \u0219i investiga\u021bii esen\u021biale din capital\u0103\",\"publisher\":{\"@id\":\"https:\\\/\\\/buletin.de\\\/bucuresti\\\/#organization\"},\"potentialAction\":[{\"@type\":\"SearchAction\",\"target\":{\"@type\":\"EntryPoint\",\"urlTemplate\":\"https:\\\/\\\/buletin.de\\\/bucuresti\\\/?s={search_term_string}\"},\"query-input\":{\"@type\":\"PropertyValueSpecification\",\"valueRequired\":true,\"valueName\":\"search_term_string\"}}],\"inLanguage\":\"en-GB\"},{\"@type\":\"Organization\",\"@id\":\"https:\\\/\\\/buletin.de\\\/bucuresti\\\/#organization\",\"name\":\"Buletin de Bucure\u0219ti\",\"url\":\"https:\\\/\\\/buletin.de\\\/bucuresti\\\/\",\"logo\":{\"@type\":\"ImageObject\",\"inLanguage\":\"en-GB\",\"@id\":\"https:\\\/\\\/buletin.de\\\/bucuresti\\\/#\\\/schema\\\/logo\\\/image\\\/\",\"url\":\"https:\\\/\\\/buletin.de\\\/bucuresti\\\/wp-content\\\/uploads\\\/logo-bdb-full-wide-vernil-transparent.png\",\"contentUrl\":\"https:\\\/\\\/buletin.de\\\/bucuresti\\\/wp-content\\\/uploads\\\/logo-bdb-full-wide-vernil-transparent.png\",\"width\":1782,\"height\":626,\"caption\":\"Buletin de Bucure\u0219ti\"},\"image\":{\"@id\":\"https:\\\/\\\/buletin.de\\\/bucuresti\\\/#\\\/schema\\\/logo\\\/image\\\/\"},\"sameAs\":[\"https:\\\/\\\/www.facebook.com\\\/buletin.de.buc\",\"https:\\\/\\\/www.instagram.com\\\/buletinde.bucuresti\\\/\"]},{\"@type\":\"Person\",\"@id\":\"https:\\\/\\\/buletin.de\\\/bucuresti\\\/#\\\/schema\\\/person\\\/b0686d7a8b666c6afc78239777fd8a89\",\"name\":\"Florin R\u00e2\u0219teiu\",\"image\":{\"@type\":\"ImageObject\",\"inLanguage\":\"en-GB\",\"@id\":\"https:\\\/\\\/buletin.de\\\/bucuresti\\\/wp-content\\\/uploads\\\/Florin-Rasteiu-96x96.jpgf0a6fe28453aa12f0a60e4d0a2e3a78c\",\"url\":\"https:\\\/\\\/buletin.de\\\/bucuresti\\\/wp-content\\\/uploads\\\/Florin-Rasteiu-96x96.jpg\",\"contentUrl\":\"https:\\\/\\\/buletin.de\\\/bucuresti\\\/wp-content\\\/uploads\\\/Florin-Rasteiu-96x96.jpg\",\"caption\":\"Florin R\u00e2\u0219teiu\"},\"description\":\"Jurnalist de investiga\u021bie. Lucreaz\u0103 de aproape 6 ani la Buletin de Bucure\u0219ti, unde a publicat articole care scot la suprafa\u021b\u0103 corup\u021bia din Capital\u0103. Analizeaz\u0103 baze de date zilnic \u0219i scoate pove\u0219ti din exceluri pline de cifre. Pune reflectorul pe adev\u0103r cu fiecare ocazie. A c\u00e2\u0219tigat premiul I la categoria Pres\u0103 Local\u0103 \u00een 2025 \u0219i locul al II-lea la aceea\u0219i categorie \u00een 2024 \u00een cadrul Premiilor Superscrieri pentru jurnalism independent.\",\"url\":\"https:\\\/\\\/buletin.de\\\/bucuresti\\\/author\\\/florinrasteiu\\\/\"}]}<\/script>\n<!-- \/ Yoast SEO Premium plugin. -->","yoast_head_json":{"title":"INVESTIGA\u021aIE | Robert Negoi\u021b\u0103 \u201emarcheaz\u0103\u201d din nou \u00een conturile so\u021biei lui Daniel Pancu. Firma cu un singur angajat prime\u0219te aproape 4.000 de euro pentru o or\u0103 de concert \u00een IOR - Buletin de Bucure\u0219ti","description":"So\u0163ia lui Daniel Pancu, patroana Making Music Butique, a primit aproape 4000 de euro pe or\u0103 de la Prim\u0103ria Sectorului 3.","robots":{"index":"index","follow":"follow","max-snippet":"max-snippet:-1","max-image-preview":"max-image-preview:large","max-video-preview":"max-video-preview:-1"},"canonical":"https:\/\/buletin.de\/bucuresti\/investigatie-robert-negoita-marcheaza-din-nou-in-conturile-sotiei-lui-daniel-pancu-firma-cu-un-singur-angajat-primeste-aproape-4-000-de-euro-pentru-o-ora-de-concert-in-ior\/","og_locale":"en_GB","og_type":"article","og_title":"INVESTIGA\u021aIE | Robert Negoi\u021b\u0103 \u201emarcheaz\u0103\u201d din nou \u00een conturile so\u021biei lui Daniel Pancu. Firma cu un singur angajat prime\u0219te aproape 4.000 de euro pentru o or\u0103 de concert \u00een IOR","og_description":"So\u0163ia lui Daniel Pancu, patroana Making Music Butique, a primit aproape 4000 de euro pe or\u0103 de la Prim\u0103ria Sectorului 3.","og_url":"https:\/\/buletin.de\/bucuresti\/investigatie-robert-negoita-marcheaza-din-nou-in-conturile-sotiei-lui-daniel-pancu-firma-cu-un-singur-angajat-primeste-aproape-4-000-de-euro-pentru-o-ora-de-concert-in-ior\/","og_site_name":"Buletin de Bucure\u0219ti","article_publisher":"https:\/\/www.facebook.com\/buletin.de.buc","article_published_time":"2024-08-13T04:00:00+00:00","article_modified_time":"2024-08-14T03:57:13+00:00","og_image":[{"width":900,"height":506,"url":"https:\/\/buletin.de\/bucuresti\/wp-content\/uploads\/Covers-BdB-3-2-900x506.png","type":"image\/png"}],"author":"Florin R\u00e2\u0219teiu","twitter_card":"summary_large_image","twitter_misc":{"Written by":"Florin R\u00e2\u0219teiu","Estimated reading time":"9 minutes"},"schema":{"@context":"https:\/\/schema.org","@graph":[{"@type":"Article","@id":"https:\/\/buletin.de\/bucuresti\/investigatie-robert-negoita-marcheaza-din-nou-in-conturile-sotiei-lui-daniel-pancu-firma-cu-un-singur-angajat-primeste-aproape-4-000-de-euro-pentru-o-ora-de-concert-in-ior\/#article","isPartOf":{"@id":"https:\/\/buletin.de\/bucuresti\/investigatie-robert-negoita-marcheaza-din-nou-in-conturile-sotiei-lui-daniel-pancu-firma-cu-un-singur-angajat-primeste-aproape-4-000-de-euro-pentru-o-ora-de-concert-in-ior\/"},"author":{"name":"Florin R\u00e2\u0219teiu","@id":"https:\/\/buletin.de\/bucuresti\/#\/schema\/person\/b0686d7a8b666c6afc78239777fd8a89"},"headline":"INVESTIGA\u021aIE | Robert Negoi\u021b\u0103 \u201emarcheaz\u0103\u201d din nou \u00een conturile so\u021biei lui Daniel Pancu. Firma cu un singur angajat prime\u0219te aproape 4.000 de euro pentru o or\u0103 de concert \u00een IOR","datePublished":"2024-08-13T04:00:00+00:00","dateModified":"2024-08-14T03:57:13+00:00","mainEntityOfPage":{"@id":"https:\/\/buletin.de\/bucuresti\/investigatie-robert-negoita-marcheaza-din-nou-in-conturile-sotiei-lui-daniel-pancu-firma-cu-un-singur-angajat-primeste-aproape-4-000-de-euro-pentru-o-ora-de-concert-in-ior\/"},"wordCount":1754,"publisher":{"@id":"https:\/\/buletin.de\/bucuresti\/#organization"},"image":{"@id":"https:\/\/buletin.de\/bucuresti\/investigatie-robert-negoita-marcheaza-din-nou-in-conturile-sotiei-lui-daniel-pancu-firma-cu-un-singur-angajat-primeste-aproape-4-000-de-euro-pentru-o-ora-de-concert-in-ior\/#primaryimage"},"thumbnailUrl":"https:\/\/buletin.de\/bucuresti\/wp-content\/uploads\/Covers-BdB-3-2.png","keywords":["4.000 de euro","Andra Pancu","bucure\u0219teni","Concerte","Daniel Pancu","IOR","muzic\u0103","Negoi\u021b\u0103","parcul IOR","Prim\u0103ria Sectorului 3","Robert Negoi\u021b\u0103","sectorul 3"],"articleSection":["Articole","Investiga\u021bii","Main"],"inLanguage":"en-GB","copyrightYear":"2024","copyrightHolder":{"@id":"https:\/\/buletin.de\/bucuresti\/#organization"}},{"@type":"WebPage","@id":"https:\/\/buletin.de\/bucuresti\/investigatie-robert-negoita-marcheaza-din-nou-in-conturile-sotiei-lui-daniel-pancu-firma-cu-un-singur-angajat-primeste-aproape-4-000-de-euro-pentru-o-ora-de-concert-in-ior\/","url":"https:\/\/buletin.de\/bucuresti\/investigatie-robert-negoita-marcheaza-din-nou-in-conturile-sotiei-lui-daniel-pancu-firma-cu-un-singur-angajat-primeste-aproape-4-000-de-euro-pentru-o-ora-de-concert-in-ior\/","name":"INVESTIGA\u021aIE | Robert Negoi\u021b\u0103 \u201emarcheaz\u0103\u201d din nou \u00een conturile so\u021biei lui Daniel Pancu. Firma cu un singur angajat prime\u0219te aproape 4.000 de euro pentru o or\u0103 de concert \u00een IOR - Buletin de Bucure\u0219ti","isPartOf":{"@id":"https:\/\/buletin.de\/bucuresti\/#website"},"primaryImageOfPage":{"@id":"https:\/\/buletin.de\/bucuresti\/investigatie-robert-negoita-marcheaza-din-nou-in-conturile-sotiei-lui-daniel-pancu-firma-cu-un-singur-angajat-primeste-aproape-4-000-de-euro-pentru-o-ora-de-concert-in-ior\/#primaryimage"},"image":{"@id":"https:\/\/buletin.de\/bucuresti\/investigatie-robert-negoita-marcheaza-din-nou-in-conturile-sotiei-lui-daniel-pancu-firma-cu-un-singur-angajat-primeste-aproape-4-000-de-euro-pentru-o-ora-de-concert-in-ior\/#primaryimage"},"thumbnailUrl":"https:\/\/buletin.de\/bucuresti\/wp-content\/uploads\/Covers-BdB-3-2.png","datePublished":"2024-08-13T04:00:00+00:00","dateModified":"2024-08-14T03:57:13+00:00","description":"So\u0163ia lui Daniel Pancu, patroana Making Music Butique, a primit aproape 4000 de euro pe or\u0103 de la Prim\u0103ria Sectorului 3.","breadcrumb":{"@id":"https:\/\/buletin.de\/bucuresti\/investigatie-robert-negoita-marcheaza-din-nou-in-conturile-sotiei-lui-daniel-pancu-firma-cu-un-singur-angajat-primeste-aproape-4-000-de-euro-pentru-o-ora-de-concert-in-ior\/#breadcrumb"},"inLanguage":"en-GB","potentialAction":[{"@type":"ReadAction","target":["https:\/\/buletin.de\/bucuresti\/investigatie-robert-negoita-marcheaza-din-nou-in-conturile-sotiei-lui-daniel-pancu-firma-cu-un-singur-angajat-primeste-aproape-4-000-de-euro-pentru-o-ora-de-concert-in-ior\/"]}]},{"@type":"ImageObject","inLanguage":"en-GB","@id":"https:\/\/buletin.de\/bucuresti\/investigatie-robert-negoita-marcheaza-din-nou-in-conturile-sotiei-lui-daniel-pancu-firma-cu-un-singur-angajat-primeste-aproape-4-000-de-euro-pentru-o-ora-de-concert-in-ior\/#primaryimage","url":"https:\/\/buletin.de\/bucuresti\/wp-content\/uploads\/Covers-BdB-3-2.png","contentUrl":"https:\/\/buletin.de\/bucuresti\/wp-content\/uploads\/Covers-BdB-3-2.png","width":1920,"height":1080,"caption":"Colaj Foto: Facebook \/ Robert Negoi\u021b\u0103 \u0219i C\u0103t\u0103lin Anghel-Dimache"},{"@type":"BreadcrumbList","@id":"https:\/\/buletin.de\/bucuresti\/investigatie-robert-negoita-marcheaza-din-nou-in-conturile-sotiei-lui-daniel-pancu-firma-cu-un-singur-angajat-primeste-aproape-4-000-de-euro-pentru-o-ora-de-concert-in-ior\/#breadcrumb","itemListElement":[{"@type":"ListItem","position":1,"name":"Acas\u0103","item":"https:\/\/buletin.de\/bucuresti\/"},{"@type":"ListItem","position":2,"name":"INVESTIGA\u021aIE | Robert Negoi\u021b\u0103 \u201emarcheaz\u0103\u201d din nou \u00een conturile so\u021biei lui Daniel Pancu. Firma cu un singur angajat prime\u0219te aproape 4.000 de euro pentru o or\u0103 de concert \u00een IOR"}]},{"@type":"WebSite","@id":"https:\/\/buletin.de\/bucuresti\/#website","url":"https:\/\/buletin.de\/bucuresti\/","name":"Buletin de Bucure\u0219ti","description":"\u0218tiri \u0219i investiga\u021bii esen\u021biale din capital\u0103","publisher":{"@id":"https:\/\/buletin.de\/bucuresti\/#organization"},"potentialAction":[{"@type":"SearchAction","target":{"@type":"EntryPoint","urlTemplate":"https:\/\/buletin.de\/bucuresti\/?s={search_term_string}"},"query-input":{"@type":"PropertyValueSpecification","valueRequired":true,"valueName":"search_term_string"}}],"inLanguage":"en-GB"},{"@type":"Organization","@id":"https:\/\/buletin.de\/bucuresti\/#organization","name":"Buletin de Bucure\u0219ti","url":"https:\/\/buletin.de\/bucuresti\/","logo":{"@type":"ImageObject","inLanguage":"en-GB","@id":"https:\/\/buletin.de\/bucuresti\/#\/schema\/logo\/image\/","url":"https:\/\/buletin.de\/bucuresti\/wp-content\/uploads\/logo-bdb-full-wide-vernil-transparent.png","contentUrl":"https:\/\/buletin.de\/bucuresti\/wp-content\/uploads\/logo-bdb-full-wide-vernil-transparent.png","width":1782,"height":626,"caption":"Buletin de Bucure\u0219ti"},"image":{"@id":"https:\/\/buletin.de\/bucuresti\/#\/schema\/logo\/image\/"},"sameAs":["https:\/\/www.facebook.com\/buletin.de.buc","https:\/\/www.instagram.com\/buletinde.bucuresti\/"]},{"@type":"Person","@id":"https:\/\/buletin.de\/bucuresti\/#\/schema\/person\/b0686d7a8b666c6afc78239777fd8a89","name":"Florin R\u00e2\u0219teiu","image":{"@type":"ImageObject","inLanguage":"en-GB","@id":"https:\/\/buletin.de\/bucuresti\/wp-content\/uploads\/Florin-Rasteiu-96x96.jpgf0a6fe28453aa12f0a60e4d0a2e3a78c","url":"https:\/\/buletin.de\/bucuresti\/wp-content\/uploads\/Florin-Rasteiu-96x96.jpg","contentUrl":"https:\/\/buletin.de\/bucuresti\/wp-content\/uploads\/Florin-Rasteiu-96x96.jpg","caption":"Florin R\u00e2\u0219teiu"},"description":"Jurnalist de investiga\u021bie. Lucreaz\u0103 de aproape 6 ani la Buletin de Bucure\u0219ti, unde a publicat articole care scot la suprafa\u021b\u0103 corup\u021bia din Capital\u0103. Analizeaz\u0103 baze de date zilnic \u0219i scoate pove\u0219ti din exceluri pline de cifre. Pune reflectorul pe adev\u0103r cu fiecare ocazie. A c\u00e2\u0219tigat premiul I la categoria Pres\u0103 Local\u0103 \u00een 2025 \u0219i locul al II-lea la aceea\u0219i categorie \u00een 2024 \u00een cadrul Premiilor Superscrieri pentru jurnalism independent.","url":"https:\/\/buletin.de\/bucuresti\/author\/florinrasteiu\/"}]}},"authors":[{"term_id":22576,"user_id":17,"is_guest":0,"slug":"florinrasteiu","display_name":"Florin R\u00e2\u0219teiu","avatar_url":"https:\/\/buletin.de\/bucuresti\/wp-content\/uploads\/Florin-Rasteiu-96x96.jpg","0":null,"1":"","2":"","3":"","4":"","5":"","6":"","7":"","8":""}],"_links":{"self":[{"href":"https:\/\/buletin.de\/bucuresti\/wp-json\/wp\/v2\/posts\/94442","targetHints":{"allow":["GET"]}}],"collection":[{"href":"https:\/\/buletin.de\/bucuresti\/wp-json\/wp\/v2\/posts"}],"about":[{"href":"https:\/\/buletin.de\/bucuresti\/wp-json\/wp\/v2\/types\/post"}],"author":[{"embeddable":true,"href":"https:\/\/buletin.de\/bucuresti\/wp-json\/wp\/v2\/users\/17"}],"replies":[{"embeddable":true,"href":"https:\/\/buletin.de\/bucuresti\/wp-json\/wp\/v2\/comments?post=94442"}],"version-history":[{"count":4,"href":"https:\/\/buletin.de\/bucuresti\/wp-json\/wp\/v2\/posts\/94442\/revisions"}],"predecessor-version":[{"id":94522,"href":"https:\/\/buletin.de\/bucuresti\/wp-json\/wp\/v2\/posts\/94442\/revisions\/94522"}],"wp:featuredmedia":[{"embeddable":true,"href":"https:\/\/buletin.de\/bucuresti\/wp-json\/wp\/v2\/media\/94478"}],"wp:attachment":[{"href":"https:\/\/buletin.de\/bucuresti\/wp-json\/wp\/v2\/media?parent=94442"}],"wp:term":[{"taxonomy":"category","embeddable":true,"href":"https:\/\/buletin.de\/bucuresti\/wp-json\/wp\/v2\/categories?post=94442"},{"taxonomy":"post_tag","embeddable":true,"href":"https:\/\/buletin.de\/bucuresti\/wp-json\/wp\/v2\/tags?post=94442"},{"taxonomy":"author","embeddable":true,"href":"https:\/\/buletin.de\/bucuresti\/wp-json\/wp\/v2\/ppma_author?post=94442"}],"curies":[{"name":"wp","href":"https:\/\/api.w.org\/{rel}","templated":true}]}}