{"id":94308,"date":"2024-08-11T13:48:47","date_gmt":"2024-08-11T10:48:47","guid":{"rendered":"https:\/\/buletin.de\/bucuresti\/?p=94308"},"modified":"2024-08-11T13:49:50","modified_gmt":"2024-08-11T10:49:50","slug":"un-camin-studentesc-al-umf-bucuresti-va-fi-consolidat","status":"publish","type":"post","link":"https:\/\/buletin.de\/bucuresti\/un-camin-studentesc-al-umf-bucuresti-va-fi-consolidat\/","title":{"rendered":"Un c\u0103min studen\u021besc al UMF Bucure\u0219ti va fi consolidat"},"content":{"rendered":"\n<p><strong>Un c\u0103min studen\u021besc al UMF Bucure\u0219ti, care nu mai func\u021biona de 10 ani, va fi consolidat \u0219i renovat, a anun\u021bat conducerea institu\u021biei. <\/strong><\/p>\n\n\n\n<p>Cl\u0103direa, situat\u0103 \u00een Splaiul Independen\u0163ei nr. 46 (Pod Izvor), este veche de peste 90 de ani, iar lucr\u0103rile vor dura peste doi ani. Dup\u0103 restaurare, c\u0103minul Universit\u0103\u021bii de Medicin\u0103 \u0219i Farmacie \u201eCarol Davila\u201d va avea o capacitate de cazare de 82 de locuri, o cantin\u0103 \u0219i o sal\u0103 de activit\u0103\u021bi.<\/p>\n\n\n\n<p>Proiectul, derulat prin Compania Na\u021bional\u0103 de Investi\u021bii, are o valoare de aproximativ 4,2 milioane de euro.<\/p>\n\n\n\n<p>Suprafa\u0163a desf\u0103\u015furat\u0103 propus\u0103 pentru modernizare este de 2.625,14 de metri p\u0103tra\u0163i, pe un regim de \u00een\u0103l\u0163ime care include subsol, parter, 4 etaje \u015fi un pod mansardat.<\/p>\n\n\n\n<p>CITE\u0218TE \u0218I: <strong><a href=\"https:\/\/buletin.de\/bucuresti\/reprezentantii-elevilor-din-bucuresti-impactul-psihologic-nu-va-fi-unul-bun\/\" target=\"_blank\" rel=\"noreferrer noopener\">Camerele de deten\u021bie din \u0219colile \u015fi liceele Capitalei | Reprezentan\u021bii elevilor din Bucure\u0219ti: \u201eImpactul psihologic nu va fi unul bun\u201d<\/a><\/strong><\/p>\n\n\n\n<h2 class=\"wp-block-heading\" id=\"h-un-camin-studen\u021besc-al-umf-bucure\u0219ti-va-fi-adus-la-standardele-din-2024\">Un c\u0103min studen\u021besc al UMF Bucure\u0219ti va fi adus la standardele din 2024<\/h2>\n\n\n\n<p><strong>\u201eSunt dou\u0103 cl\u0103diri construite \u00eentre anii 1927-1933. Nu s-a f\u0103cut nici o modernizare la aceste c\u0103mine. Noi l-am \u00eenchis acum zece ani, pentru c\u0103 nu mai \u00eendeplinea cerin\u021bele pentru a caza studen\u021bii. <\/strong><\/p>\n\n\n\n<p>Se vor crea camere dup\u0103 standardul actual. La etajul 1, se afl\u0103 o sal\u0103 de festivit\u0103\u021bi, care va fi multi func\u021bional\u0103. <\/p>\n\n\n\n<p>Fosta cantin\u0103 va reveni de asemenea \u00een circuitul Universit\u0103\u021bii de Medicin\u0103 \u0219i Farmacie\u201d, a men\u021bionat prof.univ.dr. Viorel Jinga, rectorul UMF \u201eCarol Davina\u201d, citat de <a href=\"http:\/\/www.bucurestifm.ro\/2024\/08\/08\/audio-vesti-bune-incepe-consolidarea-caminelor-studentesti-ale-universitatii-de-medicina-carol-davila\/\" target=\"_blank\" rel=\"noreferrer noopener\">Bucure\u0219ti FM<\/a>.<\/p>\n\n\n\n<p>Fiecare camer\u0103 din nou c\u0103min renovat va beneficia de grup sanitar propriu, mobilier nou, aer condi\u0163ionat \u015fi televizor.\u00a0<\/p>\n\n\n\n<p>Universit\u0103\u021bii de Medicin\u0103 \u0219i Farmacie \u201eCarol Davila\u201d are, \u00een prezent, \u0219ase c\u0103mine \u00een complexul Regie (U1-U6), trei \u00een complexul Groz\u0103ve\u0219ti (E, B1, B2) \u0219i un c\u0103min \u00een complexul Belvedere-Cr\u00e2nga\u0219i (A2).\u00a0<\/p>\n\n\n\n<p>CITE\u0218TE \u0218I: <strong><a href=\"https:\/\/buletin.de\/bucuresti\/marturii-din-spitalul-sf-pantelimon-o-asistenta-a-declarat-ca-doctorita-i-a-spus-ca-pacientul-e-de-lasat-si-sa-i-scada-doza\/\" target=\"_blank\" rel=\"noreferrer noopener\">M\u0103rturii din Spitalul Sf. Pantelimon: o asistent\u0103 a declarat c\u0103 doctori\u021ba i-a spus c\u0103 pacientul e \u201eDe l\u0103sat\u201d \u0219i s\u0103-i scad\u0103 doza<\/a><\/strong><\/p>\n","protected":false},"excerpt":{"rendered":"<p>Un c\u0103min studen\u021besc al UMF Bucure\u0219ti, care nu mai func\u021biona de 10 ani, va fi consolidat \u0219i renovat, a anun\u021bat conducerea institu\u021biei. Cl\u0103direa, situat\u0103 \u00een Splaiul Independen\u0163ei nr. 46 (Pod Izvor), este veche de peste 90 de ani, iar lucr\u0103rile vor dura peste doi ani. Dup\u0103 restaurare, c\u0103minul Universit\u0103\u021bii de Medicin\u0103 \u0219i Farmacie \u201eCarol Davila\u201d [&hellip;]<\/p>\n","protected":false},"author":1,"featured_media":94309,"comment_status":"closed","ping_status":"open","sticky":false,"template":"","format":"standard","meta":{"_acf_changed":false,"inline_featured_image":false,"ngg_post_thumbnail":0,"footnotes":""},"categories":[6994,3421,62],"tags":[14162,14163,14164,14165],"ppma_author":[22583],"class_list":["post-94308","post","type-post","status-publish","format-standard","has-post-thumbnail","hentry","category-stiri-2","category-educatie","category-stiri","tag-camin-studentesc","tag-camin-umf","tag-cazare-umf","tag-modernizare-camin"],"acf":[],"yoast_head":"<!-- This site is optimized with the Yoast SEO Premium plugin v25.3 (Yoast SEO v27.5) - https:\/\/yoast.com\/product\/yoast-seo-premium-wordpress\/ -->\n<title>Un c\u0103min studen\u021besc al UMF Bucure\u0219ti va fi consolidat - Buletin de Bucure\u0219ti<\/title>\n<meta name=\"description\" content=\"Un c\u0103min studen\u021besc al UMF Bucure\u0219ti va fi consolidat \u0219i renovat, a anun\u021bat conducerea institu\u021biei. Cl\u0103direa are 90 de ani.\" \/>\n<meta name=\"robots\" content=\"index, follow, max-snippet:-1, max-image-preview:large, max-video-preview:-1\" \/>\n<link rel=\"canonical\" href=\"https:\/\/buletin.de\/bucuresti\/un-camin-studentesc-al-umf-bucuresti-va-fi-consolidat\/\" \/>\n<meta property=\"og:locale\" content=\"en_GB\" \/>\n<meta property=\"og:type\" content=\"article\" \/>\n<meta property=\"og:title\" content=\"Un c\u0103min studen\u021besc al UMF Bucure\u0219ti va fi consolidat\" \/>\n<meta property=\"og:description\" content=\"Un c\u0103min studen\u021besc al UMF Bucure\u0219ti va fi consolidat \u0219i renovat, a anun\u021bat conducerea institu\u021biei. Cl\u0103direa are 90 de ani.\" \/>\n<meta property=\"og:url\" content=\"https:\/\/buletin.de\/bucuresti\/un-camin-studentesc-al-umf-bucuresti-va-fi-consolidat\/\" \/>\n<meta property=\"og:site_name\" content=\"Buletin de Bucure\u0219ti\" \/>\n<meta property=\"article:publisher\" content=\"https:\/\/www.facebook.com\/buletin.de.buc\" \/>\n<meta property=\"article:published_time\" content=\"2024-08-11T10:48:47+00:00\" \/>\n<meta property=\"article:modified_time\" content=\"2024-08-11T10:49:50+00:00\" \/>\n<meta property=\"og:image\" content=\"https:\/\/buletin.de\/bucuresti\/wp-content\/uploads\/Un-camin-studentesc-al-UMF-Bucuresti.jpg\" \/>\n\t<meta property=\"og:image:width\" content=\"2048\" \/>\n\t<meta property=\"og:image:height\" content=\"1536\" \/>\n\t<meta property=\"og:image:type\" content=\"image\/jpeg\" \/>\n<meta name=\"author\" content=\"Redac\u021bia Buletin de Bucure\u0219ti\" \/>\n<meta name=\"twitter:card\" content=\"summary_large_image\" \/>\n<meta name=\"twitter:label1\" content=\"Written by\" \/>\n\t<meta name=\"twitter:data1\" content=\"Redac\u021bia Buletin de Bucure\u0219ti\" \/>\n\t<meta name=\"twitter:label2\" content=\"Estimated reading time\" \/>\n\t<meta name=\"twitter:data2\" content=\"2 minutes\" \/>\n<script type=\"application\/ld+json\" class=\"yoast-schema-graph\">{\"@context\":\"https:\\\/\\\/schema.org\",\"@graph\":[{\"@type\":\"Article\",\"@id\":\"https:\\\/\\\/buletin.de\\\/bucuresti\\\/un-camin-studentesc-al-umf-bucuresti-va-fi-consolidat\\\/#article\",\"isPartOf\":{\"@id\":\"https:\\\/\\\/buletin.de\\\/bucuresti\\\/un-camin-studentesc-al-umf-bucuresti-va-fi-consolidat\\\/\"},\"author\":{\"name\":\"Redac\u021bia Buletin de Bucure\u0219ti\",\"@id\":\"https:\\\/\\\/buletin.de\\\/bucuresti\\\/#\\\/schema\\\/person\\\/2bbcf854e5f2419a13804af574d06ab1\"},\"headline\":\"Un c\u0103min studen\u021besc al UMF Bucure\u0219ti va fi consolidat\",\"datePublished\":\"2024-08-11T10:48:47+00:00\",\"dateModified\":\"2024-08-11T10:49:50+00:00\",\"mainEntityOfPage\":{\"@id\":\"https:\\\/\\\/buletin.de\\\/bucuresti\\\/un-camin-studentesc-al-umf-bucuresti-va-fi-consolidat\\\/\"},\"wordCount\":356,\"publisher\":{\"@id\":\"https:\\\/\\\/buletin.de\\\/bucuresti\\\/#organization\"},\"image\":{\"@id\":\"https:\\\/\\\/buletin.de\\\/bucuresti\\\/un-camin-studentesc-al-umf-bucuresti-va-fi-consolidat\\\/#primaryimage\"},\"thumbnailUrl\":\"https:\\\/\\\/buletin.de\\\/bucuresti\\\/wp-content\\\/uploads\\\/Un-camin-studentesc-al-UMF-Bucuresti.jpg\",\"keywords\":[\"camin studentesc\",\"camin umf\",\"cazare umf\",\"modernizare camin\"],\"articleSection\":[\"Articole\",\"Educa\u021bie\",\"\u0218tiri\"],\"inLanguage\":\"en-GB\",\"copyrightYear\":\"2024\",\"copyrightHolder\":{\"@id\":\"https:\\\/\\\/buletin.de\\\/bucuresti\\\/#organization\"}},{\"@type\":\"WebPage\",\"@id\":\"https:\\\/\\\/buletin.de\\\/bucuresti\\\/un-camin-studentesc-al-umf-bucuresti-va-fi-consolidat\\\/\",\"url\":\"https:\\\/\\\/buletin.de\\\/bucuresti\\\/un-camin-studentesc-al-umf-bucuresti-va-fi-consolidat\\\/\",\"name\":\"Un c\u0103min studen\u021besc al UMF Bucure\u0219ti va fi consolidat - Buletin de Bucure\u0219ti\",\"isPartOf\":{\"@id\":\"https:\\\/\\\/buletin.de\\\/bucuresti\\\/#website\"},\"primaryImageOfPage\":{\"@id\":\"https:\\\/\\\/buletin.de\\\/bucuresti\\\/un-camin-studentesc-al-umf-bucuresti-va-fi-consolidat\\\/#primaryimage\"},\"image\":{\"@id\":\"https:\\\/\\\/buletin.de\\\/bucuresti\\\/un-camin-studentesc-al-umf-bucuresti-va-fi-consolidat\\\/#primaryimage\"},\"thumbnailUrl\":\"https:\\\/\\\/buletin.de\\\/bucuresti\\\/wp-content\\\/uploads\\\/Un-camin-studentesc-al-UMF-Bucuresti.jpg\",\"datePublished\":\"2024-08-11T10:48:47+00:00\",\"dateModified\":\"2024-08-11T10:49:50+00:00\",\"description\":\"Un c\u0103min studen\u021besc al UMF Bucure\u0219ti va fi consolidat \u0219i renovat, a anun\u021bat conducerea institu\u021biei. Cl\u0103direa are 90 de ani.\",\"breadcrumb\":{\"@id\":\"https:\\\/\\\/buletin.de\\\/bucuresti\\\/un-camin-studentesc-al-umf-bucuresti-va-fi-consolidat\\\/#breadcrumb\"},\"inLanguage\":\"en-GB\",\"potentialAction\":[{\"@type\":\"ReadAction\",\"target\":[\"https:\\\/\\\/buletin.de\\\/bucuresti\\\/un-camin-studentesc-al-umf-bucuresti-va-fi-consolidat\\\/\"]}]},{\"@type\":\"ImageObject\",\"inLanguage\":\"en-GB\",\"@id\":\"https:\\\/\\\/buletin.de\\\/bucuresti\\\/un-camin-studentesc-al-umf-bucuresti-va-fi-consolidat\\\/#primaryimage\",\"url\":\"https:\\\/\\\/buletin.de\\\/bucuresti\\\/wp-content\\\/uploads\\\/Un-camin-studentesc-al-UMF-Bucuresti.jpg\",\"contentUrl\":\"https:\\\/\\\/buletin.de\\\/bucuresti\\\/wp-content\\\/uploads\\\/Un-camin-studentesc-al-UMF-Bucuresti.jpg\",\"width\":2048,\"height\":1536,\"caption\":\"Un c\u0103min studen\u021besc al UMF Bucure\u0219ti va fi consolidat \u0219i renovat, a anun\u021bat conducerea institu\u021biei. Foto: UMF Bucure\u0219ti\"},{\"@type\":\"BreadcrumbList\",\"@id\":\"https:\\\/\\\/buletin.de\\\/bucuresti\\\/un-camin-studentesc-al-umf-bucuresti-va-fi-consolidat\\\/#breadcrumb\",\"itemListElement\":[{\"@type\":\"ListItem\",\"position\":1,\"name\":\"Acas\u0103\",\"item\":\"https:\\\/\\\/buletin.de\\\/bucuresti\\\/\"},{\"@type\":\"ListItem\",\"position\":2,\"name\":\"Un c\u0103min studen\u021besc al UMF Bucure\u0219ti va fi consolidat\"}]},{\"@type\":\"WebSite\",\"@id\":\"https:\\\/\\\/buletin.de\\\/bucuresti\\\/#website\",\"url\":\"https:\\\/\\\/buletin.de\\\/bucuresti\\\/\",\"name\":\"Buletin de Bucure\u0219ti\",\"description\":\"\u0218tiri \u0219i investiga\u021bii esen\u021biale din capital\u0103\",\"publisher\":{\"@id\":\"https:\\\/\\\/buletin.de\\\/bucuresti\\\/#organization\"},\"potentialAction\":[{\"@type\":\"SearchAction\",\"target\":{\"@type\":\"EntryPoint\",\"urlTemplate\":\"https:\\\/\\\/buletin.de\\\/bucuresti\\\/?s={search_term_string}\"},\"query-input\":{\"@type\":\"PropertyValueSpecification\",\"valueRequired\":true,\"valueName\":\"search_term_string\"}}],\"inLanguage\":\"en-GB\"},{\"@type\":\"Organization\",\"@id\":\"https:\\\/\\\/buletin.de\\\/bucuresti\\\/#organization\",\"name\":\"Buletin de Bucure\u0219ti\",\"url\":\"https:\\\/\\\/buletin.de\\\/bucuresti\\\/\",\"logo\":{\"@type\":\"ImageObject\",\"inLanguage\":\"en-GB\",\"@id\":\"https:\\\/\\\/buletin.de\\\/bucuresti\\\/#\\\/schema\\\/logo\\\/image\\\/\",\"url\":\"https:\\\/\\\/buletin.de\\\/bucuresti\\\/wp-content\\\/uploads\\\/logo-bdb-full-wide-vernil-transparent.png\",\"contentUrl\":\"https:\\\/\\\/buletin.de\\\/bucuresti\\\/wp-content\\\/uploads\\\/logo-bdb-full-wide-vernil-transparent.png\",\"width\":1782,\"height\":626,\"caption\":\"Buletin de Bucure\u0219ti\"},\"image\":{\"@id\":\"https:\\\/\\\/buletin.de\\\/bucuresti\\\/#\\\/schema\\\/logo\\\/image\\\/\"},\"sameAs\":[\"https:\\\/\\\/www.facebook.com\\\/buletin.de.buc\",\"https:\\\/\\\/www.instagram.com\\\/buletinde.bucuresti\\\/\"]},{\"@type\":\"Person\",\"@id\":\"https:\\\/\\\/buletin.de\\\/bucuresti\\\/#\\\/schema\\\/person\\\/2bbcf854e5f2419a13804af574d06ab1\",\"name\":\"Redac\u021bia Buletin de Bucure\u0219ti\",\"image\":{\"@type\":\"ImageObject\",\"inLanguage\":\"en-GB\",\"@id\":\"https:\\\/\\\/secure.gravatar.com\\\/avatar\\\/18c5342381ed1a08620e6280424e3e5efc958618f5d67c522c9e44c1bc6f9226?s=96&d=monsterid&r=g60c7cd0ad92c68c049fcd4bb3504d609\",\"url\":\"https:\\\/\\\/secure.gravatar.com\\\/avatar\\\/18c5342381ed1a08620e6280424e3e5efc958618f5d67c522c9e44c1bc6f9226?s=96&d=monsterid&r=g\",\"contentUrl\":\"https:\\\/\\\/secure.gravatar.com\\\/avatar\\\/18c5342381ed1a08620e6280424e3e5efc958618f5d67c522c9e44c1bc6f9226?s=96&d=monsterid&r=g\",\"caption\":\"Redac\u021bia Buletin de Bucure\u0219ti\"},\"description\":\"Buletin de Bucure\u0219ti exist\u0103 din vara anului 2019.\",\"url\":\"https:\\\/\\\/buletin.de\\\/bucuresti\\\/author\\\/adminbuletin\\\/\"}]}<\/script>\n<!-- \/ Yoast SEO Premium plugin. -->","yoast_head_json":{"title":"Un c\u0103min studen\u021besc al UMF Bucure\u0219ti va fi consolidat - Buletin de Bucure\u0219ti","description":"Un c\u0103min studen\u021besc al UMF Bucure\u0219ti va fi consolidat \u0219i renovat, a anun\u021bat conducerea institu\u021biei. Cl\u0103direa are 90 de ani.","robots":{"index":"index","follow":"follow","max-snippet":"max-snippet:-1","max-image-preview":"max-image-preview:large","max-video-preview":"max-video-preview:-1"},"canonical":"https:\/\/buletin.de\/bucuresti\/un-camin-studentesc-al-umf-bucuresti-va-fi-consolidat\/","og_locale":"en_GB","og_type":"article","og_title":"Un c\u0103min studen\u021besc al UMF Bucure\u0219ti va fi consolidat","og_description":"Un c\u0103min studen\u021besc al UMF Bucure\u0219ti va fi consolidat \u0219i renovat, a anun\u021bat conducerea institu\u021biei. Cl\u0103direa are 90 de ani.","og_url":"https:\/\/buletin.de\/bucuresti\/un-camin-studentesc-al-umf-bucuresti-va-fi-consolidat\/","og_site_name":"Buletin de Bucure\u0219ti","article_publisher":"https:\/\/www.facebook.com\/buletin.de.buc","article_published_time":"2024-08-11T10:48:47+00:00","article_modified_time":"2024-08-11T10:49:50+00:00","og_image":[{"width":2048,"height":1536,"url":"https:\/\/buletin.de\/bucuresti\/wp-content\/uploads\/Un-camin-studentesc-al-UMF-Bucuresti.jpg","type":"image\/jpeg"}],"author":"Redac\u021bia Buletin de Bucure\u0219ti","twitter_card":"summary_large_image","twitter_misc":{"Written by":"Redac\u021bia Buletin de Bucure\u0219ti","Estimated reading time":"2 minutes"},"schema":{"@context":"https:\/\/schema.org","@graph":[{"@type":"Article","@id":"https:\/\/buletin.de\/bucuresti\/un-camin-studentesc-al-umf-bucuresti-va-fi-consolidat\/#article","isPartOf":{"@id":"https:\/\/buletin.de\/bucuresti\/un-camin-studentesc-al-umf-bucuresti-va-fi-consolidat\/"},"author":{"name":"Redac\u021bia Buletin de Bucure\u0219ti","@id":"https:\/\/buletin.de\/bucuresti\/#\/schema\/person\/2bbcf854e5f2419a13804af574d06ab1"},"headline":"Un c\u0103min studen\u021besc al UMF Bucure\u0219ti va fi consolidat","datePublished":"2024-08-11T10:48:47+00:00","dateModified":"2024-08-11T10:49:50+00:00","mainEntityOfPage":{"@id":"https:\/\/buletin.de\/bucuresti\/un-camin-studentesc-al-umf-bucuresti-va-fi-consolidat\/"},"wordCount":356,"publisher":{"@id":"https:\/\/buletin.de\/bucuresti\/#organization"},"image":{"@id":"https:\/\/buletin.de\/bucuresti\/un-camin-studentesc-al-umf-bucuresti-va-fi-consolidat\/#primaryimage"},"thumbnailUrl":"https:\/\/buletin.de\/bucuresti\/wp-content\/uploads\/Un-camin-studentesc-al-UMF-Bucuresti.jpg","keywords":["camin studentesc","camin umf","cazare umf","modernizare camin"],"articleSection":["Articole","Educa\u021bie","\u0218tiri"],"inLanguage":"en-GB","copyrightYear":"2024","copyrightHolder":{"@id":"https:\/\/buletin.de\/bucuresti\/#organization"}},{"@type":"WebPage","@id":"https:\/\/buletin.de\/bucuresti\/un-camin-studentesc-al-umf-bucuresti-va-fi-consolidat\/","url":"https:\/\/buletin.de\/bucuresti\/un-camin-studentesc-al-umf-bucuresti-va-fi-consolidat\/","name":"Un c\u0103min studen\u021besc al UMF Bucure\u0219ti va fi consolidat - Buletin de Bucure\u0219ti","isPartOf":{"@id":"https:\/\/buletin.de\/bucuresti\/#website"},"primaryImageOfPage":{"@id":"https:\/\/buletin.de\/bucuresti\/un-camin-studentesc-al-umf-bucuresti-va-fi-consolidat\/#primaryimage"},"image":{"@id":"https:\/\/buletin.de\/bucuresti\/un-camin-studentesc-al-umf-bucuresti-va-fi-consolidat\/#primaryimage"},"thumbnailUrl":"https:\/\/buletin.de\/bucuresti\/wp-content\/uploads\/Un-camin-studentesc-al-UMF-Bucuresti.jpg","datePublished":"2024-08-11T10:48:47+00:00","dateModified":"2024-08-11T10:49:50+00:00","description":"Un c\u0103min studen\u021besc al UMF Bucure\u0219ti va fi consolidat \u0219i renovat, a anun\u021bat conducerea institu\u021biei. Cl\u0103direa are 90 de ani.","breadcrumb":{"@id":"https:\/\/buletin.de\/bucuresti\/un-camin-studentesc-al-umf-bucuresti-va-fi-consolidat\/#breadcrumb"},"inLanguage":"en-GB","potentialAction":[{"@type":"ReadAction","target":["https:\/\/buletin.de\/bucuresti\/un-camin-studentesc-al-umf-bucuresti-va-fi-consolidat\/"]}]},{"@type":"ImageObject","inLanguage":"en-GB","@id":"https:\/\/buletin.de\/bucuresti\/un-camin-studentesc-al-umf-bucuresti-va-fi-consolidat\/#primaryimage","url":"https:\/\/buletin.de\/bucuresti\/wp-content\/uploads\/Un-camin-studentesc-al-UMF-Bucuresti.jpg","contentUrl":"https:\/\/buletin.de\/bucuresti\/wp-content\/uploads\/Un-camin-studentesc-al-UMF-Bucuresti.jpg","width":2048,"height":1536,"caption":"Un c\u0103min studen\u021besc al UMF Bucure\u0219ti va fi consolidat \u0219i renovat, a anun\u021bat conducerea institu\u021biei. Foto: UMF Bucure\u0219ti"},{"@type":"BreadcrumbList","@id":"https:\/\/buletin.de\/bucuresti\/un-camin-studentesc-al-umf-bucuresti-va-fi-consolidat\/#breadcrumb","itemListElement":[{"@type":"ListItem","position":1,"name":"Acas\u0103","item":"https:\/\/buletin.de\/bucuresti\/"},{"@type":"ListItem","position":2,"name":"Un c\u0103min studen\u021besc al UMF Bucure\u0219ti va fi consolidat"}]},{"@type":"WebSite","@id":"https:\/\/buletin.de\/bucuresti\/#website","url":"https:\/\/buletin.de\/bucuresti\/","name":"Buletin de Bucure\u0219ti","description":"\u0218tiri \u0219i investiga\u021bii esen\u021biale din capital\u0103","publisher":{"@id":"https:\/\/buletin.de\/bucuresti\/#organization"},"potentialAction":[{"@type":"SearchAction","target":{"@type":"EntryPoint","urlTemplate":"https:\/\/buletin.de\/bucuresti\/?s={search_term_string}"},"query-input":{"@type":"PropertyValueSpecification","valueRequired":true,"valueName":"search_term_string"}}],"inLanguage":"en-GB"},{"@type":"Organization","@id":"https:\/\/buletin.de\/bucuresti\/#organization","name":"Buletin de Bucure\u0219ti","url":"https:\/\/buletin.de\/bucuresti\/","logo":{"@type":"ImageObject","inLanguage":"en-GB","@id":"https:\/\/buletin.de\/bucuresti\/#\/schema\/logo\/image\/","url":"https:\/\/buletin.de\/bucuresti\/wp-content\/uploads\/logo-bdb-full-wide-vernil-transparent.png","contentUrl":"https:\/\/buletin.de\/bucuresti\/wp-content\/uploads\/logo-bdb-full-wide-vernil-transparent.png","width":1782,"height":626,"caption":"Buletin de Bucure\u0219ti"},"image":{"@id":"https:\/\/buletin.de\/bucuresti\/#\/schema\/logo\/image\/"},"sameAs":["https:\/\/www.facebook.com\/buletin.de.buc","https:\/\/www.instagram.com\/buletinde.bucuresti\/"]},{"@type":"Person","@id":"https:\/\/buletin.de\/bucuresti\/#\/schema\/person\/2bbcf854e5f2419a13804af574d06ab1","name":"Redac\u021bia Buletin de Bucure\u0219ti","image":{"@type":"ImageObject","inLanguage":"en-GB","@id":"https:\/\/secure.gravatar.com\/avatar\/18c5342381ed1a08620e6280424e3e5efc958618f5d67c522c9e44c1bc6f9226?s=96&d=monsterid&r=g60c7cd0ad92c68c049fcd4bb3504d609","url":"https:\/\/secure.gravatar.com\/avatar\/18c5342381ed1a08620e6280424e3e5efc958618f5d67c522c9e44c1bc6f9226?s=96&d=monsterid&r=g","contentUrl":"https:\/\/secure.gravatar.com\/avatar\/18c5342381ed1a08620e6280424e3e5efc958618f5d67c522c9e44c1bc6f9226?s=96&d=monsterid&r=g","caption":"Redac\u021bia Buletin de Bucure\u0219ti"},"description":"Buletin de Bucure\u0219ti exist\u0103 din vara anului 2019.","url":"https:\/\/buletin.de\/bucuresti\/author\/adminbuletin\/"}]}},"authors":[{"term_id":22583,"user_id":1,"is_guest":0,"slug":"adminbuletin","display_name":"Redac\u021bia Buletin de Bucure\u0219ti","avatar_url":"https:\/\/secure.gravatar.com\/avatar\/18c5342381ed1a08620e6280424e3e5efc958618f5d67c522c9e44c1bc6f9226?s=96&d=monsterid&r=g","0":null,"1":"","2":"","3":"","4":"","5":"","6":"","7":"","8":""}],"_links":{"self":[{"href":"https:\/\/buletin.de\/bucuresti\/wp-json\/wp\/v2\/posts\/94308","targetHints":{"allow":["GET"]}}],"collection":[{"href":"https:\/\/buletin.de\/bucuresti\/wp-json\/wp\/v2\/posts"}],"about":[{"href":"https:\/\/buletin.de\/bucuresti\/wp-json\/wp\/v2\/types\/post"}],"author":[{"embeddable":true,"href":"https:\/\/buletin.de\/bucuresti\/wp-json\/wp\/v2\/users\/1"}],"replies":[{"embeddable":true,"href":"https:\/\/buletin.de\/bucuresti\/wp-json\/wp\/v2\/comments?post=94308"}],"version-history":[{"count":2,"href":"https:\/\/buletin.de\/bucuresti\/wp-json\/wp\/v2\/posts\/94308\/revisions"}],"predecessor-version":[{"id":94312,"href":"https:\/\/buletin.de\/bucuresti\/wp-json\/wp\/v2\/posts\/94308\/revisions\/94312"}],"wp:featuredmedia":[{"embeddable":true,"href":"https:\/\/buletin.de\/bucuresti\/wp-json\/wp\/v2\/media\/94309"}],"wp:attachment":[{"href":"https:\/\/buletin.de\/bucuresti\/wp-json\/wp\/v2\/media?parent=94308"}],"wp:term":[{"taxonomy":"category","embeddable":true,"href":"https:\/\/buletin.de\/bucuresti\/wp-json\/wp\/v2\/categories?post=94308"},{"taxonomy":"post_tag","embeddable":true,"href":"https:\/\/buletin.de\/bucuresti\/wp-json\/wp\/v2\/tags?post=94308"},{"taxonomy":"author","embeddable":true,"href":"https:\/\/buletin.de\/bucuresti\/wp-json\/wp\/v2\/ppma_author?post=94308"}],"curies":[{"name":"wp","href":"https:\/\/api.w.org\/{rel}","templated":true}]}}