{"id":94273,"date":"2024-08-10T14:19:31","date_gmt":"2024-08-10T11:19:31","guid":{"rendered":"https:\/\/buletin.de\/bucuresti\/?p=94273"},"modified":"2024-08-10T14:20:20","modified_gmt":"2024-08-10T11:20:20","slug":"proiect-de-parcari-in-sectorul-5-finalizat-de-ziua-lui-piedone-cadoul-de-la-viitorul-primar","status":"publish","type":"post","link":"https:\/\/buletin.de\/bucuresti\/proiect-de-parcari-in-sectorul-5-finalizat-de-ziua-lui-piedone-cadoul-de-la-viitorul-primar\/","title":{"rendered":"Proiect de parc\u0103ri \u00een Sectorul 5, finalizat de ziua lui Piedone. \u201eCadoul de la viitorul primar\u201d"},"content":{"rendered":"\n<p><strong>Un proiect de parc\u0103ri \u00een Sectorul 5 ar urma s\u0103 fie finalizat pe 15 ianuarie, c\u00e2nd este ziua actualului primar Cristian Popescu Piedone. Edilul sper\u0103 ca p\u00e2n\u0103 atunci s\u0103 fie senator.<\/strong><\/p>\n\n\n\n<p>\u201e\u00cenceput de Cristian Piedone, continuat de Vlad Piedone. Finalizat? Cel t\u00e2rziu\u2026 de ziua lui Piedone!\u201d, a scris primarul \u00eentr-o postare pe Facebook. <\/p>\n\n\n\n<h2 class=\"wp-block-heading\" id=\"h-proiect-de-parcari-in-sectorul-5-1-500-de-locuri\">Proiect de parc\u0103ri \u00een Sectorul 5: 1.500 de locuri<\/h2>\n\n\n\n<p>\u00cen zona str\u0103zilor Pricopani-Pecineaga, urmeaz\u0103 s\u0103 fie amenajate circa 1.500 de locuri de parcare, pe o suprafa\u021b\u0103 de 60.000 de metri p\u0103tra\u021bi. <\/p>\n\n\n\n<p>\u201eS\u0103dim arbori, amenaj\u0103m locuri de joac\u0103, trotuare, spa\u021bii de promenad\u0103 \u0219i de relaxare!\u201d, a anun\u021bat Cristian Popescu Piedone, care a semnat mesajul cu formula \u201eCu respect pentru oamenii buni, viitorul senator Cristian Popescu Piedone\u201d.<\/p>\n\n\n\n<p>\u00cen \u00eenregistrarea video f\u0103cut\u0103 la deschiderea \u0219antierului, un reprezentant al constructorului men\u021bioneaz\u0103 c\u0103 durata de execu\u021bie este de 5-6 luni, \u201esf\u00e2r\u0219itul lui ianuarie- \u00eenceputul lui februarie\u201d. <\/p>\n\n\n\n<p><strong>\u201e\u0218ti\u021bi cumva ce dat\u0103 este asta, 15 februarie?\u201d, \u00eentreab\u0103 primarul actual. Este ziua de na\u0219tere a lui Piedone. \u201eA\u021bi v\u0103zut cum a c\u0103zut, domnilor\u201d, r\u00e2de edilul. <\/strong><\/p>\n\n\n\n<p>Reprezentantul constructorului pluseaz\u0103: \u201eViitorul primar v\u0103 va face cadou acest proiect finalizat\u201d. Viitorul primar este Vlad Popescu Piedone, fiul actualului edil de la <a href=\"https:\/\/sector5.ro\/\" target=\"_blank\" rel=\"noreferrer noopener\">Sectorul 5<\/a>.<\/p>\n\n\n\n<iframe src=\"https:\/\/www.facebook.com\/plugins\/video.php?height=314&#038;href=https%3A%2F%2Fwww.facebook.com%2FPopescu.Piedone%2Fvideos%2F810323511313107%2F&#038;show_text=false&#038;width=560&#038;t=0\" width=\"560\" height=\"314\" style=\"border:none;overflow:hidden\" scrolling=\"no\" frameborder=\"0\" allowfullscreen=\"true\" allow=\"autoplay; clipboard-write; encrypted-media; picture-in-picture; web-share\" allowFullScreen=\"true\"><\/iframe>\n\n\n\n<p>CITE\u0218TE \u0218I: <strong><a href=\"https:\/\/buletin.de\/bucuresti\/care-va-fi-strategia-partidelor-pentru-viitorul-consiliul-general-cine-sustine-pe-nicusor-dan\/\" target=\"_blank\" rel=\"noreferrer noopener\">Care va fi strategia partidelor pentru viitorul Consiliul General. Cine sus\u021bine pe Nicu\u0219or Dan<\/a><\/strong><\/p>\n\n\n\n<h2 class=\"wp-block-heading\" id=\"h-piedone-vizeaza-un-mandat-de-senator\">Piedone vizeaz\u0103 un mandat de senator<\/h2>\n\n\n\n<p>Buletin de Bucure\u0219ti a scris c\u0103 primarul Sectorului 5, Cristian Popescu Piedone, nu mai conduce partidul lui Dan Voiculescu.\u00a0<\/p>\n\n\n\n<p><strong>Func\u0163ia de\u00a0pre\u015fedinte executiv al Partidului Umanist Social Libera<\/strong>\u00a0<strong>a fost dizolvat\u0103, dup\u0103 o decizie a Biroului Executiv. \u00cen schimb, Piedone a preluat alte dou\u0103 func\u0163ii: cea de pre\u015fedinte PUSL Bucure\u015fti \u015fi cea de vicepre\u015fedinte PUSL, pentru administra\u0163ie public\u0103.<\/strong><\/p>\n\n\n\n<p>\u00cen schimb, conducerea va fi asigurat\u0103 de o conducere colectiv\u0103. Pre\u0219edintele Biroului Executiv al PUSL este deputata Gra\u021biela Gavrilescu, dup\u0103 cum a transmis pentru Buletin de Bucure\u015fti coordonatoarea de comunicare a partidului, Lavinia \u015eandru.<\/p>\n\n\n\n<p>Potrivit acesteia, decizia de schimbare a func\u0163iei \u015fi de dizolvare a celei de pre\u015fedinte executiv&nbsp;<em>a fost luat\u0103 de Cristian Popescu Piedone, de comun acord cu ceilal\u021bi colegi din conducerea PUSL<\/em>.<\/p>\n\n\n\n<p>\u00cen paralel, Cristian Popescu Piedone a anun\u0163at prin intermediul unei post\u0103ri pe Facebook, \u00een urma unei b\u0103i de mul\u0163ime \u00een cartierul Buzoieni, c\u0103 vrea s\u0103 candideze la alegerile parlamentare pentru un loc de senator.<\/p>\n\n\n\n<p>CITE\u0218TE \u0218I: <strong><a href=\"https:\/\/buletin.de\/bucuresti\/cristian-popescu-piedone-pas-in-spate-de-la-conducerea-pusl-in-schimb-anunta-ca-vrea-sa-fie-senator\/\" target=\"_blank\" rel=\"noreferrer noopener\">Cristian Popescu Piedone nu mai conduce partidul lui Dan Voiculescu. \u00cen schimb, anun\u0163\u0103 c\u0103 vrea s\u0103 fie senator<\/a><\/strong><\/p>\n","protected":false},"excerpt":{"rendered":"<p>Un proiect de parc\u0103ri \u00een Sectorul 5 ar urma s\u0103 fie finalizat pe 15 ianuarie, c\u00e2nd este ziua actualului primar Cristian Popescu Piedone. Edilul sper\u0103 ca p\u00e2n\u0103 atunci s\u0103 fie senator. \u201e\u00cenceput de Cristian Piedone, continuat de Vlad Piedone. Finalizat? Cel t\u00e2rziu\u2026 de ziua lui Piedone!\u201d, a scris primarul \u00eentr-o postare pe Facebook. Proiect de [&hellip;]<\/p>\n","protected":false},"author":1,"featured_media":94274,"comment_status":"closed","ping_status":"open","sticky":false,"template":"","format":"standard","meta":{"_acf_changed":false,"inline_featured_image":false,"ngg_post_thumbnail":0,"footnotes":""},"categories":[6994,5762,24],"tags":[1905,14157,1103,14156,74],"ppma_author":[22583],"class_list":["post-94273","post","type-post","status-publish","format-standard","has-post-thumbnail","hentry","category-stiri-2","category-main","category-primarie","tag-cristian-popescu-piedone","tag-parcari-sectorul-5","tag-piedone","tag-proiect-parcari","tag-sectorul-5"],"acf":[],"yoast_head":"<!-- This site is optimized with the Yoast SEO Premium plugin v25.3 (Yoast SEO v27.4) - https:\/\/yoast.com\/product\/yoast-seo-premium-wordpress\/ -->\n<title>Proiect de parc\u0103ri \u00een Sectorul 5, finalizat de ziua lui Piedone. \u201eCadoul de la viitorul primar\u201d - Buletin de Bucure\u0219ti<\/title>\n<meta name=\"description\" content=\"Un proiect de parc\u0103ri \u00een Sectorul 5 ar urma s\u0103 fie finalizat pe 15 ianuarie, c\u00e2nd este ziua actualului primar Cristian Popescu Piedone.\" \/>\n<meta name=\"robots\" content=\"index, follow, max-snippet:-1, max-image-preview:large, max-video-preview:-1\" \/>\n<link rel=\"canonical\" href=\"https:\/\/buletin.de\/bucuresti\/proiect-de-parcari-in-sectorul-5-finalizat-de-ziua-lui-piedone-cadoul-de-la-viitorul-primar\/\" \/>\n<meta property=\"og:locale\" content=\"en_GB\" \/>\n<meta property=\"og:type\" content=\"article\" \/>\n<meta property=\"og:title\" content=\"Proiect de parc\u0103ri \u00een Sectorul 5, finalizat de ziua lui Piedone. \u201eCadoul de la viitorul primar\u201d\" \/>\n<meta property=\"og:description\" content=\"Un proiect de parc\u0103ri \u00een Sectorul 5 ar urma s\u0103 fie finalizat pe 15 ianuarie, c\u00e2nd este ziua actualului primar Cristian Popescu Piedone.\" \/>\n<meta property=\"og:url\" content=\"https:\/\/buletin.de\/bucuresti\/proiect-de-parcari-in-sectorul-5-finalizat-de-ziua-lui-piedone-cadoul-de-la-viitorul-primar\/\" \/>\n<meta property=\"og:site_name\" content=\"Buletin de Bucure\u0219ti\" \/>\n<meta property=\"article:publisher\" content=\"https:\/\/www.facebook.com\/buletin.de.buc\" \/>\n<meta property=\"article:published_time\" content=\"2024-08-10T11:19:31+00:00\" \/>\n<meta property=\"article:modified_time\" content=\"2024-08-10T11:20:20+00:00\" \/>\n<meta property=\"og:image\" content=\"https:\/\/buletin.de\/bucuresti\/wp-content\/uploads\/Proiect-de-parcari-in-Sectorul.png\" \/>\n\t<meta property=\"og:image:width\" content=\"1200\" \/>\n\t<meta property=\"og:image:height\" content=\"749\" \/>\n\t<meta property=\"og:image:type\" content=\"image\/png\" \/>\n<meta name=\"author\" content=\"Redac\u021bia Buletin de Bucure\u0219ti\" \/>\n<meta name=\"twitter:card\" content=\"summary_large_image\" \/>\n<meta name=\"twitter:label1\" content=\"Written by\" \/>\n\t<meta name=\"twitter:data1\" content=\"Redac\u021bia Buletin de Bucure\u0219ti\" \/>\n\t<meta name=\"twitter:label2\" content=\"Estimated reading time\" \/>\n\t<meta name=\"twitter:data2\" content=\"2 minutes\" \/>\n<script type=\"application\/ld+json\" class=\"yoast-schema-graph\">{\"@context\":\"https:\\\/\\\/schema.org\",\"@graph\":[{\"@type\":\"Article\",\"@id\":\"https:\\\/\\\/buletin.de\\\/bucuresti\\\/proiect-de-parcari-in-sectorul-5-finalizat-de-ziua-lui-piedone-cadoul-de-la-viitorul-primar\\\/#article\",\"isPartOf\":{\"@id\":\"https:\\\/\\\/buletin.de\\\/bucuresti\\\/proiect-de-parcari-in-sectorul-5-finalizat-de-ziua-lui-piedone-cadoul-de-la-viitorul-primar\\\/\"},\"author\":{\"name\":\"Redac\u021bia Buletin de Bucure\u0219ti\",\"@id\":\"https:\\\/\\\/buletin.de\\\/bucuresti\\\/#\\\/schema\\\/person\\\/2bbcf854e5f2419a13804af574d06ab1\"},\"headline\":\"Proiect de parc\u0103ri \u00een Sectorul 5, finalizat de ziua lui Piedone. \u201eCadoul de la viitorul primar\u201d\",\"datePublished\":\"2024-08-10T11:19:31+00:00\",\"dateModified\":\"2024-08-10T11:20:20+00:00\",\"mainEntityOfPage\":{\"@id\":\"https:\\\/\\\/buletin.de\\\/bucuresti\\\/proiect-de-parcari-in-sectorul-5-finalizat-de-ziua-lui-piedone-cadoul-de-la-viitorul-primar\\\/\"},\"wordCount\":447,\"publisher\":{\"@id\":\"https:\\\/\\\/buletin.de\\\/bucuresti\\\/#organization\"},\"image\":{\"@id\":\"https:\\\/\\\/buletin.de\\\/bucuresti\\\/proiect-de-parcari-in-sectorul-5-finalizat-de-ziua-lui-piedone-cadoul-de-la-viitorul-primar\\\/#primaryimage\"},\"thumbnailUrl\":\"https:\\\/\\\/buletin.de\\\/bucuresti\\\/wp-content\\\/uploads\\\/Proiect-de-parcari-in-Sectorul.png\",\"keywords\":[\"Cristian Popescu Piedone\",\"parcari sectorul 5\",\"piedone\",\"proiect parcari\",\"sectorul 5\"],\"articleSection\":[\"Articole\",\"Main\",\"Prim\u0103rie\"],\"inLanguage\":\"en-GB\",\"copyrightYear\":\"2024\",\"copyrightHolder\":{\"@id\":\"https:\\\/\\\/buletin.de\\\/bucuresti\\\/#organization\"}},{\"@type\":\"WebPage\",\"@id\":\"https:\\\/\\\/buletin.de\\\/bucuresti\\\/proiect-de-parcari-in-sectorul-5-finalizat-de-ziua-lui-piedone-cadoul-de-la-viitorul-primar\\\/\",\"url\":\"https:\\\/\\\/buletin.de\\\/bucuresti\\\/proiect-de-parcari-in-sectorul-5-finalizat-de-ziua-lui-piedone-cadoul-de-la-viitorul-primar\\\/\",\"name\":\"Proiect de parc\u0103ri \u00een Sectorul 5, finalizat de ziua lui Piedone. \u201eCadoul de la viitorul primar\u201d - Buletin de Bucure\u0219ti\",\"isPartOf\":{\"@id\":\"https:\\\/\\\/buletin.de\\\/bucuresti\\\/#website\"},\"primaryImageOfPage\":{\"@id\":\"https:\\\/\\\/buletin.de\\\/bucuresti\\\/proiect-de-parcari-in-sectorul-5-finalizat-de-ziua-lui-piedone-cadoul-de-la-viitorul-primar\\\/#primaryimage\"},\"image\":{\"@id\":\"https:\\\/\\\/buletin.de\\\/bucuresti\\\/proiect-de-parcari-in-sectorul-5-finalizat-de-ziua-lui-piedone-cadoul-de-la-viitorul-primar\\\/#primaryimage\"},\"thumbnailUrl\":\"https:\\\/\\\/buletin.de\\\/bucuresti\\\/wp-content\\\/uploads\\\/Proiect-de-parcari-in-Sectorul.png\",\"datePublished\":\"2024-08-10T11:19:31+00:00\",\"dateModified\":\"2024-08-10T11:20:20+00:00\",\"description\":\"Un proiect de parc\u0103ri \u00een Sectorul 5 ar urma s\u0103 fie finalizat pe 15 ianuarie, c\u00e2nd este ziua actualului primar Cristian Popescu Piedone.\",\"breadcrumb\":{\"@id\":\"https:\\\/\\\/buletin.de\\\/bucuresti\\\/proiect-de-parcari-in-sectorul-5-finalizat-de-ziua-lui-piedone-cadoul-de-la-viitorul-primar\\\/#breadcrumb\"},\"inLanguage\":\"en-GB\",\"potentialAction\":[{\"@type\":\"ReadAction\",\"target\":[\"https:\\\/\\\/buletin.de\\\/bucuresti\\\/proiect-de-parcari-in-sectorul-5-finalizat-de-ziua-lui-piedone-cadoul-de-la-viitorul-primar\\\/\"]}]},{\"@type\":\"ImageObject\",\"inLanguage\":\"en-GB\",\"@id\":\"https:\\\/\\\/buletin.de\\\/bucuresti\\\/proiect-de-parcari-in-sectorul-5-finalizat-de-ziua-lui-piedone-cadoul-de-la-viitorul-primar\\\/#primaryimage\",\"url\":\"https:\\\/\\\/buletin.de\\\/bucuresti\\\/wp-content\\\/uploads\\\/Proiect-de-parcari-in-Sectorul.png\",\"contentUrl\":\"https:\\\/\\\/buletin.de\\\/bucuresti\\\/wp-content\\\/uploads\\\/Proiect-de-parcari-in-Sectorul.png\",\"width\":1200,\"height\":749,\"caption\":\"Proiect de parc\u0103ri \u00een Sectorul\"},{\"@type\":\"BreadcrumbList\",\"@id\":\"https:\\\/\\\/buletin.de\\\/bucuresti\\\/proiect-de-parcari-in-sectorul-5-finalizat-de-ziua-lui-piedone-cadoul-de-la-viitorul-primar\\\/#breadcrumb\",\"itemListElement\":[{\"@type\":\"ListItem\",\"position\":1,\"name\":\"Acas\u0103\",\"item\":\"https:\\\/\\\/buletin.de\\\/bucuresti\\\/\"},{\"@type\":\"ListItem\",\"position\":2,\"name\":\"Proiect de parc\u0103ri \u00een Sectorul 5, finalizat de ziua lui Piedone. \u201eCadoul de la viitorul primar\u201d\"}]},{\"@type\":\"WebSite\",\"@id\":\"https:\\\/\\\/buletin.de\\\/bucuresti\\\/#website\",\"url\":\"https:\\\/\\\/buletin.de\\\/bucuresti\\\/\",\"name\":\"Buletin de Bucure\u0219ti\",\"description\":\"\u0218tiri \u0219i investiga\u021bii esen\u021biale din capital\u0103\",\"publisher\":{\"@id\":\"https:\\\/\\\/buletin.de\\\/bucuresti\\\/#organization\"},\"potentialAction\":[{\"@type\":\"SearchAction\",\"target\":{\"@type\":\"EntryPoint\",\"urlTemplate\":\"https:\\\/\\\/buletin.de\\\/bucuresti\\\/?s={search_term_string}\"},\"query-input\":{\"@type\":\"PropertyValueSpecification\",\"valueRequired\":true,\"valueName\":\"search_term_string\"}}],\"inLanguage\":\"en-GB\"},{\"@type\":\"Organization\",\"@id\":\"https:\\\/\\\/buletin.de\\\/bucuresti\\\/#organization\",\"name\":\"Buletin de Bucure\u0219ti\",\"url\":\"https:\\\/\\\/buletin.de\\\/bucuresti\\\/\",\"logo\":{\"@type\":\"ImageObject\",\"inLanguage\":\"en-GB\",\"@id\":\"https:\\\/\\\/buletin.de\\\/bucuresti\\\/#\\\/schema\\\/logo\\\/image\\\/\",\"url\":\"https:\\\/\\\/buletin.de\\\/bucuresti\\\/wp-content\\\/uploads\\\/logo-bdb-full-wide-vernil-transparent.png\",\"contentUrl\":\"https:\\\/\\\/buletin.de\\\/bucuresti\\\/wp-content\\\/uploads\\\/logo-bdb-full-wide-vernil-transparent.png\",\"width\":1782,\"height\":626,\"caption\":\"Buletin de Bucure\u0219ti\"},\"image\":{\"@id\":\"https:\\\/\\\/buletin.de\\\/bucuresti\\\/#\\\/schema\\\/logo\\\/image\\\/\"},\"sameAs\":[\"https:\\\/\\\/www.facebook.com\\\/buletin.de.buc\",\"https:\\\/\\\/www.instagram.com\\\/buletinde.bucuresti\\\/\"]},{\"@type\":\"Person\",\"@id\":\"https:\\\/\\\/buletin.de\\\/bucuresti\\\/#\\\/schema\\\/person\\\/2bbcf854e5f2419a13804af574d06ab1\",\"name\":\"Redac\u021bia Buletin de Bucure\u0219ti\",\"image\":{\"@type\":\"ImageObject\",\"inLanguage\":\"en-GB\",\"@id\":\"https:\\\/\\\/secure.gravatar.com\\\/avatar\\\/18c5342381ed1a08620e6280424e3e5efc958618f5d67c522c9e44c1bc6f9226?s=96&d=monsterid&r=g60c7cd0ad92c68c049fcd4bb3504d609\",\"url\":\"https:\\\/\\\/secure.gravatar.com\\\/avatar\\\/18c5342381ed1a08620e6280424e3e5efc958618f5d67c522c9e44c1bc6f9226?s=96&d=monsterid&r=g\",\"contentUrl\":\"https:\\\/\\\/secure.gravatar.com\\\/avatar\\\/18c5342381ed1a08620e6280424e3e5efc958618f5d67c522c9e44c1bc6f9226?s=96&d=monsterid&r=g\",\"caption\":\"Redac\u021bia Buletin de Bucure\u0219ti\"},\"description\":\"Buletin de Bucure\u0219ti exist\u0103 din vara anului 2019.\",\"url\":\"https:\\\/\\\/buletin.de\\\/bucuresti\\\/author\\\/adminbuletin\\\/\"}]}<\/script>\n<!-- \/ Yoast SEO Premium plugin. -->","yoast_head_json":{"title":"Proiect de parc\u0103ri \u00een Sectorul 5, finalizat de ziua lui Piedone. \u201eCadoul de la viitorul primar\u201d - Buletin de Bucure\u0219ti","description":"Un proiect de parc\u0103ri \u00een Sectorul 5 ar urma s\u0103 fie finalizat pe 15 ianuarie, c\u00e2nd este ziua actualului primar Cristian Popescu Piedone.","robots":{"index":"index","follow":"follow","max-snippet":"max-snippet:-1","max-image-preview":"max-image-preview:large","max-video-preview":"max-video-preview:-1"},"canonical":"https:\/\/buletin.de\/bucuresti\/proiect-de-parcari-in-sectorul-5-finalizat-de-ziua-lui-piedone-cadoul-de-la-viitorul-primar\/","og_locale":"en_GB","og_type":"article","og_title":"Proiect de parc\u0103ri \u00een Sectorul 5, finalizat de ziua lui Piedone. \u201eCadoul de la viitorul primar\u201d","og_description":"Un proiect de parc\u0103ri \u00een Sectorul 5 ar urma s\u0103 fie finalizat pe 15 ianuarie, c\u00e2nd este ziua actualului primar Cristian Popescu Piedone.","og_url":"https:\/\/buletin.de\/bucuresti\/proiect-de-parcari-in-sectorul-5-finalizat-de-ziua-lui-piedone-cadoul-de-la-viitorul-primar\/","og_site_name":"Buletin de Bucure\u0219ti","article_publisher":"https:\/\/www.facebook.com\/buletin.de.buc","article_published_time":"2024-08-10T11:19:31+00:00","article_modified_time":"2024-08-10T11:20:20+00:00","og_image":[{"width":1200,"height":749,"url":"https:\/\/buletin.de\/bucuresti\/wp-content\/uploads\/Proiect-de-parcari-in-Sectorul.png","type":"image\/png"}],"author":"Redac\u021bia Buletin de Bucure\u0219ti","twitter_card":"summary_large_image","twitter_misc":{"Written by":"Redac\u021bia Buletin de Bucure\u0219ti","Estimated reading time":"2 minutes"},"schema":{"@context":"https:\/\/schema.org","@graph":[{"@type":"Article","@id":"https:\/\/buletin.de\/bucuresti\/proiect-de-parcari-in-sectorul-5-finalizat-de-ziua-lui-piedone-cadoul-de-la-viitorul-primar\/#article","isPartOf":{"@id":"https:\/\/buletin.de\/bucuresti\/proiect-de-parcari-in-sectorul-5-finalizat-de-ziua-lui-piedone-cadoul-de-la-viitorul-primar\/"},"author":{"name":"Redac\u021bia Buletin de Bucure\u0219ti","@id":"https:\/\/buletin.de\/bucuresti\/#\/schema\/person\/2bbcf854e5f2419a13804af574d06ab1"},"headline":"Proiect de parc\u0103ri \u00een Sectorul 5, finalizat de ziua lui Piedone. \u201eCadoul de la viitorul primar\u201d","datePublished":"2024-08-10T11:19:31+00:00","dateModified":"2024-08-10T11:20:20+00:00","mainEntityOfPage":{"@id":"https:\/\/buletin.de\/bucuresti\/proiect-de-parcari-in-sectorul-5-finalizat-de-ziua-lui-piedone-cadoul-de-la-viitorul-primar\/"},"wordCount":447,"publisher":{"@id":"https:\/\/buletin.de\/bucuresti\/#organization"},"image":{"@id":"https:\/\/buletin.de\/bucuresti\/proiect-de-parcari-in-sectorul-5-finalizat-de-ziua-lui-piedone-cadoul-de-la-viitorul-primar\/#primaryimage"},"thumbnailUrl":"https:\/\/buletin.de\/bucuresti\/wp-content\/uploads\/Proiect-de-parcari-in-Sectorul.png","keywords":["Cristian Popescu Piedone","parcari sectorul 5","piedone","proiect parcari","sectorul 5"],"articleSection":["Articole","Main","Prim\u0103rie"],"inLanguage":"en-GB","copyrightYear":"2024","copyrightHolder":{"@id":"https:\/\/buletin.de\/bucuresti\/#organization"}},{"@type":"WebPage","@id":"https:\/\/buletin.de\/bucuresti\/proiect-de-parcari-in-sectorul-5-finalizat-de-ziua-lui-piedone-cadoul-de-la-viitorul-primar\/","url":"https:\/\/buletin.de\/bucuresti\/proiect-de-parcari-in-sectorul-5-finalizat-de-ziua-lui-piedone-cadoul-de-la-viitorul-primar\/","name":"Proiect de parc\u0103ri \u00een Sectorul 5, finalizat de ziua lui Piedone. \u201eCadoul de la viitorul primar\u201d - Buletin de Bucure\u0219ti","isPartOf":{"@id":"https:\/\/buletin.de\/bucuresti\/#website"},"primaryImageOfPage":{"@id":"https:\/\/buletin.de\/bucuresti\/proiect-de-parcari-in-sectorul-5-finalizat-de-ziua-lui-piedone-cadoul-de-la-viitorul-primar\/#primaryimage"},"image":{"@id":"https:\/\/buletin.de\/bucuresti\/proiect-de-parcari-in-sectorul-5-finalizat-de-ziua-lui-piedone-cadoul-de-la-viitorul-primar\/#primaryimage"},"thumbnailUrl":"https:\/\/buletin.de\/bucuresti\/wp-content\/uploads\/Proiect-de-parcari-in-Sectorul.png","datePublished":"2024-08-10T11:19:31+00:00","dateModified":"2024-08-10T11:20:20+00:00","description":"Un proiect de parc\u0103ri \u00een Sectorul 5 ar urma s\u0103 fie finalizat pe 15 ianuarie, c\u00e2nd este ziua actualului primar Cristian Popescu Piedone.","breadcrumb":{"@id":"https:\/\/buletin.de\/bucuresti\/proiect-de-parcari-in-sectorul-5-finalizat-de-ziua-lui-piedone-cadoul-de-la-viitorul-primar\/#breadcrumb"},"inLanguage":"en-GB","potentialAction":[{"@type":"ReadAction","target":["https:\/\/buletin.de\/bucuresti\/proiect-de-parcari-in-sectorul-5-finalizat-de-ziua-lui-piedone-cadoul-de-la-viitorul-primar\/"]}]},{"@type":"ImageObject","inLanguage":"en-GB","@id":"https:\/\/buletin.de\/bucuresti\/proiect-de-parcari-in-sectorul-5-finalizat-de-ziua-lui-piedone-cadoul-de-la-viitorul-primar\/#primaryimage","url":"https:\/\/buletin.de\/bucuresti\/wp-content\/uploads\/Proiect-de-parcari-in-Sectorul.png","contentUrl":"https:\/\/buletin.de\/bucuresti\/wp-content\/uploads\/Proiect-de-parcari-in-Sectorul.png","width":1200,"height":749,"caption":"Proiect de parc\u0103ri \u00een Sectorul"},{"@type":"BreadcrumbList","@id":"https:\/\/buletin.de\/bucuresti\/proiect-de-parcari-in-sectorul-5-finalizat-de-ziua-lui-piedone-cadoul-de-la-viitorul-primar\/#breadcrumb","itemListElement":[{"@type":"ListItem","position":1,"name":"Acas\u0103","item":"https:\/\/buletin.de\/bucuresti\/"},{"@type":"ListItem","position":2,"name":"Proiect de parc\u0103ri \u00een Sectorul 5, finalizat de ziua lui Piedone. \u201eCadoul de la viitorul primar\u201d"}]},{"@type":"WebSite","@id":"https:\/\/buletin.de\/bucuresti\/#website","url":"https:\/\/buletin.de\/bucuresti\/","name":"Buletin de Bucure\u0219ti","description":"\u0218tiri \u0219i investiga\u021bii esen\u021biale din capital\u0103","publisher":{"@id":"https:\/\/buletin.de\/bucuresti\/#organization"},"potentialAction":[{"@type":"SearchAction","target":{"@type":"EntryPoint","urlTemplate":"https:\/\/buletin.de\/bucuresti\/?s={search_term_string}"},"query-input":{"@type":"PropertyValueSpecification","valueRequired":true,"valueName":"search_term_string"}}],"inLanguage":"en-GB"},{"@type":"Organization","@id":"https:\/\/buletin.de\/bucuresti\/#organization","name":"Buletin de Bucure\u0219ti","url":"https:\/\/buletin.de\/bucuresti\/","logo":{"@type":"ImageObject","inLanguage":"en-GB","@id":"https:\/\/buletin.de\/bucuresti\/#\/schema\/logo\/image\/","url":"https:\/\/buletin.de\/bucuresti\/wp-content\/uploads\/logo-bdb-full-wide-vernil-transparent.png","contentUrl":"https:\/\/buletin.de\/bucuresti\/wp-content\/uploads\/logo-bdb-full-wide-vernil-transparent.png","width":1782,"height":626,"caption":"Buletin de Bucure\u0219ti"},"image":{"@id":"https:\/\/buletin.de\/bucuresti\/#\/schema\/logo\/image\/"},"sameAs":["https:\/\/www.facebook.com\/buletin.de.buc","https:\/\/www.instagram.com\/buletinde.bucuresti\/"]},{"@type":"Person","@id":"https:\/\/buletin.de\/bucuresti\/#\/schema\/person\/2bbcf854e5f2419a13804af574d06ab1","name":"Redac\u021bia Buletin de Bucure\u0219ti","image":{"@type":"ImageObject","inLanguage":"en-GB","@id":"https:\/\/secure.gravatar.com\/avatar\/18c5342381ed1a08620e6280424e3e5efc958618f5d67c522c9e44c1bc6f9226?s=96&d=monsterid&r=g60c7cd0ad92c68c049fcd4bb3504d609","url":"https:\/\/secure.gravatar.com\/avatar\/18c5342381ed1a08620e6280424e3e5efc958618f5d67c522c9e44c1bc6f9226?s=96&d=monsterid&r=g","contentUrl":"https:\/\/secure.gravatar.com\/avatar\/18c5342381ed1a08620e6280424e3e5efc958618f5d67c522c9e44c1bc6f9226?s=96&d=monsterid&r=g","caption":"Redac\u021bia Buletin de Bucure\u0219ti"},"description":"Buletin de Bucure\u0219ti exist\u0103 din vara anului 2019.","url":"https:\/\/buletin.de\/bucuresti\/author\/adminbuletin\/"}]}},"authors":[{"term_id":22583,"user_id":1,"is_guest":0,"slug":"adminbuletin","display_name":"Redac\u021bia Buletin de Bucure\u0219ti","avatar_url":"https:\/\/secure.gravatar.com\/avatar\/18c5342381ed1a08620e6280424e3e5efc958618f5d67c522c9e44c1bc6f9226?s=96&d=monsterid&r=g","0":null,"1":"","2":"","3":"","4":"","5":"","6":"","7":"","8":""}],"_links":{"self":[{"href":"https:\/\/buletin.de\/bucuresti\/wp-json\/wp\/v2\/posts\/94273","targetHints":{"allow":["GET"]}}],"collection":[{"href":"https:\/\/buletin.de\/bucuresti\/wp-json\/wp\/v2\/posts"}],"about":[{"href":"https:\/\/buletin.de\/bucuresti\/wp-json\/wp\/v2\/types\/post"}],"author":[{"embeddable":true,"href":"https:\/\/buletin.de\/bucuresti\/wp-json\/wp\/v2\/users\/1"}],"replies":[{"embeddable":true,"href":"https:\/\/buletin.de\/bucuresti\/wp-json\/wp\/v2\/comments?post=94273"}],"version-history":[{"count":1,"href":"https:\/\/buletin.de\/bucuresti\/wp-json\/wp\/v2\/posts\/94273\/revisions"}],"predecessor-version":[{"id":94275,"href":"https:\/\/buletin.de\/bucuresti\/wp-json\/wp\/v2\/posts\/94273\/revisions\/94275"}],"wp:featuredmedia":[{"embeddable":true,"href":"https:\/\/buletin.de\/bucuresti\/wp-json\/wp\/v2\/media\/94274"}],"wp:attachment":[{"href":"https:\/\/buletin.de\/bucuresti\/wp-json\/wp\/v2\/media?parent=94273"}],"wp:term":[{"taxonomy":"category","embeddable":true,"href":"https:\/\/buletin.de\/bucuresti\/wp-json\/wp\/v2\/categories?post=94273"},{"taxonomy":"post_tag","embeddable":true,"href":"https:\/\/buletin.de\/bucuresti\/wp-json\/wp\/v2\/tags?post=94273"},{"taxonomy":"author","embeddable":true,"href":"https:\/\/buletin.de\/bucuresti\/wp-json\/wp\/v2\/ppma_author?post=94273"}],"curies":[{"name":"wp","href":"https:\/\/api.w.org\/{rel}","templated":true}]}}