{"id":94087,"date":"2024-08-10T12:16:27","date_gmt":"2024-08-10T09:16:27","guid":{"rendered":"https:\/\/buletin.de\/bucuresti\/?p=94087"},"modified":"2024-08-10T12:16:28","modified_gmt":"2024-08-10T09:16:28","slug":"parcul-gheorghe-dinica","status":"publish","type":"post","link":"https:\/\/buletin.de\/bucuresti\/parcul-gheorghe-dinica\/","title":{"rendered":"Parcul Cinema Giule\u0219ti va purta denumirea de \u201eParcul Gheorghe Dinic\u0103\u201d"},"content":{"rendered":"\n<p><strong>Parcul Cinema Giule\u0219ti va purta denumirea de \u201eParcul Gheorghe Dinic\u0103\u201d. Un proiect \u00een acest sens a fost aprobat \u00een Consiliul Local al Sectorului 6, \u00een \u0219edin\u021ba de joi, 8 august.<\/strong><\/p>\n\n\n\n<p>Imobilul se afla \u00een Calea Giule\u0219ti nr. 56 si are 11.593 mp.<\/p>\n\n\n\n<p>Parcul Cinema Giule\u0219ti va purta denumirea de \u201eParcul Gheorghe Dinic\u0103\u201d. Potrivit notei de fundamentare, schimbarea noului nume se poate face cu acordul <a href=\"https:\/\/www3.pmb.ro\/wwwt\/institutii\/CGMB\/sedinte\">CGMB.<\/a><\/p>\n\n\n\n<blockquote class=\"wp-block-quote is-layout-flow wp-block-quote-is-layout-flow\">\n<p>Atribuirea sau schimbarea de denumiri, altele dec\u00e2t cele prev\u0103zute la art. 1, se face de c\u0103tre: consiliile locale, prin hot\u0103r\u00e2re, pentru parcuri, pie\u021be, oboare, cartiere, str\u0103zi, sta\u021bii ale mijloacelor de transport, precum \u0219i pentru obiective \u0219i institu\u021bii de interes local, aflate \u00een subordinea lor. Proiectele de hot\u0103r\u00e2ri ale consiliilor jude\u021bene sau locale, av\u00e2nd ca obiect atribuirea ca denumire a unor nume de personalit\u0103\u021bi ori evenimente istorice, politice, culturale sau de orice alt\u0103 natur\u0103 ori schimbarea unor astfel de denumiri, vor putea fi adoptate numai dup\u0103 ce au fost analizate \u0219i avizate de Comisia de atribuire de denumiri jude\u021bean\u0103, respectiv a Municipiului Bucure\u0219ti<\/p>\n<cite>Proiect de Hot\u0103r\u00e2re<\/cite><\/blockquote>\n\n\n\n<p><strong>CITE\u0218TE \u0218I:<\/strong> <a href=\"https:\/\/buletin.de\/bucuresti\/lucrarile-la-magistrala-de-metrou-spre-otopeni-avanseaza-traficul-deviat-in-zona-1-mai\/\">Lucr\u0103rile la Magistrala de metrou spre Otopeni avanseaz\u0103. Traficul deviat \u00een zona 1 Mai<\/a><\/p>\n\n\n\n<h2 class=\"wp-block-heading\" id=\"h-gheorghe-dinica-actorul-complet\">Gheorghe Dinic\u0103, actorul complet<\/h2>\n\n\n\n<p>Actorul s-a n\u0103scut \u00een data de 25 decembrie 1933, \u00een cartierul bucure\u0219tean Giule\u0219ti. Primul rol a fost cu o trup\u0103 de amatori de la Po\u0219t\u0103, in piesa \u201eTitanic-vals\u201d de Tudor Mu\u0219atescu.<\/p>\n\n\n\n<p>El a colaborat, \u00een film \u0219i pe scen\u0103, cu mari regizori rom\u00e2ni: Sergiu Nicolaescu, Andrei Blaier, Mircea Danieliuc, Constantin Vaeni, Dan Pi\u021ba, Lucian Pintilie, Mircea Dr\u0103gan, \u0218erban Marinescu, Nae Caranfil, Andrei \u0218erban \u0219i David Esrig.<\/p>\n\n\n\n<p>Pentru activitatea sa, a fost distins cu numeroase premii, \u00een special din partea Uniunii Cinea\u0219tilor din Rom\u00e2nia, dar \u0219i din partea altor organiza\u021bii:<\/p>\n\n\n\n<p>1972 &#8211; Premiul ACIN pentru \u201eExplozia&#8221;, \u201eFelix \u0219i Otilia&#8221;, \u201eBariera&#8221;, \u201eAtunci i-am condamnat pe to\u021bi<br>la moarte&#8221;;<br>1972 &#8211; Marele premiu la Paris pentru \u201eTroilus \u0219i Cresida&#8221; de William Shakespeare;<br>1975 &#8211; Premiul ACIN pentru \u201eIlustrate cu flori de c\u00e2mp&#8221;;<br>1975 &#8211; Premiul de interpretare la Karlovy Vary pentru rolul Diplomatul &#8211; \u201ePrin cenu\u0219a imperiului&#8221;<br>1992 &#8211; Premiul UCIN pentru \u201eCasa din vis&#8221;;<br>1992 &#8211; Premiul ACIN pentru \u201eFiguran\u021bii&#8221;, \u201eCuibul de viespi&#8221;, \u201eSecretul lui Herodot&#8221;;<br>1992 &#8211; Premiul UCIN; Premiul Troia (Portugalia) pentru \u201ePatul conjugal&#8221; (regia: Mircea Danieliuc);<br>1999 &#8211; Premiul de excelen\u021b\u0103 &#8211; UNITER;<br>2002 &#8211; membru de onoare al societ\u0103\u021bii &#8220;Teatrul Na\u021bional \u201eIon Luca Caragiale\u201d;<br>2002 &#8211; a primit Titlul de Cet\u0103\u021bean de onoare al Bucure\u0219tiului;<br>2002: Premiul Special UCIN, pentru rolul Prin\u021b &#8211; \u201eFilantropica&#8221;;<br>2002 &#8211; Actorul anului Revista V.I.P.;<br>2004 &#8211; Diploma de interpretare acordat\u0103 de Uniunea Autorilor \u0219i Realizatorilor de Film din Rom\u00e2nia,<br>pentru \u201eOrient Expres&#8221;;<br>2004 &#8211; Actor de onoare al filmului rom\u00e2nesc;<br>2006 &#8211; Premiul pentru \u00eentreaga activitate la Festivalul T.I.F.;<br>2008 &#8211; Doctor Honoris Causa, titlu acordat de Universitatea Na\u021bional\u0103 de Art\u0103 Teatral\u0103 \u0219i<br>Cinematografic\u0103 Ion Luca Caragiale din Bucure\u0219ti;<\/p>\n\n\n\n<p>Gheorghe Dinic\u0103 a murit pe 10 noiembrie 2009.<\/p>\n\n\n\n<p><strong>CITE\u0218TE \u0218I:<\/strong> <a href=\"https:\/\/buletin.de\/bucuresti\/marturii-din-spitalul-sf-pantelimon-o-asistenta-a-declarat-ca-doctorita-i-a-spus-ca-pacientul-e-de-lasat-si-sa-i-scada-doza\/\">M\u0103rturii din Spitalul Sf. Pantelimon: o asistent\u0103 a declarat c\u0103 doctori\u021ba i-a spus c\u0103 pacientul e \u201dDE L\u0102SAT\u201d \u0219i s\u0103-i scad\u0103 doza<\/a><\/p>\n","protected":false},"excerpt":{"rendered":"<p>Parcul Cinema Giule\u0219ti va purta denumirea de \u201eParcul Gheorghe Dinic\u0103\u201d. Un proiect \u00een acest sens a fost aprobat \u00een Consiliul Local al Sectorului 6, \u00een \u0219edin\u021ba de joi, 8 august. Imobilul se afla \u00een Calea Giule\u0219ti nr. 56 si are 11.593 mp. Parcul Cinema Giule\u0219ti va purta denumirea de \u201eParcul Gheorghe Dinic\u0103\u201d. Potrivit notei de [&hellip;]<\/p>\n","protected":false},"author":49,"featured_media":94098,"comment_status":"closed","ping_status":"open","sticky":false,"template":"","format":"standard","meta":{"_acf_changed":false,"inline_featured_image":false,"ngg_post_thumbnail":0,"footnotes":""},"categories":[6994,24,62],"tags":[14131,2642,14130,523],"ppma_author":[22574],"class_list":["post-94087","post","type-post","status-publish","format-standard","has-post-thumbnail","hentry","category-stiri-2","category-primarie","category-stiri","tag-calea-giulesti-nr-56","tag-consiliul-local-sector-6","tag-gheorghe-dinica","tag-sector-6"],"acf":[],"yoast_head":"<!-- This site is optimized with the Yoast SEO Premium plugin v25.3 (Yoast SEO v27.4) - https:\/\/yoast.com\/product\/yoast-seo-premium-wordpress\/ -->\n<title>Parcul Cinema Giule\u0219ti va purta denumirea de \u201eParcul Gheorghe Dinic\u0103\u201d - Buletin de Bucure\u0219ti<\/title>\n<meta name=\"description\" content=\"Parcul Gheorghe Dinic\u0103. Parcul Cinema Giule\u0219ti va purta denumirea de \u201eParcul Gheorghe Dinic\u0103\u201d. Imobilul se afla \u00een Calea Giule\u0219ti nr. 56.\" \/>\n<meta name=\"robots\" content=\"index, follow, max-snippet:-1, max-image-preview:large, max-video-preview:-1\" \/>\n<link rel=\"canonical\" href=\"https:\/\/buletin.de\/bucuresti\/parcul-gheorghe-dinica\/\" \/>\n<meta property=\"og:locale\" content=\"en_GB\" \/>\n<meta property=\"og:type\" content=\"article\" \/>\n<meta property=\"og:title\" content=\"Parcul Cinema Giule\u0219ti va purta denumirea de \u201eParcul Gheorghe Dinic\u0103\u201d\" \/>\n<meta property=\"og:description\" content=\"Parcul Gheorghe Dinic\u0103. Parcul Cinema Giule\u0219ti va purta denumirea de \u201eParcul Gheorghe Dinic\u0103\u201d. Imobilul se afla \u00een Calea Giule\u0219ti nr. 56.\" \/>\n<meta property=\"og:url\" content=\"https:\/\/buletin.de\/bucuresti\/parcul-gheorghe-dinica\/\" \/>\n<meta property=\"og:site_name\" content=\"Buletin de Bucure\u0219ti\" \/>\n<meta property=\"article:publisher\" content=\"https:\/\/www.facebook.com\/buletin.de.buc\" \/>\n<meta property=\"article:published_time\" content=\"2024-08-10T09:16:27+00:00\" \/>\n<meta property=\"article:modified_time\" content=\"2024-08-10T09:16:28+00:00\" \/>\n<meta property=\"og:image\" content=\"https:\/\/buletin.de\/bucuresti\/wp-content\/uploads\/gheorghe-dinica.png\" \/>\n\t<meta property=\"og:image:width\" content=\"1400\" \/>\n\t<meta property=\"og:image:height\" content=\"735\" \/>\n\t<meta property=\"og:image:type\" content=\"image\/png\" \/>\n<meta name=\"author\" content=\"Diana Matei\" \/>\n<meta name=\"twitter:card\" content=\"summary_large_image\" \/>\n<meta name=\"twitter:label1\" content=\"Written by\" \/>\n\t<meta name=\"twitter:data1\" content=\"Diana Matei\" \/>\n\t<meta name=\"twitter:label2\" content=\"Estimated reading time\" \/>\n\t<meta name=\"twitter:data2\" content=\"2 minutes\" \/>\n<script type=\"application\/ld+json\" class=\"yoast-schema-graph\">{\"@context\":\"https:\\\/\\\/schema.org\",\"@graph\":[{\"@type\":\"Article\",\"@id\":\"https:\\\/\\\/buletin.de\\\/bucuresti\\\/parcul-gheorghe-dinica\\\/#article\",\"isPartOf\":{\"@id\":\"https:\\\/\\\/buletin.de\\\/bucuresti\\\/parcul-gheorghe-dinica\\\/\"},\"author\":{\"name\":\"Diana Matei\",\"@id\":\"https:\\\/\\\/buletin.de\\\/bucuresti\\\/#\\\/schema\\\/person\\\/7e46040573290777280a0835d81ea4ea\"},\"headline\":\"Parcul Cinema Giule\u0219ti va purta denumirea de \u201eParcul Gheorghe Dinic\u0103\u201d\",\"datePublished\":\"2024-08-10T09:16:27+00:00\",\"dateModified\":\"2024-08-10T09:16:28+00:00\",\"mainEntityOfPage\":{\"@id\":\"https:\\\/\\\/buletin.de\\\/bucuresti\\\/parcul-gheorghe-dinica\\\/\"},\"wordCount\":538,\"publisher\":{\"@id\":\"https:\\\/\\\/buletin.de\\\/bucuresti\\\/#organization\"},\"image\":{\"@id\":\"https:\\\/\\\/buletin.de\\\/bucuresti\\\/parcul-gheorghe-dinica\\\/#primaryimage\"},\"thumbnailUrl\":\"https:\\\/\\\/buletin.de\\\/bucuresti\\\/wp-content\\\/uploads\\\/gheorghe-dinica.png\",\"keywords\":[\"Calea Giule\u0219ti nr. 56\",\"Consiliul Local sector 6\",\"Gheorghe Dinica\",\"Sector 6\"],\"articleSection\":[\"Articole\",\"Prim\u0103rie\",\"\u0218tiri\"],\"inLanguage\":\"en-GB\",\"copyrightYear\":\"2024\",\"copyrightHolder\":{\"@id\":\"https:\\\/\\\/buletin.de\\\/bucuresti\\\/#organization\"}},{\"@type\":\"WebPage\",\"@id\":\"https:\\\/\\\/buletin.de\\\/bucuresti\\\/parcul-gheorghe-dinica\\\/\",\"url\":\"https:\\\/\\\/buletin.de\\\/bucuresti\\\/parcul-gheorghe-dinica\\\/\",\"name\":\"Parcul Cinema Giule\u0219ti va purta denumirea de \u201eParcul Gheorghe Dinic\u0103\u201d - Buletin de Bucure\u0219ti\",\"isPartOf\":{\"@id\":\"https:\\\/\\\/buletin.de\\\/bucuresti\\\/#website\"},\"primaryImageOfPage\":{\"@id\":\"https:\\\/\\\/buletin.de\\\/bucuresti\\\/parcul-gheorghe-dinica\\\/#primaryimage\"},\"image\":{\"@id\":\"https:\\\/\\\/buletin.de\\\/bucuresti\\\/parcul-gheorghe-dinica\\\/#primaryimage\"},\"thumbnailUrl\":\"https:\\\/\\\/buletin.de\\\/bucuresti\\\/wp-content\\\/uploads\\\/gheorghe-dinica.png\",\"datePublished\":\"2024-08-10T09:16:27+00:00\",\"dateModified\":\"2024-08-10T09:16:28+00:00\",\"description\":\"Parcul Gheorghe Dinic\u0103. Parcul Cinema Giule\u0219ti va purta denumirea de \u201eParcul Gheorghe Dinic\u0103\u201d. Imobilul se afla \u00een Calea Giule\u0219ti nr. 56.\",\"breadcrumb\":{\"@id\":\"https:\\\/\\\/buletin.de\\\/bucuresti\\\/parcul-gheorghe-dinica\\\/#breadcrumb\"},\"inLanguage\":\"en-GB\",\"potentialAction\":[{\"@type\":\"ReadAction\",\"target\":[\"https:\\\/\\\/buletin.de\\\/bucuresti\\\/parcul-gheorghe-dinica\\\/\"]}]},{\"@type\":\"ImageObject\",\"inLanguage\":\"en-GB\",\"@id\":\"https:\\\/\\\/buletin.de\\\/bucuresti\\\/parcul-gheorghe-dinica\\\/#primaryimage\",\"url\":\"https:\\\/\\\/buletin.de\\\/bucuresti\\\/wp-content\\\/uploads\\\/gheorghe-dinica.png\",\"contentUrl\":\"https:\\\/\\\/buletin.de\\\/bucuresti\\\/wp-content\\\/uploads\\\/gheorghe-dinica.png\",\"width\":1400,\"height\":735,\"caption\":\"Parcul Cinema Giule\u0219ti va purta denumirea de \u201eParcul Gheorghe Dinic\u0103\u201d. FOTO: Arhiva personala\"},{\"@type\":\"BreadcrumbList\",\"@id\":\"https:\\\/\\\/buletin.de\\\/bucuresti\\\/parcul-gheorghe-dinica\\\/#breadcrumb\",\"itemListElement\":[{\"@type\":\"ListItem\",\"position\":1,\"name\":\"Acas\u0103\",\"item\":\"https:\\\/\\\/buletin.de\\\/bucuresti\\\/\"},{\"@type\":\"ListItem\",\"position\":2,\"name\":\"Parcul Cinema Giule\u0219ti va purta denumirea de \u201eParcul Gheorghe Dinic\u0103\u201d\"}]},{\"@type\":\"WebSite\",\"@id\":\"https:\\\/\\\/buletin.de\\\/bucuresti\\\/#website\",\"url\":\"https:\\\/\\\/buletin.de\\\/bucuresti\\\/\",\"name\":\"Buletin de Bucure\u0219ti\",\"description\":\"\u0218tiri \u0219i investiga\u021bii esen\u021biale din capital\u0103\",\"publisher\":{\"@id\":\"https:\\\/\\\/buletin.de\\\/bucuresti\\\/#organization\"},\"potentialAction\":[{\"@type\":\"SearchAction\",\"target\":{\"@type\":\"EntryPoint\",\"urlTemplate\":\"https:\\\/\\\/buletin.de\\\/bucuresti\\\/?s={search_term_string}\"},\"query-input\":{\"@type\":\"PropertyValueSpecification\",\"valueRequired\":true,\"valueName\":\"search_term_string\"}}],\"inLanguage\":\"en-GB\"},{\"@type\":\"Organization\",\"@id\":\"https:\\\/\\\/buletin.de\\\/bucuresti\\\/#organization\",\"name\":\"Buletin de Bucure\u0219ti\",\"url\":\"https:\\\/\\\/buletin.de\\\/bucuresti\\\/\",\"logo\":{\"@type\":\"ImageObject\",\"inLanguage\":\"en-GB\",\"@id\":\"https:\\\/\\\/buletin.de\\\/bucuresti\\\/#\\\/schema\\\/logo\\\/image\\\/\",\"url\":\"https:\\\/\\\/buletin.de\\\/bucuresti\\\/wp-content\\\/uploads\\\/logo-bdb-full-wide-vernil-transparent.png\",\"contentUrl\":\"https:\\\/\\\/buletin.de\\\/bucuresti\\\/wp-content\\\/uploads\\\/logo-bdb-full-wide-vernil-transparent.png\",\"width\":1782,\"height\":626,\"caption\":\"Buletin de Bucure\u0219ti\"},\"image\":{\"@id\":\"https:\\\/\\\/buletin.de\\\/bucuresti\\\/#\\\/schema\\\/logo\\\/image\\\/\"},\"sameAs\":[\"https:\\\/\\\/www.facebook.com\\\/buletin.de.buc\",\"https:\\\/\\\/www.instagram.com\\\/buletinde.bucuresti\\\/\"]},{\"@type\":\"Person\",\"@id\":\"https:\\\/\\\/buletin.de\\\/bucuresti\\\/#\\\/schema\\\/person\\\/7e46040573290777280a0835d81ea4ea\",\"name\":\"Diana Matei\",\"image\":{\"@type\":\"ImageObject\",\"inLanguage\":\"en-GB\",\"@id\":\"https:\\\/\\\/buletin.de\\\/bucuresti\\\/wp-content\\\/uploads\\\/9-2-96x96.jpg1e8590b30871d70e62ebcdaf2eff570c\",\"url\":\"https:\\\/\\\/buletin.de\\\/bucuresti\\\/wp-content\\\/uploads\\\/9-2-96x96.jpg\",\"contentUrl\":\"https:\\\/\\\/buletin.de\\\/bucuresti\\\/wp-content\\\/uploads\\\/9-2-96x96.jpg\",\"caption\":\"Diana Matei\"},\"url\":\"https:\\\/\\\/buletin.de\\\/bucuresti\\\/author\\\/dianamatei\\\/\"}]}<\/script>\n<!-- \/ Yoast SEO Premium plugin. -->","yoast_head_json":{"title":"Parcul Cinema Giule\u0219ti va purta denumirea de \u201eParcul Gheorghe Dinic\u0103\u201d - Buletin de Bucure\u0219ti","description":"Parcul Gheorghe Dinic\u0103. Parcul Cinema Giule\u0219ti va purta denumirea de \u201eParcul Gheorghe Dinic\u0103\u201d. Imobilul se afla \u00een Calea Giule\u0219ti nr. 56.","robots":{"index":"index","follow":"follow","max-snippet":"max-snippet:-1","max-image-preview":"max-image-preview:large","max-video-preview":"max-video-preview:-1"},"canonical":"https:\/\/buletin.de\/bucuresti\/parcul-gheorghe-dinica\/","og_locale":"en_GB","og_type":"article","og_title":"Parcul Cinema Giule\u0219ti va purta denumirea de \u201eParcul Gheorghe Dinic\u0103\u201d","og_description":"Parcul Gheorghe Dinic\u0103. Parcul Cinema Giule\u0219ti va purta denumirea de \u201eParcul Gheorghe Dinic\u0103\u201d. Imobilul se afla \u00een Calea Giule\u0219ti nr. 56.","og_url":"https:\/\/buletin.de\/bucuresti\/parcul-gheorghe-dinica\/","og_site_name":"Buletin de Bucure\u0219ti","article_publisher":"https:\/\/www.facebook.com\/buletin.de.buc","article_published_time":"2024-08-10T09:16:27+00:00","article_modified_time":"2024-08-10T09:16:28+00:00","og_image":[{"width":1400,"height":735,"url":"https:\/\/buletin.de\/bucuresti\/wp-content\/uploads\/gheorghe-dinica.png","type":"image\/png"}],"author":"Diana Matei","twitter_card":"summary_large_image","twitter_misc":{"Written by":"Diana Matei","Estimated reading time":"2 minutes"},"schema":{"@context":"https:\/\/schema.org","@graph":[{"@type":"Article","@id":"https:\/\/buletin.de\/bucuresti\/parcul-gheorghe-dinica\/#article","isPartOf":{"@id":"https:\/\/buletin.de\/bucuresti\/parcul-gheorghe-dinica\/"},"author":{"name":"Diana Matei","@id":"https:\/\/buletin.de\/bucuresti\/#\/schema\/person\/7e46040573290777280a0835d81ea4ea"},"headline":"Parcul Cinema Giule\u0219ti va purta denumirea de \u201eParcul Gheorghe Dinic\u0103\u201d","datePublished":"2024-08-10T09:16:27+00:00","dateModified":"2024-08-10T09:16:28+00:00","mainEntityOfPage":{"@id":"https:\/\/buletin.de\/bucuresti\/parcul-gheorghe-dinica\/"},"wordCount":538,"publisher":{"@id":"https:\/\/buletin.de\/bucuresti\/#organization"},"image":{"@id":"https:\/\/buletin.de\/bucuresti\/parcul-gheorghe-dinica\/#primaryimage"},"thumbnailUrl":"https:\/\/buletin.de\/bucuresti\/wp-content\/uploads\/gheorghe-dinica.png","keywords":["Calea Giule\u0219ti nr. 56","Consiliul Local sector 6","Gheorghe Dinica","Sector 6"],"articleSection":["Articole","Prim\u0103rie","\u0218tiri"],"inLanguage":"en-GB","copyrightYear":"2024","copyrightHolder":{"@id":"https:\/\/buletin.de\/bucuresti\/#organization"}},{"@type":"WebPage","@id":"https:\/\/buletin.de\/bucuresti\/parcul-gheorghe-dinica\/","url":"https:\/\/buletin.de\/bucuresti\/parcul-gheorghe-dinica\/","name":"Parcul Cinema Giule\u0219ti va purta denumirea de \u201eParcul Gheorghe Dinic\u0103\u201d - Buletin de Bucure\u0219ti","isPartOf":{"@id":"https:\/\/buletin.de\/bucuresti\/#website"},"primaryImageOfPage":{"@id":"https:\/\/buletin.de\/bucuresti\/parcul-gheorghe-dinica\/#primaryimage"},"image":{"@id":"https:\/\/buletin.de\/bucuresti\/parcul-gheorghe-dinica\/#primaryimage"},"thumbnailUrl":"https:\/\/buletin.de\/bucuresti\/wp-content\/uploads\/gheorghe-dinica.png","datePublished":"2024-08-10T09:16:27+00:00","dateModified":"2024-08-10T09:16:28+00:00","description":"Parcul Gheorghe Dinic\u0103. Parcul Cinema Giule\u0219ti va purta denumirea de \u201eParcul Gheorghe Dinic\u0103\u201d. Imobilul se afla \u00een Calea Giule\u0219ti nr. 56.","breadcrumb":{"@id":"https:\/\/buletin.de\/bucuresti\/parcul-gheorghe-dinica\/#breadcrumb"},"inLanguage":"en-GB","potentialAction":[{"@type":"ReadAction","target":["https:\/\/buletin.de\/bucuresti\/parcul-gheorghe-dinica\/"]}]},{"@type":"ImageObject","inLanguage":"en-GB","@id":"https:\/\/buletin.de\/bucuresti\/parcul-gheorghe-dinica\/#primaryimage","url":"https:\/\/buletin.de\/bucuresti\/wp-content\/uploads\/gheorghe-dinica.png","contentUrl":"https:\/\/buletin.de\/bucuresti\/wp-content\/uploads\/gheorghe-dinica.png","width":1400,"height":735,"caption":"Parcul Cinema Giule\u0219ti va purta denumirea de \u201eParcul Gheorghe Dinic\u0103\u201d. FOTO: Arhiva personala"},{"@type":"BreadcrumbList","@id":"https:\/\/buletin.de\/bucuresti\/parcul-gheorghe-dinica\/#breadcrumb","itemListElement":[{"@type":"ListItem","position":1,"name":"Acas\u0103","item":"https:\/\/buletin.de\/bucuresti\/"},{"@type":"ListItem","position":2,"name":"Parcul Cinema Giule\u0219ti va purta denumirea de \u201eParcul Gheorghe Dinic\u0103\u201d"}]},{"@type":"WebSite","@id":"https:\/\/buletin.de\/bucuresti\/#website","url":"https:\/\/buletin.de\/bucuresti\/","name":"Buletin de Bucure\u0219ti","description":"\u0218tiri \u0219i investiga\u021bii esen\u021biale din capital\u0103","publisher":{"@id":"https:\/\/buletin.de\/bucuresti\/#organization"},"potentialAction":[{"@type":"SearchAction","target":{"@type":"EntryPoint","urlTemplate":"https:\/\/buletin.de\/bucuresti\/?s={search_term_string}"},"query-input":{"@type":"PropertyValueSpecification","valueRequired":true,"valueName":"search_term_string"}}],"inLanguage":"en-GB"},{"@type":"Organization","@id":"https:\/\/buletin.de\/bucuresti\/#organization","name":"Buletin de Bucure\u0219ti","url":"https:\/\/buletin.de\/bucuresti\/","logo":{"@type":"ImageObject","inLanguage":"en-GB","@id":"https:\/\/buletin.de\/bucuresti\/#\/schema\/logo\/image\/","url":"https:\/\/buletin.de\/bucuresti\/wp-content\/uploads\/logo-bdb-full-wide-vernil-transparent.png","contentUrl":"https:\/\/buletin.de\/bucuresti\/wp-content\/uploads\/logo-bdb-full-wide-vernil-transparent.png","width":1782,"height":626,"caption":"Buletin de Bucure\u0219ti"},"image":{"@id":"https:\/\/buletin.de\/bucuresti\/#\/schema\/logo\/image\/"},"sameAs":["https:\/\/www.facebook.com\/buletin.de.buc","https:\/\/www.instagram.com\/buletinde.bucuresti\/"]},{"@type":"Person","@id":"https:\/\/buletin.de\/bucuresti\/#\/schema\/person\/7e46040573290777280a0835d81ea4ea","name":"Diana Matei","image":{"@type":"ImageObject","inLanguage":"en-GB","@id":"https:\/\/buletin.de\/bucuresti\/wp-content\/uploads\/9-2-96x96.jpg1e8590b30871d70e62ebcdaf2eff570c","url":"https:\/\/buletin.de\/bucuresti\/wp-content\/uploads\/9-2-96x96.jpg","contentUrl":"https:\/\/buletin.de\/bucuresti\/wp-content\/uploads\/9-2-96x96.jpg","caption":"Diana Matei"},"url":"https:\/\/buletin.de\/bucuresti\/author\/dianamatei\/"}]}},"authors":[{"term_id":22574,"user_id":49,"is_guest":0,"slug":"dianamatei","display_name":"Diana Matei","avatar_url":"https:\/\/buletin.de\/bucuresti\/wp-content\/uploads\/9-2-96x96.jpg","0":null,"1":"","2":"","3":"","4":"","5":"","6":"","7":"","8":""}],"_links":{"self":[{"href":"https:\/\/buletin.de\/bucuresti\/wp-json\/wp\/v2\/posts\/94087","targetHints":{"allow":["GET"]}}],"collection":[{"href":"https:\/\/buletin.de\/bucuresti\/wp-json\/wp\/v2\/posts"}],"about":[{"href":"https:\/\/buletin.de\/bucuresti\/wp-json\/wp\/v2\/types\/post"}],"author":[{"embeddable":true,"href":"https:\/\/buletin.de\/bucuresti\/wp-json\/wp\/v2\/users\/49"}],"replies":[{"embeddable":true,"href":"https:\/\/buletin.de\/bucuresti\/wp-json\/wp\/v2\/comments?post=94087"}],"version-history":[{"count":1,"href":"https:\/\/buletin.de\/bucuresti\/wp-json\/wp\/v2\/posts\/94087\/revisions"}],"predecessor-version":[{"id":94096,"href":"https:\/\/buletin.de\/bucuresti\/wp-json\/wp\/v2\/posts\/94087\/revisions\/94096"}],"wp:featuredmedia":[{"embeddable":true,"href":"https:\/\/buletin.de\/bucuresti\/wp-json\/wp\/v2\/media\/94098"}],"wp:attachment":[{"href":"https:\/\/buletin.de\/bucuresti\/wp-json\/wp\/v2\/media?parent=94087"}],"wp:term":[{"taxonomy":"category","embeddable":true,"href":"https:\/\/buletin.de\/bucuresti\/wp-json\/wp\/v2\/categories?post=94087"},{"taxonomy":"post_tag","embeddable":true,"href":"https:\/\/buletin.de\/bucuresti\/wp-json\/wp\/v2\/tags?post=94087"},{"taxonomy":"author","embeddable":true,"href":"https:\/\/buletin.de\/bucuresti\/wp-json\/wp\/v2\/ppma_author?post=94087"}],"curies":[{"name":"wp","href":"https:\/\/api.w.org\/{rel}","templated":true}]}}