{"id":93901,"date":"2024-08-08T08:38:22","date_gmt":"2024-08-08T05:38:22","guid":{"rendered":"https:\/\/buletin.de\/bucuresti\/?p=93901"},"modified":"2024-08-08T10:54:32","modified_gmt":"2024-08-08T07:54:32","slug":"o-tona-de-deseuri-medicale-in-aer-liber-in-curtea-unei-firme-din-sectorul-1-garda-de-mediu-ia-in-calcul-o-sesizare-penala","status":"publish","type":"post","link":"https:\/\/buletin.de\/bucuresti\/o-tona-de-deseuri-medicale-in-aer-liber-in-curtea-unei-firme-din-sectorul-1-garda-de-mediu-ia-in-calcul-o-sesizare-penala\/","title":{"rendered":"O ton\u0103 de de\u015feuri medicale, \u00een aer liber, \u00een curtea unei firme din Sectorul 1. Garda de Mediu ia \u00een calcul o sesizare penal\u0103"},"content":{"rendered":"\n<p><strong>O ton\u0103 de de\u015feuri medicale au fost g\u0103site de comisarii G\u0103rzii de Mediu \u00een curtea unei firme din Sectorul 1, depozitate neconform. Comisarii au fost ajuta\u0163i de jandarmi \u015fi poli\u0163i\u015fti pentru a duce ancheta la bun sf\u00e2r\u015fit.<\/strong><\/p>\n\n\n\n<p><a href=\"https:\/\/www.facebook.com\/reel\/3282868695183754\">\u00cen urma unei sesiz\u0103ri<\/a>, comisarii au mers pe teren \u015fi au constatat neregulile. Mai exact, pe aleea de acces din curtea interioar\u0103 a societ\u0103\u0163ii, erau depozitate aproximativ 1 ton\u0103 de de\u015feuri medicale periculoase. <\/p>\n\n\n\n<p>Unele de\u015feuri erau \u00eempr\u0103\u015ftiate direct pe sol, altele erau \u00een saci galbeni inscrip\u0163iona\u0163i cu pericol biologic. <\/p>\n\n\n\n<p>Comisarii transmit c\u0103 \u201e<em><strong>sacii con\u0163ineau de\u015feuri infec\u021bioase-de\u0219euri lichide \u0219i solide care au intrat \u00een contact cu s\u00e2nge sau alte fluide biologice, respectiv seringi, ace, catetere, perfuzoare cu tubulatur\u0103 etc. <\/strong><\/em><\/p>\n\n\n\n<p><em><strong>Acestea erau amestecate cu p\u0103m\u00e2nt \u015fi depozitate \u00een aer liber<\/strong>, pe o platform\u0103 betonat\u0103 (pe o suprafa\u0163\u0103 de cca. 100 mp)<\/em>. (&#8230;) <\/p>\n\n\n\n<p><em>Din verific\u0103rile comisarilor GNM, a rezultat c\u0103 o parte din de\u015feuri a fost \u00eenc\u0103rcat\u0103 \u00een 15 containere de 0.77 mc. \u00cen total, pe amplasament au fost identificate 49 de containere cu de\u0219eurile medicale periculoase<\/em>\u201d.<\/p>\n\n\n\n<figure class=\"wp-block-gallery has-nested-images columns-default is-cropped wp-block-gallery-1 is-layout-flex wp-block-gallery-is-layout-flex\">\n<figure class=\"wp-block-image size-large\"><img fetchpriority=\"high\" decoding=\"async\" width=\"675\" height=\"900\" data-id=\"93904\" src=\"data:image\/gif;base64,R0lGODlhAQABAAAAACH5BAEKAAEALAAAAAABAAEAAAICTAEAOw==\" data-src=\"https:\/\/buletin.de\/bucuresti\/wp-content\/uploads\/deseuri-sterileco-chiajna-1-675x900.jpg\" alt=\"O ton\u0103 de de\u015feuri medicale, \u00een aer liber Foto: Garda Na\u0163ional\u0103 de Mediu\" class=\"wp-image-93904 lazyload\" data-sizes=\"auto\" data-srcset=\"https:\/\/buletin.de\/bucuresti\/wp-content\/uploads\/deseuri-sterileco-chiajna-1-675x900.jpg 675w, https:\/\/buletin.de\/bucuresti\/wp-content\/uploads\/deseuri-sterileco-chiajna-1-225x300.jpg 225w, https:\/\/buletin.de\/bucuresti\/wp-content\/uploads\/deseuri-sterileco-chiajna-1-768x1024.jpg 768w, https:\/\/buletin.de\/bucuresti\/wp-content\/uploads\/deseuri-sterileco-chiajna-1-1152x1536.jpg 1152w, https:\/\/buletin.de\/bucuresti\/wp-content\/uploads\/deseuri-sterileco-chiajna-1-1100x1467.jpg 1100w, https:\/\/buletin.de\/bucuresti\/wp-content\/uploads\/deseuri-sterileco-chiajna-1-600x800.jpg 600w, https:\/\/buletin.de\/bucuresti\/wp-content\/uploads\/deseuri-sterileco-chiajna-1-20x27.jpg 20w, https:\/\/buletin.de\/bucuresti\/wp-content\/uploads\/deseuri-sterileco-chiajna-1.jpg 1200w\" sizes=\"(max-width: 675px) 100vw, 675px\" \/><\/figure>\n\n\n\n<figure class=\"wp-block-image size-large\"><img decoding=\"async\" width=\"675\" height=\"900\" data-id=\"93906\" src=\"data:image\/gif;base64,R0lGODlhAQABAAAAACH5BAEKAAEALAAAAAABAAEAAAICTAEAOw==\" data-src=\"https:\/\/buletin.de\/bucuresti\/wp-content\/uploads\/deseuri-sterileco-chiajna-2-675x900.jpg\" alt=\"O ton\u0103 de de\u015feuri medicale, \u00een aer liber Foto: Garda Na\u0163ional\u0103 de Mediu\" class=\"wp-image-93906 lazyload\" data-sizes=\"auto\" data-srcset=\"https:\/\/buletin.de\/bucuresti\/wp-content\/uploads\/deseuri-sterileco-chiajna-2-675x900.jpg 675w, https:\/\/buletin.de\/bucuresti\/wp-content\/uploads\/deseuri-sterileco-chiajna-2-225x300.jpg 225w, https:\/\/buletin.de\/bucuresti\/wp-content\/uploads\/deseuri-sterileco-chiajna-2-768x1024.jpg 768w, https:\/\/buletin.de\/bucuresti\/wp-content\/uploads\/deseuri-sterileco-chiajna-2-1152x1536.jpg 1152w, https:\/\/buletin.de\/bucuresti\/wp-content\/uploads\/deseuri-sterileco-chiajna-2-1100x1467.jpg 1100w, https:\/\/buletin.de\/bucuresti\/wp-content\/uploads\/deseuri-sterileco-chiajna-2-600x800.jpg 600w, https:\/\/buletin.de\/bucuresti\/wp-content\/uploads\/deseuri-sterileco-chiajna-2-20x27.jpg 20w, https:\/\/buletin.de\/bucuresti\/wp-content\/uploads\/deseuri-sterileco-chiajna-2.jpg 1200w\" sizes=\"(max-width: 675px) 100vw, 675px\" \/><\/figure>\n\n\n\n<figure class=\"wp-block-image size-large\"><img decoding=\"async\" width=\"675\" height=\"900\" data-id=\"93905\" src=\"data:image\/gif;base64,R0lGODlhAQABAAAAACH5BAEKAAEALAAAAAABAAEAAAICTAEAOw==\" data-src=\"https:\/\/buletin.de\/bucuresti\/wp-content\/uploads\/deseuri-sterileco-chiajna-3-675x900.jpg\" alt=\"O ton\u0103 de de\u015feuri medicale, \u00een aer liber Foto: Garda Na\u0163ional\u0103 de Mediu\" class=\"wp-image-93905 lazyload\" data-sizes=\"auto\" data-srcset=\"https:\/\/buletin.de\/bucuresti\/wp-content\/uploads\/deseuri-sterileco-chiajna-3-675x900.jpg 675w, https:\/\/buletin.de\/bucuresti\/wp-content\/uploads\/deseuri-sterileco-chiajna-3-225x300.jpg 225w, https:\/\/buletin.de\/bucuresti\/wp-content\/uploads\/deseuri-sterileco-chiajna-3-768x1024.jpg 768w, https:\/\/buletin.de\/bucuresti\/wp-content\/uploads\/deseuri-sterileco-chiajna-3-1152x1536.jpg 1152w, https:\/\/buletin.de\/bucuresti\/wp-content\/uploads\/deseuri-sterileco-chiajna-3-1100x1467.jpg 1100w, https:\/\/buletin.de\/bucuresti\/wp-content\/uploads\/deseuri-sterileco-chiajna-3-600x800.jpg 600w, https:\/\/buletin.de\/bucuresti\/wp-content\/uploads\/deseuri-sterileco-chiajna-3-20x27.jpg 20w, https:\/\/buletin.de\/bucuresti\/wp-content\/uploads\/deseuri-sterileco-chiajna-3.jpg 1200w\" sizes=\"(max-width: 675px) 100vw, 675px\" \/><\/figure>\n<figcaption class=\"blocks-gallery-caption wp-element-caption\">O ton\u0103 de de\u015feuri medicale, \u00een aer liber Foto: Garda Na\u0163ional\u0103 de Mediu<\/figcaption><\/figure>\n\n\n\n<p><strong>CITE\u015eTE \u015eI:<\/strong> <a href=\"https:\/\/buletin.de\/bucuresti\/sector-3-gunoiul-e-bagat-sub-presul-asfaltic-pubele-ingropate-pe-249-de-strazi-cu-bani-europeni-proiectul-intra-maine-la-vot\/\"><strong>UPDATE: Sector 3 | Gunoiul e b\u0103gat sub \u201epre\u015ful asfaltic\u201d. Pubele \u00eengropate pe 249 de str\u0103zi, cu bani europeni. Proiectul intr\u0103 m\u00e2ine la vot<\/strong><\/a><\/p>\n\n\n\n<p>Odat\u0103 cu comisarii G\u0103rzii de Mediu au fost la fa\u0163a locului \u015fi speciali\u015fti din Serviciul Arme Explozivi \u0219i Substan\u021be Periculoase.<\/p>\n\n\n\n<p><em>Pentru efectuarea verific\u0103rilor specifice, a fost creat un perimetru restric\u021bionat, \u00een vederea cercet\u0103rii la fa\u021ba locului, \u00een care o persoan\u0103 a \u00eencercat s\u0103 p\u0103trund\u0103 cu for\u021ba, \u00een repetate r\u00e2nduri, nefiindu-i permis accesul de c\u0103tre jandarmi \u00een c\u00e2mpul infrac\u021bional, pentru a nu fi alterat\u0103 procedura de administrare a probatoriului<\/em>, transmite Poli\u0163ia Capitalei.<\/p>\n\n\n\n<p>Reprezentan\u021bii G\u0103rzii de Mediu au dispus depozitarea \u00een containere, de \u00eendat\u0103, \u015fi arderea legal\u0103 a de\u015feurilor medicale. O treab\u0103 deloc u\u015foar\u0103, dat\u0103 fiind canitatea de o ton\u0103 de de\u015feuri medicale. Comisarii continu\u0103 cercet\u0103rile \u015fi dac\u0103 vor descoperi c\u0103 au fost puse \u00een pericol via\u0163a ori s\u0103n\u0103tatea uman\u0103, animal\u0103 sau vegetal\u0103, va face \u015fi o sesizare penal\u0103, pe baza Legii Mediului. <\/p>\n\n\n\n<p><strong>CITE\u015eTE \u015eI: <\/strong><\/p>\n\n\n\n<ul class=\"wp-block-list\">\n<li><a href=\"https:\/\/buletin.de\/bucuresti\/sector-1-primaria-vrea-exproprierea-fostei-gropi-de-gunoi-de-la-chiajna\/\">Sector 1 | Prim\u0103ria vrea exproprierea fostei gropi de gunoi de la Chiajna<\/a><\/li>\n<\/ul>\n\n\n\n<ul class=\"wp-block-list\">\n<li><a href=\"https:\/\/buletin.de\/bucuresti\/groapa-de-gunoi-din-chiajna-inchisa-definitiv-la-trei-ani-dupa-ce-tribunalul-bucuresti-a-stabilit-ca-e-ilegala\/\">Groapa de gunoi din Chiajna, \u00eenchis\u0103 definitiv la trei ani dup\u0103 ce Tribunalul Bucure\u0219ti a stabilit c\u0103 e ilegal\u0103<\/a><\/li>\n<\/ul>\n","protected":false},"excerpt":{"rendered":"<p>O ton\u0103 de de\u015feuri medicale au fost g\u0103site de comisarii G\u0103rzii de Mediu \u00een curtea unei firme din Sectorul 1, depozitate neconform. Comisarii au fost ajuta\u0163i de jandarmi \u015fi poli\u0163i\u015fti pentru a duce ancheta la bun sf\u00e2r\u015fit. \u00cen urma unei sesiz\u0103ri, comisarii au mers pe teren \u015fi au constatat neregulile. Mai exact, pe aleea de [&hellip;]<\/p>\n","protected":false},"author":8,"featured_media":93902,"comment_status":"closed","ping_status":"open","sticky":false,"template":"","format":"standard","meta":{"_acf_changed":false,"inline_featured_image":false,"ngg_post_thumbnail":0,"footnotes":""},"categories":[6994,9026,5762,109,4],"tags":[14068,14065,14067,14069,14066],"ppma_author":[22586],"class_list":["post-93901","post","type-post","status-publish","format-standard","has-post-thumbnail","hentry","category-stiri-2","category-eveniment","category-main","category-mediu","category-sanatate","tag-chiajna-deseuri","tag-deseuri-medicale","tag-garda-de-mediu-deseuri-medicale","tag-sector-1-gunoaie-medicale","tag-sterileco"],"acf":[],"yoast_head":"<!-- This site is optimized with the Yoast SEO Premium plugin v25.3 (Yoast SEO v27.4) - https:\/\/yoast.com\/product\/yoast-seo-premium-wordpress\/ -->\n<title>O ton\u0103 de de\u015feuri medicale, \u00een aer liber, \u00een curtea unei firme din Sectorul 1. Garda de Mediu ia \u00een calcul o sesizare penal\u0103 - Buletin de Bucure\u0219ti<\/title>\n<meta name=\"description\" content=\"O ton\u0103 de de\u015feuri medicale au fost g\u0103site de comisarii G\u0103rzii de Mediu \u00een curtea unei firme din Sectorul 1, depozitate neconform\" \/>\n<meta name=\"robots\" content=\"index, follow, max-snippet:-1, max-image-preview:large, max-video-preview:-1\" \/>\n<link rel=\"canonical\" href=\"https:\/\/buletin.de\/bucuresti\/o-tona-de-deseuri-medicale-in-aer-liber-in-curtea-unei-firme-din-sectorul-1-garda-de-mediu-ia-in-calcul-o-sesizare-penala\/\" \/>\n<meta property=\"og:locale\" content=\"en_GB\" \/>\n<meta property=\"og:type\" content=\"article\" \/>\n<meta property=\"og:title\" content=\"O ton\u0103 de de\u015feuri medicale, \u00een aer liber, \u00een curtea unei firme din Sectorul 1. Garda de Mediu ia \u00een calcul o sesizare penal\u0103\" \/>\n<meta property=\"og:description\" content=\"O ton\u0103 de de\u015feuri medicale au fost g\u0103site de comisarii G\u0103rzii de Mediu \u00een curtea unei firme din Sectorul 1, depozitate neconform\" \/>\n<meta property=\"og:url\" content=\"https:\/\/buletin.de\/bucuresti\/o-tona-de-deseuri-medicale-in-aer-liber-in-curtea-unei-firme-din-sectorul-1-garda-de-mediu-ia-in-calcul-o-sesizare-penala\/\" \/>\n<meta property=\"og:site_name\" content=\"Buletin de Bucure\u0219ti\" \/>\n<meta property=\"article:publisher\" content=\"https:\/\/www.facebook.com\/buletin.de.buc\" \/>\n<meta property=\"article:published_time\" content=\"2024-08-08T05:38:22+00:00\" \/>\n<meta property=\"article:modified_time\" content=\"2024-08-08T07:54:32+00:00\" \/>\n<meta property=\"og:image\" content=\"https:\/\/buletin.de\/bucuresti\/wp-content\/uploads\/deseuri-garda-de-mediu.png\" \/>\n\t<meta property=\"og:image:width\" content=\"714\" \/>\n\t<meta property=\"og:image:height\" content=\"502\" \/>\n\t<meta property=\"og:image:type\" content=\"image\/png\" \/>\n<meta name=\"author\" content=\"Ionu\u021b Lepa\" \/>\n<meta name=\"twitter:card\" content=\"summary_large_image\" \/>\n<meta name=\"twitter:label1\" content=\"Written by\" \/>\n\t<meta name=\"twitter:data1\" content=\"Ionu\u021b Lepa\" \/>\n\t<meta name=\"twitter:label2\" content=\"Estimated reading time\" \/>\n\t<meta name=\"twitter:data2\" content=\"3 minutes\" \/>\n<script type=\"application\/ld+json\" class=\"yoast-schema-graph\">{\"@context\":\"https:\\\/\\\/schema.org\",\"@graph\":[{\"@type\":\"Article\",\"@id\":\"https:\\\/\\\/buletin.de\\\/bucuresti\\\/o-tona-de-deseuri-medicale-in-aer-liber-in-curtea-unei-firme-din-sectorul-1-garda-de-mediu-ia-in-calcul-o-sesizare-penala\\\/#article\",\"isPartOf\":{\"@id\":\"https:\\\/\\\/buletin.de\\\/bucuresti\\\/o-tona-de-deseuri-medicale-in-aer-liber-in-curtea-unei-firme-din-sectorul-1-garda-de-mediu-ia-in-calcul-o-sesizare-penala\\\/\"},\"author\":{\"name\":\"Ionu\u021b Lepa\",\"@id\":\"https:\\\/\\\/buletin.de\\\/bucuresti\\\/#\\\/schema\\\/person\\\/5272b8a057b33890940b57b837fc4ce6\"},\"headline\":\"O ton\u0103 de de\u015feuri medicale, \u00een aer liber, \u00een curtea unei firme din Sectorul 1. Garda de Mediu ia \u00een calcul o sesizare penal\u0103\",\"datePublished\":\"2024-08-08T05:38:22+00:00\",\"dateModified\":\"2024-08-08T07:54:32+00:00\",\"mainEntityOfPage\":{\"@id\":\"https:\\\/\\\/buletin.de\\\/bucuresti\\\/o-tona-de-deseuri-medicale-in-aer-liber-in-curtea-unei-firme-din-sectorul-1-garda-de-mediu-ia-in-calcul-o-sesizare-penala\\\/\"},\"wordCount\":447,\"publisher\":{\"@id\":\"https:\\\/\\\/buletin.de\\\/bucuresti\\\/#organization\"},\"image\":{\"@id\":\"https:\\\/\\\/buletin.de\\\/bucuresti\\\/o-tona-de-deseuri-medicale-in-aer-liber-in-curtea-unei-firme-din-sectorul-1-garda-de-mediu-ia-in-calcul-o-sesizare-penala\\\/#primaryimage\"},\"thumbnailUrl\":\"https:\\\/\\\/buletin.de\\\/bucuresti\\\/wp-content\\\/uploads\\\/deseuri-garda-de-mediu.png\",\"keywords\":[\"chiajna deseuri\",\"deseuri medicale\",\"garda de mediu deseuri medicale\",\"sector 1 gunoaie medicale\",\"sterileco\"],\"articleSection\":[\"Articole\",\"Eveniment\",\"Main\",\"Mediu\",\"S\u0103n\u0103tate\"],\"inLanguage\":\"en-GB\",\"copyrightYear\":\"2024\",\"copyrightHolder\":{\"@id\":\"https:\\\/\\\/buletin.de\\\/bucuresti\\\/#organization\"}},{\"@type\":\"WebPage\",\"@id\":\"https:\\\/\\\/buletin.de\\\/bucuresti\\\/o-tona-de-deseuri-medicale-in-aer-liber-in-curtea-unei-firme-din-sectorul-1-garda-de-mediu-ia-in-calcul-o-sesizare-penala\\\/\",\"url\":\"https:\\\/\\\/buletin.de\\\/bucuresti\\\/o-tona-de-deseuri-medicale-in-aer-liber-in-curtea-unei-firme-din-sectorul-1-garda-de-mediu-ia-in-calcul-o-sesizare-penala\\\/\",\"name\":\"O ton\u0103 de de\u015feuri medicale, \u00een aer liber, \u00een curtea unei firme din Sectorul 1. Garda de Mediu ia \u00een calcul o sesizare penal\u0103 - Buletin de Bucure\u0219ti\",\"isPartOf\":{\"@id\":\"https:\\\/\\\/buletin.de\\\/bucuresti\\\/#website\"},\"primaryImageOfPage\":{\"@id\":\"https:\\\/\\\/buletin.de\\\/bucuresti\\\/o-tona-de-deseuri-medicale-in-aer-liber-in-curtea-unei-firme-din-sectorul-1-garda-de-mediu-ia-in-calcul-o-sesizare-penala\\\/#primaryimage\"},\"image\":{\"@id\":\"https:\\\/\\\/buletin.de\\\/bucuresti\\\/o-tona-de-deseuri-medicale-in-aer-liber-in-curtea-unei-firme-din-sectorul-1-garda-de-mediu-ia-in-calcul-o-sesizare-penala\\\/#primaryimage\"},\"thumbnailUrl\":\"https:\\\/\\\/buletin.de\\\/bucuresti\\\/wp-content\\\/uploads\\\/deseuri-garda-de-mediu.png\",\"datePublished\":\"2024-08-08T05:38:22+00:00\",\"dateModified\":\"2024-08-08T07:54:32+00:00\",\"description\":\"O ton\u0103 de de\u015feuri medicale au fost g\u0103site de comisarii G\u0103rzii de Mediu \u00een curtea unei firme din Sectorul 1, depozitate neconform\",\"breadcrumb\":{\"@id\":\"https:\\\/\\\/buletin.de\\\/bucuresti\\\/o-tona-de-deseuri-medicale-in-aer-liber-in-curtea-unei-firme-din-sectorul-1-garda-de-mediu-ia-in-calcul-o-sesizare-penala\\\/#breadcrumb\"},\"inLanguage\":\"en-GB\",\"potentialAction\":[{\"@type\":\"ReadAction\",\"target\":[\"https:\\\/\\\/buletin.de\\\/bucuresti\\\/o-tona-de-deseuri-medicale-in-aer-liber-in-curtea-unei-firme-din-sectorul-1-garda-de-mediu-ia-in-calcul-o-sesizare-penala\\\/\"]}]},{\"@type\":\"ImageObject\",\"inLanguage\":\"en-GB\",\"@id\":\"https:\\\/\\\/buletin.de\\\/bucuresti\\\/o-tona-de-deseuri-medicale-in-aer-liber-in-curtea-unei-firme-din-sectorul-1-garda-de-mediu-ia-in-calcul-o-sesizare-penala\\\/#primaryimage\",\"url\":\"https:\\\/\\\/buletin.de\\\/bucuresti\\\/wp-content\\\/uploads\\\/deseuri-garda-de-mediu.png\",\"contentUrl\":\"https:\\\/\\\/buletin.de\\\/bucuresti\\\/wp-content\\\/uploads\\\/deseuri-garda-de-mediu.png\",\"width\":714,\"height\":502,\"caption\":\"O ton\u0103 de de\u015feuri medicale, \u00een aer liber Foto: Garda Na\u0163ional\u0103 de Mediu\"},{\"@type\":\"BreadcrumbList\",\"@id\":\"https:\\\/\\\/buletin.de\\\/bucuresti\\\/o-tona-de-deseuri-medicale-in-aer-liber-in-curtea-unei-firme-din-sectorul-1-garda-de-mediu-ia-in-calcul-o-sesizare-penala\\\/#breadcrumb\",\"itemListElement\":[{\"@type\":\"ListItem\",\"position\":1,\"name\":\"Acas\u0103\",\"item\":\"https:\\\/\\\/buletin.de\\\/bucuresti\\\/\"},{\"@type\":\"ListItem\",\"position\":2,\"name\":\"O ton\u0103 de de\u015feuri medicale, \u00een aer liber, \u00een curtea unei firme din Sectorul 1. Garda de Mediu ia \u00een calcul o sesizare penal\u0103\"}]},{\"@type\":\"WebSite\",\"@id\":\"https:\\\/\\\/buletin.de\\\/bucuresti\\\/#website\",\"url\":\"https:\\\/\\\/buletin.de\\\/bucuresti\\\/\",\"name\":\"Buletin de Bucure\u0219ti\",\"description\":\"\u0218tiri \u0219i investiga\u021bii esen\u021biale din capital\u0103\",\"publisher\":{\"@id\":\"https:\\\/\\\/buletin.de\\\/bucuresti\\\/#organization\"},\"potentialAction\":[{\"@type\":\"SearchAction\",\"target\":{\"@type\":\"EntryPoint\",\"urlTemplate\":\"https:\\\/\\\/buletin.de\\\/bucuresti\\\/?s={search_term_string}\"},\"query-input\":{\"@type\":\"PropertyValueSpecification\",\"valueRequired\":true,\"valueName\":\"search_term_string\"}}],\"inLanguage\":\"en-GB\"},{\"@type\":\"Organization\",\"@id\":\"https:\\\/\\\/buletin.de\\\/bucuresti\\\/#organization\",\"name\":\"Buletin de Bucure\u0219ti\",\"url\":\"https:\\\/\\\/buletin.de\\\/bucuresti\\\/\",\"logo\":{\"@type\":\"ImageObject\",\"inLanguage\":\"en-GB\",\"@id\":\"https:\\\/\\\/buletin.de\\\/bucuresti\\\/#\\\/schema\\\/logo\\\/image\\\/\",\"url\":\"https:\\\/\\\/buletin.de\\\/bucuresti\\\/wp-content\\\/uploads\\\/logo-bdb-full-wide-vernil-transparent.png\",\"contentUrl\":\"https:\\\/\\\/buletin.de\\\/bucuresti\\\/wp-content\\\/uploads\\\/logo-bdb-full-wide-vernil-transparent.png\",\"width\":1782,\"height\":626,\"caption\":\"Buletin de Bucure\u0219ti\"},\"image\":{\"@id\":\"https:\\\/\\\/buletin.de\\\/bucuresti\\\/#\\\/schema\\\/logo\\\/image\\\/\"},\"sameAs\":[\"https:\\\/\\\/www.facebook.com\\\/buletin.de.buc\",\"https:\\\/\\\/www.instagram.com\\\/buletinde.bucuresti\\\/\"]},{\"@type\":\"Person\",\"@id\":\"https:\\\/\\\/buletin.de\\\/bucuresti\\\/#\\\/schema\\\/person\\\/5272b8a057b33890940b57b837fc4ce6\",\"name\":\"Ionu\u021b Lepa\",\"image\":{\"@type\":\"ImageObject\",\"inLanguage\":\"en-GB\",\"@id\":\"https:\\\/\\\/buletin.de\\\/bucuresti\\\/wp-content\\\/uploads\\\/Ionut-Lepa-96x96.jpg5c4e4d9e049808799a8821652d2410a4\",\"url\":\"https:\\\/\\\/buletin.de\\\/bucuresti\\\/wp-content\\\/uploads\\\/Ionut-Lepa-96x96.jpg\",\"contentUrl\":\"https:\\\/\\\/buletin.de\\\/bucuresti\\\/wp-content\\\/uploads\\\/Ionut-Lepa-96x96.jpg\",\"caption\":\"Ionu\u021b Lepa\"},\"url\":\"https:\\\/\\\/buletin.de\\\/bucuresti\\\/author\\\/ionutlepa\\\/\"}]}<\/script>\n<!-- \/ Yoast SEO Premium plugin. -->","yoast_head_json":{"title":"O ton\u0103 de de\u015feuri medicale, \u00een aer liber, \u00een curtea unei firme din Sectorul 1. Garda de Mediu ia \u00een calcul o sesizare penal\u0103 - Buletin de Bucure\u0219ti","description":"O ton\u0103 de de\u015feuri medicale au fost g\u0103site de comisarii G\u0103rzii de Mediu \u00een curtea unei firme din Sectorul 1, depozitate neconform","robots":{"index":"index","follow":"follow","max-snippet":"max-snippet:-1","max-image-preview":"max-image-preview:large","max-video-preview":"max-video-preview:-1"},"canonical":"https:\/\/buletin.de\/bucuresti\/o-tona-de-deseuri-medicale-in-aer-liber-in-curtea-unei-firme-din-sectorul-1-garda-de-mediu-ia-in-calcul-o-sesizare-penala\/","og_locale":"en_GB","og_type":"article","og_title":"O ton\u0103 de de\u015feuri medicale, \u00een aer liber, \u00een curtea unei firme din Sectorul 1. Garda de Mediu ia \u00een calcul o sesizare penal\u0103","og_description":"O ton\u0103 de de\u015feuri medicale au fost g\u0103site de comisarii G\u0103rzii de Mediu \u00een curtea unei firme din Sectorul 1, depozitate neconform","og_url":"https:\/\/buletin.de\/bucuresti\/o-tona-de-deseuri-medicale-in-aer-liber-in-curtea-unei-firme-din-sectorul-1-garda-de-mediu-ia-in-calcul-o-sesizare-penala\/","og_site_name":"Buletin de Bucure\u0219ti","article_publisher":"https:\/\/www.facebook.com\/buletin.de.buc","article_published_time":"2024-08-08T05:38:22+00:00","article_modified_time":"2024-08-08T07:54:32+00:00","og_image":[{"width":714,"height":502,"url":"https:\/\/buletin.de\/bucuresti\/wp-content\/uploads\/deseuri-garda-de-mediu.png","type":"image\/png"}],"author":"Ionu\u021b Lepa","twitter_card":"summary_large_image","twitter_misc":{"Written by":"Ionu\u021b Lepa","Estimated reading time":"3 minutes"},"schema":{"@context":"https:\/\/schema.org","@graph":[{"@type":"Article","@id":"https:\/\/buletin.de\/bucuresti\/o-tona-de-deseuri-medicale-in-aer-liber-in-curtea-unei-firme-din-sectorul-1-garda-de-mediu-ia-in-calcul-o-sesizare-penala\/#article","isPartOf":{"@id":"https:\/\/buletin.de\/bucuresti\/o-tona-de-deseuri-medicale-in-aer-liber-in-curtea-unei-firme-din-sectorul-1-garda-de-mediu-ia-in-calcul-o-sesizare-penala\/"},"author":{"name":"Ionu\u021b Lepa","@id":"https:\/\/buletin.de\/bucuresti\/#\/schema\/person\/5272b8a057b33890940b57b837fc4ce6"},"headline":"O ton\u0103 de de\u015feuri medicale, \u00een aer liber, \u00een curtea unei firme din Sectorul 1. Garda de Mediu ia \u00een calcul o sesizare penal\u0103","datePublished":"2024-08-08T05:38:22+00:00","dateModified":"2024-08-08T07:54:32+00:00","mainEntityOfPage":{"@id":"https:\/\/buletin.de\/bucuresti\/o-tona-de-deseuri-medicale-in-aer-liber-in-curtea-unei-firme-din-sectorul-1-garda-de-mediu-ia-in-calcul-o-sesizare-penala\/"},"wordCount":447,"publisher":{"@id":"https:\/\/buletin.de\/bucuresti\/#organization"},"image":{"@id":"https:\/\/buletin.de\/bucuresti\/o-tona-de-deseuri-medicale-in-aer-liber-in-curtea-unei-firme-din-sectorul-1-garda-de-mediu-ia-in-calcul-o-sesizare-penala\/#primaryimage"},"thumbnailUrl":"https:\/\/buletin.de\/bucuresti\/wp-content\/uploads\/deseuri-garda-de-mediu.png","keywords":["chiajna deseuri","deseuri medicale","garda de mediu deseuri medicale","sector 1 gunoaie medicale","sterileco"],"articleSection":["Articole","Eveniment","Main","Mediu","S\u0103n\u0103tate"],"inLanguage":"en-GB","copyrightYear":"2024","copyrightHolder":{"@id":"https:\/\/buletin.de\/bucuresti\/#organization"}},{"@type":"WebPage","@id":"https:\/\/buletin.de\/bucuresti\/o-tona-de-deseuri-medicale-in-aer-liber-in-curtea-unei-firme-din-sectorul-1-garda-de-mediu-ia-in-calcul-o-sesizare-penala\/","url":"https:\/\/buletin.de\/bucuresti\/o-tona-de-deseuri-medicale-in-aer-liber-in-curtea-unei-firme-din-sectorul-1-garda-de-mediu-ia-in-calcul-o-sesizare-penala\/","name":"O ton\u0103 de de\u015feuri medicale, \u00een aer liber, \u00een curtea unei firme din Sectorul 1. Garda de Mediu ia \u00een calcul o sesizare penal\u0103 - Buletin de Bucure\u0219ti","isPartOf":{"@id":"https:\/\/buletin.de\/bucuresti\/#website"},"primaryImageOfPage":{"@id":"https:\/\/buletin.de\/bucuresti\/o-tona-de-deseuri-medicale-in-aer-liber-in-curtea-unei-firme-din-sectorul-1-garda-de-mediu-ia-in-calcul-o-sesizare-penala\/#primaryimage"},"image":{"@id":"https:\/\/buletin.de\/bucuresti\/o-tona-de-deseuri-medicale-in-aer-liber-in-curtea-unei-firme-din-sectorul-1-garda-de-mediu-ia-in-calcul-o-sesizare-penala\/#primaryimage"},"thumbnailUrl":"https:\/\/buletin.de\/bucuresti\/wp-content\/uploads\/deseuri-garda-de-mediu.png","datePublished":"2024-08-08T05:38:22+00:00","dateModified":"2024-08-08T07:54:32+00:00","description":"O ton\u0103 de de\u015feuri medicale au fost g\u0103site de comisarii G\u0103rzii de Mediu \u00een curtea unei firme din Sectorul 1, depozitate neconform","breadcrumb":{"@id":"https:\/\/buletin.de\/bucuresti\/o-tona-de-deseuri-medicale-in-aer-liber-in-curtea-unei-firme-din-sectorul-1-garda-de-mediu-ia-in-calcul-o-sesizare-penala\/#breadcrumb"},"inLanguage":"en-GB","potentialAction":[{"@type":"ReadAction","target":["https:\/\/buletin.de\/bucuresti\/o-tona-de-deseuri-medicale-in-aer-liber-in-curtea-unei-firme-din-sectorul-1-garda-de-mediu-ia-in-calcul-o-sesizare-penala\/"]}]},{"@type":"ImageObject","inLanguage":"en-GB","@id":"https:\/\/buletin.de\/bucuresti\/o-tona-de-deseuri-medicale-in-aer-liber-in-curtea-unei-firme-din-sectorul-1-garda-de-mediu-ia-in-calcul-o-sesizare-penala\/#primaryimage","url":"https:\/\/buletin.de\/bucuresti\/wp-content\/uploads\/deseuri-garda-de-mediu.png","contentUrl":"https:\/\/buletin.de\/bucuresti\/wp-content\/uploads\/deseuri-garda-de-mediu.png","width":714,"height":502,"caption":"O ton\u0103 de de\u015feuri medicale, \u00een aer liber Foto: Garda Na\u0163ional\u0103 de Mediu"},{"@type":"BreadcrumbList","@id":"https:\/\/buletin.de\/bucuresti\/o-tona-de-deseuri-medicale-in-aer-liber-in-curtea-unei-firme-din-sectorul-1-garda-de-mediu-ia-in-calcul-o-sesizare-penala\/#breadcrumb","itemListElement":[{"@type":"ListItem","position":1,"name":"Acas\u0103","item":"https:\/\/buletin.de\/bucuresti\/"},{"@type":"ListItem","position":2,"name":"O ton\u0103 de de\u015feuri medicale, \u00een aer liber, \u00een curtea unei firme din Sectorul 1. Garda de Mediu ia \u00een calcul o sesizare penal\u0103"}]},{"@type":"WebSite","@id":"https:\/\/buletin.de\/bucuresti\/#website","url":"https:\/\/buletin.de\/bucuresti\/","name":"Buletin de Bucure\u0219ti","description":"\u0218tiri \u0219i investiga\u021bii esen\u021biale din capital\u0103","publisher":{"@id":"https:\/\/buletin.de\/bucuresti\/#organization"},"potentialAction":[{"@type":"SearchAction","target":{"@type":"EntryPoint","urlTemplate":"https:\/\/buletin.de\/bucuresti\/?s={search_term_string}"},"query-input":{"@type":"PropertyValueSpecification","valueRequired":true,"valueName":"search_term_string"}}],"inLanguage":"en-GB"},{"@type":"Organization","@id":"https:\/\/buletin.de\/bucuresti\/#organization","name":"Buletin de Bucure\u0219ti","url":"https:\/\/buletin.de\/bucuresti\/","logo":{"@type":"ImageObject","inLanguage":"en-GB","@id":"https:\/\/buletin.de\/bucuresti\/#\/schema\/logo\/image\/","url":"https:\/\/buletin.de\/bucuresti\/wp-content\/uploads\/logo-bdb-full-wide-vernil-transparent.png","contentUrl":"https:\/\/buletin.de\/bucuresti\/wp-content\/uploads\/logo-bdb-full-wide-vernil-transparent.png","width":1782,"height":626,"caption":"Buletin de Bucure\u0219ti"},"image":{"@id":"https:\/\/buletin.de\/bucuresti\/#\/schema\/logo\/image\/"},"sameAs":["https:\/\/www.facebook.com\/buletin.de.buc","https:\/\/www.instagram.com\/buletinde.bucuresti\/"]},{"@type":"Person","@id":"https:\/\/buletin.de\/bucuresti\/#\/schema\/person\/5272b8a057b33890940b57b837fc4ce6","name":"Ionu\u021b Lepa","image":{"@type":"ImageObject","inLanguage":"en-GB","@id":"https:\/\/buletin.de\/bucuresti\/wp-content\/uploads\/Ionut-Lepa-96x96.jpg5c4e4d9e049808799a8821652d2410a4","url":"https:\/\/buletin.de\/bucuresti\/wp-content\/uploads\/Ionut-Lepa-96x96.jpg","contentUrl":"https:\/\/buletin.de\/bucuresti\/wp-content\/uploads\/Ionut-Lepa-96x96.jpg","caption":"Ionu\u021b Lepa"},"url":"https:\/\/buletin.de\/bucuresti\/author\/ionutlepa\/"}]}},"authors":[{"term_id":22586,"user_id":8,"is_guest":0,"slug":"ionutlepa","display_name":"Ionu\u021b Lepa","avatar_url":"https:\/\/buletin.de\/bucuresti\/wp-content\/uploads\/Ionut-Lepa-96x96.jpg","0":null,"1":"","2":"","3":"","4":"","5":"","6":"","7":"","8":""}],"_links":{"self":[{"href":"https:\/\/buletin.de\/bucuresti\/wp-json\/wp\/v2\/posts\/93901","targetHints":{"allow":["GET"]}}],"collection":[{"href":"https:\/\/buletin.de\/bucuresti\/wp-json\/wp\/v2\/posts"}],"about":[{"href":"https:\/\/buletin.de\/bucuresti\/wp-json\/wp\/v2\/types\/post"}],"author":[{"embeddable":true,"href":"https:\/\/buletin.de\/bucuresti\/wp-json\/wp\/v2\/users\/8"}],"replies":[{"embeddable":true,"href":"https:\/\/buletin.de\/bucuresti\/wp-json\/wp\/v2\/comments?post=93901"}],"version-history":[{"count":3,"href":"https:\/\/buletin.de\/bucuresti\/wp-json\/wp\/v2\/posts\/93901\/revisions"}],"predecessor-version":[{"id":93915,"href":"https:\/\/buletin.de\/bucuresti\/wp-json\/wp\/v2\/posts\/93901\/revisions\/93915"}],"wp:featuredmedia":[{"embeddable":true,"href":"https:\/\/buletin.de\/bucuresti\/wp-json\/wp\/v2\/media\/93902"}],"wp:attachment":[{"href":"https:\/\/buletin.de\/bucuresti\/wp-json\/wp\/v2\/media?parent=93901"}],"wp:term":[{"taxonomy":"category","embeddable":true,"href":"https:\/\/buletin.de\/bucuresti\/wp-json\/wp\/v2\/categories?post=93901"},{"taxonomy":"post_tag","embeddable":true,"href":"https:\/\/buletin.de\/bucuresti\/wp-json\/wp\/v2\/tags?post=93901"},{"taxonomy":"author","embeddable":true,"href":"https:\/\/buletin.de\/bucuresti\/wp-json\/wp\/v2\/ppma_author?post=93901"}],"curies":[{"name":"wp","href":"https:\/\/api.w.org\/{rel}","templated":true}]}}