{"id":93889,"date":"2024-08-08T07:22:43","date_gmt":"2024-08-08T04:22:43","guid":{"rendered":"https:\/\/buletin.de\/bucuresti\/?p=93889"},"modified":"2024-08-08T09:00:39","modified_gmt":"2024-08-08T06:00:39","slug":"drumul-dintre-1-decembrie-si-vidra-va-fi-modernizat-investitia-costa-12-milioane-de-euro","status":"publish","type":"post","link":"https:\/\/buletin.de\/bucuresti\/drumul-dintre-1-decembrie-si-vidra-va-fi-modernizat-investitia-costa-12-milioane-de-euro\/","title":{"rendered":"Drumul dintre 1 Decembrie \u015fi Vidra va fi modernizat. Investi\u021bia cost\u0103 12 milioane de euro"},"content":{"rendered":"\n<p><strong>Drumul dintre 1 Decembrie \u015fi Vidra va fi modernizat, dup\u0103 ce Consiliul Jude\u021bean Ilfov (CJI) a aprobat proiectul \u00een \u0219edin\u021ba de miercuri, 7 august.<\/strong><\/p>\n\n\n\n<p><strong>Consilierii au votat indicatorii tehnico-economici la faza Studiu de Fezabilitate, care arat\u0103 c\u0103 valoarea total\u0103 a investi\u021biei este de aproape 12 milioane de euro, cu TVA, pentru modernizarea tronsonului de 67,22 de kilometri.<\/strong><\/p>\n\n\n\n<p>Durata de execu\u021bie a lucr\u0103rilor este de 3 ani.<\/p>\n\n\n\n<p>\u201ePe date din teren, modernizarea drumului va realiza o decongestionare a traficului de pe DJ 401, astfel, o parte din traficul de pe drumul jude\u021bean se va muta \u0219i pe noul tronson dintre Vidra \u0219i 1 Decembrie\u201d, <a href=\"https:\/\/www.facebook.com\/photo\/?fbid=892716199559912&amp;set=a.247339610764244\">a anun\u021bat CJI<\/a>.<\/p>\n\n\n\n<p>CITE\u0218TE \u0218I: <a href=\"https:\/\/buletin.de\/bucuresti\/cristian-popescu-piedone-pas-in-spate-de-la-conducerea-pusl-in-schimb-anunta-ca-vrea-sa-fie-senator\/\"><strong>Cristian Popescu Piedone nu mai conduce partidul lui Dan Voiculescu. \u00cen schimb, anun\u0163\u0103 c\u0103 vrea s\u0103 fie senator<\/strong><\/a><\/p>\n\n\n\n<h2 class=\"wp-block-heading\" id=\"h-detaliile-proiectului-pentru-drumul-dintre-1-decembrie-si-vidra\"><strong>Detaliile proiectului<\/strong> pentru drumul dintre 1 Decembrie \u015fi Vidra<\/h2>\n\n\n\n<p><strong>Concret, traseul se desf\u0103\u0219oar\u0103 pe zona de intravilan \u0219i extravilan a localit\u0103\u021bilor 1 Decembrie, Cop\u0103ceni \u0219i Vidra, conform indicatorilor tehnico-economici.<\/strong><\/p>\n\n\n\n<p>De asemenea, \u00een cadrul proiectului \u201ese va a\u0219terne un strat de uzur\u0103 BA 16 de 4 cm, un strat de 6 cm de BAD 22.4, canalizare pluvial\u0103 pe o lungime de 1.460 m, 64 de st\u00e2lpi de iluminat, pe tehnologie led\u201d, a mai anun\u021bat Consiliul.<\/p>\n\n\n\n<p>Totodat\u0103, vor fi construite structuri necesare pentru traversarea drumurilor existente, iar sec\u021biuni specifice vor facilita conexiunile cu drumurile na\u021bionale principale \u0219i centrele administrative.<\/p>\n\n\n\n<p>Obiectivele principale ale proiectului sunt sus\u021binerea activit\u0103\u021bilor economice, \u00eembun\u0103t\u0103\u021birea fluxului de trafic \u0219i a accesului la diverse zone, dar \u0219i cre\u0219terea siguran\u021bei \u00een trafic.<\/p>\n\n\n\n<p>Proiectul face parte din Planul de Mobilitate Urban\u0103 Durabil\u0103 Bucure\u0219ti \u2013 Ilfov 2016-2030, aprobat de toate autorit\u0103\u021bile locale din Bucure\u0219ti \u0219i Ilfov.<\/p>\n\n\n\n<p>CITE\u0218TE \u0218I: <a href=\"https:\/\/buletin.de\/bucuresti\/medici-retinuti-in-cazul-mortilor-de-la-sfantul-pantelimon-apreciau-ca-nu-mai-este-oportuna-mentinerea-in-viata\/\"><strong>Medici re\u0163inu\u0163i \u00een cazul mor\u0163ilor de la Sf\u00e2ntul Pantelimon. \u201eApreciau c\u0103 nu mai este oportun\u0103 men\u0163inerea \u00een via\u0163\u0103\u201d<\/strong><\/a><\/p>\n\n\n\n<h2 class=\"wp-block-heading\" id=\"h-alte-investi\u021bii-similare-ale-cji\">Alte investi\u021bii similare ale CJI<\/h2>\n\n\n\n<p>Luna trecut\u0103, CJI anun\u021ba c\u0103 va construi <a href=\"https:\/\/buletin.de\/bucuresti\/ilfov-35-de-milioane-de-euro-pentru-un-nou-drum-de-legatura-cu-autostrada-soarelui\/\">un nou drum de leg\u0103tur\u0103 cu Autostrada Soarelui<\/a>. Acesta va face leg\u0103tura direct\u0103 \u00eentre DJ301, Satul T\u00e2nganu, Autostrada Soarelui \u0219i localitatea Cernica.<\/p>\n\n\n\n<p>Drumul va avea o lungime de opt kilometri \u0219i va face leg\u0103tura direct\u0103 \u00eentre DJ301, Satul T\u00e2nganu, Autostrada Soarelui \u0219i localitatea Cernica.<\/p>\n\n\n\n<p>Potrivit notei de fundamentare, acest drum de leg\u0103tur\u0103 va muta o parte din trafic pe noul traseu \u0219i va duce circula\u021bia pe A2, ulterior, spre DNCB \u2013 Bucure\u0219ti \u2013 Constan\u021ba \u2013 Aeroportul Otopeni.<\/p>\n\n\n\n<p>CITE\u0218TE \u0218I: <strong><a href=\"https:\/\/buletin.de\/bucuresti\/lacul-tineretului-este-curatat-de-namol-si-gunoaie-actiunea-nu-mai-fusese-facuta-de-un-sfert-de-secol\/\">Lacul Tineretului este cur\u0103\u0163at de n\u0103mol \u015fi gunoaie. Ac\u0163iunea nu mai fusese f\u0103cut\u0103 de un sfert de secol<\/a><\/strong><\/p>\n","protected":false},"excerpt":{"rendered":"<p>Drumul dintre 1 Decembrie \u015fi Vidra va fi modernizat, dup\u0103 ce Consiliul Jude\u021bean Ilfov (CJI) a aprobat proiectul \u00een \u0219edin\u021ba de miercuri, 7 august. Consilierii au votat indicatorii tehnico-economici la faza Studiu de Fezabilitate, care arat\u0103 c\u0103 valoarea total\u0103 a investi\u021biei este de aproape 12 milioane de euro, cu TVA, pentru modernizarea tronsonului de 67,22 [&hellip;]<\/p>\n","protected":false},"author":59,"featured_media":93891,"comment_status":"closed","ping_status":"open","sticky":false,"template":"","format":"standard","meta":{"_acf_changed":false,"inline_featured_image":false,"ngg_post_thumbnail":0,"footnotes":""},"categories":[6994,1432,62,650],"tags":[1911,1910,14064,14063,820,3401],"ppma_author":[22572],"class_list":["post-93889","post","type-post","status-publish","format-standard","has-post-thumbnail","hentry","category-stiri-2","category-buletin-de-ilfov","category-stiri","category-transport","tag-1-decembrie","tag-consiliul-judetean-ilfov","tag-copaceni-2","tag-drum-de-legatura","tag-ilfov","tag-vidra"],"acf":[],"yoast_head":"<!-- This site is optimized with the Yoast SEO Premium plugin v25.3 (Yoast SEO v27.4) - https:\/\/yoast.com\/product\/yoast-seo-premium-wordpress\/ -->\n<title>Drumul dintre 1 Decembrie \u015fi Vidra va fi modernizat. Investi\u021bia cost\u0103 12 milioane de euro - Buletin de Bucure\u0219ti<\/title>\n<meta name=\"description\" content=\"Drumul dintre 1 Decembrie \u015fi Vidra va fi modernizat, dup\u0103 ce Consiliul Jude\u021bean Ilfov (CJI) a aprobat proiectul \u00een \u0219edin\u021ba de miercuri.\" \/>\n<meta name=\"robots\" content=\"index, follow, max-snippet:-1, max-image-preview:large, max-video-preview:-1\" \/>\n<link rel=\"canonical\" href=\"https:\/\/buletin.de\/bucuresti\/drumul-dintre-1-decembrie-si-vidra-va-fi-modernizat-investitia-costa-12-milioane-de-euro\/\" \/>\n<meta property=\"og:locale\" content=\"en_GB\" \/>\n<meta property=\"og:type\" content=\"article\" \/>\n<meta property=\"og:title\" content=\"Drumul dintre 1 Decembrie \u015fi Vidra va fi modernizat. Investi\u021bia cost\u0103 12 milioane de euro\" \/>\n<meta property=\"og:description\" content=\"Drumul dintre 1 Decembrie \u015fi Vidra va fi modernizat, dup\u0103 ce Consiliul Jude\u021bean Ilfov (CJI) a aprobat proiectul \u00een \u0219edin\u021ba de miercuri.\" \/>\n<meta property=\"og:url\" content=\"https:\/\/buletin.de\/bucuresti\/drumul-dintre-1-decembrie-si-vidra-va-fi-modernizat-investitia-costa-12-milioane-de-euro\/\" \/>\n<meta property=\"og:site_name\" content=\"Buletin de Bucure\u0219ti\" \/>\n<meta property=\"article:publisher\" content=\"https:\/\/www.facebook.com\/buletin.de.buc\" \/>\n<meta property=\"article:published_time\" content=\"2024-08-08T04:22:43+00:00\" \/>\n<meta property=\"article:modified_time\" content=\"2024-08-08T06:00:39+00:00\" \/>\n<meta property=\"og:image\" content=\"https:\/\/buletin.de\/bucuresti\/wp-content\/uploads\/Drumul-de-Legatura-1-Decembrie-Vidra.jpg\" \/>\n\t<meta property=\"og:image:width\" content=\"2000\" \/>\n\t<meta property=\"og:image:height\" content=\"1125\" \/>\n\t<meta property=\"og:image:type\" content=\"image\/jpeg\" \/>\n<meta name=\"author\" content=\"C\u0103t\u0103lin Anghel-Dimache\" \/>\n<meta name=\"twitter:card\" content=\"summary_large_image\" \/>\n<meta name=\"twitter:label1\" content=\"Written by\" \/>\n\t<meta name=\"twitter:data1\" content=\"C\u0103t\u0103lin Anghel-Dimache\" \/>\n\t<meta name=\"twitter:label2\" content=\"Estimated reading time\" \/>\n\t<meta name=\"twitter:data2\" content=\"2 minutes\" \/>\n<script type=\"application\/ld+json\" class=\"yoast-schema-graph\">{\"@context\":\"https:\\\/\\\/schema.org\",\"@graph\":[{\"@type\":\"Article\",\"@id\":\"https:\\\/\\\/buletin.de\\\/bucuresti\\\/drumul-dintre-1-decembrie-si-vidra-va-fi-modernizat-investitia-costa-12-milioane-de-euro\\\/#article\",\"isPartOf\":{\"@id\":\"https:\\\/\\\/buletin.de\\\/bucuresti\\\/drumul-dintre-1-decembrie-si-vidra-va-fi-modernizat-investitia-costa-12-milioane-de-euro\\\/\"},\"author\":{\"name\":\"C\u0103t\u0103lin Anghel-Dimache\",\"@id\":\"https:\\\/\\\/buletin.de\\\/bucuresti\\\/#\\\/schema\\\/person\\\/0ac9db30080482be87c7386a30f98796\"},\"headline\":\"Drumul dintre 1 Decembrie \u015fi Vidra va fi modernizat. Investi\u021bia cost\u0103 12 milioane de euro\",\"datePublished\":\"2024-08-08T04:22:43+00:00\",\"dateModified\":\"2024-08-08T06:00:39+00:00\",\"mainEntityOfPage\":{\"@id\":\"https:\\\/\\\/buletin.de\\\/bucuresti\\\/drumul-dintre-1-decembrie-si-vidra-va-fi-modernizat-investitia-costa-12-milioane-de-euro\\\/\"},\"wordCount\":440,\"publisher\":{\"@id\":\"https:\\\/\\\/buletin.de\\\/bucuresti\\\/#organization\"},\"image\":{\"@id\":\"https:\\\/\\\/buletin.de\\\/bucuresti\\\/drumul-dintre-1-decembrie-si-vidra-va-fi-modernizat-investitia-costa-12-milioane-de-euro\\\/#primaryimage\"},\"thumbnailUrl\":\"https:\\\/\\\/buletin.de\\\/bucuresti\\\/wp-content\\\/uploads\\\/Drumul-de-Legatura-1-Decembrie-Vidra.jpg\",\"keywords\":[\"1 decembrie\",\"consiliul judetean ilfov\",\"copaceni\",\"drum de legatura\",\"Ilfov\",\"vidra\"],\"articleSection\":[\"Articole\",\"Buletin de Ilfov\",\"\u0218tiri\",\"Transport\"],\"inLanguage\":\"en-GB\",\"copyrightYear\":\"2024\",\"copyrightHolder\":{\"@id\":\"https:\\\/\\\/buletin.de\\\/bucuresti\\\/#organization\"}},{\"@type\":\"WebPage\",\"@id\":\"https:\\\/\\\/buletin.de\\\/bucuresti\\\/drumul-dintre-1-decembrie-si-vidra-va-fi-modernizat-investitia-costa-12-milioane-de-euro\\\/\",\"url\":\"https:\\\/\\\/buletin.de\\\/bucuresti\\\/drumul-dintre-1-decembrie-si-vidra-va-fi-modernizat-investitia-costa-12-milioane-de-euro\\\/\",\"name\":\"Drumul dintre 1 Decembrie \u015fi Vidra va fi modernizat. Investi\u021bia cost\u0103 12 milioane de euro - Buletin de Bucure\u0219ti\",\"isPartOf\":{\"@id\":\"https:\\\/\\\/buletin.de\\\/bucuresti\\\/#website\"},\"primaryImageOfPage\":{\"@id\":\"https:\\\/\\\/buletin.de\\\/bucuresti\\\/drumul-dintre-1-decembrie-si-vidra-va-fi-modernizat-investitia-costa-12-milioane-de-euro\\\/#primaryimage\"},\"image\":{\"@id\":\"https:\\\/\\\/buletin.de\\\/bucuresti\\\/drumul-dintre-1-decembrie-si-vidra-va-fi-modernizat-investitia-costa-12-milioane-de-euro\\\/#primaryimage\"},\"thumbnailUrl\":\"https:\\\/\\\/buletin.de\\\/bucuresti\\\/wp-content\\\/uploads\\\/Drumul-de-Legatura-1-Decembrie-Vidra.jpg\",\"datePublished\":\"2024-08-08T04:22:43+00:00\",\"dateModified\":\"2024-08-08T06:00:39+00:00\",\"description\":\"Drumul dintre 1 Decembrie \u015fi Vidra va fi modernizat, dup\u0103 ce Consiliul Jude\u021bean Ilfov (CJI) a aprobat proiectul \u00een \u0219edin\u021ba de miercuri.\",\"breadcrumb\":{\"@id\":\"https:\\\/\\\/buletin.de\\\/bucuresti\\\/drumul-dintre-1-decembrie-si-vidra-va-fi-modernizat-investitia-costa-12-milioane-de-euro\\\/#breadcrumb\"},\"inLanguage\":\"en-GB\",\"potentialAction\":[{\"@type\":\"ReadAction\",\"target\":[\"https:\\\/\\\/buletin.de\\\/bucuresti\\\/drumul-dintre-1-decembrie-si-vidra-va-fi-modernizat-investitia-costa-12-milioane-de-euro\\\/\"]}]},{\"@type\":\"ImageObject\",\"inLanguage\":\"en-GB\",\"@id\":\"https:\\\/\\\/buletin.de\\\/bucuresti\\\/drumul-dintre-1-decembrie-si-vidra-va-fi-modernizat-investitia-costa-12-milioane-de-euro\\\/#primaryimage\",\"url\":\"https:\\\/\\\/buletin.de\\\/bucuresti\\\/wp-content\\\/uploads\\\/Drumul-de-Legatura-1-Decembrie-Vidra.jpg\",\"contentUrl\":\"https:\\\/\\\/buletin.de\\\/bucuresti\\\/wp-content\\\/uploads\\\/Drumul-de-Legatura-1-Decembrie-Vidra.jpg\",\"width\":2000,\"height\":1125,\"caption\":\"Drumul de Leg\u0103tur\u0103 1 Decembrie - Vidra. FOTO: Consiliul Jude\u021bean Ilfov\"},{\"@type\":\"BreadcrumbList\",\"@id\":\"https:\\\/\\\/buletin.de\\\/bucuresti\\\/drumul-dintre-1-decembrie-si-vidra-va-fi-modernizat-investitia-costa-12-milioane-de-euro\\\/#breadcrumb\",\"itemListElement\":[{\"@type\":\"ListItem\",\"position\":1,\"name\":\"Acas\u0103\",\"item\":\"https:\\\/\\\/buletin.de\\\/bucuresti\\\/\"},{\"@type\":\"ListItem\",\"position\":2,\"name\":\"Drumul dintre 1 Decembrie \u015fi Vidra va fi modernizat. Investi\u021bia cost\u0103 12 milioane de euro\"}]},{\"@type\":\"WebSite\",\"@id\":\"https:\\\/\\\/buletin.de\\\/bucuresti\\\/#website\",\"url\":\"https:\\\/\\\/buletin.de\\\/bucuresti\\\/\",\"name\":\"Buletin de Bucure\u0219ti\",\"description\":\"\u0218tiri \u0219i investiga\u021bii esen\u021biale din capital\u0103\",\"publisher\":{\"@id\":\"https:\\\/\\\/buletin.de\\\/bucuresti\\\/#organization\"},\"potentialAction\":[{\"@type\":\"SearchAction\",\"target\":{\"@type\":\"EntryPoint\",\"urlTemplate\":\"https:\\\/\\\/buletin.de\\\/bucuresti\\\/?s={search_term_string}\"},\"query-input\":{\"@type\":\"PropertyValueSpecification\",\"valueRequired\":true,\"valueName\":\"search_term_string\"}}],\"inLanguage\":\"en-GB\"},{\"@type\":\"Organization\",\"@id\":\"https:\\\/\\\/buletin.de\\\/bucuresti\\\/#organization\",\"name\":\"Buletin de Bucure\u0219ti\",\"url\":\"https:\\\/\\\/buletin.de\\\/bucuresti\\\/\",\"logo\":{\"@type\":\"ImageObject\",\"inLanguage\":\"en-GB\",\"@id\":\"https:\\\/\\\/buletin.de\\\/bucuresti\\\/#\\\/schema\\\/logo\\\/image\\\/\",\"url\":\"https:\\\/\\\/buletin.de\\\/bucuresti\\\/wp-content\\\/uploads\\\/logo-bdb-full-wide-vernil-transparent.png\",\"contentUrl\":\"https:\\\/\\\/buletin.de\\\/bucuresti\\\/wp-content\\\/uploads\\\/logo-bdb-full-wide-vernil-transparent.png\",\"width\":1782,\"height\":626,\"caption\":\"Buletin de Bucure\u0219ti\"},\"image\":{\"@id\":\"https:\\\/\\\/buletin.de\\\/bucuresti\\\/#\\\/schema\\\/logo\\\/image\\\/\"},\"sameAs\":[\"https:\\\/\\\/www.facebook.com\\\/buletin.de.buc\",\"https:\\\/\\\/www.instagram.com\\\/buletinde.bucuresti\\\/\"]},{\"@type\":\"Person\",\"@id\":\"https:\\\/\\\/buletin.de\\\/bucuresti\\\/#\\\/schema\\\/person\\\/0ac9db30080482be87c7386a30f98796\",\"name\":\"C\u0103t\u0103lin Anghel-Dimache\",\"image\":{\"@type\":\"ImageObject\",\"inLanguage\":\"en-GB\",\"@id\":\"https:\\\/\\\/buletin.de\\\/bucuresti\\\/wp-content\\\/uploads\\\/Catalin-Anghel-Dimache-96x96.jpgbd9e43c5b25186d5b8e917ac61ad86c4\",\"url\":\"https:\\\/\\\/buletin.de\\\/bucuresti\\\/wp-content\\\/uploads\\\/Catalin-Anghel-Dimache-96x96.jpg\",\"contentUrl\":\"https:\\\/\\\/buletin.de\\\/bucuresti\\\/wp-content\\\/uploads\\\/Catalin-Anghel-Dimache-96x96.jpg\",\"caption\":\"C\u0103t\u0103lin Anghel-Dimache\"},\"description\":\"A absolvit Facultatea de Jurnalism \u0219i \u0218tiin\u021bele Comunic\u0103rii a Universit\u0103\u021bii din Bucure\u0219ti \u00een 2024. Scrie despre mediu \u0219i teme sociale, dar \u0219i despre cum se reflect\u0103 ele \u00een via\u021ba cotidian\u0103 a bucure\u0219tenilor, cu un ochi atent la pove\u0219tile personale din spatele titlurilor. N\u0103scut \u0219i crescut \u00een Bucure\u0219ti, a f\u0103cut un pas c\u0103tre presa local\u0103, din pasiune pentru ora\u0219ul s\u0103u \u0219i oamenii din el.\",\"url\":\"https:\\\/\\\/buletin.de\\\/bucuresti\\\/author\\\/catalin-anghel-dimache\\\/\"}]}<\/script>\n<!-- \/ Yoast SEO Premium plugin. -->","yoast_head_json":{"title":"Drumul dintre 1 Decembrie \u015fi Vidra va fi modernizat. Investi\u021bia cost\u0103 12 milioane de euro - Buletin de Bucure\u0219ti","description":"Drumul dintre 1 Decembrie \u015fi Vidra va fi modernizat, dup\u0103 ce Consiliul Jude\u021bean Ilfov (CJI) a aprobat proiectul \u00een \u0219edin\u021ba de miercuri.","robots":{"index":"index","follow":"follow","max-snippet":"max-snippet:-1","max-image-preview":"max-image-preview:large","max-video-preview":"max-video-preview:-1"},"canonical":"https:\/\/buletin.de\/bucuresti\/drumul-dintre-1-decembrie-si-vidra-va-fi-modernizat-investitia-costa-12-milioane-de-euro\/","og_locale":"en_GB","og_type":"article","og_title":"Drumul dintre 1 Decembrie \u015fi Vidra va fi modernizat. Investi\u021bia cost\u0103 12 milioane de euro","og_description":"Drumul dintre 1 Decembrie \u015fi Vidra va fi modernizat, dup\u0103 ce Consiliul Jude\u021bean Ilfov (CJI) a aprobat proiectul \u00een \u0219edin\u021ba de miercuri.","og_url":"https:\/\/buletin.de\/bucuresti\/drumul-dintre-1-decembrie-si-vidra-va-fi-modernizat-investitia-costa-12-milioane-de-euro\/","og_site_name":"Buletin de Bucure\u0219ti","article_publisher":"https:\/\/www.facebook.com\/buletin.de.buc","article_published_time":"2024-08-08T04:22:43+00:00","article_modified_time":"2024-08-08T06:00:39+00:00","og_image":[{"width":2000,"height":1125,"url":"https:\/\/buletin.de\/bucuresti\/wp-content\/uploads\/Drumul-de-Legatura-1-Decembrie-Vidra.jpg","type":"image\/jpeg"}],"author":"C\u0103t\u0103lin Anghel-Dimache","twitter_card":"summary_large_image","twitter_misc":{"Written by":"C\u0103t\u0103lin Anghel-Dimache","Estimated reading time":"2 minutes"},"schema":{"@context":"https:\/\/schema.org","@graph":[{"@type":"Article","@id":"https:\/\/buletin.de\/bucuresti\/drumul-dintre-1-decembrie-si-vidra-va-fi-modernizat-investitia-costa-12-milioane-de-euro\/#article","isPartOf":{"@id":"https:\/\/buletin.de\/bucuresti\/drumul-dintre-1-decembrie-si-vidra-va-fi-modernizat-investitia-costa-12-milioane-de-euro\/"},"author":{"name":"C\u0103t\u0103lin Anghel-Dimache","@id":"https:\/\/buletin.de\/bucuresti\/#\/schema\/person\/0ac9db30080482be87c7386a30f98796"},"headline":"Drumul dintre 1 Decembrie \u015fi Vidra va fi modernizat. Investi\u021bia cost\u0103 12 milioane de euro","datePublished":"2024-08-08T04:22:43+00:00","dateModified":"2024-08-08T06:00:39+00:00","mainEntityOfPage":{"@id":"https:\/\/buletin.de\/bucuresti\/drumul-dintre-1-decembrie-si-vidra-va-fi-modernizat-investitia-costa-12-milioane-de-euro\/"},"wordCount":440,"publisher":{"@id":"https:\/\/buletin.de\/bucuresti\/#organization"},"image":{"@id":"https:\/\/buletin.de\/bucuresti\/drumul-dintre-1-decembrie-si-vidra-va-fi-modernizat-investitia-costa-12-milioane-de-euro\/#primaryimage"},"thumbnailUrl":"https:\/\/buletin.de\/bucuresti\/wp-content\/uploads\/Drumul-de-Legatura-1-Decembrie-Vidra.jpg","keywords":["1 decembrie","consiliul judetean ilfov","copaceni","drum de legatura","Ilfov","vidra"],"articleSection":["Articole","Buletin de Ilfov","\u0218tiri","Transport"],"inLanguage":"en-GB","copyrightYear":"2024","copyrightHolder":{"@id":"https:\/\/buletin.de\/bucuresti\/#organization"}},{"@type":"WebPage","@id":"https:\/\/buletin.de\/bucuresti\/drumul-dintre-1-decembrie-si-vidra-va-fi-modernizat-investitia-costa-12-milioane-de-euro\/","url":"https:\/\/buletin.de\/bucuresti\/drumul-dintre-1-decembrie-si-vidra-va-fi-modernizat-investitia-costa-12-milioane-de-euro\/","name":"Drumul dintre 1 Decembrie \u015fi Vidra va fi modernizat. Investi\u021bia cost\u0103 12 milioane de euro - Buletin de Bucure\u0219ti","isPartOf":{"@id":"https:\/\/buletin.de\/bucuresti\/#website"},"primaryImageOfPage":{"@id":"https:\/\/buletin.de\/bucuresti\/drumul-dintre-1-decembrie-si-vidra-va-fi-modernizat-investitia-costa-12-milioane-de-euro\/#primaryimage"},"image":{"@id":"https:\/\/buletin.de\/bucuresti\/drumul-dintre-1-decembrie-si-vidra-va-fi-modernizat-investitia-costa-12-milioane-de-euro\/#primaryimage"},"thumbnailUrl":"https:\/\/buletin.de\/bucuresti\/wp-content\/uploads\/Drumul-de-Legatura-1-Decembrie-Vidra.jpg","datePublished":"2024-08-08T04:22:43+00:00","dateModified":"2024-08-08T06:00:39+00:00","description":"Drumul dintre 1 Decembrie \u015fi Vidra va fi modernizat, dup\u0103 ce Consiliul Jude\u021bean Ilfov (CJI) a aprobat proiectul \u00een \u0219edin\u021ba de miercuri.","breadcrumb":{"@id":"https:\/\/buletin.de\/bucuresti\/drumul-dintre-1-decembrie-si-vidra-va-fi-modernizat-investitia-costa-12-milioane-de-euro\/#breadcrumb"},"inLanguage":"en-GB","potentialAction":[{"@type":"ReadAction","target":["https:\/\/buletin.de\/bucuresti\/drumul-dintre-1-decembrie-si-vidra-va-fi-modernizat-investitia-costa-12-milioane-de-euro\/"]}]},{"@type":"ImageObject","inLanguage":"en-GB","@id":"https:\/\/buletin.de\/bucuresti\/drumul-dintre-1-decembrie-si-vidra-va-fi-modernizat-investitia-costa-12-milioane-de-euro\/#primaryimage","url":"https:\/\/buletin.de\/bucuresti\/wp-content\/uploads\/Drumul-de-Legatura-1-Decembrie-Vidra.jpg","contentUrl":"https:\/\/buletin.de\/bucuresti\/wp-content\/uploads\/Drumul-de-Legatura-1-Decembrie-Vidra.jpg","width":2000,"height":1125,"caption":"Drumul de Leg\u0103tur\u0103 1 Decembrie - Vidra. FOTO: Consiliul Jude\u021bean Ilfov"},{"@type":"BreadcrumbList","@id":"https:\/\/buletin.de\/bucuresti\/drumul-dintre-1-decembrie-si-vidra-va-fi-modernizat-investitia-costa-12-milioane-de-euro\/#breadcrumb","itemListElement":[{"@type":"ListItem","position":1,"name":"Acas\u0103","item":"https:\/\/buletin.de\/bucuresti\/"},{"@type":"ListItem","position":2,"name":"Drumul dintre 1 Decembrie \u015fi Vidra va fi modernizat. Investi\u021bia cost\u0103 12 milioane de euro"}]},{"@type":"WebSite","@id":"https:\/\/buletin.de\/bucuresti\/#website","url":"https:\/\/buletin.de\/bucuresti\/","name":"Buletin de Bucure\u0219ti","description":"\u0218tiri \u0219i investiga\u021bii esen\u021biale din capital\u0103","publisher":{"@id":"https:\/\/buletin.de\/bucuresti\/#organization"},"potentialAction":[{"@type":"SearchAction","target":{"@type":"EntryPoint","urlTemplate":"https:\/\/buletin.de\/bucuresti\/?s={search_term_string}"},"query-input":{"@type":"PropertyValueSpecification","valueRequired":true,"valueName":"search_term_string"}}],"inLanguage":"en-GB"},{"@type":"Organization","@id":"https:\/\/buletin.de\/bucuresti\/#organization","name":"Buletin de Bucure\u0219ti","url":"https:\/\/buletin.de\/bucuresti\/","logo":{"@type":"ImageObject","inLanguage":"en-GB","@id":"https:\/\/buletin.de\/bucuresti\/#\/schema\/logo\/image\/","url":"https:\/\/buletin.de\/bucuresti\/wp-content\/uploads\/logo-bdb-full-wide-vernil-transparent.png","contentUrl":"https:\/\/buletin.de\/bucuresti\/wp-content\/uploads\/logo-bdb-full-wide-vernil-transparent.png","width":1782,"height":626,"caption":"Buletin de Bucure\u0219ti"},"image":{"@id":"https:\/\/buletin.de\/bucuresti\/#\/schema\/logo\/image\/"},"sameAs":["https:\/\/www.facebook.com\/buletin.de.buc","https:\/\/www.instagram.com\/buletinde.bucuresti\/"]},{"@type":"Person","@id":"https:\/\/buletin.de\/bucuresti\/#\/schema\/person\/0ac9db30080482be87c7386a30f98796","name":"C\u0103t\u0103lin Anghel-Dimache","image":{"@type":"ImageObject","inLanguage":"en-GB","@id":"https:\/\/buletin.de\/bucuresti\/wp-content\/uploads\/Catalin-Anghel-Dimache-96x96.jpgbd9e43c5b25186d5b8e917ac61ad86c4","url":"https:\/\/buletin.de\/bucuresti\/wp-content\/uploads\/Catalin-Anghel-Dimache-96x96.jpg","contentUrl":"https:\/\/buletin.de\/bucuresti\/wp-content\/uploads\/Catalin-Anghel-Dimache-96x96.jpg","caption":"C\u0103t\u0103lin Anghel-Dimache"},"description":"A absolvit Facultatea de Jurnalism \u0219i \u0218tiin\u021bele Comunic\u0103rii a Universit\u0103\u021bii din Bucure\u0219ti \u00een 2024. Scrie despre mediu \u0219i teme sociale, dar \u0219i despre cum se reflect\u0103 ele \u00een via\u021ba cotidian\u0103 a bucure\u0219tenilor, cu un ochi atent la pove\u0219tile personale din spatele titlurilor. N\u0103scut \u0219i crescut \u00een Bucure\u0219ti, a f\u0103cut un pas c\u0103tre presa local\u0103, din pasiune pentru ora\u0219ul s\u0103u \u0219i oamenii din el.","url":"https:\/\/buletin.de\/bucuresti\/author\/catalin-anghel-dimache\/"}]}},"authors":[{"term_id":22572,"user_id":59,"is_guest":0,"slug":"catalin-anghel-dimache","display_name":"C\u0103t\u0103lin Anghel-Dimache","avatar_url":"https:\/\/buletin.de\/bucuresti\/wp-content\/uploads\/Catalin-Anghel-Dimache-96x96.jpg","0":null,"1":"","2":"","3":"","4":"","5":"","6":"","7":"","8":""}],"_links":{"self":[{"href":"https:\/\/buletin.de\/bucuresti\/wp-json\/wp\/v2\/posts\/93889","targetHints":{"allow":["GET"]}}],"collection":[{"href":"https:\/\/buletin.de\/bucuresti\/wp-json\/wp\/v2\/posts"}],"about":[{"href":"https:\/\/buletin.de\/bucuresti\/wp-json\/wp\/v2\/types\/post"}],"author":[{"embeddable":true,"href":"https:\/\/buletin.de\/bucuresti\/wp-json\/wp\/v2\/users\/59"}],"replies":[{"embeddable":true,"href":"https:\/\/buletin.de\/bucuresti\/wp-json\/wp\/v2\/comments?post=93889"}],"version-history":[{"count":3,"href":"https:\/\/buletin.de\/bucuresti\/wp-json\/wp\/v2\/posts\/93889\/revisions"}],"predecessor-version":[{"id":93909,"href":"https:\/\/buletin.de\/bucuresti\/wp-json\/wp\/v2\/posts\/93889\/revisions\/93909"}],"wp:featuredmedia":[{"embeddable":true,"href":"https:\/\/buletin.de\/bucuresti\/wp-json\/wp\/v2\/media\/93891"}],"wp:attachment":[{"href":"https:\/\/buletin.de\/bucuresti\/wp-json\/wp\/v2\/media?parent=93889"}],"wp:term":[{"taxonomy":"category","embeddable":true,"href":"https:\/\/buletin.de\/bucuresti\/wp-json\/wp\/v2\/categories?post=93889"},{"taxonomy":"post_tag","embeddable":true,"href":"https:\/\/buletin.de\/bucuresti\/wp-json\/wp\/v2\/tags?post=93889"},{"taxonomy":"author","embeddable":true,"href":"https:\/\/buletin.de\/bucuresti\/wp-json\/wp\/v2\/ppma_author?post=93889"}],"curies":[{"name":"wp","href":"https:\/\/api.w.org\/{rel}","templated":true}]}}