{"id":93851,"date":"2024-08-08T07:14:33","date_gmt":"2024-08-08T04:14:33","guid":{"rendered":"https:\/\/buletin.de\/bucuresti\/?p=93851"},"modified":"2024-09-06T14:27:22","modified_gmt":"2024-09-06T11:27:22","slug":"coridorul-verde-colentina-17-birouri-de-proiectare-de-pe-glob-concurs-pentru-amenajarea-salbei-de-lacuri","status":"publish","type":"post","link":"https:\/\/buletin.de\/bucuresti\/coridorul-verde-colentina-17-birouri-de-proiectare-de-pe-glob-concurs-pentru-amenajarea-salbei-de-lacuri\/","title":{"rendered":"Coridorul Verde Colentina. 17 birouri de proiectare de pe Glob, concurs pentru amenajarea \u201esalbei de lacuri\u201d"},"content":{"rendered":"\n<p><strong>Coridorul Verde Colentina prinde contur, cel pu\u0163in pe h\u00e2rtie, momentan. \u015eaptesprezece birouri de proiectare din mai multe \u0163\u0103ri, inclusiv de la noi, au intrat \u00eentr-un concurs de solu\u0163ii pentru a amenaja salba de lacuri din sectorul 2 al Capitalei, \u00een ceea ce este cel mai mare astfel de demers din \u0163ara noastr\u0103. <\/strong><\/p>\n\n\n\n<p>Pentru lucrarea care se va \u00eentinde pe o suprafa\u0163\u0103 de mai bine de 100 de hectare se lupt\u0103 arhitec\u0163i de la firme din \u0163\u0103ri precum Rom\u00e2nia, Belgia, Marea Britanie \u015fi Mexic. <\/p>\n\n\n\n<p>Pe scurt, este vorba despre amenajarea malurilor celor \u015fase lacuri de pe cursul r\u00e2ului Colentina care sunt pe raza sectorului 2: lacul Tei, lacul Plumbuita, lacul Colentina, lacul Fundeni, lacul Dobroe\u0219ti (denumit \u0219i Pantelimon I), lacul Pantelimon (denumit \u0219i Pantelimon II).<\/p>\n\n\n\n<figure class=\"wp-block-gallery has-nested-images columns-default is-cropped wp-block-gallery-1 is-layout-flex wp-block-gallery-is-layout-flex\">\n<figure class=\"wp-block-image size-large\"><img fetchpriority=\"high\" decoding=\"async\" width=\"675\" height=\"900\" data-id=\"93859\" src=\"data:image\/gif;base64,R0lGODlhAQABAAAAACH5BAEKAAEALAAAAAABAAEAAAICTAEAOw==\" data-src=\"https:\/\/buletin.de\/bucuresti\/wp-content\/uploads\/Alee-lac-langa-cimitirul-Marcuta_1-675x900.jpg\" alt=\"Coridorul Verde Colentina prinde contur, cel pu\u0163in pe h\u00e2rtie\" class=\"wp-image-93859 lazyload\" data-sizes=\"auto\" data-srcset=\"https:\/\/buletin.de\/bucuresti\/wp-content\/uploads\/Alee-lac-langa-cimitirul-Marcuta_1-675x900.jpg 675w, https:\/\/buletin.de\/bucuresti\/wp-content\/uploads\/Alee-lac-langa-cimitirul-Marcuta_1-225x300.jpg 225w, https:\/\/buletin.de\/bucuresti\/wp-content\/uploads\/Alee-lac-langa-cimitirul-Marcuta_1-768x1024.jpg 768w, https:\/\/buletin.de\/bucuresti\/wp-content\/uploads\/Alee-lac-langa-cimitirul-Marcuta_1-1152x1536.jpg 1152w, https:\/\/buletin.de\/bucuresti\/wp-content\/uploads\/Alee-lac-langa-cimitirul-Marcuta_1-1100x1467.jpg 1100w, https:\/\/buletin.de\/bucuresti\/wp-content\/uploads\/Alee-lac-langa-cimitirul-Marcuta_1-600x800.jpg 600w, https:\/\/buletin.de\/bucuresti\/wp-content\/uploads\/Alee-lac-langa-cimitirul-Marcuta_1-20x27.jpg 20w, https:\/\/buletin.de\/bucuresti\/wp-content\/uploads\/Alee-lac-langa-cimitirul-Marcuta_1.jpg 1500w\" sizes=\"(max-width: 675px) 100vw, 675px\" \/><\/figure>\n\n\n\n<figure class=\"wp-block-image size-large\"><img decoding=\"async\" width=\"900\" height=\"900\" data-id=\"93858\" src=\"data:image\/gif;base64,R0lGODlhAQABAAAAACH5BAEKAAEALAAAAAABAAEAAAICTAEAOw==\" data-src=\"https:\/\/buletin.de\/bucuresti\/wp-content\/uploads\/Loc-de-joaca-in-Parcul-Ecologic-Dobroesti-900x900.jpg\" alt=\"Coridorul Verde Colentina prinde contur, cel pu\u0163in pe h\u00e2rtie\" class=\"wp-image-93858 lazyload\" data-sizes=\"auto\" data-srcset=\"https:\/\/buletin.de\/bucuresti\/wp-content\/uploads\/Loc-de-joaca-in-Parcul-Ecologic-Dobroesti-900x900.jpg 900w, https:\/\/buletin.de\/bucuresti\/wp-content\/uploads\/Loc-de-joaca-in-Parcul-Ecologic-Dobroesti-300x300.jpg 300w, https:\/\/buletin.de\/bucuresti\/wp-content\/uploads\/Loc-de-joaca-in-Parcul-Ecologic-Dobroesti-150x150.jpg 150w, https:\/\/buletin.de\/bucuresti\/wp-content\/uploads\/Loc-de-joaca-in-Parcul-Ecologic-Dobroesti-768x768.jpg 768w, https:\/\/buletin.de\/bucuresti\/wp-content\/uploads\/Loc-de-joaca-in-Parcul-Ecologic-Dobroesti-1536x1536.jpg 1536w, https:\/\/buletin.de\/bucuresti\/wp-content\/uploads\/Loc-de-joaca-in-Parcul-Ecologic-Dobroesti-1600x1600.jpg 1600w, https:\/\/buletin.de\/bucuresti\/wp-content\/uploads\/Loc-de-joaca-in-Parcul-Ecologic-Dobroesti-1100x1100.jpg 1100w, https:\/\/buletin.de\/bucuresti\/wp-content\/uploads\/Loc-de-joaca-in-Parcul-Ecologic-Dobroesti-600x600.jpg 600w, https:\/\/buletin.de\/bucuresti\/wp-content\/uploads\/Loc-de-joaca-in-Parcul-Ecologic-Dobroesti-20x20.jpg 20w, https:\/\/buletin.de\/bucuresti\/wp-content\/uploads\/Loc-de-joaca-in-Parcul-Ecologic-Dobroesti.jpg 2000w\" sizes=\"(max-width: 900px) 100vw, 900px\" \/><\/figure>\n\n\n\n<figure class=\"wp-block-image size-large\"><img decoding=\"async\" width=\"900\" height=\"506\" data-id=\"93857\" src=\"data:image\/gif;base64,R0lGODlhAQABAAAAACH5BAEKAAEALAAAAAABAAEAAAICTAEAOw==\" data-src=\"https:\/\/buletin.de\/bucuresti\/wp-content\/uploads\/Parcul-ecologic-Dobroesti_6-900x506.jpeg\" alt=\"Coridorul Verde Colentina prinde contur, cel pu\u0163in pe h\u00e2rtie\" class=\"wp-image-93857 lazyload\" data-sizes=\"auto\" data-srcset=\"https:\/\/buletin.de\/bucuresti\/wp-content\/uploads\/Parcul-ecologic-Dobroesti_6-900x506.jpeg 900w, https:\/\/buletin.de\/bucuresti\/wp-content\/uploads\/Parcul-ecologic-Dobroesti_6-300x169.jpeg 300w, https:\/\/buletin.de\/bucuresti\/wp-content\/uploads\/Parcul-ecologic-Dobroesti_6-768x432.jpeg 768w, https:\/\/buletin.de\/bucuresti\/wp-content\/uploads\/Parcul-ecologic-Dobroesti_6-1536x864.jpeg 1536w, https:\/\/buletin.de\/bucuresti\/wp-content\/uploads\/Parcul-ecologic-Dobroesti_6-1600x900.jpeg 1600w, https:\/\/buletin.de\/bucuresti\/wp-content\/uploads\/Parcul-ecologic-Dobroesti_6-1100x619.jpeg 1100w, https:\/\/buletin.de\/bucuresti\/wp-content\/uploads\/Parcul-ecologic-Dobroesti_6-600x338.jpeg 600w, https:\/\/buletin.de\/bucuresti\/wp-content\/uploads\/Parcul-ecologic-Dobroesti_6-20x11.jpeg 20w, https:\/\/buletin.de\/bucuresti\/wp-content\/uploads\/Parcul-ecologic-Dobroesti_6.jpeg 2000w\" sizes=\"(max-width: 900px) 100vw, 900px\" \/><\/figure>\n\n\n\n<figure class=\"wp-block-image size-large\"><img loading=\"lazy\" decoding=\"async\" width=\"900\" height=\"506\" data-id=\"93856\" src=\"data:image\/gif;base64,R0lGODlhAQABAAAAACH5BAEKAAEALAAAAAABAAEAAAICTAEAOw==\" data-src=\"https:\/\/buletin.de\/bucuresti\/wp-content\/uploads\/Parcul-ecologic-Dobroesti_8-900x506.jpeg\" alt=\"\" class=\"wp-image-93856 lazyload\" data-sizes=\"auto\" data-srcset=\"https:\/\/buletin.de\/bucuresti\/wp-content\/uploads\/Parcul-ecologic-Dobroesti_8-900x506.jpeg 900w, https:\/\/buletin.de\/bucuresti\/wp-content\/uploads\/Parcul-ecologic-Dobroesti_8-300x169.jpeg 300w, https:\/\/buletin.de\/bucuresti\/wp-content\/uploads\/Parcul-ecologic-Dobroesti_8-768x432.jpeg 768w, https:\/\/buletin.de\/bucuresti\/wp-content\/uploads\/Parcul-ecologic-Dobroesti_8-1536x864.jpeg 1536w, https:\/\/buletin.de\/bucuresti\/wp-content\/uploads\/Parcul-ecologic-Dobroesti_8-1600x900.jpeg 1600w, https:\/\/buletin.de\/bucuresti\/wp-content\/uploads\/Parcul-ecologic-Dobroesti_8-1100x619.jpeg 1100w, https:\/\/buletin.de\/bucuresti\/wp-content\/uploads\/Parcul-ecologic-Dobroesti_8-600x338.jpeg 600w, https:\/\/buletin.de\/bucuresti\/wp-content\/uploads\/Parcul-ecologic-Dobroesti_8-20x11.jpeg 20w, https:\/\/buletin.de\/bucuresti\/wp-content\/uploads\/Parcul-ecologic-Dobroesti_8.jpeg 2000w\" sizes=\"(max-width: 900px) 100vw, 900px\" \/><\/figure>\n<figcaption class=\"blocks-gallery-caption wp-element-caption\">Parcul Dobroe\u015fti. FOTO: oar.archi<\/figcaption><\/figure>\n\n\n\n<blockquote class=\"wp-block-quote is-layout-flow wp-block-quote-is-layout-flow\">\n<p class=\"has-medium-font-size\"><strong>Miza concursului este aceea de a redefini rolul acestor maluri lacustre, privite at\u00e2t ca resurs\u0103 natural\u0103 care prezint\u0103 un mare poten\u021bial ecologic, sanitar, estetic-peisagistic, economic \u0219i social pentru sector\/ora\u0219, c\u00e2t \u0219i ca interfa\u021b\u0103 activ\u0103 \u00eentre \u021besutul urban constituit sau \u00een curs de dezvoltare \u0219i apa lacurilor Colentinei, ca element de atrac\u021bie pentru locuitori.<\/strong><\/p>\n<cite>extras din anun\u0163ul de concurs al ordinului arhitec\u0163ilor din rom\u00e2nia<\/cite><\/blockquote>\n\n\n\n<h2 class=\"wp-block-heading\" id=\"h-coridorul-verde-colentina-impar\u021bit-in-trei-loturi\">Coridorul Verde Colentina \u00eemp\u0103r\u021bit \u00een trei loturi<\/h2>\n\n\n\n<p>Pentru c\u0103 vorbim de o suprafa\u0163\u0103 foarte mare, Prim\u0103ria \u015fi <a href=\"https:\/\/oar.archi\/concursuri\/oar\/lacurile-colentinei\/?fbclid=IwY2xjawEgCo9leHRuA2FlbQIxMAABHaLe0LSAam-6-3dC_7Dxcz59ozsh3Co93QO098LJ6iboS03QoqlhUiu2tw_aem_NGolrEhYqR5x4CcQahjL8A\">OAR<\/a> au hot\u0103r\u00e2t s\u0103 \u00eempart\u0103 concursul pe trei loturi, dup\u0103 cum urmeaz\u0103:<\/p>\n\n\n\n<ul class=\"wp-block-list\">\n<li><strong>Lot 1:<\/strong>&nbsp; Lacurile Tei (1,2) \u0219i Plumbuita (1), \u00eentre Calea Floreasca \u0219i \u0218oseaua Petricani, cu o arie de implementare de&nbsp;<strong>28,59 ha&nbsp;<\/strong>(285.963,2 mp);<\/li>\n\n\n\n<li><strong>Lot 2:<\/strong>&nbsp;Lacul Plumbuita (2), \u00eentre \u0218oseaua Petricani \u0219i \u0218oseaua Colentina, inclusiv o parte din Valea Saulei, p\u00e2n\u0103 la limita administrativ\u0103 a Bucure\u0219tiului, cu o arie de implementare de&nbsp;<strong>27,46 ha&nbsp;<\/strong>(274.639,1 mp);<\/li>\n\n\n\n<li><strong>Lot 3:<\/strong>&nbsp; R\u00e2ul \u0219i Lacul Colentina, Lacul Fundeni (1,2), Lacul Dobroe\u0219ti (1,2), o parte din Lacul Pantelimon (p\u00e2n\u0103 la \u0218oseaua Pantelimon), cu o arie de implementare de&nbsp;<strong>48,84 ha&nbsp;<\/strong>(488.444 mp).<\/li>\n<\/ul>\n\n\n\n<p><strong>CITE\u015eTE \u015eI:<\/strong> <a href=\"https:\/\/buletin.de\/bucuresti\/sector-2-concurs-international-de-solutii-pentru-amenajarea-lacurilor-de-pe-raul-colentina\/\"><strong>Sector 2 |&nbsp;Concurs interna\u021bional de solu\u021bii pentru amenajarea lacurilor de pe r\u00e2ul Colentina<\/strong><\/a><\/p>\n\n\n\n<figure class=\"wp-block-gallery has-nested-images columns-default is-cropped wp-block-gallery-2 is-layout-flex wp-block-gallery-is-layout-flex\">\n<figure class=\"wp-block-image size-large\"><img loading=\"lazy\" decoding=\"async\" width=\"900\" height=\"506\" data-id=\"93861\" src=\"data:image\/gif;base64,R0lGODlhAQABAAAAACH5BAEKAAEALAAAAAABAAEAAAICTAEAOw==\" data-src=\"https:\/\/buletin.de\/bucuresti\/wp-content\/uploads\/catre-Lacul-RomSilva_3-900x506.jpeg\" alt=\"Coridorul Verde Colentina prinde contur, cel pu\u0163in pe h\u00e2rtie\" class=\"wp-image-93861 lazyload\" data-sizes=\"auto\" data-srcset=\"https:\/\/buletin.de\/bucuresti\/wp-content\/uploads\/catre-Lacul-RomSilva_3-900x506.jpeg 900w, https:\/\/buletin.de\/bucuresti\/wp-content\/uploads\/catre-Lacul-RomSilva_3-300x169.jpeg 300w, https:\/\/buletin.de\/bucuresti\/wp-content\/uploads\/catre-Lacul-RomSilva_3-768x432.jpeg 768w, https:\/\/buletin.de\/bucuresti\/wp-content\/uploads\/catre-Lacul-RomSilva_3-1536x864.jpeg 1536w, https:\/\/buletin.de\/bucuresti\/wp-content\/uploads\/catre-Lacul-RomSilva_3-1600x900.jpeg 1600w, https:\/\/buletin.de\/bucuresti\/wp-content\/uploads\/catre-Lacul-RomSilva_3-1100x619.jpeg 1100w, https:\/\/buletin.de\/bucuresti\/wp-content\/uploads\/catre-Lacul-RomSilva_3-600x338.jpeg 600w, https:\/\/buletin.de\/bucuresti\/wp-content\/uploads\/catre-Lacul-RomSilva_3-20x11.jpeg 20w, https:\/\/buletin.de\/bucuresti\/wp-content\/uploads\/catre-Lacul-RomSilva_3.jpeg 2000w\" sizes=\"(max-width: 900px) 100vw, 900px\" \/><\/figure>\n\n\n\n<figure class=\"wp-block-image size-large\"><img loading=\"lazy\" decoding=\"async\" width=\"900\" height=\"506\" data-id=\"93865\" src=\"data:image\/gif;base64,R0lGODlhAQABAAAAACH5BAEKAAEALAAAAAABAAEAAAICTAEAOw==\" data-src=\"https:\/\/buletin.de\/bucuresti\/wp-content\/uploads\/catre-Lacul-RomSilva_4-900x506.jpeg\" alt=\"Coridorul Verde Colentina prinde contur, cel pu\u0163in pe h\u00e2rtie\" class=\"wp-image-93865 lazyload\" data-sizes=\"auto\" data-srcset=\"https:\/\/buletin.de\/bucuresti\/wp-content\/uploads\/catre-Lacul-RomSilva_4-900x506.jpeg 900w, https:\/\/buletin.de\/bucuresti\/wp-content\/uploads\/catre-Lacul-RomSilva_4-300x169.jpeg 300w, https:\/\/buletin.de\/bucuresti\/wp-content\/uploads\/catre-Lacul-RomSilva_4-768x432.jpeg 768w, https:\/\/buletin.de\/bucuresti\/wp-content\/uploads\/catre-Lacul-RomSilva_4-1536x864.jpeg 1536w, https:\/\/buletin.de\/bucuresti\/wp-content\/uploads\/catre-Lacul-RomSilva_4-1600x900.jpeg 1600w, https:\/\/buletin.de\/bucuresti\/wp-content\/uploads\/catre-Lacul-RomSilva_4-1100x619.jpeg 1100w, https:\/\/buletin.de\/bucuresti\/wp-content\/uploads\/catre-Lacul-RomSilva_4-600x338.jpeg 600w, https:\/\/buletin.de\/bucuresti\/wp-content\/uploads\/catre-Lacul-RomSilva_4-20x11.jpeg 20w, https:\/\/buletin.de\/bucuresti\/wp-content\/uploads\/catre-Lacul-RomSilva_4.jpeg 2000w\" sizes=\"(max-width: 900px) 100vw, 900px\" \/><\/figure>\n\n\n\n<figure class=\"wp-block-image size-large\"><img loading=\"lazy\" decoding=\"async\" width=\"900\" height=\"506\" data-id=\"93863\" src=\"data:image\/gif;base64,R0lGODlhAQABAAAAACH5BAEKAAEALAAAAAABAAEAAAICTAEAOw==\" data-src=\"https:\/\/buletin.de\/bucuresti\/wp-content\/uploads\/catre-Lacul-RomSilva_5-900x506.jpeg\" alt=\"Coridorul Verde Colentina prinde contur, cel pu\u0163in pe h\u00e2rtie\" class=\"wp-image-93863 lazyload\" data-sizes=\"auto\" data-srcset=\"https:\/\/buletin.de\/bucuresti\/wp-content\/uploads\/catre-Lacul-RomSilva_5-900x506.jpeg 900w, https:\/\/buletin.de\/bucuresti\/wp-content\/uploads\/catre-Lacul-RomSilva_5-300x169.jpeg 300w, https:\/\/buletin.de\/bucuresti\/wp-content\/uploads\/catre-Lacul-RomSilva_5-768x432.jpeg 768w, https:\/\/buletin.de\/bucuresti\/wp-content\/uploads\/catre-Lacul-RomSilva_5-1536x864.jpeg 1536w, https:\/\/buletin.de\/bucuresti\/wp-content\/uploads\/catre-Lacul-RomSilva_5-1600x900.jpeg 1600w, https:\/\/buletin.de\/bucuresti\/wp-content\/uploads\/catre-Lacul-RomSilva_5-1100x619.jpeg 1100w, https:\/\/buletin.de\/bucuresti\/wp-content\/uploads\/catre-Lacul-RomSilva_5-600x338.jpeg 600w, https:\/\/buletin.de\/bucuresti\/wp-content\/uploads\/catre-Lacul-RomSilva_5-20x11.jpeg 20w, https:\/\/buletin.de\/bucuresti\/wp-content\/uploads\/catre-Lacul-RomSilva_5.jpeg 2000w\" sizes=\"(max-width: 900px) 100vw, 900px\" \/><\/figure>\n\n\n\n<figure class=\"wp-block-image size-large\"><img loading=\"lazy\" decoding=\"async\" width=\"900\" height=\"506\" data-id=\"93862\" src=\"data:image\/gif;base64,R0lGODlhAQABAAAAACH5BAEKAAEALAAAAAABAAEAAAICTAEAOw==\" data-src=\"https:\/\/buletin.de\/bucuresti\/wp-content\/uploads\/catre-Lacul-RomSilva_6-900x506.jpeg\" alt=\"Coridorul Verde Colentina prinde contur, cel pu\u0163in pe h\u00e2rtie\" class=\"wp-image-93862 lazyload\" data-sizes=\"auto\" data-srcset=\"https:\/\/buletin.de\/bucuresti\/wp-content\/uploads\/catre-Lacul-RomSilva_6-900x506.jpeg 900w, https:\/\/buletin.de\/bucuresti\/wp-content\/uploads\/catre-Lacul-RomSilva_6-300x169.jpeg 300w, https:\/\/buletin.de\/bucuresti\/wp-content\/uploads\/catre-Lacul-RomSilva_6-768x432.jpeg 768w, https:\/\/buletin.de\/bucuresti\/wp-content\/uploads\/catre-Lacul-RomSilva_6-1536x864.jpeg 1536w, https:\/\/buletin.de\/bucuresti\/wp-content\/uploads\/catre-Lacul-RomSilva_6-1600x900.jpeg 1600w, https:\/\/buletin.de\/bucuresti\/wp-content\/uploads\/catre-Lacul-RomSilva_6-1100x619.jpeg 1100w, https:\/\/buletin.de\/bucuresti\/wp-content\/uploads\/catre-Lacul-RomSilva_6-600x338.jpeg 600w, https:\/\/buletin.de\/bucuresti\/wp-content\/uploads\/catre-Lacul-RomSilva_6-20x11.jpeg 20w, https:\/\/buletin.de\/bucuresti\/wp-content\/uploads\/catre-Lacul-RomSilva_6.jpeg 2000w\" sizes=\"(max-width: 900px) 100vw, 900px\" \/><\/figure>\n\n\n\n<figure class=\"wp-block-image size-large\"><img loading=\"lazy\" decoding=\"async\" width=\"900\" height=\"506\" data-id=\"93864\" src=\"data:image\/gif;base64,R0lGODlhAQABAAAAACH5BAEKAAEALAAAAAABAAEAAAICTAEAOw==\" data-src=\"https:\/\/buletin.de\/bucuresti\/wp-content\/uploads\/dinspre-Strada-Strandul-Tei_Spre-Lacul-Tei_4-900x506.jpeg\" alt=\"Coridorul Verde Colentina prinde contur, cel pu\u0163in pe h\u00e2rtie\" class=\"wp-image-93864 lazyload\" data-sizes=\"auto\" data-srcset=\"https:\/\/buletin.de\/bucuresti\/wp-content\/uploads\/dinspre-Strada-Strandul-Tei_Spre-Lacul-Tei_4-900x506.jpeg 900w, https:\/\/buletin.de\/bucuresti\/wp-content\/uploads\/dinspre-Strada-Strandul-Tei_Spre-Lacul-Tei_4-300x169.jpeg 300w, https:\/\/buletin.de\/bucuresti\/wp-content\/uploads\/dinspre-Strada-Strandul-Tei_Spre-Lacul-Tei_4-768x432.jpeg 768w, https:\/\/buletin.de\/bucuresti\/wp-content\/uploads\/dinspre-Strada-Strandul-Tei_Spre-Lacul-Tei_4-1536x864.jpeg 1536w, https:\/\/buletin.de\/bucuresti\/wp-content\/uploads\/dinspre-Strada-Strandul-Tei_Spre-Lacul-Tei_4-1600x900.jpeg 1600w, https:\/\/buletin.de\/bucuresti\/wp-content\/uploads\/dinspre-Strada-Strandul-Tei_Spre-Lacul-Tei_4-1100x619.jpeg 1100w, https:\/\/buletin.de\/bucuresti\/wp-content\/uploads\/dinspre-Strada-Strandul-Tei_Spre-Lacul-Tei_4-600x338.jpeg 600w, https:\/\/buletin.de\/bucuresti\/wp-content\/uploads\/dinspre-Strada-Strandul-Tei_Spre-Lacul-Tei_4-20x11.jpeg 20w, https:\/\/buletin.de\/bucuresti\/wp-content\/uploads\/dinspre-Strada-Strandul-Tei_Spre-Lacul-Tei_4.jpeg 2000w\" sizes=\"(max-width: 900px) 100vw, 900px\" \/><\/figure>\n\n\n\n<figure class=\"wp-block-image size-large\"><img loading=\"lazy\" decoding=\"async\" width=\"900\" height=\"675\" data-id=\"93866\" src=\"data:image\/gif;base64,R0lGODlhAQABAAAAACH5BAEKAAEALAAAAAABAAEAAAICTAEAOw==\" data-src=\"https:\/\/buletin.de\/bucuresti\/wp-content\/uploads\/langa-bariera-de-apa_1-900x675.jpg\" alt=\"Coridorul Verde Colentina prinde contur, cel pu\u0163in pe h\u00e2rtie\" class=\"wp-image-93866 lazyload\" data-sizes=\"auto\" data-srcset=\"https:\/\/buletin.de\/bucuresti\/wp-content\/uploads\/langa-bariera-de-apa_1-900x675.jpg 900w, https:\/\/buletin.de\/bucuresti\/wp-content\/uploads\/langa-bariera-de-apa_1-300x225.jpg 300w, https:\/\/buletin.de\/bucuresti\/wp-content\/uploads\/langa-bariera-de-apa_1-768x576.jpg 768w, https:\/\/buletin.de\/bucuresti\/wp-content\/uploads\/langa-bariera-de-apa_1-1536x1152.jpg 1536w, https:\/\/buletin.de\/bucuresti\/wp-content\/uploads\/langa-bariera-de-apa_1-1600x1200.jpg 1600w, https:\/\/buletin.de\/bucuresti\/wp-content\/uploads\/langa-bariera-de-apa_1-1100x825.jpg 1100w, https:\/\/buletin.de\/bucuresti\/wp-content\/uploads\/langa-bariera-de-apa_1-600x450.jpg 600w, https:\/\/buletin.de\/bucuresti\/wp-content\/uploads\/langa-bariera-de-apa_1-20x15.jpg 20w, https:\/\/buletin.de\/bucuresti\/wp-content\/uploads\/langa-bariera-de-apa_1.jpg 2000w\" sizes=\"(max-width: 900px) 100vw, 900px\" \/><\/figure>\n<figcaption class=\"blocks-gallery-caption wp-element-caption\">parcul Tei. FOTO: oar.archi<\/figcaption><\/figure>\n\n\n\n<p>De altfel, cei din Ordinul Arhitec\u0163ilor din Rom\u00e2nia au spus \u015fi care ar fi valoarea premiilor pentru competitorii care vin cu proiectele agreat de juriu:<\/p>\n\n\n\n<figure class=\"wp-block-image size-large\"><img loading=\"lazy\" decoding=\"async\" width=\"900\" height=\"704\" src=\"data:image\/gif;base64,R0lGODlhAQABAAAAACH5BAEKAAEALAAAAAABAAEAAAICTAEAOw==\" data-src=\"https:\/\/buletin.de\/bucuresti\/wp-content\/uploads\/Lacurile-Colentinei-premii-OAR-900x704.png\" alt=\"\" class=\"wp-image-93855 lazyload\" data-sizes=\"auto\" data-srcset=\"https:\/\/buletin.de\/bucuresti\/wp-content\/uploads\/Lacurile-Colentinei-premii-OAR-900x704.png 900w, https:\/\/buletin.de\/bucuresti\/wp-content\/uploads\/Lacurile-Colentinei-premii-OAR-300x235.png 300w, https:\/\/buletin.de\/bucuresti\/wp-content\/uploads\/Lacurile-Colentinei-premii-OAR-768x601.png 768w, https:\/\/buletin.de\/bucuresti\/wp-content\/uploads\/Lacurile-Colentinei-premii-OAR-1536x1202.png 1536w, https:\/\/buletin.de\/bucuresti\/wp-content\/uploads\/Lacurile-Colentinei-premii-OAR-1600x1252.png 1600w, https:\/\/buletin.de\/bucuresti\/wp-content\/uploads\/Lacurile-Colentinei-premii-OAR-1100x861.png 1100w, https:\/\/buletin.de\/bucuresti\/wp-content\/uploads\/Lacurile-Colentinei-premii-OAR-600x469.png 600w, https:\/\/buletin.de\/bucuresti\/wp-content\/uploads\/Lacurile-Colentinei-premii-OAR-20x16.png 20w, https:\/\/buletin.de\/bucuresti\/wp-content\/uploads\/Lacurile-Colentinei-premii-OAR.png 1654w\" sizes=\"(max-width: 900px) 100vw, 900px\" \/><\/figure>\n\n\n\n<p>Primarul Sectorului 2 a explicat c\u0103 planul este <strong>amenajarea unui circuit de promenad\u0103 verde de peste 38 de km<\/strong> cu: <\/p>\n\n\n\n<ul class=\"wp-block-list\">\n<li>trasee de biciclete, de promenad\u0103 \u0219i pentru activit\u0103\u021bi sportive.<\/li>\n<\/ul>\n\n\n\n<ul class=\"wp-block-list\">\n<li>zone alveolare destinate spa\u021biilor de agrement \u0219i relaxare, cu dot\u0103ri \u0219i echipamente de joac\u0103 pentru copii. Cu zone de tip amfiteatru pentru socializare \u0219i evenimente \u00een aer liber.<\/li>\n<\/ul>\n\n\n\n<ul class=\"wp-block-list\">\n<li>pontoane pentru trasee navigabile. Evident, cu amenaj\u0103ri peisagistice, dar \u0219i cu zone protejate acolo unde avem un habitat natural deja dezvoltat.<\/li>\n<\/ul>\n\n\n\n<p>Multe dintre aceste zone care ar urma s\u0103 se transforme c\u00e2ndva \u00eentr-un paradis verde sunt acum bombe ecologice.<\/p>\n\n\n\n<figure class=\"wp-block-gallery has-nested-images columns-default is-cropped wp-block-gallery-3 is-layout-flex wp-block-gallery-is-layout-flex\">\n<figure class=\"wp-block-image size-large\"><img loading=\"lazy\" decoding=\"async\" width=\"900\" height=\"506\" data-id=\"93867\" src=\"data:image\/gif;base64,R0lGODlhAQABAAAAACH5BAEKAAEALAAAAAABAAEAAAICTAEAOw==\" data-src=\"https:\/\/buletin.de\/bucuresti\/wp-content\/uploads\/dinspre-Str.-Sighet-catre-lac_3-900x506.jpeg\" alt=\"\" class=\"wp-image-93867 lazyload\" data-sizes=\"auto\" data-srcset=\"https:\/\/buletin.de\/bucuresti\/wp-content\/uploads\/dinspre-Str.-Sighet-catre-lac_3-900x506.jpeg 900w, https:\/\/buletin.de\/bucuresti\/wp-content\/uploads\/dinspre-Str.-Sighet-catre-lac_3-300x169.jpeg 300w, https:\/\/buletin.de\/bucuresti\/wp-content\/uploads\/dinspre-Str.-Sighet-catre-lac_3-768x432.jpeg 768w, https:\/\/buletin.de\/bucuresti\/wp-content\/uploads\/dinspre-Str.-Sighet-catre-lac_3-1536x864.jpeg 1536w, https:\/\/buletin.de\/bucuresti\/wp-content\/uploads\/dinspre-Str.-Sighet-catre-lac_3-1600x900.jpeg 1600w, https:\/\/buletin.de\/bucuresti\/wp-content\/uploads\/dinspre-Str.-Sighet-catre-lac_3-1100x619.jpeg 1100w, https:\/\/buletin.de\/bucuresti\/wp-content\/uploads\/dinspre-Str.-Sighet-catre-lac_3-600x338.jpeg 600w, https:\/\/buletin.de\/bucuresti\/wp-content\/uploads\/dinspre-Str.-Sighet-catre-lac_3-20x11.jpeg 20w, https:\/\/buletin.de\/bucuresti\/wp-content\/uploads\/dinspre-Str.-Sighet-catre-lac_3.jpeg 2000w\" sizes=\"(max-width: 900px) 100vw, 900px\" \/><\/figure>\n<\/figure>\n\n\n\n<figure class=\"wp-block-image size-large\"><img loading=\"lazy\" decoding=\"async\" width=\"900\" height=\"506\" src=\"data:image\/gif;base64,R0lGODlhAQABAAAAACH5BAEKAAEALAAAAAABAAEAAAICTAEAOw==\" data-src=\"https:\/\/buletin.de\/bucuresti\/wp-content\/uploads\/Str.-Ion-Vlad_Vest_7-900x506.jpeg\" alt=\"\" class=\"wp-image-93868 lazyload\" data-sizes=\"auto\" data-srcset=\"https:\/\/buletin.de\/bucuresti\/wp-content\/uploads\/Str.-Ion-Vlad_Vest_7-900x506.jpeg 900w, https:\/\/buletin.de\/bucuresti\/wp-content\/uploads\/Str.-Ion-Vlad_Vest_7-300x169.jpeg 300w, https:\/\/buletin.de\/bucuresti\/wp-content\/uploads\/Str.-Ion-Vlad_Vest_7-768x432.jpeg 768w, https:\/\/buletin.de\/bucuresti\/wp-content\/uploads\/Str.-Ion-Vlad_Vest_7-1536x864.jpeg 1536w, https:\/\/buletin.de\/bucuresti\/wp-content\/uploads\/Str.-Ion-Vlad_Vest_7-1600x900.jpeg 1600w, https:\/\/buletin.de\/bucuresti\/wp-content\/uploads\/Str.-Ion-Vlad_Vest_7-1100x619.jpeg 1100w, https:\/\/buletin.de\/bucuresti\/wp-content\/uploads\/Str.-Ion-Vlad_Vest_7-600x338.jpeg 600w, https:\/\/buletin.de\/bucuresti\/wp-content\/uploads\/Str.-Ion-Vlad_Vest_7-20x11.jpeg 20w, https:\/\/buletin.de\/bucuresti\/wp-content\/uploads\/Str.-Ion-Vlad_Vest_7.jpeg 2000w\" sizes=\"(max-width: 900px) 100vw, 900px\" \/><\/figure>\n\n\n\n<p><strong>CITE\u015eTE \u015eI:<\/strong> <a href=\"https:\/\/buletin.de\/bucuresti\/traseu-tematic-deschis-in-pajistea-petricani-urmatoarea-arie-naturala-protejata-din-capitala\/\"><strong>Traseu tematic deschis \u00een Paji\u0219tea Petricani, \u201eurm\u0103toarea arie natural\u0103 protejat\u0103\u201d din Capital\u0103<\/strong><\/a><\/p>\n","protected":false},"excerpt":{"rendered":"<p>Coridorul Verde Colentina prinde contur, cel pu\u0163in pe h\u00e2rtie, momentan. \u015eaptesprezece birouri de proiectare din mai multe \u0163\u0103ri, inclusiv de la noi, au intrat \u00eentr-un concurs de solu\u0163ii pentru a amenaja salba de lacuri din sectorul 2 al Capitalei, \u00een ceea ce este cel mai mare astfel de demers din \u0163ara noastr\u0103. Pentru lucrarea care [&hellip;]<\/p>\n","protected":false},"author":8,"featured_media":93869,"comment_status":"closed","ping_status":"open","sticky":false,"template":"","format":"standard","meta":{"_acf_changed":false,"inline_featured_image":false,"ngg_post_thumbnail":0,"footnotes":""},"categories":[6994,5762,109,24],"tags":[14056,12317,14055,1919,14054],"ppma_author":[22586],"class_list":["post-93851","post","type-post","status-publish","format-standard","has-post-thumbnail","hentry","category-stiri-2","category-main","category-mediu","category-primarie","tag-concurs-proiecte-amenajare-lacuri-bucuresti","tag-coridorul-verde-colentina","tag-ordinul-arhitectilor-din-romania","tag-radu-mihaiu","tag-salba-de-lacuri-colentina"],"acf":[],"yoast_head":"<!-- This site is optimized with the Yoast SEO Premium plugin v25.3 (Yoast SEO v27.5) - https:\/\/yoast.com\/product\/yoast-seo-premium-wordpress\/ -->\n<title>Coridorul Verde Colentina. 17 birouri de proiectare de pe Glob, concurs pentru amenajarea \u201esalbei de lacuri\u201d - Buletin de Bucure\u0219ti<\/title>\n<meta name=\"description\" content=\"Coridorul Verde Colentina prinde contur, cel pu\u0163in pe h\u00e2rtie, momentan. \u015eaptesprezece birouri de proiectare, concurs de solu\u0163ii.\" \/>\n<meta name=\"robots\" content=\"index, follow, max-snippet:-1, max-image-preview:large, max-video-preview:-1\" \/>\n<link rel=\"canonical\" href=\"https:\/\/buletin.de\/bucuresti\/coridorul-verde-colentina-17-birouri-de-proiectare-de-pe-glob-concurs-pentru-amenajarea-salbei-de-lacuri\/\" \/>\n<meta property=\"og:locale\" content=\"en_GB\" \/>\n<meta property=\"og:type\" content=\"article\" \/>\n<meta property=\"og:title\" content=\"Coridorul Verde Colentina. 17 birouri de proiectare de pe Glob, concurs pentru amenajarea \u201esalbei de lacuri\u201d\" \/>\n<meta property=\"og:description\" content=\"Coridorul Verde Colentina prinde contur, cel pu\u0163in pe h\u00e2rtie, momentan. \u015eaptesprezece birouri de proiectare, concurs de solu\u0163ii.\" \/>\n<meta property=\"og:url\" content=\"https:\/\/buletin.de\/bucuresti\/coridorul-verde-colentina-17-birouri-de-proiectare-de-pe-glob-concurs-pentru-amenajarea-salbei-de-lacuri\/\" \/>\n<meta property=\"og:site_name\" content=\"Buletin de Bucure\u0219ti\" \/>\n<meta property=\"article:publisher\" content=\"https:\/\/www.facebook.com\/buletin.de.buc\" \/>\n<meta property=\"article:published_time\" content=\"2024-08-08T04:14:33+00:00\" \/>\n<meta property=\"article:modified_time\" content=\"2024-09-06T11:27:22+00:00\" \/>\n<meta property=\"og:image\" content=\"https:\/\/buletin.de\/bucuresti\/wp-content\/uploads\/catre-Lacul-RomSilva_2.jpeg\" \/>\n\t<meta property=\"og:image:width\" content=\"2000\" \/>\n\t<meta property=\"og:image:height\" content=\"1125\" \/>\n\t<meta property=\"og:image:type\" content=\"image\/jpeg\" \/>\n<meta name=\"author\" content=\"Ionu\u021b Lepa\" \/>\n<meta name=\"twitter:card\" content=\"summary_large_image\" \/>\n<meta name=\"twitter:label1\" content=\"Written by\" \/>\n\t<meta name=\"twitter:data1\" content=\"Ionu\u021b Lepa\" \/>\n\t<meta name=\"twitter:label2\" content=\"Estimated reading time\" \/>\n\t<meta name=\"twitter:data2\" content=\"5 minutes\" \/>\n<script type=\"application\/ld+json\" class=\"yoast-schema-graph\">{\"@context\":\"https:\\\/\\\/schema.org\",\"@graph\":[{\"@type\":\"Article\",\"@id\":\"https:\\\/\\\/buletin.de\\\/bucuresti\\\/coridorul-verde-colentina-17-birouri-de-proiectare-de-pe-glob-concurs-pentru-amenajarea-salbei-de-lacuri\\\/#article\",\"isPartOf\":{\"@id\":\"https:\\\/\\\/buletin.de\\\/bucuresti\\\/coridorul-verde-colentina-17-birouri-de-proiectare-de-pe-glob-concurs-pentru-amenajarea-salbei-de-lacuri\\\/\"},\"author\":{\"name\":\"Ionu\u021b Lepa\",\"@id\":\"https:\\\/\\\/buletin.de\\\/bucuresti\\\/#\\\/schema\\\/person\\\/5272b8a057b33890940b57b837fc4ce6\"},\"headline\":\"Coridorul Verde Colentina. 17 birouri de proiectare de pe Glob, concurs pentru amenajarea \u201esalbei de lacuri\u201d\",\"datePublished\":\"2024-08-08T04:14:33+00:00\",\"dateModified\":\"2024-09-06T11:27:22+00:00\",\"mainEntityOfPage\":{\"@id\":\"https:\\\/\\\/buletin.de\\\/bucuresti\\\/coridorul-verde-colentina-17-birouri-de-proiectare-de-pe-glob-concurs-pentru-amenajarea-salbei-de-lacuri\\\/\"},\"wordCount\":509,\"publisher\":{\"@id\":\"https:\\\/\\\/buletin.de\\\/bucuresti\\\/#organization\"},\"image\":{\"@id\":\"https:\\\/\\\/buletin.de\\\/bucuresti\\\/coridorul-verde-colentina-17-birouri-de-proiectare-de-pe-glob-concurs-pentru-amenajarea-salbei-de-lacuri\\\/#primaryimage\"},\"thumbnailUrl\":\"https:\\\/\\\/buletin.de\\\/bucuresti\\\/wp-content\\\/uploads\\\/catre-Lacul-RomSilva_2.jpeg\",\"keywords\":[\"concurs proiecte amenajare lacuri bucuresti\",\"Coridorul Verde Colentina\",\"ordinul arhitectilor din romania\",\"Radu Mihaiu\",\"salba de lacuri colentina\"],\"articleSection\":[\"Articole\",\"Main\",\"Mediu\",\"Prim\u0103rie\"],\"inLanguage\":\"en-GB\",\"copyrightYear\":\"2024\",\"copyrightHolder\":{\"@id\":\"https:\\\/\\\/buletin.de\\\/bucuresti\\\/#organization\"}},{\"@type\":\"WebPage\",\"@id\":\"https:\\\/\\\/buletin.de\\\/bucuresti\\\/coridorul-verde-colentina-17-birouri-de-proiectare-de-pe-glob-concurs-pentru-amenajarea-salbei-de-lacuri\\\/\",\"url\":\"https:\\\/\\\/buletin.de\\\/bucuresti\\\/coridorul-verde-colentina-17-birouri-de-proiectare-de-pe-glob-concurs-pentru-amenajarea-salbei-de-lacuri\\\/\",\"name\":\"Coridorul Verde Colentina. 17 birouri de proiectare de pe Glob, concurs pentru amenajarea \u201esalbei de lacuri\u201d - Buletin de Bucure\u0219ti\",\"isPartOf\":{\"@id\":\"https:\\\/\\\/buletin.de\\\/bucuresti\\\/#website\"},\"primaryImageOfPage\":{\"@id\":\"https:\\\/\\\/buletin.de\\\/bucuresti\\\/coridorul-verde-colentina-17-birouri-de-proiectare-de-pe-glob-concurs-pentru-amenajarea-salbei-de-lacuri\\\/#primaryimage\"},\"image\":{\"@id\":\"https:\\\/\\\/buletin.de\\\/bucuresti\\\/coridorul-verde-colentina-17-birouri-de-proiectare-de-pe-glob-concurs-pentru-amenajarea-salbei-de-lacuri\\\/#primaryimage\"},\"thumbnailUrl\":\"https:\\\/\\\/buletin.de\\\/bucuresti\\\/wp-content\\\/uploads\\\/catre-Lacul-RomSilva_2.jpeg\",\"datePublished\":\"2024-08-08T04:14:33+00:00\",\"dateModified\":\"2024-09-06T11:27:22+00:00\",\"description\":\"Coridorul Verde Colentina prinde contur, cel pu\u0163in pe h\u00e2rtie, momentan. \u015eaptesprezece birouri de proiectare, concurs de solu\u0163ii.\",\"breadcrumb\":{\"@id\":\"https:\\\/\\\/buletin.de\\\/bucuresti\\\/coridorul-verde-colentina-17-birouri-de-proiectare-de-pe-glob-concurs-pentru-amenajarea-salbei-de-lacuri\\\/#breadcrumb\"},\"inLanguage\":\"en-GB\",\"potentialAction\":[{\"@type\":\"ReadAction\",\"target\":[\"https:\\\/\\\/buletin.de\\\/bucuresti\\\/coridorul-verde-colentina-17-birouri-de-proiectare-de-pe-glob-concurs-pentru-amenajarea-salbei-de-lacuri\\\/\"]}]},{\"@type\":\"ImageObject\",\"inLanguage\":\"en-GB\",\"@id\":\"https:\\\/\\\/buletin.de\\\/bucuresti\\\/coridorul-verde-colentina-17-birouri-de-proiectare-de-pe-glob-concurs-pentru-amenajarea-salbei-de-lacuri\\\/#primaryimage\",\"url\":\"https:\\\/\\\/buletin.de\\\/bucuresti\\\/wp-content\\\/uploads\\\/catre-Lacul-RomSilva_2.jpeg\",\"contentUrl\":\"https:\\\/\\\/buletin.de\\\/bucuresti\\\/wp-content\\\/uploads\\\/catre-Lacul-RomSilva_2.jpeg\",\"width\":2000,\"height\":1125,\"caption\":\"Coridorul Verde Colentina. FOTO: Lacul Tei, via oar.archi\"},{\"@type\":\"BreadcrumbList\",\"@id\":\"https:\\\/\\\/buletin.de\\\/bucuresti\\\/coridorul-verde-colentina-17-birouri-de-proiectare-de-pe-glob-concurs-pentru-amenajarea-salbei-de-lacuri\\\/#breadcrumb\",\"itemListElement\":[{\"@type\":\"ListItem\",\"position\":1,\"name\":\"Acas\u0103\",\"item\":\"https:\\\/\\\/buletin.de\\\/bucuresti\\\/\"},{\"@type\":\"ListItem\",\"position\":2,\"name\":\"Coridorul Verde Colentina. 17 birouri de proiectare de pe Glob, concurs pentru amenajarea \u201esalbei de lacuri\u201d\"}]},{\"@type\":\"WebSite\",\"@id\":\"https:\\\/\\\/buletin.de\\\/bucuresti\\\/#website\",\"url\":\"https:\\\/\\\/buletin.de\\\/bucuresti\\\/\",\"name\":\"Buletin de Bucure\u0219ti\",\"description\":\"\u0218tiri \u0219i investiga\u021bii esen\u021biale din capital\u0103\",\"publisher\":{\"@id\":\"https:\\\/\\\/buletin.de\\\/bucuresti\\\/#organization\"},\"potentialAction\":[{\"@type\":\"SearchAction\",\"target\":{\"@type\":\"EntryPoint\",\"urlTemplate\":\"https:\\\/\\\/buletin.de\\\/bucuresti\\\/?s={search_term_string}\"},\"query-input\":{\"@type\":\"PropertyValueSpecification\",\"valueRequired\":true,\"valueName\":\"search_term_string\"}}],\"inLanguage\":\"en-GB\"},{\"@type\":\"Organization\",\"@id\":\"https:\\\/\\\/buletin.de\\\/bucuresti\\\/#organization\",\"name\":\"Buletin de Bucure\u0219ti\",\"url\":\"https:\\\/\\\/buletin.de\\\/bucuresti\\\/\",\"logo\":{\"@type\":\"ImageObject\",\"inLanguage\":\"en-GB\",\"@id\":\"https:\\\/\\\/buletin.de\\\/bucuresti\\\/#\\\/schema\\\/logo\\\/image\\\/\",\"url\":\"https:\\\/\\\/buletin.de\\\/bucuresti\\\/wp-content\\\/uploads\\\/logo-bdb-full-wide-vernil-transparent.png\",\"contentUrl\":\"https:\\\/\\\/buletin.de\\\/bucuresti\\\/wp-content\\\/uploads\\\/logo-bdb-full-wide-vernil-transparent.png\",\"width\":1782,\"height\":626,\"caption\":\"Buletin de Bucure\u0219ti\"},\"image\":{\"@id\":\"https:\\\/\\\/buletin.de\\\/bucuresti\\\/#\\\/schema\\\/logo\\\/image\\\/\"},\"sameAs\":[\"https:\\\/\\\/www.facebook.com\\\/buletin.de.buc\",\"https:\\\/\\\/www.instagram.com\\\/buletinde.bucuresti\\\/\"]},{\"@type\":\"Person\",\"@id\":\"https:\\\/\\\/buletin.de\\\/bucuresti\\\/#\\\/schema\\\/person\\\/5272b8a057b33890940b57b837fc4ce6\",\"name\":\"Ionu\u021b Lepa\",\"image\":{\"@type\":\"ImageObject\",\"inLanguage\":\"en-GB\",\"@id\":\"https:\\\/\\\/buletin.de\\\/bucuresti\\\/wp-content\\\/uploads\\\/Ionut-Lepa-96x96.jpg5c4e4d9e049808799a8821652d2410a4\",\"url\":\"https:\\\/\\\/buletin.de\\\/bucuresti\\\/wp-content\\\/uploads\\\/Ionut-Lepa-96x96.jpg\",\"contentUrl\":\"https:\\\/\\\/buletin.de\\\/bucuresti\\\/wp-content\\\/uploads\\\/Ionut-Lepa-96x96.jpg\",\"caption\":\"Ionu\u021b Lepa\"},\"url\":\"https:\\\/\\\/buletin.de\\\/bucuresti\\\/author\\\/ionutlepa\\\/\"}]}<\/script>\n<!-- \/ Yoast SEO Premium plugin. -->","yoast_head_json":{"title":"Coridorul Verde Colentina. 17 birouri de proiectare de pe Glob, concurs pentru amenajarea \u201esalbei de lacuri\u201d - Buletin de Bucure\u0219ti","description":"Coridorul Verde Colentina prinde contur, cel pu\u0163in pe h\u00e2rtie, momentan. \u015eaptesprezece birouri de proiectare, concurs de solu\u0163ii.","robots":{"index":"index","follow":"follow","max-snippet":"max-snippet:-1","max-image-preview":"max-image-preview:large","max-video-preview":"max-video-preview:-1"},"canonical":"https:\/\/buletin.de\/bucuresti\/coridorul-verde-colentina-17-birouri-de-proiectare-de-pe-glob-concurs-pentru-amenajarea-salbei-de-lacuri\/","og_locale":"en_GB","og_type":"article","og_title":"Coridorul Verde Colentina. 17 birouri de proiectare de pe Glob, concurs pentru amenajarea \u201esalbei de lacuri\u201d","og_description":"Coridorul Verde Colentina prinde contur, cel pu\u0163in pe h\u00e2rtie, momentan. \u015eaptesprezece birouri de proiectare, concurs de solu\u0163ii.","og_url":"https:\/\/buletin.de\/bucuresti\/coridorul-verde-colentina-17-birouri-de-proiectare-de-pe-glob-concurs-pentru-amenajarea-salbei-de-lacuri\/","og_site_name":"Buletin de Bucure\u0219ti","article_publisher":"https:\/\/www.facebook.com\/buletin.de.buc","article_published_time":"2024-08-08T04:14:33+00:00","article_modified_time":"2024-09-06T11:27:22+00:00","og_image":[{"width":2000,"height":1125,"url":"https:\/\/buletin.de\/bucuresti\/wp-content\/uploads\/catre-Lacul-RomSilva_2.jpeg","type":"image\/jpeg"}],"author":"Ionu\u021b Lepa","twitter_card":"summary_large_image","twitter_misc":{"Written by":"Ionu\u021b Lepa","Estimated reading time":"5 minutes"},"schema":{"@context":"https:\/\/schema.org","@graph":[{"@type":"Article","@id":"https:\/\/buletin.de\/bucuresti\/coridorul-verde-colentina-17-birouri-de-proiectare-de-pe-glob-concurs-pentru-amenajarea-salbei-de-lacuri\/#article","isPartOf":{"@id":"https:\/\/buletin.de\/bucuresti\/coridorul-verde-colentina-17-birouri-de-proiectare-de-pe-glob-concurs-pentru-amenajarea-salbei-de-lacuri\/"},"author":{"name":"Ionu\u021b Lepa","@id":"https:\/\/buletin.de\/bucuresti\/#\/schema\/person\/5272b8a057b33890940b57b837fc4ce6"},"headline":"Coridorul Verde Colentina. 17 birouri de proiectare de pe Glob, concurs pentru amenajarea \u201esalbei de lacuri\u201d","datePublished":"2024-08-08T04:14:33+00:00","dateModified":"2024-09-06T11:27:22+00:00","mainEntityOfPage":{"@id":"https:\/\/buletin.de\/bucuresti\/coridorul-verde-colentina-17-birouri-de-proiectare-de-pe-glob-concurs-pentru-amenajarea-salbei-de-lacuri\/"},"wordCount":509,"publisher":{"@id":"https:\/\/buletin.de\/bucuresti\/#organization"},"image":{"@id":"https:\/\/buletin.de\/bucuresti\/coridorul-verde-colentina-17-birouri-de-proiectare-de-pe-glob-concurs-pentru-amenajarea-salbei-de-lacuri\/#primaryimage"},"thumbnailUrl":"https:\/\/buletin.de\/bucuresti\/wp-content\/uploads\/catre-Lacul-RomSilva_2.jpeg","keywords":["concurs proiecte amenajare lacuri bucuresti","Coridorul Verde Colentina","ordinul arhitectilor din romania","Radu Mihaiu","salba de lacuri colentina"],"articleSection":["Articole","Main","Mediu","Prim\u0103rie"],"inLanguage":"en-GB","copyrightYear":"2024","copyrightHolder":{"@id":"https:\/\/buletin.de\/bucuresti\/#organization"}},{"@type":"WebPage","@id":"https:\/\/buletin.de\/bucuresti\/coridorul-verde-colentina-17-birouri-de-proiectare-de-pe-glob-concurs-pentru-amenajarea-salbei-de-lacuri\/","url":"https:\/\/buletin.de\/bucuresti\/coridorul-verde-colentina-17-birouri-de-proiectare-de-pe-glob-concurs-pentru-amenajarea-salbei-de-lacuri\/","name":"Coridorul Verde Colentina. 17 birouri de proiectare de pe Glob, concurs pentru amenajarea \u201esalbei de lacuri\u201d - Buletin de Bucure\u0219ti","isPartOf":{"@id":"https:\/\/buletin.de\/bucuresti\/#website"},"primaryImageOfPage":{"@id":"https:\/\/buletin.de\/bucuresti\/coridorul-verde-colentina-17-birouri-de-proiectare-de-pe-glob-concurs-pentru-amenajarea-salbei-de-lacuri\/#primaryimage"},"image":{"@id":"https:\/\/buletin.de\/bucuresti\/coridorul-verde-colentina-17-birouri-de-proiectare-de-pe-glob-concurs-pentru-amenajarea-salbei-de-lacuri\/#primaryimage"},"thumbnailUrl":"https:\/\/buletin.de\/bucuresti\/wp-content\/uploads\/catre-Lacul-RomSilva_2.jpeg","datePublished":"2024-08-08T04:14:33+00:00","dateModified":"2024-09-06T11:27:22+00:00","description":"Coridorul Verde Colentina prinde contur, cel pu\u0163in pe h\u00e2rtie, momentan. \u015eaptesprezece birouri de proiectare, concurs de solu\u0163ii.","breadcrumb":{"@id":"https:\/\/buletin.de\/bucuresti\/coridorul-verde-colentina-17-birouri-de-proiectare-de-pe-glob-concurs-pentru-amenajarea-salbei-de-lacuri\/#breadcrumb"},"inLanguage":"en-GB","potentialAction":[{"@type":"ReadAction","target":["https:\/\/buletin.de\/bucuresti\/coridorul-verde-colentina-17-birouri-de-proiectare-de-pe-glob-concurs-pentru-amenajarea-salbei-de-lacuri\/"]}]},{"@type":"ImageObject","inLanguage":"en-GB","@id":"https:\/\/buletin.de\/bucuresti\/coridorul-verde-colentina-17-birouri-de-proiectare-de-pe-glob-concurs-pentru-amenajarea-salbei-de-lacuri\/#primaryimage","url":"https:\/\/buletin.de\/bucuresti\/wp-content\/uploads\/catre-Lacul-RomSilva_2.jpeg","contentUrl":"https:\/\/buletin.de\/bucuresti\/wp-content\/uploads\/catre-Lacul-RomSilva_2.jpeg","width":2000,"height":1125,"caption":"Coridorul Verde Colentina. FOTO: Lacul Tei, via oar.archi"},{"@type":"BreadcrumbList","@id":"https:\/\/buletin.de\/bucuresti\/coridorul-verde-colentina-17-birouri-de-proiectare-de-pe-glob-concurs-pentru-amenajarea-salbei-de-lacuri\/#breadcrumb","itemListElement":[{"@type":"ListItem","position":1,"name":"Acas\u0103","item":"https:\/\/buletin.de\/bucuresti\/"},{"@type":"ListItem","position":2,"name":"Coridorul Verde Colentina. 17 birouri de proiectare de pe Glob, concurs pentru amenajarea \u201esalbei de lacuri\u201d"}]},{"@type":"WebSite","@id":"https:\/\/buletin.de\/bucuresti\/#website","url":"https:\/\/buletin.de\/bucuresti\/","name":"Buletin de Bucure\u0219ti","description":"\u0218tiri \u0219i investiga\u021bii esen\u021biale din capital\u0103","publisher":{"@id":"https:\/\/buletin.de\/bucuresti\/#organization"},"potentialAction":[{"@type":"SearchAction","target":{"@type":"EntryPoint","urlTemplate":"https:\/\/buletin.de\/bucuresti\/?s={search_term_string}"},"query-input":{"@type":"PropertyValueSpecification","valueRequired":true,"valueName":"search_term_string"}}],"inLanguage":"en-GB"},{"@type":"Organization","@id":"https:\/\/buletin.de\/bucuresti\/#organization","name":"Buletin de Bucure\u0219ti","url":"https:\/\/buletin.de\/bucuresti\/","logo":{"@type":"ImageObject","inLanguage":"en-GB","@id":"https:\/\/buletin.de\/bucuresti\/#\/schema\/logo\/image\/","url":"https:\/\/buletin.de\/bucuresti\/wp-content\/uploads\/logo-bdb-full-wide-vernil-transparent.png","contentUrl":"https:\/\/buletin.de\/bucuresti\/wp-content\/uploads\/logo-bdb-full-wide-vernil-transparent.png","width":1782,"height":626,"caption":"Buletin de Bucure\u0219ti"},"image":{"@id":"https:\/\/buletin.de\/bucuresti\/#\/schema\/logo\/image\/"},"sameAs":["https:\/\/www.facebook.com\/buletin.de.buc","https:\/\/www.instagram.com\/buletinde.bucuresti\/"]},{"@type":"Person","@id":"https:\/\/buletin.de\/bucuresti\/#\/schema\/person\/5272b8a057b33890940b57b837fc4ce6","name":"Ionu\u021b Lepa","image":{"@type":"ImageObject","inLanguage":"en-GB","@id":"https:\/\/buletin.de\/bucuresti\/wp-content\/uploads\/Ionut-Lepa-96x96.jpg5c4e4d9e049808799a8821652d2410a4","url":"https:\/\/buletin.de\/bucuresti\/wp-content\/uploads\/Ionut-Lepa-96x96.jpg","contentUrl":"https:\/\/buletin.de\/bucuresti\/wp-content\/uploads\/Ionut-Lepa-96x96.jpg","caption":"Ionu\u021b Lepa"},"url":"https:\/\/buletin.de\/bucuresti\/author\/ionutlepa\/"}]}},"authors":[{"term_id":22586,"user_id":8,"is_guest":0,"slug":"ionutlepa","display_name":"Ionu\u021b Lepa","avatar_url":"https:\/\/buletin.de\/bucuresti\/wp-content\/uploads\/Ionut-Lepa-96x96.jpg","0":null,"1":"","2":"","3":"","4":"","5":"","6":"","7":"","8":""}],"_links":{"self":[{"href":"https:\/\/buletin.de\/bucuresti\/wp-json\/wp\/v2\/posts\/93851","targetHints":{"allow":["GET"]}}],"collection":[{"href":"https:\/\/buletin.de\/bucuresti\/wp-json\/wp\/v2\/posts"}],"about":[{"href":"https:\/\/buletin.de\/bucuresti\/wp-json\/wp\/v2\/types\/post"}],"author":[{"embeddable":true,"href":"https:\/\/buletin.de\/bucuresti\/wp-json\/wp\/v2\/users\/8"}],"replies":[{"embeddable":true,"href":"https:\/\/buletin.de\/bucuresti\/wp-json\/wp\/v2\/comments?post=93851"}],"version-history":[{"count":5,"href":"https:\/\/buletin.de\/bucuresti\/wp-json\/wp\/v2\/posts\/93851\/revisions"}],"predecessor-version":[{"id":97082,"href":"https:\/\/buletin.de\/bucuresti\/wp-json\/wp\/v2\/posts\/93851\/revisions\/97082"}],"wp:featuredmedia":[{"embeddable":true,"href":"https:\/\/buletin.de\/bucuresti\/wp-json\/wp\/v2\/media\/93869"}],"wp:attachment":[{"href":"https:\/\/buletin.de\/bucuresti\/wp-json\/wp\/v2\/media?parent=93851"}],"wp:term":[{"taxonomy":"category","embeddable":true,"href":"https:\/\/buletin.de\/bucuresti\/wp-json\/wp\/v2\/categories?post=93851"},{"taxonomy":"post_tag","embeddable":true,"href":"https:\/\/buletin.de\/bucuresti\/wp-json\/wp\/v2\/tags?post=93851"},{"taxonomy":"author","embeddable":true,"href":"https:\/\/buletin.de\/bucuresti\/wp-json\/wp\/v2\/ppma_author?post=93851"}],"curies":[{"name":"wp","href":"https:\/\/api.w.org\/{rel}","templated":true}]}}