{"id":9374,"date":"2020-07-22T18:59:47","date_gmt":"2020-07-22T15:59:47","guid":{"rendered":"https:\/\/buletin.de\/bucuresti\/?p=9374"},"modified":"2020-07-22T18:59:47","modified_gmt":"2020-07-22T15:59:47","slug":"cum-a-vandut-un-offshore-din-cipru-in-iulie-masti-la-pret-de-criza-institutului-bals-desi-pretul-scazuse-de-doua-ori-legaturile-personajelor-din-spate-se-intind-pana-la-serviciile-secrete-sovietice","status":"publish","type":"post","link":"https:\/\/buletin.de\/bucuresti\/cum-a-vandut-un-offshore-din-cipru-in-iulie-masti-la-pret-de-criza-institutului-bals-desi-pretul-scazuse-de-doua-ori-legaturile-personajelor-din-spate-se-intind-pana-la-serviciile-secrete-sovietice\/","title":{"rendered":"Cum a v\u00e2ndut un offshore din Cipru \u00een iulie m\u0103\u0219ti la pre\u021b de criz\u0103 Institutului Bal\u0219, de\u0219i pre\u021bul sc\u0103zuse de dou\u0103 ori. Leg\u0103turile personajelor din spate se \u00eentind p\u00e2n\u0103 la serviciile secrete sovietice"},"content":{"rendered":"\n<p><strong>Institutul Matei Bal\u0219 a pl\u0103tit la \u00eenceputul lui iulie 2.9 lei pentru o masc\u0103 de unic\u0103 folosin\u021b\u0103 cu 3 pliuri &#8211; acela\u0219i pre\u021b l-a pl\u0103tit \u0219i pe 17 martie, \u00een plin\u0103 pandemie, c\u00e2nd pre\u021burile la echipamente de protec\u021bie au crescut considerabil. C\u0103t\u0103lin Apostolescu, purt\u0103torul de cuv\u00e2nt \u00een cadrul Institutului Bal\u0219, sus\u021bine c\u0103 a fost \u00eencheiat un acord-cadru pe 5 luni \u0219i de aceea pre\u021burile au r\u0103mas la fel. Pe platforma e-licita\u021bie, \u00een schimb, aceste achizi\u021bii nu sunt men\u021bionate ca fiind acord-cadru.<\/strong><\/p>\n\n\n\n<p><strong>\u00cen total au fost cump\u0103rate 60.000 de m\u0103\u0219ti de unic\u0103 folosin\u021b\u0103 cu 3 pliuri. Contractul de 175.000 RON a fost c\u00e2\u0219tigat de Pansiprod Distributie, o firm\u0103 de\u021binut\u0103 de un offshore cipriot. Personajele din spatele firmei au leg\u0103turi cu Boris Birshtein, un multimiliardar care a \u00eencheiat mai multe afaceri cu personalit\u0103\u021bi din serviciile secrete sovietice KGB, conform Financial Times. Firma geam\u0103n\u0103, Pansiprod Medical, a fost acuzat\u0103, \u00een 2005, c\u0103 vinde ace medicale infectate cu Stafilococ. <\/strong><\/p>\n\n\n\n<h2 class=\"wp-block-heading\"><strong>\u00cen linia \u00eent\u00e2i de combatere COVID-19, m\u0103\u0219tile se iau la pre\u021b ridicat<\/strong><\/h2>\n\n\n\n<p>\u00cen timpul pandemiei,\ninstitu\u021biile publice au avut la dispozi\u021bie proceduri mai flexibile privind\nachizi\u021biile de materiale \u0219i echipamente necesare pentru lupta \u00eempotriva COVID-19.\nAstfel, pentru \u00eencheierea c\u00e2t mai rapid\u0103 a contractelor, multe achizi\u021bii au\navut loc direct, f\u0103r\u0103 publicarea unui anun\u021b sau a documenta\u021biei necesare. Institutul\nde Boli Infec\u021bioase Matei Bal\u0219, unitate spitaliceasc\u0103 aflat\u0103 \u00een linia \u00eent\u00e2i de\ncombatere a noului coronavirus, a fost printre cei care au beneficiat de\naceast\u0103 \u201elibertate\u201d. <\/p>\n\n\n\n<p>Una dintre firmele care a c\u00e2\u0219tigat, doar \u00een 2020, peste un milion de lei de la Institutul Bal\u0219 se nume\u0219te Pansiprod Distributie. Cele mai recente contracte semnate cu Pansiprod Distributie sunt de la \u00eenceputul lunii iulie \u0219i \u00eensumeaz\u0103, \u00een total, 174.000 lei f\u0103r\u0103 TVA. Mergem \u00een urm\u0103 cu patru luni, \u00een ziua c\u00e2nd s-a instituit starea de urgen\u021b\u0103, \u0219i g\u0103sim un contract care dep\u0103\u0219e\u0219te jum\u0103tate de milion de lei \u2013 580.000 RON. Toate cele trei contracte sunt pentru m\u0103\u0219ti chirurgicale de unic\u0103 folosin\u021b\u0103 cu 3 pliuri. <\/p>\n\n\n\n<p>\u00cen plin\u0103 pandemie, atunci c\u00e2nd pre\u021burile la echipamente de protec\u021bie au crescut, Institutul Bal\u0219 a pl\u0103tit 2.9 lei firmei Pansiprod Distributie pentru o masc\u0103 cu 3 pliuri. Pe 1 iulie, c\u00e2nd Rom\u00e2nia era ie\u0219it\u0103 din starea de urgen\u021b\u0103 \u0219i stocurile de produse \u00eencepeau s\u0103 se refac\u0103, iar pre\u021burile s\u0103 scad\u0103, Institutul Bal\u0219 a pl\u0103tit pentru o masc\u0103 cu 3 pliuri 2.9 lei, exact acela\u0219i pre\u021b ca \u00een martie. <\/p>\n\n\n\n<p>C\u0103t\u0103lin Apostolescu, purt\u0103torul de cuv\u00e2nt \u00een cadrul Institutului Bal\u0219, ne-a spus c\u0103 pre\u021bul a r\u0103mas la fel din martie \u0219i p\u00e2n\u0103 acum deoarece achizi\u021biile cu Pansiprod Distribu\u021bie ar fi, de fapt, un acord-cadru pe care sunt obliga\u021bi s\u0103-l deruleze p\u00e2n\u0103 expir\u0103. Astfel, el sus\u021bine c\u0103 pe 28 februarie Institutul Bal\u0219 a \u00eencheiat un acord-cadru pe cinci luni pentru m\u0103\u0219ti de unic\u0103 folosin\u021b\u0103, acord care urmeaz\u0103 s\u0103 expire \u00een c\u00e2teva zile, pe 27 iulie. <\/p>\n\n\n\n<blockquote class=\"wp-block-quote is-layout-flow wp-block-quote-is-layout-flow\"><p>\u201eNoi suntem obliga\u021bi, \u00eencheind un contract, s\u0103 derul\u0103m contractul respectiv p\u00e2n\u0103 expir\u0103 el. El expir\u0103 pe 27 iulie. De aia s-au f\u0103cut aceste dou\u0103 livr\u0103ri de la \u00eenceputul lui iulie, pe baza contractului vechi. \u00centre timp noi am deschis o alt\u0103 achizi\u021bie, o procedur\u0103 de licita\u021bie de achizi\u021bie public\u0103. \u0218i \u00een momentul \u00een care expir\u0103 acest contract vom intra pe contract cu alte pre\u021buri, mult mai mici, evident.\u201d<\/p><cite>C\u0103t\u0103lin Apostolescu<\/cite><\/blockquote>\n\n\n\n<p>Totu\u0219i, pe platforma SICAP nu este men\u021bionat acest lucru; la sec\u021biunea modalitate de atribuire scrie \u201econtract de achizi\u021bii publice\u201d \u0219i nu \u201eacord-cadru\u201d, a\u0219a cum ar fi trebuit. L-am sunat a doua oar\u0103 pe domnul Apostolescu pentru a clarifica aceast\u0103 chestiune. El ne-a spus c\u0103 nu \u0219tie de ce apare a\u0219a \u00een SICAP \u0219i c\u0103 el a verificat \u0219i e sigur c\u0103 este acord-cadru.<\/p>\n\n\n\n<figure class=\"wp-block-image size-large is-resized\"><img fetchpriority=\"high\" decoding=\"async\" src=\"data:image\/gif;base64,R0lGODlhAQABAAAAACH5BAEKAAEALAAAAAABAAEAAAICTAEAOw==\" data-src=\"https:\/\/buletin.de\/bucuresti\/wp-content\/uploads\/image-135-900x355.png\" alt=\"\" class=\"wp-image-9499 lazyload\" width=\"900\" height=\"355\" data-sizes=\"auto\" data-srcset=\"https:\/\/buletin.de\/bucuresti\/wp-content\/uploads\/image-135-900x355.png 900w, https:\/\/buletin.de\/bucuresti\/wp-content\/uploads\/image-135-600x236.png 600w, https:\/\/buletin.de\/bucuresti\/wp-content\/uploads\/image-135-300x118.png 300w, https:\/\/buletin.de\/bucuresti\/wp-content\/uploads\/image-135-768x303.png 768w, https:\/\/buletin.de\/bucuresti\/wp-content\/uploads\/image-135-1536x605.png 1536w, https:\/\/buletin.de\/bucuresti\/wp-content\/uploads\/image-135-1060x418.png 1060w, https:\/\/buletin.de\/bucuresti\/wp-content\/uploads\/image-135-550x217.png 550w, https:\/\/buletin.de\/bucuresti\/wp-content\/uploads\/image-135-1269x500.png 1269w, https:\/\/buletin.de\/bucuresti\/wp-content\/uploads\/image-135.png 1812w\" sizes=\"(max-width: 900px) 100vw, 900px\" \/><\/figure>\n\n\n\n<p>Mai mult dec\u00e2t at\u00e2t, purt\u0103torul de cuv\u00e2nt ne-a spus c\u0103 \u00een data de 28 februarie, atunci c\u00e2nd ar fi fost \u00eencheiat acordul-cadru, 2.9 lei\/masc\u0103 \u201e<em>era pre\u021bul pie\u021bei la momentul respectiv<\/em>\u201d. <\/p>\n\n\n\n<h2 class=\"wp-block-heading\"><strong>Cine c\u00e2\u0219tig\u0103\ndin suprapre\u021b? Un offshore cipriot<\/strong><\/h2>\n\n\n\n<p>Firma care a\nprofitat de pe urma unui pre\u021b de trei ori mai mare la m\u0103\u0219tile de unic\u0103\nfolosin\u021b\u0103 se nume\u0219te Pansiprod Distribu\u021bie \u0219i are \u00een spate un offshore din\nCipru &#8211; B.H. Brokers House Trading LTD. Unul dintre cei care conduc aceast\u0103\nafacere este Shmuel Gurfinkel, trecut \u00een actele oficiale ca reprezentant legal.\n<a href=\"https:\/\/www.irishtimes.com\/business\/non-resident-firms-maintain-links-with-state-despite-changes-in-legislation-1.274117\">IrishTimes<\/a> scria despre acesta c\u0103 este directorul\nmai multor companii irlandeze de\u021binute de Boris Birshtein, un multimilionar\ncare, conform <a href=\"https:\/\/www.ft.com\/trumptoronto\">Financial Times<\/a>, a \u00eencheiat mai multe afaceri cu\npersonalit\u0103\u021bi din serviciile secrete sovietice KGB. Printre firmele din\nportofoliul lui Gurfinkel se num\u0103r\u0103 dou\u0103 care de\u021bin un hotel \u0219i o banc\u0103 \u00een\nChi\u0219in\u0103u. Conform paginii de <a href=\"https:\/\/www.linkedin.com\/in\/shmuel-gurfinkel-b226b447\/?originalSubdomain=il\">Linkedin<\/a>, Shmuel Gurfinkel lucreaz\u0103 \u0219i la\nAsocia\u021bia de consultare pentru dezvoltarea colabor\u0103rii \u201eIsrael-Ucraina \u0219i CSI\u201d\n(<em>Association of Assistance for development of collaboration &#8221;\nIsrael-Ukraine &amp; CIS&#8221;).<\/em><\/p>\n\n\n\n<p>Pansiprod\nDistribu\u021bie a fost \u00eenfiin\u021bat\u0103 \u00een 2013 \u0219i a fost de\u021binut\u0103, pentru o perioad\u0103 de\ntimp, \u0219i de Paraprodfarm Industries. La momentul respectiv, un offshore din\nAmsterdam, Wichita BV, controla afacerile Paraprodfarm Industries, Phoenixmed\n2000 \u0219i Pansiprod Medical. Totodat\u0103, conform <a href=\"https:\/\/jurnalul.antena3.ro\/special\/special\/scandalul-atei-contaminate-sorin-beraru-microbul-afacerilor-din-sanatate-136749.html\">Jurnalului Na\u021bional,<\/a> Pansiprod Medical a fost implicat \u00eentr-un\nscandal \u00een 2005, atunci c\u00e2nd firma a fost acuzat\u0103 c\u0103 vinde ace medicale\ninfectate cu Stafilococ. \u00cen spate se afla Sorin Beraru, un om de afaceri\ncontroversat de origine israelian\u0103, c\u0103utat \u00een prezent de Interpol.<\/p>\n\n\n\n<p>Directorul Pansiprod Distributie <a href=\"https:\/\/www.linkedin.com\/in\/cezar-traian-nita-a9980010\/\">este Cezar Traian Ni\u021b\u0103<\/a>, fost manager al spitalului Lotus din Ploie\u0219ti. Concomitent el este \u0219i CEO al ROHC Consulting, o firm\u0103 din Voluntari.<strong> <\/strong>Am \u00eencercat s\u0103 lu\u0103m leg\u0103tura cu el pe Facebook, \u00eens\u0103 nu ne-a r\u0103spuns. Totodat\u0103, am trimis un mail firmei Pansiprod la care, p\u00e2n\u0103 acum, nu am primit nicio reac\u021bie.<\/p>\n\n\n\n<p>De-a lungul timpului, Pansiprod Distributie a \u00eencheiat contracte cu statul rom\u00e2n de peste 30 milioane de lei. Printre institu\u021biile publice cu care a colaborat se num\u0103r\u0103 diverse spitale din \u021bar\u0103, precum Spitalul de urgen\u021b\u0103 Oradea, Spitalul Universitar Elias \u0219i Spitalul Sf. Ioan, dar \u0219i mai multe unit\u0103\u021bi militare.<\/p>\n\n\n\n<h2 class=\"wp-block-heading\">Managerul\nInstitutului Matei Bal\u0219, \u201ecadru legislativ care s\u0103 ne pun\u0103 la paz\u0103 de ce va\nveni\u201d<\/h2>\n\n\n\n<p>La finalul lunii\nmartie, Adrian Streinu-Cercel, managerul Institutului de Boli Infec\u021bioase,\ndeclara la <a href=\"https:\/\/www.youtube.com\/watch?v=OqeZDXnrDIU\">Antena 3<\/a>\nc\u0103 are nevoie de un cadru legislativ prin care s\u0103 nu fie tras la r\u0103spundere\npentru achizi\u021biile pe care le face \u00een pandemie: \u201e<em>Dup\u0103 ce se termin\u0103\nbol\u00e2\u0219ni\u021ba asta, respectiv pandemia, or s\u0103 vin\u0103 al\u021bii s\u0103 ne trag\u0103 de m\u00e2nec\u0103: dar\ncum a\u021bi realizat voi achizi\u021biile? <\/em><em>[\u2026] Ori aici trebuie scos un\ncadru normativ c\u00e2t se poate de clar [\u2026] care s\u0103 stipuleze foarte clar c\u0103 nimeni\nnu va avea voie s\u0103 se ating\u0103 de noi \u00een viitor.<\/em>\u201d<\/p>\n\n\n\n<p>Surs\u0103 cover: Octav Ganea\/INQUAM<\/p>\n","protected":false},"excerpt":{"rendered":"<p>Institutul Matei Bal\u0219 a pl\u0103tit la \u00eenceputul lui iulie 2.9 lei pentru o masc\u0103 de unic\u0103 folosin\u021b\u0103 cu 3 pliuri &#8211; acela\u0219i pre\u021b l-a pl\u0103tit \u0219i pe 17 martie, \u00een plin\u0103 pandemie, c\u00e2nd pre\u021burile la echipamente de protec\u021bie au crescut considerabil. C\u0103t\u0103lin Apostolescu, purt\u0103torul de cuv\u00e2nt \u00een cadrul Institutului Bal\u0219, sus\u021bine c\u0103 a fost \u00eencheiat [&hellip;]<\/p>\n","protected":false},"author":6,"featured_media":9378,"comment_status":"closed","ping_status":"open","sticky":false,"template":"","format":"standard","meta":{"_acf_changed":false,"inline_featured_image":false,"ngg_post_thumbnail":0,"footnotes":""},"categories":[996,4,62],"tags":[1353,529,643,1352,1351],"ppma_author":[22588],"class_list":["post-9374","post","type-post","status-publish","format-standard","has-post-thumbnail","hentry","category-covid-19","category-sanatate","category-stiri","tag-achiztii-coronavirus","tag-coronavirus","tag-covid19","tag-masti-suprapret","tag-mateibals"],"acf":[],"yoast_head":"<!-- This site is optimized with the Yoast SEO Premium plugin v25.3 (Yoast SEO v27.4) - https:\/\/yoast.com\/product\/yoast-seo-premium-wordpress\/ -->\n<title>Cum a v\u00e2ndut un offshore din Cipru \u00een iulie m\u0103\u0219ti la pre\u021b de criz\u0103 Institutului Bal\u0219, de\u0219i pre\u021bul sc\u0103zuse de dou\u0103 ori. Leg\u0103turile personajelor din spate se \u00eentind p\u00e2n\u0103 la serviciile secrete sovietice - Buletin de Bucure\u0219ti<\/title>\n<meta name=\"robots\" content=\"index, follow, max-snippet:-1, max-image-preview:large, max-video-preview:-1\" \/>\n<link rel=\"canonical\" href=\"https:\/\/buletin.de\/bucuresti\/cum-a-vandut-un-offshore-din-cipru-in-iulie-masti-la-pret-de-criza-institutului-bals-desi-pretul-scazuse-de-doua-ori-legaturile-personajelor-din-spate-se-intind-pana-la-serviciile-secrete-sovietice\/\" \/>\n<meta property=\"og:locale\" content=\"en_GB\" \/>\n<meta property=\"og:type\" content=\"article\" \/>\n<meta property=\"og:title\" content=\"Cum a v\u00e2ndut un offshore din Cipru \u00een iulie m\u0103\u0219ti la pre\u021b de criz\u0103 Institutului Bal\u0219, de\u0219i pre\u021bul sc\u0103zuse de dou\u0103 ori. Leg\u0103turile personajelor din spate se \u00eentind p\u00e2n\u0103 la serviciile secrete sovietice\" \/>\n<meta property=\"og:description\" content=\"Institutul Matei Bal\u0219 a pl\u0103tit la \u00eenceputul lui iulie 2.9 lei pentru o masc\u0103 de unic\u0103 folosin\u021b\u0103 cu 3 pliuri &#8211; acela\u0219i pre\u021b l-a pl\u0103tit \u0219i pe 17 martie, \u00een plin\u0103 pandemie, c\u00e2nd pre\u021burile la echipamente de protec\u021bie au crescut considerabil. C\u0103t\u0103lin Apostolescu, purt\u0103torul de cuv\u00e2nt \u00een cadrul Institutului Bal\u0219, sus\u021bine c\u0103 a fost \u00eencheiat [&hellip;]\" \/>\n<meta property=\"og:url\" content=\"https:\/\/buletin.de\/bucuresti\/cum-a-vandut-un-offshore-din-cipru-in-iulie-masti-la-pret-de-criza-institutului-bals-desi-pretul-scazuse-de-doua-ori-legaturile-personajelor-din-spate-se-intind-pana-la-serviciile-secrete-sovietice\/\" \/>\n<meta property=\"og:site_name\" content=\"Buletin de Bucure\u0219ti\" \/>\n<meta property=\"article:publisher\" content=\"https:\/\/www.facebook.com\/buletin.de.buc\" \/>\n<meta property=\"article:published_time\" content=\"2020-07-22T15:59:47+00:00\" \/>\n<meta property=\"og:image\" content=\"https:\/\/buletin.de\/bucuresti\/wp-content\/uploads\/ID136956_INQUAM_Photos_Octav_Ganea-scaled.jpg\" \/>\n\t<meta property=\"og:image:width\" content=\"2560\" \/>\n\t<meta property=\"og:image:height\" content=\"1707\" \/>\n\t<meta property=\"og:image:type\" content=\"image\/jpeg\" \/>\n<meta name=\"author\" content=\"Bianca Albu\" \/>\n<meta name=\"twitter:card\" content=\"summary_large_image\" \/>\n<meta name=\"twitter:label1\" content=\"Written by\" \/>\n\t<meta name=\"twitter:data1\" content=\"Bianca Albu\" \/>\n\t<meta name=\"twitter:label2\" content=\"Estimated reading time\" \/>\n\t<meta name=\"twitter:data2\" content=\"6 minutes\" \/>\n<script type=\"application\/ld+json\" class=\"yoast-schema-graph\">{\"@context\":\"https:\\\/\\\/schema.org\",\"@graph\":[{\"@type\":\"Article\",\"@id\":\"https:\\\/\\\/buletin.de\\\/bucuresti\\\/cum-a-vandut-un-offshore-din-cipru-in-iulie-masti-la-pret-de-criza-institutului-bals-desi-pretul-scazuse-de-doua-ori-legaturile-personajelor-din-spate-se-intind-pana-la-serviciile-secrete-sovietice\\\/#article\",\"isPartOf\":{\"@id\":\"https:\\\/\\\/buletin.de\\\/bucuresti\\\/cum-a-vandut-un-offshore-din-cipru-in-iulie-masti-la-pret-de-criza-institutului-bals-desi-pretul-scazuse-de-doua-ori-legaturile-personajelor-din-spate-se-intind-pana-la-serviciile-secrete-sovietice\\\/\"},\"author\":{\"name\":\"Bianca Albu\",\"@id\":\"https:\\\/\\\/buletin.de\\\/bucuresti\\\/#\\\/schema\\\/person\\\/295dc2228d2dc79294d636619468dc7f\"},\"headline\":\"Cum a v\u00e2ndut un offshore din Cipru \u00een iulie m\u0103\u0219ti la pre\u021b de criz\u0103 Institutului Bal\u0219, de\u0219i pre\u021bul sc\u0103zuse de dou\u0103 ori. Leg\u0103turile personajelor din spate se \u00eentind p\u00e2n\u0103 la serviciile secrete sovietice\",\"datePublished\":\"2020-07-22T15:59:47+00:00\",\"mainEntityOfPage\":{\"@id\":\"https:\\\/\\\/buletin.de\\\/bucuresti\\\/cum-a-vandut-un-offshore-din-cipru-in-iulie-masti-la-pret-de-criza-institutului-bals-desi-pretul-scazuse-de-doua-ori-legaturile-personajelor-din-spate-se-intind-pana-la-serviciile-secrete-sovietice\\\/\"},\"wordCount\":1211,\"publisher\":{\"@id\":\"https:\\\/\\\/buletin.de\\\/bucuresti\\\/#organization\"},\"image\":{\"@id\":\"https:\\\/\\\/buletin.de\\\/bucuresti\\\/cum-a-vandut-un-offshore-din-cipru-in-iulie-masti-la-pret-de-criza-institutului-bals-desi-pretul-scazuse-de-doua-ori-legaturile-personajelor-din-spate-se-intind-pana-la-serviciile-secrete-sovietice\\\/#primaryimage\"},\"thumbnailUrl\":\"https:\\\/\\\/buletin.de\\\/bucuresti\\\/wp-content\\\/uploads\\\/ID136956_INQUAM_Photos_Octav_Ganea-scaled.jpg\",\"keywords\":[\"achiztii coronavirus\",\"coronavirus\",\"covid19\",\"masti suprapret\",\"mateibals\"],\"articleSection\":[\"Covid-19\",\"S\u0103n\u0103tate\",\"\u0218tiri\"],\"inLanguage\":\"en-GB\",\"copyrightYear\":\"2020\",\"copyrightHolder\":{\"@id\":\"https:\\\/\\\/buletin.de\\\/bucuresti\\\/#organization\"}},{\"@type\":\"WebPage\",\"@id\":\"https:\\\/\\\/buletin.de\\\/bucuresti\\\/cum-a-vandut-un-offshore-din-cipru-in-iulie-masti-la-pret-de-criza-institutului-bals-desi-pretul-scazuse-de-doua-ori-legaturile-personajelor-din-spate-se-intind-pana-la-serviciile-secrete-sovietice\\\/\",\"url\":\"https:\\\/\\\/buletin.de\\\/bucuresti\\\/cum-a-vandut-un-offshore-din-cipru-in-iulie-masti-la-pret-de-criza-institutului-bals-desi-pretul-scazuse-de-doua-ori-legaturile-personajelor-din-spate-se-intind-pana-la-serviciile-secrete-sovietice\\\/\",\"name\":\"Cum a v\u00e2ndut un offshore din Cipru \u00een iulie m\u0103\u0219ti la pre\u021b de criz\u0103 Institutului Bal\u0219, de\u0219i pre\u021bul sc\u0103zuse de dou\u0103 ori. Leg\u0103turile personajelor din spate se \u00eentind p\u00e2n\u0103 la serviciile secrete sovietice - Buletin de Bucure\u0219ti\",\"isPartOf\":{\"@id\":\"https:\\\/\\\/buletin.de\\\/bucuresti\\\/#website\"},\"primaryImageOfPage\":{\"@id\":\"https:\\\/\\\/buletin.de\\\/bucuresti\\\/cum-a-vandut-un-offshore-din-cipru-in-iulie-masti-la-pret-de-criza-institutului-bals-desi-pretul-scazuse-de-doua-ori-legaturile-personajelor-din-spate-se-intind-pana-la-serviciile-secrete-sovietice\\\/#primaryimage\"},\"image\":{\"@id\":\"https:\\\/\\\/buletin.de\\\/bucuresti\\\/cum-a-vandut-un-offshore-din-cipru-in-iulie-masti-la-pret-de-criza-institutului-bals-desi-pretul-scazuse-de-doua-ori-legaturile-personajelor-din-spate-se-intind-pana-la-serviciile-secrete-sovietice\\\/#primaryimage\"},\"thumbnailUrl\":\"https:\\\/\\\/buletin.de\\\/bucuresti\\\/wp-content\\\/uploads\\\/ID136956_INQUAM_Photos_Octav_Ganea-scaled.jpg\",\"datePublished\":\"2020-07-22T15:59:47+00:00\",\"breadcrumb\":{\"@id\":\"https:\\\/\\\/buletin.de\\\/bucuresti\\\/cum-a-vandut-un-offshore-din-cipru-in-iulie-masti-la-pret-de-criza-institutului-bals-desi-pretul-scazuse-de-doua-ori-legaturile-personajelor-din-spate-se-intind-pana-la-serviciile-secrete-sovietice\\\/#breadcrumb\"},\"inLanguage\":\"en-GB\",\"potentialAction\":[{\"@type\":\"ReadAction\",\"target\":[\"https:\\\/\\\/buletin.de\\\/bucuresti\\\/cum-a-vandut-un-offshore-din-cipru-in-iulie-masti-la-pret-de-criza-institutului-bals-desi-pretul-scazuse-de-doua-ori-legaturile-personajelor-din-spate-se-intind-pana-la-serviciile-secrete-sovietice\\\/\"]}]},{\"@type\":\"ImageObject\",\"inLanguage\":\"en-GB\",\"@id\":\"https:\\\/\\\/buletin.de\\\/bucuresti\\\/cum-a-vandut-un-offshore-din-cipru-in-iulie-masti-la-pret-de-criza-institutului-bals-desi-pretul-scazuse-de-doua-ori-legaturile-personajelor-din-spate-se-intind-pana-la-serviciile-secrete-sovietice\\\/#primaryimage\",\"url\":\"https:\\\/\\\/buletin.de\\\/bucuresti\\\/wp-content\\\/uploads\\\/ID136956_INQUAM_Photos_Octav_Ganea-scaled.jpg\",\"contentUrl\":\"https:\\\/\\\/buletin.de\\\/bucuresti\\\/wp-content\\\/uploads\\\/ID136956_INQUAM_Photos_Octav_Ganea-scaled.jpg\",\"width\":2560,\"height\":1707},{\"@type\":\"BreadcrumbList\",\"@id\":\"https:\\\/\\\/buletin.de\\\/bucuresti\\\/cum-a-vandut-un-offshore-din-cipru-in-iulie-masti-la-pret-de-criza-institutului-bals-desi-pretul-scazuse-de-doua-ori-legaturile-personajelor-din-spate-se-intind-pana-la-serviciile-secrete-sovietice\\\/#breadcrumb\",\"itemListElement\":[{\"@type\":\"ListItem\",\"position\":1,\"name\":\"Acas\u0103\",\"item\":\"https:\\\/\\\/buletin.de\\\/bucuresti\\\/\"},{\"@type\":\"ListItem\",\"position\":2,\"name\":\"Cum a v\u00e2ndut un offshore din Cipru \u00een iulie m\u0103\u0219ti la pre\u021b de criz\u0103 Institutului Bal\u0219, de\u0219i pre\u021bul sc\u0103zuse de dou\u0103 ori. Leg\u0103turile personajelor din spate se \u00eentind p\u00e2n\u0103 la serviciile secrete sovietice\"}]},{\"@type\":\"WebSite\",\"@id\":\"https:\\\/\\\/buletin.de\\\/bucuresti\\\/#website\",\"url\":\"https:\\\/\\\/buletin.de\\\/bucuresti\\\/\",\"name\":\"Buletin de Bucure\u0219ti\",\"description\":\"\u0218tiri \u0219i investiga\u021bii esen\u021biale din capital\u0103\",\"publisher\":{\"@id\":\"https:\\\/\\\/buletin.de\\\/bucuresti\\\/#organization\"},\"potentialAction\":[{\"@type\":\"SearchAction\",\"target\":{\"@type\":\"EntryPoint\",\"urlTemplate\":\"https:\\\/\\\/buletin.de\\\/bucuresti\\\/?s={search_term_string}\"},\"query-input\":{\"@type\":\"PropertyValueSpecification\",\"valueRequired\":true,\"valueName\":\"search_term_string\"}}],\"inLanguage\":\"en-GB\"},{\"@type\":\"Organization\",\"@id\":\"https:\\\/\\\/buletin.de\\\/bucuresti\\\/#organization\",\"name\":\"Buletin de Bucure\u0219ti\",\"url\":\"https:\\\/\\\/buletin.de\\\/bucuresti\\\/\",\"logo\":{\"@type\":\"ImageObject\",\"inLanguage\":\"en-GB\",\"@id\":\"https:\\\/\\\/buletin.de\\\/bucuresti\\\/#\\\/schema\\\/logo\\\/image\\\/\",\"url\":\"https:\\\/\\\/buletin.de\\\/bucuresti\\\/wp-content\\\/uploads\\\/logo-bdb-full-wide-vernil-transparent.png\",\"contentUrl\":\"https:\\\/\\\/buletin.de\\\/bucuresti\\\/wp-content\\\/uploads\\\/logo-bdb-full-wide-vernil-transparent.png\",\"width\":1782,\"height\":626,\"caption\":\"Buletin de Bucure\u0219ti\"},\"image\":{\"@id\":\"https:\\\/\\\/buletin.de\\\/bucuresti\\\/#\\\/schema\\\/logo\\\/image\\\/\"},\"sameAs\":[\"https:\\\/\\\/www.facebook.com\\\/buletin.de.buc\",\"https:\\\/\\\/www.instagram.com\\\/buletinde.bucuresti\\\/\"]},{\"@type\":\"Person\",\"@id\":\"https:\\\/\\\/buletin.de\\\/bucuresti\\\/#\\\/schema\\\/person\\\/295dc2228d2dc79294d636619468dc7f\",\"name\":\"Bianca Albu\",\"image\":{\"@type\":\"ImageObject\",\"inLanguage\":\"en-GB\",\"@id\":\"https:\\\/\\\/secure.gravatar.com\\\/avatar\\\/3df2e34e20f529e6fd7be4311ee1f7c4ec4aa886971590baf6fa214b15743516?s=96&d=monsterid&r=gf541c715eeec409ce8101252a3c0d8a7\",\"url\":\"https:\\\/\\\/secure.gravatar.com\\\/avatar\\\/3df2e34e20f529e6fd7be4311ee1f7c4ec4aa886971590baf6fa214b15743516?s=96&d=monsterid&r=g\",\"contentUrl\":\"https:\\\/\\\/secure.gravatar.com\\\/avatar\\\/3df2e34e20f529e6fd7be4311ee1f7c4ec4aa886971590baf6fa214b15743516?s=96&d=monsterid&r=g\",\"caption\":\"Bianca Albu\"},\"description\":\"Reporter\",\"url\":\"https:\\\/\\\/buletin.de\\\/bucuresti\\\/author\\\/biancaalbu\\\/\"}]}<\/script>\n<!-- \/ Yoast SEO Premium plugin. -->","yoast_head_json":{"title":"Cum a v\u00e2ndut un offshore din Cipru \u00een iulie m\u0103\u0219ti la pre\u021b de criz\u0103 Institutului Bal\u0219, de\u0219i pre\u021bul sc\u0103zuse de dou\u0103 ori. Leg\u0103turile personajelor din spate se \u00eentind p\u00e2n\u0103 la serviciile secrete sovietice - Buletin de Bucure\u0219ti","robots":{"index":"index","follow":"follow","max-snippet":"max-snippet:-1","max-image-preview":"max-image-preview:large","max-video-preview":"max-video-preview:-1"},"canonical":"https:\/\/buletin.de\/bucuresti\/cum-a-vandut-un-offshore-din-cipru-in-iulie-masti-la-pret-de-criza-institutului-bals-desi-pretul-scazuse-de-doua-ori-legaturile-personajelor-din-spate-se-intind-pana-la-serviciile-secrete-sovietice\/","og_locale":"en_GB","og_type":"article","og_title":"Cum a v\u00e2ndut un offshore din Cipru \u00een iulie m\u0103\u0219ti la pre\u021b de criz\u0103 Institutului Bal\u0219, de\u0219i pre\u021bul sc\u0103zuse de dou\u0103 ori. Leg\u0103turile personajelor din spate se \u00eentind p\u00e2n\u0103 la serviciile secrete sovietice","og_description":"Institutul Matei Bal\u0219 a pl\u0103tit la \u00eenceputul lui iulie 2.9 lei pentru o masc\u0103 de unic\u0103 folosin\u021b\u0103 cu 3 pliuri &#8211; acela\u0219i pre\u021b l-a pl\u0103tit \u0219i pe 17 martie, \u00een plin\u0103 pandemie, c\u00e2nd pre\u021burile la echipamente de protec\u021bie au crescut considerabil. C\u0103t\u0103lin Apostolescu, purt\u0103torul de cuv\u00e2nt \u00een cadrul Institutului Bal\u0219, sus\u021bine c\u0103 a fost \u00eencheiat [&hellip;]","og_url":"https:\/\/buletin.de\/bucuresti\/cum-a-vandut-un-offshore-din-cipru-in-iulie-masti-la-pret-de-criza-institutului-bals-desi-pretul-scazuse-de-doua-ori-legaturile-personajelor-din-spate-se-intind-pana-la-serviciile-secrete-sovietice\/","og_site_name":"Buletin de Bucure\u0219ti","article_publisher":"https:\/\/www.facebook.com\/buletin.de.buc","article_published_time":"2020-07-22T15:59:47+00:00","og_image":[{"width":2560,"height":1707,"url":"https:\/\/buletin.de\/bucuresti\/wp-content\/uploads\/ID136956_INQUAM_Photos_Octav_Ganea-scaled.jpg","type":"image\/jpeg"}],"author":"Bianca Albu","twitter_card":"summary_large_image","twitter_misc":{"Written by":"Bianca Albu","Estimated reading time":"6 minutes"},"schema":{"@context":"https:\/\/schema.org","@graph":[{"@type":"Article","@id":"https:\/\/buletin.de\/bucuresti\/cum-a-vandut-un-offshore-din-cipru-in-iulie-masti-la-pret-de-criza-institutului-bals-desi-pretul-scazuse-de-doua-ori-legaturile-personajelor-din-spate-se-intind-pana-la-serviciile-secrete-sovietice\/#article","isPartOf":{"@id":"https:\/\/buletin.de\/bucuresti\/cum-a-vandut-un-offshore-din-cipru-in-iulie-masti-la-pret-de-criza-institutului-bals-desi-pretul-scazuse-de-doua-ori-legaturile-personajelor-din-spate-se-intind-pana-la-serviciile-secrete-sovietice\/"},"author":{"name":"Bianca Albu","@id":"https:\/\/buletin.de\/bucuresti\/#\/schema\/person\/295dc2228d2dc79294d636619468dc7f"},"headline":"Cum a v\u00e2ndut un offshore din Cipru \u00een iulie m\u0103\u0219ti la pre\u021b de criz\u0103 Institutului Bal\u0219, de\u0219i pre\u021bul sc\u0103zuse de dou\u0103 ori. Leg\u0103turile personajelor din spate se \u00eentind p\u00e2n\u0103 la serviciile secrete sovietice","datePublished":"2020-07-22T15:59:47+00:00","mainEntityOfPage":{"@id":"https:\/\/buletin.de\/bucuresti\/cum-a-vandut-un-offshore-din-cipru-in-iulie-masti-la-pret-de-criza-institutului-bals-desi-pretul-scazuse-de-doua-ori-legaturile-personajelor-din-spate-se-intind-pana-la-serviciile-secrete-sovietice\/"},"wordCount":1211,"publisher":{"@id":"https:\/\/buletin.de\/bucuresti\/#organization"},"image":{"@id":"https:\/\/buletin.de\/bucuresti\/cum-a-vandut-un-offshore-din-cipru-in-iulie-masti-la-pret-de-criza-institutului-bals-desi-pretul-scazuse-de-doua-ori-legaturile-personajelor-din-spate-se-intind-pana-la-serviciile-secrete-sovietice\/#primaryimage"},"thumbnailUrl":"https:\/\/buletin.de\/bucuresti\/wp-content\/uploads\/ID136956_INQUAM_Photos_Octav_Ganea-scaled.jpg","keywords":["achiztii coronavirus","coronavirus","covid19","masti suprapret","mateibals"],"articleSection":["Covid-19","S\u0103n\u0103tate","\u0218tiri"],"inLanguage":"en-GB","copyrightYear":"2020","copyrightHolder":{"@id":"https:\/\/buletin.de\/bucuresti\/#organization"}},{"@type":"WebPage","@id":"https:\/\/buletin.de\/bucuresti\/cum-a-vandut-un-offshore-din-cipru-in-iulie-masti-la-pret-de-criza-institutului-bals-desi-pretul-scazuse-de-doua-ori-legaturile-personajelor-din-spate-se-intind-pana-la-serviciile-secrete-sovietice\/","url":"https:\/\/buletin.de\/bucuresti\/cum-a-vandut-un-offshore-din-cipru-in-iulie-masti-la-pret-de-criza-institutului-bals-desi-pretul-scazuse-de-doua-ori-legaturile-personajelor-din-spate-se-intind-pana-la-serviciile-secrete-sovietice\/","name":"Cum a v\u00e2ndut un offshore din Cipru \u00een iulie m\u0103\u0219ti la pre\u021b de criz\u0103 Institutului Bal\u0219, de\u0219i pre\u021bul sc\u0103zuse de dou\u0103 ori. Leg\u0103turile personajelor din spate se \u00eentind p\u00e2n\u0103 la serviciile secrete sovietice - Buletin de Bucure\u0219ti","isPartOf":{"@id":"https:\/\/buletin.de\/bucuresti\/#website"},"primaryImageOfPage":{"@id":"https:\/\/buletin.de\/bucuresti\/cum-a-vandut-un-offshore-din-cipru-in-iulie-masti-la-pret-de-criza-institutului-bals-desi-pretul-scazuse-de-doua-ori-legaturile-personajelor-din-spate-se-intind-pana-la-serviciile-secrete-sovietice\/#primaryimage"},"image":{"@id":"https:\/\/buletin.de\/bucuresti\/cum-a-vandut-un-offshore-din-cipru-in-iulie-masti-la-pret-de-criza-institutului-bals-desi-pretul-scazuse-de-doua-ori-legaturile-personajelor-din-spate-se-intind-pana-la-serviciile-secrete-sovietice\/#primaryimage"},"thumbnailUrl":"https:\/\/buletin.de\/bucuresti\/wp-content\/uploads\/ID136956_INQUAM_Photos_Octav_Ganea-scaled.jpg","datePublished":"2020-07-22T15:59:47+00:00","breadcrumb":{"@id":"https:\/\/buletin.de\/bucuresti\/cum-a-vandut-un-offshore-din-cipru-in-iulie-masti-la-pret-de-criza-institutului-bals-desi-pretul-scazuse-de-doua-ori-legaturile-personajelor-din-spate-se-intind-pana-la-serviciile-secrete-sovietice\/#breadcrumb"},"inLanguage":"en-GB","potentialAction":[{"@type":"ReadAction","target":["https:\/\/buletin.de\/bucuresti\/cum-a-vandut-un-offshore-din-cipru-in-iulie-masti-la-pret-de-criza-institutului-bals-desi-pretul-scazuse-de-doua-ori-legaturile-personajelor-din-spate-se-intind-pana-la-serviciile-secrete-sovietice\/"]}]},{"@type":"ImageObject","inLanguage":"en-GB","@id":"https:\/\/buletin.de\/bucuresti\/cum-a-vandut-un-offshore-din-cipru-in-iulie-masti-la-pret-de-criza-institutului-bals-desi-pretul-scazuse-de-doua-ori-legaturile-personajelor-din-spate-se-intind-pana-la-serviciile-secrete-sovietice\/#primaryimage","url":"https:\/\/buletin.de\/bucuresti\/wp-content\/uploads\/ID136956_INQUAM_Photos_Octav_Ganea-scaled.jpg","contentUrl":"https:\/\/buletin.de\/bucuresti\/wp-content\/uploads\/ID136956_INQUAM_Photos_Octav_Ganea-scaled.jpg","width":2560,"height":1707},{"@type":"BreadcrumbList","@id":"https:\/\/buletin.de\/bucuresti\/cum-a-vandut-un-offshore-din-cipru-in-iulie-masti-la-pret-de-criza-institutului-bals-desi-pretul-scazuse-de-doua-ori-legaturile-personajelor-din-spate-se-intind-pana-la-serviciile-secrete-sovietice\/#breadcrumb","itemListElement":[{"@type":"ListItem","position":1,"name":"Acas\u0103","item":"https:\/\/buletin.de\/bucuresti\/"},{"@type":"ListItem","position":2,"name":"Cum a v\u00e2ndut un offshore din Cipru \u00een iulie m\u0103\u0219ti la pre\u021b de criz\u0103 Institutului Bal\u0219, de\u0219i pre\u021bul sc\u0103zuse de dou\u0103 ori. Leg\u0103turile personajelor din spate se \u00eentind p\u00e2n\u0103 la serviciile secrete sovietice"}]},{"@type":"WebSite","@id":"https:\/\/buletin.de\/bucuresti\/#website","url":"https:\/\/buletin.de\/bucuresti\/","name":"Buletin de Bucure\u0219ti","description":"\u0218tiri \u0219i investiga\u021bii esen\u021biale din capital\u0103","publisher":{"@id":"https:\/\/buletin.de\/bucuresti\/#organization"},"potentialAction":[{"@type":"SearchAction","target":{"@type":"EntryPoint","urlTemplate":"https:\/\/buletin.de\/bucuresti\/?s={search_term_string}"},"query-input":{"@type":"PropertyValueSpecification","valueRequired":true,"valueName":"search_term_string"}}],"inLanguage":"en-GB"},{"@type":"Organization","@id":"https:\/\/buletin.de\/bucuresti\/#organization","name":"Buletin de Bucure\u0219ti","url":"https:\/\/buletin.de\/bucuresti\/","logo":{"@type":"ImageObject","inLanguage":"en-GB","@id":"https:\/\/buletin.de\/bucuresti\/#\/schema\/logo\/image\/","url":"https:\/\/buletin.de\/bucuresti\/wp-content\/uploads\/logo-bdb-full-wide-vernil-transparent.png","contentUrl":"https:\/\/buletin.de\/bucuresti\/wp-content\/uploads\/logo-bdb-full-wide-vernil-transparent.png","width":1782,"height":626,"caption":"Buletin de Bucure\u0219ti"},"image":{"@id":"https:\/\/buletin.de\/bucuresti\/#\/schema\/logo\/image\/"},"sameAs":["https:\/\/www.facebook.com\/buletin.de.buc","https:\/\/www.instagram.com\/buletinde.bucuresti\/"]},{"@type":"Person","@id":"https:\/\/buletin.de\/bucuresti\/#\/schema\/person\/295dc2228d2dc79294d636619468dc7f","name":"Bianca Albu","image":{"@type":"ImageObject","inLanguage":"en-GB","@id":"https:\/\/secure.gravatar.com\/avatar\/3df2e34e20f529e6fd7be4311ee1f7c4ec4aa886971590baf6fa214b15743516?s=96&d=monsterid&r=gf541c715eeec409ce8101252a3c0d8a7","url":"https:\/\/secure.gravatar.com\/avatar\/3df2e34e20f529e6fd7be4311ee1f7c4ec4aa886971590baf6fa214b15743516?s=96&d=monsterid&r=g","contentUrl":"https:\/\/secure.gravatar.com\/avatar\/3df2e34e20f529e6fd7be4311ee1f7c4ec4aa886971590baf6fa214b15743516?s=96&d=monsterid&r=g","caption":"Bianca Albu"},"description":"Reporter","url":"https:\/\/buletin.de\/bucuresti\/author\/biancaalbu\/"}]}},"authors":[{"term_id":22588,"user_id":6,"is_guest":0,"slug":"biancaalbu","display_name":"Bianca Albu","avatar_url":"https:\/\/secure.gravatar.com\/avatar\/3df2e34e20f529e6fd7be4311ee1f7c4ec4aa886971590baf6fa214b15743516?s=96&d=monsterid&r=g","0":null,"1":"","2":"","3":"","4":"","5":"","6":"","7":"","8":""}],"_links":{"self":[{"href":"https:\/\/buletin.de\/bucuresti\/wp-json\/wp\/v2\/posts\/9374","targetHints":{"allow":["GET"]}}],"collection":[{"href":"https:\/\/buletin.de\/bucuresti\/wp-json\/wp\/v2\/posts"}],"about":[{"href":"https:\/\/buletin.de\/bucuresti\/wp-json\/wp\/v2\/types\/post"}],"author":[{"embeddable":true,"href":"https:\/\/buletin.de\/bucuresti\/wp-json\/wp\/v2\/users\/6"}],"replies":[{"embeddable":true,"href":"https:\/\/buletin.de\/bucuresti\/wp-json\/wp\/v2\/comments?post=9374"}],"version-history":[{"count":12,"href":"https:\/\/buletin.de\/bucuresti\/wp-json\/wp\/v2\/posts\/9374\/revisions"}],"predecessor-version":[{"id":9539,"href":"https:\/\/buletin.de\/bucuresti\/wp-json\/wp\/v2\/posts\/9374\/revisions\/9539"}],"wp:featuredmedia":[{"embeddable":true,"href":"https:\/\/buletin.de\/bucuresti\/wp-json\/wp\/v2\/media\/9378"}],"wp:attachment":[{"href":"https:\/\/buletin.de\/bucuresti\/wp-json\/wp\/v2\/media?parent=9374"}],"wp:term":[{"taxonomy":"category","embeddable":true,"href":"https:\/\/buletin.de\/bucuresti\/wp-json\/wp\/v2\/categories?post=9374"},{"taxonomy":"post_tag","embeddable":true,"href":"https:\/\/buletin.de\/bucuresti\/wp-json\/wp\/v2\/tags?post=9374"},{"taxonomy":"author","embeddable":true,"href":"https:\/\/buletin.de\/bucuresti\/wp-json\/wp\/v2\/ppma_author?post=9374"}],"curies":[{"name":"wp","href":"https:\/\/api.w.org\/{rel}","templated":true}]}}