{"id":93613,"date":"2024-08-06T13:24:39","date_gmt":"2024-08-06T10:24:39","guid":{"rendered":"https:\/\/buletin.de\/bucuresti\/?p=93613"},"modified":"2024-08-06T13:40:33","modified_gmt":"2024-08-06T10:40:33","slug":"tratamente-impotriva-tantarilor-incepe-etapa-9-de-dezinsectie-in-capitala","status":"publish","type":"post","link":"https:\/\/buletin.de\/bucuresti\/tratamente-impotriva-tantarilor-incepe-etapa-9-de-dezinsectie-in-capitala\/","title":{"rendered":"Tratamente \u00eempotriva \u021b\u00e2n\u021barilor. \u00cencepe etapa 9 de dezinsec\u021bie \u00een Capital\u0103"},"content":{"rendered":"\n<p><strong>Tratamente \u00eempotriva \u021b\u00e2n\u021barilor au loc \u0219i \u00een cea de a 9-a etap\u0103, din cele 14 prev\u0103zute \u00een Programului Unitar de Ac\u021biune pentru Bucure\u0219ti, anun\u021b\u0103 \u00eentr-un comunicat Prim\u0103ria Municipiului Bucure\u0219ti (PMB).<\/strong><\/p>\n\n\n\n<p>Tratamentele de dezinsec\u021bie vor avea loc zilnic \u00eentre orele 22:00 \u0219i 05:00, pe toat\u0103 aria Capitalei, \u00een func\u021bie de condi\u021biile meteorologice din aceast\u0103 perioad\u0103.&nbsp;<\/p>\n\n\n\n<p>Dezinsec\u021bia va fi efectuat\u0103 \u00een parcuri,&nbsp; pe spa\u021bii verzi, pe terenuri ale institu\u021biilor publice, \u00een cimitire, maluri de lac, pie\u021be, t\u00e2rguri, oboare, b\u00e2lciuri, pe aliniamente stradale etc.<\/p>\n\n\n\n<h2 class=\"wp-block-heading\"><strong>Tratamente \u00eempotriva \u021b\u00e2n\u021barilor \u0219i larvelor pe lacurile din Capital\u0103<\/strong><\/h2>\n\n\n\n<p><strong>Compania Municipal\u0103 Eco Igienizare Bucure\u0219ti anun\u021b\u0103 c\u0103 au \u00eenceput de ieri sear\u0103, 5 august, demersurile pentru deparazitarea de larve \u0219i \u021b\u00e2n\u021bari, pe lacurile aflate \u00een administra\u021bia PMB, <a href=\"https:\/\/www.facebook.com\/infoddd\/posts\/pfbid0RkeGYroKdvv2TmB1ozDTmxwjMGd4nkeqbgwcoAW2LWbK2Ez947dRvdY73PQ8Cp3el\">anun\u021b\u0103 Info DDD pe Facebook<\/a>.<\/strong><\/p>\n\n\n\n<p>Lacurile pe care s-a ac\u021bionat cu tratamente de tip DDD:<\/p>\n\n\n\n<ul class=\"wp-block-list\">\n<li>Lacul Ci\u0219migiu<\/li>\n\n\n\n<li>Lacul Morii<\/li>\n\n\n\n<li>Lacul Tineretului<\/li>\n\n\n\n<li>Lacul Tei<\/li>\n\n\n\n<li>Lacul Circului<\/li>\n<\/ul>\n\n\n\n<div class=\"wp-block-columns is-layout-flex wp-container-core-columns-is-layout-9d6595d7 wp-block-columns-is-layout-flex\">\n<div class=\"wp-block-column is-layout-flow wp-block-column-is-layout-flow\" style=\"flex-basis:100%\">\n<figure class=\"wp-block-gallery has-nested-images columns-default is-cropped wp-block-gallery-1 is-layout-flex wp-block-gallery-is-layout-flex\">\n<figure class=\"wp-block-image size-large\"><img fetchpriority=\"high\" decoding=\"async\" width=\"506\" height=\"900\" data-id=\"93620\" src=\"data:image\/gif;base64,R0lGODlhAQABAAAAACH5BAEKAAEALAAAAAABAAEAAAICTAEAOw==\" data-src=\"https:\/\/buletin.de\/bucuresti\/wp-content\/uploads\/Tratamente-impotriva-tantarilor.-Info-DDD-4-506x900.jpg\" alt=\"Tratamente \u00eempotriva \u021b\u00e2n\u021barilor. Surs\u0103 foto: Facebook \/ Info DDD\" class=\"wp-image-93620 lazyload\" data-sizes=\"auto\" data-srcset=\"https:\/\/buletin.de\/bucuresti\/wp-content\/uploads\/Tratamente-impotriva-tantarilor.-Info-DDD-4-506x900.jpg 506w, https:\/\/buletin.de\/bucuresti\/wp-content\/uploads\/Tratamente-impotriva-tantarilor.-Info-DDD-4-169x300.jpg 169w, https:\/\/buletin.de\/bucuresti\/wp-content\/uploads\/Tratamente-impotriva-tantarilor.-Info-DDD-4-768x1365.jpg 768w, https:\/\/buletin.de\/bucuresti\/wp-content\/uploads\/Tratamente-impotriva-tantarilor.-Info-DDD-4-864x1536.jpg 864w, https:\/\/buletin.de\/bucuresti\/wp-content\/uploads\/Tratamente-impotriva-tantarilor.-Info-DDD-4-600x1067.jpg 600w, https:\/\/buletin.de\/bucuresti\/wp-content\/uploads\/Tratamente-impotriva-tantarilor.-Info-DDD-4-20x36.jpg 20w, https:\/\/buletin.de\/bucuresti\/wp-content\/uploads\/Tratamente-impotriva-tantarilor.-Info-DDD-4.jpg 900w\" sizes=\"(max-width: 506px) 100vw, 506px\" \/><\/figure>\n\n\n\n<figure class=\"wp-block-image size-large\"><img decoding=\"async\" width=\"506\" height=\"900\" data-id=\"93622\" src=\"data:image\/gif;base64,R0lGODlhAQABAAAAACH5BAEKAAEALAAAAAABAAEAAAICTAEAOw==\" data-src=\"https:\/\/buletin.de\/bucuresti\/wp-content\/uploads\/Tratamente-impotriva-tantarilor.-Info-DDD-3-506x900.jpg\" alt=\"Tratamente \u00eempotriva \u021b\u00e2n\u021barilor. Surs\u0103 foto: Facebook \/ Info DDD\" class=\"wp-image-93622 lazyload\" data-sizes=\"auto\" data-srcset=\"https:\/\/buletin.de\/bucuresti\/wp-content\/uploads\/Tratamente-impotriva-tantarilor.-Info-DDD-3-506x900.jpg 506w, https:\/\/buletin.de\/bucuresti\/wp-content\/uploads\/Tratamente-impotriva-tantarilor.-Info-DDD-3-169x300.jpg 169w, https:\/\/buletin.de\/bucuresti\/wp-content\/uploads\/Tratamente-impotriva-tantarilor.-Info-DDD-3-768x1365.jpg 768w, https:\/\/buletin.de\/bucuresti\/wp-content\/uploads\/Tratamente-impotriva-tantarilor.-Info-DDD-3-864x1536.jpg 864w, https:\/\/buletin.de\/bucuresti\/wp-content\/uploads\/Tratamente-impotriva-tantarilor.-Info-DDD-3-600x1067.jpg 600w, https:\/\/buletin.de\/bucuresti\/wp-content\/uploads\/Tratamente-impotriva-tantarilor.-Info-DDD-3-20x36.jpg 20w, https:\/\/buletin.de\/bucuresti\/wp-content\/uploads\/Tratamente-impotriva-tantarilor.-Info-DDD-3.jpg 900w\" sizes=\"(max-width: 506px) 100vw, 506px\" \/><\/figure>\n\n\n\n<figure class=\"wp-block-image size-large\"><img decoding=\"async\" width=\"900\" height=\"506\" data-id=\"93621\" src=\"data:image\/gif;base64,R0lGODlhAQABAAAAACH5BAEKAAEALAAAAAABAAEAAAICTAEAOw==\" data-src=\"https:\/\/buletin.de\/bucuresti\/wp-content\/uploads\/Tratamente-impotriva-tantarilor.-Info-DDD-5-900x506.jpg\" alt=\"\" class=\"wp-image-93621 lazyload\" data-sizes=\"auto\" data-srcset=\"https:\/\/buletin.de\/bucuresti\/wp-content\/uploads\/Tratamente-impotriva-tantarilor.-Info-DDD-5-900x506.jpg 900w, https:\/\/buletin.de\/bucuresti\/wp-content\/uploads\/Tratamente-impotriva-tantarilor.-Info-DDD-5-300x169.jpg 300w, https:\/\/buletin.de\/bucuresti\/wp-content\/uploads\/Tratamente-impotriva-tantarilor.-Info-DDD-5-768x432.jpg 768w, https:\/\/buletin.de\/bucuresti\/wp-content\/uploads\/Tratamente-impotriva-tantarilor.-Info-DDD-5-600x338.jpg 600w, https:\/\/buletin.de\/bucuresti\/wp-content\/uploads\/Tratamente-impotriva-tantarilor.-Info-DDD-5-20x11.jpg 20w, https:\/\/buletin.de\/bucuresti\/wp-content\/uploads\/Tratamente-impotriva-tantarilor.-Info-DDD-5.jpg 1024w\" sizes=\"(max-width: 900px) 100vw, 900px\" \/><\/figure>\n<figcaption class=\"blocks-gallery-caption wp-element-caption\">Tratamente \u00eempotriva \u021b\u00e2n\u021barilor. Surs\u0103 foto: Facebook \/ Info DDD<\/figcaption><\/figure>\n<\/div>\n<\/div>\n\n\n\n<p>CITE\u0218TE \u0218I: <a href=\"https:\/\/buletin.de\/bucuresti\/bucurestenii-aleg-transportul-public-numarul-abonamentelor-stb-a-crescut\/\"><strong>Bucure\u0219tenii aleg transportul public. Num\u0103rul abonamentelor STB a crescut<\/strong><\/a><\/p>\n\n\n\n<p>Ac\u021biunea va continua \u00een zonele imediat \u00eenvecinate malurilor de lac sau \u00een zonele cu vegeta\u021bie dezvoltat\u0103 \u00een interiorul lacului, din vecin\u0103tatea malurilor de lac, \u00een zona de mic\u0103 ad\u00e2ncime a apei pentru urm\u0103toarele lacuri:<\/p>\n\n\n\n<ul class=\"wp-block-list\">\n<li>Lacul Na\u021bional<\/li>\n\n\n\n<li>Lacul Carol<\/li>\n\n\n\n<li>Lacul Titan<\/li>\n\n\n\n<li>Lacul Morarilor<\/li>\n\n\n\n<li>Lacul Sticl\u0103riei<\/li>\n\n\n\n<li>Lacul Grivi\u021ba<\/li>\n\n\n\n<li>Lacul B\u0103neasa<\/li>\n\n\n\n<li>Lacul Str\u0103ule\u0219ti<\/li>\n\n\n\n<li>Lacul de la Palatele Br\u00e2ncovene\u0219ti Mogo\u0219oaia<\/li>\n<\/ul>\n\n\n\n<p>PMB reaminte\u0219te c\u0103 solu\u021biile folosite pentru tratamentele \u00eempotriva \u021b\u00e2n\u021barilor sunt avizate de Ministerul S\u0103n\u0103t\u0103\u021bii \u0219i, \u00een concentra\u021bia \u00een care este folosit\u0103, nu pun \u00een pericol s\u0103n\u0103tatea oamenilor sau a animalelor.&nbsp;<\/p>\n\n\n\n<p>\u00cenainte de etapa care abia a demarat, spre sf\u00e2r\u0219itul lunii iulie s-au efectuat acelea\u0219i tratamente \u00eempotriva insectelor, \u00een cadrul <a href=\"https:\/\/buletin.de\/bucuresti\/tratamente-impotriva-tantarilor-incepe-o-noua-etapa-de-dezinsectie-in-capitala\/\">etapei num\u0103rul 8<\/a>, din cele 14 prev\u0103zute anul acesta.&nbsp;<\/p>\n\n\n\n<h2 class=\"wp-block-heading\"><strong>Campania \u201eIlfov f\u0103r\u0103 \u021b\u00e2n\u021bari\u201d<\/strong><\/h2>\n\n\n\n<p>\u00cen acela\u0219i context, \u00een luna iulie, <a href=\"https:\/\/buletin.de\/bucuresti\/ilfov-fara-tantari-continua-lista-localitatilor-vizate-de-campania-de-dezinsectie\/\">\u00een toate localit\u0103\u021bile din jude\u021bul Ilfov s-au efectuat ac\u021biuni de dezinsec\u021bie<\/a>, \u00een cadrul campaniei \u201eIlfov f\u0103r\u0103 \u021b\u00e2n\u021bari!. S-au efectuat tratamente pentru \u00eendep\u0103rtarea insectelor \u00een toate cele 39 de localit\u0103\u021bi din Ilfov.&nbsp;<\/p>\n\n\n\n<p>Campania a fost lansat\u0103 \u00een Ilfov pentru c\u0103 au ap\u0103rut multe insecte d\u0103un\u0103toare \u00een urma ploilor \u0219i temperaturilor ridicate din ultima perioad\u0103.<\/p>\n\n\n\n<p>CITE\u0218TE \u0218I: <a href=\"https:\/\/buletin.de\/bucuresti\/vara-verde-in-vacaresti-continua\/\u00e2\"><strong>\u201eVara Verde \u00een V\u0103c\u0103re\u0219ti\u201d continu\u0103 \u00een luna august<\/strong><\/a><\/p>\n","protected":false},"excerpt":{"rendered":"<p>Tratamente \u00eempotriva \u021b\u00e2n\u021barilor au loc \u0219i \u00een cea de a 9-a etap\u0103, din cele 14 prev\u0103zute \u00een Programului Unitar de Ac\u021biune pentru Bucure\u0219ti, anun\u021b\u0103 \u00eentr-un comunicat Prim\u0103ria Municipiului Bucure\u0219ti (PMB). Tratamentele de dezinsec\u021bie vor avea loc zilnic \u00eentre orele 22:00 \u0219i 05:00, pe toat\u0103 aria Capitalei, \u00een func\u021bie de condi\u021biile meteorologice din aceast\u0103 perioad\u0103.&nbsp; Dezinsec\u021bia [&hellip;]<\/p>\n","protected":false},"author":58,"featured_media":93616,"comment_status":"closed","ping_status":"open","sticky":false,"template":"","format":"standard","meta":{"_acf_changed":false,"inline_featured_image":false,"ngg_post_thumbnail":0,"footnotes":""},"categories":[6994,62],"tags":[5599,13645,13965,12792],"ppma_author":[22581],"class_list":["post-93613","post","type-post","status-publish","format-standard","has-post-thumbnail","hentry","category-stiri-2","category-stiri","tag-dezinsectie","tag-tantari-bucuresti","tag-tratament-insecte","tag-tratamente-tantari"],"acf":[],"yoast_head":"<!-- This site is optimized with the Yoast SEO Premium plugin v25.3 (Yoast SEO v27.4) - https:\/\/yoast.com\/product\/yoast-seo-premium-wordpress\/ -->\n<title>Tratamente \u00eempotriva \u021b\u00e2n\u021barilor. \u00cencepe etapa 9 de dezinsec\u021bie \u00een Capital\u0103 - Buletin de Bucure\u0219ti<\/title>\n<meta name=\"description\" content=\"Tratamente \u00eempotriva \u021b\u00e2n\u021barilor. \u00cencepe cea de a 9-a etap\u0103, din cele 14 prev\u0103zute anul acesta \u00een Programului Unitar de Ac\u021biune.\" \/>\n<meta name=\"robots\" content=\"index, follow, max-snippet:-1, max-image-preview:large, max-video-preview:-1\" \/>\n<link rel=\"canonical\" href=\"https:\/\/buletin.de\/bucuresti\/tratamente-impotriva-tantarilor-incepe-etapa-9-de-dezinsectie-in-capitala\/\" \/>\n<meta property=\"og:locale\" content=\"en_GB\" \/>\n<meta property=\"og:type\" content=\"article\" \/>\n<meta property=\"og:title\" content=\"Tratamente \u00eempotriva \u021b\u00e2n\u021barilor. \u00cencepe etapa 9 de dezinsec\u021bie \u00een Capital\u0103\" \/>\n<meta property=\"og:description\" content=\"Tratamente \u00eempotriva \u021b\u00e2n\u021barilor. \u00cencepe cea de a 9-a etap\u0103, din cele 14 prev\u0103zute anul acesta \u00een Programului Unitar de Ac\u021biune.\" \/>\n<meta property=\"og:url\" content=\"https:\/\/buletin.de\/bucuresti\/tratamente-impotriva-tantarilor-incepe-etapa-9-de-dezinsectie-in-capitala\/\" \/>\n<meta property=\"og:site_name\" content=\"Buletin de Bucure\u0219ti\" \/>\n<meta property=\"article:publisher\" content=\"https:\/\/www.facebook.com\/buletin.de.buc\" \/>\n<meta property=\"article:published_time\" content=\"2024-08-06T10:24:39+00:00\" \/>\n<meta property=\"article:modified_time\" content=\"2024-08-06T10:40:33+00:00\" \/>\n<meta property=\"og:image\" content=\"https:\/\/buletin.de\/bucuresti\/wp-content\/uploads\/Tratamente-impotriva-tantarilor.-Info-DDD-2.jpg\" \/>\n\t<meta property=\"og:image:width\" content=\"1024\" \/>\n\t<meta property=\"og:image:height\" content=\"576\" \/>\n\t<meta property=\"og:image:type\" content=\"image\/jpeg\" \/>\n<meta name=\"author\" content=\"Ana Anghel-Dimache\" \/>\n<meta name=\"twitter:card\" content=\"summary_large_image\" \/>\n<meta name=\"twitter:label1\" content=\"Written by\" \/>\n\t<meta name=\"twitter:data1\" content=\"Ana Anghel-Dimache\" \/>\n\t<meta name=\"twitter:label2\" content=\"Estimated reading time\" \/>\n\t<meta name=\"twitter:data2\" content=\"3 minutes\" \/>\n<script type=\"application\/ld+json\" class=\"yoast-schema-graph\">{\"@context\":\"https:\\\/\\\/schema.org\",\"@graph\":[{\"@type\":\"Article\",\"@id\":\"https:\\\/\\\/buletin.de\\\/bucuresti\\\/tratamente-impotriva-tantarilor-incepe-etapa-9-de-dezinsectie-in-capitala\\\/#article\",\"isPartOf\":{\"@id\":\"https:\\\/\\\/buletin.de\\\/bucuresti\\\/tratamente-impotriva-tantarilor-incepe-etapa-9-de-dezinsectie-in-capitala\\\/\"},\"author\":{\"name\":\"Ana Anghel-Dimache\",\"@id\":\"https:\\\/\\\/buletin.de\\\/bucuresti\\\/#\\\/schema\\\/person\\\/359459245996e200ed7c807f71f0551a\"},\"headline\":\"Tratamente \u00eempotriva \u021b\u00e2n\u021barilor. \u00cencepe etapa 9 de dezinsec\u021bie \u00een Capital\u0103\",\"datePublished\":\"2024-08-06T10:24:39+00:00\",\"dateModified\":\"2024-08-06T10:40:33+00:00\",\"mainEntityOfPage\":{\"@id\":\"https:\\\/\\\/buletin.de\\\/bucuresti\\\/tratamente-impotriva-tantarilor-incepe-etapa-9-de-dezinsectie-in-capitala\\\/\"},\"wordCount\":428,\"publisher\":{\"@id\":\"https:\\\/\\\/buletin.de\\\/bucuresti\\\/#organization\"},\"image\":{\"@id\":\"https:\\\/\\\/buletin.de\\\/bucuresti\\\/tratamente-impotriva-tantarilor-incepe-etapa-9-de-dezinsectie-in-capitala\\\/#primaryimage\"},\"thumbnailUrl\":\"https:\\\/\\\/buletin.de\\\/bucuresti\\\/wp-content\\\/uploads\\\/Tratamente-impotriva-tantarilor.-Info-DDD-2.jpg\",\"keywords\":[\"dezinsectie\",\"tantari bucuresti\",\"tratament insecte\",\"Tratamente tantari\"],\"articleSection\":[\"Articole\",\"\u0218tiri\"],\"inLanguage\":\"en-GB\",\"copyrightYear\":\"2024\",\"copyrightHolder\":{\"@id\":\"https:\\\/\\\/buletin.de\\\/bucuresti\\\/#organization\"}},{\"@type\":\"WebPage\",\"@id\":\"https:\\\/\\\/buletin.de\\\/bucuresti\\\/tratamente-impotriva-tantarilor-incepe-etapa-9-de-dezinsectie-in-capitala\\\/\",\"url\":\"https:\\\/\\\/buletin.de\\\/bucuresti\\\/tratamente-impotriva-tantarilor-incepe-etapa-9-de-dezinsectie-in-capitala\\\/\",\"name\":\"Tratamente \u00eempotriva \u021b\u00e2n\u021barilor. \u00cencepe etapa 9 de dezinsec\u021bie \u00een Capital\u0103 - Buletin de Bucure\u0219ti\",\"isPartOf\":{\"@id\":\"https:\\\/\\\/buletin.de\\\/bucuresti\\\/#website\"},\"primaryImageOfPage\":{\"@id\":\"https:\\\/\\\/buletin.de\\\/bucuresti\\\/tratamente-impotriva-tantarilor-incepe-etapa-9-de-dezinsectie-in-capitala\\\/#primaryimage\"},\"image\":{\"@id\":\"https:\\\/\\\/buletin.de\\\/bucuresti\\\/tratamente-impotriva-tantarilor-incepe-etapa-9-de-dezinsectie-in-capitala\\\/#primaryimage\"},\"thumbnailUrl\":\"https:\\\/\\\/buletin.de\\\/bucuresti\\\/wp-content\\\/uploads\\\/Tratamente-impotriva-tantarilor.-Info-DDD-2.jpg\",\"datePublished\":\"2024-08-06T10:24:39+00:00\",\"dateModified\":\"2024-08-06T10:40:33+00:00\",\"description\":\"Tratamente \u00eempotriva \u021b\u00e2n\u021barilor. \u00cencepe cea de a 9-a etap\u0103, din cele 14 prev\u0103zute anul acesta \u00een Programului Unitar de Ac\u021biune.\",\"breadcrumb\":{\"@id\":\"https:\\\/\\\/buletin.de\\\/bucuresti\\\/tratamente-impotriva-tantarilor-incepe-etapa-9-de-dezinsectie-in-capitala\\\/#breadcrumb\"},\"inLanguage\":\"en-GB\",\"potentialAction\":[{\"@type\":\"ReadAction\",\"target\":[\"https:\\\/\\\/buletin.de\\\/bucuresti\\\/tratamente-impotriva-tantarilor-incepe-etapa-9-de-dezinsectie-in-capitala\\\/\"]}]},{\"@type\":\"ImageObject\",\"inLanguage\":\"en-GB\",\"@id\":\"https:\\\/\\\/buletin.de\\\/bucuresti\\\/tratamente-impotriva-tantarilor-incepe-etapa-9-de-dezinsectie-in-capitala\\\/#primaryimage\",\"url\":\"https:\\\/\\\/buletin.de\\\/bucuresti\\\/wp-content\\\/uploads\\\/Tratamente-impotriva-tantarilor.-Info-DDD-2.jpg\",\"contentUrl\":\"https:\\\/\\\/buletin.de\\\/bucuresti\\\/wp-content\\\/uploads\\\/Tratamente-impotriva-tantarilor.-Info-DDD-2.jpg\",\"width\":1024,\"height\":576,\"caption\":\"Tratamente \u00eempotriva \u021b\u00e2n\u021barilor. FOTO: Facebook \\\/ Info DDD\"},{\"@type\":\"BreadcrumbList\",\"@id\":\"https:\\\/\\\/buletin.de\\\/bucuresti\\\/tratamente-impotriva-tantarilor-incepe-etapa-9-de-dezinsectie-in-capitala\\\/#breadcrumb\",\"itemListElement\":[{\"@type\":\"ListItem\",\"position\":1,\"name\":\"Acas\u0103\",\"item\":\"https:\\\/\\\/buletin.de\\\/bucuresti\\\/\"},{\"@type\":\"ListItem\",\"position\":2,\"name\":\"Tratamente \u00eempotriva \u021b\u00e2n\u021barilor. \u00cencepe etapa 9 de dezinsec\u021bie \u00een Capital\u0103\"}]},{\"@type\":\"WebSite\",\"@id\":\"https:\\\/\\\/buletin.de\\\/bucuresti\\\/#website\",\"url\":\"https:\\\/\\\/buletin.de\\\/bucuresti\\\/\",\"name\":\"Buletin de Bucure\u0219ti\",\"description\":\"\u0218tiri \u0219i investiga\u021bii esen\u021biale din capital\u0103\",\"publisher\":{\"@id\":\"https:\\\/\\\/buletin.de\\\/bucuresti\\\/#organization\"},\"potentialAction\":[{\"@type\":\"SearchAction\",\"target\":{\"@type\":\"EntryPoint\",\"urlTemplate\":\"https:\\\/\\\/buletin.de\\\/bucuresti\\\/?s={search_term_string}\"},\"query-input\":{\"@type\":\"PropertyValueSpecification\",\"valueRequired\":true,\"valueName\":\"search_term_string\"}}],\"inLanguage\":\"en-GB\"},{\"@type\":\"Organization\",\"@id\":\"https:\\\/\\\/buletin.de\\\/bucuresti\\\/#organization\",\"name\":\"Buletin de Bucure\u0219ti\",\"url\":\"https:\\\/\\\/buletin.de\\\/bucuresti\\\/\",\"logo\":{\"@type\":\"ImageObject\",\"inLanguage\":\"en-GB\",\"@id\":\"https:\\\/\\\/buletin.de\\\/bucuresti\\\/#\\\/schema\\\/logo\\\/image\\\/\",\"url\":\"https:\\\/\\\/buletin.de\\\/bucuresti\\\/wp-content\\\/uploads\\\/logo-bdb-full-wide-vernil-transparent.png\",\"contentUrl\":\"https:\\\/\\\/buletin.de\\\/bucuresti\\\/wp-content\\\/uploads\\\/logo-bdb-full-wide-vernil-transparent.png\",\"width\":1782,\"height\":626,\"caption\":\"Buletin de Bucure\u0219ti\"},\"image\":{\"@id\":\"https:\\\/\\\/buletin.de\\\/bucuresti\\\/#\\\/schema\\\/logo\\\/image\\\/\"},\"sameAs\":[\"https:\\\/\\\/www.facebook.com\\\/buletin.de.buc\",\"https:\\\/\\\/www.instagram.com\\\/buletinde.bucuresti\\\/\"]},{\"@type\":\"Person\",\"@id\":\"https:\\\/\\\/buletin.de\\\/bucuresti\\\/#\\\/schema\\\/person\\\/359459245996e200ed7c807f71f0551a\",\"name\":\"Ana Anghel-Dimache\",\"image\":{\"@type\":\"ImageObject\",\"inLanguage\":\"en-GB\",\"@id\":\"https:\\\/\\\/buletin.de\\\/bucuresti\\\/wp-content\\\/uploads\\\/Ana-Anghel-Dimache-96x96.jpg861145fc2c4f1fe57dc81b59a6cfb674\",\"url\":\"https:\\\/\\\/buletin.de\\\/bucuresti\\\/wp-content\\\/uploads\\\/Ana-Anghel-Dimache-96x96.jpg\",\"contentUrl\":\"https:\\\/\\\/buletin.de\\\/bucuresti\\\/wp-content\\\/uploads\\\/Ana-Anghel-Dimache-96x96.jpg\",\"caption\":\"Ana Anghel-Dimache\"},\"description\":\"Sunt student\u0103 la jurnalism \u0219i m-am n\u0103scut \u00een Bucure\u0219ti, ora\u0219 plin de pove\u0219ti care merit\u0103 explorate. \u00cemi place s\u0103 scriu despre subiecte politice, de mediu \u0219i legate de transportul din Capital\u0103. \u00cencerc s\u0103 pictez o imagine c\u00e2t mai sincer\u0103 a realit\u0103\u021bii \u0219i sus\u021bin presa independent\u0103 pentru c\u0103 este esen\u021bial s\u0103 pot reda faptele \u00een formele lor adev\u0103rate.\",\"url\":\"https:\\\/\\\/buletin.de\\\/bucuresti\\\/author\\\/ana-dimache\\\/\"}]}<\/script>\n<!-- \/ Yoast SEO Premium plugin. -->","yoast_head_json":{"title":"Tratamente \u00eempotriva \u021b\u00e2n\u021barilor. \u00cencepe etapa 9 de dezinsec\u021bie \u00een Capital\u0103 - Buletin de Bucure\u0219ti","description":"Tratamente \u00eempotriva \u021b\u00e2n\u021barilor. \u00cencepe cea de a 9-a etap\u0103, din cele 14 prev\u0103zute anul acesta \u00een Programului Unitar de Ac\u021biune.","robots":{"index":"index","follow":"follow","max-snippet":"max-snippet:-1","max-image-preview":"max-image-preview:large","max-video-preview":"max-video-preview:-1"},"canonical":"https:\/\/buletin.de\/bucuresti\/tratamente-impotriva-tantarilor-incepe-etapa-9-de-dezinsectie-in-capitala\/","og_locale":"en_GB","og_type":"article","og_title":"Tratamente \u00eempotriva \u021b\u00e2n\u021barilor. \u00cencepe etapa 9 de dezinsec\u021bie \u00een Capital\u0103","og_description":"Tratamente \u00eempotriva \u021b\u00e2n\u021barilor. \u00cencepe cea de a 9-a etap\u0103, din cele 14 prev\u0103zute anul acesta \u00een Programului Unitar de Ac\u021biune.","og_url":"https:\/\/buletin.de\/bucuresti\/tratamente-impotriva-tantarilor-incepe-etapa-9-de-dezinsectie-in-capitala\/","og_site_name":"Buletin de Bucure\u0219ti","article_publisher":"https:\/\/www.facebook.com\/buletin.de.buc","article_published_time":"2024-08-06T10:24:39+00:00","article_modified_time":"2024-08-06T10:40:33+00:00","og_image":[{"width":1024,"height":576,"url":"https:\/\/buletin.de\/bucuresti\/wp-content\/uploads\/Tratamente-impotriva-tantarilor.-Info-DDD-2.jpg","type":"image\/jpeg"}],"author":"Ana Anghel-Dimache","twitter_card":"summary_large_image","twitter_misc":{"Written by":"Ana Anghel-Dimache","Estimated reading time":"3 minutes"},"schema":{"@context":"https:\/\/schema.org","@graph":[{"@type":"Article","@id":"https:\/\/buletin.de\/bucuresti\/tratamente-impotriva-tantarilor-incepe-etapa-9-de-dezinsectie-in-capitala\/#article","isPartOf":{"@id":"https:\/\/buletin.de\/bucuresti\/tratamente-impotriva-tantarilor-incepe-etapa-9-de-dezinsectie-in-capitala\/"},"author":{"name":"Ana Anghel-Dimache","@id":"https:\/\/buletin.de\/bucuresti\/#\/schema\/person\/359459245996e200ed7c807f71f0551a"},"headline":"Tratamente \u00eempotriva \u021b\u00e2n\u021barilor. \u00cencepe etapa 9 de dezinsec\u021bie \u00een Capital\u0103","datePublished":"2024-08-06T10:24:39+00:00","dateModified":"2024-08-06T10:40:33+00:00","mainEntityOfPage":{"@id":"https:\/\/buletin.de\/bucuresti\/tratamente-impotriva-tantarilor-incepe-etapa-9-de-dezinsectie-in-capitala\/"},"wordCount":428,"publisher":{"@id":"https:\/\/buletin.de\/bucuresti\/#organization"},"image":{"@id":"https:\/\/buletin.de\/bucuresti\/tratamente-impotriva-tantarilor-incepe-etapa-9-de-dezinsectie-in-capitala\/#primaryimage"},"thumbnailUrl":"https:\/\/buletin.de\/bucuresti\/wp-content\/uploads\/Tratamente-impotriva-tantarilor.-Info-DDD-2.jpg","keywords":["dezinsectie","tantari bucuresti","tratament insecte","Tratamente tantari"],"articleSection":["Articole","\u0218tiri"],"inLanguage":"en-GB","copyrightYear":"2024","copyrightHolder":{"@id":"https:\/\/buletin.de\/bucuresti\/#organization"}},{"@type":"WebPage","@id":"https:\/\/buletin.de\/bucuresti\/tratamente-impotriva-tantarilor-incepe-etapa-9-de-dezinsectie-in-capitala\/","url":"https:\/\/buletin.de\/bucuresti\/tratamente-impotriva-tantarilor-incepe-etapa-9-de-dezinsectie-in-capitala\/","name":"Tratamente \u00eempotriva \u021b\u00e2n\u021barilor. \u00cencepe etapa 9 de dezinsec\u021bie \u00een Capital\u0103 - Buletin de Bucure\u0219ti","isPartOf":{"@id":"https:\/\/buletin.de\/bucuresti\/#website"},"primaryImageOfPage":{"@id":"https:\/\/buletin.de\/bucuresti\/tratamente-impotriva-tantarilor-incepe-etapa-9-de-dezinsectie-in-capitala\/#primaryimage"},"image":{"@id":"https:\/\/buletin.de\/bucuresti\/tratamente-impotriva-tantarilor-incepe-etapa-9-de-dezinsectie-in-capitala\/#primaryimage"},"thumbnailUrl":"https:\/\/buletin.de\/bucuresti\/wp-content\/uploads\/Tratamente-impotriva-tantarilor.-Info-DDD-2.jpg","datePublished":"2024-08-06T10:24:39+00:00","dateModified":"2024-08-06T10:40:33+00:00","description":"Tratamente \u00eempotriva \u021b\u00e2n\u021barilor. \u00cencepe cea de a 9-a etap\u0103, din cele 14 prev\u0103zute anul acesta \u00een Programului Unitar de Ac\u021biune.","breadcrumb":{"@id":"https:\/\/buletin.de\/bucuresti\/tratamente-impotriva-tantarilor-incepe-etapa-9-de-dezinsectie-in-capitala\/#breadcrumb"},"inLanguage":"en-GB","potentialAction":[{"@type":"ReadAction","target":["https:\/\/buletin.de\/bucuresti\/tratamente-impotriva-tantarilor-incepe-etapa-9-de-dezinsectie-in-capitala\/"]}]},{"@type":"ImageObject","inLanguage":"en-GB","@id":"https:\/\/buletin.de\/bucuresti\/tratamente-impotriva-tantarilor-incepe-etapa-9-de-dezinsectie-in-capitala\/#primaryimage","url":"https:\/\/buletin.de\/bucuresti\/wp-content\/uploads\/Tratamente-impotriva-tantarilor.-Info-DDD-2.jpg","contentUrl":"https:\/\/buletin.de\/bucuresti\/wp-content\/uploads\/Tratamente-impotriva-tantarilor.-Info-DDD-2.jpg","width":1024,"height":576,"caption":"Tratamente \u00eempotriva \u021b\u00e2n\u021barilor. FOTO: Facebook \/ Info DDD"},{"@type":"BreadcrumbList","@id":"https:\/\/buletin.de\/bucuresti\/tratamente-impotriva-tantarilor-incepe-etapa-9-de-dezinsectie-in-capitala\/#breadcrumb","itemListElement":[{"@type":"ListItem","position":1,"name":"Acas\u0103","item":"https:\/\/buletin.de\/bucuresti\/"},{"@type":"ListItem","position":2,"name":"Tratamente \u00eempotriva \u021b\u00e2n\u021barilor. \u00cencepe etapa 9 de dezinsec\u021bie \u00een Capital\u0103"}]},{"@type":"WebSite","@id":"https:\/\/buletin.de\/bucuresti\/#website","url":"https:\/\/buletin.de\/bucuresti\/","name":"Buletin de Bucure\u0219ti","description":"\u0218tiri \u0219i investiga\u021bii esen\u021biale din capital\u0103","publisher":{"@id":"https:\/\/buletin.de\/bucuresti\/#organization"},"potentialAction":[{"@type":"SearchAction","target":{"@type":"EntryPoint","urlTemplate":"https:\/\/buletin.de\/bucuresti\/?s={search_term_string}"},"query-input":{"@type":"PropertyValueSpecification","valueRequired":true,"valueName":"search_term_string"}}],"inLanguage":"en-GB"},{"@type":"Organization","@id":"https:\/\/buletin.de\/bucuresti\/#organization","name":"Buletin de Bucure\u0219ti","url":"https:\/\/buletin.de\/bucuresti\/","logo":{"@type":"ImageObject","inLanguage":"en-GB","@id":"https:\/\/buletin.de\/bucuresti\/#\/schema\/logo\/image\/","url":"https:\/\/buletin.de\/bucuresti\/wp-content\/uploads\/logo-bdb-full-wide-vernil-transparent.png","contentUrl":"https:\/\/buletin.de\/bucuresti\/wp-content\/uploads\/logo-bdb-full-wide-vernil-transparent.png","width":1782,"height":626,"caption":"Buletin de Bucure\u0219ti"},"image":{"@id":"https:\/\/buletin.de\/bucuresti\/#\/schema\/logo\/image\/"},"sameAs":["https:\/\/www.facebook.com\/buletin.de.buc","https:\/\/www.instagram.com\/buletinde.bucuresti\/"]},{"@type":"Person","@id":"https:\/\/buletin.de\/bucuresti\/#\/schema\/person\/359459245996e200ed7c807f71f0551a","name":"Ana Anghel-Dimache","image":{"@type":"ImageObject","inLanguage":"en-GB","@id":"https:\/\/buletin.de\/bucuresti\/wp-content\/uploads\/Ana-Anghel-Dimache-96x96.jpg861145fc2c4f1fe57dc81b59a6cfb674","url":"https:\/\/buletin.de\/bucuresti\/wp-content\/uploads\/Ana-Anghel-Dimache-96x96.jpg","contentUrl":"https:\/\/buletin.de\/bucuresti\/wp-content\/uploads\/Ana-Anghel-Dimache-96x96.jpg","caption":"Ana Anghel-Dimache"},"description":"Sunt student\u0103 la jurnalism \u0219i m-am n\u0103scut \u00een Bucure\u0219ti, ora\u0219 plin de pove\u0219ti care merit\u0103 explorate. \u00cemi place s\u0103 scriu despre subiecte politice, de mediu \u0219i legate de transportul din Capital\u0103. \u00cencerc s\u0103 pictez o imagine c\u00e2t mai sincer\u0103 a realit\u0103\u021bii \u0219i sus\u021bin presa independent\u0103 pentru c\u0103 este esen\u021bial s\u0103 pot reda faptele \u00een formele lor adev\u0103rate.","url":"https:\/\/buletin.de\/bucuresti\/author\/ana-dimache\/"}]}},"authors":[{"term_id":22581,"user_id":58,"is_guest":0,"slug":"ana-dimache","display_name":"Ana Anghel-Dimache","avatar_url":"https:\/\/buletin.de\/bucuresti\/wp-content\/uploads\/Ana-Anghel-Dimache-96x96.jpg","0":null,"1":"","2":"","3":"","4":"","5":"","6":"","7":"","8":""}],"_links":{"self":[{"href":"https:\/\/buletin.de\/bucuresti\/wp-json\/wp\/v2\/posts\/93613","targetHints":{"allow":["GET"]}}],"collection":[{"href":"https:\/\/buletin.de\/bucuresti\/wp-json\/wp\/v2\/posts"}],"about":[{"href":"https:\/\/buletin.de\/bucuresti\/wp-json\/wp\/v2\/types\/post"}],"author":[{"embeddable":true,"href":"https:\/\/buletin.de\/bucuresti\/wp-json\/wp\/v2\/users\/58"}],"replies":[{"embeddable":true,"href":"https:\/\/buletin.de\/bucuresti\/wp-json\/wp\/v2\/comments?post=93613"}],"version-history":[{"count":3,"href":"https:\/\/buletin.de\/bucuresti\/wp-json\/wp\/v2\/posts\/93613\/revisions"}],"predecessor-version":[{"id":93632,"href":"https:\/\/buletin.de\/bucuresti\/wp-json\/wp\/v2\/posts\/93613\/revisions\/93632"}],"wp:featuredmedia":[{"embeddable":true,"href":"https:\/\/buletin.de\/bucuresti\/wp-json\/wp\/v2\/media\/93616"}],"wp:attachment":[{"href":"https:\/\/buletin.de\/bucuresti\/wp-json\/wp\/v2\/media?parent=93613"}],"wp:term":[{"taxonomy":"category","embeddable":true,"href":"https:\/\/buletin.de\/bucuresti\/wp-json\/wp\/v2\/categories?post=93613"},{"taxonomy":"post_tag","embeddable":true,"href":"https:\/\/buletin.de\/bucuresti\/wp-json\/wp\/v2\/tags?post=93613"},{"taxonomy":"author","embeddable":true,"href":"https:\/\/buletin.de\/bucuresti\/wp-json\/wp\/v2\/ppma_author?post=93613"}],"curies":[{"name":"wp","href":"https:\/\/api.w.org\/{rel}","templated":true}]}}