{"id":9354,"date":"2020-07-19T05:47:37","date_gmt":"2020-07-19T02:47:37","guid":{"rendered":"https:\/\/buletin.de\/bucuresti\/?p=9354"},"modified":"2020-07-20T12:42:43","modified_gmt":"2020-07-20T09:42:43","slug":"scandal-intre-arafat-si-firea-pe-locurile-de-la-ati","status":"publish","type":"post","link":"https:\/\/buletin.de\/bucuresti\/scandal-intre-arafat-si-firea-pe-locurile-de-la-ati\/","title":{"rendered":"Scandal \u00eentre Arafat \u0219i Firea pe locurile de la ATI"},"content":{"rendered":"\n<p><strong>\u00cen ziua cu un nou record de infect\u0103ri de COVID-19, cu 889 de noi cazuri, dintre care 117 doar \u00een Bucure\u0219ti, primarul general Gabriela Firea \u0219i \u0219eful DSU, Raed Arafat se ceart\u0103 pe gradul de ocupare a locurilor de la terapie intensiv\u0103 din Bucure\u0219ti.&nbsp;<br><\/strong><\/p>\n\n\n\n<p>Secretarul de Stat de la MAI, Raed Arafat a declarat vineri sear\u0103 \u00een direct la Digi 24 c\u0103 nu mai sunt locuri la terapie intensiv\u0103 \u00een spitalele din Bucure\u0219ti.&nbsp;<br><\/p>\n\n\n\n<p><em>\u201e<\/em><em>\u00cen spitalele din Bucure\u0219ti pentru tratarea bolnavilor de COVID nu mai era, vineri dup\u0103-amiaz\u0103, niciun loc liber la terapie intensiv\u0103. \u00cen aceste condi\u021bii, eventuale noi cazuri de COVID ap\u0103rute \u00een Bucure\u0219ti care ar avea nevoie de terapie intensiv\u0103 vor trebui transportate c\u0103tre alte localit\u0103\u021bi unde sunt locuri libere la ATI, dar \u0219i Ploie\u0219tiul este aproape plin<\/em><em>\u201d<\/em><br><\/p>\n\n\n\n<p>La pu\u021bin\u0103 vreme dup\u0103, \u00eentr-o avalan\u0219\u0103 de post\u0103ri, Primarul General al Capitalei, Gabriela Firea l-a contrazis pe Facebook pe Raed Arafat \u0219i a sus\u021binut c\u0103 \u00een Bucure\u0219ti exist\u0103 locuri libere la terapie intensiv\u0103.&nbsp;<\/p>\n\n\n\n<p><\/p>\n\n\n\n<p><em>20 din cele 25 de ventilatoare mecanice mobile recent achizi\u021bionate de Prim\u0103ria Capitalei, prin Assmb, le punem la dispozi\u021bie, pe perioada pandemiei, Ministerului Sanatatii, care zilnic transmite ca nu mai sunt paturi de ATI \u00een spitalele din Bucure\u0219ti \u0219i nici ventilatoare mecanice.<\/em><\/p>\n\n\n\n<p><em>Subliniez \u00eenc\u0103 o data faptul c\u0103 raport\u0103rile Ministerului Sanatatii se refer\u0103 DOAR la num\u0103rul de paturi normale si de ATI alocate \u00een martie pentru tratarea infectiei Covid 19 in spitalele de linia 1, 2 si suport, adic\u0103 6 la num\u0103r (Victior Babes, Matei Bals, Colentina, Marius Nasta, Carol Davila, Maternitatea Bucur) si nu la TOATE paturile normale si de ATI din spitalele bucure\u0219tene, \u00een num\u0103r de 45!!<\/em><\/p>\n\n\n\n<p><em>Este de neacceptat dezinformarea pe care o face guvernul prin ministerul de resort! arat\u0103 Gabriela Firea \u00een prima postare.&nbsp;<\/em><br><\/p>\n\n\n\n<figure class=\"wp-block-embed-facebook wp-block-embed is-type-rich is-provider-facebook\"><div class=\"wp-block-embed__wrapper\">\nhttps:\/\/www.facebook.com\/427656597297153\/posts\/3372752132787570\/\n<\/div><\/figure>\n\n\n\n<p>Revin cu informatii corecte, verificabile, pentru a mai atenua campania de dezinformare a Ministerului Sanatatii. Azi s-a anuntat \u201crecord de imbolnaviri Covid 19 in Capitala\u201d : 4260!!&nbsp;<\/p>\n\n\n\n<p>Titluri mari : S-a depasit Suceava! Focar!! Nenorocire!!&nbsp;<\/p>\n\n\n\n<p>Cata minciuna si aberatie!!&nbsp;<br><\/p>\n\n\n\n<figure class=\"wp-block-embed-facebook wp-block-embed is-type-rich is-provider-facebook\"><div class=\"wp-block-embed__wrapper\">\nhttps:\/\/www.facebook.com\/427656597297153\/posts\/3373284642734319\/\n<\/div><\/figure>\n\n\n\n<p>P\u00e2n\u0103 la o pozi\u021bie oficial\u0103 spitalelor din Bucure\u0219ti dedicate trat\u0103rii persoanelor infectate de COVID-19,&nbsp; situa\u021bia locurilor la ATI r\u0103m\u00e2ne incert\u0103. <\/p>\n\n\n\n<p><\/p>\n","protected":false},"excerpt":{"rendered":"<p>\u00cen ziua cu un nou record de infect\u0103ri de COVID-19, cu 889 de noi cazuri, dintre care 117 doar \u00een Bucure\u0219ti, primarul general Gabriela Firea \u0219i \u0219eful DSU, Raed Arafat se ceart\u0103 pe gradul de ocupare a locurilor de la terapie intensiv\u0103 din Bucure\u0219ti.&nbsp; Secretarul de Stat de la MAI, Raed Arafat a declarat vineri [&hellip;]<\/p>\n","protected":false},"author":17,"featured_media":6917,"comment_status":"closed","ping_status":"open","sticky":false,"template":"","format":"standard","meta":{"_acf_changed":false,"inline_featured_image":false,"ngg_post_thumbnail":0,"footnotes":""},"categories":[1],"tags":[],"ppma_author":[22576],"class_list":["post-9354","post","type-post","status-publish","format-standard","has-post-thumbnail","hentry","category-diverse"],"acf":[],"yoast_head":"<!-- This site is optimized with the Yoast SEO Premium plugin v25.3 (Yoast SEO v27.5) - https:\/\/yoast.com\/product\/yoast-seo-premium-wordpress\/ -->\n<title>Scandal \u00eentre Arafat \u0219i Firea pe locurile de la ATI - Buletin de Bucure\u0219ti<\/title>\n<meta name=\"robots\" content=\"index, follow, max-snippet:-1, max-image-preview:large, max-video-preview:-1\" \/>\n<link rel=\"canonical\" href=\"https:\/\/buletin.de\/bucuresti\/scandal-intre-arafat-si-firea-pe-locurile-de-la-ati\/\" \/>\n<meta property=\"og:locale\" content=\"en_GB\" \/>\n<meta property=\"og:type\" content=\"article\" \/>\n<meta property=\"og:title\" content=\"Scandal \u00eentre Arafat \u0219i Firea pe locurile de la ATI\" \/>\n<meta property=\"og:description\" content=\"\u00cen ziua cu un nou record de infect\u0103ri de COVID-19, cu 889 de noi cazuri, dintre care 117 doar \u00een Bucure\u0219ti, primarul general Gabriela Firea \u0219i \u0219eful DSU, Raed Arafat se ceart\u0103 pe gradul de ocupare a locurilor de la terapie intensiv\u0103 din Bucure\u0219ti.&nbsp; Secretarul de Stat de la MAI, Raed Arafat a declarat vineri [&hellip;]\" \/>\n<meta property=\"og:url\" content=\"https:\/\/buletin.de\/bucuresti\/scandal-intre-arafat-si-firea-pe-locurile-de-la-ati\/\" \/>\n<meta property=\"og:site_name\" content=\"Buletin de Bucure\u0219ti\" \/>\n<meta property=\"article:publisher\" content=\"https:\/\/www.facebook.com\/buletin.de.buc\" \/>\n<meta property=\"article:published_time\" content=\"2020-07-19T02:47:37+00:00\" \/>\n<meta property=\"article:modified_time\" content=\"2020-07-20T09:42:43+00:00\" \/>\n<meta property=\"og:image\" content=\"https:\/\/buletin.de\/bucuresti\/wp-content\/uploads\/firea-teste.jpg\" \/>\n\t<meta property=\"og:image:width\" content=\"2441\" \/>\n\t<meta property=\"og:image:height\" content=\"1321\" \/>\n\t<meta property=\"og:image:type\" content=\"image\/jpeg\" \/>\n<meta name=\"author\" content=\"Florin R\u00e2\u0219teiu\" \/>\n<meta name=\"twitter:card\" content=\"summary_large_image\" \/>\n<meta name=\"twitter:label1\" content=\"Written by\" \/>\n\t<meta name=\"twitter:data1\" content=\"Florin R\u00e2\u0219teiu\" \/>\n\t<meta name=\"twitter:label2\" content=\"Estimated reading time\" \/>\n\t<meta name=\"twitter:data2\" content=\"2 minutes\" \/>\n<script type=\"application\/ld+json\" class=\"yoast-schema-graph\">{\"@context\":\"https:\\\/\\\/schema.org\",\"@graph\":[{\"@type\":\"Article\",\"@id\":\"https:\\\/\\\/buletin.de\\\/bucuresti\\\/scandal-intre-arafat-si-firea-pe-locurile-de-la-ati\\\/#article\",\"isPartOf\":{\"@id\":\"https:\\\/\\\/buletin.de\\\/bucuresti\\\/scandal-intre-arafat-si-firea-pe-locurile-de-la-ati\\\/\"},\"author\":{\"name\":\"Florin R\u00e2\u0219teiu\",\"@id\":\"https:\\\/\\\/buletin.de\\\/bucuresti\\\/#\\\/schema\\\/person\\\/b0686d7a8b666c6afc78239777fd8a89\"},\"headline\":\"Scandal \u00eentre Arafat \u0219i Firea pe locurile de la ATI\",\"datePublished\":\"2020-07-19T02:47:37+00:00\",\"dateModified\":\"2020-07-20T09:42:43+00:00\",\"mainEntityOfPage\":{\"@id\":\"https:\\\/\\\/buletin.de\\\/bucuresti\\\/scandal-intre-arafat-si-firea-pe-locurile-de-la-ati\\\/\"},\"wordCount\":395,\"publisher\":{\"@id\":\"https:\\\/\\\/buletin.de\\\/bucuresti\\\/#organization\"},\"image\":{\"@id\":\"https:\\\/\\\/buletin.de\\\/bucuresti\\\/scandal-intre-arafat-si-firea-pe-locurile-de-la-ati\\\/#primaryimage\"},\"thumbnailUrl\":\"https:\\\/\\\/buletin.de\\\/bucuresti\\\/wp-content\\\/uploads\\\/firea-teste.jpg\",\"articleSection\":[\"Diverse\"],\"inLanguage\":\"en-GB\",\"copyrightYear\":\"2020\",\"copyrightHolder\":{\"@id\":\"https:\\\/\\\/buletin.de\\\/bucuresti\\\/#organization\"}},{\"@type\":\"WebPage\",\"@id\":\"https:\\\/\\\/buletin.de\\\/bucuresti\\\/scandal-intre-arafat-si-firea-pe-locurile-de-la-ati\\\/\",\"url\":\"https:\\\/\\\/buletin.de\\\/bucuresti\\\/scandal-intre-arafat-si-firea-pe-locurile-de-la-ati\\\/\",\"name\":\"Scandal \u00eentre Arafat \u0219i Firea pe locurile de la ATI - Buletin de Bucure\u0219ti\",\"isPartOf\":{\"@id\":\"https:\\\/\\\/buletin.de\\\/bucuresti\\\/#website\"},\"primaryImageOfPage\":{\"@id\":\"https:\\\/\\\/buletin.de\\\/bucuresti\\\/scandal-intre-arafat-si-firea-pe-locurile-de-la-ati\\\/#primaryimage\"},\"image\":{\"@id\":\"https:\\\/\\\/buletin.de\\\/bucuresti\\\/scandal-intre-arafat-si-firea-pe-locurile-de-la-ati\\\/#primaryimage\"},\"thumbnailUrl\":\"https:\\\/\\\/buletin.de\\\/bucuresti\\\/wp-content\\\/uploads\\\/firea-teste.jpg\",\"datePublished\":\"2020-07-19T02:47:37+00:00\",\"dateModified\":\"2020-07-20T09:42:43+00:00\",\"breadcrumb\":{\"@id\":\"https:\\\/\\\/buletin.de\\\/bucuresti\\\/scandal-intre-arafat-si-firea-pe-locurile-de-la-ati\\\/#breadcrumb\"},\"inLanguage\":\"en-GB\",\"potentialAction\":[{\"@type\":\"ReadAction\",\"target\":[\"https:\\\/\\\/buletin.de\\\/bucuresti\\\/scandal-intre-arafat-si-firea-pe-locurile-de-la-ati\\\/\"]}]},{\"@type\":\"ImageObject\",\"inLanguage\":\"en-GB\",\"@id\":\"https:\\\/\\\/buletin.de\\\/bucuresti\\\/scandal-intre-arafat-si-firea-pe-locurile-de-la-ati\\\/#primaryimage\",\"url\":\"https:\\\/\\\/buletin.de\\\/bucuresti\\\/wp-content\\\/uploads\\\/firea-teste.jpg\",\"contentUrl\":\"https:\\\/\\\/buletin.de\\\/bucuresti\\\/wp-content\\\/uploads\\\/firea-teste.jpg\",\"width\":2441,\"height\":1321},{\"@type\":\"BreadcrumbList\",\"@id\":\"https:\\\/\\\/buletin.de\\\/bucuresti\\\/scandal-intre-arafat-si-firea-pe-locurile-de-la-ati\\\/#breadcrumb\",\"itemListElement\":[{\"@type\":\"ListItem\",\"position\":1,\"name\":\"Acas\u0103\",\"item\":\"https:\\\/\\\/buletin.de\\\/bucuresti\\\/\"},{\"@type\":\"ListItem\",\"position\":2,\"name\":\"Scandal \u00eentre Arafat \u0219i Firea pe locurile de la ATI\"}]},{\"@type\":\"WebSite\",\"@id\":\"https:\\\/\\\/buletin.de\\\/bucuresti\\\/#website\",\"url\":\"https:\\\/\\\/buletin.de\\\/bucuresti\\\/\",\"name\":\"Buletin de Bucure\u0219ti\",\"description\":\"\u0218tiri \u0219i investiga\u021bii esen\u021biale din capital\u0103\",\"publisher\":{\"@id\":\"https:\\\/\\\/buletin.de\\\/bucuresti\\\/#organization\"},\"potentialAction\":[{\"@type\":\"SearchAction\",\"target\":{\"@type\":\"EntryPoint\",\"urlTemplate\":\"https:\\\/\\\/buletin.de\\\/bucuresti\\\/?s={search_term_string}\"},\"query-input\":{\"@type\":\"PropertyValueSpecification\",\"valueRequired\":true,\"valueName\":\"search_term_string\"}}],\"inLanguage\":\"en-GB\"},{\"@type\":\"Organization\",\"@id\":\"https:\\\/\\\/buletin.de\\\/bucuresti\\\/#organization\",\"name\":\"Buletin de Bucure\u0219ti\",\"url\":\"https:\\\/\\\/buletin.de\\\/bucuresti\\\/\",\"logo\":{\"@type\":\"ImageObject\",\"inLanguage\":\"en-GB\",\"@id\":\"https:\\\/\\\/buletin.de\\\/bucuresti\\\/#\\\/schema\\\/logo\\\/image\\\/\",\"url\":\"https:\\\/\\\/buletin.de\\\/bucuresti\\\/wp-content\\\/uploads\\\/logo-bdb-full-wide-vernil-transparent.png\",\"contentUrl\":\"https:\\\/\\\/buletin.de\\\/bucuresti\\\/wp-content\\\/uploads\\\/logo-bdb-full-wide-vernil-transparent.png\",\"width\":1782,\"height\":626,\"caption\":\"Buletin de Bucure\u0219ti\"},\"image\":{\"@id\":\"https:\\\/\\\/buletin.de\\\/bucuresti\\\/#\\\/schema\\\/logo\\\/image\\\/\"},\"sameAs\":[\"https:\\\/\\\/www.facebook.com\\\/buletin.de.buc\",\"https:\\\/\\\/www.instagram.com\\\/buletinde.bucuresti\\\/\"]},{\"@type\":\"Person\",\"@id\":\"https:\\\/\\\/buletin.de\\\/bucuresti\\\/#\\\/schema\\\/person\\\/b0686d7a8b666c6afc78239777fd8a89\",\"name\":\"Florin R\u00e2\u0219teiu\",\"image\":{\"@type\":\"ImageObject\",\"inLanguage\":\"en-GB\",\"@id\":\"https:\\\/\\\/buletin.de\\\/bucuresti\\\/wp-content\\\/uploads\\\/Florin-Rasteiu-96x96.jpgf0a6fe28453aa12f0a60e4d0a2e3a78c\",\"url\":\"https:\\\/\\\/buletin.de\\\/bucuresti\\\/wp-content\\\/uploads\\\/Florin-Rasteiu-96x96.jpg\",\"contentUrl\":\"https:\\\/\\\/buletin.de\\\/bucuresti\\\/wp-content\\\/uploads\\\/Florin-Rasteiu-96x96.jpg\",\"caption\":\"Florin R\u00e2\u0219teiu\"},\"description\":\"Jurnalist de investiga\u021bie. Lucreaz\u0103 de aproape 6 ani la Buletin de Bucure\u0219ti, unde a publicat articole care scot la suprafa\u021b\u0103 corup\u021bia din Capital\u0103. Analizeaz\u0103 baze de date zilnic \u0219i scoate pove\u0219ti din exceluri pline de cifre. Pune reflectorul pe adev\u0103r cu fiecare ocazie. A c\u00e2\u0219tigat premiul I la categoria Pres\u0103 Local\u0103 \u00een 2025 \u0219i locul al II-lea la aceea\u0219i categorie \u00een 2024 \u00een cadrul Premiilor Superscrieri pentru jurnalism independent.\",\"url\":\"https:\\\/\\\/buletin.de\\\/bucuresti\\\/author\\\/florinrasteiu\\\/\"}]}<\/script>\n<!-- \/ Yoast SEO Premium plugin. -->","yoast_head_json":{"title":"Scandal \u00eentre Arafat \u0219i Firea pe locurile de la ATI - Buletin de Bucure\u0219ti","robots":{"index":"index","follow":"follow","max-snippet":"max-snippet:-1","max-image-preview":"max-image-preview:large","max-video-preview":"max-video-preview:-1"},"canonical":"https:\/\/buletin.de\/bucuresti\/scandal-intre-arafat-si-firea-pe-locurile-de-la-ati\/","og_locale":"en_GB","og_type":"article","og_title":"Scandal \u00eentre Arafat \u0219i Firea pe locurile de la ATI","og_description":"\u00cen ziua cu un nou record de infect\u0103ri de COVID-19, cu 889 de noi cazuri, dintre care 117 doar \u00een Bucure\u0219ti, primarul general Gabriela Firea \u0219i \u0219eful DSU, Raed Arafat se ceart\u0103 pe gradul de ocupare a locurilor de la terapie intensiv\u0103 din Bucure\u0219ti.&nbsp; Secretarul de Stat de la MAI, Raed Arafat a declarat vineri [&hellip;]","og_url":"https:\/\/buletin.de\/bucuresti\/scandal-intre-arafat-si-firea-pe-locurile-de-la-ati\/","og_site_name":"Buletin de Bucure\u0219ti","article_publisher":"https:\/\/www.facebook.com\/buletin.de.buc","article_published_time":"2020-07-19T02:47:37+00:00","article_modified_time":"2020-07-20T09:42:43+00:00","og_image":[{"width":2441,"height":1321,"url":"https:\/\/buletin.de\/bucuresti\/wp-content\/uploads\/firea-teste.jpg","type":"image\/jpeg"}],"author":"Florin R\u00e2\u0219teiu","twitter_card":"summary_large_image","twitter_misc":{"Written by":"Florin R\u00e2\u0219teiu","Estimated reading time":"2 minutes"},"schema":{"@context":"https:\/\/schema.org","@graph":[{"@type":"Article","@id":"https:\/\/buletin.de\/bucuresti\/scandal-intre-arafat-si-firea-pe-locurile-de-la-ati\/#article","isPartOf":{"@id":"https:\/\/buletin.de\/bucuresti\/scandal-intre-arafat-si-firea-pe-locurile-de-la-ati\/"},"author":{"name":"Florin R\u00e2\u0219teiu","@id":"https:\/\/buletin.de\/bucuresti\/#\/schema\/person\/b0686d7a8b666c6afc78239777fd8a89"},"headline":"Scandal \u00eentre Arafat \u0219i Firea pe locurile de la ATI","datePublished":"2020-07-19T02:47:37+00:00","dateModified":"2020-07-20T09:42:43+00:00","mainEntityOfPage":{"@id":"https:\/\/buletin.de\/bucuresti\/scandal-intre-arafat-si-firea-pe-locurile-de-la-ati\/"},"wordCount":395,"publisher":{"@id":"https:\/\/buletin.de\/bucuresti\/#organization"},"image":{"@id":"https:\/\/buletin.de\/bucuresti\/scandal-intre-arafat-si-firea-pe-locurile-de-la-ati\/#primaryimage"},"thumbnailUrl":"https:\/\/buletin.de\/bucuresti\/wp-content\/uploads\/firea-teste.jpg","articleSection":["Diverse"],"inLanguage":"en-GB","copyrightYear":"2020","copyrightHolder":{"@id":"https:\/\/buletin.de\/bucuresti\/#organization"}},{"@type":"WebPage","@id":"https:\/\/buletin.de\/bucuresti\/scandal-intre-arafat-si-firea-pe-locurile-de-la-ati\/","url":"https:\/\/buletin.de\/bucuresti\/scandal-intre-arafat-si-firea-pe-locurile-de-la-ati\/","name":"Scandal \u00eentre Arafat \u0219i Firea pe locurile de la ATI - Buletin de Bucure\u0219ti","isPartOf":{"@id":"https:\/\/buletin.de\/bucuresti\/#website"},"primaryImageOfPage":{"@id":"https:\/\/buletin.de\/bucuresti\/scandal-intre-arafat-si-firea-pe-locurile-de-la-ati\/#primaryimage"},"image":{"@id":"https:\/\/buletin.de\/bucuresti\/scandal-intre-arafat-si-firea-pe-locurile-de-la-ati\/#primaryimage"},"thumbnailUrl":"https:\/\/buletin.de\/bucuresti\/wp-content\/uploads\/firea-teste.jpg","datePublished":"2020-07-19T02:47:37+00:00","dateModified":"2020-07-20T09:42:43+00:00","breadcrumb":{"@id":"https:\/\/buletin.de\/bucuresti\/scandal-intre-arafat-si-firea-pe-locurile-de-la-ati\/#breadcrumb"},"inLanguage":"en-GB","potentialAction":[{"@type":"ReadAction","target":["https:\/\/buletin.de\/bucuresti\/scandal-intre-arafat-si-firea-pe-locurile-de-la-ati\/"]}]},{"@type":"ImageObject","inLanguage":"en-GB","@id":"https:\/\/buletin.de\/bucuresti\/scandal-intre-arafat-si-firea-pe-locurile-de-la-ati\/#primaryimage","url":"https:\/\/buletin.de\/bucuresti\/wp-content\/uploads\/firea-teste.jpg","contentUrl":"https:\/\/buletin.de\/bucuresti\/wp-content\/uploads\/firea-teste.jpg","width":2441,"height":1321},{"@type":"BreadcrumbList","@id":"https:\/\/buletin.de\/bucuresti\/scandal-intre-arafat-si-firea-pe-locurile-de-la-ati\/#breadcrumb","itemListElement":[{"@type":"ListItem","position":1,"name":"Acas\u0103","item":"https:\/\/buletin.de\/bucuresti\/"},{"@type":"ListItem","position":2,"name":"Scandal \u00eentre Arafat \u0219i Firea pe locurile de la ATI"}]},{"@type":"WebSite","@id":"https:\/\/buletin.de\/bucuresti\/#website","url":"https:\/\/buletin.de\/bucuresti\/","name":"Buletin de Bucure\u0219ti","description":"\u0218tiri \u0219i investiga\u021bii esen\u021biale din capital\u0103","publisher":{"@id":"https:\/\/buletin.de\/bucuresti\/#organization"},"potentialAction":[{"@type":"SearchAction","target":{"@type":"EntryPoint","urlTemplate":"https:\/\/buletin.de\/bucuresti\/?s={search_term_string}"},"query-input":{"@type":"PropertyValueSpecification","valueRequired":true,"valueName":"search_term_string"}}],"inLanguage":"en-GB"},{"@type":"Organization","@id":"https:\/\/buletin.de\/bucuresti\/#organization","name":"Buletin de Bucure\u0219ti","url":"https:\/\/buletin.de\/bucuresti\/","logo":{"@type":"ImageObject","inLanguage":"en-GB","@id":"https:\/\/buletin.de\/bucuresti\/#\/schema\/logo\/image\/","url":"https:\/\/buletin.de\/bucuresti\/wp-content\/uploads\/logo-bdb-full-wide-vernil-transparent.png","contentUrl":"https:\/\/buletin.de\/bucuresti\/wp-content\/uploads\/logo-bdb-full-wide-vernil-transparent.png","width":1782,"height":626,"caption":"Buletin de Bucure\u0219ti"},"image":{"@id":"https:\/\/buletin.de\/bucuresti\/#\/schema\/logo\/image\/"},"sameAs":["https:\/\/www.facebook.com\/buletin.de.buc","https:\/\/www.instagram.com\/buletinde.bucuresti\/"]},{"@type":"Person","@id":"https:\/\/buletin.de\/bucuresti\/#\/schema\/person\/b0686d7a8b666c6afc78239777fd8a89","name":"Florin R\u00e2\u0219teiu","image":{"@type":"ImageObject","inLanguage":"en-GB","@id":"https:\/\/buletin.de\/bucuresti\/wp-content\/uploads\/Florin-Rasteiu-96x96.jpgf0a6fe28453aa12f0a60e4d0a2e3a78c","url":"https:\/\/buletin.de\/bucuresti\/wp-content\/uploads\/Florin-Rasteiu-96x96.jpg","contentUrl":"https:\/\/buletin.de\/bucuresti\/wp-content\/uploads\/Florin-Rasteiu-96x96.jpg","caption":"Florin R\u00e2\u0219teiu"},"description":"Jurnalist de investiga\u021bie. Lucreaz\u0103 de aproape 6 ani la Buletin de Bucure\u0219ti, unde a publicat articole care scot la suprafa\u021b\u0103 corup\u021bia din Capital\u0103. Analizeaz\u0103 baze de date zilnic \u0219i scoate pove\u0219ti din exceluri pline de cifre. Pune reflectorul pe adev\u0103r cu fiecare ocazie. A c\u00e2\u0219tigat premiul I la categoria Pres\u0103 Local\u0103 \u00een 2025 \u0219i locul al II-lea la aceea\u0219i categorie \u00een 2024 \u00een cadrul Premiilor Superscrieri pentru jurnalism independent.","url":"https:\/\/buletin.de\/bucuresti\/author\/florinrasteiu\/"}]}},"authors":[{"term_id":22576,"user_id":17,"is_guest":0,"slug":"florinrasteiu","display_name":"Florin R\u00e2\u0219teiu","avatar_url":"https:\/\/buletin.de\/bucuresti\/wp-content\/uploads\/Florin-Rasteiu-96x96.jpg","0":null,"1":"","2":"","3":"","4":"","5":"","6":"","7":"","8":""}],"_links":{"self":[{"href":"https:\/\/buletin.de\/bucuresti\/wp-json\/wp\/v2\/posts\/9354","targetHints":{"allow":["GET"]}}],"collection":[{"href":"https:\/\/buletin.de\/bucuresti\/wp-json\/wp\/v2\/posts"}],"about":[{"href":"https:\/\/buletin.de\/bucuresti\/wp-json\/wp\/v2\/types\/post"}],"author":[{"embeddable":true,"href":"https:\/\/buletin.de\/bucuresti\/wp-json\/wp\/v2\/users\/17"}],"replies":[{"embeddable":true,"href":"https:\/\/buletin.de\/bucuresti\/wp-json\/wp\/v2\/comments?post=9354"}],"version-history":[{"count":2,"href":"https:\/\/buletin.de\/bucuresti\/wp-json\/wp\/v2\/posts\/9354\/revisions"}],"predecessor-version":[{"id":9395,"href":"https:\/\/buletin.de\/bucuresti\/wp-json\/wp\/v2\/posts\/9354\/revisions\/9395"}],"wp:featuredmedia":[{"embeddable":true,"href":"https:\/\/buletin.de\/bucuresti\/wp-json\/wp\/v2\/media\/6917"}],"wp:attachment":[{"href":"https:\/\/buletin.de\/bucuresti\/wp-json\/wp\/v2\/media?parent=9354"}],"wp:term":[{"taxonomy":"category","embeddable":true,"href":"https:\/\/buletin.de\/bucuresti\/wp-json\/wp\/v2\/categories?post=9354"},{"taxonomy":"post_tag","embeddable":true,"href":"https:\/\/buletin.de\/bucuresti\/wp-json\/wp\/v2\/tags?post=9354"},{"taxonomy":"author","embeddable":true,"href":"https:\/\/buletin.de\/bucuresti\/wp-json\/wp\/v2\/ppma_author?post=9354"}],"curies":[{"name":"wp","href":"https:\/\/api.w.org\/{rel}","templated":true}]}}