{"id":93502,"date":"2024-08-05T14:42:48","date_gmt":"2024-08-05T11:42:48","guid":{"rendered":"https:\/\/buletin.de\/bucuresti\/?p=93502"},"modified":"2024-08-05T14:43:20","modified_gmt":"2024-08-05T11:43:20","slug":"vara-verde-in-vacaresti-continua","status":"publish","type":"post","link":"https:\/\/buletin.de\/bucuresti\/vara-verde-in-vacaresti-continua\/","title":{"rendered":"\u201eVara Verde \u00een V\u0103c\u0103re\u0219ti\u201d continu\u0103 \u00een luna august"},"content":{"rendered":"\n<p><strong>\u201eVara Verde \u00een V\u0103c\u0103re\u0219ti\u201d continu\u0103 \u00een luna august. <a href=\"https:\/\/www.apnv.ro\/evenimente\/\">Administra\u021bia Parcului Na\u021bional V\u0103c\u0103re\u0219ti<\/a> continu\u0103, \u00een luna august proiectul \u201eVara Verde \u00een V\u0103c\u0103re\u0219ti\u201d, cu o serie de evenimente, pentru toate v\u00e2rstele.<\/strong><\/p>\n\n\n\n<p>Programul activit\u0103\u021bilor cuprinde, pe l\u00e2ng\u0103 tururile ghidate, ateliere de crea\u021bie \u0219i de educa\u021bie ecologic\u0103 \u0219i spectacole de teatru cu p\u0103pu\u0219i pentru copii.<\/p>\n\n\n\n<p><strong>CITE\u0218TE \u0218I:<\/strong> <a href=\"https:\/\/buletin.de\/bucuresti\/peste-900-de-blocuri-fara-apa-calda\/\"><strong>TERMOFICARE | Peste 900 de blocuri r\u0103m\u00e2n f\u0103r\u0103 ap\u0103 cald\u0103, \u00een urm\u0103toarele zile. \u00cen Sectorul 2, lucr\u0103rile dureaz\u0103 p\u00e2n\u0103 pe 19 august<\/strong><\/a><\/p>\n\n\n\n<h2 class=\"wp-block-heading\">Programul evenimentul \u201eVara Verde \u00een V\u0103c\u0103re\u0219ti\u201d<\/h2>\n\n\n\n<p><strong>S\u00c2MB\u0102T\u0102, 10 AUGUST<\/strong><\/p>\n\n\n\n<p><strong>1. <\/strong>Tur ghidat pe tema \u201eDimine\u021bi de var\u0103 \u00een Delta V\u0103c\u0103re\u0219ti\u201d<\/p>\n\n\n\n<p>07:45 \u2013 Locul de \u00eent\u00e2lnire: intrarea \u00een parc dinspre blocurile Asmita Gardens.<\/p>\n\n\n\n<p>08:00 \u2013 Startul turului ghidat. Durata: ~2 ore, Distan\u021ba: ~2 km. <\/p>\n\n\n\n<p>Participarea este gratuit\u0103 iar limita este de 60 de persoane. \u00censcrierile se fac aici: <a href=\"https:\/\/www.apnv.ro\/...\/tur-ghidat-pe-tema-dimineti-de...\/\" target=\"_blank\" rel=\"noreferrer noopener\">https:\/\/www.apnv.ro\/&#8230;\/tur-ghidat-pe-tema-dimineti-de&#8230;\/<\/a><\/p>\n\n\n\n<p><strong>2.<\/strong> Spectacol de teatru cu p\u0103pu\u0219i pentru copii: \u201eFata bun\u0103 \u0219i fata rea\u201d<\/p>\n\n\n\n<p>08:30 \u2013 Locul de \u00eent\u00e2lnire: intrarea \u00een parc dinspre blocurile Asmita Gardens.<\/p>\n\n\n\n<p>09:00 \u2013 \u00cenceperea spectacolului.<\/p>\n\n\n\n<p>Limita de participare este de 60 de persoane iar \u00eenscrierile se fac aici: <a href=\"https:\/\/www.apnv.ro\/...\/spectacol-de-teatru-cu-papusi...\/\" target=\"_blank\" rel=\"noreferrer noopener\">https:\/\/www.apnv.ro\/&#8230;\/spectacol-de-teatru-cu-papusi&#8230;\/<\/a><\/p>\n\n\n\n<p><strong>3.<\/strong> Atelier de crea\u021bie pentru copii: \u201eCopacul cu fapte bune\u201d<\/p>\n\n\n\n<p>09:30 \u2013 Locul de \u00eent\u00e2lnire: intrarea \u00een parc dinspre blocurile Asmita Gardens, pentru cei care nu particip\u0103 la piesa de teatru.<\/p>\n\n\n\n<p>Limita de participare este de 60 de persoane iar \u00eenscrierile se fac aici: <a href=\"https:\/\/www.apnv.ro\/...\/atelier-de-creatie-pentru-copii...\/\" target=\"_blank\" rel=\"noreferrer noopener\">https:\/\/www.apnv.ro\/&#8230;\/atelier-de-creatie-pentru-copii&#8230;\/<\/a><\/p>\n\n\n\n<h2 class=\"wp-block-heading\">\u201eVara Verde \u00een V\u0103c\u0103re\u0219ti\u201d continu\u0103, \u00een luna august<\/h2>\n\n\n\n<p><strong>DUMINIC\u0102, 11 AUGUST<\/strong><\/p>\n\n\n\n<p><strong>1.<\/strong> Tur ghidat pe tema \u201eDimine\u021bi de var\u0103 \u00een Delta V\u0103c\u0103re\u0219ti\u201d<\/p>\n\n\n\n<p>07:45 \u2013 Locul de \u00eent\u00e2lnire: Intrarea \u00een parc dinspre blocurile Asmita Gardens.<\/p>\n\n\n\n<p>8:00 \u2013 Startul turului ghidat. Durata este de dou\u0103 ore, pe o distan\u021b\u0103 de 2 km. Participarea este gratuit\u0103, cu o limita de 60 de persoane iar \u00eenscrierile se fac aici: <a href=\"https:\/\/www.apnv.ro\/...\/tur-ghidat-pe-tema-dimineti-de...\/\" target=\"_blank\" rel=\"noreferrer noopener\">https:\/\/www.apnv.ro\/&#8230;\/tur-ghidat-pe-tema-dimineti-de&#8230;\/<\/a><\/p>\n\n\n\n<p><strong>2.<\/strong> Spectacol de teatru cu p\u0103pu\u0219i pentru copii: \u201eCenu\u0219\u0103reasa\u201d<\/p>\n\n\n\n<p>08:30 \u2013 Locul de \u00eent\u00e2lnire: Intrarea \u00een parc dinspre blocurile Asmita Gardens.<\/p>\n\n\n\n<p>9:00 \u2013 \u00cenceperea spectacolului.  Sunt permise 60 de persoane iar \u00eenscrierile se fac aici: <a href=\"https:\/\/www.apnv.ro\/...\/spectacol-de-teatru-cu-papusi...\/\" target=\"_blank\" rel=\"noreferrer noopener\">https:\/\/www.apnv.ro\/&#8230;\/spectacol-de-teatru-cu-papusi&#8230;\/<\/a><\/p>\n\n\n\n<p><strong>3.<\/strong> Atelier de crea\u021bie pentru copii: \u201eOmizi vesele\u201d<\/p>\n\n\n\n<p>Participan\u021bii pot lua parte la acest atelier imediat dup\u0103 spectacolul de teatru cu p\u0103pu\u0219i sau pot veni la punctul de informare din centrul parcului.<\/p>\n\n\n\n<p>9:20 \u2013 Locul de \u00eent\u00e2lnire (pentru cei care nu particip\u0103 la piesa de teatru): Intrarea \u00een parc dinspre blocurile Asmita Gardens.<\/p>\n\n\n\n<p>Limita de participanti este tot de 60 de persoane iar \u00eenscrierile se fac aici: <a href=\"https:\/\/www.apnv.ro\/...\/atelier-de-creatie-pentru-copii...\/\" target=\"_blank\" rel=\"noreferrer noopener\">https:\/\/www.apnv.ro\/&#8230;\/atelier-de-creatie-pentru-copii&#8230;\/<\/a><\/p>\n\n\n\n<p><strong>4.<\/strong> Atelier de educa\u021bie ecologic\u0103 prin teatru pentru copii<\/p>\n\n\n\n<p>9:50 \u2013 Locul de \u00eent\u00e2lnire, pentru cei care nu particip\u0103 la activitate imediat dup\u0103 atelierul de crea\u021bie, este intrarea \u00een parc dinspre blocurile Asmita Gardens.<\/p>\n\n\n\n<p>10:15 &#8211; \u00cenceperea atelierului.<\/p>\n\n\n\n<p>La acest atelier limita de participan\u021bi este de 30 iar \u00eenscrierile se fac aici: <a href=\"https:\/\/www.apnv.ro\/...\/atelier-de-educatie-ecologica...\/\" target=\"_blank\" rel=\"noreferrer noopener\">https:\/\/www.apnv.ro\/&#8230;\/atelier-de-educatie-ecologica&#8230;\/<\/a><\/p>\n\n\n\n<p><strong>CITE\u0218TE \u0218I:<\/strong> <a href=\"https:\/\/buletin.de\/bucuresti\/inghetata-pentru-caini-o-solutie-pentru-racorirea-animalelor-de-companie\/\"><strong>\u00cenghe\u021bata pentru c\u00e2ini, o solu\u021bie pentru r\u0103corirea animalelor de companie<\/strong><\/a><\/p>\n\n\n\n<h2 class=\"wp-block-heading\">Evenimente \u0219i la sf\u00e2r\u0219it de august<\/h2>\n\n\n\n<p><strong>S\u00c2MB\u0102T\u0102, 24 AUGUST<\/strong><\/p>\n\n\n\n<p><strong>1. <\/strong>Tur ghidat pe tema \u201eDimine\u021bi de var\u0103 \u00een Delta V\u0103c\u0103re\u0219ti\u201d<\/p>\n\n\n\n<p>07:45 \u2013 Locul de \u00eent\u00e2lnire: Intrarea \u00een parc dinspre blocurile Asmita Gardens.<\/p>\n\n\n\n<p>8:00 \u2013 Startul turului ghidat. Durata turului este de doua ore, pe o distan\u021ba de 2 km. Participarea este gratuit\u0103, in limita a 60 de persoane iar \u00eenscrierile se fac aici: <a href=\"https:\/\/www.apnv.ro\/...\/tur-ghidat-pe-tema-dimineti-de...\/\" target=\"_blank\" rel=\"noreferrer noopener\">https:\/\/www.apnv.ro\/&#8230;\/tur-ghidat-pe-tema-dimineti-de&#8230;\/<\/a><\/p>\n\n\n\n<p><strong>2.<\/strong> Spectacol de teatru cu p\u0103pu\u0219i pentru copii: \u201e\u0218oricelul n\u0103zdr\u0103van\u201d<\/p>\n\n\n\n<p>08:30 \u2013 Locul de \u00eent\u00e2lnire: Intrarea \u00een parc dinspre blocurile Asmita Gardens.<\/p>\n\n\n\n<p>9:00 \u2013 \u00cenceperea spectacolului.<\/p>\n\n\n\n<p>Limita este de  60 de participan\u021bi iar \u00eenscrierile se fac aici: <a href=\"https:\/\/www.apnv.ro\/...\/spectacol-de-teatru-cu-papusi...\/\" target=\"_blank\" rel=\"noreferrer noopener\">https:\/\/www.apnv.ro\/&#8230;\/spectacol-de-teatru-cu-papusi&#8230;\/<\/a><\/p>\n\n\n\n<p><strong>3.<\/strong> Atelier de crea\u021bie pentru copii: \u201eCiupercu\u021be vesele\u201d<\/p>\n\n\n\n<p>Participan\u021bii pot lua parte la acest atelier imediat dup\u0103 spectacolul de teatru cu p\u0103pu\u0219i sau pot veni la punctul de informare din centrul parcului.<\/p>\n\n\n\n<p>9:30 \u2013 Locul de \u00eent\u00e2lnire, pentru cei care nu particip\u0103 la piesa de teatru, este intrarea \u00een parc dinspre blocurile Asmita Gardens.<\/p>\n\n\n\n<p>Sunt permi\u0219i 60 de participan\u021bi iar \u00eenscrierile se fac aici: <a href=\"https:\/\/www.apnv.ro\/...\/atelier-de-creatie-pentru-copii...\/\" target=\"_blank\" rel=\"noreferrer noopener\">https:\/\/www.apnv.ro\/&#8230;\/atelier-de-creatie-pentru-copii&#8230;\/<\/a><\/p>\n\n\n\n<h2 class=\"wp-block-heading\">\u201eVara Verde \u00een V\u0103c\u0103re\u0219ti\u201d, \u00een ultima duminic\u0103 din august<\/h2>\n\n\n\n<p><strong>DUMINIC\u0102, 25 AUGUST<\/strong><\/p>\n\n\n\n<p><strong>1.<\/strong> Tur ghidat pe tema \u201eDimine\u021bi de var\u0103 \u00een Delta V\u0103c\u0103re\u0219ti\u201d<\/p>\n\n\n\n<p>07:45 \u2013 Locul de \u00eent\u00e2lnire: Intrarea \u00een parc dinspre blocurile Asmita Gardens.<\/p>\n\n\n\n<p>8:00 \u2013 Startul turului ghidat. Durata: ~2 ore, Distan\u021ba: ~2 km. Participarea este gratuit\u0103, in limita a 60 de paersoane iar \u00eenscrierile se fac aici: <a href=\"https:\/\/www.apnv.ro\/...\/tur-ghidat-pe-tema-dimineti-de...\/\" target=\"_blank\" rel=\"noreferrer noopener\">https:\/\/www.apnv.ro\/&#8230;\/tur-ghidat-pe-tema-dimineti-de&#8230;\/<\/a><\/p>\n\n\n\n<p><strong>2.<\/strong> Spectacol de teatru cu p\u0103pu\u0219i pentru copii: \u201eFloarea fermecat\u0103\u201d<\/p>\n\n\n\n<p>08:30 \u2013 Locul de \u00eent\u00e2lnire: Intrarea \u00een parc dinspre blocurile Asmita Gardens.<\/p>\n\n\n\n<p>9:00 \u2013 \u00cenceperea spectacolului.  60 de participan\u021bi sunt permi\u0219i iar \u00eenscrierile se fac aici:  <a href=\"https:\/\/www.apnv.ro\/...\/spectacol-de-teatru-cu-papusi...\/\" target=\"_blank\" rel=\"noreferrer noopener\">https:\/\/www.apnv.ro\/&#8230;\/spectacol-de-teatru-cu-papusi&#8230;\/<\/a><\/p>\n\n\n\n<p><strong>3.<\/strong> Atelier de crea\u021bie pentru copii: \u201eCactu\u0219i\u201d<\/p>\n\n\n\n<p>Participan\u021bii pot lua parte la acest atelier imediat dup\u0103 spectacolul de teatru cu p\u0103pu\u0219i sau pot veni la punctul de informare din centrul parcului.<\/p>\n\n\n\n<p>9:20 \u2013 Locul de \u00eent\u00e2lnire, pentru cei care nu particip\u0103 la piesa de teatru, este intrarea \u00een parc dinspre blocurile Asmita Gardens. 60 de participan\u021bi sunt permi\u0219i iar \u00eenscrierile se fac aici: <a href=\"https:\/\/www.apnv.ro\/...\/atelier-de-creatie-pentru-copii...\/\" target=\"_blank\" rel=\"noreferrer noopener\">https:\/\/www.apnv.ro\/&#8230;\/atelier-de-creatie-pentru-copii&#8230;\/<\/a><\/p>\n\n\n\n<p><strong>4. <\/strong>Atelier de educa\u021bie ecologic\u0103 prin teatru pentru copii<\/p>\n\n\n\n<p>9:50 \u2013 Locul de \u00eent\u00e2lnire (pentru cei care nu particip\u0103 la activitate imediat dup\u0103 atelierul de crea\u021bie este intrarea \u00een parc, dinspre blocurile Asmita Gardens.<\/p>\n\n\n\n<p>10:15 &#8211; \u00cenceperea atelierului, cu 30 de participan\u021bi iar \u00eenscrierile se fac aici: <a href=\"https:\/\/www.apnv.ro\/...\/atelier-de-educatie-ecologica...\/\" target=\"_blank\" rel=\"noreferrer noopener\">https:\/\/www.apnv.ro\/&#8230;\/atelier-de-educatie-ecologica&#8230;\/<\/a><\/p>\n\n\n\n<p><strong>CITE\u0218TE \u0218I:<\/strong> <a href=\"https:\/\/buletin.de\/bucuresti\/reabilitarea-liniilor-de-tramvai-40-27-19-36-si-23-din-capitala-a-fost-atribuit-contractul\/\"><strong>Reabilitarea liniilor de tramvai 40, 27, 19, 36 \u0219i 23 din Capital\u0103. A fost atribuit contractul<\/strong><\/a><\/p>\n","protected":false},"excerpt":{"rendered":"<p>\u201eVara Verde \u00een V\u0103c\u0103re\u0219ti\u201d continu\u0103 \u00een luna august. Administra\u021bia Parcului Na\u021bional V\u0103c\u0103re\u0219ti continu\u0103, \u00een luna august proiectul \u201eVara Verde \u00een V\u0103c\u0103re\u0219ti\u201d, cu o serie de evenimente, pentru toate v\u00e2rstele. Programul activit\u0103\u021bilor cuprinde, pe l\u00e2ng\u0103 tururile ghidate, ateliere de crea\u021bie \u0219i de educa\u021bie ecologic\u0103 \u0219i spectacole de teatru cu p\u0103pu\u0219i pentru copii. CITE\u0218TE \u0218I: TERMOFICARE | [&hellip;]<\/p>\n","protected":false},"author":49,"featured_media":90815,"comment_status":"closed","ping_status":"open","sticky":false,"template":"","format":"standard","meta":{"_acf_changed":false,"inline_featured_image":false,"ngg_post_thumbnail":0,"footnotes":""},"categories":[6994,62],"tags":[13371,6522,13942],"ppma_author":[22574],"class_list":["post-93502","post","type-post","status-publish","format-standard","has-post-thumbnail","hentry","category-stiri-2","category-stiri","tag-administratia-parcului-vacaresti","tag-tururi-ghidate","tag-vara-verde-in-vacaresti"],"acf":[],"yoast_head":"<!-- This site is optimized with the Yoast SEO Premium plugin v25.3 (Yoast SEO v27.5) - https:\/\/yoast.com\/product\/yoast-seo-premium-wordpress\/ -->\n<title>\u201eVara Verde \u00een V\u0103c\u0103re\u0219ti\u201d continu\u0103 \u00een luna august - Buletin de Bucure\u0219ti<\/title>\n<meta name=\"description\" content=\"\u201eVara Verde \u00een V\u0103c\u0103re\u0219ti\u201d continu\u0103. O serie de evenimente, pentru toate v\u00e2rstele, in Parcul vacaresti, in august.\" \/>\n<meta name=\"robots\" content=\"index, follow, max-snippet:-1, max-image-preview:large, max-video-preview:-1\" \/>\n<link rel=\"canonical\" href=\"https:\/\/buletin.de\/bucuresti\/vara-verde-in-vacaresti-continua\/\" \/>\n<meta property=\"og:locale\" content=\"en_GB\" \/>\n<meta property=\"og:type\" content=\"article\" \/>\n<meta property=\"og:title\" content=\"\u201eVara Verde \u00een V\u0103c\u0103re\u0219ti\u201d continu\u0103 \u00een luna august\" \/>\n<meta property=\"og:description\" content=\"\u201eVara Verde \u00een V\u0103c\u0103re\u0219ti\u201d continu\u0103. O serie de evenimente, pentru toate v\u00e2rstele, in Parcul vacaresti, in august.\" \/>\n<meta property=\"og:url\" content=\"https:\/\/buletin.de\/bucuresti\/vara-verde-in-vacaresti-continua\/\" \/>\n<meta property=\"og:site_name\" content=\"Buletin de Bucure\u0219ti\" \/>\n<meta property=\"article:publisher\" content=\"https:\/\/www.facebook.com\/buletin.de.buc\" \/>\n<meta property=\"article:published_time\" content=\"2024-08-05T11:42:48+00:00\" \/>\n<meta property=\"article:modified_time\" content=\"2024-08-05T11:43:20+00:00\" \/>\n<meta property=\"og:image\" content=\"https:\/\/buletin.de\/bucuresti\/wp-content\/uploads\/parc-vacaresti.jpg\" \/>\n\t<meta property=\"og:image:width\" content=\"1920\" \/>\n\t<meta property=\"og:image:height\" content=\"1280\" \/>\n\t<meta property=\"og:image:type\" content=\"image\/jpeg\" \/>\n<meta name=\"author\" content=\"Diana Matei\" \/>\n<meta name=\"twitter:card\" content=\"summary_large_image\" \/>\n<meta name=\"twitter:label1\" content=\"Written by\" \/>\n\t<meta name=\"twitter:data1\" content=\"Diana Matei\" \/>\n\t<meta name=\"twitter:label2\" content=\"Estimated reading time\" \/>\n\t<meta name=\"twitter:data2\" content=\"4 minutes\" \/>\n<script type=\"application\/ld+json\" class=\"yoast-schema-graph\">{\"@context\":\"https:\\\/\\\/schema.org\",\"@graph\":[{\"@type\":\"Article\",\"@id\":\"https:\\\/\\\/buletin.de\\\/bucuresti\\\/vara-verde-in-vacaresti-continua\\\/#article\",\"isPartOf\":{\"@id\":\"https:\\\/\\\/buletin.de\\\/bucuresti\\\/vara-verde-in-vacaresti-continua\\\/\"},\"author\":{\"name\":\"Diana Matei\",\"@id\":\"https:\\\/\\\/buletin.de\\\/bucuresti\\\/#\\\/schema\\\/person\\\/7e46040573290777280a0835d81ea4ea\"},\"headline\":\"\u201eVara Verde \u00een V\u0103c\u0103re\u0219ti\u201d continu\u0103 \u00een luna august\",\"datePublished\":\"2024-08-05T11:42:48+00:00\",\"dateModified\":\"2024-08-05T11:43:20+00:00\",\"mainEntityOfPage\":{\"@id\":\"https:\\\/\\\/buletin.de\\\/bucuresti\\\/vara-verde-in-vacaresti-continua\\\/\"},\"wordCount\":943,\"publisher\":{\"@id\":\"https:\\\/\\\/buletin.de\\\/bucuresti\\\/#organization\"},\"image\":{\"@id\":\"https:\\\/\\\/buletin.de\\\/bucuresti\\\/vara-verde-in-vacaresti-continua\\\/#primaryimage\"},\"thumbnailUrl\":\"https:\\\/\\\/buletin.de\\\/bucuresti\\\/wp-content\\\/uploads\\\/parc-vacaresti.jpg\",\"keywords\":[\"Administratia Parcului Vacaresti\",\"tururi ghidate\",\"Vara Verde in Vacaresti\"],\"articleSection\":[\"Articole\",\"\u0218tiri\"],\"inLanguage\":\"en-GB\",\"copyrightYear\":\"2024\",\"copyrightHolder\":{\"@id\":\"https:\\\/\\\/buletin.de\\\/bucuresti\\\/#organization\"}},{\"@type\":\"WebPage\",\"@id\":\"https:\\\/\\\/buletin.de\\\/bucuresti\\\/vara-verde-in-vacaresti-continua\\\/\",\"url\":\"https:\\\/\\\/buletin.de\\\/bucuresti\\\/vara-verde-in-vacaresti-continua\\\/\",\"name\":\"\u201eVara Verde \u00een V\u0103c\u0103re\u0219ti\u201d continu\u0103 \u00een luna august - Buletin de Bucure\u0219ti\",\"isPartOf\":{\"@id\":\"https:\\\/\\\/buletin.de\\\/bucuresti\\\/#website\"},\"primaryImageOfPage\":{\"@id\":\"https:\\\/\\\/buletin.de\\\/bucuresti\\\/vara-verde-in-vacaresti-continua\\\/#primaryimage\"},\"image\":{\"@id\":\"https:\\\/\\\/buletin.de\\\/bucuresti\\\/vara-verde-in-vacaresti-continua\\\/#primaryimage\"},\"thumbnailUrl\":\"https:\\\/\\\/buletin.de\\\/bucuresti\\\/wp-content\\\/uploads\\\/parc-vacaresti.jpg\",\"datePublished\":\"2024-08-05T11:42:48+00:00\",\"dateModified\":\"2024-08-05T11:43:20+00:00\",\"description\":\"\u201eVara Verde \u00een V\u0103c\u0103re\u0219ti\u201d continu\u0103. O serie de evenimente, pentru toate v\u00e2rstele, in Parcul vacaresti, in august.\",\"breadcrumb\":{\"@id\":\"https:\\\/\\\/buletin.de\\\/bucuresti\\\/vara-verde-in-vacaresti-continua\\\/#breadcrumb\"},\"inLanguage\":\"en-GB\",\"potentialAction\":[{\"@type\":\"ReadAction\",\"target\":[\"https:\\\/\\\/buletin.de\\\/bucuresti\\\/vara-verde-in-vacaresti-continua\\\/\"]}]},{\"@type\":\"ImageObject\",\"inLanguage\":\"en-GB\",\"@id\":\"https:\\\/\\\/buletin.de\\\/bucuresti\\\/vara-verde-in-vacaresti-continua\\\/#primaryimage\",\"url\":\"https:\\\/\\\/buletin.de\\\/bucuresti\\\/wp-content\\\/uploads\\\/parc-vacaresti.jpg\",\"contentUrl\":\"https:\\\/\\\/buletin.de\\\/bucuresti\\\/wp-content\\\/uploads\\\/parc-vacaresti.jpg\",\"width\":1920,\"height\":1280,\"caption\":\"\u201eVara Verde \u00een V\u0103c\u0103re\u0219ti\u201d continu\u0103 \u00een luna august. FOTO: Facebook\\\/Administra\u021bia Parcul Natural V\u0103c\u0103re\u0219ti\"},{\"@type\":\"BreadcrumbList\",\"@id\":\"https:\\\/\\\/buletin.de\\\/bucuresti\\\/vara-verde-in-vacaresti-continua\\\/#breadcrumb\",\"itemListElement\":[{\"@type\":\"ListItem\",\"position\":1,\"name\":\"Acas\u0103\",\"item\":\"https:\\\/\\\/buletin.de\\\/bucuresti\\\/\"},{\"@type\":\"ListItem\",\"position\":2,\"name\":\"\u201eVara Verde \u00een V\u0103c\u0103re\u0219ti\u201d continu\u0103 \u00een luna august\"}]},{\"@type\":\"WebSite\",\"@id\":\"https:\\\/\\\/buletin.de\\\/bucuresti\\\/#website\",\"url\":\"https:\\\/\\\/buletin.de\\\/bucuresti\\\/\",\"name\":\"Buletin de Bucure\u0219ti\",\"description\":\"\u0218tiri \u0219i investiga\u021bii esen\u021biale din capital\u0103\",\"publisher\":{\"@id\":\"https:\\\/\\\/buletin.de\\\/bucuresti\\\/#organization\"},\"potentialAction\":[{\"@type\":\"SearchAction\",\"target\":{\"@type\":\"EntryPoint\",\"urlTemplate\":\"https:\\\/\\\/buletin.de\\\/bucuresti\\\/?s={search_term_string}\"},\"query-input\":{\"@type\":\"PropertyValueSpecification\",\"valueRequired\":true,\"valueName\":\"search_term_string\"}}],\"inLanguage\":\"en-GB\"},{\"@type\":\"Organization\",\"@id\":\"https:\\\/\\\/buletin.de\\\/bucuresti\\\/#organization\",\"name\":\"Buletin de Bucure\u0219ti\",\"url\":\"https:\\\/\\\/buletin.de\\\/bucuresti\\\/\",\"logo\":{\"@type\":\"ImageObject\",\"inLanguage\":\"en-GB\",\"@id\":\"https:\\\/\\\/buletin.de\\\/bucuresti\\\/#\\\/schema\\\/logo\\\/image\\\/\",\"url\":\"https:\\\/\\\/buletin.de\\\/bucuresti\\\/wp-content\\\/uploads\\\/logo-bdb-full-wide-vernil-transparent.png\",\"contentUrl\":\"https:\\\/\\\/buletin.de\\\/bucuresti\\\/wp-content\\\/uploads\\\/logo-bdb-full-wide-vernil-transparent.png\",\"width\":1782,\"height\":626,\"caption\":\"Buletin de Bucure\u0219ti\"},\"image\":{\"@id\":\"https:\\\/\\\/buletin.de\\\/bucuresti\\\/#\\\/schema\\\/logo\\\/image\\\/\"},\"sameAs\":[\"https:\\\/\\\/www.facebook.com\\\/buletin.de.buc\",\"https:\\\/\\\/www.instagram.com\\\/buletinde.bucuresti\\\/\"]},{\"@type\":\"Person\",\"@id\":\"https:\\\/\\\/buletin.de\\\/bucuresti\\\/#\\\/schema\\\/person\\\/7e46040573290777280a0835d81ea4ea\",\"name\":\"Diana Matei\",\"image\":{\"@type\":\"ImageObject\",\"inLanguage\":\"en-GB\",\"@id\":\"https:\\\/\\\/buletin.de\\\/bucuresti\\\/wp-content\\\/uploads\\\/9-2-96x96.jpg1e8590b30871d70e62ebcdaf2eff570c\",\"url\":\"https:\\\/\\\/buletin.de\\\/bucuresti\\\/wp-content\\\/uploads\\\/9-2-96x96.jpg\",\"contentUrl\":\"https:\\\/\\\/buletin.de\\\/bucuresti\\\/wp-content\\\/uploads\\\/9-2-96x96.jpg\",\"caption\":\"Diana Matei\"},\"url\":\"https:\\\/\\\/buletin.de\\\/bucuresti\\\/author\\\/dianamatei\\\/\"}]}<\/script>\n<!-- \/ Yoast SEO Premium plugin. -->","yoast_head_json":{"title":"\u201eVara Verde \u00een V\u0103c\u0103re\u0219ti\u201d continu\u0103 \u00een luna august - Buletin de Bucure\u0219ti","description":"\u201eVara Verde \u00een V\u0103c\u0103re\u0219ti\u201d continu\u0103. O serie de evenimente, pentru toate v\u00e2rstele, in Parcul vacaresti, in august.","robots":{"index":"index","follow":"follow","max-snippet":"max-snippet:-1","max-image-preview":"max-image-preview:large","max-video-preview":"max-video-preview:-1"},"canonical":"https:\/\/buletin.de\/bucuresti\/vara-verde-in-vacaresti-continua\/","og_locale":"en_GB","og_type":"article","og_title":"\u201eVara Verde \u00een V\u0103c\u0103re\u0219ti\u201d continu\u0103 \u00een luna august","og_description":"\u201eVara Verde \u00een V\u0103c\u0103re\u0219ti\u201d continu\u0103. O serie de evenimente, pentru toate v\u00e2rstele, in Parcul vacaresti, in august.","og_url":"https:\/\/buletin.de\/bucuresti\/vara-verde-in-vacaresti-continua\/","og_site_name":"Buletin de Bucure\u0219ti","article_publisher":"https:\/\/www.facebook.com\/buletin.de.buc","article_published_time":"2024-08-05T11:42:48+00:00","article_modified_time":"2024-08-05T11:43:20+00:00","og_image":[{"width":1920,"height":1280,"url":"https:\/\/buletin.de\/bucuresti\/wp-content\/uploads\/parc-vacaresti.jpg","type":"image\/jpeg"}],"author":"Diana Matei","twitter_card":"summary_large_image","twitter_misc":{"Written by":"Diana Matei","Estimated reading time":"4 minutes"},"schema":{"@context":"https:\/\/schema.org","@graph":[{"@type":"Article","@id":"https:\/\/buletin.de\/bucuresti\/vara-verde-in-vacaresti-continua\/#article","isPartOf":{"@id":"https:\/\/buletin.de\/bucuresti\/vara-verde-in-vacaresti-continua\/"},"author":{"name":"Diana Matei","@id":"https:\/\/buletin.de\/bucuresti\/#\/schema\/person\/7e46040573290777280a0835d81ea4ea"},"headline":"\u201eVara Verde \u00een V\u0103c\u0103re\u0219ti\u201d continu\u0103 \u00een luna august","datePublished":"2024-08-05T11:42:48+00:00","dateModified":"2024-08-05T11:43:20+00:00","mainEntityOfPage":{"@id":"https:\/\/buletin.de\/bucuresti\/vara-verde-in-vacaresti-continua\/"},"wordCount":943,"publisher":{"@id":"https:\/\/buletin.de\/bucuresti\/#organization"},"image":{"@id":"https:\/\/buletin.de\/bucuresti\/vara-verde-in-vacaresti-continua\/#primaryimage"},"thumbnailUrl":"https:\/\/buletin.de\/bucuresti\/wp-content\/uploads\/parc-vacaresti.jpg","keywords":["Administratia Parcului Vacaresti","tururi ghidate","Vara Verde in Vacaresti"],"articleSection":["Articole","\u0218tiri"],"inLanguage":"en-GB","copyrightYear":"2024","copyrightHolder":{"@id":"https:\/\/buletin.de\/bucuresti\/#organization"}},{"@type":"WebPage","@id":"https:\/\/buletin.de\/bucuresti\/vara-verde-in-vacaresti-continua\/","url":"https:\/\/buletin.de\/bucuresti\/vara-verde-in-vacaresti-continua\/","name":"\u201eVara Verde \u00een V\u0103c\u0103re\u0219ti\u201d continu\u0103 \u00een luna august - Buletin de Bucure\u0219ti","isPartOf":{"@id":"https:\/\/buletin.de\/bucuresti\/#website"},"primaryImageOfPage":{"@id":"https:\/\/buletin.de\/bucuresti\/vara-verde-in-vacaresti-continua\/#primaryimage"},"image":{"@id":"https:\/\/buletin.de\/bucuresti\/vara-verde-in-vacaresti-continua\/#primaryimage"},"thumbnailUrl":"https:\/\/buletin.de\/bucuresti\/wp-content\/uploads\/parc-vacaresti.jpg","datePublished":"2024-08-05T11:42:48+00:00","dateModified":"2024-08-05T11:43:20+00:00","description":"\u201eVara Verde \u00een V\u0103c\u0103re\u0219ti\u201d continu\u0103. O serie de evenimente, pentru toate v\u00e2rstele, in Parcul vacaresti, in august.","breadcrumb":{"@id":"https:\/\/buletin.de\/bucuresti\/vara-verde-in-vacaresti-continua\/#breadcrumb"},"inLanguage":"en-GB","potentialAction":[{"@type":"ReadAction","target":["https:\/\/buletin.de\/bucuresti\/vara-verde-in-vacaresti-continua\/"]}]},{"@type":"ImageObject","inLanguage":"en-GB","@id":"https:\/\/buletin.de\/bucuresti\/vara-verde-in-vacaresti-continua\/#primaryimage","url":"https:\/\/buletin.de\/bucuresti\/wp-content\/uploads\/parc-vacaresti.jpg","contentUrl":"https:\/\/buletin.de\/bucuresti\/wp-content\/uploads\/parc-vacaresti.jpg","width":1920,"height":1280,"caption":"\u201eVara Verde \u00een V\u0103c\u0103re\u0219ti\u201d continu\u0103 \u00een luna august. FOTO: Facebook\/Administra\u021bia Parcul Natural V\u0103c\u0103re\u0219ti"},{"@type":"BreadcrumbList","@id":"https:\/\/buletin.de\/bucuresti\/vara-verde-in-vacaresti-continua\/#breadcrumb","itemListElement":[{"@type":"ListItem","position":1,"name":"Acas\u0103","item":"https:\/\/buletin.de\/bucuresti\/"},{"@type":"ListItem","position":2,"name":"\u201eVara Verde \u00een V\u0103c\u0103re\u0219ti\u201d continu\u0103 \u00een luna august"}]},{"@type":"WebSite","@id":"https:\/\/buletin.de\/bucuresti\/#website","url":"https:\/\/buletin.de\/bucuresti\/","name":"Buletin de Bucure\u0219ti","description":"\u0218tiri \u0219i investiga\u021bii esen\u021biale din capital\u0103","publisher":{"@id":"https:\/\/buletin.de\/bucuresti\/#organization"},"potentialAction":[{"@type":"SearchAction","target":{"@type":"EntryPoint","urlTemplate":"https:\/\/buletin.de\/bucuresti\/?s={search_term_string}"},"query-input":{"@type":"PropertyValueSpecification","valueRequired":true,"valueName":"search_term_string"}}],"inLanguage":"en-GB"},{"@type":"Organization","@id":"https:\/\/buletin.de\/bucuresti\/#organization","name":"Buletin de Bucure\u0219ti","url":"https:\/\/buletin.de\/bucuresti\/","logo":{"@type":"ImageObject","inLanguage":"en-GB","@id":"https:\/\/buletin.de\/bucuresti\/#\/schema\/logo\/image\/","url":"https:\/\/buletin.de\/bucuresti\/wp-content\/uploads\/logo-bdb-full-wide-vernil-transparent.png","contentUrl":"https:\/\/buletin.de\/bucuresti\/wp-content\/uploads\/logo-bdb-full-wide-vernil-transparent.png","width":1782,"height":626,"caption":"Buletin de Bucure\u0219ti"},"image":{"@id":"https:\/\/buletin.de\/bucuresti\/#\/schema\/logo\/image\/"},"sameAs":["https:\/\/www.facebook.com\/buletin.de.buc","https:\/\/www.instagram.com\/buletinde.bucuresti\/"]},{"@type":"Person","@id":"https:\/\/buletin.de\/bucuresti\/#\/schema\/person\/7e46040573290777280a0835d81ea4ea","name":"Diana Matei","image":{"@type":"ImageObject","inLanguage":"en-GB","@id":"https:\/\/buletin.de\/bucuresti\/wp-content\/uploads\/9-2-96x96.jpg1e8590b30871d70e62ebcdaf2eff570c","url":"https:\/\/buletin.de\/bucuresti\/wp-content\/uploads\/9-2-96x96.jpg","contentUrl":"https:\/\/buletin.de\/bucuresti\/wp-content\/uploads\/9-2-96x96.jpg","caption":"Diana Matei"},"url":"https:\/\/buletin.de\/bucuresti\/author\/dianamatei\/"}]}},"authors":[{"term_id":22574,"user_id":49,"is_guest":0,"slug":"dianamatei","display_name":"Diana Matei","avatar_url":"https:\/\/buletin.de\/bucuresti\/wp-content\/uploads\/9-2-96x96.jpg","0":null,"1":"","2":"","3":"","4":"","5":"","6":"","7":"","8":""}],"_links":{"self":[{"href":"https:\/\/buletin.de\/bucuresti\/wp-json\/wp\/v2\/posts\/93502","targetHints":{"allow":["GET"]}}],"collection":[{"href":"https:\/\/buletin.de\/bucuresti\/wp-json\/wp\/v2\/posts"}],"about":[{"href":"https:\/\/buletin.de\/bucuresti\/wp-json\/wp\/v2\/types\/post"}],"author":[{"embeddable":true,"href":"https:\/\/buletin.de\/bucuresti\/wp-json\/wp\/v2\/users\/49"}],"replies":[{"embeddable":true,"href":"https:\/\/buletin.de\/bucuresti\/wp-json\/wp\/v2\/comments?post=93502"}],"version-history":[{"count":3,"href":"https:\/\/buletin.de\/bucuresti\/wp-json\/wp\/v2\/posts\/93502\/revisions"}],"predecessor-version":[{"id":93515,"href":"https:\/\/buletin.de\/bucuresti\/wp-json\/wp\/v2\/posts\/93502\/revisions\/93515"}],"wp:featuredmedia":[{"embeddable":true,"href":"https:\/\/buletin.de\/bucuresti\/wp-json\/wp\/v2\/media\/90815"}],"wp:attachment":[{"href":"https:\/\/buletin.de\/bucuresti\/wp-json\/wp\/v2\/media?parent=93502"}],"wp:term":[{"taxonomy":"category","embeddable":true,"href":"https:\/\/buletin.de\/bucuresti\/wp-json\/wp\/v2\/categories?post=93502"},{"taxonomy":"post_tag","embeddable":true,"href":"https:\/\/buletin.de\/bucuresti\/wp-json\/wp\/v2\/tags?post=93502"},{"taxonomy":"author","embeddable":true,"href":"https:\/\/buletin.de\/bucuresti\/wp-json\/wp\/v2\/ppma_author?post=93502"}],"curies":[{"name":"wp","href":"https:\/\/api.w.org\/{rel}","templated":true}]}}