{"id":93407,"date":"2024-08-04T13:16:21","date_gmt":"2024-08-04T10:16:21","guid":{"rendered":"https:\/\/buletin.de\/bucuresti\/?p=93407"},"modified":"2024-08-05T08:54:56","modified_gmt":"2024-08-05T05:54:56","slug":"control-comun-rar-politie-amenzi-de-75-000-de-lei-in-trei-zile-de-la-folii-neomologate-la-tobe-care-sparg-timpanele","status":"publish","type":"post","link":"https:\/\/buletin.de\/bucuresti\/control-comun-rar-politie-amenzi-de-75-000-de-lei-in-trei-zile-de-la-folii-neomologate-la-tobe-care-sparg-timpanele\/","title":{"rendered":"Control comun RAR-Poli\u0163ie. Amenzi de 75.000 de lei. De la folii neomologate, la tobe care sparg timpanele"},"content":{"rendered":"\n<p><strong>Un control comun RAR-Poli\u0163ie s-a desf\u0103\u015furat \u00een perioada 1-3 august, iar \u00een urma acestei ac\u0163iuni s-au dat 134 de amenzi, \u00een valoare de 75 de mii de lei. \u00cen plus, au fost re\u0163inute cinci permise, dintre care patru pentru condus agresiv, iar 47 de \u015foferi au r\u0103mas f\u0103r\u0103 certificate de \u00eenmatriculare. <\/strong><\/p>\n\n\n\n<p>Sanc\u0163iunile contraven\u0163ionale au fost aplicate dup\u0103 cum urmeaz\u0103: <\/p>\n\n\n\n<ul class=\"wp-block-list\">\n<li>19 pentru modific\u0103ri ale sistemului de evacuare noxe;<\/li>\n\n\n\n<li>16 pentru modific\u0103ri neomologate;<\/li>\n\n\n\n<li>78 pentru alte deficien\u021be tehnice;<\/li>\n\n\n\n<li>21 pentru alte abateri prev\u0103zute de legisla\u021bia rutier\u0103.<\/li>\n<\/ul>\n\n\n\n<p>Pe l\u00e2ng\u0103 sanc\u0163iuni \u015fi permise suspendate, au fost re\u0163inute \u015fi 28 seturi de pl\u0103cu\u021be cu num\u0103rul de \u00eenmatriculare.<\/p>\n\n\n\n<p><strong>CITE\u015eTE \u015eI:<\/strong> <a href=\"https:\/\/buletin.de\/bucuresti\/video-un-barbat-care-isi-plimba-cainele-a-fost-accidentat-mortal-de-un-motociclist-cand-traversa-ilegal\/\"><strong>VIDEO | Un b\u0103rbat care \u00ee\u015fi plimba c\u00e2inele a fost accidentat mortal de un motociclist, c\u00e2nd traversa ilegal<\/strong><\/a><\/p>\n\n\n\n<h2 class=\"wp-block-heading\">Control comun RAR-Poli\u0163ie. Neregulile g\u0103site<\/h2>\n\n\n\n<figure class=\"wp-block-gallery has-nested-images columns-default is-cropped wp-block-gallery-1 is-layout-flex wp-block-gallery-is-layout-flex\">\n<figure class=\"wp-block-image size-large\"><img fetchpriority=\"high\" decoding=\"async\" width=\"900\" height=\"675\" data-id=\"93411\" src=\"data:image\/gif;base64,R0lGODlhAQABAAAAACH5BAEKAAEALAAAAAABAAEAAAICTAEAOw==\" data-src=\"https:\/\/buletin.de\/bucuresti\/wp-content\/uploads\/WhatsApp-Image-2024-08-04-at-12.45.21-900x675.jpeg\" alt=\"Control comun RAR-Poli\u0163ie\" class=\"wp-image-93411 lazyload\" data-sizes=\"auto\" data-srcset=\"https:\/\/buletin.de\/bucuresti\/wp-content\/uploads\/WhatsApp-Image-2024-08-04-at-12.45.21-900x675.jpeg 900w, https:\/\/buletin.de\/bucuresti\/wp-content\/uploads\/WhatsApp-Image-2024-08-04-at-12.45.21-300x225.jpeg 300w, https:\/\/buletin.de\/bucuresti\/wp-content\/uploads\/WhatsApp-Image-2024-08-04-at-12.45.21-768x576.jpeg 768w, https:\/\/buletin.de\/bucuresti\/wp-content\/uploads\/WhatsApp-Image-2024-08-04-at-12.45.21-1536x1152.jpeg 1536w, https:\/\/buletin.de\/bucuresti\/wp-content\/uploads\/WhatsApp-Image-2024-08-04-at-12.45.21-1600x1200.jpeg 1600w, https:\/\/buletin.de\/bucuresti\/wp-content\/uploads\/WhatsApp-Image-2024-08-04-at-12.45.21-1100x825.jpeg 1100w, https:\/\/buletin.de\/bucuresti\/wp-content\/uploads\/WhatsApp-Image-2024-08-04-at-12.45.21-600x450.jpeg 600w, https:\/\/buletin.de\/bucuresti\/wp-content\/uploads\/WhatsApp-Image-2024-08-04-at-12.45.21-20x15.jpeg 20w, https:\/\/buletin.de\/bucuresti\/wp-content\/uploads\/WhatsApp-Image-2024-08-04-at-12.45.21.jpeg 2000w\" sizes=\"(max-width: 900px) 100vw, 900px\" \/><figcaption class=\"wp-element-caption\">Control comun RAR-Poli\u0163ie<\/figcaption><\/figure>\n\n\n\n<figure class=\"wp-block-image size-large\"><img decoding=\"async\" width=\"900\" height=\"675\" data-id=\"93409\" src=\"data:image\/gif;base64,R0lGODlhAQABAAAAACH5BAEKAAEALAAAAAABAAEAAAICTAEAOw==\" data-src=\"https:\/\/buletin.de\/bucuresti\/wp-content\/uploads\/WhatsApp-Image-2024-08-04-at-12.45.20-900x675.jpeg\" alt=\"\" class=\"wp-image-93409 lazyload\" data-sizes=\"auto\" data-srcset=\"https:\/\/buletin.de\/bucuresti\/wp-content\/uploads\/WhatsApp-Image-2024-08-04-at-12.45.20-900x675.jpeg 900w, https:\/\/buletin.de\/bucuresti\/wp-content\/uploads\/WhatsApp-Image-2024-08-04-at-12.45.20-300x225.jpeg 300w, https:\/\/buletin.de\/bucuresti\/wp-content\/uploads\/WhatsApp-Image-2024-08-04-at-12.45.20-768x576.jpeg 768w, https:\/\/buletin.de\/bucuresti\/wp-content\/uploads\/WhatsApp-Image-2024-08-04-at-12.45.20-1536x1152.jpeg 1536w, https:\/\/buletin.de\/bucuresti\/wp-content\/uploads\/WhatsApp-Image-2024-08-04-at-12.45.20-1600x1200.jpeg 1600w, https:\/\/buletin.de\/bucuresti\/wp-content\/uploads\/WhatsApp-Image-2024-08-04-at-12.45.20-1100x825.jpeg 1100w, https:\/\/buletin.de\/bucuresti\/wp-content\/uploads\/WhatsApp-Image-2024-08-04-at-12.45.20-600x450.jpeg 600w, https:\/\/buletin.de\/bucuresti\/wp-content\/uploads\/WhatsApp-Image-2024-08-04-at-12.45.20-20x15.jpeg 20w, https:\/\/buletin.de\/bucuresti\/wp-content\/uploads\/WhatsApp-Image-2024-08-04-at-12.45.20.jpeg 2000w\" sizes=\"(max-width: 900px) 100vw, 900px\" \/><figcaption class=\"wp-element-caption\">Control comun RAR &#8211; Poli\u0163ie. <\/figcaption><\/figure>\n\n\n\n<figure class=\"wp-block-image size-large\"><img decoding=\"async\" width=\"900\" height=\"675\" data-id=\"93412\" src=\"data:image\/gif;base64,R0lGODlhAQABAAAAACH5BAEKAAEALAAAAAABAAEAAAICTAEAOw==\" data-src=\"https:\/\/buletin.de\/bucuresti\/wp-content\/uploads\/WhatsApp-Image-2024-08-04-at-12.45.21-1-900x675.jpeg\" alt=\"Control comun RAR-Poli\u0163ie\" class=\"wp-image-93412 lazyload\" data-sizes=\"auto\" data-srcset=\"https:\/\/buletin.de\/bucuresti\/wp-content\/uploads\/WhatsApp-Image-2024-08-04-at-12.45.21-1-900x675.jpeg 900w, https:\/\/buletin.de\/bucuresti\/wp-content\/uploads\/WhatsApp-Image-2024-08-04-at-12.45.21-1-300x225.jpeg 300w, https:\/\/buletin.de\/bucuresti\/wp-content\/uploads\/WhatsApp-Image-2024-08-04-at-12.45.21-1-768x576.jpeg 768w, https:\/\/buletin.de\/bucuresti\/wp-content\/uploads\/WhatsApp-Image-2024-08-04-at-12.45.21-1-1536x1152.jpeg 1536w, https:\/\/buletin.de\/bucuresti\/wp-content\/uploads\/WhatsApp-Image-2024-08-04-at-12.45.21-1-1600x1200.jpeg 1600w, https:\/\/buletin.de\/bucuresti\/wp-content\/uploads\/WhatsApp-Image-2024-08-04-at-12.45.21-1-1100x825.jpeg 1100w, https:\/\/buletin.de\/bucuresti\/wp-content\/uploads\/WhatsApp-Image-2024-08-04-at-12.45.21-1-600x450.jpeg 600w, https:\/\/buletin.de\/bucuresti\/wp-content\/uploads\/WhatsApp-Image-2024-08-04-at-12.45.21-1-20x15.jpeg 20w, https:\/\/buletin.de\/bucuresti\/wp-content\/uploads\/WhatsApp-Image-2024-08-04-at-12.45.21-1.jpeg 2000w\" sizes=\"(max-width: 900px) 100vw, 900px\" \/><figcaption class=\"wp-element-caption\">Control comun RAR-Poli\u0163ie<\/figcaption><\/figure>\n\n\n\n<figure class=\"wp-block-image size-large\"><img loading=\"lazy\" decoding=\"async\" width=\"900\" height=\"675\" data-id=\"93413\" src=\"data:image\/gif;base64,R0lGODlhAQABAAAAACH5BAEKAAEALAAAAAABAAEAAAICTAEAOw==\" data-src=\"https:\/\/buletin.de\/bucuresti\/wp-content\/uploads\/WhatsApp-Image-2024-08-04-at-12.45.21-2-900x675.jpeg\" alt=\"\" class=\"wp-image-93413 lazyload\" data-sizes=\"auto\" data-srcset=\"https:\/\/buletin.de\/bucuresti\/wp-content\/uploads\/WhatsApp-Image-2024-08-04-at-12.45.21-2-900x675.jpeg 900w, https:\/\/buletin.de\/bucuresti\/wp-content\/uploads\/WhatsApp-Image-2024-08-04-at-12.45.21-2-300x225.jpeg 300w, https:\/\/buletin.de\/bucuresti\/wp-content\/uploads\/WhatsApp-Image-2024-08-04-at-12.45.21-2-768x576.jpeg 768w, https:\/\/buletin.de\/bucuresti\/wp-content\/uploads\/WhatsApp-Image-2024-08-04-at-12.45.21-2-1536x1152.jpeg 1536w, https:\/\/buletin.de\/bucuresti\/wp-content\/uploads\/WhatsApp-Image-2024-08-04-at-12.45.21-2-1600x1200.jpeg 1600w, https:\/\/buletin.de\/bucuresti\/wp-content\/uploads\/WhatsApp-Image-2024-08-04-at-12.45.21-2-1100x825.jpeg 1100w, https:\/\/buletin.de\/bucuresti\/wp-content\/uploads\/WhatsApp-Image-2024-08-04-at-12.45.21-2-600x450.jpeg 600w, https:\/\/buletin.de\/bucuresti\/wp-content\/uploads\/WhatsApp-Image-2024-08-04-at-12.45.21-2-20x15.jpeg 20w, https:\/\/buletin.de\/bucuresti\/wp-content\/uploads\/WhatsApp-Image-2024-08-04-at-12.45.21-2.jpeg 2000w\" sizes=\"(max-width: 900px) 100vw, 900px\" \/><figcaption class=\"wp-element-caption\">Control comun RAR-Poli\u0163ie<\/figcaption><\/figure>\n\n\n\n<figure class=\"wp-block-image size-large\"><img fetchpriority=\"high\" decoding=\"async\" width=\"900\" height=\"675\" data-id=\"93411\" src=\"data:image\/gif;base64,R0lGODlhAQABAAAAACH5BAEKAAEALAAAAAABAAEAAAICTAEAOw==\" data-src=\"https:\/\/buletin.de\/bucuresti\/wp-content\/uploads\/WhatsApp-Image-2024-08-04-at-12.45.21-900x675.jpeg\" alt=\"Control comun RAR-Poli\u0163ie\" class=\"wp-image-93411 lazyload\" data-sizes=\"auto\" data-srcset=\"https:\/\/buletin.de\/bucuresti\/wp-content\/uploads\/WhatsApp-Image-2024-08-04-at-12.45.21-900x675.jpeg 900w, https:\/\/buletin.de\/bucuresti\/wp-content\/uploads\/WhatsApp-Image-2024-08-04-at-12.45.21-300x225.jpeg 300w, https:\/\/buletin.de\/bucuresti\/wp-content\/uploads\/WhatsApp-Image-2024-08-04-at-12.45.21-768x576.jpeg 768w, https:\/\/buletin.de\/bucuresti\/wp-content\/uploads\/WhatsApp-Image-2024-08-04-at-12.45.21-1536x1152.jpeg 1536w, https:\/\/buletin.de\/bucuresti\/wp-content\/uploads\/WhatsApp-Image-2024-08-04-at-12.45.21-1600x1200.jpeg 1600w, https:\/\/buletin.de\/bucuresti\/wp-content\/uploads\/WhatsApp-Image-2024-08-04-at-12.45.21-1100x825.jpeg 1100w, https:\/\/buletin.de\/bucuresti\/wp-content\/uploads\/WhatsApp-Image-2024-08-04-at-12.45.21-600x450.jpeg 600w, https:\/\/buletin.de\/bucuresti\/wp-content\/uploads\/WhatsApp-Image-2024-08-04-at-12.45.21-20x15.jpeg 20w, https:\/\/buletin.de\/bucuresti\/wp-content\/uploads\/WhatsApp-Image-2024-08-04-at-12.45.21.jpeg 2000w\" sizes=\"(max-width: 900px) 100vw, 900px\" \/><figcaption class=\"wp-element-caption\">Control comun RAR-Poli\u0163ie<\/figcaption><\/figure>\n\n\n\n<figure class=\"wp-block-image size-large\"><img loading=\"lazy\" decoding=\"async\" width=\"900\" height=\"675\" data-id=\"93415\" src=\"data:image\/gif;base64,R0lGODlhAQABAAAAACH5BAEKAAEALAAAAAABAAEAAAICTAEAOw==\" data-src=\"https:\/\/buletin.de\/bucuresti\/wp-content\/uploads\/WhatsApp-Image-2024-08-04-at-12.45.22-900x675.jpeg\" alt=\"Control comun RAR-Poli\u0163ie\" class=\"wp-image-93415 lazyload\" data-sizes=\"auto\" data-srcset=\"https:\/\/buletin.de\/bucuresti\/wp-content\/uploads\/WhatsApp-Image-2024-08-04-at-12.45.22-900x675.jpeg 900w, https:\/\/buletin.de\/bucuresti\/wp-content\/uploads\/WhatsApp-Image-2024-08-04-at-12.45.22-300x225.jpeg 300w, https:\/\/buletin.de\/bucuresti\/wp-content\/uploads\/WhatsApp-Image-2024-08-04-at-12.45.22-768x576.jpeg 768w, https:\/\/buletin.de\/bucuresti\/wp-content\/uploads\/WhatsApp-Image-2024-08-04-at-12.45.22-1536x1152.jpeg 1536w, https:\/\/buletin.de\/bucuresti\/wp-content\/uploads\/WhatsApp-Image-2024-08-04-at-12.45.22-1600x1200.jpeg 1600w, https:\/\/buletin.de\/bucuresti\/wp-content\/uploads\/WhatsApp-Image-2024-08-04-at-12.45.22-1100x825.jpeg 1100w, https:\/\/buletin.de\/bucuresti\/wp-content\/uploads\/WhatsApp-Image-2024-08-04-at-12.45.22-600x450.jpeg 600w, https:\/\/buletin.de\/bucuresti\/wp-content\/uploads\/WhatsApp-Image-2024-08-04-at-12.45.22-20x15.jpeg 20w, https:\/\/buletin.de\/bucuresti\/wp-content\/uploads\/WhatsApp-Image-2024-08-04-at-12.45.22.jpeg 2048w\" sizes=\"(max-width: 900px) 100vw, 900px\" \/><figcaption class=\"wp-element-caption\">Control comun RAR-Poli\u0163ie<\/figcaption><\/figure>\n<figcaption class=\"blocks-gallery-caption wp-element-caption\">Control comun RAR &#8211; Poli\u0163ie<\/figcaption><\/figure>\n\n\n\n<p>\u00cen comunicatul Poli\u0163iei Rutiere au fost oferite \u015fi c\u00e2teva exemple de \u015foferi care au \u00eenc\u0103lcat legisla\u0163ia. <\/p>\n\n\n\n<p><strong>La data de 02 august a.c., o femeie \u00een v\u00e2rst\u0103 de 36 de ani, a condus o motociclet\u0103 pe Bd. Timi\u0219oara \u0219i a adoptat un comportament agresiv, ambal\u00e2nd excesiv \u0219i repetat motorul, fapt de natur\u0103 a st\u00e2njeni persoanele aflate \u00een zona drumului public.<\/strong><\/p>\n\n\n\n<p>\u00cen urma controlului efectuat de inspectorii RAR, s-a constatat faptul c\u0103 avea modific\u0103ri constructive neomologate la sistemul de evacuare (tob\u0103 final\u0103 evacuare neconform\u0103, lips\u0103 amortizor zgomot), lumini neconforme precum \u0219i pl\u0103cu\u021ba cu num\u0103rul de \u00eenmatriculare deteriorat\u0103.<\/p>\n\n\n\n<p>Aceasta a fost sanc\u021bionat\u0103 contraven\u021bional cu amend\u0103 \u00een valoare de 2640 lei, fiind dispus\u0103 m\u0103sura suspend\u0103rii exercit\u0103rii dreptului de a conduce pentru o perioad\u0103 de 30 de zile, precum \u0219i re\u021binerea certificatului de \u00eenmatriculare \u0219i retragerea pl\u0103cu\u021bei cu num\u0103rul de \u00eenmatriculare p\u00e2n\u0103 la remedierea deficien\u021belor constatate.<\/p>\n\n\n\n<p>La data de 03 august a.c., o femeie \u00een v\u00e2rst\u0103 de 28 de ani, a condus un autovehicul \u00een zona Pia\u021ba Victoriei \u0219i a adoptat un comportament agresiv, prin efectuarea unui derapaj inten\u021bionat de natur\u0103 a st\u00e2njeni persoanele aflate \u00een zona drumului public.<\/p>\n\n\n\n<p>Aceasta a fost sanc\u021bionat\u0103 contraven\u021bional cu amend\u0103 \u00een valoare de 660 lei, fiind dispus\u0103 m\u0103sura suspend\u0103rii exercit\u0103rii dreptului de a conduce pentru o perioad\u0103 de 30 de zile.<\/p>\n\n\n\n<p><strong>La data de 03 august a.c., un b\u0103rbat \u00een v\u00e2rst\u0103 de 25 de ani, a condus un motociclu pe \u0218os. Mihai Bravu\/Str. Dristorului, iar \u00een urma controlului efectuat de c\u0103tre poli\u021bi\u0219tii rutieri \u00een colaborare cu inspectorii din cadrul RAR s-a constatat faptul c\u0103 avea modific\u0103ri constructive neomologate la sistemul de evacuare (tob\u0103 final\u0103 evacuare neconform\u0103, lips\u0103 amortizor zgomot), precum \u0219i deficien\u021be la sistemul de iluminare fa\u021b\u0103.<\/strong><\/p>\n\n\n\n<p>Persoana \u00een cauz\u0103 a fost sanc\u021bionat\u0103 contraven\u021bional cu amend\u0103 \u00een valoare de 990 lei \u0219i s-a dispus re\u021binerea certificatului de \u00eenmatriculare \u0219i retragerea pl\u0103cu\u021bei cu num\u0103rul de \u00eenmatriculare p\u00e2n\u0103 la remedierea deficien\u021belor constatate.<\/p>\n\n\n\n<p><strong>La data de 03 august a.c., un b\u0103rbat \u00een v\u00e2rst\u0103 de 47 de ani, a condus un autovehicul pe \u0218os. Mihai Bravu\/Str. Dristorului, iar \u00een urma controlului efectuat de c\u0103tre poli\u021bi\u0219tii rutieri \u00een colaborare cu inspectorii din cadrul <a href=\"https:\/\/www.rarom.ro\/\">RAR <\/a>s-a constatat faptul c\u0103 avea modific\u0103ri constructive neomologate la sistemul de evacuare, precum \u0219i folii neomologate aplicate pe geamurile laterale fa\u021b\u0103.<\/strong><\/p>\n\n\n\n<p>Persoana \u00een cauz\u0103 a fost sanc\u021bionat\u0103 contraven\u021bional cu amend\u0103 \u00een valoare de 2475 lei \u0219i s-a dispus re\u021binerea certificatului de \u00eenmatriculare \u0219i retragerea pl\u0103cu\u021belor cu num\u0103rul de \u00eenmatriculare p\u00e2n\u0103 la remedierea deficien\u021belor constatate.<\/p>\n\n\n\n<h2 class=\"wp-block-heading\">Ce a mai verificat Poli\u021bia cu reprezentan\u021bii RAR<\/h2>\n\n\n\n<p>Poli\u0163ia transmite c\u0103 <em>s-a urm\u0103rit cu prec\u0103dere starea tehnic\u0103 a autovehiculelor prin verificarea<\/em>:<br>\u2022 sistemului de reducere a zgomotului \u0219i a emisiilor poluante;<br>\u2022 sistemului de fr\u00e2nare;<br>\u2022 mecanismului de direc\u021bie;<br>\u2022 instala\u021biei de iluminare\/semnalizare \u0219i echipamente electrice;<br>\u2022 existen\u021bei \u0219i autenticit\u0103\u021bii seriilor\/numerelor de identificare ale vehiculelor;<br>\u2022 vizibilit\u0103\u021bii \u0219i legalitatea mont\u0103rii \u0219i utiliz\u0103rii luminilor de alt\u0103 culoare sau intensitate, dispozitivelor ori accesoriilor de avertizare, dec\u00e2t cele omologate;<br>\u2022 sistemului de rulare (pun\u021bi, ro\u021bi, anvelope \u0219i suspensie);<br>\u2022 corectitudinii datelor din certificatul de \u00eenmatriculare \u0219i concordan\u021ba acestora cu datele \u0219i caracteristicile tehnice ale vehiculelor;<br>\u2022 de\u021binerii inspec\u021biei tehnice periodice \u0219i valabilitatea acesteia;<br>\u2022 aplic\u0103rii tratamentelor chimice sau a foliilor pe parbriz, luneta sau pe geamurile laterale, cu excep\u021bia celor omologate \u0219i\/sau certificate de c\u0103tre autoritatea competent\u0103 \u0219i care sunt marcate corespunz\u0103tor.<\/p>\n\n\n\n<p><strong>CITE\u015eTE \u015eI:<\/strong> <a href=\"https:\/\/buletin.de\/bucuresti\/administratia-strazilor-bucuresti-daune-de-28-000-euro-pentru-un-motociclist-care-a-facut-accident-din-cauza-unui-indicator-lipsa\/\"><strong>Administra\u0163ia Str\u0103zilor Bucure\u015fti, daune de 28.000 euro pentru un motociclist care a f\u0103cut accident din cauza unui indicator lips\u0103<\/strong><\/a><\/p>\n","protected":false},"excerpt":{"rendered":"<p>Un control comun RAR-Poli\u0163ie s-a desf\u0103\u015furat \u00een perioada 1-3 august, iar \u00een urma acestei ac\u0163iuni s-au dat 134 de amenzi, \u00een valoare de 75 de mii de lei. \u00cen plus, au fost re\u0163inute cinci permise, dintre care patru pentru condus agresiv, iar 47 de \u015foferi au r\u0103mas f\u0103r\u0103 certificate de \u00eenmatriculare. Sanc\u0163iunile contraven\u0163ionale au fost [&hellip;]<\/p>\n","protected":false},"author":8,"featured_media":93409,"comment_status":"closed","ping_status":"open","sticky":false,"template":"","format":"standard","meta":{"_acf_changed":false,"inline_featured_image":false,"ngg_post_thumbnail":0,"footnotes":""},"categories":[6994,9026,5762,650],"tags":[13916,13917,13914,13915],"ppma_author":[22586],"class_list":["post-93407","post","type-post","status-publish","format-standard","has-post-thumbnail","hentry","category-stiri-2","category-eveniment","category-main","category-transport","tag-amenzi-control-rar-rutiera","tag-controale-trafic-bucuresti","tag-control-rar-politia-rutiera","tag-motociclisti-amendati-bucuresti"],"acf":[],"yoast_head":"<!-- This site is optimized with the Yoast SEO Premium plugin v25.3 (Yoast SEO v27.4) - https:\/\/yoast.com\/product\/yoast-seo-premium-wordpress\/ -->\n<title>Control comun RAR-Poli\u0163ie. Amenzi de 75.000 de lei. De la folii neomologate, la tobe care sparg timpanele - Buletin de Bucure\u0219ti<\/title>\n<meta name=\"description\" content=\"Un control comun RAR-Poli\u0163ie s-a desf\u0103\u015furat \u00een perioada 1-3 august, iar \u00een urma acestei ac\u0163iuni s-au dat 134 de amenzi.\" \/>\n<meta name=\"robots\" content=\"index, follow, max-snippet:-1, max-image-preview:large, max-video-preview:-1\" \/>\n<link rel=\"canonical\" href=\"https:\/\/buletin.de\/bucuresti\/control-comun-rar-politie-amenzi-de-75-000-de-lei-in-trei-zile-de-la-folii-neomologate-la-tobe-care-sparg-timpanele\/\" \/>\n<meta property=\"og:locale\" content=\"en_GB\" \/>\n<meta property=\"og:type\" content=\"article\" \/>\n<meta property=\"og:title\" content=\"Control comun RAR-Poli\u0163ie. Amenzi de 75.000 de lei. De la folii neomologate, la tobe care sparg timpanele\" \/>\n<meta property=\"og:description\" content=\"Un control comun RAR-Poli\u0163ie s-a desf\u0103\u015furat \u00een perioada 1-3 august, iar \u00een urma acestei ac\u0163iuni s-au dat 134 de amenzi.\" \/>\n<meta property=\"og:url\" content=\"https:\/\/buletin.de\/bucuresti\/control-comun-rar-politie-amenzi-de-75-000-de-lei-in-trei-zile-de-la-folii-neomologate-la-tobe-care-sparg-timpanele\/\" \/>\n<meta property=\"og:site_name\" content=\"Buletin de Bucure\u0219ti\" \/>\n<meta property=\"article:publisher\" content=\"https:\/\/www.facebook.com\/buletin.de.buc\" \/>\n<meta property=\"article:published_time\" content=\"2024-08-04T10:16:21+00:00\" \/>\n<meta property=\"article:modified_time\" content=\"2024-08-05T05:54:56+00:00\" \/>\n<meta property=\"og:image\" content=\"https:\/\/buletin.de\/bucuresti\/wp-content\/uploads\/WhatsApp-Image-2024-08-04-at-12.45.20.jpeg\" \/>\n\t<meta property=\"og:image:width\" content=\"2000\" \/>\n\t<meta property=\"og:image:height\" content=\"1500\" \/>\n\t<meta property=\"og:image:type\" content=\"image\/jpeg\" \/>\n<meta name=\"author\" content=\"Ionu\u021b Lepa\" \/>\n<meta name=\"twitter:card\" content=\"summary_large_image\" \/>\n<meta name=\"twitter:label1\" content=\"Written by\" \/>\n\t<meta name=\"twitter:data1\" content=\"Ionu\u021b Lepa\" \/>\n\t<meta name=\"twitter:label2\" content=\"Estimated reading time\" \/>\n\t<meta name=\"twitter:data2\" content=\"5 minutes\" \/>\n<script type=\"application\/ld+json\" class=\"yoast-schema-graph\">{\"@context\":\"https:\\\/\\\/schema.org\",\"@graph\":[{\"@type\":\"Article\",\"@id\":\"https:\\\/\\\/buletin.de\\\/bucuresti\\\/control-comun-rar-politie-amenzi-de-75-000-de-lei-in-trei-zile-de-la-folii-neomologate-la-tobe-care-sparg-timpanele\\\/#article\",\"isPartOf\":{\"@id\":\"https:\\\/\\\/buletin.de\\\/bucuresti\\\/control-comun-rar-politie-amenzi-de-75-000-de-lei-in-trei-zile-de-la-folii-neomologate-la-tobe-care-sparg-timpanele\\\/\"},\"author\":{\"name\":\"Ionu\u021b Lepa\",\"@id\":\"https:\\\/\\\/buletin.de\\\/bucuresti\\\/#\\\/schema\\\/person\\\/5272b8a057b33890940b57b837fc4ce6\"},\"headline\":\"Control comun RAR-Poli\u0163ie. Amenzi de 75.000 de lei. De la folii neomologate, la tobe care sparg timpanele\",\"datePublished\":\"2024-08-04T10:16:21+00:00\",\"dateModified\":\"2024-08-05T05:54:56+00:00\",\"mainEntityOfPage\":{\"@id\":\"https:\\\/\\\/buletin.de\\\/bucuresti\\\/control-comun-rar-politie-amenzi-de-75-000-de-lei-in-trei-zile-de-la-folii-neomologate-la-tobe-care-sparg-timpanele\\\/\"},\"wordCount\":829,\"publisher\":{\"@id\":\"https:\\\/\\\/buletin.de\\\/bucuresti\\\/#organization\"},\"image\":{\"@id\":\"https:\\\/\\\/buletin.de\\\/bucuresti\\\/control-comun-rar-politie-amenzi-de-75-000-de-lei-in-trei-zile-de-la-folii-neomologate-la-tobe-care-sparg-timpanele\\\/#primaryimage\"},\"thumbnailUrl\":\"https:\\\/\\\/buletin.de\\\/bucuresti\\\/wp-content\\\/uploads\\\/WhatsApp-Image-2024-08-04-at-12.45.20.jpeg\",\"keywords\":[\"amenzi control RAR Rutiera\",\"controale trafic Bucuresti\",\"control RAR Politia Rutiera\",\"motociclisti amendati Bucuresti\"],\"articleSection\":[\"Articole\",\"Eveniment\",\"Main\",\"Transport\"],\"inLanguage\":\"en-GB\",\"copyrightYear\":\"2024\",\"copyrightHolder\":{\"@id\":\"https:\\\/\\\/buletin.de\\\/bucuresti\\\/#organization\"}},{\"@type\":\"WebPage\",\"@id\":\"https:\\\/\\\/buletin.de\\\/bucuresti\\\/control-comun-rar-politie-amenzi-de-75-000-de-lei-in-trei-zile-de-la-folii-neomologate-la-tobe-care-sparg-timpanele\\\/\",\"url\":\"https:\\\/\\\/buletin.de\\\/bucuresti\\\/control-comun-rar-politie-amenzi-de-75-000-de-lei-in-trei-zile-de-la-folii-neomologate-la-tobe-care-sparg-timpanele\\\/\",\"name\":\"Control comun RAR-Poli\u0163ie. Amenzi de 75.000 de lei. De la folii neomologate, la tobe care sparg timpanele - Buletin de Bucure\u0219ti\",\"isPartOf\":{\"@id\":\"https:\\\/\\\/buletin.de\\\/bucuresti\\\/#website\"},\"primaryImageOfPage\":{\"@id\":\"https:\\\/\\\/buletin.de\\\/bucuresti\\\/control-comun-rar-politie-amenzi-de-75-000-de-lei-in-trei-zile-de-la-folii-neomologate-la-tobe-care-sparg-timpanele\\\/#primaryimage\"},\"image\":{\"@id\":\"https:\\\/\\\/buletin.de\\\/bucuresti\\\/control-comun-rar-politie-amenzi-de-75-000-de-lei-in-trei-zile-de-la-folii-neomologate-la-tobe-care-sparg-timpanele\\\/#primaryimage\"},\"thumbnailUrl\":\"https:\\\/\\\/buletin.de\\\/bucuresti\\\/wp-content\\\/uploads\\\/WhatsApp-Image-2024-08-04-at-12.45.20.jpeg\",\"datePublished\":\"2024-08-04T10:16:21+00:00\",\"dateModified\":\"2024-08-05T05:54:56+00:00\",\"description\":\"Un control comun RAR-Poli\u0163ie s-a desf\u0103\u015furat \u00een perioada 1-3 august, iar \u00een urma acestei ac\u0163iuni s-au dat 134 de amenzi.\",\"breadcrumb\":{\"@id\":\"https:\\\/\\\/buletin.de\\\/bucuresti\\\/control-comun-rar-politie-amenzi-de-75-000-de-lei-in-trei-zile-de-la-folii-neomologate-la-tobe-care-sparg-timpanele\\\/#breadcrumb\"},\"inLanguage\":\"en-GB\",\"potentialAction\":[{\"@type\":\"ReadAction\",\"target\":[\"https:\\\/\\\/buletin.de\\\/bucuresti\\\/control-comun-rar-politie-amenzi-de-75-000-de-lei-in-trei-zile-de-la-folii-neomologate-la-tobe-care-sparg-timpanele\\\/\"]}]},{\"@type\":\"ImageObject\",\"inLanguage\":\"en-GB\",\"@id\":\"https:\\\/\\\/buletin.de\\\/bucuresti\\\/control-comun-rar-politie-amenzi-de-75-000-de-lei-in-trei-zile-de-la-folii-neomologate-la-tobe-care-sparg-timpanele\\\/#primaryimage\",\"url\":\"https:\\\/\\\/buletin.de\\\/bucuresti\\\/wp-content\\\/uploads\\\/WhatsApp-Image-2024-08-04-at-12.45.20.jpeg\",\"contentUrl\":\"https:\\\/\\\/buletin.de\\\/bucuresti\\\/wp-content\\\/uploads\\\/WhatsApp-Image-2024-08-04-at-12.45.20.jpeg\",\"width\":2000,\"height\":1500},{\"@type\":\"BreadcrumbList\",\"@id\":\"https:\\\/\\\/buletin.de\\\/bucuresti\\\/control-comun-rar-politie-amenzi-de-75-000-de-lei-in-trei-zile-de-la-folii-neomologate-la-tobe-care-sparg-timpanele\\\/#breadcrumb\",\"itemListElement\":[{\"@type\":\"ListItem\",\"position\":1,\"name\":\"Acas\u0103\",\"item\":\"https:\\\/\\\/buletin.de\\\/bucuresti\\\/\"},{\"@type\":\"ListItem\",\"position\":2,\"name\":\"Control comun RAR-Poli\u0163ie. Amenzi de 75.000 de lei. De la folii neomologate, la tobe care sparg timpanele\"}]},{\"@type\":\"WebSite\",\"@id\":\"https:\\\/\\\/buletin.de\\\/bucuresti\\\/#website\",\"url\":\"https:\\\/\\\/buletin.de\\\/bucuresti\\\/\",\"name\":\"Buletin de Bucure\u0219ti\",\"description\":\"\u0218tiri \u0219i investiga\u021bii esen\u021biale din capital\u0103\",\"publisher\":{\"@id\":\"https:\\\/\\\/buletin.de\\\/bucuresti\\\/#organization\"},\"potentialAction\":[{\"@type\":\"SearchAction\",\"target\":{\"@type\":\"EntryPoint\",\"urlTemplate\":\"https:\\\/\\\/buletin.de\\\/bucuresti\\\/?s={search_term_string}\"},\"query-input\":{\"@type\":\"PropertyValueSpecification\",\"valueRequired\":true,\"valueName\":\"search_term_string\"}}],\"inLanguage\":\"en-GB\"},{\"@type\":\"Organization\",\"@id\":\"https:\\\/\\\/buletin.de\\\/bucuresti\\\/#organization\",\"name\":\"Buletin de Bucure\u0219ti\",\"url\":\"https:\\\/\\\/buletin.de\\\/bucuresti\\\/\",\"logo\":{\"@type\":\"ImageObject\",\"inLanguage\":\"en-GB\",\"@id\":\"https:\\\/\\\/buletin.de\\\/bucuresti\\\/#\\\/schema\\\/logo\\\/image\\\/\",\"url\":\"https:\\\/\\\/buletin.de\\\/bucuresti\\\/wp-content\\\/uploads\\\/logo-bdb-full-wide-vernil-transparent.png\",\"contentUrl\":\"https:\\\/\\\/buletin.de\\\/bucuresti\\\/wp-content\\\/uploads\\\/logo-bdb-full-wide-vernil-transparent.png\",\"width\":1782,\"height\":626,\"caption\":\"Buletin de Bucure\u0219ti\"},\"image\":{\"@id\":\"https:\\\/\\\/buletin.de\\\/bucuresti\\\/#\\\/schema\\\/logo\\\/image\\\/\"},\"sameAs\":[\"https:\\\/\\\/www.facebook.com\\\/buletin.de.buc\",\"https:\\\/\\\/www.instagram.com\\\/buletinde.bucuresti\\\/\"]},{\"@type\":\"Person\",\"@id\":\"https:\\\/\\\/buletin.de\\\/bucuresti\\\/#\\\/schema\\\/person\\\/5272b8a057b33890940b57b837fc4ce6\",\"name\":\"Ionu\u021b Lepa\",\"image\":{\"@type\":\"ImageObject\",\"inLanguage\":\"en-GB\",\"@id\":\"https:\\\/\\\/buletin.de\\\/bucuresti\\\/wp-content\\\/uploads\\\/Ionut-Lepa-96x96.jpg5c4e4d9e049808799a8821652d2410a4\",\"url\":\"https:\\\/\\\/buletin.de\\\/bucuresti\\\/wp-content\\\/uploads\\\/Ionut-Lepa-96x96.jpg\",\"contentUrl\":\"https:\\\/\\\/buletin.de\\\/bucuresti\\\/wp-content\\\/uploads\\\/Ionut-Lepa-96x96.jpg\",\"caption\":\"Ionu\u021b Lepa\"},\"url\":\"https:\\\/\\\/buletin.de\\\/bucuresti\\\/author\\\/ionutlepa\\\/\"}]}<\/script>\n<!-- \/ Yoast SEO Premium plugin. -->","yoast_head_json":{"title":"Control comun RAR-Poli\u0163ie. Amenzi de 75.000 de lei. De la folii neomologate, la tobe care sparg timpanele - Buletin de Bucure\u0219ti","description":"Un control comun RAR-Poli\u0163ie s-a desf\u0103\u015furat \u00een perioada 1-3 august, iar \u00een urma acestei ac\u0163iuni s-au dat 134 de amenzi.","robots":{"index":"index","follow":"follow","max-snippet":"max-snippet:-1","max-image-preview":"max-image-preview:large","max-video-preview":"max-video-preview:-1"},"canonical":"https:\/\/buletin.de\/bucuresti\/control-comun-rar-politie-amenzi-de-75-000-de-lei-in-trei-zile-de-la-folii-neomologate-la-tobe-care-sparg-timpanele\/","og_locale":"en_GB","og_type":"article","og_title":"Control comun RAR-Poli\u0163ie. Amenzi de 75.000 de lei. De la folii neomologate, la tobe care sparg timpanele","og_description":"Un control comun RAR-Poli\u0163ie s-a desf\u0103\u015furat \u00een perioada 1-3 august, iar \u00een urma acestei ac\u0163iuni s-au dat 134 de amenzi.","og_url":"https:\/\/buletin.de\/bucuresti\/control-comun-rar-politie-amenzi-de-75-000-de-lei-in-trei-zile-de-la-folii-neomologate-la-tobe-care-sparg-timpanele\/","og_site_name":"Buletin de Bucure\u0219ti","article_publisher":"https:\/\/www.facebook.com\/buletin.de.buc","article_published_time":"2024-08-04T10:16:21+00:00","article_modified_time":"2024-08-05T05:54:56+00:00","og_image":[{"width":2000,"height":1500,"url":"https:\/\/buletin.de\/bucuresti\/wp-content\/uploads\/WhatsApp-Image-2024-08-04-at-12.45.20.jpeg","type":"image\/jpeg"}],"author":"Ionu\u021b Lepa","twitter_card":"summary_large_image","twitter_misc":{"Written by":"Ionu\u021b Lepa","Estimated reading time":"5 minutes"},"schema":{"@context":"https:\/\/schema.org","@graph":[{"@type":"Article","@id":"https:\/\/buletin.de\/bucuresti\/control-comun-rar-politie-amenzi-de-75-000-de-lei-in-trei-zile-de-la-folii-neomologate-la-tobe-care-sparg-timpanele\/#article","isPartOf":{"@id":"https:\/\/buletin.de\/bucuresti\/control-comun-rar-politie-amenzi-de-75-000-de-lei-in-trei-zile-de-la-folii-neomologate-la-tobe-care-sparg-timpanele\/"},"author":{"name":"Ionu\u021b Lepa","@id":"https:\/\/buletin.de\/bucuresti\/#\/schema\/person\/5272b8a057b33890940b57b837fc4ce6"},"headline":"Control comun RAR-Poli\u0163ie. Amenzi de 75.000 de lei. De la folii neomologate, la tobe care sparg timpanele","datePublished":"2024-08-04T10:16:21+00:00","dateModified":"2024-08-05T05:54:56+00:00","mainEntityOfPage":{"@id":"https:\/\/buletin.de\/bucuresti\/control-comun-rar-politie-amenzi-de-75-000-de-lei-in-trei-zile-de-la-folii-neomologate-la-tobe-care-sparg-timpanele\/"},"wordCount":829,"publisher":{"@id":"https:\/\/buletin.de\/bucuresti\/#organization"},"image":{"@id":"https:\/\/buletin.de\/bucuresti\/control-comun-rar-politie-amenzi-de-75-000-de-lei-in-trei-zile-de-la-folii-neomologate-la-tobe-care-sparg-timpanele\/#primaryimage"},"thumbnailUrl":"https:\/\/buletin.de\/bucuresti\/wp-content\/uploads\/WhatsApp-Image-2024-08-04-at-12.45.20.jpeg","keywords":["amenzi control RAR Rutiera","controale trafic Bucuresti","control RAR Politia Rutiera","motociclisti amendati Bucuresti"],"articleSection":["Articole","Eveniment","Main","Transport"],"inLanguage":"en-GB","copyrightYear":"2024","copyrightHolder":{"@id":"https:\/\/buletin.de\/bucuresti\/#organization"}},{"@type":"WebPage","@id":"https:\/\/buletin.de\/bucuresti\/control-comun-rar-politie-amenzi-de-75-000-de-lei-in-trei-zile-de-la-folii-neomologate-la-tobe-care-sparg-timpanele\/","url":"https:\/\/buletin.de\/bucuresti\/control-comun-rar-politie-amenzi-de-75-000-de-lei-in-trei-zile-de-la-folii-neomologate-la-tobe-care-sparg-timpanele\/","name":"Control comun RAR-Poli\u0163ie. Amenzi de 75.000 de lei. De la folii neomologate, la tobe care sparg timpanele - Buletin de Bucure\u0219ti","isPartOf":{"@id":"https:\/\/buletin.de\/bucuresti\/#website"},"primaryImageOfPage":{"@id":"https:\/\/buletin.de\/bucuresti\/control-comun-rar-politie-amenzi-de-75-000-de-lei-in-trei-zile-de-la-folii-neomologate-la-tobe-care-sparg-timpanele\/#primaryimage"},"image":{"@id":"https:\/\/buletin.de\/bucuresti\/control-comun-rar-politie-amenzi-de-75-000-de-lei-in-trei-zile-de-la-folii-neomologate-la-tobe-care-sparg-timpanele\/#primaryimage"},"thumbnailUrl":"https:\/\/buletin.de\/bucuresti\/wp-content\/uploads\/WhatsApp-Image-2024-08-04-at-12.45.20.jpeg","datePublished":"2024-08-04T10:16:21+00:00","dateModified":"2024-08-05T05:54:56+00:00","description":"Un control comun RAR-Poli\u0163ie s-a desf\u0103\u015furat \u00een perioada 1-3 august, iar \u00een urma acestei ac\u0163iuni s-au dat 134 de amenzi.","breadcrumb":{"@id":"https:\/\/buletin.de\/bucuresti\/control-comun-rar-politie-amenzi-de-75-000-de-lei-in-trei-zile-de-la-folii-neomologate-la-tobe-care-sparg-timpanele\/#breadcrumb"},"inLanguage":"en-GB","potentialAction":[{"@type":"ReadAction","target":["https:\/\/buletin.de\/bucuresti\/control-comun-rar-politie-amenzi-de-75-000-de-lei-in-trei-zile-de-la-folii-neomologate-la-tobe-care-sparg-timpanele\/"]}]},{"@type":"ImageObject","inLanguage":"en-GB","@id":"https:\/\/buletin.de\/bucuresti\/control-comun-rar-politie-amenzi-de-75-000-de-lei-in-trei-zile-de-la-folii-neomologate-la-tobe-care-sparg-timpanele\/#primaryimage","url":"https:\/\/buletin.de\/bucuresti\/wp-content\/uploads\/WhatsApp-Image-2024-08-04-at-12.45.20.jpeg","contentUrl":"https:\/\/buletin.de\/bucuresti\/wp-content\/uploads\/WhatsApp-Image-2024-08-04-at-12.45.20.jpeg","width":2000,"height":1500},{"@type":"BreadcrumbList","@id":"https:\/\/buletin.de\/bucuresti\/control-comun-rar-politie-amenzi-de-75-000-de-lei-in-trei-zile-de-la-folii-neomologate-la-tobe-care-sparg-timpanele\/#breadcrumb","itemListElement":[{"@type":"ListItem","position":1,"name":"Acas\u0103","item":"https:\/\/buletin.de\/bucuresti\/"},{"@type":"ListItem","position":2,"name":"Control comun RAR-Poli\u0163ie. Amenzi de 75.000 de lei. De la folii neomologate, la tobe care sparg timpanele"}]},{"@type":"WebSite","@id":"https:\/\/buletin.de\/bucuresti\/#website","url":"https:\/\/buletin.de\/bucuresti\/","name":"Buletin de Bucure\u0219ti","description":"\u0218tiri \u0219i investiga\u021bii esen\u021biale din capital\u0103","publisher":{"@id":"https:\/\/buletin.de\/bucuresti\/#organization"},"potentialAction":[{"@type":"SearchAction","target":{"@type":"EntryPoint","urlTemplate":"https:\/\/buletin.de\/bucuresti\/?s={search_term_string}"},"query-input":{"@type":"PropertyValueSpecification","valueRequired":true,"valueName":"search_term_string"}}],"inLanguage":"en-GB"},{"@type":"Organization","@id":"https:\/\/buletin.de\/bucuresti\/#organization","name":"Buletin de Bucure\u0219ti","url":"https:\/\/buletin.de\/bucuresti\/","logo":{"@type":"ImageObject","inLanguage":"en-GB","@id":"https:\/\/buletin.de\/bucuresti\/#\/schema\/logo\/image\/","url":"https:\/\/buletin.de\/bucuresti\/wp-content\/uploads\/logo-bdb-full-wide-vernil-transparent.png","contentUrl":"https:\/\/buletin.de\/bucuresti\/wp-content\/uploads\/logo-bdb-full-wide-vernil-transparent.png","width":1782,"height":626,"caption":"Buletin de Bucure\u0219ti"},"image":{"@id":"https:\/\/buletin.de\/bucuresti\/#\/schema\/logo\/image\/"},"sameAs":["https:\/\/www.facebook.com\/buletin.de.buc","https:\/\/www.instagram.com\/buletinde.bucuresti\/"]},{"@type":"Person","@id":"https:\/\/buletin.de\/bucuresti\/#\/schema\/person\/5272b8a057b33890940b57b837fc4ce6","name":"Ionu\u021b Lepa","image":{"@type":"ImageObject","inLanguage":"en-GB","@id":"https:\/\/buletin.de\/bucuresti\/wp-content\/uploads\/Ionut-Lepa-96x96.jpg5c4e4d9e049808799a8821652d2410a4","url":"https:\/\/buletin.de\/bucuresti\/wp-content\/uploads\/Ionut-Lepa-96x96.jpg","contentUrl":"https:\/\/buletin.de\/bucuresti\/wp-content\/uploads\/Ionut-Lepa-96x96.jpg","caption":"Ionu\u021b Lepa"},"url":"https:\/\/buletin.de\/bucuresti\/author\/ionutlepa\/"}]}},"authors":[{"term_id":22586,"user_id":8,"is_guest":0,"slug":"ionutlepa","display_name":"Ionu\u021b Lepa","avatar_url":"https:\/\/buletin.de\/bucuresti\/wp-content\/uploads\/Ionut-Lepa-96x96.jpg","0":null,"1":"","2":"","3":"","4":"","5":"","6":"","7":"","8":""}],"_links":{"self":[{"href":"https:\/\/buletin.de\/bucuresti\/wp-json\/wp\/v2\/posts\/93407","targetHints":{"allow":["GET"]}}],"collection":[{"href":"https:\/\/buletin.de\/bucuresti\/wp-json\/wp\/v2\/posts"}],"about":[{"href":"https:\/\/buletin.de\/bucuresti\/wp-json\/wp\/v2\/types\/post"}],"author":[{"embeddable":true,"href":"https:\/\/buletin.de\/bucuresti\/wp-json\/wp\/v2\/users\/8"}],"replies":[{"embeddable":true,"href":"https:\/\/buletin.de\/bucuresti\/wp-json\/wp\/v2\/comments?post=93407"}],"version-history":[{"count":2,"href":"https:\/\/buletin.de\/bucuresti\/wp-json\/wp\/v2\/posts\/93407\/revisions"}],"predecessor-version":[{"id":93440,"href":"https:\/\/buletin.de\/bucuresti\/wp-json\/wp\/v2\/posts\/93407\/revisions\/93440"}],"wp:featuredmedia":[{"embeddable":true,"href":"https:\/\/buletin.de\/bucuresti\/wp-json\/wp\/v2\/media\/93409"}],"wp:attachment":[{"href":"https:\/\/buletin.de\/bucuresti\/wp-json\/wp\/v2\/media?parent=93407"}],"wp:term":[{"taxonomy":"category","embeddable":true,"href":"https:\/\/buletin.de\/bucuresti\/wp-json\/wp\/v2\/categories?post=93407"},{"taxonomy":"post_tag","embeddable":true,"href":"https:\/\/buletin.de\/bucuresti\/wp-json\/wp\/v2\/tags?post=93407"},{"taxonomy":"author","embeddable":true,"href":"https:\/\/buletin.de\/bucuresti\/wp-json\/wp\/v2\/ppma_author?post=93407"}],"curies":[{"name":"wp","href":"https:\/\/api.w.org\/{rel}","templated":true}]}}