{"id":93394,"date":"2024-08-04T12:05:57","date_gmt":"2024-08-04T09:05:57","guid":{"rendered":"https:\/\/buletin.de\/bucuresti\/?p=93394"},"modified":"2024-08-05T08:59:17","modified_gmt":"2024-08-05T05:59:17","slug":"imprumut-de-153-milioane-de-euro-luat-de-primaria-capitalei-pentru-reabilitarea-de-cladiri-printre-ele-teatrul-foarte-mic","status":"publish","type":"post","link":"https:\/\/buletin.de\/bucuresti\/imprumut-de-153-milioane-de-euro-luat-de-primaria-capitalei-pentru-reabilitarea-de-cladiri-printre-ele-teatrul-foarte-mic\/","title":{"rendered":"\u00cemprumut de 153 milioane de euro luat de Prim\u0103ria Capitalei, pentru reabilitarea de cl\u0103diri, printre care \u0219i Teatrul Foarte Mic"},"content":{"rendered":"\n<p><strong>Un \u00eemprumut de 153 de milioane de euro va fi contractat de Prim\u0103ria Capitalei de la Banca de Dezvoltare a Consiliului Europei, dup\u0103 ce proiectul a trecut de votul consilierilor generali, \u00een \u015fedin\u0163a de miercuri, 31 iulie. Banii vor fi folosi\u0163i pentru a cofinan\u0163a proiecte de consilidare \u015fi reabilitare a 17 cl\u0103diri. <\/strong><\/p>\n\n\n\n<p><strong>Cele mai multe sunt imobile de locuin\u0163e, dar vorbim \u015fi de Teatru Nottara, Muzeul Gheorghe Tattarescu \u015fi Teatrul Foarte Mic. <\/strong><\/p>\n\n\n\n<p>Cealalt\u0103 parte a sumei necesare pentru acest proiect de amploare vine prin PNRR. Uniunea European\u0103 a aprobat alocarea a 283 de milioane de lei (aproximativ 56.6 milioane de euro), fonduri nerambursabile. <\/p>\n\n\n\n<p>Printre aceste cl\u0103diri, dintre care 14 sunt cl\u0103diri de locuin\u021be \u0219i trei sunt publice, se num\u0103r\u0103 imobile din centrul ora\u0219ului. \u201e<em>Muzeul Gheorghe Tattarescu este o urgen\u0163\u0103!<\/em>\u201d, a comentat un utilizator la postarea prin care Prim\u0103ria anun\u0163a investi\u0163ia. Lista complet\u0103 este aici:<\/p>\n\n\n\n<figure class=\"wp-block-image size-full\"><img fetchpriority=\"high\" decoding=\"async\" width=\"718\" height=\"599\" src=\"data:image\/gif;base64,R0lGODlhAQABAAAAACH5BAEKAAEALAAAAAABAAEAAAICTAEAOw==\" data-src=\"https:\/\/buletin.de\/bucuresti\/wp-content\/uploads\/lista-imobile-amccrs.png\" alt=\"\" class=\"wp-image-93395 lazyload\" data-sizes=\"auto\" data-srcset=\"https:\/\/buletin.de\/bucuresti\/wp-content\/uploads\/lista-imobile-amccrs.png 718w, https:\/\/buletin.de\/bucuresti\/wp-content\/uploads\/lista-imobile-amccrs-300x250.png 300w, https:\/\/buletin.de\/bucuresti\/wp-content\/uploads\/lista-imobile-amccrs-600x501.png 600w, https:\/\/buletin.de\/bucuresti\/wp-content\/uploads\/lista-imobile-amccrs-20x17.png 20w\" sizes=\"(max-width: 718px) 100vw, 718px\" \/><\/figure>\n\n\n\n<figure class=\"wp-block-gallery has-nested-images columns-default is-cropped wp-block-gallery-1 is-layout-flex wp-block-gallery-is-layout-flex\">\n<figure class=\"wp-block-image size-large\"><img decoding=\"async\" width=\"720\" height=\"900\" data-id=\"93402\" src=\"data:image\/gif;base64,R0lGODlhAQABAAAAACH5BAEKAAEALAAAAAABAAEAAAICTAEAOw==\" data-src=\"https:\/\/buletin.de\/bucuresti\/wp-content\/uploads\/consolidari-amccrs-1-fb-pmb-720x900.jpg\" alt=\"\" class=\"wp-image-93402 lazyload\" data-sizes=\"auto\" data-srcset=\"https:\/\/buletin.de\/bucuresti\/wp-content\/uploads\/consolidari-amccrs-1-fb-pmb-720x900.jpg 720w, https:\/\/buletin.de\/bucuresti\/wp-content\/uploads\/consolidari-amccrs-1-fb-pmb-240x300.jpg 240w, https:\/\/buletin.de\/bucuresti\/wp-content\/uploads\/consolidari-amccrs-1-fb-pmb-768x960.jpg 768w, https:\/\/buletin.de\/bucuresti\/wp-content\/uploads\/consolidari-amccrs-1-fb-pmb-1100x1375.jpg 1100w, https:\/\/buletin.de\/bucuresti\/wp-content\/uploads\/consolidari-amccrs-1-fb-pmb-600x750.jpg 600w, https:\/\/buletin.de\/bucuresti\/wp-content\/uploads\/consolidari-amccrs-1-fb-pmb-20x25.jpg 20w, https:\/\/buletin.de\/bucuresti\/wp-content\/uploads\/consolidari-amccrs-1-fb-pmb.jpg 1200w\" sizes=\"(max-width: 720px) 100vw, 720px\" \/><\/figure>\n\n\n\n<figure class=\"wp-block-image size-large\"><img decoding=\"async\" width=\"720\" height=\"900\" data-id=\"93400\" src=\"data:image\/gif;base64,R0lGODlhAQABAAAAACH5BAEKAAEALAAAAAABAAEAAAICTAEAOw==\" data-src=\"https:\/\/buletin.de\/bucuresti\/wp-content\/uploads\/consolidari-amccrs-2-fb-pmb-720x900.jpg\" alt=\"\" class=\"wp-image-93400 lazyload\" data-sizes=\"auto\" data-srcset=\"https:\/\/buletin.de\/bucuresti\/wp-content\/uploads\/consolidari-amccrs-2-fb-pmb-720x900.jpg 720w, https:\/\/buletin.de\/bucuresti\/wp-content\/uploads\/consolidari-amccrs-2-fb-pmb-240x300.jpg 240w, https:\/\/buletin.de\/bucuresti\/wp-content\/uploads\/consolidari-amccrs-2-fb-pmb-768x960.jpg 768w, https:\/\/buletin.de\/bucuresti\/wp-content\/uploads\/consolidari-amccrs-2-fb-pmb-1100x1375.jpg 1100w, https:\/\/buletin.de\/bucuresti\/wp-content\/uploads\/consolidari-amccrs-2-fb-pmb-600x750.jpg 600w, https:\/\/buletin.de\/bucuresti\/wp-content\/uploads\/consolidari-amccrs-2-fb-pmb-20x25.jpg 20w, https:\/\/buletin.de\/bucuresti\/wp-content\/uploads\/consolidari-amccrs-2-fb-pmb.jpg 1200w\" sizes=\"(max-width: 720px) 100vw, 720px\" \/><\/figure>\n\n\n\n<figure class=\"wp-block-image size-large\"><img loading=\"lazy\" decoding=\"async\" width=\"720\" height=\"900\" data-id=\"93399\" src=\"data:image\/gif;base64,R0lGODlhAQABAAAAACH5BAEKAAEALAAAAAABAAEAAAICTAEAOw==\" data-src=\"https:\/\/buletin.de\/bucuresti\/wp-content\/uploads\/consolidari-amccrs-3-fb-pmb-720x900.jpg\" alt=\"\" class=\"wp-image-93399 lazyload\" data-sizes=\"auto\" data-srcset=\"https:\/\/buletin.de\/bucuresti\/wp-content\/uploads\/consolidari-amccrs-3-fb-pmb-720x900.jpg 720w, https:\/\/buletin.de\/bucuresti\/wp-content\/uploads\/consolidari-amccrs-3-fb-pmb-240x300.jpg 240w, https:\/\/buletin.de\/bucuresti\/wp-content\/uploads\/consolidari-amccrs-3-fb-pmb-768x960.jpg 768w, https:\/\/buletin.de\/bucuresti\/wp-content\/uploads\/consolidari-amccrs-3-fb-pmb-1100x1375.jpg 1100w, https:\/\/buletin.de\/bucuresti\/wp-content\/uploads\/consolidari-amccrs-3-fb-pmb-600x750.jpg 600w, https:\/\/buletin.de\/bucuresti\/wp-content\/uploads\/consolidari-amccrs-3-fb-pmb-20x25.jpg 20w, https:\/\/buletin.de\/bucuresti\/wp-content\/uploads\/consolidari-amccrs-3-fb-pmb.jpg 1200w\" sizes=\"(max-width: 720px) 100vw, 720px\" \/><\/figure>\n\n\n\n<figure class=\"wp-block-image size-large\"><img loading=\"lazy\" decoding=\"async\" width=\"720\" height=\"900\" data-id=\"93401\" src=\"data:image\/gif;base64,R0lGODlhAQABAAAAACH5BAEKAAEALAAAAAABAAEAAAICTAEAOw==\" data-src=\"https:\/\/buletin.de\/bucuresti\/wp-content\/uploads\/consolidari-amccrs-4-fb-pmb-720x900.jpg\" alt=\"\" class=\"wp-image-93401 lazyload\" data-sizes=\"auto\" data-srcset=\"https:\/\/buletin.de\/bucuresti\/wp-content\/uploads\/consolidari-amccrs-4-fb-pmb-720x900.jpg 720w, https:\/\/buletin.de\/bucuresti\/wp-content\/uploads\/consolidari-amccrs-4-fb-pmb-240x300.jpg 240w, https:\/\/buletin.de\/bucuresti\/wp-content\/uploads\/consolidari-amccrs-4-fb-pmb-768x960.jpg 768w, https:\/\/buletin.de\/bucuresti\/wp-content\/uploads\/consolidari-amccrs-4-fb-pmb-1229x1536.jpg 1229w, https:\/\/buletin.de\/bucuresti\/wp-content\/uploads\/consolidari-amccrs-4-fb-pmb-1100x1375.jpg 1100w, https:\/\/buletin.de\/bucuresti\/wp-content\/uploads\/consolidari-amccrs-4-fb-pmb-600x750.jpg 600w, https:\/\/buletin.de\/bucuresti\/wp-content\/uploads\/consolidari-amccrs-4-fb-pmb-20x25.jpg 20w, https:\/\/buletin.de\/bucuresti\/wp-content\/uploads\/consolidari-amccrs-4-fb-pmb.jpg 1440w\" sizes=\"(max-width: 720px) 100vw, 720px\" \/><\/figure>\n\n\n\n<figure class=\"wp-block-image size-large\"><img loading=\"lazy\" decoding=\"async\" width=\"720\" height=\"900\" data-id=\"93403\" src=\"data:image\/gif;base64,R0lGODlhAQABAAAAACH5BAEKAAEALAAAAAABAAEAAAICTAEAOw==\" data-src=\"https:\/\/buletin.de\/bucuresti\/wp-content\/uploads\/consolidari-amccrs-5-fb-pmb-720x900.jpg\" alt=\"\u00cemprumut de 153 milioane de euro pentru consolidarea unor cl\u0103diri istorice\" class=\"wp-image-93403 lazyload\" data-sizes=\"auto\" data-srcset=\"https:\/\/buletin.de\/bucuresti\/wp-content\/uploads\/consolidari-amccrs-5-fb-pmb-720x900.jpg 720w, https:\/\/buletin.de\/bucuresti\/wp-content\/uploads\/consolidari-amccrs-5-fb-pmb-240x300.jpg 240w, https:\/\/buletin.de\/bucuresti\/wp-content\/uploads\/consolidari-amccrs-5-fb-pmb-768x960.jpg 768w, https:\/\/buletin.de\/bucuresti\/wp-content\/uploads\/consolidari-amccrs-5-fb-pmb-1100x1375.jpg 1100w, https:\/\/buletin.de\/bucuresti\/wp-content\/uploads\/consolidari-amccrs-5-fb-pmb-600x750.jpg 600w, https:\/\/buletin.de\/bucuresti\/wp-content\/uploads\/consolidari-amccrs-5-fb-pmb-20x25.jpg 20w, https:\/\/buletin.de\/bucuresti\/wp-content\/uploads\/consolidari-amccrs-5-fb-pmb.jpg 1200w\" sizes=\"(max-width: 720px) 100vw, 720px\" \/><figcaption class=\"wp-element-caption\">\u00cemprumut de 153 milioane de euro pentru consolidarea unor cl\u0103diri istorice<\/figcaption><\/figure>\n<figcaption class=\"blocks-gallery-caption wp-element-caption\">foto: FB \/ Primaria Municipiului Bucuresti<\/figcaption><\/figure>\n\n\n\n<p><strong>CITE\u015eTE \u015eI:<\/strong> <a href=\"https:\/\/buletin.de\/bucuresti\/45-de-milioane-de-euro-in-finantari-pentru-consolidare-seismica-obtinute-de-amccrs\/\">45 de milioane de euro \u00een finan\u021b\u0103ri pentru consolidare seismic\u0103, ob\u021binute de AMCCRS<\/a><\/p>\n\n\n\n<h2 class=\"wp-block-heading\">\u00cemprumut de 153 milioane de euro. Ce va face Prim\u0103ria Bucure\u0219ti cu banii<\/h2>\n\n\n\n<p>Contractarea acestui \u00eemprumut este parte din strategia pe termen lung a municipalit\u0103\u0163ii de consolidare seismic\u0103 \u015fi renovare energetic\u0103 moderat\u0103 \u015fi valorificare a cl\u0103dirilor publice \u015fi a cl\u0103dirilor de locuit multifamiliale.<\/p>\n\n\n\n<figure class=\"wp-block-image size-full\"><img loading=\"lazy\" decoding=\"async\" width=\"576\" height=\"464\" src=\"data:image\/gif;base64,R0lGODlhAQABAAAAACH5BAEKAAEALAAAAAABAAEAAAICTAEAOw==\" data-src=\"https:\/\/buletin.de\/bucuresti\/wp-content\/uploads\/caracteristici-imprumut.png\" alt=\"\" class=\"wp-image-93405 lazyload\" data-sizes=\"auto\" data-srcset=\"https:\/\/buletin.de\/bucuresti\/wp-content\/uploads\/caracteristici-imprumut.png 576w, https:\/\/buletin.de\/bucuresti\/wp-content\/uploads\/caracteristici-imprumut-300x242.png 300w, https:\/\/buletin.de\/bucuresti\/wp-content\/uploads\/caracteristici-imprumut-20x16.png 20w\" sizes=\"(max-width: 576px) 100vw, 576px\" \/><\/figure>\n\n\n\n<blockquote class=\"wp-block-quote is-layout-flow wp-block-quote-is-layout-flow\">\n<p class=\"has-medium-font-size\"><strong>\u00cen vederea atingerii acestui obiectiv, Administra\u021bia Municipal\u0103 pentru Consolidarea Cl\u0103dirilor cu Risc Seismic (A.M.C.C.R.S.), urm\u0103re\u0219te reducerea riscului seismic al cl\u0103dirilor existente \u00een Bucure\u015fti, \u00een contextul atenu\u0103rii efectelor unui poten\u021bial cutremur \u015fi ac\u021bioneaz\u0103<br>pentru implementarea m\u0103surilor de interven\u0163ie \u00een cl\u0103dirile cu niveluri insuficiente de protec\u021bie la cutremur.<\/strong><\/p>\n<cite>referat de aprobare proiect hCGMB<\/cite><\/blockquote>\n\n\n\n<h2 class=\"wp-block-heading\">Consolidarea unei bijuterii Art Deco<\/h2>\n\n\n\n<p>Prim\u0103ria a anun\u0163at \u015fi consolidarea unei cl\u0103diri construite \u00een anii &#8217;30, \u00een stil Art Deco, la adresa strada Pictor \u015etefan Luchian nr. 12C. Aceste lucr\u0103ri dintr-o zon\u0103 protejat\u0103 a ora\u015fului fuseser\u0103 \u00eencepute \u00een urm\u0103 cu mul\u0163i ani, dar au fost abandonate, transmit edilii. <\/p>\n\n\n\n<figure class=\"wp-block-image size-large\"><img loading=\"lazy\" decoding=\"async\" width=\"900\" height=\"640\" src=\"data:image\/gif;base64,R0lGODlhAQABAAAAACH5BAEKAAEALAAAAAABAAEAAAICTAEAOw==\" data-src=\"https:\/\/buletin.de\/bucuresti\/wp-content\/uploads\/cladire-art-deco-reabilitata-sursa-fb-pmb-900x640.jpg\" alt=\"\u00cemprumut de 153 milioane de euro pentru consolidarea acestei cl\u0103diri art-deco Foto: FB \/ Primaria Municipiului Bucuresti\" class=\"wp-image-93396 lazyload\" data-sizes=\"auto\" data-srcset=\"https:\/\/buletin.de\/bucuresti\/wp-content\/uploads\/cladire-art-deco-reabilitata-sursa-fb-pmb-900x640.jpg 900w, https:\/\/buletin.de\/bucuresti\/wp-content\/uploads\/cladire-art-deco-reabilitata-sursa-fb-pmb-300x213.jpg 300w, https:\/\/buletin.de\/bucuresti\/wp-content\/uploads\/cladire-art-deco-reabilitata-sursa-fb-pmb-768x546.jpg 768w, https:\/\/buletin.de\/bucuresti\/wp-content\/uploads\/cladire-art-deco-reabilitata-sursa-fb-pmb-1100x782.jpg 1100w, https:\/\/buletin.de\/bucuresti\/wp-content\/uploads\/cladire-art-deco-reabilitata-sursa-fb-pmb-600x427.jpg 600w, https:\/\/buletin.de\/bucuresti\/wp-content\/uploads\/cladire-art-deco-reabilitata-sursa-fb-pmb-20x14.jpg 20w, https:\/\/buletin.de\/bucuresti\/wp-content\/uploads\/cladire-art-deco-reabilitata-sursa-fb-pmb.jpg 1353w\" sizes=\"(max-width: 900px) 100vw, 900px\" \/><figcaption class=\"wp-element-caption\">O parte din \u00eemprumut va fi folosit pentru consolidarea acestei cl\u0103diri art-deco Foto: FB \/ Primaria Municipiului Bucuresti<\/figcaption><\/figure>\n\n\n\n<p>Dup\u0103 ce Consiliul General a aprobat terminarea lucr\u0103rilor de consolidare seismic\u0103 \u0219i eficientizare energetic\u0103, repara\u0163iile vor putea fi continuate.<\/p>\n\n\n\n<p>\u00cen perioada urm\u0103toare, <a href=\"https:\/\/amccrs-pmb.ro\/\">Administra\u021bia Municipal\u0103 pentru Consolidarea Cl\u0103dirilor cu Risc Seismic<\/a> se va ocupa de ob\u021binerea tuturor documentelor \u00een vederea atribuirii contractului pentru execu\u021bia lucr\u0103rilor de consolidare.<\/p>\n\n\n\n<p><strong>CITE\u015eTE \u015eI:<\/strong> <a href=\"https:\/\/buletin.de\/bucuresti\/sector-6-cum-va-arata-colegiul-tehnic-de-posta-si-telecomunicatii\/\">Sector 6 | Cum va ar\u0103ta Colegiul Tehnic de Po\u0219t\u0103 \u0219i Telecomunica\u021bii<\/a><\/p>\n","protected":false},"excerpt":{"rendered":"<p>Un \u00eemprumut de 153 de milioane de euro va fi contractat de Prim\u0103ria Capitalei de la Banca de Dezvoltare a Consiliului Europei, dup\u0103 ce proiectul a trecut de votul consilierilor generali, \u00een \u015fedin\u0163a de miercuri, 31 iulie. Banii vor fi folosi\u0163i pentru a cofinan\u0163a proiecte de consilidare \u015fi reabilitare a 17 cl\u0103diri. Cele mai multe [&hellip;]<\/p>\n","protected":false},"author":8,"featured_media":93398,"comment_status":"closed","ping_status":"open","sticky":false,"template":"","format":"standard","meta":{"_acf_changed":false,"inline_featured_image":false,"ngg_post_thumbnail":0,"footnotes":""},"categories":[6994,5762,24],"tags":[635,13912,13911,13909,223,104,13913,258,13910,13908],"ppma_author":[22586],"class_list":["post-93394","post","type-post","status-publish","format-standard","has-post-thumbnail","hentry","category-stiri-2","category-main","category-primarie","tag-amccrs","tag-bani-banca-de-dezvoltare-a-consiliului-europei","tag-cladiri-istorice-bucuresti","tag-muzeul-gheorghe-tattarescu","tag-nicusor-dan","tag-pmb","tag-pnrr-reabilitari-cladiri","tag-primaria-capitalei","tag-reabilitari-cladiri-bucuresti","tag-teatrul-foarte-mic"],"acf":[],"yoast_head":"<!-- This site is optimized with the Yoast SEO Premium plugin v25.3 (Yoast SEO v27.4) - https:\/\/yoast.com\/product\/yoast-seo-premium-wordpress\/ -->\n<title>\u00cemprumut de 153 milioane de euro luat de Prim\u0103ria Capitalei, pentru reabilitarea de cl\u0103diri, printre care \u0219i Teatrul Foarte Mic - Buletin de Bucure\u0219ti<\/title>\n<meta name=\"description\" content=\"Un \u00eemprumut de 153 de milioane de euro va fi contractat de Prim\u0103ria Capitalei de la Banca de Dezvoltare a Consiliului Europei\" \/>\n<meta name=\"robots\" content=\"index, follow, max-snippet:-1, max-image-preview:large, max-video-preview:-1\" \/>\n<link rel=\"canonical\" href=\"https:\/\/buletin.de\/bucuresti\/imprumut-de-153-milioane-de-euro-luat-de-primaria-capitalei-pentru-reabilitarea-de-cladiri-printre-ele-teatrul-foarte-mic\/\" \/>\n<meta property=\"og:locale\" content=\"en_GB\" \/>\n<meta property=\"og:type\" content=\"article\" \/>\n<meta property=\"og:title\" content=\"\u00cemprumut de 153 milioane de euro luat de Prim\u0103ria Capitalei, pentru reabilitarea de cl\u0103diri, printre care \u0219i Teatrul Foarte Mic\" \/>\n<meta property=\"og:description\" content=\"Un \u00eemprumut de 153 de milioane de euro va fi contractat de Prim\u0103ria Capitalei de la Banca de Dezvoltare a Consiliului Europei\" \/>\n<meta property=\"og:url\" content=\"https:\/\/buletin.de\/bucuresti\/imprumut-de-153-milioane-de-euro-luat-de-primaria-capitalei-pentru-reabilitarea-de-cladiri-printre-ele-teatrul-foarte-mic\/\" \/>\n<meta property=\"og:site_name\" content=\"Buletin de Bucure\u0219ti\" \/>\n<meta property=\"article:publisher\" content=\"https:\/\/www.facebook.com\/buletin.de.buc\" \/>\n<meta property=\"article:published_time\" content=\"2024-08-04T09:05:57+00:00\" \/>\n<meta property=\"article:modified_time\" content=\"2024-08-05T05:59:17+00:00\" \/>\n<meta property=\"og:image\" content=\"https:\/\/buletin.de\/bucuresti\/wp-content\/uploads\/teatrul-foarte-mic-google-street-view.png\" \/>\n\t<meta property=\"og:image:width\" content=\"1030\" \/>\n\t<meta property=\"og:image:height\" content=\"818\" \/>\n\t<meta property=\"og:image:type\" content=\"image\/png\" \/>\n<meta name=\"author\" content=\"Ionu\u021b Lepa\" \/>\n<meta name=\"twitter:card\" content=\"summary_large_image\" \/>\n<meta name=\"twitter:label1\" content=\"Written by\" \/>\n\t<meta name=\"twitter:data1\" content=\"Ionu\u021b Lepa\" \/>\n\t<meta name=\"twitter:label2\" content=\"Estimated reading time\" \/>\n\t<meta name=\"twitter:data2\" content=\"4 minutes\" \/>\n<script type=\"application\/ld+json\" class=\"yoast-schema-graph\">{\"@context\":\"https:\\\/\\\/schema.org\",\"@graph\":[{\"@type\":\"Article\",\"@id\":\"https:\\\/\\\/buletin.de\\\/bucuresti\\\/imprumut-de-153-milioane-de-euro-luat-de-primaria-capitalei-pentru-reabilitarea-de-cladiri-printre-ele-teatrul-foarte-mic\\\/#article\",\"isPartOf\":{\"@id\":\"https:\\\/\\\/buletin.de\\\/bucuresti\\\/imprumut-de-153-milioane-de-euro-luat-de-primaria-capitalei-pentru-reabilitarea-de-cladiri-printre-ele-teatrul-foarte-mic\\\/\"},\"author\":{\"name\":\"Ionu\u021b Lepa\",\"@id\":\"https:\\\/\\\/buletin.de\\\/bucuresti\\\/#\\\/schema\\\/person\\\/5272b8a057b33890940b57b837fc4ce6\"},\"headline\":\"\u00cemprumut de 153 milioane de euro luat de Prim\u0103ria Capitalei, pentru reabilitarea de cl\u0103diri, printre care \u0219i Teatrul Foarte Mic\",\"datePublished\":\"2024-08-04T09:05:57+00:00\",\"dateModified\":\"2024-08-05T05:59:17+00:00\",\"mainEntityOfPage\":{\"@id\":\"https:\\\/\\\/buletin.de\\\/bucuresti\\\/imprumut-de-153-milioane-de-euro-luat-de-primaria-capitalei-pentru-reabilitarea-de-cladiri-printre-ele-teatrul-foarte-mic\\\/\"},\"wordCount\":463,\"publisher\":{\"@id\":\"https:\\\/\\\/buletin.de\\\/bucuresti\\\/#organization\"},\"image\":{\"@id\":\"https:\\\/\\\/buletin.de\\\/bucuresti\\\/imprumut-de-153-milioane-de-euro-luat-de-primaria-capitalei-pentru-reabilitarea-de-cladiri-printre-ele-teatrul-foarte-mic\\\/#primaryimage\"},\"thumbnailUrl\":\"https:\\\/\\\/buletin.de\\\/bucuresti\\\/wp-content\\\/uploads\\\/teatrul-foarte-mic-google-street-view.png\",\"keywords\":[\"amccrs\",\"bani banca de dezvoltare a consiliului europei\",\"cladiri istorice bucuresti\",\"muzeul gheorghe tattarescu\",\"nicusor dan\",\"pmb\",\"pnrr reabilitari cladiri\",\"primaria capitalei\",\"reabilitari cladiri bucuresti\",\"teatrul foarte mic\"],\"articleSection\":[\"Articole\",\"Main\",\"Prim\u0103rie\"],\"inLanguage\":\"en-GB\",\"copyrightYear\":\"2024\",\"copyrightHolder\":{\"@id\":\"https:\\\/\\\/buletin.de\\\/bucuresti\\\/#organization\"}},{\"@type\":\"WebPage\",\"@id\":\"https:\\\/\\\/buletin.de\\\/bucuresti\\\/imprumut-de-153-milioane-de-euro-luat-de-primaria-capitalei-pentru-reabilitarea-de-cladiri-printre-ele-teatrul-foarte-mic\\\/\",\"url\":\"https:\\\/\\\/buletin.de\\\/bucuresti\\\/imprumut-de-153-milioane-de-euro-luat-de-primaria-capitalei-pentru-reabilitarea-de-cladiri-printre-ele-teatrul-foarte-mic\\\/\",\"name\":\"\u00cemprumut de 153 milioane de euro luat de Prim\u0103ria Capitalei, pentru reabilitarea de cl\u0103diri, printre care \u0219i Teatrul Foarte Mic - Buletin de Bucure\u0219ti\",\"isPartOf\":{\"@id\":\"https:\\\/\\\/buletin.de\\\/bucuresti\\\/#website\"},\"primaryImageOfPage\":{\"@id\":\"https:\\\/\\\/buletin.de\\\/bucuresti\\\/imprumut-de-153-milioane-de-euro-luat-de-primaria-capitalei-pentru-reabilitarea-de-cladiri-printre-ele-teatrul-foarte-mic\\\/#primaryimage\"},\"image\":{\"@id\":\"https:\\\/\\\/buletin.de\\\/bucuresti\\\/imprumut-de-153-milioane-de-euro-luat-de-primaria-capitalei-pentru-reabilitarea-de-cladiri-printre-ele-teatrul-foarte-mic\\\/#primaryimage\"},\"thumbnailUrl\":\"https:\\\/\\\/buletin.de\\\/bucuresti\\\/wp-content\\\/uploads\\\/teatrul-foarte-mic-google-street-view.png\",\"datePublished\":\"2024-08-04T09:05:57+00:00\",\"dateModified\":\"2024-08-05T05:59:17+00:00\",\"description\":\"Un \u00eemprumut de 153 de milioane de euro va fi contractat de Prim\u0103ria Capitalei de la Banca de Dezvoltare a Consiliului Europei\",\"breadcrumb\":{\"@id\":\"https:\\\/\\\/buletin.de\\\/bucuresti\\\/imprumut-de-153-milioane-de-euro-luat-de-primaria-capitalei-pentru-reabilitarea-de-cladiri-printre-ele-teatrul-foarte-mic\\\/#breadcrumb\"},\"inLanguage\":\"en-GB\",\"potentialAction\":[{\"@type\":\"ReadAction\",\"target\":[\"https:\\\/\\\/buletin.de\\\/bucuresti\\\/imprumut-de-153-milioane-de-euro-luat-de-primaria-capitalei-pentru-reabilitarea-de-cladiri-printre-ele-teatrul-foarte-mic\\\/\"]}]},{\"@type\":\"ImageObject\",\"inLanguage\":\"en-GB\",\"@id\":\"https:\\\/\\\/buletin.de\\\/bucuresti\\\/imprumut-de-153-milioane-de-euro-luat-de-primaria-capitalei-pentru-reabilitarea-de-cladiri-printre-ele-teatrul-foarte-mic\\\/#primaryimage\",\"url\":\"https:\\\/\\\/buletin.de\\\/bucuresti\\\/wp-content\\\/uploads\\\/teatrul-foarte-mic-google-street-view.png\",\"contentUrl\":\"https:\\\/\\\/buletin.de\\\/bucuresti\\\/wp-content\\\/uploads\\\/teatrul-foarte-mic-google-street-view.png\",\"width\":1030,\"height\":818,\"caption\":\"\u00cemprumut de 153 milioane euro pentru reabilit\u0103ri de cl\u0103diri. FOTO: Teatrul Foarte Mic, Google Street View\"},{\"@type\":\"BreadcrumbList\",\"@id\":\"https:\\\/\\\/buletin.de\\\/bucuresti\\\/imprumut-de-153-milioane-de-euro-luat-de-primaria-capitalei-pentru-reabilitarea-de-cladiri-printre-ele-teatrul-foarte-mic\\\/#breadcrumb\",\"itemListElement\":[{\"@type\":\"ListItem\",\"position\":1,\"name\":\"Acas\u0103\",\"item\":\"https:\\\/\\\/buletin.de\\\/bucuresti\\\/\"},{\"@type\":\"ListItem\",\"position\":2,\"name\":\"\u00cemprumut de 153 milioane de euro luat de Prim\u0103ria Capitalei, pentru reabilitarea de cl\u0103diri, printre care \u0219i Teatrul Foarte Mic\"}]},{\"@type\":\"WebSite\",\"@id\":\"https:\\\/\\\/buletin.de\\\/bucuresti\\\/#website\",\"url\":\"https:\\\/\\\/buletin.de\\\/bucuresti\\\/\",\"name\":\"Buletin de Bucure\u0219ti\",\"description\":\"\u0218tiri \u0219i investiga\u021bii esen\u021biale din capital\u0103\",\"publisher\":{\"@id\":\"https:\\\/\\\/buletin.de\\\/bucuresti\\\/#organization\"},\"potentialAction\":[{\"@type\":\"SearchAction\",\"target\":{\"@type\":\"EntryPoint\",\"urlTemplate\":\"https:\\\/\\\/buletin.de\\\/bucuresti\\\/?s={search_term_string}\"},\"query-input\":{\"@type\":\"PropertyValueSpecification\",\"valueRequired\":true,\"valueName\":\"search_term_string\"}}],\"inLanguage\":\"en-GB\"},{\"@type\":\"Organization\",\"@id\":\"https:\\\/\\\/buletin.de\\\/bucuresti\\\/#organization\",\"name\":\"Buletin de Bucure\u0219ti\",\"url\":\"https:\\\/\\\/buletin.de\\\/bucuresti\\\/\",\"logo\":{\"@type\":\"ImageObject\",\"inLanguage\":\"en-GB\",\"@id\":\"https:\\\/\\\/buletin.de\\\/bucuresti\\\/#\\\/schema\\\/logo\\\/image\\\/\",\"url\":\"https:\\\/\\\/buletin.de\\\/bucuresti\\\/wp-content\\\/uploads\\\/logo-bdb-full-wide-vernil-transparent.png\",\"contentUrl\":\"https:\\\/\\\/buletin.de\\\/bucuresti\\\/wp-content\\\/uploads\\\/logo-bdb-full-wide-vernil-transparent.png\",\"width\":1782,\"height\":626,\"caption\":\"Buletin de Bucure\u0219ti\"},\"image\":{\"@id\":\"https:\\\/\\\/buletin.de\\\/bucuresti\\\/#\\\/schema\\\/logo\\\/image\\\/\"},\"sameAs\":[\"https:\\\/\\\/www.facebook.com\\\/buletin.de.buc\",\"https:\\\/\\\/www.instagram.com\\\/buletinde.bucuresti\\\/\"]},{\"@type\":\"Person\",\"@id\":\"https:\\\/\\\/buletin.de\\\/bucuresti\\\/#\\\/schema\\\/person\\\/5272b8a057b33890940b57b837fc4ce6\",\"name\":\"Ionu\u021b Lepa\",\"image\":{\"@type\":\"ImageObject\",\"inLanguage\":\"en-GB\",\"@id\":\"https:\\\/\\\/buletin.de\\\/bucuresti\\\/wp-content\\\/uploads\\\/Ionut-Lepa-96x96.jpg5c4e4d9e049808799a8821652d2410a4\",\"url\":\"https:\\\/\\\/buletin.de\\\/bucuresti\\\/wp-content\\\/uploads\\\/Ionut-Lepa-96x96.jpg\",\"contentUrl\":\"https:\\\/\\\/buletin.de\\\/bucuresti\\\/wp-content\\\/uploads\\\/Ionut-Lepa-96x96.jpg\",\"caption\":\"Ionu\u021b Lepa\"},\"url\":\"https:\\\/\\\/buletin.de\\\/bucuresti\\\/author\\\/ionutlepa\\\/\"}]}<\/script>\n<!-- \/ Yoast SEO Premium plugin. -->","yoast_head_json":{"title":"\u00cemprumut de 153 milioane de euro luat de Prim\u0103ria Capitalei, pentru reabilitarea de cl\u0103diri, printre care \u0219i Teatrul Foarte Mic - Buletin de Bucure\u0219ti","description":"Un \u00eemprumut de 153 de milioane de euro va fi contractat de Prim\u0103ria Capitalei de la Banca de Dezvoltare a Consiliului Europei","robots":{"index":"index","follow":"follow","max-snippet":"max-snippet:-1","max-image-preview":"max-image-preview:large","max-video-preview":"max-video-preview:-1"},"canonical":"https:\/\/buletin.de\/bucuresti\/imprumut-de-153-milioane-de-euro-luat-de-primaria-capitalei-pentru-reabilitarea-de-cladiri-printre-ele-teatrul-foarte-mic\/","og_locale":"en_GB","og_type":"article","og_title":"\u00cemprumut de 153 milioane de euro luat de Prim\u0103ria Capitalei, pentru reabilitarea de cl\u0103diri, printre care \u0219i Teatrul Foarte Mic","og_description":"Un \u00eemprumut de 153 de milioane de euro va fi contractat de Prim\u0103ria Capitalei de la Banca de Dezvoltare a Consiliului Europei","og_url":"https:\/\/buletin.de\/bucuresti\/imprumut-de-153-milioane-de-euro-luat-de-primaria-capitalei-pentru-reabilitarea-de-cladiri-printre-ele-teatrul-foarte-mic\/","og_site_name":"Buletin de Bucure\u0219ti","article_publisher":"https:\/\/www.facebook.com\/buletin.de.buc","article_published_time":"2024-08-04T09:05:57+00:00","article_modified_time":"2024-08-05T05:59:17+00:00","og_image":[{"width":1030,"height":818,"url":"https:\/\/buletin.de\/bucuresti\/wp-content\/uploads\/teatrul-foarte-mic-google-street-view.png","type":"image\/png"}],"author":"Ionu\u021b Lepa","twitter_card":"summary_large_image","twitter_misc":{"Written by":"Ionu\u021b Lepa","Estimated reading time":"4 minutes"},"schema":{"@context":"https:\/\/schema.org","@graph":[{"@type":"Article","@id":"https:\/\/buletin.de\/bucuresti\/imprumut-de-153-milioane-de-euro-luat-de-primaria-capitalei-pentru-reabilitarea-de-cladiri-printre-ele-teatrul-foarte-mic\/#article","isPartOf":{"@id":"https:\/\/buletin.de\/bucuresti\/imprumut-de-153-milioane-de-euro-luat-de-primaria-capitalei-pentru-reabilitarea-de-cladiri-printre-ele-teatrul-foarte-mic\/"},"author":{"name":"Ionu\u021b Lepa","@id":"https:\/\/buletin.de\/bucuresti\/#\/schema\/person\/5272b8a057b33890940b57b837fc4ce6"},"headline":"\u00cemprumut de 153 milioane de euro luat de Prim\u0103ria Capitalei, pentru reabilitarea de cl\u0103diri, printre care \u0219i Teatrul Foarte Mic","datePublished":"2024-08-04T09:05:57+00:00","dateModified":"2024-08-05T05:59:17+00:00","mainEntityOfPage":{"@id":"https:\/\/buletin.de\/bucuresti\/imprumut-de-153-milioane-de-euro-luat-de-primaria-capitalei-pentru-reabilitarea-de-cladiri-printre-ele-teatrul-foarte-mic\/"},"wordCount":463,"publisher":{"@id":"https:\/\/buletin.de\/bucuresti\/#organization"},"image":{"@id":"https:\/\/buletin.de\/bucuresti\/imprumut-de-153-milioane-de-euro-luat-de-primaria-capitalei-pentru-reabilitarea-de-cladiri-printre-ele-teatrul-foarte-mic\/#primaryimage"},"thumbnailUrl":"https:\/\/buletin.de\/bucuresti\/wp-content\/uploads\/teatrul-foarte-mic-google-street-view.png","keywords":["amccrs","bani banca de dezvoltare a consiliului europei","cladiri istorice bucuresti","muzeul gheorghe tattarescu","nicusor dan","pmb","pnrr reabilitari cladiri","primaria capitalei","reabilitari cladiri bucuresti","teatrul foarte mic"],"articleSection":["Articole","Main","Prim\u0103rie"],"inLanguage":"en-GB","copyrightYear":"2024","copyrightHolder":{"@id":"https:\/\/buletin.de\/bucuresti\/#organization"}},{"@type":"WebPage","@id":"https:\/\/buletin.de\/bucuresti\/imprumut-de-153-milioane-de-euro-luat-de-primaria-capitalei-pentru-reabilitarea-de-cladiri-printre-ele-teatrul-foarte-mic\/","url":"https:\/\/buletin.de\/bucuresti\/imprumut-de-153-milioane-de-euro-luat-de-primaria-capitalei-pentru-reabilitarea-de-cladiri-printre-ele-teatrul-foarte-mic\/","name":"\u00cemprumut de 153 milioane de euro luat de Prim\u0103ria Capitalei, pentru reabilitarea de cl\u0103diri, printre care \u0219i Teatrul Foarte Mic - Buletin de Bucure\u0219ti","isPartOf":{"@id":"https:\/\/buletin.de\/bucuresti\/#website"},"primaryImageOfPage":{"@id":"https:\/\/buletin.de\/bucuresti\/imprumut-de-153-milioane-de-euro-luat-de-primaria-capitalei-pentru-reabilitarea-de-cladiri-printre-ele-teatrul-foarte-mic\/#primaryimage"},"image":{"@id":"https:\/\/buletin.de\/bucuresti\/imprumut-de-153-milioane-de-euro-luat-de-primaria-capitalei-pentru-reabilitarea-de-cladiri-printre-ele-teatrul-foarte-mic\/#primaryimage"},"thumbnailUrl":"https:\/\/buletin.de\/bucuresti\/wp-content\/uploads\/teatrul-foarte-mic-google-street-view.png","datePublished":"2024-08-04T09:05:57+00:00","dateModified":"2024-08-05T05:59:17+00:00","description":"Un \u00eemprumut de 153 de milioane de euro va fi contractat de Prim\u0103ria Capitalei de la Banca de Dezvoltare a Consiliului Europei","breadcrumb":{"@id":"https:\/\/buletin.de\/bucuresti\/imprumut-de-153-milioane-de-euro-luat-de-primaria-capitalei-pentru-reabilitarea-de-cladiri-printre-ele-teatrul-foarte-mic\/#breadcrumb"},"inLanguage":"en-GB","potentialAction":[{"@type":"ReadAction","target":["https:\/\/buletin.de\/bucuresti\/imprumut-de-153-milioane-de-euro-luat-de-primaria-capitalei-pentru-reabilitarea-de-cladiri-printre-ele-teatrul-foarte-mic\/"]}]},{"@type":"ImageObject","inLanguage":"en-GB","@id":"https:\/\/buletin.de\/bucuresti\/imprumut-de-153-milioane-de-euro-luat-de-primaria-capitalei-pentru-reabilitarea-de-cladiri-printre-ele-teatrul-foarte-mic\/#primaryimage","url":"https:\/\/buletin.de\/bucuresti\/wp-content\/uploads\/teatrul-foarte-mic-google-street-view.png","contentUrl":"https:\/\/buletin.de\/bucuresti\/wp-content\/uploads\/teatrul-foarte-mic-google-street-view.png","width":1030,"height":818,"caption":"\u00cemprumut de 153 milioane euro pentru reabilit\u0103ri de cl\u0103diri. FOTO: Teatrul Foarte Mic, Google Street View"},{"@type":"BreadcrumbList","@id":"https:\/\/buletin.de\/bucuresti\/imprumut-de-153-milioane-de-euro-luat-de-primaria-capitalei-pentru-reabilitarea-de-cladiri-printre-ele-teatrul-foarte-mic\/#breadcrumb","itemListElement":[{"@type":"ListItem","position":1,"name":"Acas\u0103","item":"https:\/\/buletin.de\/bucuresti\/"},{"@type":"ListItem","position":2,"name":"\u00cemprumut de 153 milioane de euro luat de Prim\u0103ria Capitalei, pentru reabilitarea de cl\u0103diri, printre care \u0219i Teatrul Foarte Mic"}]},{"@type":"WebSite","@id":"https:\/\/buletin.de\/bucuresti\/#website","url":"https:\/\/buletin.de\/bucuresti\/","name":"Buletin de Bucure\u0219ti","description":"\u0218tiri \u0219i investiga\u021bii esen\u021biale din capital\u0103","publisher":{"@id":"https:\/\/buletin.de\/bucuresti\/#organization"},"potentialAction":[{"@type":"SearchAction","target":{"@type":"EntryPoint","urlTemplate":"https:\/\/buletin.de\/bucuresti\/?s={search_term_string}"},"query-input":{"@type":"PropertyValueSpecification","valueRequired":true,"valueName":"search_term_string"}}],"inLanguage":"en-GB"},{"@type":"Organization","@id":"https:\/\/buletin.de\/bucuresti\/#organization","name":"Buletin de Bucure\u0219ti","url":"https:\/\/buletin.de\/bucuresti\/","logo":{"@type":"ImageObject","inLanguage":"en-GB","@id":"https:\/\/buletin.de\/bucuresti\/#\/schema\/logo\/image\/","url":"https:\/\/buletin.de\/bucuresti\/wp-content\/uploads\/logo-bdb-full-wide-vernil-transparent.png","contentUrl":"https:\/\/buletin.de\/bucuresti\/wp-content\/uploads\/logo-bdb-full-wide-vernil-transparent.png","width":1782,"height":626,"caption":"Buletin de Bucure\u0219ti"},"image":{"@id":"https:\/\/buletin.de\/bucuresti\/#\/schema\/logo\/image\/"},"sameAs":["https:\/\/www.facebook.com\/buletin.de.buc","https:\/\/www.instagram.com\/buletinde.bucuresti\/"]},{"@type":"Person","@id":"https:\/\/buletin.de\/bucuresti\/#\/schema\/person\/5272b8a057b33890940b57b837fc4ce6","name":"Ionu\u021b Lepa","image":{"@type":"ImageObject","inLanguage":"en-GB","@id":"https:\/\/buletin.de\/bucuresti\/wp-content\/uploads\/Ionut-Lepa-96x96.jpg5c4e4d9e049808799a8821652d2410a4","url":"https:\/\/buletin.de\/bucuresti\/wp-content\/uploads\/Ionut-Lepa-96x96.jpg","contentUrl":"https:\/\/buletin.de\/bucuresti\/wp-content\/uploads\/Ionut-Lepa-96x96.jpg","caption":"Ionu\u021b Lepa"},"url":"https:\/\/buletin.de\/bucuresti\/author\/ionutlepa\/"}]}},"authors":[{"term_id":22586,"user_id":8,"is_guest":0,"slug":"ionutlepa","display_name":"Ionu\u021b Lepa","avatar_url":"https:\/\/buletin.de\/bucuresti\/wp-content\/uploads\/Ionut-Lepa-96x96.jpg","0":null,"1":"","2":"","3":"","4":"","5":"","6":"","7":"","8":""}],"_links":{"self":[{"href":"https:\/\/buletin.de\/bucuresti\/wp-json\/wp\/v2\/posts\/93394","targetHints":{"allow":["GET"]}}],"collection":[{"href":"https:\/\/buletin.de\/bucuresti\/wp-json\/wp\/v2\/posts"}],"about":[{"href":"https:\/\/buletin.de\/bucuresti\/wp-json\/wp\/v2\/types\/post"}],"author":[{"embeddable":true,"href":"https:\/\/buletin.de\/bucuresti\/wp-json\/wp\/v2\/users\/8"}],"replies":[{"embeddable":true,"href":"https:\/\/buletin.de\/bucuresti\/wp-json\/wp\/v2\/comments?post=93394"}],"version-history":[{"count":4,"href":"https:\/\/buletin.de\/bucuresti\/wp-json\/wp\/v2\/posts\/93394\/revisions"}],"predecessor-version":[{"id":93442,"href":"https:\/\/buletin.de\/bucuresti\/wp-json\/wp\/v2\/posts\/93394\/revisions\/93442"}],"wp:featuredmedia":[{"embeddable":true,"href":"https:\/\/buletin.de\/bucuresti\/wp-json\/wp\/v2\/media\/93398"}],"wp:attachment":[{"href":"https:\/\/buletin.de\/bucuresti\/wp-json\/wp\/v2\/media?parent=93394"}],"wp:term":[{"taxonomy":"category","embeddable":true,"href":"https:\/\/buletin.de\/bucuresti\/wp-json\/wp\/v2\/categories?post=93394"},{"taxonomy":"post_tag","embeddable":true,"href":"https:\/\/buletin.de\/bucuresti\/wp-json\/wp\/v2\/tags?post=93394"},{"taxonomy":"author","embeddable":true,"href":"https:\/\/buletin.de\/bucuresti\/wp-json\/wp\/v2\/ppma_author?post=93394"}],"curies":[{"name":"wp","href":"https:\/\/api.w.org\/{rel}","templated":true}]}}