{"id":93217,"date":"2024-08-02T10:25:46","date_gmt":"2024-08-02T07:25:46","guid":{"rendered":"https:\/\/buletin.de\/bucuresti\/?p=93217"},"modified":"2024-08-02T10:25:47","modified_gmt":"2024-08-02T07:25:47","slug":"program-prelungit-pentru-trei-linii-stb-pentru-meciul-dinamo-gloria-buzau","status":"publish","type":"post","link":"https:\/\/buletin.de\/bucuresti\/program-prelungit-pentru-trei-linii-stb-pentru-meciul-dinamo-gloria-buzau\/","title":{"rendered":"Program prelungit pentru trei linii STB, pentru meciul Dinamo &#8211; Gloria Buz\u0103u"},"content":{"rendered":"\n<p><strong>Meciul Dinamo &#8211; Gloria Buz\u0103u din aceast\u0103 sear\u0103 prelunge\u0219te programul a trei linii STB. Este vorba despre tramvaiul 41 \u0219i autobuzele 282, respectiv 335.<\/strong><\/p>\n\n\n\n<p>Partida Dinamo &#8211; Gloria Buz\u0103u, din etapa 4 a SuperLigii, are pe loc vineri, 2 august. Meciul \u00eencepe de la ora 22:00, pe Stadionul Arcul de Triumf.<\/p>\n\n\n\n<p>\u00cen acest context, orarul de circula\u021bie pentru cele trei linii STB va fi prelungit p\u00e2n\u0103 la eliberarea complet\u0103 a stadionului. Decizia a fost luat\u0103 cu scopul de a asigura transportul spectatorilor dup\u0103 finalizarea evenimentului sportiv, anun\u021b\u0103 <a href=\"https:\/\/www.facebook.com\/SocietateaDeTransportBucuresti\/posts\/pfbid0vuDKkkFwm3H6WxNFGPphY4SF95aUWkENPcq3zqDwpvFzFmyizSRQtPucjoTtZFtfl?__cft__[0]=AZW5ys_6R8otnNLuiJwyAuwSNZ-qMayWgXICZQJXyiDuVfbtH_O5hMq_0YLxvhkLjEN8dClS3nJwavYZ6HFUpsivdmlMVIVnty-YqQgExg868BOcPQaeTYPtcQIfM6FK4POGpFE4f8MDGNP1xKjRVOSBKvLB80T1aVtvBq5G97e0MvVFKwmA4vaXuQxM0TE74ys&amp;__tn__=%2CO%2CP-R\">Societatea de Transport Bucure\u0219ti<\/a>.<\/p>\n\n\n\n<h2 class=\"wp-block-heading\">Trei linii STB modernizate<\/h2>\n\n\n\n<p>Trei linii STB modernizate \u2013 este vorba de trei linii de tramvai care intr\u0103 \u00een cea de-a doua faz\u0103 de modernizare. Proiectele au fost aprobate de Consiliul General, \u00een \u0219edin\u021ba de miercuri, 31 iulie.<\/p>\n\n\n\n<p>Este vorba despre liniile de tramvai 32, 40 \u0219i 55. Valoarea total\u0103 a proiectelor dep\u0103\u0219este 50 milioane de euro, iar banii vor fi asigura\u021bi, \u00een principal, din fonduri europene. Cererile de finan\u021bare au fost depuse \u00een 2018. <\/p>\n\n\n\n<p><strong>CITE\u0218TE \u0218I: <a href=\"https:\/\/buletin.de\/bucuresti\/trei-linii-stb-modernizate\/\">Trei linii STB modernizate. Peste 50 de milioane de euro are la dispozi\u021bie Prim\u0103ria General\u0103<\/a><\/strong><\/p>\n\n\n\n<h2 class=\"wp-block-heading\">Revolt\u0103 la STB \u00eempotriva omului lui Firea<\/h2>\n\n\n\n<p>Mai mul\u021bi lideri de depouri i-au cerut demisia lui Vasile Petrariu, pre\u0219edintele Sindicatului Transportatorilor Bucure\u0219ti \u0219i omul de cas\u0103 al fostului edil Gabriela Firea.<\/p>\n\n\n\n<p>Nemul\u021bumirea a venit din faptul c\u0103 acesta ar fi negociat pe \u0219est cu conducerea societ\u0103\u021bii un act adi\u021bional la Contractul Colectiv de Munc\u0103 (CCM), potrivit&nbsp;<a href=\"https:\/\/clubferoviar.ro\/contract-colectiv-de-munca-la-stb-petrariu-demisia\/\" target=\"_blank\" rel=\"noreferrer noopener\">Club Feroviar<\/a>.<\/p>\n\n\n\n<p>Negocierile pentru un nou Contract Colectiv de Munc\u0103 la STB au \u00eenceput la data de 18 iulie, \u00een condi\u021biile \u00een care cel aflat \u00een vigoare expir\u0103 la data de 31 august.<\/p>\n\n\n\n<p>Cu zece zile \u00eenainte \u00eens\u0103, conducerea sindicatului a negociat cu administra\u021bia \u0219i a semnat un act adi\u021bional la CCM prin care se punea \u00een acord grila de salarizare de la STB cu noile prevederi legale privind majorarea salariului minim pe economie, scrie Club feroviar.<\/p>\n\n\n\n<p>Din document a reie\u0219it c\u0103 angaja\u021bii de r\u00e2nd vor beneficia de o majorare de numai 100 de lei pe lun\u0103. Documentul nu a fost adus la cuno\u0219tin\u021ba liderilor de depouri \u0219i autobaze, adic\u0103 a oamenilor pe care Vasile Petrariu sus\u021bine c\u0103-i reprezint\u0103, iar ace\u0219tia au aflat abia ulterior, \u201epe surse\u201d.<\/p>\n\n\n\n<p><strong>CITE\u0218TE \u0218I:<\/strong> <a href=\"https:\/\/buletin.de\/bucuresti\/revolta-la-stb-impotriva-omului-lui-firea-miza-contractul-colectiv-de-munca\/\"><strong>Revolt\u0103 la STB \u00eempotriva omului lui Firea. Miza: contractul colectiv de munc\u0103<\/strong><\/a><\/p>\n\n\n\n<p><\/p>\n","protected":false},"excerpt":{"rendered":"<p>Meciul Dinamo &#8211; Gloria Buz\u0103u din aceast\u0103 sear\u0103 prelunge\u0219te programul a trei linii STB. Este vorba despre tramvaiul 41 \u0219i autobuzele 282, respectiv 335. Partida Dinamo &#8211; Gloria Buz\u0103u, din etapa 4 a SuperLigii, are pe loc vineri, 2 august. Meciul \u00eencepe de la ora 22:00, pe Stadionul Arcul de Triumf. \u00cen acest context, orarul [&hellip;]<\/p>\n","protected":false},"author":55,"featured_media":71543,"comment_status":"closed","ping_status":"open","sticky":false,"template":"","format":"standard","meta":{"_acf_changed":false,"inline_featured_image":false,"ngg_post_thumbnail":0,"footnotes":""},"categories":[6994,62,650],"tags":[13867,5824,13868,13869],"ppma_author":[22573],"class_list":["post-93217","post","type-post","status-publish","format-standard","has-post-thumbnail","hentry","category-stiri-2","category-stiri","category-transport","tag-dinamo-gloria-buzau-linii-stb","tag-transport-bucuresti","tag-transport-meci","tag-transport-tramvai-41-stadion-arcul-de-triumf"],"acf":[],"yoast_head":"<!-- This site is optimized with the Yoast SEO Premium plugin v25.3 (Yoast SEO v27.4) - https:\/\/yoast.com\/product\/yoast-seo-premium-wordpress\/ -->\n<title>Program prelungit pentru trei linii STB, pentru meciul Dinamo - Gloria Buz\u0103u - Buletin de Bucure\u0219ti<\/title>\n<meta name=\"description\" content=\"Meciul Dinamo - Gloria Buz\u0103u prelunge\u0219te programul a trei linii STB. Este vorba despre tramvaiul 41 \u0219i autobuzele 282, respectiv 335.\" \/>\n<meta name=\"robots\" content=\"index, follow, max-snippet:-1, max-image-preview:large, max-video-preview:-1\" \/>\n<link rel=\"canonical\" href=\"https:\/\/buletin.de\/bucuresti\/program-prelungit-pentru-trei-linii-stb-pentru-meciul-dinamo-gloria-buzau\/\" \/>\n<meta property=\"og:locale\" content=\"en_GB\" \/>\n<meta property=\"og:type\" content=\"article\" \/>\n<meta property=\"og:title\" content=\"Program prelungit pentru trei linii STB, pentru meciul Dinamo - Gloria Buz\u0103u\" \/>\n<meta property=\"og:description\" content=\"Meciul Dinamo - Gloria Buz\u0103u prelunge\u0219te programul a trei linii STB. Este vorba despre tramvaiul 41 \u0219i autobuzele 282, respectiv 335.\" \/>\n<meta property=\"og:url\" content=\"https:\/\/buletin.de\/bucuresti\/program-prelungit-pentru-trei-linii-stb-pentru-meciul-dinamo-gloria-buzau\/\" \/>\n<meta property=\"og:site_name\" content=\"Buletin de Bucure\u0219ti\" \/>\n<meta property=\"article:publisher\" content=\"https:\/\/www.facebook.com\/buletin.de.buc\" \/>\n<meta property=\"article:published_time\" content=\"2024-08-02T07:25:46+00:00\" \/>\n<meta property=\"article:modified_time\" content=\"2024-08-02T07:25:47+00:00\" \/>\n<meta property=\"og:image\" content=\"https:\/\/buletin.de\/bucuresti\/wp-content\/uploads\/linia-282.jpeg\" \/>\n\t<meta property=\"og:image:width\" content=\"2048\" \/>\n\t<meta property=\"og:image:height\" content=\"1166\" \/>\n\t<meta property=\"og:image:type\" content=\"image\/jpeg\" \/>\n<meta name=\"author\" content=\"Andreea Tudor\" \/>\n<meta name=\"twitter:card\" content=\"summary_large_image\" \/>\n<meta name=\"twitter:label1\" content=\"Written by\" \/>\n\t<meta name=\"twitter:data1\" content=\"Andreea Tudor\" \/>\n\t<meta name=\"twitter:label2\" content=\"Estimated reading time\" \/>\n\t<meta name=\"twitter:data2\" content=\"2 minutes\" \/>\n<script type=\"application\/ld+json\" class=\"yoast-schema-graph\">{\"@context\":\"https:\\\/\\\/schema.org\",\"@graph\":[{\"@type\":\"Article\",\"@id\":\"https:\\\/\\\/buletin.de\\\/bucuresti\\\/program-prelungit-pentru-trei-linii-stb-pentru-meciul-dinamo-gloria-buzau\\\/#article\",\"isPartOf\":{\"@id\":\"https:\\\/\\\/buletin.de\\\/bucuresti\\\/program-prelungit-pentru-trei-linii-stb-pentru-meciul-dinamo-gloria-buzau\\\/\"},\"author\":{\"name\":\"Andreea Tudor\",\"@id\":\"https:\\\/\\\/buletin.de\\\/bucuresti\\\/#\\\/schema\\\/person\\\/150590659efde715459d159da012f501\"},\"headline\":\"Program prelungit pentru trei linii STB, pentru meciul Dinamo &#8211; Gloria Buz\u0103u\",\"datePublished\":\"2024-08-02T07:25:46+00:00\",\"dateModified\":\"2024-08-02T07:25:47+00:00\",\"mainEntityOfPage\":{\"@id\":\"https:\\\/\\\/buletin.de\\\/bucuresti\\\/program-prelungit-pentru-trei-linii-stb-pentru-meciul-dinamo-gloria-buzau\\\/\"},\"wordCount\":408,\"publisher\":{\"@id\":\"https:\\\/\\\/buletin.de\\\/bucuresti\\\/#organization\"},\"image\":{\"@id\":\"https:\\\/\\\/buletin.de\\\/bucuresti\\\/program-prelungit-pentru-trei-linii-stb-pentru-meciul-dinamo-gloria-buzau\\\/#primaryimage\"},\"thumbnailUrl\":\"https:\\\/\\\/buletin.de\\\/bucuresti\\\/wp-content\\\/uploads\\\/linia-282.jpeg\",\"keywords\":[\"dinamo gloria buzau linii stb\",\"transport bucuresti\",\"transport meci\",\"transport tramvai 41 stadion arcul de triumf\"],\"articleSection\":[\"Articole\",\"\u0218tiri\",\"Transport\"],\"inLanguage\":\"en-GB\",\"copyrightYear\":\"2024\",\"copyrightHolder\":{\"@id\":\"https:\\\/\\\/buletin.de\\\/bucuresti\\\/#organization\"}},{\"@type\":\"WebPage\",\"@id\":\"https:\\\/\\\/buletin.de\\\/bucuresti\\\/program-prelungit-pentru-trei-linii-stb-pentru-meciul-dinamo-gloria-buzau\\\/\",\"url\":\"https:\\\/\\\/buletin.de\\\/bucuresti\\\/program-prelungit-pentru-trei-linii-stb-pentru-meciul-dinamo-gloria-buzau\\\/\",\"name\":\"Program prelungit pentru trei linii STB, pentru meciul Dinamo - Gloria Buz\u0103u - Buletin de Bucure\u0219ti\",\"isPartOf\":{\"@id\":\"https:\\\/\\\/buletin.de\\\/bucuresti\\\/#website\"},\"primaryImageOfPage\":{\"@id\":\"https:\\\/\\\/buletin.de\\\/bucuresti\\\/program-prelungit-pentru-trei-linii-stb-pentru-meciul-dinamo-gloria-buzau\\\/#primaryimage\"},\"image\":{\"@id\":\"https:\\\/\\\/buletin.de\\\/bucuresti\\\/program-prelungit-pentru-trei-linii-stb-pentru-meciul-dinamo-gloria-buzau\\\/#primaryimage\"},\"thumbnailUrl\":\"https:\\\/\\\/buletin.de\\\/bucuresti\\\/wp-content\\\/uploads\\\/linia-282.jpeg\",\"datePublished\":\"2024-08-02T07:25:46+00:00\",\"dateModified\":\"2024-08-02T07:25:47+00:00\",\"description\":\"Meciul Dinamo - Gloria Buz\u0103u prelunge\u0219te programul a trei linii STB. Este vorba despre tramvaiul 41 \u0219i autobuzele 282, respectiv 335.\",\"breadcrumb\":{\"@id\":\"https:\\\/\\\/buletin.de\\\/bucuresti\\\/program-prelungit-pentru-trei-linii-stb-pentru-meciul-dinamo-gloria-buzau\\\/#breadcrumb\"},\"inLanguage\":\"en-GB\",\"potentialAction\":[{\"@type\":\"ReadAction\",\"target\":[\"https:\\\/\\\/buletin.de\\\/bucuresti\\\/program-prelungit-pentru-trei-linii-stb-pentru-meciul-dinamo-gloria-buzau\\\/\"]}]},{\"@type\":\"ImageObject\",\"inLanguage\":\"en-GB\",\"@id\":\"https:\\\/\\\/buletin.de\\\/bucuresti\\\/program-prelungit-pentru-trei-linii-stb-pentru-meciul-dinamo-gloria-buzau\\\/#primaryimage\",\"url\":\"https:\\\/\\\/buletin.de\\\/bucuresti\\\/wp-content\\\/uploads\\\/linia-282.jpeg\",\"contentUrl\":\"https:\\\/\\\/buletin.de\\\/bucuresti\\\/wp-content\\\/uploads\\\/linia-282.jpeg\",\"width\":2048,\"height\":1166,\"caption\":\"Linia 282 va fi deviat\u0103 mar\u021bi, 10 decembrie. Foto: STB\"},{\"@type\":\"BreadcrumbList\",\"@id\":\"https:\\\/\\\/buletin.de\\\/bucuresti\\\/program-prelungit-pentru-trei-linii-stb-pentru-meciul-dinamo-gloria-buzau\\\/#breadcrumb\",\"itemListElement\":[{\"@type\":\"ListItem\",\"position\":1,\"name\":\"Acas\u0103\",\"item\":\"https:\\\/\\\/buletin.de\\\/bucuresti\\\/\"},{\"@type\":\"ListItem\",\"position\":2,\"name\":\"Program prelungit pentru trei linii STB, pentru meciul Dinamo &#8211; Gloria Buz\u0103u\"}]},{\"@type\":\"WebSite\",\"@id\":\"https:\\\/\\\/buletin.de\\\/bucuresti\\\/#website\",\"url\":\"https:\\\/\\\/buletin.de\\\/bucuresti\\\/\",\"name\":\"Buletin de Bucure\u0219ti\",\"description\":\"\u0218tiri \u0219i investiga\u021bii esen\u021biale din capital\u0103\",\"publisher\":{\"@id\":\"https:\\\/\\\/buletin.de\\\/bucuresti\\\/#organization\"},\"potentialAction\":[{\"@type\":\"SearchAction\",\"target\":{\"@type\":\"EntryPoint\",\"urlTemplate\":\"https:\\\/\\\/buletin.de\\\/bucuresti\\\/?s={search_term_string}\"},\"query-input\":{\"@type\":\"PropertyValueSpecification\",\"valueRequired\":true,\"valueName\":\"search_term_string\"}}],\"inLanguage\":\"en-GB\"},{\"@type\":\"Organization\",\"@id\":\"https:\\\/\\\/buletin.de\\\/bucuresti\\\/#organization\",\"name\":\"Buletin de Bucure\u0219ti\",\"url\":\"https:\\\/\\\/buletin.de\\\/bucuresti\\\/\",\"logo\":{\"@type\":\"ImageObject\",\"inLanguage\":\"en-GB\",\"@id\":\"https:\\\/\\\/buletin.de\\\/bucuresti\\\/#\\\/schema\\\/logo\\\/image\\\/\",\"url\":\"https:\\\/\\\/buletin.de\\\/bucuresti\\\/wp-content\\\/uploads\\\/logo-bdb-full-wide-vernil-transparent.png\",\"contentUrl\":\"https:\\\/\\\/buletin.de\\\/bucuresti\\\/wp-content\\\/uploads\\\/logo-bdb-full-wide-vernil-transparent.png\",\"width\":1782,\"height\":626,\"caption\":\"Buletin de Bucure\u0219ti\"},\"image\":{\"@id\":\"https:\\\/\\\/buletin.de\\\/bucuresti\\\/#\\\/schema\\\/logo\\\/image\\\/\"},\"sameAs\":[\"https:\\\/\\\/www.facebook.com\\\/buletin.de.buc\",\"https:\\\/\\\/www.instagram.com\\\/buletinde.bucuresti\\\/\"]},{\"@type\":\"Person\",\"@id\":\"https:\\\/\\\/buletin.de\\\/bucuresti\\\/#\\\/schema\\\/person\\\/150590659efde715459d159da012f501\",\"name\":\"Andreea Tudor\",\"image\":{\"@type\":\"ImageObject\",\"inLanguage\":\"en-GB\",\"@id\":\"https:\\\/\\\/secure.gravatar.com\\\/avatar\\\/a88705a186ab0b67f3349bcbced506c09e37256fbaad0e7f3bd1a79b4599f589?s=96&d=monsterid&r=g79290610aa1a65c2b86eebc2ca5aee8f\",\"url\":\"https:\\\/\\\/secure.gravatar.com\\\/avatar\\\/a88705a186ab0b67f3349bcbced506c09e37256fbaad0e7f3bd1a79b4599f589?s=96&d=monsterid&r=g\",\"contentUrl\":\"https:\\\/\\\/secure.gravatar.com\\\/avatar\\\/a88705a186ab0b67f3349bcbced506c09e37256fbaad0e7f3bd1a79b4599f589?s=96&d=monsterid&r=g\",\"caption\":\"Andreea Tudor\"},\"description\":\"N\u0103scut\u0103 \u0219i crescut\u0103 \u00een Bucure\u0219ti, sus\u021bin\u0103toare a presei independente. A\u0219a am ajuns redactor la Buletin de Bucure\u0219ti. Fiind eu, \u00eens\u0103mi, parte a sistemului de \u00eenv\u0103\u021b\u0103m\u00e2nt rom\u00e2nesc \u0219i pasionat\u0103 de domeniul social, pun sub lup\u0103 tot ceea ce se \u00eent\u00e2mpl\u0103 \u00een sfera educa\u021biei. Cred cu t\u0103rie c\u0103 presa \u201epentru cet\u0103\u021beni\u201d este presa independent\u0103. Oamenii au nevoie de o informare corect\u0103 pentru a \u00een\u021belege pe deplin ce se \u00eent\u00e2mpl\u0103 \u00een jurul lor \u0219i pentru a lua ac\u021biune \u00eempotriva nedrept\u0103\u021bilor.\",\"url\":\"https:\\\/\\\/buletin.de\\\/bucuresti\\\/author\\\/andreeatudor\\\/\"}]}<\/script>\n<!-- \/ Yoast SEO Premium plugin. -->","yoast_head_json":{"title":"Program prelungit pentru trei linii STB, pentru meciul Dinamo - Gloria Buz\u0103u - Buletin de Bucure\u0219ti","description":"Meciul Dinamo - Gloria Buz\u0103u prelunge\u0219te programul a trei linii STB. Este vorba despre tramvaiul 41 \u0219i autobuzele 282, respectiv 335.","robots":{"index":"index","follow":"follow","max-snippet":"max-snippet:-1","max-image-preview":"max-image-preview:large","max-video-preview":"max-video-preview:-1"},"canonical":"https:\/\/buletin.de\/bucuresti\/program-prelungit-pentru-trei-linii-stb-pentru-meciul-dinamo-gloria-buzau\/","og_locale":"en_GB","og_type":"article","og_title":"Program prelungit pentru trei linii STB, pentru meciul Dinamo - Gloria Buz\u0103u","og_description":"Meciul Dinamo - Gloria Buz\u0103u prelunge\u0219te programul a trei linii STB. Este vorba despre tramvaiul 41 \u0219i autobuzele 282, respectiv 335.","og_url":"https:\/\/buletin.de\/bucuresti\/program-prelungit-pentru-trei-linii-stb-pentru-meciul-dinamo-gloria-buzau\/","og_site_name":"Buletin de Bucure\u0219ti","article_publisher":"https:\/\/www.facebook.com\/buletin.de.buc","article_published_time":"2024-08-02T07:25:46+00:00","article_modified_time":"2024-08-02T07:25:47+00:00","og_image":[{"width":2048,"height":1166,"url":"https:\/\/buletin.de\/bucuresti\/wp-content\/uploads\/linia-282.jpeg","type":"image\/jpeg"}],"author":"Andreea Tudor","twitter_card":"summary_large_image","twitter_misc":{"Written by":"Andreea Tudor","Estimated reading time":"2 minutes"},"schema":{"@context":"https:\/\/schema.org","@graph":[{"@type":"Article","@id":"https:\/\/buletin.de\/bucuresti\/program-prelungit-pentru-trei-linii-stb-pentru-meciul-dinamo-gloria-buzau\/#article","isPartOf":{"@id":"https:\/\/buletin.de\/bucuresti\/program-prelungit-pentru-trei-linii-stb-pentru-meciul-dinamo-gloria-buzau\/"},"author":{"name":"Andreea Tudor","@id":"https:\/\/buletin.de\/bucuresti\/#\/schema\/person\/150590659efde715459d159da012f501"},"headline":"Program prelungit pentru trei linii STB, pentru meciul Dinamo &#8211; Gloria Buz\u0103u","datePublished":"2024-08-02T07:25:46+00:00","dateModified":"2024-08-02T07:25:47+00:00","mainEntityOfPage":{"@id":"https:\/\/buletin.de\/bucuresti\/program-prelungit-pentru-trei-linii-stb-pentru-meciul-dinamo-gloria-buzau\/"},"wordCount":408,"publisher":{"@id":"https:\/\/buletin.de\/bucuresti\/#organization"},"image":{"@id":"https:\/\/buletin.de\/bucuresti\/program-prelungit-pentru-trei-linii-stb-pentru-meciul-dinamo-gloria-buzau\/#primaryimage"},"thumbnailUrl":"https:\/\/buletin.de\/bucuresti\/wp-content\/uploads\/linia-282.jpeg","keywords":["dinamo gloria buzau linii stb","transport bucuresti","transport meci","transport tramvai 41 stadion arcul de triumf"],"articleSection":["Articole","\u0218tiri","Transport"],"inLanguage":"en-GB","copyrightYear":"2024","copyrightHolder":{"@id":"https:\/\/buletin.de\/bucuresti\/#organization"}},{"@type":"WebPage","@id":"https:\/\/buletin.de\/bucuresti\/program-prelungit-pentru-trei-linii-stb-pentru-meciul-dinamo-gloria-buzau\/","url":"https:\/\/buletin.de\/bucuresti\/program-prelungit-pentru-trei-linii-stb-pentru-meciul-dinamo-gloria-buzau\/","name":"Program prelungit pentru trei linii STB, pentru meciul Dinamo - Gloria Buz\u0103u - Buletin de Bucure\u0219ti","isPartOf":{"@id":"https:\/\/buletin.de\/bucuresti\/#website"},"primaryImageOfPage":{"@id":"https:\/\/buletin.de\/bucuresti\/program-prelungit-pentru-trei-linii-stb-pentru-meciul-dinamo-gloria-buzau\/#primaryimage"},"image":{"@id":"https:\/\/buletin.de\/bucuresti\/program-prelungit-pentru-trei-linii-stb-pentru-meciul-dinamo-gloria-buzau\/#primaryimage"},"thumbnailUrl":"https:\/\/buletin.de\/bucuresti\/wp-content\/uploads\/linia-282.jpeg","datePublished":"2024-08-02T07:25:46+00:00","dateModified":"2024-08-02T07:25:47+00:00","description":"Meciul Dinamo - Gloria Buz\u0103u prelunge\u0219te programul a trei linii STB. Este vorba despre tramvaiul 41 \u0219i autobuzele 282, respectiv 335.","breadcrumb":{"@id":"https:\/\/buletin.de\/bucuresti\/program-prelungit-pentru-trei-linii-stb-pentru-meciul-dinamo-gloria-buzau\/#breadcrumb"},"inLanguage":"en-GB","potentialAction":[{"@type":"ReadAction","target":["https:\/\/buletin.de\/bucuresti\/program-prelungit-pentru-trei-linii-stb-pentru-meciul-dinamo-gloria-buzau\/"]}]},{"@type":"ImageObject","inLanguage":"en-GB","@id":"https:\/\/buletin.de\/bucuresti\/program-prelungit-pentru-trei-linii-stb-pentru-meciul-dinamo-gloria-buzau\/#primaryimage","url":"https:\/\/buletin.de\/bucuresti\/wp-content\/uploads\/linia-282.jpeg","contentUrl":"https:\/\/buletin.de\/bucuresti\/wp-content\/uploads\/linia-282.jpeg","width":2048,"height":1166,"caption":"Linia 282 va fi deviat\u0103 mar\u021bi, 10 decembrie. Foto: STB"},{"@type":"BreadcrumbList","@id":"https:\/\/buletin.de\/bucuresti\/program-prelungit-pentru-trei-linii-stb-pentru-meciul-dinamo-gloria-buzau\/#breadcrumb","itemListElement":[{"@type":"ListItem","position":1,"name":"Acas\u0103","item":"https:\/\/buletin.de\/bucuresti\/"},{"@type":"ListItem","position":2,"name":"Program prelungit pentru trei linii STB, pentru meciul Dinamo &#8211; Gloria Buz\u0103u"}]},{"@type":"WebSite","@id":"https:\/\/buletin.de\/bucuresti\/#website","url":"https:\/\/buletin.de\/bucuresti\/","name":"Buletin de Bucure\u0219ti","description":"\u0218tiri \u0219i investiga\u021bii esen\u021biale din capital\u0103","publisher":{"@id":"https:\/\/buletin.de\/bucuresti\/#organization"},"potentialAction":[{"@type":"SearchAction","target":{"@type":"EntryPoint","urlTemplate":"https:\/\/buletin.de\/bucuresti\/?s={search_term_string}"},"query-input":{"@type":"PropertyValueSpecification","valueRequired":true,"valueName":"search_term_string"}}],"inLanguage":"en-GB"},{"@type":"Organization","@id":"https:\/\/buletin.de\/bucuresti\/#organization","name":"Buletin de Bucure\u0219ti","url":"https:\/\/buletin.de\/bucuresti\/","logo":{"@type":"ImageObject","inLanguage":"en-GB","@id":"https:\/\/buletin.de\/bucuresti\/#\/schema\/logo\/image\/","url":"https:\/\/buletin.de\/bucuresti\/wp-content\/uploads\/logo-bdb-full-wide-vernil-transparent.png","contentUrl":"https:\/\/buletin.de\/bucuresti\/wp-content\/uploads\/logo-bdb-full-wide-vernil-transparent.png","width":1782,"height":626,"caption":"Buletin de Bucure\u0219ti"},"image":{"@id":"https:\/\/buletin.de\/bucuresti\/#\/schema\/logo\/image\/"},"sameAs":["https:\/\/www.facebook.com\/buletin.de.buc","https:\/\/www.instagram.com\/buletinde.bucuresti\/"]},{"@type":"Person","@id":"https:\/\/buletin.de\/bucuresti\/#\/schema\/person\/150590659efde715459d159da012f501","name":"Andreea Tudor","image":{"@type":"ImageObject","inLanguage":"en-GB","@id":"https:\/\/secure.gravatar.com\/avatar\/a88705a186ab0b67f3349bcbced506c09e37256fbaad0e7f3bd1a79b4599f589?s=96&d=monsterid&r=g79290610aa1a65c2b86eebc2ca5aee8f","url":"https:\/\/secure.gravatar.com\/avatar\/a88705a186ab0b67f3349bcbced506c09e37256fbaad0e7f3bd1a79b4599f589?s=96&d=monsterid&r=g","contentUrl":"https:\/\/secure.gravatar.com\/avatar\/a88705a186ab0b67f3349bcbced506c09e37256fbaad0e7f3bd1a79b4599f589?s=96&d=monsterid&r=g","caption":"Andreea Tudor"},"description":"N\u0103scut\u0103 \u0219i crescut\u0103 \u00een Bucure\u0219ti, sus\u021bin\u0103toare a presei independente. A\u0219a am ajuns redactor la Buletin de Bucure\u0219ti. Fiind eu, \u00eens\u0103mi, parte a sistemului de \u00eenv\u0103\u021b\u0103m\u00e2nt rom\u00e2nesc \u0219i pasionat\u0103 de domeniul social, pun sub lup\u0103 tot ceea ce se \u00eent\u00e2mpl\u0103 \u00een sfera educa\u021biei. Cred cu t\u0103rie c\u0103 presa \u201epentru cet\u0103\u021beni\u201d este presa independent\u0103. Oamenii au nevoie de o informare corect\u0103 pentru a \u00een\u021belege pe deplin ce se \u00eent\u00e2mpl\u0103 \u00een jurul lor \u0219i pentru a lua ac\u021biune \u00eempotriva nedrept\u0103\u021bilor.","url":"https:\/\/buletin.de\/bucuresti\/author\/andreeatudor\/"}]}},"authors":[{"term_id":22573,"user_id":55,"is_guest":0,"slug":"andreeatudor","display_name":"Andreea Tudor","avatar_url":"https:\/\/secure.gravatar.com\/avatar\/a88705a186ab0b67f3349bcbced506c09e37256fbaad0e7f3bd1a79b4599f589?s=96&d=monsterid&r=g","0":null,"1":"","2":"","3":"","4":"","5":"","6":"","7":"","8":""}],"_links":{"self":[{"href":"https:\/\/buletin.de\/bucuresti\/wp-json\/wp\/v2\/posts\/93217","targetHints":{"allow":["GET"]}}],"collection":[{"href":"https:\/\/buletin.de\/bucuresti\/wp-json\/wp\/v2\/posts"}],"about":[{"href":"https:\/\/buletin.de\/bucuresti\/wp-json\/wp\/v2\/types\/post"}],"author":[{"embeddable":true,"href":"https:\/\/buletin.de\/bucuresti\/wp-json\/wp\/v2\/users\/55"}],"replies":[{"embeddable":true,"href":"https:\/\/buletin.de\/bucuresti\/wp-json\/wp\/v2\/comments?post=93217"}],"version-history":[{"count":2,"href":"https:\/\/buletin.de\/bucuresti\/wp-json\/wp\/v2\/posts\/93217\/revisions"}],"predecessor-version":[{"id":93219,"href":"https:\/\/buletin.de\/bucuresti\/wp-json\/wp\/v2\/posts\/93217\/revisions\/93219"}],"wp:featuredmedia":[{"embeddable":true,"href":"https:\/\/buletin.de\/bucuresti\/wp-json\/wp\/v2\/media\/71543"}],"wp:attachment":[{"href":"https:\/\/buletin.de\/bucuresti\/wp-json\/wp\/v2\/media?parent=93217"}],"wp:term":[{"taxonomy":"category","embeddable":true,"href":"https:\/\/buletin.de\/bucuresti\/wp-json\/wp\/v2\/categories?post=93217"},{"taxonomy":"post_tag","embeddable":true,"href":"https:\/\/buletin.de\/bucuresti\/wp-json\/wp\/v2\/tags?post=93217"},{"taxonomy":"author","embeddable":true,"href":"https:\/\/buletin.de\/bucuresti\/wp-json\/wp\/v2\/ppma_author?post=93217"}],"curies":[{"name":"wp","href":"https:\/\/api.w.org\/{rel}","templated":true}]}}