{"id":93185,"date":"2024-08-01T20:18:35","date_gmt":"2024-08-01T17:18:35","guid":{"rendered":"https:\/\/buletin.de\/bucuresti\/?p=93185"},"modified":"2024-08-02T08:59:39","modified_gmt":"2024-08-02T05:59:39","slug":"un-nou-video-cu-accidentul-din-pantelimon-tanarul-s-a-urcat-la-volan-cu-putin-timp-inainte-de-a-lovi-copiii","status":"publish","type":"post","link":"https:\/\/buletin.de\/bucuresti\/un-nou-video-cu-accidentul-din-pantelimon-tanarul-s-a-urcat-la-volan-cu-putin-timp-inainte-de-a-lovi-copiii\/","title":{"rendered":"Un nou video cu accidentul din Pantelimon: t\u00e2n\u0103rul s-a urcat la volan cu pu\u021bin timp \u00eenainte de a lovi copiii"},"content":{"rendered":"\n<p><strong>Un nou video cu accidentul din Pantelimon: dintr-o \u00eenregistrare ajuns\u0103 la procurorii se vede c\u0103 t\u00e2n\u0103rul de 17 ani s-a urcat la volan cu doar c\u00e2teva clipe \u00eenainte de a-l ucide pe b\u0103ie\u021belul de 9 ani \u0219i a o r\u0103ni grav pe sora lui. <\/strong><\/p>\n\n\n\n<p>Dosarul a fost preluat de c\u0103tre Parchetul de pe l\u00e2ng\u0103 Tribunalul Bucure\u015fti, iar anchetatorii de\u0163in imagini care arat\u0103 c\u0103 b\u0103iatul f\u0103r\u0103 permis a produs accidentul la scurt timp dup\u0103 ce s-a mutat de pe scaunul din dreapta pe scaunul \u0219oferului, arat\u0103 <a href=\"https:\/\/www.digi24.ro\/stiri\/imagini-cu-momentele-dinaintea-accidentului-din-pantelimon-tinerii-si-au-schimbat-locurile-cu-doar-cateva-clipe-inainte-de-tragedie-2880635\" target=\"_blank\" rel=\"noreferrer noopener\">Digi24<\/a>.<\/p>\n\n\n\n<p>CITE\u0218TE \u0218I:\u00a0<strong><a href=\"https:\/\/buletin.de\/bucuresti\/drama-familiei-din-pantelimon-baiatul-ucis-iar-fetita-s-ar-putea-sa-nu-mai-mearga-normal-niciodata\/\" target=\"_blank\" rel=\"noreferrer noopener\">Drama familiei din Pantelimon: b\u0103iatul ucis, iar feti\u0163a s-ar putea s\u0103 nu mai mearg\u0103 normal niciodat\u0103<\/a><\/strong><\/p>\n\n\n\n<h2 class=\"wp-block-heading\">Un nou video cu accidentul din Pantelimon<\/h2>\n\n\n\n<p>Imagini captate de la distan\u0163\u0103 de o camer\u0103 video surprind momentul \u00een care t\u00e2n\u0103rul de 19 ani, care primise autoturismul de la unchiul s\u0103u, coboar\u0103 de la volan \u0219i \u00eel las\u0103 pe cel de 17 ani. <\/p>\n\n\n\n<p>Preciz\u0103rile reprezentan\u0163ilor Parchetului sunt f\u0103cute \u00een contextul \u00een care \u00een spa\u0163iul public au ap\u0103rut imagini cu autoturismul implicat \u00een accident, condus de t\u00e2n\u0103rul de 19 ani, cu relativ pu\u0163in timp \u00eenainte de accident, noteaz\u0103 Digi24.<\/p>\n\n\n\n<p>Video este realizat de la distan\u021b\u0103, cu o camer\u0103 de bord. Ma\u0219ina se opre\u0219te, trage pe dreapta, \u0219oferul coboar\u0103 \u015fi las\u0103 locul \u015foferului t\u00e2n\u0103rului de 17 ani. <\/p>\n\n\n\n<p>Primul t\u00e2n\u0103r, care purta tricou alb, trece pe scaunul din dreapta, iar la volan trece minorul, \u00eembr\u0103cat \u00een tricou negru. <\/p>\n\n\n\n<iframe src=\"https:\/\/www.digi24.ro\/embed\/stiri\/imagini-cu-momentele-dinaintea-accidentului-din-pantelimon-tinerii-si-au-schimbat-locurile-cu-doar-cateva-clipe-inainte-de-tragedie-2880635?video=0&#038;width=570&#038;height=320\" allowfullscreen marginwidth=\"0\" marginheight=\"0\" align=\"top\" scrolling=\"No\" frameborder=\"0\" hspace=\"0\" vspace=\"0\" width=\"570\" height=\"320\" ><\/iframe>\n\n\n\n<p>CITE\u0218TE \u0218I:\u00a0<strong><a href=\"https:\/\/buletin.de\/bucuresti\/baiat-de-19-ani-retinut-ca-i-a-dat-masina-adolescentului-care-a-ucis-un-copil-si-a-ranit-grav-un-altul\/\" target=\"_blank\" rel=\"noreferrer noopener\">Accidentul din Pantelimon. B\u0103iat de 19 ani, re\u0163inut c\u0103 i-a dat ma\u015fina adolescentului care a ucis un copil \u015fi a r\u0103nit grav un altul<\/a><\/strong><\/p>\n\n\n\n<h2 class=\"wp-block-heading\">Feti\u021ba este \u00een stare mai bun\u0103<\/h2>\n\n\n\n<p>Parchetul de pe l\u00e2ng\u0103 Tribunalul Bucure\u015fti a anun\u0163at, joi, c\u0103 a preluat dosarul privind accidentul din Pantelimon, \u00een care un copil a murit \u015fi sora sa a fost grav r\u0103nit\u0103, av\u00e2nd un picior amputat.<\/p>\n\n\n\n<p>T\u00e2n\u0103rul de 17 ani a fost arestat preventiv, iar cel de 19 ani, care i-a \u00eencredin\u0163at autoturismul, a fost plasat sub control judiciar.<\/p>\n\n\n\n<p><strong>Duminic\u0103 seara, doi copii se jucau cu trotinele \u00een parcarea din Parcul Pantelimon, supraveghea\u021bi de mama sa. Cei doi minori s-au oprit \u00een spa\u021biul dintre dou\u0103 ma\u0219ini parcate, c\u00e2nd au auzit c\u0103 vine un autoturism.<\/strong><\/p>\n\n\n\n<p>Acesta era condus de t\u00e2n\u0103rul de 17 ani, care a sc\u0103pat vehicolul de sub control, a izbit primul autoturism parcat \u0219i i-a strivit pe copii de a doua ma\u0219in\u0103 parcat\u0103.<\/p>\n\n\n\n<p>B\u0103iatul de nou\u0103 ani a fost omor\u00e2t pe loc, iar fata de \u015fapte ani a ajuns \u00een stare grav\u0103 la spital, dup\u0103 ce i-a fost prins un picior sub roat\u0103.&nbsp;<\/p>\n\n\n\n<p>Dup\u0103 accident, at\u00e2t b\u0103iatul de la volan, c\u00e2t \u0219i pasagerul din dreapta au fugit de la locul accidentului. Cei doi au fost filma\u021bi de camerele de supraveghere cum alearg\u0103 prin parc, dup\u0103 incident (<a href=\"https:\/\/www.digi24.ro\/video\/primele-imagini-de-la-locul-accidentului-din-zona-parcului-pantelimon-2876915\" target=\"_blank\" rel=\"noreferrer noopener\">VIDEO aici<\/a>).<\/p>\n\n\n\n<p>De\u0219i \u00eentr-o prim\u0103 faz\u0103 medicii reu\u0219iser\u0103 s\u0103-i reata\u0219eze picioarul feti\u021bei, ulterior au ap\u0103rut complica\u021bii \u0219i a trebuit s\u0103 fie amputat.<\/p>\n\n\n\n<p>CITE\u0218TE \u0218I: <strong><a href=\"https:\/\/buletin.de\/bucuresti\/fetita-ranita-in-accidentul-din-pantelimon-e-in-stare-mai-buna-si-a-pierdut-un-picior\/\" target=\"_blank\" rel=\"noreferrer noopener\">Feti\u021ba r\u0103nit\u0103 \u00een accidentul din Pantelimon e \u00een stare mai bun\u0103. \u0218i-a pierdut un picior<\/a><\/strong><\/p>\n","protected":false},"excerpt":{"rendered":"<p>Un nou video cu accidentul din Pantelimon: dintr-o \u00eenregistrare ajuns\u0103 la procurorii se vede c\u0103 t\u00e2n\u0103rul de 17 ani s-a urcat la volan cu doar c\u00e2teva clipe \u00eenainte de a-l ucide pe b\u0103ie\u021belul de 9 ani \u0219i a o r\u0103ni grav pe sora lui. Dosarul a fost preluat de c\u0103tre Parchetul de pe l\u00e2ng\u0103 Tribunalul [&hellip;]<\/p>\n","protected":false},"author":1,"featured_media":93189,"comment_status":"closed","ping_status":"open","sticky":false,"template":"","format":"standard","meta":{"_acf_changed":false,"inline_featured_image":false,"ngg_post_thumbnail":0,"footnotes":""},"categories":[6994,62],"tags":[1100,13725,13727,13719,13758],"ppma_author":[22583],"class_list":["post-93185","post","type-post","status-publish","format-standard","has-post-thumbnail","hentry","category-stiri-2","category-stiri","tag-accident","tag-accident-doi-frati-loviti-parc-pantelimon","tag-accident-pantelimon","tag-accident-parc-pantelimon","tag-accidentul-din-pantelimon"],"acf":[],"yoast_head":"<!-- This site is optimized with the Yoast SEO Premium plugin v25.3 (Yoast SEO v27.4) - https:\/\/yoast.com\/product\/yoast-seo-premium-wordpress\/ -->\n<title>Un nou video cu accidentul din Pantelimon: t\u00e2n\u0103rul s-a urcat la volan cu pu\u021bin timp \u00eenainte de a lovi copiii - Buletin de Bucure\u0219ti<\/title>\n<meta name=\"description\" content=\"Un nou video cu accidentul din Pantelimon: dintr-o \u00eenregistrare ajuns\u0103 la poli\u021bi\u0219ti se vede c\u00e2nd t\u00e2n\u0103rul de 17 ani s-a urcat la volan.\" \/>\n<meta name=\"robots\" content=\"index, follow, max-snippet:-1, max-image-preview:large, max-video-preview:-1\" \/>\n<link rel=\"canonical\" href=\"https:\/\/buletin.de\/bucuresti\/un-nou-video-cu-accidentul-din-pantelimon-tanarul-s-a-urcat-la-volan-cu-putin-timp-inainte-de-a-lovi-copiii\/\" \/>\n<meta property=\"og:locale\" content=\"en_GB\" \/>\n<meta property=\"og:type\" content=\"article\" \/>\n<meta property=\"og:title\" content=\"Un nou video cu accidentul din Pantelimon: t\u00e2n\u0103rul s-a urcat la volan cu pu\u021bin timp \u00eenainte de a lovi copiii\" \/>\n<meta property=\"og:description\" content=\"Un nou video cu accidentul din Pantelimon: dintr-o \u00eenregistrare ajuns\u0103 la poli\u021bi\u0219ti se vede c\u00e2nd t\u00e2n\u0103rul de 17 ani s-a urcat la volan.\" \/>\n<meta property=\"og:url\" content=\"https:\/\/buletin.de\/bucuresti\/un-nou-video-cu-accidentul-din-pantelimon-tanarul-s-a-urcat-la-volan-cu-putin-timp-inainte-de-a-lovi-copiii\/\" \/>\n<meta property=\"og:site_name\" content=\"Buletin de Bucure\u0219ti\" \/>\n<meta property=\"article:publisher\" content=\"https:\/\/www.facebook.com\/buletin.de.buc\" \/>\n<meta property=\"article:published_time\" content=\"2024-08-01T17:18:35+00:00\" \/>\n<meta property=\"article:modified_time\" content=\"2024-08-02T05:59:39+00:00\" \/>\n<meta property=\"og:image\" content=\"https:\/\/buletin.de\/bucuresti\/wp-content\/uploads\/accidentpantelimon.png\" \/>\n\t<meta property=\"og:image:width\" content=\"948\" \/>\n\t<meta property=\"og:image:height\" content=\"544\" \/>\n\t<meta property=\"og:image:type\" content=\"image\/png\" \/>\n<meta name=\"author\" content=\"Redac\u021bia Buletin de Bucure\u0219ti\" \/>\n<meta name=\"twitter:card\" content=\"summary_large_image\" \/>\n<meta name=\"twitter:label1\" content=\"Written by\" \/>\n\t<meta name=\"twitter:data1\" content=\"Redac\u021bia Buletin de Bucure\u0219ti\" \/>\n\t<meta name=\"twitter:label2\" content=\"Estimated reading time\" \/>\n\t<meta name=\"twitter:data2\" content=\"3 minutes\" \/>\n<script type=\"application\/ld+json\" class=\"yoast-schema-graph\">{\"@context\":\"https:\\\/\\\/schema.org\",\"@graph\":[{\"@type\":\"Article\",\"@id\":\"https:\\\/\\\/buletin.de\\\/bucuresti\\\/un-nou-video-cu-accidentul-din-pantelimon-tanarul-s-a-urcat-la-volan-cu-putin-timp-inainte-de-a-lovi-copiii\\\/#article\",\"isPartOf\":{\"@id\":\"https:\\\/\\\/buletin.de\\\/bucuresti\\\/un-nou-video-cu-accidentul-din-pantelimon-tanarul-s-a-urcat-la-volan-cu-putin-timp-inainte-de-a-lovi-copiii\\\/\"},\"author\":{\"name\":\"Redac\u021bia Buletin de Bucure\u0219ti\",\"@id\":\"https:\\\/\\\/buletin.de\\\/bucuresti\\\/#\\\/schema\\\/person\\\/2bbcf854e5f2419a13804af574d06ab1\"},\"headline\":\"Un nou video cu accidentul din Pantelimon: t\u00e2n\u0103rul s-a urcat la volan cu pu\u021bin timp \u00eenainte de a lovi copiii\",\"datePublished\":\"2024-08-01T17:18:35+00:00\",\"dateModified\":\"2024-08-02T05:59:39+00:00\",\"mainEntityOfPage\":{\"@id\":\"https:\\\/\\\/buletin.de\\\/bucuresti\\\/un-nou-video-cu-accidentul-din-pantelimon-tanarul-s-a-urcat-la-volan-cu-putin-timp-inainte-de-a-lovi-copiii\\\/\"},\"wordCount\":570,\"publisher\":{\"@id\":\"https:\\\/\\\/buletin.de\\\/bucuresti\\\/#organization\"},\"image\":{\"@id\":\"https:\\\/\\\/buletin.de\\\/bucuresti\\\/un-nou-video-cu-accidentul-din-pantelimon-tanarul-s-a-urcat-la-volan-cu-putin-timp-inainte-de-a-lovi-copiii\\\/#primaryimage\"},\"thumbnailUrl\":\"https:\\\/\\\/buletin.de\\\/bucuresti\\\/wp-content\\\/uploads\\\/accidentpantelimon.png\",\"keywords\":[\"accident\",\"accident doi frati loviti parc pantelimon\",\"accident pantelimon\",\"accident parc pantelimon\",\"Accidentul din Pantelimon\"],\"articleSection\":[\"Articole\",\"\u0218tiri\"],\"inLanguage\":\"en-GB\",\"copyrightYear\":\"2024\",\"copyrightHolder\":{\"@id\":\"https:\\\/\\\/buletin.de\\\/bucuresti\\\/#organization\"}},{\"@type\":\"WebPage\",\"@id\":\"https:\\\/\\\/buletin.de\\\/bucuresti\\\/un-nou-video-cu-accidentul-din-pantelimon-tanarul-s-a-urcat-la-volan-cu-putin-timp-inainte-de-a-lovi-copiii\\\/\",\"url\":\"https:\\\/\\\/buletin.de\\\/bucuresti\\\/un-nou-video-cu-accidentul-din-pantelimon-tanarul-s-a-urcat-la-volan-cu-putin-timp-inainte-de-a-lovi-copiii\\\/\",\"name\":\"Un nou video cu accidentul din Pantelimon: t\u00e2n\u0103rul s-a urcat la volan cu pu\u021bin timp \u00eenainte de a lovi copiii - Buletin de Bucure\u0219ti\",\"isPartOf\":{\"@id\":\"https:\\\/\\\/buletin.de\\\/bucuresti\\\/#website\"},\"primaryImageOfPage\":{\"@id\":\"https:\\\/\\\/buletin.de\\\/bucuresti\\\/un-nou-video-cu-accidentul-din-pantelimon-tanarul-s-a-urcat-la-volan-cu-putin-timp-inainte-de-a-lovi-copiii\\\/#primaryimage\"},\"image\":{\"@id\":\"https:\\\/\\\/buletin.de\\\/bucuresti\\\/un-nou-video-cu-accidentul-din-pantelimon-tanarul-s-a-urcat-la-volan-cu-putin-timp-inainte-de-a-lovi-copiii\\\/#primaryimage\"},\"thumbnailUrl\":\"https:\\\/\\\/buletin.de\\\/bucuresti\\\/wp-content\\\/uploads\\\/accidentpantelimon.png\",\"datePublished\":\"2024-08-01T17:18:35+00:00\",\"dateModified\":\"2024-08-02T05:59:39+00:00\",\"description\":\"Un nou video cu accidentul din Pantelimon: dintr-o \u00eenregistrare ajuns\u0103 la poli\u021bi\u0219ti se vede c\u00e2nd t\u00e2n\u0103rul de 17 ani s-a urcat la volan.\",\"breadcrumb\":{\"@id\":\"https:\\\/\\\/buletin.de\\\/bucuresti\\\/un-nou-video-cu-accidentul-din-pantelimon-tanarul-s-a-urcat-la-volan-cu-putin-timp-inainte-de-a-lovi-copiii\\\/#breadcrumb\"},\"inLanguage\":\"en-GB\",\"potentialAction\":[{\"@type\":\"ReadAction\",\"target\":[\"https:\\\/\\\/buletin.de\\\/bucuresti\\\/un-nou-video-cu-accidentul-din-pantelimon-tanarul-s-a-urcat-la-volan-cu-putin-timp-inainte-de-a-lovi-copiii\\\/\"]}]},{\"@type\":\"ImageObject\",\"inLanguage\":\"en-GB\",\"@id\":\"https:\\\/\\\/buletin.de\\\/bucuresti\\\/un-nou-video-cu-accidentul-din-pantelimon-tanarul-s-a-urcat-la-volan-cu-putin-timp-inainte-de-a-lovi-copiii\\\/#primaryimage\",\"url\":\"https:\\\/\\\/buletin.de\\\/bucuresti\\\/wp-content\\\/uploads\\\/accidentpantelimon.png\",\"contentUrl\":\"https:\\\/\\\/buletin.de\\\/bucuresti\\\/wp-content\\\/uploads\\\/accidentpantelimon.png\",\"width\":948,\"height\":544,\"caption\":\"Un nou video cu accidentul din Pantelimon. Sursa: Digi24\"},{\"@type\":\"BreadcrumbList\",\"@id\":\"https:\\\/\\\/buletin.de\\\/bucuresti\\\/un-nou-video-cu-accidentul-din-pantelimon-tanarul-s-a-urcat-la-volan-cu-putin-timp-inainte-de-a-lovi-copiii\\\/#breadcrumb\",\"itemListElement\":[{\"@type\":\"ListItem\",\"position\":1,\"name\":\"Acas\u0103\",\"item\":\"https:\\\/\\\/buletin.de\\\/bucuresti\\\/\"},{\"@type\":\"ListItem\",\"position\":2,\"name\":\"Un nou video cu accidentul din Pantelimon: t\u00e2n\u0103rul s-a urcat la volan cu pu\u021bin timp \u00eenainte de a lovi copiii\"}]},{\"@type\":\"WebSite\",\"@id\":\"https:\\\/\\\/buletin.de\\\/bucuresti\\\/#website\",\"url\":\"https:\\\/\\\/buletin.de\\\/bucuresti\\\/\",\"name\":\"Buletin de Bucure\u0219ti\",\"description\":\"\u0218tiri \u0219i investiga\u021bii esen\u021biale din capital\u0103\",\"publisher\":{\"@id\":\"https:\\\/\\\/buletin.de\\\/bucuresti\\\/#organization\"},\"potentialAction\":[{\"@type\":\"SearchAction\",\"target\":{\"@type\":\"EntryPoint\",\"urlTemplate\":\"https:\\\/\\\/buletin.de\\\/bucuresti\\\/?s={search_term_string}\"},\"query-input\":{\"@type\":\"PropertyValueSpecification\",\"valueRequired\":true,\"valueName\":\"search_term_string\"}}],\"inLanguage\":\"en-GB\"},{\"@type\":\"Organization\",\"@id\":\"https:\\\/\\\/buletin.de\\\/bucuresti\\\/#organization\",\"name\":\"Buletin de Bucure\u0219ti\",\"url\":\"https:\\\/\\\/buletin.de\\\/bucuresti\\\/\",\"logo\":{\"@type\":\"ImageObject\",\"inLanguage\":\"en-GB\",\"@id\":\"https:\\\/\\\/buletin.de\\\/bucuresti\\\/#\\\/schema\\\/logo\\\/image\\\/\",\"url\":\"https:\\\/\\\/buletin.de\\\/bucuresti\\\/wp-content\\\/uploads\\\/logo-bdb-full-wide-vernil-transparent.png\",\"contentUrl\":\"https:\\\/\\\/buletin.de\\\/bucuresti\\\/wp-content\\\/uploads\\\/logo-bdb-full-wide-vernil-transparent.png\",\"width\":1782,\"height\":626,\"caption\":\"Buletin de Bucure\u0219ti\"},\"image\":{\"@id\":\"https:\\\/\\\/buletin.de\\\/bucuresti\\\/#\\\/schema\\\/logo\\\/image\\\/\"},\"sameAs\":[\"https:\\\/\\\/www.facebook.com\\\/buletin.de.buc\",\"https:\\\/\\\/www.instagram.com\\\/buletinde.bucuresti\\\/\"]},{\"@type\":\"Person\",\"@id\":\"https:\\\/\\\/buletin.de\\\/bucuresti\\\/#\\\/schema\\\/person\\\/2bbcf854e5f2419a13804af574d06ab1\",\"name\":\"Redac\u021bia Buletin de Bucure\u0219ti\",\"image\":{\"@type\":\"ImageObject\",\"inLanguage\":\"en-GB\",\"@id\":\"https:\\\/\\\/secure.gravatar.com\\\/avatar\\\/18c5342381ed1a08620e6280424e3e5efc958618f5d67c522c9e44c1bc6f9226?s=96&d=monsterid&r=g60c7cd0ad92c68c049fcd4bb3504d609\",\"url\":\"https:\\\/\\\/secure.gravatar.com\\\/avatar\\\/18c5342381ed1a08620e6280424e3e5efc958618f5d67c522c9e44c1bc6f9226?s=96&d=monsterid&r=g\",\"contentUrl\":\"https:\\\/\\\/secure.gravatar.com\\\/avatar\\\/18c5342381ed1a08620e6280424e3e5efc958618f5d67c522c9e44c1bc6f9226?s=96&d=monsterid&r=g\",\"caption\":\"Redac\u021bia Buletin de Bucure\u0219ti\"},\"description\":\"Buletin de Bucure\u0219ti exist\u0103 din vara anului 2019.\",\"url\":\"https:\\\/\\\/buletin.de\\\/bucuresti\\\/author\\\/adminbuletin\\\/\"}]}<\/script>\n<!-- \/ Yoast SEO Premium plugin. -->","yoast_head_json":{"title":"Un nou video cu accidentul din Pantelimon: t\u00e2n\u0103rul s-a urcat la volan cu pu\u021bin timp \u00eenainte de a lovi copiii - Buletin de Bucure\u0219ti","description":"Un nou video cu accidentul din Pantelimon: dintr-o \u00eenregistrare ajuns\u0103 la poli\u021bi\u0219ti se vede c\u00e2nd t\u00e2n\u0103rul de 17 ani s-a urcat la volan.","robots":{"index":"index","follow":"follow","max-snippet":"max-snippet:-1","max-image-preview":"max-image-preview:large","max-video-preview":"max-video-preview:-1"},"canonical":"https:\/\/buletin.de\/bucuresti\/un-nou-video-cu-accidentul-din-pantelimon-tanarul-s-a-urcat-la-volan-cu-putin-timp-inainte-de-a-lovi-copiii\/","og_locale":"en_GB","og_type":"article","og_title":"Un nou video cu accidentul din Pantelimon: t\u00e2n\u0103rul s-a urcat la volan cu pu\u021bin timp \u00eenainte de a lovi copiii","og_description":"Un nou video cu accidentul din Pantelimon: dintr-o \u00eenregistrare ajuns\u0103 la poli\u021bi\u0219ti se vede c\u00e2nd t\u00e2n\u0103rul de 17 ani s-a urcat la volan.","og_url":"https:\/\/buletin.de\/bucuresti\/un-nou-video-cu-accidentul-din-pantelimon-tanarul-s-a-urcat-la-volan-cu-putin-timp-inainte-de-a-lovi-copiii\/","og_site_name":"Buletin de Bucure\u0219ti","article_publisher":"https:\/\/www.facebook.com\/buletin.de.buc","article_published_time":"2024-08-01T17:18:35+00:00","article_modified_time":"2024-08-02T05:59:39+00:00","og_image":[{"width":948,"height":544,"url":"https:\/\/buletin.de\/bucuresti\/wp-content\/uploads\/accidentpantelimon.png","type":"image\/png"}],"author":"Redac\u021bia Buletin de Bucure\u0219ti","twitter_card":"summary_large_image","twitter_misc":{"Written by":"Redac\u021bia Buletin de Bucure\u0219ti","Estimated reading time":"3 minutes"},"schema":{"@context":"https:\/\/schema.org","@graph":[{"@type":"Article","@id":"https:\/\/buletin.de\/bucuresti\/un-nou-video-cu-accidentul-din-pantelimon-tanarul-s-a-urcat-la-volan-cu-putin-timp-inainte-de-a-lovi-copiii\/#article","isPartOf":{"@id":"https:\/\/buletin.de\/bucuresti\/un-nou-video-cu-accidentul-din-pantelimon-tanarul-s-a-urcat-la-volan-cu-putin-timp-inainte-de-a-lovi-copiii\/"},"author":{"name":"Redac\u021bia Buletin de Bucure\u0219ti","@id":"https:\/\/buletin.de\/bucuresti\/#\/schema\/person\/2bbcf854e5f2419a13804af574d06ab1"},"headline":"Un nou video cu accidentul din Pantelimon: t\u00e2n\u0103rul s-a urcat la volan cu pu\u021bin timp \u00eenainte de a lovi copiii","datePublished":"2024-08-01T17:18:35+00:00","dateModified":"2024-08-02T05:59:39+00:00","mainEntityOfPage":{"@id":"https:\/\/buletin.de\/bucuresti\/un-nou-video-cu-accidentul-din-pantelimon-tanarul-s-a-urcat-la-volan-cu-putin-timp-inainte-de-a-lovi-copiii\/"},"wordCount":570,"publisher":{"@id":"https:\/\/buletin.de\/bucuresti\/#organization"},"image":{"@id":"https:\/\/buletin.de\/bucuresti\/un-nou-video-cu-accidentul-din-pantelimon-tanarul-s-a-urcat-la-volan-cu-putin-timp-inainte-de-a-lovi-copiii\/#primaryimage"},"thumbnailUrl":"https:\/\/buletin.de\/bucuresti\/wp-content\/uploads\/accidentpantelimon.png","keywords":["accident","accident doi frati loviti parc pantelimon","accident pantelimon","accident parc pantelimon","Accidentul din Pantelimon"],"articleSection":["Articole","\u0218tiri"],"inLanguage":"en-GB","copyrightYear":"2024","copyrightHolder":{"@id":"https:\/\/buletin.de\/bucuresti\/#organization"}},{"@type":"WebPage","@id":"https:\/\/buletin.de\/bucuresti\/un-nou-video-cu-accidentul-din-pantelimon-tanarul-s-a-urcat-la-volan-cu-putin-timp-inainte-de-a-lovi-copiii\/","url":"https:\/\/buletin.de\/bucuresti\/un-nou-video-cu-accidentul-din-pantelimon-tanarul-s-a-urcat-la-volan-cu-putin-timp-inainte-de-a-lovi-copiii\/","name":"Un nou video cu accidentul din Pantelimon: t\u00e2n\u0103rul s-a urcat la volan cu pu\u021bin timp \u00eenainte de a lovi copiii - Buletin de Bucure\u0219ti","isPartOf":{"@id":"https:\/\/buletin.de\/bucuresti\/#website"},"primaryImageOfPage":{"@id":"https:\/\/buletin.de\/bucuresti\/un-nou-video-cu-accidentul-din-pantelimon-tanarul-s-a-urcat-la-volan-cu-putin-timp-inainte-de-a-lovi-copiii\/#primaryimage"},"image":{"@id":"https:\/\/buletin.de\/bucuresti\/un-nou-video-cu-accidentul-din-pantelimon-tanarul-s-a-urcat-la-volan-cu-putin-timp-inainte-de-a-lovi-copiii\/#primaryimage"},"thumbnailUrl":"https:\/\/buletin.de\/bucuresti\/wp-content\/uploads\/accidentpantelimon.png","datePublished":"2024-08-01T17:18:35+00:00","dateModified":"2024-08-02T05:59:39+00:00","description":"Un nou video cu accidentul din Pantelimon: dintr-o \u00eenregistrare ajuns\u0103 la poli\u021bi\u0219ti se vede c\u00e2nd t\u00e2n\u0103rul de 17 ani s-a urcat la volan.","breadcrumb":{"@id":"https:\/\/buletin.de\/bucuresti\/un-nou-video-cu-accidentul-din-pantelimon-tanarul-s-a-urcat-la-volan-cu-putin-timp-inainte-de-a-lovi-copiii\/#breadcrumb"},"inLanguage":"en-GB","potentialAction":[{"@type":"ReadAction","target":["https:\/\/buletin.de\/bucuresti\/un-nou-video-cu-accidentul-din-pantelimon-tanarul-s-a-urcat-la-volan-cu-putin-timp-inainte-de-a-lovi-copiii\/"]}]},{"@type":"ImageObject","inLanguage":"en-GB","@id":"https:\/\/buletin.de\/bucuresti\/un-nou-video-cu-accidentul-din-pantelimon-tanarul-s-a-urcat-la-volan-cu-putin-timp-inainte-de-a-lovi-copiii\/#primaryimage","url":"https:\/\/buletin.de\/bucuresti\/wp-content\/uploads\/accidentpantelimon.png","contentUrl":"https:\/\/buletin.de\/bucuresti\/wp-content\/uploads\/accidentpantelimon.png","width":948,"height":544,"caption":"Un nou video cu accidentul din Pantelimon. Sursa: Digi24"},{"@type":"BreadcrumbList","@id":"https:\/\/buletin.de\/bucuresti\/un-nou-video-cu-accidentul-din-pantelimon-tanarul-s-a-urcat-la-volan-cu-putin-timp-inainte-de-a-lovi-copiii\/#breadcrumb","itemListElement":[{"@type":"ListItem","position":1,"name":"Acas\u0103","item":"https:\/\/buletin.de\/bucuresti\/"},{"@type":"ListItem","position":2,"name":"Un nou video cu accidentul din Pantelimon: t\u00e2n\u0103rul s-a urcat la volan cu pu\u021bin timp \u00eenainte de a lovi copiii"}]},{"@type":"WebSite","@id":"https:\/\/buletin.de\/bucuresti\/#website","url":"https:\/\/buletin.de\/bucuresti\/","name":"Buletin de Bucure\u0219ti","description":"\u0218tiri \u0219i investiga\u021bii esen\u021biale din capital\u0103","publisher":{"@id":"https:\/\/buletin.de\/bucuresti\/#organization"},"potentialAction":[{"@type":"SearchAction","target":{"@type":"EntryPoint","urlTemplate":"https:\/\/buletin.de\/bucuresti\/?s={search_term_string}"},"query-input":{"@type":"PropertyValueSpecification","valueRequired":true,"valueName":"search_term_string"}}],"inLanguage":"en-GB"},{"@type":"Organization","@id":"https:\/\/buletin.de\/bucuresti\/#organization","name":"Buletin de Bucure\u0219ti","url":"https:\/\/buletin.de\/bucuresti\/","logo":{"@type":"ImageObject","inLanguage":"en-GB","@id":"https:\/\/buletin.de\/bucuresti\/#\/schema\/logo\/image\/","url":"https:\/\/buletin.de\/bucuresti\/wp-content\/uploads\/logo-bdb-full-wide-vernil-transparent.png","contentUrl":"https:\/\/buletin.de\/bucuresti\/wp-content\/uploads\/logo-bdb-full-wide-vernil-transparent.png","width":1782,"height":626,"caption":"Buletin de Bucure\u0219ti"},"image":{"@id":"https:\/\/buletin.de\/bucuresti\/#\/schema\/logo\/image\/"},"sameAs":["https:\/\/www.facebook.com\/buletin.de.buc","https:\/\/www.instagram.com\/buletinde.bucuresti\/"]},{"@type":"Person","@id":"https:\/\/buletin.de\/bucuresti\/#\/schema\/person\/2bbcf854e5f2419a13804af574d06ab1","name":"Redac\u021bia Buletin de Bucure\u0219ti","image":{"@type":"ImageObject","inLanguage":"en-GB","@id":"https:\/\/secure.gravatar.com\/avatar\/18c5342381ed1a08620e6280424e3e5efc958618f5d67c522c9e44c1bc6f9226?s=96&d=monsterid&r=g60c7cd0ad92c68c049fcd4bb3504d609","url":"https:\/\/secure.gravatar.com\/avatar\/18c5342381ed1a08620e6280424e3e5efc958618f5d67c522c9e44c1bc6f9226?s=96&d=monsterid&r=g","contentUrl":"https:\/\/secure.gravatar.com\/avatar\/18c5342381ed1a08620e6280424e3e5efc958618f5d67c522c9e44c1bc6f9226?s=96&d=monsterid&r=g","caption":"Redac\u021bia Buletin de Bucure\u0219ti"},"description":"Buletin de Bucure\u0219ti exist\u0103 din vara anului 2019.","url":"https:\/\/buletin.de\/bucuresti\/author\/adminbuletin\/"}]}},"authors":[{"term_id":22583,"user_id":1,"is_guest":0,"slug":"adminbuletin","display_name":"Redac\u021bia Buletin de Bucure\u0219ti","avatar_url":"https:\/\/secure.gravatar.com\/avatar\/18c5342381ed1a08620e6280424e3e5efc958618f5d67c522c9e44c1bc6f9226?s=96&d=monsterid&r=g","0":null,"1":"","2":"","3":"","4":"","5":"","6":"","7":"","8":""}],"_links":{"self":[{"href":"https:\/\/buletin.de\/bucuresti\/wp-json\/wp\/v2\/posts\/93185","targetHints":{"allow":["GET"]}}],"collection":[{"href":"https:\/\/buletin.de\/bucuresti\/wp-json\/wp\/v2\/posts"}],"about":[{"href":"https:\/\/buletin.de\/bucuresti\/wp-json\/wp\/v2\/types\/post"}],"author":[{"embeddable":true,"href":"https:\/\/buletin.de\/bucuresti\/wp-json\/wp\/v2\/users\/1"}],"replies":[{"embeddable":true,"href":"https:\/\/buletin.de\/bucuresti\/wp-json\/wp\/v2\/comments?post=93185"}],"version-history":[{"count":2,"href":"https:\/\/buletin.de\/bucuresti\/wp-json\/wp\/v2\/posts\/93185\/revisions"}],"predecessor-version":[{"id":93193,"href":"https:\/\/buletin.de\/bucuresti\/wp-json\/wp\/v2\/posts\/93185\/revisions\/93193"}],"wp:featuredmedia":[{"embeddable":true,"href":"https:\/\/buletin.de\/bucuresti\/wp-json\/wp\/v2\/media\/93189"}],"wp:attachment":[{"href":"https:\/\/buletin.de\/bucuresti\/wp-json\/wp\/v2\/media?parent=93185"}],"wp:term":[{"taxonomy":"category","embeddable":true,"href":"https:\/\/buletin.de\/bucuresti\/wp-json\/wp\/v2\/categories?post=93185"},{"taxonomy":"post_tag","embeddable":true,"href":"https:\/\/buletin.de\/bucuresti\/wp-json\/wp\/v2\/tags?post=93185"},{"taxonomy":"author","embeddable":true,"href":"https:\/\/buletin.de\/bucuresti\/wp-json\/wp\/v2\/ppma_author?post=93185"}],"curies":[{"name":"wp","href":"https:\/\/api.w.org\/{rel}","templated":true}]}}