{"id":9317,"date":"2020-07-17T16:55:59","date_gmt":"2020-07-17T13:55:59","guid":{"rendered":"https:\/\/buletin.de\/bucuresti\/?p=9317"},"modified":"2020-08-10T11:45:51","modified_gmt":"2020-08-10T08:45:51","slug":"intarzierile-din-prelungirea-ghencea-i-dupa-patru-ani-si-12-proteste-ale-locuitorilor-din-zona-lucrarile-sunt-undeva-sub-8","status":"publish","type":"post","link":"https:\/\/buletin.de\/bucuresti\/intarzierile-din-prelungirea-ghencea-i-dupa-patru-ani-si-12-proteste-ale-locuitorilor-din-zona-lucrarile-sunt-undeva-sub-8\/","title":{"rendered":"\u00cent\u00e2rzierile din Prelungirea Ghencea (I) | Dup\u0103 patru ani \u0219i 12 proteste ale locuitorilor din zon\u0103, \u201clucr\u0103rile sunt undeva sub 8%\u201d"},"content":{"rendered":"\n<p><strong>Proiectul \u201ePenetra\u021bie Prelungire Ghencea &#8211; Domne\u0219ti \u0219i Supral\u0103rgire Bulevardul Ghencea\u201d a fost una dintre cele mai sonore promisiuni, ale campaniei electorale din 2016, f\u0103cut\u0103 locuitorilor din Sectorul 6. Dup\u0103 patru ani \u00eens\u0103 \u0219antierul presupune lucr\u0103ri efective pe mai pu\u021bin de un kilometru din cei aproape \u0219apte c\u00e2t trebuie moderniza\u021bi \u00een timp ce exproprierile \u00eenc\u0103 nu sunt gata.&nbsp;<\/strong><\/p>\n\n\n\n<p>Bulevardul Prelungirea Ghencea ar urma s\u0103 fie l\u0103rgit pe \u00eentreaga distan\u021b\u0103 la dou\u0103 benzi pe sens \u0219i trei benzi \u00een zona intersec\u021biilor, s-ar introduce semaforizarea tronsonului \u0219i s-ar realiza \u0219i o cale dubl\u0103 de tramvai \u00eentre Strada Bra\u0219ov \u0219i Centura Bucure\u0219ti, potrivit proiectului.<\/p>\n\n\n\n<figure class=\"wp-block-image size-large\"><img decoding=\"async\" src=\"data:image\/gif;base64,R0lGODlhAQABAAAAACH5BAEKAAEALAAAAAABAAEAAAICTAEAOw==\" data-src=\"https:\/\/buletin.de\/bucuresti\/wp-content\/uploads\/prelungirea-ghencea-1-900x509.jpg\" alt=\"\" class=\"wp-image-9318 lazyload\"\/><figcaption>Cum ar trebui s\u0103 arate Bulevardul prelungirea Ghencea. (Surs\u0103 foto: Prim\u0103ria General\u0103)<\/figcaption><\/figure>\n\n\n\n<p>De asemenea, \u00een plan este trecut\u0103 \u0219i modernizarea \u0219i repozi\u021bionarea c\u0103ii de rulare dintre Strada Bra\u0219ov \u0219i Terminalul Ghencea.&nbsp;<\/p>\n\n\n\n<p>Potrivit proiectului, tronsonul are prev\u0103zute \u0219i piste pentru biciclete, realizate at\u00e2t pe \u0219osea c\u00e2t \u0219i pe trotuare.&nbsp;<\/p>\n\n\n\n<figure class=\"wp-block-gallery columns-3 is-cropped wp-block-gallery-1 is-layout-flex wp-block-gallery-is-layout-flex\"><ul class=\"blocks-gallery-grid\"><li class=\"blocks-gallery-item\"><figure><img fetchpriority=\"high\" decoding=\"async\" width=\"360\" height=\"480\" src=\"data:image\/gif;base64,R0lGODlhAQABAAAAACH5BAEKAAEALAAAAAABAAEAAAICTAEAOw==\" data-src=\"https:\/\/buletin.de\/bucuresti\/wp-content\/uploads\/Lucr\u0103ri-15-iulie-1-1.jpeg\" alt=\"\" data-id=\"9322\" data-full-url=\"https:\/\/buletin.de\/bucuresti\/wp-content\/uploads\/Lucr\u0103ri-15-iulie-1-1.jpeg\" data-link=\"https:\/\/buletin.de\/bucuresti\/?attachment_id=9322\" class=\"wp-image-9322 lazyload\" data-sizes=\"auto\" data-srcset=\"https:\/\/buletin.de\/bucuresti\/wp-content\/uploads\/Lucr\u0103ri-15-iulie-1-1.jpeg 360w, https:\/\/buletin.de\/bucuresti\/wp-content\/uploads\/Lucr\u0103ri-15-iulie-1-1-225x300.jpeg 225w\" sizes=\"(max-width: 360px) 100vw, 360px\" \/><\/figure><\/li><li class=\"blocks-gallery-item\"><figure><img decoding=\"async\" width=\"360\" height=\"480\" src=\"data:image\/gif;base64,R0lGODlhAQABAAAAACH5BAEKAAEALAAAAAABAAEAAAICTAEAOw==\" data-src=\"https:\/\/buletin.de\/bucuresti\/wp-content\/uploads\/Lucr\u0103ri-15-iulie-3.jpeg\" alt=\"\" data-id=\"9323\" data-full-url=\"https:\/\/buletin.de\/bucuresti\/wp-content\/uploads\/Lucr\u0103ri-15-iulie-3.jpeg\" data-link=\"https:\/\/buletin.de\/bucuresti\/?attachment_id=9323\" class=\"wp-image-9323 lazyload\" data-sizes=\"auto\" data-srcset=\"https:\/\/buletin.de\/bucuresti\/wp-content\/uploads\/Lucr\u0103ri-15-iulie-3.jpeg 360w, https:\/\/buletin.de\/bucuresti\/wp-content\/uploads\/Lucr\u0103ri-15-iulie-3-225x300.jpeg 225w\" sizes=\"(max-width: 360px) 100vw, 360px\" \/><\/figure><\/li><li class=\"blocks-gallery-item\"><figure><img decoding=\"async\" width=\"360\" height=\"480\" src=\"data:image\/gif;base64,R0lGODlhAQABAAAAACH5BAEKAAEALAAAAAABAAEAAAICTAEAOw==\" data-src=\"https:\/\/buletin.de\/bucuresti\/wp-content\/uploads\/Lucr\u0103ri-15-iulie-2-1.jpeg\" alt=\"\" data-id=\"9324\" data-full-url=\"https:\/\/buletin.de\/bucuresti\/wp-content\/uploads\/Lucr\u0103ri-15-iulie-2-1.jpeg\" data-link=\"https:\/\/buletin.de\/bucuresti\/?attachment_id=9324\" class=\"wp-image-9324 lazyload\" data-sizes=\"auto\" data-srcset=\"https:\/\/buletin.de\/bucuresti\/wp-content\/uploads\/Lucr\u0103ri-15-iulie-2-1.jpeg 360w, https:\/\/buletin.de\/bucuresti\/wp-content\/uploads\/Lucr\u0103ri-15-iulie-2-1-225x300.jpeg 225w\" sizes=\"(max-width: 360px) 100vw, 360px\" \/><\/figure><\/li><\/ul><figcaption class=\"blocks-gallery-caption\">Stadiul lucr\u0103rilor pe por\u021biunea dintre strada Bra\u0219ov \u0219i R\u00e2ul Doamnei, la  15 iulie 2020. (Surs\u0103 foto: Asocia\u021bia Ini\u021biativa Prelungirea Ghencea) <\/figcaption><\/figure>\n\n\n\n<h2 class=\"wp-block-heading\"><strong>Drumul exproprierilor<\/strong><\/h2>\n\n\n\n<p>De\u0219i proiectul este promis din vara anului 2016, lucr\u0103rile au \u00eenceput trei ani mai t\u00e2rziu, pe 16 septembrie 2019, dup\u0103 semnarea ordinului de \u00eencepere a demol\u0103rilor.<\/p>\n\n\n\n<p>La mai bine de 10 luni de la acest moment, doar pe por\u021biunea dintre strada Bra\u0219ov \u0219i R\u00e2ul Doamnei, pe o distan\u021b\u0103 de maximum un kilometru, se lucreaz\u0103 efectiv.<\/p>\n\n\n\n<figure class=\"wp-block-image size-large\"><img loading=\"lazy\" decoding=\"async\" width=\"695\" height=\"900\" src=\"data:image\/gif;base64,R0lGODlhAQABAAAAACH5BAEKAAEALAAAAAABAAEAAAICTAEAOw==\" data-src=\"https:\/\/buletin.de\/bucuresti\/wp-content\/uploads\/Ordin-\u00cencepere-construc\u021bii-695x900.jpg\" alt=\"\" class=\"wp-image-9325 lazyload\" data-sizes=\"auto\" data-srcset=\"https:\/\/buletin.de\/bucuresti\/wp-content\/uploads\/Ordin-\u00cencepere-construc\u021bii-695x900.jpg 695w, https:\/\/buletin.de\/bucuresti\/wp-content\/uploads\/Ordin-\u00cencepere-construc\u021bii-600x776.jpg 600w, https:\/\/buletin.de\/bucuresti\/wp-content\/uploads\/Ordin-\u00cencepere-construc\u021bii-232x300.jpg 232w, https:\/\/buletin.de\/bucuresti\/wp-content\/uploads\/Ordin-\u00cencepere-construc\u021bii-768x994.jpg 768w, https:\/\/buletin.de\/bucuresti\/wp-content\/uploads\/Ordin-\u00cencepere-construc\u021bii-1187x1536.jpg 1187w, https:\/\/buletin.de\/bucuresti\/wp-content\/uploads\/Ordin-\u00cencepere-construc\u021bii-1583x2048.jpg 1583w, https:\/\/buletin.de\/bucuresti\/wp-content\/uploads\/Ordin-\u00cencepere-construc\u021bii-1060x1372.jpg 1060w, https:\/\/buletin.de\/bucuresti\/wp-content\/uploads\/Ordin-\u00cencepere-construc\u021bii-550x712.jpg 550w, https:\/\/buletin.de\/bucuresti\/wp-content\/uploads\/Ordin-\u00cencepere-construc\u021bii-386x500.jpg 386w, https:\/\/buletin.de\/bucuresti\/wp-content\/uploads\/Ordin-\u00cencepere-construc\u021bii-835x1080.jpg 835w, https:\/\/buletin.de\/bucuresti\/wp-content\/uploads\/Ordin-\u00cencepere-construc\u021bii.jpg 1700w\" sizes=\"(max-width: 695px) 100vw, 695px\" \/><figcaption>Ordinul de \u00eencepere a lucr\u0103rilor a fost dat pe 12 noiembrie 2019.<\/figcaption><\/figure>\n\n\n\n<p>Pentru restul tronsonului, \u00eentre R\u00e2ul Doamnei \u0219i strada Valea Oltului, \u00eenc\u0103 nu au fost emise \u00een\u0219tiin\u021b\u0103rile de expropriere celor din zon\u0103, explic\u0103 pentru Buletin de Bucure\u0219ti, Delia Mihalache, reprezentanta Asocia\u021biei Ini\u021biativa Ghencea.<\/p>\n\n\n\n<blockquote class=\"wp-block-quote is-layout-flow wp-block-quote-is-layout-flow\"><p><em>\u201eNoi am f\u0103cut asocia\u021bia pentru a pune presiune pe autorit\u0103\u021bi s\u0103-\u0219i \u00eendeplineasc\u0103 promisiunile legate de proiectul din Prelungirea Ghencea. Suntem nemul\u021bumi\u021bi pentru c\u0103 nu se lucreaz\u0103 \u00een fiecare zi \u0219i este mult\u0103 lips\u0103 de transparen\u021b\u0103. Am ajuns cu prim\u0103ria \u00een instan\u021b\u0103 pentru c\u0103 au refuzat s\u0103 ne dea contractul dintre prim\u0103rie \u0219i firma care se ocup\u0103 de proiect. <\/em><strong><em>La aceast\u0103 or\u0103, consider\u0103m c\u0103 lucr\u0103rile sunt undeva sub 8%<\/em><\/strong><em>\u201d, <\/em>spune Delia Mihalache.<\/p><\/blockquote>\n\n\n\n<figure class=\"wp-block-image size-large\"><img loading=\"lazy\" decoding=\"async\" width=\"900\" height=\"509\" src=\"data:image\/gif;base64,R0lGODlhAQABAAAAACH5BAEKAAEALAAAAAABAAEAAAICTAEAOw==\" data-src=\"https:\/\/buletin.de\/bucuresti\/wp-content\/uploads\/Protest-1-900x509.jpg\" alt=\"\" class=\"wp-image-9326 lazyload\" data-sizes=\"auto\" data-srcset=\"https:\/\/buletin.de\/bucuresti\/wp-content\/uploads\/Protest-1-900x509.jpg 900w, https:\/\/buletin.de\/bucuresti\/wp-content\/uploads\/Protest-1-scaled-600x339.jpg 600w, https:\/\/buletin.de\/bucuresti\/wp-content\/uploads\/Protest-1-300x170.jpg 300w, https:\/\/buletin.de\/bucuresti\/wp-content\/uploads\/Protest-1-768x434.jpg 768w, https:\/\/buletin.de\/bucuresti\/wp-content\/uploads\/Protest-1-1536x869.jpg 1536w, https:\/\/buletin.de\/bucuresti\/wp-content\/uploads\/Protest-1-2048x1158.jpg 2048w, https:\/\/buletin.de\/bucuresti\/wp-content\/uploads\/Protest-1-1060x599.jpg 1060w, https:\/\/buletin.de\/bucuresti\/wp-content\/uploads\/Protest-1-550x311.jpg 550w, https:\/\/buletin.de\/bucuresti\/wp-content\/uploads\/Protest-1-884x500.jpg 884w, https:\/\/buletin.de\/bucuresti\/wp-content\/uploads\/Protest-1-1920x1086.jpg 1920w, https:\/\/buletin.de\/bucuresti\/wp-content\/uploads\/Protest-1-1910x1080.jpg 1910w\" sizes=\"(max-width: 900px) 100vw, 900px\" \/><figcaption>Cet\u0103\u021benii din zon\u0103 au protestat \u00een repetate r\u00e2nduri cu privire la \u00eent\u00e2rzierile proiectului. (Surs\u0103 foto: Asocia\u021bia Prelungirea Ghencea)<\/figcaption><\/figure>\n\n\n\n<p>Asocia\u021bia Ini\u021biativa Prelungirea Ghencea a organizat p\u00e2n\u0103 \u00een prezent 12 proteste pentru a transmite autorit\u0103\u021bilor nemul\u021bumirile legate de modul \u00een care gestioneaz\u0103 proiectul de modernizare.<\/p>\n\n\n\n<p>Potrivit termenului actual de finalizare, lucr\u0103rile ar trebui sa fie gata peste doi ani, dac\u0103 ar fi s\u0103 ne raport\u0103m la momentul \u00een care au \u00eenceput demol\u0103rile \u0219i&nbsp;construc\u021bia propriu-zis\u0103, adic\u0103 septembrie, respectiv noiembrie 2021.<\/p>\n\n\n\n<p>Reporter: Florin R\u00e2\u0219teiu<\/p>\n\n\n\n<p>Surs\u0103 cover: Asocia\u021bia Ini\u021biativa Prelungirea Ghencea<br><\/p>\n","protected":false},"excerpt":{"rendered":"<p>Proiectul \u201ePenetra\u021bie Prelungire Ghencea &#8211; Domne\u0219ti \u0219i Supral\u0103rgire Bulevardul Ghencea\u201d a fost una dintre cele mai sonore promisiuni, ale campaniei electorale din 2016, f\u0103cut\u0103 locuitorilor din Sectorul 6. Dup\u0103 patru ani \u00eens\u0103 \u0219antierul presupune lucr\u0103ri efective pe mai pu\u021bin de un kilometru din cei aproape \u0219apte c\u00e2t trebuie moderniza\u021bi \u00een timp ce exproprierile \u00eenc\u0103 nu [&hellip;]<\/p>\n","protected":false},"author":17,"featured_media":9327,"comment_status":"closed","ping_status":"open","sticky":false,"template":"","format":"standard","meta":{"_acf_changed":false,"inline_featured_image":false,"ngg_post_thumbnail":0,"footnotes":""},"categories":[650],"tags":[439,1345,1348,1347],"ppma_author":[22576],"class_list":["post-9317","post","type-post","status-publish","format-standard","has-post-thumbnail","hentry","category-transport","tag-lucrari","tag-prelungirea-ghencea","tag-proteste","tag-termen-finalizare"],"acf":[],"yoast_head":"<!-- This site is optimized with the Yoast SEO Premium plugin v25.3 (Yoast SEO v27.5) - https:\/\/yoast.com\/product\/yoast-seo-premium-wordpress\/ -->\n<title>\u00cent\u00e2rzierile din Prelungirea Ghencea (I) | Dup\u0103 patru ani \u0219i 12 proteste ale locuitorilor din zon\u0103, \u201clucr\u0103rile sunt undeva sub 8%\u201d - Buletin de Bucure\u0219ti<\/title>\n<meta name=\"robots\" content=\"index, follow, max-snippet:-1, max-image-preview:large, max-video-preview:-1\" \/>\n<link rel=\"canonical\" href=\"https:\/\/buletin.de\/bucuresti\/intarzierile-din-prelungirea-ghencea-i-dupa-patru-ani-si-12-proteste-ale-locuitorilor-din-zona-lucrarile-sunt-undeva-sub-8\/\" \/>\n<meta property=\"og:locale\" content=\"en_GB\" \/>\n<meta property=\"og:type\" content=\"article\" \/>\n<meta property=\"og:title\" content=\"\u00cent\u00e2rzierile din Prelungirea Ghencea (I) | Dup\u0103 patru ani \u0219i 12 proteste ale locuitorilor din zon\u0103, \u201clucr\u0103rile sunt undeva sub 8%\u201d\" \/>\n<meta property=\"og:description\" content=\"Proiectul \u201ePenetra\u021bie Prelungire Ghencea &#8211; Domne\u0219ti \u0219i Supral\u0103rgire Bulevardul Ghencea\u201d a fost una dintre cele mai sonore promisiuni, ale campaniei electorale din 2016, f\u0103cut\u0103 locuitorilor din Sectorul 6. Dup\u0103 patru ani \u00eens\u0103 \u0219antierul presupune lucr\u0103ri efective pe mai pu\u021bin de un kilometru din cei aproape \u0219apte c\u00e2t trebuie moderniza\u021bi \u00een timp ce exproprierile \u00eenc\u0103 nu [&hellip;]\" \/>\n<meta property=\"og:url\" content=\"https:\/\/buletin.de\/bucuresti\/intarzierile-din-prelungirea-ghencea-i-dupa-patru-ani-si-12-proteste-ale-locuitorilor-din-zona-lucrarile-sunt-undeva-sub-8\/\" \/>\n<meta property=\"og:site_name\" content=\"Buletin de Bucure\u0219ti\" \/>\n<meta property=\"article:publisher\" content=\"https:\/\/www.facebook.com\/buletin.de.buc\" \/>\n<meta property=\"article:published_time\" content=\"2020-07-17T13:55:59+00:00\" \/>\n<meta property=\"article:modified_time\" content=\"2020-08-10T08:45:51+00:00\" \/>\n<meta property=\"og:image\" content=\"https:\/\/buletin.de\/bucuresti\/wp-content\/uploads\/Protest-2.jpg\" \/>\n\t<meta property=\"og:image:width\" content=\"670\" \/>\n\t<meta property=\"og:image:height\" content=\"530\" \/>\n\t<meta property=\"og:image:type\" content=\"image\/jpeg\" \/>\n<meta name=\"author\" content=\"Florin R\u00e2\u0219teiu\" \/>\n<meta name=\"twitter:card\" content=\"summary_large_image\" \/>\n<meta name=\"twitter:label1\" content=\"Written by\" \/>\n\t<meta name=\"twitter:data1\" content=\"Florin R\u00e2\u0219teiu\" \/>\n\t<meta name=\"twitter:label2\" content=\"Estimated reading time\" \/>\n\t<meta name=\"twitter:data2\" content=\"2 minutes\" \/>\n<script type=\"application\/ld+json\" class=\"yoast-schema-graph\">{\"@context\":\"https:\\\/\\\/schema.org\",\"@graph\":[{\"@type\":\"Article\",\"@id\":\"https:\\\/\\\/buletin.de\\\/bucuresti\\\/intarzierile-din-prelungirea-ghencea-i-dupa-patru-ani-si-12-proteste-ale-locuitorilor-din-zona-lucrarile-sunt-undeva-sub-8\\\/#article\",\"isPartOf\":{\"@id\":\"https:\\\/\\\/buletin.de\\\/bucuresti\\\/intarzierile-din-prelungirea-ghencea-i-dupa-patru-ani-si-12-proteste-ale-locuitorilor-din-zona-lucrarile-sunt-undeva-sub-8\\\/\"},\"author\":{\"name\":\"Florin R\u00e2\u0219teiu\",\"@id\":\"https:\\\/\\\/buletin.de\\\/bucuresti\\\/#\\\/schema\\\/person\\\/b0686d7a8b666c6afc78239777fd8a89\"},\"headline\":\"\u00cent\u00e2rzierile din Prelungirea Ghencea (I) | Dup\u0103 patru ani \u0219i 12 proteste ale locuitorilor din zon\u0103, \u201clucr\u0103rile sunt undeva sub 8%\u201d\",\"datePublished\":\"2020-07-17T13:55:59+00:00\",\"dateModified\":\"2020-08-10T08:45:51+00:00\",\"mainEntityOfPage\":{\"@id\":\"https:\\\/\\\/buletin.de\\\/bucuresti\\\/intarzierile-din-prelungirea-ghencea-i-dupa-patru-ani-si-12-proteste-ale-locuitorilor-din-zona-lucrarile-sunt-undeva-sub-8\\\/\"},\"wordCount\":504,\"publisher\":{\"@id\":\"https:\\\/\\\/buletin.de\\\/bucuresti\\\/#organization\"},\"image\":{\"@id\":\"https:\\\/\\\/buletin.de\\\/bucuresti\\\/intarzierile-din-prelungirea-ghencea-i-dupa-patru-ani-si-12-proteste-ale-locuitorilor-din-zona-lucrarile-sunt-undeva-sub-8\\\/#primaryimage\"},\"thumbnailUrl\":\"https:\\\/\\\/buletin.de\\\/bucuresti\\\/wp-content\\\/uploads\\\/Protest-2.jpg\",\"keywords\":[\"lucrari\",\"prelungirea ghencea\",\"proteste\",\"termen finalizare\"],\"articleSection\":[\"Transport\"],\"inLanguage\":\"en-GB\",\"copyrightYear\":\"2020\",\"copyrightHolder\":{\"@id\":\"https:\\\/\\\/buletin.de\\\/bucuresti\\\/#organization\"}},{\"@type\":\"WebPage\",\"@id\":\"https:\\\/\\\/buletin.de\\\/bucuresti\\\/intarzierile-din-prelungirea-ghencea-i-dupa-patru-ani-si-12-proteste-ale-locuitorilor-din-zona-lucrarile-sunt-undeva-sub-8\\\/\",\"url\":\"https:\\\/\\\/buletin.de\\\/bucuresti\\\/intarzierile-din-prelungirea-ghencea-i-dupa-patru-ani-si-12-proteste-ale-locuitorilor-din-zona-lucrarile-sunt-undeva-sub-8\\\/\",\"name\":\"\u00cent\u00e2rzierile din Prelungirea Ghencea (I) | Dup\u0103 patru ani \u0219i 12 proteste ale locuitorilor din zon\u0103, \u201clucr\u0103rile sunt undeva sub 8%\u201d - Buletin de Bucure\u0219ti\",\"isPartOf\":{\"@id\":\"https:\\\/\\\/buletin.de\\\/bucuresti\\\/#website\"},\"primaryImageOfPage\":{\"@id\":\"https:\\\/\\\/buletin.de\\\/bucuresti\\\/intarzierile-din-prelungirea-ghencea-i-dupa-patru-ani-si-12-proteste-ale-locuitorilor-din-zona-lucrarile-sunt-undeva-sub-8\\\/#primaryimage\"},\"image\":{\"@id\":\"https:\\\/\\\/buletin.de\\\/bucuresti\\\/intarzierile-din-prelungirea-ghencea-i-dupa-patru-ani-si-12-proteste-ale-locuitorilor-din-zona-lucrarile-sunt-undeva-sub-8\\\/#primaryimage\"},\"thumbnailUrl\":\"https:\\\/\\\/buletin.de\\\/bucuresti\\\/wp-content\\\/uploads\\\/Protest-2.jpg\",\"datePublished\":\"2020-07-17T13:55:59+00:00\",\"dateModified\":\"2020-08-10T08:45:51+00:00\",\"breadcrumb\":{\"@id\":\"https:\\\/\\\/buletin.de\\\/bucuresti\\\/intarzierile-din-prelungirea-ghencea-i-dupa-patru-ani-si-12-proteste-ale-locuitorilor-din-zona-lucrarile-sunt-undeva-sub-8\\\/#breadcrumb\"},\"inLanguage\":\"en-GB\",\"potentialAction\":[{\"@type\":\"ReadAction\",\"target\":[\"https:\\\/\\\/buletin.de\\\/bucuresti\\\/intarzierile-din-prelungirea-ghencea-i-dupa-patru-ani-si-12-proteste-ale-locuitorilor-din-zona-lucrarile-sunt-undeva-sub-8\\\/\"]}]},{\"@type\":\"ImageObject\",\"inLanguage\":\"en-GB\",\"@id\":\"https:\\\/\\\/buletin.de\\\/bucuresti\\\/intarzierile-din-prelungirea-ghencea-i-dupa-patru-ani-si-12-proteste-ale-locuitorilor-din-zona-lucrarile-sunt-undeva-sub-8\\\/#primaryimage\",\"url\":\"https:\\\/\\\/buletin.de\\\/bucuresti\\\/wp-content\\\/uploads\\\/Protest-2.jpg\",\"contentUrl\":\"https:\\\/\\\/buletin.de\\\/bucuresti\\\/wp-content\\\/uploads\\\/Protest-2.jpg\",\"width\":670,\"height\":530},{\"@type\":\"BreadcrumbList\",\"@id\":\"https:\\\/\\\/buletin.de\\\/bucuresti\\\/intarzierile-din-prelungirea-ghencea-i-dupa-patru-ani-si-12-proteste-ale-locuitorilor-din-zona-lucrarile-sunt-undeva-sub-8\\\/#breadcrumb\",\"itemListElement\":[{\"@type\":\"ListItem\",\"position\":1,\"name\":\"Acas\u0103\",\"item\":\"https:\\\/\\\/buletin.de\\\/bucuresti\\\/\"},{\"@type\":\"ListItem\",\"position\":2,\"name\":\"\u00cent\u00e2rzierile din Prelungirea Ghencea (I) | Dup\u0103 patru ani \u0219i 12 proteste ale locuitorilor din zon\u0103, \u201clucr\u0103rile sunt undeva sub 8%\u201d\"}]},{\"@type\":\"WebSite\",\"@id\":\"https:\\\/\\\/buletin.de\\\/bucuresti\\\/#website\",\"url\":\"https:\\\/\\\/buletin.de\\\/bucuresti\\\/\",\"name\":\"Buletin de Bucure\u0219ti\",\"description\":\"\u0218tiri \u0219i investiga\u021bii esen\u021biale din capital\u0103\",\"publisher\":{\"@id\":\"https:\\\/\\\/buletin.de\\\/bucuresti\\\/#organization\"},\"potentialAction\":[{\"@type\":\"SearchAction\",\"target\":{\"@type\":\"EntryPoint\",\"urlTemplate\":\"https:\\\/\\\/buletin.de\\\/bucuresti\\\/?s={search_term_string}\"},\"query-input\":{\"@type\":\"PropertyValueSpecification\",\"valueRequired\":true,\"valueName\":\"search_term_string\"}}],\"inLanguage\":\"en-GB\"},{\"@type\":\"Organization\",\"@id\":\"https:\\\/\\\/buletin.de\\\/bucuresti\\\/#organization\",\"name\":\"Buletin de Bucure\u0219ti\",\"url\":\"https:\\\/\\\/buletin.de\\\/bucuresti\\\/\",\"logo\":{\"@type\":\"ImageObject\",\"inLanguage\":\"en-GB\",\"@id\":\"https:\\\/\\\/buletin.de\\\/bucuresti\\\/#\\\/schema\\\/logo\\\/image\\\/\",\"url\":\"https:\\\/\\\/buletin.de\\\/bucuresti\\\/wp-content\\\/uploads\\\/logo-bdb-full-wide-vernil-transparent.png\",\"contentUrl\":\"https:\\\/\\\/buletin.de\\\/bucuresti\\\/wp-content\\\/uploads\\\/logo-bdb-full-wide-vernil-transparent.png\",\"width\":1782,\"height\":626,\"caption\":\"Buletin de Bucure\u0219ti\"},\"image\":{\"@id\":\"https:\\\/\\\/buletin.de\\\/bucuresti\\\/#\\\/schema\\\/logo\\\/image\\\/\"},\"sameAs\":[\"https:\\\/\\\/www.facebook.com\\\/buletin.de.buc\",\"https:\\\/\\\/www.instagram.com\\\/buletinde.bucuresti\\\/\"]},{\"@type\":\"Person\",\"@id\":\"https:\\\/\\\/buletin.de\\\/bucuresti\\\/#\\\/schema\\\/person\\\/b0686d7a8b666c6afc78239777fd8a89\",\"name\":\"Florin R\u00e2\u0219teiu\",\"image\":{\"@type\":\"ImageObject\",\"inLanguage\":\"en-GB\",\"@id\":\"https:\\\/\\\/buletin.de\\\/bucuresti\\\/wp-content\\\/uploads\\\/Florin-Rasteiu-96x96.jpgf0a6fe28453aa12f0a60e4d0a2e3a78c\",\"url\":\"https:\\\/\\\/buletin.de\\\/bucuresti\\\/wp-content\\\/uploads\\\/Florin-Rasteiu-96x96.jpg\",\"contentUrl\":\"https:\\\/\\\/buletin.de\\\/bucuresti\\\/wp-content\\\/uploads\\\/Florin-Rasteiu-96x96.jpg\",\"caption\":\"Florin R\u00e2\u0219teiu\"},\"description\":\"Jurnalist de investiga\u021bie. Lucreaz\u0103 de aproape 6 ani la Buletin de Bucure\u0219ti, unde a publicat articole care scot la suprafa\u021b\u0103 corup\u021bia din Capital\u0103. Analizeaz\u0103 baze de date zilnic \u0219i scoate pove\u0219ti din exceluri pline de cifre. Pune reflectorul pe adev\u0103r cu fiecare ocazie. A c\u00e2\u0219tigat premiul I la categoria Pres\u0103 Local\u0103 \u00een 2025 \u0219i locul al II-lea la aceea\u0219i categorie \u00een 2024 \u00een cadrul Premiilor Superscrieri pentru jurnalism independent.\",\"url\":\"https:\\\/\\\/buletin.de\\\/bucuresti\\\/author\\\/florinrasteiu\\\/\"}]}<\/script>\n<!-- \/ Yoast SEO Premium plugin. -->","yoast_head_json":{"title":"\u00cent\u00e2rzierile din Prelungirea Ghencea (I) | Dup\u0103 patru ani \u0219i 12 proteste ale locuitorilor din zon\u0103, \u201clucr\u0103rile sunt undeva sub 8%\u201d - Buletin de Bucure\u0219ti","robots":{"index":"index","follow":"follow","max-snippet":"max-snippet:-1","max-image-preview":"max-image-preview:large","max-video-preview":"max-video-preview:-1"},"canonical":"https:\/\/buletin.de\/bucuresti\/intarzierile-din-prelungirea-ghencea-i-dupa-patru-ani-si-12-proteste-ale-locuitorilor-din-zona-lucrarile-sunt-undeva-sub-8\/","og_locale":"en_GB","og_type":"article","og_title":"\u00cent\u00e2rzierile din Prelungirea Ghencea (I) | Dup\u0103 patru ani \u0219i 12 proteste ale locuitorilor din zon\u0103, \u201clucr\u0103rile sunt undeva sub 8%\u201d","og_description":"Proiectul \u201ePenetra\u021bie Prelungire Ghencea &#8211; Domne\u0219ti \u0219i Supral\u0103rgire Bulevardul Ghencea\u201d a fost una dintre cele mai sonore promisiuni, ale campaniei electorale din 2016, f\u0103cut\u0103 locuitorilor din Sectorul 6. Dup\u0103 patru ani \u00eens\u0103 \u0219antierul presupune lucr\u0103ri efective pe mai pu\u021bin de un kilometru din cei aproape \u0219apte c\u00e2t trebuie moderniza\u021bi \u00een timp ce exproprierile \u00eenc\u0103 nu [&hellip;]","og_url":"https:\/\/buletin.de\/bucuresti\/intarzierile-din-prelungirea-ghencea-i-dupa-patru-ani-si-12-proteste-ale-locuitorilor-din-zona-lucrarile-sunt-undeva-sub-8\/","og_site_name":"Buletin de Bucure\u0219ti","article_publisher":"https:\/\/www.facebook.com\/buletin.de.buc","article_published_time":"2020-07-17T13:55:59+00:00","article_modified_time":"2020-08-10T08:45:51+00:00","og_image":[{"width":670,"height":530,"url":"https:\/\/buletin.de\/bucuresti\/wp-content\/uploads\/Protest-2.jpg","type":"image\/jpeg"}],"author":"Florin R\u00e2\u0219teiu","twitter_card":"summary_large_image","twitter_misc":{"Written by":"Florin R\u00e2\u0219teiu","Estimated reading time":"2 minutes"},"schema":{"@context":"https:\/\/schema.org","@graph":[{"@type":"Article","@id":"https:\/\/buletin.de\/bucuresti\/intarzierile-din-prelungirea-ghencea-i-dupa-patru-ani-si-12-proteste-ale-locuitorilor-din-zona-lucrarile-sunt-undeva-sub-8\/#article","isPartOf":{"@id":"https:\/\/buletin.de\/bucuresti\/intarzierile-din-prelungirea-ghencea-i-dupa-patru-ani-si-12-proteste-ale-locuitorilor-din-zona-lucrarile-sunt-undeva-sub-8\/"},"author":{"name":"Florin R\u00e2\u0219teiu","@id":"https:\/\/buletin.de\/bucuresti\/#\/schema\/person\/b0686d7a8b666c6afc78239777fd8a89"},"headline":"\u00cent\u00e2rzierile din Prelungirea Ghencea (I) | Dup\u0103 patru ani \u0219i 12 proteste ale locuitorilor din zon\u0103, \u201clucr\u0103rile sunt undeva sub 8%\u201d","datePublished":"2020-07-17T13:55:59+00:00","dateModified":"2020-08-10T08:45:51+00:00","mainEntityOfPage":{"@id":"https:\/\/buletin.de\/bucuresti\/intarzierile-din-prelungirea-ghencea-i-dupa-patru-ani-si-12-proteste-ale-locuitorilor-din-zona-lucrarile-sunt-undeva-sub-8\/"},"wordCount":504,"publisher":{"@id":"https:\/\/buletin.de\/bucuresti\/#organization"},"image":{"@id":"https:\/\/buletin.de\/bucuresti\/intarzierile-din-prelungirea-ghencea-i-dupa-patru-ani-si-12-proteste-ale-locuitorilor-din-zona-lucrarile-sunt-undeva-sub-8\/#primaryimage"},"thumbnailUrl":"https:\/\/buletin.de\/bucuresti\/wp-content\/uploads\/Protest-2.jpg","keywords":["lucrari","prelungirea ghencea","proteste","termen finalizare"],"articleSection":["Transport"],"inLanguage":"en-GB","copyrightYear":"2020","copyrightHolder":{"@id":"https:\/\/buletin.de\/bucuresti\/#organization"}},{"@type":"WebPage","@id":"https:\/\/buletin.de\/bucuresti\/intarzierile-din-prelungirea-ghencea-i-dupa-patru-ani-si-12-proteste-ale-locuitorilor-din-zona-lucrarile-sunt-undeva-sub-8\/","url":"https:\/\/buletin.de\/bucuresti\/intarzierile-din-prelungirea-ghencea-i-dupa-patru-ani-si-12-proteste-ale-locuitorilor-din-zona-lucrarile-sunt-undeva-sub-8\/","name":"\u00cent\u00e2rzierile din Prelungirea Ghencea (I) | Dup\u0103 patru ani \u0219i 12 proteste ale locuitorilor din zon\u0103, \u201clucr\u0103rile sunt undeva sub 8%\u201d - Buletin de Bucure\u0219ti","isPartOf":{"@id":"https:\/\/buletin.de\/bucuresti\/#website"},"primaryImageOfPage":{"@id":"https:\/\/buletin.de\/bucuresti\/intarzierile-din-prelungirea-ghencea-i-dupa-patru-ani-si-12-proteste-ale-locuitorilor-din-zona-lucrarile-sunt-undeva-sub-8\/#primaryimage"},"image":{"@id":"https:\/\/buletin.de\/bucuresti\/intarzierile-din-prelungirea-ghencea-i-dupa-patru-ani-si-12-proteste-ale-locuitorilor-din-zona-lucrarile-sunt-undeva-sub-8\/#primaryimage"},"thumbnailUrl":"https:\/\/buletin.de\/bucuresti\/wp-content\/uploads\/Protest-2.jpg","datePublished":"2020-07-17T13:55:59+00:00","dateModified":"2020-08-10T08:45:51+00:00","breadcrumb":{"@id":"https:\/\/buletin.de\/bucuresti\/intarzierile-din-prelungirea-ghencea-i-dupa-patru-ani-si-12-proteste-ale-locuitorilor-din-zona-lucrarile-sunt-undeva-sub-8\/#breadcrumb"},"inLanguage":"en-GB","potentialAction":[{"@type":"ReadAction","target":["https:\/\/buletin.de\/bucuresti\/intarzierile-din-prelungirea-ghencea-i-dupa-patru-ani-si-12-proteste-ale-locuitorilor-din-zona-lucrarile-sunt-undeva-sub-8\/"]}]},{"@type":"ImageObject","inLanguage":"en-GB","@id":"https:\/\/buletin.de\/bucuresti\/intarzierile-din-prelungirea-ghencea-i-dupa-patru-ani-si-12-proteste-ale-locuitorilor-din-zona-lucrarile-sunt-undeva-sub-8\/#primaryimage","url":"https:\/\/buletin.de\/bucuresti\/wp-content\/uploads\/Protest-2.jpg","contentUrl":"https:\/\/buletin.de\/bucuresti\/wp-content\/uploads\/Protest-2.jpg","width":670,"height":530},{"@type":"BreadcrumbList","@id":"https:\/\/buletin.de\/bucuresti\/intarzierile-din-prelungirea-ghencea-i-dupa-patru-ani-si-12-proteste-ale-locuitorilor-din-zona-lucrarile-sunt-undeva-sub-8\/#breadcrumb","itemListElement":[{"@type":"ListItem","position":1,"name":"Acas\u0103","item":"https:\/\/buletin.de\/bucuresti\/"},{"@type":"ListItem","position":2,"name":"\u00cent\u00e2rzierile din Prelungirea Ghencea (I) | Dup\u0103 patru ani \u0219i 12 proteste ale locuitorilor din zon\u0103, \u201clucr\u0103rile sunt undeva sub 8%\u201d"}]},{"@type":"WebSite","@id":"https:\/\/buletin.de\/bucuresti\/#website","url":"https:\/\/buletin.de\/bucuresti\/","name":"Buletin de Bucure\u0219ti","description":"\u0218tiri \u0219i investiga\u021bii esen\u021biale din capital\u0103","publisher":{"@id":"https:\/\/buletin.de\/bucuresti\/#organization"},"potentialAction":[{"@type":"SearchAction","target":{"@type":"EntryPoint","urlTemplate":"https:\/\/buletin.de\/bucuresti\/?s={search_term_string}"},"query-input":{"@type":"PropertyValueSpecification","valueRequired":true,"valueName":"search_term_string"}}],"inLanguage":"en-GB"},{"@type":"Organization","@id":"https:\/\/buletin.de\/bucuresti\/#organization","name":"Buletin de Bucure\u0219ti","url":"https:\/\/buletin.de\/bucuresti\/","logo":{"@type":"ImageObject","inLanguage":"en-GB","@id":"https:\/\/buletin.de\/bucuresti\/#\/schema\/logo\/image\/","url":"https:\/\/buletin.de\/bucuresti\/wp-content\/uploads\/logo-bdb-full-wide-vernil-transparent.png","contentUrl":"https:\/\/buletin.de\/bucuresti\/wp-content\/uploads\/logo-bdb-full-wide-vernil-transparent.png","width":1782,"height":626,"caption":"Buletin de Bucure\u0219ti"},"image":{"@id":"https:\/\/buletin.de\/bucuresti\/#\/schema\/logo\/image\/"},"sameAs":["https:\/\/www.facebook.com\/buletin.de.buc","https:\/\/www.instagram.com\/buletinde.bucuresti\/"]},{"@type":"Person","@id":"https:\/\/buletin.de\/bucuresti\/#\/schema\/person\/b0686d7a8b666c6afc78239777fd8a89","name":"Florin R\u00e2\u0219teiu","image":{"@type":"ImageObject","inLanguage":"en-GB","@id":"https:\/\/buletin.de\/bucuresti\/wp-content\/uploads\/Florin-Rasteiu-96x96.jpgf0a6fe28453aa12f0a60e4d0a2e3a78c","url":"https:\/\/buletin.de\/bucuresti\/wp-content\/uploads\/Florin-Rasteiu-96x96.jpg","contentUrl":"https:\/\/buletin.de\/bucuresti\/wp-content\/uploads\/Florin-Rasteiu-96x96.jpg","caption":"Florin R\u00e2\u0219teiu"},"description":"Jurnalist de investiga\u021bie. Lucreaz\u0103 de aproape 6 ani la Buletin de Bucure\u0219ti, unde a publicat articole care scot la suprafa\u021b\u0103 corup\u021bia din Capital\u0103. Analizeaz\u0103 baze de date zilnic \u0219i scoate pove\u0219ti din exceluri pline de cifre. Pune reflectorul pe adev\u0103r cu fiecare ocazie. A c\u00e2\u0219tigat premiul I la categoria Pres\u0103 Local\u0103 \u00een 2025 \u0219i locul al II-lea la aceea\u0219i categorie \u00een 2024 \u00een cadrul Premiilor Superscrieri pentru jurnalism independent.","url":"https:\/\/buletin.de\/bucuresti\/author\/florinrasteiu\/"}]}},"authors":[{"term_id":22576,"user_id":17,"is_guest":0,"slug":"florinrasteiu","display_name":"Florin R\u00e2\u0219teiu","avatar_url":"https:\/\/buletin.de\/bucuresti\/wp-content\/uploads\/Florin-Rasteiu-96x96.jpg","0":null,"1":"","2":"","3":"","4":"","5":"","6":"","7":"","8":""}],"_links":{"self":[{"href":"https:\/\/buletin.de\/bucuresti\/wp-json\/wp\/v2\/posts\/9317","targetHints":{"allow":["GET"]}}],"collection":[{"href":"https:\/\/buletin.de\/bucuresti\/wp-json\/wp\/v2\/posts"}],"about":[{"href":"https:\/\/buletin.de\/bucuresti\/wp-json\/wp\/v2\/types\/post"}],"author":[{"embeddable":true,"href":"https:\/\/buletin.de\/bucuresti\/wp-json\/wp\/v2\/users\/17"}],"replies":[{"embeddable":true,"href":"https:\/\/buletin.de\/bucuresti\/wp-json\/wp\/v2\/comments?post=9317"}],"version-history":[{"count":12,"href":"https:\/\/buletin.de\/bucuresti\/wp-json\/wp\/v2\/posts\/9317\/revisions"}],"predecessor-version":[{"id":9394,"href":"https:\/\/buletin.de\/bucuresti\/wp-json\/wp\/v2\/posts\/9317\/revisions\/9394"}],"wp:featuredmedia":[{"embeddable":true,"href":"https:\/\/buletin.de\/bucuresti\/wp-json\/wp\/v2\/media\/9327"}],"wp:attachment":[{"href":"https:\/\/buletin.de\/bucuresti\/wp-json\/wp\/v2\/media?parent=9317"}],"wp:term":[{"taxonomy":"category","embeddable":true,"href":"https:\/\/buletin.de\/bucuresti\/wp-json\/wp\/v2\/categories?post=9317"},{"taxonomy":"post_tag","embeddable":true,"href":"https:\/\/buletin.de\/bucuresti\/wp-json\/wp\/v2\/tags?post=9317"},{"taxonomy":"author","embeddable":true,"href":"https:\/\/buletin.de\/bucuresti\/wp-json\/wp\/v2\/ppma_author?post=9317"}],"curies":[{"name":"wp","href":"https:\/\/api.w.org\/{rel}","templated":true}]}}