{"id":9313,"date":"2020-07-17T16:24:45","date_gmt":"2020-07-17T13:24:45","guid":{"rendered":"https:\/\/buletin.de\/bucuresti\/?p=9313"},"modified":"2020-07-17T16:36:18","modified_gmt":"2020-07-17T13:36:18","slug":"criza-covid-19-destinatiile-turistice-peste-hotare-ale-romanilor-tot-mai-putine-din-cauza-restrictiilor","status":"publish","type":"post","link":"https:\/\/buletin.de\/bucuresti\/criza-covid-19-destinatiile-turistice-peste-hotare-ale-romanilor-tot-mai-putine-din-cauza-restrictiilor\/","title":{"rendered":"Criza COVID-19 | Destina\u021biile turistice peste hotare ale rom\u00e2nilor, tot mai pu\u021bine din cauza restric\u021biilor"},"content":{"rendered":"\n<p><strong>Din cauza num\u0103rului mare de cazuri COVID \u00eenregistrate la nivel na\u021bional, \u00een ultimele s\u0103pt\u0103m\u00e2ni, 20 de \u021b\u0103ri europene au impus condi\u021bii sau chiar au interzis accesul rom\u00e2nilor.<\/strong><\/p>\n\n\n\n<p>Malta, Lituania, Finlanda si Republica Moldova nu permit accesul pe teritoriul lor cet\u0103\u021benilor rom\u00e2ni.<\/p>\n\n\n\n<p>\u00cen Austria, Bosnia si Hertegovina,&nbsp;Cipru, Grecia, Islanda \u0219i Ungaria se poate intra doar prezent\u00e2nd un test COVID negativ, f\u0103cut cu maxim 72 de ore \u00eenainte.<\/p>\n\n\n\n<p>Cet\u0103\u021benii rom\u00e2ni sunt obliga\u021bi s\u0103 r\u0103m\u00e2n\u0103 \u00een izolare \u00eentre 10-14 zile la intrarea \u00een Belgia, Danemarca, Estonia, Irlanda, Letonia, Norvegia, Anglia, Olanda, Slovenia si Slovacia.&nbsp;<\/p>\n\n\n\n<p>\u00cen acest moment, \u00een Rom\u00e2nia, 5 puncte de trecere a frontiere sunt \u00eenchise &#8211; Naid\u0103\u0219, frontiera cu Republica&nbsp;Serbia, Dobromir \u0219i Lipni\u021ba cu Bulgaria, Oancea \u0219i R\u0103d\u0103u\u021bi Prut cu Republica Moldova.&nbsp;&nbsp; <\/p>\n\n\n\n<p> Reporter: Teodora Stroe <\/p>\n\n\n\n<p><a href=\"https:\/\/unsplash.com\/\">Surs\u0103 cover<\/a><\/p>\n","protected":false},"excerpt":{"rendered":"<p>Din cauza num\u0103rului mare de cazuri COVID \u00eenregistrate la nivel na\u021bional, \u00een ultimele s\u0103pt\u0103m\u00e2ni, 20 de \u021b\u0103ri europene au impus condi\u021bii sau chiar au interzis accesul rom\u00e2nilor. Malta, Lituania, Finlanda si Republica Moldova nu permit accesul pe teritoriul lor cet\u0103\u021benilor rom\u00e2ni. \u00cen Austria, Bosnia si Hertegovina,&nbsp;Cipru, Grecia, Islanda \u0219i Ungaria se poate intra doar prezent\u00e2nd [&hellip;]<\/p>\n","protected":false},"author":10,"featured_media":9314,"comment_status":"closed","ping_status":"open","sticky":false,"template":"","format":"standard","meta":{"_acf_changed":false,"inline_featured_image":false,"ngg_post_thumbnail":0,"footnotes":""},"categories":[996],"tags":[640,135,208],"ppma_author":[22575],"class_list":["post-9313","post","type-post","status-publish","format-standard","has-post-thumbnail","hentry","category-covid-19","tag-covid","tag-restrictii","tag-turism"],"acf":[],"yoast_head":"<!-- This site is optimized with the Yoast SEO Premium plugin v25.3 (Yoast SEO v27.4) - https:\/\/yoast.com\/product\/yoast-seo-premium-wordpress\/ -->\n<title>Criza COVID-19 | Destina\u021biile turistice peste hotare ale rom\u00e2nilor, tot mai pu\u021bine din cauza restric\u021biilor - Buletin de Bucure\u0219ti<\/title>\n<meta name=\"robots\" content=\"index, follow, max-snippet:-1, max-image-preview:large, max-video-preview:-1\" \/>\n<link rel=\"canonical\" href=\"https:\/\/buletin.de\/bucuresti\/criza-covid-19-destinatiile-turistice-peste-hotare-ale-romanilor-tot-mai-putine-din-cauza-restrictiilor\/\" \/>\n<meta property=\"og:locale\" content=\"en_GB\" \/>\n<meta property=\"og:type\" content=\"article\" \/>\n<meta property=\"og:title\" content=\"Criza COVID-19 | Destina\u021biile turistice peste hotare ale rom\u00e2nilor, tot mai pu\u021bine din cauza restric\u021biilor\" \/>\n<meta property=\"og:description\" content=\"Din cauza num\u0103rului mare de cazuri COVID \u00eenregistrate la nivel na\u021bional, \u00een ultimele s\u0103pt\u0103m\u00e2ni, 20 de \u021b\u0103ri europene au impus condi\u021bii sau chiar au interzis accesul rom\u00e2nilor. Malta, Lituania, Finlanda si Republica Moldova nu permit accesul pe teritoriul lor cet\u0103\u021benilor rom\u00e2ni. \u00cen Austria, Bosnia si Hertegovina,&nbsp;Cipru, Grecia, Islanda \u0219i Ungaria se poate intra doar prezent\u00e2nd [&hellip;]\" \/>\n<meta property=\"og:url\" content=\"https:\/\/buletin.de\/bucuresti\/criza-covid-19-destinatiile-turistice-peste-hotare-ale-romanilor-tot-mai-putine-din-cauza-restrictiilor\/\" \/>\n<meta property=\"og:site_name\" content=\"Buletin de Bucure\u0219ti\" \/>\n<meta property=\"article:publisher\" content=\"https:\/\/www.facebook.com\/buletin.de.buc\" \/>\n<meta property=\"article:published_time\" content=\"2020-07-17T13:24:45+00:00\" \/>\n<meta property=\"article:modified_time\" content=\"2020-07-17T13:36:18+00:00\" \/>\n<meta property=\"og:image\" content=\"https:\/\/buletin.de\/bucuresti\/wp-content\/uploads\/raychan-W9zc8imbJA0-unsplash-scaled.jpg\" \/>\n\t<meta property=\"og:image:width\" content=\"2560\" \/>\n\t<meta property=\"og:image:height\" content=\"1707\" \/>\n\t<meta property=\"og:image:type\" content=\"image\/jpeg\" \/>\n<meta name=\"author\" content=\"C\u0103t\u0103lin Dosca\u0219\" \/>\n<meta name=\"twitter:card\" content=\"summary_large_image\" \/>\n<meta name=\"twitter:label1\" content=\"Written by\" \/>\n\t<meta name=\"twitter:data1\" content=\"C\u0103t\u0103lin Dosca\u0219\" \/>\n\t<meta name=\"twitter:label2\" content=\"Estimated reading time\" \/>\n\t<meta name=\"twitter:data2\" content=\"1 minute\" \/>\n<script type=\"application\/ld+json\" class=\"yoast-schema-graph\">{\"@context\":\"https:\\\/\\\/schema.org\",\"@graph\":[{\"@type\":\"Article\",\"@id\":\"https:\\\/\\\/buletin.de\\\/bucuresti\\\/criza-covid-19-destinatiile-turistice-peste-hotare-ale-romanilor-tot-mai-putine-din-cauza-restrictiilor\\\/#article\",\"isPartOf\":{\"@id\":\"https:\\\/\\\/buletin.de\\\/bucuresti\\\/criza-covid-19-destinatiile-turistice-peste-hotare-ale-romanilor-tot-mai-putine-din-cauza-restrictiilor\\\/\"},\"author\":{\"name\":\"C\u0103t\u0103lin Dosca\u0219\",\"@id\":\"https:\\\/\\\/buletin.de\\\/bucuresti\\\/#\\\/schema\\\/person\\\/31117187ed4d0bdb0a4c7d6acc79d0f8\"},\"headline\":\"Criza COVID-19 | Destina\u021biile turistice peste hotare ale rom\u00e2nilor, tot mai pu\u021bine din cauza restric\u021biilor\",\"datePublished\":\"2020-07-17T13:24:45+00:00\",\"dateModified\":\"2020-07-17T13:36:18+00:00\",\"mainEntityOfPage\":{\"@id\":\"https:\\\/\\\/buletin.de\\\/bucuresti\\\/criza-covid-19-destinatiile-turistice-peste-hotare-ale-romanilor-tot-mai-putine-din-cauza-restrictiilor\\\/\"},\"wordCount\":169,\"publisher\":{\"@id\":\"https:\\\/\\\/buletin.de\\\/bucuresti\\\/#organization\"},\"image\":{\"@id\":\"https:\\\/\\\/buletin.de\\\/bucuresti\\\/criza-covid-19-destinatiile-turistice-peste-hotare-ale-romanilor-tot-mai-putine-din-cauza-restrictiilor\\\/#primaryimage\"},\"thumbnailUrl\":\"https:\\\/\\\/buletin.de\\\/bucuresti\\\/wp-content\\\/uploads\\\/raychan-W9zc8imbJA0-unsplash-scaled.jpg\",\"keywords\":[\"covid\",\"restric\u021bii\",\"turism\"],\"articleSection\":[\"Covid-19\"],\"inLanguage\":\"en-GB\",\"copyrightYear\":\"2020\",\"copyrightHolder\":{\"@id\":\"https:\\\/\\\/buletin.de\\\/bucuresti\\\/#organization\"}},{\"@type\":\"WebPage\",\"@id\":\"https:\\\/\\\/buletin.de\\\/bucuresti\\\/criza-covid-19-destinatiile-turistice-peste-hotare-ale-romanilor-tot-mai-putine-din-cauza-restrictiilor\\\/\",\"url\":\"https:\\\/\\\/buletin.de\\\/bucuresti\\\/criza-covid-19-destinatiile-turistice-peste-hotare-ale-romanilor-tot-mai-putine-din-cauza-restrictiilor\\\/\",\"name\":\"Criza COVID-19 | Destina\u021biile turistice peste hotare ale rom\u00e2nilor, tot mai pu\u021bine din cauza restric\u021biilor - Buletin de Bucure\u0219ti\",\"isPartOf\":{\"@id\":\"https:\\\/\\\/buletin.de\\\/bucuresti\\\/#website\"},\"primaryImageOfPage\":{\"@id\":\"https:\\\/\\\/buletin.de\\\/bucuresti\\\/criza-covid-19-destinatiile-turistice-peste-hotare-ale-romanilor-tot-mai-putine-din-cauza-restrictiilor\\\/#primaryimage\"},\"image\":{\"@id\":\"https:\\\/\\\/buletin.de\\\/bucuresti\\\/criza-covid-19-destinatiile-turistice-peste-hotare-ale-romanilor-tot-mai-putine-din-cauza-restrictiilor\\\/#primaryimage\"},\"thumbnailUrl\":\"https:\\\/\\\/buletin.de\\\/bucuresti\\\/wp-content\\\/uploads\\\/raychan-W9zc8imbJA0-unsplash-scaled.jpg\",\"datePublished\":\"2020-07-17T13:24:45+00:00\",\"dateModified\":\"2020-07-17T13:36:18+00:00\",\"breadcrumb\":{\"@id\":\"https:\\\/\\\/buletin.de\\\/bucuresti\\\/criza-covid-19-destinatiile-turistice-peste-hotare-ale-romanilor-tot-mai-putine-din-cauza-restrictiilor\\\/#breadcrumb\"},\"inLanguage\":\"en-GB\",\"potentialAction\":[{\"@type\":\"ReadAction\",\"target\":[\"https:\\\/\\\/buletin.de\\\/bucuresti\\\/criza-covid-19-destinatiile-turistice-peste-hotare-ale-romanilor-tot-mai-putine-din-cauza-restrictiilor\\\/\"]}]},{\"@type\":\"ImageObject\",\"inLanguage\":\"en-GB\",\"@id\":\"https:\\\/\\\/buletin.de\\\/bucuresti\\\/criza-covid-19-destinatiile-turistice-peste-hotare-ale-romanilor-tot-mai-putine-din-cauza-restrictiilor\\\/#primaryimage\",\"url\":\"https:\\\/\\\/buletin.de\\\/bucuresti\\\/wp-content\\\/uploads\\\/raychan-W9zc8imbJA0-unsplash-scaled.jpg\",\"contentUrl\":\"https:\\\/\\\/buletin.de\\\/bucuresti\\\/wp-content\\\/uploads\\\/raychan-W9zc8imbJA0-unsplash-scaled.jpg\",\"width\":2560,\"height\":1707},{\"@type\":\"BreadcrumbList\",\"@id\":\"https:\\\/\\\/buletin.de\\\/bucuresti\\\/criza-covid-19-destinatiile-turistice-peste-hotare-ale-romanilor-tot-mai-putine-din-cauza-restrictiilor\\\/#breadcrumb\",\"itemListElement\":[{\"@type\":\"ListItem\",\"position\":1,\"name\":\"Acas\u0103\",\"item\":\"https:\\\/\\\/buletin.de\\\/bucuresti\\\/\"},{\"@type\":\"ListItem\",\"position\":2,\"name\":\"Criza COVID-19 | Destina\u021biile turistice peste hotare ale rom\u00e2nilor, tot mai pu\u021bine din cauza restric\u021biilor\"}]},{\"@type\":\"WebSite\",\"@id\":\"https:\\\/\\\/buletin.de\\\/bucuresti\\\/#website\",\"url\":\"https:\\\/\\\/buletin.de\\\/bucuresti\\\/\",\"name\":\"Buletin de Bucure\u0219ti\",\"description\":\"\u0218tiri \u0219i investiga\u021bii esen\u021biale din capital\u0103\",\"publisher\":{\"@id\":\"https:\\\/\\\/buletin.de\\\/bucuresti\\\/#organization\"},\"potentialAction\":[{\"@type\":\"SearchAction\",\"target\":{\"@type\":\"EntryPoint\",\"urlTemplate\":\"https:\\\/\\\/buletin.de\\\/bucuresti\\\/?s={search_term_string}\"},\"query-input\":{\"@type\":\"PropertyValueSpecification\",\"valueRequired\":true,\"valueName\":\"search_term_string\"}}],\"inLanguage\":\"en-GB\"},{\"@type\":\"Organization\",\"@id\":\"https:\\\/\\\/buletin.de\\\/bucuresti\\\/#organization\",\"name\":\"Buletin de Bucure\u0219ti\",\"url\":\"https:\\\/\\\/buletin.de\\\/bucuresti\\\/\",\"logo\":{\"@type\":\"ImageObject\",\"inLanguage\":\"en-GB\",\"@id\":\"https:\\\/\\\/buletin.de\\\/bucuresti\\\/#\\\/schema\\\/logo\\\/image\\\/\",\"url\":\"https:\\\/\\\/buletin.de\\\/bucuresti\\\/wp-content\\\/uploads\\\/logo-bdb-full-wide-vernil-transparent.png\",\"contentUrl\":\"https:\\\/\\\/buletin.de\\\/bucuresti\\\/wp-content\\\/uploads\\\/logo-bdb-full-wide-vernil-transparent.png\",\"width\":1782,\"height\":626,\"caption\":\"Buletin de Bucure\u0219ti\"},\"image\":{\"@id\":\"https:\\\/\\\/buletin.de\\\/bucuresti\\\/#\\\/schema\\\/logo\\\/image\\\/\"},\"sameAs\":[\"https:\\\/\\\/www.facebook.com\\\/buletin.de.buc\",\"https:\\\/\\\/www.instagram.com\\\/buletinde.bucuresti\\\/\"]},{\"@type\":\"Person\",\"@id\":\"https:\\\/\\\/buletin.de\\\/bucuresti\\\/#\\\/schema\\\/person\\\/31117187ed4d0bdb0a4c7d6acc79d0f8\",\"name\":\"C\u0103t\u0103lin Dosca\u0219\",\"image\":{\"@type\":\"ImageObject\",\"inLanguage\":\"en-GB\",\"@id\":\"https:\\\/\\\/buletin.de\\\/bucuresti\\\/wp-content\\\/uploads\\\/Catalin-Doscas-e1732731064764-96x96.jpga93e2943bb3b1c1f9ead823df6e6317a\",\"url\":\"https:\\\/\\\/buletin.de\\\/bucuresti\\\/wp-content\\\/uploads\\\/Catalin-Doscas-e1732731064764-96x96.jpg\",\"contentUrl\":\"https:\\\/\\\/buletin.de\\\/bucuresti\\\/wp-content\\\/uploads\\\/Catalin-Doscas-e1732731064764-96x96.jpg\",\"caption\":\"C\u0103t\u0103lin Dosca\u0219\"},\"description\":\"Reporter \u0219i redactor-\u0219ef Buletin de Bucure\u0219ti. Lucreaz\u0103 \u00een mass-media de la v\u00e2rsta de 15 ani, c\u00e2nd a publicat primele articole \u00een presa local\u0103 din Tecuci. \u00cen Bucure\u0219ti a lucrat \u00een redac\u021bii radio ca reporter, redactor \u0219i prezentator (StudentFM, Na\u021bionalFM, Radio Total, Smart FM), unde a acoperit domeniile politic, economic, social \u0219i externe. Ulterior, a fost editor-coordonator al postului Realitatea FM. Experien\u021ba \u00een jurnalismul online a dob\u00e2ndit-o la portalul B365.ro, unde a fost editor. \u00cen 2012 s-a angajat \u00een televiziune. La Realitatea TV a fost, pe r\u00e2nd, reporter la sec\u021bia Social, reporter special la emisiunea de reportaje \u0219i anchete \u201eReporterii Realit\u0103\u021bii\u201d, dar \u0219i editor al jurnalelor de \u0219tiri. Ulterior, a f\u0103cut parte din sec\u021bia de Investiga\u021bii de la Digi24 \u0219i a lucrat la campania \u201eRom\u00e2nia furat\u0103\u201d. A revenit \u00een presa scris\u0103 \u00een 2017, ca reporter special, \u00een cadrul unui proiect de repozi\u021bionare a tabloidului Libertatea \u00een cotidian generalist. Este jurnalist Buletin de Bucure\u0219ti din 2019.\",\"url\":\"https:\\\/\\\/buletin.de\\\/bucuresti\\\/author\\\/catalin\\\/\"}]}<\/script>\n<!-- \/ Yoast SEO Premium plugin. -->","yoast_head_json":{"title":"Criza COVID-19 | Destina\u021biile turistice peste hotare ale rom\u00e2nilor, tot mai pu\u021bine din cauza restric\u021biilor - Buletin de Bucure\u0219ti","robots":{"index":"index","follow":"follow","max-snippet":"max-snippet:-1","max-image-preview":"max-image-preview:large","max-video-preview":"max-video-preview:-1"},"canonical":"https:\/\/buletin.de\/bucuresti\/criza-covid-19-destinatiile-turistice-peste-hotare-ale-romanilor-tot-mai-putine-din-cauza-restrictiilor\/","og_locale":"en_GB","og_type":"article","og_title":"Criza COVID-19 | Destina\u021biile turistice peste hotare ale rom\u00e2nilor, tot mai pu\u021bine din cauza restric\u021biilor","og_description":"Din cauza num\u0103rului mare de cazuri COVID \u00eenregistrate la nivel na\u021bional, \u00een ultimele s\u0103pt\u0103m\u00e2ni, 20 de \u021b\u0103ri europene au impus condi\u021bii sau chiar au interzis accesul rom\u00e2nilor. Malta, Lituania, Finlanda si Republica Moldova nu permit accesul pe teritoriul lor cet\u0103\u021benilor rom\u00e2ni. \u00cen Austria, Bosnia si Hertegovina,&nbsp;Cipru, Grecia, Islanda \u0219i Ungaria se poate intra doar prezent\u00e2nd [&hellip;]","og_url":"https:\/\/buletin.de\/bucuresti\/criza-covid-19-destinatiile-turistice-peste-hotare-ale-romanilor-tot-mai-putine-din-cauza-restrictiilor\/","og_site_name":"Buletin de Bucure\u0219ti","article_publisher":"https:\/\/www.facebook.com\/buletin.de.buc","article_published_time":"2020-07-17T13:24:45+00:00","article_modified_time":"2020-07-17T13:36:18+00:00","og_image":[{"width":2560,"height":1707,"url":"https:\/\/buletin.de\/bucuresti\/wp-content\/uploads\/raychan-W9zc8imbJA0-unsplash-scaled.jpg","type":"image\/jpeg"}],"author":"C\u0103t\u0103lin Dosca\u0219","twitter_card":"summary_large_image","twitter_misc":{"Written by":"C\u0103t\u0103lin Dosca\u0219","Estimated reading time":"1 minute"},"schema":{"@context":"https:\/\/schema.org","@graph":[{"@type":"Article","@id":"https:\/\/buletin.de\/bucuresti\/criza-covid-19-destinatiile-turistice-peste-hotare-ale-romanilor-tot-mai-putine-din-cauza-restrictiilor\/#article","isPartOf":{"@id":"https:\/\/buletin.de\/bucuresti\/criza-covid-19-destinatiile-turistice-peste-hotare-ale-romanilor-tot-mai-putine-din-cauza-restrictiilor\/"},"author":{"name":"C\u0103t\u0103lin Dosca\u0219","@id":"https:\/\/buletin.de\/bucuresti\/#\/schema\/person\/31117187ed4d0bdb0a4c7d6acc79d0f8"},"headline":"Criza COVID-19 | Destina\u021biile turistice peste hotare ale rom\u00e2nilor, tot mai pu\u021bine din cauza restric\u021biilor","datePublished":"2020-07-17T13:24:45+00:00","dateModified":"2020-07-17T13:36:18+00:00","mainEntityOfPage":{"@id":"https:\/\/buletin.de\/bucuresti\/criza-covid-19-destinatiile-turistice-peste-hotare-ale-romanilor-tot-mai-putine-din-cauza-restrictiilor\/"},"wordCount":169,"publisher":{"@id":"https:\/\/buletin.de\/bucuresti\/#organization"},"image":{"@id":"https:\/\/buletin.de\/bucuresti\/criza-covid-19-destinatiile-turistice-peste-hotare-ale-romanilor-tot-mai-putine-din-cauza-restrictiilor\/#primaryimage"},"thumbnailUrl":"https:\/\/buletin.de\/bucuresti\/wp-content\/uploads\/raychan-W9zc8imbJA0-unsplash-scaled.jpg","keywords":["covid","restric\u021bii","turism"],"articleSection":["Covid-19"],"inLanguage":"en-GB","copyrightYear":"2020","copyrightHolder":{"@id":"https:\/\/buletin.de\/bucuresti\/#organization"}},{"@type":"WebPage","@id":"https:\/\/buletin.de\/bucuresti\/criza-covid-19-destinatiile-turistice-peste-hotare-ale-romanilor-tot-mai-putine-din-cauza-restrictiilor\/","url":"https:\/\/buletin.de\/bucuresti\/criza-covid-19-destinatiile-turistice-peste-hotare-ale-romanilor-tot-mai-putine-din-cauza-restrictiilor\/","name":"Criza COVID-19 | Destina\u021biile turistice peste hotare ale rom\u00e2nilor, tot mai pu\u021bine din cauza restric\u021biilor - Buletin de Bucure\u0219ti","isPartOf":{"@id":"https:\/\/buletin.de\/bucuresti\/#website"},"primaryImageOfPage":{"@id":"https:\/\/buletin.de\/bucuresti\/criza-covid-19-destinatiile-turistice-peste-hotare-ale-romanilor-tot-mai-putine-din-cauza-restrictiilor\/#primaryimage"},"image":{"@id":"https:\/\/buletin.de\/bucuresti\/criza-covid-19-destinatiile-turistice-peste-hotare-ale-romanilor-tot-mai-putine-din-cauza-restrictiilor\/#primaryimage"},"thumbnailUrl":"https:\/\/buletin.de\/bucuresti\/wp-content\/uploads\/raychan-W9zc8imbJA0-unsplash-scaled.jpg","datePublished":"2020-07-17T13:24:45+00:00","dateModified":"2020-07-17T13:36:18+00:00","breadcrumb":{"@id":"https:\/\/buletin.de\/bucuresti\/criza-covid-19-destinatiile-turistice-peste-hotare-ale-romanilor-tot-mai-putine-din-cauza-restrictiilor\/#breadcrumb"},"inLanguage":"en-GB","potentialAction":[{"@type":"ReadAction","target":["https:\/\/buletin.de\/bucuresti\/criza-covid-19-destinatiile-turistice-peste-hotare-ale-romanilor-tot-mai-putine-din-cauza-restrictiilor\/"]}]},{"@type":"ImageObject","inLanguage":"en-GB","@id":"https:\/\/buletin.de\/bucuresti\/criza-covid-19-destinatiile-turistice-peste-hotare-ale-romanilor-tot-mai-putine-din-cauza-restrictiilor\/#primaryimage","url":"https:\/\/buletin.de\/bucuresti\/wp-content\/uploads\/raychan-W9zc8imbJA0-unsplash-scaled.jpg","contentUrl":"https:\/\/buletin.de\/bucuresti\/wp-content\/uploads\/raychan-W9zc8imbJA0-unsplash-scaled.jpg","width":2560,"height":1707},{"@type":"BreadcrumbList","@id":"https:\/\/buletin.de\/bucuresti\/criza-covid-19-destinatiile-turistice-peste-hotare-ale-romanilor-tot-mai-putine-din-cauza-restrictiilor\/#breadcrumb","itemListElement":[{"@type":"ListItem","position":1,"name":"Acas\u0103","item":"https:\/\/buletin.de\/bucuresti\/"},{"@type":"ListItem","position":2,"name":"Criza COVID-19 | Destina\u021biile turistice peste hotare ale rom\u00e2nilor, tot mai pu\u021bine din cauza restric\u021biilor"}]},{"@type":"WebSite","@id":"https:\/\/buletin.de\/bucuresti\/#website","url":"https:\/\/buletin.de\/bucuresti\/","name":"Buletin de Bucure\u0219ti","description":"\u0218tiri \u0219i investiga\u021bii esen\u021biale din capital\u0103","publisher":{"@id":"https:\/\/buletin.de\/bucuresti\/#organization"},"potentialAction":[{"@type":"SearchAction","target":{"@type":"EntryPoint","urlTemplate":"https:\/\/buletin.de\/bucuresti\/?s={search_term_string}"},"query-input":{"@type":"PropertyValueSpecification","valueRequired":true,"valueName":"search_term_string"}}],"inLanguage":"en-GB"},{"@type":"Organization","@id":"https:\/\/buletin.de\/bucuresti\/#organization","name":"Buletin de Bucure\u0219ti","url":"https:\/\/buletin.de\/bucuresti\/","logo":{"@type":"ImageObject","inLanguage":"en-GB","@id":"https:\/\/buletin.de\/bucuresti\/#\/schema\/logo\/image\/","url":"https:\/\/buletin.de\/bucuresti\/wp-content\/uploads\/logo-bdb-full-wide-vernil-transparent.png","contentUrl":"https:\/\/buletin.de\/bucuresti\/wp-content\/uploads\/logo-bdb-full-wide-vernil-transparent.png","width":1782,"height":626,"caption":"Buletin de Bucure\u0219ti"},"image":{"@id":"https:\/\/buletin.de\/bucuresti\/#\/schema\/logo\/image\/"},"sameAs":["https:\/\/www.facebook.com\/buletin.de.buc","https:\/\/www.instagram.com\/buletinde.bucuresti\/"]},{"@type":"Person","@id":"https:\/\/buletin.de\/bucuresti\/#\/schema\/person\/31117187ed4d0bdb0a4c7d6acc79d0f8","name":"C\u0103t\u0103lin Dosca\u0219","image":{"@type":"ImageObject","inLanguage":"en-GB","@id":"https:\/\/buletin.de\/bucuresti\/wp-content\/uploads\/Catalin-Doscas-e1732731064764-96x96.jpga93e2943bb3b1c1f9ead823df6e6317a","url":"https:\/\/buletin.de\/bucuresti\/wp-content\/uploads\/Catalin-Doscas-e1732731064764-96x96.jpg","contentUrl":"https:\/\/buletin.de\/bucuresti\/wp-content\/uploads\/Catalin-Doscas-e1732731064764-96x96.jpg","caption":"C\u0103t\u0103lin Dosca\u0219"},"description":"Reporter \u0219i redactor-\u0219ef Buletin de Bucure\u0219ti. Lucreaz\u0103 \u00een mass-media de la v\u00e2rsta de 15 ani, c\u00e2nd a publicat primele articole \u00een presa local\u0103 din Tecuci. \u00cen Bucure\u0219ti a lucrat \u00een redac\u021bii radio ca reporter, redactor \u0219i prezentator (StudentFM, Na\u021bionalFM, Radio Total, Smart FM), unde a acoperit domeniile politic, economic, social \u0219i externe. Ulterior, a fost editor-coordonator al postului Realitatea FM. Experien\u021ba \u00een jurnalismul online a dob\u00e2ndit-o la portalul B365.ro, unde a fost editor. \u00cen 2012 s-a angajat \u00een televiziune. La Realitatea TV a fost, pe r\u00e2nd, reporter la sec\u021bia Social, reporter special la emisiunea de reportaje \u0219i anchete \u201eReporterii Realit\u0103\u021bii\u201d, dar \u0219i editor al jurnalelor de \u0219tiri. Ulterior, a f\u0103cut parte din sec\u021bia de Investiga\u021bii de la Digi24 \u0219i a lucrat la campania \u201eRom\u00e2nia furat\u0103\u201d. A revenit \u00een presa scris\u0103 \u00een 2017, ca reporter special, \u00een cadrul unui proiect de repozi\u021bionare a tabloidului Libertatea \u00een cotidian generalist. Este jurnalist Buletin de Bucure\u0219ti din 2019.","url":"https:\/\/buletin.de\/bucuresti\/author\/catalin\/"}]}},"authors":[{"term_id":22575,"user_id":10,"is_guest":0,"slug":"catalin","display_name":"C\u0103t\u0103lin Dosca\u0219","avatar_url":"https:\/\/buletin.de\/bucuresti\/wp-content\/uploads\/Catalin-Doscas-e1732731064764-96x96.jpg","0":null,"1":"","2":"","3":"","4":"","5":"","6":"","7":"","8":""}],"_links":{"self":[{"href":"https:\/\/buletin.de\/bucuresti\/wp-json\/wp\/v2\/posts\/9313","targetHints":{"allow":["GET"]}}],"collection":[{"href":"https:\/\/buletin.de\/bucuresti\/wp-json\/wp\/v2\/posts"}],"about":[{"href":"https:\/\/buletin.de\/bucuresti\/wp-json\/wp\/v2\/types\/post"}],"author":[{"embeddable":true,"href":"https:\/\/buletin.de\/bucuresti\/wp-json\/wp\/v2\/users\/10"}],"replies":[{"embeddable":true,"href":"https:\/\/buletin.de\/bucuresti\/wp-json\/wp\/v2\/comments?post=9313"}],"version-history":[{"count":3,"href":"https:\/\/buletin.de\/bucuresti\/wp-json\/wp\/v2\/posts\/9313\/revisions"}],"predecessor-version":[{"id":9320,"href":"https:\/\/buletin.de\/bucuresti\/wp-json\/wp\/v2\/posts\/9313\/revisions\/9320"}],"wp:featuredmedia":[{"embeddable":true,"href":"https:\/\/buletin.de\/bucuresti\/wp-json\/wp\/v2\/media\/9314"}],"wp:attachment":[{"href":"https:\/\/buletin.de\/bucuresti\/wp-json\/wp\/v2\/media?parent=9313"}],"wp:term":[{"taxonomy":"category","embeddable":true,"href":"https:\/\/buletin.de\/bucuresti\/wp-json\/wp\/v2\/categories?post=9313"},{"taxonomy":"post_tag","embeddable":true,"href":"https:\/\/buletin.de\/bucuresti\/wp-json\/wp\/v2\/tags?post=9313"},{"taxonomy":"author","embeddable":true,"href":"https:\/\/buletin.de\/bucuresti\/wp-json\/wp\/v2\/ppma_author?post=9313"}],"curies":[{"name":"wp","href":"https:\/\/api.w.org\/{rel}","templated":true}]}}