{"id":93126,"date":"2024-08-03T05:29:00","date_gmt":"2024-08-03T02:29:00","guid":{"rendered":"https:\/\/buletin.de\/bucuresti\/?p=93126"},"modified":"2024-08-03T08:53:30","modified_gmt":"2024-08-03T05:53:30","slug":"weekend-cu-strazi-deschise-demonstratii-de-pictura-pe-panza-si-concerte-live-pe-calea-victoriei","status":"publish","type":"post","link":"https:\/\/buletin.de\/bucuresti\/weekend-cu-strazi-deschise-demonstratii-de-pictura-pe-panza-si-concerte-live-pe-calea-victoriei\/","title":{"rendered":"Weekend cu \u201eStr\u0103zi Deschise\u201d: demonstra\u021bii de pictur\u0103 pe p\u00e2nz\u0103 \u0219i concerte live pe Calea Victoriei"},"content":{"rendered":"\n<p><strong>\u00cen weekendul 3-4 august, \u201eStr\u0103zi deschise, Bucure\u0219ti \u2013 Promenad\u0103 urban\u0103\u201d propune plimb\u0103ri pietonale \u0219i demonstra\u021bii de pictur\u0103 pe p\u00e2nz\u0103, concerte live \u0219i ateliere creative. Evenimentele se vor desf\u0103\u0219ura pe Calea Victoriei, iar expozi\u021biile de art\u0103 pot fi vizitate la Casa Filipescu-Cesianu, respectiv la \u0218coala de Art\u0103 Bucure\u0219ti, potrivit<a href=\"https:\/\/arcub.ro\/weekend-estival-la-strazi-deschise-bucuresti-promenada-urbana-concerte-live-demonstratii-de-pictura-si-ateliere-de-creatie-pe-calea-victoriei\/\">&nbsp;A<\/a><a href=\"https:\/\/arcub.ro\/\">RCUB.<\/a><\/strong><\/p>\n\n\n\n<p><strong>Pentru siguran\u021ba participan\u021bilor, se vor impune \u0219i restric\u021bii de circula\u021bie pe Calea Victoriei, \u00eens\u0103 doar pe timpul zilei.<\/strong><\/p>\n\n\n\n<figure class=\"wp-block-gallery has-nested-images columns-default is-cropped wp-block-gallery-1 is-layout-flex wp-block-gallery-is-layout-flex\">\n<figure class=\"wp-block-image size-large\"><img fetchpriority=\"high\" decoding=\"async\" width=\"900\" height=\"599\" data-id=\"93289\" src=\"data:image\/gif;base64,R0lGODlhAQABAAAAACH5BAEKAAEALAAAAAABAAEAAAICTAEAOw==\" data-src=\"https:\/\/buletin.de\/bucuresti\/wp-content\/uploads\/453502691_815934744047565_6542818127822297821_n-900x599.jpg\" alt=\"\" class=\"wp-image-93289 lazyload\" data-sizes=\"auto\" data-srcset=\"https:\/\/buletin.de\/bucuresti\/wp-content\/uploads\/453502691_815934744047565_6542818127822297821_n-900x599.jpg 900w, https:\/\/buletin.de\/bucuresti\/wp-content\/uploads\/453502691_815934744047565_6542818127822297821_n-300x200.jpg 300w, https:\/\/buletin.de\/bucuresti\/wp-content\/uploads\/453502691_815934744047565_6542818127822297821_n-768x511.jpg 768w, https:\/\/buletin.de\/bucuresti\/wp-content\/uploads\/453502691_815934744047565_6542818127822297821_n-600x399.jpg 600w, https:\/\/buletin.de\/bucuresti\/wp-content\/uploads\/453502691_815934744047565_6542818127822297821_n-20x13.jpg 20w, https:\/\/buletin.de\/bucuresti\/wp-content\/uploads\/453502691_815934744047565_6542818127822297821_n.jpg 960w\" sizes=\"(max-width: 900px) 100vw, 900px\" \/><\/figure>\n\n\n\n<figure class=\"wp-block-image size-large\"><img decoding=\"async\" width=\"900\" height=\"601\" data-id=\"93290\" src=\"data:image\/gif;base64,R0lGODlhAQABAAAAACH5BAEKAAEALAAAAAABAAEAAAICTAEAOw==\" data-src=\"https:\/\/buletin.de\/bucuresti\/wp-content\/uploads\/453256966_815935417380831_1450412881832356652_n-900x601.jpg\" alt=\"\" class=\"wp-image-93290 lazyload\" data-sizes=\"auto\" data-srcset=\"https:\/\/buletin.de\/bucuresti\/wp-content\/uploads\/453256966_815935417380831_1450412881832356652_n-900x601.jpg 900w, https:\/\/buletin.de\/bucuresti\/wp-content\/uploads\/453256966_815935417380831_1450412881832356652_n-300x200.jpg 300w, https:\/\/buletin.de\/bucuresti\/wp-content\/uploads\/453256966_815935417380831_1450412881832356652_n-768x513.jpg 768w, https:\/\/buletin.de\/bucuresti\/wp-content\/uploads\/453256966_815935417380831_1450412881832356652_n-600x400.jpg 600w, https:\/\/buletin.de\/bucuresti\/wp-content\/uploads\/453256966_815935417380831_1450412881832356652_n-20x13.jpg 20w, https:\/\/buletin.de\/bucuresti\/wp-content\/uploads\/453256966_815935417380831_1450412881832356652_n.jpg 1001w\" sizes=\"(max-width: 900px) 100vw, 900px\" \/><\/figure>\n<figcaption class=\"blocks-gallery-caption wp-element-caption\">\u201eStr\u0103zi Deschise\u201d. Foto: FB\/ PMB<\/figcaption><\/figure>\n\n\n\n<p>S\u00e2mb\u0103t\u0103 diminea\u021ba, bucure\u0219tenii sunt invita\u021bi la atelierul creativ&nbsp;\u201eMacheta ora\u0219ului scriitorilor\u201d ce portretizeaz\u0103 un ora\u0219 \u00een care locuiesc doar scriitori \u0219i animalele lor de companie. Atelierul se va desf\u0103\u0219ura la Muzeul Na\u021bional al Literaturii Rom\u00e2ne, \u00eencep\u00e2nd cu ora 11:00.<\/p>\n\n\n\n<p>\u201eStr\u0103zi Deschise\u201d aduce \u0219i demonstra\u021bii de pictur\u0103 pe p\u00e2nz\u0103, organizate de Asocia\u021bia Arti\u0219tilor Plastici din Bucure\u0219ti, \u00een zona&nbsp;Muzeului Colec\u021biilor de Art\u0103. Acestea vor avea loc at\u00e2t s\u00e2mb\u0103ta, c\u00e2t \u0219i duminica, \u00eentre orele 12:00-20:30.<\/p>\n\n\n\n<p>\u00cen ambele zile, pe sear\u0103, sunt programate concerte live ale trupei REAL. \u00cen acela\u0219i interval, \u0219i anume 17:00 \u2013 21:00, vizitatorii sunt a\u0219tepta\u021bi s\u0103 se bucure de caricaturile artistului Vasile Catrina.<\/p>\n\n\n\n<p>Totodat\u0103, expozi\u021biile \u201eMuzeul V\u00e2rstelor \u2013 de la copil\u0103rie la senectute\u201d \u0219i \u201e\u00cen apropierea sfin\u021bilor. Frescele M\u0103n\u0103stirii V\u0103c\u0103re\u0219ti dup\u0103 40 de ani\u201d pot fi vizitate \u00eentre orele 10:00 \u0219i 17:30, la Casa Filipescu-Cesianu.<\/p>\n\n\n\n<figure class=\"wp-block-gallery has-nested-images columns-default is-cropped wp-block-gallery-2 is-layout-flex wp-block-gallery-is-layout-flex\">\n<figure class=\"wp-block-image size-large\"><img decoding=\"async\" width=\"900\" height=\"601\" data-id=\"93291\" src=\"data:image\/gif;base64,R0lGODlhAQABAAAAACH5BAEKAAEALAAAAAABAAEAAAICTAEAOw==\" data-src=\"https:\/\/buletin.de\/bucuresti\/wp-content\/uploads\/453751565_815935154047524_1322817964634789335_n-900x601.jpg\" alt=\"\" class=\"wp-image-93291 lazyload\" data-sizes=\"auto\" data-srcset=\"https:\/\/buletin.de\/bucuresti\/wp-content\/uploads\/453751565_815935154047524_1322817964634789335_n-900x601.jpg 900w, https:\/\/buletin.de\/bucuresti\/wp-content\/uploads\/453751565_815935154047524_1322817964634789335_n-300x200.jpg 300w, https:\/\/buletin.de\/bucuresti\/wp-content\/uploads\/453751565_815935154047524_1322817964634789335_n-768x513.jpg 768w, https:\/\/buletin.de\/bucuresti\/wp-content\/uploads\/453751565_815935154047524_1322817964634789335_n-600x400.jpg 600w, https:\/\/buletin.de\/bucuresti\/wp-content\/uploads\/453751565_815935154047524_1322817964634789335_n-20x13.jpg 20w, https:\/\/buletin.de\/bucuresti\/wp-content\/uploads\/453751565_815935154047524_1322817964634789335_n.jpg 1001w\" sizes=\"(max-width: 900px) 100vw, 900px\" \/><\/figure>\n\n\n\n<figure class=\"wp-block-image size-large\"><img loading=\"lazy\" decoding=\"async\" width=\"900\" height=\"601\" data-id=\"93292\" src=\"data:image\/gif;base64,R0lGODlhAQABAAAAACH5BAEKAAEALAAAAAABAAEAAAICTAEAOw==\" data-src=\"https:\/\/buletin.de\/bucuresti\/wp-content\/uploads\/452987585_815935147380858_197306306964354262_n-900x601.jpg\" alt=\"\" class=\"wp-image-93292 lazyload\" data-sizes=\"auto\" data-srcset=\"https:\/\/buletin.de\/bucuresti\/wp-content\/uploads\/452987585_815935147380858_197306306964354262_n-900x601.jpg 900w, https:\/\/buletin.de\/bucuresti\/wp-content\/uploads\/452987585_815935147380858_197306306964354262_n-300x200.jpg 300w, https:\/\/buletin.de\/bucuresti\/wp-content\/uploads\/452987585_815935147380858_197306306964354262_n-768x513.jpg 768w, https:\/\/buletin.de\/bucuresti\/wp-content\/uploads\/452987585_815935147380858_197306306964354262_n-600x400.jpg 600w, https:\/\/buletin.de\/bucuresti\/wp-content\/uploads\/452987585_815935147380858_197306306964354262_n-20x13.jpg 20w, https:\/\/buletin.de\/bucuresti\/wp-content\/uploads\/452987585_815935147380858_197306306964354262_n.jpg 1001w\" sizes=\"(max-width: 900px) 100vw, 900px\" \/><\/figure>\n<figcaption class=\"blocks-gallery-caption wp-element-caption\">\u201eStr\u0103zi Deschise\u201d. Foto: FB\/ PMB<\/figcaption><\/figure>\n\n\n\n<h2 class=\"wp-block-heading\">\u201eStr\u0103zi Deschise\u201d &#8211; Program artistic<\/h2>\n\n\n\n<h4 class=\"wp-block-heading\">S\u00e2mb\u0103t\u0103, 3 august<\/h4>\n\n\n\n<p><strong>Calea Victoriei \u2013 Muzeul Municipiului Bucure\u0219ti \u2013 Casa Filipescu-Cesianu<\/strong><\/p>\n\n\n\n<p>10:00 \u2013 17:30:\u201eMuzeul V\u00e2rstelor \u2013 de la copil\u0103rie la senectute\u201d \/\/ \u201e\u00cen apropierea sfin\u021bilor. Frescele M\u0103n\u0103stirii V\u0103c\u0103re\u0219ti dup\u0103 40 de ani\u201d \u2013<em>&nbsp;expozi\u021bii permanente<\/em>;<\/p>\n\n\n\n<p><strong>Calea Victoriei nr. 110<\/strong><\/p>\n\n\n\n<p>11:00: \u201eMacheta ora\u0219ului scriitorilor\u201d&nbsp;\u2013&nbsp;<em>atelier de creativitate, coordonator: Gabriela Toma<\/em>&nbsp;<strong>(Muzeul Na\u021bional al Literaturii Rom\u00e2ne)<\/strong>;<\/p>\n\n\n\n<p><strong>Calea Victoriei \u2013 Zona Muzeului Colec\u021biilor de Art\u0103<\/strong><\/p>\n\n\n\n<p>12:00 \u2013 20:30: Demonstra\u021bii de pictur\u0103 pe p\u00e2nz\u0103<strong>&nbsp;(Asocia\u021bia Arti\u0219tilor Plastici din Bucure\u0219ti)<\/strong>;<\/p>\n\n\n\n<p><strong>Calea Victoriei \u2013 zona Hotelului Novotel<\/strong><\/p>\n\n\n\n<p>17:00 \u2013 21:00: Concert trupa REAL \u2013<em>&nbsp;Andra Pier\u0219inaru (voce), Radu Marinescu (chitar\u0103), Angelo Stoica (chitar\u0103), Leon Craioveanu (percu\u021bie)<\/em>;<\/p>\n\n\n\n<p><strong>Calea Victoriei \u2013 zona magazinului Max Mara<\/strong><\/p>\n\n\n\n<p>17:00 \u2013 21:00: Caricaturi \u2013&nbsp;<em>Vasile Catrina<\/em>.<\/p>\n\n\n\n<h4 class=\"wp-block-heading\"><strong>Duminic\u0103, 4 august<\/strong><\/h4>\n\n\n\n<p><strong>Calea Victoriei \u2013 Muzeul Municipiului Bucure\u0219ti \u2013 Casa Filipescu-Cesianu<\/strong><\/p>\n\n\n\n<p>10:00 \u2013 17:30:\u201eMuzeul V\u00e2rstelor \u2013 de la copil\u0103rie la senectute\u201d \/\/ \u201e\u00cen apropierea sfin\u021bilor. Frescele M\u0103n\u0103stirii V\u0103c\u0103re\u0219ti dup\u0103 40 de ani\u201d \u2013<em>&nbsp;expozi\u021bii permanente<\/em>;<\/p>\n\n\n\n<p><strong>Calea Victoriei \u2013 Zona Muzeului Colec\u021biilor de Art\u0103<\/strong><\/p>\n\n\n\n<p>12:00 \u2013 20:30: Demonstra\u021bii de pictur\u0103 pe p\u00e2nz\u0103<strong>&nbsp;(Asocia\u021bia Arti\u0219tilor Plastici din Bucure\u0219ti)<\/strong>;<\/p>\n\n\n\n<p><strong>Calea Victoriei \u2013 zona Hotelului Novotel<\/strong><\/p>\n\n\n\n<p>17:00 \u2013 21:00: Concert trupa REAL \u2013<em>&nbsp;Andra Pier\u0219inaru (voce), Radu Marinescu (chitar\u0103), Angelo Stoica (chitar\u0103), Leon Craioveanu (percu\u021bie)<\/em>;<\/p>\n\n\n\n<p><strong>Calea Victoriei \u2013 zona magazinului Max Mara<\/strong><\/p>\n\n\n\n<p>17:00 \u2013 21:00: Caricaturi \u2013&nbsp;<em>Vasile Catrina<\/em>.<\/p>\n\n\n\n<p>De asemenea, \u0218coala de Art\u0103 Bucure\u0219ti&nbsp;are deschise o serie de&nbsp;expozi\u021bii de art\u0103 decorativ\u0103 \u0219i iconografie,&nbsp;pictur\u0103,&nbsp;grafic\u0103&nbsp;\u0219i&nbsp;design vestimentar, ce pot fi vizitate, \u00een intervalul&nbsp;15:00-20:30, la sediul din&nbsp;sectorul 4 al Capitalei, pe Strada Cuza Vod\u0103 nr. 100.<\/p>\n\n\n\n<p><strong>CITE\u0218TE \u0218I: <\/strong><a href=\"https:\/\/buletin.de\/bucuresti\/studiu-cel-mai-poluat-aer-din-capitala-la-gara-de-nord-si-in-statiile-de-metrou\/\">STUDIU | Cel mai poluat aer din Capital\u0103, la Gara de Nord \u0219i \u00een sta\u021biile de metrou<\/a><\/p>\n\n\n\n<h2 class=\"wp-block-heading\">\u201eStr\u0103zi Deschise\u201d &#8211; Restric\u021bii de circula\u021bie<\/h2>\n\n\n\n<p>Pentru buna desf\u0103\u0219urare a evenimentului, se vor impune restric\u021bii pe Calea Victoriei, segmentul de drum Bulevardul Dacia \u2013 Splaiul Independen\u021bei. Ca de fiecare dat\u0103, acestea vor fi valabile s\u00e2mb\u0103t\u0103 \u0219i duminic\u0103, \u00eens\u0103 doar \u00een timpul zilei (09:00 \u2013 23:00).<\/p>\n\n\n\n<p>\u00cen acest interval, se \u00eenchid \u0219i pistele de biciclete. Totodat\u0103, circula\u021bia STB va fi deviat\u0103, f\u0103r\u0103 afectarea c\u0103l\u0103torilor.<\/p>\n\n\n\n<p>Traficul din intersec\u021bii nu va fi afectat. Mai exact, se va permite traversul pe Calea Victoriei, la intersec\u021biile cu Bd. Dacia, Str. \u0218tirbei Vod\u0103, Str. Ion C\u00e2mpineanu \u0219i Bd. Regina Elisabeta, potrivit&nbsp;<a href=\"https:\/\/arcub.ro\/weekend-estival-la-strazi-deschise-bucuresti-promenada-urbana-concerte-live-demonstratii-de-pictura-si-ateliere-de-creatie-pe-calea-victoriei\/\">ARCUB<\/a>.<\/p>\n\n\n\n<p><strong>CITE\u0218TE \u0218I:<\/strong> <a href=\"https:\/\/buletin.de\/bucuresti\/nicusor-dan-mesaj-dur-despre-primarul-de-la-sectorul-5-piedone-si-gasca-au-votat-fara-sa-clipeasca\/\">Nicu\u0219or Dan, mesaj dur despre primarul de la Sectorul 5: Piedone \u0219i ga\u0219ca au votat f\u0103r\u0103 s\u0103 clipeasc\u0103<\/a><\/p>\n","protected":false},"excerpt":{"rendered":"<p>\u00cen weekendul 3-4 august, \u201eStr\u0103zi deschise, Bucure\u0219ti \u2013 Promenad\u0103 urban\u0103\u201d propune plimb\u0103ri pietonale \u0219i demonstra\u021bii de pictur\u0103 pe p\u00e2nz\u0103, concerte live \u0219i ateliere creative. Evenimentele se vor desf\u0103\u0219ura pe Calea Victoriei, iar expozi\u021biile de art\u0103 pot fi vizitate la Casa Filipescu-Cesianu, respectiv la \u0218coala de Art\u0103 Bucure\u0219ti, potrivit&nbsp;ARCUB. Pentru siguran\u021ba participan\u021bilor, se vor impune \u0219i [&hellip;]<\/p>\n","protected":false},"author":49,"featured_media":93288,"comment_status":"closed","ping_status":"open","sticky":false,"template":"","format":"standard","meta":{"_acf_changed":false,"inline_featured_image":false,"ngg_post_thumbnail":0,"footnotes":""},"categories":[6994,81,5762],"tags":[3602,4419,11189,13886,11969,13885,4494,2794],"ppma_author":[22574],"class_list":["post-93126","post","type-post","status-publish","format-standard","has-post-thumbnail","hentry","category-stiri-2","category-cultura","category-main","tag-arcub","tag-calea-victoriei","tag-calea-victoriei-pietonala-2","tag-caricaturi","tag-concerte-stradale","tag-expozitii-de-arta","tag-restrictii-de-circulatie","tag-strazi-deschise"],"acf":[],"yoast_head":"<!-- This site is optimized with the Yoast SEO Premium plugin v25.3 (Yoast SEO v27.4) - https:\/\/yoast.com\/product\/yoast-seo-premium-wordpress\/ -->\n<title>Weekend cu \u201eStr\u0103zi Deschise\u201d: demonstra\u021bii de pictur\u0103 pe p\u00e2nz\u0103 \u0219i concerte live pe Calea Victoriei - Buletin de Bucure\u0219ti<\/title>\n<meta name=\"description\" content=\"\u00cen weekendul 3-4 august, \u201eStr\u0103zi Deschise\u201d propune plimb\u0103ri pietonale \u0219i demonstra\u021bii de pictur\u0103 pe p\u00e2nz\u0103, concerte live \u0219i ateliere creative.\" \/>\n<meta name=\"robots\" content=\"index, follow, max-snippet:-1, max-image-preview:large, max-video-preview:-1\" \/>\n<link rel=\"canonical\" href=\"https:\/\/buletin.de\/bucuresti\/weekend-cu-strazi-deschise-demonstratii-de-pictura-pe-panza-si-concerte-live-pe-calea-victoriei\/\" \/>\n<meta property=\"og:locale\" content=\"en_GB\" \/>\n<meta property=\"og:type\" content=\"article\" \/>\n<meta property=\"og:title\" content=\"Weekend cu \u201eStr\u0103zi Deschise\u201d: demonstra\u021bii de pictur\u0103 pe p\u00e2nz\u0103 \u0219i concerte live pe Calea Victoriei\" \/>\n<meta property=\"og:description\" content=\"\u00cen weekendul 3-4 august, \u201eStr\u0103zi Deschise\u201d propune plimb\u0103ri pietonale \u0219i demonstra\u021bii de pictur\u0103 pe p\u00e2nz\u0103, concerte live \u0219i ateliere creative.\" \/>\n<meta property=\"og:url\" content=\"https:\/\/buletin.de\/bucuresti\/weekend-cu-strazi-deschise-demonstratii-de-pictura-pe-panza-si-concerte-live-pe-calea-victoriei\/\" \/>\n<meta property=\"og:site_name\" content=\"Buletin de Bucure\u0219ti\" \/>\n<meta property=\"article:publisher\" content=\"https:\/\/www.facebook.com\/buletin.de.buc\" \/>\n<meta property=\"article:published_time\" content=\"2024-08-03T02:29:00+00:00\" \/>\n<meta property=\"article:modified_time\" content=\"2024-08-03T05:53:30+00:00\" \/>\n<meta property=\"og:image\" content=\"https:\/\/buletin.de\/bucuresti\/wp-content\/uploads\/453627307_815935400714166_7801458280867578741_n.jpg\" \/>\n\t<meta property=\"og:image:width\" content=\"1000\" \/>\n\t<meta property=\"og:image:height\" content=\"666\" \/>\n\t<meta property=\"og:image:type\" content=\"image\/jpeg\" \/>\n<meta name=\"author\" content=\"Diana Matei\" \/>\n<meta name=\"twitter:card\" content=\"summary_large_image\" \/>\n<meta name=\"twitter:label1\" content=\"Written by\" \/>\n\t<meta name=\"twitter:data1\" content=\"Diana Matei\" \/>\n\t<meta name=\"twitter:label2\" content=\"Estimated reading time\" \/>\n\t<meta name=\"twitter:data2\" content=\"4 minutes\" \/>\n<script type=\"application\/ld+json\" class=\"yoast-schema-graph\">{\"@context\":\"https:\\\/\\\/schema.org\",\"@graph\":[{\"@type\":\"Article\",\"@id\":\"https:\\\/\\\/buletin.de\\\/bucuresti\\\/weekend-cu-strazi-deschise-demonstratii-de-pictura-pe-panza-si-concerte-live-pe-calea-victoriei\\\/#article\",\"isPartOf\":{\"@id\":\"https:\\\/\\\/buletin.de\\\/bucuresti\\\/weekend-cu-strazi-deschise-demonstratii-de-pictura-pe-panza-si-concerte-live-pe-calea-victoriei\\\/\"},\"author\":{\"name\":\"Diana Matei\",\"@id\":\"https:\\\/\\\/buletin.de\\\/bucuresti\\\/#\\\/schema\\\/person\\\/7e46040573290777280a0835d81ea4ea\"},\"headline\":\"Weekend cu \u201eStr\u0103zi Deschise\u201d: demonstra\u021bii de pictur\u0103 pe p\u00e2nz\u0103 \u0219i concerte live pe Calea Victoriei\",\"datePublished\":\"2024-08-03T02:29:00+00:00\",\"dateModified\":\"2024-08-03T05:53:30+00:00\",\"mainEntityOfPage\":{\"@id\":\"https:\\\/\\\/buletin.de\\\/bucuresti\\\/weekend-cu-strazi-deschise-demonstratii-de-pictura-pe-panza-si-concerte-live-pe-calea-victoriei\\\/\"},\"wordCount\":695,\"publisher\":{\"@id\":\"https:\\\/\\\/buletin.de\\\/bucuresti\\\/#organization\"},\"image\":{\"@id\":\"https:\\\/\\\/buletin.de\\\/bucuresti\\\/weekend-cu-strazi-deschise-demonstratii-de-pictura-pe-panza-si-concerte-live-pe-calea-victoriei\\\/#primaryimage\"},\"thumbnailUrl\":\"https:\\\/\\\/buletin.de\\\/bucuresti\\\/wp-content\\\/uploads\\\/453627307_815935400714166_7801458280867578741_n.jpg\",\"keywords\":[\"arcub\",\"calea victoriei\",\"calea victoriei pietonala\",\"caricaturi\",\"concerte stradale\",\"expozitii de arta\",\"restrictii de circulatie\",\"strazi deschise\"],\"articleSection\":[\"Articole\",\"Cultur\u0103\",\"Main\"],\"inLanguage\":\"en-GB\",\"copyrightYear\":\"2024\",\"copyrightHolder\":{\"@id\":\"https:\\\/\\\/buletin.de\\\/bucuresti\\\/#organization\"}},{\"@type\":\"WebPage\",\"@id\":\"https:\\\/\\\/buletin.de\\\/bucuresti\\\/weekend-cu-strazi-deschise-demonstratii-de-pictura-pe-panza-si-concerte-live-pe-calea-victoriei\\\/\",\"url\":\"https:\\\/\\\/buletin.de\\\/bucuresti\\\/weekend-cu-strazi-deschise-demonstratii-de-pictura-pe-panza-si-concerte-live-pe-calea-victoriei\\\/\",\"name\":\"Weekend cu \u201eStr\u0103zi Deschise\u201d: demonstra\u021bii de pictur\u0103 pe p\u00e2nz\u0103 \u0219i concerte live pe Calea Victoriei - Buletin de Bucure\u0219ti\",\"isPartOf\":{\"@id\":\"https:\\\/\\\/buletin.de\\\/bucuresti\\\/#website\"},\"primaryImageOfPage\":{\"@id\":\"https:\\\/\\\/buletin.de\\\/bucuresti\\\/weekend-cu-strazi-deschise-demonstratii-de-pictura-pe-panza-si-concerte-live-pe-calea-victoriei\\\/#primaryimage\"},\"image\":{\"@id\":\"https:\\\/\\\/buletin.de\\\/bucuresti\\\/weekend-cu-strazi-deschise-demonstratii-de-pictura-pe-panza-si-concerte-live-pe-calea-victoriei\\\/#primaryimage\"},\"thumbnailUrl\":\"https:\\\/\\\/buletin.de\\\/bucuresti\\\/wp-content\\\/uploads\\\/453627307_815935400714166_7801458280867578741_n.jpg\",\"datePublished\":\"2024-08-03T02:29:00+00:00\",\"dateModified\":\"2024-08-03T05:53:30+00:00\",\"description\":\"\u00cen weekendul 3-4 august, \u201eStr\u0103zi Deschise\u201d propune plimb\u0103ri pietonale \u0219i demonstra\u021bii de pictur\u0103 pe p\u00e2nz\u0103, concerte live \u0219i ateliere creative.\",\"breadcrumb\":{\"@id\":\"https:\\\/\\\/buletin.de\\\/bucuresti\\\/weekend-cu-strazi-deschise-demonstratii-de-pictura-pe-panza-si-concerte-live-pe-calea-victoriei\\\/#breadcrumb\"},\"inLanguage\":\"en-GB\",\"potentialAction\":[{\"@type\":\"ReadAction\",\"target\":[\"https:\\\/\\\/buletin.de\\\/bucuresti\\\/weekend-cu-strazi-deschise-demonstratii-de-pictura-pe-panza-si-concerte-live-pe-calea-victoriei\\\/\"]}]},{\"@type\":\"ImageObject\",\"inLanguage\":\"en-GB\",\"@id\":\"https:\\\/\\\/buletin.de\\\/bucuresti\\\/weekend-cu-strazi-deschise-demonstratii-de-pictura-pe-panza-si-concerte-live-pe-calea-victoriei\\\/#primaryimage\",\"url\":\"https:\\\/\\\/buletin.de\\\/bucuresti\\\/wp-content\\\/uploads\\\/453627307_815935400714166_7801458280867578741_n.jpg\",\"contentUrl\":\"https:\\\/\\\/buletin.de\\\/bucuresti\\\/wp-content\\\/uploads\\\/453627307_815935400714166_7801458280867578741_n.jpg\",\"width\":1000,\"height\":666,\"caption\":\"Traficul va fi restric\u021bionat \u00een Capital\u0103, pentru mai multe evenimente din weekend. FOTO: Arhiva\"},{\"@type\":\"BreadcrumbList\",\"@id\":\"https:\\\/\\\/buletin.de\\\/bucuresti\\\/weekend-cu-strazi-deschise-demonstratii-de-pictura-pe-panza-si-concerte-live-pe-calea-victoriei\\\/#breadcrumb\",\"itemListElement\":[{\"@type\":\"ListItem\",\"position\":1,\"name\":\"Acas\u0103\",\"item\":\"https:\\\/\\\/buletin.de\\\/bucuresti\\\/\"},{\"@type\":\"ListItem\",\"position\":2,\"name\":\"Weekend cu \u201eStr\u0103zi Deschise\u201d: demonstra\u021bii de pictur\u0103 pe p\u00e2nz\u0103 \u0219i concerte live pe Calea Victoriei\"}]},{\"@type\":\"WebSite\",\"@id\":\"https:\\\/\\\/buletin.de\\\/bucuresti\\\/#website\",\"url\":\"https:\\\/\\\/buletin.de\\\/bucuresti\\\/\",\"name\":\"Buletin de Bucure\u0219ti\",\"description\":\"\u0218tiri \u0219i investiga\u021bii esen\u021biale din capital\u0103\",\"publisher\":{\"@id\":\"https:\\\/\\\/buletin.de\\\/bucuresti\\\/#organization\"},\"potentialAction\":[{\"@type\":\"SearchAction\",\"target\":{\"@type\":\"EntryPoint\",\"urlTemplate\":\"https:\\\/\\\/buletin.de\\\/bucuresti\\\/?s={search_term_string}\"},\"query-input\":{\"@type\":\"PropertyValueSpecification\",\"valueRequired\":true,\"valueName\":\"search_term_string\"}}],\"inLanguage\":\"en-GB\"},{\"@type\":\"Organization\",\"@id\":\"https:\\\/\\\/buletin.de\\\/bucuresti\\\/#organization\",\"name\":\"Buletin de Bucure\u0219ti\",\"url\":\"https:\\\/\\\/buletin.de\\\/bucuresti\\\/\",\"logo\":{\"@type\":\"ImageObject\",\"inLanguage\":\"en-GB\",\"@id\":\"https:\\\/\\\/buletin.de\\\/bucuresti\\\/#\\\/schema\\\/logo\\\/image\\\/\",\"url\":\"https:\\\/\\\/buletin.de\\\/bucuresti\\\/wp-content\\\/uploads\\\/logo-bdb-full-wide-vernil-transparent.png\",\"contentUrl\":\"https:\\\/\\\/buletin.de\\\/bucuresti\\\/wp-content\\\/uploads\\\/logo-bdb-full-wide-vernil-transparent.png\",\"width\":1782,\"height\":626,\"caption\":\"Buletin de Bucure\u0219ti\"},\"image\":{\"@id\":\"https:\\\/\\\/buletin.de\\\/bucuresti\\\/#\\\/schema\\\/logo\\\/image\\\/\"},\"sameAs\":[\"https:\\\/\\\/www.facebook.com\\\/buletin.de.buc\",\"https:\\\/\\\/www.instagram.com\\\/buletinde.bucuresti\\\/\"]},{\"@type\":\"Person\",\"@id\":\"https:\\\/\\\/buletin.de\\\/bucuresti\\\/#\\\/schema\\\/person\\\/7e46040573290777280a0835d81ea4ea\",\"name\":\"Diana Matei\",\"image\":{\"@type\":\"ImageObject\",\"inLanguage\":\"en-GB\",\"@id\":\"https:\\\/\\\/buletin.de\\\/bucuresti\\\/wp-content\\\/uploads\\\/9-2-96x96.jpg1e8590b30871d70e62ebcdaf2eff570c\",\"url\":\"https:\\\/\\\/buletin.de\\\/bucuresti\\\/wp-content\\\/uploads\\\/9-2-96x96.jpg\",\"contentUrl\":\"https:\\\/\\\/buletin.de\\\/bucuresti\\\/wp-content\\\/uploads\\\/9-2-96x96.jpg\",\"caption\":\"Diana Matei\"},\"url\":\"https:\\\/\\\/buletin.de\\\/bucuresti\\\/author\\\/dianamatei\\\/\"}]}<\/script>\n<!-- \/ Yoast SEO Premium plugin. -->","yoast_head_json":{"title":"Weekend cu \u201eStr\u0103zi Deschise\u201d: demonstra\u021bii de pictur\u0103 pe p\u00e2nz\u0103 \u0219i concerte live pe Calea Victoriei - Buletin de Bucure\u0219ti","description":"\u00cen weekendul 3-4 august, \u201eStr\u0103zi Deschise\u201d propune plimb\u0103ri pietonale \u0219i demonstra\u021bii de pictur\u0103 pe p\u00e2nz\u0103, concerte live \u0219i ateliere creative.","robots":{"index":"index","follow":"follow","max-snippet":"max-snippet:-1","max-image-preview":"max-image-preview:large","max-video-preview":"max-video-preview:-1"},"canonical":"https:\/\/buletin.de\/bucuresti\/weekend-cu-strazi-deschise-demonstratii-de-pictura-pe-panza-si-concerte-live-pe-calea-victoriei\/","og_locale":"en_GB","og_type":"article","og_title":"Weekend cu \u201eStr\u0103zi Deschise\u201d: demonstra\u021bii de pictur\u0103 pe p\u00e2nz\u0103 \u0219i concerte live pe Calea Victoriei","og_description":"\u00cen weekendul 3-4 august, \u201eStr\u0103zi Deschise\u201d propune plimb\u0103ri pietonale \u0219i demonstra\u021bii de pictur\u0103 pe p\u00e2nz\u0103, concerte live \u0219i ateliere creative.","og_url":"https:\/\/buletin.de\/bucuresti\/weekend-cu-strazi-deschise-demonstratii-de-pictura-pe-panza-si-concerte-live-pe-calea-victoriei\/","og_site_name":"Buletin de Bucure\u0219ti","article_publisher":"https:\/\/www.facebook.com\/buletin.de.buc","article_published_time":"2024-08-03T02:29:00+00:00","article_modified_time":"2024-08-03T05:53:30+00:00","og_image":[{"width":1000,"height":666,"url":"https:\/\/buletin.de\/bucuresti\/wp-content\/uploads\/453627307_815935400714166_7801458280867578741_n.jpg","type":"image\/jpeg"}],"author":"Diana Matei","twitter_card":"summary_large_image","twitter_misc":{"Written by":"Diana Matei","Estimated reading time":"4 minutes"},"schema":{"@context":"https:\/\/schema.org","@graph":[{"@type":"Article","@id":"https:\/\/buletin.de\/bucuresti\/weekend-cu-strazi-deschise-demonstratii-de-pictura-pe-panza-si-concerte-live-pe-calea-victoriei\/#article","isPartOf":{"@id":"https:\/\/buletin.de\/bucuresti\/weekend-cu-strazi-deschise-demonstratii-de-pictura-pe-panza-si-concerte-live-pe-calea-victoriei\/"},"author":{"name":"Diana Matei","@id":"https:\/\/buletin.de\/bucuresti\/#\/schema\/person\/7e46040573290777280a0835d81ea4ea"},"headline":"Weekend cu \u201eStr\u0103zi Deschise\u201d: demonstra\u021bii de pictur\u0103 pe p\u00e2nz\u0103 \u0219i concerte live pe Calea Victoriei","datePublished":"2024-08-03T02:29:00+00:00","dateModified":"2024-08-03T05:53:30+00:00","mainEntityOfPage":{"@id":"https:\/\/buletin.de\/bucuresti\/weekend-cu-strazi-deschise-demonstratii-de-pictura-pe-panza-si-concerte-live-pe-calea-victoriei\/"},"wordCount":695,"publisher":{"@id":"https:\/\/buletin.de\/bucuresti\/#organization"},"image":{"@id":"https:\/\/buletin.de\/bucuresti\/weekend-cu-strazi-deschise-demonstratii-de-pictura-pe-panza-si-concerte-live-pe-calea-victoriei\/#primaryimage"},"thumbnailUrl":"https:\/\/buletin.de\/bucuresti\/wp-content\/uploads\/453627307_815935400714166_7801458280867578741_n.jpg","keywords":["arcub","calea victoriei","calea victoriei pietonala","caricaturi","concerte stradale","expozitii de arta","restrictii de circulatie","strazi deschise"],"articleSection":["Articole","Cultur\u0103","Main"],"inLanguage":"en-GB","copyrightYear":"2024","copyrightHolder":{"@id":"https:\/\/buletin.de\/bucuresti\/#organization"}},{"@type":"WebPage","@id":"https:\/\/buletin.de\/bucuresti\/weekend-cu-strazi-deschise-demonstratii-de-pictura-pe-panza-si-concerte-live-pe-calea-victoriei\/","url":"https:\/\/buletin.de\/bucuresti\/weekend-cu-strazi-deschise-demonstratii-de-pictura-pe-panza-si-concerte-live-pe-calea-victoriei\/","name":"Weekend cu \u201eStr\u0103zi Deschise\u201d: demonstra\u021bii de pictur\u0103 pe p\u00e2nz\u0103 \u0219i concerte live pe Calea Victoriei - Buletin de Bucure\u0219ti","isPartOf":{"@id":"https:\/\/buletin.de\/bucuresti\/#website"},"primaryImageOfPage":{"@id":"https:\/\/buletin.de\/bucuresti\/weekend-cu-strazi-deschise-demonstratii-de-pictura-pe-panza-si-concerte-live-pe-calea-victoriei\/#primaryimage"},"image":{"@id":"https:\/\/buletin.de\/bucuresti\/weekend-cu-strazi-deschise-demonstratii-de-pictura-pe-panza-si-concerte-live-pe-calea-victoriei\/#primaryimage"},"thumbnailUrl":"https:\/\/buletin.de\/bucuresti\/wp-content\/uploads\/453627307_815935400714166_7801458280867578741_n.jpg","datePublished":"2024-08-03T02:29:00+00:00","dateModified":"2024-08-03T05:53:30+00:00","description":"\u00cen weekendul 3-4 august, \u201eStr\u0103zi Deschise\u201d propune plimb\u0103ri pietonale \u0219i demonstra\u021bii de pictur\u0103 pe p\u00e2nz\u0103, concerte live \u0219i ateliere creative.","breadcrumb":{"@id":"https:\/\/buletin.de\/bucuresti\/weekend-cu-strazi-deschise-demonstratii-de-pictura-pe-panza-si-concerte-live-pe-calea-victoriei\/#breadcrumb"},"inLanguage":"en-GB","potentialAction":[{"@type":"ReadAction","target":["https:\/\/buletin.de\/bucuresti\/weekend-cu-strazi-deschise-demonstratii-de-pictura-pe-panza-si-concerte-live-pe-calea-victoriei\/"]}]},{"@type":"ImageObject","inLanguage":"en-GB","@id":"https:\/\/buletin.de\/bucuresti\/weekend-cu-strazi-deschise-demonstratii-de-pictura-pe-panza-si-concerte-live-pe-calea-victoriei\/#primaryimage","url":"https:\/\/buletin.de\/bucuresti\/wp-content\/uploads\/453627307_815935400714166_7801458280867578741_n.jpg","contentUrl":"https:\/\/buletin.de\/bucuresti\/wp-content\/uploads\/453627307_815935400714166_7801458280867578741_n.jpg","width":1000,"height":666,"caption":"Traficul va fi restric\u021bionat \u00een Capital\u0103, pentru mai multe evenimente din weekend. FOTO: Arhiva"},{"@type":"BreadcrumbList","@id":"https:\/\/buletin.de\/bucuresti\/weekend-cu-strazi-deschise-demonstratii-de-pictura-pe-panza-si-concerte-live-pe-calea-victoriei\/#breadcrumb","itemListElement":[{"@type":"ListItem","position":1,"name":"Acas\u0103","item":"https:\/\/buletin.de\/bucuresti\/"},{"@type":"ListItem","position":2,"name":"Weekend cu \u201eStr\u0103zi Deschise\u201d: demonstra\u021bii de pictur\u0103 pe p\u00e2nz\u0103 \u0219i concerte live pe Calea Victoriei"}]},{"@type":"WebSite","@id":"https:\/\/buletin.de\/bucuresti\/#website","url":"https:\/\/buletin.de\/bucuresti\/","name":"Buletin de Bucure\u0219ti","description":"\u0218tiri \u0219i investiga\u021bii esen\u021biale din capital\u0103","publisher":{"@id":"https:\/\/buletin.de\/bucuresti\/#organization"},"potentialAction":[{"@type":"SearchAction","target":{"@type":"EntryPoint","urlTemplate":"https:\/\/buletin.de\/bucuresti\/?s={search_term_string}"},"query-input":{"@type":"PropertyValueSpecification","valueRequired":true,"valueName":"search_term_string"}}],"inLanguage":"en-GB"},{"@type":"Organization","@id":"https:\/\/buletin.de\/bucuresti\/#organization","name":"Buletin de Bucure\u0219ti","url":"https:\/\/buletin.de\/bucuresti\/","logo":{"@type":"ImageObject","inLanguage":"en-GB","@id":"https:\/\/buletin.de\/bucuresti\/#\/schema\/logo\/image\/","url":"https:\/\/buletin.de\/bucuresti\/wp-content\/uploads\/logo-bdb-full-wide-vernil-transparent.png","contentUrl":"https:\/\/buletin.de\/bucuresti\/wp-content\/uploads\/logo-bdb-full-wide-vernil-transparent.png","width":1782,"height":626,"caption":"Buletin de Bucure\u0219ti"},"image":{"@id":"https:\/\/buletin.de\/bucuresti\/#\/schema\/logo\/image\/"},"sameAs":["https:\/\/www.facebook.com\/buletin.de.buc","https:\/\/www.instagram.com\/buletinde.bucuresti\/"]},{"@type":"Person","@id":"https:\/\/buletin.de\/bucuresti\/#\/schema\/person\/7e46040573290777280a0835d81ea4ea","name":"Diana Matei","image":{"@type":"ImageObject","inLanguage":"en-GB","@id":"https:\/\/buletin.de\/bucuresti\/wp-content\/uploads\/9-2-96x96.jpg1e8590b30871d70e62ebcdaf2eff570c","url":"https:\/\/buletin.de\/bucuresti\/wp-content\/uploads\/9-2-96x96.jpg","contentUrl":"https:\/\/buletin.de\/bucuresti\/wp-content\/uploads\/9-2-96x96.jpg","caption":"Diana Matei"},"url":"https:\/\/buletin.de\/bucuresti\/author\/dianamatei\/"}]}},"authors":[{"term_id":22574,"user_id":49,"is_guest":0,"slug":"dianamatei","display_name":"Diana Matei","avatar_url":"https:\/\/buletin.de\/bucuresti\/wp-content\/uploads\/9-2-96x96.jpg","0":null,"1":"","2":"","3":"","4":"","5":"","6":"","7":"","8":""}],"_links":{"self":[{"href":"https:\/\/buletin.de\/bucuresti\/wp-json\/wp\/v2\/posts\/93126","targetHints":{"allow":["GET"]}}],"collection":[{"href":"https:\/\/buletin.de\/bucuresti\/wp-json\/wp\/v2\/posts"}],"about":[{"href":"https:\/\/buletin.de\/bucuresti\/wp-json\/wp\/v2\/types\/post"}],"author":[{"embeddable":true,"href":"https:\/\/buletin.de\/bucuresti\/wp-json\/wp\/v2\/users\/49"}],"replies":[{"embeddable":true,"href":"https:\/\/buletin.de\/bucuresti\/wp-json\/wp\/v2\/comments?post=93126"}],"version-history":[{"count":2,"href":"https:\/\/buletin.de\/bucuresti\/wp-json\/wp\/v2\/posts\/93126\/revisions"}],"predecessor-version":[{"id":93295,"href":"https:\/\/buletin.de\/bucuresti\/wp-json\/wp\/v2\/posts\/93126\/revisions\/93295"}],"wp:featuredmedia":[{"embeddable":true,"href":"https:\/\/buletin.de\/bucuresti\/wp-json\/wp\/v2\/media\/93288"}],"wp:attachment":[{"href":"https:\/\/buletin.de\/bucuresti\/wp-json\/wp\/v2\/media?parent=93126"}],"wp:term":[{"taxonomy":"category","embeddable":true,"href":"https:\/\/buletin.de\/bucuresti\/wp-json\/wp\/v2\/categories?post=93126"},{"taxonomy":"post_tag","embeddable":true,"href":"https:\/\/buletin.de\/bucuresti\/wp-json\/wp\/v2\/tags?post=93126"},{"taxonomy":"author","embeddable":true,"href":"https:\/\/buletin.de\/bucuresti\/wp-json\/wp\/v2\/ppma_author?post=93126"}],"curies":[{"name":"wp","href":"https:\/\/api.w.org\/{rel}","templated":true}]}}