{"id":92968,"date":"2024-07-31T14:01:41","date_gmt":"2024-07-31T11:01:41","guid":{"rendered":"https:\/\/buletin.de\/bucuresti\/?p=92968"},"modified":"2024-07-31T14:01:41","modified_gmt":"2024-07-31T11:01:41","slug":"zboruri-suspendate-catre-beirut","status":"publish","type":"post","link":"https:\/\/buletin.de\/bucuresti\/zboruri-suspendate-catre-beirut\/","title":{"rendered":"Zboruri TAROM suspendate spre Beirut"},"content":{"rendered":"\n<p><strong>Zboruri TAROM suspendate spre Beirut, dup\u0103 ce armata israelian\u0103 a lovit cu rachete o cl\u0103dire din capitala Libanului, ucig\u00e2ndu-l pe liderul militar al grup\u0103rii teroriste Hezbollah. Ulterior, a fost ucis \u0219i \u0219eful Hamas, Ismail Haniyeh. Iranul a promis c\u0103 se va r\u0103zbuna pe Israel.<\/strong><\/p>\n\n\n\n<p>\u00cen acest context al degrad\u0103rii situa\u021biei din zon\u0103, <strong>TAROM anun\u021b\u0103 c\u0103 a suspendat zborurile spre \u0219i dinspre Beirut programate miercuri \u0219i joi. <\/strong><\/p>\n\n\n\n<p>O alert\u0103 a fost emis\u0103, \u00een urm\u0103 cu c\u00e2teva zile, de Ministerul de Externe, pentru a evita orice c\u0103l\u0103torie \u00een regiune.<\/p>\n\n\n\n<h2 class=\"wp-block-heading\"><strong>Zboruri TAROM suspendate spre Beirut<\/strong><\/h2>\n\n\n\n<p> \u00cen acest context, <a href=\"https:\/\/www.tarom.ro\/\">TAROM<\/a> recomand\u0103 tuturor pasagerilor afecta\u0163i s\u0103 contacteze compania pentru reprogramarea c\u0103l\u0103toriei la o dat\u0103 ulterioar\u0103. Compania precizeaz\u0103 c\u0103 nu vor exista costuri suplimentare. De asemenea, pasagerii au op\u0163iunea de a solicita rambursarea contravalorii biletului de avion. Modific\u0103rile se pot face nu mai t\u00e2rziu de 1 an de la data emiterii biletului de c\u0103l\u0103torie, precizeaz\u0103 TAROM.<\/p>\n\n\n\n<p><strong>CITE\u0218TE \u0218I:<\/strong> <strong><a href=\"https:\/\/buletin.de\/bucuresti\/noua-fabrica-de-vaccinuri-a-institutului-cantacuzino-aprobata-de-consiliul-general-al-municipiului-bucurestiu\/\" target=\"_blank\" rel=\"noreferrer noopener\">Noua fabric\u0103 de vaccinuri a Institutului Cantacuzino, aprobat\u0103 de Consiliul General al Municipiului Bucure\u0219tiu<\/a><\/strong><\/p>\n\n\n\n<h2 class=\"wp-block-heading\">Ajutorul de 100 de milioane de euro pentru TAROM a fost aprobat de Guvern<\/h2>\n\n\n\n<p><strong>Compania Na\u021bional\u0103 Tarom va primi de la Guvern un ajutor de 100 de milioane de euro. Suma a fost aprobat\u0103 \u00een \u0219edin\u021ba din 23 mai \u0219i anun\u021bat\u0103 de ministrul Transporturilor Sorin Grindeanu, potrivit&nbsp;<a href=\"https:\/\/www.economica.net\/ajutorul-de-100-de-milioane-de-euro-pentru-tarom-a-fost-validat-de-guvern_748943.html\">economica.net.<\/a><\/strong><\/p>\n\n\n\n<p>Sorin Grindeanu a precizat c\u0103 suma alocat\u0103 are urm\u0103toarele destina\u021bii:<\/p>\n\n\n\n<ul class=\"wp-block-list\">\n<li>p\u00e2n\u0103 la 214,3 milioane de lei reprezint\u0103 ajutor de restructurare care se propune a fi acordat sub forma de capitalizare \u00een anul 2024;<\/li>\n\n\n\n<li>12,51 milioane de lei reprezint\u0103 majorarea de capital social efectuat\u0103 \u00een anul 2023;<\/li>\n\n\n\n<li>244,22 milioane de lei reprezint\u0103 \u00eemprumutul acordat ca ajutor de stat individual pentru salvare \u00een anul 2020 \u0219i dob\u00e2nzile aferente actualizate.<\/li>\n<\/ul>\n\n\n\n<p>\u00cen luna februarie, ministrul Transporturilor, Sorin Grindeanu, anun\u021ba c\u0103 TAROM ar putea primi peste 80 milioane de euro de la Comisia European\u0103. Ajutorul de stat face parte din planul pentru restructurarea companiei propus de autorit\u0103\u021bile rom\u00e2ne \u00een \u00eencercarea de a evita falimentul.<\/p>\n\n\n\n<p>\u00cen anul 2023, societatea anun\u021ba finalizarea \u00een\u021belegerii cu forul european \u0219i \u00eendeplinirea condi\u021biilor pentru primirea banilor.<\/p>\n\n\n\n<p>2007 a fost ultimul an \u00een care compania a \u00eenregistrat profit. \u00cen cei 17 ani de pierderi, TAROM a suspendat mai multe zboruri, cum ar fi cele c\u0103tre Viena \u0219i Munchen.<\/p>\n\n\n\n<p>CITE\u0218TE \u0218I:\u00a0<strong><a href=\"https:\/\/buletin.de\/bucuresti\/scandalul-colosilor-proiectul-blocurilor-de-35-de-etaje-a-fost-aprobat-de-consiliul-local-al-sectorului-5\/\">Scandalul colo\u0219ilor | Proiectul blocurilor de 35 de etaje a fost aprobat de Consiliul Local al Sectorului 5<\/a><\/strong><\/p>\n","protected":false},"excerpt":{"rendered":"<p>Zboruri TAROM suspendate spre Beirut, dup\u0103 ce armata israelian\u0103 a lovit cu rachete o cl\u0103dire din capitala Libanului, ucig\u00e2ndu-l pe liderul militar al grup\u0103rii teroriste Hezbollah. Ulterior, a fost ucis \u0219i \u0219eful Hamas, Ismail Haniyeh. Iranul a promis c\u0103 se va r\u0103zbuna pe Israel. \u00cen acest context al degrad\u0103rii situa\u021biei din zon\u0103, TAROM anun\u021b\u0103 c\u0103 [&hellip;]<\/p>\n","protected":false},"author":49,"featured_media":90278,"comment_status":"closed","ping_status":"open","sticky":false,"template":"","format":"standard","meta":{"_acf_changed":false,"inline_featured_image":false,"ngg_post_thumbnail":0,"footnotes":""},"categories":[6994,62,650],"tags":[13817,5455,13816],"ppma_author":[22574],"class_list":["post-92968","post","type-post","status-publish","format-standard","has-post-thumbnail","hentry","category-stiri-2","category-stiri","category-transport","tag-orientul-mijlociu","tag-tarom","tag-zboruri-suspendate-beirut"],"acf":[],"yoast_head":"<!-- This site is optimized with the Yoast SEO Premium plugin v25.3 (Yoast SEO v27.4) - https:\/\/yoast.com\/product\/yoast-seo-premium-wordpress\/ -->\n<title>Zboruri TAROM suspendate spre Beirut - Buletin de Bucure\u0219ti<\/title>\n<meta name=\"description\" content=\"Zboruri TAROM suspendate spre Beirut, dup\u0103 ce armata israelian\u0103 a lovit cu rachete o cl\u0103dire din capitala Libanului.\" \/>\n<meta name=\"robots\" content=\"index, follow, max-snippet:-1, max-image-preview:large, max-video-preview:-1\" \/>\n<link rel=\"canonical\" href=\"https:\/\/buletin.de\/bucuresti\/zboruri-suspendate-catre-beirut\/\" \/>\n<meta property=\"og:locale\" content=\"en_GB\" \/>\n<meta property=\"og:type\" content=\"article\" \/>\n<meta property=\"og:title\" content=\"Zboruri TAROM suspendate spre Beirut\" \/>\n<meta property=\"og:description\" content=\"Zboruri TAROM suspendate spre Beirut, dup\u0103 ce armata israelian\u0103 a lovit cu rachete o cl\u0103dire din capitala Libanului.\" \/>\n<meta property=\"og:url\" content=\"https:\/\/buletin.de\/bucuresti\/zboruri-suspendate-catre-beirut\/\" \/>\n<meta property=\"og:site_name\" content=\"Buletin de Bucure\u0219ti\" \/>\n<meta property=\"article:publisher\" content=\"https:\/\/www.facebook.com\/buletin.de.buc\" \/>\n<meta property=\"article:published_time\" content=\"2024-07-31T11:01:41+00:00\" \/>\n<meta property=\"og:image\" content=\"https:\/\/buletin.de\/bucuresti\/wp-content\/uploads\/ID269192_INQUAM_Photos_Ovidiu_Micsik.jpg\" \/>\n\t<meta property=\"og:image:width\" content=\"2000\" \/>\n\t<meta property=\"og:image:height\" content=\"1333\" \/>\n\t<meta property=\"og:image:type\" content=\"image\/jpeg\" \/>\n<meta name=\"author\" content=\"Diana Matei\" \/>\n<meta name=\"twitter:card\" content=\"summary_large_image\" \/>\n<meta name=\"twitter:label1\" content=\"Written by\" \/>\n\t<meta name=\"twitter:data1\" content=\"Diana Matei\" \/>\n\t<meta name=\"twitter:label2\" content=\"Estimated reading time\" \/>\n\t<meta name=\"twitter:data2\" content=\"2 minutes\" \/>\n<script type=\"application\/ld+json\" class=\"yoast-schema-graph\">{\"@context\":\"https:\\\/\\\/schema.org\",\"@graph\":[{\"@type\":\"Article\",\"@id\":\"https:\\\/\\\/buletin.de\\\/bucuresti\\\/zboruri-suspendate-catre-beirut\\\/#article\",\"isPartOf\":{\"@id\":\"https:\\\/\\\/buletin.de\\\/bucuresti\\\/zboruri-suspendate-catre-beirut\\\/\"},\"author\":{\"name\":\"Diana Matei\",\"@id\":\"https:\\\/\\\/buletin.de\\\/bucuresti\\\/#\\\/schema\\\/person\\\/7e46040573290777280a0835d81ea4ea\"},\"headline\":\"Zboruri TAROM suspendate spre Beirut\",\"datePublished\":\"2024-07-31T11:01:41+00:00\",\"mainEntityOfPage\":{\"@id\":\"https:\\\/\\\/buletin.de\\\/bucuresti\\\/zboruri-suspendate-catre-beirut\\\/\"},\"wordCount\":415,\"publisher\":{\"@id\":\"https:\\\/\\\/buletin.de\\\/bucuresti\\\/#organization\"},\"image\":{\"@id\":\"https:\\\/\\\/buletin.de\\\/bucuresti\\\/zboruri-suspendate-catre-beirut\\\/#primaryimage\"},\"thumbnailUrl\":\"https:\\\/\\\/buletin.de\\\/bucuresti\\\/wp-content\\\/uploads\\\/ID269192_INQUAM_Photos_Ovidiu_Micsik.jpg\",\"keywords\":[\"Orientul Mijlociu\",\"Tarom\",\"zboruri suspendate Beirut\"],\"articleSection\":[\"Articole\",\"\u0218tiri\",\"Transport\"],\"inLanguage\":\"en-GB\",\"copyrightYear\":\"2024\",\"copyrightHolder\":{\"@id\":\"https:\\\/\\\/buletin.de\\\/bucuresti\\\/#organization\"}},{\"@type\":\"WebPage\",\"@id\":\"https:\\\/\\\/buletin.de\\\/bucuresti\\\/zboruri-suspendate-catre-beirut\\\/\",\"url\":\"https:\\\/\\\/buletin.de\\\/bucuresti\\\/zboruri-suspendate-catre-beirut\\\/\",\"name\":\"Zboruri TAROM suspendate spre Beirut - Buletin de Bucure\u0219ti\",\"isPartOf\":{\"@id\":\"https:\\\/\\\/buletin.de\\\/bucuresti\\\/#website\"},\"primaryImageOfPage\":{\"@id\":\"https:\\\/\\\/buletin.de\\\/bucuresti\\\/zboruri-suspendate-catre-beirut\\\/#primaryimage\"},\"image\":{\"@id\":\"https:\\\/\\\/buletin.de\\\/bucuresti\\\/zboruri-suspendate-catre-beirut\\\/#primaryimage\"},\"thumbnailUrl\":\"https:\\\/\\\/buletin.de\\\/bucuresti\\\/wp-content\\\/uploads\\\/ID269192_INQUAM_Photos_Ovidiu_Micsik.jpg\",\"datePublished\":\"2024-07-31T11:01:41+00:00\",\"description\":\"Zboruri TAROM suspendate spre Beirut, dup\u0103 ce armata israelian\u0103 a lovit cu rachete o cl\u0103dire din capitala Libanului.\",\"breadcrumb\":{\"@id\":\"https:\\\/\\\/buletin.de\\\/bucuresti\\\/zboruri-suspendate-catre-beirut\\\/#breadcrumb\"},\"inLanguage\":\"en-GB\",\"potentialAction\":[{\"@type\":\"ReadAction\",\"target\":[\"https:\\\/\\\/buletin.de\\\/bucuresti\\\/zboruri-suspendate-catre-beirut\\\/\"]}]},{\"@type\":\"ImageObject\",\"inLanguage\":\"en-GB\",\"@id\":\"https:\\\/\\\/buletin.de\\\/bucuresti\\\/zboruri-suspendate-catre-beirut\\\/#primaryimage\",\"url\":\"https:\\\/\\\/buletin.de\\\/bucuresti\\\/wp-content\\\/uploads\\\/ID269192_INQUAM_Photos_Ovidiu_Micsik.jpg\",\"contentUrl\":\"https:\\\/\\\/buletin.de\\\/bucuresti\\\/wp-content\\\/uploads\\\/ID269192_INQUAM_Photos_Ovidiu_Micsik.jpg\",\"width\":2000,\"height\":1333,\"caption\":\"Zboruri TAROM suspendate spre Beirut. FOTO: Inquam Photos \\\/ Ovidiu Micsik\"},{\"@type\":\"BreadcrumbList\",\"@id\":\"https:\\\/\\\/buletin.de\\\/bucuresti\\\/zboruri-suspendate-catre-beirut\\\/#breadcrumb\",\"itemListElement\":[{\"@type\":\"ListItem\",\"position\":1,\"name\":\"Acas\u0103\",\"item\":\"https:\\\/\\\/buletin.de\\\/bucuresti\\\/\"},{\"@type\":\"ListItem\",\"position\":2,\"name\":\"Zboruri TAROM suspendate spre Beirut\"}]},{\"@type\":\"WebSite\",\"@id\":\"https:\\\/\\\/buletin.de\\\/bucuresti\\\/#website\",\"url\":\"https:\\\/\\\/buletin.de\\\/bucuresti\\\/\",\"name\":\"Buletin de Bucure\u0219ti\",\"description\":\"\u0218tiri \u0219i investiga\u021bii esen\u021biale din capital\u0103\",\"publisher\":{\"@id\":\"https:\\\/\\\/buletin.de\\\/bucuresti\\\/#organization\"},\"potentialAction\":[{\"@type\":\"SearchAction\",\"target\":{\"@type\":\"EntryPoint\",\"urlTemplate\":\"https:\\\/\\\/buletin.de\\\/bucuresti\\\/?s={search_term_string}\"},\"query-input\":{\"@type\":\"PropertyValueSpecification\",\"valueRequired\":true,\"valueName\":\"search_term_string\"}}],\"inLanguage\":\"en-GB\"},{\"@type\":\"Organization\",\"@id\":\"https:\\\/\\\/buletin.de\\\/bucuresti\\\/#organization\",\"name\":\"Buletin de Bucure\u0219ti\",\"url\":\"https:\\\/\\\/buletin.de\\\/bucuresti\\\/\",\"logo\":{\"@type\":\"ImageObject\",\"inLanguage\":\"en-GB\",\"@id\":\"https:\\\/\\\/buletin.de\\\/bucuresti\\\/#\\\/schema\\\/logo\\\/image\\\/\",\"url\":\"https:\\\/\\\/buletin.de\\\/bucuresti\\\/wp-content\\\/uploads\\\/logo-bdb-full-wide-vernil-transparent.png\",\"contentUrl\":\"https:\\\/\\\/buletin.de\\\/bucuresti\\\/wp-content\\\/uploads\\\/logo-bdb-full-wide-vernil-transparent.png\",\"width\":1782,\"height\":626,\"caption\":\"Buletin de Bucure\u0219ti\"},\"image\":{\"@id\":\"https:\\\/\\\/buletin.de\\\/bucuresti\\\/#\\\/schema\\\/logo\\\/image\\\/\"},\"sameAs\":[\"https:\\\/\\\/www.facebook.com\\\/buletin.de.buc\",\"https:\\\/\\\/www.instagram.com\\\/buletinde.bucuresti\\\/\"]},{\"@type\":\"Person\",\"@id\":\"https:\\\/\\\/buletin.de\\\/bucuresti\\\/#\\\/schema\\\/person\\\/7e46040573290777280a0835d81ea4ea\",\"name\":\"Diana Matei\",\"image\":{\"@type\":\"ImageObject\",\"inLanguage\":\"en-GB\",\"@id\":\"https:\\\/\\\/buletin.de\\\/bucuresti\\\/wp-content\\\/uploads\\\/9-2-96x96.jpg1e8590b30871d70e62ebcdaf2eff570c\",\"url\":\"https:\\\/\\\/buletin.de\\\/bucuresti\\\/wp-content\\\/uploads\\\/9-2-96x96.jpg\",\"contentUrl\":\"https:\\\/\\\/buletin.de\\\/bucuresti\\\/wp-content\\\/uploads\\\/9-2-96x96.jpg\",\"caption\":\"Diana Matei\"},\"url\":\"https:\\\/\\\/buletin.de\\\/bucuresti\\\/author\\\/dianamatei\\\/\"}]}<\/script>\n<!-- \/ Yoast SEO Premium plugin. -->","yoast_head_json":{"title":"Zboruri TAROM suspendate spre Beirut - Buletin de Bucure\u0219ti","description":"Zboruri TAROM suspendate spre Beirut, dup\u0103 ce armata israelian\u0103 a lovit cu rachete o cl\u0103dire din capitala Libanului.","robots":{"index":"index","follow":"follow","max-snippet":"max-snippet:-1","max-image-preview":"max-image-preview:large","max-video-preview":"max-video-preview:-1"},"canonical":"https:\/\/buletin.de\/bucuresti\/zboruri-suspendate-catre-beirut\/","og_locale":"en_GB","og_type":"article","og_title":"Zboruri TAROM suspendate spre Beirut","og_description":"Zboruri TAROM suspendate spre Beirut, dup\u0103 ce armata israelian\u0103 a lovit cu rachete o cl\u0103dire din capitala Libanului.","og_url":"https:\/\/buletin.de\/bucuresti\/zboruri-suspendate-catre-beirut\/","og_site_name":"Buletin de Bucure\u0219ti","article_publisher":"https:\/\/www.facebook.com\/buletin.de.buc","article_published_time":"2024-07-31T11:01:41+00:00","og_image":[{"width":2000,"height":1333,"url":"https:\/\/buletin.de\/bucuresti\/wp-content\/uploads\/ID269192_INQUAM_Photos_Ovidiu_Micsik.jpg","type":"image\/jpeg"}],"author":"Diana Matei","twitter_card":"summary_large_image","twitter_misc":{"Written by":"Diana Matei","Estimated reading time":"2 minutes"},"schema":{"@context":"https:\/\/schema.org","@graph":[{"@type":"Article","@id":"https:\/\/buletin.de\/bucuresti\/zboruri-suspendate-catre-beirut\/#article","isPartOf":{"@id":"https:\/\/buletin.de\/bucuresti\/zboruri-suspendate-catre-beirut\/"},"author":{"name":"Diana Matei","@id":"https:\/\/buletin.de\/bucuresti\/#\/schema\/person\/7e46040573290777280a0835d81ea4ea"},"headline":"Zboruri TAROM suspendate spre Beirut","datePublished":"2024-07-31T11:01:41+00:00","mainEntityOfPage":{"@id":"https:\/\/buletin.de\/bucuresti\/zboruri-suspendate-catre-beirut\/"},"wordCount":415,"publisher":{"@id":"https:\/\/buletin.de\/bucuresti\/#organization"},"image":{"@id":"https:\/\/buletin.de\/bucuresti\/zboruri-suspendate-catre-beirut\/#primaryimage"},"thumbnailUrl":"https:\/\/buletin.de\/bucuresti\/wp-content\/uploads\/ID269192_INQUAM_Photos_Ovidiu_Micsik.jpg","keywords":["Orientul Mijlociu","Tarom","zboruri suspendate Beirut"],"articleSection":["Articole","\u0218tiri","Transport"],"inLanguage":"en-GB","copyrightYear":"2024","copyrightHolder":{"@id":"https:\/\/buletin.de\/bucuresti\/#organization"}},{"@type":"WebPage","@id":"https:\/\/buletin.de\/bucuresti\/zboruri-suspendate-catre-beirut\/","url":"https:\/\/buletin.de\/bucuresti\/zboruri-suspendate-catre-beirut\/","name":"Zboruri TAROM suspendate spre Beirut - Buletin de Bucure\u0219ti","isPartOf":{"@id":"https:\/\/buletin.de\/bucuresti\/#website"},"primaryImageOfPage":{"@id":"https:\/\/buletin.de\/bucuresti\/zboruri-suspendate-catre-beirut\/#primaryimage"},"image":{"@id":"https:\/\/buletin.de\/bucuresti\/zboruri-suspendate-catre-beirut\/#primaryimage"},"thumbnailUrl":"https:\/\/buletin.de\/bucuresti\/wp-content\/uploads\/ID269192_INQUAM_Photos_Ovidiu_Micsik.jpg","datePublished":"2024-07-31T11:01:41+00:00","description":"Zboruri TAROM suspendate spre Beirut, dup\u0103 ce armata israelian\u0103 a lovit cu rachete o cl\u0103dire din capitala Libanului.","breadcrumb":{"@id":"https:\/\/buletin.de\/bucuresti\/zboruri-suspendate-catre-beirut\/#breadcrumb"},"inLanguage":"en-GB","potentialAction":[{"@type":"ReadAction","target":["https:\/\/buletin.de\/bucuresti\/zboruri-suspendate-catre-beirut\/"]}]},{"@type":"ImageObject","inLanguage":"en-GB","@id":"https:\/\/buletin.de\/bucuresti\/zboruri-suspendate-catre-beirut\/#primaryimage","url":"https:\/\/buletin.de\/bucuresti\/wp-content\/uploads\/ID269192_INQUAM_Photos_Ovidiu_Micsik.jpg","contentUrl":"https:\/\/buletin.de\/bucuresti\/wp-content\/uploads\/ID269192_INQUAM_Photos_Ovidiu_Micsik.jpg","width":2000,"height":1333,"caption":"Zboruri TAROM suspendate spre Beirut. FOTO: Inquam Photos \/ Ovidiu Micsik"},{"@type":"BreadcrumbList","@id":"https:\/\/buletin.de\/bucuresti\/zboruri-suspendate-catre-beirut\/#breadcrumb","itemListElement":[{"@type":"ListItem","position":1,"name":"Acas\u0103","item":"https:\/\/buletin.de\/bucuresti\/"},{"@type":"ListItem","position":2,"name":"Zboruri TAROM suspendate spre Beirut"}]},{"@type":"WebSite","@id":"https:\/\/buletin.de\/bucuresti\/#website","url":"https:\/\/buletin.de\/bucuresti\/","name":"Buletin de Bucure\u0219ti","description":"\u0218tiri \u0219i investiga\u021bii esen\u021biale din capital\u0103","publisher":{"@id":"https:\/\/buletin.de\/bucuresti\/#organization"},"potentialAction":[{"@type":"SearchAction","target":{"@type":"EntryPoint","urlTemplate":"https:\/\/buletin.de\/bucuresti\/?s={search_term_string}"},"query-input":{"@type":"PropertyValueSpecification","valueRequired":true,"valueName":"search_term_string"}}],"inLanguage":"en-GB"},{"@type":"Organization","@id":"https:\/\/buletin.de\/bucuresti\/#organization","name":"Buletin de Bucure\u0219ti","url":"https:\/\/buletin.de\/bucuresti\/","logo":{"@type":"ImageObject","inLanguage":"en-GB","@id":"https:\/\/buletin.de\/bucuresti\/#\/schema\/logo\/image\/","url":"https:\/\/buletin.de\/bucuresti\/wp-content\/uploads\/logo-bdb-full-wide-vernil-transparent.png","contentUrl":"https:\/\/buletin.de\/bucuresti\/wp-content\/uploads\/logo-bdb-full-wide-vernil-transparent.png","width":1782,"height":626,"caption":"Buletin de Bucure\u0219ti"},"image":{"@id":"https:\/\/buletin.de\/bucuresti\/#\/schema\/logo\/image\/"},"sameAs":["https:\/\/www.facebook.com\/buletin.de.buc","https:\/\/www.instagram.com\/buletinde.bucuresti\/"]},{"@type":"Person","@id":"https:\/\/buletin.de\/bucuresti\/#\/schema\/person\/7e46040573290777280a0835d81ea4ea","name":"Diana Matei","image":{"@type":"ImageObject","inLanguage":"en-GB","@id":"https:\/\/buletin.de\/bucuresti\/wp-content\/uploads\/9-2-96x96.jpg1e8590b30871d70e62ebcdaf2eff570c","url":"https:\/\/buletin.de\/bucuresti\/wp-content\/uploads\/9-2-96x96.jpg","contentUrl":"https:\/\/buletin.de\/bucuresti\/wp-content\/uploads\/9-2-96x96.jpg","caption":"Diana Matei"},"url":"https:\/\/buletin.de\/bucuresti\/author\/dianamatei\/"}]}},"authors":[{"term_id":22574,"user_id":49,"is_guest":0,"slug":"dianamatei","display_name":"Diana Matei","avatar_url":"https:\/\/buletin.de\/bucuresti\/wp-content\/uploads\/9-2-96x96.jpg","0":null,"1":"","2":"","3":"","4":"","5":"","6":"","7":"","8":""}],"_links":{"self":[{"href":"https:\/\/buletin.de\/bucuresti\/wp-json\/wp\/v2\/posts\/92968","targetHints":{"allow":["GET"]}}],"collection":[{"href":"https:\/\/buletin.de\/bucuresti\/wp-json\/wp\/v2\/posts"}],"about":[{"href":"https:\/\/buletin.de\/bucuresti\/wp-json\/wp\/v2\/types\/post"}],"author":[{"embeddable":true,"href":"https:\/\/buletin.de\/bucuresti\/wp-json\/wp\/v2\/users\/49"}],"replies":[{"embeddable":true,"href":"https:\/\/buletin.de\/bucuresti\/wp-json\/wp\/v2\/comments?post=92968"}],"version-history":[{"count":2,"href":"https:\/\/buletin.de\/bucuresti\/wp-json\/wp\/v2\/posts\/92968\/revisions"}],"predecessor-version":[{"id":92985,"href":"https:\/\/buletin.de\/bucuresti\/wp-json\/wp\/v2\/posts\/92968\/revisions\/92985"}],"wp:featuredmedia":[{"embeddable":true,"href":"https:\/\/buletin.de\/bucuresti\/wp-json\/wp\/v2\/media\/90278"}],"wp:attachment":[{"href":"https:\/\/buletin.de\/bucuresti\/wp-json\/wp\/v2\/media?parent=92968"}],"wp:term":[{"taxonomy":"category","embeddable":true,"href":"https:\/\/buletin.de\/bucuresti\/wp-json\/wp\/v2\/categories?post=92968"},{"taxonomy":"post_tag","embeddable":true,"href":"https:\/\/buletin.de\/bucuresti\/wp-json\/wp\/v2\/tags?post=92968"},{"taxonomy":"author","embeddable":true,"href":"https:\/\/buletin.de\/bucuresti\/wp-json\/wp\/v2\/ppma_author?post=92968"}],"curies":[{"name":"wp","href":"https:\/\/api.w.org\/{rel}","templated":true}]}}