{"id":9286,"date":"2020-07-16T15:20:47","date_gmt":"2020-07-16T12:20:47","guid":{"rendered":"https:\/\/buletin.de\/bucuresti\/?p=9286"},"modified":"2020-07-16T15:20:47","modified_gmt":"2020-07-16T12:20:47","slug":"o-noua-institutie-publica-in-sectorul-1-un-centru-educational-cu-50-de-angajati","status":"publish","type":"post","link":"https:\/\/buletin.de\/bucuresti\/o-noua-institutie-publica-in-sectorul-1-un-centru-educational-cu-50-de-angajati\/","title":{"rendered":"O nou\u0103 institu\u021bie public\u0103 \u00een Sectorul 1: un centru educa\u021bional cu 50 de angaja\u021bi"},"content":{"rendered":"\n<p><strong>Consilierii locali din Sectorul 1 au aprobat ast\u0103zi un proiect care prevede \u00eenfiin\u021barea unui centru educa\u021bional pe modelul centrelor de excelen\u021b\u0103. El va fi finan\u021bat integral din bugetul local al Sectorului 1. <\/strong><\/p>\n\n\n\n<p>Centrul Educa\u021bional Sector 1 va avea 50 de angaja\u021bi, mai mult dec\u00e2t are Centrul pentru Tineret al Municipiului Bucure\u0219ti (41) \u0219i mai mult dec\u00e2t Centrul de Crea\u021bie, Art\u0103 \u0219i Tradi\u021bie \u2013 CREART (39). 20 dintre ace\u0219tia vor de\u021bine func\u021bii publice, iar celelalte 30 sunt func\u021bii contractuale. <\/p>\n\n\n\n<figure class=\"wp-block-image size-large is-resized\"><img fetchpriority=\"high\" decoding=\"async\" src=\"data:image\/gif;base64,R0lGODlhAQABAAAAACH5BAEKAAEALAAAAAABAAEAAAICTAEAOw==\" data-src=\"https:\/\/buletin.de\/bucuresti\/wp-content\/uploads\/Screenshot_2-13-900x632.png\" alt=\"\" class=\"wp-image-9287 lazyload\" width=\"900\" height=\"632\" data-sizes=\"auto\" data-srcset=\"https:\/\/buletin.de\/bucuresti\/wp-content\/uploads\/Screenshot_2-13-900x632.png 900w, https:\/\/buletin.de\/bucuresti\/wp-content\/uploads\/Screenshot_2-13-600x421.png 600w, https:\/\/buletin.de\/bucuresti\/wp-content\/uploads\/Screenshot_2-13-300x211.png 300w, https:\/\/buletin.de\/bucuresti\/wp-content\/uploads\/Screenshot_2-13-768x539.png 768w, https:\/\/buletin.de\/bucuresti\/wp-content\/uploads\/Screenshot_2-13-1060x744.png 1060w, https:\/\/buletin.de\/bucuresti\/wp-content\/uploads\/Screenshot_2-13-550x386.png 550w, https:\/\/buletin.de\/bucuresti\/wp-content\/uploads\/Screenshot_2-13-712x500.png 712w, https:\/\/buletin.de\/bucuresti\/wp-content\/uploads\/Screenshot_2-13.png 1137w\" sizes=\"(max-width: 900px) 100vw, 900px\" \/><\/figure>\n\n\n\n<blockquote class=\"wp-block-quote is-layout-flow wp-block-quote-is-layout-flow\"><p>\u201eScopul \u00eenfiin\u021b\u0103rii CES1 este de a asigura condi\u021bii optime de preg\u0103tire \u0219i dezvoltare a elevilor \u0219i pre\u0219colarilor prin furnizarea de servicii educa\u021bionale complementare.\u201d <\/p><cite>Regulamentul de Organizare \u0219i Func\u021bionare Centru Educa\u021bional Sector 1<\/cite><\/blockquote>\n\n\n\n<p>Activit\u0103\u021bile \u0219colare care vor avea loc la noul centru \u00eenfiin\u021bat de primarul Tudorache ar urma s\u0103 se desf\u0103\u0219oare desf\u0103\u0219ura \u00een colaborare cu Inspectoratul \u0218colar al Municipiului Bucure\u0219ti. <\/p>\n\n\n\n<p>Elevii vor beneficia de preg\u0103tire \u00een timpul anului \u0219colar sau \u00een vacan\u021ba intersemestrial\u0103 \u00een zilele de lucru \u00eentre orele 14:30-20:00 \u0219i s\u00e2mb\u0103t\u0103 \u00eentre 8:00-14:00. <\/p>\n\n\n\n<p>Cei care dau dovad\u0103 de rezultate excelen\u021be, c\u00e2t \u0219i profesorii \u00eendrum\u0103tori, vor putea primi tabere gratuite, excursii gratuite, premii \u00een bani sau obiecte \u0219i distinc\u021bii sau medalii.<\/p>\n\n\n\n<p>Surs\u0103 cover foto: Captur\u0103 de ecran a \u0219edin\u021bei de consiliu Sector 1 16.07.2020<\/p>\n","protected":false},"excerpt":{"rendered":"<p>Consilierii locali din Sectorul 1 au aprobat ast\u0103zi un proiect care prevede \u00eenfiin\u021barea unui centru educa\u021bional pe modelul centrelor de excelen\u021b\u0103. El va fi finan\u021bat integral din bugetul local al Sectorului 1. Centrul Educa\u021bional Sector 1 va avea 50 de angaja\u021bi, mai mult dec\u00e2t are Centrul pentru Tineret al Municipiului Bucure\u0219ti (41) \u0219i mai mult [&hellip;]<\/p>\n","protected":false},"author":6,"featured_media":9289,"comment_status":"closed","ping_status":"open","sticky":false,"template":"","format":"standard","meta":{"_acf_changed":false,"inline_featured_image":false,"ngg_post_thumbnail":0,"footnotes":""},"categories":[24,62],"tags":[1339,308],"ppma_author":[22588],"class_list":["post-9286","post","type-post","status-publish","format-standard","has-post-thumbnail","hentry","category-primarie","category-stiri","tag-centru-educational-sector-1","tag-sector-1"],"acf":[],"yoast_head":"<!-- This site is optimized with the Yoast SEO Premium plugin v25.3 (Yoast SEO v27.4) - https:\/\/yoast.com\/product\/yoast-seo-premium-wordpress\/ -->\n<title>O nou\u0103 institu\u021bie public\u0103 \u00een Sectorul 1: un centru educa\u021bional cu 50 de angaja\u021bi - Buletin de Bucure\u0219ti<\/title>\n<meta name=\"robots\" content=\"index, follow, max-snippet:-1, max-image-preview:large, max-video-preview:-1\" \/>\n<link rel=\"canonical\" href=\"https:\/\/buletin.de\/bucuresti\/o-noua-institutie-publica-in-sectorul-1-un-centru-educational-cu-50-de-angajati\/\" \/>\n<meta property=\"og:locale\" content=\"en_GB\" \/>\n<meta property=\"og:type\" content=\"article\" \/>\n<meta property=\"og:title\" content=\"O nou\u0103 institu\u021bie public\u0103 \u00een Sectorul 1: un centru educa\u021bional cu 50 de angaja\u021bi\" \/>\n<meta property=\"og:description\" content=\"Consilierii locali din Sectorul 1 au aprobat ast\u0103zi un proiect care prevede \u00eenfiin\u021barea unui centru educa\u021bional pe modelul centrelor de excelen\u021b\u0103. El va fi finan\u021bat integral din bugetul local al Sectorului 1. Centrul Educa\u021bional Sector 1 va avea 50 de angaja\u021bi, mai mult dec\u00e2t are Centrul pentru Tineret al Municipiului Bucure\u0219ti (41) \u0219i mai mult [&hellip;]\" \/>\n<meta property=\"og:url\" content=\"https:\/\/buletin.de\/bucuresti\/o-noua-institutie-publica-in-sectorul-1-un-centru-educational-cu-50-de-angajati\/\" \/>\n<meta property=\"og:site_name\" content=\"Buletin de Bucure\u0219ti\" \/>\n<meta property=\"article:publisher\" content=\"https:\/\/www.facebook.com\/buletin.de.buc\" \/>\n<meta property=\"article:published_time\" content=\"2020-07-16T12:20:47+00:00\" \/>\n<meta property=\"og:image\" content=\"https:\/\/buletin.de\/bucuresti\/wp-content\/uploads\/Screenshot_1-15-900x470.png\" \/>\n\t<meta property=\"og:image:width\" content=\"900\" \/>\n\t<meta property=\"og:image:height\" content=\"470\" \/>\n\t<meta property=\"og:image:type\" content=\"image\/png\" \/>\n<meta name=\"author\" content=\"Bianca Albu\" \/>\n<meta name=\"twitter:card\" content=\"summary_large_image\" \/>\n<meta name=\"twitter:label1\" content=\"Written by\" \/>\n\t<meta name=\"twitter:data1\" content=\"Bianca Albu\" \/>\n\t<meta name=\"twitter:label2\" content=\"Estimated reading time\" \/>\n\t<meta name=\"twitter:data2\" content=\"1 minute\" \/>\n<script type=\"application\/ld+json\" class=\"yoast-schema-graph\">{\"@context\":\"https:\\\/\\\/schema.org\",\"@graph\":[{\"@type\":\"Article\",\"@id\":\"https:\\\/\\\/buletin.de\\\/bucuresti\\\/o-noua-institutie-publica-in-sectorul-1-un-centru-educational-cu-50-de-angajati\\\/#article\",\"isPartOf\":{\"@id\":\"https:\\\/\\\/buletin.de\\\/bucuresti\\\/o-noua-institutie-publica-in-sectorul-1-un-centru-educational-cu-50-de-angajati\\\/\"},\"author\":{\"name\":\"Bianca Albu\",\"@id\":\"https:\\\/\\\/buletin.de\\\/bucuresti\\\/#\\\/schema\\\/person\\\/295dc2228d2dc79294d636619468dc7f\"},\"headline\":\"O nou\u0103 institu\u021bie public\u0103 \u00een Sectorul 1: un centru educa\u021bional cu 50 de angaja\u021bi\",\"datePublished\":\"2020-07-16T12:20:47+00:00\",\"mainEntityOfPage\":{\"@id\":\"https:\\\/\\\/buletin.de\\\/bucuresti\\\/o-noua-institutie-publica-in-sectorul-1-un-centru-educational-cu-50-de-angajati\\\/\"},\"wordCount\":240,\"publisher\":{\"@id\":\"https:\\\/\\\/buletin.de\\\/bucuresti\\\/#organization\"},\"image\":{\"@id\":\"https:\\\/\\\/buletin.de\\\/bucuresti\\\/o-noua-institutie-publica-in-sectorul-1-un-centru-educational-cu-50-de-angajati\\\/#primaryimage\"},\"thumbnailUrl\":\"https:\\\/\\\/buletin.de\\\/bucuresti\\\/wp-content\\\/uploads\\\/Screenshot_1-15.png\",\"keywords\":[\"centru educational sector 1\",\"Sector 1\"],\"articleSection\":[\"Prim\u0103rie\",\"\u0218tiri\"],\"inLanguage\":\"en-GB\",\"copyrightYear\":\"2020\",\"copyrightHolder\":{\"@id\":\"https:\\\/\\\/buletin.de\\\/bucuresti\\\/#organization\"}},{\"@type\":\"WebPage\",\"@id\":\"https:\\\/\\\/buletin.de\\\/bucuresti\\\/o-noua-institutie-publica-in-sectorul-1-un-centru-educational-cu-50-de-angajati\\\/\",\"url\":\"https:\\\/\\\/buletin.de\\\/bucuresti\\\/o-noua-institutie-publica-in-sectorul-1-un-centru-educational-cu-50-de-angajati\\\/\",\"name\":\"O nou\u0103 institu\u021bie public\u0103 \u00een Sectorul 1: un centru educa\u021bional cu 50 de angaja\u021bi - Buletin de Bucure\u0219ti\",\"isPartOf\":{\"@id\":\"https:\\\/\\\/buletin.de\\\/bucuresti\\\/#website\"},\"primaryImageOfPage\":{\"@id\":\"https:\\\/\\\/buletin.de\\\/bucuresti\\\/o-noua-institutie-publica-in-sectorul-1-un-centru-educational-cu-50-de-angajati\\\/#primaryimage\"},\"image\":{\"@id\":\"https:\\\/\\\/buletin.de\\\/bucuresti\\\/o-noua-institutie-publica-in-sectorul-1-un-centru-educational-cu-50-de-angajati\\\/#primaryimage\"},\"thumbnailUrl\":\"https:\\\/\\\/buletin.de\\\/bucuresti\\\/wp-content\\\/uploads\\\/Screenshot_1-15.png\",\"datePublished\":\"2020-07-16T12:20:47+00:00\",\"breadcrumb\":{\"@id\":\"https:\\\/\\\/buletin.de\\\/bucuresti\\\/o-noua-institutie-publica-in-sectorul-1-un-centru-educational-cu-50-de-angajati\\\/#breadcrumb\"},\"inLanguage\":\"en-GB\",\"potentialAction\":[{\"@type\":\"ReadAction\",\"target\":[\"https:\\\/\\\/buletin.de\\\/bucuresti\\\/o-noua-institutie-publica-in-sectorul-1-un-centru-educational-cu-50-de-angajati\\\/\"]}]},{\"@type\":\"ImageObject\",\"inLanguage\":\"en-GB\",\"@id\":\"https:\\\/\\\/buletin.de\\\/bucuresti\\\/o-noua-institutie-publica-in-sectorul-1-un-centru-educational-cu-50-de-angajati\\\/#primaryimage\",\"url\":\"https:\\\/\\\/buletin.de\\\/bucuresti\\\/wp-content\\\/uploads\\\/Screenshot_1-15.png\",\"contentUrl\":\"https:\\\/\\\/buletin.de\\\/bucuresti\\\/wp-content\\\/uploads\\\/Screenshot_1-15.png\",\"width\":1919,\"height\":1002},{\"@type\":\"BreadcrumbList\",\"@id\":\"https:\\\/\\\/buletin.de\\\/bucuresti\\\/o-noua-institutie-publica-in-sectorul-1-un-centru-educational-cu-50-de-angajati\\\/#breadcrumb\",\"itemListElement\":[{\"@type\":\"ListItem\",\"position\":1,\"name\":\"Acas\u0103\",\"item\":\"https:\\\/\\\/buletin.de\\\/bucuresti\\\/\"},{\"@type\":\"ListItem\",\"position\":2,\"name\":\"O nou\u0103 institu\u021bie public\u0103 \u00een Sectorul 1: un centru educa\u021bional cu 50 de angaja\u021bi\"}]},{\"@type\":\"WebSite\",\"@id\":\"https:\\\/\\\/buletin.de\\\/bucuresti\\\/#website\",\"url\":\"https:\\\/\\\/buletin.de\\\/bucuresti\\\/\",\"name\":\"Buletin de Bucure\u0219ti\",\"description\":\"\u0218tiri \u0219i investiga\u021bii esen\u021biale din capital\u0103\",\"publisher\":{\"@id\":\"https:\\\/\\\/buletin.de\\\/bucuresti\\\/#organization\"},\"potentialAction\":[{\"@type\":\"SearchAction\",\"target\":{\"@type\":\"EntryPoint\",\"urlTemplate\":\"https:\\\/\\\/buletin.de\\\/bucuresti\\\/?s={search_term_string}\"},\"query-input\":{\"@type\":\"PropertyValueSpecification\",\"valueRequired\":true,\"valueName\":\"search_term_string\"}}],\"inLanguage\":\"en-GB\"},{\"@type\":\"Organization\",\"@id\":\"https:\\\/\\\/buletin.de\\\/bucuresti\\\/#organization\",\"name\":\"Buletin de Bucure\u0219ti\",\"url\":\"https:\\\/\\\/buletin.de\\\/bucuresti\\\/\",\"logo\":{\"@type\":\"ImageObject\",\"inLanguage\":\"en-GB\",\"@id\":\"https:\\\/\\\/buletin.de\\\/bucuresti\\\/#\\\/schema\\\/logo\\\/image\\\/\",\"url\":\"https:\\\/\\\/buletin.de\\\/bucuresti\\\/wp-content\\\/uploads\\\/logo-bdb-full-wide-vernil-transparent.png\",\"contentUrl\":\"https:\\\/\\\/buletin.de\\\/bucuresti\\\/wp-content\\\/uploads\\\/logo-bdb-full-wide-vernil-transparent.png\",\"width\":1782,\"height\":626,\"caption\":\"Buletin de Bucure\u0219ti\"},\"image\":{\"@id\":\"https:\\\/\\\/buletin.de\\\/bucuresti\\\/#\\\/schema\\\/logo\\\/image\\\/\"},\"sameAs\":[\"https:\\\/\\\/www.facebook.com\\\/buletin.de.buc\",\"https:\\\/\\\/www.instagram.com\\\/buletinde.bucuresti\\\/\"]},{\"@type\":\"Person\",\"@id\":\"https:\\\/\\\/buletin.de\\\/bucuresti\\\/#\\\/schema\\\/person\\\/295dc2228d2dc79294d636619468dc7f\",\"name\":\"Bianca Albu\",\"image\":{\"@type\":\"ImageObject\",\"inLanguage\":\"en-GB\",\"@id\":\"https:\\\/\\\/secure.gravatar.com\\\/avatar\\\/3df2e34e20f529e6fd7be4311ee1f7c4ec4aa886971590baf6fa214b15743516?s=96&d=monsterid&r=gf541c715eeec409ce8101252a3c0d8a7\",\"url\":\"https:\\\/\\\/secure.gravatar.com\\\/avatar\\\/3df2e34e20f529e6fd7be4311ee1f7c4ec4aa886971590baf6fa214b15743516?s=96&d=monsterid&r=g\",\"contentUrl\":\"https:\\\/\\\/secure.gravatar.com\\\/avatar\\\/3df2e34e20f529e6fd7be4311ee1f7c4ec4aa886971590baf6fa214b15743516?s=96&d=monsterid&r=g\",\"caption\":\"Bianca Albu\"},\"description\":\"Reporter\",\"url\":\"https:\\\/\\\/buletin.de\\\/bucuresti\\\/author\\\/biancaalbu\\\/\"}]}<\/script>\n<!-- \/ Yoast SEO Premium plugin. -->","yoast_head_json":{"title":"O nou\u0103 institu\u021bie public\u0103 \u00een Sectorul 1: un centru educa\u021bional cu 50 de angaja\u021bi - Buletin de Bucure\u0219ti","robots":{"index":"index","follow":"follow","max-snippet":"max-snippet:-1","max-image-preview":"max-image-preview:large","max-video-preview":"max-video-preview:-1"},"canonical":"https:\/\/buletin.de\/bucuresti\/o-noua-institutie-publica-in-sectorul-1-un-centru-educational-cu-50-de-angajati\/","og_locale":"en_GB","og_type":"article","og_title":"O nou\u0103 institu\u021bie public\u0103 \u00een Sectorul 1: un centru educa\u021bional cu 50 de angaja\u021bi","og_description":"Consilierii locali din Sectorul 1 au aprobat ast\u0103zi un proiect care prevede \u00eenfiin\u021barea unui centru educa\u021bional pe modelul centrelor de excelen\u021b\u0103. El va fi finan\u021bat integral din bugetul local al Sectorului 1. Centrul Educa\u021bional Sector 1 va avea 50 de angaja\u021bi, mai mult dec\u00e2t are Centrul pentru Tineret al Municipiului Bucure\u0219ti (41) \u0219i mai mult [&hellip;]","og_url":"https:\/\/buletin.de\/bucuresti\/o-noua-institutie-publica-in-sectorul-1-un-centru-educational-cu-50-de-angajati\/","og_site_name":"Buletin de Bucure\u0219ti","article_publisher":"https:\/\/www.facebook.com\/buletin.de.buc","article_published_time":"2020-07-16T12:20:47+00:00","og_image":[{"width":900,"height":470,"url":"https:\/\/buletin.de\/bucuresti\/wp-content\/uploads\/Screenshot_1-15-900x470.png","type":"image\/png"}],"author":"Bianca Albu","twitter_card":"summary_large_image","twitter_misc":{"Written by":"Bianca Albu","Estimated reading time":"1 minute"},"schema":{"@context":"https:\/\/schema.org","@graph":[{"@type":"Article","@id":"https:\/\/buletin.de\/bucuresti\/o-noua-institutie-publica-in-sectorul-1-un-centru-educational-cu-50-de-angajati\/#article","isPartOf":{"@id":"https:\/\/buletin.de\/bucuresti\/o-noua-institutie-publica-in-sectorul-1-un-centru-educational-cu-50-de-angajati\/"},"author":{"name":"Bianca Albu","@id":"https:\/\/buletin.de\/bucuresti\/#\/schema\/person\/295dc2228d2dc79294d636619468dc7f"},"headline":"O nou\u0103 institu\u021bie public\u0103 \u00een Sectorul 1: un centru educa\u021bional cu 50 de angaja\u021bi","datePublished":"2020-07-16T12:20:47+00:00","mainEntityOfPage":{"@id":"https:\/\/buletin.de\/bucuresti\/o-noua-institutie-publica-in-sectorul-1-un-centru-educational-cu-50-de-angajati\/"},"wordCount":240,"publisher":{"@id":"https:\/\/buletin.de\/bucuresti\/#organization"},"image":{"@id":"https:\/\/buletin.de\/bucuresti\/o-noua-institutie-publica-in-sectorul-1-un-centru-educational-cu-50-de-angajati\/#primaryimage"},"thumbnailUrl":"https:\/\/buletin.de\/bucuresti\/wp-content\/uploads\/Screenshot_1-15.png","keywords":["centru educational sector 1","Sector 1"],"articleSection":["Prim\u0103rie","\u0218tiri"],"inLanguage":"en-GB","copyrightYear":"2020","copyrightHolder":{"@id":"https:\/\/buletin.de\/bucuresti\/#organization"}},{"@type":"WebPage","@id":"https:\/\/buletin.de\/bucuresti\/o-noua-institutie-publica-in-sectorul-1-un-centru-educational-cu-50-de-angajati\/","url":"https:\/\/buletin.de\/bucuresti\/o-noua-institutie-publica-in-sectorul-1-un-centru-educational-cu-50-de-angajati\/","name":"O nou\u0103 institu\u021bie public\u0103 \u00een Sectorul 1: un centru educa\u021bional cu 50 de angaja\u021bi - Buletin de Bucure\u0219ti","isPartOf":{"@id":"https:\/\/buletin.de\/bucuresti\/#website"},"primaryImageOfPage":{"@id":"https:\/\/buletin.de\/bucuresti\/o-noua-institutie-publica-in-sectorul-1-un-centru-educational-cu-50-de-angajati\/#primaryimage"},"image":{"@id":"https:\/\/buletin.de\/bucuresti\/o-noua-institutie-publica-in-sectorul-1-un-centru-educational-cu-50-de-angajati\/#primaryimage"},"thumbnailUrl":"https:\/\/buletin.de\/bucuresti\/wp-content\/uploads\/Screenshot_1-15.png","datePublished":"2020-07-16T12:20:47+00:00","breadcrumb":{"@id":"https:\/\/buletin.de\/bucuresti\/o-noua-institutie-publica-in-sectorul-1-un-centru-educational-cu-50-de-angajati\/#breadcrumb"},"inLanguage":"en-GB","potentialAction":[{"@type":"ReadAction","target":["https:\/\/buletin.de\/bucuresti\/o-noua-institutie-publica-in-sectorul-1-un-centru-educational-cu-50-de-angajati\/"]}]},{"@type":"ImageObject","inLanguage":"en-GB","@id":"https:\/\/buletin.de\/bucuresti\/o-noua-institutie-publica-in-sectorul-1-un-centru-educational-cu-50-de-angajati\/#primaryimage","url":"https:\/\/buletin.de\/bucuresti\/wp-content\/uploads\/Screenshot_1-15.png","contentUrl":"https:\/\/buletin.de\/bucuresti\/wp-content\/uploads\/Screenshot_1-15.png","width":1919,"height":1002},{"@type":"BreadcrumbList","@id":"https:\/\/buletin.de\/bucuresti\/o-noua-institutie-publica-in-sectorul-1-un-centru-educational-cu-50-de-angajati\/#breadcrumb","itemListElement":[{"@type":"ListItem","position":1,"name":"Acas\u0103","item":"https:\/\/buletin.de\/bucuresti\/"},{"@type":"ListItem","position":2,"name":"O nou\u0103 institu\u021bie public\u0103 \u00een Sectorul 1: un centru educa\u021bional cu 50 de angaja\u021bi"}]},{"@type":"WebSite","@id":"https:\/\/buletin.de\/bucuresti\/#website","url":"https:\/\/buletin.de\/bucuresti\/","name":"Buletin de Bucure\u0219ti","description":"\u0218tiri \u0219i investiga\u021bii esen\u021biale din capital\u0103","publisher":{"@id":"https:\/\/buletin.de\/bucuresti\/#organization"},"potentialAction":[{"@type":"SearchAction","target":{"@type":"EntryPoint","urlTemplate":"https:\/\/buletin.de\/bucuresti\/?s={search_term_string}"},"query-input":{"@type":"PropertyValueSpecification","valueRequired":true,"valueName":"search_term_string"}}],"inLanguage":"en-GB"},{"@type":"Organization","@id":"https:\/\/buletin.de\/bucuresti\/#organization","name":"Buletin de Bucure\u0219ti","url":"https:\/\/buletin.de\/bucuresti\/","logo":{"@type":"ImageObject","inLanguage":"en-GB","@id":"https:\/\/buletin.de\/bucuresti\/#\/schema\/logo\/image\/","url":"https:\/\/buletin.de\/bucuresti\/wp-content\/uploads\/logo-bdb-full-wide-vernil-transparent.png","contentUrl":"https:\/\/buletin.de\/bucuresti\/wp-content\/uploads\/logo-bdb-full-wide-vernil-transparent.png","width":1782,"height":626,"caption":"Buletin de Bucure\u0219ti"},"image":{"@id":"https:\/\/buletin.de\/bucuresti\/#\/schema\/logo\/image\/"},"sameAs":["https:\/\/www.facebook.com\/buletin.de.buc","https:\/\/www.instagram.com\/buletinde.bucuresti\/"]},{"@type":"Person","@id":"https:\/\/buletin.de\/bucuresti\/#\/schema\/person\/295dc2228d2dc79294d636619468dc7f","name":"Bianca Albu","image":{"@type":"ImageObject","inLanguage":"en-GB","@id":"https:\/\/secure.gravatar.com\/avatar\/3df2e34e20f529e6fd7be4311ee1f7c4ec4aa886971590baf6fa214b15743516?s=96&d=monsterid&r=gf541c715eeec409ce8101252a3c0d8a7","url":"https:\/\/secure.gravatar.com\/avatar\/3df2e34e20f529e6fd7be4311ee1f7c4ec4aa886971590baf6fa214b15743516?s=96&d=monsterid&r=g","contentUrl":"https:\/\/secure.gravatar.com\/avatar\/3df2e34e20f529e6fd7be4311ee1f7c4ec4aa886971590baf6fa214b15743516?s=96&d=monsterid&r=g","caption":"Bianca Albu"},"description":"Reporter","url":"https:\/\/buletin.de\/bucuresti\/author\/biancaalbu\/"}]}},"authors":[{"term_id":22588,"user_id":6,"is_guest":0,"slug":"biancaalbu","display_name":"Bianca Albu","avatar_url":"https:\/\/secure.gravatar.com\/avatar\/3df2e34e20f529e6fd7be4311ee1f7c4ec4aa886971590baf6fa214b15743516?s=96&d=monsterid&r=g","0":null,"1":"","2":"","3":"","4":"","5":"","6":"","7":"","8":""}],"_links":{"self":[{"href":"https:\/\/buletin.de\/bucuresti\/wp-json\/wp\/v2\/posts\/9286","targetHints":{"allow":["GET"]}}],"collection":[{"href":"https:\/\/buletin.de\/bucuresti\/wp-json\/wp\/v2\/posts"}],"about":[{"href":"https:\/\/buletin.de\/bucuresti\/wp-json\/wp\/v2\/types\/post"}],"author":[{"embeddable":true,"href":"https:\/\/buletin.de\/bucuresti\/wp-json\/wp\/v2\/users\/6"}],"replies":[{"embeddable":true,"href":"https:\/\/buletin.de\/bucuresti\/wp-json\/wp\/v2\/comments?post=9286"}],"version-history":[{"count":3,"href":"https:\/\/buletin.de\/bucuresti\/wp-json\/wp\/v2\/posts\/9286\/revisions"}],"predecessor-version":[{"id":9291,"href":"https:\/\/buletin.de\/bucuresti\/wp-json\/wp\/v2\/posts\/9286\/revisions\/9291"}],"wp:featuredmedia":[{"embeddable":true,"href":"https:\/\/buletin.de\/bucuresti\/wp-json\/wp\/v2\/media\/9289"}],"wp:attachment":[{"href":"https:\/\/buletin.de\/bucuresti\/wp-json\/wp\/v2\/media?parent=9286"}],"wp:term":[{"taxonomy":"category","embeddable":true,"href":"https:\/\/buletin.de\/bucuresti\/wp-json\/wp\/v2\/categories?post=9286"},{"taxonomy":"post_tag","embeddable":true,"href":"https:\/\/buletin.de\/bucuresti\/wp-json\/wp\/v2\/tags?post=9286"},{"taxonomy":"author","embeddable":true,"href":"https:\/\/buletin.de\/bucuresti\/wp-json\/wp\/v2\/ppma_author?post=9286"}],"curies":[{"name":"wp","href":"https:\/\/api.w.org\/{rel}","templated":true}]}}