{"id":9276,"date":"2020-07-16T14:39:11","date_gmt":"2020-07-16T11:39:11","guid":{"rendered":"https:\/\/buletin.de\/bucuresti\/?p=9276"},"modified":"2020-07-16T14:48:59","modified_gmt":"2020-07-16T11:48:59","slug":"talk-show-cu-medici-gabriela-firea-moderator-si-aplauze-la-redeschiderea-spitalului-colentina","status":"publish","type":"post","link":"https:\/\/buletin.de\/bucuresti\/talk-show-cu-medici-gabriela-firea-moderator-si-aplauze-la-redeschiderea-spitalului-colentina\/","title":{"rendered":"&#8220;Talk-show&#8221; cu medici, Gabriela Firea moderator \u0219i aplauze, la redeschiderea spitalului Colentina"},"content":{"rendered":"\n<p><strong>Spitalul Colentina a primit azi aviz de la Ministerul S\u0103n\u0103t\u0103\u021bii pentru func\u021bionare normal\u0103. De la \u00eenceputul pandemiei, spitalul a avut regim de suport COVID. Intern\u0103rile nu vor putea fi \u00eens\u0103 reluate imediat deoarece \u00een spital mai sunt 140 de pacien\u021bi care pe l\u00e2ng\u0103 alte boli sunt infecta\u021bi cu COVID.<\/strong><\/p>\n\n\n\n<p>Primarul general Gabriela Firea a transmis, \u00een\ndirect, pe pagina sa de socializare, momentul oficial al redeschiderii\nSpitalului Colentina. Flancat\u0103 de c\u00e2teva zeci de cadre medicale, cu m\u0103\u0219ti \u0219i\np\u0103str\u00e2nd distan\u021ba. Discursul primarului a \u00eenceput cu o trecere \u00een revist\u0103 a\nsitua\u021biei \u00een care s-a aflat p\u0103n\u0103 acum spitalul \u0219i a eforturilor depuse pentru\nredeschiderea sa.&nbsp;<\/p>\n\n\n\n<p><em>&#8220;Abia ast\u0103zi DSP a trimis avizul c\u0103tre Spitalul Colentina, acest aviz e valabil o lun\u0103 de zile, pe perioada st\u0103rii de alert\u0103. &#8230;. Din nefericire, deoarece acest aviz a venit at\u00e2t de tarziu, intern\u0103rile nu se pot face de m\u00e2ine, pentru c\u0103 sunt interna\u021bi 140 de pacien\u021bi cu dubl\u0103 patologie care trebuie trata\u021bi<\/em>&#8221; a declarat Gabriela Firea.<\/p>\n\n\n\n<p>Gabriel Firea a dat cuv\u00e2ntul apoi reprezentantului unei Asocia\u021bii a Bolnavilor Cronici \u0219i unor cadre din conducerea spitalului.<\/p>\n\n\n\n<p>Ca un adev\u0103rat moderator de televiziune,\nprimarul general le-a pus \u00eentreb\u0103ri&nbsp;\u0219i a lansat teme de discu\u021bie.<\/p>\n\n\n\n<p>A p\u0103r\u0103sit apoi curtea spitalului, \u00een aplauzele celor prezen\u021bi, asigur\u00e2ndu-i de tot sprijinul \u0219i \u00eencrederea sa \u0219i mul\u021bumindu-le pentru toat\u0103 activitatea lor \u00een lupta cu noul coronavirus.<\/p>\n\n\n\n<iframe src=\"https:\/\/www.facebook.com\/plugins\/video.php?href=https%3A%2F%2Fwww.facebook.com%2Fgabifirea%2Fvideos%2F747723849378602%2F&#038;show_text=1&#038;width=560\" width=\"560\" height=\"507\" style=\"border:none;overflow:hidden\" scrolling=\"no\" frameborder=\"0\" allowTransparency=\"true\" allow=\"encrypted-media\" allowFullScreen=\"true\"><\/iframe>\n\n\n\n<p>S\u0103pt\u0103m\u00e2na trecut\u0103 managerul spitalului a fost\nconfirmat ca infectat cu COVID.<\/p>\n\n\n\n<p>Spitalul Colentina este \u00een administrarea Prim\u0103riei Bucure\u0219ti, are 800 de paturi \u0219i aproximativ 200.000 de pacien\u021bi anual. \u00cen unitatea medical\u0103 exist\u0103 sec\u021bii unicat \u0219i aici se interneaz\u0103 pacien\u021bi din toat\u0103 \u021bara.&nbsp;<\/p>\n\n\n\n<p>Reporter: Teodora Stroe<\/p>\n\n\n\n<p>Surs\u0103 cover: Facebook\/Gabriela Firea<\/p>\n","protected":false},"excerpt":{"rendered":"<p>Spitalul Colentina a primit azi aviz de la Ministerul S\u0103n\u0103t\u0103\u021bii pentru func\u021bionare normal\u0103. De la \u00eenceputul pandemiei, spitalul a avut regim de suport COVID. Intern\u0103rile nu vor putea fi \u00eens\u0103 reluate imediat deoarece \u00een spital mai sunt 140 de pacien\u021bi care pe l\u00e2ng\u0103 alte boli sunt infecta\u021bi cu COVID. Primarul general Gabriela Firea a transmis, [&hellip;]<\/p>\n","protected":false},"author":10,"featured_media":9279,"comment_status":"closed","ping_status":"open","sticky":false,"template":"","format":"standard","meta":{"_acf_changed":false,"inline_featured_image":false,"ngg_post_thumbnail":0,"footnotes":""},"categories":[996],"tags":[227,28,1148],"ppma_author":[22575],"class_list":["post-9276","post","type-post","status-publish","format-standard","has-post-thumbnail","hentry","category-covid-19","tag-colentina","tag-firea","tag-inaugurare"],"acf":[],"yoast_head":"<!-- This site is optimized with the Yoast SEO Premium plugin v25.3 (Yoast SEO v27.5) - https:\/\/yoast.com\/product\/yoast-seo-premium-wordpress\/ -->\n<title>&quot;Talk-show&quot; cu medici, Gabriela Firea moderator \u0219i aplauze, la redeschiderea spitalului Colentina - Buletin de Bucure\u0219ti<\/title>\n<meta name=\"robots\" content=\"index, follow, max-snippet:-1, max-image-preview:large, max-video-preview:-1\" \/>\n<link rel=\"canonical\" href=\"https:\/\/buletin.de\/bucuresti\/talk-show-cu-medici-gabriela-firea-moderator-si-aplauze-la-redeschiderea-spitalului-colentina\/\" \/>\n<meta property=\"og:locale\" content=\"en_GB\" \/>\n<meta property=\"og:type\" content=\"article\" \/>\n<meta property=\"og:title\" content=\"&quot;Talk-show&quot; cu medici, Gabriela Firea moderator \u0219i aplauze, la redeschiderea spitalului Colentina\" \/>\n<meta property=\"og:description\" content=\"Spitalul Colentina a primit azi aviz de la Ministerul S\u0103n\u0103t\u0103\u021bii pentru func\u021bionare normal\u0103. De la \u00eenceputul pandemiei, spitalul a avut regim de suport COVID. Intern\u0103rile nu vor putea fi \u00eens\u0103 reluate imediat deoarece \u00een spital mai sunt 140 de pacien\u021bi care pe l\u00e2ng\u0103 alte boli sunt infecta\u021bi cu COVID. Primarul general Gabriela Firea a transmis, [&hellip;]\" \/>\n<meta property=\"og:url\" content=\"https:\/\/buletin.de\/bucuresti\/talk-show-cu-medici-gabriela-firea-moderator-si-aplauze-la-redeschiderea-spitalului-colentina\/\" \/>\n<meta property=\"og:site_name\" content=\"Buletin de Bucure\u0219ti\" \/>\n<meta property=\"article:publisher\" content=\"https:\/\/www.facebook.com\/buletin.de.buc\" \/>\n<meta property=\"article:published_time\" content=\"2020-07-16T11:39:11+00:00\" \/>\n<meta property=\"article:modified_time\" content=\"2020-07-16T11:48:59+00:00\" \/>\n<meta property=\"og:image\" content=\"https:\/\/buletin.de\/bucuresti\/wp-content\/uploads\/cover-firea.jpg\" \/>\n\t<meta property=\"og:image:width\" content=\"1931\" \/>\n\t<meta property=\"og:image:height\" content=\"1066\" \/>\n\t<meta property=\"og:image:type\" content=\"image\/jpeg\" \/>\n<meta name=\"author\" content=\"C\u0103t\u0103lin Dosca\u0219\" \/>\n<meta name=\"twitter:card\" content=\"summary_large_image\" \/>\n<meta name=\"twitter:label1\" content=\"Written by\" \/>\n\t<meta name=\"twitter:data1\" content=\"C\u0103t\u0103lin Dosca\u0219\" \/>\n\t<meta name=\"twitter:label2\" content=\"Estimated reading time\" \/>\n\t<meta name=\"twitter:data2\" content=\"2 minutes\" \/>\n<script type=\"application\/ld+json\" class=\"yoast-schema-graph\">{\"@context\":\"https:\\\/\\\/schema.org\",\"@graph\":[{\"@type\":\"Article\",\"@id\":\"https:\\\/\\\/buletin.de\\\/bucuresti\\\/talk-show-cu-medici-gabriela-firea-moderator-si-aplauze-la-redeschiderea-spitalului-colentina\\\/#article\",\"isPartOf\":{\"@id\":\"https:\\\/\\\/buletin.de\\\/bucuresti\\\/talk-show-cu-medici-gabriela-firea-moderator-si-aplauze-la-redeschiderea-spitalului-colentina\\\/\"},\"author\":{\"name\":\"C\u0103t\u0103lin Dosca\u0219\",\"@id\":\"https:\\\/\\\/buletin.de\\\/bucuresti\\\/#\\\/schema\\\/person\\\/31117187ed4d0bdb0a4c7d6acc79d0f8\"},\"headline\":\"&#8220;Talk-show&#8221; cu medici, Gabriela Firea moderator \u0219i aplauze, la redeschiderea spitalului Colentina\",\"datePublished\":\"2020-07-16T11:39:11+00:00\",\"dateModified\":\"2020-07-16T11:48:59+00:00\",\"mainEntityOfPage\":{\"@id\":\"https:\\\/\\\/buletin.de\\\/bucuresti\\\/talk-show-cu-medici-gabriela-firea-moderator-si-aplauze-la-redeschiderea-spitalului-colentina\\\/\"},\"wordCount\":326,\"publisher\":{\"@id\":\"https:\\\/\\\/buletin.de\\\/bucuresti\\\/#organization\"},\"image\":{\"@id\":\"https:\\\/\\\/buletin.de\\\/bucuresti\\\/talk-show-cu-medici-gabriela-firea-moderator-si-aplauze-la-redeschiderea-spitalului-colentina\\\/#primaryimage\"},\"thumbnailUrl\":\"https:\\\/\\\/buletin.de\\\/bucuresti\\\/wp-content\\\/uploads\\\/cover-firea.jpg\",\"keywords\":[\"colentina\",\"firea\",\"inaugurare\"],\"articleSection\":[\"Covid-19\"],\"inLanguage\":\"en-GB\",\"copyrightYear\":\"2020\",\"copyrightHolder\":{\"@id\":\"https:\\\/\\\/buletin.de\\\/bucuresti\\\/#organization\"}},{\"@type\":\"WebPage\",\"@id\":\"https:\\\/\\\/buletin.de\\\/bucuresti\\\/talk-show-cu-medici-gabriela-firea-moderator-si-aplauze-la-redeschiderea-spitalului-colentina\\\/\",\"url\":\"https:\\\/\\\/buletin.de\\\/bucuresti\\\/talk-show-cu-medici-gabriela-firea-moderator-si-aplauze-la-redeschiderea-spitalului-colentina\\\/\",\"name\":\"\\\"Talk-show\\\" cu medici, Gabriela Firea moderator \u0219i aplauze, la redeschiderea spitalului Colentina - Buletin de Bucure\u0219ti\",\"isPartOf\":{\"@id\":\"https:\\\/\\\/buletin.de\\\/bucuresti\\\/#website\"},\"primaryImageOfPage\":{\"@id\":\"https:\\\/\\\/buletin.de\\\/bucuresti\\\/talk-show-cu-medici-gabriela-firea-moderator-si-aplauze-la-redeschiderea-spitalului-colentina\\\/#primaryimage\"},\"image\":{\"@id\":\"https:\\\/\\\/buletin.de\\\/bucuresti\\\/talk-show-cu-medici-gabriela-firea-moderator-si-aplauze-la-redeschiderea-spitalului-colentina\\\/#primaryimage\"},\"thumbnailUrl\":\"https:\\\/\\\/buletin.de\\\/bucuresti\\\/wp-content\\\/uploads\\\/cover-firea.jpg\",\"datePublished\":\"2020-07-16T11:39:11+00:00\",\"dateModified\":\"2020-07-16T11:48:59+00:00\",\"breadcrumb\":{\"@id\":\"https:\\\/\\\/buletin.de\\\/bucuresti\\\/talk-show-cu-medici-gabriela-firea-moderator-si-aplauze-la-redeschiderea-spitalului-colentina\\\/#breadcrumb\"},\"inLanguage\":\"en-GB\",\"potentialAction\":[{\"@type\":\"ReadAction\",\"target\":[\"https:\\\/\\\/buletin.de\\\/bucuresti\\\/talk-show-cu-medici-gabriela-firea-moderator-si-aplauze-la-redeschiderea-spitalului-colentina\\\/\"]}]},{\"@type\":\"ImageObject\",\"inLanguage\":\"en-GB\",\"@id\":\"https:\\\/\\\/buletin.de\\\/bucuresti\\\/talk-show-cu-medici-gabriela-firea-moderator-si-aplauze-la-redeschiderea-spitalului-colentina\\\/#primaryimage\",\"url\":\"https:\\\/\\\/buletin.de\\\/bucuresti\\\/wp-content\\\/uploads\\\/cover-firea.jpg\",\"contentUrl\":\"https:\\\/\\\/buletin.de\\\/bucuresti\\\/wp-content\\\/uploads\\\/cover-firea.jpg\",\"width\":1931,\"height\":1066},{\"@type\":\"BreadcrumbList\",\"@id\":\"https:\\\/\\\/buletin.de\\\/bucuresti\\\/talk-show-cu-medici-gabriela-firea-moderator-si-aplauze-la-redeschiderea-spitalului-colentina\\\/#breadcrumb\",\"itemListElement\":[{\"@type\":\"ListItem\",\"position\":1,\"name\":\"Acas\u0103\",\"item\":\"https:\\\/\\\/buletin.de\\\/bucuresti\\\/\"},{\"@type\":\"ListItem\",\"position\":2,\"name\":\"&#8220;Talk-show&#8221; cu medici, Gabriela Firea moderator \u0219i aplauze, la redeschiderea spitalului Colentina\"}]},{\"@type\":\"WebSite\",\"@id\":\"https:\\\/\\\/buletin.de\\\/bucuresti\\\/#website\",\"url\":\"https:\\\/\\\/buletin.de\\\/bucuresti\\\/\",\"name\":\"Buletin de Bucure\u0219ti\",\"description\":\"\u0218tiri \u0219i investiga\u021bii esen\u021biale din capital\u0103\",\"publisher\":{\"@id\":\"https:\\\/\\\/buletin.de\\\/bucuresti\\\/#organization\"},\"potentialAction\":[{\"@type\":\"SearchAction\",\"target\":{\"@type\":\"EntryPoint\",\"urlTemplate\":\"https:\\\/\\\/buletin.de\\\/bucuresti\\\/?s={search_term_string}\"},\"query-input\":{\"@type\":\"PropertyValueSpecification\",\"valueRequired\":true,\"valueName\":\"search_term_string\"}}],\"inLanguage\":\"en-GB\"},{\"@type\":\"Organization\",\"@id\":\"https:\\\/\\\/buletin.de\\\/bucuresti\\\/#organization\",\"name\":\"Buletin de Bucure\u0219ti\",\"url\":\"https:\\\/\\\/buletin.de\\\/bucuresti\\\/\",\"logo\":{\"@type\":\"ImageObject\",\"inLanguage\":\"en-GB\",\"@id\":\"https:\\\/\\\/buletin.de\\\/bucuresti\\\/#\\\/schema\\\/logo\\\/image\\\/\",\"url\":\"https:\\\/\\\/buletin.de\\\/bucuresti\\\/wp-content\\\/uploads\\\/logo-bdb-full-wide-vernil-transparent.png\",\"contentUrl\":\"https:\\\/\\\/buletin.de\\\/bucuresti\\\/wp-content\\\/uploads\\\/logo-bdb-full-wide-vernil-transparent.png\",\"width\":1782,\"height\":626,\"caption\":\"Buletin de Bucure\u0219ti\"},\"image\":{\"@id\":\"https:\\\/\\\/buletin.de\\\/bucuresti\\\/#\\\/schema\\\/logo\\\/image\\\/\"},\"sameAs\":[\"https:\\\/\\\/www.facebook.com\\\/buletin.de.buc\",\"https:\\\/\\\/www.instagram.com\\\/buletinde.bucuresti\\\/\"]},{\"@type\":\"Person\",\"@id\":\"https:\\\/\\\/buletin.de\\\/bucuresti\\\/#\\\/schema\\\/person\\\/31117187ed4d0bdb0a4c7d6acc79d0f8\",\"name\":\"C\u0103t\u0103lin Dosca\u0219\",\"image\":{\"@type\":\"ImageObject\",\"inLanguage\":\"en-GB\",\"@id\":\"https:\\\/\\\/buletin.de\\\/bucuresti\\\/wp-content\\\/uploads\\\/Catalin-Doscas-e1732731064764-96x96.jpga93e2943bb3b1c1f9ead823df6e6317a\",\"url\":\"https:\\\/\\\/buletin.de\\\/bucuresti\\\/wp-content\\\/uploads\\\/Catalin-Doscas-e1732731064764-96x96.jpg\",\"contentUrl\":\"https:\\\/\\\/buletin.de\\\/bucuresti\\\/wp-content\\\/uploads\\\/Catalin-Doscas-e1732731064764-96x96.jpg\",\"caption\":\"C\u0103t\u0103lin Dosca\u0219\"},\"description\":\"Reporter \u0219i redactor-\u0219ef Buletin de Bucure\u0219ti. Lucreaz\u0103 \u00een mass-media de la v\u00e2rsta de 15 ani, c\u00e2nd a publicat primele articole \u00een presa local\u0103 din Tecuci. \u00cen Bucure\u0219ti a lucrat \u00een redac\u021bii radio ca reporter, redactor \u0219i prezentator (StudentFM, Na\u021bionalFM, Radio Total, Smart FM), unde a acoperit domeniile politic, economic, social \u0219i externe. Ulterior, a fost editor-coordonator al postului Realitatea FM. Experien\u021ba \u00een jurnalismul online a dob\u00e2ndit-o la portalul B365.ro, unde a fost editor. \u00cen 2012 s-a angajat \u00een televiziune. La Realitatea TV a fost, pe r\u00e2nd, reporter la sec\u021bia Social, reporter special la emisiunea de reportaje \u0219i anchete \u201eReporterii Realit\u0103\u021bii\u201d, dar \u0219i editor al jurnalelor de \u0219tiri. Ulterior, a f\u0103cut parte din sec\u021bia de Investiga\u021bii de la Digi24 \u0219i a lucrat la campania \u201eRom\u00e2nia furat\u0103\u201d. A revenit \u00een presa scris\u0103 \u00een 2017, ca reporter special, \u00een cadrul unui proiect de repozi\u021bionare a tabloidului Libertatea \u00een cotidian generalist. Este jurnalist Buletin de Bucure\u0219ti din 2019.\",\"url\":\"https:\\\/\\\/buletin.de\\\/bucuresti\\\/author\\\/catalin\\\/\"}]}<\/script>\n<!-- \/ Yoast SEO Premium plugin. -->","yoast_head_json":{"title":"\"Talk-show\" cu medici, Gabriela Firea moderator \u0219i aplauze, la redeschiderea spitalului Colentina - Buletin de Bucure\u0219ti","robots":{"index":"index","follow":"follow","max-snippet":"max-snippet:-1","max-image-preview":"max-image-preview:large","max-video-preview":"max-video-preview:-1"},"canonical":"https:\/\/buletin.de\/bucuresti\/talk-show-cu-medici-gabriela-firea-moderator-si-aplauze-la-redeschiderea-spitalului-colentina\/","og_locale":"en_GB","og_type":"article","og_title":"\"Talk-show\" cu medici, Gabriela Firea moderator \u0219i aplauze, la redeschiderea spitalului Colentina","og_description":"Spitalul Colentina a primit azi aviz de la Ministerul S\u0103n\u0103t\u0103\u021bii pentru func\u021bionare normal\u0103. De la \u00eenceputul pandemiei, spitalul a avut regim de suport COVID. Intern\u0103rile nu vor putea fi \u00eens\u0103 reluate imediat deoarece \u00een spital mai sunt 140 de pacien\u021bi care pe l\u00e2ng\u0103 alte boli sunt infecta\u021bi cu COVID. Primarul general Gabriela Firea a transmis, [&hellip;]","og_url":"https:\/\/buletin.de\/bucuresti\/talk-show-cu-medici-gabriela-firea-moderator-si-aplauze-la-redeschiderea-spitalului-colentina\/","og_site_name":"Buletin de Bucure\u0219ti","article_publisher":"https:\/\/www.facebook.com\/buletin.de.buc","article_published_time":"2020-07-16T11:39:11+00:00","article_modified_time":"2020-07-16T11:48:59+00:00","og_image":[{"width":1931,"height":1066,"url":"https:\/\/buletin.de\/bucuresti\/wp-content\/uploads\/cover-firea.jpg","type":"image\/jpeg"}],"author":"C\u0103t\u0103lin Dosca\u0219","twitter_card":"summary_large_image","twitter_misc":{"Written by":"C\u0103t\u0103lin Dosca\u0219","Estimated reading time":"2 minutes"},"schema":{"@context":"https:\/\/schema.org","@graph":[{"@type":"Article","@id":"https:\/\/buletin.de\/bucuresti\/talk-show-cu-medici-gabriela-firea-moderator-si-aplauze-la-redeschiderea-spitalului-colentina\/#article","isPartOf":{"@id":"https:\/\/buletin.de\/bucuresti\/talk-show-cu-medici-gabriela-firea-moderator-si-aplauze-la-redeschiderea-spitalului-colentina\/"},"author":{"name":"C\u0103t\u0103lin Dosca\u0219","@id":"https:\/\/buletin.de\/bucuresti\/#\/schema\/person\/31117187ed4d0bdb0a4c7d6acc79d0f8"},"headline":"&#8220;Talk-show&#8221; cu medici, Gabriela Firea moderator \u0219i aplauze, la redeschiderea spitalului Colentina","datePublished":"2020-07-16T11:39:11+00:00","dateModified":"2020-07-16T11:48:59+00:00","mainEntityOfPage":{"@id":"https:\/\/buletin.de\/bucuresti\/talk-show-cu-medici-gabriela-firea-moderator-si-aplauze-la-redeschiderea-spitalului-colentina\/"},"wordCount":326,"publisher":{"@id":"https:\/\/buletin.de\/bucuresti\/#organization"},"image":{"@id":"https:\/\/buletin.de\/bucuresti\/talk-show-cu-medici-gabriela-firea-moderator-si-aplauze-la-redeschiderea-spitalului-colentina\/#primaryimage"},"thumbnailUrl":"https:\/\/buletin.de\/bucuresti\/wp-content\/uploads\/cover-firea.jpg","keywords":["colentina","firea","inaugurare"],"articleSection":["Covid-19"],"inLanguage":"en-GB","copyrightYear":"2020","copyrightHolder":{"@id":"https:\/\/buletin.de\/bucuresti\/#organization"}},{"@type":"WebPage","@id":"https:\/\/buletin.de\/bucuresti\/talk-show-cu-medici-gabriela-firea-moderator-si-aplauze-la-redeschiderea-spitalului-colentina\/","url":"https:\/\/buletin.de\/bucuresti\/talk-show-cu-medici-gabriela-firea-moderator-si-aplauze-la-redeschiderea-spitalului-colentina\/","name":"\"Talk-show\" cu medici, Gabriela Firea moderator \u0219i aplauze, la redeschiderea spitalului Colentina - Buletin de Bucure\u0219ti","isPartOf":{"@id":"https:\/\/buletin.de\/bucuresti\/#website"},"primaryImageOfPage":{"@id":"https:\/\/buletin.de\/bucuresti\/talk-show-cu-medici-gabriela-firea-moderator-si-aplauze-la-redeschiderea-spitalului-colentina\/#primaryimage"},"image":{"@id":"https:\/\/buletin.de\/bucuresti\/talk-show-cu-medici-gabriela-firea-moderator-si-aplauze-la-redeschiderea-spitalului-colentina\/#primaryimage"},"thumbnailUrl":"https:\/\/buletin.de\/bucuresti\/wp-content\/uploads\/cover-firea.jpg","datePublished":"2020-07-16T11:39:11+00:00","dateModified":"2020-07-16T11:48:59+00:00","breadcrumb":{"@id":"https:\/\/buletin.de\/bucuresti\/talk-show-cu-medici-gabriela-firea-moderator-si-aplauze-la-redeschiderea-spitalului-colentina\/#breadcrumb"},"inLanguage":"en-GB","potentialAction":[{"@type":"ReadAction","target":["https:\/\/buletin.de\/bucuresti\/talk-show-cu-medici-gabriela-firea-moderator-si-aplauze-la-redeschiderea-spitalului-colentina\/"]}]},{"@type":"ImageObject","inLanguage":"en-GB","@id":"https:\/\/buletin.de\/bucuresti\/talk-show-cu-medici-gabriela-firea-moderator-si-aplauze-la-redeschiderea-spitalului-colentina\/#primaryimage","url":"https:\/\/buletin.de\/bucuresti\/wp-content\/uploads\/cover-firea.jpg","contentUrl":"https:\/\/buletin.de\/bucuresti\/wp-content\/uploads\/cover-firea.jpg","width":1931,"height":1066},{"@type":"BreadcrumbList","@id":"https:\/\/buletin.de\/bucuresti\/talk-show-cu-medici-gabriela-firea-moderator-si-aplauze-la-redeschiderea-spitalului-colentina\/#breadcrumb","itemListElement":[{"@type":"ListItem","position":1,"name":"Acas\u0103","item":"https:\/\/buletin.de\/bucuresti\/"},{"@type":"ListItem","position":2,"name":"&#8220;Talk-show&#8221; cu medici, Gabriela Firea moderator \u0219i aplauze, la redeschiderea spitalului Colentina"}]},{"@type":"WebSite","@id":"https:\/\/buletin.de\/bucuresti\/#website","url":"https:\/\/buletin.de\/bucuresti\/","name":"Buletin de Bucure\u0219ti","description":"\u0218tiri \u0219i investiga\u021bii esen\u021biale din capital\u0103","publisher":{"@id":"https:\/\/buletin.de\/bucuresti\/#organization"},"potentialAction":[{"@type":"SearchAction","target":{"@type":"EntryPoint","urlTemplate":"https:\/\/buletin.de\/bucuresti\/?s={search_term_string}"},"query-input":{"@type":"PropertyValueSpecification","valueRequired":true,"valueName":"search_term_string"}}],"inLanguage":"en-GB"},{"@type":"Organization","@id":"https:\/\/buletin.de\/bucuresti\/#organization","name":"Buletin de Bucure\u0219ti","url":"https:\/\/buletin.de\/bucuresti\/","logo":{"@type":"ImageObject","inLanguage":"en-GB","@id":"https:\/\/buletin.de\/bucuresti\/#\/schema\/logo\/image\/","url":"https:\/\/buletin.de\/bucuresti\/wp-content\/uploads\/logo-bdb-full-wide-vernil-transparent.png","contentUrl":"https:\/\/buletin.de\/bucuresti\/wp-content\/uploads\/logo-bdb-full-wide-vernil-transparent.png","width":1782,"height":626,"caption":"Buletin de Bucure\u0219ti"},"image":{"@id":"https:\/\/buletin.de\/bucuresti\/#\/schema\/logo\/image\/"},"sameAs":["https:\/\/www.facebook.com\/buletin.de.buc","https:\/\/www.instagram.com\/buletinde.bucuresti\/"]},{"@type":"Person","@id":"https:\/\/buletin.de\/bucuresti\/#\/schema\/person\/31117187ed4d0bdb0a4c7d6acc79d0f8","name":"C\u0103t\u0103lin Dosca\u0219","image":{"@type":"ImageObject","inLanguage":"en-GB","@id":"https:\/\/buletin.de\/bucuresti\/wp-content\/uploads\/Catalin-Doscas-e1732731064764-96x96.jpga93e2943bb3b1c1f9ead823df6e6317a","url":"https:\/\/buletin.de\/bucuresti\/wp-content\/uploads\/Catalin-Doscas-e1732731064764-96x96.jpg","contentUrl":"https:\/\/buletin.de\/bucuresti\/wp-content\/uploads\/Catalin-Doscas-e1732731064764-96x96.jpg","caption":"C\u0103t\u0103lin Dosca\u0219"},"description":"Reporter \u0219i redactor-\u0219ef Buletin de Bucure\u0219ti. Lucreaz\u0103 \u00een mass-media de la v\u00e2rsta de 15 ani, c\u00e2nd a publicat primele articole \u00een presa local\u0103 din Tecuci. \u00cen Bucure\u0219ti a lucrat \u00een redac\u021bii radio ca reporter, redactor \u0219i prezentator (StudentFM, Na\u021bionalFM, Radio Total, Smart FM), unde a acoperit domeniile politic, economic, social \u0219i externe. Ulterior, a fost editor-coordonator al postului Realitatea FM. Experien\u021ba \u00een jurnalismul online a dob\u00e2ndit-o la portalul B365.ro, unde a fost editor. \u00cen 2012 s-a angajat \u00een televiziune. La Realitatea TV a fost, pe r\u00e2nd, reporter la sec\u021bia Social, reporter special la emisiunea de reportaje \u0219i anchete \u201eReporterii Realit\u0103\u021bii\u201d, dar \u0219i editor al jurnalelor de \u0219tiri. Ulterior, a f\u0103cut parte din sec\u021bia de Investiga\u021bii de la Digi24 \u0219i a lucrat la campania \u201eRom\u00e2nia furat\u0103\u201d. A revenit \u00een presa scris\u0103 \u00een 2017, ca reporter special, \u00een cadrul unui proiect de repozi\u021bionare a tabloidului Libertatea \u00een cotidian generalist. Este jurnalist Buletin de Bucure\u0219ti din 2019.","url":"https:\/\/buletin.de\/bucuresti\/author\/catalin\/"}]}},"authors":[{"term_id":22575,"user_id":10,"is_guest":0,"slug":"catalin","display_name":"C\u0103t\u0103lin Dosca\u0219","avatar_url":"https:\/\/buletin.de\/bucuresti\/wp-content\/uploads\/Catalin-Doscas-e1732731064764-96x96.jpg","0":null,"1":"","2":"","3":"","4":"","5":"","6":"","7":"","8":""}],"_links":{"self":[{"href":"https:\/\/buletin.de\/bucuresti\/wp-json\/wp\/v2\/posts\/9276","targetHints":{"allow":["GET"]}}],"collection":[{"href":"https:\/\/buletin.de\/bucuresti\/wp-json\/wp\/v2\/posts"}],"about":[{"href":"https:\/\/buletin.de\/bucuresti\/wp-json\/wp\/v2\/types\/post"}],"author":[{"embeddable":true,"href":"https:\/\/buletin.de\/bucuresti\/wp-json\/wp\/v2\/users\/10"}],"replies":[{"embeddable":true,"href":"https:\/\/buletin.de\/bucuresti\/wp-json\/wp\/v2\/comments?post=9276"}],"version-history":[{"count":4,"href":"https:\/\/buletin.de\/bucuresti\/wp-json\/wp\/v2\/posts\/9276\/revisions"}],"predecessor-version":[{"id":9285,"href":"https:\/\/buletin.de\/bucuresti\/wp-json\/wp\/v2\/posts\/9276\/revisions\/9285"}],"wp:featuredmedia":[{"embeddable":true,"href":"https:\/\/buletin.de\/bucuresti\/wp-json\/wp\/v2\/media\/9279"}],"wp:attachment":[{"href":"https:\/\/buletin.de\/bucuresti\/wp-json\/wp\/v2\/media?parent=9276"}],"wp:term":[{"taxonomy":"category","embeddable":true,"href":"https:\/\/buletin.de\/bucuresti\/wp-json\/wp\/v2\/categories?post=9276"},{"taxonomy":"post_tag","embeddable":true,"href":"https:\/\/buletin.de\/bucuresti\/wp-json\/wp\/v2\/tags?post=9276"},{"taxonomy":"author","embeddable":true,"href":"https:\/\/buletin.de\/bucuresti\/wp-json\/wp\/v2\/ppma_author?post=9276"}],"curies":[{"name":"wp","href":"https:\/\/api.w.org\/{rel}","templated":true}]}}