{"id":92624,"date":"2024-07-29T07:52:29","date_gmt":"2024-07-29T04:52:29","guid":{"rendered":"https:\/\/buletin.de\/bucuresti\/?p=92624"},"modified":"2024-07-29T18:30:02","modified_gmt":"2024-07-29T15:30:02","slug":"cine-este-soferul-minor-care-a-accidentat-doi-copii-in-parcarea-parcului-pantelimon-criminalul-fugise-de-la-locul-accidentului","status":"publish","type":"post","link":"https:\/\/buletin.de\/bucuresti\/cine-este-soferul-minor-care-a-accidentat-doi-copii-in-parcarea-parcului-pantelimon-criminalul-fugise-de-la-locul-accidentului\/","title":{"rendered":"Cine este \u015foferul minor care a accidentat doi copii \u00een parcarea parcului Pantelimon. Criminalul fugise de la locul accidentului"},"content":{"rendered":"\n<p><strong>Poli\u0163ia a stabilit cine este \u015foferul care a accidentat doi copii \u00eentr-o parcare a parcului Pantelimon de pe \u015foseaua G\u0103rii C\u0103\u0163elu. Este vorba de un b\u0103iat de aproape 17 ani, potrivit agen\u021bilor rutieri. A fost testat cu etilotestul \u015fi cu drugtest-ul, dar rezultatele au fost negative.<\/strong><\/p>\n\n\n\n<h2 class=\"wp-block-heading\">UPDATE 29 iulie: Drama familiei din Pantelimon, cele dou\u0103 victime erau fra\u021bi<\/h2>\n\n\n\n<p><strong>Cei doi copii care au fost lovi\u0163i \u00een parcarea parcului Pantelimon erau fra\u0163i. B\u0103iatul de nou\u0103 ani a fost omor\u00e2t, iar fata de \u015fapte ani a ajuns \u00een stare grav\u0103 la spital, dup\u0103 ce i-a fost prins un picior sub roat\u0103. Copiii ie\u015fiser\u0103 cu trotinetele la joac\u0103, \u00eenso\u0163i\u0163i de mama lor.<\/strong><\/p>\n\n\n\n<p>Drama familiei din Pantelimon a venit fulger\u0103tor: nimeni nu se a\u015ftepta ca \u00een parcare, unde se circul\u0103 \u00een mod normal cu vitez\u0103 mic\u0103, doi copii s\u0103 fie secera\u0163i de un \u015fofer de nici 17 ani, care, spun martorii, accelerase puternic. B\u0103iatul a murit, \u00een ciuda manevrelor de resuscitare, iar feti\u0163a a fost transportat\u0103 la Grigore Alexandrescu, pentru \u00eengrijiri.<\/p>\n\n\n\n<p>CITE\u0218TE \u0218I: <strong><a href=\"https:\/\/buletin.de\/bucuresti\/drama-familiei-din-pantelimon-baiatul-ucis-iar-fetita-s-ar-putea-sa-nu-mai-mearga-normal-niciodata\/\" target=\"_blank\" rel=\"noreferrer noopener\">Drama familiei din Pantelimon: b\u0103iatul ucis, iar feti\u0163a s-ar putea s\u0103 nu mai mearg\u0103 normal niciodat\u0103<\/a><\/strong><\/p>\n\n\n\n<hr class=\"wp-block-separator has-alpha-channel-opacity\"\/>\n\n\n\n<p>Totodat\u0103 a fost dus la Institutul Na\u0163ional de Medicin\u0103 Legal\u0103, pentru a i se lua probe biologice. \u015eoferul a fost deja re\u0163inut pentru 24 de ore, pentru <strong><em>ucidere din culp\u0103, v\u0103t\u0103mare corporal\u0103 din culp\u0103, p\u0103r\u0103sirea locului accidentului ori modificarea sau \u0219tergerea urmelor acestuia \u0219i conducerea unui vehicul f\u0103r\u0103 permis de conducere<\/em><\/strong>, iar un judec\u0103tor va decide dac\u0103 acesta va fi cercetat \u00een libertate odat\u0103 cu expirarea ordonan\u0163ei de re\u0163inere sau va fi arestat preventiv pentru 30 de zile.<\/p>\n\n\n\n<p>CITE\u0218TE \u0218I: <strong><a href=\"https:\/\/buletin.de\/bucuresti\/accident-parc-pantelimon-un-copil-a-murit-si-unul-a-fost-ranit-dupa-ce-un-sofer-i-a-lovit-in-parcare\/\">Accident parc Pantelimon: Un copil a murit \u015fi unul a fost r\u0103nit, dup\u0103 ce un \u015fofer i-a lovit \u00een parcare<\/a><\/strong><\/p>\n\n\n\n<h2 class=\"wp-block-heading\">UPDATE 2: \u015eoferul a fost arestat preventiv<\/h2>\n\n\n\n<p>Pe numele t\u00e2n\u0103rului de 17 ani a fost emis mandat de arestare preventiv\u0103 pentru 30 de zile.<\/p>\n\n\n\n<hr class=\"wp-block-separator has-alpha-channel-opacity\"\/>\n\n\n\n<h2 class=\"wp-block-heading\">Cine este \u015foferul care a accidentat doi copii<\/h2>\n\n\n\n<p>Potrivit unor surse judiciare, este vorba de Mario D. T\u00e2n\u0103rul a fost, de altfel, surprins de o camer\u0103 de supraveghere din zon\u0103. <\/p>\n\n\n\n<figure class=\"wp-block-image size-large\"><img fetchpriority=\"high\" decoding=\"async\" width=\"675\" height=\"900\" src=\"data:image\/gif;base64,R0lGODlhAQABAAAAACH5BAEKAAEALAAAAAABAAEAAAICTAEAOw==\" data-src=\"https:\/\/buletin.de\/bucuresti\/wp-content\/uploads\/WhatsApp-Image-2024-07-29-at-06.47.36-675x900.jpeg\" alt=\"\" class=\"wp-image-92626 lazyload\" data-sizes=\"auto\" data-srcset=\"https:\/\/buletin.de\/bucuresti\/wp-content\/uploads\/WhatsApp-Image-2024-07-29-at-06.47.36-675x900.jpeg 675w, https:\/\/buletin.de\/bucuresti\/wp-content\/uploads\/WhatsApp-Image-2024-07-29-at-06.47.36-225x300.jpeg 225w, https:\/\/buletin.de\/bucuresti\/wp-content\/uploads\/WhatsApp-Image-2024-07-29-at-06.47.36-768x1024.jpeg 768w, https:\/\/buletin.de\/bucuresti\/wp-content\/uploads\/WhatsApp-Image-2024-07-29-at-06.47.36-1152x1536.jpeg 1152w, https:\/\/buletin.de\/bucuresti\/wp-content\/uploads\/WhatsApp-Image-2024-07-29-at-06.47.36-1100x1467.jpeg 1100w, https:\/\/buletin.de\/bucuresti\/wp-content\/uploads\/WhatsApp-Image-2024-07-29-at-06.47.36-600x800.jpeg 600w, https:\/\/buletin.de\/bucuresti\/wp-content\/uploads\/WhatsApp-Image-2024-07-29-at-06.47.36-20x27.jpeg 20w, https:\/\/buletin.de\/bucuresti\/wp-content\/uploads\/WhatsApp-Image-2024-07-29-at-06.47.36.jpeg 1500w\" sizes=\"(max-width: 675px) 100vw, 675px\" \/><\/figure>\n\n\n\n<h2 class=\"wp-block-heading\">B\u0103iatul a murit, feti\u021ba este \u00een stare grav\u0103<\/h2>\n\n\n\n<p><strong>Duminic\u0103 seara, 28 iulie, \u00een jurul orei 19:30, <a href=\"https:\/\/buletin.de\/bucuresti\/accident-parc-pantelimon-un-copil-a-murit-si-unul-a-fost-ranit-dupa-ce-un-sofer-i-a-lovit-in-parcare\/\">un \u015fofer a lovit doi copii<\/a>, un b\u0103iat \u00een v\u00e2rst\u0103 de nou\u0103 ani \u015fi o feti\u0163\u0103 de \u015fapte, \u00een parcarea exterioar\u0103 a parcului Pantelimon.&nbsp;<\/strong><\/p>\n\n\n\n<p>La fa\u0163a locului au ajuns \u015fi medicii care au \u00eencercat s\u0103 \u00eel resusciteze pe b\u0103ie\u0163elul de nou\u0103 ani. \u00cen ciuda \u00eencerc\u0103rilor repetate, copilul nu a putut fi readus la via\u0163\u0103 \u2013 medicii de pe ambulan\u0163\u0103 au constatat decesul acestuia.<\/p>\n\n\n\n<p>De asemenea, a doua victim\u0103, feti\u0163a \u00een v\u00e2rst\u0103 de 7 ani, a fost transportat\u0103 la spitalul Grigore Alexandrescu, pentru a primi \u00eengrijiri.<\/p>\n\n\n\n<p>Pe l\u00e2ng\u0103 cei doi copii, f\u0103pta\u015ful a lovit \u015fi trei ma\u015fini parcate. <\/p>\n\n\n\n<p>\u015eoferul a fugit de la fa\u0163a locului, \u00een ciuda legii care spune c\u0103 are voie s\u0103 p\u0103r\u0103seasc\u0103 locul accidentului cu victime doar cu \u00eencuviin\u0163area poli\u0163iei ori a procurorului care face cercetarea de acolo.<\/p>\n\n\n\n<figure class=\"wp-block-image size-large\"><img decoding=\"async\" width=\"900\" height=\"675\" src=\"data:image\/gif;base64,R0lGODlhAQABAAAAACH5BAEKAAEALAAAAAABAAEAAAICTAEAOw==\" data-src=\"https:\/\/buletin.de\/bucuresti\/wp-content\/uploads\/accident-parc-pantelimon-copii-1-900x675.jpeg\" alt=\"\" class=\"wp-image-92627 lazyload\" data-sizes=\"auto\" data-srcset=\"https:\/\/buletin.de\/bucuresti\/wp-content\/uploads\/accident-parc-pantelimon-copii-1-900x675.jpeg 900w, https:\/\/buletin.de\/bucuresti\/wp-content\/uploads\/accident-parc-pantelimon-copii-1-300x225.jpeg 300w, https:\/\/buletin.de\/bucuresti\/wp-content\/uploads\/accident-parc-pantelimon-copii-1-768x576.jpeg 768w, https:\/\/buletin.de\/bucuresti\/wp-content\/uploads\/accident-parc-pantelimon-copii-1-1536x1152.jpeg 1536w, https:\/\/buletin.de\/bucuresti\/wp-content\/uploads\/accident-parc-pantelimon-copii-1-1600x1200.jpeg 1600w, https:\/\/buletin.de\/bucuresti\/wp-content\/uploads\/accident-parc-pantelimon-copii-1-1100x825.jpeg 1100w, https:\/\/buletin.de\/bucuresti\/wp-content\/uploads\/accident-parc-pantelimon-copii-1-600x450.jpeg 600w, https:\/\/buletin.de\/bucuresti\/wp-content\/uploads\/accident-parc-pantelimon-copii-1-20x15.jpeg 20w, https:\/\/buletin.de\/bucuresti\/wp-content\/uploads\/accident-parc-pantelimon-copii-1.jpeg 2048w\" sizes=\"(max-width: 900px) 100vw, 900px\" \/><\/figure>\n\n\n\n<p>\u00cen ultimele 365 de zile, au fost aproape 1.000 de accidente \u00een Bucure\u015fti, dintre care peste 200 au fost grave, arat\u0103 statistica publicat\u0103&nbsp;<a href=\"http:\/\/imo.maglina.ro\/waze\/statistici\/bucuresti\/daily\/\">AICI<\/a>.<\/p>\n\n\n\n<p><strong>CITE\u015eTE \u015eI:<\/strong> <a href=\"https:\/\/buletin.de\/bucuresti\/lotul-1-de-pe-autostrada-de-centura-a-bucurestiului-in-circulatie-de-miercuri\/\"><strong>Lotul 1 de pe autostrada de centur\u0103 a Bucure\u0219tiului, \u00een circula\u021bie de miercuri<\/strong><\/a><\/p>\n","protected":false},"excerpt":{"rendered":"<p>Poli\u0163ia a stabilit cine este \u015foferul care a accidentat doi copii \u00eentr-o parcare a parcului Pantelimon de pe \u015foseaua G\u0103rii C\u0103\u0163elu. Este vorba de un b\u0103iat de aproape 17 ani, potrivit agen\u021bilor rutieri. A fost testat cu etilotestul \u015fi cu drugtest-ul, dar rezultatele au fost negative. UPDATE 29 iulie: Drama familiei din Pantelimon, cele dou\u0103 [&hellip;]<\/p>\n","protected":false},"author":8,"featured_media":92625,"comment_status":"closed","ping_status":"open","sticky":false,"template":"","format":"standard","meta":{"_acf_changed":false,"inline_featured_image":false,"ngg_post_thumbnail":0,"footnotes":""},"categories":[6994,9026,62],"tags":[13723,13718,13719,13722,13720,13721],"ppma_author":[22586],"class_list":["post-92624","post","type-post","status-publish","format-standard","has-post-thumbnail","hentry","category-stiri-2","category-eveniment","category-stiri","tag-accident-bucuresti-sofer-16-ani","tag-accident-gara-catelu","tag-accident-parc-pantelimon","tag-sofer-16-ani-doi-copii-loviti-cu-masina","tag-sofer-minor-accident-parc-pantelimon-parcare","tag-sofer-prins-accident-pantelimon-parc"],"acf":[],"yoast_head":"<!-- This site is optimized with the Yoast SEO Premium plugin v25.3 (Yoast SEO v27.4) - https:\/\/yoast.com\/product\/yoast-seo-premium-wordpress\/ -->\n<title>Cine este \u015foferul minor care a accidentat doi copii \u00een parcarea parcului Pantelimon. Criminalul fugise de la locul accidentului - Buletin de Bucure\u0219ti<\/title>\n<meta name=\"description\" content=\"Poli\u0163ia a stabilit cine este \u015foferul care a accidentat doi copii \u00eentr-o parcare a parcului Pantelimon de pe \u015foseaua G\u0103rii C\u0103\u0163elu.\" \/>\n<meta name=\"robots\" content=\"index, follow, max-snippet:-1, max-image-preview:large, max-video-preview:-1\" \/>\n<link rel=\"canonical\" href=\"https:\/\/buletin.de\/bucuresti\/cine-este-soferul-minor-care-a-accidentat-doi-copii-in-parcarea-parcului-pantelimon-criminalul-fugise-de-la-locul-accidentului\/\" \/>\n<meta property=\"og:locale\" content=\"en_GB\" \/>\n<meta property=\"og:type\" content=\"article\" \/>\n<meta property=\"og:title\" content=\"Cine este \u015foferul minor care a accidentat doi copii \u00een parcarea parcului Pantelimon. Criminalul fugise de la locul accidentului\" \/>\n<meta property=\"og:description\" content=\"Poli\u0163ia a stabilit cine este \u015foferul care a accidentat doi copii \u00eentr-o parcare a parcului Pantelimon de pe \u015foseaua G\u0103rii C\u0103\u0163elu.\" \/>\n<meta property=\"og:url\" content=\"https:\/\/buletin.de\/bucuresti\/cine-este-soferul-minor-care-a-accidentat-doi-copii-in-parcarea-parcului-pantelimon-criminalul-fugise-de-la-locul-accidentului\/\" \/>\n<meta property=\"og:site_name\" content=\"Buletin de Bucure\u0219ti\" \/>\n<meta property=\"article:publisher\" content=\"https:\/\/www.facebook.com\/buletin.de.buc\" \/>\n<meta property=\"article:published_time\" content=\"2024-07-29T04:52:29+00:00\" \/>\n<meta property=\"article:modified_time\" content=\"2024-07-29T15:30:02+00:00\" \/>\n<meta property=\"og:image\" content=\"https:\/\/buletin.de\/bucuresti\/wp-content\/uploads\/gts_eh4g1lk.jpg\" \/>\n\t<meta property=\"og:image:width\" content=\"1600\" \/>\n\t<meta property=\"og:image:height\" content=\"1068\" \/>\n\t<meta property=\"og:image:type\" content=\"image\/jpeg\" \/>\n<meta name=\"author\" content=\"Ionu\u021b Lepa\" \/>\n<meta name=\"twitter:card\" content=\"summary_large_image\" \/>\n<meta name=\"twitter:label1\" content=\"Written by\" \/>\n\t<meta name=\"twitter:data1\" content=\"Ionu\u021b Lepa\" \/>\n\t<meta name=\"twitter:label2\" content=\"Estimated reading time\" \/>\n\t<meta name=\"twitter:data2\" content=\"3 minutes\" \/>\n<script type=\"application\/ld+json\" class=\"yoast-schema-graph\">{\"@context\":\"https:\\\/\\\/schema.org\",\"@graph\":[{\"@type\":\"Article\",\"@id\":\"https:\\\/\\\/buletin.de\\\/bucuresti\\\/cine-este-soferul-minor-care-a-accidentat-doi-copii-in-parcarea-parcului-pantelimon-criminalul-fugise-de-la-locul-accidentului\\\/#article\",\"isPartOf\":{\"@id\":\"https:\\\/\\\/buletin.de\\\/bucuresti\\\/cine-este-soferul-minor-care-a-accidentat-doi-copii-in-parcarea-parcului-pantelimon-criminalul-fugise-de-la-locul-accidentului\\\/\"},\"author\":{\"name\":\"Ionu\u021b Lepa\",\"@id\":\"https:\\\/\\\/buletin.de\\\/bucuresti\\\/#\\\/schema\\\/person\\\/5272b8a057b33890940b57b837fc4ce6\"},\"headline\":\"Cine este \u015foferul minor care a accidentat doi copii \u00een parcarea parcului Pantelimon. Criminalul fugise de la locul accidentului\",\"datePublished\":\"2024-07-29T04:52:29+00:00\",\"dateModified\":\"2024-07-29T15:30:02+00:00\",\"mainEntityOfPage\":{\"@id\":\"https:\\\/\\\/buletin.de\\\/bucuresti\\\/cine-este-soferul-minor-care-a-accidentat-doi-copii-in-parcarea-parcului-pantelimon-criminalul-fugise-de-la-locul-accidentului\\\/\"},\"wordCount\":589,\"publisher\":{\"@id\":\"https:\\\/\\\/buletin.de\\\/bucuresti\\\/#organization\"},\"image\":{\"@id\":\"https:\\\/\\\/buletin.de\\\/bucuresti\\\/cine-este-soferul-minor-care-a-accidentat-doi-copii-in-parcarea-parcului-pantelimon-criminalul-fugise-de-la-locul-accidentului\\\/#primaryimage\"},\"thumbnailUrl\":\"https:\\\/\\\/buletin.de\\\/bucuresti\\\/wp-content\\\/uploads\\\/gts_eh4g1lk.jpg\",\"keywords\":[\"accident bucuresti sofer 16 ani\",\"accident gara catelu\",\"accident parc pantelimon\",\"sofer 16 ani doi copii loviti cu masina\",\"sofer minor accident parc pantelimon parcare\",\"sofer prins accident pantelimon parc\"],\"articleSection\":[\"Articole\",\"Eveniment\",\"\u0218tiri\"],\"inLanguage\":\"en-GB\",\"copyrightYear\":\"2024\",\"copyrightHolder\":{\"@id\":\"https:\\\/\\\/buletin.de\\\/bucuresti\\\/#organization\"}},{\"@type\":\"WebPage\",\"@id\":\"https:\\\/\\\/buletin.de\\\/bucuresti\\\/cine-este-soferul-minor-care-a-accidentat-doi-copii-in-parcarea-parcului-pantelimon-criminalul-fugise-de-la-locul-accidentului\\\/\",\"url\":\"https:\\\/\\\/buletin.de\\\/bucuresti\\\/cine-este-soferul-minor-care-a-accidentat-doi-copii-in-parcarea-parcului-pantelimon-criminalul-fugise-de-la-locul-accidentului\\\/\",\"name\":\"Cine este \u015foferul minor care a accidentat doi copii \u00een parcarea parcului Pantelimon. Criminalul fugise de la locul accidentului - Buletin de Bucure\u0219ti\",\"isPartOf\":{\"@id\":\"https:\\\/\\\/buletin.de\\\/bucuresti\\\/#website\"},\"primaryImageOfPage\":{\"@id\":\"https:\\\/\\\/buletin.de\\\/bucuresti\\\/cine-este-soferul-minor-care-a-accidentat-doi-copii-in-parcarea-parcului-pantelimon-criminalul-fugise-de-la-locul-accidentului\\\/#primaryimage\"},\"image\":{\"@id\":\"https:\\\/\\\/buletin.de\\\/bucuresti\\\/cine-este-soferul-minor-care-a-accidentat-doi-copii-in-parcarea-parcului-pantelimon-criminalul-fugise-de-la-locul-accidentului\\\/#primaryimage\"},\"thumbnailUrl\":\"https:\\\/\\\/buletin.de\\\/bucuresti\\\/wp-content\\\/uploads\\\/gts_eh4g1lk.jpg\",\"datePublished\":\"2024-07-29T04:52:29+00:00\",\"dateModified\":\"2024-07-29T15:30:02+00:00\",\"description\":\"Poli\u0163ia a stabilit cine este \u015foferul care a accidentat doi copii \u00eentr-o parcare a parcului Pantelimon de pe \u015foseaua G\u0103rii C\u0103\u0163elu.\",\"breadcrumb\":{\"@id\":\"https:\\\/\\\/buletin.de\\\/bucuresti\\\/cine-este-soferul-minor-care-a-accidentat-doi-copii-in-parcarea-parcului-pantelimon-criminalul-fugise-de-la-locul-accidentului\\\/#breadcrumb\"},\"inLanguage\":\"en-GB\",\"potentialAction\":[{\"@type\":\"ReadAction\",\"target\":[\"https:\\\/\\\/buletin.de\\\/bucuresti\\\/cine-este-soferul-minor-care-a-accidentat-doi-copii-in-parcarea-parcului-pantelimon-criminalul-fugise-de-la-locul-accidentului\\\/\"]}]},{\"@type\":\"ImageObject\",\"inLanguage\":\"en-GB\",\"@id\":\"https:\\\/\\\/buletin.de\\\/bucuresti\\\/cine-este-soferul-minor-care-a-accidentat-doi-copii-in-parcarea-parcului-pantelimon-criminalul-fugise-de-la-locul-accidentului\\\/#primaryimage\",\"url\":\"https:\\\/\\\/buletin.de\\\/bucuresti\\\/wp-content\\\/uploads\\\/gts_eh4g1lk.jpg\",\"contentUrl\":\"https:\\\/\\\/buletin.de\\\/bucuresti\\\/wp-content\\\/uploads\\\/gts_eh4g1lk.jpg\",\"width\":1600,\"height\":1068,\"caption\":\"Cine este \u015foferul care a provocat accidentul din parcarea parcului Pantelimon. FOTO: unsplash.com\"},{\"@type\":\"BreadcrumbList\",\"@id\":\"https:\\\/\\\/buletin.de\\\/bucuresti\\\/cine-este-soferul-minor-care-a-accidentat-doi-copii-in-parcarea-parcului-pantelimon-criminalul-fugise-de-la-locul-accidentului\\\/#breadcrumb\",\"itemListElement\":[{\"@type\":\"ListItem\",\"position\":1,\"name\":\"Acas\u0103\",\"item\":\"https:\\\/\\\/buletin.de\\\/bucuresti\\\/\"},{\"@type\":\"ListItem\",\"position\":2,\"name\":\"Cine este \u015foferul minor care a accidentat doi copii \u00een parcarea parcului Pantelimon. Criminalul fugise de la locul accidentului\"}]},{\"@type\":\"WebSite\",\"@id\":\"https:\\\/\\\/buletin.de\\\/bucuresti\\\/#website\",\"url\":\"https:\\\/\\\/buletin.de\\\/bucuresti\\\/\",\"name\":\"Buletin de Bucure\u0219ti\",\"description\":\"\u0218tiri \u0219i investiga\u021bii esen\u021biale din capital\u0103\",\"publisher\":{\"@id\":\"https:\\\/\\\/buletin.de\\\/bucuresti\\\/#organization\"},\"potentialAction\":[{\"@type\":\"SearchAction\",\"target\":{\"@type\":\"EntryPoint\",\"urlTemplate\":\"https:\\\/\\\/buletin.de\\\/bucuresti\\\/?s={search_term_string}\"},\"query-input\":{\"@type\":\"PropertyValueSpecification\",\"valueRequired\":true,\"valueName\":\"search_term_string\"}}],\"inLanguage\":\"en-GB\"},{\"@type\":\"Organization\",\"@id\":\"https:\\\/\\\/buletin.de\\\/bucuresti\\\/#organization\",\"name\":\"Buletin de Bucure\u0219ti\",\"url\":\"https:\\\/\\\/buletin.de\\\/bucuresti\\\/\",\"logo\":{\"@type\":\"ImageObject\",\"inLanguage\":\"en-GB\",\"@id\":\"https:\\\/\\\/buletin.de\\\/bucuresti\\\/#\\\/schema\\\/logo\\\/image\\\/\",\"url\":\"https:\\\/\\\/buletin.de\\\/bucuresti\\\/wp-content\\\/uploads\\\/logo-bdb-full-wide-vernil-transparent.png\",\"contentUrl\":\"https:\\\/\\\/buletin.de\\\/bucuresti\\\/wp-content\\\/uploads\\\/logo-bdb-full-wide-vernil-transparent.png\",\"width\":1782,\"height\":626,\"caption\":\"Buletin de Bucure\u0219ti\"},\"image\":{\"@id\":\"https:\\\/\\\/buletin.de\\\/bucuresti\\\/#\\\/schema\\\/logo\\\/image\\\/\"},\"sameAs\":[\"https:\\\/\\\/www.facebook.com\\\/buletin.de.buc\",\"https:\\\/\\\/www.instagram.com\\\/buletinde.bucuresti\\\/\"]},{\"@type\":\"Person\",\"@id\":\"https:\\\/\\\/buletin.de\\\/bucuresti\\\/#\\\/schema\\\/person\\\/5272b8a057b33890940b57b837fc4ce6\",\"name\":\"Ionu\u021b Lepa\",\"image\":{\"@type\":\"ImageObject\",\"inLanguage\":\"en-GB\",\"@id\":\"https:\\\/\\\/buletin.de\\\/bucuresti\\\/wp-content\\\/uploads\\\/Ionut-Lepa-96x96.jpg5c4e4d9e049808799a8821652d2410a4\",\"url\":\"https:\\\/\\\/buletin.de\\\/bucuresti\\\/wp-content\\\/uploads\\\/Ionut-Lepa-96x96.jpg\",\"contentUrl\":\"https:\\\/\\\/buletin.de\\\/bucuresti\\\/wp-content\\\/uploads\\\/Ionut-Lepa-96x96.jpg\",\"caption\":\"Ionu\u021b Lepa\"},\"url\":\"https:\\\/\\\/buletin.de\\\/bucuresti\\\/author\\\/ionutlepa\\\/\"}]}<\/script>\n<!-- \/ Yoast SEO Premium plugin. -->","yoast_head_json":{"title":"Cine este \u015foferul minor care a accidentat doi copii \u00een parcarea parcului Pantelimon. Criminalul fugise de la locul accidentului - Buletin de Bucure\u0219ti","description":"Poli\u0163ia a stabilit cine este \u015foferul care a accidentat doi copii \u00eentr-o parcare a parcului Pantelimon de pe \u015foseaua G\u0103rii C\u0103\u0163elu.","robots":{"index":"index","follow":"follow","max-snippet":"max-snippet:-1","max-image-preview":"max-image-preview:large","max-video-preview":"max-video-preview:-1"},"canonical":"https:\/\/buletin.de\/bucuresti\/cine-este-soferul-minor-care-a-accidentat-doi-copii-in-parcarea-parcului-pantelimon-criminalul-fugise-de-la-locul-accidentului\/","og_locale":"en_GB","og_type":"article","og_title":"Cine este \u015foferul minor care a accidentat doi copii \u00een parcarea parcului Pantelimon. Criminalul fugise de la locul accidentului","og_description":"Poli\u0163ia a stabilit cine este \u015foferul care a accidentat doi copii \u00eentr-o parcare a parcului Pantelimon de pe \u015foseaua G\u0103rii C\u0103\u0163elu.","og_url":"https:\/\/buletin.de\/bucuresti\/cine-este-soferul-minor-care-a-accidentat-doi-copii-in-parcarea-parcului-pantelimon-criminalul-fugise-de-la-locul-accidentului\/","og_site_name":"Buletin de Bucure\u0219ti","article_publisher":"https:\/\/www.facebook.com\/buletin.de.buc","article_published_time":"2024-07-29T04:52:29+00:00","article_modified_time":"2024-07-29T15:30:02+00:00","og_image":[{"width":1600,"height":1068,"url":"https:\/\/buletin.de\/bucuresti\/wp-content\/uploads\/gts_eh4g1lk.jpg","type":"image\/jpeg"}],"author":"Ionu\u021b Lepa","twitter_card":"summary_large_image","twitter_misc":{"Written by":"Ionu\u021b Lepa","Estimated reading time":"3 minutes"},"schema":{"@context":"https:\/\/schema.org","@graph":[{"@type":"Article","@id":"https:\/\/buletin.de\/bucuresti\/cine-este-soferul-minor-care-a-accidentat-doi-copii-in-parcarea-parcului-pantelimon-criminalul-fugise-de-la-locul-accidentului\/#article","isPartOf":{"@id":"https:\/\/buletin.de\/bucuresti\/cine-este-soferul-minor-care-a-accidentat-doi-copii-in-parcarea-parcului-pantelimon-criminalul-fugise-de-la-locul-accidentului\/"},"author":{"name":"Ionu\u021b Lepa","@id":"https:\/\/buletin.de\/bucuresti\/#\/schema\/person\/5272b8a057b33890940b57b837fc4ce6"},"headline":"Cine este \u015foferul minor care a accidentat doi copii \u00een parcarea parcului Pantelimon. Criminalul fugise de la locul accidentului","datePublished":"2024-07-29T04:52:29+00:00","dateModified":"2024-07-29T15:30:02+00:00","mainEntityOfPage":{"@id":"https:\/\/buletin.de\/bucuresti\/cine-este-soferul-minor-care-a-accidentat-doi-copii-in-parcarea-parcului-pantelimon-criminalul-fugise-de-la-locul-accidentului\/"},"wordCount":589,"publisher":{"@id":"https:\/\/buletin.de\/bucuresti\/#organization"},"image":{"@id":"https:\/\/buletin.de\/bucuresti\/cine-este-soferul-minor-care-a-accidentat-doi-copii-in-parcarea-parcului-pantelimon-criminalul-fugise-de-la-locul-accidentului\/#primaryimage"},"thumbnailUrl":"https:\/\/buletin.de\/bucuresti\/wp-content\/uploads\/gts_eh4g1lk.jpg","keywords":["accident bucuresti sofer 16 ani","accident gara catelu","accident parc pantelimon","sofer 16 ani doi copii loviti cu masina","sofer minor accident parc pantelimon parcare","sofer prins accident pantelimon parc"],"articleSection":["Articole","Eveniment","\u0218tiri"],"inLanguage":"en-GB","copyrightYear":"2024","copyrightHolder":{"@id":"https:\/\/buletin.de\/bucuresti\/#organization"}},{"@type":"WebPage","@id":"https:\/\/buletin.de\/bucuresti\/cine-este-soferul-minor-care-a-accidentat-doi-copii-in-parcarea-parcului-pantelimon-criminalul-fugise-de-la-locul-accidentului\/","url":"https:\/\/buletin.de\/bucuresti\/cine-este-soferul-minor-care-a-accidentat-doi-copii-in-parcarea-parcului-pantelimon-criminalul-fugise-de-la-locul-accidentului\/","name":"Cine este \u015foferul minor care a accidentat doi copii \u00een parcarea parcului Pantelimon. Criminalul fugise de la locul accidentului - Buletin de Bucure\u0219ti","isPartOf":{"@id":"https:\/\/buletin.de\/bucuresti\/#website"},"primaryImageOfPage":{"@id":"https:\/\/buletin.de\/bucuresti\/cine-este-soferul-minor-care-a-accidentat-doi-copii-in-parcarea-parcului-pantelimon-criminalul-fugise-de-la-locul-accidentului\/#primaryimage"},"image":{"@id":"https:\/\/buletin.de\/bucuresti\/cine-este-soferul-minor-care-a-accidentat-doi-copii-in-parcarea-parcului-pantelimon-criminalul-fugise-de-la-locul-accidentului\/#primaryimage"},"thumbnailUrl":"https:\/\/buletin.de\/bucuresti\/wp-content\/uploads\/gts_eh4g1lk.jpg","datePublished":"2024-07-29T04:52:29+00:00","dateModified":"2024-07-29T15:30:02+00:00","description":"Poli\u0163ia a stabilit cine este \u015foferul care a accidentat doi copii \u00eentr-o parcare a parcului Pantelimon de pe \u015foseaua G\u0103rii C\u0103\u0163elu.","breadcrumb":{"@id":"https:\/\/buletin.de\/bucuresti\/cine-este-soferul-minor-care-a-accidentat-doi-copii-in-parcarea-parcului-pantelimon-criminalul-fugise-de-la-locul-accidentului\/#breadcrumb"},"inLanguage":"en-GB","potentialAction":[{"@type":"ReadAction","target":["https:\/\/buletin.de\/bucuresti\/cine-este-soferul-minor-care-a-accidentat-doi-copii-in-parcarea-parcului-pantelimon-criminalul-fugise-de-la-locul-accidentului\/"]}]},{"@type":"ImageObject","inLanguage":"en-GB","@id":"https:\/\/buletin.de\/bucuresti\/cine-este-soferul-minor-care-a-accidentat-doi-copii-in-parcarea-parcului-pantelimon-criminalul-fugise-de-la-locul-accidentului\/#primaryimage","url":"https:\/\/buletin.de\/bucuresti\/wp-content\/uploads\/gts_eh4g1lk.jpg","contentUrl":"https:\/\/buletin.de\/bucuresti\/wp-content\/uploads\/gts_eh4g1lk.jpg","width":1600,"height":1068,"caption":"Cine este \u015foferul care a provocat accidentul din parcarea parcului Pantelimon. FOTO: unsplash.com"},{"@type":"BreadcrumbList","@id":"https:\/\/buletin.de\/bucuresti\/cine-este-soferul-minor-care-a-accidentat-doi-copii-in-parcarea-parcului-pantelimon-criminalul-fugise-de-la-locul-accidentului\/#breadcrumb","itemListElement":[{"@type":"ListItem","position":1,"name":"Acas\u0103","item":"https:\/\/buletin.de\/bucuresti\/"},{"@type":"ListItem","position":2,"name":"Cine este \u015foferul minor care a accidentat doi copii \u00een parcarea parcului Pantelimon. Criminalul fugise de la locul accidentului"}]},{"@type":"WebSite","@id":"https:\/\/buletin.de\/bucuresti\/#website","url":"https:\/\/buletin.de\/bucuresti\/","name":"Buletin de Bucure\u0219ti","description":"\u0218tiri \u0219i investiga\u021bii esen\u021biale din capital\u0103","publisher":{"@id":"https:\/\/buletin.de\/bucuresti\/#organization"},"potentialAction":[{"@type":"SearchAction","target":{"@type":"EntryPoint","urlTemplate":"https:\/\/buletin.de\/bucuresti\/?s={search_term_string}"},"query-input":{"@type":"PropertyValueSpecification","valueRequired":true,"valueName":"search_term_string"}}],"inLanguage":"en-GB"},{"@type":"Organization","@id":"https:\/\/buletin.de\/bucuresti\/#organization","name":"Buletin de Bucure\u0219ti","url":"https:\/\/buletin.de\/bucuresti\/","logo":{"@type":"ImageObject","inLanguage":"en-GB","@id":"https:\/\/buletin.de\/bucuresti\/#\/schema\/logo\/image\/","url":"https:\/\/buletin.de\/bucuresti\/wp-content\/uploads\/logo-bdb-full-wide-vernil-transparent.png","contentUrl":"https:\/\/buletin.de\/bucuresti\/wp-content\/uploads\/logo-bdb-full-wide-vernil-transparent.png","width":1782,"height":626,"caption":"Buletin de Bucure\u0219ti"},"image":{"@id":"https:\/\/buletin.de\/bucuresti\/#\/schema\/logo\/image\/"},"sameAs":["https:\/\/www.facebook.com\/buletin.de.buc","https:\/\/www.instagram.com\/buletinde.bucuresti\/"]},{"@type":"Person","@id":"https:\/\/buletin.de\/bucuresti\/#\/schema\/person\/5272b8a057b33890940b57b837fc4ce6","name":"Ionu\u021b Lepa","image":{"@type":"ImageObject","inLanguage":"en-GB","@id":"https:\/\/buletin.de\/bucuresti\/wp-content\/uploads\/Ionut-Lepa-96x96.jpg5c4e4d9e049808799a8821652d2410a4","url":"https:\/\/buletin.de\/bucuresti\/wp-content\/uploads\/Ionut-Lepa-96x96.jpg","contentUrl":"https:\/\/buletin.de\/bucuresti\/wp-content\/uploads\/Ionut-Lepa-96x96.jpg","caption":"Ionu\u021b Lepa"},"url":"https:\/\/buletin.de\/bucuresti\/author\/ionutlepa\/"}]}},"authors":[{"term_id":22586,"user_id":8,"is_guest":0,"slug":"ionutlepa","display_name":"Ionu\u021b Lepa","avatar_url":"https:\/\/buletin.de\/bucuresti\/wp-content\/uploads\/Ionut-Lepa-96x96.jpg","0":null,"1":"","2":"","3":"","4":"","5":"","6":"","7":"","8":""}],"_links":{"self":[{"href":"https:\/\/buletin.de\/bucuresti\/wp-json\/wp\/v2\/posts\/92624","targetHints":{"allow":["GET"]}}],"collection":[{"href":"https:\/\/buletin.de\/bucuresti\/wp-json\/wp\/v2\/posts"}],"about":[{"href":"https:\/\/buletin.de\/bucuresti\/wp-json\/wp\/v2\/types\/post"}],"author":[{"embeddable":true,"href":"https:\/\/buletin.de\/bucuresti\/wp-json\/wp\/v2\/users\/8"}],"replies":[{"embeddable":true,"href":"https:\/\/buletin.de\/bucuresti\/wp-json\/wp\/v2\/comments?post=92624"}],"version-history":[{"count":5,"href":"https:\/\/buletin.de\/bucuresti\/wp-json\/wp\/v2\/posts\/92624\/revisions"}],"predecessor-version":[{"id":92727,"href":"https:\/\/buletin.de\/bucuresti\/wp-json\/wp\/v2\/posts\/92624\/revisions\/92727"}],"wp:featuredmedia":[{"embeddable":true,"href":"https:\/\/buletin.de\/bucuresti\/wp-json\/wp\/v2\/media\/92625"}],"wp:attachment":[{"href":"https:\/\/buletin.de\/bucuresti\/wp-json\/wp\/v2\/media?parent=92624"}],"wp:term":[{"taxonomy":"category","embeddable":true,"href":"https:\/\/buletin.de\/bucuresti\/wp-json\/wp\/v2\/categories?post=92624"},{"taxonomy":"post_tag","embeddable":true,"href":"https:\/\/buletin.de\/bucuresti\/wp-json\/wp\/v2\/tags?post=92624"},{"taxonomy":"author","embeddable":true,"href":"https:\/\/buletin.de\/bucuresti\/wp-json\/wp\/v2\/ppma_author?post=92624"}],"curies":[{"name":"wp","href":"https:\/\/api.w.org\/{rel}","templated":true}]}}