{"id":925,"date":"2019-08-21T15:08:43","date_gmt":"2019-08-21T12:08:43","guid":{"rendered":"https:\/\/buletin.de\/bucuresti\/?p=925"},"modified":"2019-09-03T12:41:22","modified_gmt":"2019-09-03T09:41:22","slug":"marea-renationalizare","status":"publish","type":"post","link":"https:\/\/buletin.de\/bucuresti\/marea-renationalizare\/","title":{"rendered":"Marea rena\u021bionalizare"},"content":{"rendered":"\n<h2 class=\"wp-block-heading\"><em>Gabriela Firea expropriaz\u0103 imobile istorice, la pre\u021b derizoriu. Metru p\u0103trat de pe Lipscani, de dou\u0103 ori mai ieftin ca cel din Parcul Verdi<\/em><\/h2>\n\n\n\n<p>Consiliul General al Municipiului Bucure\u0219ti a na\u021bionalizat <strong>11 imobile istorice <\/strong>de la \u00eenceputul acestui an p\u00e2n\u0103 \u00een prezent. Motivul? Au bulin\u0103 ro\u0219ie \u0219i ar reprezenta un pericol. Pre\u021bul pl\u0103tit proprietarilor este de dou\u0103 \u0219i chiar de trei ori mai mic dec\u00e2t cel pl\u0103tit de aceea\u0219i prim\u0103rie pentru un metru p\u0103trat de teren din parcul Verdi, teren neamenajat situat mai spre periferie. Diferen\u021ba? \u00cen centru, proprietarii sunt mo\u0219tenitorii unori familii vechi, majoritatea pleca\u021bi din \u021bar\u0103, \u00een Parcul Verdi, proprietarii sunt mai mul\u021bi controversa\u021bi oameni de afaceri, unii urm\u0103ri\u021bi interna\u021bional.&nbsp;<\/p>\n\n\n\n<p>11 imobile cu suprafa\u021b\u0103 183,69 \u0219i 2.758,35 de metri p\u0103tra\u021bi care cuprindeau construc\u021bii \u0219i terenuri au fost expropriate de Prim\u0103ria Municipiului Bucure\u0219ti \u00een ultimele patru luni ale acestui an. Toate deciziile au fost luate prin hot\u0103r\u00e2re de Consiliu General \u0219i, \u00een documentele care \u00eenso\u021besc fiecare decizie, nu se specific\u0103 dac\u0103 proprietarii au refuzat s\u0103 pl\u0103teasc\u0103 reconsolidarea sau care a fost motivul \u00een urma c\u0103ruia s-a ajuns la expropriere. Cl\u0103dirile sunt situate \u00een Centrul Vechi al Capitalei: <\/p>\n\n\n\n<ul class=\"wp-block-list\"><li>Str. Lipscani nr. 47<\/li><li>Str. Bl\u0103nari nr. 3<\/li><li>Str. Francez\u0103 nr. 36<\/li><li>Str. Francez\u0103 nr. 14<\/li><li>Calea Mo\u0219ilor nr. 134<\/li><li>Str. Baia de Fier nr. 6<\/li><li>Calea Grivi\u021bei nr. 138C<\/li><li>Splaiul Independen\u021bei nr. 74<\/li><li>Academiei nr. 3-5<\/li><li>Str. Pridvorului nr. 2<\/li><li>Str. Boteanu nr. 3a.<\/li><\/ul>\n\n\n\n<iframe src=\"https:\/\/www.google.com\/maps\/d\/u\/0\/embed?mid=18EWhDXswW7XychfEsNx9B8YCx2snoPE5\" width=\"640\" height=\"480\"><\/iframe>\n\n\n\n<p>Pre\u021burile propuse pentru un metru p\u0103trat de construc\u021bie, dat desp\u0103gubire,&nbsp; \u00een aceste zone, variaz\u0103 \u00eentre <strong>400\u20ac \u0219i 600\u20ac<\/strong>. Pe strada Lipscani \u0219i pe strada Baia de Fier proprietarii expropria\u021bi au primit <strong>500\u20ac<\/strong> pe metru p\u0103trat, jum\u0103tate fa\u021b\u0103 de c\u00e2t a pl\u0103tit Prim\u0103ria Bucure\u0219ti pentru un teren neamenajat de la periferie, Parcul Verdi. Imobilele monument-istoric situate pe Splaiul Independe\u021bei \u0219i strada Francez\u0103 14 sunt cele mai valoroase: 600 \u20ac\/mp. \u00cen mod contrar, de\u0219i situate la c\u00e2\u021biva metri distan\u021b\u0103, pre\u021bul propus pentru spa\u021biul de pe strada Francez\u0103 36 este 400 \u20ac\/mp, cel mai sc\u0103zut dintre toate. De\u0219i este obligatoriu, niciunul dintre terenurile de pe strada Francez\u0103 nu are ata\u0219at la hot\u0103r\u00e2rea Consiliului General al Municipiului Bucure\u0219ti (CGMB) Anexa 2, adic\u0103 raportul de evaluare care prezint\u0103 situa\u021bia suprafe\u021belor afectate de expropriere \u0219i numele proprietarilor.<\/p>\n\n\n\n<p>Pe strada Academiei 3-5 se afl\u0103 o cl\u0103dire monument-istoric care dateaz\u0103 din secolul XX. Are patru niveluri supraterane \u0219i dou\u0103 subsoluri, dintre care s-a expropriat o suprafa\u021b\u0103 total\u0103 de 676 mp \u0219i un teren de 154 mp. Pentru un metru p\u0103trat de construc\u021bie PMB ofer\u0103 \u00een jur de 600\u20ac. Conform indicatorilor tehnico-economici, valoarea total\u0103 a investi\u021biei este aproximativ 140 milioane lei, sum\u0103 asigurat\u0103 100% din bugetul local al Prim\u0103riei Bucure\u0219ti. \u00cen Hot\u0103r\u00e2re nu este oferit\u0103 nicio explica\u021bie care s\u0103 motiveze cum s-a stabilit aceast\u0103 sum\u0103.&nbsp;<\/p>\n\n\n\n<p>Prim\u0103ria capitalei justific\u0103 exproprierea prin urgen\u021ba \u0219i necesitatea realiz\u0103rii lucr\u0103rilor de interven\u021bie asupra imobilului cu bulin\u0103 ro\u0219ie. Un alt factor de risc men\u021bionat \u00een raportul de specialitate este nerespectarea regulilor privind adaptarea cl\u0103dirii la nevoile persoanelor cu handicap. Totu\u0219i, printre lucr\u0103rile de interven\u021bie enumerate \u00een raport nu este specificat\u0103 nicio m\u0103sur\u0103 \u00een acest sens.&nbsp;<\/p>\n\n\n\n<p>La 21 de luni de la data emiterii ordinului de \u00eencepere a lucr\u0103rii, cl\u0103direa de pe Academiei 3-5 ar trebui s\u0103 fie consolidat\u0103 \u0219i renovat\u0103. \u00cen loc de restaurantele, magazinele \u0219i birourile care activau \u00eenainte \u00een acest imobil, PMB \u00ee\u0219i propune s\u0103 deschid\u0103 un hotel de 4 stele, cu restaurant, piscin\u0103, jacuzzi, saun\u0103, masaj, sal\u0103 de fitness \u0219i sal\u0103 de conferin\u021be.&nbsp;&nbsp;<\/p>\n\n\n\n<p>Niciunul dintre aceste spa\u021bii nu ar fi putut fi expropriate dac\u0103 legea privind exproprierea pentru cauz\u0103 de utilitate public\u0103 nu era modificat\u0103 pe 17.08.2018. P\u00e2n\u0103 atunci lucr\u0103rile de conservare \u0219i protejare a cl\u0103dirilor de patrimoniu degradate nu erau declarate de utilitate public\u0103.&nbsp;<\/p>\n\n\n\n<p>Alt\u0103 modificare adus\u0103 pe 17 august 2018 legii privind exproprierea a fost introducerea sintagmei <em>\u201cpot face obiectul exproprierii \u015fi lucr\u0103rile de conservare sau amenajare a spa\u0163iilor verzi\u201d<\/em>. Imediat dup\u0103, Consiliul General al Municipiului Bucure\u0219ti (CGMB) a aprobat transferul sumei de <strong>50 milioane de \u20ac \u00een schimbul Parcului Verdi <\/strong>c\u0103tre omul de afaceri <strong>Emil Drago\u0219 S\u0103vulescu<\/strong>. \u00cen urma primelor rapoarte de evaluare suma de achizi\u021bie sugerat\u0103 a fost jum\u0103tate fa\u021b\u0103 de suma final\u0103 \u2013 26 milioane de euro -, iar pre\u021bul pe metru p\u0103trat era de 572 euro, pre\u021b considerat supraevaluat deoarece s-a stabilit prin raportare la valoarea terenurilor construite, nu la teren neamenajat. Documenta\u021bia de evaluare din partea proprietarilor aprecia valoarea celor 7 terenuri la 87 milioane de euro. \u00centr-un final, ambele p\u0103r\u021bi au convenit ca pentru un metru p\u0103trat PMB s\u0103 pl\u0103teasc\u0103 1.080 euro, la o suprafa\u021b\u0103 total\u0103 de 46 hectare. Prin modificarea legii a fost posibil ca Parcul Verdi s\u0103 primeasc\u0103 mult mai mult dec\u00e2t media pie\u021bei, pe c\u00e2nd terenurile expropriate men\u021bionate mai sus au primit de dou\u0103 ori mai pu\u021bin.&nbsp;<\/p>\n\n\n\n<div class=\"wp-block-image\"><figure class=\"aligncenter\"><img fetchpriority=\"high\" decoding=\"async\" width=\"624\" height=\"400\" src=\"data:image\/gif;base64,R0lGODlhAQABAAAAACH5BAEKAAEALAAAAAABAAEAAAICTAEAOw==\" data-src=\"https:\/\/buletin.de\/bucuresti\/wp-content\/uploads\/pasted-image-0.png\" alt=\"\" class=\"wp-image-926 lazyload\" data-sizes=\"auto\" data-srcset=\"https:\/\/buletin.de\/bucuresti\/wp-content\/uploads\/pasted-image-0.png 624w, https:\/\/buletin.de\/bucuresti\/wp-content\/uploads\/pasted-image-0-600x385.png 600w, https:\/\/buletin.de\/bucuresti\/wp-content\/uploads\/pasted-image-0-300x192.png 300w, https:\/\/buletin.de\/bucuresti\/wp-content\/uploads\/pasted-image-0-550x353.png 550w\" sizes=\"(max-width: 624px) 100vw, 624px\" \/><\/figure><\/div>\n\n\n\n<p>Emil Drago\u0219 S\u0103vulescu \u0219i Geta S\u0103vulescu sunt cei care au primit suma de 50 milioane de euro pentru loturile din Parcul Verdi. La c\u00e2teva luni dup\u0103 Drago\u0219 S\u0103vulescu a disp\u0103rut din \u021bar\u0103. Conform site-ului Poli\u021biei Rom\u00e2ne, Drago\u0219 S\u0103vulescu este dat \u00een urm\u0103rire interna\u021bional\u0103 pentru s\u0103v\u00e2r\u0219irea infrac\u021biunii de abuz \u00een serviciu \u00een dosarul retroced\u0103rilor ilegale de pe litoral, pentru care a fost condamnat la 5 ani \u0219i 6 luni \u00een \u00eenchisoare la \u00eenceputul acestui an. La momentul achizi\u021biei terenurilor \u00een valoare de 50 milioane euro, Drago\u0219 S\u0103vulescu era cercetat pentru infrac\u021biuni de corup\u021bie.<\/p>\n\n\n\n<p><em>Reporter: Bianca Albu<br>Foto: Ion Mate\u0219<br>Editor: Oana Despa<\/em><\/p>\n","protected":false},"excerpt":{"rendered":"<p>Gabriela Firea expropriaz\u0103 imobile istorice, la pre\u021b derizoriu. Metru p\u0103trat de pe Lipscani, de dou\u0103 ori mai ieftin ca cel din Parcul Verdi Consiliul General al Municipiului Bucure\u0219ti a na\u021bionalizat 11 imobile istorice de la \u00eenceputul acestui an p\u00e2n\u0103 \u00een prezent. Motivul? Au bulin\u0103 ro\u0219ie \u0219i ar reprezenta un pericol. Pre\u021bul pl\u0103tit proprietarilor este de [&hellip;]<\/p>\n","protected":false},"author":1,"featured_media":929,"comment_status":"closed","ping_status":"open","sticky":false,"template":"","format":"standard","meta":{"_acf_changed":false,"inline_featured_image":false,"ngg_post_thumbnail":0,"footnotes":""},"categories":[24,62],"tags":[145,28,27,142,143,144,139,141,35,140],"ppma_author":[22583],"class_list":["post-925","post","type-post","status-publish","format-standard","has-post-thumbnail","hentry","category-primarie","category-stiri","tag-emil-savulescu","tag-firea","tag-gabriela","tag-imobile","tag-istorice","tag-lipscani","tag-marea","tag-nationalizare","tag-primarie","tag-renationalizare"],"acf":[],"yoast_head":"<!-- This site is optimized with the Yoast SEO Premium plugin v25.3 (Yoast SEO v27.4) - https:\/\/yoast.com\/product\/yoast-seo-premium-wordpress\/ -->\n<title>Marea rena\u021bionalizare - Buletin de Bucure\u0219ti<\/title>\n<meta name=\"robots\" content=\"index, follow, max-snippet:-1, max-image-preview:large, max-video-preview:-1\" \/>\n<link rel=\"canonical\" href=\"https:\/\/buletin.de\/bucuresti\/marea-renationalizare\/\" \/>\n<meta property=\"og:locale\" content=\"en_GB\" \/>\n<meta property=\"og:type\" content=\"article\" \/>\n<meta property=\"og:title\" content=\"Marea rena\u021bionalizare\" \/>\n<meta property=\"og:description\" content=\"Gabriela Firea expropriaz\u0103 imobile istorice, la pre\u021b derizoriu. Metru p\u0103trat de pe Lipscani, de dou\u0103 ori mai ieftin ca cel din Parcul Verdi Consiliul General al Municipiului Bucure\u0219ti a na\u021bionalizat 11 imobile istorice de la \u00eenceputul acestui an p\u00e2n\u0103 \u00een prezent. Motivul? Au bulin\u0103 ro\u0219ie \u0219i ar reprezenta un pericol. Pre\u021bul pl\u0103tit proprietarilor este de [&hellip;]\" \/>\n<meta property=\"og:url\" content=\"https:\/\/buletin.de\/bucuresti\/marea-renationalizare\/\" \/>\n<meta property=\"og:site_name\" content=\"Buletin de Bucure\u0219ti\" \/>\n<meta property=\"article:publisher\" content=\"https:\/\/www.facebook.com\/buletin.de.buc\" \/>\n<meta property=\"article:published_time\" content=\"2019-08-21T12:08:43+00:00\" \/>\n<meta property=\"article:modified_time\" content=\"2019-09-03T09:41:22+00:00\" \/>\n<meta property=\"og:image\" content=\"https:\/\/buletin.de\/bucuresti\/wp-content\/uploads\/MTS5202-Edit-scaled.jpg\" \/>\n\t<meta property=\"og:image:width\" content=\"2560\" \/>\n\t<meta property=\"og:image:height\" content=\"1703\" \/>\n\t<meta property=\"og:image:type\" content=\"image\/jpeg\" \/>\n<meta name=\"author\" content=\"Redac\u021bia Buletin de Bucure\u0219ti\" \/>\n<meta name=\"twitter:card\" content=\"summary_large_image\" \/>\n<meta name=\"twitter:label1\" content=\"Written by\" \/>\n\t<meta name=\"twitter:data1\" content=\"Redac\u021bia Buletin de Bucure\u0219ti\" \/>\n\t<meta name=\"twitter:label2\" content=\"Estimated reading time\" \/>\n\t<meta name=\"twitter:data2\" content=\"5 minutes\" \/>\n<script type=\"application\/ld+json\" class=\"yoast-schema-graph\">{\"@context\":\"https:\\\/\\\/schema.org\",\"@graph\":[{\"@type\":\"Article\",\"@id\":\"https:\\\/\\\/buletin.de\\\/bucuresti\\\/marea-renationalizare\\\/#article\",\"isPartOf\":{\"@id\":\"https:\\\/\\\/buletin.de\\\/bucuresti\\\/marea-renationalizare\\\/\"},\"author\":{\"name\":\"Redac\u021bia Buletin de Bucure\u0219ti\",\"@id\":\"https:\\\/\\\/buletin.de\\\/bucuresti\\\/#\\\/schema\\\/person\\\/2bbcf854e5f2419a13804af574d06ab1\"},\"headline\":\"Marea rena\u021bionalizare\",\"datePublished\":\"2019-08-21T12:08:43+00:00\",\"dateModified\":\"2019-09-03T09:41:22+00:00\",\"mainEntityOfPage\":{\"@id\":\"https:\\\/\\\/buletin.de\\\/bucuresti\\\/marea-renationalizare\\\/\"},\"wordCount\":971,\"publisher\":{\"@id\":\"https:\\\/\\\/buletin.de\\\/bucuresti\\\/#organization\"},\"image\":{\"@id\":\"https:\\\/\\\/buletin.de\\\/bucuresti\\\/marea-renationalizare\\\/#primaryimage\"},\"thumbnailUrl\":\"https:\\\/\\\/buletin.de\\\/bucuresti\\\/wp-content\\\/uploads\\\/MTS5202-Edit-scaled.jpg\",\"keywords\":[\"emil savulescu\",\"firea\",\"gabriela\",\"imobile\",\"istorice\",\"lipscani\",\"marea\",\"nationalizare\",\"primarie\",\"renationalizare\"],\"articleSection\":[\"Prim\u0103rie\",\"\u0218tiri\"],\"inLanguage\":\"en-GB\",\"copyrightYear\":\"2019\",\"copyrightHolder\":{\"@id\":\"https:\\\/\\\/buletin.de\\\/bucuresti\\\/#organization\"}},{\"@type\":\"WebPage\",\"@id\":\"https:\\\/\\\/buletin.de\\\/bucuresti\\\/marea-renationalizare\\\/\",\"url\":\"https:\\\/\\\/buletin.de\\\/bucuresti\\\/marea-renationalizare\\\/\",\"name\":\"Marea rena\u021bionalizare - Buletin de Bucure\u0219ti\",\"isPartOf\":{\"@id\":\"https:\\\/\\\/buletin.de\\\/bucuresti\\\/#website\"},\"primaryImageOfPage\":{\"@id\":\"https:\\\/\\\/buletin.de\\\/bucuresti\\\/marea-renationalizare\\\/#primaryimage\"},\"image\":{\"@id\":\"https:\\\/\\\/buletin.de\\\/bucuresti\\\/marea-renationalizare\\\/#primaryimage\"},\"thumbnailUrl\":\"https:\\\/\\\/buletin.de\\\/bucuresti\\\/wp-content\\\/uploads\\\/MTS5202-Edit-scaled.jpg\",\"datePublished\":\"2019-08-21T12:08:43+00:00\",\"dateModified\":\"2019-09-03T09:41:22+00:00\",\"breadcrumb\":{\"@id\":\"https:\\\/\\\/buletin.de\\\/bucuresti\\\/marea-renationalizare\\\/#breadcrumb\"},\"inLanguage\":\"en-GB\",\"potentialAction\":[{\"@type\":\"ReadAction\",\"target\":[\"https:\\\/\\\/buletin.de\\\/bucuresti\\\/marea-renationalizare\\\/\"]}]},{\"@type\":\"ImageObject\",\"inLanguage\":\"en-GB\",\"@id\":\"https:\\\/\\\/buletin.de\\\/bucuresti\\\/marea-renationalizare\\\/#primaryimage\",\"url\":\"https:\\\/\\\/buletin.de\\\/bucuresti\\\/wp-content\\\/uploads\\\/MTS5202-Edit-scaled.jpg\",\"contentUrl\":\"https:\\\/\\\/buletin.de\\\/bucuresti\\\/wp-content\\\/uploads\\\/MTS5202-Edit-scaled.jpg\",\"width\":2560,\"height\":1703},{\"@type\":\"BreadcrumbList\",\"@id\":\"https:\\\/\\\/buletin.de\\\/bucuresti\\\/marea-renationalizare\\\/#breadcrumb\",\"itemListElement\":[{\"@type\":\"ListItem\",\"position\":1,\"name\":\"Acas\u0103\",\"item\":\"https:\\\/\\\/buletin.de\\\/bucuresti\\\/\"},{\"@type\":\"ListItem\",\"position\":2,\"name\":\"Marea rena\u021bionalizare\"}]},{\"@type\":\"WebSite\",\"@id\":\"https:\\\/\\\/buletin.de\\\/bucuresti\\\/#website\",\"url\":\"https:\\\/\\\/buletin.de\\\/bucuresti\\\/\",\"name\":\"Buletin de Bucure\u0219ti\",\"description\":\"\u0218tiri \u0219i investiga\u021bii esen\u021biale din capital\u0103\",\"publisher\":{\"@id\":\"https:\\\/\\\/buletin.de\\\/bucuresti\\\/#organization\"},\"potentialAction\":[{\"@type\":\"SearchAction\",\"target\":{\"@type\":\"EntryPoint\",\"urlTemplate\":\"https:\\\/\\\/buletin.de\\\/bucuresti\\\/?s={search_term_string}\"},\"query-input\":{\"@type\":\"PropertyValueSpecification\",\"valueRequired\":true,\"valueName\":\"search_term_string\"}}],\"inLanguage\":\"en-GB\"},{\"@type\":\"Organization\",\"@id\":\"https:\\\/\\\/buletin.de\\\/bucuresti\\\/#organization\",\"name\":\"Buletin de Bucure\u0219ti\",\"url\":\"https:\\\/\\\/buletin.de\\\/bucuresti\\\/\",\"logo\":{\"@type\":\"ImageObject\",\"inLanguage\":\"en-GB\",\"@id\":\"https:\\\/\\\/buletin.de\\\/bucuresti\\\/#\\\/schema\\\/logo\\\/image\\\/\",\"url\":\"https:\\\/\\\/buletin.de\\\/bucuresti\\\/wp-content\\\/uploads\\\/logo-bdb-full-wide-vernil-transparent.png\",\"contentUrl\":\"https:\\\/\\\/buletin.de\\\/bucuresti\\\/wp-content\\\/uploads\\\/logo-bdb-full-wide-vernil-transparent.png\",\"width\":1782,\"height\":626,\"caption\":\"Buletin de Bucure\u0219ti\"},\"image\":{\"@id\":\"https:\\\/\\\/buletin.de\\\/bucuresti\\\/#\\\/schema\\\/logo\\\/image\\\/\"},\"sameAs\":[\"https:\\\/\\\/www.facebook.com\\\/buletin.de.buc\",\"https:\\\/\\\/www.instagram.com\\\/buletinde.bucuresti\\\/\"]},{\"@type\":\"Person\",\"@id\":\"https:\\\/\\\/buletin.de\\\/bucuresti\\\/#\\\/schema\\\/person\\\/2bbcf854e5f2419a13804af574d06ab1\",\"name\":\"Redac\u021bia Buletin de Bucure\u0219ti\",\"image\":{\"@type\":\"ImageObject\",\"inLanguage\":\"en-GB\",\"@id\":\"https:\\\/\\\/secure.gravatar.com\\\/avatar\\\/18c5342381ed1a08620e6280424e3e5efc958618f5d67c522c9e44c1bc6f9226?s=96&d=monsterid&r=g60c7cd0ad92c68c049fcd4bb3504d609\",\"url\":\"https:\\\/\\\/secure.gravatar.com\\\/avatar\\\/18c5342381ed1a08620e6280424e3e5efc958618f5d67c522c9e44c1bc6f9226?s=96&d=monsterid&r=g\",\"contentUrl\":\"https:\\\/\\\/secure.gravatar.com\\\/avatar\\\/18c5342381ed1a08620e6280424e3e5efc958618f5d67c522c9e44c1bc6f9226?s=96&d=monsterid&r=g\",\"caption\":\"Redac\u021bia Buletin de Bucure\u0219ti\"},\"description\":\"Buletin de Bucure\u0219ti exist\u0103 din vara anului 2019.\",\"url\":\"https:\\\/\\\/buletin.de\\\/bucuresti\\\/author\\\/adminbuletin\\\/\"}]}<\/script>\n<!-- \/ Yoast SEO Premium plugin. -->","yoast_head_json":{"title":"Marea rena\u021bionalizare - Buletin de Bucure\u0219ti","robots":{"index":"index","follow":"follow","max-snippet":"max-snippet:-1","max-image-preview":"max-image-preview:large","max-video-preview":"max-video-preview:-1"},"canonical":"https:\/\/buletin.de\/bucuresti\/marea-renationalizare\/","og_locale":"en_GB","og_type":"article","og_title":"Marea rena\u021bionalizare","og_description":"Gabriela Firea expropriaz\u0103 imobile istorice, la pre\u021b derizoriu. Metru p\u0103trat de pe Lipscani, de dou\u0103 ori mai ieftin ca cel din Parcul Verdi Consiliul General al Municipiului Bucure\u0219ti a na\u021bionalizat 11 imobile istorice de la \u00eenceputul acestui an p\u00e2n\u0103 \u00een prezent. Motivul? Au bulin\u0103 ro\u0219ie \u0219i ar reprezenta un pericol. Pre\u021bul pl\u0103tit proprietarilor este de [&hellip;]","og_url":"https:\/\/buletin.de\/bucuresti\/marea-renationalizare\/","og_site_name":"Buletin de Bucure\u0219ti","article_publisher":"https:\/\/www.facebook.com\/buletin.de.buc","article_published_time":"2019-08-21T12:08:43+00:00","article_modified_time":"2019-09-03T09:41:22+00:00","og_image":[{"width":2560,"height":1703,"url":"https:\/\/buletin.de\/bucuresti\/wp-content\/uploads\/MTS5202-Edit-scaled.jpg","type":"image\/jpeg"}],"author":"Redac\u021bia Buletin de Bucure\u0219ti","twitter_card":"summary_large_image","twitter_misc":{"Written by":"Redac\u021bia Buletin de Bucure\u0219ti","Estimated reading time":"5 minutes"},"schema":{"@context":"https:\/\/schema.org","@graph":[{"@type":"Article","@id":"https:\/\/buletin.de\/bucuresti\/marea-renationalizare\/#article","isPartOf":{"@id":"https:\/\/buletin.de\/bucuresti\/marea-renationalizare\/"},"author":{"name":"Redac\u021bia Buletin de Bucure\u0219ti","@id":"https:\/\/buletin.de\/bucuresti\/#\/schema\/person\/2bbcf854e5f2419a13804af574d06ab1"},"headline":"Marea rena\u021bionalizare","datePublished":"2019-08-21T12:08:43+00:00","dateModified":"2019-09-03T09:41:22+00:00","mainEntityOfPage":{"@id":"https:\/\/buletin.de\/bucuresti\/marea-renationalizare\/"},"wordCount":971,"publisher":{"@id":"https:\/\/buletin.de\/bucuresti\/#organization"},"image":{"@id":"https:\/\/buletin.de\/bucuresti\/marea-renationalizare\/#primaryimage"},"thumbnailUrl":"https:\/\/buletin.de\/bucuresti\/wp-content\/uploads\/MTS5202-Edit-scaled.jpg","keywords":["emil savulescu","firea","gabriela","imobile","istorice","lipscani","marea","nationalizare","primarie","renationalizare"],"articleSection":["Prim\u0103rie","\u0218tiri"],"inLanguage":"en-GB","copyrightYear":"2019","copyrightHolder":{"@id":"https:\/\/buletin.de\/bucuresti\/#organization"}},{"@type":"WebPage","@id":"https:\/\/buletin.de\/bucuresti\/marea-renationalizare\/","url":"https:\/\/buletin.de\/bucuresti\/marea-renationalizare\/","name":"Marea rena\u021bionalizare - Buletin de Bucure\u0219ti","isPartOf":{"@id":"https:\/\/buletin.de\/bucuresti\/#website"},"primaryImageOfPage":{"@id":"https:\/\/buletin.de\/bucuresti\/marea-renationalizare\/#primaryimage"},"image":{"@id":"https:\/\/buletin.de\/bucuresti\/marea-renationalizare\/#primaryimage"},"thumbnailUrl":"https:\/\/buletin.de\/bucuresti\/wp-content\/uploads\/MTS5202-Edit-scaled.jpg","datePublished":"2019-08-21T12:08:43+00:00","dateModified":"2019-09-03T09:41:22+00:00","breadcrumb":{"@id":"https:\/\/buletin.de\/bucuresti\/marea-renationalizare\/#breadcrumb"},"inLanguage":"en-GB","potentialAction":[{"@type":"ReadAction","target":["https:\/\/buletin.de\/bucuresti\/marea-renationalizare\/"]}]},{"@type":"ImageObject","inLanguage":"en-GB","@id":"https:\/\/buletin.de\/bucuresti\/marea-renationalizare\/#primaryimage","url":"https:\/\/buletin.de\/bucuresti\/wp-content\/uploads\/MTS5202-Edit-scaled.jpg","contentUrl":"https:\/\/buletin.de\/bucuresti\/wp-content\/uploads\/MTS5202-Edit-scaled.jpg","width":2560,"height":1703},{"@type":"BreadcrumbList","@id":"https:\/\/buletin.de\/bucuresti\/marea-renationalizare\/#breadcrumb","itemListElement":[{"@type":"ListItem","position":1,"name":"Acas\u0103","item":"https:\/\/buletin.de\/bucuresti\/"},{"@type":"ListItem","position":2,"name":"Marea rena\u021bionalizare"}]},{"@type":"WebSite","@id":"https:\/\/buletin.de\/bucuresti\/#website","url":"https:\/\/buletin.de\/bucuresti\/","name":"Buletin de Bucure\u0219ti","description":"\u0218tiri \u0219i investiga\u021bii esen\u021biale din capital\u0103","publisher":{"@id":"https:\/\/buletin.de\/bucuresti\/#organization"},"potentialAction":[{"@type":"SearchAction","target":{"@type":"EntryPoint","urlTemplate":"https:\/\/buletin.de\/bucuresti\/?s={search_term_string}"},"query-input":{"@type":"PropertyValueSpecification","valueRequired":true,"valueName":"search_term_string"}}],"inLanguage":"en-GB"},{"@type":"Organization","@id":"https:\/\/buletin.de\/bucuresti\/#organization","name":"Buletin de Bucure\u0219ti","url":"https:\/\/buletin.de\/bucuresti\/","logo":{"@type":"ImageObject","inLanguage":"en-GB","@id":"https:\/\/buletin.de\/bucuresti\/#\/schema\/logo\/image\/","url":"https:\/\/buletin.de\/bucuresti\/wp-content\/uploads\/logo-bdb-full-wide-vernil-transparent.png","contentUrl":"https:\/\/buletin.de\/bucuresti\/wp-content\/uploads\/logo-bdb-full-wide-vernil-transparent.png","width":1782,"height":626,"caption":"Buletin de Bucure\u0219ti"},"image":{"@id":"https:\/\/buletin.de\/bucuresti\/#\/schema\/logo\/image\/"},"sameAs":["https:\/\/www.facebook.com\/buletin.de.buc","https:\/\/www.instagram.com\/buletinde.bucuresti\/"]},{"@type":"Person","@id":"https:\/\/buletin.de\/bucuresti\/#\/schema\/person\/2bbcf854e5f2419a13804af574d06ab1","name":"Redac\u021bia Buletin de Bucure\u0219ti","image":{"@type":"ImageObject","inLanguage":"en-GB","@id":"https:\/\/secure.gravatar.com\/avatar\/18c5342381ed1a08620e6280424e3e5efc958618f5d67c522c9e44c1bc6f9226?s=96&d=monsterid&r=g60c7cd0ad92c68c049fcd4bb3504d609","url":"https:\/\/secure.gravatar.com\/avatar\/18c5342381ed1a08620e6280424e3e5efc958618f5d67c522c9e44c1bc6f9226?s=96&d=monsterid&r=g","contentUrl":"https:\/\/secure.gravatar.com\/avatar\/18c5342381ed1a08620e6280424e3e5efc958618f5d67c522c9e44c1bc6f9226?s=96&d=monsterid&r=g","caption":"Redac\u021bia Buletin de Bucure\u0219ti"},"description":"Buletin de Bucure\u0219ti exist\u0103 din vara anului 2019.","url":"https:\/\/buletin.de\/bucuresti\/author\/adminbuletin\/"}]}},"authors":[{"term_id":22583,"user_id":1,"is_guest":0,"slug":"adminbuletin","display_name":"Redac\u021bia Buletin de Bucure\u0219ti","avatar_url":"https:\/\/secure.gravatar.com\/avatar\/18c5342381ed1a08620e6280424e3e5efc958618f5d67c522c9e44c1bc6f9226?s=96&d=monsterid&r=g","0":null,"1":"","2":"","3":"","4":"","5":"","6":"","7":"","8":""}],"_links":{"self":[{"href":"https:\/\/buletin.de\/bucuresti\/wp-json\/wp\/v2\/posts\/925","targetHints":{"allow":["GET"]}}],"collection":[{"href":"https:\/\/buletin.de\/bucuresti\/wp-json\/wp\/v2\/posts"}],"about":[{"href":"https:\/\/buletin.de\/bucuresti\/wp-json\/wp\/v2\/types\/post"}],"author":[{"embeddable":true,"href":"https:\/\/buletin.de\/bucuresti\/wp-json\/wp\/v2\/users\/1"}],"replies":[{"embeddable":true,"href":"https:\/\/buletin.de\/bucuresti\/wp-json\/wp\/v2\/comments?post=925"}],"version-history":[{"count":5,"href":"https:\/\/buletin.de\/bucuresti\/wp-json\/wp\/v2\/posts\/925\/revisions"}],"predecessor-version":[{"id":932,"href":"https:\/\/buletin.de\/bucuresti\/wp-json\/wp\/v2\/posts\/925\/revisions\/932"}],"wp:featuredmedia":[{"embeddable":true,"href":"https:\/\/buletin.de\/bucuresti\/wp-json\/wp\/v2\/media\/929"}],"wp:attachment":[{"href":"https:\/\/buletin.de\/bucuresti\/wp-json\/wp\/v2\/media?parent=925"}],"wp:term":[{"taxonomy":"category","embeddable":true,"href":"https:\/\/buletin.de\/bucuresti\/wp-json\/wp\/v2\/categories?post=925"},{"taxonomy":"post_tag","embeddable":true,"href":"https:\/\/buletin.de\/bucuresti\/wp-json\/wp\/v2\/tags?post=925"},{"taxonomy":"author","embeddable":true,"href":"https:\/\/buletin.de\/bucuresti\/wp-json\/wp\/v2\/ppma_author?post=925"}],"curies":[{"name":"wp","href":"https:\/\/api.w.org\/{rel}","templated":true}]}}