{"id":92464,"date":"2024-07-27T08:00:00","date_gmt":"2024-07-27T05:00:00","guid":{"rendered":"https:\/\/buletin.de\/bucuresti\/?p=92464"},"modified":"2024-07-27T10:33:40","modified_gmt":"2024-07-27T07:33:40","slug":"sector-5-doua-scoli-gimnaziale-si-o-gradinita-din-sectorul-5-ar-putea-fi-reabilitate-cu-aproximativ-17-milioane-de-euro","status":"publish","type":"post","link":"https:\/\/buletin.de\/bucuresti\/sector-5-doua-scoli-gimnaziale-si-o-gradinita-din-sectorul-5-ar-putea-fi-reabilitate-cu-aproximativ-17-milioane-de-euro\/","title":{"rendered":"Sector 5 | Dou\u0103 \u0219coli gimnaziale \u0219i o gr\u0103dini\u021b\u0103 din Sectorul 5 ar putea fi reabilitate cu aproximativ 17 milioane de euro"},"content":{"rendered":"\n<p><strong>Dou\u0103 \u0219coli gimnaziale \u0219i o gr\u0103dini\u021b\u0103 din Sectorul 5 sunt vizate de proiectele de consolidare \u0219i reabilitare care urmeaz\u0103 s\u0103 fie votate \u00een \u0219edin\u021ba Consiliului Local al Sectorului 5 din data de 31 iulie.<\/strong><\/p>\n\n\n\n<p><strong>Sectorul 5 deruleaz\u0103 un program larg de reabilitare, consolidare, modernizare \u0219i repara\u021bii ale gr\u0103dini\u021belor, \u0219colilor \u0219i liceelor din sector, \u201epentru crearea unor spa\u021bii specifice educa\u021bionale \u0219i pentru \u00eembun\u0103t\u0103\u021birea \u0219i modernizarea condi\u021biilor de desf\u0103\u0219urare a activit\u0103\u021bilor\u201d, conform <a href=\"https:\/\/sector5.ro\/sedinta-ordinara-a-consiliului-local-sector-5-din-data-de-31-07-2024-ora-1000\/\">proiectelor de hot\u0103r\u00e2re publicate pe site-ul prim\u0103riei<\/a>.<\/strong><\/p>\n\n\n\n<h2 class=\"wp-block-heading\">\u0218coala Gimnazial\u0103 nr. 127 va fi reabilitat\u0103<\/h2>\n\n\n\n<p>Un proiect de reabilitare, eficientizare energetic\u0103 \u0219i modernizare a \u0218colii Gimnaziale nr. 127, de pe strada Mun\u021bii Carpa\u021bi nr. 68, Sector 5, a fost propus \u0219i urmeaz\u0103 s\u0103 fie votat \u00een Consiliul Local al Sectorului 5. Votul va avea loc \u00een cadrul \u0219edin\u021bei ordinare de miercuri, 31 iulie.&nbsp;<\/p>\n\n\n\n<p>Corpurile A \u0219i B ale \u0219colii ar putea beneficia de reabilitare, iar, pentru Corpul A, finan\u021barea ar putea proveni din Programul Na\u021bional de Consolidare al Cl\u0103dirilor cu Risc Seismic Ridicat &#8211; Subprogramul Proiectarea \u0219i execu\u021bia lucr\u0103rilor de interven\u021bii pentru cl\u0103dirile de interes \u0219i utilitate public\u0103. Documenta\u021bia de avizare a fost realizat\u0103 de SC BE HOME CONCEPT SRL.&nbsp;<\/p>\n\n\n\n<p>Valoarea total\u0103 a lucr\u0103rilor, cu tot cu TVA, este de aproape 5,5 milioane de euro (27.302.547,71 de lei) din bugetul de stat \u0219i cel local.<\/p>\n\n\n\n<p>\u00cen aprilie 2024, au fost aprobate devizele pentru cele dou\u0103 corpuri \u0219i \u201echeltuielile eligibile pentru a fi finan\u021bate din bugetul de stat de c\u0103tre Ministerul Dezvolt\u0103rii, Lucr\u0103rilor Publice \u0219i Administra\u021biei, respectiv cheltuielile eligibile pentru a fi finan\u021bate din bugetul local\u201d.&nbsp;&nbsp;<\/p>\n\n\n\n<p>Dac\u0103 va fi aprobat \u00een \u0219edin\u021ba ordinar\u0103, proiectul se va realiza \u00een 2 ani (24 de luni).&nbsp;<\/p>\n\n\n\n<p>CITE\u0218TE \u0218I: <a href=\"https:\/\/buletin.de\/bucuresti\/cladirea-noua-pentru-scoala-heliade-radulescu-a-ramas-la-stadiul-de-proiect-de-ce-nu-au-inceput-lucrarile\/\"><strong>Cl\u0103direa nou\u0103 pentru \u0218coala Heliade R\u0103dulescu a r\u0103mas la stadiul de proiect. De ce nu au \u00eenceput lucr\u0103rile<\/strong><\/a><\/p>\n\n\n\n<h2 class=\"wp-block-heading\"><strong>10 milioane de euro pentru <\/strong>\u0218coala Gimnazial\u0103 Mircea S\u00e2ntimbreanu<\/h2>\n\n\n\n<p>Un alt proiect de reabilitare \u0219i consolidare pentru cele dou\u0103 \u0219coli gimnaziale vizeaz\u0103 \u0218coala Gimnazial\u0103 Mircea S\u00e2ntimbreanu, corpurile A+B, de pe \u0218os. Alexandriei, nr. 21, Sector 5.\u00a0<\/p>\n\n\n\n<p>Valoarea total\u0103 a investi\u021biei este de peste 10 milioane de euro (51.077.316,37 de lei), cu tot cu TVA, din bugetul de stat \u0219i cel local. Proiectul se afl\u0103 la stadiul de contractare \u00een cadrul aceluia\u0219i program de consolidare a cl\u0103dirilor cu risc seismic, derulat de Ministerul Dezvolt\u0103rii, Lucr\u0103rilor Publice \u0219i Administra\u021biei. Documenta\u021bia a fost \u00eentocmit\u0103 de BE HOME CONCEPT SRL.&nbsp;<\/p>\n\n\n\n<p>Dac\u0103 proiectul va trece de votul consilierilor din \u0219edin\u021ba ordinar\u0103 din 31 iulie, lucr\u0103rile vor fi realizate timp de 2 ani (24 de luni).&nbsp;<\/p>\n\n\n\n<p>CITE\u0218TE \u0218I: <a href=\"https:\/\/buletin.de\/bucuresti\/ultimele-medii-de-admitere-pentru-primele-15-specializari-din-liceele-din-capitala-au-scazut-fata-de-anul-2023\/\">Ultimele medii de admitere pentru primele 15 specializ\u0103ri din liceele din Capital\u0103 au sc\u0103zut fa\u021b\u0103 de anul 2023<\/a><\/p>\n\n\n\n<h2 class=\"wp-block-heading\"><strong>Gr\u0103dini\u021ba nr. 54<\/strong><\/h2>\n\n\n\n<p><strong>Gr\u0103dini\u021ba nr. 54 de pe Calea Ferentari, nr. 96 din Sectorul 5 este, de asemenea, pe cale s\u0103 fie reabilitat\u0103 \u0219i consolidat\u0103.\u00a0<\/strong><\/p>\n\n\n\n<p>Programul \u201eReabilitare \u0219i consolidare Gr\u0103dini\u021ba nr. 54 &#8211; Corp Vechi (C1) cu Sp+P+E, Calea Ferentari, nr. 96, Sector 5, Bucure\u0219ti\u201d urmeaz\u0103 s\u0103 ajung\u0103 pe masa consilierilor locali ai sectorului, \u00een cadrul \u0219edin\u021bei din 31 iulie.&nbsp;<\/p>\n\n\n\n<p>Asemenea celorlalte dou\u0103 proiecte men\u021bionate anterior, sursa de finan\u021bare ar fi aprobat\u0103 de Ministerul Dezvolt\u0103rii, Lucr\u0103rilor Publice \u0219i Administra\u021biei, \u00een cadrul Programului Na\u021bional de Consolidare a Cl\u0103dirilor cu Risc Seismic Ridicat. Documenta\u021bia de avizare a lucr\u0103rilor de interven\u021bii a fost \u00eentocmit\u0103 de SC Capital Vision SRL.&nbsp;<\/p>\n\n\n\n<p>Bugetul alocat acestor interven\u021bii este de peste 2,2 milioane de euro (11.203.728 de lei), cu tot cu TVA, din bugetul de stat \u0219i local.&nbsp;<\/p>\n\n\n\n<p>\u00cen cazul \u00een care proiectul va fi aprobat \u00een Consiliul Local al Sectorului 5, \u00een \u0219edin\u021ba din 31 iulie, durata interven\u021biilor de consolidare va fi de 1 an (12 luni).&nbsp;<\/p>\n\n\n\n<p>CITE\u0218TE \u0218I: <a href=\"https:\/\/buletin.de\/bucuresti\/cresa-noua-in-sectorul-1-intr-o-cladire-consolidata-si-supraetajata-cu-56-milioane-de-euro\/\"><strong>Cre\u0219\u0103 nou\u0103 \u00een Sectorul 1, \u00eentr-o cl\u0103dire consolidat\u0103 \u0219i supraetajat\u0103 cu 5,6 milioane de euro<\/strong><\/a><\/p>\n","protected":false},"excerpt":{"rendered":"<p>Dou\u0103 \u0219coli gimnaziale \u0219i o gr\u0103dini\u021b\u0103 din Sectorul 5 sunt vizate de proiectele de consolidare \u0219i reabilitare care urmeaz\u0103 s\u0103 fie votate \u00een \u0219edin\u021ba Consiliului Local al Sectorului 5 din data de 31 iulie. Sectorul 5 deruleaz\u0103 un program larg de reabilitare, consolidare, modernizare \u0219i repara\u021bii ale gr\u0103dini\u021belor, \u0219colilor \u0219i liceelor din sector, \u201epentru crearea [&hellip;]<\/p>\n","protected":false},"author":58,"featured_media":92475,"comment_status":"closed","ping_status":"open","sticky":false,"template":"","format":"standard","meta":{"_acf_changed":false,"inline_featured_image":false,"ngg_post_thumbnail":0,"footnotes":""},"categories":[6994,3421,5762,24],"tags":[2063,633,13689,1088,4381,1402,5539,1579,188],"ppma_author":[22581],"class_list":["post-92464","post","type-post","status-publish","format-standard","has-post-thumbnail","hentry","category-stiri-2","category-educatie","category-main","category-primarie","tag-bucuresti-2","tag-consolidare","tag-gradinita-2","tag-modernizare","tag-proiect-de-hotarare","tag-reabilitare","tag-reparatii-2","tag-scoli-2","tag-sector-5"],"acf":[],"yoast_head":"<!-- This site is optimized with the Yoast SEO Premium plugin v25.3 (Yoast SEO v27.5) - https:\/\/yoast.com\/product\/yoast-seo-premium-wordpress\/ -->\n<title>Sector 5 | Dou\u0103 \u0219coli gimnaziale \u0219i o gr\u0103dini\u021b\u0103 din Sectorul 5 ar putea fi reabilitate cu aproximativ 17 milioane de euro - Buletin de Bucure\u0219ti<\/title>\n<meta name=\"description\" content=\"Dou\u0103 \u0219coli gimnaziale \u0219i o gr\u0103dini\u021b\u0103 din Sectorul 5 sunt vizate de proiecte de consolidare \u0219i reabilitare.\" \/>\n<meta name=\"robots\" content=\"index, follow, max-snippet:-1, max-image-preview:large, max-video-preview:-1\" \/>\n<link rel=\"canonical\" href=\"https:\/\/buletin.de\/bucuresti\/sector-5-doua-scoli-gimnaziale-si-o-gradinita-din-sectorul-5-ar-putea-fi-reabilitate-cu-aproximativ-17-milioane-de-euro\/\" \/>\n<meta property=\"og:locale\" content=\"en_GB\" \/>\n<meta property=\"og:type\" content=\"article\" \/>\n<meta property=\"og:title\" content=\"Sector 5 | Dou\u0103 \u0219coli gimnaziale \u0219i o gr\u0103dini\u021b\u0103 din Sectorul 5 ar putea fi reabilitate cu aproximativ 17 milioane de euro\" \/>\n<meta property=\"og:description\" content=\"Dou\u0103 \u0219coli gimnaziale \u0219i o gr\u0103dini\u021b\u0103 din Sectorul 5 sunt vizate de proiecte de consolidare \u0219i reabilitare.\" \/>\n<meta property=\"og:url\" content=\"https:\/\/buletin.de\/bucuresti\/sector-5-doua-scoli-gimnaziale-si-o-gradinita-din-sectorul-5-ar-putea-fi-reabilitate-cu-aproximativ-17-milioane-de-euro\/\" \/>\n<meta property=\"og:site_name\" content=\"Buletin de Bucure\u0219ti\" \/>\n<meta property=\"article:publisher\" content=\"https:\/\/www.facebook.com\/buletin.de.buc\" \/>\n<meta property=\"article:published_time\" content=\"2024-07-27T05:00:00+00:00\" \/>\n<meta property=\"article:modified_time\" content=\"2024-07-27T07:33:40+00:00\" \/>\n<meta property=\"og:image\" content=\"https:\/\/buletin.de\/bucuresti\/wp-content\/uploads\/kimberly-farmer-lUaaKCUANVI-unsplash.jpg\" \/>\n\t<meta property=\"og:image:width\" content=\"2000\" \/>\n\t<meta property=\"og:image:height\" content=\"1330\" \/>\n\t<meta property=\"og:image:type\" content=\"image\/jpeg\" \/>\n<meta name=\"author\" content=\"Ana Anghel-Dimache\" \/>\n<meta name=\"twitter:card\" content=\"summary_large_image\" \/>\n<meta name=\"twitter:label1\" content=\"Written by\" \/>\n\t<meta name=\"twitter:data1\" content=\"Ana Anghel-Dimache\" \/>\n\t<meta name=\"twitter:label2\" content=\"Estimated reading time\" \/>\n\t<meta name=\"twitter:data2\" content=\"3 minutes\" \/>\n<script type=\"application\/ld+json\" class=\"yoast-schema-graph\">{\"@context\":\"https:\\\/\\\/schema.org\",\"@graph\":[{\"@type\":\"Article\",\"@id\":\"https:\\\/\\\/buletin.de\\\/bucuresti\\\/sector-5-doua-scoli-gimnaziale-si-o-gradinita-din-sectorul-5-ar-putea-fi-reabilitate-cu-aproximativ-17-milioane-de-euro\\\/#article\",\"isPartOf\":{\"@id\":\"https:\\\/\\\/buletin.de\\\/bucuresti\\\/sector-5-doua-scoli-gimnaziale-si-o-gradinita-din-sectorul-5-ar-putea-fi-reabilitate-cu-aproximativ-17-milioane-de-euro\\\/\"},\"author\":{\"name\":\"Ana Anghel-Dimache\",\"@id\":\"https:\\\/\\\/buletin.de\\\/bucuresti\\\/#\\\/schema\\\/person\\\/359459245996e200ed7c807f71f0551a\"},\"headline\":\"Sector 5 | Dou\u0103 \u0219coli gimnaziale \u0219i o gr\u0103dini\u021b\u0103 din Sectorul 5 ar putea fi reabilitate cu aproximativ 17 milioane de euro\",\"datePublished\":\"2024-07-27T05:00:00+00:00\",\"dateModified\":\"2024-07-27T07:33:40+00:00\",\"mainEntityOfPage\":{\"@id\":\"https:\\\/\\\/buletin.de\\\/bucuresti\\\/sector-5-doua-scoli-gimnaziale-si-o-gradinita-din-sectorul-5-ar-putea-fi-reabilitate-cu-aproximativ-17-milioane-de-euro\\\/\"},\"wordCount\":676,\"publisher\":{\"@id\":\"https:\\\/\\\/buletin.de\\\/bucuresti\\\/#organization\"},\"image\":{\"@id\":\"https:\\\/\\\/buletin.de\\\/bucuresti\\\/sector-5-doua-scoli-gimnaziale-si-o-gradinita-din-sectorul-5-ar-putea-fi-reabilitate-cu-aproximativ-17-milioane-de-euro\\\/#primaryimage\"},\"thumbnailUrl\":\"https:\\\/\\\/buletin.de\\\/bucuresti\\\/wp-content\\\/uploads\\\/kimberly-farmer-lUaaKCUANVI-unsplash.jpg\",\"keywords\":[\"Bucure\u0219ti\",\"consolidare\",\"gr\u0103dini\u021b\u0103\",\"modernizare\",\"proiect de hot\u0103r\u00e2re\",\"reabilitare\",\"repara\u021bii\",\"\u0219coli\",\"Sector 5\"],\"articleSection\":[\"Articole\",\"Educa\u021bie\",\"Main\",\"Prim\u0103rie\"],\"inLanguage\":\"en-GB\",\"copyrightYear\":\"2024\",\"copyrightHolder\":{\"@id\":\"https:\\\/\\\/buletin.de\\\/bucuresti\\\/#organization\"}},{\"@type\":\"WebPage\",\"@id\":\"https:\\\/\\\/buletin.de\\\/bucuresti\\\/sector-5-doua-scoli-gimnaziale-si-o-gradinita-din-sectorul-5-ar-putea-fi-reabilitate-cu-aproximativ-17-milioane-de-euro\\\/\",\"url\":\"https:\\\/\\\/buletin.de\\\/bucuresti\\\/sector-5-doua-scoli-gimnaziale-si-o-gradinita-din-sectorul-5-ar-putea-fi-reabilitate-cu-aproximativ-17-milioane-de-euro\\\/\",\"name\":\"Sector 5 | Dou\u0103 \u0219coli gimnaziale \u0219i o gr\u0103dini\u021b\u0103 din Sectorul 5 ar putea fi reabilitate cu aproximativ 17 milioane de euro - Buletin de Bucure\u0219ti\",\"isPartOf\":{\"@id\":\"https:\\\/\\\/buletin.de\\\/bucuresti\\\/#website\"},\"primaryImageOfPage\":{\"@id\":\"https:\\\/\\\/buletin.de\\\/bucuresti\\\/sector-5-doua-scoli-gimnaziale-si-o-gradinita-din-sectorul-5-ar-putea-fi-reabilitate-cu-aproximativ-17-milioane-de-euro\\\/#primaryimage\"},\"image\":{\"@id\":\"https:\\\/\\\/buletin.de\\\/bucuresti\\\/sector-5-doua-scoli-gimnaziale-si-o-gradinita-din-sectorul-5-ar-putea-fi-reabilitate-cu-aproximativ-17-milioane-de-euro\\\/#primaryimage\"},\"thumbnailUrl\":\"https:\\\/\\\/buletin.de\\\/bucuresti\\\/wp-content\\\/uploads\\\/kimberly-farmer-lUaaKCUANVI-unsplash.jpg\",\"datePublished\":\"2024-07-27T05:00:00+00:00\",\"dateModified\":\"2024-07-27T07:33:40+00:00\",\"description\":\"Dou\u0103 \u0219coli gimnaziale \u0219i o gr\u0103dini\u021b\u0103 din Sectorul 5 sunt vizate de proiecte de consolidare \u0219i reabilitare.\",\"breadcrumb\":{\"@id\":\"https:\\\/\\\/buletin.de\\\/bucuresti\\\/sector-5-doua-scoli-gimnaziale-si-o-gradinita-din-sectorul-5-ar-putea-fi-reabilitate-cu-aproximativ-17-milioane-de-euro\\\/#breadcrumb\"},\"inLanguage\":\"en-GB\",\"potentialAction\":[{\"@type\":\"ReadAction\",\"target\":[\"https:\\\/\\\/buletin.de\\\/bucuresti\\\/sector-5-doua-scoli-gimnaziale-si-o-gradinita-din-sectorul-5-ar-putea-fi-reabilitate-cu-aproximativ-17-milioane-de-euro\\\/\"]}]},{\"@type\":\"ImageObject\",\"inLanguage\":\"en-GB\",\"@id\":\"https:\\\/\\\/buletin.de\\\/bucuresti\\\/sector-5-doua-scoli-gimnaziale-si-o-gradinita-din-sectorul-5-ar-putea-fi-reabilitate-cu-aproximativ-17-milioane-de-euro\\\/#primaryimage\",\"url\":\"https:\\\/\\\/buletin.de\\\/bucuresti\\\/wp-content\\\/uploads\\\/kimberly-farmer-lUaaKCUANVI-unsplash.jpg\",\"contentUrl\":\"https:\\\/\\\/buletin.de\\\/bucuresti\\\/wp-content\\\/uploads\\\/kimberly-farmer-lUaaKCUANVI-unsplash.jpg\",\"width\":2000,\"height\":1330,\"caption\":\"Dou\u0103 \u0219coli gimnaziale \u0219i o gr\u0103dini\u021b\u0103. FOTO: unsplash.com\"},{\"@type\":\"BreadcrumbList\",\"@id\":\"https:\\\/\\\/buletin.de\\\/bucuresti\\\/sector-5-doua-scoli-gimnaziale-si-o-gradinita-din-sectorul-5-ar-putea-fi-reabilitate-cu-aproximativ-17-milioane-de-euro\\\/#breadcrumb\",\"itemListElement\":[{\"@type\":\"ListItem\",\"position\":1,\"name\":\"Acas\u0103\",\"item\":\"https:\\\/\\\/buletin.de\\\/bucuresti\\\/\"},{\"@type\":\"ListItem\",\"position\":2,\"name\":\"Sector 5 | Dou\u0103 \u0219coli gimnaziale \u0219i o gr\u0103dini\u021b\u0103 din Sectorul 5 ar putea fi reabilitate cu aproximativ 17 milioane de euro\"}]},{\"@type\":\"WebSite\",\"@id\":\"https:\\\/\\\/buletin.de\\\/bucuresti\\\/#website\",\"url\":\"https:\\\/\\\/buletin.de\\\/bucuresti\\\/\",\"name\":\"Buletin de Bucure\u0219ti\",\"description\":\"\u0218tiri \u0219i investiga\u021bii esen\u021biale din capital\u0103\",\"publisher\":{\"@id\":\"https:\\\/\\\/buletin.de\\\/bucuresti\\\/#organization\"},\"potentialAction\":[{\"@type\":\"SearchAction\",\"target\":{\"@type\":\"EntryPoint\",\"urlTemplate\":\"https:\\\/\\\/buletin.de\\\/bucuresti\\\/?s={search_term_string}\"},\"query-input\":{\"@type\":\"PropertyValueSpecification\",\"valueRequired\":true,\"valueName\":\"search_term_string\"}}],\"inLanguage\":\"en-GB\"},{\"@type\":\"Organization\",\"@id\":\"https:\\\/\\\/buletin.de\\\/bucuresti\\\/#organization\",\"name\":\"Buletin de Bucure\u0219ti\",\"url\":\"https:\\\/\\\/buletin.de\\\/bucuresti\\\/\",\"logo\":{\"@type\":\"ImageObject\",\"inLanguage\":\"en-GB\",\"@id\":\"https:\\\/\\\/buletin.de\\\/bucuresti\\\/#\\\/schema\\\/logo\\\/image\\\/\",\"url\":\"https:\\\/\\\/buletin.de\\\/bucuresti\\\/wp-content\\\/uploads\\\/logo-bdb-full-wide-vernil-transparent.png\",\"contentUrl\":\"https:\\\/\\\/buletin.de\\\/bucuresti\\\/wp-content\\\/uploads\\\/logo-bdb-full-wide-vernil-transparent.png\",\"width\":1782,\"height\":626,\"caption\":\"Buletin de Bucure\u0219ti\"},\"image\":{\"@id\":\"https:\\\/\\\/buletin.de\\\/bucuresti\\\/#\\\/schema\\\/logo\\\/image\\\/\"},\"sameAs\":[\"https:\\\/\\\/www.facebook.com\\\/buletin.de.buc\",\"https:\\\/\\\/www.instagram.com\\\/buletinde.bucuresti\\\/\"]},{\"@type\":\"Person\",\"@id\":\"https:\\\/\\\/buletin.de\\\/bucuresti\\\/#\\\/schema\\\/person\\\/359459245996e200ed7c807f71f0551a\",\"name\":\"Ana Anghel-Dimache\",\"image\":{\"@type\":\"ImageObject\",\"inLanguage\":\"en-GB\",\"@id\":\"https:\\\/\\\/buletin.de\\\/bucuresti\\\/wp-content\\\/uploads\\\/Ana-Anghel-Dimache-96x96.jpg861145fc2c4f1fe57dc81b59a6cfb674\",\"url\":\"https:\\\/\\\/buletin.de\\\/bucuresti\\\/wp-content\\\/uploads\\\/Ana-Anghel-Dimache-96x96.jpg\",\"contentUrl\":\"https:\\\/\\\/buletin.de\\\/bucuresti\\\/wp-content\\\/uploads\\\/Ana-Anghel-Dimache-96x96.jpg\",\"caption\":\"Ana Anghel-Dimache\"},\"description\":\"Sunt student\u0103 la jurnalism \u0219i m-am n\u0103scut \u00een Bucure\u0219ti, ora\u0219 plin de pove\u0219ti care merit\u0103 explorate. \u00cemi place s\u0103 scriu despre subiecte politice, de mediu \u0219i legate de transportul din Capital\u0103. \u00cencerc s\u0103 pictez o imagine c\u00e2t mai sincer\u0103 a realit\u0103\u021bii \u0219i sus\u021bin presa independent\u0103 pentru c\u0103 este esen\u021bial s\u0103 pot reda faptele \u00een formele lor adev\u0103rate.\",\"url\":\"https:\\\/\\\/buletin.de\\\/bucuresti\\\/author\\\/ana-dimache\\\/\"}]}<\/script>\n<!-- \/ Yoast SEO Premium plugin. -->","yoast_head_json":{"title":"Sector 5 | Dou\u0103 \u0219coli gimnaziale \u0219i o gr\u0103dini\u021b\u0103 din Sectorul 5 ar putea fi reabilitate cu aproximativ 17 milioane de euro - Buletin de Bucure\u0219ti","description":"Dou\u0103 \u0219coli gimnaziale \u0219i o gr\u0103dini\u021b\u0103 din Sectorul 5 sunt vizate de proiecte de consolidare \u0219i reabilitare.","robots":{"index":"index","follow":"follow","max-snippet":"max-snippet:-1","max-image-preview":"max-image-preview:large","max-video-preview":"max-video-preview:-1"},"canonical":"https:\/\/buletin.de\/bucuresti\/sector-5-doua-scoli-gimnaziale-si-o-gradinita-din-sectorul-5-ar-putea-fi-reabilitate-cu-aproximativ-17-milioane-de-euro\/","og_locale":"en_GB","og_type":"article","og_title":"Sector 5 | Dou\u0103 \u0219coli gimnaziale \u0219i o gr\u0103dini\u021b\u0103 din Sectorul 5 ar putea fi reabilitate cu aproximativ 17 milioane de euro","og_description":"Dou\u0103 \u0219coli gimnaziale \u0219i o gr\u0103dini\u021b\u0103 din Sectorul 5 sunt vizate de proiecte de consolidare \u0219i reabilitare.","og_url":"https:\/\/buletin.de\/bucuresti\/sector-5-doua-scoli-gimnaziale-si-o-gradinita-din-sectorul-5-ar-putea-fi-reabilitate-cu-aproximativ-17-milioane-de-euro\/","og_site_name":"Buletin de Bucure\u0219ti","article_publisher":"https:\/\/www.facebook.com\/buletin.de.buc","article_published_time":"2024-07-27T05:00:00+00:00","article_modified_time":"2024-07-27T07:33:40+00:00","og_image":[{"width":2000,"height":1330,"url":"https:\/\/buletin.de\/bucuresti\/wp-content\/uploads\/kimberly-farmer-lUaaKCUANVI-unsplash.jpg","type":"image\/jpeg"}],"author":"Ana Anghel-Dimache","twitter_card":"summary_large_image","twitter_misc":{"Written by":"Ana Anghel-Dimache","Estimated reading time":"3 minutes"},"schema":{"@context":"https:\/\/schema.org","@graph":[{"@type":"Article","@id":"https:\/\/buletin.de\/bucuresti\/sector-5-doua-scoli-gimnaziale-si-o-gradinita-din-sectorul-5-ar-putea-fi-reabilitate-cu-aproximativ-17-milioane-de-euro\/#article","isPartOf":{"@id":"https:\/\/buletin.de\/bucuresti\/sector-5-doua-scoli-gimnaziale-si-o-gradinita-din-sectorul-5-ar-putea-fi-reabilitate-cu-aproximativ-17-milioane-de-euro\/"},"author":{"name":"Ana Anghel-Dimache","@id":"https:\/\/buletin.de\/bucuresti\/#\/schema\/person\/359459245996e200ed7c807f71f0551a"},"headline":"Sector 5 | Dou\u0103 \u0219coli gimnaziale \u0219i o gr\u0103dini\u021b\u0103 din Sectorul 5 ar putea fi reabilitate cu aproximativ 17 milioane de euro","datePublished":"2024-07-27T05:00:00+00:00","dateModified":"2024-07-27T07:33:40+00:00","mainEntityOfPage":{"@id":"https:\/\/buletin.de\/bucuresti\/sector-5-doua-scoli-gimnaziale-si-o-gradinita-din-sectorul-5-ar-putea-fi-reabilitate-cu-aproximativ-17-milioane-de-euro\/"},"wordCount":676,"publisher":{"@id":"https:\/\/buletin.de\/bucuresti\/#organization"},"image":{"@id":"https:\/\/buletin.de\/bucuresti\/sector-5-doua-scoli-gimnaziale-si-o-gradinita-din-sectorul-5-ar-putea-fi-reabilitate-cu-aproximativ-17-milioane-de-euro\/#primaryimage"},"thumbnailUrl":"https:\/\/buletin.de\/bucuresti\/wp-content\/uploads\/kimberly-farmer-lUaaKCUANVI-unsplash.jpg","keywords":["Bucure\u0219ti","consolidare","gr\u0103dini\u021b\u0103","modernizare","proiect de hot\u0103r\u00e2re","reabilitare","repara\u021bii","\u0219coli","Sector 5"],"articleSection":["Articole","Educa\u021bie","Main","Prim\u0103rie"],"inLanguage":"en-GB","copyrightYear":"2024","copyrightHolder":{"@id":"https:\/\/buletin.de\/bucuresti\/#organization"}},{"@type":"WebPage","@id":"https:\/\/buletin.de\/bucuresti\/sector-5-doua-scoli-gimnaziale-si-o-gradinita-din-sectorul-5-ar-putea-fi-reabilitate-cu-aproximativ-17-milioane-de-euro\/","url":"https:\/\/buletin.de\/bucuresti\/sector-5-doua-scoli-gimnaziale-si-o-gradinita-din-sectorul-5-ar-putea-fi-reabilitate-cu-aproximativ-17-milioane-de-euro\/","name":"Sector 5 | Dou\u0103 \u0219coli gimnaziale \u0219i o gr\u0103dini\u021b\u0103 din Sectorul 5 ar putea fi reabilitate cu aproximativ 17 milioane de euro - Buletin de Bucure\u0219ti","isPartOf":{"@id":"https:\/\/buletin.de\/bucuresti\/#website"},"primaryImageOfPage":{"@id":"https:\/\/buletin.de\/bucuresti\/sector-5-doua-scoli-gimnaziale-si-o-gradinita-din-sectorul-5-ar-putea-fi-reabilitate-cu-aproximativ-17-milioane-de-euro\/#primaryimage"},"image":{"@id":"https:\/\/buletin.de\/bucuresti\/sector-5-doua-scoli-gimnaziale-si-o-gradinita-din-sectorul-5-ar-putea-fi-reabilitate-cu-aproximativ-17-milioane-de-euro\/#primaryimage"},"thumbnailUrl":"https:\/\/buletin.de\/bucuresti\/wp-content\/uploads\/kimberly-farmer-lUaaKCUANVI-unsplash.jpg","datePublished":"2024-07-27T05:00:00+00:00","dateModified":"2024-07-27T07:33:40+00:00","description":"Dou\u0103 \u0219coli gimnaziale \u0219i o gr\u0103dini\u021b\u0103 din Sectorul 5 sunt vizate de proiecte de consolidare \u0219i reabilitare.","breadcrumb":{"@id":"https:\/\/buletin.de\/bucuresti\/sector-5-doua-scoli-gimnaziale-si-o-gradinita-din-sectorul-5-ar-putea-fi-reabilitate-cu-aproximativ-17-milioane-de-euro\/#breadcrumb"},"inLanguage":"en-GB","potentialAction":[{"@type":"ReadAction","target":["https:\/\/buletin.de\/bucuresti\/sector-5-doua-scoli-gimnaziale-si-o-gradinita-din-sectorul-5-ar-putea-fi-reabilitate-cu-aproximativ-17-milioane-de-euro\/"]}]},{"@type":"ImageObject","inLanguage":"en-GB","@id":"https:\/\/buletin.de\/bucuresti\/sector-5-doua-scoli-gimnaziale-si-o-gradinita-din-sectorul-5-ar-putea-fi-reabilitate-cu-aproximativ-17-milioane-de-euro\/#primaryimage","url":"https:\/\/buletin.de\/bucuresti\/wp-content\/uploads\/kimberly-farmer-lUaaKCUANVI-unsplash.jpg","contentUrl":"https:\/\/buletin.de\/bucuresti\/wp-content\/uploads\/kimberly-farmer-lUaaKCUANVI-unsplash.jpg","width":2000,"height":1330,"caption":"Dou\u0103 \u0219coli gimnaziale \u0219i o gr\u0103dini\u021b\u0103. FOTO: unsplash.com"},{"@type":"BreadcrumbList","@id":"https:\/\/buletin.de\/bucuresti\/sector-5-doua-scoli-gimnaziale-si-o-gradinita-din-sectorul-5-ar-putea-fi-reabilitate-cu-aproximativ-17-milioane-de-euro\/#breadcrumb","itemListElement":[{"@type":"ListItem","position":1,"name":"Acas\u0103","item":"https:\/\/buletin.de\/bucuresti\/"},{"@type":"ListItem","position":2,"name":"Sector 5 | Dou\u0103 \u0219coli gimnaziale \u0219i o gr\u0103dini\u021b\u0103 din Sectorul 5 ar putea fi reabilitate cu aproximativ 17 milioane de euro"}]},{"@type":"WebSite","@id":"https:\/\/buletin.de\/bucuresti\/#website","url":"https:\/\/buletin.de\/bucuresti\/","name":"Buletin de Bucure\u0219ti","description":"\u0218tiri \u0219i investiga\u021bii esen\u021biale din capital\u0103","publisher":{"@id":"https:\/\/buletin.de\/bucuresti\/#organization"},"potentialAction":[{"@type":"SearchAction","target":{"@type":"EntryPoint","urlTemplate":"https:\/\/buletin.de\/bucuresti\/?s={search_term_string}"},"query-input":{"@type":"PropertyValueSpecification","valueRequired":true,"valueName":"search_term_string"}}],"inLanguage":"en-GB"},{"@type":"Organization","@id":"https:\/\/buletin.de\/bucuresti\/#organization","name":"Buletin de Bucure\u0219ti","url":"https:\/\/buletin.de\/bucuresti\/","logo":{"@type":"ImageObject","inLanguage":"en-GB","@id":"https:\/\/buletin.de\/bucuresti\/#\/schema\/logo\/image\/","url":"https:\/\/buletin.de\/bucuresti\/wp-content\/uploads\/logo-bdb-full-wide-vernil-transparent.png","contentUrl":"https:\/\/buletin.de\/bucuresti\/wp-content\/uploads\/logo-bdb-full-wide-vernil-transparent.png","width":1782,"height":626,"caption":"Buletin de Bucure\u0219ti"},"image":{"@id":"https:\/\/buletin.de\/bucuresti\/#\/schema\/logo\/image\/"},"sameAs":["https:\/\/www.facebook.com\/buletin.de.buc","https:\/\/www.instagram.com\/buletinde.bucuresti\/"]},{"@type":"Person","@id":"https:\/\/buletin.de\/bucuresti\/#\/schema\/person\/359459245996e200ed7c807f71f0551a","name":"Ana Anghel-Dimache","image":{"@type":"ImageObject","inLanguage":"en-GB","@id":"https:\/\/buletin.de\/bucuresti\/wp-content\/uploads\/Ana-Anghel-Dimache-96x96.jpg861145fc2c4f1fe57dc81b59a6cfb674","url":"https:\/\/buletin.de\/bucuresti\/wp-content\/uploads\/Ana-Anghel-Dimache-96x96.jpg","contentUrl":"https:\/\/buletin.de\/bucuresti\/wp-content\/uploads\/Ana-Anghel-Dimache-96x96.jpg","caption":"Ana Anghel-Dimache"},"description":"Sunt student\u0103 la jurnalism \u0219i m-am n\u0103scut \u00een Bucure\u0219ti, ora\u0219 plin de pove\u0219ti care merit\u0103 explorate. \u00cemi place s\u0103 scriu despre subiecte politice, de mediu \u0219i legate de transportul din Capital\u0103. \u00cencerc s\u0103 pictez o imagine c\u00e2t mai sincer\u0103 a realit\u0103\u021bii \u0219i sus\u021bin presa independent\u0103 pentru c\u0103 este esen\u021bial s\u0103 pot reda faptele \u00een formele lor adev\u0103rate.","url":"https:\/\/buletin.de\/bucuresti\/author\/ana-dimache\/"}]}},"authors":[{"term_id":22581,"user_id":58,"is_guest":0,"slug":"ana-dimache","display_name":"Ana Anghel-Dimache","avatar_url":"https:\/\/buletin.de\/bucuresti\/wp-content\/uploads\/Ana-Anghel-Dimache-96x96.jpg","0":null,"1":"","2":"","3":"","4":"","5":"","6":"","7":"","8":""}],"_links":{"self":[{"href":"https:\/\/buletin.de\/bucuresti\/wp-json\/wp\/v2\/posts\/92464","targetHints":{"allow":["GET"]}}],"collection":[{"href":"https:\/\/buletin.de\/bucuresti\/wp-json\/wp\/v2\/posts"}],"about":[{"href":"https:\/\/buletin.de\/bucuresti\/wp-json\/wp\/v2\/types\/post"}],"author":[{"embeddable":true,"href":"https:\/\/buletin.de\/bucuresti\/wp-json\/wp\/v2\/users\/58"}],"replies":[{"embeddable":true,"href":"https:\/\/buletin.de\/bucuresti\/wp-json\/wp\/v2\/comments?post=92464"}],"version-history":[{"count":5,"href":"https:\/\/buletin.de\/bucuresti\/wp-json\/wp\/v2\/posts\/92464\/revisions"}],"predecessor-version":[{"id":92523,"href":"https:\/\/buletin.de\/bucuresti\/wp-json\/wp\/v2\/posts\/92464\/revisions\/92523"}],"wp:featuredmedia":[{"embeddable":true,"href":"https:\/\/buletin.de\/bucuresti\/wp-json\/wp\/v2\/media\/92475"}],"wp:attachment":[{"href":"https:\/\/buletin.de\/bucuresti\/wp-json\/wp\/v2\/media?parent=92464"}],"wp:term":[{"taxonomy":"category","embeddable":true,"href":"https:\/\/buletin.de\/bucuresti\/wp-json\/wp\/v2\/categories?post=92464"},{"taxonomy":"post_tag","embeddable":true,"href":"https:\/\/buletin.de\/bucuresti\/wp-json\/wp\/v2\/tags?post=92464"},{"taxonomy":"author","embeddable":true,"href":"https:\/\/buletin.de\/bucuresti\/wp-json\/wp\/v2\/ppma_author?post=92464"}],"curies":[{"name":"wp","href":"https:\/\/api.w.org\/{rel}","templated":true}]}}