{"id":92444,"date":"2024-07-26T15:55:31","date_gmt":"2024-07-26T12:55:31","guid":{"rendered":"https:\/\/buletin.de\/bucuresti\/?p=92444"},"modified":"2024-07-26T15:55:31","modified_gmt":"2024-07-26T12:55:31","slug":"un-sofer-beat-a-cauzat-patru-accidente-rutiere-cu-o-masina-furata-o-persoana-a-fost-ranita","status":"publish","type":"post","link":"https:\/\/buletin.de\/bucuresti\/un-sofer-beat-a-cauzat-patru-accidente-rutiere-cu-o-masina-furata-o-persoana-a-fost-ranita\/","title":{"rendered":"Un \u0219ofer beat a cauzat patru accidente rutiere cu o ma\u0219in\u0103 furat\u0103. O persoan\u0103 a fost r\u0103nit\u0103"},"content":{"rendered":"\n<p><strong>Un \u0219ofer beat a cauzat ast\u0103zi, 26 iulie, o serie de accidente rutiere \u00een Sectorul 4 al Capitalei. Brigada Rutier\u0103 a fost chemat\u0103 prin apel la 112.<\/strong><\/p>\n\n\n\n<p><strong>\u00cen jurul orei 13:00, poli\u021bi\u0219tii sosi\u021bi pe \u0218oseaua Berceni nr. 35 au identificat un b\u0103rbat de 49 de ani<\/strong>, <strong>se arat\u0103 \u00eentr-un comunicat al Brig\u0103zii Rutiere.<\/strong><\/p>\n\n\n\n<p>CITE\u0218TE \u0218I: <strong><a href=\"https:\/\/buletin.de\/bucuresti\/anpc-a-oprit-activitatea-unuia-dintre-furnizorii-spitalului-fundeni-dupa-ce-un-bolnav-a-primit-fursecuri-cu-viermi\/\">ANPC a oprit activitatea unuia dintre furnizorii Spitalului Fundeni, dup\u0103 ce un bolnav a primit fursecuri cu viermi<\/a><\/strong><\/p>\n\n\n\n<h2 class=\"wp-block-heading\">Un \u0219ofer beat a cauzat patru accidente. Alcoolul \u0219i ma\u0219ina furat\u0103<\/h2>\n\n\n\n<p>Testarea cu alcooltestul a indicat o valoare de 1.19 mg\/l alcool pur \u00een aerul expirat.<\/p>\n\n\n\n<p>Din primele informa\u021bii, \u0219oferul ar fi fost implicat \u00een patru accidente rutiere. Unul dintre acestea s-a soldat cu r\u0103nirea unei persoane, care a fost transportat\u0103 la spital, \u00een timp ce celelalte trei accidente au produs doar pagube materiale.<\/p>\n\n\n\n<p>Verific\u0103rile <a href=\"https:\/\/bpr.politiaromana.ro\/ro\/accidente-rutiere\/birouri-accidente-usoare\">Brig\u0103zii Rutiere<\/a> au ar\u0103tat c\u0103 b\u0103rbatul avea permisul de conducere retras din motive medicale. De asemenea, s-a constatat c\u0103 ma\u0219ina pe care o conducea, un taxi, fusese furat\u0103 de el.<\/p>\n\n\n\n<p>Conduc\u0103torul ma\u0219inii a fost transportat la spital, pentru a i se acorda \u00eengrijiri medicale.&nbsp;<\/p>\n\n\n\n<p>Poli\u021bi\u0219tii Brig\u0103zii Rutiere continu\u0103 investiga\u021biile pentru a stabili cu exactitate circumstan\u021bele \u00een care au avut loc aceste evenimente.<\/p>\n\n\n\n<p>CITE\u0218TE \u0218I: <strong><a href=\"https:\/\/buletin.de\/bucuresti\/daniel-baluta-vrea-sa-urce-in-ierarhia-psd-functiile-pe-care-le-vizeaza-actualul-primar-al-sectorului-4\/\">Daniel B\u0103lu\u0163\u0103 vrea s\u0103 urce \u00een ierarhia PSD. Func\u0163iile pe care le vizeaz\u0103 actualul primar al Sectorului 4<\/a><\/strong><\/p>\n\n\n\n<h2 class=\"wp-block-heading\">Caz bizar \u00een centrul Capitalei: un ucrainean a furat un taxi \u015fi l-a abandonat pe Calea Victoriei<\/h2>\n\n\n\n<p><a href=\"https:\/\/buletin.de\/bucuresti\/video-caz-bizar-in-centrul-capitalei-un-ucrainean-a-furat-un-taxi-si-l-a-abandonat-pe-calea-victoriei\/\">Un alt taxi a fost furat<\/a> la finalul lunii aprilie, de un cet\u0103\u0163ean ucrainean. B\u0103iatul  de 23 de ani nici nu avea carnet de conducere valabil. S-a plimbat pe c\u00e2teva str\u0103zi cu ma\u015fina, dup\u0103 care a abandonat-o. I-a furat telefonul taximetristului, r\u0103mas pe bord, dup\u0103 care s-a f\u0103cut nev\u0103zut. La c\u00e2teva ore distan\u0163\u0103, a fost g\u0103sit de poli\u0163i\u015fti.<\/p>\n\n\n\n<p><\/p>\n\n\n\n<p><strong>CITE\u015eTE \u015eI:<\/strong> <a href=\"https:\/\/buletin.de\/bucuresti\/video-accident-grav-la-piata-unirii-microbuz-plin-cu-muncitori-nepalezi-ciocnit-de-un-autoturism\/\">VIDEO | Accident grav la Pia\u0163a Unirii. Microbuz plin cu muncitori nepalezi, izbit de un autoturism<\/a><\/p>\n","protected":false},"excerpt":{"rendered":"<p>Un \u0219ofer beat a cauzat ast\u0103zi, 26 iulie, o serie de accidente rutiere \u00een Sectorul 4 al Capitalei. Brigada Rutier\u0103 a fost chemat\u0103 prin apel la 112. \u00cen jurul orei 13:00, poli\u021bi\u0219tii sosi\u021bi pe \u0218oseaua Berceni nr. 35 au identificat un b\u0103rbat de 49 de ani, se arat\u0103 \u00eentr-un comunicat al Brig\u0103zii Rutiere. CITE\u0218TE \u0218I: [&hellip;]<\/p>\n","protected":false},"author":59,"featured_media":92448,"comment_status":"closed","ping_status":"open","sticky":false,"template":"","format":"standard","meta":{"_acf_changed":false,"inline_featured_image":false,"ngg_post_thumbnail":0,"footnotes":""},"categories":[6994,9026,62],"tags":[1100,6372,5722,9,4415,5034],"ppma_author":[22572],"class_list":["post-92444","post","type-post","status-publish","format-standard","has-post-thumbnail","hentry","category-stiri-2","category-eveniment","category-stiri","tag-accident","tag-alcool","tag-brigada-rutiera-2","tag-bucuresti","tag-masini-2","tag-sofer"],"acf":[],"yoast_head":"<!-- This site is optimized with the Yoast SEO Premium plugin v25.3 (Yoast SEO v27.4) - https:\/\/yoast.com\/product\/yoast-seo-premium-wordpress\/ -->\n<title>Un \u0219ofer beat a cauzat patru accidente rutiere cu o ma\u0219in\u0103 furat\u0103. O persoan\u0103 a fost r\u0103nit\u0103 - Buletin de Bucure\u0219ti<\/title>\n<meta name=\"description\" content=\"Un \u0219ofer beat a cauzat ast\u0103zi o serie de accidente rutiere \u00een Sectorul 4 al Capitalei. Brigada Rutier\u0103 a fost chemat\u0103 prin apel la 112.\" \/>\n<meta name=\"robots\" content=\"index, follow, max-snippet:-1, max-image-preview:large, max-video-preview:-1\" \/>\n<link rel=\"canonical\" href=\"https:\/\/buletin.de\/bucuresti\/un-sofer-beat-a-cauzat-patru-accidente-rutiere-cu-o-masina-furata-o-persoana-a-fost-ranita\/\" \/>\n<meta property=\"og:locale\" content=\"en_GB\" \/>\n<meta property=\"og:type\" content=\"article\" \/>\n<meta property=\"og:title\" content=\"Un \u0219ofer beat a cauzat patru accidente rutiere cu o ma\u0219in\u0103 furat\u0103. O persoan\u0103 a fost r\u0103nit\u0103\" \/>\n<meta property=\"og:description\" content=\"Un \u0219ofer beat a cauzat ast\u0103zi o serie de accidente rutiere \u00een Sectorul 4 al Capitalei. Brigada Rutier\u0103 a fost chemat\u0103 prin apel la 112.\" \/>\n<meta property=\"og:url\" content=\"https:\/\/buletin.de\/bucuresti\/un-sofer-beat-a-cauzat-patru-accidente-rutiere-cu-o-masina-furata-o-persoana-a-fost-ranita\/\" \/>\n<meta property=\"og:site_name\" content=\"Buletin de Bucure\u0219ti\" \/>\n<meta property=\"article:publisher\" content=\"https:\/\/www.facebook.com\/buletin.de.buc\" \/>\n<meta property=\"article:published_time\" content=\"2024-07-26T12:55:31+00:00\" \/>\n<meta property=\"og:image\" content=\"https:\/\/buletin.de\/bucuresti\/wp-content\/uploads\/387736465_704235551738176_7206596375652676504_n.jpg\" \/>\n\t<meta property=\"og:image:width\" content=\"2048\" \/>\n\t<meta property=\"og:image:height\" content=\"1536\" \/>\n\t<meta property=\"og:image:type\" content=\"image\/jpeg\" \/>\n<meta name=\"author\" content=\"C\u0103t\u0103lin Anghel-Dimache\" \/>\n<meta name=\"twitter:card\" content=\"summary_large_image\" \/>\n<meta name=\"twitter:label1\" content=\"Written by\" \/>\n\t<meta name=\"twitter:data1\" content=\"C\u0103t\u0103lin Anghel-Dimache\" \/>\n\t<meta name=\"twitter:label2\" content=\"Estimated reading time\" \/>\n\t<meta name=\"twitter:data2\" content=\"2 minutes\" \/>\n<script type=\"application\/ld+json\" class=\"yoast-schema-graph\">{\"@context\":\"https:\\\/\\\/schema.org\",\"@graph\":[{\"@type\":\"Article\",\"@id\":\"https:\\\/\\\/buletin.de\\\/bucuresti\\\/un-sofer-beat-a-cauzat-patru-accidente-rutiere-cu-o-masina-furata-o-persoana-a-fost-ranita\\\/#article\",\"isPartOf\":{\"@id\":\"https:\\\/\\\/buletin.de\\\/bucuresti\\\/un-sofer-beat-a-cauzat-patru-accidente-rutiere-cu-o-masina-furata-o-persoana-a-fost-ranita\\\/\"},\"author\":{\"name\":\"C\u0103t\u0103lin Anghel-Dimache\",\"@id\":\"https:\\\/\\\/buletin.de\\\/bucuresti\\\/#\\\/schema\\\/person\\\/0ac9db30080482be87c7386a30f98796\"},\"headline\":\"Un \u0219ofer beat a cauzat patru accidente rutiere cu o ma\u0219in\u0103 furat\u0103. O persoan\u0103 a fost r\u0103nit\u0103\",\"datePublished\":\"2024-07-26T12:55:31+00:00\",\"mainEntityOfPage\":{\"@id\":\"https:\\\/\\\/buletin.de\\\/bucuresti\\\/un-sofer-beat-a-cauzat-patru-accidente-rutiere-cu-o-masina-furata-o-persoana-a-fost-ranita\\\/\"},\"wordCount\":363,\"publisher\":{\"@id\":\"https:\\\/\\\/buletin.de\\\/bucuresti\\\/#organization\"},\"image\":{\"@id\":\"https:\\\/\\\/buletin.de\\\/bucuresti\\\/un-sofer-beat-a-cauzat-patru-accidente-rutiere-cu-o-masina-furata-o-persoana-a-fost-ranita\\\/#primaryimage\"},\"thumbnailUrl\":\"https:\\\/\\\/buletin.de\\\/bucuresti\\\/wp-content\\\/uploads\\\/387736465_704235551738176_7206596375652676504_n.jpg\",\"keywords\":[\"accident\",\"alcool\",\"brigada rutiera\",\"bucuresti\",\"ma\u0219ini\",\"sofer\"],\"articleSection\":[\"Articole\",\"Eveniment\",\"\u0218tiri\"],\"inLanguage\":\"en-GB\",\"copyrightYear\":\"2024\",\"copyrightHolder\":{\"@id\":\"https:\\\/\\\/buletin.de\\\/bucuresti\\\/#organization\"}},{\"@type\":\"WebPage\",\"@id\":\"https:\\\/\\\/buletin.de\\\/bucuresti\\\/un-sofer-beat-a-cauzat-patru-accidente-rutiere-cu-o-masina-furata-o-persoana-a-fost-ranita\\\/\",\"url\":\"https:\\\/\\\/buletin.de\\\/bucuresti\\\/un-sofer-beat-a-cauzat-patru-accidente-rutiere-cu-o-masina-furata-o-persoana-a-fost-ranita\\\/\",\"name\":\"Un \u0219ofer beat a cauzat patru accidente rutiere cu o ma\u0219in\u0103 furat\u0103. O persoan\u0103 a fost r\u0103nit\u0103 - Buletin de Bucure\u0219ti\",\"isPartOf\":{\"@id\":\"https:\\\/\\\/buletin.de\\\/bucuresti\\\/#website\"},\"primaryImageOfPage\":{\"@id\":\"https:\\\/\\\/buletin.de\\\/bucuresti\\\/un-sofer-beat-a-cauzat-patru-accidente-rutiere-cu-o-masina-furata-o-persoana-a-fost-ranita\\\/#primaryimage\"},\"image\":{\"@id\":\"https:\\\/\\\/buletin.de\\\/bucuresti\\\/un-sofer-beat-a-cauzat-patru-accidente-rutiere-cu-o-masina-furata-o-persoana-a-fost-ranita\\\/#primaryimage\"},\"thumbnailUrl\":\"https:\\\/\\\/buletin.de\\\/bucuresti\\\/wp-content\\\/uploads\\\/387736465_704235551738176_7206596375652676504_n.jpg\",\"datePublished\":\"2024-07-26T12:55:31+00:00\",\"description\":\"Un \u0219ofer beat a cauzat ast\u0103zi o serie de accidente rutiere \u00een Sectorul 4 al Capitalei. Brigada Rutier\u0103 a fost chemat\u0103 prin apel la 112.\",\"breadcrumb\":{\"@id\":\"https:\\\/\\\/buletin.de\\\/bucuresti\\\/un-sofer-beat-a-cauzat-patru-accidente-rutiere-cu-o-masina-furata-o-persoana-a-fost-ranita\\\/#breadcrumb\"},\"inLanguage\":\"en-GB\",\"potentialAction\":[{\"@type\":\"ReadAction\",\"target\":[\"https:\\\/\\\/buletin.de\\\/bucuresti\\\/un-sofer-beat-a-cauzat-patru-accidente-rutiere-cu-o-masina-furata-o-persoana-a-fost-ranita\\\/\"]}]},{\"@type\":\"ImageObject\",\"inLanguage\":\"en-GB\",\"@id\":\"https:\\\/\\\/buletin.de\\\/bucuresti\\\/un-sofer-beat-a-cauzat-patru-accidente-rutiere-cu-o-masina-furata-o-persoana-a-fost-ranita\\\/#primaryimage\",\"url\":\"https:\\\/\\\/buletin.de\\\/bucuresti\\\/wp-content\\\/uploads\\\/387736465_704235551738176_7206596375652676504_n.jpg\",\"contentUrl\":\"https:\\\/\\\/buletin.de\\\/bucuresti\\\/wp-content\\\/uploads\\\/387736465_704235551738176_7206596375652676504_n.jpg\",\"width\":2048,\"height\":1536,\"caption\":\"Un \u0219ofer beat a cauzat patru accidente rutiere. FOTO: Facebook \\\/ Poli\u021bia Capitalei\"},{\"@type\":\"BreadcrumbList\",\"@id\":\"https:\\\/\\\/buletin.de\\\/bucuresti\\\/un-sofer-beat-a-cauzat-patru-accidente-rutiere-cu-o-masina-furata-o-persoana-a-fost-ranita\\\/#breadcrumb\",\"itemListElement\":[{\"@type\":\"ListItem\",\"position\":1,\"name\":\"Acas\u0103\",\"item\":\"https:\\\/\\\/buletin.de\\\/bucuresti\\\/\"},{\"@type\":\"ListItem\",\"position\":2,\"name\":\"Un \u0219ofer beat a cauzat patru accidente rutiere cu o ma\u0219in\u0103 furat\u0103. O persoan\u0103 a fost r\u0103nit\u0103\"}]},{\"@type\":\"WebSite\",\"@id\":\"https:\\\/\\\/buletin.de\\\/bucuresti\\\/#website\",\"url\":\"https:\\\/\\\/buletin.de\\\/bucuresti\\\/\",\"name\":\"Buletin de Bucure\u0219ti\",\"description\":\"\u0218tiri \u0219i investiga\u021bii esen\u021biale din capital\u0103\",\"publisher\":{\"@id\":\"https:\\\/\\\/buletin.de\\\/bucuresti\\\/#organization\"},\"potentialAction\":[{\"@type\":\"SearchAction\",\"target\":{\"@type\":\"EntryPoint\",\"urlTemplate\":\"https:\\\/\\\/buletin.de\\\/bucuresti\\\/?s={search_term_string}\"},\"query-input\":{\"@type\":\"PropertyValueSpecification\",\"valueRequired\":true,\"valueName\":\"search_term_string\"}}],\"inLanguage\":\"en-GB\"},{\"@type\":\"Organization\",\"@id\":\"https:\\\/\\\/buletin.de\\\/bucuresti\\\/#organization\",\"name\":\"Buletin de Bucure\u0219ti\",\"url\":\"https:\\\/\\\/buletin.de\\\/bucuresti\\\/\",\"logo\":{\"@type\":\"ImageObject\",\"inLanguage\":\"en-GB\",\"@id\":\"https:\\\/\\\/buletin.de\\\/bucuresti\\\/#\\\/schema\\\/logo\\\/image\\\/\",\"url\":\"https:\\\/\\\/buletin.de\\\/bucuresti\\\/wp-content\\\/uploads\\\/logo-bdb-full-wide-vernil-transparent.png\",\"contentUrl\":\"https:\\\/\\\/buletin.de\\\/bucuresti\\\/wp-content\\\/uploads\\\/logo-bdb-full-wide-vernil-transparent.png\",\"width\":1782,\"height\":626,\"caption\":\"Buletin de Bucure\u0219ti\"},\"image\":{\"@id\":\"https:\\\/\\\/buletin.de\\\/bucuresti\\\/#\\\/schema\\\/logo\\\/image\\\/\"},\"sameAs\":[\"https:\\\/\\\/www.facebook.com\\\/buletin.de.buc\",\"https:\\\/\\\/www.instagram.com\\\/buletinde.bucuresti\\\/\"]},{\"@type\":\"Person\",\"@id\":\"https:\\\/\\\/buletin.de\\\/bucuresti\\\/#\\\/schema\\\/person\\\/0ac9db30080482be87c7386a30f98796\",\"name\":\"C\u0103t\u0103lin Anghel-Dimache\",\"image\":{\"@type\":\"ImageObject\",\"inLanguage\":\"en-GB\",\"@id\":\"https:\\\/\\\/buletin.de\\\/bucuresti\\\/wp-content\\\/uploads\\\/Catalin-Anghel-Dimache-96x96.jpgbd9e43c5b25186d5b8e917ac61ad86c4\",\"url\":\"https:\\\/\\\/buletin.de\\\/bucuresti\\\/wp-content\\\/uploads\\\/Catalin-Anghel-Dimache-96x96.jpg\",\"contentUrl\":\"https:\\\/\\\/buletin.de\\\/bucuresti\\\/wp-content\\\/uploads\\\/Catalin-Anghel-Dimache-96x96.jpg\",\"caption\":\"C\u0103t\u0103lin Anghel-Dimache\"},\"description\":\"A absolvit Facultatea de Jurnalism \u0219i \u0218tiin\u021bele Comunic\u0103rii a Universit\u0103\u021bii din Bucure\u0219ti \u00een 2024. Scrie despre mediu \u0219i teme sociale, dar \u0219i despre cum se reflect\u0103 ele \u00een via\u021ba cotidian\u0103 a bucure\u0219tenilor, cu un ochi atent la pove\u0219tile personale din spatele titlurilor. N\u0103scut \u0219i crescut \u00een Bucure\u0219ti, a f\u0103cut un pas c\u0103tre presa local\u0103, din pasiune pentru ora\u0219ul s\u0103u \u0219i oamenii din el.\",\"url\":\"https:\\\/\\\/buletin.de\\\/bucuresti\\\/author\\\/catalin-anghel-dimache\\\/\"}]}<\/script>\n<!-- \/ Yoast SEO Premium plugin. -->","yoast_head_json":{"title":"Un \u0219ofer beat a cauzat patru accidente rutiere cu o ma\u0219in\u0103 furat\u0103. O persoan\u0103 a fost r\u0103nit\u0103 - Buletin de Bucure\u0219ti","description":"Un \u0219ofer beat a cauzat ast\u0103zi o serie de accidente rutiere \u00een Sectorul 4 al Capitalei. Brigada Rutier\u0103 a fost chemat\u0103 prin apel la 112.","robots":{"index":"index","follow":"follow","max-snippet":"max-snippet:-1","max-image-preview":"max-image-preview:large","max-video-preview":"max-video-preview:-1"},"canonical":"https:\/\/buletin.de\/bucuresti\/un-sofer-beat-a-cauzat-patru-accidente-rutiere-cu-o-masina-furata-o-persoana-a-fost-ranita\/","og_locale":"en_GB","og_type":"article","og_title":"Un \u0219ofer beat a cauzat patru accidente rutiere cu o ma\u0219in\u0103 furat\u0103. O persoan\u0103 a fost r\u0103nit\u0103","og_description":"Un \u0219ofer beat a cauzat ast\u0103zi o serie de accidente rutiere \u00een Sectorul 4 al Capitalei. Brigada Rutier\u0103 a fost chemat\u0103 prin apel la 112.","og_url":"https:\/\/buletin.de\/bucuresti\/un-sofer-beat-a-cauzat-patru-accidente-rutiere-cu-o-masina-furata-o-persoana-a-fost-ranita\/","og_site_name":"Buletin de Bucure\u0219ti","article_publisher":"https:\/\/www.facebook.com\/buletin.de.buc","article_published_time":"2024-07-26T12:55:31+00:00","og_image":[{"width":2048,"height":1536,"url":"https:\/\/buletin.de\/bucuresti\/wp-content\/uploads\/387736465_704235551738176_7206596375652676504_n.jpg","type":"image\/jpeg"}],"author":"C\u0103t\u0103lin Anghel-Dimache","twitter_card":"summary_large_image","twitter_misc":{"Written by":"C\u0103t\u0103lin Anghel-Dimache","Estimated reading time":"2 minutes"},"schema":{"@context":"https:\/\/schema.org","@graph":[{"@type":"Article","@id":"https:\/\/buletin.de\/bucuresti\/un-sofer-beat-a-cauzat-patru-accidente-rutiere-cu-o-masina-furata-o-persoana-a-fost-ranita\/#article","isPartOf":{"@id":"https:\/\/buletin.de\/bucuresti\/un-sofer-beat-a-cauzat-patru-accidente-rutiere-cu-o-masina-furata-o-persoana-a-fost-ranita\/"},"author":{"name":"C\u0103t\u0103lin Anghel-Dimache","@id":"https:\/\/buletin.de\/bucuresti\/#\/schema\/person\/0ac9db30080482be87c7386a30f98796"},"headline":"Un \u0219ofer beat a cauzat patru accidente rutiere cu o ma\u0219in\u0103 furat\u0103. O persoan\u0103 a fost r\u0103nit\u0103","datePublished":"2024-07-26T12:55:31+00:00","mainEntityOfPage":{"@id":"https:\/\/buletin.de\/bucuresti\/un-sofer-beat-a-cauzat-patru-accidente-rutiere-cu-o-masina-furata-o-persoana-a-fost-ranita\/"},"wordCount":363,"publisher":{"@id":"https:\/\/buletin.de\/bucuresti\/#organization"},"image":{"@id":"https:\/\/buletin.de\/bucuresti\/un-sofer-beat-a-cauzat-patru-accidente-rutiere-cu-o-masina-furata-o-persoana-a-fost-ranita\/#primaryimage"},"thumbnailUrl":"https:\/\/buletin.de\/bucuresti\/wp-content\/uploads\/387736465_704235551738176_7206596375652676504_n.jpg","keywords":["accident","alcool","brigada rutiera","bucuresti","ma\u0219ini","sofer"],"articleSection":["Articole","Eveniment","\u0218tiri"],"inLanguage":"en-GB","copyrightYear":"2024","copyrightHolder":{"@id":"https:\/\/buletin.de\/bucuresti\/#organization"}},{"@type":"WebPage","@id":"https:\/\/buletin.de\/bucuresti\/un-sofer-beat-a-cauzat-patru-accidente-rutiere-cu-o-masina-furata-o-persoana-a-fost-ranita\/","url":"https:\/\/buletin.de\/bucuresti\/un-sofer-beat-a-cauzat-patru-accidente-rutiere-cu-o-masina-furata-o-persoana-a-fost-ranita\/","name":"Un \u0219ofer beat a cauzat patru accidente rutiere cu o ma\u0219in\u0103 furat\u0103. O persoan\u0103 a fost r\u0103nit\u0103 - Buletin de Bucure\u0219ti","isPartOf":{"@id":"https:\/\/buletin.de\/bucuresti\/#website"},"primaryImageOfPage":{"@id":"https:\/\/buletin.de\/bucuresti\/un-sofer-beat-a-cauzat-patru-accidente-rutiere-cu-o-masina-furata-o-persoana-a-fost-ranita\/#primaryimage"},"image":{"@id":"https:\/\/buletin.de\/bucuresti\/un-sofer-beat-a-cauzat-patru-accidente-rutiere-cu-o-masina-furata-o-persoana-a-fost-ranita\/#primaryimage"},"thumbnailUrl":"https:\/\/buletin.de\/bucuresti\/wp-content\/uploads\/387736465_704235551738176_7206596375652676504_n.jpg","datePublished":"2024-07-26T12:55:31+00:00","description":"Un \u0219ofer beat a cauzat ast\u0103zi o serie de accidente rutiere \u00een Sectorul 4 al Capitalei. Brigada Rutier\u0103 a fost chemat\u0103 prin apel la 112.","breadcrumb":{"@id":"https:\/\/buletin.de\/bucuresti\/un-sofer-beat-a-cauzat-patru-accidente-rutiere-cu-o-masina-furata-o-persoana-a-fost-ranita\/#breadcrumb"},"inLanguage":"en-GB","potentialAction":[{"@type":"ReadAction","target":["https:\/\/buletin.de\/bucuresti\/un-sofer-beat-a-cauzat-patru-accidente-rutiere-cu-o-masina-furata-o-persoana-a-fost-ranita\/"]}]},{"@type":"ImageObject","inLanguage":"en-GB","@id":"https:\/\/buletin.de\/bucuresti\/un-sofer-beat-a-cauzat-patru-accidente-rutiere-cu-o-masina-furata-o-persoana-a-fost-ranita\/#primaryimage","url":"https:\/\/buletin.de\/bucuresti\/wp-content\/uploads\/387736465_704235551738176_7206596375652676504_n.jpg","contentUrl":"https:\/\/buletin.de\/bucuresti\/wp-content\/uploads\/387736465_704235551738176_7206596375652676504_n.jpg","width":2048,"height":1536,"caption":"Un \u0219ofer beat a cauzat patru accidente rutiere. FOTO: Facebook \/ Poli\u021bia Capitalei"},{"@type":"BreadcrumbList","@id":"https:\/\/buletin.de\/bucuresti\/un-sofer-beat-a-cauzat-patru-accidente-rutiere-cu-o-masina-furata-o-persoana-a-fost-ranita\/#breadcrumb","itemListElement":[{"@type":"ListItem","position":1,"name":"Acas\u0103","item":"https:\/\/buletin.de\/bucuresti\/"},{"@type":"ListItem","position":2,"name":"Un \u0219ofer beat a cauzat patru accidente rutiere cu o ma\u0219in\u0103 furat\u0103. O persoan\u0103 a fost r\u0103nit\u0103"}]},{"@type":"WebSite","@id":"https:\/\/buletin.de\/bucuresti\/#website","url":"https:\/\/buletin.de\/bucuresti\/","name":"Buletin de Bucure\u0219ti","description":"\u0218tiri \u0219i investiga\u021bii esen\u021biale din capital\u0103","publisher":{"@id":"https:\/\/buletin.de\/bucuresti\/#organization"},"potentialAction":[{"@type":"SearchAction","target":{"@type":"EntryPoint","urlTemplate":"https:\/\/buletin.de\/bucuresti\/?s={search_term_string}"},"query-input":{"@type":"PropertyValueSpecification","valueRequired":true,"valueName":"search_term_string"}}],"inLanguage":"en-GB"},{"@type":"Organization","@id":"https:\/\/buletin.de\/bucuresti\/#organization","name":"Buletin de Bucure\u0219ti","url":"https:\/\/buletin.de\/bucuresti\/","logo":{"@type":"ImageObject","inLanguage":"en-GB","@id":"https:\/\/buletin.de\/bucuresti\/#\/schema\/logo\/image\/","url":"https:\/\/buletin.de\/bucuresti\/wp-content\/uploads\/logo-bdb-full-wide-vernil-transparent.png","contentUrl":"https:\/\/buletin.de\/bucuresti\/wp-content\/uploads\/logo-bdb-full-wide-vernil-transparent.png","width":1782,"height":626,"caption":"Buletin de Bucure\u0219ti"},"image":{"@id":"https:\/\/buletin.de\/bucuresti\/#\/schema\/logo\/image\/"},"sameAs":["https:\/\/www.facebook.com\/buletin.de.buc","https:\/\/www.instagram.com\/buletinde.bucuresti\/"]},{"@type":"Person","@id":"https:\/\/buletin.de\/bucuresti\/#\/schema\/person\/0ac9db30080482be87c7386a30f98796","name":"C\u0103t\u0103lin Anghel-Dimache","image":{"@type":"ImageObject","inLanguage":"en-GB","@id":"https:\/\/buletin.de\/bucuresti\/wp-content\/uploads\/Catalin-Anghel-Dimache-96x96.jpgbd9e43c5b25186d5b8e917ac61ad86c4","url":"https:\/\/buletin.de\/bucuresti\/wp-content\/uploads\/Catalin-Anghel-Dimache-96x96.jpg","contentUrl":"https:\/\/buletin.de\/bucuresti\/wp-content\/uploads\/Catalin-Anghel-Dimache-96x96.jpg","caption":"C\u0103t\u0103lin Anghel-Dimache"},"description":"A absolvit Facultatea de Jurnalism \u0219i \u0218tiin\u021bele Comunic\u0103rii a Universit\u0103\u021bii din Bucure\u0219ti \u00een 2024. Scrie despre mediu \u0219i teme sociale, dar \u0219i despre cum se reflect\u0103 ele \u00een via\u021ba cotidian\u0103 a bucure\u0219tenilor, cu un ochi atent la pove\u0219tile personale din spatele titlurilor. N\u0103scut \u0219i crescut \u00een Bucure\u0219ti, a f\u0103cut un pas c\u0103tre presa local\u0103, din pasiune pentru ora\u0219ul s\u0103u \u0219i oamenii din el.","url":"https:\/\/buletin.de\/bucuresti\/author\/catalin-anghel-dimache\/"}]}},"authors":[{"term_id":22572,"user_id":59,"is_guest":0,"slug":"catalin-anghel-dimache","display_name":"C\u0103t\u0103lin Anghel-Dimache","avatar_url":"https:\/\/buletin.de\/bucuresti\/wp-content\/uploads\/Catalin-Anghel-Dimache-96x96.jpg","0":null,"1":"","2":"","3":"","4":"","5":"","6":"","7":"","8":""}],"_links":{"self":[{"href":"https:\/\/buletin.de\/bucuresti\/wp-json\/wp\/v2\/posts\/92444","targetHints":{"allow":["GET"]}}],"collection":[{"href":"https:\/\/buletin.de\/bucuresti\/wp-json\/wp\/v2\/posts"}],"about":[{"href":"https:\/\/buletin.de\/bucuresti\/wp-json\/wp\/v2\/types\/post"}],"author":[{"embeddable":true,"href":"https:\/\/buletin.de\/bucuresti\/wp-json\/wp\/v2\/users\/59"}],"replies":[{"embeddable":true,"href":"https:\/\/buletin.de\/bucuresti\/wp-json\/wp\/v2\/comments?post=92444"}],"version-history":[{"count":2,"href":"https:\/\/buletin.de\/bucuresti\/wp-json\/wp\/v2\/posts\/92444\/revisions"}],"predecessor-version":[{"id":92453,"href":"https:\/\/buletin.de\/bucuresti\/wp-json\/wp\/v2\/posts\/92444\/revisions\/92453"}],"wp:featuredmedia":[{"embeddable":true,"href":"https:\/\/buletin.de\/bucuresti\/wp-json\/wp\/v2\/media\/92448"}],"wp:attachment":[{"href":"https:\/\/buletin.de\/bucuresti\/wp-json\/wp\/v2\/media?parent=92444"}],"wp:term":[{"taxonomy":"category","embeddable":true,"href":"https:\/\/buletin.de\/bucuresti\/wp-json\/wp\/v2\/categories?post=92444"},{"taxonomy":"post_tag","embeddable":true,"href":"https:\/\/buletin.de\/bucuresti\/wp-json\/wp\/v2\/tags?post=92444"},{"taxonomy":"author","embeddable":true,"href":"https:\/\/buletin.de\/bucuresti\/wp-json\/wp\/v2\/ppma_author?post=92444"}],"curies":[{"name":"wp","href":"https:\/\/api.w.org\/{rel}","templated":true}]}}