{"id":92413,"date":"2024-07-27T09:00:00","date_gmt":"2024-07-27T06:00:00","guid":{"rendered":"https:\/\/buletin.de\/bucuresti\/?p=92413"},"modified":"2024-07-26T19:57:15","modified_gmt":"2024-07-26T16:57:15","slug":"expozitia-lunii-august-la-muzeul-national-de-istorie-leul-de-hartie-biletele-ministerului-finantelor","status":"publish","type":"post","link":"https:\/\/buletin.de\/bucuresti\/expozitia-lunii-august-la-muzeul-national-de-istorie-leul-de-hartie-biletele-ministerului-finantelor\/","title":{"rendered":"Expozi\u021bia lunii august, la Muzeul Na\u021bional de Istorie: \u201eLeul de h\u00e2rtie: biletele Ministerului Finan\u021belor\u201d"},"content":{"rendered":"\n<p><strong>Expozi\u021bia lunii august, la Muzeul Na\u021bional de Istorie a Rom\u00e2niei (MNIR), este intitulat\u0103 \u201eLeul de h\u00e2rtie: biletele Ministerului Finan\u021belor (1919-1920)\u201d \u0219i prezint\u0103 exemplare rare de bancnote rom\u00e2ne\u0219ti.<\/strong><\/p>\n\n\n\n<p>Micro-expozi\u021bia va fi accesibil\u0103 publicului la sediul muzeului din Calea Victoriei nr. 12, Bucure\u015fti, \u00een sala \u201eLapidarium\u201d, \u00eencep\u00e2nd de joi, 1 august 2024.<\/p>\n\n\n\n<p>CITE\u0218TE \u0218I: <strong><a href=\"https:\/\/buletin.de\/bucuresti\/sector-5-copiii-saraci-ar-putea-fi-ajutati-cu-fonduri-europene-in-valoare-de-2-milioane-de-euro-detaliile-proiectului\/\">Sector 5 | Copiii s\u0103raci ar putea fi ajuta\u0163i cu fonduri europene de 2 milioane de euro. Detaliile proiectului<\/a><\/strong><\/p>\n\n\n\n<h2 class=\"wp-block-heading\">Expozi\u021bia lunii august. Bancnote rom\u00e2ne\u0219ti din SUA<\/h2>\n\n\n\n<figure class=\"wp-block-gallery has-nested-images columns-default is-cropped wp-block-gallery-1 is-layout-flex wp-block-gallery-is-layout-flex\">\n<figure class=\"wp-block-image size-large\"><img fetchpriority=\"high\" decoding=\"async\" width=\"900\" height=\"582\" data-id=\"92417\" src=\"data:image\/gif;base64,R0lGODlhAQABAAAAACH5BAEKAAEALAAAAAABAAEAAAICTAEAOw==\" data-src=\"https:\/\/buletin.de\/bucuresti\/wp-content\/uploads\/180599-av--900x582.jpg\" alt=\"\" class=\"wp-image-92417 lazyload\" data-sizes=\"auto\" data-srcset=\"https:\/\/buletin.de\/bucuresti\/wp-content\/uploads\/180599-av--900x582.jpg 900w, https:\/\/buletin.de\/bucuresti\/wp-content\/uploads\/180599-av--300x194.jpg 300w, https:\/\/buletin.de\/bucuresti\/wp-content\/uploads\/180599-av--768x497.jpg 768w, https:\/\/buletin.de\/bucuresti\/wp-content\/uploads\/180599-av--1100x712.jpg 1100w, https:\/\/buletin.de\/bucuresti\/wp-content\/uploads\/180599-av--600x388.jpg 600w, https:\/\/buletin.de\/bucuresti\/wp-content\/uploads\/180599-av--20x13.jpg 20w, https:\/\/buletin.de\/bucuresti\/wp-content\/uploads\/180599-av-.jpg 1250w\" sizes=\"(max-width: 900px) 100vw, 900px\" \/><\/figure>\n\n\n\n<figure class=\"wp-block-image size-large\"><img decoding=\"async\" width=\"900\" height=\"593\" data-id=\"92418\" src=\"data:image\/gif;base64,R0lGODlhAQABAAAAACH5BAEKAAEALAAAAAABAAEAAAICTAEAOw==\" data-src=\"https:\/\/buletin.de\/bucuresti\/wp-content\/uploads\/180598-rv--900x593.jpg\" alt=\"\" class=\"wp-image-92418 lazyload\" data-sizes=\"auto\" data-srcset=\"https:\/\/buletin.de\/bucuresti\/wp-content\/uploads\/180598-rv--900x593.jpg 900w, https:\/\/buletin.de\/bucuresti\/wp-content\/uploads\/180598-rv--300x198.jpg 300w, https:\/\/buletin.de\/bucuresti\/wp-content\/uploads\/180598-rv--768x506.jpg 768w, https:\/\/buletin.de\/bucuresti\/wp-content\/uploads\/180598-rv--1100x724.jpg 1100w, https:\/\/buletin.de\/bucuresti\/wp-content\/uploads\/180598-rv--600x395.jpg 600w, https:\/\/buletin.de\/bucuresti\/wp-content\/uploads\/180598-rv--20x13.jpg 20w, https:\/\/buletin.de\/bucuresti\/wp-content\/uploads\/180598-rv-.jpg 1350w\" sizes=\"(max-width: 900px) 100vw, 900px\" \/><\/figure>\n\n\n\n<figure class=\"wp-block-image size-large\"><img decoding=\"async\" width=\"900\" height=\"607\" data-id=\"92419\" src=\"data:image\/gif;base64,R0lGODlhAQABAAAAACH5BAEKAAEALAAAAAABAAEAAAICTAEAOw==\" data-src=\"https:\/\/buletin.de\/bucuresti\/wp-content\/uploads\/180601-av--900x607.jpg\" alt=\"\" class=\"wp-image-92419 lazyload\" data-sizes=\"auto\" data-srcset=\"https:\/\/buletin.de\/bucuresti\/wp-content\/uploads\/180601-av--900x607.jpg 900w, https:\/\/buletin.de\/bucuresti\/wp-content\/uploads\/180601-av--300x202.jpg 300w, https:\/\/buletin.de\/bucuresti\/wp-content\/uploads\/180601-av--768x518.jpg 768w, https:\/\/buletin.de\/bucuresti\/wp-content\/uploads\/180601-av--600x405.jpg 600w, https:\/\/buletin.de\/bucuresti\/wp-content\/uploads\/180601-av--20x13.jpg 20w, https:\/\/buletin.de\/bucuresti\/wp-content\/uploads\/180601-av-.jpg 1050w\" sizes=\"(max-width: 900px) 100vw, 900px\" \/><\/figure>\n<figcaption class=\"blocks-gallery-caption wp-element-caption\">Expozi\u021bia lunii august. FOTO: MNIR<\/figcaption><\/figure>\n\n\n\n<p>\u201eContinu\u00e2nd seria prezent\u0103rii unor exemplare rare de bancnote rom\u00e2ne\u0219ti, ini\u021biat\u0103 \u00een anul 2023 prin etalarea biletelor ipotecare \u2013 primii lei din h\u00e2rtie, \u00een acest an vor fi expuse bancnote dintr-o serie fabricat\u0103 \u00een anii 1919-1920, \u00een Statele Unite ale Americii, la comanda Ministerului de Finan\u021be\u201d, se arat\u0103 \u00eentr-un comunicat al MNIR.<\/p>\n\n\n\n<p>Expozi\u021bia va putea fi vizitat\u0103 de pe 1 august p\u00e2n\u0103 pe 1 septembrie, de miercuri p\u00e2n\u0103 duminic\u0103, \u00eentre orele 10\ua4fd00 \u0219i 18\ua4fd00.<\/p>\n\n\n\n<p>Curatorii proiectului expozi\u021bional sunt Marius Gabriel Neculae \u0219i muzeograful Tudor Alexandru Martin.<\/p>\n\n\n\n<p>CITE\u0218TE \u0218I: <strong><a href=\"https:\/\/buletin.de\/bucuresti\/tun-cu-criptomonede-in-bucuresti-trei-hackeri-au-reusit-sa-fure-120-de-milioane-de-dolari\/\">Tun cu criptomonede \u00een Bucure\u015fti. Trei hackeri au reu\u015fit s\u0103 fure 120 de milioane de dolari<\/a><\/strong><\/p>\n\n\n\n<h2 class=\"wp-block-heading\">Expozi\u021bia de anul trecut<\/h2>\n\n\n\n<p>Anul trecut, expozi\u021bia despre bancnotele rom\u00e2ne\u0219ti s-a numit \u201eLeul de h\u00e2rtie: \u00eenceputurile\u201d \u0219i prezenta lumea biletelor ipotecare puse \u00een circula\u0163ie \u00eentre 1878 \u015fi 1879, scrie <a href=\"https:\/\/www.agerpres.ro\/comunicate\/2023\/07\/24\/comunicat-de-presa-muzeul-national-de-istorie-a-romaniei--1144286\">Agerpres<\/a>.<\/p>\n\n\n\n<p>Aceste bilete aveau elemente care au ap\u0103rut pe bancnotele rom\u00e2ne\u0219ti timp de aproape 70 de ani, p\u00e2n\u0103 \u00een 1947.<\/p>\n\n\n\n<p>Banca Na\u0163ional\u0103 a Rom\u00e2niei (BNR) anun\u0163a \u00een 2021 c\u0103 va realiza o replic\u0103 pe suport de polimer, \u00een 30.000 de exemplare, dup\u0103 prima bancnot\u0103 de 20 de lei, pus\u0103 \u00een circula\u0163ie \u00een anul 1881. Aceasta a fost prima bancnot\u0103 emis\u0103 de institu\u0163ia bancar\u0103 rom\u00e2neasc\u0103.<\/p>\n\n\n\n<p>CITE\u0218TE \u0218I: <a href=\"https:\/\/buletin.de\/bucuresti\/cresc-penalitatile-pentru-alstom-trenurile-de-metrou-intarzie-datoria-catre-stat-a-ajuns-la-24-de-milioane-de-euro\/\"><strong>Cresc penalit\u0103\u0163ile pentru Alstom: trenurile de metrou \u00eent\u00e2rzie, datoria c\u0103tre stat a ajuns la 24 de milioane de euro<\/strong><\/a><\/p>\n","protected":false},"excerpt":{"rendered":"<p>Expozi\u021bia lunii august, la Muzeul Na\u021bional de Istorie a Rom\u00e2niei (MNIR), este intitulat\u0103 \u201eLeul de h\u00e2rtie: biletele Ministerului Finan\u021belor (1919-1920)\u201d \u0219i prezint\u0103 exemplare rare de bancnote rom\u00e2ne\u0219ti. Micro-expozi\u021bia va fi accesibil\u0103 publicului la sediul muzeului din Calea Victoriei nr. 12, Bucure\u015fti, \u00een sala \u201eLapidarium\u201d, \u00eencep\u00e2nd de joi, 1 august 2024. CITE\u0218TE \u0218I: Sector 5 | [&hellip;]<\/p>\n","protected":false},"author":59,"featured_media":92414,"comment_status":"closed","ping_status":"open","sticky":false,"template":"","format":"standard","meta":{"_acf_changed":false,"inline_featured_image":false,"ngg_post_thumbnail":0,"footnotes":""},"categories":[6994,81,5762],"tags":[13674,9,4419,2270,1836,13675],"ppma_author":[22572],"class_list":["post-92413","post","type-post","status-publish","format-standard","has-post-thumbnail","hentry","category-stiri-2","category-cultura","category-main","tag-bancnote-vechi","tag-bucuresti","tag-calea-victoriei","tag-expozitie","tag-muzeu","tag-muzeul-de-istoriei"],"acf":[],"yoast_head":"<!-- This site is optimized with the Yoast SEO Premium plugin v25.3 (Yoast SEO v27.5) - https:\/\/yoast.com\/product\/yoast-seo-premium-wordpress\/ -->\n<title>Expozi\u021bia lunii august, la Muzeul Na\u021bional de Istorie: \u201eLeul de h\u00e2rtie: biletele Ministerului Finan\u021belor\u201d - Buletin de Bucure\u0219ti<\/title>\n<meta name=\"description\" content=\"Expozi\u021bia lunii august, de la MNIR, este intitulat\u0103 \u201eLeul de h\u00e2rtie: biletele Ministerului Finan\u021belor (1919-1920)\u201d.\" \/>\n<meta name=\"robots\" content=\"index, follow, max-snippet:-1, max-image-preview:large, max-video-preview:-1\" \/>\n<link rel=\"canonical\" href=\"https:\/\/buletin.de\/bucuresti\/expozitia-lunii-august-la-muzeul-national-de-istorie-leul-de-hartie-biletele-ministerului-finantelor\/\" \/>\n<meta property=\"og:locale\" content=\"en_GB\" \/>\n<meta property=\"og:type\" content=\"article\" \/>\n<meta property=\"og:title\" content=\"Expozi\u021bia lunii august, la Muzeul Na\u021bional de Istorie: \u201eLeul de h\u00e2rtie: biletele Ministerului Finan\u021belor\u201d\" \/>\n<meta property=\"og:description\" content=\"Expozi\u021bia lunii august, de la MNIR, este intitulat\u0103 \u201eLeul de h\u00e2rtie: biletele Ministerului Finan\u021belor (1919-1920)\u201d.\" \/>\n<meta property=\"og:url\" content=\"https:\/\/buletin.de\/bucuresti\/expozitia-lunii-august-la-muzeul-national-de-istorie-leul-de-hartie-biletele-ministerului-finantelor\/\" \/>\n<meta property=\"og:site_name\" content=\"Buletin de Bucure\u0219ti\" \/>\n<meta property=\"article:publisher\" content=\"https:\/\/www.facebook.com\/buletin.de.buc\" \/>\n<meta property=\"article:published_time\" content=\"2024-07-27T06:00:00+00:00\" \/>\n<meta property=\"og:image\" content=\"https:\/\/buletin.de\/bucuresti\/wp-content\/uploads\/180600-rv-.jpg\" \/>\n\t<meta property=\"og:image:width\" content=\"1200\" \/>\n\t<meta property=\"og:image:height\" content=\"781\" \/>\n\t<meta property=\"og:image:type\" content=\"image\/jpeg\" \/>\n<meta name=\"author\" content=\"C\u0103t\u0103lin Anghel-Dimache\" \/>\n<meta name=\"twitter:card\" content=\"summary_large_image\" \/>\n<meta name=\"twitter:label1\" content=\"Written by\" \/>\n\t<meta name=\"twitter:data1\" content=\"C\u0103t\u0103lin Anghel-Dimache\" \/>\n\t<meta name=\"twitter:label2\" content=\"Estimated reading time\" \/>\n\t<meta name=\"twitter:data2\" content=\"3 minutes\" \/>\n<script type=\"application\/ld+json\" class=\"yoast-schema-graph\">{\"@context\":\"https:\\\/\\\/schema.org\",\"@graph\":[{\"@type\":\"Article\",\"@id\":\"https:\\\/\\\/buletin.de\\\/bucuresti\\\/expozitia-lunii-august-la-muzeul-national-de-istorie-leul-de-hartie-biletele-ministerului-finantelor\\\/#article\",\"isPartOf\":{\"@id\":\"https:\\\/\\\/buletin.de\\\/bucuresti\\\/expozitia-lunii-august-la-muzeul-national-de-istorie-leul-de-hartie-biletele-ministerului-finantelor\\\/\"},\"author\":{\"name\":\"C\u0103t\u0103lin Anghel-Dimache\",\"@id\":\"https:\\\/\\\/buletin.de\\\/bucuresti\\\/#\\\/schema\\\/person\\\/0ac9db30080482be87c7386a30f98796\"},\"headline\":\"Expozi\u021bia lunii august, la Muzeul Na\u021bional de Istorie: \u201eLeul de h\u00e2rtie: biletele Ministerului Finan\u021belor\u201d\",\"datePublished\":\"2024-07-27T06:00:00+00:00\",\"mainEntityOfPage\":{\"@id\":\"https:\\\/\\\/buletin.de\\\/bucuresti\\\/expozitia-lunii-august-la-muzeul-national-de-istorie-leul-de-hartie-biletele-ministerului-finantelor\\\/\"},\"wordCount\":347,\"publisher\":{\"@id\":\"https:\\\/\\\/buletin.de\\\/bucuresti\\\/#organization\"},\"image\":{\"@id\":\"https:\\\/\\\/buletin.de\\\/bucuresti\\\/expozitia-lunii-august-la-muzeul-national-de-istorie-leul-de-hartie-biletele-ministerului-finantelor\\\/#primaryimage\"},\"thumbnailUrl\":\"https:\\\/\\\/buletin.de\\\/bucuresti\\\/wp-content\\\/uploads\\\/180600-rv-.jpg\",\"keywords\":[\"bancnote vechi\",\"bucuresti\",\"calea victoriei\",\"expozitie\",\"muzeu\",\"muzeul de istoriei\"],\"articleSection\":[\"Articole\",\"Cultur\u0103\",\"Main\"],\"inLanguage\":\"en-GB\",\"copyrightYear\":\"2024\",\"copyrightHolder\":{\"@id\":\"https:\\\/\\\/buletin.de\\\/bucuresti\\\/#organization\"}},{\"@type\":\"WebPage\",\"@id\":\"https:\\\/\\\/buletin.de\\\/bucuresti\\\/expozitia-lunii-august-la-muzeul-national-de-istorie-leul-de-hartie-biletele-ministerului-finantelor\\\/\",\"url\":\"https:\\\/\\\/buletin.de\\\/bucuresti\\\/expozitia-lunii-august-la-muzeul-national-de-istorie-leul-de-hartie-biletele-ministerului-finantelor\\\/\",\"name\":\"Expozi\u021bia lunii august, la Muzeul Na\u021bional de Istorie: \u201eLeul de h\u00e2rtie: biletele Ministerului Finan\u021belor\u201d - Buletin de Bucure\u0219ti\",\"isPartOf\":{\"@id\":\"https:\\\/\\\/buletin.de\\\/bucuresti\\\/#website\"},\"primaryImageOfPage\":{\"@id\":\"https:\\\/\\\/buletin.de\\\/bucuresti\\\/expozitia-lunii-august-la-muzeul-national-de-istorie-leul-de-hartie-biletele-ministerului-finantelor\\\/#primaryimage\"},\"image\":{\"@id\":\"https:\\\/\\\/buletin.de\\\/bucuresti\\\/expozitia-lunii-august-la-muzeul-national-de-istorie-leul-de-hartie-biletele-ministerului-finantelor\\\/#primaryimage\"},\"thumbnailUrl\":\"https:\\\/\\\/buletin.de\\\/bucuresti\\\/wp-content\\\/uploads\\\/180600-rv-.jpg\",\"datePublished\":\"2024-07-27T06:00:00+00:00\",\"description\":\"Expozi\u021bia lunii august, de la MNIR, este intitulat\u0103 \u201eLeul de h\u00e2rtie: biletele Ministerului Finan\u021belor (1919-1920)\u201d.\",\"breadcrumb\":{\"@id\":\"https:\\\/\\\/buletin.de\\\/bucuresti\\\/expozitia-lunii-august-la-muzeul-national-de-istorie-leul-de-hartie-biletele-ministerului-finantelor\\\/#breadcrumb\"},\"inLanguage\":\"en-GB\",\"potentialAction\":[{\"@type\":\"ReadAction\",\"target\":[\"https:\\\/\\\/buletin.de\\\/bucuresti\\\/expozitia-lunii-august-la-muzeul-national-de-istorie-leul-de-hartie-biletele-ministerului-finantelor\\\/\"]}]},{\"@type\":\"ImageObject\",\"inLanguage\":\"en-GB\",\"@id\":\"https:\\\/\\\/buletin.de\\\/bucuresti\\\/expozitia-lunii-august-la-muzeul-national-de-istorie-leul-de-hartie-biletele-ministerului-finantelor\\\/#primaryimage\",\"url\":\"https:\\\/\\\/buletin.de\\\/bucuresti\\\/wp-content\\\/uploads\\\/180600-rv-.jpg\",\"contentUrl\":\"https:\\\/\\\/buletin.de\\\/bucuresti\\\/wp-content\\\/uploads\\\/180600-rv-.jpg\",\"width\":1200,\"height\":781,\"caption\":\"Expozi\u021bia lunii august. FOTO: MNIR\"},{\"@type\":\"BreadcrumbList\",\"@id\":\"https:\\\/\\\/buletin.de\\\/bucuresti\\\/expozitia-lunii-august-la-muzeul-national-de-istorie-leul-de-hartie-biletele-ministerului-finantelor\\\/#breadcrumb\",\"itemListElement\":[{\"@type\":\"ListItem\",\"position\":1,\"name\":\"Acas\u0103\",\"item\":\"https:\\\/\\\/buletin.de\\\/bucuresti\\\/\"},{\"@type\":\"ListItem\",\"position\":2,\"name\":\"Expozi\u021bia lunii august, la Muzeul Na\u021bional de Istorie: \u201eLeul de h\u00e2rtie: biletele Ministerului Finan\u021belor\u201d\"}]},{\"@type\":\"WebSite\",\"@id\":\"https:\\\/\\\/buletin.de\\\/bucuresti\\\/#website\",\"url\":\"https:\\\/\\\/buletin.de\\\/bucuresti\\\/\",\"name\":\"Buletin de Bucure\u0219ti\",\"description\":\"\u0218tiri \u0219i investiga\u021bii esen\u021biale din capital\u0103\",\"publisher\":{\"@id\":\"https:\\\/\\\/buletin.de\\\/bucuresti\\\/#organization\"},\"potentialAction\":[{\"@type\":\"SearchAction\",\"target\":{\"@type\":\"EntryPoint\",\"urlTemplate\":\"https:\\\/\\\/buletin.de\\\/bucuresti\\\/?s={search_term_string}\"},\"query-input\":{\"@type\":\"PropertyValueSpecification\",\"valueRequired\":true,\"valueName\":\"search_term_string\"}}],\"inLanguage\":\"en-GB\"},{\"@type\":\"Organization\",\"@id\":\"https:\\\/\\\/buletin.de\\\/bucuresti\\\/#organization\",\"name\":\"Buletin de Bucure\u0219ti\",\"url\":\"https:\\\/\\\/buletin.de\\\/bucuresti\\\/\",\"logo\":{\"@type\":\"ImageObject\",\"inLanguage\":\"en-GB\",\"@id\":\"https:\\\/\\\/buletin.de\\\/bucuresti\\\/#\\\/schema\\\/logo\\\/image\\\/\",\"url\":\"https:\\\/\\\/buletin.de\\\/bucuresti\\\/wp-content\\\/uploads\\\/logo-bdb-full-wide-vernil-transparent.png\",\"contentUrl\":\"https:\\\/\\\/buletin.de\\\/bucuresti\\\/wp-content\\\/uploads\\\/logo-bdb-full-wide-vernil-transparent.png\",\"width\":1782,\"height\":626,\"caption\":\"Buletin de Bucure\u0219ti\"},\"image\":{\"@id\":\"https:\\\/\\\/buletin.de\\\/bucuresti\\\/#\\\/schema\\\/logo\\\/image\\\/\"},\"sameAs\":[\"https:\\\/\\\/www.facebook.com\\\/buletin.de.buc\",\"https:\\\/\\\/www.instagram.com\\\/buletinde.bucuresti\\\/\"]},{\"@type\":\"Person\",\"@id\":\"https:\\\/\\\/buletin.de\\\/bucuresti\\\/#\\\/schema\\\/person\\\/0ac9db30080482be87c7386a30f98796\",\"name\":\"C\u0103t\u0103lin Anghel-Dimache\",\"image\":{\"@type\":\"ImageObject\",\"inLanguage\":\"en-GB\",\"@id\":\"https:\\\/\\\/buletin.de\\\/bucuresti\\\/wp-content\\\/uploads\\\/Catalin-Anghel-Dimache-96x96.jpgbd9e43c5b25186d5b8e917ac61ad86c4\",\"url\":\"https:\\\/\\\/buletin.de\\\/bucuresti\\\/wp-content\\\/uploads\\\/Catalin-Anghel-Dimache-96x96.jpg\",\"contentUrl\":\"https:\\\/\\\/buletin.de\\\/bucuresti\\\/wp-content\\\/uploads\\\/Catalin-Anghel-Dimache-96x96.jpg\",\"caption\":\"C\u0103t\u0103lin Anghel-Dimache\"},\"description\":\"A absolvit Facultatea de Jurnalism \u0219i \u0218tiin\u021bele Comunic\u0103rii a Universit\u0103\u021bii din Bucure\u0219ti \u00een 2024. Scrie despre mediu \u0219i teme sociale, dar \u0219i despre cum se reflect\u0103 ele \u00een via\u021ba cotidian\u0103 a bucure\u0219tenilor, cu un ochi atent la pove\u0219tile personale din spatele titlurilor. N\u0103scut \u0219i crescut \u00een Bucure\u0219ti, a f\u0103cut un pas c\u0103tre presa local\u0103, din pasiune pentru ora\u0219ul s\u0103u \u0219i oamenii din el.\",\"url\":\"https:\\\/\\\/buletin.de\\\/bucuresti\\\/author\\\/catalin-anghel-dimache\\\/\"}]}<\/script>\n<!-- \/ Yoast SEO Premium plugin. -->","yoast_head_json":{"title":"Expozi\u021bia lunii august, la Muzeul Na\u021bional de Istorie: \u201eLeul de h\u00e2rtie: biletele Ministerului Finan\u021belor\u201d - Buletin de Bucure\u0219ti","description":"Expozi\u021bia lunii august, de la MNIR, este intitulat\u0103 \u201eLeul de h\u00e2rtie: biletele Ministerului Finan\u021belor (1919-1920)\u201d.","robots":{"index":"index","follow":"follow","max-snippet":"max-snippet:-1","max-image-preview":"max-image-preview:large","max-video-preview":"max-video-preview:-1"},"canonical":"https:\/\/buletin.de\/bucuresti\/expozitia-lunii-august-la-muzeul-national-de-istorie-leul-de-hartie-biletele-ministerului-finantelor\/","og_locale":"en_GB","og_type":"article","og_title":"Expozi\u021bia lunii august, la Muzeul Na\u021bional de Istorie: \u201eLeul de h\u00e2rtie: biletele Ministerului Finan\u021belor\u201d","og_description":"Expozi\u021bia lunii august, de la MNIR, este intitulat\u0103 \u201eLeul de h\u00e2rtie: biletele Ministerului Finan\u021belor (1919-1920)\u201d.","og_url":"https:\/\/buletin.de\/bucuresti\/expozitia-lunii-august-la-muzeul-national-de-istorie-leul-de-hartie-biletele-ministerului-finantelor\/","og_site_name":"Buletin de Bucure\u0219ti","article_publisher":"https:\/\/www.facebook.com\/buletin.de.buc","article_published_time":"2024-07-27T06:00:00+00:00","og_image":[{"width":1200,"height":781,"url":"https:\/\/buletin.de\/bucuresti\/wp-content\/uploads\/180600-rv-.jpg","type":"image\/jpeg"}],"author":"C\u0103t\u0103lin Anghel-Dimache","twitter_card":"summary_large_image","twitter_misc":{"Written by":"C\u0103t\u0103lin Anghel-Dimache","Estimated reading time":"3 minutes"},"schema":{"@context":"https:\/\/schema.org","@graph":[{"@type":"Article","@id":"https:\/\/buletin.de\/bucuresti\/expozitia-lunii-august-la-muzeul-national-de-istorie-leul-de-hartie-biletele-ministerului-finantelor\/#article","isPartOf":{"@id":"https:\/\/buletin.de\/bucuresti\/expozitia-lunii-august-la-muzeul-national-de-istorie-leul-de-hartie-biletele-ministerului-finantelor\/"},"author":{"name":"C\u0103t\u0103lin Anghel-Dimache","@id":"https:\/\/buletin.de\/bucuresti\/#\/schema\/person\/0ac9db30080482be87c7386a30f98796"},"headline":"Expozi\u021bia lunii august, la Muzeul Na\u021bional de Istorie: \u201eLeul de h\u00e2rtie: biletele Ministerului Finan\u021belor\u201d","datePublished":"2024-07-27T06:00:00+00:00","mainEntityOfPage":{"@id":"https:\/\/buletin.de\/bucuresti\/expozitia-lunii-august-la-muzeul-national-de-istorie-leul-de-hartie-biletele-ministerului-finantelor\/"},"wordCount":347,"publisher":{"@id":"https:\/\/buletin.de\/bucuresti\/#organization"},"image":{"@id":"https:\/\/buletin.de\/bucuresti\/expozitia-lunii-august-la-muzeul-national-de-istorie-leul-de-hartie-biletele-ministerului-finantelor\/#primaryimage"},"thumbnailUrl":"https:\/\/buletin.de\/bucuresti\/wp-content\/uploads\/180600-rv-.jpg","keywords":["bancnote vechi","bucuresti","calea victoriei","expozitie","muzeu","muzeul de istoriei"],"articleSection":["Articole","Cultur\u0103","Main"],"inLanguage":"en-GB","copyrightYear":"2024","copyrightHolder":{"@id":"https:\/\/buletin.de\/bucuresti\/#organization"}},{"@type":"WebPage","@id":"https:\/\/buletin.de\/bucuresti\/expozitia-lunii-august-la-muzeul-national-de-istorie-leul-de-hartie-biletele-ministerului-finantelor\/","url":"https:\/\/buletin.de\/bucuresti\/expozitia-lunii-august-la-muzeul-national-de-istorie-leul-de-hartie-biletele-ministerului-finantelor\/","name":"Expozi\u021bia lunii august, la Muzeul Na\u021bional de Istorie: \u201eLeul de h\u00e2rtie: biletele Ministerului Finan\u021belor\u201d - Buletin de Bucure\u0219ti","isPartOf":{"@id":"https:\/\/buletin.de\/bucuresti\/#website"},"primaryImageOfPage":{"@id":"https:\/\/buletin.de\/bucuresti\/expozitia-lunii-august-la-muzeul-national-de-istorie-leul-de-hartie-biletele-ministerului-finantelor\/#primaryimage"},"image":{"@id":"https:\/\/buletin.de\/bucuresti\/expozitia-lunii-august-la-muzeul-national-de-istorie-leul-de-hartie-biletele-ministerului-finantelor\/#primaryimage"},"thumbnailUrl":"https:\/\/buletin.de\/bucuresti\/wp-content\/uploads\/180600-rv-.jpg","datePublished":"2024-07-27T06:00:00+00:00","description":"Expozi\u021bia lunii august, de la MNIR, este intitulat\u0103 \u201eLeul de h\u00e2rtie: biletele Ministerului Finan\u021belor (1919-1920)\u201d.","breadcrumb":{"@id":"https:\/\/buletin.de\/bucuresti\/expozitia-lunii-august-la-muzeul-national-de-istorie-leul-de-hartie-biletele-ministerului-finantelor\/#breadcrumb"},"inLanguage":"en-GB","potentialAction":[{"@type":"ReadAction","target":["https:\/\/buletin.de\/bucuresti\/expozitia-lunii-august-la-muzeul-national-de-istorie-leul-de-hartie-biletele-ministerului-finantelor\/"]}]},{"@type":"ImageObject","inLanguage":"en-GB","@id":"https:\/\/buletin.de\/bucuresti\/expozitia-lunii-august-la-muzeul-national-de-istorie-leul-de-hartie-biletele-ministerului-finantelor\/#primaryimage","url":"https:\/\/buletin.de\/bucuresti\/wp-content\/uploads\/180600-rv-.jpg","contentUrl":"https:\/\/buletin.de\/bucuresti\/wp-content\/uploads\/180600-rv-.jpg","width":1200,"height":781,"caption":"Expozi\u021bia lunii august. FOTO: MNIR"},{"@type":"BreadcrumbList","@id":"https:\/\/buletin.de\/bucuresti\/expozitia-lunii-august-la-muzeul-national-de-istorie-leul-de-hartie-biletele-ministerului-finantelor\/#breadcrumb","itemListElement":[{"@type":"ListItem","position":1,"name":"Acas\u0103","item":"https:\/\/buletin.de\/bucuresti\/"},{"@type":"ListItem","position":2,"name":"Expozi\u021bia lunii august, la Muzeul Na\u021bional de Istorie: \u201eLeul de h\u00e2rtie: biletele Ministerului Finan\u021belor\u201d"}]},{"@type":"WebSite","@id":"https:\/\/buletin.de\/bucuresti\/#website","url":"https:\/\/buletin.de\/bucuresti\/","name":"Buletin de Bucure\u0219ti","description":"\u0218tiri \u0219i investiga\u021bii esen\u021biale din capital\u0103","publisher":{"@id":"https:\/\/buletin.de\/bucuresti\/#organization"},"potentialAction":[{"@type":"SearchAction","target":{"@type":"EntryPoint","urlTemplate":"https:\/\/buletin.de\/bucuresti\/?s={search_term_string}"},"query-input":{"@type":"PropertyValueSpecification","valueRequired":true,"valueName":"search_term_string"}}],"inLanguage":"en-GB"},{"@type":"Organization","@id":"https:\/\/buletin.de\/bucuresti\/#organization","name":"Buletin de Bucure\u0219ti","url":"https:\/\/buletin.de\/bucuresti\/","logo":{"@type":"ImageObject","inLanguage":"en-GB","@id":"https:\/\/buletin.de\/bucuresti\/#\/schema\/logo\/image\/","url":"https:\/\/buletin.de\/bucuresti\/wp-content\/uploads\/logo-bdb-full-wide-vernil-transparent.png","contentUrl":"https:\/\/buletin.de\/bucuresti\/wp-content\/uploads\/logo-bdb-full-wide-vernil-transparent.png","width":1782,"height":626,"caption":"Buletin de Bucure\u0219ti"},"image":{"@id":"https:\/\/buletin.de\/bucuresti\/#\/schema\/logo\/image\/"},"sameAs":["https:\/\/www.facebook.com\/buletin.de.buc","https:\/\/www.instagram.com\/buletinde.bucuresti\/"]},{"@type":"Person","@id":"https:\/\/buletin.de\/bucuresti\/#\/schema\/person\/0ac9db30080482be87c7386a30f98796","name":"C\u0103t\u0103lin Anghel-Dimache","image":{"@type":"ImageObject","inLanguage":"en-GB","@id":"https:\/\/buletin.de\/bucuresti\/wp-content\/uploads\/Catalin-Anghel-Dimache-96x96.jpgbd9e43c5b25186d5b8e917ac61ad86c4","url":"https:\/\/buletin.de\/bucuresti\/wp-content\/uploads\/Catalin-Anghel-Dimache-96x96.jpg","contentUrl":"https:\/\/buletin.de\/bucuresti\/wp-content\/uploads\/Catalin-Anghel-Dimache-96x96.jpg","caption":"C\u0103t\u0103lin Anghel-Dimache"},"description":"A absolvit Facultatea de Jurnalism \u0219i \u0218tiin\u021bele Comunic\u0103rii a Universit\u0103\u021bii din Bucure\u0219ti \u00een 2024. Scrie despre mediu \u0219i teme sociale, dar \u0219i despre cum se reflect\u0103 ele \u00een via\u021ba cotidian\u0103 a bucure\u0219tenilor, cu un ochi atent la pove\u0219tile personale din spatele titlurilor. N\u0103scut \u0219i crescut \u00een Bucure\u0219ti, a f\u0103cut un pas c\u0103tre presa local\u0103, din pasiune pentru ora\u0219ul s\u0103u \u0219i oamenii din el.","url":"https:\/\/buletin.de\/bucuresti\/author\/catalin-anghel-dimache\/"}]}},"authors":[{"term_id":22572,"user_id":59,"is_guest":0,"slug":"catalin-anghel-dimache","display_name":"C\u0103t\u0103lin Anghel-Dimache","avatar_url":"https:\/\/buletin.de\/bucuresti\/wp-content\/uploads\/Catalin-Anghel-Dimache-96x96.jpg","0":null,"1":"","2":"","3":"","4":"","5":"","6":"","7":"","8":""}],"_links":{"self":[{"href":"https:\/\/buletin.de\/bucuresti\/wp-json\/wp\/v2\/posts\/92413","targetHints":{"allow":["GET"]}}],"collection":[{"href":"https:\/\/buletin.de\/bucuresti\/wp-json\/wp\/v2\/posts"}],"about":[{"href":"https:\/\/buletin.de\/bucuresti\/wp-json\/wp\/v2\/types\/post"}],"author":[{"embeddable":true,"href":"https:\/\/buletin.de\/bucuresti\/wp-json\/wp\/v2\/users\/59"}],"replies":[{"embeddable":true,"href":"https:\/\/buletin.de\/bucuresti\/wp-json\/wp\/v2\/comments?post=92413"}],"version-history":[{"count":2,"href":"https:\/\/buletin.de\/bucuresti\/wp-json\/wp\/v2\/posts\/92413\/revisions"}],"predecessor-version":[{"id":92498,"href":"https:\/\/buletin.de\/bucuresti\/wp-json\/wp\/v2\/posts\/92413\/revisions\/92498"}],"wp:featuredmedia":[{"embeddable":true,"href":"https:\/\/buletin.de\/bucuresti\/wp-json\/wp\/v2\/media\/92414"}],"wp:attachment":[{"href":"https:\/\/buletin.de\/bucuresti\/wp-json\/wp\/v2\/media?parent=92413"}],"wp:term":[{"taxonomy":"category","embeddable":true,"href":"https:\/\/buletin.de\/bucuresti\/wp-json\/wp\/v2\/categories?post=92413"},{"taxonomy":"post_tag","embeddable":true,"href":"https:\/\/buletin.de\/bucuresti\/wp-json\/wp\/v2\/tags?post=92413"},{"taxonomy":"author","embeddable":true,"href":"https:\/\/buletin.de\/bucuresti\/wp-json\/wp\/v2\/ppma_author?post=92413"}],"curies":[{"name":"wp","href":"https:\/\/api.w.org\/{rel}","templated":true}]}}