{"id":92408,"date":"2024-07-26T16:38:51","date_gmt":"2024-07-26T13:38:51","guid":{"rendered":"https:\/\/buletin.de\/bucuresti\/?p=92408"},"modified":"2024-07-26T16:38:51","modified_gmt":"2024-07-26T13:38:51","slug":"restrictii-de-trafic-in-ziua-imnului-national","status":"publish","type":"post","link":"https:\/\/buletin.de\/bucuresti\/restrictii-de-trafic-in-ziua-imnului-national\/","title":{"rendered":"Restric\u021bii de trafic, \u00een \u201eZiua Imnului Na\u0163ional\u201d"},"content":{"rendered":"\n<p><strong>Restric\u021bii de trafic, \u00een \u201eZiua Imnului Na\u0163ional\u201d. Poli\u021bia Rutier\u0103 anun\u021b\u0103 restric\u021bii de trafic pe data de 29 iulie. M\u0103sura este luat\u0103 pentru ceremoniile care vor avea loc de \u201eZiua Imnului Na\u0163ional\u201d.<\/strong><\/p>\n\n\n\n<p><a href=\"https:\/\/www.politiaromana.ro\/ro\/politia-romana\/unitati-centrale\/directia-rutiera\">Poli\u021bia Rutier\u0103<\/a> instituie restric\u021bii de trafic, \u00een \u201eZiua Imnului Na\u0163ional\u201d  \u00eencep\u00e2nd cu <strong>ora 09:00<\/strong>, \u00een <strong>Pia\u0163a Tricolorului <\/strong>din fa\u0163a <strong>Palatului Cercului Militar Na\u0163ional<\/strong>. \u00cen zon\u0103, se va desf\u0103\u0219ura ceremonia militar\u0103 prilejuit\u0103 de <strong>\u201eZiua Imnului Na\u0163ional\u201d.<\/strong><\/p>\n\n\n\n<p>Pentru buna desf\u0103\u0219urare a evenimentului, traficul rutier va fi restric\u0163ionat dup\u0103 cum urmeaz\u0103:<\/p>\n\n\n\n<ul class=\"wp-block-list\">\n<li>\u00eentre <strong>orele 06:00 \u2013 11:00, <\/strong>pe <strong>str. Constantin Mille;<\/strong><\/li>\n\n\n\n<li>\u00eentre <strong>orele 08:00 \u2013 11:00, <\/strong>pe <strong>Calea Victoriei, <\/strong>precum \u0219i str\u0103zile care converg c\u0103tre aceasta, \u00eentre Str. Ion C\u00e2mpineanu \u0219i Bd. Regina Elisabeta;<\/li>\n\n\n\n<li>\u00eentre <strong>orele 09:15 \u2013 11:00, <\/strong>pe <strong>Bd. Regina Elisabeta, banda I de circula\u021bie <\/strong>(\u00eentre intersec\u021bia cu Calea Victoriei \u015fi intersec\u021bia cu Str. Ion Brezoianu, pe sensul de mers c\u0103tre Str. Ion Brezoianu);<\/li>\n\n\n\n<li>\u00eentre <strong>orele 10:00 \u2013 11:00, <\/strong>pe <strong>Bd. Regina Elisabeta<\/strong>, pe timpul inton\u0103rii <strong>Imnului Na\u021bional al Rom\u00e2niei <\/strong>\u0219i defil\u0103rii deta\u0219amentului de onoare, timp de 10 minute.<\/li>\n<\/ul>\n\n\n\n<p>Totodat\u0103, <strong>din ziua de 28 iulie, ora 18:00 \u0219i p\u00e2n\u0103 la \u00eencheierea evenimentului<\/strong>, organizatorul va rezerva parc\u0103rile de pe Bd. Regina Elisabeta, Str. Constantin Mille \u0219i Str. Edgar Quinet, situate \u00een apropierea Cercului Militar Na\u021bional.<\/p>\n\n\n\n<p><strong>CITE\u0218TE \u0218I:<\/strong>  <a href=\"https:\/\/buletin.de\/bucuresti\/restrictii-nocturne-pe-autostrada-soarelui-pentru-finalizarea-lucrarilor-la-fluturele-gigant-dintre-a0-si-a2\/\">Restric\u021bii pe Autostrada Soarelui, pentru finalizarea lucr\u0103rilor la \u201efluturele-gigant\u201d dintre A0 \u0219i A2<\/a><\/p>\n\n\n\n<h2 class=\"wp-block-heading\"><strong>Rute ocolitoare<\/strong><\/h2>\n\n\n\n<p>Brigada Rutier\u0103 recomand\u0103 \u0219oferilor rute ocolitoare.<\/p>\n\n\n\n<ul class=\"wp-block-list\">\n<li>Pia\u021ba Victoriei &#8211; Bd. Lasc\u0103r Catargiu \u2013 Bd. Gheorghe Magheru \u2013 Bd. Nicolae B\u0103lcescu \u2013 Pia\u0163a Universit\u0103\u0163ii \u2013 Pia\u0163a Unirii;<\/li>\n\n\n\n<li>Str. \u015etirbei Vod\u0103 \u2013 Str. Berzei \u2013 Str. Buze\u0219ti \u2013 Pia\u021ba Victoriei;<\/li>\n\n\n\n<li>Str. \u015etirbei Vod\u0103 \u2013 Calea Victoriei \u2013 Str. Dem I. Dobrescu \u2013 Bd. Nicolae B\u0103lcescu \u2013 Pia\u0163a Universit\u0103\u0163ii.<\/li>\n<\/ul>\n\n\n\n<p>Brigada Rutier\u0103 solicit\u0103 \u0219oferilor s\u0103 evite deplasarea \u00een zon\u0103, s\u0103 circule cu pruden\u021b\u0103, s\u0103 utilizeze rutele ocolitoare \u015fi s\u0103 respecte semnalele \u0219i indica\u021biile poli\u0163i\u015ftilor rutieri.<\/p>\n\n\n\n<p>Pietonii trebuie s\u0103 circule doar pe trotuare \u0219i s\u0103 traverseze doar prin locurile special amenajate \u0219i la culoarea verde a semaforului electric, dup\u0103 ce s-au asigurat.<\/p>\n\n\n\n<p><strong>CITE\u0218TE \u0218I:<\/strong> <a href=\"https:\/\/buletin.de\/bucuresti\/profesor-de-la-colegiul-sfantul-sava-retinut-pentru-viol\/\">Profesor de la Colegiul \u201eSf\u00e2ntul Sava\u201d, re\u0163inut pentru viol. UPDATE: Reac\u021bia Ministerului Educa\u021biei<\/a><\/p>\n","protected":false},"excerpt":{"rendered":"<p>Restric\u021bii de trafic, \u00een \u201eZiua Imnului Na\u0163ional\u201d. Poli\u021bia Rutier\u0103 anun\u021b\u0103 restric\u021bii de trafic pe data de 29 iulie. M\u0103sura este luat\u0103 pentru ceremoniile care vor avea loc de \u201eZiua Imnului Na\u0163ional\u201d. Poli\u021bia Rutier\u0103 instituie restric\u021bii de trafic, \u00een \u201eZiua Imnului Na\u0163ional\u201d \u00eencep\u00e2nd cu ora 09:00, \u00een Pia\u0163a Tricolorului din fa\u0163a Palatului Cercului Militar Na\u0163ional. \u00cen [&hellip;]<\/p>\n","protected":false},"author":49,"featured_media":92429,"comment_status":"closed","ping_status":"open","sticky":false,"template":"","format":"standard","meta":{"_acf_changed":false,"inline_featured_image":false,"ngg_post_thumbnail":0,"footnotes":""},"categories":[6994,62,650],"tags":[5722,11424,6521],"ppma_author":[22574],"class_list":["post-92408","post","type-post","status-publish","format-standard","has-post-thumbnail","hentry","category-stiri-2","category-stiri","category-transport","tag-brigada-rutiera-2","tag-restrictii-de-trafic","tag-ziua-imnului-national"],"acf":[],"yoast_head":"<!-- This site is optimized with the Yoast SEO Premium plugin v25.3 (Yoast SEO v27.4) - https:\/\/yoast.com\/product\/yoast-seo-premium-wordpress\/ -->\n<title>Restric\u021bii de trafic, \u00een \u201eZiua Imnului Na\u0163ional\u201d - Buletin de Bucure\u0219ti<\/title>\n<meta name=\"description\" content=\"Restric\u021bii de trafic \u00een \u201eZiua Imnului Na\u0163ional\u201d. M\u0103sura este luat\u0103 pentru ceremoniile care vor avea loc de \u201eZiua Imnului Na\u0163ional\u201d.\" \/>\n<meta name=\"robots\" content=\"index, follow, max-snippet:-1, max-image-preview:large, max-video-preview:-1\" \/>\n<link rel=\"canonical\" href=\"https:\/\/buletin.de\/bucuresti\/restrictii-de-trafic-in-ziua-imnului-national\/\" \/>\n<meta property=\"og:locale\" content=\"en_GB\" \/>\n<meta property=\"og:type\" content=\"article\" \/>\n<meta property=\"og:title\" content=\"Restric\u021bii de trafic, \u00een \u201eZiua Imnului Na\u0163ional\u201d\" \/>\n<meta property=\"og:description\" content=\"Restric\u021bii de trafic \u00een \u201eZiua Imnului Na\u0163ional\u201d. M\u0103sura este luat\u0103 pentru ceremoniile care vor avea loc de \u201eZiua Imnului Na\u0163ional\u201d.\" \/>\n<meta property=\"og:url\" content=\"https:\/\/buletin.de\/bucuresti\/restrictii-de-trafic-in-ziua-imnului-national\/\" \/>\n<meta property=\"og:site_name\" content=\"Buletin de Bucure\u0219ti\" \/>\n<meta property=\"article:publisher\" content=\"https:\/\/www.facebook.com\/buletin.de.buc\" \/>\n<meta property=\"article:published_time\" content=\"2024-07-26T13:38:51+00:00\" \/>\n<meta property=\"og:image\" content=\"https:\/\/buletin.de\/bucuresti\/wp-content\/uploads\/ziua-imnului.jpeg\" \/>\n\t<meta property=\"og:image:width\" content=\"1333\" \/>\n\t<meta property=\"og:image:height\" content=\"2000\" \/>\n\t<meta property=\"og:image:type\" content=\"image\/jpeg\" \/>\n<meta name=\"author\" content=\"Diana Matei\" \/>\n<meta name=\"twitter:card\" content=\"summary_large_image\" \/>\n<meta name=\"twitter:label1\" content=\"Written by\" \/>\n\t<meta name=\"twitter:data1\" content=\"Diana Matei\" \/>\n\t<meta name=\"twitter:label2\" content=\"Estimated reading time\" \/>\n\t<meta name=\"twitter:data2\" content=\"2 minutes\" \/>\n<script type=\"application\/ld+json\" class=\"yoast-schema-graph\">{\"@context\":\"https:\\\/\\\/schema.org\",\"@graph\":[{\"@type\":\"Article\",\"@id\":\"https:\\\/\\\/buletin.de\\\/bucuresti\\\/restrictii-de-trafic-in-ziua-imnului-national\\\/#article\",\"isPartOf\":{\"@id\":\"https:\\\/\\\/buletin.de\\\/bucuresti\\\/restrictii-de-trafic-in-ziua-imnului-national\\\/\"},\"author\":{\"name\":\"Diana Matei\",\"@id\":\"https:\\\/\\\/buletin.de\\\/bucuresti\\\/#\\\/schema\\\/person\\\/7e46040573290777280a0835d81ea4ea\"},\"headline\":\"Restric\u021bii de trafic, \u00een \u201eZiua Imnului Na\u0163ional\u201d\",\"datePublished\":\"2024-07-26T13:38:51+00:00\",\"mainEntityOfPage\":{\"@id\":\"https:\\\/\\\/buletin.de\\\/bucuresti\\\/restrictii-de-trafic-in-ziua-imnului-national\\\/\"},\"wordCount\":377,\"publisher\":{\"@id\":\"https:\\\/\\\/buletin.de\\\/bucuresti\\\/#organization\"},\"image\":{\"@id\":\"https:\\\/\\\/buletin.de\\\/bucuresti\\\/restrictii-de-trafic-in-ziua-imnului-national\\\/#primaryimage\"},\"thumbnailUrl\":\"https:\\\/\\\/buletin.de\\\/bucuresti\\\/wp-content\\\/uploads\\\/ziua-imnului.jpeg\",\"keywords\":[\"brigada rutiera\",\"restrictii de trafic\",\"ziua imnului national\"],\"articleSection\":[\"Articole\",\"\u0218tiri\",\"Transport\"],\"inLanguage\":\"en-GB\",\"copyrightYear\":\"2024\",\"copyrightHolder\":{\"@id\":\"https:\\\/\\\/buletin.de\\\/bucuresti\\\/#organization\"}},{\"@type\":\"WebPage\",\"@id\":\"https:\\\/\\\/buletin.de\\\/bucuresti\\\/restrictii-de-trafic-in-ziua-imnului-national\\\/\",\"url\":\"https:\\\/\\\/buletin.de\\\/bucuresti\\\/restrictii-de-trafic-in-ziua-imnului-national\\\/\",\"name\":\"Restric\u021bii de trafic, \u00een \u201eZiua Imnului Na\u0163ional\u201d - Buletin de Bucure\u0219ti\",\"isPartOf\":{\"@id\":\"https:\\\/\\\/buletin.de\\\/bucuresti\\\/#website\"},\"primaryImageOfPage\":{\"@id\":\"https:\\\/\\\/buletin.de\\\/bucuresti\\\/restrictii-de-trafic-in-ziua-imnului-national\\\/#primaryimage\"},\"image\":{\"@id\":\"https:\\\/\\\/buletin.de\\\/bucuresti\\\/restrictii-de-trafic-in-ziua-imnului-national\\\/#primaryimage\"},\"thumbnailUrl\":\"https:\\\/\\\/buletin.de\\\/bucuresti\\\/wp-content\\\/uploads\\\/ziua-imnului.jpeg\",\"datePublished\":\"2024-07-26T13:38:51+00:00\",\"description\":\"Restric\u021bii de trafic \u00een \u201eZiua Imnului Na\u0163ional\u201d. M\u0103sura este luat\u0103 pentru ceremoniile care vor avea loc de \u201eZiua Imnului Na\u0163ional\u201d.\",\"breadcrumb\":{\"@id\":\"https:\\\/\\\/buletin.de\\\/bucuresti\\\/restrictii-de-trafic-in-ziua-imnului-national\\\/#breadcrumb\"},\"inLanguage\":\"en-GB\",\"potentialAction\":[{\"@type\":\"ReadAction\",\"target\":[\"https:\\\/\\\/buletin.de\\\/bucuresti\\\/restrictii-de-trafic-in-ziua-imnului-national\\\/\"]}]},{\"@type\":\"ImageObject\",\"inLanguage\":\"en-GB\",\"@id\":\"https:\\\/\\\/buletin.de\\\/bucuresti\\\/restrictii-de-trafic-in-ziua-imnului-national\\\/#primaryimage\",\"url\":\"https:\\\/\\\/buletin.de\\\/bucuresti\\\/wp-content\\\/uploads\\\/ziua-imnului.jpeg\",\"contentUrl\":\"https:\\\/\\\/buletin.de\\\/bucuresti\\\/wp-content\\\/uploads\\\/ziua-imnului.jpeg\",\"width\":1333,\"height\":2000,\"caption\":\"Restric\u021bii de circula\u021bie de \u201eZiua Imnului Na\u021bional\u201d. FOTO: Arhiva\"},{\"@type\":\"BreadcrumbList\",\"@id\":\"https:\\\/\\\/buletin.de\\\/bucuresti\\\/restrictii-de-trafic-in-ziua-imnului-national\\\/#breadcrumb\",\"itemListElement\":[{\"@type\":\"ListItem\",\"position\":1,\"name\":\"Acas\u0103\",\"item\":\"https:\\\/\\\/buletin.de\\\/bucuresti\\\/\"},{\"@type\":\"ListItem\",\"position\":2,\"name\":\"Restric\u021bii de trafic, \u00een \u201eZiua Imnului Na\u0163ional\u201d\"}]},{\"@type\":\"WebSite\",\"@id\":\"https:\\\/\\\/buletin.de\\\/bucuresti\\\/#website\",\"url\":\"https:\\\/\\\/buletin.de\\\/bucuresti\\\/\",\"name\":\"Buletin de Bucure\u0219ti\",\"description\":\"\u0218tiri \u0219i investiga\u021bii esen\u021biale din capital\u0103\",\"publisher\":{\"@id\":\"https:\\\/\\\/buletin.de\\\/bucuresti\\\/#organization\"},\"potentialAction\":[{\"@type\":\"SearchAction\",\"target\":{\"@type\":\"EntryPoint\",\"urlTemplate\":\"https:\\\/\\\/buletin.de\\\/bucuresti\\\/?s={search_term_string}\"},\"query-input\":{\"@type\":\"PropertyValueSpecification\",\"valueRequired\":true,\"valueName\":\"search_term_string\"}}],\"inLanguage\":\"en-GB\"},{\"@type\":\"Organization\",\"@id\":\"https:\\\/\\\/buletin.de\\\/bucuresti\\\/#organization\",\"name\":\"Buletin de Bucure\u0219ti\",\"url\":\"https:\\\/\\\/buletin.de\\\/bucuresti\\\/\",\"logo\":{\"@type\":\"ImageObject\",\"inLanguage\":\"en-GB\",\"@id\":\"https:\\\/\\\/buletin.de\\\/bucuresti\\\/#\\\/schema\\\/logo\\\/image\\\/\",\"url\":\"https:\\\/\\\/buletin.de\\\/bucuresti\\\/wp-content\\\/uploads\\\/logo-bdb-full-wide-vernil-transparent.png\",\"contentUrl\":\"https:\\\/\\\/buletin.de\\\/bucuresti\\\/wp-content\\\/uploads\\\/logo-bdb-full-wide-vernil-transparent.png\",\"width\":1782,\"height\":626,\"caption\":\"Buletin de Bucure\u0219ti\"},\"image\":{\"@id\":\"https:\\\/\\\/buletin.de\\\/bucuresti\\\/#\\\/schema\\\/logo\\\/image\\\/\"},\"sameAs\":[\"https:\\\/\\\/www.facebook.com\\\/buletin.de.buc\",\"https:\\\/\\\/www.instagram.com\\\/buletinde.bucuresti\\\/\"]},{\"@type\":\"Person\",\"@id\":\"https:\\\/\\\/buletin.de\\\/bucuresti\\\/#\\\/schema\\\/person\\\/7e46040573290777280a0835d81ea4ea\",\"name\":\"Diana Matei\",\"image\":{\"@type\":\"ImageObject\",\"inLanguage\":\"en-GB\",\"@id\":\"https:\\\/\\\/buletin.de\\\/bucuresti\\\/wp-content\\\/uploads\\\/9-2-96x96.jpg1e8590b30871d70e62ebcdaf2eff570c\",\"url\":\"https:\\\/\\\/buletin.de\\\/bucuresti\\\/wp-content\\\/uploads\\\/9-2-96x96.jpg\",\"contentUrl\":\"https:\\\/\\\/buletin.de\\\/bucuresti\\\/wp-content\\\/uploads\\\/9-2-96x96.jpg\",\"caption\":\"Diana Matei\"},\"url\":\"https:\\\/\\\/buletin.de\\\/bucuresti\\\/author\\\/dianamatei\\\/\"}]}<\/script>\n<!-- \/ Yoast SEO Premium plugin. -->","yoast_head_json":{"title":"Restric\u021bii de trafic, \u00een \u201eZiua Imnului Na\u0163ional\u201d - Buletin de Bucure\u0219ti","description":"Restric\u021bii de trafic \u00een \u201eZiua Imnului Na\u0163ional\u201d. M\u0103sura este luat\u0103 pentru ceremoniile care vor avea loc de \u201eZiua Imnului Na\u0163ional\u201d.","robots":{"index":"index","follow":"follow","max-snippet":"max-snippet:-1","max-image-preview":"max-image-preview:large","max-video-preview":"max-video-preview:-1"},"canonical":"https:\/\/buletin.de\/bucuresti\/restrictii-de-trafic-in-ziua-imnului-national\/","og_locale":"en_GB","og_type":"article","og_title":"Restric\u021bii de trafic, \u00een \u201eZiua Imnului Na\u0163ional\u201d","og_description":"Restric\u021bii de trafic \u00een \u201eZiua Imnului Na\u0163ional\u201d. M\u0103sura este luat\u0103 pentru ceremoniile care vor avea loc de \u201eZiua Imnului Na\u0163ional\u201d.","og_url":"https:\/\/buletin.de\/bucuresti\/restrictii-de-trafic-in-ziua-imnului-national\/","og_site_name":"Buletin de Bucure\u0219ti","article_publisher":"https:\/\/www.facebook.com\/buletin.de.buc","article_published_time":"2024-07-26T13:38:51+00:00","og_image":[{"width":1333,"height":2000,"url":"https:\/\/buletin.de\/bucuresti\/wp-content\/uploads\/ziua-imnului.jpeg","type":"image\/jpeg"}],"author":"Diana Matei","twitter_card":"summary_large_image","twitter_misc":{"Written by":"Diana Matei","Estimated reading time":"2 minutes"},"schema":{"@context":"https:\/\/schema.org","@graph":[{"@type":"Article","@id":"https:\/\/buletin.de\/bucuresti\/restrictii-de-trafic-in-ziua-imnului-national\/#article","isPartOf":{"@id":"https:\/\/buletin.de\/bucuresti\/restrictii-de-trafic-in-ziua-imnului-national\/"},"author":{"name":"Diana Matei","@id":"https:\/\/buletin.de\/bucuresti\/#\/schema\/person\/7e46040573290777280a0835d81ea4ea"},"headline":"Restric\u021bii de trafic, \u00een \u201eZiua Imnului Na\u0163ional\u201d","datePublished":"2024-07-26T13:38:51+00:00","mainEntityOfPage":{"@id":"https:\/\/buletin.de\/bucuresti\/restrictii-de-trafic-in-ziua-imnului-national\/"},"wordCount":377,"publisher":{"@id":"https:\/\/buletin.de\/bucuresti\/#organization"},"image":{"@id":"https:\/\/buletin.de\/bucuresti\/restrictii-de-trafic-in-ziua-imnului-national\/#primaryimage"},"thumbnailUrl":"https:\/\/buletin.de\/bucuresti\/wp-content\/uploads\/ziua-imnului.jpeg","keywords":["brigada rutiera","restrictii de trafic","ziua imnului national"],"articleSection":["Articole","\u0218tiri","Transport"],"inLanguage":"en-GB","copyrightYear":"2024","copyrightHolder":{"@id":"https:\/\/buletin.de\/bucuresti\/#organization"}},{"@type":"WebPage","@id":"https:\/\/buletin.de\/bucuresti\/restrictii-de-trafic-in-ziua-imnului-national\/","url":"https:\/\/buletin.de\/bucuresti\/restrictii-de-trafic-in-ziua-imnului-national\/","name":"Restric\u021bii de trafic, \u00een \u201eZiua Imnului Na\u0163ional\u201d - Buletin de Bucure\u0219ti","isPartOf":{"@id":"https:\/\/buletin.de\/bucuresti\/#website"},"primaryImageOfPage":{"@id":"https:\/\/buletin.de\/bucuresti\/restrictii-de-trafic-in-ziua-imnului-national\/#primaryimage"},"image":{"@id":"https:\/\/buletin.de\/bucuresti\/restrictii-de-trafic-in-ziua-imnului-national\/#primaryimage"},"thumbnailUrl":"https:\/\/buletin.de\/bucuresti\/wp-content\/uploads\/ziua-imnului.jpeg","datePublished":"2024-07-26T13:38:51+00:00","description":"Restric\u021bii de trafic \u00een \u201eZiua Imnului Na\u0163ional\u201d. M\u0103sura este luat\u0103 pentru ceremoniile care vor avea loc de \u201eZiua Imnului Na\u0163ional\u201d.","breadcrumb":{"@id":"https:\/\/buletin.de\/bucuresti\/restrictii-de-trafic-in-ziua-imnului-national\/#breadcrumb"},"inLanguage":"en-GB","potentialAction":[{"@type":"ReadAction","target":["https:\/\/buletin.de\/bucuresti\/restrictii-de-trafic-in-ziua-imnului-national\/"]}]},{"@type":"ImageObject","inLanguage":"en-GB","@id":"https:\/\/buletin.de\/bucuresti\/restrictii-de-trafic-in-ziua-imnului-national\/#primaryimage","url":"https:\/\/buletin.de\/bucuresti\/wp-content\/uploads\/ziua-imnului.jpeg","contentUrl":"https:\/\/buletin.de\/bucuresti\/wp-content\/uploads\/ziua-imnului.jpeg","width":1333,"height":2000,"caption":"Restric\u021bii de circula\u021bie de \u201eZiua Imnului Na\u021bional\u201d. FOTO: Arhiva"},{"@type":"BreadcrumbList","@id":"https:\/\/buletin.de\/bucuresti\/restrictii-de-trafic-in-ziua-imnului-national\/#breadcrumb","itemListElement":[{"@type":"ListItem","position":1,"name":"Acas\u0103","item":"https:\/\/buletin.de\/bucuresti\/"},{"@type":"ListItem","position":2,"name":"Restric\u021bii de trafic, \u00een \u201eZiua Imnului Na\u0163ional\u201d"}]},{"@type":"WebSite","@id":"https:\/\/buletin.de\/bucuresti\/#website","url":"https:\/\/buletin.de\/bucuresti\/","name":"Buletin de Bucure\u0219ti","description":"\u0218tiri \u0219i investiga\u021bii esen\u021biale din capital\u0103","publisher":{"@id":"https:\/\/buletin.de\/bucuresti\/#organization"},"potentialAction":[{"@type":"SearchAction","target":{"@type":"EntryPoint","urlTemplate":"https:\/\/buletin.de\/bucuresti\/?s={search_term_string}"},"query-input":{"@type":"PropertyValueSpecification","valueRequired":true,"valueName":"search_term_string"}}],"inLanguage":"en-GB"},{"@type":"Organization","@id":"https:\/\/buletin.de\/bucuresti\/#organization","name":"Buletin de Bucure\u0219ti","url":"https:\/\/buletin.de\/bucuresti\/","logo":{"@type":"ImageObject","inLanguage":"en-GB","@id":"https:\/\/buletin.de\/bucuresti\/#\/schema\/logo\/image\/","url":"https:\/\/buletin.de\/bucuresti\/wp-content\/uploads\/logo-bdb-full-wide-vernil-transparent.png","contentUrl":"https:\/\/buletin.de\/bucuresti\/wp-content\/uploads\/logo-bdb-full-wide-vernil-transparent.png","width":1782,"height":626,"caption":"Buletin de Bucure\u0219ti"},"image":{"@id":"https:\/\/buletin.de\/bucuresti\/#\/schema\/logo\/image\/"},"sameAs":["https:\/\/www.facebook.com\/buletin.de.buc","https:\/\/www.instagram.com\/buletinde.bucuresti\/"]},{"@type":"Person","@id":"https:\/\/buletin.de\/bucuresti\/#\/schema\/person\/7e46040573290777280a0835d81ea4ea","name":"Diana Matei","image":{"@type":"ImageObject","inLanguage":"en-GB","@id":"https:\/\/buletin.de\/bucuresti\/wp-content\/uploads\/9-2-96x96.jpg1e8590b30871d70e62ebcdaf2eff570c","url":"https:\/\/buletin.de\/bucuresti\/wp-content\/uploads\/9-2-96x96.jpg","contentUrl":"https:\/\/buletin.de\/bucuresti\/wp-content\/uploads\/9-2-96x96.jpg","caption":"Diana Matei"},"url":"https:\/\/buletin.de\/bucuresti\/author\/dianamatei\/"}]}},"authors":[{"term_id":22574,"user_id":49,"is_guest":0,"slug":"dianamatei","display_name":"Diana Matei","avatar_url":"https:\/\/buletin.de\/bucuresti\/wp-content\/uploads\/9-2-96x96.jpg","0":null,"1":"","2":"","3":"","4":"","5":"","6":"","7":"","8":""}],"_links":{"self":[{"href":"https:\/\/buletin.de\/bucuresti\/wp-json\/wp\/v2\/posts\/92408","targetHints":{"allow":["GET"]}}],"collection":[{"href":"https:\/\/buletin.de\/bucuresti\/wp-json\/wp\/v2\/posts"}],"about":[{"href":"https:\/\/buletin.de\/bucuresti\/wp-json\/wp\/v2\/types\/post"}],"author":[{"embeddable":true,"href":"https:\/\/buletin.de\/bucuresti\/wp-json\/wp\/v2\/users\/49"}],"replies":[{"embeddable":true,"href":"https:\/\/buletin.de\/bucuresti\/wp-json\/wp\/v2\/comments?post=92408"}],"version-history":[{"count":2,"href":"https:\/\/buletin.de\/bucuresti\/wp-json\/wp\/v2\/posts\/92408\/revisions"}],"predecessor-version":[{"id":92463,"href":"https:\/\/buletin.de\/bucuresti\/wp-json\/wp\/v2\/posts\/92408\/revisions\/92463"}],"wp:featuredmedia":[{"embeddable":true,"href":"https:\/\/buletin.de\/bucuresti\/wp-json\/wp\/v2\/media\/92429"}],"wp:attachment":[{"href":"https:\/\/buletin.de\/bucuresti\/wp-json\/wp\/v2\/media?parent=92408"}],"wp:term":[{"taxonomy":"category","embeddable":true,"href":"https:\/\/buletin.de\/bucuresti\/wp-json\/wp\/v2\/categories?post=92408"},{"taxonomy":"post_tag","embeddable":true,"href":"https:\/\/buletin.de\/bucuresti\/wp-json\/wp\/v2\/tags?post=92408"},{"taxonomy":"author","embeddable":true,"href":"https:\/\/buletin.de\/bucuresti\/wp-json\/wp\/v2\/ppma_author?post=92408"}],"curies":[{"name":"wp","href":"https:\/\/api.w.org\/{rel}","templated":true}]}}