{"id":92357,"date":"2024-07-26T07:44:31","date_gmt":"2024-07-26T04:44:31","guid":{"rendered":"https:\/\/buletin.de\/bucuresti\/?p=92357"},"modified":"2024-07-26T14:40:33","modified_gmt":"2024-07-26T11:40:33","slug":"sector-5-copiii-saraci-ar-putea-fi-ajutati-cu-fonduri-europene-in-valoare-de-2-milioane-de-euro-detaliile-proiectului","status":"publish","type":"post","link":"https:\/\/buletin.de\/bucuresti\/sector-5-copiii-saraci-ar-putea-fi-ajutati-cu-fonduri-europene-in-valoare-de-2-milioane-de-euro-detaliile-proiectului\/","title":{"rendered":"Sector 5 | Copiii s\u0103raci ar putea fi ajuta\u0163i cu fonduri europene de 2 milioane de euro. Detaliile proiectului"},"content":{"rendered":"\n<p><strong>Copiii s\u0103raci ar putea fi ajuta\u021bi cu fonduri europene \u00een valoare de 2 milioane de euro, dac\u0103 proiectul va fi aprobat \u00een \u0219edin\u021ba de azi, 26 iulie, a Consiliului Local al Sectorului 5. Proiectul are scopul de a ajuta financiar copiii din familii s\u0103race \u0219i din sistemul de protec\u021bie social\u0103.<\/strong><\/p>\n\n\n\n<h2 class=\"wp-block-heading\">UPDATE: Proiectul a fost aprobat<\/h2>\n\n\n\n<p>Consiliul Local al Sectorului 5 a aprobat proiectul. Urm\u0103torul pas este ca DGASPC Sector 5 s\u0103 depun\u0103 un proiect de finan\u021bare nerambursabil\u0103 \u00een cadrul apelului. De asemenea, directorul general al DGASPC Sector 5 a fost \u00eemputernicit s\u0103 semneze toate actele necesare, \u201eat\u00e2t \u00een faza de depunere a proiectului, c\u00e2t \u0219i \u00een fazele de contractare \u0219i implementare.<\/p>\n\n\n\n<p>Direc\u021bia General\u0103 de Asisten\u021b\u0103 Social\u0103 \u0219i Protec\u021bia Copilului (DGASPC) Sector 5 este solicitantul unic al proiectului, denumit \u201eServicii comunitare pentru copii \u0219i familii \u00een vederea prevenirii separ\u0103rii \u0219i \u00een vederea sus\u021binerii reintegr\u0103rii \u00een familie a copiilor proveni\u021bi din sistemul de protec\u021bie\u201d.<\/p>\n\n\n\n<p>CITE\u0218TE \u0218I: <strong><a href=\"https:\/\/buletin.de\/bucuresti\/profesor-de-la-colegiul-sfantul-sava-retinut-pentru-viol\/\">Profesor de la Colegiul \u201eSf\u00e2ntul Sava\u201d, re\u0163inut pentru viol. UPDATE: Reac\u021bia Ministerului Educa\u021biei<\/a><\/strong><\/p>\n\n\n\n<h2 class=\"wp-block-heading\">Copiii s\u0103raci ar putea fi ajuta\u0163i. Detaliile proiectului<\/h2>\n\n\n\n<p>Cu un buget de maximum 2.000.000 euro, din care 98% este acoperit prin finan\u021bare european\u0103, proiectul \u00ee\u0219i propune s\u0103 ofere servicii de calitate pentru copiii s\u0103raci \u0219i cei expu\u0219i riscului de separare de familie.<\/p>\n\n\n\n<p>Fondurile vor fi utilizate pentru a sus\u021bine dou\u0103 componente principale:<\/p>\n\n\n\n<ul class=\"wp-block-list\">\n<li>Reintegrarea copiilor din sistemul de protec\u021bie special\u0103 \u00een familii &#8211; Incluz\u00e2nd consiliere psihologic\u0103 \u0219i suport pentru activit\u0103\u021bile cotidiene.<\/li>\n\n\n\n<li>Reducerea num\u0103rului de intr\u0103ri \u00een sistemul de protec\u021bie social\u0103 &#8211; Viz\u00e2nd sprijinirea copiilor afla\u021bi la risc de separare de familie \u0219i a familiilor vulnerabile.<\/li>\n<\/ul>\n\n\n\n<p>Grupul \u021bint\u0103 al proiectului include copii din familii s\u0103race \u0219i copii din sistemul de protec\u021bie special\u0103, estim\u00e2ndu-se c\u0103 540 de copii ar putea beneficia de aceste m\u0103suri.<\/p>\n\n\n\n<p>\u201ePrin atingerea obiectivelor specifice, proiectul are ca finalitate cre\u0219terea calit\u0103\u021bii vie\u021bii copiilor vulnerabili din Sectorul 5, contribuind la prevenirea separ\u0103rii acestora de familie \u0219i asigur\u00e2ndu-le o perspectiv\u0103 mai bun\u0103 pentru viitorul lor\u201d, se arat\u0103 \u00een raportul de specialitate al proiectului.<\/p>\n\n\n\n<p>Implementarea proiectului este planificat\u0103 pe o perioad\u0103 de maxim 36 de luni, iar DGASPC Sector 5 va asigura o contribu\u021bie financiar\u0103 proprie de minim 2% \u0219i va garanta sustenabilitatea serviciilor oferite.<\/p>\n\n\n\n<p>Ini\u021biativa face parte din programul \u201e<a href=\"https:\/\/mfe.gov.ro\/pids-21-27\/\">Incluziune \u0219i Demnitate Social\u0103<\/a>\u201d, lansat de Ministerul Investi\u021biilor \u0219i Proiectelor Europene.<\/p>\n\n\n\n<p>CITE\u0218TE \u0218I: <strong><a href=\"https:\/\/buletin.de\/bucuresti\/investigatie-drumurile-partidului-firma-cu-0-angajati-a-unui-afacerist-implicat-intr-un-offshore-cu-primarul-pnl-din-chitila-asfalteaza-strazile-din-afumati\/\">INVESTIGA\u021aIE | \u201eDrumurile partidului\u201d. Firma cu 0 angaja\u021bi a unui afacerist implicat \u00eentr-un offshore cu primarul PNL din Chitila asfalteaz\u0103 str\u0103zile din Afuma\u021bi&nbsp;<\/a><\/strong><\/p>\n","protected":false},"excerpt":{"rendered":"<p>Copiii s\u0103raci ar putea fi ajuta\u021bi cu fonduri europene \u00een valoare de 2 milioane de euro, dac\u0103 proiectul va fi aprobat \u00een \u0219edin\u021ba de azi, 26 iulie, a Consiliului Local al Sectorului 5. Proiectul are scopul de a ajuta financiar copiii din familii s\u0103race \u0219i din sistemul de protec\u021bie social\u0103. UPDATE: Proiectul a fost aprobat [&hellip;]<\/p>\n","protected":false},"author":59,"featured_media":92358,"comment_status":"closed","ping_status":"open","sticky":false,"template":"","format":"standard","meta":{"_acf_changed":false,"inline_featured_image":false,"ngg_post_thumbnail":0,"footnotes":""},"categories":[6994,24,62],"tags":[8,9,226,809,35,521,188],"ppma_author":[22572],"class_list":["post-92357","post","type-post","status-publish","format-standard","has-post-thumbnail","hentry","category-stiri-2","category-primarie","category-stiri","tag-bani","tag-bucuresti","tag-copii","tag-fonduri-europene","tag-primarie","tag-proiect","tag-sector-5"],"acf":[],"yoast_head":"<!-- This site is optimized with the Yoast SEO Premium plugin v25.3 (Yoast SEO v27.5) - https:\/\/yoast.com\/product\/yoast-seo-premium-wordpress\/ -->\n<title>Copiii s\u0103raci ar putea fi ajuta\u0163i cu fonduri europene<\/title>\n<meta name=\"description\" content=\"Copiii s\u0103raci ar putea fi ajuta\u021bi cu fonduri europene \u00een valoare de 2 milioane de euro, dac\u0103 proiectul va fi aprobat.\" \/>\n<meta name=\"robots\" content=\"index, follow, max-snippet:-1, max-image-preview:large, max-video-preview:-1\" \/>\n<link rel=\"canonical\" href=\"https:\/\/buletin.de\/bucuresti\/sector-5-copiii-saraci-ar-putea-fi-ajutati-cu-fonduri-europene-in-valoare-de-2-milioane-de-euro-detaliile-proiectului\/\" \/>\n<meta property=\"og:locale\" content=\"en_GB\" \/>\n<meta property=\"og:type\" content=\"article\" \/>\n<meta property=\"og:title\" content=\"Sector 5 | Copiii s\u0103raci ar putea fi ajuta\u0163i cu fonduri europene de 2 milioane de euro. Detaliile proiectului\" \/>\n<meta property=\"og:description\" content=\"Copiii s\u0103raci ar putea fi ajuta\u021bi cu fonduri europene \u00een valoare de 2 milioane de euro, dac\u0103 proiectul va fi aprobat.\" \/>\n<meta property=\"og:url\" content=\"https:\/\/buletin.de\/bucuresti\/sector-5-copiii-saraci-ar-putea-fi-ajutati-cu-fonduri-europene-in-valoare-de-2-milioane-de-euro-detaliile-proiectului\/\" \/>\n<meta property=\"og:site_name\" content=\"Buletin de Bucure\u0219ti\" \/>\n<meta property=\"article:publisher\" content=\"https:\/\/www.facebook.com\/buletin.de.buc\" \/>\n<meta property=\"article:published_time\" content=\"2024-07-26T04:44:31+00:00\" \/>\n<meta property=\"article:modified_time\" content=\"2024-07-26T11:40:33+00:00\" \/>\n<meta property=\"og:image\" content=\"https:\/\/buletin.de\/bucuresti\/wp-content\/uploads\/ID59877_INQUAM_Photos_Octav_Ganea.jpg\" \/>\n\t<meta property=\"og:image:width\" content=\"2000\" \/>\n\t<meta property=\"og:image:height\" content=\"1334\" \/>\n\t<meta property=\"og:image:type\" content=\"image\/jpeg\" \/>\n<meta name=\"author\" content=\"C\u0103t\u0103lin Anghel-Dimache\" \/>\n<meta name=\"twitter:card\" content=\"summary_large_image\" \/>\n<meta name=\"twitter:label1\" content=\"Written by\" \/>\n\t<meta name=\"twitter:data1\" content=\"C\u0103t\u0103lin Anghel-Dimache\" \/>\n\t<meta name=\"twitter:label2\" content=\"Estimated reading time\" \/>\n\t<meta name=\"twitter:data2\" content=\"2 minutes\" \/>\n<script type=\"application\/ld+json\" class=\"yoast-schema-graph\">{\"@context\":\"https:\\\/\\\/schema.org\",\"@graph\":[{\"@type\":\"Article\",\"@id\":\"https:\\\/\\\/buletin.de\\\/bucuresti\\\/sector-5-copiii-saraci-ar-putea-fi-ajutati-cu-fonduri-europene-in-valoare-de-2-milioane-de-euro-detaliile-proiectului\\\/#article\",\"isPartOf\":{\"@id\":\"https:\\\/\\\/buletin.de\\\/bucuresti\\\/sector-5-copiii-saraci-ar-putea-fi-ajutati-cu-fonduri-europene-in-valoare-de-2-milioane-de-euro-detaliile-proiectului\\\/\"},\"author\":{\"name\":\"C\u0103t\u0103lin Anghel-Dimache\",\"@id\":\"https:\\\/\\\/buletin.de\\\/bucuresti\\\/#\\\/schema\\\/person\\\/0ac9db30080482be87c7386a30f98796\"},\"headline\":\"Sector 5 | Copiii s\u0103raci ar putea fi ajuta\u0163i cu fonduri europene de 2 milioane de euro. Detaliile proiectului\",\"datePublished\":\"2024-07-26T04:44:31+00:00\",\"dateModified\":\"2024-07-26T11:40:33+00:00\",\"mainEntityOfPage\":{\"@id\":\"https:\\\/\\\/buletin.de\\\/bucuresti\\\/sector-5-copiii-saraci-ar-putea-fi-ajutati-cu-fonduri-europene-in-valoare-de-2-milioane-de-euro-detaliile-proiectului\\\/\"},\"wordCount\":455,\"publisher\":{\"@id\":\"https:\\\/\\\/buletin.de\\\/bucuresti\\\/#organization\"},\"image\":{\"@id\":\"https:\\\/\\\/buletin.de\\\/bucuresti\\\/sector-5-copiii-saraci-ar-putea-fi-ajutati-cu-fonduri-europene-in-valoare-de-2-milioane-de-euro-detaliile-proiectului\\\/#primaryimage\"},\"thumbnailUrl\":\"https:\\\/\\\/buletin.de\\\/bucuresti\\\/wp-content\\\/uploads\\\/ID59877_INQUAM_Photos_Octav_Ganea.jpg\",\"keywords\":[\"bani\",\"bucuresti\",\"copii\",\"fonduri europene\",\"primarie\",\"proiect\",\"Sector 5\"],\"articleSection\":[\"Articole\",\"Prim\u0103rie\",\"\u0218tiri\"],\"inLanguage\":\"en-GB\",\"copyrightYear\":\"2024\",\"copyrightHolder\":{\"@id\":\"https:\\\/\\\/buletin.de\\\/bucuresti\\\/#organization\"}},{\"@type\":\"WebPage\",\"@id\":\"https:\\\/\\\/buletin.de\\\/bucuresti\\\/sector-5-copiii-saraci-ar-putea-fi-ajutati-cu-fonduri-europene-in-valoare-de-2-milioane-de-euro-detaliile-proiectului\\\/\",\"url\":\"https:\\\/\\\/buletin.de\\\/bucuresti\\\/sector-5-copiii-saraci-ar-putea-fi-ajutati-cu-fonduri-europene-in-valoare-de-2-milioane-de-euro-detaliile-proiectului\\\/\",\"name\":\"Copiii s\u0103raci ar putea fi ajuta\u0163i cu fonduri europene\",\"isPartOf\":{\"@id\":\"https:\\\/\\\/buletin.de\\\/bucuresti\\\/#website\"},\"primaryImageOfPage\":{\"@id\":\"https:\\\/\\\/buletin.de\\\/bucuresti\\\/sector-5-copiii-saraci-ar-putea-fi-ajutati-cu-fonduri-europene-in-valoare-de-2-milioane-de-euro-detaliile-proiectului\\\/#primaryimage\"},\"image\":{\"@id\":\"https:\\\/\\\/buletin.de\\\/bucuresti\\\/sector-5-copiii-saraci-ar-putea-fi-ajutati-cu-fonduri-europene-in-valoare-de-2-milioane-de-euro-detaliile-proiectului\\\/#primaryimage\"},\"thumbnailUrl\":\"https:\\\/\\\/buletin.de\\\/bucuresti\\\/wp-content\\\/uploads\\\/ID59877_INQUAM_Photos_Octav_Ganea.jpg\",\"datePublished\":\"2024-07-26T04:44:31+00:00\",\"dateModified\":\"2024-07-26T11:40:33+00:00\",\"description\":\"Copiii s\u0103raci ar putea fi ajuta\u021bi cu fonduri europene \u00een valoare de 2 milioane de euro, dac\u0103 proiectul va fi aprobat.\",\"breadcrumb\":{\"@id\":\"https:\\\/\\\/buletin.de\\\/bucuresti\\\/sector-5-copiii-saraci-ar-putea-fi-ajutati-cu-fonduri-europene-in-valoare-de-2-milioane-de-euro-detaliile-proiectului\\\/#breadcrumb\"},\"inLanguage\":\"en-GB\",\"potentialAction\":[{\"@type\":\"ReadAction\",\"target\":[\"https:\\\/\\\/buletin.de\\\/bucuresti\\\/sector-5-copiii-saraci-ar-putea-fi-ajutati-cu-fonduri-europene-in-valoare-de-2-milioane-de-euro-detaliile-proiectului\\\/\"]}]},{\"@type\":\"ImageObject\",\"inLanguage\":\"en-GB\",\"@id\":\"https:\\\/\\\/buletin.de\\\/bucuresti\\\/sector-5-copiii-saraci-ar-putea-fi-ajutati-cu-fonduri-europene-in-valoare-de-2-milioane-de-euro-detaliile-proiectului\\\/#primaryimage\",\"url\":\"https:\\\/\\\/buletin.de\\\/bucuresti\\\/wp-content\\\/uploads\\\/ID59877_INQUAM_Photos_Octav_Ganea.jpg\",\"contentUrl\":\"https:\\\/\\\/buletin.de\\\/bucuresti\\\/wp-content\\\/uploads\\\/ID59877_INQUAM_Photos_Octav_Ganea.jpg\",\"width\":2000,\"height\":1334,\"caption\":\"Copiii s\u0103raci ar putea fi ajuta\u0163i cu fonduri europene. FOTO:Inquam Photos \\\/ Octav Ganea\"},{\"@type\":\"BreadcrumbList\",\"@id\":\"https:\\\/\\\/buletin.de\\\/bucuresti\\\/sector-5-copiii-saraci-ar-putea-fi-ajutati-cu-fonduri-europene-in-valoare-de-2-milioane-de-euro-detaliile-proiectului\\\/#breadcrumb\",\"itemListElement\":[{\"@type\":\"ListItem\",\"position\":1,\"name\":\"Acas\u0103\",\"item\":\"https:\\\/\\\/buletin.de\\\/bucuresti\\\/\"},{\"@type\":\"ListItem\",\"position\":2,\"name\":\"Sector 5 | Copiii s\u0103raci ar putea fi ajuta\u0163i cu fonduri europene de 2 milioane de euro. Detaliile proiectului\"}]},{\"@type\":\"WebSite\",\"@id\":\"https:\\\/\\\/buletin.de\\\/bucuresti\\\/#website\",\"url\":\"https:\\\/\\\/buletin.de\\\/bucuresti\\\/\",\"name\":\"Buletin de Bucure\u0219ti\",\"description\":\"\u0218tiri \u0219i investiga\u021bii esen\u021biale din capital\u0103\",\"publisher\":{\"@id\":\"https:\\\/\\\/buletin.de\\\/bucuresti\\\/#organization\"},\"potentialAction\":[{\"@type\":\"SearchAction\",\"target\":{\"@type\":\"EntryPoint\",\"urlTemplate\":\"https:\\\/\\\/buletin.de\\\/bucuresti\\\/?s={search_term_string}\"},\"query-input\":{\"@type\":\"PropertyValueSpecification\",\"valueRequired\":true,\"valueName\":\"search_term_string\"}}],\"inLanguage\":\"en-GB\"},{\"@type\":\"Organization\",\"@id\":\"https:\\\/\\\/buletin.de\\\/bucuresti\\\/#organization\",\"name\":\"Buletin de Bucure\u0219ti\",\"url\":\"https:\\\/\\\/buletin.de\\\/bucuresti\\\/\",\"logo\":{\"@type\":\"ImageObject\",\"inLanguage\":\"en-GB\",\"@id\":\"https:\\\/\\\/buletin.de\\\/bucuresti\\\/#\\\/schema\\\/logo\\\/image\\\/\",\"url\":\"https:\\\/\\\/buletin.de\\\/bucuresti\\\/wp-content\\\/uploads\\\/logo-bdb-full-wide-vernil-transparent.png\",\"contentUrl\":\"https:\\\/\\\/buletin.de\\\/bucuresti\\\/wp-content\\\/uploads\\\/logo-bdb-full-wide-vernil-transparent.png\",\"width\":1782,\"height\":626,\"caption\":\"Buletin de Bucure\u0219ti\"},\"image\":{\"@id\":\"https:\\\/\\\/buletin.de\\\/bucuresti\\\/#\\\/schema\\\/logo\\\/image\\\/\"},\"sameAs\":[\"https:\\\/\\\/www.facebook.com\\\/buletin.de.buc\",\"https:\\\/\\\/www.instagram.com\\\/buletinde.bucuresti\\\/\"]},{\"@type\":\"Person\",\"@id\":\"https:\\\/\\\/buletin.de\\\/bucuresti\\\/#\\\/schema\\\/person\\\/0ac9db30080482be87c7386a30f98796\",\"name\":\"C\u0103t\u0103lin Anghel-Dimache\",\"image\":{\"@type\":\"ImageObject\",\"inLanguage\":\"en-GB\",\"@id\":\"https:\\\/\\\/buletin.de\\\/bucuresti\\\/wp-content\\\/uploads\\\/Catalin-Anghel-Dimache-96x96.jpgbd9e43c5b25186d5b8e917ac61ad86c4\",\"url\":\"https:\\\/\\\/buletin.de\\\/bucuresti\\\/wp-content\\\/uploads\\\/Catalin-Anghel-Dimache-96x96.jpg\",\"contentUrl\":\"https:\\\/\\\/buletin.de\\\/bucuresti\\\/wp-content\\\/uploads\\\/Catalin-Anghel-Dimache-96x96.jpg\",\"caption\":\"C\u0103t\u0103lin Anghel-Dimache\"},\"description\":\"A absolvit Facultatea de Jurnalism \u0219i \u0218tiin\u021bele Comunic\u0103rii a Universit\u0103\u021bii din Bucure\u0219ti \u00een 2024. Scrie despre mediu \u0219i teme sociale, dar \u0219i despre cum se reflect\u0103 ele \u00een via\u021ba cotidian\u0103 a bucure\u0219tenilor, cu un ochi atent la pove\u0219tile personale din spatele titlurilor. N\u0103scut \u0219i crescut \u00een Bucure\u0219ti, a f\u0103cut un pas c\u0103tre presa local\u0103, din pasiune pentru ora\u0219ul s\u0103u \u0219i oamenii din el.\",\"url\":\"https:\\\/\\\/buletin.de\\\/bucuresti\\\/author\\\/catalin-anghel-dimache\\\/\"}]}<\/script>\n<!-- \/ Yoast SEO Premium plugin. -->","yoast_head_json":{"title":"Copiii s\u0103raci ar putea fi ajuta\u0163i cu fonduri europene","description":"Copiii s\u0103raci ar putea fi ajuta\u021bi cu fonduri europene \u00een valoare de 2 milioane de euro, dac\u0103 proiectul va fi aprobat.","robots":{"index":"index","follow":"follow","max-snippet":"max-snippet:-1","max-image-preview":"max-image-preview:large","max-video-preview":"max-video-preview:-1"},"canonical":"https:\/\/buletin.de\/bucuresti\/sector-5-copiii-saraci-ar-putea-fi-ajutati-cu-fonduri-europene-in-valoare-de-2-milioane-de-euro-detaliile-proiectului\/","og_locale":"en_GB","og_type":"article","og_title":"Sector 5 | Copiii s\u0103raci ar putea fi ajuta\u0163i cu fonduri europene de 2 milioane de euro. Detaliile proiectului","og_description":"Copiii s\u0103raci ar putea fi ajuta\u021bi cu fonduri europene \u00een valoare de 2 milioane de euro, dac\u0103 proiectul va fi aprobat.","og_url":"https:\/\/buletin.de\/bucuresti\/sector-5-copiii-saraci-ar-putea-fi-ajutati-cu-fonduri-europene-in-valoare-de-2-milioane-de-euro-detaliile-proiectului\/","og_site_name":"Buletin de Bucure\u0219ti","article_publisher":"https:\/\/www.facebook.com\/buletin.de.buc","article_published_time":"2024-07-26T04:44:31+00:00","article_modified_time":"2024-07-26T11:40:33+00:00","og_image":[{"width":2000,"height":1334,"url":"https:\/\/buletin.de\/bucuresti\/wp-content\/uploads\/ID59877_INQUAM_Photos_Octav_Ganea.jpg","type":"image\/jpeg"}],"author":"C\u0103t\u0103lin Anghel-Dimache","twitter_card":"summary_large_image","twitter_misc":{"Written by":"C\u0103t\u0103lin Anghel-Dimache","Estimated reading time":"2 minutes"},"schema":{"@context":"https:\/\/schema.org","@graph":[{"@type":"Article","@id":"https:\/\/buletin.de\/bucuresti\/sector-5-copiii-saraci-ar-putea-fi-ajutati-cu-fonduri-europene-in-valoare-de-2-milioane-de-euro-detaliile-proiectului\/#article","isPartOf":{"@id":"https:\/\/buletin.de\/bucuresti\/sector-5-copiii-saraci-ar-putea-fi-ajutati-cu-fonduri-europene-in-valoare-de-2-milioane-de-euro-detaliile-proiectului\/"},"author":{"name":"C\u0103t\u0103lin Anghel-Dimache","@id":"https:\/\/buletin.de\/bucuresti\/#\/schema\/person\/0ac9db30080482be87c7386a30f98796"},"headline":"Sector 5 | Copiii s\u0103raci ar putea fi ajuta\u0163i cu fonduri europene de 2 milioane de euro. Detaliile proiectului","datePublished":"2024-07-26T04:44:31+00:00","dateModified":"2024-07-26T11:40:33+00:00","mainEntityOfPage":{"@id":"https:\/\/buletin.de\/bucuresti\/sector-5-copiii-saraci-ar-putea-fi-ajutati-cu-fonduri-europene-in-valoare-de-2-milioane-de-euro-detaliile-proiectului\/"},"wordCount":455,"publisher":{"@id":"https:\/\/buletin.de\/bucuresti\/#organization"},"image":{"@id":"https:\/\/buletin.de\/bucuresti\/sector-5-copiii-saraci-ar-putea-fi-ajutati-cu-fonduri-europene-in-valoare-de-2-milioane-de-euro-detaliile-proiectului\/#primaryimage"},"thumbnailUrl":"https:\/\/buletin.de\/bucuresti\/wp-content\/uploads\/ID59877_INQUAM_Photos_Octav_Ganea.jpg","keywords":["bani","bucuresti","copii","fonduri europene","primarie","proiect","Sector 5"],"articleSection":["Articole","Prim\u0103rie","\u0218tiri"],"inLanguage":"en-GB","copyrightYear":"2024","copyrightHolder":{"@id":"https:\/\/buletin.de\/bucuresti\/#organization"}},{"@type":"WebPage","@id":"https:\/\/buletin.de\/bucuresti\/sector-5-copiii-saraci-ar-putea-fi-ajutati-cu-fonduri-europene-in-valoare-de-2-milioane-de-euro-detaliile-proiectului\/","url":"https:\/\/buletin.de\/bucuresti\/sector-5-copiii-saraci-ar-putea-fi-ajutati-cu-fonduri-europene-in-valoare-de-2-milioane-de-euro-detaliile-proiectului\/","name":"Copiii s\u0103raci ar putea fi ajuta\u0163i cu fonduri europene","isPartOf":{"@id":"https:\/\/buletin.de\/bucuresti\/#website"},"primaryImageOfPage":{"@id":"https:\/\/buletin.de\/bucuresti\/sector-5-copiii-saraci-ar-putea-fi-ajutati-cu-fonduri-europene-in-valoare-de-2-milioane-de-euro-detaliile-proiectului\/#primaryimage"},"image":{"@id":"https:\/\/buletin.de\/bucuresti\/sector-5-copiii-saraci-ar-putea-fi-ajutati-cu-fonduri-europene-in-valoare-de-2-milioane-de-euro-detaliile-proiectului\/#primaryimage"},"thumbnailUrl":"https:\/\/buletin.de\/bucuresti\/wp-content\/uploads\/ID59877_INQUAM_Photos_Octav_Ganea.jpg","datePublished":"2024-07-26T04:44:31+00:00","dateModified":"2024-07-26T11:40:33+00:00","description":"Copiii s\u0103raci ar putea fi ajuta\u021bi cu fonduri europene \u00een valoare de 2 milioane de euro, dac\u0103 proiectul va fi aprobat.","breadcrumb":{"@id":"https:\/\/buletin.de\/bucuresti\/sector-5-copiii-saraci-ar-putea-fi-ajutati-cu-fonduri-europene-in-valoare-de-2-milioane-de-euro-detaliile-proiectului\/#breadcrumb"},"inLanguage":"en-GB","potentialAction":[{"@type":"ReadAction","target":["https:\/\/buletin.de\/bucuresti\/sector-5-copiii-saraci-ar-putea-fi-ajutati-cu-fonduri-europene-in-valoare-de-2-milioane-de-euro-detaliile-proiectului\/"]}]},{"@type":"ImageObject","inLanguage":"en-GB","@id":"https:\/\/buletin.de\/bucuresti\/sector-5-copiii-saraci-ar-putea-fi-ajutati-cu-fonduri-europene-in-valoare-de-2-milioane-de-euro-detaliile-proiectului\/#primaryimage","url":"https:\/\/buletin.de\/bucuresti\/wp-content\/uploads\/ID59877_INQUAM_Photos_Octav_Ganea.jpg","contentUrl":"https:\/\/buletin.de\/bucuresti\/wp-content\/uploads\/ID59877_INQUAM_Photos_Octav_Ganea.jpg","width":2000,"height":1334,"caption":"Copiii s\u0103raci ar putea fi ajuta\u0163i cu fonduri europene. FOTO:Inquam Photos \/ Octav Ganea"},{"@type":"BreadcrumbList","@id":"https:\/\/buletin.de\/bucuresti\/sector-5-copiii-saraci-ar-putea-fi-ajutati-cu-fonduri-europene-in-valoare-de-2-milioane-de-euro-detaliile-proiectului\/#breadcrumb","itemListElement":[{"@type":"ListItem","position":1,"name":"Acas\u0103","item":"https:\/\/buletin.de\/bucuresti\/"},{"@type":"ListItem","position":2,"name":"Sector 5 | Copiii s\u0103raci ar putea fi ajuta\u0163i cu fonduri europene de 2 milioane de euro. Detaliile proiectului"}]},{"@type":"WebSite","@id":"https:\/\/buletin.de\/bucuresti\/#website","url":"https:\/\/buletin.de\/bucuresti\/","name":"Buletin de Bucure\u0219ti","description":"\u0218tiri \u0219i investiga\u021bii esen\u021biale din capital\u0103","publisher":{"@id":"https:\/\/buletin.de\/bucuresti\/#organization"},"potentialAction":[{"@type":"SearchAction","target":{"@type":"EntryPoint","urlTemplate":"https:\/\/buletin.de\/bucuresti\/?s={search_term_string}"},"query-input":{"@type":"PropertyValueSpecification","valueRequired":true,"valueName":"search_term_string"}}],"inLanguage":"en-GB"},{"@type":"Organization","@id":"https:\/\/buletin.de\/bucuresti\/#organization","name":"Buletin de Bucure\u0219ti","url":"https:\/\/buletin.de\/bucuresti\/","logo":{"@type":"ImageObject","inLanguage":"en-GB","@id":"https:\/\/buletin.de\/bucuresti\/#\/schema\/logo\/image\/","url":"https:\/\/buletin.de\/bucuresti\/wp-content\/uploads\/logo-bdb-full-wide-vernil-transparent.png","contentUrl":"https:\/\/buletin.de\/bucuresti\/wp-content\/uploads\/logo-bdb-full-wide-vernil-transparent.png","width":1782,"height":626,"caption":"Buletin de Bucure\u0219ti"},"image":{"@id":"https:\/\/buletin.de\/bucuresti\/#\/schema\/logo\/image\/"},"sameAs":["https:\/\/www.facebook.com\/buletin.de.buc","https:\/\/www.instagram.com\/buletinde.bucuresti\/"]},{"@type":"Person","@id":"https:\/\/buletin.de\/bucuresti\/#\/schema\/person\/0ac9db30080482be87c7386a30f98796","name":"C\u0103t\u0103lin Anghel-Dimache","image":{"@type":"ImageObject","inLanguage":"en-GB","@id":"https:\/\/buletin.de\/bucuresti\/wp-content\/uploads\/Catalin-Anghel-Dimache-96x96.jpgbd9e43c5b25186d5b8e917ac61ad86c4","url":"https:\/\/buletin.de\/bucuresti\/wp-content\/uploads\/Catalin-Anghel-Dimache-96x96.jpg","contentUrl":"https:\/\/buletin.de\/bucuresti\/wp-content\/uploads\/Catalin-Anghel-Dimache-96x96.jpg","caption":"C\u0103t\u0103lin Anghel-Dimache"},"description":"A absolvit Facultatea de Jurnalism \u0219i \u0218tiin\u021bele Comunic\u0103rii a Universit\u0103\u021bii din Bucure\u0219ti \u00een 2024. Scrie despre mediu \u0219i teme sociale, dar \u0219i despre cum se reflect\u0103 ele \u00een via\u021ba cotidian\u0103 a bucure\u0219tenilor, cu un ochi atent la pove\u0219tile personale din spatele titlurilor. N\u0103scut \u0219i crescut \u00een Bucure\u0219ti, a f\u0103cut un pas c\u0103tre presa local\u0103, din pasiune pentru ora\u0219ul s\u0103u \u0219i oamenii din el.","url":"https:\/\/buletin.de\/bucuresti\/author\/catalin-anghel-dimache\/"}]}},"authors":[{"term_id":22572,"user_id":59,"is_guest":0,"slug":"catalin-anghel-dimache","display_name":"C\u0103t\u0103lin Anghel-Dimache","avatar_url":"https:\/\/buletin.de\/bucuresti\/wp-content\/uploads\/Catalin-Anghel-Dimache-96x96.jpg","0":null,"1":"","2":"","3":"","4":"","5":"","6":"","7":"","8":""}],"_links":{"self":[{"href":"https:\/\/buletin.de\/bucuresti\/wp-json\/wp\/v2\/posts\/92357","targetHints":{"allow":["GET"]}}],"collection":[{"href":"https:\/\/buletin.de\/bucuresti\/wp-json\/wp\/v2\/posts"}],"about":[{"href":"https:\/\/buletin.de\/bucuresti\/wp-json\/wp\/v2\/types\/post"}],"author":[{"embeddable":true,"href":"https:\/\/buletin.de\/bucuresti\/wp-json\/wp\/v2\/users\/59"}],"replies":[{"embeddable":true,"href":"https:\/\/buletin.de\/bucuresti\/wp-json\/wp\/v2\/comments?post=92357"}],"version-history":[{"count":4,"href":"https:\/\/buletin.de\/bucuresti\/wp-json\/wp\/v2\/posts\/92357\/revisions"}],"predecessor-version":[{"id":92436,"href":"https:\/\/buletin.de\/bucuresti\/wp-json\/wp\/v2\/posts\/92357\/revisions\/92436"}],"wp:featuredmedia":[{"embeddable":true,"href":"https:\/\/buletin.de\/bucuresti\/wp-json\/wp\/v2\/media\/92358"}],"wp:attachment":[{"href":"https:\/\/buletin.de\/bucuresti\/wp-json\/wp\/v2\/media?parent=92357"}],"wp:term":[{"taxonomy":"category","embeddable":true,"href":"https:\/\/buletin.de\/bucuresti\/wp-json\/wp\/v2\/categories?post=92357"},{"taxonomy":"post_tag","embeddable":true,"href":"https:\/\/buletin.de\/bucuresti\/wp-json\/wp\/v2\/tags?post=92357"},{"taxonomy":"author","embeddable":true,"href":"https:\/\/buletin.de\/bucuresti\/wp-json\/wp\/v2\/ppma_author?post=92357"}],"curies":[{"name":"wp","href":"https:\/\/api.w.org\/{rel}","templated":true}]}}