{"id":92341,"date":"2024-07-26T07:42:17","date_gmt":"2024-07-26T04:42:17","guid":{"rendered":"https:\/\/buletin.de\/bucuresti\/?p=92341"},"modified":"2024-07-26T09:49:24","modified_gmt":"2024-07-26T06:49:24","slug":"un-nou-weekend-cu-strazi-deschise-programul-artistic-si-restrictiile-de-circulatie","status":"publish","type":"post","link":"https:\/\/buletin.de\/bucuresti\/un-nou-weekend-cu-strazi-deschise-programul-artistic-si-restrictiile-de-circulatie\/","title":{"rendered":"Weekend cu \u201eStr\u0103zi deschise\u201d: programul artistic \u0219i restric\u021biile de circula\u021bie\u00a0"},"content":{"rendered":"\n<p><strong>Un nou weekend cu \u201eStr\u0103zi deschise, Bucure\u0219ti \u2013 Promenad\u0103 Urban\u0103\u201d aduce concerte live, spectacole de acroba\u021bii \u0219i ateliere creative <strong>pe Calea Victoriei.<\/strong> Pentru a se bucura de programul artistic, bucure\u0219tenii sunt invita\u021bi la plimbare, motiv pentru care vor fi impuse restric\u021bii de circula\u021bie \u00een perioada 27-28 iulie, transmite <a href=\"https:\/\/arcub.ro\/concerte-live-spectacole-de-acrobatii-si-ateliere-creative-pe-calea-victoriei-in-weekendul-27-28-iulie-la-strazi-deschise-bucuresti-promenada-urbana\/\">ARCUB<\/a>.<\/strong><\/p>\n\n\n\n<p>S\u00e2mb\u0103t\u0103, de la ora 19:30, arti\u0219tii Circul Metropolitan Bucure\u0219ti vor sus\u021bine un mini-spectacol de acroba\u021bii&nbsp;\u00een&nbsp;zona&nbsp;Muzeului Na\u021bional de Istorie a Rom\u00e2niei.<\/p>\n\n\n\n<p>Duminic\u0103, copiii sunt invita\u021bi la atelierul educativ \u201eScriitorii \u0219i \u0219coala de alt\u0103dat\u0103\u201d de la Muzeul Na\u021bional al Literaturii Rom\u00e2ne, unde vor avea acces la manuscrise, fotografii \u0219i alte documente din arhivele institu\u021biei.<\/p>\n\n\n\n<p>\u00cen ambele zile, pe sear\u0103, sunt programate concerte live ale trupei REAL. \u00cen acela\u0219i interval, \u0219i anume 17:00 \u2013 21:00, vizitatorii sunt a\u0219tepta\u021bi s\u0103 se bucure de caricaturile artistului Vasile Catrina.<\/p>\n\n\n\n<p>Totodat\u0103, expozi\u021biile \u201eMuzeul V\u00e2rstelor \u2013 de la copil\u0103rie la senectute\u201d \u0219i \u201e\u00cen apropierea sfin\u021bilor. Frescele M\u0103n\u0103stirii V\u0103c\u0103re\u0219ti dup\u0103 40 de ani\u201d pot fi vizitate \u00eentre orele 10:00 \u0219i 17:30, la Casa Filipescu-Cesianu.<\/p>\n\n\n\n<p><strong><a href=\"https:\/\/buletin.de\/bucuresti\/obiectiv-victoriei-pietonala-concurs-de-fotografie-pentru-calea-victoriei-permanent-pietonala\/\">CITE\u0218TE \u0218I: Obiectiv: Victoriei Pietonal\u0103. Concurs de fotografie pentru Calea Victoriei permanent pietonal\u0103<\/a><\/strong>&nbsp;<\/p>\n\n\n\n<h2 class=\"wp-block-heading\">Restric\u021bii de circula\u021bie<\/h2>\n\n\n\n<p>Pentru buna desf\u0103\u0219urare a evenimentului, se vor impune restric\u021bii pe Calea Victoriei, segmentul de drum Bulevardul Dacia \u2013 Splaiul Independen\u021bei. Ca de fiecare dat\u0103, acestea vor fi valabile s\u00e2mb\u0103t\u0103 \u0219i duminic\u0103, \u00eens\u0103 doar \u00een timpul zilei (09:00 \u2013 23:00).<\/p>\n\n\n\n<p>\u00cen acest interval, se \u00eenchid \u0219i pistele de biciclete. Totodat\u0103, circula\u021bia STB va fi deviat\u0103, f\u0103r\u0103 afectarea c\u0103l\u0103torilor.<\/p>\n\n\n\n<p>Traficul din intersec\u021bii nu va fi afectat. Mai exact, se va permite traversul pe Calea Victoriei, la intersec\u021biile cu Bd. Dacia, Str. \u0218tirbei Vod\u0103, Str. Ion C\u00e2mpineanu \u0219i Bd. Regina Elisabeta, potrivit <a href=\"https:\/\/arcub.ro\/concerte-live-spectacole-de-acrobatii-si-ateliere-creative-pe-calea-victoriei-in-weekendul-27-28-iulie-la-strazi-deschise-bucuresti-promenada-urbana\/\">ARCUB<\/a>.<\/p>\n\n\n\n<p><strong>CITE\u0218TE \u0218I: <a href=\"https:\/\/buletin.de\/bucuresti\/investigatie-drumurile-partidului-firma-cu-0-angajati-a-unui-afacerist-implicat-intr-un-offshore-cu-primarul-pnl-din-chitila-asfalteaza-strazile-din-afumati\/\">INVESTIGA\u021aIE | \u201eDrumurile partidului\u201d. Firma cu 0 angaja\u021bi a unui afacerist implicat \u00eentr-un offshore cu primarul PNL din Chitila asfalteaz\u0103 str\u0103zile din Afuma\u021bi<\/a><\/strong><\/p>\n\n\n\n<h2 class=\"wp-block-heading\">Weekend cu \u201eStr\u0103zi deschise\u201d &#8211; Programul artistic complet<\/h2>\n\n\n\n<h4 class=\"wp-block-heading\"><strong>S\u00e2mb\u0103t\u0103 &#8211; 27 iulie<\/strong><\/h4>\n\n\n\n<p><strong>Calea Victoriei \u2013 Muzeul Municipiului Bucure\u0219ti \u2013 Casa Filipescu-Cesianu<\/strong><\/p>\n\n\n\n<ul class=\"wp-block-list\">\n<li>10:00 \u2013 17:30: \u201eMuzeul V\u00e2rstelor \u2013 de la copil\u0103rie la senectute\u201d \/\/ \u201e\u00cen apropierea sfin\u021bilor. Frescele M\u0103n\u0103stirii V\u0103c\u0103re\u0219ti dup\u0103 40 de ani\u201d \u2013<em>&nbsp;expozi\u021bii permanente<\/em><\/li>\n<\/ul>\n\n\n\n<p><strong>Calea Victoriei \u2013 zona Hotel Novotel<\/strong><\/p>\n\n\n\n<ul class=\"wp-block-list\">\n<li>17:00 \u2013 21:00: Concert trupa REAL \u2013<em>&nbsp;Andra Pier\u0219inaru (voce), Radu Marinescu (chitar\u0103), Angelo Stoica (chitar\u0103), Leon Craioveanu (percu\u021bie)<\/em><\/li>\n<\/ul>\n\n\n\n<p><strong>Calea Victoriei \u2013 zona Teatrului Odeon<\/strong><\/p>\n\n\n\n<ul class=\"wp-block-list\">\n<li>17:00: Concursuri cu premii-surpriz\u0103&nbsp;<\/li>\n<\/ul>\n\n\n\n<p><strong>Calea Victoriei \u2013 zona magazin Max Mara<\/strong><\/p>\n\n\n\n<ul class=\"wp-block-list\">\n<li>17:00 \u2013 21:00: Caricaturi \u2013&nbsp;<em>Vasile Catrina<\/em><\/li>\n<\/ul>\n\n\n\n<p><strong>Calea Victoriei \u2013 zona Muzeul Na\u021bional de Istorie a Rom\u00e2niei<\/strong><\/p>\n\n\n\n<ul class=\"wp-block-list\">\n<li>19:30 \u2013 20:00: Minishow de acroba\u021bie&nbsp;<strong>(Circul Metropolitan Bucure\u0219ti)<\/strong><\/li>\n<\/ul>\n\n\n\n<p><strong>Sectorul 4 \u2013 Strada Cuza Vod\u0103 nr. 100 \u2013 \u0218coala de Art\u0103 Bucure\u0219ti<\/strong><\/p>\n\n\n\n<ul class=\"wp-block-list\">\n<li>15:00 \u2013 20:30: Expozi\u021bie de pictur\u0103,<em>&nbsp;sec\u021bia Pictur\u0103 (adul\u021bi) \u2013 exper\u021bi Iuliana Lucan, Cristina Dragomir<\/em><\/li>\n\n\n\n<li>15:00 \u2013 20:30: Expozi\u021bie cursan\u021bi,&nbsp;<em>sec\u021bia Grafic\u0103 \u2013 exper\u021bi Antonia Corgoja, Radu R\u0103zvan<\/em><\/li>\n\n\n\n<li>15:00 \u2013 20:30: Expozi\u021bie cursan\u021bi,&nbsp;<em>sec\u021biile Art\u0103 decorativ\u0103 \u0219i Iconografie \u2013 exper\u021bi Elena Borundel, Cristina Istrate<\/em><\/li>\n\n\n\n<li>15:00 \u2013 20:30: Expozi\u021bie cursan\u021bi,<em>&nbsp;sec\u021bia Design vestimentar \u2013 expert Maria Constantinescu<\/em><\/li>\n<\/ul>\n\n\n\n<p><strong>CITE\u0218TE \u0218I: <a href=\"https:\/\/buletin.de\/bucuresti\/112-steaguri-publicitare-cu-reclama-pentru-jocuri-de-noroc-inlaturate-de-pe-calea-victoriei-si-bulevardul-eroilor\/\">112 steaguri publicitare cu reclam\u0103 pentru jocuri de noroc, \u00eenl\u0103turate de pe Calea Victoriei \u0219i Bulevardul Eroilor<\/a><\/strong><\/p>\n\n\n\n<h4 class=\"wp-block-heading\"><strong>Duminic\u0103 &#8211; 28 iulie<\/strong><\/h4>\n\n\n\n<p><strong>Calea Victoriei \u2013 Muzeul Municipiului Bucure\u0219ti \u2013 Casa Filipescu-Cesianu<\/strong><\/p>\n\n\n\n<ul class=\"wp-block-list\">\n<li>10:00 \u2013 17:30: \u201eMuzeul V\u00e2rstelor \u2013 de la copil\u0103rie la senectute\u201d \/\/ \u201e\u00cen apropierea sfin\u021bilor. Frescele M\u0103n\u0103stirii V\u0103c\u0103re\u0219ti dup\u0103 40 de ani\u201d \u2013<em>&nbsp;expozi\u021bii permanente<\/em><\/li>\n<\/ul>\n\n\n\n<p><strong>Calea Victoriei nr. 110<\/strong><\/p>\n\n\n\n<ul class=\"wp-block-list\">\n<li>11:00: \u201eScriitorii \u0219i \u0219coala de alt\u0103dat\u0103\u201d&nbsp;<em>\u2013 atelier educativ pentru copii; coordonator: Oana Oro\u0219&nbsp;<\/em><strong>(Muzeul Na\u021bional al Literaturii Rom\u00e2ne)<\/strong><\/li>\n<\/ul>\n\n\n\n<p><strong>Calea Victoriei \u2013 zona Hotel Novotel<\/strong><\/p>\n\n\n\n<ul class=\"wp-block-list\">\n<li>17:00 \u2013 21:00: Concert trupa REAL \u2013<em>&nbsp;Andra Pier\u0219inaru (voce), Radu Marinescu (chitar\u0103), Angelo Stoica (chitar\u0103), Leon Craioveanu (percu\u021bie)<\/em><\/li>\n<\/ul>\n\n\n\n<p><strong>Calea Victoriei \u2013 zona Teatrului Odeon<\/strong><\/p>\n\n\n\n<ul class=\"wp-block-list\">\n<li>17:00: Concursuri cu premii-surpriz\u0103&nbsp;<\/li>\n<\/ul>\n\n\n\n<p><strong>Calea Victoriei \u2013 zona magazin Max Mara<\/strong><\/p>\n\n\n\n<ul class=\"wp-block-list\">\n<li>17:00 \u2013 21:00: Caricaturi \u2013&nbsp;<em>Vasile Catrina<\/em><\/li>\n<\/ul>\n\n\n\n<p><strong>Sectorul 4 \u2013 Strada Cuza Vod\u0103 nr. 100 \u2013 \u0218coala de Art\u0103 Bucure\u0219ti<\/strong><\/p>\n\n\n\n<ul class=\"wp-block-list\">\n<li>15:00 \u2013 20:30: Expozi\u021bie de pictur\u0103,<em>&nbsp;sec\u021bia Pictur\u0103 (adul\u021bi) \u2013 exper\u021bi Iuliana Lucan, Cristina Dragomir<\/em><\/li>\n\n\n\n<li>15:00 \u2013 20:30: Expozi\u021bie cursan\u021bi,&nbsp;<em>sec\u021bia Grafic\u0103 \u2013 exper\u021bi Antonia Corgoja, Radu R\u0103zvan<\/em><\/li>\n\n\n\n<li>15:00 \u2013 20:30: Expozi\u021bie cursan\u021bi,&nbsp;<em>sec\u021biile Art\u0103 decorativ\u0103 \u0219i Iconografie \u2013 exper\u021bi Elena Borundel,&nbsp;&nbsp;&nbsp; Cristina Istrate<\/em><\/li>\n\n\n\n<li>15:00 \u2013 20:30: Expozi\u021bie cursan\u021bi,<em>&nbsp;sec\u021bia Design vestimentar \u2013 expert Maria Constantinescu<\/em><\/li>\n<\/ul>\n","protected":false},"excerpt":{"rendered":"<p>Un nou weekend cu \u201eStr\u0103zi deschise, Bucure\u0219ti \u2013 Promenad\u0103 Urban\u0103\u201d aduce concerte live, spectacole de acroba\u021bii \u0219i ateliere creative pe Calea Victoriei. Pentru a se bucura de programul artistic, bucure\u0219tenii sunt invita\u021bi la plimbare, motiv pentru care vor fi impuse restric\u021bii de circula\u021bie \u00een perioada 27-28 iulie, transmite ARCUB. S\u00e2mb\u0103t\u0103, de la ora 19:30, arti\u0219tii [&hellip;]<\/p>\n","protected":false},"author":55,"featured_media":92351,"comment_status":"closed","ping_status":"open","sticky":false,"template":"","format":"standard","meta":{"_acf_changed":false,"inline_featured_image":false,"ngg_post_thumbnail":0,"footnotes":""},"categories":[6994,81,5762,650],"tags":[12932,3602,4419,11189,4847,13054,4494,11575,2794,13654],"ppma_author":[22573],"class_list":["post-92341","post","type-post","status-publish","format-standard","has-post-thumbnail","hentry","category-stiri-2","category-cultura","category-main","category-transport","tag-acrobatii","tag-arcub","tag-calea-victoriei","tag-calea-victoriei-pietonala-2","tag-concerte","tag-program-strazi-deschise","tag-restrictii-de-circulatie","tag-spectacole","tag-strazi-deschise","tag-trafic-inchis"],"acf":[],"yoast_head":"<!-- This site is optimized with the Yoast SEO Premium plugin v25.3 (Yoast SEO v27.5) - https:\/\/yoast.com\/product\/yoast-seo-premium-wordpress\/ -->\n<title>Weekend cu \u201eStr\u0103zi deschise\u201d: programul artistic \u0219i restric\u021biile de circula\u021bie\u00a0 - Buletin de Bucure\u0219ti<\/title>\n<meta name=\"description\" content=\"Un nou weekend cu \u201eStr\u0103zi deschise\u201d aduce concerte live, spectacole de acroba\u021bii \u0219i ateliere creative pe Calea Victoriei.\" \/>\n<meta name=\"robots\" content=\"index, follow, max-snippet:-1, max-image-preview:large, max-video-preview:-1\" \/>\n<link rel=\"canonical\" href=\"https:\/\/buletin.de\/bucuresti\/un-nou-weekend-cu-strazi-deschise-programul-artistic-si-restrictiile-de-circulatie\/\" \/>\n<meta property=\"og:locale\" content=\"en_GB\" \/>\n<meta property=\"og:type\" content=\"article\" \/>\n<meta property=\"og:title\" content=\"Weekend cu \u201eStr\u0103zi deschise\u201d: programul artistic \u0219i restric\u021biile de circula\u021bie\u00a0\" \/>\n<meta property=\"og:description\" content=\"Un nou weekend cu \u201eStr\u0103zi deschise\u201d aduce concerte live, spectacole de acroba\u021bii \u0219i ateliere creative pe Calea Victoriei.\" \/>\n<meta property=\"og:url\" content=\"https:\/\/buletin.de\/bucuresti\/un-nou-weekend-cu-strazi-deschise-programul-artistic-si-restrictiile-de-circulatie\/\" \/>\n<meta property=\"og:site_name\" content=\"Buletin de Bucure\u0219ti\" \/>\n<meta property=\"article:publisher\" content=\"https:\/\/www.facebook.com\/buletin.de.buc\" \/>\n<meta property=\"article:published_time\" content=\"2024-07-26T04:42:17+00:00\" \/>\n<meta property=\"article:modified_time\" content=\"2024-07-26T06:49:24+00:00\" \/>\n<meta property=\"og:image\" content=\"https:\/\/buletin.de\/bucuresti\/wp-content\/uploads\/ID267433_INQUAM_Photos_Saul_Pop.jpg\" \/>\n\t<meta property=\"og:image:width\" content=\"2000\" \/>\n\t<meta property=\"og:image:height\" content=\"1333\" \/>\n\t<meta property=\"og:image:type\" content=\"image\/jpeg\" \/>\n<meta name=\"author\" content=\"Andreea Tudor\" \/>\n<meta name=\"twitter:card\" content=\"summary_large_image\" \/>\n<meta name=\"twitter:label1\" content=\"Written by\" \/>\n\t<meta name=\"twitter:data1\" content=\"Andreea Tudor\" \/>\n\t<meta name=\"twitter:label2\" content=\"Estimated reading time\" \/>\n\t<meta name=\"twitter:data2\" content=\"3 minutes\" \/>\n<script type=\"application\/ld+json\" class=\"yoast-schema-graph\">{\"@context\":\"https:\\\/\\\/schema.org\",\"@graph\":[{\"@type\":\"Article\",\"@id\":\"https:\\\/\\\/buletin.de\\\/bucuresti\\\/un-nou-weekend-cu-strazi-deschise-programul-artistic-si-restrictiile-de-circulatie\\\/#article\",\"isPartOf\":{\"@id\":\"https:\\\/\\\/buletin.de\\\/bucuresti\\\/un-nou-weekend-cu-strazi-deschise-programul-artistic-si-restrictiile-de-circulatie\\\/\"},\"author\":{\"name\":\"Andreea Tudor\",\"@id\":\"https:\\\/\\\/buletin.de\\\/bucuresti\\\/#\\\/schema\\\/person\\\/150590659efde715459d159da012f501\"},\"headline\":\"Weekend cu \u201eStr\u0103zi deschise\u201d: programul artistic \u0219i restric\u021biile de circula\u021bie\u00a0\",\"datePublished\":\"2024-07-26T04:42:17+00:00\",\"dateModified\":\"2024-07-26T06:49:24+00:00\",\"mainEntityOfPage\":{\"@id\":\"https:\\\/\\\/buletin.de\\\/bucuresti\\\/un-nou-weekend-cu-strazi-deschise-programul-artistic-si-restrictiile-de-circulatie\\\/\"},\"wordCount\":733,\"publisher\":{\"@id\":\"https:\\\/\\\/buletin.de\\\/bucuresti\\\/#organization\"},\"image\":{\"@id\":\"https:\\\/\\\/buletin.de\\\/bucuresti\\\/un-nou-weekend-cu-strazi-deschise-programul-artistic-si-restrictiile-de-circulatie\\\/#primaryimage\"},\"thumbnailUrl\":\"https:\\\/\\\/buletin.de\\\/bucuresti\\\/wp-content\\\/uploads\\\/ID267433_INQUAM_Photos_Saul_Pop.jpg\",\"keywords\":[\"acrobatii\",\"arcub\",\"calea victoriei\",\"calea victoriei pietonala\",\"Concerte\",\"program strazi deschise\",\"restrictii de circulatie\",\"Spectacole\",\"strazi deschise\",\"trafic inchis\"],\"articleSection\":[\"Articole\",\"Cultur\u0103\",\"Main\",\"Transport\"],\"inLanguage\":\"en-GB\",\"copyrightYear\":\"2024\",\"copyrightHolder\":{\"@id\":\"https:\\\/\\\/buletin.de\\\/bucuresti\\\/#organization\"}},{\"@type\":\"WebPage\",\"@id\":\"https:\\\/\\\/buletin.de\\\/bucuresti\\\/un-nou-weekend-cu-strazi-deschise-programul-artistic-si-restrictiile-de-circulatie\\\/\",\"url\":\"https:\\\/\\\/buletin.de\\\/bucuresti\\\/un-nou-weekend-cu-strazi-deschise-programul-artistic-si-restrictiile-de-circulatie\\\/\",\"name\":\"Weekend cu \u201eStr\u0103zi deschise\u201d: programul artistic \u0219i restric\u021biile de circula\u021bie\u00a0 - Buletin de Bucure\u0219ti\",\"isPartOf\":{\"@id\":\"https:\\\/\\\/buletin.de\\\/bucuresti\\\/#website\"},\"primaryImageOfPage\":{\"@id\":\"https:\\\/\\\/buletin.de\\\/bucuresti\\\/un-nou-weekend-cu-strazi-deschise-programul-artistic-si-restrictiile-de-circulatie\\\/#primaryimage\"},\"image\":{\"@id\":\"https:\\\/\\\/buletin.de\\\/bucuresti\\\/un-nou-weekend-cu-strazi-deschise-programul-artistic-si-restrictiile-de-circulatie\\\/#primaryimage\"},\"thumbnailUrl\":\"https:\\\/\\\/buletin.de\\\/bucuresti\\\/wp-content\\\/uploads\\\/ID267433_INQUAM_Photos_Saul_Pop.jpg\",\"datePublished\":\"2024-07-26T04:42:17+00:00\",\"dateModified\":\"2024-07-26T06:49:24+00:00\",\"description\":\"Un nou weekend cu \u201eStr\u0103zi deschise\u201d aduce concerte live, spectacole de acroba\u021bii \u0219i ateliere creative pe Calea Victoriei.\",\"breadcrumb\":{\"@id\":\"https:\\\/\\\/buletin.de\\\/bucuresti\\\/un-nou-weekend-cu-strazi-deschise-programul-artistic-si-restrictiile-de-circulatie\\\/#breadcrumb\"},\"inLanguage\":\"en-GB\",\"potentialAction\":[{\"@type\":\"ReadAction\",\"target\":[\"https:\\\/\\\/buletin.de\\\/bucuresti\\\/un-nou-weekend-cu-strazi-deschise-programul-artistic-si-restrictiile-de-circulatie\\\/\"]}]},{\"@type\":\"ImageObject\",\"inLanguage\":\"en-GB\",\"@id\":\"https:\\\/\\\/buletin.de\\\/bucuresti\\\/un-nou-weekend-cu-strazi-deschise-programul-artistic-si-restrictiile-de-circulatie\\\/#primaryimage\",\"url\":\"https:\\\/\\\/buletin.de\\\/bucuresti\\\/wp-content\\\/uploads\\\/ID267433_INQUAM_Photos_Saul_Pop.jpg\",\"contentUrl\":\"https:\\\/\\\/buletin.de\\\/bucuresti\\\/wp-content\\\/uploads\\\/ID267433_INQUAM_Photos_Saul_Pop.jpg\",\"width\":2000,\"height\":1333,\"caption\":\"Str\u0103zi Deschise\\\/ Foto: Inquam Photos \\\/ Saul Pop\"},{\"@type\":\"BreadcrumbList\",\"@id\":\"https:\\\/\\\/buletin.de\\\/bucuresti\\\/un-nou-weekend-cu-strazi-deschise-programul-artistic-si-restrictiile-de-circulatie\\\/#breadcrumb\",\"itemListElement\":[{\"@type\":\"ListItem\",\"position\":1,\"name\":\"Acas\u0103\",\"item\":\"https:\\\/\\\/buletin.de\\\/bucuresti\\\/\"},{\"@type\":\"ListItem\",\"position\":2,\"name\":\"Weekend cu \u201eStr\u0103zi deschise\u201d: programul artistic \u0219i restric\u021biile de circula\u021bie\u00a0\"}]},{\"@type\":\"WebSite\",\"@id\":\"https:\\\/\\\/buletin.de\\\/bucuresti\\\/#website\",\"url\":\"https:\\\/\\\/buletin.de\\\/bucuresti\\\/\",\"name\":\"Buletin de Bucure\u0219ti\",\"description\":\"\u0218tiri \u0219i investiga\u021bii esen\u021biale din capital\u0103\",\"publisher\":{\"@id\":\"https:\\\/\\\/buletin.de\\\/bucuresti\\\/#organization\"},\"potentialAction\":[{\"@type\":\"SearchAction\",\"target\":{\"@type\":\"EntryPoint\",\"urlTemplate\":\"https:\\\/\\\/buletin.de\\\/bucuresti\\\/?s={search_term_string}\"},\"query-input\":{\"@type\":\"PropertyValueSpecification\",\"valueRequired\":true,\"valueName\":\"search_term_string\"}}],\"inLanguage\":\"en-GB\"},{\"@type\":\"Organization\",\"@id\":\"https:\\\/\\\/buletin.de\\\/bucuresti\\\/#organization\",\"name\":\"Buletin de Bucure\u0219ti\",\"url\":\"https:\\\/\\\/buletin.de\\\/bucuresti\\\/\",\"logo\":{\"@type\":\"ImageObject\",\"inLanguage\":\"en-GB\",\"@id\":\"https:\\\/\\\/buletin.de\\\/bucuresti\\\/#\\\/schema\\\/logo\\\/image\\\/\",\"url\":\"https:\\\/\\\/buletin.de\\\/bucuresti\\\/wp-content\\\/uploads\\\/logo-bdb-full-wide-vernil-transparent.png\",\"contentUrl\":\"https:\\\/\\\/buletin.de\\\/bucuresti\\\/wp-content\\\/uploads\\\/logo-bdb-full-wide-vernil-transparent.png\",\"width\":1782,\"height\":626,\"caption\":\"Buletin de Bucure\u0219ti\"},\"image\":{\"@id\":\"https:\\\/\\\/buletin.de\\\/bucuresti\\\/#\\\/schema\\\/logo\\\/image\\\/\"},\"sameAs\":[\"https:\\\/\\\/www.facebook.com\\\/buletin.de.buc\",\"https:\\\/\\\/www.instagram.com\\\/buletinde.bucuresti\\\/\"]},{\"@type\":\"Person\",\"@id\":\"https:\\\/\\\/buletin.de\\\/bucuresti\\\/#\\\/schema\\\/person\\\/150590659efde715459d159da012f501\",\"name\":\"Andreea Tudor\",\"image\":{\"@type\":\"ImageObject\",\"inLanguage\":\"en-GB\",\"@id\":\"https:\\\/\\\/secure.gravatar.com\\\/avatar\\\/a88705a186ab0b67f3349bcbced506c09e37256fbaad0e7f3bd1a79b4599f589?s=96&d=monsterid&r=g79290610aa1a65c2b86eebc2ca5aee8f\",\"url\":\"https:\\\/\\\/secure.gravatar.com\\\/avatar\\\/a88705a186ab0b67f3349bcbced506c09e37256fbaad0e7f3bd1a79b4599f589?s=96&d=monsterid&r=g\",\"contentUrl\":\"https:\\\/\\\/secure.gravatar.com\\\/avatar\\\/a88705a186ab0b67f3349bcbced506c09e37256fbaad0e7f3bd1a79b4599f589?s=96&d=monsterid&r=g\",\"caption\":\"Andreea Tudor\"},\"description\":\"N\u0103scut\u0103 \u0219i crescut\u0103 \u00een Bucure\u0219ti, sus\u021bin\u0103toare a presei independente. A\u0219a am ajuns redactor la Buletin de Bucure\u0219ti. Fiind eu, \u00eens\u0103mi, parte a sistemului de \u00eenv\u0103\u021b\u0103m\u00e2nt rom\u00e2nesc \u0219i pasionat\u0103 de domeniul social, pun sub lup\u0103 tot ceea ce se \u00eent\u00e2mpl\u0103 \u00een sfera educa\u021biei. Cred cu t\u0103rie c\u0103 presa \u201epentru cet\u0103\u021beni\u201d este presa independent\u0103. Oamenii au nevoie de o informare corect\u0103 pentru a \u00een\u021belege pe deplin ce se \u00eent\u00e2mpl\u0103 \u00een jurul lor \u0219i pentru a lua ac\u021biune \u00eempotriva nedrept\u0103\u021bilor.\",\"url\":\"https:\\\/\\\/buletin.de\\\/bucuresti\\\/author\\\/andreeatudor\\\/\"}]}<\/script>\n<!-- \/ Yoast SEO Premium plugin. -->","yoast_head_json":{"title":"Weekend cu \u201eStr\u0103zi deschise\u201d: programul artistic \u0219i restric\u021biile de circula\u021bie\u00a0 - Buletin de Bucure\u0219ti","description":"Un nou weekend cu \u201eStr\u0103zi deschise\u201d aduce concerte live, spectacole de acroba\u021bii \u0219i ateliere creative pe Calea Victoriei.","robots":{"index":"index","follow":"follow","max-snippet":"max-snippet:-1","max-image-preview":"max-image-preview:large","max-video-preview":"max-video-preview:-1"},"canonical":"https:\/\/buletin.de\/bucuresti\/un-nou-weekend-cu-strazi-deschise-programul-artistic-si-restrictiile-de-circulatie\/","og_locale":"en_GB","og_type":"article","og_title":"Weekend cu \u201eStr\u0103zi deschise\u201d: programul artistic \u0219i restric\u021biile de circula\u021bie\u00a0","og_description":"Un nou weekend cu \u201eStr\u0103zi deschise\u201d aduce concerte live, spectacole de acroba\u021bii \u0219i ateliere creative pe Calea Victoriei.","og_url":"https:\/\/buletin.de\/bucuresti\/un-nou-weekend-cu-strazi-deschise-programul-artistic-si-restrictiile-de-circulatie\/","og_site_name":"Buletin de Bucure\u0219ti","article_publisher":"https:\/\/www.facebook.com\/buletin.de.buc","article_published_time":"2024-07-26T04:42:17+00:00","article_modified_time":"2024-07-26T06:49:24+00:00","og_image":[{"width":2000,"height":1333,"url":"https:\/\/buletin.de\/bucuresti\/wp-content\/uploads\/ID267433_INQUAM_Photos_Saul_Pop.jpg","type":"image\/jpeg"}],"author":"Andreea Tudor","twitter_card":"summary_large_image","twitter_misc":{"Written by":"Andreea Tudor","Estimated reading time":"3 minutes"},"schema":{"@context":"https:\/\/schema.org","@graph":[{"@type":"Article","@id":"https:\/\/buletin.de\/bucuresti\/un-nou-weekend-cu-strazi-deschise-programul-artistic-si-restrictiile-de-circulatie\/#article","isPartOf":{"@id":"https:\/\/buletin.de\/bucuresti\/un-nou-weekend-cu-strazi-deschise-programul-artistic-si-restrictiile-de-circulatie\/"},"author":{"name":"Andreea Tudor","@id":"https:\/\/buletin.de\/bucuresti\/#\/schema\/person\/150590659efde715459d159da012f501"},"headline":"Weekend cu \u201eStr\u0103zi deschise\u201d: programul artistic \u0219i restric\u021biile de circula\u021bie\u00a0","datePublished":"2024-07-26T04:42:17+00:00","dateModified":"2024-07-26T06:49:24+00:00","mainEntityOfPage":{"@id":"https:\/\/buletin.de\/bucuresti\/un-nou-weekend-cu-strazi-deschise-programul-artistic-si-restrictiile-de-circulatie\/"},"wordCount":733,"publisher":{"@id":"https:\/\/buletin.de\/bucuresti\/#organization"},"image":{"@id":"https:\/\/buletin.de\/bucuresti\/un-nou-weekend-cu-strazi-deschise-programul-artistic-si-restrictiile-de-circulatie\/#primaryimage"},"thumbnailUrl":"https:\/\/buletin.de\/bucuresti\/wp-content\/uploads\/ID267433_INQUAM_Photos_Saul_Pop.jpg","keywords":["acrobatii","arcub","calea victoriei","calea victoriei pietonala","Concerte","program strazi deschise","restrictii de circulatie","Spectacole","strazi deschise","trafic inchis"],"articleSection":["Articole","Cultur\u0103","Main","Transport"],"inLanguage":"en-GB","copyrightYear":"2024","copyrightHolder":{"@id":"https:\/\/buletin.de\/bucuresti\/#organization"}},{"@type":"WebPage","@id":"https:\/\/buletin.de\/bucuresti\/un-nou-weekend-cu-strazi-deschise-programul-artistic-si-restrictiile-de-circulatie\/","url":"https:\/\/buletin.de\/bucuresti\/un-nou-weekend-cu-strazi-deschise-programul-artistic-si-restrictiile-de-circulatie\/","name":"Weekend cu \u201eStr\u0103zi deschise\u201d: programul artistic \u0219i restric\u021biile de circula\u021bie\u00a0 - Buletin de Bucure\u0219ti","isPartOf":{"@id":"https:\/\/buletin.de\/bucuresti\/#website"},"primaryImageOfPage":{"@id":"https:\/\/buletin.de\/bucuresti\/un-nou-weekend-cu-strazi-deschise-programul-artistic-si-restrictiile-de-circulatie\/#primaryimage"},"image":{"@id":"https:\/\/buletin.de\/bucuresti\/un-nou-weekend-cu-strazi-deschise-programul-artistic-si-restrictiile-de-circulatie\/#primaryimage"},"thumbnailUrl":"https:\/\/buletin.de\/bucuresti\/wp-content\/uploads\/ID267433_INQUAM_Photos_Saul_Pop.jpg","datePublished":"2024-07-26T04:42:17+00:00","dateModified":"2024-07-26T06:49:24+00:00","description":"Un nou weekend cu \u201eStr\u0103zi deschise\u201d aduce concerte live, spectacole de acroba\u021bii \u0219i ateliere creative pe Calea Victoriei.","breadcrumb":{"@id":"https:\/\/buletin.de\/bucuresti\/un-nou-weekend-cu-strazi-deschise-programul-artistic-si-restrictiile-de-circulatie\/#breadcrumb"},"inLanguage":"en-GB","potentialAction":[{"@type":"ReadAction","target":["https:\/\/buletin.de\/bucuresti\/un-nou-weekend-cu-strazi-deschise-programul-artistic-si-restrictiile-de-circulatie\/"]}]},{"@type":"ImageObject","inLanguage":"en-GB","@id":"https:\/\/buletin.de\/bucuresti\/un-nou-weekend-cu-strazi-deschise-programul-artistic-si-restrictiile-de-circulatie\/#primaryimage","url":"https:\/\/buletin.de\/bucuresti\/wp-content\/uploads\/ID267433_INQUAM_Photos_Saul_Pop.jpg","contentUrl":"https:\/\/buletin.de\/bucuresti\/wp-content\/uploads\/ID267433_INQUAM_Photos_Saul_Pop.jpg","width":2000,"height":1333,"caption":"Str\u0103zi Deschise\/ Foto: Inquam Photos \/ Saul Pop"},{"@type":"BreadcrumbList","@id":"https:\/\/buletin.de\/bucuresti\/un-nou-weekend-cu-strazi-deschise-programul-artistic-si-restrictiile-de-circulatie\/#breadcrumb","itemListElement":[{"@type":"ListItem","position":1,"name":"Acas\u0103","item":"https:\/\/buletin.de\/bucuresti\/"},{"@type":"ListItem","position":2,"name":"Weekend cu \u201eStr\u0103zi deschise\u201d: programul artistic \u0219i restric\u021biile de circula\u021bie\u00a0"}]},{"@type":"WebSite","@id":"https:\/\/buletin.de\/bucuresti\/#website","url":"https:\/\/buletin.de\/bucuresti\/","name":"Buletin de Bucure\u0219ti","description":"\u0218tiri \u0219i investiga\u021bii esen\u021biale din capital\u0103","publisher":{"@id":"https:\/\/buletin.de\/bucuresti\/#organization"},"potentialAction":[{"@type":"SearchAction","target":{"@type":"EntryPoint","urlTemplate":"https:\/\/buletin.de\/bucuresti\/?s={search_term_string}"},"query-input":{"@type":"PropertyValueSpecification","valueRequired":true,"valueName":"search_term_string"}}],"inLanguage":"en-GB"},{"@type":"Organization","@id":"https:\/\/buletin.de\/bucuresti\/#organization","name":"Buletin de Bucure\u0219ti","url":"https:\/\/buletin.de\/bucuresti\/","logo":{"@type":"ImageObject","inLanguage":"en-GB","@id":"https:\/\/buletin.de\/bucuresti\/#\/schema\/logo\/image\/","url":"https:\/\/buletin.de\/bucuresti\/wp-content\/uploads\/logo-bdb-full-wide-vernil-transparent.png","contentUrl":"https:\/\/buletin.de\/bucuresti\/wp-content\/uploads\/logo-bdb-full-wide-vernil-transparent.png","width":1782,"height":626,"caption":"Buletin de Bucure\u0219ti"},"image":{"@id":"https:\/\/buletin.de\/bucuresti\/#\/schema\/logo\/image\/"},"sameAs":["https:\/\/www.facebook.com\/buletin.de.buc","https:\/\/www.instagram.com\/buletinde.bucuresti\/"]},{"@type":"Person","@id":"https:\/\/buletin.de\/bucuresti\/#\/schema\/person\/150590659efde715459d159da012f501","name":"Andreea Tudor","image":{"@type":"ImageObject","inLanguage":"en-GB","@id":"https:\/\/secure.gravatar.com\/avatar\/a88705a186ab0b67f3349bcbced506c09e37256fbaad0e7f3bd1a79b4599f589?s=96&d=monsterid&r=g79290610aa1a65c2b86eebc2ca5aee8f","url":"https:\/\/secure.gravatar.com\/avatar\/a88705a186ab0b67f3349bcbced506c09e37256fbaad0e7f3bd1a79b4599f589?s=96&d=monsterid&r=g","contentUrl":"https:\/\/secure.gravatar.com\/avatar\/a88705a186ab0b67f3349bcbced506c09e37256fbaad0e7f3bd1a79b4599f589?s=96&d=monsterid&r=g","caption":"Andreea Tudor"},"description":"N\u0103scut\u0103 \u0219i crescut\u0103 \u00een Bucure\u0219ti, sus\u021bin\u0103toare a presei independente. A\u0219a am ajuns redactor la Buletin de Bucure\u0219ti. Fiind eu, \u00eens\u0103mi, parte a sistemului de \u00eenv\u0103\u021b\u0103m\u00e2nt rom\u00e2nesc \u0219i pasionat\u0103 de domeniul social, pun sub lup\u0103 tot ceea ce se \u00eent\u00e2mpl\u0103 \u00een sfera educa\u021biei. Cred cu t\u0103rie c\u0103 presa \u201epentru cet\u0103\u021beni\u201d este presa independent\u0103. Oamenii au nevoie de o informare corect\u0103 pentru a \u00een\u021belege pe deplin ce se \u00eent\u00e2mpl\u0103 \u00een jurul lor \u0219i pentru a lua ac\u021biune \u00eempotriva nedrept\u0103\u021bilor.","url":"https:\/\/buletin.de\/bucuresti\/author\/andreeatudor\/"}]}},"authors":[{"term_id":22573,"user_id":55,"is_guest":0,"slug":"andreeatudor","display_name":"Andreea Tudor","avatar_url":"https:\/\/secure.gravatar.com\/avatar\/a88705a186ab0b67f3349bcbced506c09e37256fbaad0e7f3bd1a79b4599f589?s=96&d=monsterid&r=g","0":null,"1":"","2":"","3":"","4":"","5":"","6":"","7":"","8":""}],"_links":{"self":[{"href":"https:\/\/buletin.de\/bucuresti\/wp-json\/wp\/v2\/posts\/92341","targetHints":{"allow":["GET"]}}],"collection":[{"href":"https:\/\/buletin.de\/bucuresti\/wp-json\/wp\/v2\/posts"}],"about":[{"href":"https:\/\/buletin.de\/bucuresti\/wp-json\/wp\/v2\/types\/post"}],"author":[{"embeddable":true,"href":"https:\/\/buletin.de\/bucuresti\/wp-json\/wp\/v2\/users\/55"}],"replies":[{"embeddable":true,"href":"https:\/\/buletin.de\/bucuresti\/wp-json\/wp\/v2\/comments?post=92341"}],"version-history":[{"count":13,"href":"https:\/\/buletin.de\/bucuresti\/wp-json\/wp\/v2\/posts\/92341\/revisions"}],"predecessor-version":[{"id":92388,"href":"https:\/\/buletin.de\/bucuresti\/wp-json\/wp\/v2\/posts\/92341\/revisions\/92388"}],"wp:featuredmedia":[{"embeddable":true,"href":"https:\/\/buletin.de\/bucuresti\/wp-json\/wp\/v2\/media\/92351"}],"wp:attachment":[{"href":"https:\/\/buletin.de\/bucuresti\/wp-json\/wp\/v2\/media?parent=92341"}],"wp:term":[{"taxonomy":"category","embeddable":true,"href":"https:\/\/buletin.de\/bucuresti\/wp-json\/wp\/v2\/categories?post=92341"},{"taxonomy":"post_tag","embeddable":true,"href":"https:\/\/buletin.de\/bucuresti\/wp-json\/wp\/v2\/tags?post=92341"},{"taxonomy":"author","embeddable":true,"href":"https:\/\/buletin.de\/bucuresti\/wp-json\/wp\/v2\/ppma_author?post=92341"}],"curies":[{"name":"wp","href":"https:\/\/api.w.org\/{rel}","templated":true}]}}