{"id":92326,"date":"2024-07-26T07:13:56","date_gmt":"2024-07-26T04:13:56","guid":{"rendered":"https:\/\/buletin.de\/bucuresti\/?p=92326"},"modified":"2024-07-26T09:19:57","modified_gmt":"2024-07-26T06:19:57","slug":"restrictii-nocturne-pe-autostrada-soarelui-pentru-finalizarea-lucrarilor-la-fluturele-gigant-dintre-a0-si-a2","status":"publish","type":"post","link":"https:\/\/buletin.de\/bucuresti\/restrictii-nocturne-pe-autostrada-soarelui-pentru-finalizarea-lucrarilor-la-fluturele-gigant-dintre-a0-si-a2\/","title":{"rendered":"Restric\u021bii pe Autostrada Soarelui, pentru finalizarea lucr\u0103rilor la \u201efluturele-gigant\u201d dintre A0 \u0219i A2"},"content":{"rendered":"\n<p><strong>Restric\u021bii pe Autostrada Soarelui, anun\u021bate de Poli\u021bia Rom\u00e2n\u0103. Circula\u021bia pe Autostrada A2 se va \u00eenchide \u00een noaptea de s\u00e2mb\u0103t\u0103 spre duminic\u0103, 27-28 iulie, \u00eentre kilometrii 12 \u2013 15+500. M\u0103sura este valabil\u0103 \u00een intervalul 23:00 \u2013 04:00.<\/strong><\/p>\n\n\n\n<p>Restric\u021bia este impus\u0103 cu scopul finaliz\u0103rii lucr\u0103rilor \u00een zona nodului rutier dintre Autostrada A2 \u0219i Autostrada A0. Lotul de 10 kilometri al Autostr\u0103zii Bucure\u0219ti, dintre DN4 \u0219i drumul de vitez\u0103 spre Constan\u021ba, ar trebui dat \u00een trafic s\u0103pt\u0103m\u00e2na viitoare, dup\u0103 o \u00eent\u00e2rziere de peste jum\u0103tate de an fa\u021b\u0103 de termenul stabilit ini\u021bial.<\/p>\n\n\n\n<p>Lucr\u0103rile la \u201cfluturele-gigant\u201d dintre A0 \u0219i A2 Bucure\u0219ti-Constan\u021ba sunt realizate de asocierea turc\u0103 Alsim Alarko Sanayi Tesisleri ve Ticaret AS, ca parte a lotului 1 al A0 Sud, un tronson \u00een lungime total\u0103 de 16,9 kilometri, a\u0219a cum a scris Buletin de Bucure\u0219ti<a href=\"https:\/\/buletin.de\/bucuresti\/video-fluturele-gigant-dintre-autostrada-bucuresti-si-autostrada-soarelui-gata-la-vara-podul-de-peste-dambovita-se-asfalteaza\/\"><strong> aici<\/strong>.<\/a><\/p>\n\n\n\n<figure class=\"wp-block-image size-large\"><img fetchpriority=\"high\" decoding=\"async\" width=\"900\" height=\"481\" src=\"data:image\/gif;base64,R0lGODlhAQABAAAAACH5BAEKAAEALAAAAAABAAEAAAICTAEAOw==\" data-src=\"https:\/\/buletin.de\/bucuresti\/wp-content\/uploads\/nod-900x481.jpg\" alt=\"\" class=\"wp-image-83340 lazyload\" data-sizes=\"auto\" data-srcset=\"https:\/\/buletin.de\/bucuresti\/wp-content\/uploads\/nod-900x481.jpg 900w, https:\/\/buletin.de\/bucuresti\/wp-content\/uploads\/nod-300x160.jpg 300w, https:\/\/buletin.de\/bucuresti\/wp-content\/uploads\/nod-768x410.jpg 768w, https:\/\/buletin.de\/bucuresti\/wp-content\/uploads\/nod-1100x588.jpg 1100w, https:\/\/buletin.de\/bucuresti\/wp-content\/uploads\/nod-600x321.jpg 600w, https:\/\/buletin.de\/bucuresti\/wp-content\/uploads\/nod-20x11.jpg 20w, https:\/\/buletin.de\/bucuresti\/wp-content\/uploads\/nod.jpg 1529w\" sizes=\"(max-width: 900px) 100vw, 900px\" \/><figcaption class=\"wp-element-caption\">Lucr\u0103ri la nodul rutier A0-A2\/ Foto: Captur\u0103 video\/ Infrastructura Rom\u00e2nia<\/figcaption><\/figure>\n\n\n\n<p><strong>CITE\u0218TE \u0218I: <a href=\"https:\/\/buletin.de\/bucuresti\/video-fluturele-gigant-dintre-autostrada-bucuresti-si-autostrada-soarelui-gata-la-vara-podul-de-peste-dambovita-se-asfalteaza\/\">VIDEO | \u201eFluturele-gigant\u201d dintre Autostrada Bucure\u0219ti \u0219i Autostrada Soarelui, gata la var\u0103. Podul de peste D\u00e2mbovi\u021ba se asfalteaz\u0103<\/a><\/strong><\/p>\n\n\n\n<p>\u00cen intervalul 23:00 \u2013 04:00, circula\u021bia autovehiculelor se va desf\u0103\u0219ura&nbsp; pe&nbsp; rute&nbsp; ocolitoare, respectiv:<\/p>\n\n\n\n<p>1. sensul spre Constan\u021ba: Bd. Theodor Pallady \u2013 A2 (km.12+000)-Centura Bucuresti-DN 3-Fundulea-A2-Constanta;<\/p>\n\n\n\n<p>2. sensul spre Bucure\u0219ti: A2 (km.15+500)- Cernica-DJ 301-Centura Bucure\u0219ti-Bucure\u0219ti.<\/p>\n\n\n\n<p>\u0218oferii sunt sf\u0103tui\u021bi s\u0103 conduc\u0103 cu aten\u0163ie \u015fi s\u0103 reduc\u0103 viteza \u00een zona lucr\u0103rilor semnalizate, transmite Poli\u021bia Rom\u00e2n\u0103.<\/p>\n\n\n\n<h2 class=\"wp-block-heading\">Restric\u021bii pe Autostrada Soarelui. Autostrada A0 ajunge la A2<\/h2>\n\n\n\n<p>Recent, Ionel Scrio\u0219teanu, secretarul de stat din Ministerul Transporturilor, anun\u021ba c\u0103 zece kilometri din lotul 1 al A0 Sud vor fi da\u021bi \u00een trafic de s\u0103pt\u0103m\u00e2na viitoare. Este vorba despre por\u021biunea dintre DN4 \u0219i Autostrada Soarelui, unde lucr\u0103rile sunt pe ultima sut\u0103 de metri.<\/p>\n\n\n\n<p><strong>CITE\u0218TE \u0218I: <a href=\"https:\/\/buletin.de\/bucuresti\/autostrada-a0-ajunge-la-a2-spre-constanta-intr-o-saptamana\/\">Autostrada A0 ajunge la A2, spre Constan\u021ba, \u00eentr-o s\u0103pt\u0103m\u00e2n\u0103<\/a><\/strong><\/p>\n\n\n\n<blockquote class=\"wp-block-quote is-layout-flow wp-block-quote-is-layout-flow\">\n<p class=\"has-medium-font-size\"><strong>De s\u0103pt\u0103m\u00e2na viitoare se va putea circula \u0219i pe acest tronson<\/strong>.<\/p>\n<cite>Irinel Ionel Scrio\u0219teanu, secretar de Stat \u00een Ministerul Transporturilor<\/cite><\/blockquote>\n\n\n\n<iframe src=\"https:\/\/www.facebook.com\/plugins\/video.php?height=476&#038;href=https%3A%2F%2Fwww.facebook.com%2FIrinelScriosteanu%2Fvideos%2F1663871061044873%2F&#038;show_text=false&#038;width=267&#038;t=0\" width=\"267\" height=\"476\" style=\"border:none;overflow:hidden\" scrolling=\"no\" frameborder=\"0\" allowfullscreen=\"true\" allow=\"autoplay; clipboard-write; encrypted-media; picture-in-picture; web-share\" allowFullScreen=\"true\"><\/iframe>\n\n\n\n<p>De altfel, un tronson de \u0219ase kilometri din lotul 1 al A0 Sud a fost deschis circula\u021biei la mijlocul lunii mai, cu o \u00eent\u00e2rziere de jum\u0103tate de an, a\u0219a cum a scris Buletin de Bucure\u0219ti aici.<\/p>\n\n\n\n<p><strong>CITE\u0218TE \u0218I: <a href=\"https:\/\/buletin.de\/bucuresti\/autostrada-bucuresti-doua-cioturi-dintre-glina-si-bragadiru-inaugurate-cu-jumatate-de-an-intarziere\/\">Autostrada Bucure\u0219ti | Dou\u0103 \u201ecioturi\u201d dintre Glina \u0219i Bragadiru, inaugurate cu jum\u0103tate de an \u00eent\u00e2rziere<\/a><\/strong><\/p>\n\n\n\n<p>Segmentul Sud al Autostr\u0103zii Bucure\u0219ti, este \u00eemp\u0103r\u021bit \u00een trei loturi, pentru care au fost anun\u021ba\u021bi c\u00e2\u0219tig\u0103torii licita\u021biilor \u00eenc\u0103 din prim\u0103vara lui 2019. Primele dou\u0103 loturi au fost c\u00e2\u0219tigate de consor\u021biul turcesc Alsim-Alarko iar cel de-al treilea de asocierea greco-rom\u00e2n\u0103 Aktor-Euroconstruct. Ulterior, Aktor a preluat construc\u0163ia \u00een \u00eentregime,&nbsp;<a href=\"https:\/\/www.rador.ro\/2022\/06\/06\/capital-gr-compania-aktor-anunta-o-solutie-pentru-nodul-gordian-reprezentat-de-un-proiect-in-valoare-de-150-de-milioane-de-euro-din-romania\/\">potrivit Rador<\/a>.<\/p>\n\n\n\n<p><a href=\"https:\/\/buletin.de\/bucuresti\/o-noua-amanare-pentru-a0-sud-sorin-grindeanu-tot-ce-tine-de-partea-sudica-va-fi-gata-in-iunie-iulie-anul-viitor\/\">Potrivit contractelor, cele trei loturi ar fi trebuit s\u0103 fie gata \u00een octombrie 2023 (Lotul 1), iulie 2023 (Lotul 2) \u0219i \u00een septembrie 2023 (Lotul 3).<\/a><\/p>\n","protected":false},"excerpt":{"rendered":"<p>Restric\u021bii pe Autostrada Soarelui, anun\u021bate de Poli\u021bia Rom\u00e2n\u0103. Circula\u021bia pe Autostrada A2 se va \u00eenchide \u00een noaptea de s\u00e2mb\u0103t\u0103 spre duminic\u0103, 27-28 iulie, \u00eentre kilometrii 12 \u2013 15+500. M\u0103sura este valabil\u0103 \u00een intervalul 23:00 \u2013 04:00. Restric\u021bia este impus\u0103 cu scopul finaliz\u0103rii lucr\u0103rilor \u00een zona nodului rutier dintre Autostrada A2 \u0219i Autostrada A0. Lotul de [&hellip;]<\/p>\n","protected":false},"author":55,"featured_media":92335,"comment_status":"closed","ping_status":"open","sticky":false,"template":"","format":"standard","meta":{"_acf_changed":false,"inline_featured_image":false,"ngg_post_thumbnail":0,"footnotes":""},"categories":[6994,62,650],"tags":[1465,984,5158,985,7897,671,4494,13654,401],"ppma_author":[22573],"class_list":["post-92326","post","type-post","status-publish","format-standard","has-post-thumbnail","hentry","category-stiri-2","category-stiri","category-transport","tag-a0","tag-a2","tag-autostrada-bucuresti","tag-autostrada-soarelui","tag-nod-rutier","tag-politia-romana","tag-restrictii-de-circulatie","tag-trafic-inchis","tag-transport"],"acf":[],"yoast_head":"<!-- This site is optimized with the Yoast SEO Premium plugin v25.3 (Yoast SEO v27.5) - https:\/\/yoast.com\/product\/yoast-seo-premium-wordpress\/ -->\n<title>Restric\u021bii pe Autostrada Soarelui, pentru finalizarea lucr\u0103rilor la \u201efluturele-gigant\u201d dintre A0 \u0219i A2 - Buletin de Bucure\u0219ti<\/title>\n<meta name=\"description\" content=\"Restric\u021bii pe Autostrada Soarelui: Circula\u021bia pe A2 se va \u00eenchide \u00een weekend, \u00een noaptea de 27 spre 28 iulie, \u00eentre kilometrii 12 -15+500.\" \/>\n<meta name=\"robots\" content=\"index, follow, max-snippet:-1, max-image-preview:large, max-video-preview:-1\" \/>\n<link rel=\"canonical\" href=\"https:\/\/buletin.de\/bucuresti\/restrictii-nocturne-pe-autostrada-soarelui-pentru-finalizarea-lucrarilor-la-fluturele-gigant-dintre-a0-si-a2\/\" \/>\n<meta property=\"og:locale\" content=\"en_GB\" \/>\n<meta property=\"og:type\" content=\"article\" \/>\n<meta property=\"og:title\" content=\"Restric\u021bii pe Autostrada Soarelui, pentru finalizarea lucr\u0103rilor la \u201efluturele-gigant\u201d dintre A0 \u0219i A2\" \/>\n<meta property=\"og:description\" content=\"Restric\u021bii pe Autostrada Soarelui: Circula\u021bia pe A2 se va \u00eenchide \u00een weekend, \u00een noaptea de 27 spre 28 iulie, \u00eentre kilometrii 12 -15+500.\" \/>\n<meta property=\"og:url\" content=\"https:\/\/buletin.de\/bucuresti\/restrictii-nocturne-pe-autostrada-soarelui-pentru-finalizarea-lucrarilor-la-fluturele-gigant-dintre-a0-si-a2\/\" \/>\n<meta property=\"og:site_name\" content=\"Buletin de Bucure\u0219ti\" \/>\n<meta property=\"article:publisher\" content=\"https:\/\/www.facebook.com\/buletin.de.buc\" \/>\n<meta property=\"article:published_time\" content=\"2024-07-26T04:13:56+00:00\" \/>\n<meta property=\"article:modified_time\" content=\"2024-07-26T06:19:57+00:00\" \/>\n<meta property=\"og:image\" content=\"https:\/\/buletin.de\/bucuresti\/wp-content\/uploads\/ID225713_INQUAM_Photos_George_Calin.jpg\" \/>\n\t<meta property=\"og:image:width\" content=\"2000\" \/>\n\t<meta property=\"og:image:height\" content=\"1333\" \/>\n\t<meta property=\"og:image:type\" content=\"image\/jpeg\" \/>\n<meta name=\"author\" content=\"Andreea Tudor\" \/>\n<meta name=\"twitter:card\" content=\"summary_large_image\" \/>\n<meta name=\"twitter:label1\" content=\"Written by\" \/>\n\t<meta name=\"twitter:data1\" content=\"Andreea Tudor\" \/>\n\t<meta name=\"twitter:label2\" content=\"Estimated reading time\" \/>\n\t<meta name=\"twitter:data2\" content=\"3 minutes\" \/>\n<script type=\"application\/ld+json\" class=\"yoast-schema-graph\">{\"@context\":\"https:\\\/\\\/schema.org\",\"@graph\":[{\"@type\":\"Article\",\"@id\":\"https:\\\/\\\/buletin.de\\\/bucuresti\\\/restrictii-nocturne-pe-autostrada-soarelui-pentru-finalizarea-lucrarilor-la-fluturele-gigant-dintre-a0-si-a2\\\/#article\",\"isPartOf\":{\"@id\":\"https:\\\/\\\/buletin.de\\\/bucuresti\\\/restrictii-nocturne-pe-autostrada-soarelui-pentru-finalizarea-lucrarilor-la-fluturele-gigant-dintre-a0-si-a2\\\/\"},\"author\":{\"name\":\"Andreea Tudor\",\"@id\":\"https:\\\/\\\/buletin.de\\\/bucuresti\\\/#\\\/schema\\\/person\\\/150590659efde715459d159da012f501\"},\"headline\":\"Restric\u021bii pe Autostrada Soarelui, pentru finalizarea lucr\u0103rilor la \u201efluturele-gigant\u201d dintre A0 \u0219i A2\",\"datePublished\":\"2024-07-26T04:13:56+00:00\",\"dateModified\":\"2024-07-26T06:19:57+00:00\",\"mainEntityOfPage\":{\"@id\":\"https:\\\/\\\/buletin.de\\\/bucuresti\\\/restrictii-nocturne-pe-autostrada-soarelui-pentru-finalizarea-lucrarilor-la-fluturele-gigant-dintre-a0-si-a2\\\/\"},\"wordCount\":508,\"publisher\":{\"@id\":\"https:\\\/\\\/buletin.de\\\/bucuresti\\\/#organization\"},\"image\":{\"@id\":\"https:\\\/\\\/buletin.de\\\/bucuresti\\\/restrictii-nocturne-pe-autostrada-soarelui-pentru-finalizarea-lucrarilor-la-fluturele-gigant-dintre-a0-si-a2\\\/#primaryimage\"},\"thumbnailUrl\":\"https:\\\/\\\/buletin.de\\\/bucuresti\\\/wp-content\\\/uploads\\\/ID225713_INQUAM_Photos_George_Calin.jpg\",\"keywords\":[\"A0\",\"a2\",\"autostrada bucuresti\",\"autostrada soarelui\",\"nod rutier\",\"politia romana\",\"restrictii de circulatie\",\"trafic inchis\",\"transport\"],\"articleSection\":[\"Articole\",\"\u0218tiri\",\"Transport\"],\"inLanguage\":\"en-GB\",\"copyrightYear\":\"2024\",\"copyrightHolder\":{\"@id\":\"https:\\\/\\\/buletin.de\\\/bucuresti\\\/#organization\"}},{\"@type\":\"WebPage\",\"@id\":\"https:\\\/\\\/buletin.de\\\/bucuresti\\\/restrictii-nocturne-pe-autostrada-soarelui-pentru-finalizarea-lucrarilor-la-fluturele-gigant-dintre-a0-si-a2\\\/\",\"url\":\"https:\\\/\\\/buletin.de\\\/bucuresti\\\/restrictii-nocturne-pe-autostrada-soarelui-pentru-finalizarea-lucrarilor-la-fluturele-gigant-dintre-a0-si-a2\\\/\",\"name\":\"Restric\u021bii pe Autostrada Soarelui, pentru finalizarea lucr\u0103rilor la \u201efluturele-gigant\u201d dintre A0 \u0219i A2 - Buletin de Bucure\u0219ti\",\"isPartOf\":{\"@id\":\"https:\\\/\\\/buletin.de\\\/bucuresti\\\/#website\"},\"primaryImageOfPage\":{\"@id\":\"https:\\\/\\\/buletin.de\\\/bucuresti\\\/restrictii-nocturne-pe-autostrada-soarelui-pentru-finalizarea-lucrarilor-la-fluturele-gigant-dintre-a0-si-a2\\\/#primaryimage\"},\"image\":{\"@id\":\"https:\\\/\\\/buletin.de\\\/bucuresti\\\/restrictii-nocturne-pe-autostrada-soarelui-pentru-finalizarea-lucrarilor-la-fluturele-gigant-dintre-a0-si-a2\\\/#primaryimage\"},\"thumbnailUrl\":\"https:\\\/\\\/buletin.de\\\/bucuresti\\\/wp-content\\\/uploads\\\/ID225713_INQUAM_Photos_George_Calin.jpg\",\"datePublished\":\"2024-07-26T04:13:56+00:00\",\"dateModified\":\"2024-07-26T06:19:57+00:00\",\"description\":\"Restric\u021bii pe Autostrada Soarelui: Circula\u021bia pe A2 se va \u00eenchide \u00een weekend, \u00een noaptea de 27 spre 28 iulie, \u00eentre kilometrii 12 -15+500.\",\"breadcrumb\":{\"@id\":\"https:\\\/\\\/buletin.de\\\/bucuresti\\\/restrictii-nocturne-pe-autostrada-soarelui-pentru-finalizarea-lucrarilor-la-fluturele-gigant-dintre-a0-si-a2\\\/#breadcrumb\"},\"inLanguage\":\"en-GB\",\"potentialAction\":[{\"@type\":\"ReadAction\",\"target\":[\"https:\\\/\\\/buletin.de\\\/bucuresti\\\/restrictii-nocturne-pe-autostrada-soarelui-pentru-finalizarea-lucrarilor-la-fluturele-gigant-dintre-a0-si-a2\\\/\"]}]},{\"@type\":\"ImageObject\",\"inLanguage\":\"en-GB\",\"@id\":\"https:\\\/\\\/buletin.de\\\/bucuresti\\\/restrictii-nocturne-pe-autostrada-soarelui-pentru-finalizarea-lucrarilor-la-fluturele-gigant-dintre-a0-si-a2\\\/#primaryimage\",\"url\":\"https:\\\/\\\/buletin.de\\\/bucuresti\\\/wp-content\\\/uploads\\\/ID225713_INQUAM_Photos_George_Calin.jpg\",\"contentUrl\":\"https:\\\/\\\/buletin.de\\\/bucuresti\\\/wp-content\\\/uploads\\\/ID225713_INQUAM_Photos_George_Calin.jpg\",\"width\":2000,\"height\":1333,\"caption\":\"Restric\u021bii pe Autostrada Soarelui\\\/ Foto: Inquam Photos \\\/ George C\u0103lin\"},{\"@type\":\"BreadcrumbList\",\"@id\":\"https:\\\/\\\/buletin.de\\\/bucuresti\\\/restrictii-nocturne-pe-autostrada-soarelui-pentru-finalizarea-lucrarilor-la-fluturele-gigant-dintre-a0-si-a2\\\/#breadcrumb\",\"itemListElement\":[{\"@type\":\"ListItem\",\"position\":1,\"name\":\"Acas\u0103\",\"item\":\"https:\\\/\\\/buletin.de\\\/bucuresti\\\/\"},{\"@type\":\"ListItem\",\"position\":2,\"name\":\"Restric\u021bii pe Autostrada Soarelui, pentru finalizarea lucr\u0103rilor la \u201efluturele-gigant\u201d dintre A0 \u0219i A2\"}]},{\"@type\":\"WebSite\",\"@id\":\"https:\\\/\\\/buletin.de\\\/bucuresti\\\/#website\",\"url\":\"https:\\\/\\\/buletin.de\\\/bucuresti\\\/\",\"name\":\"Buletin de Bucure\u0219ti\",\"description\":\"\u0218tiri \u0219i investiga\u021bii esen\u021biale din capital\u0103\",\"publisher\":{\"@id\":\"https:\\\/\\\/buletin.de\\\/bucuresti\\\/#organization\"},\"potentialAction\":[{\"@type\":\"SearchAction\",\"target\":{\"@type\":\"EntryPoint\",\"urlTemplate\":\"https:\\\/\\\/buletin.de\\\/bucuresti\\\/?s={search_term_string}\"},\"query-input\":{\"@type\":\"PropertyValueSpecification\",\"valueRequired\":true,\"valueName\":\"search_term_string\"}}],\"inLanguage\":\"en-GB\"},{\"@type\":\"Organization\",\"@id\":\"https:\\\/\\\/buletin.de\\\/bucuresti\\\/#organization\",\"name\":\"Buletin de Bucure\u0219ti\",\"url\":\"https:\\\/\\\/buletin.de\\\/bucuresti\\\/\",\"logo\":{\"@type\":\"ImageObject\",\"inLanguage\":\"en-GB\",\"@id\":\"https:\\\/\\\/buletin.de\\\/bucuresti\\\/#\\\/schema\\\/logo\\\/image\\\/\",\"url\":\"https:\\\/\\\/buletin.de\\\/bucuresti\\\/wp-content\\\/uploads\\\/logo-bdb-full-wide-vernil-transparent.png\",\"contentUrl\":\"https:\\\/\\\/buletin.de\\\/bucuresti\\\/wp-content\\\/uploads\\\/logo-bdb-full-wide-vernil-transparent.png\",\"width\":1782,\"height\":626,\"caption\":\"Buletin de Bucure\u0219ti\"},\"image\":{\"@id\":\"https:\\\/\\\/buletin.de\\\/bucuresti\\\/#\\\/schema\\\/logo\\\/image\\\/\"},\"sameAs\":[\"https:\\\/\\\/www.facebook.com\\\/buletin.de.buc\",\"https:\\\/\\\/www.instagram.com\\\/buletinde.bucuresti\\\/\"]},{\"@type\":\"Person\",\"@id\":\"https:\\\/\\\/buletin.de\\\/bucuresti\\\/#\\\/schema\\\/person\\\/150590659efde715459d159da012f501\",\"name\":\"Andreea Tudor\",\"image\":{\"@type\":\"ImageObject\",\"inLanguage\":\"en-GB\",\"@id\":\"https:\\\/\\\/secure.gravatar.com\\\/avatar\\\/a88705a186ab0b67f3349bcbced506c09e37256fbaad0e7f3bd1a79b4599f589?s=96&d=monsterid&r=g79290610aa1a65c2b86eebc2ca5aee8f\",\"url\":\"https:\\\/\\\/secure.gravatar.com\\\/avatar\\\/a88705a186ab0b67f3349bcbced506c09e37256fbaad0e7f3bd1a79b4599f589?s=96&d=monsterid&r=g\",\"contentUrl\":\"https:\\\/\\\/secure.gravatar.com\\\/avatar\\\/a88705a186ab0b67f3349bcbced506c09e37256fbaad0e7f3bd1a79b4599f589?s=96&d=monsterid&r=g\",\"caption\":\"Andreea Tudor\"},\"description\":\"N\u0103scut\u0103 \u0219i crescut\u0103 \u00een Bucure\u0219ti, sus\u021bin\u0103toare a presei independente. A\u0219a am ajuns redactor la Buletin de Bucure\u0219ti. Fiind eu, \u00eens\u0103mi, parte a sistemului de \u00eenv\u0103\u021b\u0103m\u00e2nt rom\u00e2nesc \u0219i pasionat\u0103 de domeniul social, pun sub lup\u0103 tot ceea ce se \u00eent\u00e2mpl\u0103 \u00een sfera educa\u021biei. Cred cu t\u0103rie c\u0103 presa \u201epentru cet\u0103\u021beni\u201d este presa independent\u0103. Oamenii au nevoie de o informare corect\u0103 pentru a \u00een\u021belege pe deplin ce se \u00eent\u00e2mpl\u0103 \u00een jurul lor \u0219i pentru a lua ac\u021biune \u00eempotriva nedrept\u0103\u021bilor.\",\"url\":\"https:\\\/\\\/buletin.de\\\/bucuresti\\\/author\\\/andreeatudor\\\/\"}]}<\/script>\n<!-- \/ Yoast SEO Premium plugin. -->","yoast_head_json":{"title":"Restric\u021bii pe Autostrada Soarelui, pentru finalizarea lucr\u0103rilor la \u201efluturele-gigant\u201d dintre A0 \u0219i A2 - Buletin de Bucure\u0219ti","description":"Restric\u021bii pe Autostrada Soarelui: Circula\u021bia pe A2 se va \u00eenchide \u00een weekend, \u00een noaptea de 27 spre 28 iulie, \u00eentre kilometrii 12 -15+500.","robots":{"index":"index","follow":"follow","max-snippet":"max-snippet:-1","max-image-preview":"max-image-preview:large","max-video-preview":"max-video-preview:-1"},"canonical":"https:\/\/buletin.de\/bucuresti\/restrictii-nocturne-pe-autostrada-soarelui-pentru-finalizarea-lucrarilor-la-fluturele-gigant-dintre-a0-si-a2\/","og_locale":"en_GB","og_type":"article","og_title":"Restric\u021bii pe Autostrada Soarelui, pentru finalizarea lucr\u0103rilor la \u201efluturele-gigant\u201d dintre A0 \u0219i A2","og_description":"Restric\u021bii pe Autostrada Soarelui: Circula\u021bia pe A2 se va \u00eenchide \u00een weekend, \u00een noaptea de 27 spre 28 iulie, \u00eentre kilometrii 12 -15+500.","og_url":"https:\/\/buletin.de\/bucuresti\/restrictii-nocturne-pe-autostrada-soarelui-pentru-finalizarea-lucrarilor-la-fluturele-gigant-dintre-a0-si-a2\/","og_site_name":"Buletin de Bucure\u0219ti","article_publisher":"https:\/\/www.facebook.com\/buletin.de.buc","article_published_time":"2024-07-26T04:13:56+00:00","article_modified_time":"2024-07-26T06:19:57+00:00","og_image":[{"width":2000,"height":1333,"url":"https:\/\/buletin.de\/bucuresti\/wp-content\/uploads\/ID225713_INQUAM_Photos_George_Calin.jpg","type":"image\/jpeg"}],"author":"Andreea Tudor","twitter_card":"summary_large_image","twitter_misc":{"Written by":"Andreea Tudor","Estimated reading time":"3 minutes"},"schema":{"@context":"https:\/\/schema.org","@graph":[{"@type":"Article","@id":"https:\/\/buletin.de\/bucuresti\/restrictii-nocturne-pe-autostrada-soarelui-pentru-finalizarea-lucrarilor-la-fluturele-gigant-dintre-a0-si-a2\/#article","isPartOf":{"@id":"https:\/\/buletin.de\/bucuresti\/restrictii-nocturne-pe-autostrada-soarelui-pentru-finalizarea-lucrarilor-la-fluturele-gigant-dintre-a0-si-a2\/"},"author":{"name":"Andreea Tudor","@id":"https:\/\/buletin.de\/bucuresti\/#\/schema\/person\/150590659efde715459d159da012f501"},"headline":"Restric\u021bii pe Autostrada Soarelui, pentru finalizarea lucr\u0103rilor la \u201efluturele-gigant\u201d dintre A0 \u0219i A2","datePublished":"2024-07-26T04:13:56+00:00","dateModified":"2024-07-26T06:19:57+00:00","mainEntityOfPage":{"@id":"https:\/\/buletin.de\/bucuresti\/restrictii-nocturne-pe-autostrada-soarelui-pentru-finalizarea-lucrarilor-la-fluturele-gigant-dintre-a0-si-a2\/"},"wordCount":508,"publisher":{"@id":"https:\/\/buletin.de\/bucuresti\/#organization"},"image":{"@id":"https:\/\/buletin.de\/bucuresti\/restrictii-nocturne-pe-autostrada-soarelui-pentru-finalizarea-lucrarilor-la-fluturele-gigant-dintre-a0-si-a2\/#primaryimage"},"thumbnailUrl":"https:\/\/buletin.de\/bucuresti\/wp-content\/uploads\/ID225713_INQUAM_Photos_George_Calin.jpg","keywords":["A0","a2","autostrada bucuresti","autostrada soarelui","nod rutier","politia romana","restrictii de circulatie","trafic inchis","transport"],"articleSection":["Articole","\u0218tiri","Transport"],"inLanguage":"en-GB","copyrightYear":"2024","copyrightHolder":{"@id":"https:\/\/buletin.de\/bucuresti\/#organization"}},{"@type":"WebPage","@id":"https:\/\/buletin.de\/bucuresti\/restrictii-nocturne-pe-autostrada-soarelui-pentru-finalizarea-lucrarilor-la-fluturele-gigant-dintre-a0-si-a2\/","url":"https:\/\/buletin.de\/bucuresti\/restrictii-nocturne-pe-autostrada-soarelui-pentru-finalizarea-lucrarilor-la-fluturele-gigant-dintre-a0-si-a2\/","name":"Restric\u021bii pe Autostrada Soarelui, pentru finalizarea lucr\u0103rilor la \u201efluturele-gigant\u201d dintre A0 \u0219i A2 - Buletin de Bucure\u0219ti","isPartOf":{"@id":"https:\/\/buletin.de\/bucuresti\/#website"},"primaryImageOfPage":{"@id":"https:\/\/buletin.de\/bucuresti\/restrictii-nocturne-pe-autostrada-soarelui-pentru-finalizarea-lucrarilor-la-fluturele-gigant-dintre-a0-si-a2\/#primaryimage"},"image":{"@id":"https:\/\/buletin.de\/bucuresti\/restrictii-nocturne-pe-autostrada-soarelui-pentru-finalizarea-lucrarilor-la-fluturele-gigant-dintre-a0-si-a2\/#primaryimage"},"thumbnailUrl":"https:\/\/buletin.de\/bucuresti\/wp-content\/uploads\/ID225713_INQUAM_Photos_George_Calin.jpg","datePublished":"2024-07-26T04:13:56+00:00","dateModified":"2024-07-26T06:19:57+00:00","description":"Restric\u021bii pe Autostrada Soarelui: Circula\u021bia pe A2 se va \u00eenchide \u00een weekend, \u00een noaptea de 27 spre 28 iulie, \u00eentre kilometrii 12 -15+500.","breadcrumb":{"@id":"https:\/\/buletin.de\/bucuresti\/restrictii-nocturne-pe-autostrada-soarelui-pentru-finalizarea-lucrarilor-la-fluturele-gigant-dintre-a0-si-a2\/#breadcrumb"},"inLanguage":"en-GB","potentialAction":[{"@type":"ReadAction","target":["https:\/\/buletin.de\/bucuresti\/restrictii-nocturne-pe-autostrada-soarelui-pentru-finalizarea-lucrarilor-la-fluturele-gigant-dintre-a0-si-a2\/"]}]},{"@type":"ImageObject","inLanguage":"en-GB","@id":"https:\/\/buletin.de\/bucuresti\/restrictii-nocturne-pe-autostrada-soarelui-pentru-finalizarea-lucrarilor-la-fluturele-gigant-dintre-a0-si-a2\/#primaryimage","url":"https:\/\/buletin.de\/bucuresti\/wp-content\/uploads\/ID225713_INQUAM_Photos_George_Calin.jpg","contentUrl":"https:\/\/buletin.de\/bucuresti\/wp-content\/uploads\/ID225713_INQUAM_Photos_George_Calin.jpg","width":2000,"height":1333,"caption":"Restric\u021bii pe Autostrada Soarelui\/ Foto: Inquam Photos \/ George C\u0103lin"},{"@type":"BreadcrumbList","@id":"https:\/\/buletin.de\/bucuresti\/restrictii-nocturne-pe-autostrada-soarelui-pentru-finalizarea-lucrarilor-la-fluturele-gigant-dintre-a0-si-a2\/#breadcrumb","itemListElement":[{"@type":"ListItem","position":1,"name":"Acas\u0103","item":"https:\/\/buletin.de\/bucuresti\/"},{"@type":"ListItem","position":2,"name":"Restric\u021bii pe Autostrada Soarelui, pentru finalizarea lucr\u0103rilor la \u201efluturele-gigant\u201d dintre A0 \u0219i A2"}]},{"@type":"WebSite","@id":"https:\/\/buletin.de\/bucuresti\/#website","url":"https:\/\/buletin.de\/bucuresti\/","name":"Buletin de Bucure\u0219ti","description":"\u0218tiri \u0219i investiga\u021bii esen\u021biale din capital\u0103","publisher":{"@id":"https:\/\/buletin.de\/bucuresti\/#organization"},"potentialAction":[{"@type":"SearchAction","target":{"@type":"EntryPoint","urlTemplate":"https:\/\/buletin.de\/bucuresti\/?s={search_term_string}"},"query-input":{"@type":"PropertyValueSpecification","valueRequired":true,"valueName":"search_term_string"}}],"inLanguage":"en-GB"},{"@type":"Organization","@id":"https:\/\/buletin.de\/bucuresti\/#organization","name":"Buletin de Bucure\u0219ti","url":"https:\/\/buletin.de\/bucuresti\/","logo":{"@type":"ImageObject","inLanguage":"en-GB","@id":"https:\/\/buletin.de\/bucuresti\/#\/schema\/logo\/image\/","url":"https:\/\/buletin.de\/bucuresti\/wp-content\/uploads\/logo-bdb-full-wide-vernil-transparent.png","contentUrl":"https:\/\/buletin.de\/bucuresti\/wp-content\/uploads\/logo-bdb-full-wide-vernil-transparent.png","width":1782,"height":626,"caption":"Buletin de Bucure\u0219ti"},"image":{"@id":"https:\/\/buletin.de\/bucuresti\/#\/schema\/logo\/image\/"},"sameAs":["https:\/\/www.facebook.com\/buletin.de.buc","https:\/\/www.instagram.com\/buletinde.bucuresti\/"]},{"@type":"Person","@id":"https:\/\/buletin.de\/bucuresti\/#\/schema\/person\/150590659efde715459d159da012f501","name":"Andreea Tudor","image":{"@type":"ImageObject","inLanguage":"en-GB","@id":"https:\/\/secure.gravatar.com\/avatar\/a88705a186ab0b67f3349bcbced506c09e37256fbaad0e7f3bd1a79b4599f589?s=96&d=monsterid&r=g79290610aa1a65c2b86eebc2ca5aee8f","url":"https:\/\/secure.gravatar.com\/avatar\/a88705a186ab0b67f3349bcbced506c09e37256fbaad0e7f3bd1a79b4599f589?s=96&d=monsterid&r=g","contentUrl":"https:\/\/secure.gravatar.com\/avatar\/a88705a186ab0b67f3349bcbced506c09e37256fbaad0e7f3bd1a79b4599f589?s=96&d=monsterid&r=g","caption":"Andreea Tudor"},"description":"N\u0103scut\u0103 \u0219i crescut\u0103 \u00een Bucure\u0219ti, sus\u021bin\u0103toare a presei independente. A\u0219a am ajuns redactor la Buletin de Bucure\u0219ti. Fiind eu, \u00eens\u0103mi, parte a sistemului de \u00eenv\u0103\u021b\u0103m\u00e2nt rom\u00e2nesc \u0219i pasionat\u0103 de domeniul social, pun sub lup\u0103 tot ceea ce se \u00eent\u00e2mpl\u0103 \u00een sfera educa\u021biei. Cred cu t\u0103rie c\u0103 presa \u201epentru cet\u0103\u021beni\u201d este presa independent\u0103. Oamenii au nevoie de o informare corect\u0103 pentru a \u00een\u021belege pe deplin ce se \u00eent\u00e2mpl\u0103 \u00een jurul lor \u0219i pentru a lua ac\u021biune \u00eempotriva nedrept\u0103\u021bilor.","url":"https:\/\/buletin.de\/bucuresti\/author\/andreeatudor\/"}]}},"authors":[{"term_id":22573,"user_id":55,"is_guest":0,"slug":"andreeatudor","display_name":"Andreea Tudor","avatar_url":"https:\/\/secure.gravatar.com\/avatar\/a88705a186ab0b67f3349bcbced506c09e37256fbaad0e7f3bd1a79b4599f589?s=96&d=monsterid&r=g","0":null,"1":"","2":"","3":"","4":"","5":"","6":"","7":"","8":""}],"_links":{"self":[{"href":"https:\/\/buletin.de\/bucuresti\/wp-json\/wp\/v2\/posts\/92326","targetHints":{"allow":["GET"]}}],"collection":[{"href":"https:\/\/buletin.de\/bucuresti\/wp-json\/wp\/v2\/posts"}],"about":[{"href":"https:\/\/buletin.de\/bucuresti\/wp-json\/wp\/v2\/types\/post"}],"author":[{"embeddable":true,"href":"https:\/\/buletin.de\/bucuresti\/wp-json\/wp\/v2\/users\/55"}],"replies":[{"embeddable":true,"href":"https:\/\/buletin.de\/bucuresti\/wp-json\/wp\/v2\/comments?post=92326"}],"version-history":[{"count":10,"href":"https:\/\/buletin.de\/bucuresti\/wp-json\/wp\/v2\/posts\/92326\/revisions"}],"predecessor-version":[{"id":92385,"href":"https:\/\/buletin.de\/bucuresti\/wp-json\/wp\/v2\/posts\/92326\/revisions\/92385"}],"wp:featuredmedia":[{"embeddable":true,"href":"https:\/\/buletin.de\/bucuresti\/wp-json\/wp\/v2\/media\/92335"}],"wp:attachment":[{"href":"https:\/\/buletin.de\/bucuresti\/wp-json\/wp\/v2\/media?parent=92326"}],"wp:term":[{"taxonomy":"category","embeddable":true,"href":"https:\/\/buletin.de\/bucuresti\/wp-json\/wp\/v2\/categories?post=92326"},{"taxonomy":"post_tag","embeddable":true,"href":"https:\/\/buletin.de\/bucuresti\/wp-json\/wp\/v2\/tags?post=92326"},{"taxonomy":"author","embeddable":true,"href":"https:\/\/buletin.de\/bucuresti\/wp-json\/wp\/v2\/ppma_author?post=92326"}],"curies":[{"name":"wp","href":"https:\/\/api.w.org\/{rel}","templated":true}]}}