{"id":92302,"date":"2024-07-25T17:26:58","date_gmt":"2024-07-25T14:26:58","guid":{"rendered":"https:\/\/buletin.de\/bucuresti\/?p=92302"},"modified":"2024-07-26T08:40:30","modified_gmt":"2024-07-26T05:40:30","slug":"profesor-de-la-colegiul-sfantul-sava-retinut-pentru-viol","status":"publish","type":"post","link":"https:\/\/buletin.de\/bucuresti\/profesor-de-la-colegiul-sfantul-sava-retinut-pentru-viol\/","title":{"rendered":"Profesor de la Colegiul \u201eSf\u00e2ntul Sava\u201d, re\u0163inut pentru viol. UPDATE: Reac\u021bia Ministerului Educa\u021biei"},"content":{"rendered":"\n<p>UPDATE:<\/p>\n\n\n\n<p>Un judec\u0103tor <a href=\"https:\/\/portal.just.ro\/301\/SitePages\/Dosar.aspx?id_dosar=30100000000800920&amp;id_inst=301\">a hot\u0103r\u00e2t<\/a> ca profesorul s\u0103 fie cercetat sub control judiciar, \u00eens\u0103 decizia nu este definitiv\u0103. <\/p>\n\n\n\n<p>\u015eTIREA INI\u0162IAL\u0102:<\/p>\n\n\n\n<p><strong>Un profesor de la Colegiul \u201eSf\u00e2ntul Sava\u201d a fost re\u0163inut pentru c\u0103 ar fi violat un elev \u015fi ar fi agresat sexual un altul. Informa\u0163iile au fost date publicit\u0103\u0163ii de procurorii Parchetului de pe l\u00e2ng\u0103 Tribunalul Bucure\u015fti, \u00eentr-un comunicat citat de <a href=\"https:\/\/www.g4media.ro\/profesor-de-la-un-colegiu-din-bucuresti-retinut-pentru-ca-ar-fi-violat-un-elev.html#comments\">G4Media<\/a>.<\/strong><\/p>\n\n\n\n<p>B\u0103rbatul a fost re\u0163inut ast\u0103zi, 25 iulie \u015fi a fost \u00eenceput\u0103 urm\u0103rirea penal\u0103 \u00eempotriva sa, cu dou\u0103 capete de acuzare: viol s\u0103v\u00e2r\u0219it asupra unui minor \u0219i agresiune sexual\u0103 s\u0103v\u00e2r\u0219it\u0103 asupra unui minor. <\/p>\n\n\n\n<p><strong>Cazul a fost deschis dup\u0103 ce ambii elevi au depus pl\u00e2ngeri \u00eempotriva profesorului de 51 de ani.<\/strong><\/p>\n\n\n\n<p>Procurorii spun c\u0103 <em>la data de 02.06.2021, \u00een timp ce se afla \u00eentr-un apartament situat \u00een mun. Bucure\u0219ti, sector 3, inculpatul a \u00eentre\u021binut cu persoana v\u0103t\u0103mat\u0103 (un b\u0103iat \u00een v\u00e2rst\u0103 de 17 ani) un act sexual oral, profit\u00e2nd de pozi\u021bia de autoritate \u0219i \u00eencredere ce decurgea din calitatea sa de profesor al persoanei v\u0103t\u0103mate<\/em>. <\/p>\n\n\n\n<p><em>La data de 17.12.2021, \u00een timp ce se afla \u00eentr-o locuin\u021b\u0103 din mun. Bucure\u0219ti, sector 3, inculpatul a exercitat acte de natur\u0103 sexual\u0103 asupra persoanei v\u0103t\u0103mate (un b\u0103iat \u00een v\u00e2rst\u0103 de 16 ani), profit\u00e2nd de pozi\u021bia de autoritate \u0219i \u00eencredere ce decurgea din calitatea sa de profesor al persoanei v\u0103t\u0103mate<\/em>.<\/p>\n\n\n\n<p><strong>Profesorul acum re\u0163inut va fi dus \u00een fa\u0163a unui judec\u0103tor pentru drepturi \u015fi libert\u0103\u0163i care va decide dac\u0103 va fi arestat preventiv pentru 30 de zile sau va fi luat\u0103 o alt\u0103 m\u0103sur\u0103 \u00eempotriva sa. <\/strong><\/p>\n\n\n\n<p>CITE\u0218TE \u0218I:<strong><a href=\"https:\/\/buletin.de\/bucuresti\/investigatie-drumurile-partidului-firma-cu-0-angajati-a-unui-afacerist-implicat-intr-un-offshore-cu-primarul-pnl-din-chitila-asfalteaza-strazile-din-afumati\/\"> INVESTIGA\u021aIE | \u201eDrumurile partidului\u201d. Firma cu 0 angaja\u021bi a unui afacerist implicat \u00eentr-un offshore cu primarul PNL din Chitila asfalteaz\u0103 str\u0103zile din Afuma\u021bi&nbsp;<\/a><\/strong><\/p>\n\n\n\n<h2 class=\"wp-block-heading\">Profesor de la Colegiul \u201eSf\u00e2ntul Sava\u201d. Ce spune ministerul<\/h2>\n\n\n\n<p><strong>Ministerul Educa\u021biei (ME) a reac\u021bionat cu privire la acest profesor de la Colegiul \u201eSf\u00e2ntul Sava\u201d \u0219i a transmis c\u0103 a cerut Parchetului de pe l\u00e2ng\u0103 Tribunalul Bucure\u0219ti informa\u021bii suplimentare pentru a putea aplica \u201e\u00een regim de urgen\u021b\u0103\u201d legea privind \u201esuspendarea raportului de serviciu\u201d.<\/strong><\/p>\n\n\n\n<p><strong>\u201e<\/strong>Ministerul Educa\u021biei a luat act de informa\u021biile ap\u0103rute \u00een spa\u021biul public privind re\u021binerea unui cadru didactic de la Colegiul Na\u021bional \u00abSf\u00e2ntul Sava\u00bb din Capital\u0103, \u00een acela\u0219i timp \u0219i angajat al Centrului Na\u021bional de Politici \u0219i Evaluare \u00een Educa\u021bie (CNPEE).<\/p>\n\n\n\n<p><strong>Ministerul Educa\u021biei manifest\u0103 toleran\u021b\u0103 zero fa\u021b\u0103 de orice abateri de la normele legale, profesionale, de etic\u0103 \u0219i fa\u021b\u0103 de orice form\u0103 de abuz \u0219i violen\u021b\u0103: fizic\u0103, psihologic\u0103 sau emo\u021bional\u0103\u201d, se mai arat\u0103 \u00een comunicat.&nbsp;<\/strong><\/p>\n\n\n\n<p>\u201eUnitatea de \u00eenv\u0103\u021b\u0103m\u00e2nt \u00een care acesta este \u00eencadrat va lua toate m\u0103surile necesare, \u00een conformitate cu prevederile Legii \u00eenv\u0103\u021b\u0103m\u00e2ntului preuniversitar nr. 198\/2023, cu modific\u0103rile \u0219i complet\u0103rile ulterioare, pentru protejarea interesului superior al copilului. <\/p>\n\n\n\n<p>Conform prevederilor art. 209 alin. (6), \u00een cazul \u00een care cadrul didactic este cercetat pentru fapte care constituie infrac\u021biuni incompatibile cu func\u021bia didactic\u0103, pe perioada desf\u0103\u0219ur\u0103rii cercet\u0103rii penale, acesta nu va desf\u0103\u0219ura activit\u0103\u021bi didactice cu beneficiarii primari\u201d, precizeaz\u0103 Ministerul Educa\u021biei.&nbsp;<\/p>\n\n\n\n<p><strong>CITE\u015eTE \u015eI:<\/strong> <a href=\"https:\/\/buletin.de\/bucuresti\/un-profesor-de-62-de-ani-de-la-liceul-lucian-blaga-retinut-pentru-relatii-sexuale-cu-o-fata-de-17-ani\/\"><strong>Un profesor de 62 de ani de la liceul Lucian Blaga, re\u0163inut pentru rela\u0163ii sexuale cu o fat\u0103 de 17 ani<\/strong><\/a><\/p>\n","protected":false},"excerpt":{"rendered":"<p>UPDATE: Un judec\u0103tor a hot\u0103r\u00e2t ca profesorul s\u0103 fie cercetat sub control judiciar, \u00eens\u0103 decizia nu este definitiv\u0103. \u015eTIREA INI\u0162IAL\u0102: Un profesor de la Colegiul \u201eSf\u00e2ntul Sava\u201d a fost re\u0163inut pentru c\u0103 ar fi violat un elev \u015fi ar fi agresat sexual un altul. Informa\u0163iile au fost date publicit\u0103\u0163ii de procurorii Parchetului de pe l\u00e2ng\u0103 [&hellip;]<\/p>\n","protected":false},"author":8,"featured_media":92303,"comment_status":"closed","ping_status":"open","sticky":false,"template":"","format":"standard","meta":{"_acf_changed":false,"inline_featured_image":false,"ngg_post_thumbnail":0,"footnotes":""},"categories":[6994,9026,62],"tags":[13649,13652,13651,13653,13648,13650],"ppma_author":[22586],"class_list":["post-92302","post","type-post","status-publish","format-standard","has-post-thumbnail","hentry","category-stiri-2","category-eveniment","category-stiri","tag-abuz-sexual-colegiul-sfantul-sava","tag-agresiune-sexuala-baieti-sfantul-sava","tag-caz-viol-profesor-sfantul-sava","tag-elevi-sfantul-sava-agresati-profesor","tag-profesor-retinut-viol","tag-viol-profesor-bucuresti"],"acf":[],"yoast_head":"<!-- This site is optimized with the Yoast SEO Premium plugin v25.3 (Yoast SEO v27.5) - https:\/\/yoast.com\/product\/yoast-seo-premium-wordpress\/ -->\n<title>Profesor de la Colegiul \u201eSf\u00e2ntul Sava\u201d, re\u0163inut pentru viol. UPDATE: Reac\u021bia Ministerului Educa\u021biei - Buletin de Bucure\u0219ti<\/title>\n<meta name=\"description\" content=\"Un profesor de economie de la Colegiul Sf\u00e2ntul Sava a fost re\u0163inut pentru c\u0103 ar fi violat un elev \u015fi ar fi agresat sexual un altul.\" \/>\n<meta name=\"robots\" content=\"index, follow, max-snippet:-1, max-image-preview:large, max-video-preview:-1\" \/>\n<link rel=\"canonical\" href=\"https:\/\/buletin.de\/bucuresti\/profesor-de-la-colegiul-sfantul-sava-retinut-pentru-viol\/\" \/>\n<meta property=\"og:locale\" content=\"en_GB\" \/>\n<meta property=\"og:type\" content=\"article\" \/>\n<meta property=\"og:title\" content=\"Profesor de la Colegiul \u201eSf\u00e2ntul Sava\u201d, re\u0163inut pentru viol. UPDATE: Reac\u021bia Ministerului Educa\u021biei\" \/>\n<meta property=\"og:description\" content=\"Un profesor de economie de la Colegiul Sf\u00e2ntul Sava a fost re\u0163inut pentru c\u0103 ar fi violat un elev \u015fi ar fi agresat sexual un altul.\" \/>\n<meta property=\"og:url\" content=\"https:\/\/buletin.de\/bucuresti\/profesor-de-la-colegiul-sfantul-sava-retinut-pentru-viol\/\" \/>\n<meta property=\"og:site_name\" content=\"Buletin de Bucure\u0219ti\" \/>\n<meta property=\"article:publisher\" content=\"https:\/\/www.facebook.com\/buletin.de.buc\" \/>\n<meta property=\"article:published_time\" content=\"2024-07-25T14:26:58+00:00\" \/>\n<meta property=\"article:modified_time\" content=\"2024-07-26T05:40:30+00:00\" \/>\n<meta property=\"og:image\" content=\"https:\/\/buletin.de\/bucuresti\/wp-content\/uploads\/zc0ebdlc8g0.jpg\" \/>\n\t<meta property=\"og:image:width\" content=\"1600\" \/>\n\t<meta property=\"og:image:height\" content=\"1200\" \/>\n\t<meta property=\"og:image:type\" content=\"image\/jpeg\" \/>\n<meta name=\"author\" content=\"Ionu\u021b Lepa\" \/>\n<meta name=\"twitter:card\" content=\"summary_large_image\" \/>\n<meta name=\"twitter:label1\" content=\"Written by\" \/>\n\t<meta name=\"twitter:data1\" content=\"Ionu\u021b Lepa\" \/>\n\t<meta name=\"twitter:label2\" content=\"Estimated reading time\" \/>\n\t<meta name=\"twitter:data2\" content=\"3 minutes\" \/>\n<script type=\"application\/ld+json\" class=\"yoast-schema-graph\">{\"@context\":\"https:\\\/\\\/schema.org\",\"@graph\":[{\"@type\":\"Article\",\"@id\":\"https:\\\/\\\/buletin.de\\\/bucuresti\\\/profesor-de-la-colegiul-sfantul-sava-retinut-pentru-viol\\\/#article\",\"isPartOf\":{\"@id\":\"https:\\\/\\\/buletin.de\\\/bucuresti\\\/profesor-de-la-colegiul-sfantul-sava-retinut-pentru-viol\\\/\"},\"author\":{\"name\":\"Ionu\u021b Lepa\",\"@id\":\"https:\\\/\\\/buletin.de\\\/bucuresti\\\/#\\\/schema\\\/person\\\/5272b8a057b33890940b57b837fc4ce6\"},\"headline\":\"Profesor de la Colegiul \u201eSf\u00e2ntul Sava\u201d, re\u0163inut pentru viol. UPDATE: Reac\u021bia Ministerului Educa\u021biei\",\"datePublished\":\"2024-07-25T14:26:58+00:00\",\"dateModified\":\"2024-07-26T05:40:30+00:00\",\"mainEntityOfPage\":{\"@id\":\"https:\\\/\\\/buletin.de\\\/bucuresti\\\/profesor-de-la-colegiul-sfantul-sava-retinut-pentru-viol\\\/\"},\"wordCount\":588,\"publisher\":{\"@id\":\"https:\\\/\\\/buletin.de\\\/bucuresti\\\/#organization\"},\"image\":{\"@id\":\"https:\\\/\\\/buletin.de\\\/bucuresti\\\/profesor-de-la-colegiul-sfantul-sava-retinut-pentru-viol\\\/#primaryimage\"},\"thumbnailUrl\":\"https:\\\/\\\/buletin.de\\\/bucuresti\\\/wp-content\\\/uploads\\\/zc0ebdlc8g0.jpg\",\"keywords\":[\"abuz sexual colegiul sfantul sava\",\"agresiune sexuala baieti sfantul sava\",\"caz viol profesor sfantul sava\",\"elevi sfantul sava agresati profesor\",\"profesor retinut viol\",\"viol profesor bucuresti\"],\"articleSection\":[\"Articole\",\"Eveniment\",\"\u0218tiri\"],\"inLanguage\":\"en-GB\",\"copyrightYear\":\"2024\",\"copyrightHolder\":{\"@id\":\"https:\\\/\\\/buletin.de\\\/bucuresti\\\/#organization\"}},{\"@type\":\"WebPage\",\"@id\":\"https:\\\/\\\/buletin.de\\\/bucuresti\\\/profesor-de-la-colegiul-sfantul-sava-retinut-pentru-viol\\\/\",\"url\":\"https:\\\/\\\/buletin.de\\\/bucuresti\\\/profesor-de-la-colegiul-sfantul-sava-retinut-pentru-viol\\\/\",\"name\":\"Profesor de la Colegiul \u201eSf\u00e2ntul Sava\u201d, re\u0163inut pentru viol. UPDATE: Reac\u021bia Ministerului Educa\u021biei - Buletin de Bucure\u0219ti\",\"isPartOf\":{\"@id\":\"https:\\\/\\\/buletin.de\\\/bucuresti\\\/#website\"},\"primaryImageOfPage\":{\"@id\":\"https:\\\/\\\/buletin.de\\\/bucuresti\\\/profesor-de-la-colegiul-sfantul-sava-retinut-pentru-viol\\\/#primaryimage\"},\"image\":{\"@id\":\"https:\\\/\\\/buletin.de\\\/bucuresti\\\/profesor-de-la-colegiul-sfantul-sava-retinut-pentru-viol\\\/#primaryimage\"},\"thumbnailUrl\":\"https:\\\/\\\/buletin.de\\\/bucuresti\\\/wp-content\\\/uploads\\\/zc0ebdlc8g0.jpg\",\"datePublished\":\"2024-07-25T14:26:58+00:00\",\"dateModified\":\"2024-07-26T05:40:30+00:00\",\"description\":\"Un profesor de economie de la Colegiul Sf\u00e2ntul Sava a fost re\u0163inut pentru c\u0103 ar fi violat un elev \u015fi ar fi agresat sexual un altul.\",\"breadcrumb\":{\"@id\":\"https:\\\/\\\/buletin.de\\\/bucuresti\\\/profesor-de-la-colegiul-sfantul-sava-retinut-pentru-viol\\\/#breadcrumb\"},\"inLanguage\":\"en-GB\",\"potentialAction\":[{\"@type\":\"ReadAction\",\"target\":[\"https:\\\/\\\/buletin.de\\\/bucuresti\\\/profesor-de-la-colegiul-sfantul-sava-retinut-pentru-viol\\\/\"]}]},{\"@type\":\"ImageObject\",\"inLanguage\":\"en-GB\",\"@id\":\"https:\\\/\\\/buletin.de\\\/bucuresti\\\/profesor-de-la-colegiul-sfantul-sava-retinut-pentru-viol\\\/#primaryimage\",\"url\":\"https:\\\/\\\/buletin.de\\\/bucuresti\\\/wp-content\\\/uploads\\\/zc0ebdlc8g0.jpg\",\"contentUrl\":\"https:\\\/\\\/buletin.de\\\/bucuresti\\\/wp-content\\\/uploads\\\/zc0ebdlc8g0.jpg\",\"width\":1600,\"height\":1200,\"caption\":\"Profesor de la Colegiul \u201eSf\u00e2ntul Sava\u201d, re\u0163inut pentru viol FOTO: unsplash.com\"},{\"@type\":\"BreadcrumbList\",\"@id\":\"https:\\\/\\\/buletin.de\\\/bucuresti\\\/profesor-de-la-colegiul-sfantul-sava-retinut-pentru-viol\\\/#breadcrumb\",\"itemListElement\":[{\"@type\":\"ListItem\",\"position\":1,\"name\":\"Acas\u0103\",\"item\":\"https:\\\/\\\/buletin.de\\\/bucuresti\\\/\"},{\"@type\":\"ListItem\",\"position\":2,\"name\":\"Profesor de la Colegiul \u201eSf\u00e2ntul Sava\u201d, re\u0163inut pentru viol. UPDATE: Reac\u021bia Ministerului Educa\u021biei\"}]},{\"@type\":\"WebSite\",\"@id\":\"https:\\\/\\\/buletin.de\\\/bucuresti\\\/#website\",\"url\":\"https:\\\/\\\/buletin.de\\\/bucuresti\\\/\",\"name\":\"Buletin de Bucure\u0219ti\",\"description\":\"\u0218tiri \u0219i investiga\u021bii esen\u021biale din capital\u0103\",\"publisher\":{\"@id\":\"https:\\\/\\\/buletin.de\\\/bucuresti\\\/#organization\"},\"potentialAction\":[{\"@type\":\"SearchAction\",\"target\":{\"@type\":\"EntryPoint\",\"urlTemplate\":\"https:\\\/\\\/buletin.de\\\/bucuresti\\\/?s={search_term_string}\"},\"query-input\":{\"@type\":\"PropertyValueSpecification\",\"valueRequired\":true,\"valueName\":\"search_term_string\"}}],\"inLanguage\":\"en-GB\"},{\"@type\":\"Organization\",\"@id\":\"https:\\\/\\\/buletin.de\\\/bucuresti\\\/#organization\",\"name\":\"Buletin de Bucure\u0219ti\",\"url\":\"https:\\\/\\\/buletin.de\\\/bucuresti\\\/\",\"logo\":{\"@type\":\"ImageObject\",\"inLanguage\":\"en-GB\",\"@id\":\"https:\\\/\\\/buletin.de\\\/bucuresti\\\/#\\\/schema\\\/logo\\\/image\\\/\",\"url\":\"https:\\\/\\\/buletin.de\\\/bucuresti\\\/wp-content\\\/uploads\\\/logo-bdb-full-wide-vernil-transparent.png\",\"contentUrl\":\"https:\\\/\\\/buletin.de\\\/bucuresti\\\/wp-content\\\/uploads\\\/logo-bdb-full-wide-vernil-transparent.png\",\"width\":1782,\"height\":626,\"caption\":\"Buletin de Bucure\u0219ti\"},\"image\":{\"@id\":\"https:\\\/\\\/buletin.de\\\/bucuresti\\\/#\\\/schema\\\/logo\\\/image\\\/\"},\"sameAs\":[\"https:\\\/\\\/www.facebook.com\\\/buletin.de.buc\",\"https:\\\/\\\/www.instagram.com\\\/buletinde.bucuresti\\\/\"]},{\"@type\":\"Person\",\"@id\":\"https:\\\/\\\/buletin.de\\\/bucuresti\\\/#\\\/schema\\\/person\\\/5272b8a057b33890940b57b837fc4ce6\",\"name\":\"Ionu\u021b Lepa\",\"image\":{\"@type\":\"ImageObject\",\"inLanguage\":\"en-GB\",\"@id\":\"https:\\\/\\\/buletin.de\\\/bucuresti\\\/wp-content\\\/uploads\\\/Ionut-Lepa-96x96.jpg5c4e4d9e049808799a8821652d2410a4\",\"url\":\"https:\\\/\\\/buletin.de\\\/bucuresti\\\/wp-content\\\/uploads\\\/Ionut-Lepa-96x96.jpg\",\"contentUrl\":\"https:\\\/\\\/buletin.de\\\/bucuresti\\\/wp-content\\\/uploads\\\/Ionut-Lepa-96x96.jpg\",\"caption\":\"Ionu\u021b Lepa\"},\"url\":\"https:\\\/\\\/buletin.de\\\/bucuresti\\\/author\\\/ionutlepa\\\/\"}]}<\/script>\n<!-- \/ Yoast SEO Premium plugin. -->","yoast_head_json":{"title":"Profesor de la Colegiul \u201eSf\u00e2ntul Sava\u201d, re\u0163inut pentru viol. UPDATE: Reac\u021bia Ministerului Educa\u021biei - Buletin de Bucure\u0219ti","description":"Un profesor de economie de la Colegiul Sf\u00e2ntul Sava a fost re\u0163inut pentru c\u0103 ar fi violat un elev \u015fi ar fi agresat sexual un altul.","robots":{"index":"index","follow":"follow","max-snippet":"max-snippet:-1","max-image-preview":"max-image-preview:large","max-video-preview":"max-video-preview:-1"},"canonical":"https:\/\/buletin.de\/bucuresti\/profesor-de-la-colegiul-sfantul-sava-retinut-pentru-viol\/","og_locale":"en_GB","og_type":"article","og_title":"Profesor de la Colegiul \u201eSf\u00e2ntul Sava\u201d, re\u0163inut pentru viol. UPDATE: Reac\u021bia Ministerului Educa\u021biei","og_description":"Un profesor de economie de la Colegiul Sf\u00e2ntul Sava a fost re\u0163inut pentru c\u0103 ar fi violat un elev \u015fi ar fi agresat sexual un altul.","og_url":"https:\/\/buletin.de\/bucuresti\/profesor-de-la-colegiul-sfantul-sava-retinut-pentru-viol\/","og_site_name":"Buletin de Bucure\u0219ti","article_publisher":"https:\/\/www.facebook.com\/buletin.de.buc","article_published_time":"2024-07-25T14:26:58+00:00","article_modified_time":"2024-07-26T05:40:30+00:00","og_image":[{"width":1600,"height":1200,"url":"https:\/\/buletin.de\/bucuresti\/wp-content\/uploads\/zc0ebdlc8g0.jpg","type":"image\/jpeg"}],"author":"Ionu\u021b Lepa","twitter_card":"summary_large_image","twitter_misc":{"Written by":"Ionu\u021b Lepa","Estimated reading time":"3 minutes"},"schema":{"@context":"https:\/\/schema.org","@graph":[{"@type":"Article","@id":"https:\/\/buletin.de\/bucuresti\/profesor-de-la-colegiul-sfantul-sava-retinut-pentru-viol\/#article","isPartOf":{"@id":"https:\/\/buletin.de\/bucuresti\/profesor-de-la-colegiul-sfantul-sava-retinut-pentru-viol\/"},"author":{"name":"Ionu\u021b Lepa","@id":"https:\/\/buletin.de\/bucuresti\/#\/schema\/person\/5272b8a057b33890940b57b837fc4ce6"},"headline":"Profesor de la Colegiul \u201eSf\u00e2ntul Sava\u201d, re\u0163inut pentru viol. UPDATE: Reac\u021bia Ministerului Educa\u021biei","datePublished":"2024-07-25T14:26:58+00:00","dateModified":"2024-07-26T05:40:30+00:00","mainEntityOfPage":{"@id":"https:\/\/buletin.de\/bucuresti\/profesor-de-la-colegiul-sfantul-sava-retinut-pentru-viol\/"},"wordCount":588,"publisher":{"@id":"https:\/\/buletin.de\/bucuresti\/#organization"},"image":{"@id":"https:\/\/buletin.de\/bucuresti\/profesor-de-la-colegiul-sfantul-sava-retinut-pentru-viol\/#primaryimage"},"thumbnailUrl":"https:\/\/buletin.de\/bucuresti\/wp-content\/uploads\/zc0ebdlc8g0.jpg","keywords":["abuz sexual colegiul sfantul sava","agresiune sexuala baieti sfantul sava","caz viol profesor sfantul sava","elevi sfantul sava agresati profesor","profesor retinut viol","viol profesor bucuresti"],"articleSection":["Articole","Eveniment","\u0218tiri"],"inLanguage":"en-GB","copyrightYear":"2024","copyrightHolder":{"@id":"https:\/\/buletin.de\/bucuresti\/#organization"}},{"@type":"WebPage","@id":"https:\/\/buletin.de\/bucuresti\/profesor-de-la-colegiul-sfantul-sava-retinut-pentru-viol\/","url":"https:\/\/buletin.de\/bucuresti\/profesor-de-la-colegiul-sfantul-sava-retinut-pentru-viol\/","name":"Profesor de la Colegiul \u201eSf\u00e2ntul Sava\u201d, re\u0163inut pentru viol. UPDATE: Reac\u021bia Ministerului Educa\u021biei - Buletin de Bucure\u0219ti","isPartOf":{"@id":"https:\/\/buletin.de\/bucuresti\/#website"},"primaryImageOfPage":{"@id":"https:\/\/buletin.de\/bucuresti\/profesor-de-la-colegiul-sfantul-sava-retinut-pentru-viol\/#primaryimage"},"image":{"@id":"https:\/\/buletin.de\/bucuresti\/profesor-de-la-colegiul-sfantul-sava-retinut-pentru-viol\/#primaryimage"},"thumbnailUrl":"https:\/\/buletin.de\/bucuresti\/wp-content\/uploads\/zc0ebdlc8g0.jpg","datePublished":"2024-07-25T14:26:58+00:00","dateModified":"2024-07-26T05:40:30+00:00","description":"Un profesor de economie de la Colegiul Sf\u00e2ntul Sava a fost re\u0163inut pentru c\u0103 ar fi violat un elev \u015fi ar fi agresat sexual un altul.","breadcrumb":{"@id":"https:\/\/buletin.de\/bucuresti\/profesor-de-la-colegiul-sfantul-sava-retinut-pentru-viol\/#breadcrumb"},"inLanguage":"en-GB","potentialAction":[{"@type":"ReadAction","target":["https:\/\/buletin.de\/bucuresti\/profesor-de-la-colegiul-sfantul-sava-retinut-pentru-viol\/"]}]},{"@type":"ImageObject","inLanguage":"en-GB","@id":"https:\/\/buletin.de\/bucuresti\/profesor-de-la-colegiul-sfantul-sava-retinut-pentru-viol\/#primaryimage","url":"https:\/\/buletin.de\/bucuresti\/wp-content\/uploads\/zc0ebdlc8g0.jpg","contentUrl":"https:\/\/buletin.de\/bucuresti\/wp-content\/uploads\/zc0ebdlc8g0.jpg","width":1600,"height":1200,"caption":"Profesor de la Colegiul \u201eSf\u00e2ntul Sava\u201d, re\u0163inut pentru viol FOTO: unsplash.com"},{"@type":"BreadcrumbList","@id":"https:\/\/buletin.de\/bucuresti\/profesor-de-la-colegiul-sfantul-sava-retinut-pentru-viol\/#breadcrumb","itemListElement":[{"@type":"ListItem","position":1,"name":"Acas\u0103","item":"https:\/\/buletin.de\/bucuresti\/"},{"@type":"ListItem","position":2,"name":"Profesor de la Colegiul \u201eSf\u00e2ntul Sava\u201d, re\u0163inut pentru viol. UPDATE: Reac\u021bia Ministerului Educa\u021biei"}]},{"@type":"WebSite","@id":"https:\/\/buletin.de\/bucuresti\/#website","url":"https:\/\/buletin.de\/bucuresti\/","name":"Buletin de Bucure\u0219ti","description":"\u0218tiri \u0219i investiga\u021bii esen\u021biale din capital\u0103","publisher":{"@id":"https:\/\/buletin.de\/bucuresti\/#organization"},"potentialAction":[{"@type":"SearchAction","target":{"@type":"EntryPoint","urlTemplate":"https:\/\/buletin.de\/bucuresti\/?s={search_term_string}"},"query-input":{"@type":"PropertyValueSpecification","valueRequired":true,"valueName":"search_term_string"}}],"inLanguage":"en-GB"},{"@type":"Organization","@id":"https:\/\/buletin.de\/bucuresti\/#organization","name":"Buletin de Bucure\u0219ti","url":"https:\/\/buletin.de\/bucuresti\/","logo":{"@type":"ImageObject","inLanguage":"en-GB","@id":"https:\/\/buletin.de\/bucuresti\/#\/schema\/logo\/image\/","url":"https:\/\/buletin.de\/bucuresti\/wp-content\/uploads\/logo-bdb-full-wide-vernil-transparent.png","contentUrl":"https:\/\/buletin.de\/bucuresti\/wp-content\/uploads\/logo-bdb-full-wide-vernil-transparent.png","width":1782,"height":626,"caption":"Buletin de Bucure\u0219ti"},"image":{"@id":"https:\/\/buletin.de\/bucuresti\/#\/schema\/logo\/image\/"},"sameAs":["https:\/\/www.facebook.com\/buletin.de.buc","https:\/\/www.instagram.com\/buletinde.bucuresti\/"]},{"@type":"Person","@id":"https:\/\/buletin.de\/bucuresti\/#\/schema\/person\/5272b8a057b33890940b57b837fc4ce6","name":"Ionu\u021b Lepa","image":{"@type":"ImageObject","inLanguage":"en-GB","@id":"https:\/\/buletin.de\/bucuresti\/wp-content\/uploads\/Ionut-Lepa-96x96.jpg5c4e4d9e049808799a8821652d2410a4","url":"https:\/\/buletin.de\/bucuresti\/wp-content\/uploads\/Ionut-Lepa-96x96.jpg","contentUrl":"https:\/\/buletin.de\/bucuresti\/wp-content\/uploads\/Ionut-Lepa-96x96.jpg","caption":"Ionu\u021b Lepa"},"url":"https:\/\/buletin.de\/bucuresti\/author\/ionutlepa\/"}]}},"authors":[{"term_id":22586,"user_id":8,"is_guest":0,"slug":"ionutlepa","display_name":"Ionu\u021b Lepa","avatar_url":"https:\/\/buletin.de\/bucuresti\/wp-content\/uploads\/Ionut-Lepa-96x96.jpg","0":null,"1":"","2":"","3":"","4":"","5":"","6":"","7":"","8":""}],"_links":{"self":[{"href":"https:\/\/buletin.de\/bucuresti\/wp-json\/wp\/v2\/posts\/92302","targetHints":{"allow":["GET"]}}],"collection":[{"href":"https:\/\/buletin.de\/bucuresti\/wp-json\/wp\/v2\/posts"}],"about":[{"href":"https:\/\/buletin.de\/bucuresti\/wp-json\/wp\/v2\/types\/post"}],"author":[{"embeddable":true,"href":"https:\/\/buletin.de\/bucuresti\/wp-json\/wp\/v2\/users\/8"}],"replies":[{"embeddable":true,"href":"https:\/\/buletin.de\/bucuresti\/wp-json\/wp\/v2\/comments?post=92302"}],"version-history":[{"count":4,"href":"https:\/\/buletin.de\/bucuresti\/wp-json\/wp\/v2\/posts\/92302\/revisions"}],"predecessor-version":[{"id":92372,"href":"https:\/\/buletin.de\/bucuresti\/wp-json\/wp\/v2\/posts\/92302\/revisions\/92372"}],"wp:featuredmedia":[{"embeddable":true,"href":"https:\/\/buletin.de\/bucuresti\/wp-json\/wp\/v2\/media\/92303"}],"wp:attachment":[{"href":"https:\/\/buletin.de\/bucuresti\/wp-json\/wp\/v2\/media?parent=92302"}],"wp:term":[{"taxonomy":"category","embeddable":true,"href":"https:\/\/buletin.de\/bucuresti\/wp-json\/wp\/v2\/categories?post=92302"},{"taxonomy":"post_tag","embeddable":true,"href":"https:\/\/buletin.de\/bucuresti\/wp-json\/wp\/v2\/tags?post=92302"},{"taxonomy":"author","embeddable":true,"href":"https:\/\/buletin.de\/bucuresti\/wp-json\/wp\/v2\/ppma_author?post=92302"}],"curies":[{"name":"wp","href":"https:\/\/api.w.org\/{rel}","templated":true}]}}