{"id":92199,"date":"2024-07-25T07:41:28","date_gmt":"2024-07-25T04:41:28","guid":{"rendered":"https:\/\/buletin.de\/bucuresti\/?p=92199"},"modified":"2024-11-16T11:35:43","modified_gmt":"2024-11-16T08:35:43","slug":"sector-3-razboiul-bulevardelor-continua-negoita-promite-pasaje-rutiere-pe-artere-aflate-acum-in-gestiunea-primariei-generale","status":"publish","type":"post","link":"https:\/\/buletin.de\/bucuresti\/sector-3-razboiul-bulevardelor-continua-negoita-promite-pasaje-rutiere-pe-artere-aflate-acum-in-gestiunea-primariei-generale\/","title":{"rendered":"Sector 3 | \u201eR\u0103zboiul bulevardelor\u201d\u00a0continu\u0103. Negoi\u0163\u0103 promite pasaje rutiere pe artere aflate acum \u00een gestiunea Prim\u0103riei Generale"},"content":{"rendered":"\n<p><strong>Prim\u0103ria Sectorului 3 promite o serie de pasaje rutiere \u015fi pentru asta continu\u0103 lupta cu Prim\u0103ria Municipiului Bucure\u0219ti (PMB) pentru preluarea mai multor artere importante din Capital\u0103, printre care Bulevardul Unirii \u0219i Splaiul Unirii. \u00cen plus, e vorba de reabilitarea \u015fi modernizarea unor tronsoane de drum.<\/strong><\/p>\n\n\n\n<p>UPDATE: De\u0219i prezen\u021bi la \u0219edin\u021b\u0103, consilierii USR nu au votat, solicit\u00e2nd s\u0103 nu fie lua\u021bi \u00een considerare la cvorum. Totu\u0219i, toate cele \u0219ase proiecte au fost adoptate cu 15, respectiv 16 voturi pentru, \u00een func\u021bie de caz.<\/p>\n\n\n\n<hr class=\"wp-block-separator has-alpha-channel-opacity\"\/>\n\n\n\n<p>\u00cen \u0219edin\u021ba din 25 iulie, consilierii locali vor decide dac\u0103 solicit\u0103, din nou, acordul Consiliului General al Municipiului Bucure\u0219ti, pentru preluarea urm\u0103toarelor tronsoane de drum:<\/p>\n\n\n\n<ul class=\"wp-block-list\">\n<li><strong>Splaiul Unirii<\/strong>, \u00eentre Pia\u021ba Unirii \u0219i limita administrativ\u0103 a Sectorului 3<\/li>\n\n\n\n<li><strong>Bulevardul Unirii<\/strong>, \u00eentre Bulevardul I.C. Br\u0103tianu \u0219i Pia\u021ba Alba Iulia<\/li>\n\n\n\n<li><strong>Bulevardul Nicolae Grigorescu<\/strong>, \u00eentre Bulevardul Basarabia \u0219i Splaiul Unirii<\/li>\n\n\n\n<li><strong>\u0218oseaua Mihai Bravu<\/strong>, \u00eentre Pia\u021ba Hurmuzachi \u0219i Splaiul Unirii<\/li>\n\n\n\n<li><strong>\u0218oseaua Industriilor<\/strong>, \u00eentre Bulevardul Basarabia \u0219i Drumul \u00eentre Tarlale<\/li>\n\n\n\n<li><strong>\u0218oseaua G\u0103rii C\u0103\u021belu<\/strong>, \u00eentre \u0218oseaua Industriilor \u0219i \u0218oseaua G\u0103rii C\u0103\u021belu, Tronson 1<\/li>\n<\/ul>\n\n\n\n<p>Nu este prima dat\u0103 c\u00e2nd prim\u0103ria condus\u0103 de Robert Negoi\u021b\u0103 face demersuri pentru preluarea arterelor. La \u00eenceputul lunii aprilie, \u00eentr-o \u0219edin\u021b\u0103 CGMB convocat\u0103 de grupul PSD, consilierii generali au dezb\u0103tut mai multe proiecte \u00een acest sens, \u00eens\u0103 acestea au fost scoase de pe ordinea de zi, \u00eentruc\u00e2t nu aveau raport de specialitate\/ referat de aprobare.<\/p>\n\n\n\n<p>De altfel, majoritatea investi\u021biilor au fost anun\u021bate \u00eenc\u0103 de la \u00eenceputul anului 2021 de Prim\u0103ria Sectorului 3, a\u0219a cum a scris Buletin de Bucure\u0219ti <a href=\"https:\/\/buletin.de\/bucuresti\/primaria-sectorului-3-a-anuntat-construirea-a-trei-pasaje-subterane-doua-supraterane-si-largirea-strazii-drumul-intre-tarlale-la-4-benzi\/\"><strong>aici<\/strong><\/a>.<\/p>\n\n\n\n<p><strong>CITE\u0218TE \u0218I: <a href=\"https:\/\/buletin.de\/bucuresti\/razboiul-bulevardelor-intre-n-dan-si-r-negoita-miza-bd-unirii-splaiul-unirii-si-tronsoane-din-nicolae-grigorescu-si-mihai-bravu\/\">R\u0103zboiul bulevardelor \u00eentre N. Dan \u0219i R. Negoi\u0163\u0103. Miza: Bd. Unirii, Splaiul Unirii \u0219i tronsoane din Nicolae Grigorescu \u0219i Mihai Bravu<\/a><\/strong><\/p>\n\n\n\n<figure class=\"wp-block-image size-large\"><a href=\"https:\/\/buletin.de\/bucuresti\/wp-content\/uploads\/143674369_3951884491545482_2411435371285364139_o-1.jpg\"><img fetchpriority=\"high\" decoding=\"async\" width=\"900\" height=\"636\" src=\"data:image\/gif;base64,R0lGODlhAQABAAAAACH5BAEKAAEALAAAAAABAAEAAAICTAEAOw==\" data-src=\"https:\/\/buletin.de\/bucuresti\/wp-content\/uploads\/143674369_3951884491545482_2411435371285364139_o-1-900x636.jpg\" alt=\"\" class=\"wp-image-92222 lazyload\" data-sizes=\"auto\" data-srcset=\"https:\/\/buletin.de\/bucuresti\/wp-content\/uploads\/143674369_3951884491545482_2411435371285364139_o-1-900x636.jpg 900w, https:\/\/buletin.de\/bucuresti\/wp-content\/uploads\/143674369_3951884491545482_2411435371285364139_o-1-300x212.jpg 300w, https:\/\/buletin.de\/bucuresti\/wp-content\/uploads\/143674369_3951884491545482_2411435371285364139_o-1-768x543.jpg 768w, https:\/\/buletin.de\/bucuresti\/wp-content\/uploads\/143674369_3951884491545482_2411435371285364139_o-1-1536x1086.jpg 1536w, https:\/\/buletin.de\/bucuresti\/wp-content\/uploads\/143674369_3951884491545482_2411435371285364139_o-1-1100x778.jpg 1100w, https:\/\/buletin.de\/bucuresti\/wp-content\/uploads\/143674369_3951884491545482_2411435371285364139_o-1-600x424.jpg 600w, https:\/\/buletin.de\/bucuresti\/wp-content\/uploads\/143674369_3951884491545482_2411435371285364139_o-1-20x14.jpg 20w, https:\/\/buletin.de\/bucuresti\/wp-content\/uploads\/143674369_3951884491545482_2411435371285364139_o-1.jpg 1600w\" sizes=\"(max-width: 900px) 100vw, 900px\" \/><\/a><figcaption class=\"wp-element-caption\"><br>Pasaje rutiere anun\u021bate de PS3 \u00een 2021\/ Surs\u0103: Foto: FB\/ PS3<\/figcaption><\/figure>\n\n\n\n<h2 class=\"wp-block-heading\" id=\"h-lucrari-propuse-bulevardul-unirii-splaiul-unirii\">Lucr\u0103ri propuse: Bulevardul Unirii &#8211; Splaiul Unirii<\/h2>\n\n\n\n<p><a href=\"https:\/\/www.primarie3.ro\/images\/uploads\/consiliu_local\/Punctul_46_din_25.07.2024.pdf\">Proiectul referitor la Bulevardul Unirii <\/a>propune <strong>mutarea circula\u021biei auto, inclusiv a locurilor de parcare, \u00een subteran, cu scopul amenaj\u0103rii unei zone exclusiv pietonale la nivelul solului<\/strong>, astfel:<\/p>\n\n\n\n<ul class=\"wp-block-list\">\n<li><em>Subsol 1 -amenajarea de spa\u021bii destinate parc\u0103rii autovehiculelor \u0219i accesele c\u0103tre acestea;<\/em><\/li>\n\n\n\n<li><em>Subsol  2 -preluarea circula\u021biei de pe str\u0103zile adiacente bulevardului prin asigurarea racord\u0103rii cu acestea \u0219i amenajarea de spa\u021bii destinate parc\u0103rii autovehiculelor \u0219i accesele c\u0103tre acestea;<\/em><\/li>\n\n\n\n<li><em>Subsol  3 &#8211; preluarea circula\u021biei de pe traseul principal &#8211; Bulevardul Unirii &#8211; prin amenajarea de benzi de circula\u021bie pe dou\u0103 sensuri de deplasare.<\/em><\/li>\n<\/ul>\n\n\n\n<p>Pentru realizarea acestui obiectiv, sunt necesare lucr\u0103ri de deviere a re\u021belelor din amplasament, se arat\u0103 \u00een proiectul de hot\u0103r\u00e2re.<\/p>\n\n\n\n<p>\u00cen august 2020, pe ordinea de zi a \u0219edin\u021bei Consiliului Local Sector 3 a ap\u0103rut, pentru prima oar\u0103, proiectul de investi\u021bii pentru reorganizarea traficului de pe Bulevardul Unirii. Ulterior, a picat de multiple ori la vot. Printre argumentele aduse \u00eempotriv\u0103 se num\u0103r\u0103 costul uria\u0219 al proiectului, \u0219i anume <strong>865 milioane lei, adic\u0103 circa 173 milioane euro<\/strong>, a\u0219a cum a explicat Buletin de Bucure\u0219ti<a href=\"https:\/\/buletin.de\/bucuresti\/negoita-mai-incearca-o-data-sa-treaca-prin-consiliul-local-mega-proiectul-pasajului-de-sub-bulevardul-unirii-investitia-ar-fi-de-865-de-milioane-de-lei\/\"><strong> aici<\/strong><\/a>.<\/p>\n\n\n\n<iframe src=\"https:\/\/www.facebook.com\/plugins\/video.php?height=314&#038;href=https%3A%2F%2Fwww.facebook.com%2FRobert.Negoita%2Fvideos%2F2765952606956917%2F&#038;show_text=false&#038;width=560&#038;t=0\" width=\"560\" height=\"314\" style=\"border:none;overflow:hidden\" scrolling=\"no\" frameborder=\"0\" allowfullscreen=\"true\" allow=\"autoplay; clipboard-write; encrypted-media; picture-in-picture; web-share\" allowFullScreen=\"true\"><\/iframe>\n\n\n\n<p><strong>CITE\u0218TE \u0218I:<\/strong><a href=\"http:\/\/Negoi\u021b\u0103 mai \u00eencearc\u0103 o dat\u0103 s\u0103 treac\u0103 prin Consiliul Local mega proiectul pasajului de sub Bulevardul Unirii. Investi\u021bia ar fi de 865 de milioane de lei\"><strong> Negoi\u021b\u0103 mai \u00eencearc\u0103 o dat\u0103 s\u0103 treac\u0103 prin Consiliul Local mega proiectul pasajului de sub Bulevardul Unirii. Investi\u021bia ar fi de 865 de milioane de lei<\/strong><\/a><\/p>\n\n\n\n<p><a href=\"https:\/\/www.primarie3.ro\/images\/uploads\/consiliu_local\/Punctul_49_din_25.07.2024.pdf\">Cel referitor la Splaiul Unirii <\/a>vizeaz\u0103 <strong>amenajarea malului st\u00e2ng al D\u00e2mbovi\u021bei <\/strong>\u0219i crearea unei zone pentru promenad\u0103.<\/p>\n\n\n\n<blockquote class=\"wp-block-quote is-layout-flow wp-block-quote-is-layout-flow\">\n<p class=\"has-medium-font-size\"><strong>Prim\u0103ria Sectorului 3 are \u00eentocmit, printre altele, un proiect de amenajare a malului st\u00e2ng al D\u00e2mbovi\u021bei prin care se propune amenajarea unei structuri urbane, in spe\u021b\u0103 o promenad\u0103 pietonal\u0103 \u00een consol\u0103 pe cuva r\u00e2ului, pist\u0103 de biciclet\u0103, b\u0103nci, amenaj\u0103ri&nbsp;horticole&nbsp;etc.<\/strong><\/p>\n<cite>Citat din Proiectul De Hot\u0103r\u00e2re<\/cite><\/blockquote>\n\n\n\n<h2 class=\"wp-block-heading\" id=\"h-pasaje-rutiere-bulevardul-nicolae-grigorescu-\u0219oseaua-mihai-bravu\">Pasaje rutiere: Bulevardul Nicolae Grigorescu &#8211; \u0218oseaua Mihai Bravu<\/h2>\n\n\n\n<p><a href=\"https:\/\/www.primarie3.ro\/images\/uploads\/consiliu_local\/Punctul_47_din_25.07.2024.pdf\">Proiectul de hot\u0103r\u00e2re <\/a>descrie situa\u021bia actual\u0103 a traficului de pe Bulevardul Nicolae Grigorescu, astfel: <em>\u201ecircula\u021bia rutier\u0103 se blocheaz\u0103 \u00een trei puncte cheie, la intersec\u021bia cu alte trei str\u0103zi (\u2026) la fel de aglomerate, respectiv: str. Constantin Br\u00e2ncu\u0219i, str. Liviu Rebreanu \u0219i str. Camil Ress<\/em>u.<\/p>\n\n\n\n<p>Din acest motiv, institu\u021bia condus\u0103 de Robert Negoi\u021b\u0103 propune<strong> construirea unor pasaje rutiere sub\/supraterane care s\u0103 traverseze cele trei noduri rutiere \u0219i s\u0103 preia traficul dintre cele dou\u0103 sectoare limitrofe<\/strong>, mai exact Sectorul 2 \u0219i Sectorul 4.<\/p>\n\n\n\n<p>La sol, ar urma s\u0103 se desf\u0103\u0219oare \u00een continuare circula\u021bia local\u0103. Documentul specific\u0103 \u0219i c\u0103 \u201ese va proteja liziera existent\u0103 care cuprinde cel pu\u021bin 7.000 arbori pe zona central\u0103 a scuarului interband\u0103.\u201d<\/p>\n\n\n\n<p>Pe \u0218oseaua Mihai Bravu, Prim\u0103ria Sectorului 3 vrea s\u0103 construiasc\u0103<strong> un pasaj auto subteran, de la intersec\u021bia Baba Novac \u0219i p\u00e2n\u0103 \u00een dreptul Str\u0103zii Curcanul<\/strong>, care s\u0103 preia traficul auto pe nivelul median \u0219i s\u0103 degajeze intersec\u021biile de la sol.<\/p>\n\n\n\n<p><a href=\"https:\/\/www.primarie3.ro\/images\/uploads\/consiliu_local\/Punctul_45_din_25.07.2024.pdf\">Documentul <\/a>men\u021bioneaz\u0103 ca institu\u021bia a parcurs deja mai multe etape pentru realizarea obiectivului, inclusiv desemnarea unui constructor. Totodat\u0103, au fost \u00eentocmite proiecte pentru devierea re\u021belelor ce afecteaz\u0103 amplasamentul, \u00eendeosebi re\u021beaua de termoficare pentru care a fost contractat\u0103 proiectarea cu Termoenergetica.<\/p>\n\n\n\n<p><strong>CITE\u0218TE \u0218I:<a href=\"https:\/\/buletin.de\/bucuresti\/robert-negoita-vrea-pasaj-in-dristor-in-acuza-pe-nicusor-dan-ca-se-opune-planurilor-sale\/\"> Robert Negoi\u021b\u0103 vrea pasaj \u00een Dristor. \u00cel acuz\u0103 pe Nicu\u0219or Dan c\u0103 se opune planurilor sale<\/a><\/strong><\/p>\n\n\n\n<h2 class=\"wp-block-heading\" id=\"h-investi\u021bii-propuse-\u0219oseaua-garii-ca\u021belu-\u0219oseaua-industriilor\">Investi\u021bii propuse: \u0218oseaua G\u0103rii C\u0103\u021belu \u2013 \u0218oseaua Industriilor<\/h2>\n\n\n\n<p>Prim\u0103ria Sectorului 3 a mai propus \u0219i <strong>construirea unui&nbsp;pasaj rutier suprateran&nbsp;peste trecerea la nivel cu cale ferat\u0103 de la intersec\u021bia Drumul \u00eentre Tarlale &#8211; \u0218oseaua Industriilor &#8211; \u0218oseaua G\u0103rii C\u0103\u021belu.<\/strong><\/p>\n\n\n\n<p>\u00cen prezent, institu\u021bia deruleaz\u0103 lucr\u0103ri pentru l\u0103rgirea str\u0103zii Drumul \u00eentre Tarlale, de la dou\u0103 la patru benzi. Strada face leg\u0103tura dintre zona Pantelimon \u0219i Autostrada A2, prin care ar urma s\u0103 fie redus traficul, \u00een special cel greu. <\/p>\n\n\n\n<p>Totodat\u0103, \u201e\u0218oseaua G\u0103rii C\u0103\u021belu are nevoie modernizare \u0219i reconfigurare, mai ales c\u0103 este \u00een finalizare Parcul Acvatic Pantelimon (&#8230;)\u201d, se arat\u0103 \u00een<a href=\"https:\/\/www.primarie3.ro\/images\/uploads\/consiliu_local\/Punctul_50_din_25.07.2024.pdf\"> proiectul de hot\u0103r\u00e2re consultat de Buletin de Bucure\u0219ti<\/a>. Mai exact, sunt vizate lucr\u0103ri de iluminare, retrasare a indicatoarelor \u0219i semnelor rutiere, respectiv amenajarea spa\u021biilor verzi din jurul Parcului Pantelimon.<\/p>\n\n\n\n<p>Pentru \u0218oseaua Industriilor sunt propuse lucr\u0103ri de amenajare a trotuarelor, \u201emai ales \u00een zona liniei de cale ferat\u0103, focar de infec\u021bie \u0219i generatoare de accidente\u201d. Trecerea la nivel de cale ferat\u0103 ar urma s\u0103 fac\u0103 leg\u0103tura \u00eentre cele dou\u0103 zone ale cartierului de case, astfel \u00eenc\u00e2t locuitorii s\u0103 nu mai ocoleasc\u0103 pe la capete, precizeaz\u0103 <a href=\"https:\/\/www.primarie3.ro\/images\/uploads\/consiliu_local\/Punctul_48_din_25.07.2024.pdf\">documentul<\/a>.<\/p>\n\n\n\n<p>La \u00eenceputul anului 2021, Prim\u0103ria Sectorului 3 anun\u021ba c\u0103 a ob\u021binut 20 dintre cele 21 de avize solicitate de PMB \u00een vederea realiz\u0103rii pasajului rutier. Potrivit aceleia\u0219i surse, valoarea total\u0103 a lucr\u0103rilor se apropia de 40.000 de lei. La acel moment, Buletin de Bucure\u0219ti a scris despre investi\u021biile anun\u021bate de prim\u0103rie&nbsp;<a href=\"https:\/\/buletin.de\/bucuresti\/primaria-sectorului-3-a-anuntat-construirea-a-trei-pasaje-subterane-doua-supraterane-si-largirea-strazii-drumul-intre-tarlale-la-4-benzi\/\"><strong>aici<\/strong><\/a>.<\/p>\n\n\n\n<figure class=\"wp-block-image size-full\"><a href=\"https:\/\/buletin.de\/bucuresti\/wp-content\/uploads\/Propunere-PS3-edited-768x480-1.jpg\"><img decoding=\"async\" width=\"768\" height=\"480\" src=\"data:image\/gif;base64,R0lGODlhAQABAAAAACH5BAEKAAEALAAAAAABAAEAAAICTAEAOw==\" data-src=\"https:\/\/buletin.de\/bucuresti\/wp-content\/uploads\/Propunere-PS3-edited-768x480-1.jpg\" alt=\"\" class=\"wp-image-92221 lazyload\" data-sizes=\"auto\" data-srcset=\"https:\/\/buletin.de\/bucuresti\/wp-content\/uploads\/Propunere-PS3-edited-768x480-1.jpg 768w, https:\/\/buletin.de\/bucuresti\/wp-content\/uploads\/Propunere-PS3-edited-768x480-1-300x188.jpg 300w, https:\/\/buletin.de\/bucuresti\/wp-content\/uploads\/Propunere-PS3-edited-768x480-1-600x375.jpg 600w, https:\/\/buletin.de\/bucuresti\/wp-content\/uploads\/Propunere-PS3-edited-768x480-1-20x13.jpg 20w\" sizes=\"(max-width: 768px) 100vw, 768px\" \/><\/a><figcaption class=\"wp-element-caption\"><br>Pasaje rutiere anun\u021bate de PS3 \u00een 2021\/ Surs\u0103: Foto: FB\/ PS3<\/figcaption><\/figure>\n\n\n\n<p><strong>CITE\u0218TE \u0218I: <a href=\"https:\/\/buletin.de\/bucuresti\/primaria-sectorului-3-a-anuntat-construirea-a-trei-pasaje-subterane-doua-supraterane-si-largirea-strazii-drumul-intre-tarlale-la-4-benzi\/\">Prim\u0103ria Sectorului 3 a anun\u021bat construirea a trei pasaje subterane, dou\u0103 supraterane \u0219i l\u0103rgirea str\u0103zii Drumul \u00eentre Tarlale la 4 benzi<\/a><\/strong><\/p>\n\n\n\n<p>Dac\u0103 proiectele vor fi adoptate de Consiliul Local al Sectorului 3, acestea vor ajunge pe masa consilierilor generali ai Municipiului Bucure\u0219ti.<\/p>\n","protected":false},"excerpt":{"rendered":"<p>Prim\u0103ria Sectorului 3 promite o serie de pasaje rutiere \u015fi pentru asta continu\u0103 lupta cu Prim\u0103ria Municipiului Bucure\u0219ti (PMB) pentru preluarea mai multor artere importante din Capital\u0103, printre care Bulevardul Unirii \u0219i Splaiul Unirii. \u00cen plus, e vorba de reabilitarea \u015fi modernizarea unor tronsoane de drum. UPDATE: De\u0219i prezen\u021bi la \u0219edin\u021b\u0103, consilierii USR nu au [&hellip;]<\/p>\n","protected":false},"author":55,"featured_media":92231,"comment_status":"closed","ping_status":"open","sticky":false,"template":"","format":"standard","meta":{"_acf_changed":false,"inline_featured_image":false,"ngg_post_thumbnail":0,"footnotes":""},"categories":[6994,5762,24,650],"tags":[4397,13610,4373,13615,13611,223,13612,5697,104,3174,220,440,13613,7253,7642,58,401],"ppma_author":[22573],"class_list":["post-92199","post","type-post","status-publish","format-standard","has-post-thumbnail","hentry","category-stiri-2","category-main","category-primarie","category-transport","tag-bulevarde","tag-bulevardul-nicolae-grigorescu","tag-bulevardul-unirii","tag-circulatie-auto","tag-drumul-intre-tarlale-2","tag-nicusor-dan","tag-parcari-subterane","tag-pasaje-rutiere","tag-pmb","tag-primaria-sectorului-3","tag-robert-negoita","tag-sector-3","tag-soseaua-industriilor","tag-soseaua-mihai-bravu","tag-splaiul-unirii","tag-trafic","tag-transport"],"acf":[],"yoast_head":"<!-- This site is optimized with the Yoast SEO Premium plugin v25.3 (Yoast SEO v27.4) - https:\/\/yoast.com\/product\/yoast-seo-premium-wordpress\/ -->\n<title>Sector 3 | \u201eR\u0103zboiul bulevardelor\u201d\u00a0continu\u0103. Negoi\u0163\u0103 promite pasaje rutiere pe artere aflate acum \u00een gestiunea Prim\u0103riei Generale - Buletin de Bucure\u0219ti<\/title>\n<meta name=\"description\" content=\"Prim\u0103ria Sectorului 3 \u00ee\u0219i propune preluarea unor artere importante de la PMB pentru construirea de pasaje rutiere subterane\/supraterane.\" \/>\n<meta name=\"robots\" content=\"index, follow, max-snippet:-1, max-image-preview:large, max-video-preview:-1\" \/>\n<link rel=\"canonical\" href=\"https:\/\/buletin.de\/bucuresti\/sector-3-razboiul-bulevardelor-continua-negoita-promite-pasaje-rutiere-pe-artere-aflate-acum-in-gestiunea-primariei-generale\/\" \/>\n<meta property=\"og:locale\" content=\"en_GB\" \/>\n<meta property=\"og:type\" content=\"article\" \/>\n<meta property=\"og:title\" content=\"Sector 3 | \u201eR\u0103zboiul bulevardelor\u201d\u00a0continu\u0103. Negoi\u0163\u0103 promite pasaje rutiere pe artere aflate acum \u00een gestiunea Prim\u0103riei Generale\" \/>\n<meta property=\"og:description\" content=\"Prim\u0103ria Sectorului 3 \u00ee\u0219i propune preluarea unor artere importante de la PMB pentru construirea de pasaje rutiere subterane\/supraterane.\" \/>\n<meta property=\"og:url\" content=\"https:\/\/buletin.de\/bucuresti\/sector-3-razboiul-bulevardelor-continua-negoita-promite-pasaje-rutiere-pe-artere-aflate-acum-in-gestiunea-primariei-generale\/\" \/>\n<meta property=\"og:site_name\" content=\"Buletin de Bucure\u0219ti\" \/>\n<meta property=\"article:publisher\" content=\"https:\/\/www.facebook.com\/buletin.de.buc\" \/>\n<meta property=\"article:published_time\" content=\"2024-07-25T04:41:28+00:00\" \/>\n<meta property=\"article:modified_time\" content=\"2024-11-16T08:35:43+00:00\" \/>\n<meta property=\"og:image\" content=\"https:\/\/buletin.de\/bucuresti\/wp-content\/uploads\/image_2024-07-25_041302655.png\" \/>\n\t<meta property=\"og:image:width\" content=\"636\" \/>\n\t<meta property=\"og:image:height\" content=\"358\" \/>\n\t<meta property=\"og:image:type\" content=\"image\/png\" \/>\n<meta name=\"author\" content=\"Andreea Tudor\" \/>\n<meta name=\"twitter:card\" content=\"summary_large_image\" \/>\n<meta name=\"twitter:label1\" content=\"Written by\" \/>\n\t<meta name=\"twitter:data1\" content=\"Andreea Tudor\" \/>\n\t<meta name=\"twitter:label2\" content=\"Estimated reading time\" \/>\n\t<meta name=\"twitter:data2\" content=\"6 minutes\" \/>\n<script type=\"application\/ld+json\" class=\"yoast-schema-graph\">{\"@context\":\"https:\\\/\\\/schema.org\",\"@graph\":[{\"@type\":\"Article\",\"@id\":\"https:\\\/\\\/buletin.de\\\/bucuresti\\\/sector-3-razboiul-bulevardelor-continua-negoita-promite-pasaje-rutiere-pe-artere-aflate-acum-in-gestiunea-primariei-generale\\\/#article\",\"isPartOf\":{\"@id\":\"https:\\\/\\\/buletin.de\\\/bucuresti\\\/sector-3-razboiul-bulevardelor-continua-negoita-promite-pasaje-rutiere-pe-artere-aflate-acum-in-gestiunea-primariei-generale\\\/\"},\"author\":{\"name\":\"Andreea Tudor\",\"@id\":\"https:\\\/\\\/buletin.de\\\/bucuresti\\\/#\\\/schema\\\/person\\\/150590659efde715459d159da012f501\"},\"headline\":\"Sector 3 | \u201eR\u0103zboiul bulevardelor\u201d\u00a0continu\u0103. Negoi\u0163\u0103 promite pasaje rutiere pe artere aflate acum \u00een gestiunea Prim\u0103riei Generale\",\"datePublished\":\"2024-07-25T04:41:28+00:00\",\"dateModified\":\"2024-11-16T08:35:43+00:00\",\"mainEntityOfPage\":{\"@id\":\"https:\\\/\\\/buletin.de\\\/bucuresti\\\/sector-3-razboiul-bulevardelor-continua-negoita-promite-pasaje-rutiere-pe-artere-aflate-acum-in-gestiunea-primariei-generale\\\/\"},\"wordCount\":1186,\"publisher\":{\"@id\":\"https:\\\/\\\/buletin.de\\\/bucuresti\\\/#organization\"},\"image\":{\"@id\":\"https:\\\/\\\/buletin.de\\\/bucuresti\\\/sector-3-razboiul-bulevardelor-continua-negoita-promite-pasaje-rutiere-pe-artere-aflate-acum-in-gestiunea-primariei-generale\\\/#primaryimage\"},\"thumbnailUrl\":\"https:\\\/\\\/buletin.de\\\/bucuresti\\\/wp-content\\\/uploads\\\/image_2024-07-25_041302655.png\",\"keywords\":[\"bulevarde\",\"bulevardul nicolae grigorescu\",\"bulevardul unirii\",\"circulatie auto\",\"drumul intre tarlale\",\"nicusor dan\",\"parcari subterane\",\"Pasaje rutiere\",\"pmb\",\"primaria sectorului 3\",\"robert negoita\",\"Sector 3\",\"soseaua industriilor\",\"soseaua mihai bravu\",\"Splaiul Unirii\",\"trafic\",\"transport\"],\"articleSection\":[\"Articole\",\"Main\",\"Prim\u0103rie\",\"Transport\"],\"inLanguage\":\"en-GB\",\"copyrightYear\":\"2024\",\"copyrightHolder\":{\"@id\":\"https:\\\/\\\/buletin.de\\\/bucuresti\\\/#organization\"}},{\"@type\":\"WebPage\",\"@id\":\"https:\\\/\\\/buletin.de\\\/bucuresti\\\/sector-3-razboiul-bulevardelor-continua-negoita-promite-pasaje-rutiere-pe-artere-aflate-acum-in-gestiunea-primariei-generale\\\/\",\"url\":\"https:\\\/\\\/buletin.de\\\/bucuresti\\\/sector-3-razboiul-bulevardelor-continua-negoita-promite-pasaje-rutiere-pe-artere-aflate-acum-in-gestiunea-primariei-generale\\\/\",\"name\":\"Sector 3 | \u201eR\u0103zboiul bulevardelor\u201d\u00a0continu\u0103. Negoi\u0163\u0103 promite pasaje rutiere pe artere aflate acum \u00een gestiunea Prim\u0103riei Generale - Buletin de Bucure\u0219ti\",\"isPartOf\":{\"@id\":\"https:\\\/\\\/buletin.de\\\/bucuresti\\\/#website\"},\"primaryImageOfPage\":{\"@id\":\"https:\\\/\\\/buletin.de\\\/bucuresti\\\/sector-3-razboiul-bulevardelor-continua-negoita-promite-pasaje-rutiere-pe-artere-aflate-acum-in-gestiunea-primariei-generale\\\/#primaryimage\"},\"image\":{\"@id\":\"https:\\\/\\\/buletin.de\\\/bucuresti\\\/sector-3-razboiul-bulevardelor-continua-negoita-promite-pasaje-rutiere-pe-artere-aflate-acum-in-gestiunea-primariei-generale\\\/#primaryimage\"},\"thumbnailUrl\":\"https:\\\/\\\/buletin.de\\\/bucuresti\\\/wp-content\\\/uploads\\\/image_2024-07-25_041302655.png\",\"datePublished\":\"2024-07-25T04:41:28+00:00\",\"dateModified\":\"2024-11-16T08:35:43+00:00\",\"description\":\"Prim\u0103ria Sectorului 3 \u00ee\u0219i propune preluarea unor artere importante de la PMB pentru construirea de pasaje rutiere subterane\\\/supraterane.\",\"breadcrumb\":{\"@id\":\"https:\\\/\\\/buletin.de\\\/bucuresti\\\/sector-3-razboiul-bulevardelor-continua-negoita-promite-pasaje-rutiere-pe-artere-aflate-acum-in-gestiunea-primariei-generale\\\/#breadcrumb\"},\"inLanguage\":\"en-GB\",\"potentialAction\":[{\"@type\":\"ReadAction\",\"target\":[\"https:\\\/\\\/buletin.de\\\/bucuresti\\\/sector-3-razboiul-bulevardelor-continua-negoita-promite-pasaje-rutiere-pe-artere-aflate-acum-in-gestiunea-primariei-generale\\\/\"]}]},{\"@type\":\"ImageObject\",\"inLanguage\":\"en-GB\",\"@id\":\"https:\\\/\\\/buletin.de\\\/bucuresti\\\/sector-3-razboiul-bulevardelor-continua-negoita-promite-pasaje-rutiere-pe-artere-aflate-acum-in-gestiunea-primariei-generale\\\/#primaryimage\",\"url\":\"https:\\\/\\\/buletin.de\\\/bucuresti\\\/wp-content\\\/uploads\\\/image_2024-07-25_041302655.png\",\"contentUrl\":\"https:\\\/\\\/buletin.de\\\/bucuresti\\\/wp-content\\\/uploads\\\/image_2024-07-25_041302655.png\",\"width\":636,\"height\":358,\"caption\":\"Pasaje rutiere anun\u021bate de PS3\\\/ Foto: Captur\u0103 de ecran\\\/ FB\\\/ PS3\"},{\"@type\":\"BreadcrumbList\",\"@id\":\"https:\\\/\\\/buletin.de\\\/bucuresti\\\/sector-3-razboiul-bulevardelor-continua-negoita-promite-pasaje-rutiere-pe-artere-aflate-acum-in-gestiunea-primariei-generale\\\/#breadcrumb\",\"itemListElement\":[{\"@type\":\"ListItem\",\"position\":1,\"name\":\"Acas\u0103\",\"item\":\"https:\\\/\\\/buletin.de\\\/bucuresti\\\/\"},{\"@type\":\"ListItem\",\"position\":2,\"name\":\"Sector 3 | \u201eR\u0103zboiul bulevardelor\u201d\u00a0continu\u0103. Negoi\u0163\u0103 promite pasaje rutiere pe artere aflate acum \u00een gestiunea Prim\u0103riei Generale\"}]},{\"@type\":\"WebSite\",\"@id\":\"https:\\\/\\\/buletin.de\\\/bucuresti\\\/#website\",\"url\":\"https:\\\/\\\/buletin.de\\\/bucuresti\\\/\",\"name\":\"Buletin de Bucure\u0219ti\",\"description\":\"\u0218tiri \u0219i investiga\u021bii esen\u021biale din capital\u0103\",\"publisher\":{\"@id\":\"https:\\\/\\\/buletin.de\\\/bucuresti\\\/#organization\"},\"potentialAction\":[{\"@type\":\"SearchAction\",\"target\":{\"@type\":\"EntryPoint\",\"urlTemplate\":\"https:\\\/\\\/buletin.de\\\/bucuresti\\\/?s={search_term_string}\"},\"query-input\":{\"@type\":\"PropertyValueSpecification\",\"valueRequired\":true,\"valueName\":\"search_term_string\"}}],\"inLanguage\":\"en-GB\"},{\"@type\":\"Organization\",\"@id\":\"https:\\\/\\\/buletin.de\\\/bucuresti\\\/#organization\",\"name\":\"Buletin de Bucure\u0219ti\",\"url\":\"https:\\\/\\\/buletin.de\\\/bucuresti\\\/\",\"logo\":{\"@type\":\"ImageObject\",\"inLanguage\":\"en-GB\",\"@id\":\"https:\\\/\\\/buletin.de\\\/bucuresti\\\/#\\\/schema\\\/logo\\\/image\\\/\",\"url\":\"https:\\\/\\\/buletin.de\\\/bucuresti\\\/wp-content\\\/uploads\\\/logo-bdb-full-wide-vernil-transparent.png\",\"contentUrl\":\"https:\\\/\\\/buletin.de\\\/bucuresti\\\/wp-content\\\/uploads\\\/logo-bdb-full-wide-vernil-transparent.png\",\"width\":1782,\"height\":626,\"caption\":\"Buletin de Bucure\u0219ti\"},\"image\":{\"@id\":\"https:\\\/\\\/buletin.de\\\/bucuresti\\\/#\\\/schema\\\/logo\\\/image\\\/\"},\"sameAs\":[\"https:\\\/\\\/www.facebook.com\\\/buletin.de.buc\",\"https:\\\/\\\/www.instagram.com\\\/buletinde.bucuresti\\\/\"]},{\"@type\":\"Person\",\"@id\":\"https:\\\/\\\/buletin.de\\\/bucuresti\\\/#\\\/schema\\\/person\\\/150590659efde715459d159da012f501\",\"name\":\"Andreea Tudor\",\"image\":{\"@type\":\"ImageObject\",\"inLanguage\":\"en-GB\",\"@id\":\"https:\\\/\\\/secure.gravatar.com\\\/avatar\\\/a88705a186ab0b67f3349bcbced506c09e37256fbaad0e7f3bd1a79b4599f589?s=96&d=monsterid&r=g79290610aa1a65c2b86eebc2ca5aee8f\",\"url\":\"https:\\\/\\\/secure.gravatar.com\\\/avatar\\\/a88705a186ab0b67f3349bcbced506c09e37256fbaad0e7f3bd1a79b4599f589?s=96&d=monsterid&r=g\",\"contentUrl\":\"https:\\\/\\\/secure.gravatar.com\\\/avatar\\\/a88705a186ab0b67f3349bcbced506c09e37256fbaad0e7f3bd1a79b4599f589?s=96&d=monsterid&r=g\",\"caption\":\"Andreea Tudor\"},\"description\":\"N\u0103scut\u0103 \u0219i crescut\u0103 \u00een Bucure\u0219ti, sus\u021bin\u0103toare a presei independente. A\u0219a am ajuns redactor la Buletin de Bucure\u0219ti. Fiind eu, \u00eens\u0103mi, parte a sistemului de \u00eenv\u0103\u021b\u0103m\u00e2nt rom\u00e2nesc \u0219i pasionat\u0103 de domeniul social, pun sub lup\u0103 tot ceea ce se \u00eent\u00e2mpl\u0103 \u00een sfera educa\u021biei. Cred cu t\u0103rie c\u0103 presa \u201epentru cet\u0103\u021beni\u201d este presa independent\u0103. Oamenii au nevoie de o informare corect\u0103 pentru a \u00een\u021belege pe deplin ce se \u00eent\u00e2mpl\u0103 \u00een jurul lor \u0219i pentru a lua ac\u021biune \u00eempotriva nedrept\u0103\u021bilor.\",\"url\":\"https:\\\/\\\/buletin.de\\\/bucuresti\\\/author\\\/andreeatudor\\\/\"}]}<\/script>\n<!-- \/ Yoast SEO Premium plugin. -->","yoast_head_json":{"title":"Sector 3 | \u201eR\u0103zboiul bulevardelor\u201d\u00a0continu\u0103. Negoi\u0163\u0103 promite pasaje rutiere pe artere aflate acum \u00een gestiunea Prim\u0103riei Generale - Buletin de Bucure\u0219ti","description":"Prim\u0103ria Sectorului 3 \u00ee\u0219i propune preluarea unor artere importante de la PMB pentru construirea de pasaje rutiere subterane\/supraterane.","robots":{"index":"index","follow":"follow","max-snippet":"max-snippet:-1","max-image-preview":"max-image-preview:large","max-video-preview":"max-video-preview:-1"},"canonical":"https:\/\/buletin.de\/bucuresti\/sector-3-razboiul-bulevardelor-continua-negoita-promite-pasaje-rutiere-pe-artere-aflate-acum-in-gestiunea-primariei-generale\/","og_locale":"en_GB","og_type":"article","og_title":"Sector 3 | \u201eR\u0103zboiul bulevardelor\u201d\u00a0continu\u0103. Negoi\u0163\u0103 promite pasaje rutiere pe artere aflate acum \u00een gestiunea Prim\u0103riei Generale","og_description":"Prim\u0103ria Sectorului 3 \u00ee\u0219i propune preluarea unor artere importante de la PMB pentru construirea de pasaje rutiere subterane\/supraterane.","og_url":"https:\/\/buletin.de\/bucuresti\/sector-3-razboiul-bulevardelor-continua-negoita-promite-pasaje-rutiere-pe-artere-aflate-acum-in-gestiunea-primariei-generale\/","og_site_name":"Buletin de Bucure\u0219ti","article_publisher":"https:\/\/www.facebook.com\/buletin.de.buc","article_published_time":"2024-07-25T04:41:28+00:00","article_modified_time":"2024-11-16T08:35:43+00:00","og_image":[{"width":636,"height":358,"url":"https:\/\/buletin.de\/bucuresti\/wp-content\/uploads\/image_2024-07-25_041302655.png","type":"image\/png"}],"author":"Andreea Tudor","twitter_card":"summary_large_image","twitter_misc":{"Written by":"Andreea Tudor","Estimated reading time":"6 minutes"},"schema":{"@context":"https:\/\/schema.org","@graph":[{"@type":"Article","@id":"https:\/\/buletin.de\/bucuresti\/sector-3-razboiul-bulevardelor-continua-negoita-promite-pasaje-rutiere-pe-artere-aflate-acum-in-gestiunea-primariei-generale\/#article","isPartOf":{"@id":"https:\/\/buletin.de\/bucuresti\/sector-3-razboiul-bulevardelor-continua-negoita-promite-pasaje-rutiere-pe-artere-aflate-acum-in-gestiunea-primariei-generale\/"},"author":{"name":"Andreea Tudor","@id":"https:\/\/buletin.de\/bucuresti\/#\/schema\/person\/150590659efde715459d159da012f501"},"headline":"Sector 3 | \u201eR\u0103zboiul bulevardelor\u201d\u00a0continu\u0103. Negoi\u0163\u0103 promite pasaje rutiere pe artere aflate acum \u00een gestiunea Prim\u0103riei Generale","datePublished":"2024-07-25T04:41:28+00:00","dateModified":"2024-11-16T08:35:43+00:00","mainEntityOfPage":{"@id":"https:\/\/buletin.de\/bucuresti\/sector-3-razboiul-bulevardelor-continua-negoita-promite-pasaje-rutiere-pe-artere-aflate-acum-in-gestiunea-primariei-generale\/"},"wordCount":1186,"publisher":{"@id":"https:\/\/buletin.de\/bucuresti\/#organization"},"image":{"@id":"https:\/\/buletin.de\/bucuresti\/sector-3-razboiul-bulevardelor-continua-negoita-promite-pasaje-rutiere-pe-artere-aflate-acum-in-gestiunea-primariei-generale\/#primaryimage"},"thumbnailUrl":"https:\/\/buletin.de\/bucuresti\/wp-content\/uploads\/image_2024-07-25_041302655.png","keywords":["bulevarde","bulevardul nicolae grigorescu","bulevardul unirii","circulatie auto","drumul intre tarlale","nicusor dan","parcari subterane","Pasaje rutiere","pmb","primaria sectorului 3","robert negoita","Sector 3","soseaua industriilor","soseaua mihai bravu","Splaiul Unirii","trafic","transport"],"articleSection":["Articole","Main","Prim\u0103rie","Transport"],"inLanguage":"en-GB","copyrightYear":"2024","copyrightHolder":{"@id":"https:\/\/buletin.de\/bucuresti\/#organization"}},{"@type":"WebPage","@id":"https:\/\/buletin.de\/bucuresti\/sector-3-razboiul-bulevardelor-continua-negoita-promite-pasaje-rutiere-pe-artere-aflate-acum-in-gestiunea-primariei-generale\/","url":"https:\/\/buletin.de\/bucuresti\/sector-3-razboiul-bulevardelor-continua-negoita-promite-pasaje-rutiere-pe-artere-aflate-acum-in-gestiunea-primariei-generale\/","name":"Sector 3 | \u201eR\u0103zboiul bulevardelor\u201d\u00a0continu\u0103. Negoi\u0163\u0103 promite pasaje rutiere pe artere aflate acum \u00een gestiunea Prim\u0103riei Generale - Buletin de Bucure\u0219ti","isPartOf":{"@id":"https:\/\/buletin.de\/bucuresti\/#website"},"primaryImageOfPage":{"@id":"https:\/\/buletin.de\/bucuresti\/sector-3-razboiul-bulevardelor-continua-negoita-promite-pasaje-rutiere-pe-artere-aflate-acum-in-gestiunea-primariei-generale\/#primaryimage"},"image":{"@id":"https:\/\/buletin.de\/bucuresti\/sector-3-razboiul-bulevardelor-continua-negoita-promite-pasaje-rutiere-pe-artere-aflate-acum-in-gestiunea-primariei-generale\/#primaryimage"},"thumbnailUrl":"https:\/\/buletin.de\/bucuresti\/wp-content\/uploads\/image_2024-07-25_041302655.png","datePublished":"2024-07-25T04:41:28+00:00","dateModified":"2024-11-16T08:35:43+00:00","description":"Prim\u0103ria Sectorului 3 \u00ee\u0219i propune preluarea unor artere importante de la PMB pentru construirea de pasaje rutiere subterane\/supraterane.","breadcrumb":{"@id":"https:\/\/buletin.de\/bucuresti\/sector-3-razboiul-bulevardelor-continua-negoita-promite-pasaje-rutiere-pe-artere-aflate-acum-in-gestiunea-primariei-generale\/#breadcrumb"},"inLanguage":"en-GB","potentialAction":[{"@type":"ReadAction","target":["https:\/\/buletin.de\/bucuresti\/sector-3-razboiul-bulevardelor-continua-negoita-promite-pasaje-rutiere-pe-artere-aflate-acum-in-gestiunea-primariei-generale\/"]}]},{"@type":"ImageObject","inLanguage":"en-GB","@id":"https:\/\/buletin.de\/bucuresti\/sector-3-razboiul-bulevardelor-continua-negoita-promite-pasaje-rutiere-pe-artere-aflate-acum-in-gestiunea-primariei-generale\/#primaryimage","url":"https:\/\/buletin.de\/bucuresti\/wp-content\/uploads\/image_2024-07-25_041302655.png","contentUrl":"https:\/\/buletin.de\/bucuresti\/wp-content\/uploads\/image_2024-07-25_041302655.png","width":636,"height":358,"caption":"Pasaje rutiere anun\u021bate de PS3\/ Foto: Captur\u0103 de ecran\/ FB\/ PS3"},{"@type":"BreadcrumbList","@id":"https:\/\/buletin.de\/bucuresti\/sector-3-razboiul-bulevardelor-continua-negoita-promite-pasaje-rutiere-pe-artere-aflate-acum-in-gestiunea-primariei-generale\/#breadcrumb","itemListElement":[{"@type":"ListItem","position":1,"name":"Acas\u0103","item":"https:\/\/buletin.de\/bucuresti\/"},{"@type":"ListItem","position":2,"name":"Sector 3 | \u201eR\u0103zboiul bulevardelor\u201d\u00a0continu\u0103. Negoi\u0163\u0103 promite pasaje rutiere pe artere aflate acum \u00een gestiunea Prim\u0103riei Generale"}]},{"@type":"WebSite","@id":"https:\/\/buletin.de\/bucuresti\/#website","url":"https:\/\/buletin.de\/bucuresti\/","name":"Buletin de Bucure\u0219ti","description":"\u0218tiri \u0219i investiga\u021bii esen\u021biale din capital\u0103","publisher":{"@id":"https:\/\/buletin.de\/bucuresti\/#organization"},"potentialAction":[{"@type":"SearchAction","target":{"@type":"EntryPoint","urlTemplate":"https:\/\/buletin.de\/bucuresti\/?s={search_term_string}"},"query-input":{"@type":"PropertyValueSpecification","valueRequired":true,"valueName":"search_term_string"}}],"inLanguage":"en-GB"},{"@type":"Organization","@id":"https:\/\/buletin.de\/bucuresti\/#organization","name":"Buletin de Bucure\u0219ti","url":"https:\/\/buletin.de\/bucuresti\/","logo":{"@type":"ImageObject","inLanguage":"en-GB","@id":"https:\/\/buletin.de\/bucuresti\/#\/schema\/logo\/image\/","url":"https:\/\/buletin.de\/bucuresti\/wp-content\/uploads\/logo-bdb-full-wide-vernil-transparent.png","contentUrl":"https:\/\/buletin.de\/bucuresti\/wp-content\/uploads\/logo-bdb-full-wide-vernil-transparent.png","width":1782,"height":626,"caption":"Buletin de Bucure\u0219ti"},"image":{"@id":"https:\/\/buletin.de\/bucuresti\/#\/schema\/logo\/image\/"},"sameAs":["https:\/\/www.facebook.com\/buletin.de.buc","https:\/\/www.instagram.com\/buletinde.bucuresti\/"]},{"@type":"Person","@id":"https:\/\/buletin.de\/bucuresti\/#\/schema\/person\/150590659efde715459d159da012f501","name":"Andreea Tudor","image":{"@type":"ImageObject","inLanguage":"en-GB","@id":"https:\/\/secure.gravatar.com\/avatar\/a88705a186ab0b67f3349bcbced506c09e37256fbaad0e7f3bd1a79b4599f589?s=96&d=monsterid&r=g79290610aa1a65c2b86eebc2ca5aee8f","url":"https:\/\/secure.gravatar.com\/avatar\/a88705a186ab0b67f3349bcbced506c09e37256fbaad0e7f3bd1a79b4599f589?s=96&d=monsterid&r=g","contentUrl":"https:\/\/secure.gravatar.com\/avatar\/a88705a186ab0b67f3349bcbced506c09e37256fbaad0e7f3bd1a79b4599f589?s=96&d=monsterid&r=g","caption":"Andreea Tudor"},"description":"N\u0103scut\u0103 \u0219i crescut\u0103 \u00een Bucure\u0219ti, sus\u021bin\u0103toare a presei independente. A\u0219a am ajuns redactor la Buletin de Bucure\u0219ti. Fiind eu, \u00eens\u0103mi, parte a sistemului de \u00eenv\u0103\u021b\u0103m\u00e2nt rom\u00e2nesc \u0219i pasionat\u0103 de domeniul social, pun sub lup\u0103 tot ceea ce se \u00eent\u00e2mpl\u0103 \u00een sfera educa\u021biei. Cred cu t\u0103rie c\u0103 presa \u201epentru cet\u0103\u021beni\u201d este presa independent\u0103. Oamenii au nevoie de o informare corect\u0103 pentru a \u00een\u021belege pe deplin ce se \u00eent\u00e2mpl\u0103 \u00een jurul lor \u0219i pentru a lua ac\u021biune \u00eempotriva nedrept\u0103\u021bilor.","url":"https:\/\/buletin.de\/bucuresti\/author\/andreeatudor\/"}]}},"authors":[{"term_id":22573,"user_id":55,"is_guest":0,"slug":"andreeatudor","display_name":"Andreea Tudor","avatar_url":"https:\/\/secure.gravatar.com\/avatar\/a88705a186ab0b67f3349bcbced506c09e37256fbaad0e7f3bd1a79b4599f589?s=96&d=monsterid&r=g","0":null,"1":"","2":"","3":"","4":"","5":"","6":"","7":"","8":""}],"_links":{"self":[{"href":"https:\/\/buletin.de\/bucuresti\/wp-json\/wp\/v2\/posts\/92199","targetHints":{"allow":["GET"]}}],"collection":[{"href":"https:\/\/buletin.de\/bucuresti\/wp-json\/wp\/v2\/posts"}],"about":[{"href":"https:\/\/buletin.de\/bucuresti\/wp-json\/wp\/v2\/types\/post"}],"author":[{"embeddable":true,"href":"https:\/\/buletin.de\/bucuresti\/wp-json\/wp\/v2\/users\/55"}],"replies":[{"embeddable":true,"href":"https:\/\/buletin.de\/bucuresti\/wp-json\/wp\/v2\/comments?post=92199"}],"version-history":[{"count":36,"href":"https:\/\/buletin.de\/bucuresti\/wp-json\/wp\/v2\/posts\/92199\/revisions"}],"predecessor-version":[{"id":106651,"href":"https:\/\/buletin.de\/bucuresti\/wp-json\/wp\/v2\/posts\/92199\/revisions\/106651"}],"wp:featuredmedia":[{"embeddable":true,"href":"https:\/\/buletin.de\/bucuresti\/wp-json\/wp\/v2\/media\/92231"}],"wp:attachment":[{"href":"https:\/\/buletin.de\/bucuresti\/wp-json\/wp\/v2\/media?parent=92199"}],"wp:term":[{"taxonomy":"category","embeddable":true,"href":"https:\/\/buletin.de\/bucuresti\/wp-json\/wp\/v2\/categories?post=92199"},{"taxonomy":"post_tag","embeddable":true,"href":"https:\/\/buletin.de\/bucuresti\/wp-json\/wp\/v2\/tags?post=92199"},{"taxonomy":"author","embeddable":true,"href":"https:\/\/buletin.de\/bucuresti\/wp-json\/wp\/v2\/ppma_author?post=92199"}],"curies":[{"name":"wp","href":"https:\/\/api.w.org\/{rel}","templated":true}]}}