{"id":92122,"date":"2024-07-24T12:45:52","date_gmt":"2024-07-24T09:45:52","guid":{"rendered":"https:\/\/buletin.de\/bucuresti\/?p=92122"},"modified":"2024-07-24T13:24:28","modified_gmt":"2024-07-24T10:24:28","slug":"amenzi-la-meciul-fcsb-maccabi-tel-aviv","status":"publish","type":"post","link":"https:\/\/buletin.de\/bucuresti\/amenzi-la-meciul-fcsb-maccabi-tel-aviv\/","title":{"rendered":"Amenzi la meciul FCSB &#8211; Maccabi Tel Aviv"},"content":{"rendered":"\n<p><strong>Amenzi la meciul FCSB &#8211; Maccabi Tel Aviv<\/strong>. <strong>19 sanc\u021biuni contaven\u021bionale au fost aplicate dup\u0103 partid\u0103. Potrivit Jandarmeriei, valoarea se ridic\u0103 la 5.500 de lei.<\/strong><\/p>\n\n\n\n<p>Printre amenzile datede Jandarmerie la meciul FCSB &#8211; MACCABI TEL AVIV a fost o sanc\u021biune contraven\u021bional\u0103, \u00een valoare de 2.000 de lei, aplicat\u0103 societ\u0103\u021bii specializate de paz\u0103 \u0219i protec\u021bie, pentru nerespectarea obliga\u021biilor ce \u00eei revin.<\/p>\n\n\n\n<p>Totodat\u0103, a fost aplicat\u0103 o alt\u0103 sanc\u021biune, privind interzicerea accesului la competi\u021biile sportive pe o perioad\u0103 de \u0219ase luni.<\/p>\n\n\n\n<p>CITE\u0218TE \u0218I: <strong><a href=\"https:\/\/buletin.de\/bucuresti\/santierul-liniei-5-blocat-inca-o-saptamana-nicusor-dan-vreau-sa-terminam-lucrarea-anul-acesta\/\" target=\"_blank\" rel=\"noreferrer noopener\">\u0218antierul liniei 5, blocat \u00eenc\u0103 o s\u0103pt\u0103m\u00e2n\u0103. Nicu\u0219or Dan: Vreau s\u0103 termin\u0103m lucrarea anul acesta<\/a><\/strong><\/p>\n\n\n\n<h2 class=\"wp-block-heading\">Amenzi la meciul FCSB &#8211; Maccabi au fost date pentru:<\/h2>\n\n\n\n<ul class=\"wp-block-list\">\n<li>prevenirea \u0219i combaterea violen\u021bei cu ocazia competi\u021biilor \u0219i a jocurilor sportive;<\/li>\n\n\n\n<li>sanc\u021bionarea faptelor de \u00eenc\u0103lcare a unor norme de convie\u021buire social\u0103, a ordinii \u0219i lini\u0219tii publice;<\/li>\n\n\n\n<li>sanc\u021bionarea faptelor de \u00eenc\u0103lcare a unor norme de convie\u021buire social\u0103, a ordinii \u0219i lini\u0219tii publice;<\/li>\n<\/ul>\n\n\n\n<p>Cercetarile continu\u0103 pentru identificarea \u0219i sanc\u021bionarea altor persoane care au \u00eenc\u0103lcat legislatia in vigoare.<\/p>\n\n\n\n<p><strong>CITE\u0218TE \u0218I:<\/strong> <a href=\"https:\/\/buletin.de\/bucuresti\/simfonia-campionilor-se-va-auzi-la-fantanile-urbane-din-piata-unirii\/\"><strong>Spectacol cu 150 de drone \u0219i \u201eSimfonia Campionilor\u201d, la F\u00e2nt\u00e2nile din Pia\u021ba Unirii<\/strong><\/a><\/p>\n\n\n\n<h2 class=\"wp-block-heading\">Turul doi preliminar al Ligii Campionilor <\/h2>\n\n\n\n<p>FCSB nu a reu\u0219it dec\u00e2t un egal, asear\u0103, \u00een Ghencea \u00een prima man\u0219\u0103 a turului doi preliminar al Ligii Campionilor. Partida cu MACCABI TEL-AVIV s-a \u00eencheiat 1-1. Returul se va juca miercuri, 31 iulie, la Budapesta.<\/p>\n\n\n\n<p>FCSB a ajuns \u00een aceast\u0103 faz\u0103 dup\u0103 ce a b\u0103tut-o pe Virtus cu 7-1 \u00een tur, respectiv 4-0 \u00een retur. \u00cen cazul \u00een care campioana Rom\u00e2niei va bifa calificarea, \u00een turul trei preliminar gruparea ro\u0219-albastr\u0103 va da peste \u00eenving\u0103toarea duelului dintre Shamrock Rovers (Irlanda) \u015fi Sparta Praga (Cehia).<\/p>\n\n\n\n<p>Meciurile din turul trei preliminar vor avea loc pe 6\/7 august (man\u0219a tur) \u0219i 13 august (returul).<\/p>\n\n\n\n<p>Miercuri, <a href=\"https:\/\/www.frf.ro\/\">FRF<\/a> va anun\u021ba cine \u00eei va lua locul lui Edi Iord\u0103nescu, la echipa na\u021bional\u0103 de fotbal.<\/p>\n\n\n\n<p><strong>CITE\u0218TE \u0218I<\/strong>: <a href=\"https:\/\/buletin.de\/bucuresti\/sector-1-o-noua-cresa-cu-cinci-sedii-in-locul-unor-centre-de-zi\/\"><strong>Sector 1 | O nou\u0103 cre\u0219\u0103, cu cinci sedii, \u00een locul unor centre de zi<\/strong><\/a><\/p>\n\n\n\n<p><\/p>\n","protected":false},"excerpt":{"rendered":"<p>Amenzi la meciul FCSB &#8211; Maccabi Tel Aviv. 19 sanc\u021biuni contaven\u021bionale au fost aplicate dup\u0103 partid\u0103. Potrivit Jandarmeriei, valoarea se ridic\u0103 la 5.500 de lei. Printre amenzile datede Jandarmerie la meciul FCSB &#8211; MACCABI TEL AVIV a fost o sanc\u021biune contraven\u021bional\u0103, \u00een valoare de 2.000 de lei, aplicat\u0103 societ\u0103\u021bii specializate de paz\u0103 \u0219i protec\u021bie, pentru [&hellip;]<\/p>\n","protected":false},"author":49,"featured_media":92125,"comment_status":"closed","ping_status":"open","sticky":false,"template":"","format":"standard","meta":{"_acf_changed":false,"inline_featured_image":false,"ngg_post_thumbnail":0,"footnotes":""},"categories":[6994,9026,62],"tags":[13590,13591,115],"ppma_author":[22574],"class_list":["post-92122","post","type-post","status-publish","format-standard","has-post-thumbnail","hentry","category-stiri-2","category-eveniment","category-stiri","tag-amenzi-meci","tag-fcsb-maccabi-tel-aviv","tag-jandarmerie"],"acf":[],"yoast_head":"<!-- This site is optimized with the Yoast SEO Premium plugin v25.3 (Yoast SEO v27.4) - https:\/\/yoast.com\/product\/yoast-seo-premium-wordpress\/ -->\n<title>Amenzi la meciul FCSB - Maccabi Tel Aviv - Buletin de Bucure\u0219ti<\/title>\n<meta name=\"description\" content=\"Amenzi la meciul FCSB - MACCABI TEL AVIV. JAndarmeria a dat 19 sanctiuni contraventionale, in valoare de 5.500 de lei.\" \/>\n<meta name=\"robots\" content=\"index, follow, max-snippet:-1, max-image-preview:large, max-video-preview:-1\" \/>\n<link rel=\"canonical\" href=\"https:\/\/buletin.de\/bucuresti\/amenzi-la-meciul-fcsb-maccabi-tel-aviv\/\" \/>\n<meta property=\"og:locale\" content=\"en_GB\" \/>\n<meta property=\"og:type\" content=\"article\" \/>\n<meta property=\"og:title\" content=\"Amenzi la meciul FCSB - Maccabi Tel Aviv\" \/>\n<meta property=\"og:description\" content=\"Amenzi la meciul FCSB - MACCABI TEL AVIV. JAndarmeria a dat 19 sanctiuni contraventionale, in valoare de 5.500 de lei.\" \/>\n<meta property=\"og:url\" content=\"https:\/\/buletin.de\/bucuresti\/amenzi-la-meciul-fcsb-maccabi-tel-aviv\/\" \/>\n<meta property=\"og:site_name\" content=\"Buletin de Bucure\u0219ti\" \/>\n<meta property=\"article:publisher\" content=\"https:\/\/www.facebook.com\/buletin.de.buc\" \/>\n<meta property=\"article:published_time\" content=\"2024-07-24T09:45:52+00:00\" \/>\n<meta property=\"article:modified_time\" content=\"2024-07-24T10:24:28+00:00\" \/>\n<meta property=\"og:image\" content=\"https:\/\/buletin.de\/bucuresti\/wp-content\/uploads\/meci.jpg\" \/>\n\t<meta property=\"og:image:width\" content=\"700\" \/>\n\t<meta property=\"og:image:height\" content=\"420\" \/>\n\t<meta property=\"og:image:type\" content=\"image\/jpeg\" \/>\n<meta name=\"author\" content=\"Diana Matei\" \/>\n<meta name=\"twitter:card\" content=\"summary_large_image\" \/>\n<meta name=\"twitter:label1\" content=\"Written by\" \/>\n\t<meta name=\"twitter:data1\" content=\"Diana Matei\" \/>\n\t<meta name=\"twitter:label2\" content=\"Estimated reading time\" \/>\n\t<meta name=\"twitter:data2\" content=\"2 minutes\" \/>\n<script type=\"application\/ld+json\" class=\"yoast-schema-graph\">{\"@context\":\"https:\\\/\\\/schema.org\",\"@graph\":[{\"@type\":\"Article\",\"@id\":\"https:\\\/\\\/buletin.de\\\/bucuresti\\\/amenzi-la-meciul-fcsb-maccabi-tel-aviv\\\/#article\",\"isPartOf\":{\"@id\":\"https:\\\/\\\/buletin.de\\\/bucuresti\\\/amenzi-la-meciul-fcsb-maccabi-tel-aviv\\\/\"},\"author\":{\"name\":\"Diana Matei\",\"@id\":\"https:\\\/\\\/buletin.de\\\/bucuresti\\\/#\\\/schema\\\/person\\\/7e46040573290777280a0835d81ea4ea\"},\"headline\":\"Amenzi la meciul FCSB &#8211; Maccabi Tel Aviv\",\"datePublished\":\"2024-07-24T09:45:52+00:00\",\"dateModified\":\"2024-07-24T10:24:28+00:00\",\"mainEntityOfPage\":{\"@id\":\"https:\\\/\\\/buletin.de\\\/bucuresti\\\/amenzi-la-meciul-fcsb-maccabi-tel-aviv\\\/\"},\"wordCount\":357,\"publisher\":{\"@id\":\"https:\\\/\\\/buletin.de\\\/bucuresti\\\/#organization\"},\"image\":{\"@id\":\"https:\\\/\\\/buletin.de\\\/bucuresti\\\/amenzi-la-meciul-fcsb-maccabi-tel-aviv\\\/#primaryimage\"},\"thumbnailUrl\":\"https:\\\/\\\/buletin.de\\\/bucuresti\\\/wp-content\\\/uploads\\\/meci.jpg\",\"keywords\":[\"amenzi meci\",\"FCSB-MACCABI TEL-AVIV\",\"jandarmerie\"],\"articleSection\":[\"Articole\",\"Eveniment\",\"\u0218tiri\"],\"inLanguage\":\"en-GB\",\"copyrightYear\":\"2024\",\"copyrightHolder\":{\"@id\":\"https:\\\/\\\/buletin.de\\\/bucuresti\\\/#organization\"}},{\"@type\":\"WebPage\",\"@id\":\"https:\\\/\\\/buletin.de\\\/bucuresti\\\/amenzi-la-meciul-fcsb-maccabi-tel-aviv\\\/\",\"url\":\"https:\\\/\\\/buletin.de\\\/bucuresti\\\/amenzi-la-meciul-fcsb-maccabi-tel-aviv\\\/\",\"name\":\"Amenzi la meciul FCSB - Maccabi Tel Aviv - Buletin de Bucure\u0219ti\",\"isPartOf\":{\"@id\":\"https:\\\/\\\/buletin.de\\\/bucuresti\\\/#website\"},\"primaryImageOfPage\":{\"@id\":\"https:\\\/\\\/buletin.de\\\/bucuresti\\\/amenzi-la-meciul-fcsb-maccabi-tel-aviv\\\/#primaryimage\"},\"image\":{\"@id\":\"https:\\\/\\\/buletin.de\\\/bucuresti\\\/amenzi-la-meciul-fcsb-maccabi-tel-aviv\\\/#primaryimage\"},\"thumbnailUrl\":\"https:\\\/\\\/buletin.de\\\/bucuresti\\\/wp-content\\\/uploads\\\/meci.jpg\",\"datePublished\":\"2024-07-24T09:45:52+00:00\",\"dateModified\":\"2024-07-24T10:24:28+00:00\",\"description\":\"Amenzi la meciul FCSB - MACCABI TEL AVIV. JAndarmeria a dat 19 sanctiuni contraventionale, in valoare de 5.500 de lei.\",\"breadcrumb\":{\"@id\":\"https:\\\/\\\/buletin.de\\\/bucuresti\\\/amenzi-la-meciul-fcsb-maccabi-tel-aviv\\\/#breadcrumb\"},\"inLanguage\":\"en-GB\",\"potentialAction\":[{\"@type\":\"ReadAction\",\"target\":[\"https:\\\/\\\/buletin.de\\\/bucuresti\\\/amenzi-la-meciul-fcsb-maccabi-tel-aviv\\\/\"]}]},{\"@type\":\"ImageObject\",\"inLanguage\":\"en-GB\",\"@id\":\"https:\\\/\\\/buletin.de\\\/bucuresti\\\/amenzi-la-meciul-fcsb-maccabi-tel-aviv\\\/#primaryimage\",\"url\":\"https:\\\/\\\/buletin.de\\\/bucuresti\\\/wp-content\\\/uploads\\\/meci.jpg\",\"contentUrl\":\"https:\\\/\\\/buletin.de\\\/bucuresti\\\/wp-content\\\/uploads\\\/meci.jpg\",\"width\":700,\"height\":420,\"caption\":\"Amenzi la meciul FCSB - MACCABI TEL AVIV. FOTO: Digisport.ro\"},{\"@type\":\"BreadcrumbList\",\"@id\":\"https:\\\/\\\/buletin.de\\\/bucuresti\\\/amenzi-la-meciul-fcsb-maccabi-tel-aviv\\\/#breadcrumb\",\"itemListElement\":[{\"@type\":\"ListItem\",\"position\":1,\"name\":\"Acas\u0103\",\"item\":\"https:\\\/\\\/buletin.de\\\/bucuresti\\\/\"},{\"@type\":\"ListItem\",\"position\":2,\"name\":\"Amenzi la meciul FCSB &#8211; Maccabi Tel Aviv\"}]},{\"@type\":\"WebSite\",\"@id\":\"https:\\\/\\\/buletin.de\\\/bucuresti\\\/#website\",\"url\":\"https:\\\/\\\/buletin.de\\\/bucuresti\\\/\",\"name\":\"Buletin de Bucure\u0219ti\",\"description\":\"\u0218tiri \u0219i investiga\u021bii esen\u021biale din capital\u0103\",\"publisher\":{\"@id\":\"https:\\\/\\\/buletin.de\\\/bucuresti\\\/#organization\"},\"potentialAction\":[{\"@type\":\"SearchAction\",\"target\":{\"@type\":\"EntryPoint\",\"urlTemplate\":\"https:\\\/\\\/buletin.de\\\/bucuresti\\\/?s={search_term_string}\"},\"query-input\":{\"@type\":\"PropertyValueSpecification\",\"valueRequired\":true,\"valueName\":\"search_term_string\"}}],\"inLanguage\":\"en-GB\"},{\"@type\":\"Organization\",\"@id\":\"https:\\\/\\\/buletin.de\\\/bucuresti\\\/#organization\",\"name\":\"Buletin de Bucure\u0219ti\",\"url\":\"https:\\\/\\\/buletin.de\\\/bucuresti\\\/\",\"logo\":{\"@type\":\"ImageObject\",\"inLanguage\":\"en-GB\",\"@id\":\"https:\\\/\\\/buletin.de\\\/bucuresti\\\/#\\\/schema\\\/logo\\\/image\\\/\",\"url\":\"https:\\\/\\\/buletin.de\\\/bucuresti\\\/wp-content\\\/uploads\\\/logo-bdb-full-wide-vernil-transparent.png\",\"contentUrl\":\"https:\\\/\\\/buletin.de\\\/bucuresti\\\/wp-content\\\/uploads\\\/logo-bdb-full-wide-vernil-transparent.png\",\"width\":1782,\"height\":626,\"caption\":\"Buletin de Bucure\u0219ti\"},\"image\":{\"@id\":\"https:\\\/\\\/buletin.de\\\/bucuresti\\\/#\\\/schema\\\/logo\\\/image\\\/\"},\"sameAs\":[\"https:\\\/\\\/www.facebook.com\\\/buletin.de.buc\",\"https:\\\/\\\/www.instagram.com\\\/buletinde.bucuresti\\\/\"]},{\"@type\":\"Person\",\"@id\":\"https:\\\/\\\/buletin.de\\\/bucuresti\\\/#\\\/schema\\\/person\\\/7e46040573290777280a0835d81ea4ea\",\"name\":\"Diana Matei\",\"image\":{\"@type\":\"ImageObject\",\"inLanguage\":\"en-GB\",\"@id\":\"https:\\\/\\\/buletin.de\\\/bucuresti\\\/wp-content\\\/uploads\\\/9-2-96x96.jpg1e8590b30871d70e62ebcdaf2eff570c\",\"url\":\"https:\\\/\\\/buletin.de\\\/bucuresti\\\/wp-content\\\/uploads\\\/9-2-96x96.jpg\",\"contentUrl\":\"https:\\\/\\\/buletin.de\\\/bucuresti\\\/wp-content\\\/uploads\\\/9-2-96x96.jpg\",\"caption\":\"Diana Matei\"},\"url\":\"https:\\\/\\\/buletin.de\\\/bucuresti\\\/author\\\/dianamatei\\\/\"}]}<\/script>\n<!-- \/ Yoast SEO Premium plugin. -->","yoast_head_json":{"title":"Amenzi la meciul FCSB - Maccabi Tel Aviv - Buletin de Bucure\u0219ti","description":"Amenzi la meciul FCSB - MACCABI TEL AVIV. JAndarmeria a dat 19 sanctiuni contraventionale, in valoare de 5.500 de lei.","robots":{"index":"index","follow":"follow","max-snippet":"max-snippet:-1","max-image-preview":"max-image-preview:large","max-video-preview":"max-video-preview:-1"},"canonical":"https:\/\/buletin.de\/bucuresti\/amenzi-la-meciul-fcsb-maccabi-tel-aviv\/","og_locale":"en_GB","og_type":"article","og_title":"Amenzi la meciul FCSB - Maccabi Tel Aviv","og_description":"Amenzi la meciul FCSB - MACCABI TEL AVIV. JAndarmeria a dat 19 sanctiuni contraventionale, in valoare de 5.500 de lei.","og_url":"https:\/\/buletin.de\/bucuresti\/amenzi-la-meciul-fcsb-maccabi-tel-aviv\/","og_site_name":"Buletin de Bucure\u0219ti","article_publisher":"https:\/\/www.facebook.com\/buletin.de.buc","article_published_time":"2024-07-24T09:45:52+00:00","article_modified_time":"2024-07-24T10:24:28+00:00","og_image":[{"width":700,"height":420,"url":"https:\/\/buletin.de\/bucuresti\/wp-content\/uploads\/meci.jpg","type":"image\/jpeg"}],"author":"Diana Matei","twitter_card":"summary_large_image","twitter_misc":{"Written by":"Diana Matei","Estimated reading time":"2 minutes"},"schema":{"@context":"https:\/\/schema.org","@graph":[{"@type":"Article","@id":"https:\/\/buletin.de\/bucuresti\/amenzi-la-meciul-fcsb-maccabi-tel-aviv\/#article","isPartOf":{"@id":"https:\/\/buletin.de\/bucuresti\/amenzi-la-meciul-fcsb-maccabi-tel-aviv\/"},"author":{"name":"Diana Matei","@id":"https:\/\/buletin.de\/bucuresti\/#\/schema\/person\/7e46040573290777280a0835d81ea4ea"},"headline":"Amenzi la meciul FCSB &#8211; Maccabi Tel Aviv","datePublished":"2024-07-24T09:45:52+00:00","dateModified":"2024-07-24T10:24:28+00:00","mainEntityOfPage":{"@id":"https:\/\/buletin.de\/bucuresti\/amenzi-la-meciul-fcsb-maccabi-tel-aviv\/"},"wordCount":357,"publisher":{"@id":"https:\/\/buletin.de\/bucuresti\/#organization"},"image":{"@id":"https:\/\/buletin.de\/bucuresti\/amenzi-la-meciul-fcsb-maccabi-tel-aviv\/#primaryimage"},"thumbnailUrl":"https:\/\/buletin.de\/bucuresti\/wp-content\/uploads\/meci.jpg","keywords":["amenzi meci","FCSB-MACCABI TEL-AVIV","jandarmerie"],"articleSection":["Articole","Eveniment","\u0218tiri"],"inLanguage":"en-GB","copyrightYear":"2024","copyrightHolder":{"@id":"https:\/\/buletin.de\/bucuresti\/#organization"}},{"@type":"WebPage","@id":"https:\/\/buletin.de\/bucuresti\/amenzi-la-meciul-fcsb-maccabi-tel-aviv\/","url":"https:\/\/buletin.de\/bucuresti\/amenzi-la-meciul-fcsb-maccabi-tel-aviv\/","name":"Amenzi la meciul FCSB - Maccabi Tel Aviv - Buletin de Bucure\u0219ti","isPartOf":{"@id":"https:\/\/buletin.de\/bucuresti\/#website"},"primaryImageOfPage":{"@id":"https:\/\/buletin.de\/bucuresti\/amenzi-la-meciul-fcsb-maccabi-tel-aviv\/#primaryimage"},"image":{"@id":"https:\/\/buletin.de\/bucuresti\/amenzi-la-meciul-fcsb-maccabi-tel-aviv\/#primaryimage"},"thumbnailUrl":"https:\/\/buletin.de\/bucuresti\/wp-content\/uploads\/meci.jpg","datePublished":"2024-07-24T09:45:52+00:00","dateModified":"2024-07-24T10:24:28+00:00","description":"Amenzi la meciul FCSB - MACCABI TEL AVIV. JAndarmeria a dat 19 sanctiuni contraventionale, in valoare de 5.500 de lei.","breadcrumb":{"@id":"https:\/\/buletin.de\/bucuresti\/amenzi-la-meciul-fcsb-maccabi-tel-aviv\/#breadcrumb"},"inLanguage":"en-GB","potentialAction":[{"@type":"ReadAction","target":["https:\/\/buletin.de\/bucuresti\/amenzi-la-meciul-fcsb-maccabi-tel-aviv\/"]}]},{"@type":"ImageObject","inLanguage":"en-GB","@id":"https:\/\/buletin.de\/bucuresti\/amenzi-la-meciul-fcsb-maccabi-tel-aviv\/#primaryimage","url":"https:\/\/buletin.de\/bucuresti\/wp-content\/uploads\/meci.jpg","contentUrl":"https:\/\/buletin.de\/bucuresti\/wp-content\/uploads\/meci.jpg","width":700,"height":420,"caption":"Amenzi la meciul FCSB - MACCABI TEL AVIV. FOTO: Digisport.ro"},{"@type":"BreadcrumbList","@id":"https:\/\/buletin.de\/bucuresti\/amenzi-la-meciul-fcsb-maccabi-tel-aviv\/#breadcrumb","itemListElement":[{"@type":"ListItem","position":1,"name":"Acas\u0103","item":"https:\/\/buletin.de\/bucuresti\/"},{"@type":"ListItem","position":2,"name":"Amenzi la meciul FCSB &#8211; Maccabi Tel Aviv"}]},{"@type":"WebSite","@id":"https:\/\/buletin.de\/bucuresti\/#website","url":"https:\/\/buletin.de\/bucuresti\/","name":"Buletin de Bucure\u0219ti","description":"\u0218tiri \u0219i investiga\u021bii esen\u021biale din capital\u0103","publisher":{"@id":"https:\/\/buletin.de\/bucuresti\/#organization"},"potentialAction":[{"@type":"SearchAction","target":{"@type":"EntryPoint","urlTemplate":"https:\/\/buletin.de\/bucuresti\/?s={search_term_string}"},"query-input":{"@type":"PropertyValueSpecification","valueRequired":true,"valueName":"search_term_string"}}],"inLanguage":"en-GB"},{"@type":"Organization","@id":"https:\/\/buletin.de\/bucuresti\/#organization","name":"Buletin de Bucure\u0219ti","url":"https:\/\/buletin.de\/bucuresti\/","logo":{"@type":"ImageObject","inLanguage":"en-GB","@id":"https:\/\/buletin.de\/bucuresti\/#\/schema\/logo\/image\/","url":"https:\/\/buletin.de\/bucuresti\/wp-content\/uploads\/logo-bdb-full-wide-vernil-transparent.png","contentUrl":"https:\/\/buletin.de\/bucuresti\/wp-content\/uploads\/logo-bdb-full-wide-vernil-transparent.png","width":1782,"height":626,"caption":"Buletin de Bucure\u0219ti"},"image":{"@id":"https:\/\/buletin.de\/bucuresti\/#\/schema\/logo\/image\/"},"sameAs":["https:\/\/www.facebook.com\/buletin.de.buc","https:\/\/www.instagram.com\/buletinde.bucuresti\/"]},{"@type":"Person","@id":"https:\/\/buletin.de\/bucuresti\/#\/schema\/person\/7e46040573290777280a0835d81ea4ea","name":"Diana Matei","image":{"@type":"ImageObject","inLanguage":"en-GB","@id":"https:\/\/buletin.de\/bucuresti\/wp-content\/uploads\/9-2-96x96.jpg1e8590b30871d70e62ebcdaf2eff570c","url":"https:\/\/buletin.de\/bucuresti\/wp-content\/uploads\/9-2-96x96.jpg","contentUrl":"https:\/\/buletin.de\/bucuresti\/wp-content\/uploads\/9-2-96x96.jpg","caption":"Diana Matei"},"url":"https:\/\/buletin.de\/bucuresti\/author\/dianamatei\/"}]}},"authors":[{"term_id":22574,"user_id":49,"is_guest":0,"slug":"dianamatei","display_name":"Diana Matei","avatar_url":"https:\/\/buletin.de\/bucuresti\/wp-content\/uploads\/9-2-96x96.jpg","0":null,"1":"","2":"","3":"","4":"","5":"","6":"","7":"","8":""}],"_links":{"self":[{"href":"https:\/\/buletin.de\/bucuresti\/wp-json\/wp\/v2\/posts\/92122","targetHints":{"allow":["GET"]}}],"collection":[{"href":"https:\/\/buletin.de\/bucuresti\/wp-json\/wp\/v2\/posts"}],"about":[{"href":"https:\/\/buletin.de\/bucuresti\/wp-json\/wp\/v2\/types\/post"}],"author":[{"embeddable":true,"href":"https:\/\/buletin.de\/bucuresti\/wp-json\/wp\/v2\/users\/49"}],"replies":[{"embeddable":true,"href":"https:\/\/buletin.de\/bucuresti\/wp-json\/wp\/v2\/comments?post=92122"}],"version-history":[{"count":4,"href":"https:\/\/buletin.de\/bucuresti\/wp-json\/wp\/v2\/posts\/92122\/revisions"}],"predecessor-version":[{"id":92141,"href":"https:\/\/buletin.de\/bucuresti\/wp-json\/wp\/v2\/posts\/92122\/revisions\/92141"}],"wp:featuredmedia":[{"embeddable":true,"href":"https:\/\/buletin.de\/bucuresti\/wp-json\/wp\/v2\/media\/92125"}],"wp:attachment":[{"href":"https:\/\/buletin.de\/bucuresti\/wp-json\/wp\/v2\/media?parent=92122"}],"wp:term":[{"taxonomy":"category","embeddable":true,"href":"https:\/\/buletin.de\/bucuresti\/wp-json\/wp\/v2\/categories?post=92122"},{"taxonomy":"post_tag","embeddable":true,"href":"https:\/\/buletin.de\/bucuresti\/wp-json\/wp\/v2\/tags?post=92122"},{"taxonomy":"author","embeddable":true,"href":"https:\/\/buletin.de\/bucuresti\/wp-json\/wp\/v2\/ppma_author?post=92122"}],"curies":[{"name":"wp","href":"https:\/\/api.w.org\/{rel}","templated":true}]}}