{"id":92016,"date":"2024-07-23T16:34:14","date_gmt":"2024-07-23T13:34:14","guid":{"rendered":"https:\/\/buletin.de\/bucuresti\/?p=92016"},"modified":"2024-07-23T16:36:26","modified_gmt":"2024-07-23T13:36:26","slug":"video-coada-pentru-a-fi-pacaliti-de-simion-george-va-face-romania-asa-cum-a-lasat-o-ceausescu","status":"publish","type":"post","link":"https:\/\/buletin.de\/bucuresti\/video-coada-pentru-a-fi-pacaliti-de-simion-george-va-face-romania-asa-cum-a-lasat-o-ceausescu\/","title":{"rendered":"VIDEO | Coad\u0103 pentru a fi p\u0103c\u0103li\u021bi de Simion. \u201eGeorge va face Rom\u00e2nia a\u0219a cum a l\u0103sat-o Ceau\u0219escu\u201d"},"content":{"rendered":"\n<p><strong>Coad\u0103 pentru a fi p\u0103c\u0103li\u021bi de Simion. C\u00e2teva zeci de bucure\u0219teni s-au \u00eengr\u0103m\u0103dit la un complex comercial din centrul Capitalei pentru a se \u00eenscrie \u00een programul prin care candidatul AUR la pre\u0219edin\u021bie promite c\u0103 va da locuin\u021be de 35.000 de euro \u0219i va t\u0103ia dob\u00e2nzile la cei care au credite imobiliare.<\/strong><\/p>\n\n\n\n<p>\u201e\u00cen cadrul acestui program se vor construi p\u00e2n\u0103 la\u00a0<strong>1.000.000 (un milion) de apartamente<\/strong>, la cele mai noi standarde, \u00eemp\u0103r\u021bite teritorial dup\u0103 cererea solicitan\u021bilor \u00eenscri\u0219i \u00een program. <\/p>\n\n\n\n<p>Ele vor fi amplasate \u00een imediat\u0103 apropiere a ora\u0219elor mari par\u021bial suprasaturate urbanistic, cu toat\u0103 infrastructura aferent\u0103, cu utilit\u0103\u021bile necesare la o capacitate corelat\u0103 cu consumurile. Dot\u0103rile acestor ansambluri vor fi \u00een raport direct cu num\u0103rul popula\u021biei +20%, pentru a avea acoperit \u00een timp un grad de cre\u0219tere organic\u0103 a ansamblurilor. <\/p>\n\n\n\n<p>Totodat\u0103, \u00een aceste zone vor fi gr\u0103dini\u021be, \u0219coli, cabinete medicale, spa\u021bii comerciale, malluri \u0219i cl\u0103diri de birouri\u201d,\u00a0<a href=\"https:\/\/planulsimion.ro\/casa-pentru-fiecare.html\" target=\"_blank\" rel=\"noreferrer noopener\">conform Planului Simion<\/a>.<\/p>\n\n\n\n<p>Proiectul electoral al lui George Simion prevede c\u0103 statul va construi apartamente cu 2, 3 \u0219i 4 camere, cu un pre\u021b de pornire de la 35.000 de euro pentru un apartament de 2 camere de aproximativ 50-55 mp p\u00e2n\u0103 la 70.000 de euro pentru o locuin\u021b\u0103 de 100 mp, cu 4 camere.<\/p>\n\n\n\n<p>Eligibilitatea va fi stabilit\u0103 \u00een func\u021bie de v\u00e2rst\u0103, num\u0103r de copii, de num\u0103rul de propriet\u0103\u021bi de\u021binute (nicio proprietate, o proprietate, dou\u0103 sau mai multe propriet\u0103\u021bi), starea civil\u0103 etc, sus\u021bine documentul.<\/p>\n\n\n\n<figure class=\"wp-block-embed is-type-video is-provider-youtube wp-block-embed-youtube wp-embed-aspect-16-9 wp-has-aspect-ratio\"><div class=\"wp-block-embed__wrapper\">\n<div class=\"jlvid_container\"><iframe title=\"Extra Shot of Information - Sediul de campanie AUR &amp; Planul Simion - Bucuresti\" width=\"1200\" height=\"675\" src=\"https:\/\/www.youtube.com\/embed\/SVNTxsKDKn0?start=175&#038;feature=oembed\" frameborder=\"0\" allow=\"accelerometer; autoplay; clipboard-write; encrypted-media; gyroscope; picture-in-picture; web-share\" referrerpolicy=\"strict-origin-when-cross-origin\" allowfullscreen><\/iframe><\/div>\n<\/div><\/figure>\n\n\n\n<p>CITE\u0218TE \u0218I: <strong><a href=\"https:\/\/buletin.de\/bucuresti\/locuri-de-parcare-gratuite-in-sectorul-3-care-sunt-conditiile\/\" target=\"_blank\" rel=\"noreferrer noopener\">Locuri de parcare gratuite \u00een Sectorul 3. Care sunt condi\u021biile<\/a><\/strong><\/p>\n\n\n\n<h2 class=\"wp-block-heading\">Coad\u0103 pentru a fi p\u0103c\u0103li\u021bi de Simion<\/h2>\n\n\n\n<p><strong>Pentru a primi locuin\u021bele ieftine, rom\u00e2nii au fost invita\u021bi s\u0103 semneze un contract cu George Simion, \u00eenc\u0103 de acum. Aduna\u021bi la fostul magazin Bucure\u0219ti, oamenii \u0219i-au l\u0103sat datele personale (nume \u0219i prenume, codul numeric personal, adresa \u0219i num\u0103rul de telefon). <\/strong><\/p>\n\n\n\n<p>Publica\u021bia Epoch Times Rom\u00e2nia l-a \u00eentrebat pe fostul judec\u0103tor Cristi Danile\u021b \u0103 analizeze contractul pe care rom\u00e2nii care cred \u00een oferta lui Simion \u00eel semneaz\u0103 \u00een schimbul promisiunii c\u0103 vor avea \u015fi ei o locuin\u0163\u0103 la un plan permisiv.<\/p>\n\n\n\n<figure class=\"wp-block-image size-full\"><img fetchpriority=\"high\" decoding=\"async\" width=\"631\" height=\"421\" src=\"data:image\/gif;base64,R0lGODlhAQABAAAAACH5BAEKAAEALAAAAAABAAEAAAICTAEAOw==\" data-src=\"https:\/\/buletin.de\/bucuresti\/wp-content\/uploads\/coada.jpg\" alt=\"Coad\u0103 pentru a fi p\u0103c\u0103li\u021bi de Simion. Foto Facebook AUR\" class=\"wp-image-92024 lazyload\" data-sizes=\"auto\" data-srcset=\"https:\/\/buletin.de\/bucuresti\/wp-content\/uploads\/coada.jpg 631w, https:\/\/buletin.de\/bucuresti\/wp-content\/uploads\/coada-300x200.jpg 300w, https:\/\/buletin.de\/bucuresti\/wp-content\/uploads\/coada-600x400.jpg 600w, https:\/\/buletin.de\/bucuresti\/wp-content\/uploads\/coada-20x13.jpg 20w\" sizes=\"(max-width: 631px) 100vw, 631px\" \/><figcaption class=\"wp-element-caption\">Coad\u0103 pentru a fi p\u0103c\u0103li\u021bi de Simion. Foto Facebook AUR<\/figcaption><\/figure>\n\n\n\n<p>\u201eContractul de \u00eenscriere \u00een Planul Simion pe care l-am analizat con\u0163ine multiple erori juridice menit\u0103 s\u0103 \u00een\u015fele rom\u00e2nii naivi \u015fi necunosc\u0103tori ai unor aspecte banale de legisla\u0163ie.<\/p>\n\n\n\n<p>\u00cen primul r\u00e2nd, se colecteaz\u0103 f\u0103r\u0103 drept date personale: nume, CNP, nr. telefon se adun\u0103 de c\u0103tre o persoan\u0103 fizic\u0103 care nu are nicio \u00eemputernicire \u00een acest sens, dar invoc\u0103 o func\u0163ie public\u0103 pe care ar putea-o ocupa \u00een viitor.<\/p>\n\n\n\n<p>\u00cen al doilea r\u00e2nd, chiar dac\u0103 va fi ales Pre\u015fedinte al Rom\u00e2niei, el nu va putea pune \u00een aplicare un astfel de contract\/plan. Alocarea terenurilor pentru construc\u0163ia de locuin\u0163e, ridicarea imobilelor respective, repartizarea lor, creditarea acestora nu sunt atribu\u0163ii nici ale Pre\u015fedintelui, nici m\u0103car ale Parlamentului sau Guvernului, ci ale administra\u0163iei publice locale \u015fi ele se acord\u0103 pentru implementare unor entit\u0103\u0163i private \u015fi numai prin proceduri legale\u201d, a explicat Cristi Danile\u021b. <\/p>\n\n\n\n<p>Vezi \u0219i alte erori \u00een <strong><a href=\"https:\/\/epochtimes-romania.com\/news\/ce-spune-unul-dintre-cei-mai-cunoscuti-judecatori-despre-contractul-prin-care-george-simion-promite-case-de-35-000-de-euro---358329\">The Epoch Times Rom\u00e2nia.<\/a><\/strong><\/p>\n","protected":false},"excerpt":{"rendered":"<p>Coad\u0103 pentru a fi p\u0103c\u0103li\u021bi de Simion. C\u00e2teva zeci de bucure\u0219teni s-au \u00eengr\u0103m\u0103dit la un complex comercial din centrul Capitalei pentru a se \u00eenscrie \u00een programul prin care candidatul AUR la pre\u0219edin\u021bie promite c\u0103 va da locuin\u021be de 35.000 de euro \u0219i va t\u0103ia dob\u00e2nzile la cei care au credite imobiliare. \u201e\u00cen cadrul acestui program [&hellip;]<\/p>\n","protected":false},"author":60,"featured_media":92019,"comment_status":"closed","ping_status":"open","sticky":false,"template":"","format":"standard","meta":{"_acf_changed":false,"inline_featured_image":false,"ngg_post_thumbnail":0,"footnotes":""},"categories":[6994,62],"tags":[],"ppma_author":[22582],"class_list":["post-92016","post","type-post","status-publish","format-standard","has-post-thumbnail","hentry","category-stiri-2","category-stiri"],"acf":[],"yoast_head":"<!-- This site is optimized with the Yoast SEO Premium plugin v25.3 (Yoast SEO v27.4) - https:\/\/yoast.com\/product\/yoast-seo-premium-wordpress\/ -->\n<title>VIDEO | Coad\u0103 pentru a fi p\u0103c\u0103li\u021bi de Simion. \u201eGeorge va face Rom\u00e2nia a\u0219a cum a l\u0103sat-o Ceau\u0219escu\u201d - Buletin de Bucure\u0219ti<\/title>\n<meta name=\"description\" content=\"Coad\u0103 pentru a fi p\u0103c\u0103li\u021bi de Simion. C\u00e2teva zeci de bucure\u0219teni s-au \u00eengr\u0103m\u0103dit la un complex comercial din centrul Capitalei.\" \/>\n<meta name=\"robots\" content=\"index, follow, max-snippet:-1, max-image-preview:large, max-video-preview:-1\" \/>\n<link rel=\"canonical\" href=\"https:\/\/buletin.de\/bucuresti\/video-coada-pentru-a-fi-pacaliti-de-simion-george-va-face-romania-asa-cum-a-lasat-o-ceausescu\/\" \/>\n<meta property=\"og:locale\" content=\"en_GB\" \/>\n<meta property=\"og:type\" content=\"article\" \/>\n<meta property=\"og:title\" content=\"VIDEO | Coad\u0103 pentru a fi p\u0103c\u0103li\u021bi de Simion. \u201eGeorge va face Rom\u00e2nia a\u0219a cum a l\u0103sat-o Ceau\u0219escu\u201d\" \/>\n<meta property=\"og:description\" content=\"Coad\u0103 pentru a fi p\u0103c\u0103li\u021bi de Simion. C\u00e2teva zeci de bucure\u0219teni s-au \u00eengr\u0103m\u0103dit la un complex comercial din centrul Capitalei.\" \/>\n<meta property=\"og:url\" content=\"https:\/\/buletin.de\/bucuresti\/video-coada-pentru-a-fi-pacaliti-de-simion-george-va-face-romania-asa-cum-a-lasat-o-ceausescu\/\" \/>\n<meta property=\"og:site_name\" content=\"Buletin de Bucure\u0219ti\" \/>\n<meta property=\"article:publisher\" content=\"https:\/\/www.facebook.com\/buletin.de.buc\" \/>\n<meta property=\"article:published_time\" content=\"2024-07-23T13:34:14+00:00\" \/>\n<meta property=\"article:modified_time\" content=\"2024-07-23T13:36:26+00:00\" \/>\n<meta property=\"og:image\" content=\"https:\/\/buletin.de\/bucuresti\/wp-content\/uploads\/ID270487_INQUAM_Photos_Octav_Ganea.jpg\" \/>\n\t<meta property=\"og:image:width\" content=\"2000\" \/>\n\t<meta property=\"og:image:height\" content=\"1333\" \/>\n\t<meta property=\"og:image:type\" content=\"image\/jpeg\" \/>\n<meta name=\"author\" content=\"R\u0103zvan Chiru\u021b\u0103\" \/>\n<meta name=\"twitter:card\" content=\"summary_large_image\" \/>\n<meta name=\"twitter:label1\" content=\"Written by\" \/>\n\t<meta name=\"twitter:data1\" content=\"R\u0103zvan Chiru\u021b\u0103\" \/>\n\t<meta name=\"twitter:label2\" content=\"Estimated reading time\" \/>\n\t<meta name=\"twitter:data2\" content=\"3 minutes\" \/>\n<script type=\"application\/ld+json\" class=\"yoast-schema-graph\">{\"@context\":\"https:\\\/\\\/schema.org\",\"@graph\":[{\"@type\":\"Article\",\"@id\":\"https:\\\/\\\/buletin.de\\\/bucuresti\\\/video-coada-pentru-a-fi-pacaliti-de-simion-george-va-face-romania-asa-cum-a-lasat-o-ceausescu\\\/#article\",\"isPartOf\":{\"@id\":\"https:\\\/\\\/buletin.de\\\/bucuresti\\\/video-coada-pentru-a-fi-pacaliti-de-simion-george-va-face-romania-asa-cum-a-lasat-o-ceausescu\\\/\"},\"author\":{\"name\":\"R\u0103zvan Chiru\u021b\u0103\",\"@id\":\"https:\\\/\\\/buletin.de\\\/bucuresti\\\/#\\\/schema\\\/person\\\/a76df728dfc913795a9d90e346b253bb\"},\"headline\":\"VIDEO | Coad\u0103 pentru a fi p\u0103c\u0103li\u021bi de Simion. \u201eGeorge va face Rom\u00e2nia a\u0219a cum a l\u0103sat-o Ceau\u0219escu\u201d\",\"datePublished\":\"2024-07-23T13:34:14+00:00\",\"dateModified\":\"2024-07-23T13:36:26+00:00\",\"mainEntityOfPage\":{\"@id\":\"https:\\\/\\\/buletin.de\\\/bucuresti\\\/video-coada-pentru-a-fi-pacaliti-de-simion-george-va-face-romania-asa-cum-a-lasat-o-ceausescu\\\/\"},\"wordCount\":584,\"publisher\":{\"@id\":\"https:\\\/\\\/buletin.de\\\/bucuresti\\\/#organization\"},\"image\":{\"@id\":\"https:\\\/\\\/buletin.de\\\/bucuresti\\\/video-coada-pentru-a-fi-pacaliti-de-simion-george-va-face-romania-asa-cum-a-lasat-o-ceausescu\\\/#primaryimage\"},\"thumbnailUrl\":\"https:\\\/\\\/buletin.de\\\/bucuresti\\\/wp-content\\\/uploads\\\/ID270487_INQUAM_Photos_Octav_Ganea.jpg\",\"articleSection\":[\"Articole\",\"\u0218tiri\"],\"inLanguage\":\"en-GB\",\"copyrightYear\":\"2024\",\"copyrightHolder\":{\"@id\":\"https:\\\/\\\/buletin.de\\\/bucuresti\\\/#organization\"}},{\"@type\":\"WebPage\",\"@id\":\"https:\\\/\\\/buletin.de\\\/bucuresti\\\/video-coada-pentru-a-fi-pacaliti-de-simion-george-va-face-romania-asa-cum-a-lasat-o-ceausescu\\\/\",\"url\":\"https:\\\/\\\/buletin.de\\\/bucuresti\\\/video-coada-pentru-a-fi-pacaliti-de-simion-george-va-face-romania-asa-cum-a-lasat-o-ceausescu\\\/\",\"name\":\"VIDEO | Coad\u0103 pentru a fi p\u0103c\u0103li\u021bi de Simion. \u201eGeorge va face Rom\u00e2nia a\u0219a cum a l\u0103sat-o Ceau\u0219escu\u201d - Buletin de Bucure\u0219ti\",\"isPartOf\":{\"@id\":\"https:\\\/\\\/buletin.de\\\/bucuresti\\\/#website\"},\"primaryImageOfPage\":{\"@id\":\"https:\\\/\\\/buletin.de\\\/bucuresti\\\/video-coada-pentru-a-fi-pacaliti-de-simion-george-va-face-romania-asa-cum-a-lasat-o-ceausescu\\\/#primaryimage\"},\"image\":{\"@id\":\"https:\\\/\\\/buletin.de\\\/bucuresti\\\/video-coada-pentru-a-fi-pacaliti-de-simion-george-va-face-romania-asa-cum-a-lasat-o-ceausescu\\\/#primaryimage\"},\"thumbnailUrl\":\"https:\\\/\\\/buletin.de\\\/bucuresti\\\/wp-content\\\/uploads\\\/ID270487_INQUAM_Photos_Octav_Ganea.jpg\",\"datePublished\":\"2024-07-23T13:34:14+00:00\",\"dateModified\":\"2024-07-23T13:36:26+00:00\",\"description\":\"Coad\u0103 pentru a fi p\u0103c\u0103li\u021bi de Simion. C\u00e2teva zeci de bucure\u0219teni s-au \u00eengr\u0103m\u0103dit la un complex comercial din centrul Capitalei.\",\"breadcrumb\":{\"@id\":\"https:\\\/\\\/buletin.de\\\/bucuresti\\\/video-coada-pentru-a-fi-pacaliti-de-simion-george-va-face-romania-asa-cum-a-lasat-o-ceausescu\\\/#breadcrumb\"},\"inLanguage\":\"en-GB\",\"potentialAction\":[{\"@type\":\"ReadAction\",\"target\":[\"https:\\\/\\\/buletin.de\\\/bucuresti\\\/video-coada-pentru-a-fi-pacaliti-de-simion-george-va-face-romania-asa-cum-a-lasat-o-ceausescu\\\/\"]}]},{\"@type\":\"ImageObject\",\"inLanguage\":\"en-GB\",\"@id\":\"https:\\\/\\\/buletin.de\\\/bucuresti\\\/video-coada-pentru-a-fi-pacaliti-de-simion-george-va-face-romania-asa-cum-a-lasat-o-ceausescu\\\/#primaryimage\",\"url\":\"https:\\\/\\\/buletin.de\\\/bucuresti\\\/wp-content\\\/uploads\\\/ID270487_INQUAM_Photos_Octav_Ganea.jpg\",\"contentUrl\":\"https:\\\/\\\/buletin.de\\\/bucuresti\\\/wp-content\\\/uploads\\\/ID270487_INQUAM_Photos_Octav_Ganea.jpg\",\"width\":2000,\"height\":1333,\"caption\":\"Coad\u0103 pentru a fi p\u0103c\u0103li\u021bi de Simion. Foto: INQUAM_Photos_Octav_Ganea\"},{\"@type\":\"BreadcrumbList\",\"@id\":\"https:\\\/\\\/buletin.de\\\/bucuresti\\\/video-coada-pentru-a-fi-pacaliti-de-simion-george-va-face-romania-asa-cum-a-lasat-o-ceausescu\\\/#breadcrumb\",\"itemListElement\":[{\"@type\":\"ListItem\",\"position\":1,\"name\":\"Acas\u0103\",\"item\":\"https:\\\/\\\/buletin.de\\\/bucuresti\\\/\"},{\"@type\":\"ListItem\",\"position\":2,\"name\":\"VIDEO | Coad\u0103 pentru a fi p\u0103c\u0103li\u021bi de Simion. \u201eGeorge va face Rom\u00e2nia a\u0219a cum a l\u0103sat-o Ceau\u0219escu\u201d\"}]},{\"@type\":\"WebSite\",\"@id\":\"https:\\\/\\\/buletin.de\\\/bucuresti\\\/#website\",\"url\":\"https:\\\/\\\/buletin.de\\\/bucuresti\\\/\",\"name\":\"Buletin de Bucure\u0219ti\",\"description\":\"\u0218tiri \u0219i investiga\u021bii esen\u021biale din capital\u0103\",\"publisher\":{\"@id\":\"https:\\\/\\\/buletin.de\\\/bucuresti\\\/#organization\"},\"potentialAction\":[{\"@type\":\"SearchAction\",\"target\":{\"@type\":\"EntryPoint\",\"urlTemplate\":\"https:\\\/\\\/buletin.de\\\/bucuresti\\\/?s={search_term_string}\"},\"query-input\":{\"@type\":\"PropertyValueSpecification\",\"valueRequired\":true,\"valueName\":\"search_term_string\"}}],\"inLanguage\":\"en-GB\"},{\"@type\":\"Organization\",\"@id\":\"https:\\\/\\\/buletin.de\\\/bucuresti\\\/#organization\",\"name\":\"Buletin de Bucure\u0219ti\",\"url\":\"https:\\\/\\\/buletin.de\\\/bucuresti\\\/\",\"logo\":{\"@type\":\"ImageObject\",\"inLanguage\":\"en-GB\",\"@id\":\"https:\\\/\\\/buletin.de\\\/bucuresti\\\/#\\\/schema\\\/logo\\\/image\\\/\",\"url\":\"https:\\\/\\\/buletin.de\\\/bucuresti\\\/wp-content\\\/uploads\\\/logo-bdb-full-wide-vernil-transparent.png\",\"contentUrl\":\"https:\\\/\\\/buletin.de\\\/bucuresti\\\/wp-content\\\/uploads\\\/logo-bdb-full-wide-vernil-transparent.png\",\"width\":1782,\"height\":626,\"caption\":\"Buletin de Bucure\u0219ti\"},\"image\":{\"@id\":\"https:\\\/\\\/buletin.de\\\/bucuresti\\\/#\\\/schema\\\/logo\\\/image\\\/\"},\"sameAs\":[\"https:\\\/\\\/www.facebook.com\\\/buletin.de.buc\",\"https:\\\/\\\/www.instagram.com\\\/buletinde.bucuresti\\\/\"]},{\"@type\":\"Person\",\"@id\":\"https:\\\/\\\/buletin.de\\\/bucuresti\\\/#\\\/schema\\\/person\\\/a76df728dfc913795a9d90e346b253bb\",\"name\":\"R\u0103zvan Chiru\u021b\u0103\",\"image\":{\"@type\":\"ImageObject\",\"inLanguage\":\"en-GB\",\"@id\":\"https:\\\/\\\/buletin.de\\\/bucuresti\\\/wp-content\\\/uploads\\\/Razvan-Chiruta-96x96.jpge7143b996fd4241fbd6ee1f6b6b7b267\",\"url\":\"https:\\\/\\\/buletin.de\\\/bucuresti\\\/wp-content\\\/uploads\\\/Razvan-Chiruta-96x96.jpg\",\"contentUrl\":\"https:\\\/\\\/buletin.de\\\/bucuresti\\\/wp-content\\\/uploads\\\/Razvan-Chiruta-96x96.jpg\",\"caption\":\"R\u0103zvan Chiru\u021b\u0103\"},\"description\":\"R\u0103zvan Chiru\u021b\u0103 este redactor-\u0219ef adjunct din iulie 2024. A fost redactor-\u0219ef al PRESShub \u00eentre 2022 \u0219i iunie 2024. Anterior, a fost redactor-\u0219ef al Newsweek Rom\u00e2nia, din 2018 p\u00e2n\u0103 \u00een 2021, \u0219i al cotidianului Rom\u00e2nia liber\u0103, \u00eentre 2015 \u0219i 2017. Este absolvent de Jurnalism, \u00een cadrul Universit\u0103\u021bii \u201eAl.I.Cuza\u201d din Ia\u0219i, \u0219i a urmat un master \u00een Managementul institu\u021biilor mass-media (f\u0103r\u0103 diserta\u021bie) la Facultatea de Jurnalism \u0219i \u0218tiin\u021bele Comunic\u0103rii din cadrul Universit\u0103\u021bii din Bucure\u0219ti. \u0218i-a \u00eenceput cariera la Opinia studen\u021beasc\u0103, cunoscuta \u0219coal\u0103 de pres\u0103 din Ia\u0219i. A lucrat \u00een presa local\u0103, apoi a devenit corespondent pentru Ia\u0219i al cotidianului Evenimentul Zilei. Din 2004, a coordonat pentru \u0219ase luni sec\u021bia de coresponden\u021bi a Evenimentului Zilei. A mai lucrat la s\u0103pt\u0103m\u00e2nalul Prezent \u0219i a colaborat cu revistele Dilema Veche \u0219i Suplimentul de Cultur\u0103. Este co-autor \u00een volumele \u201eMass-media \u0219i democra\u021bia \u00een Rom\u00e2nia post-comunist\u0103\u201d (ed. a II-a), Ed. Institutul European, Ia\u0219i, 2013, \u0219i \u201eCOVID - 19. Dimensiuni ale gestionarii pandemiei\u201d, Editura Junimea, Ia\u0219i, 2020.\",\"url\":\"https:\\\/\\\/buletin.de\\\/bucuresti\\\/author\\\/razvan-chiruta\\\/\"}]}<\/script>\n<!-- \/ Yoast SEO Premium plugin. -->","yoast_head_json":{"title":"VIDEO | Coad\u0103 pentru a fi p\u0103c\u0103li\u021bi de Simion. \u201eGeorge va face Rom\u00e2nia a\u0219a cum a l\u0103sat-o Ceau\u0219escu\u201d - Buletin de Bucure\u0219ti","description":"Coad\u0103 pentru a fi p\u0103c\u0103li\u021bi de Simion. C\u00e2teva zeci de bucure\u0219teni s-au \u00eengr\u0103m\u0103dit la un complex comercial din centrul Capitalei.","robots":{"index":"index","follow":"follow","max-snippet":"max-snippet:-1","max-image-preview":"max-image-preview:large","max-video-preview":"max-video-preview:-1"},"canonical":"https:\/\/buletin.de\/bucuresti\/video-coada-pentru-a-fi-pacaliti-de-simion-george-va-face-romania-asa-cum-a-lasat-o-ceausescu\/","og_locale":"en_GB","og_type":"article","og_title":"VIDEO | Coad\u0103 pentru a fi p\u0103c\u0103li\u021bi de Simion. \u201eGeorge va face Rom\u00e2nia a\u0219a cum a l\u0103sat-o Ceau\u0219escu\u201d","og_description":"Coad\u0103 pentru a fi p\u0103c\u0103li\u021bi de Simion. C\u00e2teva zeci de bucure\u0219teni s-au \u00eengr\u0103m\u0103dit la un complex comercial din centrul Capitalei.","og_url":"https:\/\/buletin.de\/bucuresti\/video-coada-pentru-a-fi-pacaliti-de-simion-george-va-face-romania-asa-cum-a-lasat-o-ceausescu\/","og_site_name":"Buletin de Bucure\u0219ti","article_publisher":"https:\/\/www.facebook.com\/buletin.de.buc","article_published_time":"2024-07-23T13:34:14+00:00","article_modified_time":"2024-07-23T13:36:26+00:00","og_image":[{"width":2000,"height":1333,"url":"https:\/\/buletin.de\/bucuresti\/wp-content\/uploads\/ID270487_INQUAM_Photos_Octav_Ganea.jpg","type":"image\/jpeg"}],"author":"R\u0103zvan Chiru\u021b\u0103","twitter_card":"summary_large_image","twitter_misc":{"Written by":"R\u0103zvan Chiru\u021b\u0103","Estimated reading time":"3 minutes"},"schema":{"@context":"https:\/\/schema.org","@graph":[{"@type":"Article","@id":"https:\/\/buletin.de\/bucuresti\/video-coada-pentru-a-fi-pacaliti-de-simion-george-va-face-romania-asa-cum-a-lasat-o-ceausescu\/#article","isPartOf":{"@id":"https:\/\/buletin.de\/bucuresti\/video-coada-pentru-a-fi-pacaliti-de-simion-george-va-face-romania-asa-cum-a-lasat-o-ceausescu\/"},"author":{"name":"R\u0103zvan Chiru\u021b\u0103","@id":"https:\/\/buletin.de\/bucuresti\/#\/schema\/person\/a76df728dfc913795a9d90e346b253bb"},"headline":"VIDEO | Coad\u0103 pentru a fi p\u0103c\u0103li\u021bi de Simion. \u201eGeorge va face Rom\u00e2nia a\u0219a cum a l\u0103sat-o Ceau\u0219escu\u201d","datePublished":"2024-07-23T13:34:14+00:00","dateModified":"2024-07-23T13:36:26+00:00","mainEntityOfPage":{"@id":"https:\/\/buletin.de\/bucuresti\/video-coada-pentru-a-fi-pacaliti-de-simion-george-va-face-romania-asa-cum-a-lasat-o-ceausescu\/"},"wordCount":584,"publisher":{"@id":"https:\/\/buletin.de\/bucuresti\/#organization"},"image":{"@id":"https:\/\/buletin.de\/bucuresti\/video-coada-pentru-a-fi-pacaliti-de-simion-george-va-face-romania-asa-cum-a-lasat-o-ceausescu\/#primaryimage"},"thumbnailUrl":"https:\/\/buletin.de\/bucuresti\/wp-content\/uploads\/ID270487_INQUAM_Photos_Octav_Ganea.jpg","articleSection":["Articole","\u0218tiri"],"inLanguage":"en-GB","copyrightYear":"2024","copyrightHolder":{"@id":"https:\/\/buletin.de\/bucuresti\/#organization"}},{"@type":"WebPage","@id":"https:\/\/buletin.de\/bucuresti\/video-coada-pentru-a-fi-pacaliti-de-simion-george-va-face-romania-asa-cum-a-lasat-o-ceausescu\/","url":"https:\/\/buletin.de\/bucuresti\/video-coada-pentru-a-fi-pacaliti-de-simion-george-va-face-romania-asa-cum-a-lasat-o-ceausescu\/","name":"VIDEO | Coad\u0103 pentru a fi p\u0103c\u0103li\u021bi de Simion. \u201eGeorge va face Rom\u00e2nia a\u0219a cum a l\u0103sat-o Ceau\u0219escu\u201d - Buletin de Bucure\u0219ti","isPartOf":{"@id":"https:\/\/buletin.de\/bucuresti\/#website"},"primaryImageOfPage":{"@id":"https:\/\/buletin.de\/bucuresti\/video-coada-pentru-a-fi-pacaliti-de-simion-george-va-face-romania-asa-cum-a-lasat-o-ceausescu\/#primaryimage"},"image":{"@id":"https:\/\/buletin.de\/bucuresti\/video-coada-pentru-a-fi-pacaliti-de-simion-george-va-face-romania-asa-cum-a-lasat-o-ceausescu\/#primaryimage"},"thumbnailUrl":"https:\/\/buletin.de\/bucuresti\/wp-content\/uploads\/ID270487_INQUAM_Photos_Octav_Ganea.jpg","datePublished":"2024-07-23T13:34:14+00:00","dateModified":"2024-07-23T13:36:26+00:00","description":"Coad\u0103 pentru a fi p\u0103c\u0103li\u021bi de Simion. C\u00e2teva zeci de bucure\u0219teni s-au \u00eengr\u0103m\u0103dit la un complex comercial din centrul Capitalei.","breadcrumb":{"@id":"https:\/\/buletin.de\/bucuresti\/video-coada-pentru-a-fi-pacaliti-de-simion-george-va-face-romania-asa-cum-a-lasat-o-ceausescu\/#breadcrumb"},"inLanguage":"en-GB","potentialAction":[{"@type":"ReadAction","target":["https:\/\/buletin.de\/bucuresti\/video-coada-pentru-a-fi-pacaliti-de-simion-george-va-face-romania-asa-cum-a-lasat-o-ceausescu\/"]}]},{"@type":"ImageObject","inLanguage":"en-GB","@id":"https:\/\/buletin.de\/bucuresti\/video-coada-pentru-a-fi-pacaliti-de-simion-george-va-face-romania-asa-cum-a-lasat-o-ceausescu\/#primaryimage","url":"https:\/\/buletin.de\/bucuresti\/wp-content\/uploads\/ID270487_INQUAM_Photos_Octav_Ganea.jpg","contentUrl":"https:\/\/buletin.de\/bucuresti\/wp-content\/uploads\/ID270487_INQUAM_Photos_Octav_Ganea.jpg","width":2000,"height":1333,"caption":"Coad\u0103 pentru a fi p\u0103c\u0103li\u021bi de Simion. Foto: INQUAM_Photos_Octav_Ganea"},{"@type":"BreadcrumbList","@id":"https:\/\/buletin.de\/bucuresti\/video-coada-pentru-a-fi-pacaliti-de-simion-george-va-face-romania-asa-cum-a-lasat-o-ceausescu\/#breadcrumb","itemListElement":[{"@type":"ListItem","position":1,"name":"Acas\u0103","item":"https:\/\/buletin.de\/bucuresti\/"},{"@type":"ListItem","position":2,"name":"VIDEO | Coad\u0103 pentru a fi p\u0103c\u0103li\u021bi de Simion. \u201eGeorge va face Rom\u00e2nia a\u0219a cum a l\u0103sat-o Ceau\u0219escu\u201d"}]},{"@type":"WebSite","@id":"https:\/\/buletin.de\/bucuresti\/#website","url":"https:\/\/buletin.de\/bucuresti\/","name":"Buletin de Bucure\u0219ti","description":"\u0218tiri \u0219i investiga\u021bii esen\u021biale din capital\u0103","publisher":{"@id":"https:\/\/buletin.de\/bucuresti\/#organization"},"potentialAction":[{"@type":"SearchAction","target":{"@type":"EntryPoint","urlTemplate":"https:\/\/buletin.de\/bucuresti\/?s={search_term_string}"},"query-input":{"@type":"PropertyValueSpecification","valueRequired":true,"valueName":"search_term_string"}}],"inLanguage":"en-GB"},{"@type":"Organization","@id":"https:\/\/buletin.de\/bucuresti\/#organization","name":"Buletin de Bucure\u0219ti","url":"https:\/\/buletin.de\/bucuresti\/","logo":{"@type":"ImageObject","inLanguage":"en-GB","@id":"https:\/\/buletin.de\/bucuresti\/#\/schema\/logo\/image\/","url":"https:\/\/buletin.de\/bucuresti\/wp-content\/uploads\/logo-bdb-full-wide-vernil-transparent.png","contentUrl":"https:\/\/buletin.de\/bucuresti\/wp-content\/uploads\/logo-bdb-full-wide-vernil-transparent.png","width":1782,"height":626,"caption":"Buletin de Bucure\u0219ti"},"image":{"@id":"https:\/\/buletin.de\/bucuresti\/#\/schema\/logo\/image\/"},"sameAs":["https:\/\/www.facebook.com\/buletin.de.buc","https:\/\/www.instagram.com\/buletinde.bucuresti\/"]},{"@type":"Person","@id":"https:\/\/buletin.de\/bucuresti\/#\/schema\/person\/a76df728dfc913795a9d90e346b253bb","name":"R\u0103zvan Chiru\u021b\u0103","image":{"@type":"ImageObject","inLanguage":"en-GB","@id":"https:\/\/buletin.de\/bucuresti\/wp-content\/uploads\/Razvan-Chiruta-96x96.jpge7143b996fd4241fbd6ee1f6b6b7b267","url":"https:\/\/buletin.de\/bucuresti\/wp-content\/uploads\/Razvan-Chiruta-96x96.jpg","contentUrl":"https:\/\/buletin.de\/bucuresti\/wp-content\/uploads\/Razvan-Chiruta-96x96.jpg","caption":"R\u0103zvan Chiru\u021b\u0103"},"description":"R\u0103zvan Chiru\u021b\u0103 este redactor-\u0219ef adjunct din iulie 2024. A fost redactor-\u0219ef al PRESShub \u00eentre 2022 \u0219i iunie 2024. Anterior, a fost redactor-\u0219ef al Newsweek Rom\u00e2nia, din 2018 p\u00e2n\u0103 \u00een 2021, \u0219i al cotidianului Rom\u00e2nia liber\u0103, \u00eentre 2015 \u0219i 2017. Este absolvent de Jurnalism, \u00een cadrul Universit\u0103\u021bii \u201eAl.I.Cuza\u201d din Ia\u0219i, \u0219i a urmat un master \u00een Managementul institu\u021biilor mass-media (f\u0103r\u0103 diserta\u021bie) la Facultatea de Jurnalism \u0219i \u0218tiin\u021bele Comunic\u0103rii din cadrul Universit\u0103\u021bii din Bucure\u0219ti. \u0218i-a \u00eenceput cariera la Opinia studen\u021beasc\u0103, cunoscuta \u0219coal\u0103 de pres\u0103 din Ia\u0219i. A lucrat \u00een presa local\u0103, apoi a devenit corespondent pentru Ia\u0219i al cotidianului Evenimentul Zilei. Din 2004, a coordonat pentru \u0219ase luni sec\u021bia de coresponden\u021bi a Evenimentului Zilei. A mai lucrat la s\u0103pt\u0103m\u00e2nalul Prezent \u0219i a colaborat cu revistele Dilema Veche \u0219i Suplimentul de Cultur\u0103. Este co-autor \u00een volumele \u201eMass-media \u0219i democra\u021bia \u00een Rom\u00e2nia post-comunist\u0103\u201d (ed. a II-a), Ed. Institutul European, Ia\u0219i, 2013, \u0219i \u201eCOVID - 19. Dimensiuni ale gestionarii pandemiei\u201d, Editura Junimea, Ia\u0219i, 2020.","url":"https:\/\/buletin.de\/bucuresti\/author\/razvan-chiruta\/"}]}},"authors":[{"term_id":22582,"user_id":60,"is_guest":0,"slug":"razvan-chiruta","display_name":"R\u0103zvan Chiru\u021b\u0103","avatar_url":"https:\/\/buletin.de\/bucuresti\/wp-content\/uploads\/Razvan-Chiruta-96x96.jpg","0":null,"1":"","2":"","3":"","4":"","5":"","6":"","7":"","8":""}],"_links":{"self":[{"href":"https:\/\/buletin.de\/bucuresti\/wp-json\/wp\/v2\/posts\/92016","targetHints":{"allow":["GET"]}}],"collection":[{"href":"https:\/\/buletin.de\/bucuresti\/wp-json\/wp\/v2\/posts"}],"about":[{"href":"https:\/\/buletin.de\/bucuresti\/wp-json\/wp\/v2\/types\/post"}],"author":[{"embeddable":true,"href":"https:\/\/buletin.de\/bucuresti\/wp-json\/wp\/v2\/users\/60"}],"replies":[{"embeddable":true,"href":"https:\/\/buletin.de\/bucuresti\/wp-json\/wp\/v2\/comments?post=92016"}],"version-history":[{"count":3,"href":"https:\/\/buletin.de\/bucuresti\/wp-json\/wp\/v2\/posts\/92016\/revisions"}],"predecessor-version":[{"id":92026,"href":"https:\/\/buletin.de\/bucuresti\/wp-json\/wp\/v2\/posts\/92016\/revisions\/92026"}],"wp:featuredmedia":[{"embeddable":true,"href":"https:\/\/buletin.de\/bucuresti\/wp-json\/wp\/v2\/media\/92019"}],"wp:attachment":[{"href":"https:\/\/buletin.de\/bucuresti\/wp-json\/wp\/v2\/media?parent=92016"}],"wp:term":[{"taxonomy":"category","embeddable":true,"href":"https:\/\/buletin.de\/bucuresti\/wp-json\/wp\/v2\/categories?post=92016"},{"taxonomy":"post_tag","embeddable":true,"href":"https:\/\/buletin.de\/bucuresti\/wp-json\/wp\/v2\/tags?post=92016"},{"taxonomy":"author","embeddable":true,"href":"https:\/\/buletin.de\/bucuresti\/wp-json\/wp\/v2\/ppma_author?post=92016"}],"curies":[{"name":"wp","href":"https:\/\/api.w.org\/{rel}","templated":true}]}}