{"id":91876,"date":"2024-07-23T07:35:02","date_gmt":"2024-07-23T04:35:02","guid":{"rendered":"https:\/\/buletin.de\/bucuresti\/?p=91876"},"modified":"2024-08-28T11:32:09","modified_gmt":"2024-08-28T08:32:09","slug":"sector-3-primaria-se-muta-in-hala-laminor-birourile-institutiei-vor-ocupa-11-000-mp","status":"publish","type":"post","link":"https:\/\/buletin.de\/bucuresti\/sector-3-primaria-se-muta-in-hala-laminor-birourile-institutiei-vor-ocupa-11-000-mp\/","title":{"rendered":"Prim\u0103ria Sectorului 3 se mut\u0103 \u00een Hala Laminor. Birourile institu\u021biei vor ocupa 11.000 mp"},"content":{"rendered":"\n<p><strong>Prim\u0103ria Sectorului 3 se mut\u0103 \u00een incinta Halei Laminor, al\u0103turi de Direc\u0163ia de Asisten\u0163\u0103 Social\u0103 \u015fi Protec\u0163ia Copilului (DGASPC S3) \u015fi de Direc\u0163ia General\u0103 de Eviden\u0163a Persoanelor. <a href=\"https:\/\/www.primarie3.ro\/images\/uploads\/consiliu_local\/Punctul_15_din_25.07.2024.pdf\">Proiectul <\/a>care prevede semnarea unui contract de comodat \u00eentre Algorithm Construc\u0163ii S3 (compania municipal\u0103 care administreaz\u0103 hala) \u015fi cele trei institu\u021bii este pe ordinea de zi a \u015fedin\u0163ei de Consiliu Local din data de joi, 25 iulie. <\/strong><\/p>\n\n\n\n<h2 class=\"wp-block-heading\" id=\"h-update-28-august-proiectul-a-trecut-primaria-se-muta\">UPDATE 28 august. Proiectul a trecut, Prim\u0103ria se mut\u0103<\/h2>\n\n\n\n<p>Proiectul a trecut \u00een \u015fedin\u0163a din data de 28 august, cu 18 voturi pentru \u015fi 10 \u00eempotriv\u0103. <\/p>\n\n\n\n<h2 class=\"wp-block-heading\" id=\"h-update-mutarea-primariei-sector-3-se-amana\">UPDATE: Mutarea Prim\u0103riei Sector 3 se am\u00e2n\u0103<\/h2>\n\n\n\n<p>Proiectul a picat pentru c\u0103 nu \u00eentrunea criteriile de admisibilitate la vot. A ob\u0163inut numai 15 voturi pentru, 0 \u00eempotriv\u0103 \u015fi 2 ab\u0163ineri, dup\u0103 ce consilierii de Opozi\u0163ie nu au vrut s\u0103 fie lua\u0163i \u00een calcul la acest punct de pe ordinea de zi, laolalt\u0103 cu Andreea Weinerich, de la PNL.<\/p>\n\n\n\n<p>CITE\u0218TE \u0218I: <strong><a href=\"https:\/\/buletin.de\/bucuresti\/sector-3-mutarea-primariei-a-picat-la-vot-controversele-care-i-au-nemultumit-pe-consilierii-de-opozitie\/\">Sector 3 | Mutarea Prim\u0103riei la Hala Laminor a picat la vot. Controversele care i-au nemul\u0163umit pe consilierii de pozi\u0163ie<\/a><\/strong><\/p>\n\n\n\n<hr class=\"wp-block-separator has-alpha-channel-opacity\"\/>\n\n\n\n<p>Pentru Prim\u0103rie vor fi amenajate birouri pe o suprafa\u0163\u0103 de peste 11.000 de metri p\u0103tra\u0163i, \u00een vreme ce DGASPC Sector 3 \u015fi Direc\u0163ia de Eviden\u0163a Popula\u0163iei vor avea 5500 de m2, respectiv 400 m2.<\/p>\n\n\n\n<figure class=\"wp-block-gallery has-nested-images columns-default is-cropped wp-block-gallery-1 is-layout-flex wp-block-gallery-is-layout-flex\">\n<figure class=\"wp-block-image size-full\"><img fetchpriority=\"high\" decoding=\"async\" width=\"1533\" height=\"882\" data-id=\"91903\" src=\"data:image\/gif;base64,R0lGODlhAQABAAAAACH5BAEKAAEALAAAAAABAAEAAAICTAEAOw==\" data-src=\"https:\/\/buletin.de\/bucuresti\/wp-content\/uploads\/primarie-laminor-1.png\" alt=\"\" class=\"wp-image-91903 lazyload\" data-sizes=\"auto\" data-srcset=\"https:\/\/buletin.de\/bucuresti\/wp-content\/uploads\/primarie-laminor-1.png 1533w, https:\/\/buletin.de\/bucuresti\/wp-content\/uploads\/primarie-laminor-1-300x173.png 300w, https:\/\/buletin.de\/bucuresti\/wp-content\/uploads\/primarie-laminor-1-900x518.png 900w, https:\/\/buletin.de\/bucuresti\/wp-content\/uploads\/primarie-laminor-1-768x442.png 768w, https:\/\/buletin.de\/bucuresti\/wp-content\/uploads\/primarie-laminor-1-1100x633.png 1100w, https:\/\/buletin.de\/bucuresti\/wp-content\/uploads\/primarie-laminor-1-600x345.png 600w, https:\/\/buletin.de\/bucuresti\/wp-content\/uploads\/primarie-laminor-1-20x12.png 20w\" sizes=\"(max-width: 1533px) 100vw, 1533px\" \/><\/figure>\n\n\n\n<figure class=\"wp-block-image size-full\"><img decoding=\"async\" width=\"1542\" height=\"884\" data-id=\"91904\" src=\"data:image\/gif;base64,R0lGODlhAQABAAAAACH5BAEKAAEALAAAAAABAAEAAAICTAEAOw==\" data-src=\"https:\/\/buletin.de\/bucuresti\/wp-content\/uploads\/primarie-laminor-2.png\" alt=\"\" class=\"wp-image-91904 lazyload\" data-sizes=\"auto\" data-srcset=\"https:\/\/buletin.de\/bucuresti\/wp-content\/uploads\/primarie-laminor-2.png 1542w, https:\/\/buletin.de\/bucuresti\/wp-content\/uploads\/primarie-laminor-2-300x172.png 300w, https:\/\/buletin.de\/bucuresti\/wp-content\/uploads\/primarie-laminor-2-900x516.png 900w, https:\/\/buletin.de\/bucuresti\/wp-content\/uploads\/primarie-laminor-2-768x440.png 768w, https:\/\/buletin.de\/bucuresti\/wp-content\/uploads\/primarie-laminor-2-1536x881.png 1536w, https:\/\/buletin.de\/bucuresti\/wp-content\/uploads\/primarie-laminor-2-1100x631.png 1100w, https:\/\/buletin.de\/bucuresti\/wp-content\/uploads\/primarie-laminor-2-600x344.png 600w, https:\/\/buletin.de\/bucuresti\/wp-content\/uploads\/primarie-laminor-2-20x11.png 20w\" sizes=\"(max-width: 1542px) 100vw, 1542px\" \/><\/figure>\n\n\n\n<figure class=\"wp-block-image size-full\"><img decoding=\"async\" width=\"1547\" height=\"887\" data-id=\"91905\" src=\"data:image\/gif;base64,R0lGODlhAQABAAAAACH5BAEKAAEALAAAAAABAAEAAAICTAEAOw==\" data-src=\"https:\/\/buletin.de\/bucuresti\/wp-content\/uploads\/primarie-laminor-3.png\" alt=\"\" class=\"wp-image-91905 lazyload\" data-sizes=\"auto\" data-srcset=\"https:\/\/buletin.de\/bucuresti\/wp-content\/uploads\/primarie-laminor-3.png 1547w, https:\/\/buletin.de\/bucuresti\/wp-content\/uploads\/primarie-laminor-3-300x172.png 300w, https:\/\/buletin.de\/bucuresti\/wp-content\/uploads\/primarie-laminor-3-900x516.png 900w, https:\/\/buletin.de\/bucuresti\/wp-content\/uploads\/primarie-laminor-3-768x440.png 768w, https:\/\/buletin.de\/bucuresti\/wp-content\/uploads\/primarie-laminor-3-1536x881.png 1536w, https:\/\/buletin.de\/bucuresti\/wp-content\/uploads\/primarie-laminor-3-1100x631.png 1100w, https:\/\/buletin.de\/bucuresti\/wp-content\/uploads\/primarie-laminor-3-600x344.png 600w, https:\/\/buletin.de\/bucuresti\/wp-content\/uploads\/primarie-laminor-3-20x11.png 20w\" sizes=\"(max-width: 1547px) 100vw, 1547px\" \/><\/figure>\n<figcaption class=\"blocks-gallery-caption wp-element-caption\">sursa: PHCL<\/figcaption><\/figure>\n\n\n\n<p>Robert Negoi\u0163\u0103 anun\u0163ase \u00eenc\u0103 din 2023 c\u0103 \u00ee\u015fi dore\u015fte ca birourile Prim\u0103riei s\u0103 fie mutate \u00een incinta proiectului s\u0103u de suflet, Hala Laminor, a\u015fa cum Buletin de Bucure\u015fti a scris <a href=\"https:\/\/buletin.de\/bucuresti\/g4media-robert-negoita-vrea-sa-mute-primaria-sectorului-3-la-hala-laminor\/\">AICI<\/a>. <\/p>\n\n\n\n<blockquote class=\"wp-block-quote is-layout-flow wp-block-quote-is-layout-flow\">\n<p class=\"has-medium-font-size\"><strong>Este un concept de indoor city, un ora\u0219 \u00een interior. Va fi amenajat parc, vor func\u021biona acolo institu\u021bii, mut\u0103m sediul prim\u0103riei. \u00cen sediul de la Dristor va fi amenajat un Centru de Excelen\u021b\u0103 pentru tineret. Exist\u0103 un proiect propus de PSD \u0219i PNL.<\/strong><\/p>\n<cite>Robert Negoi\u0163\u0103, pentru G4Media<\/cite><\/blockquote>\n\n\n\n<p>Prim\u0103ria se mut\u0103 \u00een Hala Laminor dac\u0103 va trece de votul consilierilor locali ai Sectorului 3. P\u00e2n\u0103 acum, proiectele legate de hal\u0103 au trecut pentru c\u0103 Robert Negoi\u0163\u0103 de\u0163ine majoritatea \u00een CL, at\u00e2t \u00een actuala formul\u0103, c\u00e2t \u015fi \u00een cea care va prelua legislativul local din octombrie. <\/p>\n\n\n\n<h2 class=\"wp-block-heading\" id=\"h-primaria-sectorului-3-se-muta-in-hala-laminor-acest-turn-babel\">Prim\u0103ria Sectorului 3 se mut\u0103 \u00een Hala Laminor, acest Turn Babel<\/h2>\n\n\n\n<p>Dincolo de noile birouri edilitare, Hala Laminor are diverse alte func\u0163ionalit\u0103\u0163i oferite de administratorii s\u0103i. Pe l\u00e2ng\u0103 evenimente private precum festivaluri ori evenimente de promovare, acolo au fost organizate \u00een ultimii ani petreceri din bani publici, precum cele de Cr\u0103ciun ori Valentine&#8217;s \u015fi pentru care s-au cheltuit sume impresionante.<\/p>\n\n\n\n<p><strong>CITE\u015eTE \u015eI: <\/strong><\/p>\n\n\n\n<ul class=\"wp-block-list\">\n<li><a href=\"https:\/\/buletin.de\/bucuresti\/sector-3-cat-de-mare-e-dragostea-pentru-bani-la-laminor-love-wonderland-12-000-de-euro-fara-tva-numai-tematica-de-valentines\/\">Sector 3 | C\u00e2t de mare e dragostea pentru bani la Laminor Love Wonderland. 12.000 de euro f\u0103r\u0103 TVA numai tematica de Valentine\u2019s<\/a><\/li>\n<\/ul>\n\n\n\n<ul class=\"wp-block-list\">\n<li><a href=\"https:\/\/buletin.de\/bucuresti\/concertele-de-valentines-de-la-hala-laminor-aproape-100-de-mii-de-euro-negoita-nu-a-publicat-costurile-pentru-organizare-reclame-si-cadouri\/\">Concertele de Valentine\u2019s de la Hala Laminor, aproape 100 de mii de euro. Negoi\u0163\u0103 \u021bine la secret facturile pentru organizare, reclame \u015fi cadouri<\/a><\/li>\n<\/ul>\n\n\n\n<ul class=\"wp-block-list\">\n<li><a href=\"https:\/\/buletin.de\/bucuresti\/nunta-de-aur-se-va-tine-la-hala-laminor-contractul-inmanat-societatii-algorithm-constructii-care-are-in-grija-hala-istorica\/\">\u201eNunta de Aur\u201d se va \u0163ine la Hala Laminor. Contractul, \u00eenm\u00e2nat societ\u0103\u0163ii Algorithm Construc\u0163ii, care are \u00een grij\u0103 hala istoric\u0103<\/a><\/li>\n\n\n\n<li><a href=\"https:\/\/buletin.de\/bucuresti\/targul-de-craciun-de-la-hala-laminor-a-costat-cel-putin-360-000-de-euro-fara-tva\/\">T\u00e2rgul de Cr\u0103ciun de la Hala Laminor a costat cel pu\u0163in 360.000 de euro f\u0103r\u0103 TVA<\/a><\/li>\n<\/ul>\n\n\n\n<p>\u00cen plus, nu demult, edilii \u015fi-au asumat \u015fi planul de a construi o policlinic\u0103 \u201eultramodern\u0103\u201d \u00een cadrul halei, pentru a-i reloca pe medicii de la vechile policlinici Vitan \u015fi Titan. <\/p>\n\n\n\n<p>Acest plan a st\u00e2rnit nemul\u0163umirea cadrelor medicale, care au spus c\u0103 zona nu este accesibil\u0103 pentru pacien\u0163ii care s-au obi\u015fnuit s\u0103 mearg\u0103 \u00een locurile deja consacrate. \u00cen ciuda acestui fapt, Consiliul Local a alocat 30 de milioane de euro \u201esus\u021binerea proiectului Hala Laminor\u201d \u0219i totodat\u0103&nbsp;<strong>\u201eamenajarea unei policlinici ultramoderne<\/strong>\u201d, a\u015fa cum BdB a ar\u0103tat <a href=\"https:\/\/buletin.de\/bucuresti\/sector-3-hala-laminor-ar-putea-deveni-si-policlinica-ultramoderna-medic-acolo-nu-vom-primi-niciodata-autorizatii-de-functionare\/\">AICI<\/a>, \u00eentr-un articol din luna mai.<\/p>\n\n\n\n<p>CITE\u015eTE \u015eI: <a href=\"https:\/\/buletin.de\/bucuresti\/sector-3-scandal-monstru-din-cauza-parcarii-de-115-milioane-de-euro-de-langa-laminor-in-sedinta-de-consiliu-chem-politia\/\">Sector 3 | Scandal \u201emonstru\u201d din cauza parc\u0103rii de 115 milioane de euro de l\u00e2ng\u0103 Laminor, \u00een \u015fedin\u0163a de Consiliu. \u201eChem Poli\u0163ia!\u201d<\/a><\/p>\n","protected":false},"excerpt":{"rendered":"<p>Prim\u0103ria Sectorului 3 se mut\u0103 \u00een incinta Halei Laminor, al\u0103turi de Direc\u0163ia de Asisten\u0163\u0103 Social\u0103 \u015fi Protec\u0163ia Copilului (DGASPC S3) \u015fi de Direc\u0163ia General\u0103 de Eviden\u0163a Persoanelor. Proiectul care prevede semnarea unui contract de comodat \u00eentre Algorithm Construc\u0163ii S3 (compania municipal\u0103 care administreaz\u0103 hala) \u015fi cele trei institu\u021bii este pe ordinea de zi a \u015fedin\u0163ei [&hellip;]<\/p>\n","protected":false},"author":8,"featured_media":87003,"comment_status":"closed","ping_status":"open","sticky":false,"template":"","format":"standard","meta":{"_acf_changed":false,"inline_featured_image":false,"ngg_post_thumbnail":0,"footnotes":""},"categories":[6994,3419,24],"tags":[13550,13551,13539,13552,13549],"ppma_author":[22586],"class_list":["post-91876","post","type-post","status-publish","format-standard","has-post-thumbnail","hentry","category-stiri-2","category-featured","category-primarie","tag-mutare-sediu-primarie","tag-noul-sediu-al-primariei-conduse-de-robert-negoita","tag-primarie-hala-laminor","tag-proiect-mutare-sediu","tag-sediu-primarie-sector-3"],"acf":[],"yoast_head":"<!-- This site is optimized with the Yoast SEO Premium plugin v25.3 (Yoast SEO v27.5) - https:\/\/yoast.com\/product\/yoast-seo-premium-wordpress\/ -->\n<title>Prim\u0103ria Sectorului 3 se mut\u0103 \u00een Hala Laminor. Birourile institu\u021biei vor ocupa 11.000 mp - Buletin de Bucure\u0219ti<\/title>\n<meta name=\"description\" content=\"Prim\u0103ria Sectorului 3 se mut\u0103 \u00een Hala Laminor, laolalt\u0103 cu Direc\u0163ia de Asisten\u0163\u0103 Social\u0103 \u015fi Protec\u0163ia Copilului.\" \/>\n<meta name=\"robots\" content=\"index, follow, max-snippet:-1, max-image-preview:large, max-video-preview:-1\" \/>\n<link rel=\"canonical\" href=\"https:\/\/buletin.de\/bucuresti\/sector-3-primaria-se-muta-in-hala-laminor-birourile-institutiei-vor-ocupa-11-000-mp\/\" \/>\n<meta property=\"og:locale\" content=\"en_GB\" \/>\n<meta property=\"og:type\" content=\"article\" \/>\n<meta property=\"og:title\" content=\"Prim\u0103ria Sectorului 3 se mut\u0103 \u00een Hala Laminor. Birourile institu\u021biei vor ocupa 11.000 mp\" \/>\n<meta property=\"og:description\" content=\"Prim\u0103ria Sectorului 3 se mut\u0103 \u00een Hala Laminor, laolalt\u0103 cu Direc\u0163ia de Asisten\u0163\u0103 Social\u0103 \u015fi Protec\u0163ia Copilului.\" \/>\n<meta property=\"og:url\" content=\"https:\/\/buletin.de\/bucuresti\/sector-3-primaria-se-muta-in-hala-laminor-birourile-institutiei-vor-ocupa-11-000-mp\/\" \/>\n<meta property=\"og:site_name\" content=\"Buletin de Bucure\u0219ti\" \/>\n<meta property=\"article:publisher\" content=\"https:\/\/www.facebook.com\/buletin.de.buc\" \/>\n<meta property=\"article:published_time\" content=\"2024-07-23T04:35:02+00:00\" \/>\n<meta property=\"article:modified_time\" content=\"2024-08-28T08:32:09+00:00\" \/>\n<meta property=\"og:image\" content=\"https:\/\/buletin.de\/bucuresti\/wp-content\/uploads\/hala-laminor.jpg\" \/>\n\t<meta property=\"og:image:width\" content=\"1024\" \/>\n\t<meta property=\"og:image:height\" content=\"768\" \/>\n\t<meta property=\"og:image:type\" content=\"image\/jpeg\" \/>\n<meta name=\"author\" content=\"Ionu\u021b Lepa\" \/>\n<meta name=\"twitter:card\" content=\"summary_large_image\" \/>\n<meta name=\"twitter:label1\" content=\"Written by\" \/>\n\t<meta name=\"twitter:data1\" content=\"Ionu\u021b Lepa\" \/>\n\t<meta name=\"twitter:label2\" content=\"Estimated reading time\" \/>\n\t<meta name=\"twitter:data2\" content=\"4 minutes\" \/>\n<script type=\"application\/ld+json\" class=\"yoast-schema-graph\">{\"@context\":\"https:\\\/\\\/schema.org\",\"@graph\":[{\"@type\":\"Article\",\"@id\":\"https:\\\/\\\/buletin.de\\\/bucuresti\\\/sector-3-primaria-se-muta-in-hala-laminor-birourile-institutiei-vor-ocupa-11-000-mp\\\/#article\",\"isPartOf\":{\"@id\":\"https:\\\/\\\/buletin.de\\\/bucuresti\\\/sector-3-primaria-se-muta-in-hala-laminor-birourile-institutiei-vor-ocupa-11-000-mp\\\/\"},\"author\":{\"name\":\"Ionu\u021b Lepa\",\"@id\":\"https:\\\/\\\/buletin.de\\\/bucuresti\\\/#\\\/schema\\\/person\\\/5272b8a057b33890940b57b837fc4ce6\"},\"headline\":\"Prim\u0103ria Sectorului 3 se mut\u0103 \u00een Hala Laminor. Birourile institu\u021biei vor ocupa 11.000 mp\",\"datePublished\":\"2024-07-23T04:35:02+00:00\",\"dateModified\":\"2024-08-28T08:32:09+00:00\",\"mainEntityOfPage\":{\"@id\":\"https:\\\/\\\/buletin.de\\\/bucuresti\\\/sector-3-primaria-se-muta-in-hala-laminor-birourile-institutiei-vor-ocupa-11-000-mp\\\/\"},\"wordCount\":650,\"publisher\":{\"@id\":\"https:\\\/\\\/buletin.de\\\/bucuresti\\\/#organization\"},\"image\":{\"@id\":\"https:\\\/\\\/buletin.de\\\/bucuresti\\\/sector-3-primaria-se-muta-in-hala-laminor-birourile-institutiei-vor-ocupa-11-000-mp\\\/#primaryimage\"},\"thumbnailUrl\":\"https:\\\/\\\/buletin.de\\\/bucuresti\\\/wp-content\\\/uploads\\\/hala-laminor.jpg\",\"keywords\":[\"mutare sediu primarie\",\"noul sediu al primariei conduse de robert negoita\",\"primarie hala laminor\",\"proiect mutare sediu\",\"sediu primarie sector 3\"],\"articleSection\":[\"Articole\",\"Featured\",\"Prim\u0103rie\"],\"inLanguage\":\"en-GB\",\"copyrightYear\":\"2024\",\"copyrightHolder\":{\"@id\":\"https:\\\/\\\/buletin.de\\\/bucuresti\\\/#organization\"}},{\"@type\":\"WebPage\",\"@id\":\"https:\\\/\\\/buletin.de\\\/bucuresti\\\/sector-3-primaria-se-muta-in-hala-laminor-birourile-institutiei-vor-ocupa-11-000-mp\\\/\",\"url\":\"https:\\\/\\\/buletin.de\\\/bucuresti\\\/sector-3-primaria-se-muta-in-hala-laminor-birourile-institutiei-vor-ocupa-11-000-mp\\\/\",\"name\":\"Prim\u0103ria Sectorului 3 se mut\u0103 \u00een Hala Laminor. Birourile institu\u021biei vor ocupa 11.000 mp - Buletin de Bucure\u0219ti\",\"isPartOf\":{\"@id\":\"https:\\\/\\\/buletin.de\\\/bucuresti\\\/#website\"},\"primaryImageOfPage\":{\"@id\":\"https:\\\/\\\/buletin.de\\\/bucuresti\\\/sector-3-primaria-se-muta-in-hala-laminor-birourile-institutiei-vor-ocupa-11-000-mp\\\/#primaryimage\"},\"image\":{\"@id\":\"https:\\\/\\\/buletin.de\\\/bucuresti\\\/sector-3-primaria-se-muta-in-hala-laminor-birourile-institutiei-vor-ocupa-11-000-mp\\\/#primaryimage\"},\"thumbnailUrl\":\"https:\\\/\\\/buletin.de\\\/bucuresti\\\/wp-content\\\/uploads\\\/hala-laminor.jpg\",\"datePublished\":\"2024-07-23T04:35:02+00:00\",\"dateModified\":\"2024-08-28T08:32:09+00:00\",\"description\":\"Prim\u0103ria Sectorului 3 se mut\u0103 \u00een Hala Laminor, laolalt\u0103 cu Direc\u0163ia de Asisten\u0163\u0103 Social\u0103 \u015fi Protec\u0163ia Copilului.\",\"breadcrumb\":{\"@id\":\"https:\\\/\\\/buletin.de\\\/bucuresti\\\/sector-3-primaria-se-muta-in-hala-laminor-birourile-institutiei-vor-ocupa-11-000-mp\\\/#breadcrumb\"},\"inLanguage\":\"en-GB\",\"potentialAction\":[{\"@type\":\"ReadAction\",\"target\":[\"https:\\\/\\\/buletin.de\\\/bucuresti\\\/sector-3-primaria-se-muta-in-hala-laminor-birourile-institutiei-vor-ocupa-11-000-mp\\\/\"]}]},{\"@type\":\"ImageObject\",\"inLanguage\":\"en-GB\",\"@id\":\"https:\\\/\\\/buletin.de\\\/bucuresti\\\/sector-3-primaria-se-muta-in-hala-laminor-birourile-institutiei-vor-ocupa-11-000-mp\\\/#primaryimage\",\"url\":\"https:\\\/\\\/buletin.de\\\/bucuresti\\\/wp-content\\\/uploads\\\/hala-laminor.jpg\",\"contentUrl\":\"https:\\\/\\\/buletin.de\\\/bucuresti\\\/wp-content\\\/uploads\\\/hala-laminor.jpg\",\"width\":1024,\"height\":768,\"caption\":\"Prim\u0103ria Sectorului 3 se mut\u0103 \u00een Hala Laminor FOTO: FB \\\/ Hala Laminor\"},{\"@type\":\"BreadcrumbList\",\"@id\":\"https:\\\/\\\/buletin.de\\\/bucuresti\\\/sector-3-primaria-se-muta-in-hala-laminor-birourile-institutiei-vor-ocupa-11-000-mp\\\/#breadcrumb\",\"itemListElement\":[{\"@type\":\"ListItem\",\"position\":1,\"name\":\"Acas\u0103\",\"item\":\"https:\\\/\\\/buletin.de\\\/bucuresti\\\/\"},{\"@type\":\"ListItem\",\"position\":2,\"name\":\"Prim\u0103ria Sectorului 3 se mut\u0103 \u00een Hala Laminor. Birourile institu\u021biei vor ocupa 11.000 mp\"}]},{\"@type\":\"WebSite\",\"@id\":\"https:\\\/\\\/buletin.de\\\/bucuresti\\\/#website\",\"url\":\"https:\\\/\\\/buletin.de\\\/bucuresti\\\/\",\"name\":\"Buletin de Bucure\u0219ti\",\"description\":\"\u0218tiri \u0219i investiga\u021bii esen\u021biale din capital\u0103\",\"publisher\":{\"@id\":\"https:\\\/\\\/buletin.de\\\/bucuresti\\\/#organization\"},\"potentialAction\":[{\"@type\":\"SearchAction\",\"target\":{\"@type\":\"EntryPoint\",\"urlTemplate\":\"https:\\\/\\\/buletin.de\\\/bucuresti\\\/?s={search_term_string}\"},\"query-input\":{\"@type\":\"PropertyValueSpecification\",\"valueRequired\":true,\"valueName\":\"search_term_string\"}}],\"inLanguage\":\"en-GB\"},{\"@type\":\"Organization\",\"@id\":\"https:\\\/\\\/buletin.de\\\/bucuresti\\\/#organization\",\"name\":\"Buletin de Bucure\u0219ti\",\"url\":\"https:\\\/\\\/buletin.de\\\/bucuresti\\\/\",\"logo\":{\"@type\":\"ImageObject\",\"inLanguage\":\"en-GB\",\"@id\":\"https:\\\/\\\/buletin.de\\\/bucuresti\\\/#\\\/schema\\\/logo\\\/image\\\/\",\"url\":\"https:\\\/\\\/buletin.de\\\/bucuresti\\\/wp-content\\\/uploads\\\/logo-bdb-full-wide-vernil-transparent.png\",\"contentUrl\":\"https:\\\/\\\/buletin.de\\\/bucuresti\\\/wp-content\\\/uploads\\\/logo-bdb-full-wide-vernil-transparent.png\",\"width\":1782,\"height\":626,\"caption\":\"Buletin de Bucure\u0219ti\"},\"image\":{\"@id\":\"https:\\\/\\\/buletin.de\\\/bucuresti\\\/#\\\/schema\\\/logo\\\/image\\\/\"},\"sameAs\":[\"https:\\\/\\\/www.facebook.com\\\/buletin.de.buc\",\"https:\\\/\\\/www.instagram.com\\\/buletinde.bucuresti\\\/\"]},{\"@type\":\"Person\",\"@id\":\"https:\\\/\\\/buletin.de\\\/bucuresti\\\/#\\\/schema\\\/person\\\/5272b8a057b33890940b57b837fc4ce6\",\"name\":\"Ionu\u021b Lepa\",\"image\":{\"@type\":\"ImageObject\",\"inLanguage\":\"en-GB\",\"@id\":\"https:\\\/\\\/buletin.de\\\/bucuresti\\\/wp-content\\\/uploads\\\/Ionut-Lepa-96x96.jpg5c4e4d9e049808799a8821652d2410a4\",\"url\":\"https:\\\/\\\/buletin.de\\\/bucuresti\\\/wp-content\\\/uploads\\\/Ionut-Lepa-96x96.jpg\",\"contentUrl\":\"https:\\\/\\\/buletin.de\\\/bucuresti\\\/wp-content\\\/uploads\\\/Ionut-Lepa-96x96.jpg\",\"caption\":\"Ionu\u021b Lepa\"},\"url\":\"https:\\\/\\\/buletin.de\\\/bucuresti\\\/author\\\/ionutlepa\\\/\"}]}<\/script>\n<!-- \/ Yoast SEO Premium plugin. -->","yoast_head_json":{"title":"Prim\u0103ria Sectorului 3 se mut\u0103 \u00een Hala Laminor. Birourile institu\u021biei vor ocupa 11.000 mp - Buletin de Bucure\u0219ti","description":"Prim\u0103ria Sectorului 3 se mut\u0103 \u00een Hala Laminor, laolalt\u0103 cu Direc\u0163ia de Asisten\u0163\u0103 Social\u0103 \u015fi Protec\u0163ia Copilului.","robots":{"index":"index","follow":"follow","max-snippet":"max-snippet:-1","max-image-preview":"max-image-preview:large","max-video-preview":"max-video-preview:-1"},"canonical":"https:\/\/buletin.de\/bucuresti\/sector-3-primaria-se-muta-in-hala-laminor-birourile-institutiei-vor-ocupa-11-000-mp\/","og_locale":"en_GB","og_type":"article","og_title":"Prim\u0103ria Sectorului 3 se mut\u0103 \u00een Hala Laminor. Birourile institu\u021biei vor ocupa 11.000 mp","og_description":"Prim\u0103ria Sectorului 3 se mut\u0103 \u00een Hala Laminor, laolalt\u0103 cu Direc\u0163ia de Asisten\u0163\u0103 Social\u0103 \u015fi Protec\u0163ia Copilului.","og_url":"https:\/\/buletin.de\/bucuresti\/sector-3-primaria-se-muta-in-hala-laminor-birourile-institutiei-vor-ocupa-11-000-mp\/","og_site_name":"Buletin de Bucure\u0219ti","article_publisher":"https:\/\/www.facebook.com\/buletin.de.buc","article_published_time":"2024-07-23T04:35:02+00:00","article_modified_time":"2024-08-28T08:32:09+00:00","og_image":[{"width":1024,"height":768,"url":"https:\/\/buletin.de\/bucuresti\/wp-content\/uploads\/hala-laminor.jpg","type":"image\/jpeg"}],"author":"Ionu\u021b Lepa","twitter_card":"summary_large_image","twitter_misc":{"Written by":"Ionu\u021b Lepa","Estimated reading time":"4 minutes"},"schema":{"@context":"https:\/\/schema.org","@graph":[{"@type":"Article","@id":"https:\/\/buletin.de\/bucuresti\/sector-3-primaria-se-muta-in-hala-laminor-birourile-institutiei-vor-ocupa-11-000-mp\/#article","isPartOf":{"@id":"https:\/\/buletin.de\/bucuresti\/sector-3-primaria-se-muta-in-hala-laminor-birourile-institutiei-vor-ocupa-11-000-mp\/"},"author":{"name":"Ionu\u021b Lepa","@id":"https:\/\/buletin.de\/bucuresti\/#\/schema\/person\/5272b8a057b33890940b57b837fc4ce6"},"headline":"Prim\u0103ria Sectorului 3 se mut\u0103 \u00een Hala Laminor. Birourile institu\u021biei vor ocupa 11.000 mp","datePublished":"2024-07-23T04:35:02+00:00","dateModified":"2024-08-28T08:32:09+00:00","mainEntityOfPage":{"@id":"https:\/\/buletin.de\/bucuresti\/sector-3-primaria-se-muta-in-hala-laminor-birourile-institutiei-vor-ocupa-11-000-mp\/"},"wordCount":650,"publisher":{"@id":"https:\/\/buletin.de\/bucuresti\/#organization"},"image":{"@id":"https:\/\/buletin.de\/bucuresti\/sector-3-primaria-se-muta-in-hala-laminor-birourile-institutiei-vor-ocupa-11-000-mp\/#primaryimage"},"thumbnailUrl":"https:\/\/buletin.de\/bucuresti\/wp-content\/uploads\/hala-laminor.jpg","keywords":["mutare sediu primarie","noul sediu al primariei conduse de robert negoita","primarie hala laminor","proiect mutare sediu","sediu primarie sector 3"],"articleSection":["Articole","Featured","Prim\u0103rie"],"inLanguage":"en-GB","copyrightYear":"2024","copyrightHolder":{"@id":"https:\/\/buletin.de\/bucuresti\/#organization"}},{"@type":"WebPage","@id":"https:\/\/buletin.de\/bucuresti\/sector-3-primaria-se-muta-in-hala-laminor-birourile-institutiei-vor-ocupa-11-000-mp\/","url":"https:\/\/buletin.de\/bucuresti\/sector-3-primaria-se-muta-in-hala-laminor-birourile-institutiei-vor-ocupa-11-000-mp\/","name":"Prim\u0103ria Sectorului 3 se mut\u0103 \u00een Hala Laminor. Birourile institu\u021biei vor ocupa 11.000 mp - Buletin de Bucure\u0219ti","isPartOf":{"@id":"https:\/\/buletin.de\/bucuresti\/#website"},"primaryImageOfPage":{"@id":"https:\/\/buletin.de\/bucuresti\/sector-3-primaria-se-muta-in-hala-laminor-birourile-institutiei-vor-ocupa-11-000-mp\/#primaryimage"},"image":{"@id":"https:\/\/buletin.de\/bucuresti\/sector-3-primaria-se-muta-in-hala-laminor-birourile-institutiei-vor-ocupa-11-000-mp\/#primaryimage"},"thumbnailUrl":"https:\/\/buletin.de\/bucuresti\/wp-content\/uploads\/hala-laminor.jpg","datePublished":"2024-07-23T04:35:02+00:00","dateModified":"2024-08-28T08:32:09+00:00","description":"Prim\u0103ria Sectorului 3 se mut\u0103 \u00een Hala Laminor, laolalt\u0103 cu Direc\u0163ia de Asisten\u0163\u0103 Social\u0103 \u015fi Protec\u0163ia Copilului.","breadcrumb":{"@id":"https:\/\/buletin.de\/bucuresti\/sector-3-primaria-se-muta-in-hala-laminor-birourile-institutiei-vor-ocupa-11-000-mp\/#breadcrumb"},"inLanguage":"en-GB","potentialAction":[{"@type":"ReadAction","target":["https:\/\/buletin.de\/bucuresti\/sector-3-primaria-se-muta-in-hala-laminor-birourile-institutiei-vor-ocupa-11-000-mp\/"]}]},{"@type":"ImageObject","inLanguage":"en-GB","@id":"https:\/\/buletin.de\/bucuresti\/sector-3-primaria-se-muta-in-hala-laminor-birourile-institutiei-vor-ocupa-11-000-mp\/#primaryimage","url":"https:\/\/buletin.de\/bucuresti\/wp-content\/uploads\/hala-laminor.jpg","contentUrl":"https:\/\/buletin.de\/bucuresti\/wp-content\/uploads\/hala-laminor.jpg","width":1024,"height":768,"caption":"Prim\u0103ria Sectorului 3 se mut\u0103 \u00een Hala Laminor FOTO: FB \/ Hala Laminor"},{"@type":"BreadcrumbList","@id":"https:\/\/buletin.de\/bucuresti\/sector-3-primaria-se-muta-in-hala-laminor-birourile-institutiei-vor-ocupa-11-000-mp\/#breadcrumb","itemListElement":[{"@type":"ListItem","position":1,"name":"Acas\u0103","item":"https:\/\/buletin.de\/bucuresti\/"},{"@type":"ListItem","position":2,"name":"Prim\u0103ria Sectorului 3 se mut\u0103 \u00een Hala Laminor. Birourile institu\u021biei vor ocupa 11.000 mp"}]},{"@type":"WebSite","@id":"https:\/\/buletin.de\/bucuresti\/#website","url":"https:\/\/buletin.de\/bucuresti\/","name":"Buletin de Bucure\u0219ti","description":"\u0218tiri \u0219i investiga\u021bii esen\u021biale din capital\u0103","publisher":{"@id":"https:\/\/buletin.de\/bucuresti\/#organization"},"potentialAction":[{"@type":"SearchAction","target":{"@type":"EntryPoint","urlTemplate":"https:\/\/buletin.de\/bucuresti\/?s={search_term_string}"},"query-input":{"@type":"PropertyValueSpecification","valueRequired":true,"valueName":"search_term_string"}}],"inLanguage":"en-GB"},{"@type":"Organization","@id":"https:\/\/buletin.de\/bucuresti\/#organization","name":"Buletin de Bucure\u0219ti","url":"https:\/\/buletin.de\/bucuresti\/","logo":{"@type":"ImageObject","inLanguage":"en-GB","@id":"https:\/\/buletin.de\/bucuresti\/#\/schema\/logo\/image\/","url":"https:\/\/buletin.de\/bucuresti\/wp-content\/uploads\/logo-bdb-full-wide-vernil-transparent.png","contentUrl":"https:\/\/buletin.de\/bucuresti\/wp-content\/uploads\/logo-bdb-full-wide-vernil-transparent.png","width":1782,"height":626,"caption":"Buletin de Bucure\u0219ti"},"image":{"@id":"https:\/\/buletin.de\/bucuresti\/#\/schema\/logo\/image\/"},"sameAs":["https:\/\/www.facebook.com\/buletin.de.buc","https:\/\/www.instagram.com\/buletinde.bucuresti\/"]},{"@type":"Person","@id":"https:\/\/buletin.de\/bucuresti\/#\/schema\/person\/5272b8a057b33890940b57b837fc4ce6","name":"Ionu\u021b Lepa","image":{"@type":"ImageObject","inLanguage":"en-GB","@id":"https:\/\/buletin.de\/bucuresti\/wp-content\/uploads\/Ionut-Lepa-96x96.jpg5c4e4d9e049808799a8821652d2410a4","url":"https:\/\/buletin.de\/bucuresti\/wp-content\/uploads\/Ionut-Lepa-96x96.jpg","contentUrl":"https:\/\/buletin.de\/bucuresti\/wp-content\/uploads\/Ionut-Lepa-96x96.jpg","caption":"Ionu\u021b Lepa"},"url":"https:\/\/buletin.de\/bucuresti\/author\/ionutlepa\/"}]}},"authors":[{"term_id":22586,"user_id":8,"is_guest":0,"slug":"ionutlepa","display_name":"Ionu\u021b Lepa","avatar_url":"https:\/\/buletin.de\/bucuresti\/wp-content\/uploads\/Ionut-Lepa-96x96.jpg","0":null,"1":"","2":"","3":"","4":"","5":"","6":"","7":"","8":""}],"_links":{"self":[{"href":"https:\/\/buletin.de\/bucuresti\/wp-json\/wp\/v2\/posts\/91876","targetHints":{"allow":["GET"]}}],"collection":[{"href":"https:\/\/buletin.de\/bucuresti\/wp-json\/wp\/v2\/posts"}],"about":[{"href":"https:\/\/buletin.de\/bucuresti\/wp-json\/wp\/v2\/types\/post"}],"author":[{"embeddable":true,"href":"https:\/\/buletin.de\/bucuresti\/wp-json\/wp\/v2\/users\/8"}],"replies":[{"embeddable":true,"href":"https:\/\/buletin.de\/bucuresti\/wp-json\/wp\/v2\/comments?post=91876"}],"version-history":[{"count":9,"href":"https:\/\/buletin.de\/bucuresti\/wp-json\/wp\/v2\/posts\/91876\/revisions"}],"predecessor-version":[{"id":96004,"href":"https:\/\/buletin.de\/bucuresti\/wp-json\/wp\/v2\/posts\/91876\/revisions\/96004"}],"wp:featuredmedia":[{"embeddable":true,"href":"https:\/\/buletin.de\/bucuresti\/wp-json\/wp\/v2\/media\/87003"}],"wp:attachment":[{"href":"https:\/\/buletin.de\/bucuresti\/wp-json\/wp\/v2\/media?parent=91876"}],"wp:term":[{"taxonomy":"category","embeddable":true,"href":"https:\/\/buletin.de\/bucuresti\/wp-json\/wp\/v2\/categories?post=91876"},{"taxonomy":"post_tag","embeddable":true,"href":"https:\/\/buletin.de\/bucuresti\/wp-json\/wp\/v2\/tags?post=91876"},{"taxonomy":"author","embeddable":true,"href":"https:\/\/buletin.de\/bucuresti\/wp-json\/wp\/v2\/ppma_author?post=91876"}],"curies":[{"name":"wp","href":"https:\/\/api.w.org\/{rel}","templated":true}]}}