{"id":91744,"date":"2024-07-22T09:30:56","date_gmt":"2024-07-22T06:30:56","guid":{"rendered":"https:\/\/buletin.de\/bucuresti\/?p=91744"},"modified":"2024-07-22T11:50:14","modified_gmt":"2024-07-22T08:50:14","slug":"foto-incendiu-la-un-restaurant-din-cartierul-aviatiei","status":"publish","type":"post","link":"https:\/\/buletin.de\/bucuresti\/foto-incendiu-la-un-restaurant-din-cartierul-aviatiei\/","title":{"rendered":"FOTO | Incendiu la un restaurant din cartierul Avia\u0163iei"},"content":{"rendered":"\n<p><strong>Incendiu la un restaurant din cartierul Avia\u0163iei. Acoperi\u0219ul a luat foc luni diminea\u0163\u0103, \u00een imediata vecin\u0103tate a gurii de metrou Aurel Vlaicu. Potrivit ISU Bucure\u015fti Ilfov, efectivele trimise la fa\u0163a locului au fost suplimentate.<\/strong><\/p>\n\n\n\n<p>Incendiul s-a produs la un restaurant de pe strada Cerceilor, din imediata vecin\u0103tate a sta\u0163iei de metrou Aurel Vlaicu. <\/p>\n\n\n\n<p>\u201e<em>Suprafa\u021ba estimata este de aproximativ 200 mp. Au fost alertate in faza ini\u021bial\u0103 8 autospeciale de stingere, SMURD, descarcerare, autoscara. <\/em><\/p>\n\n\n\n<p><em>Din datele transmise exista risc de propagare, motiv pentru care se suplimenteaz\u0103 for\u021bele cu \u00eenc\u0103 4 autospeciale de stingere. Nu sunt victime<\/em>\u201d, au transmis reprezenta\u021bii ISU Bucure\u015fti-Ilfov.<\/p>\n\n\n\n<figure class=\"wp-block-video\"><video height=\"480\" style=\"aspect-ratio: 848 \/ 480;\" width=\"848\" controls src=\"https:\/\/buletin.de\/bucuresti\/wp-content\/uploads\/WhatsApp-Video-2024-07-22-at-08.46.56_5bbdb503.mp4\"><\/video><\/figure>\n\n\n\n<p><em>\u015etire \u00een curs de actualizare. <\/em><\/p>\n\n\n\n<p>CITE\u015eTE \u015eI <a href=\"https:\/\/buletin.de\/bucuresti\/o-noua-autostrada-in-romania-bucuresti-giurgiu\/\">O nou\u0103 autostrad\u0103 \u00een Rom\u00e2nia: Bucure\u0219ti-Giurgiu<\/a><\/p>\n","protected":false},"excerpt":{"rendered":"<p>Incendiu la un restaurant din cartierul Avia\u0163iei. Acoperi\u0219ul a luat foc luni diminea\u0163\u0103, \u00een imediata vecin\u0103tate a gurii de metrou Aurel Vlaicu. Potrivit ISU Bucure\u015fti Ilfov, efectivele trimise la fa\u0163a locului au fost suplimentate. Incendiul s-a produs la un restaurant de pe strada Cerceilor, din imediata vecin\u0103tate a sta\u0163iei de metrou Aurel Vlaicu. \u201eSuprafa\u021ba estimata [&hellip;]<\/p>\n","protected":false},"author":10,"featured_media":91746,"comment_status":"closed","ping_status":"open","sticky":false,"template":"","format":"standard","meta":{"_acf_changed":false,"inline_featured_image":false,"ngg_post_thumbnail":0,"footnotes":""},"categories":[6994,62],"tags":[341,840],"ppma_author":[22575],"class_list":["post-91744","post","type-post","status-publish","format-standard","has-post-thumbnail","hentry","category-stiri-2","category-stiri","tag-incendiu","tag-isu"],"acf":[],"yoast_head":"<!-- This site is optimized with the Yoast SEO Premium plugin v25.3 (Yoast SEO v27.4) - https:\/\/yoast.com\/product\/yoast-seo-premium-wordpress\/ -->\n<title>FOTO | Incendiu la un restaurant din cartierul Avia\u0163iei - Buletin de Bucure\u0219ti<\/title>\n<meta name=\"description\" content=\"Incendiu la un restaurant din cartierul Avia\u0163iei. Acoperi\u0219ul a luat foc luni diminea\u0163\u0103, \u00een imediata vecin\u0103tate de metrou Aurel Vlaicu.\" \/>\n<meta name=\"robots\" content=\"index, follow, max-snippet:-1, max-image-preview:large, max-video-preview:-1\" \/>\n<link rel=\"canonical\" href=\"https:\/\/buletin.de\/bucuresti\/foto-incendiu-la-un-restaurant-din-cartierul-aviatiei\/\" \/>\n<meta property=\"og:locale\" content=\"en_GB\" \/>\n<meta property=\"og:type\" content=\"article\" \/>\n<meta property=\"og:title\" content=\"FOTO | Incendiu la un restaurant din cartierul Avia\u0163iei\" \/>\n<meta property=\"og:description\" content=\"Incendiu la un restaurant din cartierul Avia\u0163iei. Acoperi\u0219ul a luat foc luni diminea\u0163\u0103, \u00een imediata vecin\u0103tate de metrou Aurel Vlaicu.\" \/>\n<meta property=\"og:url\" content=\"https:\/\/buletin.de\/bucuresti\/foto-incendiu-la-un-restaurant-din-cartierul-aviatiei\/\" \/>\n<meta property=\"og:site_name\" content=\"Buletin de Bucure\u0219ti\" \/>\n<meta property=\"article:publisher\" content=\"https:\/\/www.facebook.com\/buletin.de.buc\" \/>\n<meta property=\"article:published_time\" content=\"2024-07-22T06:30:56+00:00\" \/>\n<meta property=\"article:modified_time\" content=\"2024-07-22T08:50:14+00:00\" \/>\n<meta property=\"og:image\" content=\"https:\/\/buletin.de\/bucuresti\/wp-content\/uploads\/WhatsApp-Image-2024-07-22-at-08.46.56_cb2b543a.jpg\" \/>\n\t<meta property=\"og:image:width\" content=\"1600\" \/>\n\t<meta property=\"og:image:height\" content=\"1200\" \/>\n\t<meta property=\"og:image:type\" content=\"image\/jpeg\" \/>\n<meta name=\"author\" content=\"C\u0103t\u0103lin Dosca\u0219\" \/>\n<meta name=\"twitter:card\" content=\"summary_large_image\" \/>\n<meta name=\"twitter:label1\" content=\"Written by\" \/>\n\t<meta name=\"twitter:data1\" content=\"C\u0103t\u0103lin Dosca\u0219\" \/>\n\t<meta name=\"twitter:label2\" content=\"Estimated reading time\" \/>\n\t<meta name=\"twitter:data2\" content=\"1 minute\" \/>\n<script type=\"application\/ld+json\" class=\"yoast-schema-graph\">{\"@context\":\"https:\\\/\\\/schema.org\",\"@graph\":[{\"@type\":\"Article\",\"@id\":\"https:\\\/\\\/buletin.de\\\/bucuresti\\\/foto-incendiu-la-un-restaurant-din-cartierul-aviatiei\\\/#article\",\"isPartOf\":{\"@id\":\"https:\\\/\\\/buletin.de\\\/bucuresti\\\/foto-incendiu-la-un-restaurant-din-cartierul-aviatiei\\\/\"},\"author\":{\"name\":\"C\u0103t\u0103lin Dosca\u0219\",\"@id\":\"https:\\\/\\\/buletin.de\\\/bucuresti\\\/#\\\/schema\\\/person\\\/31117187ed4d0bdb0a4c7d6acc79d0f8\"},\"headline\":\"FOTO | Incendiu la un restaurant din cartierul Avia\u0163iei\",\"datePublished\":\"2024-07-22T06:30:56+00:00\",\"dateModified\":\"2024-07-22T08:50:14+00:00\",\"mainEntityOfPage\":{\"@id\":\"https:\\\/\\\/buletin.de\\\/bucuresti\\\/foto-incendiu-la-un-restaurant-din-cartierul-aviatiei\\\/\"},\"wordCount\":134,\"publisher\":{\"@id\":\"https:\\\/\\\/buletin.de\\\/bucuresti\\\/#organization\"},\"image\":{\"@id\":\"https:\\\/\\\/buletin.de\\\/bucuresti\\\/foto-incendiu-la-un-restaurant-din-cartierul-aviatiei\\\/#primaryimage\"},\"thumbnailUrl\":\"https:\\\/\\\/buletin.de\\\/bucuresti\\\/wp-content\\\/uploads\\\/WhatsApp-Image-2024-07-22-at-08.46.56_cb2b543a.jpg\",\"keywords\":[\"incendiu\",\"isu\"],\"articleSection\":[\"Articole\",\"\u0218tiri\"],\"inLanguage\":\"en-GB\",\"copyrightYear\":\"2024\",\"copyrightHolder\":{\"@id\":\"https:\\\/\\\/buletin.de\\\/bucuresti\\\/#organization\"}},{\"@type\":\"WebPage\",\"@id\":\"https:\\\/\\\/buletin.de\\\/bucuresti\\\/foto-incendiu-la-un-restaurant-din-cartierul-aviatiei\\\/\",\"url\":\"https:\\\/\\\/buletin.de\\\/bucuresti\\\/foto-incendiu-la-un-restaurant-din-cartierul-aviatiei\\\/\",\"name\":\"FOTO | Incendiu la un restaurant din cartierul Avia\u0163iei - Buletin de Bucure\u0219ti\",\"isPartOf\":{\"@id\":\"https:\\\/\\\/buletin.de\\\/bucuresti\\\/#website\"},\"primaryImageOfPage\":{\"@id\":\"https:\\\/\\\/buletin.de\\\/bucuresti\\\/foto-incendiu-la-un-restaurant-din-cartierul-aviatiei\\\/#primaryimage\"},\"image\":{\"@id\":\"https:\\\/\\\/buletin.de\\\/bucuresti\\\/foto-incendiu-la-un-restaurant-din-cartierul-aviatiei\\\/#primaryimage\"},\"thumbnailUrl\":\"https:\\\/\\\/buletin.de\\\/bucuresti\\\/wp-content\\\/uploads\\\/WhatsApp-Image-2024-07-22-at-08.46.56_cb2b543a.jpg\",\"datePublished\":\"2024-07-22T06:30:56+00:00\",\"dateModified\":\"2024-07-22T08:50:14+00:00\",\"description\":\"Incendiu la un restaurant din cartierul Avia\u0163iei. Acoperi\u0219ul a luat foc luni diminea\u0163\u0103, \u00een imediata vecin\u0103tate de metrou Aurel Vlaicu.\",\"breadcrumb\":{\"@id\":\"https:\\\/\\\/buletin.de\\\/bucuresti\\\/foto-incendiu-la-un-restaurant-din-cartierul-aviatiei\\\/#breadcrumb\"},\"inLanguage\":\"en-GB\",\"potentialAction\":[{\"@type\":\"ReadAction\",\"target\":[\"https:\\\/\\\/buletin.de\\\/bucuresti\\\/foto-incendiu-la-un-restaurant-din-cartierul-aviatiei\\\/\"]}]},{\"@type\":\"ImageObject\",\"inLanguage\":\"en-GB\",\"@id\":\"https:\\\/\\\/buletin.de\\\/bucuresti\\\/foto-incendiu-la-un-restaurant-din-cartierul-aviatiei\\\/#primaryimage\",\"url\":\"https:\\\/\\\/buletin.de\\\/bucuresti\\\/wp-content\\\/uploads\\\/WhatsApp-Image-2024-07-22-at-08.46.56_cb2b543a.jpg\",\"contentUrl\":\"https:\\\/\\\/buletin.de\\\/bucuresti\\\/wp-content\\\/uploads\\\/WhatsApp-Image-2024-07-22-at-08.46.56_cb2b543a.jpg\",\"width\":1600,\"height\":1200,\"caption\":\"Incendiu la un restaurant din cartierul Avia\u0163iei. FOTO: ISU Bucure\u015fti Ilfov\"},{\"@type\":\"BreadcrumbList\",\"@id\":\"https:\\\/\\\/buletin.de\\\/bucuresti\\\/foto-incendiu-la-un-restaurant-din-cartierul-aviatiei\\\/#breadcrumb\",\"itemListElement\":[{\"@type\":\"ListItem\",\"position\":1,\"name\":\"Acas\u0103\",\"item\":\"https:\\\/\\\/buletin.de\\\/bucuresti\\\/\"},{\"@type\":\"ListItem\",\"position\":2,\"name\":\"FOTO | Incendiu la un restaurant din cartierul Avia\u0163iei\"}]},{\"@type\":\"WebSite\",\"@id\":\"https:\\\/\\\/buletin.de\\\/bucuresti\\\/#website\",\"url\":\"https:\\\/\\\/buletin.de\\\/bucuresti\\\/\",\"name\":\"Buletin de Bucure\u0219ti\",\"description\":\"\u0218tiri \u0219i investiga\u021bii esen\u021biale din capital\u0103\",\"publisher\":{\"@id\":\"https:\\\/\\\/buletin.de\\\/bucuresti\\\/#organization\"},\"potentialAction\":[{\"@type\":\"SearchAction\",\"target\":{\"@type\":\"EntryPoint\",\"urlTemplate\":\"https:\\\/\\\/buletin.de\\\/bucuresti\\\/?s={search_term_string}\"},\"query-input\":{\"@type\":\"PropertyValueSpecification\",\"valueRequired\":true,\"valueName\":\"search_term_string\"}}],\"inLanguage\":\"en-GB\"},{\"@type\":\"Organization\",\"@id\":\"https:\\\/\\\/buletin.de\\\/bucuresti\\\/#organization\",\"name\":\"Buletin de Bucure\u0219ti\",\"url\":\"https:\\\/\\\/buletin.de\\\/bucuresti\\\/\",\"logo\":{\"@type\":\"ImageObject\",\"inLanguage\":\"en-GB\",\"@id\":\"https:\\\/\\\/buletin.de\\\/bucuresti\\\/#\\\/schema\\\/logo\\\/image\\\/\",\"url\":\"https:\\\/\\\/buletin.de\\\/bucuresti\\\/wp-content\\\/uploads\\\/logo-bdb-full-wide-vernil-transparent.png\",\"contentUrl\":\"https:\\\/\\\/buletin.de\\\/bucuresti\\\/wp-content\\\/uploads\\\/logo-bdb-full-wide-vernil-transparent.png\",\"width\":1782,\"height\":626,\"caption\":\"Buletin de Bucure\u0219ti\"},\"image\":{\"@id\":\"https:\\\/\\\/buletin.de\\\/bucuresti\\\/#\\\/schema\\\/logo\\\/image\\\/\"},\"sameAs\":[\"https:\\\/\\\/www.facebook.com\\\/buletin.de.buc\",\"https:\\\/\\\/www.instagram.com\\\/buletinde.bucuresti\\\/\"]},{\"@type\":\"Person\",\"@id\":\"https:\\\/\\\/buletin.de\\\/bucuresti\\\/#\\\/schema\\\/person\\\/31117187ed4d0bdb0a4c7d6acc79d0f8\",\"name\":\"C\u0103t\u0103lin Dosca\u0219\",\"image\":{\"@type\":\"ImageObject\",\"inLanguage\":\"en-GB\",\"@id\":\"https:\\\/\\\/buletin.de\\\/bucuresti\\\/wp-content\\\/uploads\\\/Catalin-Doscas-e1732731064764-96x96.jpga93e2943bb3b1c1f9ead823df6e6317a\",\"url\":\"https:\\\/\\\/buletin.de\\\/bucuresti\\\/wp-content\\\/uploads\\\/Catalin-Doscas-e1732731064764-96x96.jpg\",\"contentUrl\":\"https:\\\/\\\/buletin.de\\\/bucuresti\\\/wp-content\\\/uploads\\\/Catalin-Doscas-e1732731064764-96x96.jpg\",\"caption\":\"C\u0103t\u0103lin Dosca\u0219\"},\"description\":\"Reporter \u0219i redactor-\u0219ef Buletin de Bucure\u0219ti. Lucreaz\u0103 \u00een mass-media de la v\u00e2rsta de 15 ani, c\u00e2nd a publicat primele articole \u00een presa local\u0103 din Tecuci. \u00cen Bucure\u0219ti a lucrat \u00een redac\u021bii radio ca reporter, redactor \u0219i prezentator (StudentFM, Na\u021bionalFM, Radio Total, Smart FM), unde a acoperit domeniile politic, economic, social \u0219i externe. Ulterior, a fost editor-coordonator al postului Realitatea FM. Experien\u021ba \u00een jurnalismul online a dob\u00e2ndit-o la portalul B365.ro, unde a fost editor. \u00cen 2012 s-a angajat \u00een televiziune. La Realitatea TV a fost, pe r\u00e2nd, reporter la sec\u021bia Social, reporter special la emisiunea de reportaje \u0219i anchete \u201eReporterii Realit\u0103\u021bii\u201d, dar \u0219i editor al jurnalelor de \u0219tiri. Ulterior, a f\u0103cut parte din sec\u021bia de Investiga\u021bii de la Digi24 \u0219i a lucrat la campania \u201eRom\u00e2nia furat\u0103\u201d. A revenit \u00een presa scris\u0103 \u00een 2017, ca reporter special, \u00een cadrul unui proiect de repozi\u021bionare a tabloidului Libertatea \u00een cotidian generalist. Este jurnalist Buletin de Bucure\u0219ti din 2019.\",\"url\":\"https:\\\/\\\/buletin.de\\\/bucuresti\\\/author\\\/catalin\\\/\"}]}<\/script>\n<!-- \/ Yoast SEO Premium plugin. -->","yoast_head_json":{"title":"FOTO | Incendiu la un restaurant din cartierul Avia\u0163iei - Buletin de Bucure\u0219ti","description":"Incendiu la un restaurant din cartierul Avia\u0163iei. Acoperi\u0219ul a luat foc luni diminea\u0163\u0103, \u00een imediata vecin\u0103tate de metrou Aurel Vlaicu.","robots":{"index":"index","follow":"follow","max-snippet":"max-snippet:-1","max-image-preview":"max-image-preview:large","max-video-preview":"max-video-preview:-1"},"canonical":"https:\/\/buletin.de\/bucuresti\/foto-incendiu-la-un-restaurant-din-cartierul-aviatiei\/","og_locale":"en_GB","og_type":"article","og_title":"FOTO | Incendiu la un restaurant din cartierul Avia\u0163iei","og_description":"Incendiu la un restaurant din cartierul Avia\u0163iei. Acoperi\u0219ul a luat foc luni diminea\u0163\u0103, \u00een imediata vecin\u0103tate de metrou Aurel Vlaicu.","og_url":"https:\/\/buletin.de\/bucuresti\/foto-incendiu-la-un-restaurant-din-cartierul-aviatiei\/","og_site_name":"Buletin de Bucure\u0219ti","article_publisher":"https:\/\/www.facebook.com\/buletin.de.buc","article_published_time":"2024-07-22T06:30:56+00:00","article_modified_time":"2024-07-22T08:50:14+00:00","og_image":[{"width":1600,"height":1200,"url":"https:\/\/buletin.de\/bucuresti\/wp-content\/uploads\/WhatsApp-Image-2024-07-22-at-08.46.56_cb2b543a.jpg","type":"image\/jpeg"}],"author":"C\u0103t\u0103lin Dosca\u0219","twitter_card":"summary_large_image","twitter_misc":{"Written by":"C\u0103t\u0103lin Dosca\u0219","Estimated reading time":"1 minute"},"schema":{"@context":"https:\/\/schema.org","@graph":[{"@type":"Article","@id":"https:\/\/buletin.de\/bucuresti\/foto-incendiu-la-un-restaurant-din-cartierul-aviatiei\/#article","isPartOf":{"@id":"https:\/\/buletin.de\/bucuresti\/foto-incendiu-la-un-restaurant-din-cartierul-aviatiei\/"},"author":{"name":"C\u0103t\u0103lin Dosca\u0219","@id":"https:\/\/buletin.de\/bucuresti\/#\/schema\/person\/31117187ed4d0bdb0a4c7d6acc79d0f8"},"headline":"FOTO | Incendiu la un restaurant din cartierul Avia\u0163iei","datePublished":"2024-07-22T06:30:56+00:00","dateModified":"2024-07-22T08:50:14+00:00","mainEntityOfPage":{"@id":"https:\/\/buletin.de\/bucuresti\/foto-incendiu-la-un-restaurant-din-cartierul-aviatiei\/"},"wordCount":134,"publisher":{"@id":"https:\/\/buletin.de\/bucuresti\/#organization"},"image":{"@id":"https:\/\/buletin.de\/bucuresti\/foto-incendiu-la-un-restaurant-din-cartierul-aviatiei\/#primaryimage"},"thumbnailUrl":"https:\/\/buletin.de\/bucuresti\/wp-content\/uploads\/WhatsApp-Image-2024-07-22-at-08.46.56_cb2b543a.jpg","keywords":["incendiu","isu"],"articleSection":["Articole","\u0218tiri"],"inLanguage":"en-GB","copyrightYear":"2024","copyrightHolder":{"@id":"https:\/\/buletin.de\/bucuresti\/#organization"}},{"@type":"WebPage","@id":"https:\/\/buletin.de\/bucuresti\/foto-incendiu-la-un-restaurant-din-cartierul-aviatiei\/","url":"https:\/\/buletin.de\/bucuresti\/foto-incendiu-la-un-restaurant-din-cartierul-aviatiei\/","name":"FOTO | Incendiu la un restaurant din cartierul Avia\u0163iei - Buletin de Bucure\u0219ti","isPartOf":{"@id":"https:\/\/buletin.de\/bucuresti\/#website"},"primaryImageOfPage":{"@id":"https:\/\/buletin.de\/bucuresti\/foto-incendiu-la-un-restaurant-din-cartierul-aviatiei\/#primaryimage"},"image":{"@id":"https:\/\/buletin.de\/bucuresti\/foto-incendiu-la-un-restaurant-din-cartierul-aviatiei\/#primaryimage"},"thumbnailUrl":"https:\/\/buletin.de\/bucuresti\/wp-content\/uploads\/WhatsApp-Image-2024-07-22-at-08.46.56_cb2b543a.jpg","datePublished":"2024-07-22T06:30:56+00:00","dateModified":"2024-07-22T08:50:14+00:00","description":"Incendiu la un restaurant din cartierul Avia\u0163iei. Acoperi\u0219ul a luat foc luni diminea\u0163\u0103, \u00een imediata vecin\u0103tate de metrou Aurel Vlaicu.","breadcrumb":{"@id":"https:\/\/buletin.de\/bucuresti\/foto-incendiu-la-un-restaurant-din-cartierul-aviatiei\/#breadcrumb"},"inLanguage":"en-GB","potentialAction":[{"@type":"ReadAction","target":["https:\/\/buletin.de\/bucuresti\/foto-incendiu-la-un-restaurant-din-cartierul-aviatiei\/"]}]},{"@type":"ImageObject","inLanguage":"en-GB","@id":"https:\/\/buletin.de\/bucuresti\/foto-incendiu-la-un-restaurant-din-cartierul-aviatiei\/#primaryimage","url":"https:\/\/buletin.de\/bucuresti\/wp-content\/uploads\/WhatsApp-Image-2024-07-22-at-08.46.56_cb2b543a.jpg","contentUrl":"https:\/\/buletin.de\/bucuresti\/wp-content\/uploads\/WhatsApp-Image-2024-07-22-at-08.46.56_cb2b543a.jpg","width":1600,"height":1200,"caption":"Incendiu la un restaurant din cartierul Avia\u0163iei. FOTO: ISU Bucure\u015fti Ilfov"},{"@type":"BreadcrumbList","@id":"https:\/\/buletin.de\/bucuresti\/foto-incendiu-la-un-restaurant-din-cartierul-aviatiei\/#breadcrumb","itemListElement":[{"@type":"ListItem","position":1,"name":"Acas\u0103","item":"https:\/\/buletin.de\/bucuresti\/"},{"@type":"ListItem","position":2,"name":"FOTO | Incendiu la un restaurant din cartierul Avia\u0163iei"}]},{"@type":"WebSite","@id":"https:\/\/buletin.de\/bucuresti\/#website","url":"https:\/\/buletin.de\/bucuresti\/","name":"Buletin de Bucure\u0219ti","description":"\u0218tiri \u0219i investiga\u021bii esen\u021biale din capital\u0103","publisher":{"@id":"https:\/\/buletin.de\/bucuresti\/#organization"},"potentialAction":[{"@type":"SearchAction","target":{"@type":"EntryPoint","urlTemplate":"https:\/\/buletin.de\/bucuresti\/?s={search_term_string}"},"query-input":{"@type":"PropertyValueSpecification","valueRequired":true,"valueName":"search_term_string"}}],"inLanguage":"en-GB"},{"@type":"Organization","@id":"https:\/\/buletin.de\/bucuresti\/#organization","name":"Buletin de Bucure\u0219ti","url":"https:\/\/buletin.de\/bucuresti\/","logo":{"@type":"ImageObject","inLanguage":"en-GB","@id":"https:\/\/buletin.de\/bucuresti\/#\/schema\/logo\/image\/","url":"https:\/\/buletin.de\/bucuresti\/wp-content\/uploads\/logo-bdb-full-wide-vernil-transparent.png","contentUrl":"https:\/\/buletin.de\/bucuresti\/wp-content\/uploads\/logo-bdb-full-wide-vernil-transparent.png","width":1782,"height":626,"caption":"Buletin de Bucure\u0219ti"},"image":{"@id":"https:\/\/buletin.de\/bucuresti\/#\/schema\/logo\/image\/"},"sameAs":["https:\/\/www.facebook.com\/buletin.de.buc","https:\/\/www.instagram.com\/buletinde.bucuresti\/"]},{"@type":"Person","@id":"https:\/\/buletin.de\/bucuresti\/#\/schema\/person\/31117187ed4d0bdb0a4c7d6acc79d0f8","name":"C\u0103t\u0103lin Dosca\u0219","image":{"@type":"ImageObject","inLanguage":"en-GB","@id":"https:\/\/buletin.de\/bucuresti\/wp-content\/uploads\/Catalin-Doscas-e1732731064764-96x96.jpga93e2943bb3b1c1f9ead823df6e6317a","url":"https:\/\/buletin.de\/bucuresti\/wp-content\/uploads\/Catalin-Doscas-e1732731064764-96x96.jpg","contentUrl":"https:\/\/buletin.de\/bucuresti\/wp-content\/uploads\/Catalin-Doscas-e1732731064764-96x96.jpg","caption":"C\u0103t\u0103lin Dosca\u0219"},"description":"Reporter \u0219i redactor-\u0219ef Buletin de Bucure\u0219ti. Lucreaz\u0103 \u00een mass-media de la v\u00e2rsta de 15 ani, c\u00e2nd a publicat primele articole \u00een presa local\u0103 din Tecuci. \u00cen Bucure\u0219ti a lucrat \u00een redac\u021bii radio ca reporter, redactor \u0219i prezentator (StudentFM, Na\u021bionalFM, Radio Total, Smart FM), unde a acoperit domeniile politic, economic, social \u0219i externe. Ulterior, a fost editor-coordonator al postului Realitatea FM. Experien\u021ba \u00een jurnalismul online a dob\u00e2ndit-o la portalul B365.ro, unde a fost editor. \u00cen 2012 s-a angajat \u00een televiziune. La Realitatea TV a fost, pe r\u00e2nd, reporter la sec\u021bia Social, reporter special la emisiunea de reportaje \u0219i anchete \u201eReporterii Realit\u0103\u021bii\u201d, dar \u0219i editor al jurnalelor de \u0219tiri. Ulterior, a f\u0103cut parte din sec\u021bia de Investiga\u021bii de la Digi24 \u0219i a lucrat la campania \u201eRom\u00e2nia furat\u0103\u201d. A revenit \u00een presa scris\u0103 \u00een 2017, ca reporter special, \u00een cadrul unui proiect de repozi\u021bionare a tabloidului Libertatea \u00een cotidian generalist. Este jurnalist Buletin de Bucure\u0219ti din 2019.","url":"https:\/\/buletin.de\/bucuresti\/author\/catalin\/"}]}},"authors":[{"term_id":22575,"user_id":10,"is_guest":0,"slug":"catalin","display_name":"C\u0103t\u0103lin Dosca\u0219","avatar_url":"https:\/\/buletin.de\/bucuresti\/wp-content\/uploads\/Catalin-Doscas-e1732731064764-96x96.jpg","0":null,"1":"","2":"","3":"","4":"","5":"","6":"","7":"","8":""}],"_links":{"self":[{"href":"https:\/\/buletin.de\/bucuresti\/wp-json\/wp\/v2\/posts\/91744","targetHints":{"allow":["GET"]}}],"collection":[{"href":"https:\/\/buletin.de\/bucuresti\/wp-json\/wp\/v2\/posts"}],"about":[{"href":"https:\/\/buletin.de\/bucuresti\/wp-json\/wp\/v2\/types\/post"}],"author":[{"embeddable":true,"href":"https:\/\/buletin.de\/bucuresti\/wp-json\/wp\/v2\/users\/10"}],"replies":[{"embeddable":true,"href":"https:\/\/buletin.de\/bucuresti\/wp-json\/wp\/v2\/comments?post=91744"}],"version-history":[{"count":4,"href":"https:\/\/buletin.de\/bucuresti\/wp-json\/wp\/v2\/posts\/91744\/revisions"}],"predecessor-version":[{"id":91794,"href":"https:\/\/buletin.de\/bucuresti\/wp-json\/wp\/v2\/posts\/91744\/revisions\/91794"}],"wp:featuredmedia":[{"embeddable":true,"href":"https:\/\/buletin.de\/bucuresti\/wp-json\/wp\/v2\/media\/91746"}],"wp:attachment":[{"href":"https:\/\/buletin.de\/bucuresti\/wp-json\/wp\/v2\/media?parent=91744"}],"wp:term":[{"taxonomy":"category","embeddable":true,"href":"https:\/\/buletin.de\/bucuresti\/wp-json\/wp\/v2\/categories?post=91744"},{"taxonomy":"post_tag","embeddable":true,"href":"https:\/\/buletin.de\/bucuresti\/wp-json\/wp\/v2\/tags?post=91744"},{"taxonomy":"author","embeddable":true,"href":"https:\/\/buletin.de\/bucuresti\/wp-json\/wp\/v2\/ppma_author?post=91744"}],"curies":[{"name":"wp","href":"https:\/\/api.w.org\/{rel}","templated":true}]}}