{"id":91728,"date":"2024-07-21T20:08:06","date_gmt":"2024-07-21T17:08:06","guid":{"rendered":"https:\/\/buletin.de\/bucuresti\/?p=91728"},"modified":"2024-07-21T20:09:46","modified_gmt":"2024-07-21T17:09:46","slug":"o-noua-autostrada-in-romania-bucuresti-giurgiu","status":"publish","type":"post","link":"https:\/\/buletin.de\/bucuresti\/o-noua-autostrada-in-romania-bucuresti-giurgiu\/","title":{"rendered":"O nou\u0103 autostrad\u0103 \u00een Rom\u00e2nia: Bucure\u0219ti-Giurgiu"},"content":{"rendered":"\n<p><strong>O nou\u0103 autostrad\u0103 \u00een Rom\u00e2nia: caietul de sarcini pentru Bucure\u0219ti-Giurgiu va fi lansat \u00een consultare public\u0103 s\u0103pt\u0103m\u00e2na viitoare, a anun\u021bat Gabriel Budescu, directorul general al Companiei Na\u021bionale de Investi\u021bii Rutiere (CNIR), la <a href=\"https:\/\/www.romania-actualitati.ro\/stiri\/romania\/exclusiv-rra-cnir-va-lansa-proiectul-autostrada-bucuresti-giurgiu-id196365.html\" target=\"_blank\" rel=\"noreferrer noopener\">Radio Rom\u00e2nia Actualit\u0103\u021bi.<\/a>\u00a0<\/strong><\/p>\n\n\n\n<p>\u201eProiectul va fi promovat \u00een perioada imediat urm\u0103toare pentru c\u0103 este \u00een preg\u0103tire \u015fi documenta\u0163ia pentru un nou pod peste Dun\u0103re la Giurgiu-Ruse. <\/p>\n\n\n\n<p>De la Giurgiu va fi aceast\u0103 leg\u0103tur\u0103 modern\u0103, p\u00e2n\u0103 la Autostrada A 0 Bucure\u015fti Sud sau chiar p\u00e2n\u0103 la Autostrada A 1 Bucure\u015fti-Pite\u015fti respectiv A 2 -Autostrada Soarelui. <\/p>\n\n\n\n<p>Va fi o analiz\u0103 multi-criterial\u0103 \u00een care vom lua \u00een calcul mai multe scenarii de traseu, cel pu\u0163in 5 scenarii printre care conexiunea cu viitorul Drum de mare vitez\u0103 Bucure\u015fti-Alexandria, cu A 1 Bucure\u015fti-Pite\u015fti \u015fi A 2 Bucure\u015fti-Constan\u0163a \u015fi vom vedea care este cea mai bun\u0103 variant\u0103 din punct de vedere tehnic \u015fi financiar\u201d, a declarat Gabriel Budescu, citat de Agerpres.<\/p>\n\n\n\n<p>CITE\u0218TE \u0218I: <strong><a href=\"https:\/\/buletin.de\/bucuresti\/protest-al-locatarilor-blocurilor-almo-in-fata-primariei-sector-2\/\" target=\"_blank\" rel=\"noreferrer noopener\">Protest al locatarilor blocurilor ALMO \u00een fa\u021ba Prim\u0103riei Sector 2<\/a><\/strong><\/p>\n\n\n\n<h2 class=\"wp-block-heading\">O nou\u0103 autostrad\u0103 \u00een Rom\u00e2nia. \u201eE frustrant s\u0103 mergi cu 50\/h\u201d<\/h2>\n\n\n\n<p><strong>Profilul drumului, Autostrad\u0103 sau Drum Expres, va fi stabilit \u00een urma Studiului de Fezabilitate. Dac\u0103 datele de trafic de perspectiv\u0103 ne arat\u0103 c\u0103 este nevoie de autostrad\u0103, atunci vom face din start autostrad\u0103\u201d, <\/strong><\/p>\n\n\n\n<blockquote class=\"wp-block-quote is-layout-flow wp-block-quote-is-layout-flow\">\n<p>\u201eDac\u0103 datele ne arat\u0103 c\u0103 peste 25 de ani este \u00eenc\u0103 suficient un drum expres, atunci o s\u0103 mergem pe drum expres&#8221;<\/p>\n<\/blockquote>\n\n\n\n<p>Acesta a spus c\u0103 studiul de fezabilitate se va lansa spre finalul anului \u015fi a explicat de ce este necesar un alt drum nou \u015fi modern \u00eentre Bucure\u015fti \u015fi Giurgiu:<\/p>\n\n\n\n<p>\u201eMul\u021bi dintre noi care am c\u0103l\u0103torit, am v\u0103zut, e frustrant s\u0103 vii din Grecia, Bulgaria &#8211; au \u00eenceput \u0219i ei s\u0103 aib\u0103 autostr\u0103zi, dup\u0103 care s\u0103 treci \u00een localit\u0103\u021bi, s\u0103 mergi cu 50\/h. Este nevoie \u0219i mai ales pentru transportatori, orice minut petrecut \u00een trafic conteaz\u0103\u201d, a men\u021bionat Gabriel Budescu.<\/p>\n\n\n\n<p>Directorul general al Companiei Na\u0163ionale de Investi\u0163ii Rutiere va lua \u00een calcul \u015fi viitorul num\u0103r de ma\u015fini care ar putea s\u0103 foloseasc\u0103 aceast\u0103 rut\u0103.<\/p>\n\n\n\n<p><\/p>\n","protected":false},"excerpt":{"rendered":"<p>O nou\u0103 autostrad\u0103 \u00een Rom\u00e2nia: caietul de sarcini pentru Bucure\u0219ti-Giurgiu va fi lansat \u00een consultare public\u0103 s\u0103pt\u0103m\u00e2na viitoare, a anun\u021bat Gabriel Budescu, directorul general al Companiei Na\u021bionale de Investi\u021bii Rutiere (CNIR), la Radio Rom\u00e2nia Actualit\u0103\u021bi.\u00a0 \u201eProiectul va fi promovat \u00een perioada imediat urm\u0103toare pentru c\u0103 este \u00een preg\u0103tire \u015fi documenta\u0163ia pentru un nou pod peste [&hellip;]<\/p>\n","protected":false},"author":1,"featured_media":91729,"comment_status":"closed","ping_status":"open","sticky":false,"template":"","format":"standard","meta":{"_acf_changed":false,"inline_featured_image":false,"ngg_post_thumbnail":0,"footnotes":""},"categories":[6994,5762],"tags":[624,9609,1238,12734],"ppma_author":[22583],"class_list":["post-91728","post","type-post","status-publish","format-standard","has-post-thumbnail","hentry","category-stiri-2","category-main","tag-autostrada","tag-bucuresti-giurgiu-2","tag-cnair","tag-drum-expres"],"acf":[],"yoast_head":"<!-- This site is optimized with the Yoast SEO Premium plugin v25.3 (Yoast SEO v27.4) - https:\/\/yoast.com\/product\/yoast-seo-premium-wordpress\/ -->\n<title>O nou\u0103 autostrad\u0103 \u00een Rom\u00e2nia: Bucure\u0219ti-Giurgiu - Buletin de Bucure\u0219ti<\/title>\n<meta name=\"description\" content=\"O nou\u0103 autostrad\u0103 \u00een Rom\u00e2nia: caietul de sarcini pentru Bucure\u0219ti-Giurgiu va fi lansat \u00een consultare public\u0103 s\u0103pt\u0103m\u00e2na viitoare.\" \/>\n<meta name=\"robots\" content=\"index, follow, max-snippet:-1, max-image-preview:large, max-video-preview:-1\" \/>\n<link rel=\"canonical\" href=\"https:\/\/buletin.de\/bucuresti\/o-noua-autostrada-in-romania-bucuresti-giurgiu\/\" \/>\n<meta property=\"og:locale\" content=\"en_GB\" \/>\n<meta property=\"og:type\" content=\"article\" \/>\n<meta property=\"og:title\" content=\"O nou\u0103 autostrad\u0103 \u00een Rom\u00e2nia: Bucure\u0219ti-Giurgiu\" \/>\n<meta property=\"og:description\" content=\"O nou\u0103 autostrad\u0103 \u00een Rom\u00e2nia: caietul de sarcini pentru Bucure\u0219ti-Giurgiu va fi lansat \u00een consultare public\u0103 s\u0103pt\u0103m\u00e2na viitoare.\" \/>\n<meta property=\"og:url\" content=\"https:\/\/buletin.de\/bucuresti\/o-noua-autostrada-in-romania-bucuresti-giurgiu\/\" \/>\n<meta property=\"og:site_name\" content=\"Buletin de Bucure\u0219ti\" \/>\n<meta property=\"article:publisher\" content=\"https:\/\/www.facebook.com\/buletin.de.buc\" \/>\n<meta property=\"article:published_time\" content=\"2024-07-21T17:08:06+00:00\" \/>\n<meta property=\"article:modified_time\" content=\"2024-07-21T17:09:46+00:00\" \/>\n<meta property=\"og:image\" content=\"https:\/\/buletin.de\/bucuresti\/wp-content\/uploads\/o-noua-autostrada.webp\" \/>\n\t<meta property=\"og:image:width\" content=\"1197\" \/>\n\t<meta property=\"og:image:height\" content=\"750\" \/>\n\t<meta property=\"og:image:type\" content=\"image\/webp\" \/>\n<meta name=\"author\" content=\"Redac\u021bia Buletin de Bucure\u0219ti\" \/>\n<meta name=\"twitter:card\" content=\"summary_large_image\" \/>\n<meta name=\"twitter:label1\" content=\"Written by\" \/>\n\t<meta name=\"twitter:data1\" content=\"Redac\u021bia Buletin de Bucure\u0219ti\" \/>\n\t<meta name=\"twitter:label2\" content=\"Estimated reading time\" \/>\n\t<meta name=\"twitter:data2\" content=\"2 minutes\" \/>\n<script type=\"application\/ld+json\" class=\"yoast-schema-graph\">{\"@context\":\"https:\\\/\\\/schema.org\",\"@graph\":[{\"@type\":\"Article\",\"@id\":\"https:\\\/\\\/buletin.de\\\/bucuresti\\\/o-noua-autostrada-in-romania-bucuresti-giurgiu\\\/#article\",\"isPartOf\":{\"@id\":\"https:\\\/\\\/buletin.de\\\/bucuresti\\\/o-noua-autostrada-in-romania-bucuresti-giurgiu\\\/\"},\"author\":{\"name\":\"Redac\u021bia Buletin de Bucure\u0219ti\",\"@id\":\"https:\\\/\\\/buletin.de\\\/bucuresti\\\/#\\\/schema\\\/person\\\/2bbcf854e5f2419a13804af574d06ab1\"},\"headline\":\"O nou\u0103 autostrad\u0103 \u00een Rom\u00e2nia: Bucure\u0219ti-Giurgiu\",\"datePublished\":\"2024-07-21T17:08:06+00:00\",\"dateModified\":\"2024-07-21T17:09:46+00:00\",\"mainEntityOfPage\":{\"@id\":\"https:\\\/\\\/buletin.de\\\/bucuresti\\\/o-noua-autostrada-in-romania-bucuresti-giurgiu\\\/\"},\"wordCount\":371,\"publisher\":{\"@id\":\"https:\\\/\\\/buletin.de\\\/bucuresti\\\/#organization\"},\"image\":{\"@id\":\"https:\\\/\\\/buletin.de\\\/bucuresti\\\/o-noua-autostrada-in-romania-bucuresti-giurgiu\\\/#primaryimage\"},\"thumbnailUrl\":\"https:\\\/\\\/buletin.de\\\/bucuresti\\\/wp-content\\\/uploads\\\/o-noua-autostrada.webp\",\"keywords\":[\"autostrada\",\"Bucuresti-Giurgiu\",\"cnair\",\"drum expres\"],\"articleSection\":[\"Articole\",\"Main\"],\"inLanguage\":\"en-GB\",\"copyrightYear\":\"2024\",\"copyrightHolder\":{\"@id\":\"https:\\\/\\\/buletin.de\\\/bucuresti\\\/#organization\"}},{\"@type\":\"WebPage\",\"@id\":\"https:\\\/\\\/buletin.de\\\/bucuresti\\\/o-noua-autostrada-in-romania-bucuresti-giurgiu\\\/\",\"url\":\"https:\\\/\\\/buletin.de\\\/bucuresti\\\/o-noua-autostrada-in-romania-bucuresti-giurgiu\\\/\",\"name\":\"O nou\u0103 autostrad\u0103 \u00een Rom\u00e2nia: Bucure\u0219ti-Giurgiu - Buletin de Bucure\u0219ti\",\"isPartOf\":{\"@id\":\"https:\\\/\\\/buletin.de\\\/bucuresti\\\/#website\"},\"primaryImageOfPage\":{\"@id\":\"https:\\\/\\\/buletin.de\\\/bucuresti\\\/o-noua-autostrada-in-romania-bucuresti-giurgiu\\\/#primaryimage\"},\"image\":{\"@id\":\"https:\\\/\\\/buletin.de\\\/bucuresti\\\/o-noua-autostrada-in-romania-bucuresti-giurgiu\\\/#primaryimage\"},\"thumbnailUrl\":\"https:\\\/\\\/buletin.de\\\/bucuresti\\\/wp-content\\\/uploads\\\/o-noua-autostrada.webp\",\"datePublished\":\"2024-07-21T17:08:06+00:00\",\"dateModified\":\"2024-07-21T17:09:46+00:00\",\"description\":\"O nou\u0103 autostrad\u0103 \u00een Rom\u00e2nia: caietul de sarcini pentru Bucure\u0219ti-Giurgiu va fi lansat \u00een consultare public\u0103 s\u0103pt\u0103m\u00e2na viitoare.\",\"breadcrumb\":{\"@id\":\"https:\\\/\\\/buletin.de\\\/bucuresti\\\/o-noua-autostrada-in-romania-bucuresti-giurgiu\\\/#breadcrumb\"},\"inLanguage\":\"en-GB\",\"potentialAction\":[{\"@type\":\"ReadAction\",\"target\":[\"https:\\\/\\\/buletin.de\\\/bucuresti\\\/o-noua-autostrada-in-romania-bucuresti-giurgiu\\\/\"]}]},{\"@type\":\"ImageObject\",\"inLanguage\":\"en-GB\",\"@id\":\"https:\\\/\\\/buletin.de\\\/bucuresti\\\/o-noua-autostrada-in-romania-bucuresti-giurgiu\\\/#primaryimage\",\"url\":\"https:\\\/\\\/buletin.de\\\/bucuresti\\\/wp-content\\\/uploads\\\/o-noua-autostrada.webp\",\"contentUrl\":\"https:\\\/\\\/buletin.de\\\/bucuresti\\\/wp-content\\\/uploads\\\/o-noua-autostrada.webp\",\"width\":1197,\"height\":750,\"caption\":\"O nou\u0103 autostrad\u0103 \u00een Rom\u00e2nia: Bucure\u0219ti-Giurgiu\"},{\"@type\":\"BreadcrumbList\",\"@id\":\"https:\\\/\\\/buletin.de\\\/bucuresti\\\/o-noua-autostrada-in-romania-bucuresti-giurgiu\\\/#breadcrumb\",\"itemListElement\":[{\"@type\":\"ListItem\",\"position\":1,\"name\":\"Acas\u0103\",\"item\":\"https:\\\/\\\/buletin.de\\\/bucuresti\\\/\"},{\"@type\":\"ListItem\",\"position\":2,\"name\":\"O nou\u0103 autostrad\u0103 \u00een Rom\u00e2nia: Bucure\u0219ti-Giurgiu\"}]},{\"@type\":\"WebSite\",\"@id\":\"https:\\\/\\\/buletin.de\\\/bucuresti\\\/#website\",\"url\":\"https:\\\/\\\/buletin.de\\\/bucuresti\\\/\",\"name\":\"Buletin de Bucure\u0219ti\",\"description\":\"\u0218tiri \u0219i investiga\u021bii esen\u021biale din capital\u0103\",\"publisher\":{\"@id\":\"https:\\\/\\\/buletin.de\\\/bucuresti\\\/#organization\"},\"potentialAction\":[{\"@type\":\"SearchAction\",\"target\":{\"@type\":\"EntryPoint\",\"urlTemplate\":\"https:\\\/\\\/buletin.de\\\/bucuresti\\\/?s={search_term_string}\"},\"query-input\":{\"@type\":\"PropertyValueSpecification\",\"valueRequired\":true,\"valueName\":\"search_term_string\"}}],\"inLanguage\":\"en-GB\"},{\"@type\":\"Organization\",\"@id\":\"https:\\\/\\\/buletin.de\\\/bucuresti\\\/#organization\",\"name\":\"Buletin de Bucure\u0219ti\",\"url\":\"https:\\\/\\\/buletin.de\\\/bucuresti\\\/\",\"logo\":{\"@type\":\"ImageObject\",\"inLanguage\":\"en-GB\",\"@id\":\"https:\\\/\\\/buletin.de\\\/bucuresti\\\/#\\\/schema\\\/logo\\\/image\\\/\",\"url\":\"https:\\\/\\\/buletin.de\\\/bucuresti\\\/wp-content\\\/uploads\\\/logo-bdb-full-wide-vernil-transparent.png\",\"contentUrl\":\"https:\\\/\\\/buletin.de\\\/bucuresti\\\/wp-content\\\/uploads\\\/logo-bdb-full-wide-vernil-transparent.png\",\"width\":1782,\"height\":626,\"caption\":\"Buletin de Bucure\u0219ti\"},\"image\":{\"@id\":\"https:\\\/\\\/buletin.de\\\/bucuresti\\\/#\\\/schema\\\/logo\\\/image\\\/\"},\"sameAs\":[\"https:\\\/\\\/www.facebook.com\\\/buletin.de.buc\",\"https:\\\/\\\/www.instagram.com\\\/buletinde.bucuresti\\\/\"]},{\"@type\":\"Person\",\"@id\":\"https:\\\/\\\/buletin.de\\\/bucuresti\\\/#\\\/schema\\\/person\\\/2bbcf854e5f2419a13804af574d06ab1\",\"name\":\"Redac\u021bia Buletin de Bucure\u0219ti\",\"image\":{\"@type\":\"ImageObject\",\"inLanguage\":\"en-GB\",\"@id\":\"https:\\\/\\\/secure.gravatar.com\\\/avatar\\\/18c5342381ed1a08620e6280424e3e5efc958618f5d67c522c9e44c1bc6f9226?s=96&d=monsterid&r=g60c7cd0ad92c68c049fcd4bb3504d609\",\"url\":\"https:\\\/\\\/secure.gravatar.com\\\/avatar\\\/18c5342381ed1a08620e6280424e3e5efc958618f5d67c522c9e44c1bc6f9226?s=96&d=monsterid&r=g\",\"contentUrl\":\"https:\\\/\\\/secure.gravatar.com\\\/avatar\\\/18c5342381ed1a08620e6280424e3e5efc958618f5d67c522c9e44c1bc6f9226?s=96&d=monsterid&r=g\",\"caption\":\"Redac\u021bia Buletin de Bucure\u0219ti\"},\"description\":\"Buletin de Bucure\u0219ti exist\u0103 din vara anului 2019.\",\"url\":\"https:\\\/\\\/buletin.de\\\/bucuresti\\\/author\\\/adminbuletin\\\/\"}]}<\/script>\n<!-- \/ Yoast SEO Premium plugin. -->","yoast_head_json":{"title":"O nou\u0103 autostrad\u0103 \u00een Rom\u00e2nia: Bucure\u0219ti-Giurgiu - Buletin de Bucure\u0219ti","description":"O nou\u0103 autostrad\u0103 \u00een Rom\u00e2nia: caietul de sarcini pentru Bucure\u0219ti-Giurgiu va fi lansat \u00een consultare public\u0103 s\u0103pt\u0103m\u00e2na viitoare.","robots":{"index":"index","follow":"follow","max-snippet":"max-snippet:-1","max-image-preview":"max-image-preview:large","max-video-preview":"max-video-preview:-1"},"canonical":"https:\/\/buletin.de\/bucuresti\/o-noua-autostrada-in-romania-bucuresti-giurgiu\/","og_locale":"en_GB","og_type":"article","og_title":"O nou\u0103 autostrad\u0103 \u00een Rom\u00e2nia: Bucure\u0219ti-Giurgiu","og_description":"O nou\u0103 autostrad\u0103 \u00een Rom\u00e2nia: caietul de sarcini pentru Bucure\u0219ti-Giurgiu va fi lansat \u00een consultare public\u0103 s\u0103pt\u0103m\u00e2na viitoare.","og_url":"https:\/\/buletin.de\/bucuresti\/o-noua-autostrada-in-romania-bucuresti-giurgiu\/","og_site_name":"Buletin de Bucure\u0219ti","article_publisher":"https:\/\/www.facebook.com\/buletin.de.buc","article_published_time":"2024-07-21T17:08:06+00:00","article_modified_time":"2024-07-21T17:09:46+00:00","og_image":[{"width":1197,"height":750,"url":"https:\/\/buletin.de\/bucuresti\/wp-content\/uploads\/o-noua-autostrada.webp","type":"image\/webp"}],"author":"Redac\u021bia Buletin de Bucure\u0219ti","twitter_card":"summary_large_image","twitter_misc":{"Written by":"Redac\u021bia Buletin de Bucure\u0219ti","Estimated reading time":"2 minutes"},"schema":{"@context":"https:\/\/schema.org","@graph":[{"@type":"Article","@id":"https:\/\/buletin.de\/bucuresti\/o-noua-autostrada-in-romania-bucuresti-giurgiu\/#article","isPartOf":{"@id":"https:\/\/buletin.de\/bucuresti\/o-noua-autostrada-in-romania-bucuresti-giurgiu\/"},"author":{"name":"Redac\u021bia Buletin de Bucure\u0219ti","@id":"https:\/\/buletin.de\/bucuresti\/#\/schema\/person\/2bbcf854e5f2419a13804af574d06ab1"},"headline":"O nou\u0103 autostrad\u0103 \u00een Rom\u00e2nia: Bucure\u0219ti-Giurgiu","datePublished":"2024-07-21T17:08:06+00:00","dateModified":"2024-07-21T17:09:46+00:00","mainEntityOfPage":{"@id":"https:\/\/buletin.de\/bucuresti\/o-noua-autostrada-in-romania-bucuresti-giurgiu\/"},"wordCount":371,"publisher":{"@id":"https:\/\/buletin.de\/bucuresti\/#organization"},"image":{"@id":"https:\/\/buletin.de\/bucuresti\/o-noua-autostrada-in-romania-bucuresti-giurgiu\/#primaryimage"},"thumbnailUrl":"https:\/\/buletin.de\/bucuresti\/wp-content\/uploads\/o-noua-autostrada.webp","keywords":["autostrada","Bucuresti-Giurgiu","cnair","drum expres"],"articleSection":["Articole","Main"],"inLanguage":"en-GB","copyrightYear":"2024","copyrightHolder":{"@id":"https:\/\/buletin.de\/bucuresti\/#organization"}},{"@type":"WebPage","@id":"https:\/\/buletin.de\/bucuresti\/o-noua-autostrada-in-romania-bucuresti-giurgiu\/","url":"https:\/\/buletin.de\/bucuresti\/o-noua-autostrada-in-romania-bucuresti-giurgiu\/","name":"O nou\u0103 autostrad\u0103 \u00een Rom\u00e2nia: Bucure\u0219ti-Giurgiu - Buletin de Bucure\u0219ti","isPartOf":{"@id":"https:\/\/buletin.de\/bucuresti\/#website"},"primaryImageOfPage":{"@id":"https:\/\/buletin.de\/bucuresti\/o-noua-autostrada-in-romania-bucuresti-giurgiu\/#primaryimage"},"image":{"@id":"https:\/\/buletin.de\/bucuresti\/o-noua-autostrada-in-romania-bucuresti-giurgiu\/#primaryimage"},"thumbnailUrl":"https:\/\/buletin.de\/bucuresti\/wp-content\/uploads\/o-noua-autostrada.webp","datePublished":"2024-07-21T17:08:06+00:00","dateModified":"2024-07-21T17:09:46+00:00","description":"O nou\u0103 autostrad\u0103 \u00een Rom\u00e2nia: caietul de sarcini pentru Bucure\u0219ti-Giurgiu va fi lansat \u00een consultare public\u0103 s\u0103pt\u0103m\u00e2na viitoare.","breadcrumb":{"@id":"https:\/\/buletin.de\/bucuresti\/o-noua-autostrada-in-romania-bucuresti-giurgiu\/#breadcrumb"},"inLanguage":"en-GB","potentialAction":[{"@type":"ReadAction","target":["https:\/\/buletin.de\/bucuresti\/o-noua-autostrada-in-romania-bucuresti-giurgiu\/"]}]},{"@type":"ImageObject","inLanguage":"en-GB","@id":"https:\/\/buletin.de\/bucuresti\/o-noua-autostrada-in-romania-bucuresti-giurgiu\/#primaryimage","url":"https:\/\/buletin.de\/bucuresti\/wp-content\/uploads\/o-noua-autostrada.webp","contentUrl":"https:\/\/buletin.de\/bucuresti\/wp-content\/uploads\/o-noua-autostrada.webp","width":1197,"height":750,"caption":"O nou\u0103 autostrad\u0103 \u00een Rom\u00e2nia: Bucure\u0219ti-Giurgiu"},{"@type":"BreadcrumbList","@id":"https:\/\/buletin.de\/bucuresti\/o-noua-autostrada-in-romania-bucuresti-giurgiu\/#breadcrumb","itemListElement":[{"@type":"ListItem","position":1,"name":"Acas\u0103","item":"https:\/\/buletin.de\/bucuresti\/"},{"@type":"ListItem","position":2,"name":"O nou\u0103 autostrad\u0103 \u00een Rom\u00e2nia: Bucure\u0219ti-Giurgiu"}]},{"@type":"WebSite","@id":"https:\/\/buletin.de\/bucuresti\/#website","url":"https:\/\/buletin.de\/bucuresti\/","name":"Buletin de Bucure\u0219ti","description":"\u0218tiri \u0219i investiga\u021bii esen\u021biale din capital\u0103","publisher":{"@id":"https:\/\/buletin.de\/bucuresti\/#organization"},"potentialAction":[{"@type":"SearchAction","target":{"@type":"EntryPoint","urlTemplate":"https:\/\/buletin.de\/bucuresti\/?s={search_term_string}"},"query-input":{"@type":"PropertyValueSpecification","valueRequired":true,"valueName":"search_term_string"}}],"inLanguage":"en-GB"},{"@type":"Organization","@id":"https:\/\/buletin.de\/bucuresti\/#organization","name":"Buletin de Bucure\u0219ti","url":"https:\/\/buletin.de\/bucuresti\/","logo":{"@type":"ImageObject","inLanguage":"en-GB","@id":"https:\/\/buletin.de\/bucuresti\/#\/schema\/logo\/image\/","url":"https:\/\/buletin.de\/bucuresti\/wp-content\/uploads\/logo-bdb-full-wide-vernil-transparent.png","contentUrl":"https:\/\/buletin.de\/bucuresti\/wp-content\/uploads\/logo-bdb-full-wide-vernil-transparent.png","width":1782,"height":626,"caption":"Buletin de Bucure\u0219ti"},"image":{"@id":"https:\/\/buletin.de\/bucuresti\/#\/schema\/logo\/image\/"},"sameAs":["https:\/\/www.facebook.com\/buletin.de.buc","https:\/\/www.instagram.com\/buletinde.bucuresti\/"]},{"@type":"Person","@id":"https:\/\/buletin.de\/bucuresti\/#\/schema\/person\/2bbcf854e5f2419a13804af574d06ab1","name":"Redac\u021bia Buletin de Bucure\u0219ti","image":{"@type":"ImageObject","inLanguage":"en-GB","@id":"https:\/\/secure.gravatar.com\/avatar\/18c5342381ed1a08620e6280424e3e5efc958618f5d67c522c9e44c1bc6f9226?s=96&d=monsterid&r=g60c7cd0ad92c68c049fcd4bb3504d609","url":"https:\/\/secure.gravatar.com\/avatar\/18c5342381ed1a08620e6280424e3e5efc958618f5d67c522c9e44c1bc6f9226?s=96&d=monsterid&r=g","contentUrl":"https:\/\/secure.gravatar.com\/avatar\/18c5342381ed1a08620e6280424e3e5efc958618f5d67c522c9e44c1bc6f9226?s=96&d=monsterid&r=g","caption":"Redac\u021bia Buletin de Bucure\u0219ti"},"description":"Buletin de Bucure\u0219ti exist\u0103 din vara anului 2019.","url":"https:\/\/buletin.de\/bucuresti\/author\/adminbuletin\/"}]}},"authors":[{"term_id":22583,"user_id":1,"is_guest":0,"slug":"adminbuletin","display_name":"Redac\u021bia Buletin de Bucure\u0219ti","avatar_url":"https:\/\/secure.gravatar.com\/avatar\/18c5342381ed1a08620e6280424e3e5efc958618f5d67c522c9e44c1bc6f9226?s=96&d=monsterid&r=g","0":null,"1":"","2":"","3":"","4":"","5":"","6":"","7":"","8":""}],"_links":{"self":[{"href":"https:\/\/buletin.de\/bucuresti\/wp-json\/wp\/v2\/posts\/91728","targetHints":{"allow":["GET"]}}],"collection":[{"href":"https:\/\/buletin.de\/bucuresti\/wp-json\/wp\/v2\/posts"}],"about":[{"href":"https:\/\/buletin.de\/bucuresti\/wp-json\/wp\/v2\/types\/post"}],"author":[{"embeddable":true,"href":"https:\/\/buletin.de\/bucuresti\/wp-json\/wp\/v2\/users\/1"}],"replies":[{"embeddable":true,"href":"https:\/\/buletin.de\/bucuresti\/wp-json\/wp\/v2\/comments?post=91728"}],"version-history":[{"count":2,"href":"https:\/\/buletin.de\/bucuresti\/wp-json\/wp\/v2\/posts\/91728\/revisions"}],"predecessor-version":[{"id":91732,"href":"https:\/\/buletin.de\/bucuresti\/wp-json\/wp\/v2\/posts\/91728\/revisions\/91732"}],"wp:featuredmedia":[{"embeddable":true,"href":"https:\/\/buletin.de\/bucuresti\/wp-json\/wp\/v2\/media\/91729"}],"wp:attachment":[{"href":"https:\/\/buletin.de\/bucuresti\/wp-json\/wp\/v2\/media?parent=91728"}],"wp:term":[{"taxonomy":"category","embeddable":true,"href":"https:\/\/buletin.de\/bucuresti\/wp-json\/wp\/v2\/categories?post=91728"},{"taxonomy":"post_tag","embeddable":true,"href":"https:\/\/buletin.de\/bucuresti\/wp-json\/wp\/v2\/tags?post=91728"},{"taxonomy":"author","embeddable":true,"href":"https:\/\/buletin.de\/bucuresti\/wp-json\/wp\/v2\/ppma_author?post=91728"}],"curies":[{"name":"wp","href":"https:\/\/api.w.org\/{rel}","templated":true}]}}